{"id":407448,"date":"2026-09-01T00:57:17","date_gmt":"2026-09-01T00:57:17","guid":{"rendered":"http:\/\/e30f637e-9c23-11f1-830e-1bd0122db338"},"modified":"2026-09-01T00:57:17","modified_gmt":"2026-09-01T00:57:17","slug":"incadivide-2026-el-everest-del-ultraciclismo-en-el-valle-sagrado-de-los-incas-en-peru","status":"publish","type":"post","link":"https:\/\/sarmiento24h.com\/?p=407448","title":{"rendered":"IncaDivide 2026: el Everest del ultraciclismo en el Valle Sagrado de los Incas en Per\u00fa"},"content":{"rendered":"<p>El IncaDivide regres\u00f3 tras siete a\u00f1os de ausencia; su \u00faltima edici\u00f3n fue en 2019, pero tras el Covid-19 qued\u00f3 fuera del calendario del BikingMan, el campeonato mundial de ultraciclismo.<\/p>\n<p>En esta ocasi\u00f3n, la etapa reina del campeonato retorn\u00f3 con m\u00e1s de 80 ciclistas que se desafiaron en la cordillera andina, ascendiendo incluso parte del Apu Ausangate, cuyo punto culminante termina a 6.372m de altura. En estas tierras se les llama Apu a los nevados sagrados. El regreso de una carrera de leyenda para celebrar los 10 a\u00f1os del campeonato.<\/p>\n<div class=\"m-em-image\">\n<figure class=\"m-item-image m-item-image--original m-item-image--has-caption\"> <picture class=\"a-picture a-picture--original\"><source type=\"image\/webp\" srcset=\"https:\/\/s.france24.com\/media\/display\/cb3ab5e6-9c23-11f1-941c-005056bf30b7\/w:246\/MAPA-INCADIVIDE.webp 246w, https:\/\/s.france24.com\/media\/display\/cb3ab5e6-9c23-11f1-941c-005056bf30b7\/w:388\/MAPA-INCADIVIDE.webp 388w, https:\/\/s.france24.com\/media\/display\/cb3ab5e6-9c23-11f1-941c-005056bf30b7\/w:720\/MAPA-INCADIVIDE.webp 720w, https:\/\/s.france24.com\/media\/display\/cb3ab5e6-9c23-11f1-941c-005056bf30b7\/w:980\/MAPA-INCADIVIDE.webp 980w\" sizes=\"(max-width: 1023px) calc(100vw - 32px), (min-width: 1024px) 850px\"><img fetchpriority=\"low\" decoding=\"async\" src=\"https:\/\/s.france24.com\/media\/display\/cb3ab5e6-9c23-11f1-941c-005056bf30b7\/w:980\/MAPA-INCADIVIDE.png\" srcset=\"https:\/\/s.france24.com\/media\/display\/cb3ab5e6-9c23-11f1-941c-005056bf30b7\/w:246\/MAPA-INCADIVIDE.png 246w, https:\/\/s.france24.com\/media\/display\/cb3ab5e6-9c23-11f1-941c-005056bf30b7\/w:388\/MAPA-INCADIVIDE.png 388w, https:\/\/s.france24.com\/media\/display\/cb3ab5e6-9c23-11f1-941c-005056bf30b7\/w:720\/MAPA-INCADIVIDE.png 720w, https:\/\/s.france24.com\/media\/display\/cb3ab5e6-9c23-11f1-941c-005056bf30b7\/w:980\/MAPA-INCADIVIDE.png 980w\" sizes=\"(max-width: 1023px) calc(100vw - 32px), (min-width: 1024px) 850px\" alt=\"Mapa del recorrido de 1200 km de la carrera de ultraciclismo Incadivide 2026 que se disputa en la regi\u00f3n de Cusco, Per\u00fa este mes de agosto de 2026.\" loading=\"lazy\" class=\"a-img \">\n<\/picture><figcaption class=\"a-figcaption\"> Mapa del recorrido de 1200 km de la carrera de ultraciclismo Incadivide 2026 que se disputa en la regi\u00f3n de Cusco, Per\u00fa este mes de agosto de 2026. \u00a9 Owaka LIve <\/figcaption><\/figure>\n<\/p><\/div>\n<p>La carrera se inici\u00f3 en Urubamba, la puerta del Valle Sagrado de los Incas en los Andes peruanos, a 2.875 m de altura. En avi\u00f3n primero hasta Cusco; se vuela sobre monta\u00f1as que parecen alcanzar e incluso ir m\u00e1s alto que las nubes. A lo lejos se divisa la cadena monta\u00f1osa con algunas cumbres algo nevadas. Luego, tras una hora y media por carretera, se llega a esta poblaci\u00f3n al pie del nevado Chic\u00f3n.<\/p>\n<h2><strong>Un pr\u00f3logo para probar el estado f\u00edsico antes de la salida<\/strong><\/h2>\n<p>Una de las mayores dificultades fue adaptarse a la altitud. Entre los participantes, varios son originarios de Chile, Ecuador y Per\u00fa, lo cual les facilita un poco la tarea. Entre m\u00e1s alto se asciende, m\u00e1s gl\u00f3bulos rojos se necesitan porque comienza a faltar el ox\u00edgeno. Se estima, adem\u00e1s, que por cada 1.000 metros de altitud, se pierde un 10% de capacidad de esfuerzo. De ah\u00ed que el ritmo de la carrera lo imponga la monta\u00f1a y no cada corredor, explica Axel Carion, fundador de BikingMan.<\/p>\n<p>Varios de los participantes, en especial los europeos, llegaron hasta una semana antes de la salida para adaptarse a la altura, pero tambi\u00e9n al clima del invierno peruano. En estas alturas, la temperatura llega a quedar por debajo de cero. En esta edici\u00f3n, incluso, los competidores enfrentaron una tormenta de nieve que frustr\u00f3 su ilusi\u00f3n en un tramo del recorrido.<\/p>\n<div class=\"m-em-video\">\n<div class=\"o-video-player o-video-player--9x16\" data-media-video-wbmz416714-f24-es-20260901 data-show-hidden-video-player=\"WBMZ416714-F24-ES-20260901\" data-wrapper-video-player data-youtube-script>\n<div class=\"o-em-consent \" readability=\"7\">\n<div class=\"o-em-consent__content\" readability=\"34\">\n<p class=\"o-em-consent__content__text\">Para mostrar este contenido de YouTube, debe autorizar las cookies de medici\u00f3n de audiencia y publicidad.<\/p>\n<p> <button class=\"a-master-button a-master-button--dark\" data-action=\"accept\"> Aceptar <svg class=\"a-svg a-svg--icon-check\"> <use xlink:href=\"\/build\/images\/svg\/sprite.1af31c2f854b10d5fc5627a4f4fa61be.svg#icon-check\" href=\"\/build\/images\/svg\/sprite.1af31c2f854b10d5fc5627a4f4fa61be.svg#icon-check\" \/> <\/svg> <\/button> <button class=\"a-link\" data-action=\"manage\">Gestionar mis opciones <svg class=\"a-svg a-svg--icon-edit\"> <use xlink:href=\"\/build\/images\/svg\/sprite.1af31c2f854b10d5fc5627a4f4fa61be.svg#icon-edit\" href=\"\/build\/images\/svg\/sprite.1af31c2f854b10d5fc5627a4f4fa61be.svg#icon-edit\" \/> <\/svg><br \/>\n<\/button> <\/div>\n<\/div>\n<div class=\"o-em-adblock\" data-adblock-content readability=\"7\">\n<div class=\"o-em-adblock__content\" readability=\"34\">\n<p class=\"o-em-adblock__content__text\">Una extensi\u00f3n de tu navegador parece estar bloqueando la carga del reproductor de video. Para poder ver este contenido, debes desactivarla en este sitio.<\/p>\n<p> <button class=\"a-master-button a-master-button--dark\" data-action=\"reload\">Reintentar<\/button> <\/div>\n<\/div>\n<figure class=\"m-item-image m-item-image--9x16 m-item-image--has-caption\"> <picture class=\"a-picture a-picture--9x16\"><source type=\"image\/webp\" srcset=\"https:\/\/s.france24.com\/media\/display\/2bf0f884-a406-11f1-9ff0-005056bf30b7\/w:388\/p:9x16\/TORMENTA-DE-NIEVE-PERU.webp 388w, https:\/\/s.france24.com\/media\/display\/2bf0f884-a406-11f1-9ff0-005056bf30b7\/w:720\/p:9x16\/TORMENTA-DE-NIEVE-PERU.webp 720w, https:\/\/s.france24.com\/media\/display\/2bf0f884-a406-11f1-9ff0-005056bf30b7\/w:1024\/p:9x16\/TORMENTA-DE-NIEVE-PERU.webp 1024w\" sizes=\"(max-width: 639px) calc(100vw - 32px), (max-width: 1076px) calc(100vw - 44px), 850px\"><img fetchpriority=\"high\" decoding=\"auto\" src=\"https:\/\/s.france24.com\/media\/display\/2bf0f884-a406-11f1-9ff0-005056bf30b7\/w:1024\/p:9x16\/TORMENTA-DE-NIEVE-PERU.png\" srcset=\"https:\/\/s.france24.com\/media\/display\/2bf0f884-a406-11f1-9ff0-005056bf30b7\/w:388\/p:9x16\/TORMENTA-DE-NIEVE-PERU.png 388w, https:\/\/s.france24.com\/media\/display\/2bf0f884-a406-11f1-9ff0-005056bf30b7\/w:720\/p:9x16\/TORMENTA-DE-NIEVE-PERU.png 720w, https:\/\/s.france24.com\/media\/display\/2bf0f884-a406-11f1-9ff0-005056bf30b7\/w:1024\/p:9x16\/TORMENTA-DE-NIEVE-PERU.png 1024w\" sizes=\"(max-width: 639px) calc(100vw - 32px), (max-width: 1076px) calc(100vw - 44px), 850px\" width=\"1024\" height=\"1820\" alt=\"IncaDivide 2026: Tormenta de nieve en los Andres peruanos frustra trazado de la competici\u00f3n\" loading=\"eager\" class=\"a-img \">\n<\/picture><figcaption class=\"a-figcaption\"> Imagen de portada: IncaDivide 2026: Tormenta de nieve en los Andres peruanos frustra trazado de la competici\u00f3n \u00a9 France 24 <\/figcaption><\/figure>\n<\/p><\/div>\n<\/div>\n<p>Entre los participantes, provenientes de nueve pa\u00edses del mundo, seis eran mujeres solas, 69 hombres y seis parejas (dos mixtas y cuatro masculinas). Una amplia lista en la que se mezclaron deportistas amateurs con exciclistas profesionales, como Pierre Rolland, corredor franc\u00e9s de 39 a\u00f1os ya retirado y ganador de dos etapas del Tour de Francia, o Edwige Pitel, de 59 a\u00f1os y figura emblem\u00e1tica del ciclismo de ruta franc\u00e9s.<\/p>\n<p>Esta es la primera vez que Rolland se med\u00eda a los Andes, pero no a una etapa del BikingMan, porque a finales de marzo pasado se proclam\u00f3 vencedor de la prueba de Serra Geral, en Brasil.&nbsp;<\/p>\n<div class=\"m-em-image\">\n<figure class=\"m-item-image m-item-image--original m-item-image--has-caption\"> <picture class=\"a-picture a-picture--original\"><source type=\"image\/webp\" srcset=\"https:\/\/s.france24.com\/media\/display\/121e88ae-9c22-11f1-abf1-005056bf30b7\/w:246\/PROLOGO.webp 246w, https:\/\/s.france24.com\/media\/display\/121e88ae-9c22-11f1-abf1-005056bf30b7\/w:388\/PROLOGO.webp 388w, https:\/\/s.france24.com\/media\/display\/121e88ae-9c22-11f1-abf1-005056bf30b7\/w:720\/PROLOGO.webp 720w, https:\/\/s.france24.com\/media\/display\/121e88ae-9c22-11f1-abf1-005056bf30b7\/w:980\/PROLOGO.webp 980w\" sizes=\"(max-width: 1023px) calc(100vw - 32px), (min-width: 1024px) 850px\"><img fetchpriority=\"low\" decoding=\"async\" src=\"https:\/\/s.france24.com\/media\/display\/121e88ae-9c22-11f1-abf1-005056bf30b7\/w:980\/PROLOGO.jpg\" srcset=\"https:\/\/s.france24.com\/media\/display\/121e88ae-9c22-11f1-abf1-005056bf30b7\/w:246\/PROLOGO.jpg 246w, https:\/\/s.france24.com\/media\/display\/121e88ae-9c22-11f1-abf1-005056bf30b7\/w:388\/PROLOGO.jpg 388w, https:\/\/s.france24.com\/media\/display\/121e88ae-9c22-11f1-abf1-005056bf30b7\/w:720\/PROLOGO.jpg 720w, https:\/\/s.france24.com\/media\/display\/121e88ae-9c22-11f1-abf1-005056bf30b7\/w:980\/PROLOGO.jpg 980w\" sizes=\"(max-width: 1023px) calc(100vw - 32px), (min-width: 1024px) 850px\" alt=\"Un grupo de participantes del IncaDivide durante el pr\u00f3logo en la regi\u00f3n de Cusco este 19 de agosto de 2026.\" loading=\"lazy\" class=\"a-img \">\n<\/picture><figcaption class=\"a-figcaption\"> Un grupo de participantes del IncaDivide durante el pr\u00f3logo en la regi\u00f3n de Cusco este 19 de agosto de 2026. \u00a9 BikingMan &#8211; David Saintyves <\/figcaption><\/figure>\n<\/p><\/div>\n<p>Teniendo en cuenta la importancia sagrada de estas monta\u00f1as, se organiz\u00f3 una ceremonia oficiada por un cham\u00e1n de Ollataytambo. Una manera de pedirles permiso a los Apus y que adem\u00e1s protejan a los corredores.<\/p>\n<p>Por primera vez se incluy\u00f3 en esta carrera un pr\u00f3logo de 110 km para terminar la adaptaci\u00f3n de los corredores. No hay cron\u00f3metro, pero a la llegada deb\u00edan llenar un cuestionario sobre c\u00f3mo se sintieron y pasar una toma de nivel de ox\u00edgeno en la sangre. Si la saturaci\u00f3n estaba por debajo de 90, no pod\u00edan salir a la prueba.<\/p>\n<p>La organizaci\u00f3n tuvo un protocolo de seguridad estricto para evitar que los ciclistas enfermaran por causa de la altura. Para ello, ten\u00edan dos c\u00e1maras hiperb\u00e1ricas que permiten, en caso de ser necesario, poner a una persona en una especie de caja en donde respira ox\u00edgeno puro.<\/p>\n<p>Tambi\u00e9n hab\u00eda una zona de paso restringido, justo antes de ascender a unos 5.200 metros de altura, pasando por el Apu Ausangate. Por all\u00ed solo se pod\u00eda pasar de 3 am a 10 am.&nbsp;<\/p>\n<h2><strong>La monta\u00f1a impuso el ritmo de carrera<\/strong><\/h2>\n<p>El inicio: eran las cinco de la ma\u00f1ana del 20 de agosto, una madrugada g\u00e9lida; los corredores poco durmieron. Llegaron hasta una hora antes de la partida para verificar la instalaci\u00f3n de un &#8216;tracker&#8217; que permite conocer en tiempo real en qu\u00e9 parte del trazado van.<\/p>\n<p>La salida se dio con sonido de campana y as\u00ed comenz\u00f3 esta esperada edici\u00f3n del IncaDivide. Desde el primer ascenso a 4.300 metros comenzaron las dificultades para los ultraciclistas que sufrieron por el fr\u00edo, pero una vez llegados a la cima, se vivieron momentos muy emotivos porque ya estar ah\u00ed es un logro. Tomaron algunas fotos y retomaron. Fue un d\u00eda arduo, con una bajada de pr\u00e1cticamente 100 kil\u00f3metros que comenz\u00f3 con monta\u00f1as nevadas y termin\u00f3 en Ocobamba, en la regi\u00f3n amaz\u00f3nica peruana. Cambios de altura y de temperatura y muchos pinchazos por ese descenso 100% en gravel, con piedras, agua y mosquitos.<\/p>\n<div class=\"m-em-image\">\n<figure class=\"m-item-image m-item-image--original m-item-image--has-caption\"> <picture class=\"a-picture a-picture--original\"><source type=\"image\/webp\" srcset=\"https:\/\/s.france24.com\/media\/display\/59a63c02-a40c-11f1-a618-005056bf30b7\/w:246\/DAVIDPHOTO-2026-08-22-20-18-43.webp 246w, https:\/\/s.france24.com\/media\/display\/59a63c02-a40c-11f1-a618-005056bf30b7\/w:388\/DAVIDPHOTO-2026-08-22-20-18-43.webp 388w, https:\/\/s.france24.com\/media\/display\/59a63c02-a40c-11f1-a618-005056bf30b7\/w:720\/DAVIDPHOTO-2026-08-22-20-18-43.webp 720w, https:\/\/s.france24.com\/media\/display\/59a63c02-a40c-11f1-a618-005056bf30b7\/w:980\/DAVIDPHOTO-2026-08-22-20-18-43.webp 980w\" sizes=\"(max-width: 1023px) calc(100vw - 32px), (min-width: 1024px) 850px\"><img fetchpriority=\"low\" decoding=\"async\" src=\"https:\/\/s.france24.com\/media\/display\/59a63c02-a40c-11f1-a618-005056bf30b7\/w:980\/DAVIDPHOTO-2026-08-22-20-18-43.jpg\" srcset=\"https:\/\/s.france24.com\/media\/display\/59a63c02-a40c-11f1-a618-005056bf30b7\/w:246\/DAVIDPHOTO-2026-08-22-20-18-43.jpg 246w, https:\/\/s.france24.com\/media\/display\/59a63c02-a40c-11f1-a618-005056bf30b7\/w:388\/DAVIDPHOTO-2026-08-22-20-18-43.jpg 388w, https:\/\/s.france24.com\/media\/display\/59a63c02-a40c-11f1-a618-005056bf30b7\/w:720\/DAVIDPHOTO-2026-08-22-20-18-43.jpg 720w, https:\/\/s.france24.com\/media\/display\/59a63c02-a40c-11f1-a618-005056bf30b7\/w:980\/DAVIDPHOTO-2026-08-22-20-18-43.jpg 980w\" sizes=\"(max-width: 1023px) calc(100vw - 32px), (min-width: 1024px) 850px\" alt=\"El peruano Rodney Soncco, uno de los favoritos del IncaDivide, en su paso por el nevado de Ausangate a 5.200 metros de altura.\" loading=\"lazy\" class=\"a-img \">\n<\/picture><figcaption class=\"a-figcaption\"> El peruano Rodney Soncco, uno de los favoritos del IncaDivide, en su paso por el nevado de Ausangate a 5.200 metros de altura. \u00a9 BikingMan &#8211; David Saintyves <\/figcaption><\/figure>\n<\/p><\/div>\n<p>La cima de esta competici\u00f3n fue el Nevado Ausangate y llegar a 5.200 metros, un gigante majestuoso que impon\u00eda miedo, vestido de blanco y que puso a prueba los pulmones y capacidades de los ultraciclistas.<\/p>\n<p>El primero en pasar por all\u00ed fue el franc\u00e9s Pierre Rolland, quien se encontr\u00f3 con unas pistas llenas de nieve y hielo, much\u00edsimo fr\u00edo, pero un paisaje que lo dej\u00f3 estupefacto. Luego pasaron los franceses Gregory Cassini y Laurianne Levasseur, campeones cada uno del BikingMan en a\u00f1os anteriores, as\u00ed como Franck Pencole.<\/p>\n<p>Pero las monta\u00f1as ten\u00edan otros planes. Se recibi\u00f3 una alerta de una fuerte nevada, de condiciones meteorol\u00f3gicas peligrosas. A la organizaci\u00f3n de la competici\u00f3n no le qued\u00f3 otra opci\u00f3n que modificar el trazado y suprimir el paso por Ausangate. Solo siete ultraciclistas pudieron hacer el esperado ascenso.<\/p>\n<p>Hubo algo de frustraci\u00f3n entre los corredores, tambi\u00e9n tristeza y pesar porque se perdieron un paisaje \u00fanico y le restaba a la experiencia. Pero la mayor\u00eda entendi\u00f3 que era lo mejor en t\u00e9rminos de seguridad, ya que algunos de los que pasaron por la cima se demoraron hasta 10 horas en realizar el paso en condiciones extremas.<\/p>\n<p>El descenso del Ausangate dio tambi\u00e9n mucho de que hablar a los pocos que pasaron por all\u00ed. Los paisajes eran de desierto lunar, monta\u00f1as nevadas, tierra negra, cielo estrellado, viento helado y ni una sola alma kil\u00f3metros a la redonda.<\/p>\n<p>A\u00fan quedaba mucho por ver y escalar, especialmente ese \u00faltimo ascenso antes de la regi\u00f3n de los lagos, habitada por alpacas, llamas y flamencos rosados. Ese tramo fue uno de los m\u00e1s dif\u00edciles porque cay\u00f3 nieve y lluvia y el fr\u00edo dej\u00f3 temblando a los organismos desgastados de los ultraciclistas.<\/p>\n<p>El corredor franc\u00e9s Benjamin Bodot cont\u00f3 c\u00f3mo un habitante lo vio en tan mal estado que lo llev\u00f3 a un hotel que conoc\u00eda; all\u00ed le pusieron una cobija gruesa sobre los hombros, le dieron un mate y lo sentaron frente al fuego. Dur\u00f3 m\u00e1s de quince minutos temblando de fr\u00edo y llorando.<\/p>\n<h2><strong>Pierre Rolland, ganador; la leyenda peruana Rodney Soncco fue segundo<\/strong><\/h2>\n<p>La victoria se jug\u00f3 finalmente entre el hombre del que todos hablaban y al que todos tem\u00edan, el peruano Rodney Soncco, de 37 a\u00f1os, y el franc\u00e9s Pierre Rolland. El oriundo de Urubamba hizo una remontada para enmarcar y tratar de alcanzar a Pierre Rolland, que se detuvo solo unas tres horas para dormir antes de enfrentar la \u00faltima parte de la carrera desde la laguna Pomacanchi hasta Cusco y luego descender a la meta. Soncco dijo a France 24 que hab\u00eda decidido no dormir durante 380 km.&nbsp;<\/p>\n<div class=\"m-em-image\">\n<figure class=\"m-item-image m-item-image--original m-item-image--has-caption\"> <picture class=\"a-picture a-picture--original\"><source type=\"image\/webp\" srcset=\"https:\/\/s.france24.com\/media\/display\/f1ba45d8-a40c-11f1-801b-005056a90284\/w:246\/HELOISAKOFFKEPHOTO-2026-08-23-16-25-51.webp 246w, https:\/\/s.france24.com\/media\/display\/f1ba45d8-a40c-11f1-801b-005056a90284\/w:388\/HELOISAKOFFKEPHOTO-2026-08-23-16-25-51.webp 388w, https:\/\/s.france24.com\/media\/display\/f1ba45d8-a40c-11f1-801b-005056a90284\/w:720\/HELOISAKOFFKEPHOTO-2026-08-23-16-25-51.webp 720w, https:\/\/s.france24.com\/media\/display\/f1ba45d8-a40c-11f1-801b-005056a90284\/w:980\/HELOISAKOFFKEPHOTO-2026-08-23-16-25-51.webp 980w\" sizes=\"(max-width: 1023px) calc(100vw - 32px), (min-width: 1024px) 850px\"><img fetchpriority=\"low\" decoding=\"async\" src=\"https:\/\/s.france24.com\/media\/display\/f1ba45d8-a40c-11f1-801b-005056a90284\/w:980\/HELOISAKOFFKEPHOTO-2026-08-23-16-25-51.jpg\" srcset=\"https:\/\/s.france24.com\/media\/display\/f1ba45d8-a40c-11f1-801b-005056a90284\/w:246\/HELOISAKOFFKEPHOTO-2026-08-23-16-25-51.jpg 246w, https:\/\/s.france24.com\/media\/display\/f1ba45d8-a40c-11f1-801b-005056a90284\/w:388\/HELOISAKOFFKEPHOTO-2026-08-23-16-25-51.jpg 388w, https:\/\/s.france24.com\/media\/display\/f1ba45d8-a40c-11f1-801b-005056a90284\/w:720\/HELOISAKOFFKEPHOTO-2026-08-23-16-25-51.jpg 720w, https:\/\/s.france24.com\/media\/display\/f1ba45d8-a40c-11f1-801b-005056a90284\/w:980\/HELOISAKOFFKEPHOTO-2026-08-23-16-25-51.jpg 980w\" sizes=\"(max-width: 1023px) calc(100vw - 32px), (min-width: 1024px) 850px\" alt=\"El franc\u00e9s Pierre Rolland, se coron\u00f3 campe\u00f3n del IncaDivide 2026. El exciclista profesional ha encontrado ultraciclismo un nuevo reto.\" loading=\"lazy\" class=\"a-img \">\n<\/picture><figcaption class=\"a-figcaption\"> El franc\u00e9s Pierre Rolland, se coron\u00f3 campe\u00f3n del IncaDivide 2026. El exciclista profesional ha encontrado ultraciclismo un nuevo reto. \u00a9 BikingMan &#8211; Heloisa Koffman <\/figcaption><\/figure>\n<\/p><\/div>\n<p>Sin embargo, el franc\u00e9s se qued\u00f3 con la victoria con un tiempo de 83 horas y un rostro profundamente marcado por el esfuerzo. Soncco fue segundo, con 85h55, y Gregory Cassini, tercero, con 92H. La primera mujer en cruzar la l\u00ednea de meta fue Laurianne Levasseur, en un tiempo de 97h45, ocupando la quinta plaza de la general.<\/p>\n<p>Entre los diez primeros de la general se contaron tres latinoamericanos, dos peruanos y un ecuatoriano. Entre los m\u00e1s de 80 participantes, 17 no terminaron la carrera, ya sea por cansancio, problemas de salud o incluso por accidentes en la v\u00eda.<\/p>\n<p>Los paisajes variados, la dificultad de las rutas, en su mayor\u00eda destapadas, as\u00ed como el fr\u00edo dejaron huella en los participantes, que esperan se anuncie una nueva aventura. Por ahora, la organizaci\u00f3n de BikingMan no ha anunciado para el pr\u00f3ximo a\u00f1o cu\u00e1l ser\u00e1 la etapa reina del campeonato. En el calendario queda una carrera m\u00e1s, el BikingMan Brasil, en la regi\u00f3n de Serra Geral, que arranca el 5 de octubre.<\/p>\n","protected":false},"excerpt":{"rendered":"<p>El IncaDivide regres\u00f3 tras siete a\u00f1os de&#46;&#46;&#46;<\/p>\n","protected":false},"author":1,"featured_media":407449,"comment_status":"closed","ping_status":"closed","sticky":false,"template":"","format":"standard","meta":{"_jetpack_newsletter_access":"","_jetpack_dont_email_post_to_subs":false,"_jetpack_newsletter_tier_id":0,"_jetpack_memberships_contains_paywalled_content":false,"_jetpack_feature_clip_id":0,"_jetpack_memberships_contains_paid_content":false,"footnotes":"","jetpack_publicize_message":"","jetpack_publicize_feature_enabled":true,"jetpack_social_post_already_shared":true,"jetpack_social_options":{"image_generator_settings":{"template":"highway","default_image_id":0,"font":"","enabled":false},"version":2},"jetpack_post_was_ever_published":false},"categories":[48,43],"tags":[],"class_list":["post-407448","post","type-post","status-publish","format-standard","has-post-thumbnail","hentry","category-deportes","category-internacionales"],"yoast_head":"<!-- This site is optimized with the Yoast SEO plugin v28.1 - https:\/\/yoast.com\/product\/yoast-seo-wordpress\/ -->\n<title>IncaDivide 2026: el Everest del ultraciclismo en el Valle Sagrado de los Incas en Per\u00fa - Sarmiento24h<\/title>\n<meta name=\"robots\" content=\"index, follow, max-snippet:-1, max-image-preview:large, max-video-preview:-1\" \/>\n<link rel=\"canonical\" href=\"https:\/\/sarmiento24h.com\/?p=407448\" \/>\n<meta property=\"og:locale\" content=\"es_ES\" \/>\n<meta property=\"og:type\" content=\"article\" \/>\n<meta property=\"og:title\" content=\"IncaDivide 2026: el Everest del ultraciclismo en el Valle Sagrado de los Incas en Per\u00fa - Sarmiento24h\" \/>\n<meta property=\"og:description\" content=\"El IncaDivide regres\u00f3 tras siete a\u00f1os de&#046;&#046;&#046;\" \/>\n<meta property=\"og:url\" content=\"https:\/\/sarmiento24h.com\/?p=407448\" \/>\n<meta property=\"og:site_name\" content=\"Sarmiento24h\" \/>\n<meta property=\"article:publisher\" content=\"https:\/\/facebook.com\/s24hnoticias\" \/>\n<meta property=\"article:published_time\" content=\"2026-09-01T00:57:17+00:00\" \/>\n<meta property=\"og:image\" content=\"https:\/\/s.france24.com\/media\/display\/cb3ab5e6-9c23-11f1-941c-005056bf30b7\/w:980\/MAPA-INCADIVIDE.png\" \/>\n<meta name=\"author\" content=\"sarmiento24h@gmail.com\" \/>\n<meta name=\"twitter:card\" content=\"summary_large_image\" \/>\n<meta name=\"twitter:creator\" content=\"@sarmiento24h\" \/>\n<meta name=\"twitter:site\" content=\"@sarmiento24h\" \/>\n<meta name=\"twitter:label1\" content=\"Escrito por\" \/>\n\t<meta name=\"twitter:data1\" content=\"sarmiento24h@gmail.com\" \/>\n\t<meta name=\"twitter:label2\" content=\"Tiempo de lectura\" \/>\n\t<meta name=\"twitter:data2\" content=\"8 minutos\" \/>\n<script type=\"application\/ld+json\" class=\"yoast-schema-graph\">{\"@context\":\"https:\\\/\\\/schema.org\",\"@graph\":[{\"@type\":\"Article\",\"@id\":\"https:\\\/\\\/sarmiento24h.com\\\/?p=407448#article\",\"isPartOf\":{\"@id\":\"https:\\\/\\\/sarmiento24h.com\\\/?p=407448\"},\"author\":{\"name\":\"sarmiento24h@gmail.com\",\"@id\":\"https:\\\/\\\/sarmiento24h.com\\\/#\\\/schema\\\/person\\\/d653a59725ad629a7e0429af7b939d4d\"},\"headline\":\"IncaDivide 2026: el Everest del ultraciclismo en el Valle Sagrado de los Incas en Per\u00fa\",\"datePublished\":\"2026-09-01T00:57:17+00:00\",\"mainEntityOfPage\":{\"@id\":\"https:\\\/\\\/sarmiento24h.com\\\/?p=407448\"},\"wordCount\":1616,\"publisher\":{\"@id\":\"https:\\\/\\\/sarmiento24h.com\\\/#organization\"},\"image\":{\"@id\":\"https:\\\/\\\/sarmiento24h.com\\\/?p=407448#primaryimage\"},\"thumbnailUrl\":\"https:\\\/\\\/sarmiento24h.com\\\/wp-content\\\/uploads\\\/2026\\\/09\\\/incadivide-2026-el-everest-del-ultraciclismo-en-el-valle-sagrado-de-los-incas-en-peru.png\",\"articleSection\":[\"Deportes\",\"Internacionales\"],\"inLanguage\":\"es\"},{\"@type\":\"WebPage\",\"@id\":\"https:\\\/\\\/sarmiento24h.com\\\/?p=407448\",\"url\":\"https:\\\/\\\/sarmiento24h.com\\\/?p=407448\",\"name\":\"IncaDivide 2026: el Everest del ultraciclismo en el Valle Sagrado de los Incas en Per\u00fa - Sarmiento24h\",\"isPartOf\":{\"@id\":\"https:\\\/\\\/sarmiento24h.com\\\/#website\"},\"primaryImageOfPage\":{\"@id\":\"https:\\\/\\\/sarmiento24h.com\\\/?p=407448#primaryimage\"},\"image\":{\"@id\":\"https:\\\/\\\/sarmiento24h.com\\\/?p=407448#primaryimage\"},\"thumbnailUrl\":\"https:\\\/\\\/sarmiento24h.com\\\/wp-content\\\/uploads\\\/2026\\\/09\\\/incadivide-2026-el-everest-del-ultraciclismo-en-el-valle-sagrado-de-los-incas-en-peru.png\",\"datePublished\":\"2026-09-01T00:57:17+00:00\",\"breadcrumb\":{\"@id\":\"https:\\\/\\\/sarmiento24h.com\\\/?p=407448#breadcrumb\"},\"inLanguage\":\"es\",\"potentialAction\":[{\"@type\":\"ReadAction\",\"target\":[\"https:\\\/\\\/sarmiento24h.com\\\/?p=407448\"]}]},{\"@type\":\"ImageObject\",\"inLanguage\":\"es\",\"@id\":\"https:\\\/\\\/sarmiento24h.com\\\/?p=407448#primaryimage\",\"url\":\"https:\\\/\\\/sarmiento24h.com\\\/wp-content\\\/uploads\\\/2026\\\/09\\\/incadivide-2026-el-everest-del-ultraciclismo-en-el-valle-sagrado-de-los-incas-en-peru.png\",\"contentUrl\":\"https:\\\/\\\/sarmiento24h.com\\\/wp-content\\\/uploads\\\/2026\\\/09\\\/incadivide-2026-el-everest-del-ultraciclismo-en-el-valle-sagrado-de-los-incas-en-peru.png\",\"width\":980,\"height\":691},{\"@type\":\"BreadcrumbList\",\"@id\":\"https:\\\/\\\/sarmiento24h.com\\\/?p=407448#breadcrumb\",\"itemListElement\":[{\"@type\":\"ListItem\",\"position\":1,\"name\":\"Home\",\"item\":\"https:\\\/\\\/sarmiento24h.com\\\/\"},{\"@type\":\"ListItem\",\"position\":2,\"name\":\"IncaDivide 2026: el Everest del ultraciclismo en el Valle Sagrado de los Incas en Per\u00fa\"}]},{\"@type\":\"WebSite\",\"@id\":\"https:\\\/\\\/sarmiento24h.com\\\/#website\",\"url\":\"https:\\\/\\\/sarmiento24h.com\\\/\",\"name\":\"Sarmiento24h\",\"description\":\"\",\"publisher\":{\"@id\":\"https:\\\/\\\/sarmiento24h.com\\\/#organization\"},\"potentialAction\":[{\"@type\":\"SearchAction\",\"target\":{\"@type\":\"EntryPoint\",\"urlTemplate\":\"https:\\\/\\\/sarmiento24h.com\\\/?s={search_term_string}\"},\"query-input\":{\"@type\":\"PropertyValueSpecification\",\"valueRequired\":true,\"valueName\":\"search_term_string\"}}],\"inLanguage\":\"es\"},{\"@type\":\"Organization\",\"@id\":\"https:\\\/\\\/sarmiento24h.com\\\/#organization\",\"name\":\"Sarmiento24h\",\"url\":\"https:\\\/\\\/sarmiento24h.com\\\/\",\"logo\":{\"@type\":\"ImageObject\",\"inLanguage\":\"es\",\"@id\":\"https:\\\/\\\/sarmiento24h.com\\\/#\\\/schema\\\/logo\\\/image\\\/\",\"url\":\"https:\\\/\\\/sarmiento24h.com\\\/wp-content\\\/uploads\\\/2025\\\/12\\\/AddText_12-16-10.30.52.jpg\",\"contentUrl\":\"https:\\\/\\\/sarmiento24h.com\\\/wp-content\\\/uploads\\\/2025\\\/12\\\/AddText_12-16-10.30.52.jpg\",\"width\":1220,\"height\":324,\"caption\":\"Sarmiento24h\"},\"image\":{\"@id\":\"https:\\\/\\\/sarmiento24h.com\\\/#\\\/schema\\\/logo\\\/image\\\/\"},\"sameAs\":[\"https:\\\/\\\/facebook.com\\\/s24hnoticias\",\"https:\\\/\\\/x.com\\\/sarmiento24h\"]},{\"@type\":\"Person\",\"@id\":\"https:\\\/\\\/sarmiento24h.com\\\/#\\\/schema\\\/person\\\/d653a59725ad629a7e0429af7b939d4d\",\"name\":\"sarmiento24h@gmail.com\",\"image\":{\"@type\":\"ImageObject\",\"inLanguage\":\"es\",\"@id\":\"https:\\\/\\\/sarmiento24h.com\\\/wp-content\\\/litespeed\\\/avatar\\\/d02cbc4e23c747e6659cd45907173c8f.jpg?ver=1788047690\",\"url\":\"https:\\\/\\\/sarmiento24h.com\\\/wp-content\\\/litespeed\\\/avatar\\\/d02cbc4e23c747e6659cd45907173c8f.jpg?ver=1788047690\",\"contentUrl\":\"https:\\\/\\\/sarmiento24h.com\\\/wp-content\\\/litespeed\\\/avatar\\\/d02cbc4e23c747e6659cd45907173c8f.jpg?ver=1788047690\",\"caption\":\"sarmiento24h@gmail.com\"},\"sameAs\":[\"https:\\\/\\\/sarmiento24h.com\"],\"url\":\"https:\\\/\\\/sarmiento24h.com\\\/?author=1\"}]}<\/script>\n<!-- \/ Yoast SEO plugin. -->","yoast_head_json":{"title":"IncaDivide 2026: el Everest del ultraciclismo en el Valle Sagrado de los Incas en Per\u00fa - Sarmiento24h","robots":{"index":"index","follow":"follow","max-snippet":"max-snippet:-1","max-image-preview":"max-image-preview:large","max-video-preview":"max-video-preview:-1"},"canonical":"https:\/\/sarmiento24h.com\/?p=407448","og_locale":"es_ES","og_type":"article","og_title":"IncaDivide 2026: el Everest del ultraciclismo en el Valle Sagrado de los Incas en Per\u00fa - Sarmiento24h","og_description":"El IncaDivide regres\u00f3 tras siete a\u00f1os de&#46;&#46;&#46;","og_url":"https:\/\/sarmiento24h.com\/?p=407448","og_site_name":"Sarmiento24h","article_publisher":"https:\/\/facebook.com\/s24hnoticias","article_published_time":"2026-09-01T00:57:17+00:00","og_image":[{"url":"https:\/\/s.france24.com\/media\/display\/cb3ab5e6-9c23-11f1-941c-005056bf30b7\/w:980\/MAPA-INCADIVIDE.png","type":"","width":"","height":""}],"author":"sarmiento24h@gmail.com","twitter_card":"summary_large_image","twitter_creator":"@sarmiento24h","twitter_site":"@sarmiento24h","twitter_misc":{"Escrito por":"sarmiento24h@gmail.com","Tiempo de lectura":"8 minutos"},"schema":{"@context":"https:\/\/schema.org","@graph":[{"@type":"Article","@id":"https:\/\/sarmiento24h.com\/?p=407448#article","isPartOf":{"@id":"https:\/\/sarmiento24h.com\/?p=407448"},"author":{"name":"sarmiento24h@gmail.com","@id":"https:\/\/sarmiento24h.com\/#\/schema\/person\/d653a59725ad629a7e0429af7b939d4d"},"headline":"IncaDivide 2026: el Everest del ultraciclismo en el Valle Sagrado de los Incas en Per\u00fa","datePublished":"2026-09-01T00:57:17+00:00","mainEntityOfPage":{"@id":"https:\/\/sarmiento24h.com\/?p=407448"},"wordCount":1616,"publisher":{"@id":"https:\/\/sarmiento24h.com\/#organization"},"image":{"@id":"https:\/\/sarmiento24h.com\/?p=407448#primaryimage"},"thumbnailUrl":"https:\/\/sarmiento24h.com\/wp-content\/uploads\/2026\/09\/incadivide-2026-el-everest-del-ultraciclismo-en-el-valle-sagrado-de-los-incas-en-peru.png","articleSection":["Deportes","Internacionales"],"inLanguage":"es"},{"@type":"WebPage","@id":"https:\/\/sarmiento24h.com\/?p=407448","url":"https:\/\/sarmiento24h.com\/?p=407448","name":"IncaDivide 2026: el Everest del ultraciclismo en el Valle Sagrado de los Incas en Per\u00fa - Sarmiento24h","isPartOf":{"@id":"https:\/\/sarmiento24h.com\/#website"},"primaryImageOfPage":{"@id":"https:\/\/sarmiento24h.com\/?p=407448#primaryimage"},"image":{"@id":"https:\/\/sarmiento24h.com\/?p=407448#primaryimage"},"thumbnailUrl":"https:\/\/sarmiento24h.com\/wp-content\/uploads\/2026\/09\/incadivide-2026-el-everest-del-ultraciclismo-en-el-valle-sagrado-de-los-incas-en-peru.png","datePublished":"2026-09-01T00:57:17+00:00","breadcrumb":{"@id":"https:\/\/sarmiento24h.com\/?p=407448#breadcrumb"},"inLanguage":"es","potentialAction":[{"@type":"ReadAction","target":["https:\/\/sarmiento24h.com\/?p=407448"]}]},{"@type":"ImageObject","inLanguage":"es","@id":"https:\/\/sarmiento24h.com\/?p=407448#primaryimage","url":"https:\/\/sarmiento24h.com\/wp-content\/uploads\/2026\/09\/incadivide-2026-el-everest-del-ultraciclismo-en-el-valle-sagrado-de-los-incas-en-peru.png","contentUrl":"https:\/\/sarmiento24h.com\/wp-content\/uploads\/2026\/09\/incadivide-2026-el-everest-del-ultraciclismo-en-el-valle-sagrado-de-los-incas-en-peru.png","width":980,"height":691},{"@type":"BreadcrumbList","@id":"https:\/\/sarmiento24h.com\/?p=407448#breadcrumb","itemListElement":[{"@type":"ListItem","position":1,"name":"Home","item":"https:\/\/sarmiento24h.com\/"},{"@type":"ListItem","position":2,"name":"IncaDivide 2026: el Everest del ultraciclismo en el Valle Sagrado de los Incas en Per\u00fa"}]},{"@type":"WebSite","@id":"https:\/\/sarmiento24h.com\/#website","url":"https:\/\/sarmiento24h.com\/","name":"Sarmiento24h","description":"","publisher":{"@id":"https:\/\/sarmiento24h.com\/#organization"},"potentialAction":[{"@type":"SearchAction","target":{"@type":"EntryPoint","urlTemplate":"https:\/\/sarmiento24h.com\/?s={search_term_string}"},"query-input":{"@type":"PropertyValueSpecification","valueRequired":true,"valueName":"search_term_string"}}],"inLanguage":"es"},{"@type":"Organization","@id":"https:\/\/sarmiento24h.com\/#organization","name":"Sarmiento24h","url":"https:\/\/sarmiento24h.com\/","logo":{"@type":"ImageObject","inLanguage":"es","@id":"https:\/\/sarmiento24h.com\/#\/schema\/logo\/image\/","url":"https:\/\/sarmiento24h.com\/wp-content\/uploads\/2025\/12\/AddText_12-16-10.30.52.jpg","contentUrl":"https:\/\/sarmiento24h.com\/wp-content\/uploads\/2025\/12\/AddText_12-16-10.30.52.jpg","width":1220,"height":324,"caption":"Sarmiento24h"},"image":{"@id":"https:\/\/sarmiento24h.com\/#\/schema\/logo\/image\/"},"sameAs":["https:\/\/facebook.com\/s24hnoticias","https:\/\/x.com\/sarmiento24h"]},{"@type":"Person","@id":"https:\/\/sarmiento24h.com\/#\/schema\/person\/d653a59725ad629a7e0429af7b939d4d","name":"sarmiento24h@gmail.com","image":{"@type":"ImageObject","inLanguage":"es","@id":"https:\/\/sarmiento24h.com\/wp-content\/litespeed\/avatar\/d02cbc4e23c747e6659cd45907173c8f.jpg?ver=1788047690","url":"https:\/\/sarmiento24h.com\/wp-content\/litespeed\/avatar\/d02cbc4e23c747e6659cd45907173c8f.jpg?ver=1788047690","contentUrl":"https:\/\/sarmiento24h.com\/wp-content\/litespeed\/avatar\/d02cbc4e23c747e6659cd45907173c8f.jpg?ver=1788047690","caption":"sarmiento24h@gmail.com"},"sameAs":["https:\/\/sarmiento24h.com"],"url":"https:\/\/sarmiento24h.com\/?author=1"}]}},"jetpack_publicize_connections":[],"jetpack_featured_media_url":"https:\/\/sarmiento24h.com\/wp-content\/uploads\/2026\/09\/incadivide-2026-el-everest-del-ultraciclismo-en-el-valle-sagrado-de-los-incas-en-peru.png","jetpack_sharing_enabled":true,"_links":{"self":[{"href":"https:\/\/sarmiento24h.com\/index.php?rest_route=\/wp\/v2\/posts\/407448","targetHints":{"allow":["GET"]}}],"collection":[{"href":"https:\/\/sarmiento24h.com\/index.php?rest_route=\/wp\/v2\/posts"}],"about":[{"href":"https:\/\/sarmiento24h.com\/index.php?rest_route=\/wp\/v2\/types\/post"}],"author":[{"embeddable":true,"href":"https:\/\/sarmiento24h.com\/index.php?rest_route=\/wp\/v2\/users\/1"}],"replies":[{"embeddable":true,"href":"https:\/\/sarmiento24h.com\/index.php?rest_route=%2Fwp%2Fv2%2Fcomments&post=407448"}],"version-history":[{"count":0,"href":"https:\/\/sarmiento24h.com\/index.php?rest_route=\/wp\/v2\/posts\/407448\/revisions"}],"wp:featuredmedia":[{"embeddable":true,"href":"https:\/\/sarmiento24h.com\/index.php?rest_route=\/wp\/v2\/media\/407449"}],"wp:attachment":[{"href":"https:\/\/sarmiento24h.com\/index.php?rest_route=%2Fwp%2Fv2%2Fmedia&parent=407448"}],"wp:term":[{"taxonomy":"category","embeddable":true,"href":"https:\/\/sarmiento24h.com\/index.php?rest_route=%2Fwp%2Fv2%2Fcategories&post=407448"},{"taxonomy":"post_tag","embeddable":true,"href":"https:\/\/sarmiento24h.com\/index.php?rest_route=%2Fwp%2Fv2%2Ftags&post=407448"}],"curies":[{"name":"wp","href":"https:\/\/api.w.org\/{rel}","templated":true}]}}