{"id":407521,"date":"2026-09-01T01:57:20","date_gmt":"2026-09-01T01:57:20","guid":{"rendered":"http:\/\/bfc82658-a5a1-11f1-a471-a17c70feb832"},"modified":"2026-09-01T01:57:20","modified_gmt":"2026-09-01T01:57:20","slug":"la-union-europea-suspende-las-importaciones-de-carne-de-brasil-por-razones-sanitarias","status":"publish","type":"post","link":"https:\/\/sarmiento24h.com\/?p=407521","title":{"rendered":"La Uni\u00f3n Europea suspende las importaciones de carne de Brasil por razones sanitarias"},"content":{"rendered":"<p> El bloque comunitario dijo \u201cno\u201d a las importaciones de carne de vacuno y aves de corral procedentes de Brasil por incumplimientos de sus normas sanitarias sobre el uso de antibi\u00f3ticos. La medida llega despu\u00e9s de que las compras europeas de carne bovina brasile\u00f1a aumentaran 36% en 2025, hasta casi 120.000 toneladas. <\/p>\n<div readability=\"124.74659826009\">\n<p>A partir del jueves 3 de septiembre las importaciones de carne de vacuno y aves de corral procedentes de <a href=\"https:\/\/www.france24.com\/es\/tag\/brasil\/\" target=\"_self\">Brasil<\/a> no ser\u00e1n bienvenidas en los 27 pa\u00edses de la Uni\u00f3n Europea (UE), luego de determinar que el pa\u00eds no ofrece garant\u00edas suficientes sobre el cumplimiento de las normas sanitarias del bloque, particularmente las relacionadas con el uso intensivo de antibi\u00f3ticos en la producci\u00f3n ganadera.<\/p>\n<p>La decisi\u00f3n fue anunciada por la Comisi\u00f3n Europea, que se\u00f1al\u00f3 que Brasil fue retirado en mayo de una lista de pa\u00edses que cumplen las reglas comunitarias sobre el uso de estos medicamentos.&nbsp;<\/p>\n<p>La medida se produce adem\u00e1s en un momento de presi\u00f3n sobre el sector ganadero europeo, tras la firma del acuerdo comercial entre la Uni\u00f3n Europea y el Mercosur, integrado por Argentina, Brasil, Paraguay, Uruguay y la reci\u00e9n a\u00f1adida, Bolivia.<\/p>\n<p class=\"a-read-more\"><span class=\"a-read-more__label\">Leer tambi\u00e9n<\/span><a href=\"https:\/\/www.france24.com\/es\/programas\/econom\u00eda\/20260828-brasil-llega-con-un-as-bajo-la-manga-a-las-conversaciones-comerciales-con-estados-unidos\" target=\"_self\" class=\"a-read-more__link\">Brasil llega con un as bajo la manga a las conversaciones comerciales con Estados Unidos &#8211; Econom\u00eda &#8211; France 24<\/a><\/p>\n<p>Bruselas sostiene que Brasil todav\u00eda no ha proporcionado las garant\u00edas necesarias para demostrar que sus productos cumplen con los requisitos europeos.&nbsp;<\/p>\n<p>La Comisi\u00f3n Europea, sin embargo, calific\u00f3 a Brasil como un socio importante y asegur\u00f3 que trabaja con las autoridades del pa\u00eds para resolver las diferencias y dio esperanza de que las exportaciones podr\u00e1n reanudarse una vez que se demuestre el cumplimiento de las normas sanitarias.<\/p>\n<h2><strong>Productos brasile\u00f1os en Europa<\/strong><\/h2>\n<p>La suspensi\u00f3n tambi\u00e9n incluye los huevos y la miel brasile\u00f1os. En el caso de la carne de aves y la miel, una auditor\u00eda europea est\u00e1 en curso y sus resultados podr\u00edan permitir que las importaciones vuelvan a autorizarse en las pr\u00f3ximas semanas. Para la carne de vacuno, el proceso podr\u00eda prolongarse debido a la duraci\u00f3n de los ciclos de producci\u00f3n.<\/p>\n<p>La medida afecta a un mercado en el que Brasil ha aumentado de forma significativa su presencia durante los \u00faltimos a\u00f1os. Seg\u00fan los datos de la Comisi\u00f3n Europea, <strong>las importaciones de carne bovina brasile\u00f1a, sin incluir grasas, pasaron de 87.603 toneladas en 2024 a 119.779 toneladas en 2025.<\/strong><\/p>\n<div class=\"m-em-image\">\n<figure class=\"m-item-image m-item-image--original m-item-image--has-caption\"> <picture class=\"a-picture a-picture--original\"><source type=\"image\/webp\" srcset=\"https:\/\/s.france24.com\/media\/display\/68e498d0-a5a1-11f1-9f95-005056a90284\/w:246\/WEB-IVS-ECO-31AGO-IMPORTACIONES-CARNE-UE-00308.webp 246w, https:\/\/s.france24.com\/media\/display\/68e498d0-a5a1-11f1-9f95-005056a90284\/w:388\/WEB-IVS-ECO-31AGO-IMPORTACIONES-CARNE-UE-00308.webp 388w, https:\/\/s.france24.com\/media\/display\/68e498d0-a5a1-11f1-9f95-005056a90284\/w:720\/WEB-IVS-ECO-31AGO-IMPORTACIONES-CARNE-UE-00308.webp 720w, https:\/\/s.france24.com\/media\/display\/68e498d0-a5a1-11f1-9f95-005056a90284\/w:980\/WEB-IVS-ECO-31AGO-IMPORTACIONES-CARNE-UE-00308.webp 980w\" sizes=\"(max-width: 1023px) calc(100vw - 32px), (min-width: 1024px) 850px\"><img fetchpriority=\"low\" decoding=\"async\" src=\"https:\/\/s.france24.com\/media\/display\/68e498d0-a5a1-11f1-9f95-005056a90284\/w:980\/WEB-IVS-ECO-31AGO-IMPORTACIONES-CARNE-UE-00308.png\" srcset=\"https:\/\/s.france24.com\/media\/display\/68e498d0-a5a1-11f1-9f95-005056a90284\/w:246\/WEB-IVS-ECO-31AGO-IMPORTACIONES-CARNE-UE-00308.png 246w, https:\/\/s.france24.com\/media\/display\/68e498d0-a5a1-11f1-9f95-005056a90284\/w:388\/WEB-IVS-ECO-31AGO-IMPORTACIONES-CARNE-UE-00308.png 388w, https:\/\/s.france24.com\/media\/display\/68e498d0-a5a1-11f1-9f95-005056a90284\/w:720\/WEB-IVS-ECO-31AGO-IMPORTACIONES-CARNE-UE-00308.png 720w, https:\/\/s.france24.com\/media\/display\/68e498d0-a5a1-11f1-9f95-005056a90284\/w:980\/WEB-IVS-ECO-31AGO-IMPORTACIONES-CARNE-UE-00308.png 980w\" sizes=\"(max-width: 1023px) calc(100vw - 32px), (min-width: 1024px) 850px\" alt=\"Incremento en la importaci\u00f3n de carne vacuno a la Uni\u00f3n Europea.\" loading=\"lazy\" class=\"a-img \">\n<\/picture><figcaption class=\"a-figcaption\"> Incremento en la importaci\u00f3n de carne vacuno a la Uni\u00f3n Europea. \u00a9 france 24 espa\u00f1ol <\/figcaption><\/figure>\n<\/p><\/div>\n<p><strong>El incremento fue de 36,7% en un solo a\u00f1o, equivalente a unas 32.176 toneladas adicionales.<\/strong> De esta manera, Brasil se consolid\u00f3 como uno de los principales proveedores externos de carne de vacuno para el mercado europeo.<\/p>\n<p>La presencia brasile\u00f1a tambi\u00e9n es importante en el sector av\u00edcola. <strong>En 2025, la Uni\u00f3n Europea import\u00f3 alrededor de 265.081 toneladas de carne y productos av\u00edcolas procedentes de Brasil, aunque esta cifra represent\u00f3 una ca\u00edda de 7,6% frente a las 286.936 toneladas registradas en 2024.<\/strong> Aun as\u00ed, Brasil se mantuvo como el principal proveedor de productos av\u00edcolas del bloque por fuera de la Uni\u00f3n Europea.<\/p>\n<p class=\"a-read-more\"><span class=\"a-read-more__label\">Leer tambi\u00e9n<\/span><a href=\"https:\/\/www.france24.com\/es\/video\/20260703-fl\u00e1vio-bolsonaro-pide-cancelar-la-entrada-en-vigor-de-aranceles-de-ee-uu-a-brasil\" target=\"_self\" class=\"a-read-more__link\">Fl\u00e1vio Bolsonaro pide cancelar la entrada en vigor de aranceles de EE. UU. a Brasil &#8211; France 24<\/a><\/p>\n<p>En conjunto<strong>, las importaciones europeas de carne bovina y av\u00edcola brasile\u00f1a alcanzaron cerca de 385.000 toneladas durante 2025<\/strong>, al sumar las 119.779 toneladas de carne bovina y las 265.081 toneladas de productos av\u00edcolas.<\/p>\n<p>La importancia de Brasil tambi\u00e9n puede observarse al comparar sus exportaciones con el conjunto de proveedores externos de la UE. Brasil represent\u00f3 alrededor del <strong>25,5% de las compras de carne que realiza el bloque a pa\u00edses de fuera de la Uni\u00f3n Europea<\/strong>, solo por detr\u00e1s del Reino Unido, que tambi\u00e9n es un pa\u00eds europeo y tiene ventaja por la cercan\u00eda territorial.&nbsp;<\/p>\n<div class=\"m-em-image\">\n<figure class=\"m-item-image m-item-image--original m-item-image--has-caption\"> <picture class=\"a-picture a-picture--original\"><source type=\"image\/webp\" srcset=\"https:\/\/s.france24.com\/media\/display\/4d3f2b86-a5a1-11f1-810b-005056bf30b7\/w:246\/UNI%C3%93N-EUROPEA-IMPORTACI%C3%93N-CARNE-VACUNA.webp 246w, https:\/\/s.france24.com\/media\/display\/4d3f2b86-a5a1-11f1-810b-005056bf30b7\/w:388\/UNI%C3%93N-EUROPEA-IMPORTACI%C3%93N-CARNE-VACUNA.webp 388w, https:\/\/s.france24.com\/media\/display\/4d3f2b86-a5a1-11f1-810b-005056bf30b7\/w:720\/UNI%C3%93N-EUROPEA-IMPORTACI%C3%93N-CARNE-VACUNA.webp 720w, https:\/\/s.france24.com\/media\/display\/4d3f2b86-a5a1-11f1-810b-005056bf30b7\/w:980\/UNI%C3%93N-EUROPEA-IMPORTACI%C3%93N-CARNE-VACUNA.webp 980w\" sizes=\"(max-width: 1023px) calc(100vw - 32px), (min-width: 1024px) 850px\"><img fetchpriority=\"low\" decoding=\"async\" src=\"https:\/\/s.france24.com\/media\/display\/4d3f2b86-a5a1-11f1-810b-005056bf30b7\/w:980\/UNI%C3%93N-EUROPEA-IMPORTACI%C3%93N-CARNE-VACUNA.jpg\" srcset=\"https:\/\/s.france24.com\/media\/display\/4d3f2b86-a5a1-11f1-810b-005056bf30b7\/w:246\/UNI%C3%93N-EUROPEA-IMPORTACI%C3%93N-CARNE-VACUNA.jpg 246w, https:\/\/s.france24.com\/media\/display\/4d3f2b86-a5a1-11f1-810b-005056bf30b7\/w:388\/UNI%C3%93N-EUROPEA-IMPORTACI%C3%93N-CARNE-VACUNA.jpg 388w, https:\/\/s.france24.com\/media\/display\/4d3f2b86-a5a1-11f1-810b-005056bf30b7\/w:720\/UNI%C3%93N-EUROPEA-IMPORTACI%C3%93N-CARNE-VACUNA.jpg 720w, https:\/\/s.france24.com\/media\/display\/4d3f2b86-a5a1-11f1-810b-005056bf30b7\/w:980\/UNI%C3%93N-EUROPEA-IMPORTACI%C3%93N-CARNE-VACUNA.jpg 980w\" sizes=\"(max-width: 1023px) calc(100vw - 32px), (min-width: 1024px) 850px\" alt=\"Importaci\u00f3n de carne vacuno en la Uni\u00f3n Europea.\" loading=\"lazy\" class=\"a-img \">\n<\/picture><figcaption class=\"a-figcaption\"> Importaci\u00f3n de carne vacuno en la Uni\u00f3n Europea. \u00a9 france 24 espa\u00f1ol <\/figcaption><\/figure>\n<\/p><\/div>\n<h2><strong>Afecta m\u00e1s a Bruselas que a Brasilia<\/strong><\/h2>\n<p>Sin embargo, la dependencia es diferente desde la perspectiva brasile\u00f1a. De acuerdo con las cifras utilizadas para medir el comercio exterior del sector, alrededor del <strong>4% de la carne que Brasil exporta tiene como destino el mercado europeo<\/strong>, por lo que el pa\u00eds cuenta con otros mercados internacionales para colocar su producci\u00f3n.<\/p>\n<p>La decisi\u00f3n de Bruselas se produce adem\u00e1s meses despu\u00e9s de la entrada en vigor provisional del acuerdo comercial entre la UE y el Mercosur, que comenz\u00f3 a aplicarse el 1 de mayo.&nbsp;<\/p>\n<p>El pacto busca reducir barreras comerciales entre los dos bloques, pero tambi\u00e9n ha generado preocupaci\u00f3n entre productores europeos, especialmente en sectores como el ganadero, que reclaman mayores garant\u00edas sobre las condiciones sanitarias y productivas de las importaciones.<\/p>\n<p>Con informaci\u00f3n de Reuters y AFP.<\/p>\n<\/p><\/div>\n","protected":false},"excerpt":{"rendered":"<p>El bloque comunitario dijo \u201cno\u201d a las&#46;&#46;&#46;<\/p>\n","protected":false},"author":1,"featured_media":407522,"comment_status":"closed","ping_status":"closed","sticky":false,"template":"","format":"standard","meta":{"_jetpack_newsletter_access":"","_jetpack_dont_email_post_to_subs":false,"_jetpack_newsletter_tier_id":0,"_jetpack_memberships_contains_paywalled_content":false,"_jetpack_feature_clip_id":0,"_jetpack_memberships_contains_paid_content":false,"footnotes":"","jetpack_publicize_message":"","jetpack_publicize_feature_enabled":true,"jetpack_social_post_already_shared":true,"jetpack_social_options":{"image_generator_settings":{"template":"highway","default_image_id":0,"font":"","enabled":false},"version":2},"jetpack_post_was_ever_published":false},"categories":[43],"tags":[],"class_list":["post-407521","post","type-post","status-publish","format-standard","has-post-thumbnail","hentry","category-internacionales"],"yoast_head":"<!-- This site is optimized with the Yoast SEO plugin v28.1 - https:\/\/yoast.com\/product\/yoast-seo-wordpress\/ -->\n<title>La Uni\u00f3n Europea suspende las importaciones de carne de Brasil por razones sanitarias - Sarmiento24h<\/title>\n<meta name=\"robots\" content=\"index, follow, max-snippet:-1, max-image-preview:large, max-video-preview:-1\" \/>\n<link rel=\"canonical\" href=\"https:\/\/sarmiento24h.com\/?p=407521\" \/>\n<meta property=\"og:locale\" content=\"es_ES\" \/>\n<meta property=\"og:type\" content=\"article\" \/>\n<meta property=\"og:title\" content=\"La Uni\u00f3n Europea suspende las importaciones de carne de Brasil por razones sanitarias - Sarmiento24h\" \/>\n<meta property=\"og:description\" content=\"El bloque comunitario dijo \u201cno\u201d a las&#046;&#046;&#046;\" \/>\n<meta property=\"og:url\" content=\"https:\/\/sarmiento24h.com\/?p=407521\" \/>\n<meta property=\"og:site_name\" content=\"Sarmiento24h\" \/>\n<meta property=\"article:publisher\" content=\"https:\/\/facebook.com\/s24hnoticias\" \/>\n<meta property=\"article:published_time\" content=\"2026-09-01T01:57:20+00:00\" \/>\n<meta property=\"og:image\" content=\"https:\/\/s.france24.com\/media\/display\/68e498d0-a5a1-11f1-9f95-005056a90284\/w:980\/WEB-IVS-ECO-31AGO-IMPORTACIONES-CARNE-UE-00308.png\" \/>\n<meta name=\"author\" content=\"sarmiento24h@gmail.com\" \/>\n<meta name=\"twitter:card\" content=\"summary_large_image\" \/>\n<meta name=\"twitter:creator\" content=\"@sarmiento24h\" \/>\n<meta name=\"twitter:site\" content=\"@sarmiento24h\" \/>\n<meta name=\"twitter:label1\" content=\"Escrito por\" \/>\n\t<meta name=\"twitter:data1\" content=\"sarmiento24h@gmail.com\" \/>\n\t<meta name=\"twitter:label2\" content=\"Tiempo de lectura\" \/>\n\t<meta name=\"twitter:data2\" content=\"4 minutos\" \/>\n<script type=\"application\/ld+json\" class=\"yoast-schema-graph\">{\"@context\":\"https:\\\/\\\/schema.org\",\"@graph\":[{\"@type\":\"Article\",\"@id\":\"https:\\\/\\\/sarmiento24h.com\\\/?p=407521#article\",\"isPartOf\":{\"@id\":\"https:\\\/\\\/sarmiento24h.com\\\/?p=407521\"},\"author\":{\"name\":\"sarmiento24h@gmail.com\",\"@id\":\"https:\\\/\\\/sarmiento24h.com\\\/#\\\/schema\\\/person\\\/d653a59725ad629a7e0429af7b939d4d\"},\"headline\":\"La Uni\u00f3n Europea suspende las importaciones de carne de Brasil por razones sanitarias\",\"datePublished\":\"2026-09-01T01:57:20+00:00\",\"mainEntityOfPage\":{\"@id\":\"https:\\\/\\\/sarmiento24h.com\\\/?p=407521\"},\"wordCount\":828,\"publisher\":{\"@id\":\"https:\\\/\\\/sarmiento24h.com\\\/#organization\"},\"image\":{\"@id\":\"https:\\\/\\\/sarmiento24h.com\\\/?p=407521#primaryimage\"},\"thumbnailUrl\":\"https:\\\/\\\/sarmiento24h.com\\\/wp-content\\\/uploads\\\/2026\\\/09\\\/la-union-europea-suspende-las-importaciones-de-carne-de-brasil-por-razones-sanitarias.png\",\"articleSection\":[\"Internacionales\"],\"inLanguage\":\"es\"},{\"@type\":\"WebPage\",\"@id\":\"https:\\\/\\\/sarmiento24h.com\\\/?p=407521\",\"url\":\"https:\\\/\\\/sarmiento24h.com\\\/?p=407521\",\"name\":\"La Uni\u00f3n Europea suspende las importaciones de carne de Brasil por razones sanitarias - Sarmiento24h\",\"isPartOf\":{\"@id\":\"https:\\\/\\\/sarmiento24h.com\\\/#website\"},\"primaryImageOfPage\":{\"@id\":\"https:\\\/\\\/sarmiento24h.com\\\/?p=407521#primaryimage\"},\"image\":{\"@id\":\"https:\\\/\\\/sarmiento24h.com\\\/?p=407521#primaryimage\"},\"thumbnailUrl\":\"https:\\\/\\\/sarmiento24h.com\\\/wp-content\\\/uploads\\\/2026\\\/09\\\/la-union-europea-suspende-las-importaciones-de-carne-de-brasil-por-razones-sanitarias.png\",\"datePublished\":\"2026-09-01T01:57:20+00:00\",\"breadcrumb\":{\"@id\":\"https:\\\/\\\/sarmiento24h.com\\\/?p=407521#breadcrumb\"},\"inLanguage\":\"es\",\"potentialAction\":[{\"@type\":\"ReadAction\",\"target\":[\"https:\\\/\\\/sarmiento24h.com\\\/?p=407521\"]}]},{\"@type\":\"ImageObject\",\"inLanguage\":\"es\",\"@id\":\"https:\\\/\\\/sarmiento24h.com\\\/?p=407521#primaryimage\",\"url\":\"https:\\\/\\\/sarmiento24h.com\\\/wp-content\\\/uploads\\\/2026\\\/09\\\/la-union-europea-suspende-las-importaciones-de-carne-de-brasil-por-razones-sanitarias.png\",\"contentUrl\":\"https:\\\/\\\/sarmiento24h.com\\\/wp-content\\\/uploads\\\/2026\\\/09\\\/la-union-europea-suspende-las-importaciones-de-carne-de-brasil-por-razones-sanitarias.png\",\"width\":980,\"height\":551},{\"@type\":\"BreadcrumbList\",\"@id\":\"https:\\\/\\\/sarmiento24h.com\\\/?p=407521#breadcrumb\",\"itemListElement\":[{\"@type\":\"ListItem\",\"position\":1,\"name\":\"Home\",\"item\":\"https:\\\/\\\/sarmiento24h.com\\\/\"},{\"@type\":\"ListItem\",\"position\":2,\"name\":\"La Uni\u00f3n Europea suspende las importaciones de carne de Brasil por razones sanitarias\"}]},{\"@type\":\"WebSite\",\"@id\":\"https:\\\/\\\/sarmiento24h.com\\\/#website\",\"url\":\"https:\\\/\\\/sarmiento24h.com\\\/\",\"name\":\"Sarmiento24h\",\"description\":\"\",\"publisher\":{\"@id\":\"https:\\\/\\\/sarmiento24h.com\\\/#organization\"},\"potentialAction\":[{\"@type\":\"SearchAction\",\"target\":{\"@type\":\"EntryPoint\",\"urlTemplate\":\"https:\\\/\\\/sarmiento24h.com\\\/?s={search_term_string}\"},\"query-input\":{\"@type\":\"PropertyValueSpecification\",\"valueRequired\":true,\"valueName\":\"search_term_string\"}}],\"inLanguage\":\"es\"},{\"@type\":\"Organization\",\"@id\":\"https:\\\/\\\/sarmiento24h.com\\\/#organization\",\"name\":\"Sarmiento24h\",\"url\":\"https:\\\/\\\/sarmiento24h.com\\\/\",\"logo\":{\"@type\":\"ImageObject\",\"inLanguage\":\"es\",\"@id\":\"https:\\\/\\\/sarmiento24h.com\\\/#\\\/schema\\\/logo\\\/image\\\/\",\"url\":\"https:\\\/\\\/sarmiento24h.com\\\/wp-content\\\/uploads\\\/2025\\\/12\\\/AddText_12-16-10.30.52.jpg\",\"contentUrl\":\"https:\\\/\\\/sarmiento24h.com\\\/wp-content\\\/uploads\\\/2025\\\/12\\\/AddText_12-16-10.30.52.jpg\",\"width\":1220,\"height\":324,\"caption\":\"Sarmiento24h\"},\"image\":{\"@id\":\"https:\\\/\\\/sarmiento24h.com\\\/#\\\/schema\\\/logo\\\/image\\\/\"},\"sameAs\":[\"https:\\\/\\\/facebook.com\\\/s24hnoticias\",\"https:\\\/\\\/x.com\\\/sarmiento24h\"]},{\"@type\":\"Person\",\"@id\":\"https:\\\/\\\/sarmiento24h.com\\\/#\\\/schema\\\/person\\\/d653a59725ad629a7e0429af7b939d4d\",\"name\":\"sarmiento24h@gmail.com\",\"image\":{\"@type\":\"ImageObject\",\"inLanguage\":\"es\",\"@id\":\"https:\\\/\\\/sarmiento24h.com\\\/wp-content\\\/litespeed\\\/avatar\\\/d02cbc4e23c747e6659cd45907173c8f.jpg?ver=1788047690\",\"url\":\"https:\\\/\\\/sarmiento24h.com\\\/wp-content\\\/litespeed\\\/avatar\\\/d02cbc4e23c747e6659cd45907173c8f.jpg?ver=1788047690\",\"contentUrl\":\"https:\\\/\\\/sarmiento24h.com\\\/wp-content\\\/litespeed\\\/avatar\\\/d02cbc4e23c747e6659cd45907173c8f.jpg?ver=1788047690\",\"caption\":\"sarmiento24h@gmail.com\"},\"sameAs\":[\"https:\\\/\\\/sarmiento24h.com\"],\"url\":\"https:\\\/\\\/sarmiento24h.com\\\/?author=1\"}]}<\/script>\n<!-- \/ Yoast SEO plugin. -->","yoast_head_json":{"title":"La Uni\u00f3n Europea suspende las importaciones de carne de Brasil por razones sanitarias - Sarmiento24h","robots":{"index":"index","follow":"follow","max-snippet":"max-snippet:-1","max-image-preview":"max-image-preview:large","max-video-preview":"max-video-preview:-1"},"canonical":"https:\/\/sarmiento24h.com\/?p=407521","og_locale":"es_ES","og_type":"article","og_title":"La Uni\u00f3n Europea suspende las importaciones de carne de Brasil por razones sanitarias - Sarmiento24h","og_description":"El bloque comunitario dijo \u201cno\u201d a las&#46;&#46;&#46;","og_url":"https:\/\/sarmiento24h.com\/?p=407521","og_site_name":"Sarmiento24h","article_publisher":"https:\/\/facebook.com\/s24hnoticias","article_published_time":"2026-09-01T01:57:20+00:00","og_image":[{"url":"https:\/\/s.france24.com\/media\/display\/68e498d0-a5a1-11f1-9f95-005056a90284\/w:980\/WEB-IVS-ECO-31AGO-IMPORTACIONES-CARNE-UE-00308.png","type":"","width":"","height":""}],"author":"sarmiento24h@gmail.com","twitter_card":"summary_large_image","twitter_creator":"@sarmiento24h","twitter_site":"@sarmiento24h","twitter_misc":{"Escrito por":"sarmiento24h@gmail.com","Tiempo de lectura":"4 minutos"},"schema":{"@context":"https:\/\/schema.org","@graph":[{"@type":"Article","@id":"https:\/\/sarmiento24h.com\/?p=407521#article","isPartOf":{"@id":"https:\/\/sarmiento24h.com\/?p=407521"},"author":{"name":"sarmiento24h@gmail.com","@id":"https:\/\/sarmiento24h.com\/#\/schema\/person\/d653a59725ad629a7e0429af7b939d4d"},"headline":"La Uni\u00f3n Europea suspende las importaciones de carne de Brasil por razones sanitarias","datePublished":"2026-09-01T01:57:20+00:00","mainEntityOfPage":{"@id":"https:\/\/sarmiento24h.com\/?p=407521"},"wordCount":828,"publisher":{"@id":"https:\/\/sarmiento24h.com\/#organization"},"image":{"@id":"https:\/\/sarmiento24h.com\/?p=407521#primaryimage"},"thumbnailUrl":"https:\/\/sarmiento24h.com\/wp-content\/uploads\/2026\/09\/la-union-europea-suspende-las-importaciones-de-carne-de-brasil-por-razones-sanitarias.png","articleSection":["Internacionales"],"inLanguage":"es"},{"@type":"WebPage","@id":"https:\/\/sarmiento24h.com\/?p=407521","url":"https:\/\/sarmiento24h.com\/?p=407521","name":"La Uni\u00f3n Europea suspende las importaciones de carne de Brasil por razones sanitarias - Sarmiento24h","isPartOf":{"@id":"https:\/\/sarmiento24h.com\/#website"},"primaryImageOfPage":{"@id":"https:\/\/sarmiento24h.com\/?p=407521#primaryimage"},"image":{"@id":"https:\/\/sarmiento24h.com\/?p=407521#primaryimage"},"thumbnailUrl":"https:\/\/sarmiento24h.com\/wp-content\/uploads\/2026\/09\/la-union-europea-suspende-las-importaciones-de-carne-de-brasil-por-razones-sanitarias.png","datePublished":"2026-09-01T01:57:20+00:00","breadcrumb":{"@id":"https:\/\/sarmiento24h.com\/?p=407521#breadcrumb"},"inLanguage":"es","potentialAction":[{"@type":"ReadAction","target":["https:\/\/sarmiento24h.com\/?p=407521"]}]},{"@type":"ImageObject","inLanguage":"es","@id":"https:\/\/sarmiento24h.com\/?p=407521#primaryimage","url":"https:\/\/sarmiento24h.com\/wp-content\/uploads\/2026\/09\/la-union-europea-suspende-las-importaciones-de-carne-de-brasil-por-razones-sanitarias.png","contentUrl":"https:\/\/sarmiento24h.com\/wp-content\/uploads\/2026\/09\/la-union-europea-suspende-las-importaciones-de-carne-de-brasil-por-razones-sanitarias.png","width":980,"height":551},{"@type":"BreadcrumbList","@id":"https:\/\/sarmiento24h.com\/?p=407521#breadcrumb","itemListElement":[{"@type":"ListItem","position":1,"name":"Home","item":"https:\/\/sarmiento24h.com\/"},{"@type":"ListItem","position":2,"name":"La Uni\u00f3n Europea suspende las importaciones de carne de Brasil por razones sanitarias"}]},{"@type":"WebSite","@id":"https:\/\/sarmiento24h.com\/#website","url":"https:\/\/sarmiento24h.com\/","name":"Sarmiento24h","description":"","publisher":{"@id":"https:\/\/sarmiento24h.com\/#organization"},"potentialAction":[{"@type":"SearchAction","target":{"@type":"EntryPoint","urlTemplate":"https:\/\/sarmiento24h.com\/?s={search_term_string}"},"query-input":{"@type":"PropertyValueSpecification","valueRequired":true,"valueName":"search_term_string"}}],"inLanguage":"es"},{"@type":"Organization","@id":"https:\/\/sarmiento24h.com\/#organization","name":"Sarmiento24h","url":"https:\/\/sarmiento24h.com\/","logo":{"@type":"ImageObject","inLanguage":"es","@id":"https:\/\/sarmiento24h.com\/#\/schema\/logo\/image\/","url":"https:\/\/sarmiento24h.com\/wp-content\/uploads\/2025\/12\/AddText_12-16-10.30.52.jpg","contentUrl":"https:\/\/sarmiento24h.com\/wp-content\/uploads\/2025\/12\/AddText_12-16-10.30.52.jpg","width":1220,"height":324,"caption":"Sarmiento24h"},"image":{"@id":"https:\/\/sarmiento24h.com\/#\/schema\/logo\/image\/"},"sameAs":["https:\/\/facebook.com\/s24hnoticias","https:\/\/x.com\/sarmiento24h"]},{"@type":"Person","@id":"https:\/\/sarmiento24h.com\/#\/schema\/person\/d653a59725ad629a7e0429af7b939d4d","name":"sarmiento24h@gmail.com","image":{"@type":"ImageObject","inLanguage":"es","@id":"https:\/\/sarmiento24h.com\/wp-content\/litespeed\/avatar\/d02cbc4e23c747e6659cd45907173c8f.jpg?ver=1788047690","url":"https:\/\/sarmiento24h.com\/wp-content\/litespeed\/avatar\/d02cbc4e23c747e6659cd45907173c8f.jpg?ver=1788047690","contentUrl":"https:\/\/sarmiento24h.com\/wp-content\/litespeed\/avatar\/d02cbc4e23c747e6659cd45907173c8f.jpg?ver=1788047690","caption":"sarmiento24h@gmail.com"},"sameAs":["https:\/\/sarmiento24h.com"],"url":"https:\/\/sarmiento24h.com\/?author=1"}]}},"jetpack_publicize_connections":[],"jetpack_featured_media_url":"https:\/\/sarmiento24h.com\/wp-content\/uploads\/2026\/09\/la-union-europea-suspende-las-importaciones-de-carne-de-brasil-por-razones-sanitarias.png","jetpack_sharing_enabled":true,"_links":{"self":[{"href":"https:\/\/sarmiento24h.com\/index.php?rest_route=\/wp\/v2\/posts\/407521","targetHints":{"allow":["GET"]}}],"collection":[{"href":"https:\/\/sarmiento24h.com\/index.php?rest_route=\/wp\/v2\/posts"}],"about":[{"href":"https:\/\/sarmiento24h.com\/index.php?rest_route=\/wp\/v2\/types\/post"}],"author":[{"embeddable":true,"href":"https:\/\/sarmiento24h.com\/index.php?rest_route=\/wp\/v2\/users\/1"}],"replies":[{"embeddable":true,"href":"https:\/\/sarmiento24h.com\/index.php?rest_route=%2Fwp%2Fv2%2Fcomments&post=407521"}],"version-history":[{"count":0,"href":"https:\/\/sarmiento24h.com\/index.php?rest_route=\/wp\/v2\/posts\/407521\/revisions"}],"wp:featuredmedia":[{"embeddable":true,"href":"https:\/\/sarmiento24h.com\/index.php?rest_route=\/wp\/v2\/media\/407522"}],"wp:attachment":[{"href":"https:\/\/sarmiento24h.com\/index.php?rest_route=%2Fwp%2Fv2%2Fmedia&parent=407521"}],"wp:term":[{"taxonomy":"category","embeddable":true,"href":"https:\/\/sarmiento24h.com\/index.php?rest_route=%2Fwp%2Fv2%2Fcategories&post=407521"},{"taxonomy":"post_tag","embeddable":true,"href":"https:\/\/sarmiento24h.com\/index.php?rest_route=%2Fwp%2Fv2%2Ftags&post=407521"}],"curies":[{"name":"wp","href":"https:\/\/api.w.org\/{rel}","templated":true}]}}