{"id":407581,"date":"2026-09-01T02:38:26","date_gmt":"2026-09-01T02:38:26","guid":{"rendered":"https:\/\/diariodigitalrd.com\/?p=717120"},"modified":"2026-09-01T02:38:26","modified_gmt":"2026-09-01T02:38:26","slug":"abinader-designa-a-victor-cedeno-brea-superintendente-de-bancos","status":"publish","type":"post","link":"https:\/\/sarmiento24h.com\/?p=407581","title":{"rendered":"Abinader designa a V\u00edctor Cede\u00f1o Brea superintendente de Bancos"},"content":{"rendered":"<div><img decoding=\"async\" src=\"https:\/\/diariodigitalrd.b-cdn.net\/2026\/08\/Foto-web_4-384x216.jpeg\" class=\"ff-og-image-inserted\"><\/div>\n<p class=\"wp-block-paragraph\"><strong>El nuevo funcionario sustituye a Alejandro Fern\u00e1ndez Whipple, quien ocupaba el cargo desde agosto de 2024.<\/strong><\/p>\n<p class=\"has-drop-cap has-medium-font-size wp-block-paragraph\"><strong>Santo Domingo.<\/strong>\u2013 El presidente Luis Abinader design\u00f3 este lunes 31 de agosto a <strong>V\u00edctor Livio Enmanuel Cede\u00f1o Brea<\/strong> como nuevo <strong>superintendente de Bancos de la Rep\u00fablica Dominicana<\/strong>, mediante el Decreto 606-26, en sustituci\u00f3n de Alejandro Fern\u00e1ndez Whipple.<\/p>\n<p class=\"wp-block-paragraph\">La decisi\u00f3n del Poder Ejecutivo est\u00e1 contenida en el <strong>Decreto n\u00famero 606-26<\/strong>, emitido este lunes por el presidente Abinader, mediante el cual Cede\u00f1o Brea asume la direcci\u00f3n de la <strong>Superintendencia de Bancos<\/strong>.<\/p>\n<p class=\"wp-block-paragraph\">El nuevo superintendente sustituye a <strong>Alejandro Fern\u00e1ndez Whipple<\/strong>, quien hab\u00eda sido confirmado en esa posici\u00f3n mediante el Decreto 442-24, del 15 de agosto de 2024.<\/p>\n<p class=\"wp-block-paragraph\">La disposici\u00f3n presidencial toma como fundamento la <strong>Ley Monetaria y Financiera 183-02<\/strong>, que establece las condiciones para la designaci\u00f3n del titular de la Superintendencia de Bancos.<\/p>\n<p class=\"wp-block-paragraph\">De acuerdo con la legislaci\u00f3n citada en el decreto, el <strong>superintendente de Bancos es designado por el presidente de la Rep\u00fablica por un per\u00edodo de dos a\u00f1os<\/strong>, con posibilidad de renovaci\u00f3n, siempre que el funcionario cumpla con los requisitos establecidos por la ley.<\/p>\n<p class=\"wp-block-paragraph\">El decreto tambi\u00e9n dispone que la nueva designaci\u00f3n sea comunicada a la <strong>Junta Monetaria<\/strong>, la Superintendencia de Bancos y el Ministerio de Administraci\u00f3n P\u00fablica.<\/p>\n<p class=\"wp-block-paragraph\">Asimismo, la disposici\u00f3n deber\u00e1 ser informada a la <strong>C\u00e1mara de Cuentas<\/strong>, la Contralor\u00eda General de la Rep\u00fablica y las dem\u00e1s instituciones correspondientes, para los fines de conocimiento y ejecuci\u00f3n.<\/p>\n<p class=\"wp-block-paragraph\">Con la medida, el Poder Ejecutivo formaliza el relevo en la direcci\u00f3n del organismo encargado de la supervisi\u00f3n del sistema bancario dominicano, conforme a las disposiciones establecidas en el marco legal vigente.<\/p>\n","protected":false},"excerpt":{"rendered":"<p>El nuevo funcionario sustituye a Alejandro Fern\u00e1ndez&#46;&#46;&#46;<\/p>\n","protected":false},"author":1,"featured_media":407582,"comment_status":"closed","ping_status":"closed","sticky":false,"template":"","format":"standard","meta":{"_jetpack_newsletter_access":"","_jetpack_dont_email_post_to_subs":false,"_jetpack_newsletter_tier_id":0,"_jetpack_memberships_contains_paywalled_content":false,"_jetpack_feature_clip_id":0,"_jetpack_memberships_contains_paid_content":false,"footnotes":"","jetpack_publicize_message":"","jetpack_publicize_feature_enabled":true,"jetpack_social_post_already_shared":true,"jetpack_social_options":{"image_generator_settings":{"template":"highway","default_image_id":0,"font":"","enabled":false},"version":2},"jetpack_post_was_ever_published":false},"categories":[59,60],"tags":[],"class_list":["post-407581","post","type-post","status-publish","format-standard","has-post-thumbnail","hentry","category-actualidad","category-economicas"],"yoast_head":"<!-- This site is optimized with the Yoast SEO plugin v28.1 - https:\/\/yoast.com\/product\/yoast-seo-wordpress\/ -->\n<title>Abinader designa a V\u00edctor Cede\u00f1o Brea superintendente de Bancos - Sarmiento24h<\/title>\n<meta name=\"robots\" content=\"index, follow, max-snippet:-1, max-image-preview:large, max-video-preview:-1\" \/>\n<link rel=\"canonical\" href=\"https:\/\/sarmiento24h.com\/?p=407581\" \/>\n<meta property=\"og:locale\" content=\"es_ES\" \/>\n<meta property=\"og:type\" content=\"article\" \/>\n<meta property=\"og:title\" content=\"Abinader designa a V\u00edctor Cede\u00f1o Brea superintendente de Bancos - Sarmiento24h\" \/>\n<meta property=\"og:description\" content=\"El nuevo funcionario sustituye a Alejandro Fern\u00e1ndez&#046;&#046;&#046;\" \/>\n<meta property=\"og:url\" content=\"https:\/\/sarmiento24h.com\/?p=407581\" \/>\n<meta property=\"og:site_name\" content=\"Sarmiento24h\" \/>\n<meta property=\"article:publisher\" content=\"https:\/\/facebook.com\/s24hnoticias\" \/>\n<meta property=\"article:published_time\" content=\"2026-09-01T02:38:26+00:00\" \/>\n<meta property=\"og:image\" content=\"https:\/\/diariodigitalrd.b-cdn.net\/2026\/08\/Foto-web_4-384x216.jpeg\" \/>\n<meta name=\"author\" content=\"sarmiento24h@gmail.com\" \/>\n<meta name=\"twitter:card\" content=\"summary_large_image\" \/>\n<meta name=\"twitter:creator\" content=\"@sarmiento24h\" \/>\n<meta name=\"twitter:site\" content=\"@sarmiento24h\" \/>\n<meta name=\"twitter:label1\" content=\"Escrito por\" \/>\n\t<meta name=\"twitter:data1\" content=\"sarmiento24h@gmail.com\" \/>\n\t<meta name=\"twitter:label2\" content=\"Tiempo de lectura\" \/>\n\t<meta name=\"twitter:data2\" content=\"1 minuto\" \/>\n<script type=\"application\/ld+json\" class=\"yoast-schema-graph\">{\"@context\":\"https:\\\/\\\/schema.org\",\"@graph\":[{\"@type\":\"Article\",\"@id\":\"https:\\\/\\\/sarmiento24h.com\\\/?p=407581#article\",\"isPartOf\":{\"@id\":\"https:\\\/\\\/sarmiento24h.com\\\/?p=407581\"},\"author\":{\"name\":\"sarmiento24h@gmail.com\",\"@id\":\"https:\\\/\\\/sarmiento24h.com\\\/#\\\/schema\\\/person\\\/d653a59725ad629a7e0429af7b939d4d\"},\"headline\":\"Abinader designa a V\u00edctor Cede\u00f1o Brea superintendente de Bancos\",\"datePublished\":\"2026-09-01T02:38:26+00:00\",\"mainEntityOfPage\":{\"@id\":\"https:\\\/\\\/sarmiento24h.com\\\/?p=407581\"},\"wordCount\":303,\"publisher\":{\"@id\":\"https:\\\/\\\/sarmiento24h.com\\\/#organization\"},\"image\":{\"@id\":\"https:\\\/\\\/sarmiento24h.com\\\/?p=407581#primaryimage\"},\"thumbnailUrl\":\"https:\\\/\\\/sarmiento24h.com\\\/wp-content\\\/uploads\\\/2026\\\/09\\\/abinader-designa-a-victor-cedeno-brea-superintendente-de-bancos.jpg\",\"articleSection\":[\"Actualidad\",\"Economicas\"],\"inLanguage\":\"es\"},{\"@type\":\"WebPage\",\"@id\":\"https:\\\/\\\/sarmiento24h.com\\\/?p=407581\",\"url\":\"https:\\\/\\\/sarmiento24h.com\\\/?p=407581\",\"name\":\"Abinader designa a V\u00edctor Cede\u00f1o Brea superintendente de Bancos - Sarmiento24h\",\"isPartOf\":{\"@id\":\"https:\\\/\\\/sarmiento24h.com\\\/#website\"},\"primaryImageOfPage\":{\"@id\":\"https:\\\/\\\/sarmiento24h.com\\\/?p=407581#primaryimage\"},\"image\":{\"@id\":\"https:\\\/\\\/sarmiento24h.com\\\/?p=407581#primaryimage\"},\"thumbnailUrl\":\"https:\\\/\\\/sarmiento24h.com\\\/wp-content\\\/uploads\\\/2026\\\/09\\\/abinader-designa-a-victor-cedeno-brea-superintendente-de-bancos.jpg\",\"datePublished\":\"2026-09-01T02:38:26+00:00\",\"breadcrumb\":{\"@id\":\"https:\\\/\\\/sarmiento24h.com\\\/?p=407581#breadcrumb\"},\"inLanguage\":\"es\",\"potentialAction\":[{\"@type\":\"ReadAction\",\"target\":[\"https:\\\/\\\/sarmiento24h.com\\\/?p=407581\"]}]},{\"@type\":\"ImageObject\",\"inLanguage\":\"es\",\"@id\":\"https:\\\/\\\/sarmiento24h.com\\\/?p=407581#primaryimage\",\"url\":\"https:\\\/\\\/sarmiento24h.com\\\/wp-content\\\/uploads\\\/2026\\\/09\\\/abinader-designa-a-victor-cedeno-brea-superintendente-de-bancos.jpg\",\"contentUrl\":\"https:\\\/\\\/sarmiento24h.com\\\/wp-content\\\/uploads\\\/2026\\\/09\\\/abinader-designa-a-victor-cedeno-brea-superintendente-de-bancos.jpg\",\"width\":384,\"height\":216},{\"@type\":\"BreadcrumbList\",\"@id\":\"https:\\\/\\\/sarmiento24h.com\\\/?p=407581#breadcrumb\",\"itemListElement\":[{\"@type\":\"ListItem\",\"position\":1,\"name\":\"Home\",\"item\":\"https:\\\/\\\/sarmiento24h.com\\\/\"},{\"@type\":\"ListItem\",\"position\":2,\"name\":\"Abinader designa a V\u00edctor Cede\u00f1o Brea superintendente de Bancos\"}]},{\"@type\":\"WebSite\",\"@id\":\"https:\\\/\\\/sarmiento24h.com\\\/#website\",\"url\":\"https:\\\/\\\/sarmiento24h.com\\\/\",\"name\":\"Sarmiento24h\",\"description\":\"\",\"publisher\":{\"@id\":\"https:\\\/\\\/sarmiento24h.com\\\/#organization\"},\"potentialAction\":[{\"@type\":\"SearchAction\",\"target\":{\"@type\":\"EntryPoint\",\"urlTemplate\":\"https:\\\/\\\/sarmiento24h.com\\\/?s={search_term_string}\"},\"query-input\":{\"@type\":\"PropertyValueSpecification\",\"valueRequired\":true,\"valueName\":\"search_term_string\"}}],\"inLanguage\":\"es\"},{\"@type\":\"Organization\",\"@id\":\"https:\\\/\\\/sarmiento24h.com\\\/#organization\",\"name\":\"Sarmiento24h\",\"url\":\"https:\\\/\\\/sarmiento24h.com\\\/\",\"logo\":{\"@type\":\"ImageObject\",\"inLanguage\":\"es\",\"@id\":\"https:\\\/\\\/sarmiento24h.com\\\/#\\\/schema\\\/logo\\\/image\\\/\",\"url\":\"https:\\\/\\\/sarmiento24h.com\\\/wp-content\\\/uploads\\\/2025\\\/12\\\/AddText_12-16-10.30.52.jpg\",\"contentUrl\":\"https:\\\/\\\/sarmiento24h.com\\\/wp-content\\\/uploads\\\/2025\\\/12\\\/AddText_12-16-10.30.52.jpg\",\"width\":1220,\"height\":324,\"caption\":\"Sarmiento24h\"},\"image\":{\"@id\":\"https:\\\/\\\/sarmiento24h.com\\\/#\\\/schema\\\/logo\\\/image\\\/\"},\"sameAs\":[\"https:\\\/\\\/facebook.com\\\/s24hnoticias\",\"https:\\\/\\\/x.com\\\/sarmiento24h\"]},{\"@type\":\"Person\",\"@id\":\"https:\\\/\\\/sarmiento24h.com\\\/#\\\/schema\\\/person\\\/d653a59725ad629a7e0429af7b939d4d\",\"name\":\"sarmiento24h@gmail.com\",\"image\":{\"@type\":\"ImageObject\",\"inLanguage\":\"es\",\"@id\":\"https:\\\/\\\/sarmiento24h.com\\\/wp-content\\\/litespeed\\\/avatar\\\/d02cbc4e23c747e6659cd45907173c8f.jpg?ver=1788047690\",\"url\":\"https:\\\/\\\/sarmiento24h.com\\\/wp-content\\\/litespeed\\\/avatar\\\/d02cbc4e23c747e6659cd45907173c8f.jpg?ver=1788047690\",\"contentUrl\":\"https:\\\/\\\/sarmiento24h.com\\\/wp-content\\\/litespeed\\\/avatar\\\/d02cbc4e23c747e6659cd45907173c8f.jpg?ver=1788047690\",\"caption\":\"sarmiento24h@gmail.com\"},\"sameAs\":[\"https:\\\/\\\/sarmiento24h.com\"],\"url\":\"https:\\\/\\\/sarmiento24h.com\\\/?author=1\"}]}<\/script>\n<!-- \/ Yoast SEO plugin. -->","yoast_head_json":{"title":"Abinader designa a V\u00edctor Cede\u00f1o Brea superintendente de Bancos - Sarmiento24h","robots":{"index":"index","follow":"follow","max-snippet":"max-snippet:-1","max-image-preview":"max-image-preview:large","max-video-preview":"max-video-preview:-1"},"canonical":"https:\/\/sarmiento24h.com\/?p=407581","og_locale":"es_ES","og_type":"article","og_title":"Abinader designa a V\u00edctor Cede\u00f1o Brea superintendente de Bancos - Sarmiento24h","og_description":"El nuevo funcionario sustituye a Alejandro Fern\u00e1ndez&#46;&#46;&#46;","og_url":"https:\/\/sarmiento24h.com\/?p=407581","og_site_name":"Sarmiento24h","article_publisher":"https:\/\/facebook.com\/s24hnoticias","article_published_time":"2026-09-01T02:38:26+00:00","og_image":[{"url":"https:\/\/diariodigitalrd.b-cdn.net\/2026\/08\/Foto-web_4-384x216.jpeg","type":"","width":"","height":""}],"author":"sarmiento24h@gmail.com","twitter_card":"summary_large_image","twitter_creator":"@sarmiento24h","twitter_site":"@sarmiento24h","twitter_misc":{"Escrito por":"sarmiento24h@gmail.com","Tiempo de lectura":"1 minuto"},"schema":{"@context":"https:\/\/schema.org","@graph":[{"@type":"Article","@id":"https:\/\/sarmiento24h.com\/?p=407581#article","isPartOf":{"@id":"https:\/\/sarmiento24h.com\/?p=407581"},"author":{"name":"sarmiento24h@gmail.com","@id":"https:\/\/sarmiento24h.com\/#\/schema\/person\/d653a59725ad629a7e0429af7b939d4d"},"headline":"Abinader designa a V\u00edctor Cede\u00f1o Brea superintendente de Bancos","datePublished":"2026-09-01T02:38:26+00:00","mainEntityOfPage":{"@id":"https:\/\/sarmiento24h.com\/?p=407581"},"wordCount":303,"publisher":{"@id":"https:\/\/sarmiento24h.com\/#organization"},"image":{"@id":"https:\/\/sarmiento24h.com\/?p=407581#primaryimage"},"thumbnailUrl":"https:\/\/sarmiento24h.com\/wp-content\/uploads\/2026\/09\/abinader-designa-a-victor-cedeno-brea-superintendente-de-bancos.jpg","articleSection":["Actualidad","Economicas"],"inLanguage":"es"},{"@type":"WebPage","@id":"https:\/\/sarmiento24h.com\/?p=407581","url":"https:\/\/sarmiento24h.com\/?p=407581","name":"Abinader designa a V\u00edctor Cede\u00f1o Brea superintendente de Bancos - Sarmiento24h","isPartOf":{"@id":"https:\/\/sarmiento24h.com\/#website"},"primaryImageOfPage":{"@id":"https:\/\/sarmiento24h.com\/?p=407581#primaryimage"},"image":{"@id":"https:\/\/sarmiento24h.com\/?p=407581#primaryimage"},"thumbnailUrl":"https:\/\/sarmiento24h.com\/wp-content\/uploads\/2026\/09\/abinader-designa-a-victor-cedeno-brea-superintendente-de-bancos.jpg","datePublished":"2026-09-01T02:38:26+00:00","breadcrumb":{"@id":"https:\/\/sarmiento24h.com\/?p=407581#breadcrumb"},"inLanguage":"es","potentialAction":[{"@type":"ReadAction","target":["https:\/\/sarmiento24h.com\/?p=407581"]}]},{"@type":"ImageObject","inLanguage":"es","@id":"https:\/\/sarmiento24h.com\/?p=407581#primaryimage","url":"https:\/\/sarmiento24h.com\/wp-content\/uploads\/2026\/09\/abinader-designa-a-victor-cedeno-brea-superintendente-de-bancos.jpg","contentUrl":"https:\/\/sarmiento24h.com\/wp-content\/uploads\/2026\/09\/abinader-designa-a-victor-cedeno-brea-superintendente-de-bancos.jpg","width":384,"height":216},{"@type":"BreadcrumbList","@id":"https:\/\/sarmiento24h.com\/?p=407581#breadcrumb","itemListElement":[{"@type":"ListItem","position":1,"name":"Home","item":"https:\/\/sarmiento24h.com\/"},{"@type":"ListItem","position":2,"name":"Abinader designa a V\u00edctor Cede\u00f1o Brea superintendente de Bancos"}]},{"@type":"WebSite","@id":"https:\/\/sarmiento24h.com\/#website","url":"https:\/\/sarmiento24h.com\/","name":"Sarmiento24h","description":"","publisher":{"@id":"https:\/\/sarmiento24h.com\/#organization"},"potentialAction":[{"@type":"SearchAction","target":{"@type":"EntryPoint","urlTemplate":"https:\/\/sarmiento24h.com\/?s={search_term_string}"},"query-input":{"@type":"PropertyValueSpecification","valueRequired":true,"valueName":"search_term_string"}}],"inLanguage":"es"},{"@type":"Organization","@id":"https:\/\/sarmiento24h.com\/#organization","name":"Sarmiento24h","url":"https:\/\/sarmiento24h.com\/","logo":{"@type":"ImageObject","inLanguage":"es","@id":"https:\/\/sarmiento24h.com\/#\/schema\/logo\/image\/","url":"https:\/\/sarmiento24h.com\/wp-content\/uploads\/2025\/12\/AddText_12-16-10.30.52.jpg","contentUrl":"https:\/\/sarmiento24h.com\/wp-content\/uploads\/2025\/12\/AddText_12-16-10.30.52.jpg","width":1220,"height":324,"caption":"Sarmiento24h"},"image":{"@id":"https:\/\/sarmiento24h.com\/#\/schema\/logo\/image\/"},"sameAs":["https:\/\/facebook.com\/s24hnoticias","https:\/\/x.com\/sarmiento24h"]},{"@type":"Person","@id":"https:\/\/sarmiento24h.com\/#\/schema\/person\/d653a59725ad629a7e0429af7b939d4d","name":"sarmiento24h@gmail.com","image":{"@type":"ImageObject","inLanguage":"es","@id":"https:\/\/sarmiento24h.com\/wp-content\/litespeed\/avatar\/d02cbc4e23c747e6659cd45907173c8f.jpg?ver=1788047690","url":"https:\/\/sarmiento24h.com\/wp-content\/litespeed\/avatar\/d02cbc4e23c747e6659cd45907173c8f.jpg?ver=1788047690","contentUrl":"https:\/\/sarmiento24h.com\/wp-content\/litespeed\/avatar\/d02cbc4e23c747e6659cd45907173c8f.jpg?ver=1788047690","caption":"sarmiento24h@gmail.com"},"sameAs":["https:\/\/sarmiento24h.com"],"url":"https:\/\/sarmiento24h.com\/?author=1"}]}},"jetpack_publicize_connections":[],"jetpack_featured_media_url":"https:\/\/sarmiento24h.com\/wp-content\/uploads\/2026\/09\/abinader-designa-a-victor-cedeno-brea-superintendente-de-bancos.jpg","jetpack_sharing_enabled":true,"_links":{"self":[{"href":"https:\/\/sarmiento24h.com\/index.php?rest_route=\/wp\/v2\/posts\/407581","targetHints":{"allow":["GET"]}}],"collection":[{"href":"https:\/\/sarmiento24h.com\/index.php?rest_route=\/wp\/v2\/posts"}],"about":[{"href":"https:\/\/sarmiento24h.com\/index.php?rest_route=\/wp\/v2\/types\/post"}],"author":[{"embeddable":true,"href":"https:\/\/sarmiento24h.com\/index.php?rest_route=\/wp\/v2\/users\/1"}],"replies":[{"embeddable":true,"href":"https:\/\/sarmiento24h.com\/index.php?rest_route=%2Fwp%2Fv2%2Fcomments&post=407581"}],"version-history":[{"count":0,"href":"https:\/\/sarmiento24h.com\/index.php?rest_route=\/wp\/v2\/posts\/407581\/revisions"}],"wp:featuredmedia":[{"embeddable":true,"href":"https:\/\/sarmiento24h.com\/index.php?rest_route=\/wp\/v2\/media\/407582"}],"wp:attachment":[{"href":"https:\/\/sarmiento24h.com\/index.php?rest_route=%2Fwp%2Fv2%2Fmedia&parent=407581"}],"wp:term":[{"taxonomy":"category","embeddable":true,"href":"https:\/\/sarmiento24h.com\/index.php?rest_route=%2Fwp%2Fv2%2Fcategories&post=407581"},{"taxonomy":"post_tag","embeddable":true,"href":"https:\/\/sarmiento24h.com\/index.php?rest_route=%2Fwp%2Fv2%2Ftags&post=407581"}],"curies":[{"name":"wp","href":"https:\/\/api.w.org\/{rel}","templated":true}]}}