{"id":407597,"date":"2026-09-01T02:59:22","date_gmt":"2026-09-01T02:59:22","guid":{"rendered":"http:\/\/190f4732-a58e-11f1-83c1-87ac22595e41"},"modified":"2026-09-01T02:59:22","modified_gmt":"2026-09-01T02:59:22","slug":"fernando-cerimedo-el-polemico-asesor-que-tejio-vinculos-en-la-sombra-con-la-derecha-latinoamericana","status":"publish","type":"post","link":"https:\/\/sarmiento24h.com\/?p=407597","title":{"rendered":"Fernando Cerimedo, el pol\u00e9mico asesor que teji\u00f3 v\u00ednculos en la sombra con la derecha latinoamericana"},"content":{"rendered":"<p>Hasta hace unas semanas, <strong>Fernando Cerimedo<\/strong> era un nombre conocido principalmente entre quienes siguen de cerca las campa\u00f1as electorales y las batallas pol\u00edticas que tienen lugar en las redes sociales.&nbsp;<\/p>\n<p>En pocos a\u00f1os, el consultor argentino logr\u00f3 posicionarse cerca de dirigentes y candidatos de derecha de varios pa\u00edses de <a href=\"https:\/\/www.france24.com\/es\/am\u00e9rica-latina\/\" target=\"_self\">Am\u00e9rica Latina<\/a> sin ocupar, en la mayor\u00eda de los casos, un lugar demasiado visible.<\/p>\n<p><strong>Hoy est\u00e1 en una c\u00e1rcel de <a href=\"https:\/\/www.france24.com\/es\/tag\/bolivia\/\" target=\"_self\">Bolivia<\/a> y su nombre est\u00e1 en boca de todos.<\/strong><\/p>\n<p>Cerimedo se encuentra en prisi\u00f3n preventiva acusado de ser el <strong>presunto autor intelectual del ataque contra su expareja<\/strong>, la abogada boliviana Nadia Beller, quien recibi\u00f3 tres disparos el pasado 17 de agosto frente a un hotel de Santa Cruz. Seg\u00fan las im\u00e1genes difundidas por medios locales, los atacantes estaban vestidos de repartidores de comida.<\/p>\n<div id=\"em-WBMZ416711-F24-ES-20260901\" class=\"m-em-flash\" data-xtwitter-script>\n<div class=\"o-em-consent \" readability=\"7\">\n<div class=\"o-em-consent__content\" readability=\"34\">\n<p class=\"o-em-consent__content__text\">Para mostrar este contenido de X (Twitter), debe autorizar las cookies de medici\u00f3n de audiencia y publicidad.<\/p>\n<p> <button class=\"a-master-button a-master-button--dark\" data-action=\"accept\"> Aceptar <svg class=\"a-svg a-svg--icon-check\"> <use xlink:href=\"\/build\/images\/svg\/sprite.1af31c2f854b10d5fc5627a4f4fa61be.svg#icon-check\" href=\"\/build\/images\/svg\/sprite.1af31c2f854b10d5fc5627a4f4fa61be.svg#icon-check\" \/> <\/svg> <\/button> <button class=\"a-link\" data-action=\"manage\">Gestionar mis opciones <svg class=\"a-svg a-svg--icon-edit\"> <use xlink:href=\"\/build\/images\/svg\/sprite.1af31c2f854b10d5fc5627a4f4fa61be.svg#icon-edit\" href=\"\/build\/images\/svg\/sprite.1af31c2f854b10d5fc5627a4f4fa61be.svg#icon-edit\" \/> <\/svg><br \/>\n<\/button> <\/div>\n<\/div>\n<\/div>\n<p>\u201cClaramente \u00e9l quer\u00eda deshacerse de m\u00ed\u201d, declar\u00f3 Beller desde la cl\u00ednica donde se recuperaba. Cerimedo niega haber tenido responsabilidad en el intento de <a href=\"https:\/\/www.france24.com\/es\/tag\/feminicidio\/\" target=\"_self\">feminicidio<\/a>.<\/p>\n<p>La Justicia boliviana abri\u00f3 adem\u00e1s una causa por supuesto enriquecimiento il\u00edcito y otra por presunta <a href=\"https:\/\/www.france24.com\/es\/tag\/violencia-dom\u00e9stica\/\" target=\"_self\">violencia familiar y dom\u00e9stica<\/a>. El s\u00e1bado 29 de agosto, un tribunal orden\u00f3 una segunda detenci\u00f3n preventiva por seis meses y dispuso su traslado al penal de m\u00e1xima seguridad de Chonchocoro, en La Paz.<\/p>\n<p>Su detenci\u00f3n tuvo repercusiones m\u00e1s all\u00e1 de las fronteras bolivianas. En <a href=\"https:\/\/www.france24.com\/es\/tag\/chile\/\" target=\"_self\">Chile<\/a>, el presidente <a href=\"https:\/\/www.france24.com\/es\/tag\/jos\u00e9-antonio-kast\/\" target=\"_self\">Jos\u00e9 Antonio Kast<\/a> fue consultado este lunes 31 de agosto acerca de su relaci\u00f3n con el consultor argentino.<\/p>\n<div id=\"em-WBMZ416712-F24-ES-20260901\" class=\"m-em-flash\" data-xtwitter-script>\n<div class=\"o-em-consent \" readability=\"7\">\n<div class=\"o-em-consent__content\" readability=\"34\">\n<p class=\"o-em-consent__content__text\">Para mostrar este contenido de X (Twitter), debe autorizar las cookies de medici\u00f3n de audiencia y publicidad.<\/p>\n<p> <button class=\"a-master-button a-master-button--dark\" data-action=\"accept\"> Aceptar <svg class=\"a-svg a-svg--icon-check\"> <use xlink:href=\"\/build\/images\/svg\/sprite.1af31c2f854b10d5fc5627a4f4fa61be.svg#icon-check\" href=\"\/build\/images\/svg\/sprite.1af31c2f854b10d5fc5627a4f4fa61be.svg#icon-check\" \/> <\/svg> <\/button> <button class=\"a-link\" data-action=\"manage\">Gestionar mis opciones <svg class=\"a-svg a-svg--icon-edit\"> <use xlink:href=\"\/build\/images\/svg\/sprite.1af31c2f854b10d5fc5627a4f4fa61be.svg#icon-edit\" href=\"\/build\/images\/svg\/sprite.1af31c2f854b10d5fc5627a4f4fa61be.svg#icon-edit\" \/> <\/svg><br \/>\n<\/button> <\/div>\n<\/div>\n<\/div>\n<p>\u201c\u00bfSi lo conozco? S\u00ed, porque \u00e9l ha acompa\u00f1ado a distintos l\u00edderes pol\u00edticos en instancias donde nos hemos cruzado\u201d, reconoci\u00f3 Kast. Sin embargo, <strong>neg\u00f3 que Cerimedo haya trabajado en alguna de sus campa\u00f1as<\/strong> o que su Gobierno actualmente reciba su asesoramiento.<\/p>\n<p class=\"a-read-more\"><span class=\"a-read-more__label\">Leer tambi\u00e9n<\/span><a href=\"https:\/\/www.france24.com\/es\/minuto-a-minuto\/20260827-el-presidente-de-bolivia-se-aleja-de-su-detenido-asesor-investigado-por-varios-delitos\" target=\"_self\" class=\"a-read-more__link\">El presidente de Bolivia se aleja de su detenido asesor, investigado por varios delitos<\/a><\/p>\n<h2><strong>De Argentina a la pol\u00edtica regional<\/strong><\/h2>\n<p>Cerimedo, de 45 a\u00f1os, se presenta como especialista en <a href=\"https:\/\/www.france24.com\/es\/tag\/marketing\/\" target=\"_self\">marketing<\/a> digital y comunicaci\u00f3n pol\u00edtica. Es fundador de la agencia Numen y&nbsp;<strong>\u2018La Derecha Diario\u2019<\/strong>, un pol\u00e9mico portal de noticias que con los a\u00f1os se convirti\u00f3 en un medio de referencia de la <a href=\"https:\/\/www.france24.com\/es\/tag\/derecha\/\" target=\"_self\">derecha<\/a> <a href=\"https:\/\/www.france24.com\/es\/tag\/argentina\/\" target=\"_self\">argentina<\/a> y del sector libertario.<\/p>\n<p>Su salto a la primera l\u00ednea de la pol\u00edtica lleg\u00f3 de la mano del actual presidente argentino, <a href=\"https:\/\/www.france24.com\/es\/tag\/javier-milei\/\" target=\"_self\">Javier Milei<\/a>.<\/p>\n<p>Durante la campa\u00f1a presidencial argentina de 2023, Cerimedo form\u00f3 parte del equipo que trabaj\u00f3 en la estrategia digital del entonces candidato por el partido ultraderechista <a href=\"https:\/\/www.france24.com\/es\/tag\/la-libertad-avanza\/\" target=\"_self\">La Libertad Avanza<\/a>.&nbsp;<\/p>\n<div class=\"m-em-image\">\n<figure class=\"m-item-image m-item-image--original m-item-image--has-caption\"> <picture class=\"a-picture a-picture--original\"><source type=\"image\/webp\" srcset=\"https:\/\/s.france24.com\/media\/display\/dba11ce8-9b35-11f1-bc85-005056a97e36\/w:246\/AP26209655113444.webp 246w, https:\/\/s.france24.com\/media\/display\/dba11ce8-9b35-11f1-bc85-005056a97e36\/w:388\/AP26209655113444.webp 388w, https:\/\/s.france24.com\/media\/display\/dba11ce8-9b35-11f1-bc85-005056a97e36\/w:720\/AP26209655113444.webp 720w, https:\/\/s.france24.com\/media\/display\/dba11ce8-9b35-11f1-bc85-005056a97e36\/w:980\/AP26209655113444.webp 980w\" sizes=\"(max-width: 1023px) calc(100vw - 32px), (min-width: 1024px) 850px\"><img fetchpriority=\"low\" decoding=\"async\" src=\"https:\/\/s.france24.com\/media\/display\/dba11ce8-9b35-11f1-bc85-005056a97e36\/w:980\/AP26209655113444.jpg\" srcset=\"https:\/\/s.france24.com\/media\/display\/dba11ce8-9b35-11f1-bc85-005056a97e36\/w:246\/AP26209655113444.jpg 246w, https:\/\/s.france24.com\/media\/display\/dba11ce8-9b35-11f1-bc85-005056a97e36\/w:388\/AP26209655113444.jpg 388w, https:\/\/s.france24.com\/media\/display\/dba11ce8-9b35-11f1-bc85-005056a97e36\/w:720\/AP26209655113444.jpg 720w, https:\/\/s.france24.com\/media\/display\/dba11ce8-9b35-11f1-bc85-005056a97e36\/w:980\/AP26209655113444.jpg 980w\" sizes=\"(max-width: 1023px) calc(100vw - 32px), (min-width: 1024px) 850px\" alt=\"El presidente argentino Javier Milei conversa con su hom\u00f3logo boliviano Rodrigo Paz durante la toma de posesi\u00f3n de Keiko Fujimori en Per\u00fa. Lima, 28 de julio de 2026. Un asesor de ambos, el argentino Fernando Cerimedo, est\u00e1 siendo involucrado en relaci\u00f3n con un intento de feminicidio en Bolivia.\" loading=\"lazy\" class=\"a-img \">\n<\/picture><figcaption class=\"a-figcaption\"> El presidente argentino Javier Milei conversa con su hom\u00f3logo boliviano Rodrigo Paz durante la toma de posesi\u00f3n de Keiko Fujimori en Per\u00fa. Lima, 28 de julio de 2026. Un asesor de ambos, el argentino Fernando Cerimedo, est\u00e1 siendo involucrado en relaci\u00f3n con un intento de feminicidio en Bolivia. Guadalupe Pardo\/Pool AP via AP &#8211; Guadalupe Pardo <\/figcaption><\/figure>\n<\/p><\/div>\n<p>Su tarea, sin embargo, no se limitaba \u00fanicamente a administrar las <a href=\"https:\/\/www.france24.com\/es\/tag\/redes-sociales\/\" target=\"_self\">redes sociales<\/a> de un candidato a la Presidencia.<\/p>\n<p>Cerimedo hablaba p\u00fablicamente de la <strong>batalla digital<\/strong> como un terreno en el que hab\u00eda que intervenir y no simplemente comunicar. En una entrevista con la revista &#8216;Noticias&#8217;, en 2022, reconoci\u00f3 que utilizaba lo que denominaba \u201ccampa\u00f1a negativa\u201d y \u00abgranjas de trolls\u00bb.<\/p>\n<p>Su relaci\u00f3n con el presidente argentino se enfri\u00f3 tras el triunfo electoral. El Gobierno argentino asegura que actualmente <strong>no ocupa ning\u00fan cargo en la Administraci\u00f3n <a href=\"https:\/\/www.france24.com\/es\/tag\/movimiento-libertario\/\" target=\"_self\">libertaria<\/a><\/strong>. Pero registros de ingresos a la <a href=\"https:\/\/www.france24.com\/es\/tag\/casa-rosada\/\" target=\"_self\">Casa Rosada<\/a> citados por medios argentinos muestran que Cerimedo continu\u00f3 visitando la sede presidencial despu\u00e9s de la llegada de Milei al poder.<\/p>\n<p class=\"a-read-more\"><span class=\"a-read-more__label\">Leer tambi\u00e9n<\/span><a href=\"https:\/\/www.france24.com\/es\/am\u00e9rica-latina\/20260818-nadie-est\u00e1-por-encima-de-la-ley-por-qu\u00e9-est\u00e1-detenido-en-bolivia-un-asesor-de-paz-y-milei\" target=\"_self\" class=\"a-read-more__link\">\u201cNadie est\u00e1 por encima de la ley\u201d: \u00bfpor qu\u00e9 est\u00e1 detenido en Bolivia un asesor de Paz y Milei?<\/a><\/p>\n<h2><strong>Bolsonaro y las \u201cmilicias digitales\u201d<\/strong><\/h2>\n<p>Antes de la victoria de Milei, Cerimedo hab\u00eda entablado v\u00ednculos con el bolsonarismo en <a href=\"https:\/\/www.france24.com\/es\/tag\/brasil\/\" target=\"_self\">Brasil<\/a>.<\/p>\n<p>Tras la derrota de <a href=\"https:\/\/www.france24.com\/es\/tag\/jair-bolsonaro\/\" target=\"_self\">Jair Bolsonaro<\/a> frente a <a href=\"https:\/\/www.france24.com\/es\/tag\/luiz-inacio-lula-da-silva\/\" target=\"_self\">Luiz In\u00e1cio Lula da Silva<\/a> en octubre de 2022, el argentino difundi\u00f3 una transmisi\u00f3n en internet en la que <strong>puso en duda la credibilidad de las urnas electr\u00f3nicas brasile\u00f1as<\/strong>.&nbsp;<\/p>\n<p>La Polic\u00eda Federal de Brasil sostiene que Cerimedo form\u00f3 parte del denominado \u201ccentro de desinformaci\u00f3n y ataques al sistema electoral\u201d. Se lo acusa de crear condiciones para impedir la llegada de Lula al poder.<\/p>\n<div class=\"m-em-image\">\n<figure class=\"m-item-image m-item-image--original m-item-image--has-caption\"> <picture class=\"a-picture a-picture--original\"><source type=\"image\/webp\" srcset=\"https:\/\/s.france24.com\/media\/display\/e92a3776-2094-11f1-95a2-005056a90284\/w:246\/BOLSONARO-OK-jpg.webp 246w, https:\/\/s.france24.com\/media\/display\/e92a3776-2094-11f1-95a2-005056a90284\/w:388\/BOLSONARO-OK-jpg.webp 388w, https:\/\/s.france24.com\/media\/display\/e92a3776-2094-11f1-95a2-005056a90284\/w:720\/BOLSONARO-OK-jpg.webp 720w, https:\/\/s.france24.com\/media\/display\/e92a3776-2094-11f1-95a2-005056a90284\/w:980\/BOLSONARO-OK-jpg.webp 980w\" sizes=\"(max-width: 1023px) calc(100vw - 32px), (min-width: 1024px) 850px\"><img fetchpriority=\"low\" decoding=\"async\" src=\"https:\/\/s.france24.com\/media\/display\/e92a3776-2094-11f1-95a2-005056a90284\/w:980\/BOLSONARO-OK-jpg.jpg\" srcset=\"https:\/\/s.france24.com\/media\/display\/e92a3776-2094-11f1-95a2-005056a90284\/w:246\/BOLSONARO-OK-jpg.jpg 246w, https:\/\/s.france24.com\/media\/display\/e92a3776-2094-11f1-95a2-005056a90284\/w:388\/BOLSONARO-OK-jpg.jpg 388w, https:\/\/s.france24.com\/media\/display\/e92a3776-2094-11f1-95a2-005056a90284\/w:720\/BOLSONARO-OK-jpg.jpg 720w, https:\/\/s.france24.com\/media\/display\/e92a3776-2094-11f1-95a2-005056a90284\/w:980\/BOLSONARO-OK-jpg.jpg 980w\" sizes=\"(max-width: 1023px) calc(100vw - 32px), (min-width: 1024px) 850px\" alt=\"Archivo: el expresidente de Brasil, Jair Bolsonaro, a quien se le permiti\u00f3 temporalmente salir del arresto domiciliario para recibir tratamiento m\u00e9dico, sale de un hospital en Brasilia, Brasil, el 14 de septiembre de 2025.\" loading=\"lazy\" class=\"a-img \">\n<\/picture><figcaption class=\"a-figcaption\"> Archivo: el expresidente de Brasil, Jair Bolsonaro, a quien se le permiti\u00f3 temporalmente salir del arresto domiciliario para recibir tratamiento m\u00e9dico, sale de un hospital en Brasilia, Brasil, el 14 de septiembre de 2025. \u00a9 AP\/Eraldo Peres <\/figcaption><\/figure>\n<\/p><\/div>\n<p>Seg\u00fan los investigadores, archivos utilizados por Cerimedo para denunciar un supuesto fraude fueron usados tambi\u00e9n por integrantes del c\u00edrculo de Bolsonaro. Su nombre apareci\u00f3 as\u00ed dentro de la investigaci\u00f3n sobre las llamadas <strong>\u201cmilicias digitales\u201d<\/strong>.<\/p>\n<p>En este caso, la relaci\u00f3n con el bolsonarismo est\u00e1 documentada. El diputado Eduardo Bolsonaro, hijo del expresidente, se reuni\u00f3 con Cerimedo en<a href=\"https:\/\/www.france24.com\/es\/tag\/buenos-aires\/\" target=\"_self\"> Buenos Aires<\/a> durante la campa\u00f1a brasile\u00f1a de 2022. Investigaciones period\u00edsticas tambi\u00e9n se\u00f1alaron contactos entre su estructura digital y miembros del entorno del entonces mandatario.<\/p>\n<p class=\"a-read-more\"><span class=\"a-read-more__label\">Leer tambi\u00e9n<\/span><a href=\"https:\/\/www.france24.com\/es\/minuto-a-minuto\/20260819-detienen-a-un-asesor-del-presidente-paz-tras-un-ataque-armado-contra-su-expareja-en-bolivia\" target=\"_self\" class=\"a-read-more__link\">Detienen a un asesor del presidente Paz tras un ataque armado contra su expareja en Bolivia<\/a><\/p>\n<h2 readability=\"-3\">\n<p><strong>Un asesor sin cargo en Bolivia<\/strong><\/p>\n<\/h2>\n<p>Su relaci\u00f3n con <a href=\"https:\/\/www.france24.com\/es\/tag\/rodrigo-paz\/\" target=\"_self\">Rodrigo Paz<\/a> volvi\u00f3 a mostrar una caracter\u00edstica que se repite en la trayectoria de Cerimedo: la <strong>dificultad para definir su rol dentro de los espacios pol\u00edticos<\/strong> en los que que trabaja.<\/p>\n<p>Cerimedo colabor\u00f3 con Paz durante la campa\u00f1a que lo llev\u00f3 a la Presidencia en 2025 y continu\u00f3 vinculado a su entorno despu\u00e9s de la elecci\u00f3n. Pero <strong>nunca fue presentado como funcionario ni firm\u00f3 un contrato con el Estado<\/strong>.<\/p>\n<p>Su presencia provoc\u00f3 controversias dentro del propio Gobierno.<\/p>\n<p>En julio, el entonces ministro de la Presidencia Jos\u00e9 Luis Lupo reconoci\u00f3 p\u00fablicamente que Cerimedo asesoraba a Paz. Mientras que el vicepresidente, <a href=\"https:\/\/www.france24.com\/es\/tag\/edmand-lara\/\" target=\"_self\">Edmand Lara<\/a>, lo defini\u00f3 como un <strong>\u201casesor personal\u201d<\/strong> del mandatario.<\/p>\n<div id=\"em-WBMZ416715-F24-ES-20260901\" class=\"m-em-flash\" data-xtwitter-script>\n<div class=\"o-em-consent \" readability=\"7\">\n<div class=\"o-em-consent__content\" readability=\"34\">\n<p class=\"o-em-consent__content__text\">Para mostrar este contenido de X (Twitter), debe autorizar las cookies de medici\u00f3n de audiencia y publicidad.<\/p>\n<p> <button class=\"a-master-button a-master-button--dark\" data-action=\"accept\"> Aceptar <svg class=\"a-svg a-svg--icon-check\"> <use xlink:href=\"\/build\/images\/svg\/sprite.1af31c2f854b10d5fc5627a4f4fa61be.svg#icon-check\" href=\"\/build\/images\/svg\/sprite.1af31c2f854b10d5fc5627a4f4fa61be.svg#icon-check\" \/> <\/svg> <\/button> <button class=\"a-link\" data-action=\"manage\">Gestionar mis opciones <svg class=\"a-svg a-svg--icon-edit\"> <use xlink:href=\"\/build\/images\/svg\/sprite.1af31c2f854b10d5fc5627a4f4fa61be.svg#icon-edit\" href=\"\/build\/images\/svg\/sprite.1af31c2f854b10d5fc5627a4f4fa61be.svg#icon-edit\" \/> <\/svg><br \/>\n<\/button> <\/div>\n<\/div>\n<\/div>\n<p>Una investigaci\u00f3n del sitio de verificaci\u00f3n &#8216;Chequeado&#8217; sostiene que Cerimedo habr\u00eda participado como asesor externo en la redacci\u00f3n o modificaci\u00f3n de al menos dos decretos supremos y una ley relacionados con decisiones del Ejecutivo.<\/p>\n<p>Desde la c\u00e1rcel, Cerimedo <strong>reconoci\u00f3 su amistad con Paz<\/strong>, pero asegur\u00f3 que nunca tuvo poder dentro del Gobierno.<\/p>\n<p>\u201cLe di consejos al presidente como amigo\u201d, afirm\u00f3. Tambi\u00e9n declar\u00f3 ante la Justicia que su colaboraci\u00f3n fue informal y que nunca tuvo decisi\u00f3n sobre ministros o funcionarios.<\/p>\n<p>Paz, por su parte, intenta distanciarse del consultor desde que estall\u00f3 el caso Beller. Tras el ataque, su Gobierno asegur\u00f3 que Cerimedo no recibir\u00eda ning\u00fan tipo de \u201cprotecci\u00f3n pol\u00edtica\u201d.<\/p>\n<h2><strong>La huella en Chile<\/strong><\/h2>\n<p>Numen, la agencia de Cerimedo, public\u00f3 en 2020, durante el primer proceso constitucional chileno, una encuesta que pronosticaba una elecci\u00f3n mucho m\u00e1s ajustada de lo que dec\u00edan pr\u00e1cticamente todos los estudios locales. Finalmente, la opci\u00f3n \u201cApruebo\u201d obtuvo cerca del 78% de los votos.<\/p>\n<p>La encuesta fue difundida por figuras de la derecha chilena y se convirti\u00f3 en una de las primeras apariciones p\u00fablicas importantes de Cerimedo en ese pa\u00eds.<\/p>\n<p>Investigaciones de medios chilenos mencionan v\u00ednculos con personas que participaron en las campa\u00f1as constitucionales y que luego se incorporaron al entorno de Kast.<\/p>\n<div class=\"m-em-image\">\n<figure class=\"m-item-image m-item-image--original m-item-image--has-caption\"> <picture class=\"a-picture a-picture--original\"><source type=\"image\/webp\" srcset=\"https:\/\/s.france24.com\/media\/display\/61de2c30-9b70-11f1-b325-005056a90284\/w:246\/AP26030650483608.webp 246w, https:\/\/s.france24.com\/media\/display\/61de2c30-9b70-11f1-b325-005056a90284\/w:388\/AP26030650483608.webp 388w, https:\/\/s.france24.com\/media\/display\/61de2c30-9b70-11f1-b325-005056a90284\/w:720\/AP26030650483608.webp 720w, https:\/\/s.france24.com\/media\/display\/61de2c30-9b70-11f1-b325-005056a90284\/w:980\/AP26030650483608.webp 980w\" sizes=\"(max-width: 1023px) calc(100vw - 32px), (min-width: 1024px) 850px\"><img fetchpriority=\"low\" decoding=\"async\" src=\"https:\/\/s.france24.com\/media\/display\/61de2c30-9b70-11f1-b325-005056a90284\/w:980\/AP26030650483608.jpg\" srcset=\"https:\/\/s.france24.com\/media\/display\/61de2c30-9b70-11f1-b325-005056a90284\/w:246\/AP26030650483608.jpg 246w, https:\/\/s.france24.com\/media\/display\/61de2c30-9b70-11f1-b325-005056a90284\/w:388\/AP26030650483608.jpg 388w, https:\/\/s.france24.com\/media\/display\/61de2c30-9b70-11f1-b325-005056a90284\/w:720\/AP26030650483608.jpg 720w, https:\/\/s.france24.com\/media\/display\/61de2c30-9b70-11f1-b325-005056a90284\/w:980\/AP26030650483608.jpg 980w\" sizes=\"(max-width: 1023px) calc(100vw - 32px), (min-width: 1024px) 850px\" alt=\"El presidente electo de Chile, Jos\u00e9 Antonio Kast, recibe una visita guiada por la mega prisi\u00f3n conocida como Centro de Detenci\u00f3n Contra el Terrorismo (CECOT) en Tecololuca, El Salvador, el viernes 30 de enero de 2026\" loading=\"lazy\" class=\"a-img \">\n<\/picture><figcaption class=\"a-figcaption\"> El presidente electo de Chile, Jos\u00e9 Antonio Kast, recibe una visita guiada por la mega prisi\u00f3n conocida como Centro de Detenci\u00f3n Contra el Terrorismo (CECOT) en Tecololuca, El Salvador, el viernes 30 de enero de 2026 AP &#8211; Salvador Melendez <\/figcaption><\/figure>\n<\/p><\/div>\n<p>El actual mandatario chileno, Jos\u00e9 Antonio Kast,&nbsp;<strong>admite que conoce al argentino,<\/strong>&nbsp;pero niega cualquier relaci\u00f3n profesional con \u00e9l.<\/p>\n<p><strong>\u201cEn ninguna de mis campa\u00f1as he trabajado con \u00e9l\u201d<\/strong>, afirm\u00f3 Kast este lunes al admitir que Cerimedo pudo haber asesorado a personas involucradas en la campa\u00f1a del Rechazo de 2020, pero remarc\u00f3 que no se trat\u00f3 de una campa\u00f1a organizada por el Partido Republicano.<\/p>\n<p class=\"a-read-more\"><span class=\"a-read-more__label\">Leer tambi\u00e9n<\/span><a href=\"https:\/\/www.france24.com\/es\/am\u00e9rica-latina\/20231218-chile-rechaza-una-propuesta-de-constituci\u00f3n-conservadora-segundo-proyecto-descartado-en-un-a\u00f1o\" target=\"_self\" class=\"a-read-more__link\">Chile rechaza una Constituci\u00f3n conservadora, segundo proyecto descartado en poco m\u00e1s de un a\u00f1o<\/a><\/p>\n<h2><strong>La &#8216;Derecha Diario&#8217; y la desinformaci\u00f3n como estrategia<\/strong><\/h2>\n<p>El portal comenz\u00f3 a funcionar en 2021 y r\u00e1pidamente se aline\u00f3 con el sector libertario argentino. Con el tiempo expandi\u00f3 su presencia a otros pa\u00edses.<\/p>\n<p>Distintas verificaciones de \u2018Chequeado\u2019 documentaron la difusi\u00f3n desde el sitio de <strong><a href=\"https:\/\/www.france24.com\/es\/tag\/fake-news\/\" target=\"_self\">informaci\u00f3n falsa<\/a> o enga\u00f1osa<\/strong> sobre temas que iban desde el atentado contra la entonces vicepresidenta argentina <a href=\"https:\/\/www.france24.com\/es\/tag\/cristina-fern\u00e1ndez-de-kirchner\/\" target=\"_self\">Cristina Fern\u00e1ndez de Kirchner<\/a> hasta las <a href=\"https:\/\/www.france24.com\/es\/tag\/elecciones-brasil-2022\/\" target=\"_self\">elecciones brasile\u00f1as<\/a>, el <a href=\"https:\/\/www.france24.com\/es\/tag\/cambio-clim\u00e1tico\/\" target=\"_self\">cambio clim\u00e1tico<\/a> y la educaci\u00f3n sexual.<\/p>\n<p>Despu\u00e9s de la derrota de Bolsonaro, &#8216;La Derecha Diario Brasil&#8217; difundi\u00f3 el video \u201cBrazil Was Stolen\u201d, que presentaba diferencias entre modelos de urnas electr\u00f3nicas como una supuesta prueba de <a href=\"https:\/\/www.france24.com\/es\/tag\/fraude\/\" target=\"_self\">fraude<\/a>. El contenido fue bloqueado por el Tribunal Superior Electoral brasile\u00f1o.<\/p>\n<div id=\"em-WBMZ416717-F24-ES-20260901\" class=\"m-em-flash\" data-xtwitter-script>\n<div class=\"o-em-consent \" readability=\"7\">\n<div class=\"o-em-consent__content\" readability=\"34\">\n<p class=\"o-em-consent__content__text\">Para mostrar este contenido de X (Twitter), debe autorizar las cookies de medici\u00f3n de audiencia y publicidad.<\/p>\n<p> <button class=\"a-master-button a-master-button--dark\" data-action=\"accept\"> Aceptar <svg class=\"a-svg a-svg--icon-check\"> <use xlink:href=\"\/build\/images\/svg\/sprite.1af31c2f854b10d5fc5627a4f4fa61be.svg#icon-check\" href=\"\/build\/images\/svg\/sprite.1af31c2f854b10d5fc5627a4f4fa61be.svg#icon-check\" \/> <\/svg> <\/button> <button class=\"a-link\" data-action=\"manage\">Gestionar mis opciones <svg class=\"a-svg a-svg--icon-edit\"> <use xlink:href=\"\/build\/images\/svg\/sprite.1af31c2f854b10d5fc5627a4f4fa61be.svg#icon-edit\" href=\"\/build\/images\/svg\/sprite.1af31c2f854b10d5fc5627a4f4fa61be.svg#icon-edit\" \/> <\/svg><br \/>\n<\/button> <\/div>\n<\/div>\n<\/div>\n<p>Al ser consultado sobre algunas de las falsedades publicadas por el portal, Cerimedo las calific\u00f3 de <strong>\u201cchiquilinadas\u201d<\/strong>. Adem\u00e1s, cuando se refiri\u00f3 a las campa\u00f1as digitales, explic\u00f3 c\u00f3mo pod\u00edan utilizarse &#8216;<strong>trolls&#8217; para instalar mensajes y modificar una conversaci\u00f3n en las redes<\/strong>.<\/p>\n<p>El m\u00e9todo combinaba medios, cuentas en redes sociales y amplificaci\u00f3n digital. Un contenido pod\u00eda aparecer primero en una p\u00e1gina, multiplicarse luego mediante cuentas reales o automatizadas y terminar incorporado a la discusi\u00f3n pol\u00edtica.<\/p>\n<p>La semana pasada, el diario \u2018Folha de S.Paulo\u2019 revel\u00f3 que cuentas argentinas vinculadas a Cerimedo y a influenciadores cercanos a Milei impulsaron en Brasil una campa\u00f1a sobre una <strong>supuesta \u201cinvasi\u00f3n\u201d de inmigrantes marroqu\u00edes<\/strong> en el estado de Santa Catarina.&nbsp;<\/p>\n<p>Cerimedo pose\u00eda hasta poco antes de su detenci\u00f3n el 50% de &#8216;La Derecha Diario&#8217;, seg\u00fan el peri\u00f3dico brasile\u00f1o.<\/p>\n<h2><strong>Un operador entre presidentes<\/strong><\/h2>\n<p>El recorrido de Cerimedo expone una manera de hacer pol\u00edtica que no depende necesariamente de ocupar un ministerio, dirigir un partido o aparecer junto al candidato en un acto.<\/p>\n<p>Cerimedo construy\u00f3 su lugar a trav\u00e9s de campa\u00f1as digitales, medios propios, encuestas, redes sociales y relaciones personales con dirigentes. A veces como asesor reconocido, otras como colaborador externo o simplemente como alguien con acceso al c\u00edrculo de poder.<\/p>\n<p>Ahora, desde una una c\u00e1rcel en Bolivia, intenta rebajar la capacidad de su influencia.<\/p>\n<div class=\"m-em-image\">\n<figure class=\"m-item-image m-item-image--original m-item-image--has-caption\"> <picture class=\"a-picture a-picture--original\"><source type=\"image\/webp\" srcset=\"https:\/\/s.france24.com\/media\/display\/4fc9256a-a20d-11f1-b463-005056a90284\/w:246\/4733a8e24ae598a6c4b6891483ca1c69b039b7d5.webp 246w, https:\/\/s.france24.com\/media\/display\/4fc9256a-a20d-11f1-b463-005056a90284\/w:388\/4733a8e24ae598a6c4b6891483ca1c69b039b7d5.webp 388w, https:\/\/s.france24.com\/media\/display\/4fc9256a-a20d-11f1-b463-005056a90284\/w:720\/4733a8e24ae598a6c4b6891483ca1c69b039b7d5.webp 720w, https:\/\/s.france24.com\/media\/display\/4fc9256a-a20d-11f1-b463-005056a90284\/w:980\/4733a8e24ae598a6c4b6891483ca1c69b039b7d5.webp 980w\" sizes=\"(max-width: 1023px) calc(100vw - 32px), (min-width: 1024px) 850px\"><img fetchpriority=\"low\" decoding=\"async\" src=\"https:\/\/s.france24.com\/media\/display\/4fc9256a-a20d-11f1-b463-005056a90284\/w:980\/4733a8e24ae598a6c4b6891483ca1c69b039b7d5.jpg\" srcset=\"https:\/\/s.france24.com\/media\/display\/4fc9256a-a20d-11f1-b463-005056a90284\/w:246\/4733a8e24ae598a6c4b6891483ca1c69b039b7d5.jpg 246w, https:\/\/s.france24.com\/media\/display\/4fc9256a-a20d-11f1-b463-005056a90284\/w:388\/4733a8e24ae598a6c4b6891483ca1c69b039b7d5.jpg 388w, https:\/\/s.france24.com\/media\/display\/4fc9256a-a20d-11f1-b463-005056a90284\/w:720\/4733a8e24ae598a6c4b6891483ca1c69b039b7d5.jpg 720w, https:\/\/s.france24.com\/media\/display\/4fc9256a-a20d-11f1-b463-005056a90284\/w:980\/4733a8e24ae598a6c4b6891483ca1c69b039b7d5.jpg 980w\" sizes=\"(max-width: 1023px) calc(100vw - 32px), (min-width: 1024px) 850px\" alt=\"Tres polic\u00edas trasladan al argentino Fernando Cerimedo (con mascarilla) desde el palacio de justicia a una c\u00e1rcel de Santa Cruz, el 21 de agosto de 2026 en esa ciudad de Bolivia\" loading=\"lazy\" class=\"a-img \">\n<\/picture><figcaption class=\"a-figcaption\"> Tres polic\u00edas trasladan al argentino Fernando Cerimedo (con mascarilla) desde el palacio de justicia a una c\u00e1rcel de Santa Cruz, el 21 de agosto de 2026 en esa ciudad de Bolivia \u00a9 Rodrigo Urzagasti \/ AFP\/Archivos <\/figcaption><\/figure>\n<\/p><\/div>\n<p>Asegura que nunca recibi\u00f3 dinero del Estado boliviano, que sus ingresos provienen de sus empresas y que con Rodrigo Paz apenas colabor\u00f3 como amigo. Tambi\u00e9n rechaza las acusaciones por el ataque contra Nadia Beller y las investigaciones abiertas en su contra.<\/p>\n<p>Ser\u00e1 la Justicia la que determine su responsabilidad en esas causas. Pero el caso dej\u00f3 expuesta la red que Cerimedo construy\u00f3 durante a\u00f1os entre campa\u00f1as, dirigentes y estructuras digitales de la derecha latinoamericana: una trama en la que <strong>el poder no siempre viene acompa\u00f1ado de un cargo<\/strong>.<\/p>\n<p>Con EFE, AFP y medios locales<\/p>\n","protected":false},"excerpt":{"rendered":"<p>Hasta hace unas semanas, Fernando Cerimedo era&#46;&#46;&#46;<\/p>\n","protected":false},"author":1,"featured_media":407598,"comment_status":"closed","ping_status":"closed","sticky":false,"template":"","format":"standard","meta":{"_jetpack_newsletter_access":"","_jetpack_dont_email_post_to_subs":false,"_jetpack_newsletter_tier_id":0,"_jetpack_memberships_contains_paywalled_content":false,"_jetpack_feature_clip_id":0,"_jetpack_memberships_contains_paid_content":false,"footnotes":"","jetpack_publicize_message":"","jetpack_publicize_feature_enabled":true,"jetpack_social_post_already_shared":true,"jetpack_social_options":{"image_generator_settings":{"template":"highway","default_image_id":0,"font":"","enabled":false},"version":2},"jetpack_post_was_ever_published":false},"categories":[43],"tags":[],"class_list":["post-407597","post","type-post","status-publish","format-standard","has-post-thumbnail","hentry","category-internacionales"],"yoast_head":"<!-- This site is optimized with the Yoast SEO plugin v28.1 - https:\/\/yoast.com\/product\/yoast-seo-wordpress\/ -->\n<title>Fernando Cerimedo, el pol\u00e9mico asesor que teji\u00f3 v\u00ednculos en la sombra con la derecha latinoamericana - Sarmiento24h<\/title>\n<meta name=\"robots\" content=\"index, follow, max-snippet:-1, max-image-preview:large, max-video-preview:-1\" \/>\n<link rel=\"canonical\" href=\"https:\/\/sarmiento24h.com\/?p=407597\" \/>\n<meta property=\"og:locale\" content=\"es_ES\" \/>\n<meta property=\"og:type\" content=\"article\" \/>\n<meta property=\"og:title\" content=\"Fernando Cerimedo, el pol\u00e9mico asesor que teji\u00f3 v\u00ednculos en la sombra con la derecha latinoamericana - Sarmiento24h\" \/>\n<meta property=\"og:description\" content=\"Hasta hace unas semanas, Fernando Cerimedo era&#046;&#046;&#046;\" \/>\n<meta property=\"og:url\" content=\"https:\/\/sarmiento24h.com\/?p=407597\" \/>\n<meta property=\"og:site_name\" content=\"Sarmiento24h\" \/>\n<meta property=\"article:publisher\" content=\"https:\/\/facebook.com\/s24hnoticias\" \/>\n<meta property=\"article:published_time\" content=\"2026-09-01T02:59:22+00:00\" \/>\n<meta property=\"og:image\" content=\"https:\/\/s.france24.com\/media\/display\/dba11ce8-9b35-11f1-bc85-005056a97e36\/w:980\/AP26209655113444.jpg\" \/>\n<meta name=\"author\" content=\"sarmiento24h@gmail.com\" \/>\n<meta name=\"twitter:card\" content=\"summary_large_image\" \/>\n<meta name=\"twitter:creator\" content=\"@sarmiento24h\" \/>\n<meta name=\"twitter:site\" content=\"@sarmiento24h\" \/>\n<meta name=\"twitter:label1\" content=\"Escrito por\" \/>\n\t<meta name=\"twitter:data1\" content=\"sarmiento24h@gmail.com\" \/>\n\t<meta name=\"twitter:label2\" content=\"Tiempo de lectura\" \/>\n\t<meta name=\"twitter:data2\" content=\"10 minutos\" \/>\n<script type=\"application\/ld+json\" class=\"yoast-schema-graph\">{\"@context\":\"https:\\\/\\\/schema.org\",\"@graph\":[{\"@type\":\"Article\",\"@id\":\"https:\\\/\\\/sarmiento24h.com\\\/?p=407597#article\",\"isPartOf\":{\"@id\":\"https:\\\/\\\/sarmiento24h.com\\\/?p=407597\"},\"author\":{\"name\":\"sarmiento24h@gmail.com\",\"@id\":\"https:\\\/\\\/sarmiento24h.com\\\/#\\\/schema\\\/person\\\/d653a59725ad629a7e0429af7b939d4d\"},\"headline\":\"Fernando Cerimedo, el pol\u00e9mico asesor que teji\u00f3 v\u00ednculos en la sombra con la derecha latinoamericana\",\"datePublished\":\"2026-09-01T02:59:22+00:00\",\"mainEntityOfPage\":{\"@id\":\"https:\\\/\\\/sarmiento24h.com\\\/?p=407597\"},\"wordCount\":1950,\"publisher\":{\"@id\":\"https:\\\/\\\/sarmiento24h.com\\\/#organization\"},\"image\":{\"@id\":\"https:\\\/\\\/sarmiento24h.com\\\/?p=407597#primaryimage\"},\"thumbnailUrl\":\"https:\\\/\\\/sarmiento24h.com\\\/wp-content\\\/uploads\\\/2026\\\/09\\\/fernando-cerimedo-el-polemico-asesor-que-tejio-vinculos-en-la-sombra-con-la-derecha-latinoamericana.jpg\",\"articleSection\":[\"Internacionales\"],\"inLanguage\":\"es\"},{\"@type\":\"WebPage\",\"@id\":\"https:\\\/\\\/sarmiento24h.com\\\/?p=407597\",\"url\":\"https:\\\/\\\/sarmiento24h.com\\\/?p=407597\",\"name\":\"Fernando Cerimedo, el pol\u00e9mico asesor que teji\u00f3 v\u00ednculos en la sombra con la derecha latinoamericana - Sarmiento24h\",\"isPartOf\":{\"@id\":\"https:\\\/\\\/sarmiento24h.com\\\/#website\"},\"primaryImageOfPage\":{\"@id\":\"https:\\\/\\\/sarmiento24h.com\\\/?p=407597#primaryimage\"},\"image\":{\"@id\":\"https:\\\/\\\/sarmiento24h.com\\\/?p=407597#primaryimage\"},\"thumbnailUrl\":\"https:\\\/\\\/sarmiento24h.com\\\/wp-content\\\/uploads\\\/2026\\\/09\\\/fernando-cerimedo-el-polemico-asesor-que-tejio-vinculos-en-la-sombra-con-la-derecha-latinoamericana.jpg\",\"datePublished\":\"2026-09-01T02:59:22+00:00\",\"breadcrumb\":{\"@id\":\"https:\\\/\\\/sarmiento24h.com\\\/?p=407597#breadcrumb\"},\"inLanguage\":\"es\",\"potentialAction\":[{\"@type\":\"ReadAction\",\"target\":[\"https:\\\/\\\/sarmiento24h.com\\\/?p=407597\"]}]},{\"@type\":\"ImageObject\",\"inLanguage\":\"es\",\"@id\":\"https:\\\/\\\/sarmiento24h.com\\\/?p=407597#primaryimage\",\"url\":\"https:\\\/\\\/sarmiento24h.com\\\/wp-content\\\/uploads\\\/2026\\\/09\\\/fernando-cerimedo-el-polemico-asesor-que-tejio-vinculos-en-la-sombra-con-la-derecha-latinoamericana.jpg\",\"contentUrl\":\"https:\\\/\\\/sarmiento24h.com\\\/wp-content\\\/uploads\\\/2026\\\/09\\\/fernando-cerimedo-el-polemico-asesor-que-tejio-vinculos-en-la-sombra-con-la-derecha-latinoamericana.jpg\",\"width\":980,\"height\":654},{\"@type\":\"BreadcrumbList\",\"@id\":\"https:\\\/\\\/sarmiento24h.com\\\/?p=407597#breadcrumb\",\"itemListElement\":[{\"@type\":\"ListItem\",\"position\":1,\"name\":\"Home\",\"item\":\"https:\\\/\\\/sarmiento24h.com\\\/\"},{\"@type\":\"ListItem\",\"position\":2,\"name\":\"Fernando Cerimedo, el pol\u00e9mico asesor que teji\u00f3 v\u00ednculos en la sombra con la derecha latinoamericana\"}]},{\"@type\":\"WebSite\",\"@id\":\"https:\\\/\\\/sarmiento24h.com\\\/#website\",\"url\":\"https:\\\/\\\/sarmiento24h.com\\\/\",\"name\":\"Sarmiento24h\",\"description\":\"\",\"publisher\":{\"@id\":\"https:\\\/\\\/sarmiento24h.com\\\/#organization\"},\"potentialAction\":[{\"@type\":\"SearchAction\",\"target\":{\"@type\":\"EntryPoint\",\"urlTemplate\":\"https:\\\/\\\/sarmiento24h.com\\\/?s={search_term_string}\"},\"query-input\":{\"@type\":\"PropertyValueSpecification\",\"valueRequired\":true,\"valueName\":\"search_term_string\"}}],\"inLanguage\":\"es\"},{\"@type\":\"Organization\",\"@id\":\"https:\\\/\\\/sarmiento24h.com\\\/#organization\",\"name\":\"Sarmiento24h\",\"url\":\"https:\\\/\\\/sarmiento24h.com\\\/\",\"logo\":{\"@type\":\"ImageObject\",\"inLanguage\":\"es\",\"@id\":\"https:\\\/\\\/sarmiento24h.com\\\/#\\\/schema\\\/logo\\\/image\\\/\",\"url\":\"https:\\\/\\\/sarmiento24h.com\\\/wp-content\\\/uploads\\\/2025\\\/12\\\/AddText_12-16-10.30.52.jpg\",\"contentUrl\":\"https:\\\/\\\/sarmiento24h.com\\\/wp-content\\\/uploads\\\/2025\\\/12\\\/AddText_12-16-10.30.52.jpg\",\"width\":1220,\"height\":324,\"caption\":\"Sarmiento24h\"},\"image\":{\"@id\":\"https:\\\/\\\/sarmiento24h.com\\\/#\\\/schema\\\/logo\\\/image\\\/\"},\"sameAs\":[\"https:\\\/\\\/facebook.com\\\/s24hnoticias\",\"https:\\\/\\\/x.com\\\/sarmiento24h\"]},{\"@type\":\"Person\",\"@id\":\"https:\\\/\\\/sarmiento24h.com\\\/#\\\/schema\\\/person\\\/d653a59725ad629a7e0429af7b939d4d\",\"name\":\"sarmiento24h@gmail.com\",\"image\":{\"@type\":\"ImageObject\",\"inLanguage\":\"es\",\"@id\":\"https:\\\/\\\/sarmiento24h.com\\\/wp-content\\\/litespeed\\\/avatar\\\/d02cbc4e23c747e6659cd45907173c8f.jpg?ver=1788047690\",\"url\":\"https:\\\/\\\/sarmiento24h.com\\\/wp-content\\\/litespeed\\\/avatar\\\/d02cbc4e23c747e6659cd45907173c8f.jpg?ver=1788047690\",\"contentUrl\":\"https:\\\/\\\/sarmiento24h.com\\\/wp-content\\\/litespeed\\\/avatar\\\/d02cbc4e23c747e6659cd45907173c8f.jpg?ver=1788047690\",\"caption\":\"sarmiento24h@gmail.com\"},\"sameAs\":[\"https:\\\/\\\/sarmiento24h.com\"],\"url\":\"https:\\\/\\\/sarmiento24h.com\\\/?author=1\"}]}<\/script>\n<!-- \/ Yoast SEO plugin. -->","yoast_head_json":{"title":"Fernando Cerimedo, el pol\u00e9mico asesor que teji\u00f3 v\u00ednculos en la sombra con la derecha latinoamericana - Sarmiento24h","robots":{"index":"index","follow":"follow","max-snippet":"max-snippet:-1","max-image-preview":"max-image-preview:large","max-video-preview":"max-video-preview:-1"},"canonical":"https:\/\/sarmiento24h.com\/?p=407597","og_locale":"es_ES","og_type":"article","og_title":"Fernando Cerimedo, el pol\u00e9mico asesor que teji\u00f3 v\u00ednculos en la sombra con la derecha latinoamericana - Sarmiento24h","og_description":"Hasta hace unas semanas, Fernando Cerimedo era&#46;&#46;&#46;","og_url":"https:\/\/sarmiento24h.com\/?p=407597","og_site_name":"Sarmiento24h","article_publisher":"https:\/\/facebook.com\/s24hnoticias","article_published_time":"2026-09-01T02:59:22+00:00","og_image":[{"url":"https:\/\/s.france24.com\/media\/display\/dba11ce8-9b35-11f1-bc85-005056a97e36\/w:980\/AP26209655113444.jpg","type":"","width":"","height":""}],"author":"sarmiento24h@gmail.com","twitter_card":"summary_large_image","twitter_creator":"@sarmiento24h","twitter_site":"@sarmiento24h","twitter_misc":{"Escrito por":"sarmiento24h@gmail.com","Tiempo de lectura":"10 minutos"},"schema":{"@context":"https:\/\/schema.org","@graph":[{"@type":"Article","@id":"https:\/\/sarmiento24h.com\/?p=407597#article","isPartOf":{"@id":"https:\/\/sarmiento24h.com\/?p=407597"},"author":{"name":"sarmiento24h@gmail.com","@id":"https:\/\/sarmiento24h.com\/#\/schema\/person\/d653a59725ad629a7e0429af7b939d4d"},"headline":"Fernando Cerimedo, el pol\u00e9mico asesor que teji\u00f3 v\u00ednculos en la sombra con la derecha latinoamericana","datePublished":"2026-09-01T02:59:22+00:00","mainEntityOfPage":{"@id":"https:\/\/sarmiento24h.com\/?p=407597"},"wordCount":1950,"publisher":{"@id":"https:\/\/sarmiento24h.com\/#organization"},"image":{"@id":"https:\/\/sarmiento24h.com\/?p=407597#primaryimage"},"thumbnailUrl":"https:\/\/sarmiento24h.com\/wp-content\/uploads\/2026\/09\/fernando-cerimedo-el-polemico-asesor-que-tejio-vinculos-en-la-sombra-con-la-derecha-latinoamericana.jpg","articleSection":["Internacionales"],"inLanguage":"es"},{"@type":"WebPage","@id":"https:\/\/sarmiento24h.com\/?p=407597","url":"https:\/\/sarmiento24h.com\/?p=407597","name":"Fernando Cerimedo, el pol\u00e9mico asesor que teji\u00f3 v\u00ednculos en la sombra con la derecha latinoamericana - Sarmiento24h","isPartOf":{"@id":"https:\/\/sarmiento24h.com\/#website"},"primaryImageOfPage":{"@id":"https:\/\/sarmiento24h.com\/?p=407597#primaryimage"},"image":{"@id":"https:\/\/sarmiento24h.com\/?p=407597#primaryimage"},"thumbnailUrl":"https:\/\/sarmiento24h.com\/wp-content\/uploads\/2026\/09\/fernando-cerimedo-el-polemico-asesor-que-tejio-vinculos-en-la-sombra-con-la-derecha-latinoamericana.jpg","datePublished":"2026-09-01T02:59:22+00:00","breadcrumb":{"@id":"https:\/\/sarmiento24h.com\/?p=407597#breadcrumb"},"inLanguage":"es","potentialAction":[{"@type":"ReadAction","target":["https:\/\/sarmiento24h.com\/?p=407597"]}]},{"@type":"ImageObject","inLanguage":"es","@id":"https:\/\/sarmiento24h.com\/?p=407597#primaryimage","url":"https:\/\/sarmiento24h.com\/wp-content\/uploads\/2026\/09\/fernando-cerimedo-el-polemico-asesor-que-tejio-vinculos-en-la-sombra-con-la-derecha-latinoamericana.jpg","contentUrl":"https:\/\/sarmiento24h.com\/wp-content\/uploads\/2026\/09\/fernando-cerimedo-el-polemico-asesor-que-tejio-vinculos-en-la-sombra-con-la-derecha-latinoamericana.jpg","width":980,"height":654},{"@type":"BreadcrumbList","@id":"https:\/\/sarmiento24h.com\/?p=407597#breadcrumb","itemListElement":[{"@type":"ListItem","position":1,"name":"Home","item":"https:\/\/sarmiento24h.com\/"},{"@type":"ListItem","position":2,"name":"Fernando Cerimedo, el pol\u00e9mico asesor que teji\u00f3 v\u00ednculos en la sombra con la derecha latinoamericana"}]},{"@type":"WebSite","@id":"https:\/\/sarmiento24h.com\/#website","url":"https:\/\/sarmiento24h.com\/","name":"Sarmiento24h","description":"","publisher":{"@id":"https:\/\/sarmiento24h.com\/#organization"},"potentialAction":[{"@type":"SearchAction","target":{"@type":"EntryPoint","urlTemplate":"https:\/\/sarmiento24h.com\/?s={search_term_string}"},"query-input":{"@type":"PropertyValueSpecification","valueRequired":true,"valueName":"search_term_string"}}],"inLanguage":"es"},{"@type":"Organization","@id":"https:\/\/sarmiento24h.com\/#organization","name":"Sarmiento24h","url":"https:\/\/sarmiento24h.com\/","logo":{"@type":"ImageObject","inLanguage":"es","@id":"https:\/\/sarmiento24h.com\/#\/schema\/logo\/image\/","url":"https:\/\/sarmiento24h.com\/wp-content\/uploads\/2025\/12\/AddText_12-16-10.30.52.jpg","contentUrl":"https:\/\/sarmiento24h.com\/wp-content\/uploads\/2025\/12\/AddText_12-16-10.30.52.jpg","width":1220,"height":324,"caption":"Sarmiento24h"},"image":{"@id":"https:\/\/sarmiento24h.com\/#\/schema\/logo\/image\/"},"sameAs":["https:\/\/facebook.com\/s24hnoticias","https:\/\/x.com\/sarmiento24h"]},{"@type":"Person","@id":"https:\/\/sarmiento24h.com\/#\/schema\/person\/d653a59725ad629a7e0429af7b939d4d","name":"sarmiento24h@gmail.com","image":{"@type":"ImageObject","inLanguage":"es","@id":"https:\/\/sarmiento24h.com\/wp-content\/litespeed\/avatar\/d02cbc4e23c747e6659cd45907173c8f.jpg?ver=1788047690","url":"https:\/\/sarmiento24h.com\/wp-content\/litespeed\/avatar\/d02cbc4e23c747e6659cd45907173c8f.jpg?ver=1788047690","contentUrl":"https:\/\/sarmiento24h.com\/wp-content\/litespeed\/avatar\/d02cbc4e23c747e6659cd45907173c8f.jpg?ver=1788047690","caption":"sarmiento24h@gmail.com"},"sameAs":["https:\/\/sarmiento24h.com"],"url":"https:\/\/sarmiento24h.com\/?author=1"}]}},"jetpack_publicize_connections":[],"jetpack_featured_media_url":"https:\/\/sarmiento24h.com\/wp-content\/uploads\/2026\/09\/fernando-cerimedo-el-polemico-asesor-que-tejio-vinculos-en-la-sombra-con-la-derecha-latinoamericana.jpg","jetpack_sharing_enabled":true,"_links":{"self":[{"href":"https:\/\/sarmiento24h.com\/index.php?rest_route=\/wp\/v2\/posts\/407597","targetHints":{"allow":["GET"]}}],"collection":[{"href":"https:\/\/sarmiento24h.com\/index.php?rest_route=\/wp\/v2\/posts"}],"about":[{"href":"https:\/\/sarmiento24h.com\/index.php?rest_route=\/wp\/v2\/types\/post"}],"author":[{"embeddable":true,"href":"https:\/\/sarmiento24h.com\/index.php?rest_route=\/wp\/v2\/users\/1"}],"replies":[{"embeddable":true,"href":"https:\/\/sarmiento24h.com\/index.php?rest_route=%2Fwp%2Fv2%2Fcomments&post=407597"}],"version-history":[{"count":0,"href":"https:\/\/sarmiento24h.com\/index.php?rest_route=\/wp\/v2\/posts\/407597\/revisions"}],"wp:featuredmedia":[{"embeddable":true,"href":"https:\/\/sarmiento24h.com\/index.php?rest_route=\/wp\/v2\/media\/407598"}],"wp:attachment":[{"href":"https:\/\/sarmiento24h.com\/index.php?rest_route=%2Fwp%2Fv2%2Fmedia&parent=407597"}],"wp:term":[{"taxonomy":"category","embeddable":true,"href":"https:\/\/sarmiento24h.com\/index.php?rest_route=%2Fwp%2Fv2%2Fcategories&post=407597"},{"taxonomy":"post_tag","embeddable":true,"href":"https:\/\/sarmiento24h.com\/index.php?rest_route=%2Fwp%2Fv2%2Ftags&post=407597"}],"curies":[{"name":"wp","href":"https:\/\/api.w.org\/{rel}","templated":true}]}}