{"id":407762,"date":"2026-09-01T05:09:20","date_gmt":"2026-09-01T05:09:20","guid":{"rendered":"http:\/\/almomento.net\/?p=1146904"},"modified":"2026-09-01T05:09:20","modified_gmt":"2026-09-01T05:09:20","slug":"la-dedocracia-legal-que-asfixia-a-la-base-opinion","status":"publish","type":"post","link":"https:\/\/sarmiento24h.com\/?p=407762","title":{"rendered":"La dedocracia legal que asfixia a la base (OPINION)"},"content":{"rendered":"<div class=\"gs-tts-pro gs-tts-theme-light\" data-gs-tts-player readability=\"7\">\n<p> <strong>Escuchar art\u00edculo<\/strong> <br \/><button type=\"button\" class=\"gs-tts-btn gs-tts-start\" data-gs-tts-start>Reproducir<\/button> <button type=\"button\" class=\"gs-tts-btn gs-tts-pause\" data-gs-tts-pause>Pausar<\/button> <button type=\"button\" class=\"gs-tts-btn gs-tts-stop\" data-gs-tts-stop>Detener<\/button> <\/p>\n<\/p><\/div>\n<p><b>POR WILLIAN REYNOSO SANCHEZ<\/b><\/p>\n<p>El teatro pol\u00edtico dominicano se prepara para una nueva funci\u00f3n de cara a los comicios presidenciales del 2028, pero el libreto ya parece estar escrito y ensayado tras bambalinas. Lo que en teor\u00eda constitucional deber\u00eda ser la fiesta de la democracia interna de los partidos, en la pr\u00e1ctica se encamina a convertirse en un mon\u00f3logo de las c\u00fapulas. La costumbre de la imposici\u00f3n, solapada bajo elegantes eufemismos procedimentales, amenaza una vez m\u00e1s con secuestrar la voluntad de la militancia de base.<\/p>\n<p>El panorama que se vislumbra en las principales fuerzas partidarias es el reflejo de una cultura donde el voto universal es sustituido por la discrecionalidad del poder. En la Fuerza del Pueblo (FP), la candidatura de Leonel Fern\u00e1ndez camina sobre el riel indiscutible de la \u00abaclamaci\u00f3n\u00bb, evitando de forma calculada ir a unas primarias abiertas donde la militancia elija libremente.<\/p>\n<p>En el Partido de la Liberaci\u00f3n Dominicana (PLD), Danilo Medina no permitir\u00e1 una contienda abierta y proyecta imponer la proclamaci\u00f3n del Comit\u00e9 Pol\u00edtico, con la ratificaci\u00f3n sumisa del Comit\u00e9 Central, para empujar la figura de Gonzalo Castillo (El Penco).<\/p>\n<p>En ambas organizaciones, la democracia interna es una pura ficci\u00f3n: tanto Leonel como Danilo son los due\u00f1os de sus parcelas, ahogan de ra\u00edz cualquier intento de disenso y, de llegar a celebrar procesos internos, recurrir\u00e1n a competidores de utiler\u00eda que se presten a hacerles el juego para vender ante la sociedad una falsa imagen de institucionalidad. Lo que ellos decidan \u00abva a misa\u00bb.<\/p>\n<p><b>Viacrucis<\/b><\/p>\n<p>Sin embargo, el verdadero \u00abV\u00eda Crucis\u00bb se escenificar\u00e1 a lo interno del oficialista Partido Revolucionario Moderno (PRM). En este escenario entra en juego la figura de Luis Abinader desempe\u00f1ando dobles funciones: la de primer mandatario de la Naci\u00f3n y la de presidente del PRM. La intenci\u00f3n de consensuar la figura del ministro de Turismo, David Collado, bajo la cobija del sector del presidente Abinader, chocar\u00e1 de frente con el muro de contenci\u00f3n del \u00abHipolitismo\u00bb.<\/p>\n<p><img loading=\"lazy\" decoding=\"async\" class=\"size-medium wp-image-1146905 alignleft\" src=\"https:\/\/almomento.net\/wp-content\/uploads\/2026\/08\/fp--300x200.png\" alt width=\"300\" height=\"200\" srcset=\"https:\/\/almomento.net\/wp-content\/uploads\/2026\/08\/fp--300x200.png 300w, https:\/\/almomento.net\/wp-content\/uploads\/2026\/08\/fp--1024x683.png 1024w, https:\/\/almomento.net\/wp-content\/uploads\/2026\/08\/fp--768x512.png 768w, https:\/\/almomento.net\/wp-content\/uploads\/2026\/08\/fp--143x95.png 143w, https:\/\/almomento.net\/wp-content\/uploads\/2026\/08\/fp--375x250.png 375w, https:\/\/almomento.net\/wp-content\/uploads\/2026\/08\/fp-.png 1536w\" sizes=\"auto, (max-width: 300px) 100vw, 300px\"><\/p>\n<p>Para el sector que lidera el expresidente Hip\u00f3lito Mej\u00eda, la meta principal es impulsar las aspiraciones de su hija Carolina Mej\u00eda, precandidata presidencial que compite directamente a lo interno contra David Collado. Dejar que la militancia del PRM sea doblegada y \u00abvencida\u00bb por el sector de Abinader no ser\u00e1 una transici\u00f3n de terciopelo; al grupo de Collado y Abinader le va a costar negociar y ceder muchas cosas.<\/p>\n<p>Negociar con Hip\u00f3lito Mej\u00eda exigir\u00e1 ceder cuotas de poder de alto calibre para el sector de su hija \u2014desde la Alcald\u00eda y la Senadur\u00eda del Distrito Nacional hasta varios Ministerios y Direcciones importantes\u2014; solo as\u00ed se evitar\u00e1 que el exmandatario le tire \u00abuna pasta de jab\u00f3n al sancocho\u00bb de la unidad interna.<\/p>\n<p>La pregunta de fondo es: \u00bfc\u00f3mo es posible que el destino electoral de una naci\u00f3n y de sus partidos se decida en negociaciones de aposento? La respuesta se encuentra en el entramado legal vigente.<\/p>\n<p>El blindaje legal del centralismo<\/p>\n<p>La paradoja del sistema electoral dominicano radica en que la misma legislaci\u00f3n aprobada para democratizar las organizaciones termin\u00f3 institucionalizando el caudillismo legalizado. El art\u00edculo 45 de la Ley No. 33-18 de Partidos, Agrupaciones y Movimientos Pol\u00edticos consagra que la escogencia de precandidatos se efect\u00faa conforme a los estatutos de cada organizaci\u00f3n. En su P\u00e1rrafo II, la ley le otorga el derecho a cada partido de decidir la modalidad, m\u00e9todo y tipo de registro de electores o padr\u00f3n.<\/p>\n<p>Esta manga ancha legal abre las puertas a modalidades como el consenso, las encuestas, la aclamaci\u00f3n o las delegaciones de asamblea. Herramientas que, en el papel, buscan flexibilidad organizativa, pero en la realidad sirven como un \u00abtraje a la medida\u00bb para que las comisiones ejecutivas y comit\u00e9s pol\u00edticos mantengan el control absoluto y anulen cualquier competencia real.<\/p>\n<p>Aunque el art\u00edculo 216 de la Constituci\u00f3n de la Rep\u00fablica Dominicana exige que la organizaci\u00f3n de los partidos se ponga bajo el amparo de la democracia interna, y el art\u00edculo 30 de la Ley 33-18 consagra expl\u00edcitamente el&nbsp;<i>Derecho a elecci\u00f3n y postulaci\u00f3n<\/i>&nbsp;para los afiliados, estas premisas se convierten en letra muerta cuando los mecanismos directivos imponen sus candidatos predilectos. Asimismo, la Ley Org\u00e1nica del R\u00e9gimen Electoral No. 20-23 supervisa y valida los plazos de estas precampa\u00f1as y formalizaciones, dejando intacto el poder de las c\u00fapulas para elegir el m\u00e9todo que m\u00e1s conveniencia t\u00e1ctica les depare.<\/p>\n<p>El desencanto de las bases y la urgencia de una reforma implacable<\/p>\n<p>El costo de todas estas artima\u00f1as lo paga la militancia de abajo, los de la base. Esos dirigentes de barrio, l\u00edderes comunitarios y cuadros sectoriales que est\u00e1n de forma permanente registrando, afiliando e identificando votantes por calles y barrancones observan con frustraci\u00f3n c\u00f3mo sus leg\u00edtimas aspiraciones a cargos municipales, congresuales o presidenciales se desmoronan por acuerdos pactados arriba. La decisi\u00f3n de las c\u00fapulas arruina y tumba sus aspiraciones, no obstante ser l\u00edderes genuinos de sus comunidades.<\/p>\n<p>Para frenar esta sangr\u00eda democr\u00e1tica y hacer que la militancia vuelva a creer y confiar, se hace impostergable una reforma profunda y t\u00e1cita tanto a la Ley No. 33-18 de Partidos Pol\u00edticos como a la Ley Org\u00e1nica No. 20-23 de R\u00e9gimen Electoral.<\/p>\n<p>Es urgente erradicar por completo las modalidades de \u00abconsenso\u00bb, \u00abaclamaci\u00f3n\u00bb y las \u00abdecisiones delegadas\u00bb de comit\u00e9s ejecutivos o comisiones pol\u00edticas para la escogencia de candidaturas de elecci\u00f3n popular. La legislaci\u00f3n debe ser taxativa: el \u00fanico m\u00e9todo democr\u00e1tico y leg\u00edtimo para la escogencia de autoridades partidarias y candidatos a cargos electivos en las elecciones municipales, congresuales y generales debe ser el voto universal, directo y secreto, mediante primarias \u00fanicas y convenciones.<\/p>\n<p>Solo garantizando que reine el voto universal de las bases \u2014y no los acuerdos de aposento ni los montajes teatrales de las c\u00fapulas\u2014 se lograr\u00e1 que los ciudadanos y la militancia vuelvan a confiar en los partidos tradicionales como verdaderos instrumentos de la voluntad popular.<\/p>\n<p><i>jpm-am<\/i><\/p>\n<div class=\"heateor_sss_sharing_container heateor_sss_horizontal_sharing\" data-heateor-sss-href=\"https:\/\/almomento.net\/la-dedocracia-legal-que-asfixia-a-la-base-opinion\/\" readability=\"7\">\n<p>Comp\u00e1rtelo en tus redes:<\/p>\n<\/div>\n<p> <!-- 468x60 --><br \/>\n<ins class=\"adsbygoogle\" data-ad-client=\"ca-pub-3511341636159665\" data-ad-slot=\"3538255450\"><\/ins> <!-- .entry-content --> <\/p>\n","protected":false},"excerpt":{"rendered":"<p>Escuchar art\u00edculo Reproducir Pausar Detener POR WILLIAN&#46;&#46;&#46;<\/p>\n","protected":false},"author":1,"featured_media":407763,"comment_status":"closed","ping_status":"closed","sticky":false,"template":"","format":"standard","meta":{"_jetpack_newsletter_access":"","_jetpack_dont_email_post_to_subs":false,"_jetpack_newsletter_tier_id":0,"_jetpack_memberships_contains_paywalled_content":false,"_jetpack_feature_clip_id":0,"_jetpack_memberships_contains_paid_content":false,"footnotes":"","jetpack_publicize_message":"","jetpack_publicize_feature_enabled":true,"jetpack_social_post_already_shared":true,"jetpack_social_options":{"image_generator_settings":{"template":"highway","default_image_id":0,"font":"","enabled":false},"version":2},"jetpack_post_was_ever_published":false},"categories":[61],"tags":[],"class_list":["post-407762","post","type-post","status-publish","format-standard","has-post-thumbnail","hentry","category-politica"],"yoast_head":"<!-- This site is optimized with the Yoast SEO plugin v28.1 - https:\/\/yoast.com\/product\/yoast-seo-wordpress\/ -->\n<title>La dedocracia legal que asfixia a la base (OPINION) - Sarmiento24h<\/title>\n<meta name=\"robots\" content=\"index, follow, max-snippet:-1, max-image-preview:large, max-video-preview:-1\" \/>\n<link rel=\"canonical\" href=\"https:\/\/sarmiento24h.com\/?p=407762\" \/>\n<meta property=\"og:locale\" content=\"es_ES\" \/>\n<meta property=\"og:type\" content=\"article\" \/>\n<meta property=\"og:title\" content=\"La dedocracia legal que asfixia a la base (OPINION) - Sarmiento24h\" \/>\n<meta property=\"og:description\" content=\"Escuchar art\u00edculo Reproducir Pausar Detener POR WILLIAN&#046;&#046;&#046;\" \/>\n<meta property=\"og:url\" content=\"https:\/\/sarmiento24h.com\/?p=407762\" \/>\n<meta property=\"og:site_name\" content=\"Sarmiento24h\" \/>\n<meta property=\"article:publisher\" content=\"https:\/\/facebook.com\/s24hnoticias\" \/>\n<meta property=\"article:published_time\" content=\"2026-09-01T05:09:20+00:00\" \/>\n<meta name=\"author\" content=\"sarmiento24h@gmail.com\" \/>\n<meta name=\"twitter:card\" content=\"summary_large_image\" \/>\n<meta name=\"twitter:creator\" content=\"@sarmiento24h\" \/>\n<meta name=\"twitter:site\" content=\"@sarmiento24h\" \/>\n<meta name=\"twitter:label1\" content=\"Escrito por\" \/>\n\t<meta name=\"twitter:data1\" content=\"sarmiento24h@gmail.com\" \/>\n\t<meta name=\"twitter:label2\" content=\"Tiempo de lectura\" \/>\n\t<meta name=\"twitter:data2\" content=\"5 minutos\" \/>\n<script type=\"application\/ld+json\" class=\"yoast-schema-graph\">{\"@context\":\"https:\\\/\\\/schema.org\",\"@graph\":[{\"@type\":\"Article\",\"@id\":\"https:\\\/\\\/sarmiento24h.com\\\/?p=407762#article\",\"isPartOf\":{\"@id\":\"https:\\\/\\\/sarmiento24h.com\\\/?p=407762\"},\"author\":{\"name\":\"sarmiento24h@gmail.com\",\"@id\":\"https:\\\/\\\/sarmiento24h.com\\\/#\\\/schema\\\/person\\\/d653a59725ad629a7e0429af7b939d4d\"},\"headline\":\"La dedocracia legal que asfixia a la base (OPINION)\",\"datePublished\":\"2026-09-01T05:09:20+00:00\",\"mainEntityOfPage\":{\"@id\":\"https:\\\/\\\/sarmiento24h.com\\\/?p=407762\"},\"wordCount\":1062,\"publisher\":{\"@id\":\"https:\\\/\\\/sarmiento24h.com\\\/#organization\"},\"image\":{\"@id\":\"https:\\\/\\\/sarmiento24h.com\\\/?p=407762#primaryimage\"},\"thumbnailUrl\":\"https:\\\/\\\/sarmiento24h.com\\\/wp-content\\\/uploads\\\/2026\\\/09\\\/la-dedocracia-legal-que-asfixia-a-la-base-opinion.png\",\"articleSection\":[\"Politica\"],\"inLanguage\":\"es\"},{\"@type\":\"WebPage\",\"@id\":\"https:\\\/\\\/sarmiento24h.com\\\/?p=407762\",\"url\":\"https:\\\/\\\/sarmiento24h.com\\\/?p=407762\",\"name\":\"La dedocracia legal que asfixia a la base (OPINION) - Sarmiento24h\",\"isPartOf\":{\"@id\":\"https:\\\/\\\/sarmiento24h.com\\\/#website\"},\"primaryImageOfPage\":{\"@id\":\"https:\\\/\\\/sarmiento24h.com\\\/?p=407762#primaryimage\"},\"image\":{\"@id\":\"https:\\\/\\\/sarmiento24h.com\\\/?p=407762#primaryimage\"},\"thumbnailUrl\":\"https:\\\/\\\/sarmiento24h.com\\\/wp-content\\\/uploads\\\/2026\\\/09\\\/la-dedocracia-legal-que-asfixia-a-la-base-opinion.png\",\"datePublished\":\"2026-09-01T05:09:20+00:00\",\"breadcrumb\":{\"@id\":\"https:\\\/\\\/sarmiento24h.com\\\/?p=407762#breadcrumb\"},\"inLanguage\":\"es\",\"potentialAction\":[{\"@type\":\"ReadAction\",\"target\":[\"https:\\\/\\\/sarmiento24h.com\\\/?p=407762\"]}]},{\"@type\":\"ImageObject\",\"inLanguage\":\"es\",\"@id\":\"https:\\\/\\\/sarmiento24h.com\\\/?p=407762#primaryimage\",\"url\":\"https:\\\/\\\/sarmiento24h.com\\\/wp-content\\\/uploads\\\/2026\\\/09\\\/la-dedocracia-legal-que-asfixia-a-la-base-opinion.png\",\"contentUrl\":\"https:\\\/\\\/sarmiento24h.com\\\/wp-content\\\/uploads\\\/2026\\\/09\\\/la-dedocracia-legal-que-asfixia-a-la-base-opinion.png\",\"width\":300,\"height\":200},{\"@type\":\"BreadcrumbList\",\"@id\":\"https:\\\/\\\/sarmiento24h.com\\\/?p=407762#breadcrumb\",\"itemListElement\":[{\"@type\":\"ListItem\",\"position\":1,\"name\":\"Home\",\"item\":\"https:\\\/\\\/sarmiento24h.com\\\/\"},{\"@type\":\"ListItem\",\"position\":2,\"name\":\"La dedocracia legal que asfixia a la base (OPINION)\"}]},{\"@type\":\"WebSite\",\"@id\":\"https:\\\/\\\/sarmiento24h.com\\\/#website\",\"url\":\"https:\\\/\\\/sarmiento24h.com\\\/\",\"name\":\"Sarmiento24h\",\"description\":\"\",\"publisher\":{\"@id\":\"https:\\\/\\\/sarmiento24h.com\\\/#organization\"},\"potentialAction\":[{\"@type\":\"SearchAction\",\"target\":{\"@type\":\"EntryPoint\",\"urlTemplate\":\"https:\\\/\\\/sarmiento24h.com\\\/?s={search_term_string}\"},\"query-input\":{\"@type\":\"PropertyValueSpecification\",\"valueRequired\":true,\"valueName\":\"search_term_string\"}}],\"inLanguage\":\"es\"},{\"@type\":\"Organization\",\"@id\":\"https:\\\/\\\/sarmiento24h.com\\\/#organization\",\"name\":\"Sarmiento24h\",\"url\":\"https:\\\/\\\/sarmiento24h.com\\\/\",\"logo\":{\"@type\":\"ImageObject\",\"inLanguage\":\"es\",\"@id\":\"https:\\\/\\\/sarmiento24h.com\\\/#\\\/schema\\\/logo\\\/image\\\/\",\"url\":\"https:\\\/\\\/sarmiento24h.com\\\/wp-content\\\/uploads\\\/2025\\\/12\\\/AddText_12-16-10.30.52.jpg\",\"contentUrl\":\"https:\\\/\\\/sarmiento24h.com\\\/wp-content\\\/uploads\\\/2025\\\/12\\\/AddText_12-16-10.30.52.jpg\",\"width\":1220,\"height\":324,\"caption\":\"Sarmiento24h\"},\"image\":{\"@id\":\"https:\\\/\\\/sarmiento24h.com\\\/#\\\/schema\\\/logo\\\/image\\\/\"},\"sameAs\":[\"https:\\\/\\\/facebook.com\\\/s24hnoticias\",\"https:\\\/\\\/x.com\\\/sarmiento24h\"]},{\"@type\":\"Person\",\"@id\":\"https:\\\/\\\/sarmiento24h.com\\\/#\\\/schema\\\/person\\\/d653a59725ad629a7e0429af7b939d4d\",\"name\":\"sarmiento24h@gmail.com\",\"image\":{\"@type\":\"ImageObject\",\"inLanguage\":\"es\",\"@id\":\"https:\\\/\\\/sarmiento24h.com\\\/wp-content\\\/litespeed\\\/avatar\\\/d02cbc4e23c747e6659cd45907173c8f.jpg?ver=1788047690\",\"url\":\"https:\\\/\\\/sarmiento24h.com\\\/wp-content\\\/litespeed\\\/avatar\\\/d02cbc4e23c747e6659cd45907173c8f.jpg?ver=1788047690\",\"contentUrl\":\"https:\\\/\\\/sarmiento24h.com\\\/wp-content\\\/litespeed\\\/avatar\\\/d02cbc4e23c747e6659cd45907173c8f.jpg?ver=1788047690\",\"caption\":\"sarmiento24h@gmail.com\"},\"sameAs\":[\"https:\\\/\\\/sarmiento24h.com\"],\"url\":\"https:\\\/\\\/sarmiento24h.com\\\/?author=1\"}]}<\/script>\n<!-- \/ Yoast SEO plugin. -->","yoast_head_json":{"title":"La dedocracia legal que asfixia a la base (OPINION) - Sarmiento24h","robots":{"index":"index","follow":"follow","max-snippet":"max-snippet:-1","max-image-preview":"max-image-preview:large","max-video-preview":"max-video-preview:-1"},"canonical":"https:\/\/sarmiento24h.com\/?p=407762","og_locale":"es_ES","og_type":"article","og_title":"La dedocracia legal que asfixia a la base (OPINION) - Sarmiento24h","og_description":"Escuchar art\u00edculo Reproducir Pausar Detener POR WILLIAN&#46;&#46;&#46;","og_url":"https:\/\/sarmiento24h.com\/?p=407762","og_site_name":"Sarmiento24h","article_publisher":"https:\/\/facebook.com\/s24hnoticias","article_published_time":"2026-09-01T05:09:20+00:00","author":"sarmiento24h@gmail.com","twitter_card":"summary_large_image","twitter_creator":"@sarmiento24h","twitter_site":"@sarmiento24h","twitter_misc":{"Escrito por":"sarmiento24h@gmail.com","Tiempo de lectura":"5 minutos"},"schema":{"@context":"https:\/\/schema.org","@graph":[{"@type":"Article","@id":"https:\/\/sarmiento24h.com\/?p=407762#article","isPartOf":{"@id":"https:\/\/sarmiento24h.com\/?p=407762"},"author":{"name":"sarmiento24h@gmail.com","@id":"https:\/\/sarmiento24h.com\/#\/schema\/person\/d653a59725ad629a7e0429af7b939d4d"},"headline":"La dedocracia legal que asfixia a la base (OPINION)","datePublished":"2026-09-01T05:09:20+00:00","mainEntityOfPage":{"@id":"https:\/\/sarmiento24h.com\/?p=407762"},"wordCount":1062,"publisher":{"@id":"https:\/\/sarmiento24h.com\/#organization"},"image":{"@id":"https:\/\/sarmiento24h.com\/?p=407762#primaryimage"},"thumbnailUrl":"https:\/\/sarmiento24h.com\/wp-content\/uploads\/2026\/09\/la-dedocracia-legal-que-asfixia-a-la-base-opinion.png","articleSection":["Politica"],"inLanguage":"es"},{"@type":"WebPage","@id":"https:\/\/sarmiento24h.com\/?p=407762","url":"https:\/\/sarmiento24h.com\/?p=407762","name":"La dedocracia legal que asfixia a la base (OPINION) - Sarmiento24h","isPartOf":{"@id":"https:\/\/sarmiento24h.com\/#website"},"primaryImageOfPage":{"@id":"https:\/\/sarmiento24h.com\/?p=407762#primaryimage"},"image":{"@id":"https:\/\/sarmiento24h.com\/?p=407762#primaryimage"},"thumbnailUrl":"https:\/\/sarmiento24h.com\/wp-content\/uploads\/2026\/09\/la-dedocracia-legal-que-asfixia-a-la-base-opinion.png","datePublished":"2026-09-01T05:09:20+00:00","breadcrumb":{"@id":"https:\/\/sarmiento24h.com\/?p=407762#breadcrumb"},"inLanguage":"es","potentialAction":[{"@type":"ReadAction","target":["https:\/\/sarmiento24h.com\/?p=407762"]}]},{"@type":"ImageObject","inLanguage":"es","@id":"https:\/\/sarmiento24h.com\/?p=407762#primaryimage","url":"https:\/\/sarmiento24h.com\/wp-content\/uploads\/2026\/09\/la-dedocracia-legal-que-asfixia-a-la-base-opinion.png","contentUrl":"https:\/\/sarmiento24h.com\/wp-content\/uploads\/2026\/09\/la-dedocracia-legal-que-asfixia-a-la-base-opinion.png","width":300,"height":200},{"@type":"BreadcrumbList","@id":"https:\/\/sarmiento24h.com\/?p=407762#breadcrumb","itemListElement":[{"@type":"ListItem","position":1,"name":"Home","item":"https:\/\/sarmiento24h.com\/"},{"@type":"ListItem","position":2,"name":"La dedocracia legal que asfixia a la base (OPINION)"}]},{"@type":"WebSite","@id":"https:\/\/sarmiento24h.com\/#website","url":"https:\/\/sarmiento24h.com\/","name":"Sarmiento24h","description":"","publisher":{"@id":"https:\/\/sarmiento24h.com\/#organization"},"potentialAction":[{"@type":"SearchAction","target":{"@type":"EntryPoint","urlTemplate":"https:\/\/sarmiento24h.com\/?s={search_term_string}"},"query-input":{"@type":"PropertyValueSpecification","valueRequired":true,"valueName":"search_term_string"}}],"inLanguage":"es"},{"@type":"Organization","@id":"https:\/\/sarmiento24h.com\/#organization","name":"Sarmiento24h","url":"https:\/\/sarmiento24h.com\/","logo":{"@type":"ImageObject","inLanguage":"es","@id":"https:\/\/sarmiento24h.com\/#\/schema\/logo\/image\/","url":"https:\/\/sarmiento24h.com\/wp-content\/uploads\/2025\/12\/AddText_12-16-10.30.52.jpg","contentUrl":"https:\/\/sarmiento24h.com\/wp-content\/uploads\/2025\/12\/AddText_12-16-10.30.52.jpg","width":1220,"height":324,"caption":"Sarmiento24h"},"image":{"@id":"https:\/\/sarmiento24h.com\/#\/schema\/logo\/image\/"},"sameAs":["https:\/\/facebook.com\/s24hnoticias","https:\/\/x.com\/sarmiento24h"]},{"@type":"Person","@id":"https:\/\/sarmiento24h.com\/#\/schema\/person\/d653a59725ad629a7e0429af7b939d4d","name":"sarmiento24h@gmail.com","image":{"@type":"ImageObject","inLanguage":"es","@id":"https:\/\/sarmiento24h.com\/wp-content\/litespeed\/avatar\/d02cbc4e23c747e6659cd45907173c8f.jpg?ver=1788047690","url":"https:\/\/sarmiento24h.com\/wp-content\/litespeed\/avatar\/d02cbc4e23c747e6659cd45907173c8f.jpg?ver=1788047690","contentUrl":"https:\/\/sarmiento24h.com\/wp-content\/litespeed\/avatar\/d02cbc4e23c747e6659cd45907173c8f.jpg?ver=1788047690","caption":"sarmiento24h@gmail.com"},"sameAs":["https:\/\/sarmiento24h.com"],"url":"https:\/\/sarmiento24h.com\/?author=1"}]}},"jetpack_publicize_connections":[],"jetpack_featured_media_url":"https:\/\/sarmiento24h.com\/wp-content\/uploads\/2026\/09\/la-dedocracia-legal-que-asfixia-a-la-base-opinion.png","jetpack_sharing_enabled":true,"_links":{"self":[{"href":"https:\/\/sarmiento24h.com\/index.php?rest_route=\/wp\/v2\/posts\/407762","targetHints":{"allow":["GET"]}}],"collection":[{"href":"https:\/\/sarmiento24h.com\/index.php?rest_route=\/wp\/v2\/posts"}],"about":[{"href":"https:\/\/sarmiento24h.com\/index.php?rest_route=\/wp\/v2\/types\/post"}],"author":[{"embeddable":true,"href":"https:\/\/sarmiento24h.com\/index.php?rest_route=\/wp\/v2\/users\/1"}],"replies":[{"embeddable":true,"href":"https:\/\/sarmiento24h.com\/index.php?rest_route=%2Fwp%2Fv2%2Fcomments&post=407762"}],"version-history":[{"count":0,"href":"https:\/\/sarmiento24h.com\/index.php?rest_route=\/wp\/v2\/posts\/407762\/revisions"}],"wp:featuredmedia":[{"embeddable":true,"href":"https:\/\/sarmiento24h.com\/index.php?rest_route=\/wp\/v2\/media\/407763"}],"wp:attachment":[{"href":"https:\/\/sarmiento24h.com\/index.php?rest_route=%2Fwp%2Fv2%2Fmedia&parent=407762"}],"wp:term":[{"taxonomy":"category","embeddable":true,"href":"https:\/\/sarmiento24h.com\/index.php?rest_route=%2Fwp%2Fv2%2Fcategories&post=407762"},{"taxonomy":"post_tag","embeddable":true,"href":"https:\/\/sarmiento24h.com\/index.php?rest_route=%2Fwp%2Fv2%2Ftags&post=407762"}],"curies":[{"name":"wp","href":"https:\/\/api.w.org\/{rel}","templated":true}]}}