{"id":408088,"date":"2026-09-01T10:47:03","date_gmt":"2026-09-01T10:47:03","guid":{"rendered":"http:\/\/6447ecac-a5ef-11f1-8d5b-a5c281e3118d"},"modified":"2026-09-01T10:47:03","modified_gmt":"2026-09-01T10:47:03","slug":"sara-netanyahu-acusa-a-yair-golan-de-conocer-de-antemano-los-ataques-del-7-de-octubre","status":"publish","type":"post","link":"https:\/\/sarmiento24h.com\/?p=408088","title":{"rendered":"Sara Netanyahu acusa a Yair Golan de conocer de antemano los ataques del 7 de octubre"},"content":{"rendered":"<div><img decoding=\"async\" src=\"https:\/\/s.france24.com\/media\/display\/d6639a6e-a5e2-11f1-ad39-005056bf30b7\/w:1280\/p:16x9\/AP26111417795307.jpg\" class=\"ff-og-image-inserted\"><\/div>\n<p>Sara Netanyahu, esposa del primer ministro israel\u00ed, afirm\u00f3 que <strong>un dirigente opositor conoc\u00eda el plan para el <a href=\"https:\/\/www.france24.com\/es\/tag\/ataque\/\" target=\"_self\" class=\"gtm-add-suggested-tag\">ataque<\/a> de <a href=\"https:\/\/www.france24.com\/es\/tag\/ham\u00e1s-1\/\" target=\"_self\" class=\"gtm-add-suggested-tag\">Ham\u00e1s<\/a> del <a href=\"https:\/\/www.france24.com\/es\/tag\/7-de-octubre-de-2023\/\" target=\"_self\" class=\"gtm-add-suggested-tag\">7 de octubre de 2023<\/a> antes de que ocurriera.<\/strong><\/p>\n<p>Sus declaraciones, que provocaron indignaci\u00f3n entre la oposici\u00f3n israel\u00ed, ponen de relieve la profunda polarizaci\u00f3n pol\u00edtica del pa\u00eds de cara a las disputadas elecciones que se celebrar\u00e1n el 27 de octubre.<\/p>\n<p>En una entrevista televisiva emitida el lunes por la noche, Sara Netanyahu arremeti\u00f3 contra <a href=\"https:\/\/www.france24.com\/es\/tag\/yair-golan\/\" target=\"_self\" class=\"gtm-add-suggested-tag\">Yair Golan<\/a>, ex subjefe del Estado Mayor del <a href=\"https:\/\/www.france24.com\/es\/tag\/ej\u00e9rcito\/\" target=\"_self\" class=\"gtm-add-suggested-tag\">Ej\u00e9rcito<\/a> y l\u00edder del partido de centroizquierda Los Dem\u00f3cratas.<\/p>\n<p>Sugiri\u00f3 que Golan \u201cya estaba vestido y preparado\u201d al amanecer del <a href=\"https:\/\/www.france24.com\/es\/tag\/7-de-octubre-de-2023\/\" target=\"_self\" class=\"gtm-add-suggested-tag\">7 de octubre de 2023<\/a>, \u201cmientras los dem\u00e1s no sab\u00edan nada, incluido el primer ministro\u201d.<\/p>\n<p>La entrevista de Sara Netanyahu fue emitida por el Canal 14 de Israel, cercano al <a href=\"https:\/\/www.france24.com\/es\/tag\/gobierno\/\" target=\"_self\" class=\"gtm-add-suggested-tag\">Gobierno<\/a>. <strong>Sus comentarios provocaron r\u00e1pidamente la indignaci\u00f3n de la oposici\u00f3n.<\/strong><\/p>\n<p>El partido de Golan afirm\u00f3 que condenaba en\u00e9rgicamente las declaraciones \u201cviles y enga\u00f1osas\u201d.<\/p>\n<p>\u201cDifundir conspiraciones contra el mayor general <a href=\"https:\/\/www.france24.com\/es\/tag\/yair-golan\/\" target=\"_self\" class=\"gtm-add-suggested-tag\">Yair Golan<\/a> y difamar su hero\u00edsmo el 7 de octubre es cruzar una l\u00ednea roja que roza la locura\u201d, escribi\u00f3 la formaci\u00f3n en X.<\/p>\n<div id=\"em-WBMZ416786-F24-ES-20260901\" class=\"m-em-flash\" data-xtwitter-script>\n<div class=\"o-em-consent \" readability=\"7\">\n<div class=\"o-em-consent__content\" readability=\"34\">\n<p class=\"o-em-consent__content__text\">Para mostrar este contenido de X (Twitter), debe autorizar las cookies de medici\u00f3n de audiencia y publicidad.<\/p>\n<p> <button class=\"a-master-button a-master-button--dark\" data-action=\"accept\"> Aceptar <svg class=\"a-svg a-svg--icon-check\"> <use xlink:href=\"\/build\/images\/svg\/sprite.1af31c2f854b10d5fc5627a4f4fa61be.svg#icon-check\" href=\"\/build\/images\/svg\/sprite.1af31c2f854b10d5fc5627a4f4fa61be.svg#icon-check\" \/> <\/svg> <\/button> <button class=\"a-link\" data-action=\"manage\">Gestionar mis opciones <svg class=\"a-svg a-svg--icon-edit\"> <use xlink:href=\"\/build\/images\/svg\/sprite.1af31c2f854b10d5fc5627a4f4fa61be.svg#icon-edit\" href=\"\/build\/images\/svg\/sprite.1af31c2f854b10d5fc5627a4f4fa61be.svg#icon-edit\" \/> <\/svg><br \/>\n<\/button> <\/div>\n<\/div>\n<\/div>\n<p>Gadi Eisenkot, exjefe del ej\u00e9rcito que se perfila como el principal aspirante a desafiar a Netanyahu, critic\u00f3 la \u201calocada conspiraci\u00f3n de traici\u00f3n\u201d difundida por la esposa del primer ministro.<\/p>\n<p>En una publicaci\u00f3n en X, acus\u00f3 a <a href=\"https:\/\/www.france24.com\/es\/tag\/benjamin-netanyahu\/\" target=\"_self\" class=\"gtm-add-suggested-tag\">Benjamin Netanyahu<\/a> de eludir su responsabilidad por los ataques del <a href=\"https:\/\/www.france24.com\/es\/tag\/7-de-octubre-de-2023\/\" target=\"_self\" class=\"gtm-add-suggested-tag\">7 de octubre de 2023<\/a> y sostuvo que la teor\u00eda de una supuesta traici\u00f3n interna difundida por Sara Netanyahu \u201cno tiene base factual alguna\u201d y busca \u201cavivar el odio y perpetuar el <a href=\"https:\/\/www.france24.com\/es\/tag\/gobierno\/\" target=\"_self\" class=\"gtm-add-suggested-tag\">Gobierno<\/a> de Netanyahu\u201d.<\/p>\n<p>El exjefe del ej\u00e9rcito defendi\u00f3 adem\u00e1s a Yair Golan, a quien describi\u00f3 como un militar que \u201cmostr\u00f3 responsabilidad y valent\u00eda\u201d y \u201csalv\u00f3 vidas con hero\u00edsmo\u201d durante los ataques.<\/p>\n<div id=\"em-WBMZ416790-F24-ES-20260901\" class=\"m-em-flash\" data-xtwitter-script>\n<div class=\"o-em-consent \" readability=\"7\">\n<div class=\"o-em-consent__content\" readability=\"34\">\n<p class=\"o-em-consent__content__text\">Para mostrar este contenido de X (Twitter), debe autorizar las cookies de medici\u00f3n de audiencia y publicidad.<\/p>\n<p> <button class=\"a-master-button a-master-button--dark\" data-action=\"accept\"> Aceptar <svg class=\"a-svg a-svg--icon-check\"> <use xlink:href=\"\/build\/images\/svg\/sprite.1af31c2f854b10d5fc5627a4f4fa61be.svg#icon-check\" href=\"\/build\/images\/svg\/sprite.1af31c2f854b10d5fc5627a4f4fa61be.svg#icon-check\" \/> <\/svg> <\/button> <button class=\"a-link\" data-action=\"manage\">Gestionar mis opciones <svg class=\"a-svg a-svg--icon-edit\"> <use xlink:href=\"\/build\/images\/svg\/sprite.1af31c2f854b10d5fc5627a4f4fa61be.svg#icon-edit\" href=\"\/build\/images\/svg\/sprite.1af31c2f854b10d5fc5627a4f4fa61be.svg#icon-edit\" \/> <\/svg><br \/>\n<\/button> <\/div>\n<\/div>\n<\/div>\n<p>Las acusaciones de Sara Netanyahu reflejan teor\u00edas conspirativas recurrentes entre una parte de la clase pol\u00edtica israel\u00ed y sus simpatizantes.<\/p>\n<p>Seg\u00fan una encuesta realizada para el Canal 13 en agosto,<strong> el 40 % de los israel\u00edes y el 63 % de los votantes de la actual coalici\u00f3n de derecha creen que una traici\u00f3n interna condujo al <a href=\"https:\/\/www.france24.com\/es\/tag\/ataque\/\" target=\"_self\" class=\"gtm-add-suggested-tag\">ataque<\/a> del 7 de octubre,<\/strong> el d\u00eda m\u00e1s mort\u00edfero de la historia de Israel.<\/p>\n<p>Netanyahu, el primer ministro que m\u00e1s tiempo ha ocupado el cargo en Israel y que se ha presentado como garante de la seguridad del pa\u00eds, ha rechazado asumir la responsabilidad por el ataque y ha afirmado que los responsables de seguridad deber\u00edan haberlo despertado.<\/p>\n<p>El ataque de Ham\u00e1s contra Israel caus\u00f3 la muerte de 1.250 personas, seg\u00fan el recuento del Gobierno de Israel. Los milicianos tambi\u00e9n llevaron a Gaza a 251 rehenes.&nbsp;<\/p>\n<p>Israel respondi\u00f3 con una ofensiva a gran escala en Gaza que ha dejado al menos <strong>73.454 muertos, seg\u00fan el ministerio de Salud del territorio palestino,<\/strong> administrado por Ham\u00e1s, cuyas cifras son consideradas fiables por Naciones Unidas.<\/p>\n<p>Este art\u00edculo es una adaptaci\u00f3n de <a href=\"https:\/\/www.france24.com\/en\/middle-east\/20260901-netanyahu-s-wife-shares-conspiracy-that-opposition-leader-had-early-knowledge-of-oct-7-attacks\" target=\"_self\">su original en ingl\u00e9s&nbsp;<\/a><\/p>\n","protected":false},"excerpt":{"rendered":"<p>Sara Netanyahu, esposa del primer ministro israel\u00ed,&#46;&#46;&#46;<\/p>\n","protected":false},"author":1,"featured_media":408089,"comment_status":"closed","ping_status":"closed","sticky":false,"template":"","format":"standard","meta":{"_jetpack_newsletter_access":"","_jetpack_dont_email_post_to_subs":false,"_jetpack_newsletter_tier_id":0,"_jetpack_memberships_contains_paywalled_content":false,"_jetpack_feature_clip_id":0,"_jetpack_memberships_contains_paid_content":false,"footnotes":"","jetpack_publicize_message":"","jetpack_publicize_feature_enabled":true,"jetpack_social_post_already_shared":true,"jetpack_social_options":{"image_generator_settings":{"template":"highway","default_image_id":0,"font":"","enabled":false},"version":2},"jetpack_post_was_ever_published":false},"categories":[43],"tags":[],"class_list":["post-408088","post","type-post","status-publish","format-standard","has-post-thumbnail","hentry","category-internacionales"],"yoast_head":"<!-- This site is optimized with the Yoast SEO plugin v28.1 - https:\/\/yoast.com\/product\/yoast-seo-wordpress\/ -->\n<title>Sara Netanyahu acusa a Yair Golan de conocer de antemano los ataques del 7 de octubre - Sarmiento24h<\/title>\n<meta name=\"robots\" content=\"index, follow, max-snippet:-1, max-image-preview:large, max-video-preview:-1\" \/>\n<link rel=\"canonical\" href=\"https:\/\/sarmiento24h.com\/?p=408088\" \/>\n<meta property=\"og:locale\" content=\"es_ES\" \/>\n<meta property=\"og:type\" content=\"article\" \/>\n<meta property=\"og:title\" content=\"Sara Netanyahu acusa a Yair Golan de conocer de antemano los ataques del 7 de octubre - Sarmiento24h\" \/>\n<meta property=\"og:description\" content=\"Sara Netanyahu, esposa del primer ministro israel\u00ed,&#046;&#046;&#046;\" \/>\n<meta property=\"og:url\" content=\"https:\/\/sarmiento24h.com\/?p=408088\" \/>\n<meta property=\"og:site_name\" content=\"Sarmiento24h\" \/>\n<meta property=\"article:publisher\" content=\"https:\/\/facebook.com\/s24hnoticias\" \/>\n<meta property=\"article:published_time\" content=\"2026-09-01T10:47:03+00:00\" \/>\n<meta property=\"og:image\" content=\"https:\/\/s.france24.com\/media\/display\/d6639a6e-a5e2-11f1-ad39-005056bf30b7\/w:1280\/p:16x9\/AP26111417795307.jpg\" \/>\n<meta name=\"author\" content=\"sarmiento24h@gmail.com\" \/>\n<meta name=\"twitter:card\" content=\"summary_large_image\" \/>\n<meta name=\"twitter:creator\" content=\"@sarmiento24h\" \/>\n<meta name=\"twitter:site\" content=\"@sarmiento24h\" \/>\n<meta name=\"twitter:label1\" content=\"Escrito por\" \/>\n\t<meta name=\"twitter:data1\" content=\"sarmiento24h@gmail.com\" \/>\n\t<meta name=\"twitter:label2\" content=\"Tiempo de lectura\" \/>\n\t<meta name=\"twitter:data2\" content=\"3 minutos\" \/>\n<script type=\"application\/ld+json\" class=\"yoast-schema-graph\">{\"@context\":\"https:\\\/\\\/schema.org\",\"@graph\":[{\"@type\":\"Article\",\"@id\":\"https:\\\/\\\/sarmiento24h.com\\\/?p=408088#article\",\"isPartOf\":{\"@id\":\"https:\\\/\\\/sarmiento24h.com\\\/?p=408088\"},\"author\":{\"name\":\"sarmiento24h@gmail.com\",\"@id\":\"https:\\\/\\\/sarmiento24h.com\\\/#\\\/schema\\\/person\\\/d653a59725ad629a7e0429af7b939d4d\"},\"headline\":\"Sara Netanyahu acusa a Yair Golan de conocer de antemano los ataques del 7 de octubre\",\"datePublished\":\"2026-09-01T10:47:03+00:00\",\"mainEntityOfPage\":{\"@id\":\"https:\\\/\\\/sarmiento24h.com\\\/?p=408088\"},\"wordCount\":577,\"publisher\":{\"@id\":\"https:\\\/\\\/sarmiento24h.com\\\/#organization\"},\"image\":{\"@id\":\"https:\\\/\\\/sarmiento24h.com\\\/?p=408088#primaryimage\"},\"thumbnailUrl\":\"https:\\\/\\\/sarmiento24h.com\\\/wp-content\\\/uploads\\\/2026\\\/09\\\/sara-netanyahu-acusa-a-yair-golan-de-conocer-de-antemano-los-ataques-del-7-de-octubre.jpg\",\"articleSection\":[\"Internacionales\"],\"inLanguage\":\"es\"},{\"@type\":\"WebPage\",\"@id\":\"https:\\\/\\\/sarmiento24h.com\\\/?p=408088\",\"url\":\"https:\\\/\\\/sarmiento24h.com\\\/?p=408088\",\"name\":\"Sara Netanyahu acusa a Yair Golan de conocer de antemano los ataques del 7 de octubre - Sarmiento24h\",\"isPartOf\":{\"@id\":\"https:\\\/\\\/sarmiento24h.com\\\/#website\"},\"primaryImageOfPage\":{\"@id\":\"https:\\\/\\\/sarmiento24h.com\\\/?p=408088#primaryimage\"},\"image\":{\"@id\":\"https:\\\/\\\/sarmiento24h.com\\\/?p=408088#primaryimage\"},\"thumbnailUrl\":\"https:\\\/\\\/sarmiento24h.com\\\/wp-content\\\/uploads\\\/2026\\\/09\\\/sara-netanyahu-acusa-a-yair-golan-de-conocer-de-antemano-los-ataques-del-7-de-octubre.jpg\",\"datePublished\":\"2026-09-01T10:47:03+00:00\",\"breadcrumb\":{\"@id\":\"https:\\\/\\\/sarmiento24h.com\\\/?p=408088#breadcrumb\"},\"inLanguage\":\"es\",\"potentialAction\":[{\"@type\":\"ReadAction\",\"target\":[\"https:\\\/\\\/sarmiento24h.com\\\/?p=408088\"]}]},{\"@type\":\"ImageObject\",\"inLanguage\":\"es\",\"@id\":\"https:\\\/\\\/sarmiento24h.com\\\/?p=408088#primaryimage\",\"url\":\"https:\\\/\\\/sarmiento24h.com\\\/wp-content\\\/uploads\\\/2026\\\/09\\\/sara-netanyahu-acusa-a-yair-golan-de-conocer-de-antemano-los-ataques-del-7-de-octubre.jpg\",\"contentUrl\":\"https:\\\/\\\/sarmiento24h.com\\\/wp-content\\\/uploads\\\/2026\\\/09\\\/sara-netanyahu-acusa-a-yair-golan-de-conocer-de-antemano-los-ataques-del-7-de-octubre.jpg\",\"width\":1280,\"height\":720},{\"@type\":\"BreadcrumbList\",\"@id\":\"https:\\\/\\\/sarmiento24h.com\\\/?p=408088#breadcrumb\",\"itemListElement\":[{\"@type\":\"ListItem\",\"position\":1,\"name\":\"Home\",\"item\":\"https:\\\/\\\/sarmiento24h.com\\\/\"},{\"@type\":\"ListItem\",\"position\":2,\"name\":\"Sara Netanyahu acusa a Yair Golan de conocer de antemano los ataques del 7 de octubre\"}]},{\"@type\":\"WebSite\",\"@id\":\"https:\\\/\\\/sarmiento24h.com\\\/#website\",\"url\":\"https:\\\/\\\/sarmiento24h.com\\\/\",\"name\":\"Sarmiento24h\",\"description\":\"\",\"publisher\":{\"@id\":\"https:\\\/\\\/sarmiento24h.com\\\/#organization\"},\"potentialAction\":[{\"@type\":\"SearchAction\",\"target\":{\"@type\":\"EntryPoint\",\"urlTemplate\":\"https:\\\/\\\/sarmiento24h.com\\\/?s={search_term_string}\"},\"query-input\":{\"@type\":\"PropertyValueSpecification\",\"valueRequired\":true,\"valueName\":\"search_term_string\"}}],\"inLanguage\":\"es\"},{\"@type\":\"Organization\",\"@id\":\"https:\\\/\\\/sarmiento24h.com\\\/#organization\",\"name\":\"Sarmiento24h\",\"url\":\"https:\\\/\\\/sarmiento24h.com\\\/\",\"logo\":{\"@type\":\"ImageObject\",\"inLanguage\":\"es\",\"@id\":\"https:\\\/\\\/sarmiento24h.com\\\/#\\\/schema\\\/logo\\\/image\\\/\",\"url\":\"https:\\\/\\\/sarmiento24h.com\\\/wp-content\\\/uploads\\\/2025\\\/12\\\/AddText_12-16-10.30.52.jpg\",\"contentUrl\":\"https:\\\/\\\/sarmiento24h.com\\\/wp-content\\\/uploads\\\/2025\\\/12\\\/AddText_12-16-10.30.52.jpg\",\"width\":1220,\"height\":324,\"caption\":\"Sarmiento24h\"},\"image\":{\"@id\":\"https:\\\/\\\/sarmiento24h.com\\\/#\\\/schema\\\/logo\\\/image\\\/\"},\"sameAs\":[\"https:\\\/\\\/facebook.com\\\/s24hnoticias\",\"https:\\\/\\\/x.com\\\/sarmiento24h\"]},{\"@type\":\"Person\",\"@id\":\"https:\\\/\\\/sarmiento24h.com\\\/#\\\/schema\\\/person\\\/d653a59725ad629a7e0429af7b939d4d\",\"name\":\"sarmiento24h@gmail.com\",\"image\":{\"@type\":\"ImageObject\",\"inLanguage\":\"es\",\"@id\":\"https:\\\/\\\/sarmiento24h.com\\\/wp-content\\\/litespeed\\\/avatar\\\/d02cbc4e23c747e6659cd45907173c8f.jpg?ver=1788047690\",\"url\":\"https:\\\/\\\/sarmiento24h.com\\\/wp-content\\\/litespeed\\\/avatar\\\/d02cbc4e23c747e6659cd45907173c8f.jpg?ver=1788047690\",\"contentUrl\":\"https:\\\/\\\/sarmiento24h.com\\\/wp-content\\\/litespeed\\\/avatar\\\/d02cbc4e23c747e6659cd45907173c8f.jpg?ver=1788047690\",\"caption\":\"sarmiento24h@gmail.com\"},\"sameAs\":[\"https:\\\/\\\/sarmiento24h.com\"],\"url\":\"https:\\\/\\\/sarmiento24h.com\\\/?author=1\"}]}<\/script>\n<!-- \/ Yoast SEO plugin. -->","yoast_head_json":{"title":"Sara Netanyahu acusa a Yair Golan de conocer de antemano los ataques del 7 de octubre - Sarmiento24h","robots":{"index":"index","follow":"follow","max-snippet":"max-snippet:-1","max-image-preview":"max-image-preview:large","max-video-preview":"max-video-preview:-1"},"canonical":"https:\/\/sarmiento24h.com\/?p=408088","og_locale":"es_ES","og_type":"article","og_title":"Sara Netanyahu acusa a Yair Golan de conocer de antemano los ataques del 7 de octubre - Sarmiento24h","og_description":"Sara Netanyahu, esposa del primer ministro israel\u00ed,&#46;&#46;&#46;","og_url":"https:\/\/sarmiento24h.com\/?p=408088","og_site_name":"Sarmiento24h","article_publisher":"https:\/\/facebook.com\/s24hnoticias","article_published_time":"2026-09-01T10:47:03+00:00","og_image":[{"url":"https:\/\/s.france24.com\/media\/display\/d6639a6e-a5e2-11f1-ad39-005056bf30b7\/w:1280\/p:16x9\/AP26111417795307.jpg","type":"","width":"","height":""}],"author":"sarmiento24h@gmail.com","twitter_card":"summary_large_image","twitter_creator":"@sarmiento24h","twitter_site":"@sarmiento24h","twitter_misc":{"Escrito por":"sarmiento24h@gmail.com","Tiempo de lectura":"3 minutos"},"schema":{"@context":"https:\/\/schema.org","@graph":[{"@type":"Article","@id":"https:\/\/sarmiento24h.com\/?p=408088#article","isPartOf":{"@id":"https:\/\/sarmiento24h.com\/?p=408088"},"author":{"name":"sarmiento24h@gmail.com","@id":"https:\/\/sarmiento24h.com\/#\/schema\/person\/d653a59725ad629a7e0429af7b939d4d"},"headline":"Sara Netanyahu acusa a Yair Golan de conocer de antemano los ataques del 7 de octubre","datePublished":"2026-09-01T10:47:03+00:00","mainEntityOfPage":{"@id":"https:\/\/sarmiento24h.com\/?p=408088"},"wordCount":577,"publisher":{"@id":"https:\/\/sarmiento24h.com\/#organization"},"image":{"@id":"https:\/\/sarmiento24h.com\/?p=408088#primaryimage"},"thumbnailUrl":"https:\/\/sarmiento24h.com\/wp-content\/uploads\/2026\/09\/sara-netanyahu-acusa-a-yair-golan-de-conocer-de-antemano-los-ataques-del-7-de-octubre.jpg","articleSection":["Internacionales"],"inLanguage":"es"},{"@type":"WebPage","@id":"https:\/\/sarmiento24h.com\/?p=408088","url":"https:\/\/sarmiento24h.com\/?p=408088","name":"Sara Netanyahu acusa a Yair Golan de conocer de antemano los ataques del 7 de octubre - Sarmiento24h","isPartOf":{"@id":"https:\/\/sarmiento24h.com\/#website"},"primaryImageOfPage":{"@id":"https:\/\/sarmiento24h.com\/?p=408088#primaryimage"},"image":{"@id":"https:\/\/sarmiento24h.com\/?p=408088#primaryimage"},"thumbnailUrl":"https:\/\/sarmiento24h.com\/wp-content\/uploads\/2026\/09\/sara-netanyahu-acusa-a-yair-golan-de-conocer-de-antemano-los-ataques-del-7-de-octubre.jpg","datePublished":"2026-09-01T10:47:03+00:00","breadcrumb":{"@id":"https:\/\/sarmiento24h.com\/?p=408088#breadcrumb"},"inLanguage":"es","potentialAction":[{"@type":"ReadAction","target":["https:\/\/sarmiento24h.com\/?p=408088"]}]},{"@type":"ImageObject","inLanguage":"es","@id":"https:\/\/sarmiento24h.com\/?p=408088#primaryimage","url":"https:\/\/sarmiento24h.com\/wp-content\/uploads\/2026\/09\/sara-netanyahu-acusa-a-yair-golan-de-conocer-de-antemano-los-ataques-del-7-de-octubre.jpg","contentUrl":"https:\/\/sarmiento24h.com\/wp-content\/uploads\/2026\/09\/sara-netanyahu-acusa-a-yair-golan-de-conocer-de-antemano-los-ataques-del-7-de-octubre.jpg","width":1280,"height":720},{"@type":"BreadcrumbList","@id":"https:\/\/sarmiento24h.com\/?p=408088#breadcrumb","itemListElement":[{"@type":"ListItem","position":1,"name":"Home","item":"https:\/\/sarmiento24h.com\/"},{"@type":"ListItem","position":2,"name":"Sara Netanyahu acusa a Yair Golan de conocer de antemano los ataques del 7 de octubre"}]},{"@type":"WebSite","@id":"https:\/\/sarmiento24h.com\/#website","url":"https:\/\/sarmiento24h.com\/","name":"Sarmiento24h","description":"","publisher":{"@id":"https:\/\/sarmiento24h.com\/#organization"},"potentialAction":[{"@type":"SearchAction","target":{"@type":"EntryPoint","urlTemplate":"https:\/\/sarmiento24h.com\/?s={search_term_string}"},"query-input":{"@type":"PropertyValueSpecification","valueRequired":true,"valueName":"search_term_string"}}],"inLanguage":"es"},{"@type":"Organization","@id":"https:\/\/sarmiento24h.com\/#organization","name":"Sarmiento24h","url":"https:\/\/sarmiento24h.com\/","logo":{"@type":"ImageObject","inLanguage":"es","@id":"https:\/\/sarmiento24h.com\/#\/schema\/logo\/image\/","url":"https:\/\/sarmiento24h.com\/wp-content\/uploads\/2025\/12\/AddText_12-16-10.30.52.jpg","contentUrl":"https:\/\/sarmiento24h.com\/wp-content\/uploads\/2025\/12\/AddText_12-16-10.30.52.jpg","width":1220,"height":324,"caption":"Sarmiento24h"},"image":{"@id":"https:\/\/sarmiento24h.com\/#\/schema\/logo\/image\/"},"sameAs":["https:\/\/facebook.com\/s24hnoticias","https:\/\/x.com\/sarmiento24h"]},{"@type":"Person","@id":"https:\/\/sarmiento24h.com\/#\/schema\/person\/d653a59725ad629a7e0429af7b939d4d","name":"sarmiento24h@gmail.com","image":{"@type":"ImageObject","inLanguage":"es","@id":"https:\/\/sarmiento24h.com\/wp-content\/litespeed\/avatar\/d02cbc4e23c747e6659cd45907173c8f.jpg?ver=1788047690","url":"https:\/\/sarmiento24h.com\/wp-content\/litespeed\/avatar\/d02cbc4e23c747e6659cd45907173c8f.jpg?ver=1788047690","contentUrl":"https:\/\/sarmiento24h.com\/wp-content\/litespeed\/avatar\/d02cbc4e23c747e6659cd45907173c8f.jpg?ver=1788047690","caption":"sarmiento24h@gmail.com"},"sameAs":["https:\/\/sarmiento24h.com"],"url":"https:\/\/sarmiento24h.com\/?author=1"}]}},"jetpack_publicize_connections":[],"jetpack_featured_media_url":"https:\/\/sarmiento24h.com\/wp-content\/uploads\/2026\/09\/sara-netanyahu-acusa-a-yair-golan-de-conocer-de-antemano-los-ataques-del-7-de-octubre.jpg","jetpack_sharing_enabled":true,"_links":{"self":[{"href":"https:\/\/sarmiento24h.com\/index.php?rest_route=\/wp\/v2\/posts\/408088","targetHints":{"allow":["GET"]}}],"collection":[{"href":"https:\/\/sarmiento24h.com\/index.php?rest_route=\/wp\/v2\/posts"}],"about":[{"href":"https:\/\/sarmiento24h.com\/index.php?rest_route=\/wp\/v2\/types\/post"}],"author":[{"embeddable":true,"href":"https:\/\/sarmiento24h.com\/index.php?rest_route=\/wp\/v2\/users\/1"}],"replies":[{"embeddable":true,"href":"https:\/\/sarmiento24h.com\/index.php?rest_route=%2Fwp%2Fv2%2Fcomments&post=408088"}],"version-history":[{"count":0,"href":"https:\/\/sarmiento24h.com\/index.php?rest_route=\/wp\/v2\/posts\/408088\/revisions"}],"wp:featuredmedia":[{"embeddable":true,"href":"https:\/\/sarmiento24h.com\/index.php?rest_route=\/wp\/v2\/media\/408089"}],"wp:attachment":[{"href":"https:\/\/sarmiento24h.com\/index.php?rest_route=%2Fwp%2Fv2%2Fmedia&parent=408088"}],"wp:term":[{"taxonomy":"category","embeddable":true,"href":"https:\/\/sarmiento24h.com\/index.php?rest_route=%2Fwp%2Fv2%2Fcategories&post=408088"},{"taxonomy":"post_tag","embeddable":true,"href":"https:\/\/sarmiento24h.com\/index.php?rest_route=%2Fwp%2Fv2%2Ftags&post=408088"}],"curies":[{"name":"wp","href":"https:\/\/api.w.org\/{rel}","templated":true}]}}