{"id":408255,"date":"2026-09-01T13:08:01","date_gmt":"2026-09-01T13:08:01","guid":{"rendered":"http:\/\/almomento.net\/?p=1146682"},"modified":"2026-09-01T13:08:01","modified_gmt":"2026-09-01T13:08:01","slug":"danilo-medina-pide-investigar-causas-de-mortalidad-neonatal","status":"publish","type":"post","link":"https:\/\/sarmiento24h.com\/?p=408255","title":{"rendered":"Danilo Medina pide investigar causas de mortalidad neonatal"},"content":{"rendered":"<div class=\"gs-tts-pro gs-tts-theme-light\" data-gs-tts-player readability=\"7\">\n<p> <strong>Escuchar art\u00edculo<\/strong> <br \/><button type=\"button\" class=\"gs-tts-btn gs-tts-start\" data-gs-tts-start>Reproducir<\/button> <button type=\"button\" class=\"gs-tts-btn gs-tts-pause\" data-gs-tts-pause>Pausar<\/button> <button type=\"button\" class=\"gs-tts-btn gs-tts-stop\" data-gs-tts-stop>Detener<\/button> <\/p>\n<\/p><\/div>\n<p class=\"isSelectedEnd\"><strong>SALCEDO, Hermanas Mirabal.\u2013<\/strong> El expresidente de la Rep\u00fablica y presidente del Partido de la Liberaci\u00f3n Dominicana (PLD), <strong>Danilo Medina<\/strong>, pidi\u00f3 investigar las causas de la mortalidad neonatal en el pa\u00eds y revisar el cumplimiento de los protocolos de atenci\u00f3n a los reci\u00e9n nacidos.<\/p>\n<p class=\"isSelectedEnd\">Entrevistado al concluir una asamblea de dirigentes pelede\u00edstas,&nbsp; calific\u00f3 de \u201cterrible\u201d el reporte sobre la muerte de m\u00e1s de una docena de neonatos.<\/p>\n<p class=\"isSelectedEnd\">Declar\u00f3 que su planteamiento no debe interpretarse \u00fanicamente como una cr\u00edtica al Gobierno, sino como una preocupaci\u00f3n relacionada con el funcionamiento del sistema sanitario dominicano.<\/p>\n<p class=\"isSelectedEnd\">\u201cLo veo como un problema del sistema de salud de la Rep\u00fablica Dominicana\u201d, afirm\u00f3.<\/p>\n<p class=\"isSelectedEnd\">Sostuvo que en el pa\u00eds mueren <strong>20.8 ni\u00f1os por cada mil nacidos vivos<\/strong> y que el <strong>82 % de esas defunciones corresponde a neonatos<\/strong>, es decir, menores de 28 d\u00edas de nacidos.<\/p>\n<p class=\"isSelectedEnd\">Afirm\u00f3 que cerca del <strong>80 % de esas muertes ser\u00edan evitables<\/strong>, por lo que consider\u00f3 necesario determinar qu\u00e9 factores est\u00e1n incidiendo en esos fallecimientos y qu\u00e9 aspectos del sistema requieren ser corregidos.<\/p>\n<figure id=\"attachment_1146684\" aria-describedby=\"caption-attachment-1146684\" class=\"wp-caption alignleft\"><img loading=\"lazy\" decoding=\"async\" class=\" wp-image-1146684\" src=\"https:\/\/almomento.net\/wp-content\/uploads\/2026\/08\/pld-300x224.jpg\" alt width=\"438\" height=\"327\" srcset=\"https:\/\/almomento.net\/wp-content\/uploads\/2026\/08\/pld-300x224.jpg 300w, https:\/\/almomento.net\/wp-content\/uploads\/2026\/08\/pld-128x95.jpg 128w, https:\/\/almomento.net\/wp-content\/uploads\/2026\/08\/pld-336x250.jpg 336w, https:\/\/almomento.net\/wp-content\/uploads\/2026\/08\/pld-295x220.jpg 295w, https:\/\/almomento.net\/wp-content\/uploads\/2026\/08\/pld.jpg 659w\" sizes=\"auto, (max-width: 438px) 100vw, 438px\"><figcaption id=\"caption-attachment-1146684\" class=\"wp-caption-text\">Decenas de dirigentes asistieron a la actividad.<\/figcaption><\/figure>\n<p class=\"isSelectedEnd\">\u201cY como son evitables, el Gobierno tiene que investigar qu\u00e9 es lo que est\u00e1 pasando\u201d, manifest\u00f3.<\/p>\n<p class=\"isSelectedEnd\">Reiter\u00f3 su afirmaci\u00f3n de que el Gobierno del Partido Revolucionario Moderno (PRM) \u201cle ha salido caro\u201d al pa\u00eds.<\/p>\n<p><strong>DESARROLLO DE LA ACTIVIDAD<\/strong><\/p>\n<p class=\"isSelectedEnd\">La actividad fue encabezada por Medina y el secretario general del PLD, <strong>Johnny Pujols<\/strong>, y cont\u00f3 con la participaci\u00f3n de dirigentes nacionales y provinciales de la organizaci\u00f3n, entre ellos el exvicepresidente <strong>Jaime David Fern\u00e1ndez Mirabal<\/strong>.<\/p>\n<p class=\"isSelectedEnd\">Durante la asamblea tambi\u00e9n intervinieron j\u00f3venes miembros del PLD, quienes llamaron a ese sector de la poblaci\u00f3n a involucrarse en la actividad pol\u00edtica y destacaron programas de becas y otras iniciativas implementadas durante anteriores gobiernos de esa organizaci\u00f3n.<\/p>\n<p>El encuentro forma parte de la aplicaci\u00f3n de la nueva <strong>L\u00ednea Organizativa y Electoral (LOE)<\/strong> del PLD, mediante la cual el partido desarrolla un proceso nacional de reactivaci\u00f3n, reestructuraci\u00f3n y fortalecimiento de sus organismos.<\/p>\n<p>of-am<\/p>\n<div class=\"heateor_sss_sharing_container heateor_sss_horizontal_sharing\" data-heateor-sss-href=\"https:\/\/almomento.net\/danilo-medina-pide-investigar-causas-de-mortalidad-neonatal\/\" readability=\"7\">\n<p>Comp\u00e1rtelo en tus redes:<\/p>\n<\/div>\n<p> <!-- 468x60 --><br \/>\n<ins class=\"adsbygoogle\" data-ad-client=\"ca-pub-3511341636159665\" data-ad-slot=\"3538255450\"><\/ins> <!-- .entry-content --> <\/p>\n","protected":false},"excerpt":{"rendered":"<p>Escuchar art\u00edculo Reproducir Pausar Detener SALCEDO, Hermanas&#46;&#46;&#46;<\/p>\n","protected":false},"author":1,"featured_media":408256,"comment_status":"closed","ping_status":"closed","sticky":false,"template":"","format":"standard","meta":{"_jetpack_newsletter_access":"","_jetpack_dont_email_post_to_subs":false,"_jetpack_newsletter_tier_id":0,"_jetpack_memberships_contains_paywalled_content":false,"_jetpack_feature_clip_id":0,"_jetpack_memberships_contains_paid_content":false,"footnotes":"","jetpack_publicize_message":"","jetpack_publicize_feature_enabled":true,"jetpack_social_post_already_shared":true,"jetpack_social_options":{"image_generator_settings":{"template":"highway","default_image_id":0,"font":"","enabled":false},"version":2},"jetpack_post_was_ever_published":false},"categories":[61],"tags":[],"class_list":["post-408255","post","type-post","status-publish","format-standard","has-post-thumbnail","hentry","category-politica"],"yoast_head":"<!-- This site is optimized with the Yoast SEO plugin v28.1 - https:\/\/yoast.com\/product\/yoast-seo-wordpress\/ -->\n<title>Danilo Medina pide investigar causas de mortalidad neonatal - Sarmiento24h<\/title>\n<meta name=\"robots\" content=\"index, follow, max-snippet:-1, max-image-preview:large, max-video-preview:-1\" \/>\n<link rel=\"canonical\" href=\"https:\/\/sarmiento24h.com\/?p=408255\" \/>\n<meta property=\"og:locale\" content=\"es_ES\" \/>\n<meta property=\"og:type\" content=\"article\" \/>\n<meta property=\"og:title\" content=\"Danilo Medina pide investigar causas de mortalidad neonatal - Sarmiento24h\" \/>\n<meta property=\"og:description\" content=\"Escuchar art\u00edculo Reproducir Pausar Detener SALCEDO, Hermanas&#046;&#046;&#046;\" \/>\n<meta property=\"og:url\" content=\"https:\/\/sarmiento24h.com\/?p=408255\" \/>\n<meta property=\"og:site_name\" content=\"Sarmiento24h\" \/>\n<meta property=\"article:publisher\" content=\"https:\/\/facebook.com\/s24hnoticias\" \/>\n<meta property=\"article:published_time\" content=\"2026-09-01T13:08:01+00:00\" \/>\n<meta name=\"author\" content=\"sarmiento24h@gmail.com\" \/>\n<meta name=\"twitter:card\" content=\"summary_large_image\" \/>\n<meta name=\"twitter:creator\" content=\"@sarmiento24h\" \/>\n<meta name=\"twitter:site\" content=\"@sarmiento24h\" \/>\n<meta name=\"twitter:label1\" content=\"Escrito por\" \/>\n\t<meta name=\"twitter:data1\" content=\"sarmiento24h@gmail.com\" \/>\n\t<meta name=\"twitter:label2\" content=\"Tiempo de lectura\" \/>\n\t<meta name=\"twitter:data2\" content=\"2 minutos\" \/>\n<script type=\"application\/ld+json\" class=\"yoast-schema-graph\">{\"@context\":\"https:\\\/\\\/schema.org\",\"@graph\":[{\"@type\":\"Article\",\"@id\":\"https:\\\/\\\/sarmiento24h.com\\\/?p=408255#article\",\"isPartOf\":{\"@id\":\"https:\\\/\\\/sarmiento24h.com\\\/?p=408255\"},\"author\":{\"name\":\"sarmiento24h@gmail.com\",\"@id\":\"https:\\\/\\\/sarmiento24h.com\\\/#\\\/schema\\\/person\\\/d653a59725ad629a7e0429af7b939d4d\"},\"headline\":\"Danilo Medina pide investigar causas de mortalidad neonatal\",\"datePublished\":\"2026-09-01T13:08:01+00:00\",\"mainEntityOfPage\":{\"@id\":\"https:\\\/\\\/sarmiento24h.com\\\/?p=408255\"},\"wordCount\":365,\"publisher\":{\"@id\":\"https:\\\/\\\/sarmiento24h.com\\\/#organization\"},\"image\":{\"@id\":\"https:\\\/\\\/sarmiento24h.com\\\/?p=408255#primaryimage\"},\"thumbnailUrl\":\"https:\\\/\\\/sarmiento24h.com\\\/wp-content\\\/uploads\\\/2026\\\/09\\\/danilo-medina-pide-investigar-causas-de-mortalidad-neonatal.jpg\",\"articleSection\":[\"Politica\"],\"inLanguage\":\"es\"},{\"@type\":\"WebPage\",\"@id\":\"https:\\\/\\\/sarmiento24h.com\\\/?p=408255\",\"url\":\"https:\\\/\\\/sarmiento24h.com\\\/?p=408255\",\"name\":\"Danilo Medina pide investigar causas de mortalidad neonatal - Sarmiento24h\",\"isPartOf\":{\"@id\":\"https:\\\/\\\/sarmiento24h.com\\\/#website\"},\"primaryImageOfPage\":{\"@id\":\"https:\\\/\\\/sarmiento24h.com\\\/?p=408255#primaryimage\"},\"image\":{\"@id\":\"https:\\\/\\\/sarmiento24h.com\\\/?p=408255#primaryimage\"},\"thumbnailUrl\":\"https:\\\/\\\/sarmiento24h.com\\\/wp-content\\\/uploads\\\/2026\\\/09\\\/danilo-medina-pide-investigar-causas-de-mortalidad-neonatal.jpg\",\"datePublished\":\"2026-09-01T13:08:01+00:00\",\"breadcrumb\":{\"@id\":\"https:\\\/\\\/sarmiento24h.com\\\/?p=408255#breadcrumb\"},\"inLanguage\":\"es\",\"potentialAction\":[{\"@type\":\"ReadAction\",\"target\":[\"https:\\\/\\\/sarmiento24h.com\\\/?p=408255\"]}]},{\"@type\":\"ImageObject\",\"inLanguage\":\"es\",\"@id\":\"https:\\\/\\\/sarmiento24h.com\\\/?p=408255#primaryimage\",\"url\":\"https:\\\/\\\/sarmiento24h.com\\\/wp-content\\\/uploads\\\/2026\\\/09\\\/danilo-medina-pide-investigar-causas-de-mortalidad-neonatal.jpg\",\"contentUrl\":\"https:\\\/\\\/sarmiento24h.com\\\/wp-content\\\/uploads\\\/2026\\\/09\\\/danilo-medina-pide-investigar-causas-de-mortalidad-neonatal.jpg\",\"width\":300,\"height\":224},{\"@type\":\"BreadcrumbList\",\"@id\":\"https:\\\/\\\/sarmiento24h.com\\\/?p=408255#breadcrumb\",\"itemListElement\":[{\"@type\":\"ListItem\",\"position\":1,\"name\":\"Home\",\"item\":\"https:\\\/\\\/sarmiento24h.com\\\/\"},{\"@type\":\"ListItem\",\"position\":2,\"name\":\"Danilo Medina pide investigar causas de mortalidad neonatal\"}]},{\"@type\":\"WebSite\",\"@id\":\"https:\\\/\\\/sarmiento24h.com\\\/#website\",\"url\":\"https:\\\/\\\/sarmiento24h.com\\\/\",\"name\":\"Sarmiento24h\",\"description\":\"\",\"publisher\":{\"@id\":\"https:\\\/\\\/sarmiento24h.com\\\/#organization\"},\"potentialAction\":[{\"@type\":\"SearchAction\",\"target\":{\"@type\":\"EntryPoint\",\"urlTemplate\":\"https:\\\/\\\/sarmiento24h.com\\\/?s={search_term_string}\"},\"query-input\":{\"@type\":\"PropertyValueSpecification\",\"valueRequired\":true,\"valueName\":\"search_term_string\"}}],\"inLanguage\":\"es\"},{\"@type\":\"Organization\",\"@id\":\"https:\\\/\\\/sarmiento24h.com\\\/#organization\",\"name\":\"Sarmiento24h\",\"url\":\"https:\\\/\\\/sarmiento24h.com\\\/\",\"logo\":{\"@type\":\"ImageObject\",\"inLanguage\":\"es\",\"@id\":\"https:\\\/\\\/sarmiento24h.com\\\/#\\\/schema\\\/logo\\\/image\\\/\",\"url\":\"https:\\\/\\\/sarmiento24h.com\\\/wp-content\\\/uploads\\\/2025\\\/12\\\/AddText_12-16-10.30.52.jpg\",\"contentUrl\":\"https:\\\/\\\/sarmiento24h.com\\\/wp-content\\\/uploads\\\/2025\\\/12\\\/AddText_12-16-10.30.52.jpg\",\"width\":1220,\"height\":324,\"caption\":\"Sarmiento24h\"},\"image\":{\"@id\":\"https:\\\/\\\/sarmiento24h.com\\\/#\\\/schema\\\/logo\\\/image\\\/\"},\"sameAs\":[\"https:\\\/\\\/facebook.com\\\/s24hnoticias\",\"https:\\\/\\\/x.com\\\/sarmiento24h\"]},{\"@type\":\"Person\",\"@id\":\"https:\\\/\\\/sarmiento24h.com\\\/#\\\/schema\\\/person\\\/d653a59725ad629a7e0429af7b939d4d\",\"name\":\"sarmiento24h@gmail.com\",\"image\":{\"@type\":\"ImageObject\",\"inLanguage\":\"es\",\"@id\":\"https:\\\/\\\/sarmiento24h.com\\\/wp-content\\\/litespeed\\\/avatar\\\/d02cbc4e23c747e6659cd45907173c8f.jpg?ver=1788047690\",\"url\":\"https:\\\/\\\/sarmiento24h.com\\\/wp-content\\\/litespeed\\\/avatar\\\/d02cbc4e23c747e6659cd45907173c8f.jpg?ver=1788047690\",\"contentUrl\":\"https:\\\/\\\/sarmiento24h.com\\\/wp-content\\\/litespeed\\\/avatar\\\/d02cbc4e23c747e6659cd45907173c8f.jpg?ver=1788047690\",\"caption\":\"sarmiento24h@gmail.com\"},\"sameAs\":[\"https:\\\/\\\/sarmiento24h.com\"],\"url\":\"https:\\\/\\\/sarmiento24h.com\\\/?author=1\"}]}<\/script>\n<!-- \/ Yoast SEO plugin. -->","yoast_head_json":{"title":"Danilo Medina pide investigar causas de mortalidad neonatal - Sarmiento24h","robots":{"index":"index","follow":"follow","max-snippet":"max-snippet:-1","max-image-preview":"max-image-preview:large","max-video-preview":"max-video-preview:-1"},"canonical":"https:\/\/sarmiento24h.com\/?p=408255","og_locale":"es_ES","og_type":"article","og_title":"Danilo Medina pide investigar causas de mortalidad neonatal - Sarmiento24h","og_description":"Escuchar art\u00edculo Reproducir Pausar Detener SALCEDO, Hermanas&#46;&#46;&#46;","og_url":"https:\/\/sarmiento24h.com\/?p=408255","og_site_name":"Sarmiento24h","article_publisher":"https:\/\/facebook.com\/s24hnoticias","article_published_time":"2026-09-01T13:08:01+00:00","author":"sarmiento24h@gmail.com","twitter_card":"summary_large_image","twitter_creator":"@sarmiento24h","twitter_site":"@sarmiento24h","twitter_misc":{"Escrito por":"sarmiento24h@gmail.com","Tiempo de lectura":"2 minutos"},"schema":{"@context":"https:\/\/schema.org","@graph":[{"@type":"Article","@id":"https:\/\/sarmiento24h.com\/?p=408255#article","isPartOf":{"@id":"https:\/\/sarmiento24h.com\/?p=408255"},"author":{"name":"sarmiento24h@gmail.com","@id":"https:\/\/sarmiento24h.com\/#\/schema\/person\/d653a59725ad629a7e0429af7b939d4d"},"headline":"Danilo Medina pide investigar causas de mortalidad neonatal","datePublished":"2026-09-01T13:08:01+00:00","mainEntityOfPage":{"@id":"https:\/\/sarmiento24h.com\/?p=408255"},"wordCount":365,"publisher":{"@id":"https:\/\/sarmiento24h.com\/#organization"},"image":{"@id":"https:\/\/sarmiento24h.com\/?p=408255#primaryimage"},"thumbnailUrl":"https:\/\/sarmiento24h.com\/wp-content\/uploads\/2026\/09\/danilo-medina-pide-investigar-causas-de-mortalidad-neonatal.jpg","articleSection":["Politica"],"inLanguage":"es"},{"@type":"WebPage","@id":"https:\/\/sarmiento24h.com\/?p=408255","url":"https:\/\/sarmiento24h.com\/?p=408255","name":"Danilo Medina pide investigar causas de mortalidad neonatal - Sarmiento24h","isPartOf":{"@id":"https:\/\/sarmiento24h.com\/#website"},"primaryImageOfPage":{"@id":"https:\/\/sarmiento24h.com\/?p=408255#primaryimage"},"image":{"@id":"https:\/\/sarmiento24h.com\/?p=408255#primaryimage"},"thumbnailUrl":"https:\/\/sarmiento24h.com\/wp-content\/uploads\/2026\/09\/danilo-medina-pide-investigar-causas-de-mortalidad-neonatal.jpg","datePublished":"2026-09-01T13:08:01+00:00","breadcrumb":{"@id":"https:\/\/sarmiento24h.com\/?p=408255#breadcrumb"},"inLanguage":"es","potentialAction":[{"@type":"ReadAction","target":["https:\/\/sarmiento24h.com\/?p=408255"]}]},{"@type":"ImageObject","inLanguage":"es","@id":"https:\/\/sarmiento24h.com\/?p=408255#primaryimage","url":"https:\/\/sarmiento24h.com\/wp-content\/uploads\/2026\/09\/danilo-medina-pide-investigar-causas-de-mortalidad-neonatal.jpg","contentUrl":"https:\/\/sarmiento24h.com\/wp-content\/uploads\/2026\/09\/danilo-medina-pide-investigar-causas-de-mortalidad-neonatal.jpg","width":300,"height":224},{"@type":"BreadcrumbList","@id":"https:\/\/sarmiento24h.com\/?p=408255#breadcrumb","itemListElement":[{"@type":"ListItem","position":1,"name":"Home","item":"https:\/\/sarmiento24h.com\/"},{"@type":"ListItem","position":2,"name":"Danilo Medina pide investigar causas de mortalidad neonatal"}]},{"@type":"WebSite","@id":"https:\/\/sarmiento24h.com\/#website","url":"https:\/\/sarmiento24h.com\/","name":"Sarmiento24h","description":"","publisher":{"@id":"https:\/\/sarmiento24h.com\/#organization"},"potentialAction":[{"@type":"SearchAction","target":{"@type":"EntryPoint","urlTemplate":"https:\/\/sarmiento24h.com\/?s={search_term_string}"},"query-input":{"@type":"PropertyValueSpecification","valueRequired":true,"valueName":"search_term_string"}}],"inLanguage":"es"},{"@type":"Organization","@id":"https:\/\/sarmiento24h.com\/#organization","name":"Sarmiento24h","url":"https:\/\/sarmiento24h.com\/","logo":{"@type":"ImageObject","inLanguage":"es","@id":"https:\/\/sarmiento24h.com\/#\/schema\/logo\/image\/","url":"https:\/\/sarmiento24h.com\/wp-content\/uploads\/2025\/12\/AddText_12-16-10.30.52.jpg","contentUrl":"https:\/\/sarmiento24h.com\/wp-content\/uploads\/2025\/12\/AddText_12-16-10.30.52.jpg","width":1220,"height":324,"caption":"Sarmiento24h"},"image":{"@id":"https:\/\/sarmiento24h.com\/#\/schema\/logo\/image\/"},"sameAs":["https:\/\/facebook.com\/s24hnoticias","https:\/\/x.com\/sarmiento24h"]},{"@type":"Person","@id":"https:\/\/sarmiento24h.com\/#\/schema\/person\/d653a59725ad629a7e0429af7b939d4d","name":"sarmiento24h@gmail.com","image":{"@type":"ImageObject","inLanguage":"es","@id":"https:\/\/sarmiento24h.com\/wp-content\/litespeed\/avatar\/d02cbc4e23c747e6659cd45907173c8f.jpg?ver=1788047690","url":"https:\/\/sarmiento24h.com\/wp-content\/litespeed\/avatar\/d02cbc4e23c747e6659cd45907173c8f.jpg?ver=1788047690","contentUrl":"https:\/\/sarmiento24h.com\/wp-content\/litespeed\/avatar\/d02cbc4e23c747e6659cd45907173c8f.jpg?ver=1788047690","caption":"sarmiento24h@gmail.com"},"sameAs":["https:\/\/sarmiento24h.com"],"url":"https:\/\/sarmiento24h.com\/?author=1"}]}},"jetpack_publicize_connections":[],"jetpack_featured_media_url":"https:\/\/sarmiento24h.com\/wp-content\/uploads\/2026\/09\/danilo-medina-pide-investigar-causas-de-mortalidad-neonatal.jpg","jetpack_sharing_enabled":true,"_links":{"self":[{"href":"https:\/\/sarmiento24h.com\/index.php?rest_route=\/wp\/v2\/posts\/408255","targetHints":{"allow":["GET"]}}],"collection":[{"href":"https:\/\/sarmiento24h.com\/index.php?rest_route=\/wp\/v2\/posts"}],"about":[{"href":"https:\/\/sarmiento24h.com\/index.php?rest_route=\/wp\/v2\/types\/post"}],"author":[{"embeddable":true,"href":"https:\/\/sarmiento24h.com\/index.php?rest_route=\/wp\/v2\/users\/1"}],"replies":[{"embeddable":true,"href":"https:\/\/sarmiento24h.com\/index.php?rest_route=%2Fwp%2Fv2%2Fcomments&post=408255"}],"version-history":[{"count":0,"href":"https:\/\/sarmiento24h.com\/index.php?rest_route=\/wp\/v2\/posts\/408255\/revisions"}],"wp:featuredmedia":[{"embeddable":true,"href":"https:\/\/sarmiento24h.com\/index.php?rest_route=\/wp\/v2\/media\/408256"}],"wp:attachment":[{"href":"https:\/\/sarmiento24h.com\/index.php?rest_route=%2Fwp%2Fv2%2Fmedia&parent=408255"}],"wp:term":[{"taxonomy":"category","embeddable":true,"href":"https:\/\/sarmiento24h.com\/index.php?rest_route=%2Fwp%2Fv2%2Fcategories&post=408255"},{"taxonomy":"post_tag","embeddable":true,"href":"https:\/\/sarmiento24h.com\/index.php?rest_route=%2Fwp%2Fv2%2Ftags&post=408255"}],"curies":[{"name":"wp","href":"https:\/\/api.w.org\/{rel}","templated":true}]}}