{"id":408295,"date":"2026-09-01T14:17:06","date_gmt":"2026-09-01T14:17:06","guid":{"rendered":"http:\/\/13d0f742-a607-11f1-80dd-cdea27736d9b"},"modified":"2026-09-01T14:17:06","modified_gmt":"2026-09-01T14:17:06","slug":"nuevo-frente-de-disputa-rusia-pide-a-espana-pruebas-de-su-presunta-implicacion-en-crisis-migratoria-de-ceuta","status":"publish","type":"post","link":"https:\/\/sarmiento24h.com\/?p=408295","title":{"rendered":"\u00bfNuevo frente de disputa?: Rusia pide a Espa\u00f1a pruebas de su presunta implicaci\u00f3n en crisis migratoria de Ceuta"},"content":{"rendered":"<p>Mosc\u00fa desaf\u00eda las acusaciones de Espa\u00f1a. Rusia elev\u00f3 este martes el tono de su respuesta a las acusaciones formuladas por el Gobierno espa\u00f1ol sobre una supuesta campa\u00f1a de desinformaci\u00f3n vinculada a<a href=\"https:\/\/www.france24.com\/es\/europa\/20260730-crisis-migratoria-en-ceuta-qu\u00e9-est\u00e1-pasando-y-por-qu\u00e9-el-gobierno-espa\u00f1ol-rechaza-declarar-la-emergencia-nacional\" target=\"_self\"> la crisis migratoria registrada en Ceuta a finales de julio.<\/a> El Kremlin reclam\u00f3 a Madrid que presente informaci\u00f3n concreta que permita verificar su implicaci\u00f3n.<\/p>\n<p>La portavoz del Ministerio de Exteriores ruso, <strong>Mar\u00eda Zaj\u00e1rova, <\/strong>sostuvo que cualquier acusaci\u00f3n debe estar respaldada por hechos, datos y elementos susceptibles de comprobaci\u00f3n. <strong>\u00abSin hechos, sin materiales respaldados con cifras, fechas y nombres, simplemente no hay nada de qu\u00e9 hablar\u00bb, <\/strong>afirm\u00f3 en una rueda de prensa, citada por la agencia Interfax.<\/p>\n<p>Zaj\u00e1rova cuestion\u00f3 as\u00ed la base p\u00fablica de las afirmaciones espa\u00f1olas y se\u00f1al\u00f3 que Mosc\u00fa no hab\u00eda recibido, seg\u00fan su versi\u00f3n, informaci\u00f3n que permitiera sustentar las sospechas. Tambi\u00e9n record\u00f3 que existen canales diplom\u00e1ticos e internacionales para trasladar reclamaciones relacionadas con posibles ciberataques, incluida la Embajada de Rusia en Madrid y ante Naciones Unidas.<\/p>\n<p>La portavoz rusa acus\u00f3 adem\u00e1s a Madrid de haber acudido primero a los medios de comunicaci\u00f3n en lugar de presentar materiales que respaldaran sus declaraciones y vincul\u00f3 ir\u00f3nicamente el episodio con iniciativas contra la desinformaci\u00f3n.&nbsp;<\/p>\n<div id=\"em-WBMZ416834-F24-ES-20260901\" class=\"m-em-flash\" data-xtwitter-script>\n<div class=\"o-em-consent \" readability=\"7\">\n<div class=\"o-em-consent__content\" readability=\"34\">\n<p class=\"o-em-consent__content__text\">Para mostrar este contenido de X (Twitter), debe autorizar las cookies de medici\u00f3n de audiencia y publicidad.<\/p>\n<p> <button class=\"a-master-button a-master-button--dark\" data-action=\"accept\"> Aceptar <svg class=\"a-svg a-svg--icon-check\"> <use xlink:href=\"\/build\/images\/svg\/sprite.1af31c2f854b10d5fc5627a4f4fa61be.svg#icon-check\" href=\"\/build\/images\/svg\/sprite.1af31c2f854b10d5fc5627a4f4fa61be.svg#icon-check\" \/> <\/svg> <\/button> <button class=\"a-link\" data-action=\"manage\">Gestionar mis opciones <svg class=\"a-svg a-svg--icon-edit\"> <use xlink:href=\"\/build\/images\/svg\/sprite.1af31c2f854b10d5fc5627a4f4fa61be.svg#icon-edit\" href=\"\/build\/images\/svg\/sprite.1af31c2f854b10d5fc5627a4f4fa61be.svg#icon-edit\" \/> <\/svg><br \/>\n<\/button> <\/div>\n<\/div>\n<\/div>\n<p><strong>Es una acusaci\u00f3n que Mosc\u00fa ya hab\u00eda rechazado.<\/strong>La petici\u00f3n de pruebas formulada este martes no constituye la primera respuesta rusa a las acusaciones de Pedro S\u00e1nchez.<\/p>\n<p>Despu\u00e9s de que el presidente del Gobierno espa\u00f1ol se\u00f1alara a Rusia e Israel como posibles actores detr\u00e1s de campa\u00f1as de desinformaci\u00f3n, el Kremlin rechaz\u00f3 cualquier implicaci\u00f3n. Su portavoz, Dmitri Peskov, afirm\u00f3 que Rusia \u00abno hab\u00eda tenido nada que ver\u00bb con lo sucedido.<\/p>\n<p>S\u00e1nchez hab\u00eda planteado la cuesti\u00f3n durante una entrevista en la \u2018Cadena SER\u2019, donde vincul\u00f3 la posible actividad de desinformaci\u00f3n con las posiciones internacionales mantenidas por Espa\u00f1a frente a la invasi\u00f3n rusa de Ucrania y la guerra en Gaza.<\/p>\n<p>\u00abSi Rusia se mete a desinformar sobre esta cuesti\u00f3n o Israel tambi\u00e9n desinforma criticando al Gobierno de Espa\u00f1a, no ser\u00e1 porque les preocupa la migraci\u00f3n en Espa\u00f1a o en Europa\u00bb, sostuvo el presidente, que interpret\u00f3 esas actuaciones como parte de intentos de desestabilizaci\u00f3n asociados a las posiciones pol\u00edticas de Madrid.<\/p>\n<p class=\"a-read-more\"><span class=\"a-read-more__label\">Leer tambi\u00e9n<\/span><a href=\"https:\/\/www.france24.com\/es\/europa\/20260831-s\u00e1nchez-niega-implicaci\u00f3n-de-marruecos-en-la-crisis-migratoria-de-ceuta-y-apunta-a-rusia-e-israel\" target=\"_self\" class=\"a-read-more__link\">S\u00e1nchez niega implicaci\u00f3n de Marruecos en la crisis migratoria de Ceuta y apunta a Rusia e Israel<\/a><\/p>\n<h2><strong>Espa\u00f1a asegura que dispone de \u00abevidencias\u00bb<\/strong><\/h2>\n<p>El Gobierno espa\u00f1ol sostiene, sin embargo, que sus afirmaciones no se basan \u00fanicamente en declaraciones pol\u00edticas.<\/p>\n<p><strong>La ministra de <\/strong>Inclusi\u00f3n, Seguridad Social y Migraciones\u2013y portavoz\u2013, <strong>Elma Saiz, declar\u00f3 este 1 de septiembre que el Ejecutivo dispone de \u00abinformes internos de Exteriores\u00bb y de \u00abevidencias\u00bb que apuntan a que sectores de la ultraderecha internacional amplificaron en distintos foros digitales de Rusia e Israel los acontecimientos registrados en Ceuta.<\/strong><\/p>\n<p>Seg\u00fan Saiz, esa amplificaci\u00f3n habr\u00eda perseguido \u00abfracturar y polarizar Europa y, por ende, a la sociedad espa\u00f1ola\u00bb. La ministra a\u00f1adi\u00f3 que la Comisi\u00f3n Europea habr\u00eda se\u00f1alado durante agosto a Rusia como un \u00abfoco de desinformaci\u00f3n\u00bb en relaci\u00f3n con lo sucedido en Ceuta.<\/p>\n<div id=\"em-WBMZ416832-F24-ES-20260901\" class=\"m-em-flash\" data-xtwitter-script>\n<div class=\"o-em-consent \" readability=\"7\">\n<div class=\"o-em-consent__content\" readability=\"34\">\n<p class=\"o-em-consent__content__text\">Para mostrar este contenido de X (Twitter), debe autorizar las cookies de medici\u00f3n de audiencia y publicidad.<\/p>\n<p> <button class=\"a-master-button a-master-button--dark\" data-action=\"accept\"> Aceptar <svg class=\"a-svg a-svg--icon-check\"> <use xlink:href=\"\/build\/images\/svg\/sprite.1af31c2f854b10d5fc5627a4f4fa61be.svg#icon-check\" href=\"\/build\/images\/svg\/sprite.1af31c2f854b10d5fc5627a4f4fa61be.svg#icon-check\" \/> <\/svg> <\/button> <button class=\"a-link\" data-action=\"manage\">Gestionar mis opciones <svg class=\"a-svg a-svg--icon-edit\"> <use xlink:href=\"\/build\/images\/svg\/sprite.1af31c2f854b10d5fc5627a4f4fa61be.svg#icon-edit\" href=\"\/build\/images\/svg\/sprite.1af31c2f854b10d5fc5627a4f4fa61be.svg#icon-edit\" \/> <\/svg><br \/>\n<\/button> <\/div>\n<\/div>\n<\/div>\n<p>Al mismo tiempo, Saiz afirm\u00f3 que el Gobierno no dispone de \u00abninguna evidencia, ning\u00fan informe, ning\u00fan indicio\u00bb de que Marruecos participara en las operaciones de desinformaci\u00f3n relacionadas con los acontecimientos del 30 y 31 de julio.<\/p>\n<p>La ministra portavoz de Espa\u00f1a no detall\u00f3 p\u00fablicamente el contenido de los informes mencionados ni aport\u00f3 en sus declaraciones datos t\u00e9cnicos que permitieran establecer por s\u00ed mismos una cadena causal entre determinadas cuentas o redes digitales y la llegada masiva de migrantes.<\/p>\n<div id=\"em-WBMZ416833-F24-ES-20260901\" class=\"m-em-flash\" data-xtwitter-script>\n<div class=\"o-em-consent \" readability=\"7\">\n<div class=\"o-em-consent__content\" readability=\"34\">\n<p class=\"o-em-consent__content__text\">Para mostrar este contenido de X (Twitter), debe autorizar las cookies de medici\u00f3n de audiencia y publicidad.<\/p>\n<p> <button class=\"a-master-button a-master-button--dark\" data-action=\"accept\"> Aceptar <svg class=\"a-svg a-svg--icon-check\"> <use xlink:href=\"\/build\/images\/svg\/sprite.1af31c2f854b10d5fc5627a4f4fa61be.svg#icon-check\" href=\"\/build\/images\/svg\/sprite.1af31c2f854b10d5fc5627a4f4fa61be.svg#icon-check\" \/> <\/svg> <\/button> <button class=\"a-link\" data-action=\"manage\">Gestionar mis opciones <svg class=\"a-svg a-svg--icon-edit\"> <use xlink:href=\"\/build\/images\/svg\/sprite.1af31c2f854b10d5fc5627a4f4fa61be.svg#icon-edit\" href=\"\/build\/images\/svg\/sprite.1af31c2f854b10d5fc5627a4f4fa61be.svg#icon-edit\" \/> <\/svg><br \/>\n<\/button> <\/div>\n<\/div>\n<\/div>\n<p class=\"a-read-more\"><span class=\"a-read-more__label\">Leer tambi\u00e9n<\/span><a href=\"https:\/\/www.france24.com\/es\/europa\/20260828-siempre-tienes-miedo-16-mujeres-migrantes-entre-ellas-ni\u00f1as-denuncian-agresiones-sexuales-en-ceuta\" target=\"_self\" class=\"a-read-more__link\">\u00abSiempre tienes miedo\u00bb: 16 migrantes, entre ellas ni\u00f1as, denuncian agresiones sexuales en Ceuta<\/a><\/p>\n<h2><strong>De las declaraciones a los datos: origen de la crisis sigue bajo investigaci\u00f3n<\/strong><\/h2>\n<p>La discusi\u00f3n sobre la posible desinformaci\u00f3n se desarrolla mientras las autoridades espa\u00f1olas contin\u00faan investigando las causas de la entrada masiva de migrantes en Ceuta durante los d\u00edas 30 y 31 de julio.<\/p>\n<p><strong>S\u00e1nchez apunt\u00f3 a una combinaci\u00f3n de factores, entre ellos la tergiversaci\u00f3n de una sentencia del Tribunal Supremo del 8 de julio sobre el procedimiento extraordinario de regularizaci\u00f3n de migrantes y la posterior difusi\u00f3n de bulos en redes sociales.<\/strong><\/p>\n<p>El presidente tambi\u00e9n se\u00f1al\u00f3 la existencia de una \u00abinternacional ultraderechista\u00bb que, seg\u00fan su interpretaci\u00f3n, utiliza la cuesti\u00f3n migratoria para generar divisi\u00f3n en Espa\u00f1a y Europa. A\u00f1adi\u00f3 que el Servicio Europeo de Acci\u00f3n Exterior hab\u00eda trasladado al Gobierno espa\u00f1ol informaci\u00f3n sobre redes rusas e israel\u00edes que habr\u00edan difundido y propagado contenidos falsos.<\/p>\n<p>Estas afirmaciones sit\u00faan el episodio en un terreno m\u00e1s amplio que el de la migraci\u00f3n: el de la disputa por la influencia informativa y la utilizaci\u00f3n de las plataformas digitales como instrumentos de polarizaci\u00f3n pol\u00edtica.<\/p>\n<div class=\"m-em-image\">\n<figure class=\"m-item-image m-item-image--original m-item-image--has-caption\"> <picture class=\"a-picture a-picture--original\"><source type=\"image\/webp\" srcset=\"https:\/\/s.france24.com\/media\/display\/6284c692-9023-11f1-863d-005056a90284\/w:246\/2026-08-04T060208Z-1711876709-RC27RMAUMI0M-RTRMADP-3-MIGRATION-EUROPE-SPAIN-CEUTA.webp 246w, https:\/\/s.france24.com\/media\/display\/6284c692-9023-11f1-863d-005056a90284\/w:388\/2026-08-04T060208Z-1711876709-RC27RMAUMI0M-RTRMADP-3-MIGRATION-EUROPE-SPAIN-CEUTA.webp 388w, https:\/\/s.france24.com\/media\/display\/6284c692-9023-11f1-863d-005056a90284\/w:720\/2026-08-04T060208Z-1711876709-RC27RMAUMI0M-RTRMADP-3-MIGRATION-EUROPE-SPAIN-CEUTA.webp 720w, https:\/\/s.france24.com\/media\/display\/6284c692-9023-11f1-863d-005056a90284\/w:980\/2026-08-04T060208Z-1711876709-RC27RMAUMI0M-RTRMADP-3-MIGRATION-EUROPE-SPAIN-CEUTA.webp 980w\" sizes=\"(max-width: 1023px) calc(100vw - 32px), (min-width: 1024px) 850px\"><img fetchpriority=\"low\" decoding=\"async\" src=\"https:\/\/s.france24.com\/media\/display\/6284c692-9023-11f1-863d-005056a90284\/w:980\/2026-08-04T060208Z-1711876709-RC27RMAUMI0M-RTRMADP-3-MIGRATION-EUROPE-SPAIN-CEUTA.jpg\" srcset=\"https:\/\/s.france24.com\/media\/display\/6284c692-9023-11f1-863d-005056a90284\/w:246\/2026-08-04T060208Z-1711876709-RC27RMAUMI0M-RTRMADP-3-MIGRATION-EUROPE-SPAIN-CEUTA.jpg 246w, https:\/\/s.france24.com\/media\/display\/6284c692-9023-11f1-863d-005056a90284\/w:388\/2026-08-04T060208Z-1711876709-RC27RMAUMI0M-RTRMADP-3-MIGRATION-EUROPE-SPAIN-CEUTA.jpg 388w, https:\/\/s.france24.com\/media\/display\/6284c692-9023-11f1-863d-005056a90284\/w:720\/2026-08-04T060208Z-1711876709-RC27RMAUMI0M-RTRMADP-3-MIGRATION-EUROPE-SPAIN-CEUTA.jpg 720w, https:\/\/s.france24.com\/media\/display\/6284c692-9023-11f1-863d-005056a90284\/w:980\/2026-08-04T060208Z-1711876709-RC27RMAUMI0M-RTRMADP-3-MIGRATION-EUROPE-SPAIN-CEUTA.jpg 980w\" sizes=\"(max-width: 1023px) calc(100vw - 32px), (min-width: 1024px) 850px\" alt=\"Migrantes hacen fila para recibir alimentos y bebidas de la Cruz Roja, tras los cruces masivos de migrantes a pie y por mar desde Marruecos hacia territorio espa\u00f1ol, en Ceuta, Espa\u00f1a, el 3 de agosto de 2026.\" loading=\"lazy\" class=\"a-img \">\n<\/picture><figcaption class=\"a-figcaption\"> Migrantes hacen fila para recibir alimentos y bebidas de la Cruz Roja, tras los cruces masivos de migrantes a pie y por mar desde Marruecos hacia territorio espa\u00f1ol, en Ceuta, Espa\u00f1a, el 3 de agosto de 2026. \u00a9 Reuters\/Violeta Santos Moura <\/figcaption><\/figure>\n<\/p><\/div>\n<p><strong>El principal interrogante es ahora qu\u00e9 elementos concretos puede presentar Espa\u00f1a para sustentar sus acusaciones y si esos materiales permiten distinguir entre la simple difusi\u00f3n de contenidos falsos, su amplificaci\u00f3n deliberada y una operaci\u00f3n coordinada atribuible a estructuras estatales rusas.<\/strong><\/p>\n<p>Rusia, por su parte, ha puesto el list\u00f3n en la presentaci\u00f3n de hechos verificables, con fechas, cifras, nombres y materiales que permitan establecer responsabilidades.<\/p>\n<p>Mientras no se hagan p\u00fablicos esos elementos o se completen las investigaciones pertinentes, permanece abierta una cuesti\u00f3n central: si las redes se\u00f1aladas por Madrid desempe\u00f1aron un papel determinante en la crisis migratoria de Ceuta o si contribuyeron principalmente a amplificar una situaci\u00f3n cuya causa \u00faltima contin\u00faa siendo objeto de investigaci\u00f3n.<\/p>\n<p>La disputa deja as\u00ed dos planos entrelazados \u2014la gesti\u00f3n de la migraci\u00f3n y la guerra informativa\u2014 y convierte a Ceuta en un nuevo punto de fricci\u00f3n dentro de la confrontaci\u00f3n pol\u00edtica entre Rusia, Espa\u00f1a y sus respectivos espacios de influencia.<\/p>\n<p class=\"a-read-more\"><span class=\"a-read-more__label\">Leer tambi\u00e9n<\/span><a href=\"https:\/\/www.france24.com\/es\/europa\/20260825-espa\u00f1a-aprueba-dos-anteproyectos-para-reformar-sus-leyes-de-asilo-y-extranjer\u00eda-en-plena-crisis-migratoria-en-ceuta\" target=\"_self\" class=\"a-read-more__link\">Espa\u00f1a aprueba dos anteproyectos para reformar sus leyes de asilo y extranjer\u00eda en plena crisis migratoria en Ceuta<\/a><\/p>\n<h2><strong>Ceuta, \u00bfnuevo escenario de la pugna entre Espa\u00f1a y Rusia?<\/strong><\/h2>\n<p>La controversia a\u00f1ade una nueva dimensi\u00f3n a las ya tensas relaciones entre Madrid y Mosc\u00fa, marcadas por la guerra de Ucrania y por el alineamiento de Espa\u00f1a con la pol\u00edtica de la Uni\u00f3n Europea frente a Rusia.<\/p>\n<p>A finales de julio, el Ministerio de Exteriores ruso ya hab\u00eda utilizado la crisis de Ceuta para cuestionar la pol\u00edtica migratoria europea. El viceministro de Exteriores, <strong>Alexander Grushk\u00f3,<\/strong> calific\u00f3 entonces la llegada masiva e irregular de migrantes como una \u00abcat\u00e1strofe humanitaria\u00bb, pero tambi\u00e9n como un \u00abcolapso de la pol\u00edtica migratoria\u00bb seguida durante a\u00f1os por la Uni\u00f3n Europea.<\/p>\n<p>Grushk\u00f3 sostuvo que Espa\u00f1a deb\u00eda encontrar una soluci\u00f3n al problema y afirm\u00f3 que Madrid podr\u00eda haber destinado recursos a su propia seguridad en lugar de emplearlos en Ucrania.<\/p>\n<div class=\"m-em-image\">\n<figure class=\"m-item-image m-item-image--original m-item-image--has-caption\"> <picture class=\"a-picture a-picture--original\"><source type=\"image\/webp\" srcset=\"https:\/\/s.france24.com\/media\/display\/6f505dd6-a221-11f1-89f8-005056bf30b7\/w:246\/d3daf61865495bed8e3e81c429dff19f39eaebb4.webp 246w, https:\/\/s.france24.com\/media\/display\/6f505dd6-a221-11f1-89f8-005056bf30b7\/w:388\/d3daf61865495bed8e3e81c429dff19f39eaebb4.webp 388w, https:\/\/s.france24.com\/media\/display\/6f505dd6-a221-11f1-89f8-005056bf30b7\/w:720\/d3daf61865495bed8e3e81c429dff19f39eaebb4.webp 720w, https:\/\/s.france24.com\/media\/display\/6f505dd6-a221-11f1-89f8-005056bf30b7\/w:980\/d3daf61865495bed8e3e81c429dff19f39eaebb4.webp 980w\" sizes=\"(max-width: 1023px) calc(100vw - 32px), (min-width: 1024px) 850px\"><img fetchpriority=\"low\" decoding=\"async\" src=\"https:\/\/s.france24.com\/media\/display\/6f505dd6-a221-11f1-89f8-005056bf30b7\/w:980\/d3daf61865495bed8e3e81c429dff19f39eaebb4.jpg\" srcset=\"https:\/\/s.france24.com\/media\/display\/6f505dd6-a221-11f1-89f8-005056bf30b7\/w:246\/d3daf61865495bed8e3e81c429dff19f39eaebb4.jpg 246w, https:\/\/s.france24.com\/media\/display\/6f505dd6-a221-11f1-89f8-005056bf30b7\/w:388\/d3daf61865495bed8e3e81c429dff19f39eaebb4.jpg 388w, https:\/\/s.france24.com\/media\/display\/6f505dd6-a221-11f1-89f8-005056bf30b7\/w:720\/d3daf61865495bed8e3e81c429dff19f39eaebb4.jpg 720w, https:\/\/s.france24.com\/media\/display\/6f505dd6-a221-11f1-89f8-005056bf30b7\/w:980\/d3daf61865495bed8e3e81c429dff19f39eaebb4.jpg 980w\" sizes=\"(max-width: 1023px) calc(100vw - 32px), (min-width: 1024px) 850px\" alt=\"Archivo: voluntarios de la Cruz Roja distribuyen alimentos a los migrantes que permanecen en Ceuta, en una playa del enclave espa\u00f1ol en Marruecos, el 22 de agosto de 2026.\" loading=\"lazy\" class=\"a-img \">\n<\/picture><figcaption class=\"a-figcaption\"> Archivo: voluntarios de la Cruz Roja distribuyen alimentos a los migrantes que permanecen en Ceuta, en una playa del enclave espa\u00f1ol en Marruecos, el 22 de agosto de 2026. \u00a9 Antonio Sempere\/AFP <\/figcaption><\/figure>\n<\/p><\/div>\n<p>El intercambio de acusaciones modifica ahora el eje de la disputa: de la cr\u00edtica rusa a la gesti\u00f3n migratoria europea se pasa a un enfrentamiento directo sobre el supuesto uso de campa\u00f1as de desinformaci\u00f3n para influir en la percepci\u00f3n p\u00fablica de la crisis.<\/p>\n<p class=\"a-read-more\"><span class=\"a-read-more__label\">Leer tambi\u00e9n<\/span><a href=\"https:\/\/www.france24.com\/es\/europa\/20260824-crisis-migratoria-en-ceuta-espa\u00f1a-anuncia-un-mando-\u00fanico-mientras-intenta-prevenir-potenciales-enfermedades\" target=\"_self\" class=\"a-read-more__link\">Crisis migratoria en Ceuta: Espa\u00f1a anuncia un mando \u00fanico, mientras intenta prevenir \u00abpotenciales enfermedades\u201d<\/a><\/p>\n<p>Con EFE y medios locales<\/p>\n","protected":false},"excerpt":{"rendered":"<p>Mosc\u00fa desaf\u00eda las acusaciones de Espa\u00f1a. Rusia&#46;&#46;&#46;<\/p>\n","protected":false},"author":1,"featured_media":408296,"comment_status":"closed","ping_status":"closed","sticky":false,"template":"","format":"standard","meta":{"_jetpack_newsletter_access":"","_jetpack_dont_email_post_to_subs":false,"_jetpack_newsletter_tier_id":0,"_jetpack_memberships_contains_paywalled_content":false,"_jetpack_feature_clip_id":0,"_jetpack_memberships_contains_paid_content":false,"footnotes":"","jetpack_publicize_message":"","jetpack_publicize_feature_enabled":true,"jetpack_social_post_already_shared":true,"jetpack_social_options":{"image_generator_settings":{"template":"highway","default_image_id":0,"font":"","enabled":false},"version":2},"jetpack_post_was_ever_published":false},"categories":[43],"tags":[],"class_list":["post-408295","post","type-post","status-publish","format-standard","has-post-thumbnail","hentry","category-internacionales"],"yoast_head":"<!-- This site is optimized with the Yoast SEO plugin v28.1 - https:\/\/yoast.com\/product\/yoast-seo-wordpress\/ -->\n<title>\u00bfNuevo frente de disputa?: Rusia pide a Espa\u00f1a pruebas de su presunta implicaci\u00f3n en crisis migratoria de Ceuta - Sarmiento24h<\/title>\n<meta name=\"robots\" content=\"index, follow, max-snippet:-1, max-image-preview:large, max-video-preview:-1\" \/>\n<link rel=\"canonical\" href=\"https:\/\/sarmiento24h.com\/?p=408295\" \/>\n<meta property=\"og:locale\" content=\"es_ES\" \/>\n<meta property=\"og:type\" content=\"article\" \/>\n<meta property=\"og:title\" content=\"\u00bfNuevo frente de disputa?: Rusia pide a Espa\u00f1a pruebas de su presunta implicaci\u00f3n en crisis migratoria de Ceuta - Sarmiento24h\" \/>\n<meta property=\"og:description\" content=\"Mosc\u00fa desaf\u00eda las acusaciones de Espa\u00f1a. Rusia&#046;&#046;&#046;\" \/>\n<meta property=\"og:url\" content=\"https:\/\/sarmiento24h.com\/?p=408295\" \/>\n<meta property=\"og:site_name\" content=\"Sarmiento24h\" \/>\n<meta property=\"article:publisher\" content=\"https:\/\/facebook.com\/s24hnoticias\" \/>\n<meta property=\"article:published_time\" content=\"2026-09-01T14:17:06+00:00\" \/>\n<meta property=\"og:image\" content=\"https:\/\/s.france24.com\/media\/display\/6284c692-9023-11f1-863d-005056a90284\/w:980\/2026-08-04T060208Z-1711876709-RC27RMAUMI0M-RTRMADP-3-MIGRATION-EUROPE-SPAIN-CEUTA.jpg\" \/>\n<meta name=\"author\" content=\"sarmiento24h@gmail.com\" \/>\n<meta name=\"twitter:card\" content=\"summary_large_image\" \/>\n<meta name=\"twitter:creator\" content=\"@sarmiento24h\" \/>\n<meta name=\"twitter:site\" content=\"@sarmiento24h\" \/>\n<meta name=\"twitter:label1\" content=\"Escrito por\" \/>\n\t<meta name=\"twitter:data1\" content=\"sarmiento24h@gmail.com\" \/>\n\t<meta name=\"twitter:label2\" content=\"Tiempo de lectura\" \/>\n\t<meta name=\"twitter:data2\" content=\"7 minutos\" \/>\n<script type=\"application\/ld+json\" class=\"yoast-schema-graph\">{\"@context\":\"https:\\\/\\\/schema.org\",\"@graph\":[{\"@type\":\"Article\",\"@id\":\"https:\\\/\\\/sarmiento24h.com\\\/?p=408295#article\",\"isPartOf\":{\"@id\":\"https:\\\/\\\/sarmiento24h.com\\\/?p=408295\"},\"author\":{\"name\":\"sarmiento24h@gmail.com\",\"@id\":\"https:\\\/\\\/sarmiento24h.com\\\/#\\\/schema\\\/person\\\/d653a59725ad629a7e0429af7b939d4d\"},\"headline\":\"\u00bfNuevo frente de disputa?: Rusia pide a Espa\u00f1a pruebas de su presunta implicaci\u00f3n en crisis migratoria de Ceuta\",\"datePublished\":\"2026-09-01T14:17:06+00:00\",\"mainEntityOfPage\":{\"@id\":\"https:\\\/\\\/sarmiento24h.com\\\/?p=408295\"},\"wordCount\":1423,\"publisher\":{\"@id\":\"https:\\\/\\\/sarmiento24h.com\\\/#organization\"},\"image\":{\"@id\":\"https:\\\/\\\/sarmiento24h.com\\\/?p=408295#primaryimage\"},\"thumbnailUrl\":\"https:\\\/\\\/sarmiento24h.com\\\/wp-content\\\/uploads\\\/2026\\\/09\\\/nuevo-frente-de-disputa-rusia-pide-a-espana-pruebas-de-su-presunta-implicacion-en-crisis-migratoria-de-ceuta.jpg\",\"articleSection\":[\"Internacionales\"],\"inLanguage\":\"es\"},{\"@type\":\"WebPage\",\"@id\":\"https:\\\/\\\/sarmiento24h.com\\\/?p=408295\",\"url\":\"https:\\\/\\\/sarmiento24h.com\\\/?p=408295\",\"name\":\"\u00bfNuevo frente de disputa?: Rusia pide a Espa\u00f1a pruebas de su presunta implicaci\u00f3n en crisis migratoria de Ceuta - Sarmiento24h\",\"isPartOf\":{\"@id\":\"https:\\\/\\\/sarmiento24h.com\\\/#website\"},\"primaryImageOfPage\":{\"@id\":\"https:\\\/\\\/sarmiento24h.com\\\/?p=408295#primaryimage\"},\"image\":{\"@id\":\"https:\\\/\\\/sarmiento24h.com\\\/?p=408295#primaryimage\"},\"thumbnailUrl\":\"https:\\\/\\\/sarmiento24h.com\\\/wp-content\\\/uploads\\\/2026\\\/09\\\/nuevo-frente-de-disputa-rusia-pide-a-espana-pruebas-de-su-presunta-implicacion-en-crisis-migratoria-de-ceuta.jpg\",\"datePublished\":\"2026-09-01T14:17:06+00:00\",\"breadcrumb\":{\"@id\":\"https:\\\/\\\/sarmiento24h.com\\\/?p=408295#breadcrumb\"},\"inLanguage\":\"es\",\"potentialAction\":[{\"@type\":\"ReadAction\",\"target\":[\"https:\\\/\\\/sarmiento24h.com\\\/?p=408295\"]}]},{\"@type\":\"ImageObject\",\"inLanguage\":\"es\",\"@id\":\"https:\\\/\\\/sarmiento24h.com\\\/?p=408295#primaryimage\",\"url\":\"https:\\\/\\\/sarmiento24h.com\\\/wp-content\\\/uploads\\\/2026\\\/09\\\/nuevo-frente-de-disputa-rusia-pide-a-espana-pruebas-de-su-presunta-implicacion-en-crisis-migratoria-de-ceuta.jpg\",\"contentUrl\":\"https:\\\/\\\/sarmiento24h.com\\\/wp-content\\\/uploads\\\/2026\\\/09\\\/nuevo-frente-de-disputa-rusia-pide-a-espana-pruebas-de-su-presunta-implicacion-en-crisis-migratoria-de-ceuta.jpg\",\"width\":980,\"height\":654},{\"@type\":\"BreadcrumbList\",\"@id\":\"https:\\\/\\\/sarmiento24h.com\\\/?p=408295#breadcrumb\",\"itemListElement\":[{\"@type\":\"ListItem\",\"position\":1,\"name\":\"Home\",\"item\":\"https:\\\/\\\/sarmiento24h.com\\\/\"},{\"@type\":\"ListItem\",\"position\":2,\"name\":\"\u00bfNuevo frente de disputa?: Rusia pide a Espa\u00f1a pruebas de su presunta implicaci\u00f3n en crisis migratoria de Ceuta\"}]},{\"@type\":\"WebSite\",\"@id\":\"https:\\\/\\\/sarmiento24h.com\\\/#website\",\"url\":\"https:\\\/\\\/sarmiento24h.com\\\/\",\"name\":\"Sarmiento24h\",\"description\":\"\",\"publisher\":{\"@id\":\"https:\\\/\\\/sarmiento24h.com\\\/#organization\"},\"potentialAction\":[{\"@type\":\"SearchAction\",\"target\":{\"@type\":\"EntryPoint\",\"urlTemplate\":\"https:\\\/\\\/sarmiento24h.com\\\/?s={search_term_string}\"},\"query-input\":{\"@type\":\"PropertyValueSpecification\",\"valueRequired\":true,\"valueName\":\"search_term_string\"}}],\"inLanguage\":\"es\"},{\"@type\":\"Organization\",\"@id\":\"https:\\\/\\\/sarmiento24h.com\\\/#organization\",\"name\":\"Sarmiento24h\",\"url\":\"https:\\\/\\\/sarmiento24h.com\\\/\",\"logo\":{\"@type\":\"ImageObject\",\"inLanguage\":\"es\",\"@id\":\"https:\\\/\\\/sarmiento24h.com\\\/#\\\/schema\\\/logo\\\/image\\\/\",\"url\":\"https:\\\/\\\/sarmiento24h.com\\\/wp-content\\\/uploads\\\/2025\\\/12\\\/AddText_12-16-10.30.52.jpg\",\"contentUrl\":\"https:\\\/\\\/sarmiento24h.com\\\/wp-content\\\/uploads\\\/2025\\\/12\\\/AddText_12-16-10.30.52.jpg\",\"width\":1220,\"height\":324,\"caption\":\"Sarmiento24h\"},\"image\":{\"@id\":\"https:\\\/\\\/sarmiento24h.com\\\/#\\\/schema\\\/logo\\\/image\\\/\"},\"sameAs\":[\"https:\\\/\\\/facebook.com\\\/s24hnoticias\",\"https:\\\/\\\/x.com\\\/sarmiento24h\"]},{\"@type\":\"Person\",\"@id\":\"https:\\\/\\\/sarmiento24h.com\\\/#\\\/schema\\\/person\\\/d653a59725ad629a7e0429af7b939d4d\",\"name\":\"sarmiento24h@gmail.com\",\"image\":{\"@type\":\"ImageObject\",\"inLanguage\":\"es\",\"@id\":\"https:\\\/\\\/sarmiento24h.com\\\/wp-content\\\/litespeed\\\/avatar\\\/d02cbc4e23c747e6659cd45907173c8f.jpg?ver=1788047690\",\"url\":\"https:\\\/\\\/sarmiento24h.com\\\/wp-content\\\/litespeed\\\/avatar\\\/d02cbc4e23c747e6659cd45907173c8f.jpg?ver=1788047690\",\"contentUrl\":\"https:\\\/\\\/sarmiento24h.com\\\/wp-content\\\/litespeed\\\/avatar\\\/d02cbc4e23c747e6659cd45907173c8f.jpg?ver=1788047690\",\"caption\":\"sarmiento24h@gmail.com\"},\"sameAs\":[\"https:\\\/\\\/sarmiento24h.com\"],\"url\":\"https:\\\/\\\/sarmiento24h.com\\\/?author=1\"}]}<\/script>\n<!-- \/ Yoast SEO plugin. -->","yoast_head_json":{"title":"\u00bfNuevo frente de disputa?: Rusia pide a Espa\u00f1a pruebas de su presunta implicaci\u00f3n en crisis migratoria de Ceuta - Sarmiento24h","robots":{"index":"index","follow":"follow","max-snippet":"max-snippet:-1","max-image-preview":"max-image-preview:large","max-video-preview":"max-video-preview:-1"},"canonical":"https:\/\/sarmiento24h.com\/?p=408295","og_locale":"es_ES","og_type":"article","og_title":"\u00bfNuevo frente de disputa?: Rusia pide a Espa\u00f1a pruebas de su presunta implicaci\u00f3n en crisis migratoria de Ceuta - Sarmiento24h","og_description":"Mosc\u00fa desaf\u00eda las acusaciones de Espa\u00f1a. Rusia&#46;&#46;&#46;","og_url":"https:\/\/sarmiento24h.com\/?p=408295","og_site_name":"Sarmiento24h","article_publisher":"https:\/\/facebook.com\/s24hnoticias","article_published_time":"2026-09-01T14:17:06+00:00","og_image":[{"url":"https:\/\/s.france24.com\/media\/display\/6284c692-9023-11f1-863d-005056a90284\/w:980\/2026-08-04T060208Z-1711876709-RC27RMAUMI0M-RTRMADP-3-MIGRATION-EUROPE-SPAIN-CEUTA.jpg","type":"","width":"","height":""}],"author":"sarmiento24h@gmail.com","twitter_card":"summary_large_image","twitter_creator":"@sarmiento24h","twitter_site":"@sarmiento24h","twitter_misc":{"Escrito por":"sarmiento24h@gmail.com","Tiempo de lectura":"7 minutos"},"schema":{"@context":"https:\/\/schema.org","@graph":[{"@type":"Article","@id":"https:\/\/sarmiento24h.com\/?p=408295#article","isPartOf":{"@id":"https:\/\/sarmiento24h.com\/?p=408295"},"author":{"name":"sarmiento24h@gmail.com","@id":"https:\/\/sarmiento24h.com\/#\/schema\/person\/d653a59725ad629a7e0429af7b939d4d"},"headline":"\u00bfNuevo frente de disputa?: Rusia pide a Espa\u00f1a pruebas de su presunta implicaci\u00f3n en crisis migratoria de Ceuta","datePublished":"2026-09-01T14:17:06+00:00","mainEntityOfPage":{"@id":"https:\/\/sarmiento24h.com\/?p=408295"},"wordCount":1423,"publisher":{"@id":"https:\/\/sarmiento24h.com\/#organization"},"image":{"@id":"https:\/\/sarmiento24h.com\/?p=408295#primaryimage"},"thumbnailUrl":"https:\/\/sarmiento24h.com\/wp-content\/uploads\/2026\/09\/nuevo-frente-de-disputa-rusia-pide-a-espana-pruebas-de-su-presunta-implicacion-en-crisis-migratoria-de-ceuta.jpg","articleSection":["Internacionales"],"inLanguage":"es"},{"@type":"WebPage","@id":"https:\/\/sarmiento24h.com\/?p=408295","url":"https:\/\/sarmiento24h.com\/?p=408295","name":"\u00bfNuevo frente de disputa?: Rusia pide a Espa\u00f1a pruebas de su presunta implicaci\u00f3n en crisis migratoria de Ceuta - Sarmiento24h","isPartOf":{"@id":"https:\/\/sarmiento24h.com\/#website"},"primaryImageOfPage":{"@id":"https:\/\/sarmiento24h.com\/?p=408295#primaryimage"},"image":{"@id":"https:\/\/sarmiento24h.com\/?p=408295#primaryimage"},"thumbnailUrl":"https:\/\/sarmiento24h.com\/wp-content\/uploads\/2026\/09\/nuevo-frente-de-disputa-rusia-pide-a-espana-pruebas-de-su-presunta-implicacion-en-crisis-migratoria-de-ceuta.jpg","datePublished":"2026-09-01T14:17:06+00:00","breadcrumb":{"@id":"https:\/\/sarmiento24h.com\/?p=408295#breadcrumb"},"inLanguage":"es","potentialAction":[{"@type":"ReadAction","target":["https:\/\/sarmiento24h.com\/?p=408295"]}]},{"@type":"ImageObject","inLanguage":"es","@id":"https:\/\/sarmiento24h.com\/?p=408295#primaryimage","url":"https:\/\/sarmiento24h.com\/wp-content\/uploads\/2026\/09\/nuevo-frente-de-disputa-rusia-pide-a-espana-pruebas-de-su-presunta-implicacion-en-crisis-migratoria-de-ceuta.jpg","contentUrl":"https:\/\/sarmiento24h.com\/wp-content\/uploads\/2026\/09\/nuevo-frente-de-disputa-rusia-pide-a-espana-pruebas-de-su-presunta-implicacion-en-crisis-migratoria-de-ceuta.jpg","width":980,"height":654},{"@type":"BreadcrumbList","@id":"https:\/\/sarmiento24h.com\/?p=408295#breadcrumb","itemListElement":[{"@type":"ListItem","position":1,"name":"Home","item":"https:\/\/sarmiento24h.com\/"},{"@type":"ListItem","position":2,"name":"\u00bfNuevo frente de disputa?: Rusia pide a Espa\u00f1a pruebas de su presunta implicaci\u00f3n en crisis migratoria de Ceuta"}]},{"@type":"WebSite","@id":"https:\/\/sarmiento24h.com\/#website","url":"https:\/\/sarmiento24h.com\/","name":"Sarmiento24h","description":"","publisher":{"@id":"https:\/\/sarmiento24h.com\/#organization"},"potentialAction":[{"@type":"SearchAction","target":{"@type":"EntryPoint","urlTemplate":"https:\/\/sarmiento24h.com\/?s={search_term_string}"},"query-input":{"@type":"PropertyValueSpecification","valueRequired":true,"valueName":"search_term_string"}}],"inLanguage":"es"},{"@type":"Organization","@id":"https:\/\/sarmiento24h.com\/#organization","name":"Sarmiento24h","url":"https:\/\/sarmiento24h.com\/","logo":{"@type":"ImageObject","inLanguage":"es","@id":"https:\/\/sarmiento24h.com\/#\/schema\/logo\/image\/","url":"https:\/\/sarmiento24h.com\/wp-content\/uploads\/2025\/12\/AddText_12-16-10.30.52.jpg","contentUrl":"https:\/\/sarmiento24h.com\/wp-content\/uploads\/2025\/12\/AddText_12-16-10.30.52.jpg","width":1220,"height":324,"caption":"Sarmiento24h"},"image":{"@id":"https:\/\/sarmiento24h.com\/#\/schema\/logo\/image\/"},"sameAs":["https:\/\/facebook.com\/s24hnoticias","https:\/\/x.com\/sarmiento24h"]},{"@type":"Person","@id":"https:\/\/sarmiento24h.com\/#\/schema\/person\/d653a59725ad629a7e0429af7b939d4d","name":"sarmiento24h@gmail.com","image":{"@type":"ImageObject","inLanguage":"es","@id":"https:\/\/sarmiento24h.com\/wp-content\/litespeed\/avatar\/d02cbc4e23c747e6659cd45907173c8f.jpg?ver=1788047690","url":"https:\/\/sarmiento24h.com\/wp-content\/litespeed\/avatar\/d02cbc4e23c747e6659cd45907173c8f.jpg?ver=1788047690","contentUrl":"https:\/\/sarmiento24h.com\/wp-content\/litespeed\/avatar\/d02cbc4e23c747e6659cd45907173c8f.jpg?ver=1788047690","caption":"sarmiento24h@gmail.com"},"sameAs":["https:\/\/sarmiento24h.com"],"url":"https:\/\/sarmiento24h.com\/?author=1"}]}},"jetpack_publicize_connections":[],"jetpack_featured_media_url":"https:\/\/sarmiento24h.com\/wp-content\/uploads\/2026\/09\/nuevo-frente-de-disputa-rusia-pide-a-espana-pruebas-de-su-presunta-implicacion-en-crisis-migratoria-de-ceuta.jpg","jetpack_sharing_enabled":true,"_links":{"self":[{"href":"https:\/\/sarmiento24h.com\/index.php?rest_route=\/wp\/v2\/posts\/408295","targetHints":{"allow":["GET"]}}],"collection":[{"href":"https:\/\/sarmiento24h.com\/index.php?rest_route=\/wp\/v2\/posts"}],"about":[{"href":"https:\/\/sarmiento24h.com\/index.php?rest_route=\/wp\/v2\/types\/post"}],"author":[{"embeddable":true,"href":"https:\/\/sarmiento24h.com\/index.php?rest_route=\/wp\/v2\/users\/1"}],"replies":[{"embeddable":true,"href":"https:\/\/sarmiento24h.com\/index.php?rest_route=%2Fwp%2Fv2%2Fcomments&post=408295"}],"version-history":[{"count":0,"href":"https:\/\/sarmiento24h.com\/index.php?rest_route=\/wp\/v2\/posts\/408295\/revisions"}],"wp:featuredmedia":[{"embeddable":true,"href":"https:\/\/sarmiento24h.com\/index.php?rest_route=\/wp\/v2\/media\/408296"}],"wp:attachment":[{"href":"https:\/\/sarmiento24h.com\/index.php?rest_route=%2Fwp%2Fv2%2Fmedia&parent=408295"}],"wp:term":[{"taxonomy":"category","embeddable":true,"href":"https:\/\/sarmiento24h.com\/index.php?rest_route=%2Fwp%2Fv2%2Fcategories&post=408295"},{"taxonomy":"post_tag","embeddable":true,"href":"https:\/\/sarmiento24h.com\/index.php?rest_route=%2Fwp%2Fv2%2Ftags&post=408295"}],"curies":[{"name":"wp","href":"https:\/\/api.w.org\/{rel}","templated":true}]}}