{"id":408670,"date":"2026-09-01T19:47:40","date_gmt":"2026-09-01T19:47:40","guid":{"rendered":"https:\/\/pinceldigital.do\/?p=75946"},"modified":"2026-09-01T19:47:40","modified_gmt":"2026-09-01T19:47:40","slug":"inician-las-socializaciones-de-eted-con-actores-claves-en-el-territorio-sobre-iniciativa-de-compensadores-de-energia-para-optimizar-la-operacion-de-la-red-de-transmision","status":"publish","type":"post","link":"https:\/\/sarmiento24h.com\/?p=408670","title":{"rendered":"Inician las socializaciones de ETED con actores claves en el territorio sobre iniciativa de compensadores de energ\u00eda para optimizar la operaci\u00f3n de la red de transmisi\u00f3n."},"content":{"rendered":"<p class=\"wp-block-paragraph\">Santo Domingo, R.D. \u2013 septiembre de 2026. La Empresa de Transmisi\u00f3n El\u00e9ctrica Dominicana, S.A. (ETED), como parte de su estrategia de inversi\u00f3n en innovaci\u00f3n tecnol\u00f3gica inici\u00f3 las sesiones de socializaci\u00f3n con actores claves en las comunidades donde ser\u00e1 desarrollado el proyecto \u00a8Equipamiento para Compensaci\u00f3n Din\u00e1mica de Potencia Reactiva (STATCOM) en las Subestaciones Guayub\u00edn, Azua, Guerra y San Francisco de Macor\u00eds\u201d.<\/p>\n<p class=\"wp-block-paragraph\">Esta iniciativa ser\u00e1 implementada con financiamiento del Banco Interamericano de Desarrollo (BID), en el marco del \u201cPrograma de Infraestructura y Sostenibilidad del Sector El\u00e9ctrico \u2013 Fase I (DR-L1178)\u201d, constituye la primera operaci\u00f3n de un programa de financiamiento orientado a fortalecer la capacidad, confiabilidad y resiliencia del Sistema El\u00e9ctrico Nacional Interconectado (SENI) de la Rep\u00fablica Dominicana mediante la ampliaci\u00f3n y modernizaci\u00f3n de infraestructura de transmisi\u00f3n existente, as\u00ed como el fortalecimiento institucional de la Empresa de Transmisi\u00f3n El\u00e9ctrica Dominicana (ETED).<\/p>\n<p class=\"wp-block-paragraph\">Como parte del plan de gesti\u00f3n ambiental y social del proyecto, se realizaron los primeros encuentros de socializaci\u00f3n en las comunidades de Guayub\u00edn, provincia Montecristi, y Sabana Yegua, provincia Azua.<\/p>\n<p class=\"wp-block-paragraph\">\u201cEl proyecto STATCOM contempla la instalaci\u00f3n de tecnolog\u00eda de vanguardia para la compensaci\u00f3n din\u00e1mica de potencia reactiva, complementada con reactores fijos en puntos estrat\u00e9gicos del sistema. Esta infraestructura permitir\u00e1 estabilizar los niveles de voltaje, optimizar la operaci\u00f3n de la red de transmisi\u00f3n y fortalecer la capacidad de respuesta del SENI ante perturbaciones. Con su implementaci\u00f3n, reduciremos restricciones operativas y la necesidad de generaci\u00f3n forzada, al tiempo que elevamos la confiabilidad y resiliencia del sistema y facilitamos una mayor integraci\u00f3n de energ\u00edas renovables en la Rep\u00fablica Dominicana\u201d, afirm\u00f3 Alfonso Rodr\u00edguez Tejada, vicepresidente ejecutivo de la ETED.<\/p>\n<p class=\"wp-block-paragraph\">Las sesiones de socializaci\u00f3n son lideradas por la asesora de Gobernanza y Sostenibilidad, Yomayra Martin\u00f3 Soto, quien funge como coordinadora del proyecto, junto al equipo t\u00e9cnico conformado por la Direcci\u00f3n de Ingenier\u00eda y Proyectos, la Direcci\u00f3n de Planificaci\u00f3n y Desarrollo, la gerencia ambiental, coordinaci\u00f3n social, y dem\u00e1s \u00e1reas de soporte de la ETED.<\/p>\n<p class=\"wp-block-paragraph\">En las jornadas participaron representantes de las comunidades, las autoridades locales y t\u00e9cnicos de organismos nacionales, quienes conocieron al detalle el alcance, los beneficios y las medidas de gesti\u00f3n ambiental y social del proyecto.<\/p>\n<p class=\"wp-block-paragraph\">Martin\u00f3 Soto a\u00f1adi\u00f3 que, \u201cesta iniciativa representa una inversi\u00f3n clave para fortalecer el servicio de transmisi\u00f3n el\u00e9ctrica de la ETED, y prepararnos para la proyecci\u00f3n de integraci\u00f3n de renovables esbozada en el plan energ\u00e9tico nacional (PEN). Un esfuerzo que apoya el desarrollo socioecon\u00f3mico del pa\u00eds, en consonancia con los objetivos de META 2036\u201d.<\/p>\n<p class=\"wp-block-paragraph\">La sesi\u00f3n de Guayub\u00edn se llev\u00f3 a cabo el viernes 21 de agosto en la subestaci\u00f3n que lleva ese mismo nombre, con la presencia de la gobernadora provincial Leissa Cruz, el alcalde municipal, C\u00e9sar Molina, la directora del Hospital de Guayub\u00edn, Mayra Rodr\u00edguez y parte de su equipo, representantes de la Defensa Civil, de la Polic\u00eda Nacional, Cuerpo de Bomberos, la representante comunitaria Dalisa S\u00e1nchez y el se\u00f1or Nelson Cruz, micro-empresarios, entre otros actores locales.<\/p>\n<p class=\"wp-block-paragraph\">Asimismo, la jornada correspondiente a Azua se celebr\u00f3 el 25 de agosto en Sabana Yegua, contando con la participaci\u00f3n de la gobernadora Mar\u00eda Minerva Navarro, el alcalde Francis Abreu, as\u00ed como representantes del Cuerpo de Bomberos, la Regidur\u00eda, la Junta de Alcald\u00eda, la Parroquia local, amas de casa, microempresarios y otros representantes de la comunidad.<\/p>\n<p class=\"wp-block-paragraph\">En tanto, el acercamiento territorial realizado el 27 de agosto en la subestaci\u00f3n Guerra (secci\u00f3n Cabreto) y en San Francisco de Macor\u00eds complet\u00f3 la socializaci\u00f3n sobre el proyecto en las cuatro infraestructuras intervinientes.<\/p>\n<p class=\"wp-block-paragraph\">La Empresa de Transmisi\u00f3n El\u00e9ctrica Dominicana (ETED) reitera su enfoque a optimizar la infraestructura de transmisi\u00f3n el\u00e9ctrica y brindar un mejor servicio a toda la ciudadan\u00eda. A tales fines, mantiene la v\u00eda de contacto <a href=\"https:\/\/pinceldigital.do\/cdn-cgi\/l\/email-protection#01626e6c746f68626062686e6f647241647564652f666e772f656e\"><span class=\"__cf_email__\" data-cfemail=\"81e2eeecf4efe8e2e0e2e8eeefe4f2c1e4f5e4e5afe6eef7afe5ee\">[email&nbsp;protected]<\/span><\/a>, canal dispuesto para recibir inquietudes y el seguimiento a dar respuesta a las comunidades durante el desarrollo de este proyecto.<\/p>\n<p class=\"wp-block-paragraph\">Sobre ETED<br \/>La Empresa de Transmisi\u00f3n El\u00e9ctrica Dominicana (ETED) es la entidad estatal responsable de operar, mantener y expandir el sistema de transmisi\u00f3n el\u00e9ctrica nacional, garantizando el transporte de energ\u00eda en alta tensi\u00f3n a trav\u00e9s del Sistema El\u00e9ctrico Nacional Interconectado (SENI). Como habilitador de la transici\u00f3n energ\u00e9tica y digital del pa\u00eds, ETED impulsa proyectos de modernizaci\u00f3n que fortalecen la confiabilidad y sostenibilidad del suministro el\u00e9ctrico<\/p>\n<figure class=\"wp-block-gallery has-nested-images columns-default is-cropped wp-block-gallery-1 is-layout-flex wp-block-gallery-is-layout-flex\">\n<figure class=\"wp-block-image size-large\"><img loading=\"lazy\" decoding=\"async\" data-recalc-dims=\"1\" width=\"696\" height=\"392\" data-id=\"75947\" src=\"https:\/\/i0.wp.com\/pinceldigital.do\/wp-content\/uploads\/2026\/09\/c8d9368e-0078-4fa8-b0e9-3886bf45f08b.jpeg?resize=696%2C392&amp;ssl=1\" alt class=\"wp-image-75947\" srcset=\"https:\/\/i0.wp.com\/pinceldigital.do\/wp-content\/uploads\/2026\/09\/c8d9368e-0078-4fa8-b0e9-3886bf45f08b.jpeg?w=696&amp;ssl=1 696w, https:\/\/i0.wp.com\/pinceldigital.do\/wp-content\/uploads\/2026\/09\/c8d9368e-0078-4fa8-b0e9-3886bf45f08b.jpeg?resize=300%2C169&amp;ssl=1 300w\" sizes=\"auto, (max-width: 696px) 100vw, 696px\"><\/figure>\n<figure class=\"wp-block-image size-large\"><img loading=\"lazy\" decoding=\"async\" data-recalc-dims=\"1\" width=\"696\" height=\"392\" data-id=\"75948\" src=\"https:\/\/i0.wp.com\/pinceldigital.do\/wp-content\/uploads\/2026\/09\/844da791-b123-45d2-bd39-3495ee1818da.jpeg?resize=696%2C392&amp;ssl=1\" alt class=\"wp-image-75948\" srcset=\"https:\/\/i0.wp.com\/pinceldigital.do\/wp-content\/uploads\/2026\/09\/844da791-b123-45d2-bd39-3495ee1818da.jpeg?w=696&amp;ssl=1 696w, https:\/\/i0.wp.com\/pinceldigital.do\/wp-content\/uploads\/2026\/09\/844da791-b123-45d2-bd39-3495ee1818da.jpeg?resize=300%2C169&amp;ssl=1 300w\" sizes=\"auto, (max-width: 696px) 100vw, 696px\"><\/figure>\n<\/figure>\n","protected":false},"excerpt":{"rendered":"<p>Santo Domingo, R.D. \u2013 septiembre de 2026.&#46;&#46;&#46;<\/p>\n","protected":false},"author":1,"featured_media":408671,"comment_status":"closed","ping_status":"closed","sticky":false,"template":"","format":"standard","meta":{"_jetpack_newsletter_access":"","_jetpack_dont_email_post_to_subs":false,"_jetpack_newsletter_tier_id":0,"_jetpack_memberships_contains_paywalled_content":false,"_jetpack_feature_clip_id":0,"_jetpack_memberships_contains_paid_content":false,"footnotes":"","jetpack_publicize_message":"","jetpack_publicize_feature_enabled":true,"jetpack_social_post_already_shared":true,"jetpack_social_options":{"image_generator_settings":{"template":"highway","default_image_id":0,"font":"","enabled":false},"version":2},"jetpack_post_was_ever_published":false},"categories":[42],"tags":[],"class_list":["post-408670","post","type-post","status-publish","format-standard","has-post-thumbnail","hentry","category-nacionales"],"yoast_head":"<!-- This site is optimized with the Yoast SEO plugin v28.1 - https:\/\/yoast.com\/product\/yoast-seo-wordpress\/ -->\n<title>Inician las socializaciones de ETED con actores claves en el territorio sobre iniciativa de compensadores de energ\u00eda para optimizar la operaci\u00f3n de la red de transmisi\u00f3n. - Sarmiento24h<\/title>\n<meta name=\"robots\" content=\"index, follow, max-snippet:-1, max-image-preview:large, max-video-preview:-1\" \/>\n<link rel=\"canonical\" href=\"https:\/\/sarmiento24h.com\/?p=408670\" \/>\n<meta property=\"og:locale\" content=\"es_ES\" \/>\n<meta property=\"og:type\" content=\"article\" \/>\n<meta property=\"og:title\" content=\"Inician las socializaciones de ETED con actores claves en el territorio sobre iniciativa de compensadores de energ\u00eda para optimizar la operaci\u00f3n de la red de transmisi\u00f3n. - Sarmiento24h\" \/>\n<meta property=\"og:description\" content=\"Santo Domingo, R.D. \u2013 septiembre de 2026.&#046;&#046;&#046;\" \/>\n<meta property=\"og:url\" content=\"https:\/\/sarmiento24h.com\/?p=408670\" \/>\n<meta property=\"og:site_name\" content=\"Sarmiento24h\" \/>\n<meta property=\"article:publisher\" content=\"https:\/\/facebook.com\/s24hnoticias\" \/>\n<meta property=\"article:published_time\" content=\"2026-09-01T19:47:40+00:00\" \/>\n<meta name=\"author\" content=\"sarmiento24h@gmail.com\" \/>\n<meta name=\"twitter:card\" content=\"summary_large_image\" \/>\n<meta name=\"twitter:creator\" content=\"@sarmiento24h\" \/>\n<meta name=\"twitter:site\" content=\"@sarmiento24h\" \/>\n<meta name=\"twitter:label1\" content=\"Escrito por\" \/>\n\t<meta name=\"twitter:data1\" content=\"sarmiento24h@gmail.com\" \/>\n\t<meta name=\"twitter:label2\" content=\"Tiempo de lectura\" \/>\n\t<meta name=\"twitter:data2\" content=\"4 minutos\" \/>\n<script type=\"application\/ld+json\" class=\"yoast-schema-graph\">{\"@context\":\"https:\\\/\\\/schema.org\",\"@graph\":[{\"@type\":\"Article\",\"@id\":\"https:\\\/\\\/sarmiento24h.com\\\/?p=408670#article\",\"isPartOf\":{\"@id\":\"https:\\\/\\\/sarmiento24h.com\\\/?p=408670\"},\"author\":{\"name\":\"sarmiento24h@gmail.com\",\"@id\":\"https:\\\/\\\/sarmiento24h.com\\\/#\\\/schema\\\/person\\\/d653a59725ad629a7e0429af7b939d4d\"},\"headline\":\"Inician las socializaciones de ETED con actores claves en el territorio sobre iniciativa de compensadores de energ\u00eda para optimizar la operaci\u00f3n de la red de transmisi\u00f3n.\",\"datePublished\":\"2026-09-01T19:47:40+00:00\",\"mainEntityOfPage\":{\"@id\":\"https:\\\/\\\/sarmiento24h.com\\\/?p=408670\"},\"wordCount\":801,\"publisher\":{\"@id\":\"https:\\\/\\\/sarmiento24h.com\\\/#organization\"},\"image\":{\"@id\":\"https:\\\/\\\/sarmiento24h.com\\\/?p=408670#primaryimage\"},\"thumbnailUrl\":\"https:\\\/\\\/sarmiento24h.com\\\/wp-content\\\/uploads\\\/2026\\\/09\\\/inician-las-socializaciones-de-eted-con-actores-claves-en-el-territorio-sobre-iniciativa-de-compensadores-de-energia-para-optimizar-la-operacion-de-la-red-de-transmision.jpg\",\"articleSection\":[\"Nacionales\"],\"inLanguage\":\"es\"},{\"@type\":\"WebPage\",\"@id\":\"https:\\\/\\\/sarmiento24h.com\\\/?p=408670\",\"url\":\"https:\\\/\\\/sarmiento24h.com\\\/?p=408670\",\"name\":\"Inician las socializaciones de ETED con actores claves en el territorio sobre iniciativa de compensadores de energ\u00eda para optimizar la operaci\u00f3n de la red de transmisi\u00f3n. - Sarmiento24h\",\"isPartOf\":{\"@id\":\"https:\\\/\\\/sarmiento24h.com\\\/#website\"},\"primaryImageOfPage\":{\"@id\":\"https:\\\/\\\/sarmiento24h.com\\\/?p=408670#primaryimage\"},\"image\":{\"@id\":\"https:\\\/\\\/sarmiento24h.com\\\/?p=408670#primaryimage\"},\"thumbnailUrl\":\"https:\\\/\\\/sarmiento24h.com\\\/wp-content\\\/uploads\\\/2026\\\/09\\\/inician-las-socializaciones-de-eted-con-actores-claves-en-el-territorio-sobre-iniciativa-de-compensadores-de-energia-para-optimizar-la-operacion-de-la-red-de-transmision.jpg\",\"datePublished\":\"2026-09-01T19:47:40+00:00\",\"breadcrumb\":{\"@id\":\"https:\\\/\\\/sarmiento24h.com\\\/?p=408670#breadcrumb\"},\"inLanguage\":\"es\",\"potentialAction\":[{\"@type\":\"ReadAction\",\"target\":[\"https:\\\/\\\/sarmiento24h.com\\\/?p=408670\"]}]},{\"@type\":\"ImageObject\",\"inLanguage\":\"es\",\"@id\":\"https:\\\/\\\/sarmiento24h.com\\\/?p=408670#primaryimage\",\"url\":\"https:\\\/\\\/sarmiento24h.com\\\/wp-content\\\/uploads\\\/2026\\\/09\\\/inician-las-socializaciones-de-eted-con-actores-claves-en-el-territorio-sobre-iniciativa-de-compensadores-de-energia-para-optimizar-la-operacion-de-la-red-de-transmision.jpg\",\"contentUrl\":\"https:\\\/\\\/sarmiento24h.com\\\/wp-content\\\/uploads\\\/2026\\\/09\\\/inician-las-socializaciones-de-eted-con-actores-claves-en-el-territorio-sobre-iniciativa-de-compensadores-de-energia-para-optimizar-la-operacion-de-la-red-de-transmision.jpg\",\"width\":696,\"height\":392},{\"@type\":\"BreadcrumbList\",\"@id\":\"https:\\\/\\\/sarmiento24h.com\\\/?p=408670#breadcrumb\",\"itemListElement\":[{\"@type\":\"ListItem\",\"position\":1,\"name\":\"Home\",\"item\":\"https:\\\/\\\/sarmiento24h.com\\\/\"},{\"@type\":\"ListItem\",\"position\":2,\"name\":\"Inician las socializaciones de ETED con actores claves en el territorio sobre iniciativa de compensadores de energ\u00eda para optimizar la operaci\u00f3n de la red de transmisi\u00f3n.\"}]},{\"@type\":\"WebSite\",\"@id\":\"https:\\\/\\\/sarmiento24h.com\\\/#website\",\"url\":\"https:\\\/\\\/sarmiento24h.com\\\/\",\"name\":\"Sarmiento24h\",\"description\":\"\",\"publisher\":{\"@id\":\"https:\\\/\\\/sarmiento24h.com\\\/#organization\"},\"potentialAction\":[{\"@type\":\"SearchAction\",\"target\":{\"@type\":\"EntryPoint\",\"urlTemplate\":\"https:\\\/\\\/sarmiento24h.com\\\/?s={search_term_string}\"},\"query-input\":{\"@type\":\"PropertyValueSpecification\",\"valueRequired\":true,\"valueName\":\"search_term_string\"}}],\"inLanguage\":\"es\"},{\"@type\":\"Organization\",\"@id\":\"https:\\\/\\\/sarmiento24h.com\\\/#organization\",\"name\":\"Sarmiento24h\",\"url\":\"https:\\\/\\\/sarmiento24h.com\\\/\",\"logo\":{\"@type\":\"ImageObject\",\"inLanguage\":\"es\",\"@id\":\"https:\\\/\\\/sarmiento24h.com\\\/#\\\/schema\\\/logo\\\/image\\\/\",\"url\":\"https:\\\/\\\/sarmiento24h.com\\\/wp-content\\\/uploads\\\/2025\\\/12\\\/AddText_12-16-10.30.52.jpg\",\"contentUrl\":\"https:\\\/\\\/sarmiento24h.com\\\/wp-content\\\/uploads\\\/2025\\\/12\\\/AddText_12-16-10.30.52.jpg\",\"width\":1220,\"height\":324,\"caption\":\"Sarmiento24h\"},\"image\":{\"@id\":\"https:\\\/\\\/sarmiento24h.com\\\/#\\\/schema\\\/logo\\\/image\\\/\"},\"sameAs\":[\"https:\\\/\\\/facebook.com\\\/s24hnoticias\",\"https:\\\/\\\/x.com\\\/sarmiento24h\"]},{\"@type\":\"Person\",\"@id\":\"https:\\\/\\\/sarmiento24h.com\\\/#\\\/schema\\\/person\\\/d653a59725ad629a7e0429af7b939d4d\",\"name\":\"sarmiento24h@gmail.com\",\"image\":{\"@type\":\"ImageObject\",\"inLanguage\":\"es\",\"@id\":\"https:\\\/\\\/sarmiento24h.com\\\/wp-content\\\/litespeed\\\/avatar\\\/d02cbc4e23c747e6659cd45907173c8f.jpg?ver=1788047690\",\"url\":\"https:\\\/\\\/sarmiento24h.com\\\/wp-content\\\/litespeed\\\/avatar\\\/d02cbc4e23c747e6659cd45907173c8f.jpg?ver=1788047690\",\"contentUrl\":\"https:\\\/\\\/sarmiento24h.com\\\/wp-content\\\/litespeed\\\/avatar\\\/d02cbc4e23c747e6659cd45907173c8f.jpg?ver=1788047690\",\"caption\":\"sarmiento24h@gmail.com\"},\"sameAs\":[\"https:\\\/\\\/sarmiento24h.com\"],\"url\":\"https:\\\/\\\/sarmiento24h.com\\\/?author=1\"}]}<\/script>\n<!-- \/ Yoast SEO plugin. -->","yoast_head_json":{"title":"Inician las socializaciones de ETED con actores claves en el territorio sobre iniciativa de compensadores de energ\u00eda para optimizar la operaci\u00f3n de la red de transmisi\u00f3n. - Sarmiento24h","robots":{"index":"index","follow":"follow","max-snippet":"max-snippet:-1","max-image-preview":"max-image-preview:large","max-video-preview":"max-video-preview:-1"},"canonical":"https:\/\/sarmiento24h.com\/?p=408670","og_locale":"es_ES","og_type":"article","og_title":"Inician las socializaciones de ETED con actores claves en el territorio sobre iniciativa de compensadores de energ\u00eda para optimizar la operaci\u00f3n de la red de transmisi\u00f3n. - Sarmiento24h","og_description":"Santo Domingo, R.D. \u2013 septiembre de 2026.&#46;&#46;&#46;","og_url":"https:\/\/sarmiento24h.com\/?p=408670","og_site_name":"Sarmiento24h","article_publisher":"https:\/\/facebook.com\/s24hnoticias","article_published_time":"2026-09-01T19:47:40+00:00","author":"sarmiento24h@gmail.com","twitter_card":"summary_large_image","twitter_creator":"@sarmiento24h","twitter_site":"@sarmiento24h","twitter_misc":{"Escrito por":"sarmiento24h@gmail.com","Tiempo de lectura":"4 minutos"},"schema":{"@context":"https:\/\/schema.org","@graph":[{"@type":"Article","@id":"https:\/\/sarmiento24h.com\/?p=408670#article","isPartOf":{"@id":"https:\/\/sarmiento24h.com\/?p=408670"},"author":{"name":"sarmiento24h@gmail.com","@id":"https:\/\/sarmiento24h.com\/#\/schema\/person\/d653a59725ad629a7e0429af7b939d4d"},"headline":"Inician las socializaciones de ETED con actores claves en el territorio sobre iniciativa de compensadores de energ\u00eda para optimizar la operaci\u00f3n de la red de transmisi\u00f3n.","datePublished":"2026-09-01T19:47:40+00:00","mainEntityOfPage":{"@id":"https:\/\/sarmiento24h.com\/?p=408670"},"wordCount":801,"publisher":{"@id":"https:\/\/sarmiento24h.com\/#organization"},"image":{"@id":"https:\/\/sarmiento24h.com\/?p=408670#primaryimage"},"thumbnailUrl":"https:\/\/sarmiento24h.com\/wp-content\/uploads\/2026\/09\/inician-las-socializaciones-de-eted-con-actores-claves-en-el-territorio-sobre-iniciativa-de-compensadores-de-energia-para-optimizar-la-operacion-de-la-red-de-transmision.jpg","articleSection":["Nacionales"],"inLanguage":"es"},{"@type":"WebPage","@id":"https:\/\/sarmiento24h.com\/?p=408670","url":"https:\/\/sarmiento24h.com\/?p=408670","name":"Inician las socializaciones de ETED con actores claves en el territorio sobre iniciativa de compensadores de energ\u00eda para optimizar la operaci\u00f3n de la red de transmisi\u00f3n. - Sarmiento24h","isPartOf":{"@id":"https:\/\/sarmiento24h.com\/#website"},"primaryImageOfPage":{"@id":"https:\/\/sarmiento24h.com\/?p=408670#primaryimage"},"image":{"@id":"https:\/\/sarmiento24h.com\/?p=408670#primaryimage"},"thumbnailUrl":"https:\/\/sarmiento24h.com\/wp-content\/uploads\/2026\/09\/inician-las-socializaciones-de-eted-con-actores-claves-en-el-territorio-sobre-iniciativa-de-compensadores-de-energia-para-optimizar-la-operacion-de-la-red-de-transmision.jpg","datePublished":"2026-09-01T19:47:40+00:00","breadcrumb":{"@id":"https:\/\/sarmiento24h.com\/?p=408670#breadcrumb"},"inLanguage":"es","potentialAction":[{"@type":"ReadAction","target":["https:\/\/sarmiento24h.com\/?p=408670"]}]},{"@type":"ImageObject","inLanguage":"es","@id":"https:\/\/sarmiento24h.com\/?p=408670#primaryimage","url":"https:\/\/sarmiento24h.com\/wp-content\/uploads\/2026\/09\/inician-las-socializaciones-de-eted-con-actores-claves-en-el-territorio-sobre-iniciativa-de-compensadores-de-energia-para-optimizar-la-operacion-de-la-red-de-transmision.jpg","contentUrl":"https:\/\/sarmiento24h.com\/wp-content\/uploads\/2026\/09\/inician-las-socializaciones-de-eted-con-actores-claves-en-el-territorio-sobre-iniciativa-de-compensadores-de-energia-para-optimizar-la-operacion-de-la-red-de-transmision.jpg","width":696,"height":392},{"@type":"BreadcrumbList","@id":"https:\/\/sarmiento24h.com\/?p=408670#breadcrumb","itemListElement":[{"@type":"ListItem","position":1,"name":"Home","item":"https:\/\/sarmiento24h.com\/"},{"@type":"ListItem","position":2,"name":"Inician las socializaciones de ETED con actores claves en el territorio sobre iniciativa de compensadores de energ\u00eda para optimizar la operaci\u00f3n de la red de transmisi\u00f3n."}]},{"@type":"WebSite","@id":"https:\/\/sarmiento24h.com\/#website","url":"https:\/\/sarmiento24h.com\/","name":"Sarmiento24h","description":"","publisher":{"@id":"https:\/\/sarmiento24h.com\/#organization"},"potentialAction":[{"@type":"SearchAction","target":{"@type":"EntryPoint","urlTemplate":"https:\/\/sarmiento24h.com\/?s={search_term_string}"},"query-input":{"@type":"PropertyValueSpecification","valueRequired":true,"valueName":"search_term_string"}}],"inLanguage":"es"},{"@type":"Organization","@id":"https:\/\/sarmiento24h.com\/#organization","name":"Sarmiento24h","url":"https:\/\/sarmiento24h.com\/","logo":{"@type":"ImageObject","inLanguage":"es","@id":"https:\/\/sarmiento24h.com\/#\/schema\/logo\/image\/","url":"https:\/\/sarmiento24h.com\/wp-content\/uploads\/2025\/12\/AddText_12-16-10.30.52.jpg","contentUrl":"https:\/\/sarmiento24h.com\/wp-content\/uploads\/2025\/12\/AddText_12-16-10.30.52.jpg","width":1220,"height":324,"caption":"Sarmiento24h"},"image":{"@id":"https:\/\/sarmiento24h.com\/#\/schema\/logo\/image\/"},"sameAs":["https:\/\/facebook.com\/s24hnoticias","https:\/\/x.com\/sarmiento24h"]},{"@type":"Person","@id":"https:\/\/sarmiento24h.com\/#\/schema\/person\/d653a59725ad629a7e0429af7b939d4d","name":"sarmiento24h@gmail.com","image":{"@type":"ImageObject","inLanguage":"es","@id":"https:\/\/sarmiento24h.com\/wp-content\/litespeed\/avatar\/d02cbc4e23c747e6659cd45907173c8f.jpg?ver=1788047690","url":"https:\/\/sarmiento24h.com\/wp-content\/litespeed\/avatar\/d02cbc4e23c747e6659cd45907173c8f.jpg?ver=1788047690","contentUrl":"https:\/\/sarmiento24h.com\/wp-content\/litespeed\/avatar\/d02cbc4e23c747e6659cd45907173c8f.jpg?ver=1788047690","caption":"sarmiento24h@gmail.com"},"sameAs":["https:\/\/sarmiento24h.com"],"url":"https:\/\/sarmiento24h.com\/?author=1"}]}},"jetpack_publicize_connections":[],"jetpack_featured_media_url":"https:\/\/sarmiento24h.com\/wp-content\/uploads\/2026\/09\/inician-las-socializaciones-de-eted-con-actores-claves-en-el-territorio-sobre-iniciativa-de-compensadores-de-energia-para-optimizar-la-operacion-de-la-red-de-transmision.jpg","jetpack_sharing_enabled":true,"_links":{"self":[{"href":"https:\/\/sarmiento24h.com\/index.php?rest_route=\/wp\/v2\/posts\/408670","targetHints":{"allow":["GET"]}}],"collection":[{"href":"https:\/\/sarmiento24h.com\/index.php?rest_route=\/wp\/v2\/posts"}],"about":[{"href":"https:\/\/sarmiento24h.com\/index.php?rest_route=\/wp\/v2\/types\/post"}],"author":[{"embeddable":true,"href":"https:\/\/sarmiento24h.com\/index.php?rest_route=\/wp\/v2\/users\/1"}],"replies":[{"embeddable":true,"href":"https:\/\/sarmiento24h.com\/index.php?rest_route=%2Fwp%2Fv2%2Fcomments&post=408670"}],"version-history":[{"count":0,"href":"https:\/\/sarmiento24h.com\/index.php?rest_route=\/wp\/v2\/posts\/408670\/revisions"}],"wp:featuredmedia":[{"embeddable":true,"href":"https:\/\/sarmiento24h.com\/index.php?rest_route=\/wp\/v2\/media\/408671"}],"wp:attachment":[{"href":"https:\/\/sarmiento24h.com\/index.php?rest_route=%2Fwp%2Fv2%2Fmedia&parent=408670"}],"wp:term":[{"taxonomy":"category","embeddable":true,"href":"https:\/\/sarmiento24h.com\/index.php?rest_route=%2Fwp%2Fv2%2Fcategories&post=408670"},{"taxonomy":"post_tag","embeddable":true,"href":"https:\/\/sarmiento24h.com\/index.php?rest_route=%2Fwp%2Fv2%2Ftags&post=408670"}],"curies":[{"name":"wp","href":"https:\/\/api.w.org\/{rel}","templated":true}]}}