{"id":408823,"date":"2026-09-01T21:57:19","date_gmt":"2026-09-01T21:57:19","guid":{"rendered":"http:\/\/b37649b2-a645-11f1-bb45-c9290005fc0e"},"modified":"2026-09-01T21:57:19","modified_gmt":"2026-09-01T21:57:19","slug":"en-directo-el-espacio-aereo-ruso-se-hara-completamente-inseguro-advierte-zelenski-a-las-aerolineas","status":"publish","type":"post","link":"https:\/\/sarmiento24h.com\/?p=408823","title":{"rendered":"En directo: \u00abEl espacio a\u00e9reo ruso se har\u00e1 completamente inseguro\u00bb, advierte Zelenski a las aerol\u00edneas"},"content":{"rendered":"<div><img decoding=\"async\" src=\"https:\/\/s.france24.com\/media\/display\/ec04542e-a648-11f1-9934-005056a97e36\/w:1280\/p:16x9\/2026-08-27T150558Z-1383850642-RC2Y6NA8EL5B-RTRMADP-3-RUSSIA-DAILYLIFE.jpg\" class=\"ff-og-image-inserted\"><\/div>\n<div readability=\"20\"> <time datetime=\"2026-09-01T21:47:02+00:00\">01\/09\/2026 &#8211; 23:47<\/time><\/p>\n<h2 aria-level=\"3\">Putin alega que Alemania plant\u00f3 pruebas para incriminar a Rusia por el ataque con drones en Leipzig<\/h2>\n<p>El presidente ruso, Vladimir Putin, acus\u00f3 el martes a Alemania de plantar pruebas para culpar a Mosc\u00fa del ataque con drones ocurrido el mes pasado en el aeropuerto de Leipzig.<\/p>\n<p>Putin, en declaraciones a la prensa, no especific\u00f3 en qu\u00e9 basaba la acusaci\u00f3n.<\/p>\n<p>Seg\u00fan afirm\u00f3, al lanzar acusaciones contra Rusia, el Gobierno alem\u00e1n intentaba resolver los problemas internos causados \u200b\u200bpor la ca\u00edda en los \u00edndices de aprobaci\u00f3n del canciller Friedrich Merz.<\/p>\n<\/p><\/div>\n<div readability=\"9\"> <time datetime=\"2026-09-01T21:44:48+00:00\">01\/09\/2026 &#8211; 23:44<\/time><\/p>\n<h2 aria-level=\"3\">Putin afirma que Rusia ha avanzado en la regi\u00f3n de Donetsk y ha rodeado a algunas tropas ucranianas<\/h2>\n<p>El presidente Vladimir Putin dijo el martes que las tropas rusas capturaron 270 kil\u00f3metros cuadrados de la regi\u00f3n ucraniana de Donetsk en agosto y que un gran grupo de tropas ucranianas estaban rodeadas.<\/p>\n<\/p><\/div>\n<div readability=\"17\"> <time datetime=\"2026-09-01T21:43:38+00:00\">01\/09\/2026 &#8211; 23:43<\/time><\/p>\n<h2 aria-level=\"3\">Putin admite que el costo de los ataques de Ucrania asciende a un 1% del producto interior bruto<\/h2>\n<p><span>El presidente de Rusia, Vlad\u00edmir Putin, admiti\u00f3 este martes que el da\u00f1o causado por los ataques de Ucrania contra la retaguardia rusa desde finales de junio asciende a casi un 1 % del producto interior bruto (PIB) del pa\u00eds.<\/span><\/p>\n<p><span>\u00abEl da\u00f1o total, seg\u00fan estimaciones preliminares, asciende a una cifra importante: cerca del 1 % del PIB\u00bb, coment\u00f3 en rueda de prensa desde Kirguist\u00e1n.<\/span><\/p>\n<\/p><\/div>\n<div readability=\"17\"> <time datetime=\"2026-09-01T21:41:40+00:00\">01\/09\/2026 &#8211; 23:41<\/time><\/p>\n<h2 aria-level=\"3\">Putin dice que si Armenia quiere, la base militar rusa cerrar\u00e1 \u00abma\u00f1ana mismo\u00bb<\/h2>\n<p><span>El presidente de Rusia, Vlad\u00edmir Putin, asegur\u00f3 este martes que en caso de que Armenia solicite la retirada de la base rusa de su territorio, esto puede ocurrir \u00abma\u00f1ana mismo\u00bb.<\/span><\/p>\n<p><span>\u00abSi Armenia considera que no necesita la base rusa, nos iremos ma\u00f1ana mismo\u00bb, dijo en una rueda de prensa al t\u00e9rmino de su participaci\u00f3n en la cumbre de la Organizaci\u00f3n de Cooperaci\u00f3n de Shangh\u00e1i (OCS) en Kirguist\u00e1n.<\/span><\/p>\n<\/p><\/div>\n<p> <time datetime=\"2026-09-01T21:03:14+00:00\">01\/09\/2026 &#8211; 23:03<\/time><\/p>\n<h2 aria-level=\"3\">La Guardia Revolucionaria Isl\u00e1mica afirma haber matado a un gran n\u00famero de militares estadounidenses en un ataque, seg\u00fan un comunicado<\/h2>\n<\/p>\n<div readability=\"10\"> <time datetime=\"2026-09-01T21:02:50+00:00\">01\/09\/2026 &#8211; 23:02<\/time><\/p>\n<h2 aria-level=\"3\">Putin afirma que los rumores de que Rusia est\u00e1 planeando una nueva movilizaci\u00f3n para ampliar su Ej\u00e9rcito en Ucrania son \u00abun completo disparate\u00bb<\/h2>\n<p><span>&nbsp;Los rumores de que Rusia planea emprender una nueva ola de movilizaci\u00f3n para expandir su ej\u00e9rcito en Ucrania son \u00abun completo disparate\u00bb y forman parte de un \u00abataque informativo\u00bb contra Rusia, dijo el martes el presidente Vladimir Putin.<\/span><\/p>\n<\/p><\/div>\n<div readability=\"15\"> <time datetime=\"2026-09-01T21:01:34+00:00\">01\/09\/2026 &#8211; 23:01<\/time><\/p>\n<h2 aria-level=\"3\">Putin afirma que los ataques ucranianos a buques rusos han causado da\u00f1os significativos, pero no cr\u00edticos<\/h2>\n<p>Los ataques ucranianos contra buques de la armada rusa han causado da\u00f1os significativos, pero no cr\u00edticos, dijo el martes el presidente Vladimir Putin.<\/p>\n<p>Seg\u00fan declar\u00f3, Ucrania hab\u00eda da\u00f1ado alrededor de 100 embarcaciones en un per\u00edodo de 40 d\u00edas, y los da\u00f1os resultantes equival\u00edan al 1% del producto interno bruto (PIB).<\/p>\n<\/p><\/div>\n<div readability=\"18\"> <time datetime=\"2026-09-01T20:58:07+00:00\">01\/09\/2026 &#8211; 22:58<\/time><\/p>\n<h2 aria-level=\"3\">Putin califica la amenaza de Zelenski de \u00abapelaci\u00f3n al terrorismo de Estado\u00bb<\/h2>\n<p><span>El presidente ruso, Vlad\u00edmir Putin, calific\u00f3 de \u00abapelaci\u00f3n al terrorismo de Estado\u00bb las amenazas vertidas por el l\u00edder ucraniano, Volod\u00edmir Zelenski, sobre que har\u00e1 que el espacio a\u00e9reo ruso sea \u00abcompletamente inseguro\u00bb.<\/span><\/p>\n<p><span>\u00abEsta es simplemente una apelaci\u00f3n al terrorismo de Estado\u00bb, dijo Putin en rueda de prensa en Kirguist\u00e1n, en la que advirti\u00f3 que Mosc\u00fa responder\u00e1 a cualquier ataque por parte de Kiev<\/span><\/p>\n<\/p><\/div>\n<div readability=\"11\"> <time datetime=\"2026-09-01T20:52:44+00:00\">01\/09\/2026 &#8211; 22:52<\/time><\/p>\n<h2 aria-level=\"3\">Suecia convoca al embajador de Rusia tras el ataque \u00abh\u00edbrido\u00bb en Alemania<\/h2>\n<p>Suecia ha expresado su solidaridad con Alemania y ha anunciado que convocar\u00e1 al embajador de Rusia en Estocolmo, tras el ataque \u00abh\u00edbrido\u00bb perpetrado en Alemania con un dron cargado de explosivos, del que se acusa a Mosc\u00fa.<\/p>\n<\/p><\/div>\n<div readability=\"18\"> <time datetime=\"2026-09-01T20:51:42+00:00\">01\/09\/2026 &#8211; 22:51<\/time><\/p>\n<h2 aria-level=\"3\">Francia \u00abapoya la adopci\u00f3n de nuevas sanciones\u00bb contra Rusia<\/h2>\n<p>Francia \u00abapoya la adopci\u00f3n de nuevas sanciones europeas contra Rusia\u00bb, afirm\u00f3 Emmanuel Macron, quien se declar\u00f3 \u00abplenamente solidario con Alemania\u00bb, que ha acusado oficialmente a Mosc\u00fa de haber enviado un dron cargado de explosivos a principios de agosto al aeropuerto de Leipzig.<\/p>\n<p>\u00abEstos ataques h\u00edbridos se multiplican en Europa. No pueden quedar sin respuesta\u00bb, insisti\u00f3 el jefe de Estado en X, mientras la sombra del Kremlin se cierne sobre este incidente ocurrido en una base militar clave para el ej\u00e9rcito alem\u00e1n y para la OTAN.<\/p>\n<\/p><\/div>\n","protected":false},"excerpt":{"rendered":"<p>01\/09\/2026 &#8211; 23:47 Putin alega que Alemania&#46;&#46;&#46;<\/p>\n","protected":false},"author":1,"featured_media":408824,"comment_status":"closed","ping_status":"closed","sticky":false,"template":"","format":"standard","meta":{"_jetpack_newsletter_access":"","_jetpack_dont_email_post_to_subs":false,"_jetpack_newsletter_tier_id":0,"_jetpack_memberships_contains_paywalled_content":false,"_jetpack_feature_clip_id":0,"_jetpack_memberships_contains_paid_content":false,"footnotes":"","jetpack_publicize_message":"","jetpack_publicize_feature_enabled":true,"jetpack_social_post_already_shared":true,"jetpack_social_options":{"image_generator_settings":{"template":"highway","default_image_id":0,"font":"","enabled":false},"version":2},"jetpack_post_was_ever_published":false},"categories":[43],"tags":[],"class_list":["post-408823","post","type-post","status-publish","format-standard","has-post-thumbnail","hentry","category-internacionales"],"yoast_head":"<!-- This site is optimized with the Yoast SEO plugin v28.1 - https:\/\/yoast.com\/product\/yoast-seo-wordpress\/ -->\n<title>En directo: &quot;El espacio a\u00e9reo ruso se har\u00e1 completamente inseguro&quot;, advierte Zelenski a las aerol\u00edneas - Sarmiento24h<\/title>\n<meta name=\"robots\" content=\"index, follow, max-snippet:-1, max-image-preview:large, max-video-preview:-1\" \/>\n<link rel=\"canonical\" href=\"https:\/\/sarmiento24h.com\/?p=408823\" \/>\n<meta property=\"og:locale\" content=\"es_ES\" \/>\n<meta property=\"og:type\" content=\"article\" \/>\n<meta property=\"og:title\" content=\"En directo: &quot;El espacio a\u00e9reo ruso se har\u00e1 completamente inseguro&quot;, advierte Zelenski a las aerol\u00edneas - Sarmiento24h\" \/>\n<meta property=\"og:description\" content=\"01\/09\/2026 &#8211; 23:47 Putin alega que Alemania&#046;&#046;&#046;\" \/>\n<meta property=\"og:url\" content=\"https:\/\/sarmiento24h.com\/?p=408823\" \/>\n<meta property=\"og:site_name\" content=\"Sarmiento24h\" \/>\n<meta property=\"article:publisher\" content=\"https:\/\/facebook.com\/s24hnoticias\" \/>\n<meta property=\"article:published_time\" content=\"2026-09-01T21:57:19+00:00\" \/>\n<meta property=\"og:image\" content=\"https:\/\/s.france24.com\/media\/display\/ec04542e-a648-11f1-9934-005056a97e36\/w:1280\/p:16x9\/2026-08-27T150558Z-1383850642-RC2Y6NA8EL5B-RTRMADP-3-RUSSIA-DAILYLIFE.jpg\" \/>\n<meta name=\"author\" content=\"sarmiento24h@gmail.com\" \/>\n<meta name=\"twitter:card\" content=\"summary_large_image\" \/>\n<meta name=\"twitter:creator\" content=\"@sarmiento24h\" \/>\n<meta name=\"twitter:site\" content=\"@sarmiento24h\" \/>\n<meta name=\"twitter:label1\" content=\"Escrito por\" \/>\n\t<meta name=\"twitter:data1\" content=\"sarmiento24h@gmail.com\" \/>\n\t<meta name=\"twitter:label2\" content=\"Tiempo de lectura\" \/>\n\t<meta name=\"twitter:data2\" content=\"4 minutos\" \/>\n<script type=\"application\/ld+json\" class=\"yoast-schema-graph\">{\"@context\":\"https:\\\/\\\/schema.org\",\"@graph\":[{\"@type\":\"Article\",\"@id\":\"https:\\\/\\\/sarmiento24h.com\\\/?p=408823#article\",\"isPartOf\":{\"@id\":\"https:\\\/\\\/sarmiento24h.com\\\/?p=408823\"},\"author\":{\"name\":\"sarmiento24h@gmail.com\",\"@id\":\"https:\\\/\\\/sarmiento24h.com\\\/#\\\/schema\\\/person\\\/d653a59725ad629a7e0429af7b939d4d\"},\"headline\":\"En directo: \u00abEl espacio a\u00e9reo ruso se har\u00e1 completamente inseguro\u00bb, advierte Zelenski a las aerol\u00edneas\",\"datePublished\":\"2026-09-01T21:57:19+00:00\",\"mainEntityOfPage\":{\"@id\":\"https:\\\/\\\/sarmiento24h.com\\\/?p=408823\"},\"wordCount\":741,\"publisher\":{\"@id\":\"https:\\\/\\\/sarmiento24h.com\\\/#organization\"},\"image\":{\"@id\":\"https:\\\/\\\/sarmiento24h.com\\\/?p=408823#primaryimage\"},\"thumbnailUrl\":\"https:\\\/\\\/sarmiento24h.com\\\/wp-content\\\/uploads\\\/2026\\\/09\\\/en-directo-el-espacio-aereo-ruso-se-hara-completamente-inseguro-advierte-zelenski-a-las-aerolineas.jpg\",\"articleSection\":[\"Internacionales\"],\"inLanguage\":\"es\"},{\"@type\":\"WebPage\",\"@id\":\"https:\\\/\\\/sarmiento24h.com\\\/?p=408823\",\"url\":\"https:\\\/\\\/sarmiento24h.com\\\/?p=408823\",\"name\":\"En directo: \\\"El espacio a\u00e9reo ruso se har\u00e1 completamente inseguro\\\", advierte Zelenski a las aerol\u00edneas - Sarmiento24h\",\"isPartOf\":{\"@id\":\"https:\\\/\\\/sarmiento24h.com\\\/#website\"},\"primaryImageOfPage\":{\"@id\":\"https:\\\/\\\/sarmiento24h.com\\\/?p=408823#primaryimage\"},\"image\":{\"@id\":\"https:\\\/\\\/sarmiento24h.com\\\/?p=408823#primaryimage\"},\"thumbnailUrl\":\"https:\\\/\\\/sarmiento24h.com\\\/wp-content\\\/uploads\\\/2026\\\/09\\\/en-directo-el-espacio-aereo-ruso-se-hara-completamente-inseguro-advierte-zelenski-a-las-aerolineas.jpg\",\"datePublished\":\"2026-09-01T21:57:19+00:00\",\"breadcrumb\":{\"@id\":\"https:\\\/\\\/sarmiento24h.com\\\/?p=408823#breadcrumb\"},\"inLanguage\":\"es\",\"potentialAction\":[{\"@type\":\"ReadAction\",\"target\":[\"https:\\\/\\\/sarmiento24h.com\\\/?p=408823\"]}]},{\"@type\":\"ImageObject\",\"inLanguage\":\"es\",\"@id\":\"https:\\\/\\\/sarmiento24h.com\\\/?p=408823#primaryimage\",\"url\":\"https:\\\/\\\/sarmiento24h.com\\\/wp-content\\\/uploads\\\/2026\\\/09\\\/en-directo-el-espacio-aereo-ruso-se-hara-completamente-inseguro-advierte-zelenski-a-las-aerolineas.jpg\",\"contentUrl\":\"https:\\\/\\\/sarmiento24h.com\\\/wp-content\\\/uploads\\\/2026\\\/09\\\/en-directo-el-espacio-aereo-ruso-se-hara-completamente-inseguro-advierte-zelenski-a-las-aerolineas.jpg\",\"width\":1280,\"height\":720},{\"@type\":\"BreadcrumbList\",\"@id\":\"https:\\\/\\\/sarmiento24h.com\\\/?p=408823#breadcrumb\",\"itemListElement\":[{\"@type\":\"ListItem\",\"position\":1,\"name\":\"Home\",\"item\":\"https:\\\/\\\/sarmiento24h.com\\\/\"},{\"@type\":\"ListItem\",\"position\":2,\"name\":\"En directo: \u00abEl espacio a\u00e9reo ruso se har\u00e1 completamente inseguro\u00bb, advierte Zelenski a las aerol\u00edneas\"}]},{\"@type\":\"WebSite\",\"@id\":\"https:\\\/\\\/sarmiento24h.com\\\/#website\",\"url\":\"https:\\\/\\\/sarmiento24h.com\\\/\",\"name\":\"Sarmiento24h\",\"description\":\"\",\"publisher\":{\"@id\":\"https:\\\/\\\/sarmiento24h.com\\\/#organization\"},\"potentialAction\":[{\"@type\":\"SearchAction\",\"target\":{\"@type\":\"EntryPoint\",\"urlTemplate\":\"https:\\\/\\\/sarmiento24h.com\\\/?s={search_term_string}\"},\"query-input\":{\"@type\":\"PropertyValueSpecification\",\"valueRequired\":true,\"valueName\":\"search_term_string\"}}],\"inLanguage\":\"es\"},{\"@type\":\"Organization\",\"@id\":\"https:\\\/\\\/sarmiento24h.com\\\/#organization\",\"name\":\"Sarmiento24h\",\"url\":\"https:\\\/\\\/sarmiento24h.com\\\/\",\"logo\":{\"@type\":\"ImageObject\",\"inLanguage\":\"es\",\"@id\":\"https:\\\/\\\/sarmiento24h.com\\\/#\\\/schema\\\/logo\\\/image\\\/\",\"url\":\"https:\\\/\\\/sarmiento24h.com\\\/wp-content\\\/uploads\\\/2025\\\/12\\\/AddText_12-16-10.30.52.jpg\",\"contentUrl\":\"https:\\\/\\\/sarmiento24h.com\\\/wp-content\\\/uploads\\\/2025\\\/12\\\/AddText_12-16-10.30.52.jpg\",\"width\":1220,\"height\":324,\"caption\":\"Sarmiento24h\"},\"image\":{\"@id\":\"https:\\\/\\\/sarmiento24h.com\\\/#\\\/schema\\\/logo\\\/image\\\/\"},\"sameAs\":[\"https:\\\/\\\/facebook.com\\\/s24hnoticias\",\"https:\\\/\\\/x.com\\\/sarmiento24h\"]},{\"@type\":\"Person\",\"@id\":\"https:\\\/\\\/sarmiento24h.com\\\/#\\\/schema\\\/person\\\/d653a59725ad629a7e0429af7b939d4d\",\"name\":\"sarmiento24h@gmail.com\",\"image\":{\"@type\":\"ImageObject\",\"inLanguage\":\"es\",\"@id\":\"https:\\\/\\\/sarmiento24h.com\\\/wp-content\\\/litespeed\\\/avatar\\\/d02cbc4e23c747e6659cd45907173c8f.jpg?ver=1788047690\",\"url\":\"https:\\\/\\\/sarmiento24h.com\\\/wp-content\\\/litespeed\\\/avatar\\\/d02cbc4e23c747e6659cd45907173c8f.jpg?ver=1788047690\",\"contentUrl\":\"https:\\\/\\\/sarmiento24h.com\\\/wp-content\\\/litespeed\\\/avatar\\\/d02cbc4e23c747e6659cd45907173c8f.jpg?ver=1788047690\",\"caption\":\"sarmiento24h@gmail.com\"},\"sameAs\":[\"https:\\\/\\\/sarmiento24h.com\"],\"url\":\"https:\\\/\\\/sarmiento24h.com\\\/?author=1\"}]}<\/script>\n<!-- \/ Yoast SEO plugin. -->","yoast_head_json":{"title":"En directo: \"El espacio a\u00e9reo ruso se har\u00e1 completamente inseguro\", advierte Zelenski a las aerol\u00edneas - Sarmiento24h","robots":{"index":"index","follow":"follow","max-snippet":"max-snippet:-1","max-image-preview":"max-image-preview:large","max-video-preview":"max-video-preview:-1"},"canonical":"https:\/\/sarmiento24h.com\/?p=408823","og_locale":"es_ES","og_type":"article","og_title":"En directo: \"El espacio a\u00e9reo ruso se har\u00e1 completamente inseguro\", advierte Zelenski a las aerol\u00edneas - Sarmiento24h","og_description":"01\/09\/2026 &#8211; 23:47 Putin alega que Alemania&#46;&#46;&#46;","og_url":"https:\/\/sarmiento24h.com\/?p=408823","og_site_name":"Sarmiento24h","article_publisher":"https:\/\/facebook.com\/s24hnoticias","article_published_time":"2026-09-01T21:57:19+00:00","og_image":[{"url":"https:\/\/s.france24.com\/media\/display\/ec04542e-a648-11f1-9934-005056a97e36\/w:1280\/p:16x9\/2026-08-27T150558Z-1383850642-RC2Y6NA8EL5B-RTRMADP-3-RUSSIA-DAILYLIFE.jpg","type":"","width":"","height":""}],"author":"sarmiento24h@gmail.com","twitter_card":"summary_large_image","twitter_creator":"@sarmiento24h","twitter_site":"@sarmiento24h","twitter_misc":{"Escrito por":"sarmiento24h@gmail.com","Tiempo de lectura":"4 minutos"},"schema":{"@context":"https:\/\/schema.org","@graph":[{"@type":"Article","@id":"https:\/\/sarmiento24h.com\/?p=408823#article","isPartOf":{"@id":"https:\/\/sarmiento24h.com\/?p=408823"},"author":{"name":"sarmiento24h@gmail.com","@id":"https:\/\/sarmiento24h.com\/#\/schema\/person\/d653a59725ad629a7e0429af7b939d4d"},"headline":"En directo: \u00abEl espacio a\u00e9reo ruso se har\u00e1 completamente inseguro\u00bb, advierte Zelenski a las aerol\u00edneas","datePublished":"2026-09-01T21:57:19+00:00","mainEntityOfPage":{"@id":"https:\/\/sarmiento24h.com\/?p=408823"},"wordCount":741,"publisher":{"@id":"https:\/\/sarmiento24h.com\/#organization"},"image":{"@id":"https:\/\/sarmiento24h.com\/?p=408823#primaryimage"},"thumbnailUrl":"https:\/\/sarmiento24h.com\/wp-content\/uploads\/2026\/09\/en-directo-el-espacio-aereo-ruso-se-hara-completamente-inseguro-advierte-zelenski-a-las-aerolineas.jpg","articleSection":["Internacionales"],"inLanguage":"es"},{"@type":"WebPage","@id":"https:\/\/sarmiento24h.com\/?p=408823","url":"https:\/\/sarmiento24h.com\/?p=408823","name":"En directo: \"El espacio a\u00e9reo ruso se har\u00e1 completamente inseguro\", advierte Zelenski a las aerol\u00edneas - Sarmiento24h","isPartOf":{"@id":"https:\/\/sarmiento24h.com\/#website"},"primaryImageOfPage":{"@id":"https:\/\/sarmiento24h.com\/?p=408823#primaryimage"},"image":{"@id":"https:\/\/sarmiento24h.com\/?p=408823#primaryimage"},"thumbnailUrl":"https:\/\/sarmiento24h.com\/wp-content\/uploads\/2026\/09\/en-directo-el-espacio-aereo-ruso-se-hara-completamente-inseguro-advierte-zelenski-a-las-aerolineas.jpg","datePublished":"2026-09-01T21:57:19+00:00","breadcrumb":{"@id":"https:\/\/sarmiento24h.com\/?p=408823#breadcrumb"},"inLanguage":"es","potentialAction":[{"@type":"ReadAction","target":["https:\/\/sarmiento24h.com\/?p=408823"]}]},{"@type":"ImageObject","inLanguage":"es","@id":"https:\/\/sarmiento24h.com\/?p=408823#primaryimage","url":"https:\/\/sarmiento24h.com\/wp-content\/uploads\/2026\/09\/en-directo-el-espacio-aereo-ruso-se-hara-completamente-inseguro-advierte-zelenski-a-las-aerolineas.jpg","contentUrl":"https:\/\/sarmiento24h.com\/wp-content\/uploads\/2026\/09\/en-directo-el-espacio-aereo-ruso-se-hara-completamente-inseguro-advierte-zelenski-a-las-aerolineas.jpg","width":1280,"height":720},{"@type":"BreadcrumbList","@id":"https:\/\/sarmiento24h.com\/?p=408823#breadcrumb","itemListElement":[{"@type":"ListItem","position":1,"name":"Home","item":"https:\/\/sarmiento24h.com\/"},{"@type":"ListItem","position":2,"name":"En directo: \u00abEl espacio a\u00e9reo ruso se har\u00e1 completamente inseguro\u00bb, advierte Zelenski a las aerol\u00edneas"}]},{"@type":"WebSite","@id":"https:\/\/sarmiento24h.com\/#website","url":"https:\/\/sarmiento24h.com\/","name":"Sarmiento24h","description":"","publisher":{"@id":"https:\/\/sarmiento24h.com\/#organization"},"potentialAction":[{"@type":"SearchAction","target":{"@type":"EntryPoint","urlTemplate":"https:\/\/sarmiento24h.com\/?s={search_term_string}"},"query-input":{"@type":"PropertyValueSpecification","valueRequired":true,"valueName":"search_term_string"}}],"inLanguage":"es"},{"@type":"Organization","@id":"https:\/\/sarmiento24h.com\/#organization","name":"Sarmiento24h","url":"https:\/\/sarmiento24h.com\/","logo":{"@type":"ImageObject","inLanguage":"es","@id":"https:\/\/sarmiento24h.com\/#\/schema\/logo\/image\/","url":"https:\/\/sarmiento24h.com\/wp-content\/uploads\/2025\/12\/AddText_12-16-10.30.52.jpg","contentUrl":"https:\/\/sarmiento24h.com\/wp-content\/uploads\/2025\/12\/AddText_12-16-10.30.52.jpg","width":1220,"height":324,"caption":"Sarmiento24h"},"image":{"@id":"https:\/\/sarmiento24h.com\/#\/schema\/logo\/image\/"},"sameAs":["https:\/\/facebook.com\/s24hnoticias","https:\/\/x.com\/sarmiento24h"]},{"@type":"Person","@id":"https:\/\/sarmiento24h.com\/#\/schema\/person\/d653a59725ad629a7e0429af7b939d4d","name":"sarmiento24h@gmail.com","image":{"@type":"ImageObject","inLanguage":"es","@id":"https:\/\/sarmiento24h.com\/wp-content\/litespeed\/avatar\/d02cbc4e23c747e6659cd45907173c8f.jpg?ver=1788047690","url":"https:\/\/sarmiento24h.com\/wp-content\/litespeed\/avatar\/d02cbc4e23c747e6659cd45907173c8f.jpg?ver=1788047690","contentUrl":"https:\/\/sarmiento24h.com\/wp-content\/litespeed\/avatar\/d02cbc4e23c747e6659cd45907173c8f.jpg?ver=1788047690","caption":"sarmiento24h@gmail.com"},"sameAs":["https:\/\/sarmiento24h.com"],"url":"https:\/\/sarmiento24h.com\/?author=1"}]}},"jetpack_publicize_connections":[],"jetpack_featured_media_url":"https:\/\/sarmiento24h.com\/wp-content\/uploads\/2026\/09\/en-directo-el-espacio-aereo-ruso-se-hara-completamente-inseguro-advierte-zelenski-a-las-aerolineas.jpg","jetpack_sharing_enabled":true,"_links":{"self":[{"href":"https:\/\/sarmiento24h.com\/index.php?rest_route=\/wp\/v2\/posts\/408823","targetHints":{"allow":["GET"]}}],"collection":[{"href":"https:\/\/sarmiento24h.com\/index.php?rest_route=\/wp\/v2\/posts"}],"about":[{"href":"https:\/\/sarmiento24h.com\/index.php?rest_route=\/wp\/v2\/types\/post"}],"author":[{"embeddable":true,"href":"https:\/\/sarmiento24h.com\/index.php?rest_route=\/wp\/v2\/users\/1"}],"replies":[{"embeddable":true,"href":"https:\/\/sarmiento24h.com\/index.php?rest_route=%2Fwp%2Fv2%2Fcomments&post=408823"}],"version-history":[{"count":0,"href":"https:\/\/sarmiento24h.com\/index.php?rest_route=\/wp\/v2\/posts\/408823\/revisions"}],"wp:featuredmedia":[{"embeddable":true,"href":"https:\/\/sarmiento24h.com\/index.php?rest_route=\/wp\/v2\/media\/408824"}],"wp:attachment":[{"href":"https:\/\/sarmiento24h.com\/index.php?rest_route=%2Fwp%2Fv2%2Fmedia&parent=408823"}],"wp:term":[{"taxonomy":"category","embeddable":true,"href":"https:\/\/sarmiento24h.com\/index.php?rest_route=%2Fwp%2Fv2%2Fcategories&post=408823"},{"taxonomy":"post_tag","embeddable":true,"href":"https:\/\/sarmiento24h.com\/index.php?rest_route=%2Fwp%2Fv2%2Ftags&post=408823"}],"curies":[{"name":"wp","href":"https:\/\/api.w.org\/{rel}","templated":true}]}}