{"id":408870,"date":"2026-09-01T21:57:48","date_gmt":"2026-09-01T21:57:48","guid":{"rendered":"https:\/\/qpasa.com\/?p=109082"},"modified":"2026-09-01T21:57:48","modified_gmt":"2026-09-01T21:57:48","slug":"este-pais-europeo-abre-hoy-su-visa-para-argentinos-y-chilenos-y-los-cupos-vuelan-en-horas","status":"publish","type":"post","link":"https:\/\/sarmiento24h.com\/?p=408870","title":{"rendered":"Este pa\u00eds europeo abre hoy su visa para argentinos y chilenos y los cupos vuelan en horas"},"content":{"rendered":"<div><img decoding=\"async\" src=\"https:\/\/qpasa.com\/wp-content\/uploads\/2026\/09\/Dinamarca.jpg\" class=\"ff-og-image-inserted\"><\/div>\n<p class=\"wp-block-paragraph\">La visa Working Holiday Dinamarca abre este 1 de septiembre su segunda tanda de cupos del a\u00f1o para argentinos y chilenos, y la ventana ser\u00e1 m\u00ednima. El programa entrega 150 visas anuales por pa\u00eds, divididas en dos rondas de 75, y las \u00faltimas aperturas se agotaron en cuesti\u00f3n de horas. Quien quiera vivir un a\u00f1o en uno de los pa\u00edses con mejor calidad de vida del mundo tiene, literalmente, un d\u00eda clave por delante.<\/p>\n<p class=\"wp-block-paragraph\">El permiso est\u00e1 pensado para j\u00f3venes de 18 a 30 a\u00f1os y permite residir en Dinamarca hasta 12 meses. Durante la estad\u00eda, el visado autoriza a costear el viaje con actividades temporales durante una parte del a\u00f1o y, seg\u00fan las gu\u00edas especializadas del programa, tambi\u00e9n da acceso a estudiar dan\u00e9s sin costo por varios meses. Adem\u00e1s, abre la puerta a moverse por el espacio Schengen.<\/p>\n<h2 id=\"h-como-funciona-la-apertura-de-la-working-holiday-dinamarca\" class=\"wp-block-heading\">C\u00f3mo funciona la apertura de la Working Holiday Dinamarca<\/h2>\n<p class=\"wp-block-paragraph\">El mecanismo es de orden de llegada. El d\u00eda de la apertura, los interesados deben ingresar al sitio de VFS Global y solicitar un turno para presentar su aplicaci\u00f3n, que se realiza de manera presencial y \u00fanicamente desde Argentina o desde Chile. Las gu\u00edas del programa recomiendan tener la cuenta creada y los documentos listos desde antes, porque los 75 cupos de cada pa\u00eds suelen terminarse el mismo d\u00eda en que se habilitan.<\/p>\n<p class=\"wp-block-paragraph\">Despu\u00e9s de entregar la solicitud, la respuesta de la autoridad migratoria danesa puede demorar hasta 90 d\u00edas. Otro detalle importante es el calendario personal. La aplicaci\u00f3n debe hacerse como m\u00e1ximo seis meses antes de la fecha del viaje, as\u00ed que conviene calcular bien el momento de la postulaci\u00f3n.<\/p>\n<h2 id=\"h-los-requisitos-que-piden-para-postular\" class=\"wp-block-heading\">Los requisitos que piden para postular<\/h2>\n<p class=\"wp-block-paragraph\">La lista de condiciones es corta pero estricta. El postulante debe ser ciudadano argentino o chileno, tener entre 18 y 30 a\u00f1os al momento de aplicar, contar con pasaporte vigente y no haber participado antes en el mismo programa.<\/p>\n<p class=\"wp-block-paragraph\">Tambi\u00e9n se exige un seguro de viaje que cubra los 12 meses de estad\u00eda y la demostraci\u00f3n de recursos suficientes para el primer tiempo. Las gu\u00edas especializadas mencionan un monto cercano a las 20.000 coronas danesas, unos 3.100 d\u00f3lares, que baja si el postulante ya tiene comprado su pasaje de regreso. La tarifa pagada no se devuelve si la solicitud es rechazada, por eso los expertos recomiendan asegurar primero el turno y revisar cada documento antes de pagar.<\/p>\n<h2 id=\"h-por-que-estos-cupos-se-agotan-tan-rapido\" class=\"wp-block-heading\">Por qu\u00e9 estos cupos se agotan tan r\u00e1pido<\/h2>\n<p class=\"wp-block-paragraph\">La raz\u00f3n es simple, la oferta es m\u00ednima frente a la demanda. Dinamarca entrega solo 150 visas al a\u00f1o por pa\u00eds, una de las cuotas m\u00e1s bajas de Europa. En comparaci\u00f3n, otros destinos del mismo tipo de convenio manejan miles de lugares. Por eso, cada apertura se convierte en una carrera contra el reloj entre miles de j\u00f3venes conectados al mismo tiempo.<\/p>\n<p class=\"wp-block-paragraph\">El premio explica la ansiedad. Copenhague y el resto del pa\u00eds aparecen cada a\u00f1o en los primeros lugares de los rankings de calidad de vida, y la experiencia permite financiar la aventura sin necesidad de un contrato previo. Eso s\u00ed, el visado no garantiza ninguna vinculaci\u00f3n laboral, cada persona gestiona sus propias oportunidades una vez instalada.<\/p>\n<h2 id=\"h-un-calendario-que-no-da-tregua-en-septiembre\" class=\"wp-block-heading\">Un calendario que no da tregua en septiembre<\/h2>\n<p class=\"wp-block-paragraph\">La apertura danesa es apenas el comienzo de un mes cargado para los amantes de este tipo de visas. <a href=\"https:\/\/qpasa.com\/inmigracion\/visa-working-holiday-trabajar-europa-latinoamericanos\/\">Europa concentra varios convenios de este estilo para latinoamericanos<\/a>, y septiembre trae adem\u00e1s nuevas fechas en Ocean\u00eda, con <a href=\"https:\/\/qpasa.com\/destinos\/nueva-zelanda-visa-working-holiday-septiembre-2026\/\">aperturas de Nueva Zelanda que tambi\u00e9n duran minutos<\/a>.<\/p>\n<p class=\"wp-block-paragraph\">Para el caso dan\u00e9s, la informaci\u00f3n oficial, los formularios y las instrucciones actualizadas est\u00e1n disponibles en el <a href=\"https:\/\/www.nyidanmark.dk\">portal oficial de migraci\u00f3n de Dinamarca<\/a>. La recomendaci\u00f3n de quienes ya pasaron por el proceso es una sola, tener todo listo antes de que el reloj marque la hora de apertura, porque en esta fila no hay segundas oportunidades hasta marzo.<\/p>\n","protected":false},"excerpt":{"rendered":"<p>La visa Working Holiday Dinamarca abre este&#46;&#46;&#46;<\/p>\n","protected":false},"author":1,"featured_media":408871,"comment_status":"closed","ping_status":"closed","sticky":false,"template":"","format":"standard","meta":{"_jetpack_newsletter_access":"","_jetpack_dont_email_post_to_subs":false,"_jetpack_newsletter_tier_id":0,"_jetpack_memberships_contains_paywalled_content":false,"_jetpack_feature_clip_id":0,"_jetpack_memberships_contains_paid_content":false,"footnotes":"","jetpack_publicize_message":"","jetpack_publicize_feature_enabled":true,"jetpack_social_post_already_shared":true,"jetpack_social_options":{"image_generator_settings":{"template":"highway","default_image_id":0,"font":"","enabled":false},"version":2},"jetpack_post_was_ever_published":false},"categories":[59,53],"tags":[],"class_list":["post-408870","post","type-post","status-publish","format-standard","has-post-thumbnail","hentry","category-actualidad","category-inmigracion"],"yoast_head":"<!-- This site is optimized with the Yoast SEO plugin v28.1 - https:\/\/yoast.com\/product\/yoast-seo-wordpress\/ -->\n<title>Este pa\u00eds europeo abre hoy su visa para argentinos y chilenos y los cupos vuelan en horas - Sarmiento24h<\/title>\n<meta name=\"robots\" content=\"index, follow, max-snippet:-1, max-image-preview:large, max-video-preview:-1\" \/>\n<link rel=\"canonical\" href=\"https:\/\/sarmiento24h.com\/?p=408870\" \/>\n<meta property=\"og:locale\" content=\"es_ES\" \/>\n<meta property=\"og:type\" content=\"article\" \/>\n<meta property=\"og:title\" content=\"Este pa\u00eds europeo abre hoy su visa para argentinos y chilenos y los cupos vuelan en horas - Sarmiento24h\" \/>\n<meta property=\"og:description\" content=\"La visa Working Holiday Dinamarca abre este&#046;&#046;&#046;\" \/>\n<meta property=\"og:url\" content=\"https:\/\/sarmiento24h.com\/?p=408870\" \/>\n<meta property=\"og:site_name\" content=\"Sarmiento24h\" \/>\n<meta property=\"article:publisher\" content=\"https:\/\/facebook.com\/s24hnoticias\" \/>\n<meta property=\"article:published_time\" content=\"2026-09-01T21:57:48+00:00\" \/>\n<meta property=\"og:image\" content=\"https:\/\/qpasa.com\/wp-content\/uploads\/2026\/09\/Dinamarca.jpg\" \/>\n<meta name=\"author\" content=\"sarmiento24h@gmail.com\" \/>\n<meta name=\"twitter:card\" content=\"summary_large_image\" \/>\n<meta name=\"twitter:creator\" content=\"@sarmiento24h\" \/>\n<meta name=\"twitter:site\" content=\"@sarmiento24h\" \/>\n<meta name=\"twitter:label1\" content=\"Escrito por\" \/>\n\t<meta name=\"twitter:data1\" content=\"sarmiento24h@gmail.com\" \/>\n\t<meta name=\"twitter:label2\" content=\"Tiempo de lectura\" \/>\n\t<meta name=\"twitter:data2\" content=\"3 minutos\" \/>\n<script type=\"application\/ld+json\" class=\"yoast-schema-graph\">{\"@context\":\"https:\\\/\\\/schema.org\",\"@graph\":[{\"@type\":\"Article\",\"@id\":\"https:\\\/\\\/sarmiento24h.com\\\/?p=408870#article\",\"isPartOf\":{\"@id\":\"https:\\\/\\\/sarmiento24h.com\\\/?p=408870\"},\"author\":{\"name\":\"sarmiento24h@gmail.com\",\"@id\":\"https:\\\/\\\/sarmiento24h.com\\\/#\\\/schema\\\/person\\\/d653a59725ad629a7e0429af7b939d4d\"},\"headline\":\"Este pa\u00eds europeo abre hoy su visa para argentinos y chilenos y los cupos vuelan en horas\",\"datePublished\":\"2026-09-01T21:57:48+00:00\",\"mainEntityOfPage\":{\"@id\":\"https:\\\/\\\/sarmiento24h.com\\\/?p=408870\"},\"wordCount\":685,\"publisher\":{\"@id\":\"https:\\\/\\\/sarmiento24h.com\\\/#organization\"},\"image\":{\"@id\":\"https:\\\/\\\/sarmiento24h.com\\\/?p=408870#primaryimage\"},\"thumbnailUrl\":\"https:\\\/\\\/sarmiento24h.com\\\/wp-content\\\/uploads\\\/2026\\\/09\\\/este-pais-europeo-abre-hoy-su-visa-para-argentinos-y-chilenos-y-los-cupos-vuelan-en-horas.jpg\",\"articleSection\":[\"Actualidad\",\"Inmigracion\"],\"inLanguage\":\"es\"},{\"@type\":\"WebPage\",\"@id\":\"https:\\\/\\\/sarmiento24h.com\\\/?p=408870\",\"url\":\"https:\\\/\\\/sarmiento24h.com\\\/?p=408870\",\"name\":\"Este pa\u00eds europeo abre hoy su visa para argentinos y chilenos y los cupos vuelan en horas - Sarmiento24h\",\"isPartOf\":{\"@id\":\"https:\\\/\\\/sarmiento24h.com\\\/#website\"},\"primaryImageOfPage\":{\"@id\":\"https:\\\/\\\/sarmiento24h.com\\\/?p=408870#primaryimage\"},\"image\":{\"@id\":\"https:\\\/\\\/sarmiento24h.com\\\/?p=408870#primaryimage\"},\"thumbnailUrl\":\"https:\\\/\\\/sarmiento24h.com\\\/wp-content\\\/uploads\\\/2026\\\/09\\\/este-pais-europeo-abre-hoy-su-visa-para-argentinos-y-chilenos-y-los-cupos-vuelan-en-horas.jpg\",\"datePublished\":\"2026-09-01T21:57:48+00:00\",\"breadcrumb\":{\"@id\":\"https:\\\/\\\/sarmiento24h.com\\\/?p=408870#breadcrumb\"},\"inLanguage\":\"es\",\"potentialAction\":[{\"@type\":\"ReadAction\",\"target\":[\"https:\\\/\\\/sarmiento24h.com\\\/?p=408870\"]}]},{\"@type\":\"ImageObject\",\"inLanguage\":\"es\",\"@id\":\"https:\\\/\\\/sarmiento24h.com\\\/?p=408870#primaryimage\",\"url\":\"https:\\\/\\\/sarmiento24h.com\\\/wp-content\\\/uploads\\\/2026\\\/09\\\/este-pais-europeo-abre-hoy-su-visa-para-argentinos-y-chilenos-y-los-cupos-vuelan-en-horas.jpg\",\"contentUrl\":\"https:\\\/\\\/sarmiento24h.com\\\/wp-content\\\/uploads\\\/2026\\\/09\\\/este-pais-europeo-abre-hoy-su-visa-para-argentinos-y-chilenos-y-los-cupos-vuelan-en-horas.jpg\",\"width\":1480,\"height\":833},{\"@type\":\"BreadcrumbList\",\"@id\":\"https:\\\/\\\/sarmiento24h.com\\\/?p=408870#breadcrumb\",\"itemListElement\":[{\"@type\":\"ListItem\",\"position\":1,\"name\":\"Home\",\"item\":\"https:\\\/\\\/sarmiento24h.com\\\/\"},{\"@type\":\"ListItem\",\"position\":2,\"name\":\"Este pa\u00eds europeo abre hoy su visa para argentinos y chilenos y los cupos vuelan en horas\"}]},{\"@type\":\"WebSite\",\"@id\":\"https:\\\/\\\/sarmiento24h.com\\\/#website\",\"url\":\"https:\\\/\\\/sarmiento24h.com\\\/\",\"name\":\"Sarmiento24h\",\"description\":\"\",\"publisher\":{\"@id\":\"https:\\\/\\\/sarmiento24h.com\\\/#organization\"},\"potentialAction\":[{\"@type\":\"SearchAction\",\"target\":{\"@type\":\"EntryPoint\",\"urlTemplate\":\"https:\\\/\\\/sarmiento24h.com\\\/?s={search_term_string}\"},\"query-input\":{\"@type\":\"PropertyValueSpecification\",\"valueRequired\":true,\"valueName\":\"search_term_string\"}}],\"inLanguage\":\"es\"},{\"@type\":\"Organization\",\"@id\":\"https:\\\/\\\/sarmiento24h.com\\\/#organization\",\"name\":\"Sarmiento24h\",\"url\":\"https:\\\/\\\/sarmiento24h.com\\\/\",\"logo\":{\"@type\":\"ImageObject\",\"inLanguage\":\"es\",\"@id\":\"https:\\\/\\\/sarmiento24h.com\\\/#\\\/schema\\\/logo\\\/image\\\/\",\"url\":\"https:\\\/\\\/sarmiento24h.com\\\/wp-content\\\/uploads\\\/2025\\\/12\\\/AddText_12-16-10.30.52.jpg\",\"contentUrl\":\"https:\\\/\\\/sarmiento24h.com\\\/wp-content\\\/uploads\\\/2025\\\/12\\\/AddText_12-16-10.30.52.jpg\",\"width\":1220,\"height\":324,\"caption\":\"Sarmiento24h\"},\"image\":{\"@id\":\"https:\\\/\\\/sarmiento24h.com\\\/#\\\/schema\\\/logo\\\/image\\\/\"},\"sameAs\":[\"https:\\\/\\\/facebook.com\\\/s24hnoticias\",\"https:\\\/\\\/x.com\\\/sarmiento24h\"]},{\"@type\":\"Person\",\"@id\":\"https:\\\/\\\/sarmiento24h.com\\\/#\\\/schema\\\/person\\\/d653a59725ad629a7e0429af7b939d4d\",\"name\":\"sarmiento24h@gmail.com\",\"image\":{\"@type\":\"ImageObject\",\"inLanguage\":\"es\",\"@id\":\"https:\\\/\\\/sarmiento24h.com\\\/wp-content\\\/litespeed\\\/avatar\\\/d02cbc4e23c747e6659cd45907173c8f.jpg?ver=1788047690\",\"url\":\"https:\\\/\\\/sarmiento24h.com\\\/wp-content\\\/litespeed\\\/avatar\\\/d02cbc4e23c747e6659cd45907173c8f.jpg?ver=1788047690\",\"contentUrl\":\"https:\\\/\\\/sarmiento24h.com\\\/wp-content\\\/litespeed\\\/avatar\\\/d02cbc4e23c747e6659cd45907173c8f.jpg?ver=1788047690\",\"caption\":\"sarmiento24h@gmail.com\"},\"sameAs\":[\"https:\\\/\\\/sarmiento24h.com\"],\"url\":\"https:\\\/\\\/sarmiento24h.com\\\/?author=1\"}]}<\/script>\n<!-- \/ Yoast SEO plugin. -->","yoast_head_json":{"title":"Este pa\u00eds europeo abre hoy su visa para argentinos y chilenos y los cupos vuelan en horas - Sarmiento24h","robots":{"index":"index","follow":"follow","max-snippet":"max-snippet:-1","max-image-preview":"max-image-preview:large","max-video-preview":"max-video-preview:-1"},"canonical":"https:\/\/sarmiento24h.com\/?p=408870","og_locale":"es_ES","og_type":"article","og_title":"Este pa\u00eds europeo abre hoy su visa para argentinos y chilenos y los cupos vuelan en horas - Sarmiento24h","og_description":"La visa Working Holiday Dinamarca abre este&#46;&#46;&#46;","og_url":"https:\/\/sarmiento24h.com\/?p=408870","og_site_name":"Sarmiento24h","article_publisher":"https:\/\/facebook.com\/s24hnoticias","article_published_time":"2026-09-01T21:57:48+00:00","og_image":[{"url":"https:\/\/qpasa.com\/wp-content\/uploads\/2026\/09\/Dinamarca.jpg","type":"","width":"","height":""}],"author":"sarmiento24h@gmail.com","twitter_card":"summary_large_image","twitter_creator":"@sarmiento24h","twitter_site":"@sarmiento24h","twitter_misc":{"Escrito por":"sarmiento24h@gmail.com","Tiempo de lectura":"3 minutos"},"schema":{"@context":"https:\/\/schema.org","@graph":[{"@type":"Article","@id":"https:\/\/sarmiento24h.com\/?p=408870#article","isPartOf":{"@id":"https:\/\/sarmiento24h.com\/?p=408870"},"author":{"name":"sarmiento24h@gmail.com","@id":"https:\/\/sarmiento24h.com\/#\/schema\/person\/d653a59725ad629a7e0429af7b939d4d"},"headline":"Este pa\u00eds europeo abre hoy su visa para argentinos y chilenos y los cupos vuelan en horas","datePublished":"2026-09-01T21:57:48+00:00","mainEntityOfPage":{"@id":"https:\/\/sarmiento24h.com\/?p=408870"},"wordCount":685,"publisher":{"@id":"https:\/\/sarmiento24h.com\/#organization"},"image":{"@id":"https:\/\/sarmiento24h.com\/?p=408870#primaryimage"},"thumbnailUrl":"https:\/\/sarmiento24h.com\/wp-content\/uploads\/2026\/09\/este-pais-europeo-abre-hoy-su-visa-para-argentinos-y-chilenos-y-los-cupos-vuelan-en-horas.jpg","articleSection":["Actualidad","Inmigracion"],"inLanguage":"es"},{"@type":"WebPage","@id":"https:\/\/sarmiento24h.com\/?p=408870","url":"https:\/\/sarmiento24h.com\/?p=408870","name":"Este pa\u00eds europeo abre hoy su visa para argentinos y chilenos y los cupos vuelan en horas - Sarmiento24h","isPartOf":{"@id":"https:\/\/sarmiento24h.com\/#website"},"primaryImageOfPage":{"@id":"https:\/\/sarmiento24h.com\/?p=408870#primaryimage"},"image":{"@id":"https:\/\/sarmiento24h.com\/?p=408870#primaryimage"},"thumbnailUrl":"https:\/\/sarmiento24h.com\/wp-content\/uploads\/2026\/09\/este-pais-europeo-abre-hoy-su-visa-para-argentinos-y-chilenos-y-los-cupos-vuelan-en-horas.jpg","datePublished":"2026-09-01T21:57:48+00:00","breadcrumb":{"@id":"https:\/\/sarmiento24h.com\/?p=408870#breadcrumb"},"inLanguage":"es","potentialAction":[{"@type":"ReadAction","target":["https:\/\/sarmiento24h.com\/?p=408870"]}]},{"@type":"ImageObject","inLanguage":"es","@id":"https:\/\/sarmiento24h.com\/?p=408870#primaryimage","url":"https:\/\/sarmiento24h.com\/wp-content\/uploads\/2026\/09\/este-pais-europeo-abre-hoy-su-visa-para-argentinos-y-chilenos-y-los-cupos-vuelan-en-horas.jpg","contentUrl":"https:\/\/sarmiento24h.com\/wp-content\/uploads\/2026\/09\/este-pais-europeo-abre-hoy-su-visa-para-argentinos-y-chilenos-y-los-cupos-vuelan-en-horas.jpg","width":1480,"height":833},{"@type":"BreadcrumbList","@id":"https:\/\/sarmiento24h.com\/?p=408870#breadcrumb","itemListElement":[{"@type":"ListItem","position":1,"name":"Home","item":"https:\/\/sarmiento24h.com\/"},{"@type":"ListItem","position":2,"name":"Este pa\u00eds europeo abre hoy su visa para argentinos y chilenos y los cupos vuelan en horas"}]},{"@type":"WebSite","@id":"https:\/\/sarmiento24h.com\/#website","url":"https:\/\/sarmiento24h.com\/","name":"Sarmiento24h","description":"","publisher":{"@id":"https:\/\/sarmiento24h.com\/#organization"},"potentialAction":[{"@type":"SearchAction","target":{"@type":"EntryPoint","urlTemplate":"https:\/\/sarmiento24h.com\/?s={search_term_string}"},"query-input":{"@type":"PropertyValueSpecification","valueRequired":true,"valueName":"search_term_string"}}],"inLanguage":"es"},{"@type":"Organization","@id":"https:\/\/sarmiento24h.com\/#organization","name":"Sarmiento24h","url":"https:\/\/sarmiento24h.com\/","logo":{"@type":"ImageObject","inLanguage":"es","@id":"https:\/\/sarmiento24h.com\/#\/schema\/logo\/image\/","url":"https:\/\/sarmiento24h.com\/wp-content\/uploads\/2025\/12\/AddText_12-16-10.30.52.jpg","contentUrl":"https:\/\/sarmiento24h.com\/wp-content\/uploads\/2025\/12\/AddText_12-16-10.30.52.jpg","width":1220,"height":324,"caption":"Sarmiento24h"},"image":{"@id":"https:\/\/sarmiento24h.com\/#\/schema\/logo\/image\/"},"sameAs":["https:\/\/facebook.com\/s24hnoticias","https:\/\/x.com\/sarmiento24h"]},{"@type":"Person","@id":"https:\/\/sarmiento24h.com\/#\/schema\/person\/d653a59725ad629a7e0429af7b939d4d","name":"sarmiento24h@gmail.com","image":{"@type":"ImageObject","inLanguage":"es","@id":"https:\/\/sarmiento24h.com\/wp-content\/litespeed\/avatar\/d02cbc4e23c747e6659cd45907173c8f.jpg?ver=1788047690","url":"https:\/\/sarmiento24h.com\/wp-content\/litespeed\/avatar\/d02cbc4e23c747e6659cd45907173c8f.jpg?ver=1788047690","contentUrl":"https:\/\/sarmiento24h.com\/wp-content\/litespeed\/avatar\/d02cbc4e23c747e6659cd45907173c8f.jpg?ver=1788047690","caption":"sarmiento24h@gmail.com"},"sameAs":["https:\/\/sarmiento24h.com"],"url":"https:\/\/sarmiento24h.com\/?author=1"}]}},"jetpack_publicize_connections":[],"jetpack_featured_media_url":"https:\/\/sarmiento24h.com\/wp-content\/uploads\/2026\/09\/este-pais-europeo-abre-hoy-su-visa-para-argentinos-y-chilenos-y-los-cupos-vuelan-en-horas.jpg","jetpack_sharing_enabled":true,"_links":{"self":[{"href":"https:\/\/sarmiento24h.com\/index.php?rest_route=\/wp\/v2\/posts\/408870","targetHints":{"allow":["GET"]}}],"collection":[{"href":"https:\/\/sarmiento24h.com\/index.php?rest_route=\/wp\/v2\/posts"}],"about":[{"href":"https:\/\/sarmiento24h.com\/index.php?rest_route=\/wp\/v2\/types\/post"}],"author":[{"embeddable":true,"href":"https:\/\/sarmiento24h.com\/index.php?rest_route=\/wp\/v2\/users\/1"}],"replies":[{"embeddable":true,"href":"https:\/\/sarmiento24h.com\/index.php?rest_route=%2Fwp%2Fv2%2Fcomments&post=408870"}],"version-history":[{"count":0,"href":"https:\/\/sarmiento24h.com\/index.php?rest_route=\/wp\/v2\/posts\/408870\/revisions"}],"wp:featuredmedia":[{"embeddable":true,"href":"https:\/\/sarmiento24h.com\/index.php?rest_route=\/wp\/v2\/media\/408871"}],"wp:attachment":[{"href":"https:\/\/sarmiento24h.com\/index.php?rest_route=%2Fwp%2Fv2%2Fmedia&parent=408870"}],"wp:term":[{"taxonomy":"category","embeddable":true,"href":"https:\/\/sarmiento24h.com\/index.php?rest_route=%2Fwp%2Fv2%2Fcategories&post=408870"},{"taxonomy":"post_tag","embeddable":true,"href":"https:\/\/sarmiento24h.com\/index.php?rest_route=%2Fwp%2Fv2%2Ftags&post=408870"}],"curies":[{"name":"wp","href":"https:\/\/api.w.org\/{rel}","templated":true}]}}