{"id":408947,"date":"2026-09-01T23:07:56","date_gmt":"2026-09-01T23:07:56","guid":{"rendered":"https:\/\/diariodigitalrd.com\/?p=717234"},"modified":"2026-09-01T23:07:56","modified_gmt":"2026-09-01T23:07:56","slug":"fuerza-del-pueblo-denuncia-alza-en-facturas-y-perdidas-de-las-ede","status":"publish","type":"post","link":"https:\/\/sarmiento24h.com\/?p=408947","title":{"rendered":"Fuerza del Pueblo denuncia alza en facturas y p\u00e9rdidas de las EDE"},"content":{"rendered":"<div><img decoding=\"async\" src=\"https:\/\/diariodigitalrd.b-cdn.net\/2026\/09\/336cf906-3319-40ae-8c40-1db3fe3c8331-1200x630.jpeg\" class=\"ff-og-image-inserted\"><\/div>\n<h2 class=\"wp-block-heading\"><strong>Juan G\u00f3mez afirma que el d\u00e9ficit de las distribuidoras se triplic\u00f3 desde 2020<\/strong><\/h2>\n<p class=\"has-drop-cap has-medium-font-size wp-block-paragraph\"><strong>Santo Domingo.\u2013<\/strong> La Fuerza del Pueblo (FP) denunci\u00f3 este martes un aumento de las quejas de usuarios por facturas el\u00e9ctricas elevadas y la persistencia de los apagones, mientras cuestion\u00f3 que el d\u00e9ficit de las empresas distribuidoras de electricidad (EDEs) se haya casi triplicado durante los \u00faltimos a\u00f1os, al pasar de unos <strong>US$578 millones en 2020 a US$1,659 millones en 2025<\/strong>.<\/p>\n<p class=\"wp-block-paragraph\">La posici\u00f3n fue presentada por el ingeniero Juan G\u00f3mez, secretario de Energ\u00eda de la organizaci\u00f3n, quien durante una rueda de prensa cuestion\u00f3 los resultados de la pol\u00edtica el\u00e9ctrica del Gobierno y advirti\u00f3 sobre el impacto de las p\u00e9rdidas de las distribuidoras en las finanzas p\u00fablicas.<\/p>\n<p class=\"wp-block-paragraph\">G\u00f3mez sostuvo que las reclamaciones de ciudadanos por aumentos que consideran injustificados en sus facturas deben ser investigadas de manera objetiva y transparente. Aclar\u00f3 que la organizaci\u00f3n no pretende asumir que cada denuncia constituye por s\u00ed sola una prueba de irregularidad, pero consider\u00f3 necesario revisar la respuesta que reciben los consumidores cuando presentan sus casos.<\/p>\n<p class=\"wp-block-paragraph\">En ese sentido, la FP tambi\u00e9n cuestion\u00f3 el funcionamiento de los mecanismos de reclamaci\u00f3n ante las distribuidoras y posteriormente ante PROTECOM. La organizaci\u00f3n plante\u00f3 que el Estado debe garantizar una defensa efectiva de los usuarios y evitar que estos terminen desistiendo de reclamar por considerar que el proceso no produce resultados.<\/p>\n<p class=\"wp-block-paragraph\"><strong>Medio bill\u00f3n de pesos en transferencias<\/strong><\/p>\n<p class=\"wp-block-paragraph\">Uno de los principales cuestionamientos de la Fuerza del Pueblo est\u00e1 relacionado con los recursos destinados a cubrir el d\u00e9ficit de las distribuidoras.<\/p>\n<p class=\"wp-block-paragraph\">De acuerdo con el documento presentado por G\u00f3mez, entre 2020 y mayo de 2026 el Estado transfiri\u00f3 aproximadamente <strong>US$8,450 millones<\/strong> para cubrir el d\u00e9ficit de las EDEs, una suma que la organizaci\u00f3n calcula en unos <strong>RD$500,000 millones<\/strong>.<\/p>\n<p class=\"wp-block-paragraph\">\u201cMedio bill\u00f3n de pesos\u201d, enfatiz\u00f3 G\u00f3mez al referirse al monto.<\/p>\n<p class=\"wp-block-paragraph\">La FP sostuvo que estos recursos representan un importante costo de oportunidad para el pa\u00eds, debido a que deben destinarse a cubrir las deficiencias del sistema el\u00e9ctrico en lugar de financiar otras prioridades nacionales.<\/p>\n<p class=\"wp-block-paragraph\">La organizaci\u00f3n aclar\u00f3, sin embargo, que no plantea que la totalidad de esos fondos pudiera haberse utilizado directamente en escuelas, hospitales, carreteras o acueductos, sino que busca llamar la atenci\u00f3n sobre el costo que representa mantener durante a\u00f1os un sistema con elevados niveles de p\u00e9rdidas.<\/p>\n<p class=\"wp-block-paragraph\"><strong>Las EDE pierden cerca del 40 %<\/strong><\/p>\n<p class=\"wp-block-paragraph\">Otro de los puntos se\u00f1alados por G\u00f3mez es el nivel de p\u00e9rdidas de las empresas distribuidoras.<\/p>\n<p class=\"wp-block-paragraph\">Seg\u00fan las cifras citadas por la FP, a mayo de 2026 las EDEs registraban p\u00e9rdidas cercanas al <strong>40 %<\/strong>, lo que significa que por cada RD$100 de energ\u00eda comprada recuperaban alrededor de RD$60.<\/p>\n<p class=\"wp-block-paragraph\">La situaci\u00f3n m\u00e1s cr\u00edtica, de acuerdo con el documento, corresponde a <strong>EDEESTE<\/strong>, que alcanzar\u00eda p\u00e9rdidas del <strong>56 %<\/strong>.<\/p>\n<p class=\"wp-block-paragraph\">Para la organizaci\u00f3n opositora, estos niveles dificultan cualquier esfuerzo destinado a lograr un sistema el\u00e9ctrico financieramente sostenible y cuestionan la efectividad de las inversiones realizadas.<\/p>\n<p class=\"wp-block-paragraph\">\u201cEl gasto mantiene el sistema; la inversi\u00f3n lo transforma\u201d, plantea la Secretar\u00eda de Energ\u00eda de la FP, al reclamar mayores inversiones dirigidas a reducir las p\u00e9rdidas estructurales.<\/p>\n<p class=\"wp-block-paragraph\"><strong>Cuestionan planificaci\u00f3n e inversiones<\/strong><\/p>\n<p class=\"wp-block-paragraph\">G\u00f3mez tambi\u00e9n cit\u00f3 el Plan Nacional Plurianual del Sector P\u00fablico 2025-2028, documento que, seg\u00fan explic\u00f3, reconoce dificultades vinculadas con la expansi\u00f3n de la transmisi\u00f3n, insuficiencias de infraestructura, baja inversi\u00f3n, falta de coordinaci\u00f3n entre generaci\u00f3n y transmisi\u00f3n y procesos burocr\u00e1ticos que retrasan nuevos proyectos.<\/p>\n<p class=\"wp-block-paragraph\">A partir de ese diagn\u00f3stico, la FP cuestion\u00f3 la ejecuci\u00f3n de las soluciones anunciadas por el Gobierno.<\/p>\n<p class=\"wp-block-paragraph\">El dirigente tambi\u00e9n puso como ejemplo a EDEESTE, empresa que, seg\u00fan la organizaci\u00f3n, ha tenido <strong>seis gerentes generales en seis a\u00f1os<\/strong>, pese a mantener uno de los niveles de p\u00e9rdidas m\u00e1s elevados del sistema.<\/p>\n<p class=\"wp-block-paragraph\">G\u00f3mez consider\u00f3 que la situaci\u00f3n obliga a revisar no solo los cambios de funcionarios, sino tambi\u00e9n la existencia de una pol\u00edtica de gesti\u00f3n con metas claras, continuidad y resultados verificables.<\/p>\n<p class=\"wp-block-paragraph\">La Fuerza del Pueblo plante\u00f3 finalmente la necesidad de cambiar el rumbo del sector el\u00e9ctrico mediante mayores inversiones, reducci\u00f3n efectiva de las p\u00e9rdidas, mejor planificaci\u00f3n, protecci\u00f3n al consumidor y evaluaci\u00f3n de los responsables de las distribuidoras en funci\u00f3n de resultados.<\/p>\n<p class=\"wp-block-paragraph\">La organizaci\u00f3n concluy\u00f3 que, despu\u00e9s de seis a\u00f1os de gesti\u00f3n, los usuarios esperan soluciones concretas a los apagones, las p\u00e9rdidas y el costo de la electricidad, m\u00e1s all\u00e1 de las explicaciones oficiales sobre la situaci\u00f3n del sistema.<\/p>\n","protected":false},"excerpt":{"rendered":"<p>Juan G\u00f3mez afirma que el d\u00e9ficit de&#46;&#46;&#46;<\/p>\n","protected":false},"author":1,"featured_media":408948,"comment_status":"closed","ping_status":"closed","sticky":false,"template":"","format":"standard","meta":{"_jetpack_newsletter_access":"","_jetpack_dont_email_post_to_subs":false,"_jetpack_newsletter_tier_id":0,"_jetpack_memberships_contains_paywalled_content":false,"_jetpack_feature_clip_id":0,"_jetpack_memberships_contains_paid_content":false,"footnotes":"","jetpack_publicize_message":"","jetpack_publicize_feature_enabled":true,"jetpack_social_post_already_shared":true,"jetpack_social_options":{"image_generator_settings":{"template":"highway","default_image_id":0,"font":"","enabled":false},"version":2},"jetpack_post_was_ever_published":false},"categories":[61],"tags":[],"class_list":["post-408947","post","type-post","status-publish","format-standard","has-post-thumbnail","hentry","category-politica"],"yoast_head":"<!-- This site is optimized with the Yoast SEO plugin v28.1 - https:\/\/yoast.com\/product\/yoast-seo-wordpress\/ -->\n<title>Fuerza del Pueblo denuncia alza en facturas y p\u00e9rdidas de las EDE - Sarmiento24h<\/title>\n<meta name=\"robots\" content=\"index, follow, max-snippet:-1, max-image-preview:large, max-video-preview:-1\" \/>\n<link rel=\"canonical\" href=\"https:\/\/sarmiento24h.com\/?p=408947\" \/>\n<meta property=\"og:locale\" content=\"es_ES\" \/>\n<meta property=\"og:type\" content=\"article\" \/>\n<meta property=\"og:title\" content=\"Fuerza del Pueblo denuncia alza en facturas y p\u00e9rdidas de las EDE - Sarmiento24h\" \/>\n<meta property=\"og:description\" content=\"Juan G\u00f3mez afirma que el d\u00e9ficit de&#046;&#046;&#046;\" \/>\n<meta property=\"og:url\" content=\"https:\/\/sarmiento24h.com\/?p=408947\" \/>\n<meta property=\"og:site_name\" content=\"Sarmiento24h\" \/>\n<meta property=\"article:publisher\" content=\"https:\/\/facebook.com\/s24hnoticias\" \/>\n<meta property=\"article:published_time\" content=\"2026-09-01T23:07:56+00:00\" \/>\n<meta property=\"og:image\" content=\"https:\/\/diariodigitalrd.b-cdn.net\/2026\/09\/336cf906-3319-40ae-8c40-1db3fe3c8331-1200x630.jpeg\" \/>\n<meta name=\"author\" content=\"sarmiento24h@gmail.com\" \/>\n<meta name=\"twitter:card\" content=\"summary_large_image\" \/>\n<meta name=\"twitter:creator\" content=\"@sarmiento24h\" \/>\n<meta name=\"twitter:site\" content=\"@sarmiento24h\" \/>\n<meta name=\"twitter:label1\" content=\"Escrito por\" \/>\n\t<meta name=\"twitter:data1\" content=\"sarmiento24h@gmail.com\" \/>\n\t<meta name=\"twitter:label2\" content=\"Tiempo de lectura\" \/>\n\t<meta name=\"twitter:data2\" content=\"4 minutos\" \/>\n<script type=\"application\/ld+json\" class=\"yoast-schema-graph\">{\"@context\":\"https:\\\/\\\/schema.org\",\"@graph\":[{\"@type\":\"Article\",\"@id\":\"https:\\\/\\\/sarmiento24h.com\\\/?p=408947#article\",\"isPartOf\":{\"@id\":\"https:\\\/\\\/sarmiento24h.com\\\/?p=408947\"},\"author\":{\"name\":\"sarmiento24h@gmail.com\",\"@id\":\"https:\\\/\\\/sarmiento24h.com\\\/#\\\/schema\\\/person\\\/d653a59725ad629a7e0429af7b939d4d\"},\"headline\":\"Fuerza del Pueblo denuncia alza en facturas y p\u00e9rdidas de las EDE\",\"datePublished\":\"2026-09-01T23:07:56+00:00\",\"mainEntityOfPage\":{\"@id\":\"https:\\\/\\\/sarmiento24h.com\\\/?p=408947\"},\"wordCount\":798,\"publisher\":{\"@id\":\"https:\\\/\\\/sarmiento24h.com\\\/#organization\"},\"image\":{\"@id\":\"https:\\\/\\\/sarmiento24h.com\\\/?p=408947#primaryimage\"},\"thumbnailUrl\":\"https:\\\/\\\/sarmiento24h.com\\\/wp-content\\\/uploads\\\/2026\\\/09\\\/fuerza-del-pueblo-denuncia-alza-en-facturas-y-perdidas-de-las-ede.jpg\",\"articleSection\":[\"Politica\"],\"inLanguage\":\"es\"},{\"@type\":\"WebPage\",\"@id\":\"https:\\\/\\\/sarmiento24h.com\\\/?p=408947\",\"url\":\"https:\\\/\\\/sarmiento24h.com\\\/?p=408947\",\"name\":\"Fuerza del Pueblo denuncia alza en facturas y p\u00e9rdidas de las EDE - Sarmiento24h\",\"isPartOf\":{\"@id\":\"https:\\\/\\\/sarmiento24h.com\\\/#website\"},\"primaryImageOfPage\":{\"@id\":\"https:\\\/\\\/sarmiento24h.com\\\/?p=408947#primaryimage\"},\"image\":{\"@id\":\"https:\\\/\\\/sarmiento24h.com\\\/?p=408947#primaryimage\"},\"thumbnailUrl\":\"https:\\\/\\\/sarmiento24h.com\\\/wp-content\\\/uploads\\\/2026\\\/09\\\/fuerza-del-pueblo-denuncia-alza-en-facturas-y-perdidas-de-las-ede.jpg\",\"datePublished\":\"2026-09-01T23:07:56+00:00\",\"breadcrumb\":{\"@id\":\"https:\\\/\\\/sarmiento24h.com\\\/?p=408947#breadcrumb\"},\"inLanguage\":\"es\",\"potentialAction\":[{\"@type\":\"ReadAction\",\"target\":[\"https:\\\/\\\/sarmiento24h.com\\\/?p=408947\"]}]},{\"@type\":\"ImageObject\",\"inLanguage\":\"es\",\"@id\":\"https:\\\/\\\/sarmiento24h.com\\\/?p=408947#primaryimage\",\"url\":\"https:\\\/\\\/sarmiento24h.com\\\/wp-content\\\/uploads\\\/2026\\\/09\\\/fuerza-del-pueblo-denuncia-alza-en-facturas-y-perdidas-de-las-ede.jpg\",\"contentUrl\":\"https:\\\/\\\/sarmiento24h.com\\\/wp-content\\\/uploads\\\/2026\\\/09\\\/fuerza-del-pueblo-denuncia-alza-en-facturas-y-perdidas-de-las-ede.jpg\",\"width\":1200,\"height\":630},{\"@type\":\"BreadcrumbList\",\"@id\":\"https:\\\/\\\/sarmiento24h.com\\\/?p=408947#breadcrumb\",\"itemListElement\":[{\"@type\":\"ListItem\",\"position\":1,\"name\":\"Home\",\"item\":\"https:\\\/\\\/sarmiento24h.com\\\/\"},{\"@type\":\"ListItem\",\"position\":2,\"name\":\"Fuerza del Pueblo denuncia alza en facturas y p\u00e9rdidas de las EDE\"}]},{\"@type\":\"WebSite\",\"@id\":\"https:\\\/\\\/sarmiento24h.com\\\/#website\",\"url\":\"https:\\\/\\\/sarmiento24h.com\\\/\",\"name\":\"Sarmiento24h\",\"description\":\"\",\"publisher\":{\"@id\":\"https:\\\/\\\/sarmiento24h.com\\\/#organization\"},\"potentialAction\":[{\"@type\":\"SearchAction\",\"target\":{\"@type\":\"EntryPoint\",\"urlTemplate\":\"https:\\\/\\\/sarmiento24h.com\\\/?s={search_term_string}\"},\"query-input\":{\"@type\":\"PropertyValueSpecification\",\"valueRequired\":true,\"valueName\":\"search_term_string\"}}],\"inLanguage\":\"es\"},{\"@type\":\"Organization\",\"@id\":\"https:\\\/\\\/sarmiento24h.com\\\/#organization\",\"name\":\"Sarmiento24h\",\"url\":\"https:\\\/\\\/sarmiento24h.com\\\/\",\"logo\":{\"@type\":\"ImageObject\",\"inLanguage\":\"es\",\"@id\":\"https:\\\/\\\/sarmiento24h.com\\\/#\\\/schema\\\/logo\\\/image\\\/\",\"url\":\"https:\\\/\\\/sarmiento24h.com\\\/wp-content\\\/uploads\\\/2025\\\/12\\\/AddText_12-16-10.30.52.jpg\",\"contentUrl\":\"https:\\\/\\\/sarmiento24h.com\\\/wp-content\\\/uploads\\\/2025\\\/12\\\/AddText_12-16-10.30.52.jpg\",\"width\":1220,\"height\":324,\"caption\":\"Sarmiento24h\"},\"image\":{\"@id\":\"https:\\\/\\\/sarmiento24h.com\\\/#\\\/schema\\\/logo\\\/image\\\/\"},\"sameAs\":[\"https:\\\/\\\/facebook.com\\\/s24hnoticias\",\"https:\\\/\\\/x.com\\\/sarmiento24h\"]},{\"@type\":\"Person\",\"@id\":\"https:\\\/\\\/sarmiento24h.com\\\/#\\\/schema\\\/person\\\/d653a59725ad629a7e0429af7b939d4d\",\"name\":\"sarmiento24h@gmail.com\",\"image\":{\"@type\":\"ImageObject\",\"inLanguage\":\"es\",\"@id\":\"https:\\\/\\\/sarmiento24h.com\\\/wp-content\\\/litespeed\\\/avatar\\\/d02cbc4e23c747e6659cd45907173c8f.jpg?ver=1788047690\",\"url\":\"https:\\\/\\\/sarmiento24h.com\\\/wp-content\\\/litespeed\\\/avatar\\\/d02cbc4e23c747e6659cd45907173c8f.jpg?ver=1788047690\",\"contentUrl\":\"https:\\\/\\\/sarmiento24h.com\\\/wp-content\\\/litespeed\\\/avatar\\\/d02cbc4e23c747e6659cd45907173c8f.jpg?ver=1788047690\",\"caption\":\"sarmiento24h@gmail.com\"},\"sameAs\":[\"https:\\\/\\\/sarmiento24h.com\"],\"url\":\"https:\\\/\\\/sarmiento24h.com\\\/?author=1\"}]}<\/script>\n<!-- \/ Yoast SEO plugin. -->","yoast_head_json":{"title":"Fuerza del Pueblo denuncia alza en facturas y p\u00e9rdidas de las EDE - Sarmiento24h","robots":{"index":"index","follow":"follow","max-snippet":"max-snippet:-1","max-image-preview":"max-image-preview:large","max-video-preview":"max-video-preview:-1"},"canonical":"https:\/\/sarmiento24h.com\/?p=408947","og_locale":"es_ES","og_type":"article","og_title":"Fuerza del Pueblo denuncia alza en facturas y p\u00e9rdidas de las EDE - Sarmiento24h","og_description":"Juan G\u00f3mez afirma que el d\u00e9ficit de&#46;&#46;&#46;","og_url":"https:\/\/sarmiento24h.com\/?p=408947","og_site_name":"Sarmiento24h","article_publisher":"https:\/\/facebook.com\/s24hnoticias","article_published_time":"2026-09-01T23:07:56+00:00","og_image":[{"url":"https:\/\/diariodigitalrd.b-cdn.net\/2026\/09\/336cf906-3319-40ae-8c40-1db3fe3c8331-1200x630.jpeg","type":"","width":"","height":""}],"author":"sarmiento24h@gmail.com","twitter_card":"summary_large_image","twitter_creator":"@sarmiento24h","twitter_site":"@sarmiento24h","twitter_misc":{"Escrito por":"sarmiento24h@gmail.com","Tiempo de lectura":"4 minutos"},"schema":{"@context":"https:\/\/schema.org","@graph":[{"@type":"Article","@id":"https:\/\/sarmiento24h.com\/?p=408947#article","isPartOf":{"@id":"https:\/\/sarmiento24h.com\/?p=408947"},"author":{"name":"sarmiento24h@gmail.com","@id":"https:\/\/sarmiento24h.com\/#\/schema\/person\/d653a59725ad629a7e0429af7b939d4d"},"headline":"Fuerza del Pueblo denuncia alza en facturas y p\u00e9rdidas de las EDE","datePublished":"2026-09-01T23:07:56+00:00","mainEntityOfPage":{"@id":"https:\/\/sarmiento24h.com\/?p=408947"},"wordCount":798,"publisher":{"@id":"https:\/\/sarmiento24h.com\/#organization"},"image":{"@id":"https:\/\/sarmiento24h.com\/?p=408947#primaryimage"},"thumbnailUrl":"https:\/\/sarmiento24h.com\/wp-content\/uploads\/2026\/09\/fuerza-del-pueblo-denuncia-alza-en-facturas-y-perdidas-de-las-ede.jpg","articleSection":["Politica"],"inLanguage":"es"},{"@type":"WebPage","@id":"https:\/\/sarmiento24h.com\/?p=408947","url":"https:\/\/sarmiento24h.com\/?p=408947","name":"Fuerza del Pueblo denuncia alza en facturas y p\u00e9rdidas de las EDE - Sarmiento24h","isPartOf":{"@id":"https:\/\/sarmiento24h.com\/#website"},"primaryImageOfPage":{"@id":"https:\/\/sarmiento24h.com\/?p=408947#primaryimage"},"image":{"@id":"https:\/\/sarmiento24h.com\/?p=408947#primaryimage"},"thumbnailUrl":"https:\/\/sarmiento24h.com\/wp-content\/uploads\/2026\/09\/fuerza-del-pueblo-denuncia-alza-en-facturas-y-perdidas-de-las-ede.jpg","datePublished":"2026-09-01T23:07:56+00:00","breadcrumb":{"@id":"https:\/\/sarmiento24h.com\/?p=408947#breadcrumb"},"inLanguage":"es","potentialAction":[{"@type":"ReadAction","target":["https:\/\/sarmiento24h.com\/?p=408947"]}]},{"@type":"ImageObject","inLanguage":"es","@id":"https:\/\/sarmiento24h.com\/?p=408947#primaryimage","url":"https:\/\/sarmiento24h.com\/wp-content\/uploads\/2026\/09\/fuerza-del-pueblo-denuncia-alza-en-facturas-y-perdidas-de-las-ede.jpg","contentUrl":"https:\/\/sarmiento24h.com\/wp-content\/uploads\/2026\/09\/fuerza-del-pueblo-denuncia-alza-en-facturas-y-perdidas-de-las-ede.jpg","width":1200,"height":630},{"@type":"BreadcrumbList","@id":"https:\/\/sarmiento24h.com\/?p=408947#breadcrumb","itemListElement":[{"@type":"ListItem","position":1,"name":"Home","item":"https:\/\/sarmiento24h.com\/"},{"@type":"ListItem","position":2,"name":"Fuerza del Pueblo denuncia alza en facturas y p\u00e9rdidas de las EDE"}]},{"@type":"WebSite","@id":"https:\/\/sarmiento24h.com\/#website","url":"https:\/\/sarmiento24h.com\/","name":"Sarmiento24h","description":"","publisher":{"@id":"https:\/\/sarmiento24h.com\/#organization"},"potentialAction":[{"@type":"SearchAction","target":{"@type":"EntryPoint","urlTemplate":"https:\/\/sarmiento24h.com\/?s={search_term_string}"},"query-input":{"@type":"PropertyValueSpecification","valueRequired":true,"valueName":"search_term_string"}}],"inLanguage":"es"},{"@type":"Organization","@id":"https:\/\/sarmiento24h.com\/#organization","name":"Sarmiento24h","url":"https:\/\/sarmiento24h.com\/","logo":{"@type":"ImageObject","inLanguage":"es","@id":"https:\/\/sarmiento24h.com\/#\/schema\/logo\/image\/","url":"https:\/\/sarmiento24h.com\/wp-content\/uploads\/2025\/12\/AddText_12-16-10.30.52.jpg","contentUrl":"https:\/\/sarmiento24h.com\/wp-content\/uploads\/2025\/12\/AddText_12-16-10.30.52.jpg","width":1220,"height":324,"caption":"Sarmiento24h"},"image":{"@id":"https:\/\/sarmiento24h.com\/#\/schema\/logo\/image\/"},"sameAs":["https:\/\/facebook.com\/s24hnoticias","https:\/\/x.com\/sarmiento24h"]},{"@type":"Person","@id":"https:\/\/sarmiento24h.com\/#\/schema\/person\/d653a59725ad629a7e0429af7b939d4d","name":"sarmiento24h@gmail.com","image":{"@type":"ImageObject","inLanguage":"es","@id":"https:\/\/sarmiento24h.com\/wp-content\/litespeed\/avatar\/d02cbc4e23c747e6659cd45907173c8f.jpg?ver=1788047690","url":"https:\/\/sarmiento24h.com\/wp-content\/litespeed\/avatar\/d02cbc4e23c747e6659cd45907173c8f.jpg?ver=1788047690","contentUrl":"https:\/\/sarmiento24h.com\/wp-content\/litespeed\/avatar\/d02cbc4e23c747e6659cd45907173c8f.jpg?ver=1788047690","caption":"sarmiento24h@gmail.com"},"sameAs":["https:\/\/sarmiento24h.com"],"url":"https:\/\/sarmiento24h.com\/?author=1"}]}},"jetpack_publicize_connections":[],"jetpack_featured_media_url":"https:\/\/sarmiento24h.com\/wp-content\/uploads\/2026\/09\/fuerza-del-pueblo-denuncia-alza-en-facturas-y-perdidas-de-las-ede.jpg","jetpack_sharing_enabled":true,"_links":{"self":[{"href":"https:\/\/sarmiento24h.com\/index.php?rest_route=\/wp\/v2\/posts\/408947","targetHints":{"allow":["GET"]}}],"collection":[{"href":"https:\/\/sarmiento24h.com\/index.php?rest_route=\/wp\/v2\/posts"}],"about":[{"href":"https:\/\/sarmiento24h.com\/index.php?rest_route=\/wp\/v2\/types\/post"}],"author":[{"embeddable":true,"href":"https:\/\/sarmiento24h.com\/index.php?rest_route=\/wp\/v2\/users\/1"}],"replies":[{"embeddable":true,"href":"https:\/\/sarmiento24h.com\/index.php?rest_route=%2Fwp%2Fv2%2Fcomments&post=408947"}],"version-history":[{"count":0,"href":"https:\/\/sarmiento24h.com\/index.php?rest_route=\/wp\/v2\/posts\/408947\/revisions"}],"wp:featuredmedia":[{"embeddable":true,"href":"https:\/\/sarmiento24h.com\/index.php?rest_route=\/wp\/v2\/media\/408948"}],"wp:attachment":[{"href":"https:\/\/sarmiento24h.com\/index.php?rest_route=%2Fwp%2Fv2%2Fmedia&parent=408947"}],"wp:term":[{"taxonomy":"category","embeddable":true,"href":"https:\/\/sarmiento24h.com\/index.php?rest_route=%2Fwp%2Fv2%2Fcategories&post=408947"},{"taxonomy":"post_tag","embeddable":true,"href":"https:\/\/sarmiento24h.com\/index.php?rest_route=%2Fwp%2Fv2%2Ftags&post=408947"}],"curies":[{"name":"wp","href":"https:\/\/api.w.org\/{rel}","templated":true}]}}