{"id":408949,"date":"2026-09-01T23:07:59","date_gmt":"2026-09-01T23:07:59","guid":{"rendered":"https:\/\/qpasa.com\/?p=109080"},"modified":"2026-09-01T23:07:59","modified_gmt":"2026-09-01T23:07:59","slug":"llego-a-apple-a-ordenar-bodegas-y-se-va-como-el-ceo-que-la-convirtio-en-la-empresa-de-los-5-billones","status":"publish","type":"post","link":"https:\/\/sarmiento24h.com\/?p=408949","title":{"rendered":"Lleg\u00f3 a Apple a ordenar bodegas y se va como el CEO que la convirti\u00f3 en la empresa de los 5 billones"},"content":{"rendered":"<div><img decoding=\"async\" src=\"https:\/\/qpasa.com\/wp-content\/uploads\/2026\/09\/tim-cook.jpg\" class=\"ff-og-image-inserted\"><\/div>\n<p class=\"wp-block-paragraph\">Tim Cook ya no es el CEO de Apple. Este lunes 31 de agosto fue su \u00faltimo d\u00eda al mando de la compa\u00f1\u00eda m\u00e1s valiosa del planeta, despu\u00e9s de 15 a\u00f1os en los que convirti\u00f3 a la empresa de la manzana en una m\u00e1quina de r\u00e9cords. Desde este 1 de septiembre, el tim\u00f3n queda en manos de John Ternus, el ingeniero que lider\u00f3 el desarrollo del hardware de la marca durante los \u00faltimos a\u00f1os.<\/p>\n<p class=\"wp-block-paragraph\">La salida no tom\u00f3 a nadie por sorpresa. Apple anunci\u00f3 el plan de sucesi\u00f3n en abril, lo que dio m\u00e1s de cuatro meses de preparaci\u00f3n a inversionistas, empleados y a toda la industria tecnol\u00f3gica. Aun as\u00ed, la fecha marca el final de una era, la del ejecutivo que recibi\u00f3 la empresa de manos de Steve Jobs y la llev\u00f3 a niveles que pocos imaginaban.<\/p>\n<h2 id=\"h-el-legado-de-tim-cook-en-numeros\" class=\"wp-block-heading\">El legado de Tim Cook en n\u00fameros<\/h2>\n<p class=\"wp-block-paragraph\">Las cifras del ciclo de Tim Cook son dif\u00edciles de discutir. Cuando asumi\u00f3 el cargo, el 24 de agosto de 2011, seis semanas antes de la muerte de Jobs, Apple val\u00eda cerca de 350.000 millones de d\u00f3lares. Hoy su valor de mercado ronda los 4,7 billones de d\u00f3lares, seg\u00fan destac\u00f3 la cadena NBC, y este a\u00f1o la compa\u00f1\u00eda se convirti\u00f3 en la segunda de la historia en tocar los 5 billones.<\/p>\n<p class=\"wp-block-paragraph\">Adem\u00e1s, de acuerdo con un recuento de CNBC, las acciones ganaron alrededor de 2.280 por ciento durante su gesti\u00f3n, m\u00e1s de cuatro veces el rendimiento del \u00edndice S&amp;P 500 en el mismo periodo. Los ingresos anuales casi se cuadruplicaron y superaron los 400.000 millones de d\u00f3lares en el \u00faltimo a\u00f1o fiscal.<\/p>\n<p class=\"wp-block-paragraph\">Bajo su mando nacieron el Apple Watch, los AirPods, Apple Pay y Apple TV+. Tambi\u00e9n construy\u00f3 casi desde cero el negocio de servicios, que hoy factura m\u00e1s de 109.000 millones de d\u00f3lares al a\u00f1o y es la segunda l\u00ednea m\u00e1s grande de la empresa, solo detr\u00e1s del iPhone. Cook, nacido en Alabama hace 65 a\u00f1os, fue adem\u00e1s el primer CEO abiertamente gay de una compa\u00f1\u00eda del Fortune 500.<\/p>\n<h2 id=\"h-una-carta-emocional-y-un-concierto-de-despedida\" class=\"wp-block-heading\">Una carta emocional y un concierto de despedida<\/h2>\n<p class=\"wp-block-paragraph\">El adi\u00f3s tuvo su dosis de sentimiento. En su \u00faltimo d\u00eda, Cook envi\u00f3 <a href=\"https:\/\/9to5mac.com\/2026\/08\/31\/read-tim-cooks-full-memo-to-apple-employees-on-his-last-day-as-ceo\/\">un memorando a todos los empleados<\/a> en el que asegur\u00f3 que no se va de Apple, pero que se aleja de un rol que am\u00f3 profundamente. Tambi\u00e9n dijo sentir una enorme tranquilidad al entregar el mando a alguien tan brillante y capaz como su sucesor, y record\u00f3 la famosa frase de Jobs sobre dejar una marca en el universo.<\/p>\n<p class=\"wp-block-paragraph\">Seg\u00fan reportes de prensa, la semana pasada hubo una cena de despedida en Apple Park, con horas de tributos de ejecutivos actuales y antiguos, la presencia de Laurene Powell Jobs y una presentaci\u00f3n de OneRepublic, una de las bandas favoritas del directivo. Nada mal para alguien que lleg\u00f3 a la empresa en 1998 a ordenar bodegas y cadenas de suministro.<\/p>\n<h2 id=\"h-john-ternus-el-ingeniero-que-toma-el-mando\" class=\"wp-block-heading\">John Ternus, el ingeniero que toma el mando<\/h2>\n<p class=\"wp-block-paragraph\">El nuevo CEO no es un desconocido dentro de la casa. John Ternus entr\u00f3 a Apple en 2001 como parte del equipo de dise\u00f1o de producto y escal\u00f3 hasta convertirse en vicepresidente s\u00e9nior de ingenier\u00eda de hardware en enero de 2021. Su firma est\u00e1 detr\u00e1s de buena parte de los dispositivos recientes de la marca, incluido <a href=\"https:\/\/qpasa.com\/tecnologia\/apple-mac-mini-m6-chip-2nm\/\">el nuevo Mac mini M6, el m\u00e1s caro de su historia<\/a>.<\/p>\n<p class=\"wp-block-paragraph\">El cambio de perfil es significativo. Apple pasa de un experto en operaciones y cadenas de suministro a un ingeniero de hardware de carrera, justo cuando la compa\u00f1\u00eda enfrenta el desaf\u00edo de la inteligencia artificial y la competencia por los dispositivos del futuro.<\/p>\n<p class=\"wp-block-paragraph\">Por su parte, Cook no desaparece del mapa. Asumir\u00e1 el cargo de presidente ejecutivo del consejo directivo y, seg\u00fan report\u00f3 Bloomberg, se concentrar\u00e1 en manejar las relaciones de la empresa con el gobierno de Estados Unidos y con China, dos frentes decisivos para su negocio global.<\/p>\n<p><span class=\"td-adspot-title\">&#8211; Patrocinado &#8211;<\/span><br \/>\n<!-- popi2 --><br \/>\n<ins class=\"adsbygoogle\" data-ad-client=\"ca-pub-1729935282101551\" data-ad-slot=\"2133646425\" data-ad-format=\"auto\" data-full-width-responsive=\"true\"><\/ins>\n<\/p>\n<h2 id=\"h-la-primera-gran-prueba-llega-el-9-de-septiembre\" class=\"wp-block-heading\">La primera gran prueba llega el 9 de septiembre<\/h2>\n<p class=\"wp-block-paragraph\">El estreno de Ternus ser\u00e1 inmediato. Apple tiene programado su evento especial del a\u00f1o para el mi\u00e9rcoles 9 de septiembre, bajo el lema \u00abSurprise and shine\u00bb. All\u00ed se espera la presentaci\u00f3n del iPhone 18 Pro y, seg\u00fan m\u00faltiples reportes, del primer iPhone plegable de la historia de la compa\u00f1\u00eda.<\/p>\n<p class=\"wp-block-paragraph\">El detalle simb\u00f3lico no es menor. Cook no aparecer\u00e1 en el escenario y la presentaci\u00f3n estar\u00e1 encabezada por el nuevo CEO. La industria entera estar\u00e1 mirando ese debut, porque la pregunta que dej\u00f3 abierta esta transici\u00f3n es una sola, qu\u00e9 har\u00e1 Ternus con la empresa m\u00e1s observada del mundo.<\/p>\n","protected":false},"excerpt":{"rendered":"<p>Tim Cook ya no es el CEO&#46;&#46;&#46;<\/p>\n","protected":false},"author":1,"featured_media":408950,"comment_status":"closed","ping_status":"closed","sticky":false,"template":"","format":"standard","meta":{"_jetpack_newsletter_access":"","_jetpack_dont_email_post_to_subs":false,"_jetpack_newsletter_tier_id":0,"_jetpack_memberships_contains_paywalled_content":false,"_jetpack_feature_clip_id":0,"_jetpack_memberships_contains_paid_content":false,"footnotes":"","jetpack_publicize_message":"","jetpack_publicize_feature_enabled":true,"jetpack_social_post_already_shared":true,"jetpack_social_options":{"image_generator_settings":{"template":"highway","default_image_id":0,"font":"","enabled":false},"version":2},"jetpack_post_was_ever_published":false},"categories":[59,46],"tags":[],"class_list":["post-408949","post","type-post","status-publish","format-standard","has-post-thumbnail","hentry","category-actualidad","category-tecnologia"],"yoast_head":"<!-- This site is optimized with the Yoast SEO plugin v28.1 - https:\/\/yoast.com\/product\/yoast-seo-wordpress\/ -->\n<title>Lleg\u00f3 a Apple a ordenar bodegas y se va como el CEO que la convirti\u00f3 en la empresa de los 5 billones - Sarmiento24h<\/title>\n<meta name=\"robots\" content=\"index, follow, max-snippet:-1, max-image-preview:large, max-video-preview:-1\" \/>\n<link rel=\"canonical\" href=\"https:\/\/sarmiento24h.com\/?p=408949\" \/>\n<meta property=\"og:locale\" content=\"es_ES\" \/>\n<meta property=\"og:type\" content=\"article\" \/>\n<meta property=\"og:title\" content=\"Lleg\u00f3 a Apple a ordenar bodegas y se va como el CEO que la convirti\u00f3 en la empresa de los 5 billones - Sarmiento24h\" \/>\n<meta property=\"og:description\" content=\"Tim Cook ya no es el CEO&#046;&#046;&#046;\" \/>\n<meta property=\"og:url\" content=\"https:\/\/sarmiento24h.com\/?p=408949\" \/>\n<meta property=\"og:site_name\" content=\"Sarmiento24h\" \/>\n<meta property=\"article:publisher\" content=\"https:\/\/facebook.com\/s24hnoticias\" \/>\n<meta property=\"article:published_time\" content=\"2026-09-01T23:07:59+00:00\" \/>\n<meta property=\"og:image\" content=\"https:\/\/qpasa.com\/wp-content\/uploads\/2026\/09\/tim-cook.jpg\" \/>\n<meta name=\"author\" content=\"sarmiento24h@gmail.com\" \/>\n<meta name=\"twitter:card\" content=\"summary_large_image\" \/>\n<meta name=\"twitter:creator\" content=\"@sarmiento24h\" \/>\n<meta name=\"twitter:site\" content=\"@sarmiento24h\" \/>\n<meta name=\"twitter:label1\" content=\"Escrito por\" \/>\n\t<meta name=\"twitter:data1\" content=\"sarmiento24h@gmail.com\" \/>\n\t<meta name=\"twitter:label2\" content=\"Tiempo de lectura\" \/>\n\t<meta name=\"twitter:data2\" content=\"4 minutos\" \/>\n<script type=\"application\/ld+json\" class=\"yoast-schema-graph\">{\"@context\":\"https:\\\/\\\/schema.org\",\"@graph\":[{\"@type\":\"Article\",\"@id\":\"https:\\\/\\\/sarmiento24h.com\\\/?p=408949#article\",\"isPartOf\":{\"@id\":\"https:\\\/\\\/sarmiento24h.com\\\/?p=408949\"},\"author\":{\"name\":\"sarmiento24h@gmail.com\",\"@id\":\"https:\\\/\\\/sarmiento24h.com\\\/#\\\/schema\\\/person\\\/d653a59725ad629a7e0429af7b939d4d\"},\"headline\":\"Lleg\u00f3 a Apple a ordenar bodegas y se va como el CEO que la convirti\u00f3 en la empresa de los 5 billones\",\"datePublished\":\"2026-09-01T23:07:59+00:00\",\"mainEntityOfPage\":{\"@id\":\"https:\\\/\\\/sarmiento24h.com\\\/?p=408949\"},\"wordCount\":811,\"publisher\":{\"@id\":\"https:\\\/\\\/sarmiento24h.com\\\/#organization\"},\"image\":{\"@id\":\"https:\\\/\\\/sarmiento24h.com\\\/?p=408949#primaryimage\"},\"thumbnailUrl\":\"https:\\\/\\\/sarmiento24h.com\\\/wp-content\\\/uploads\\\/2026\\\/09\\\/llego-a-apple-a-ordenar-bodegas-y-se-va-como-el-ceo-que-la-convirtio-en-la-empresa-de-los-5-billones.jpg\",\"articleSection\":[\"Actualidad\",\"Tecnologia\"],\"inLanguage\":\"es\"},{\"@type\":\"WebPage\",\"@id\":\"https:\\\/\\\/sarmiento24h.com\\\/?p=408949\",\"url\":\"https:\\\/\\\/sarmiento24h.com\\\/?p=408949\",\"name\":\"Lleg\u00f3 a Apple a ordenar bodegas y se va como el CEO que la convirti\u00f3 en la empresa de los 5 billones - Sarmiento24h\",\"isPartOf\":{\"@id\":\"https:\\\/\\\/sarmiento24h.com\\\/#website\"},\"primaryImageOfPage\":{\"@id\":\"https:\\\/\\\/sarmiento24h.com\\\/?p=408949#primaryimage\"},\"image\":{\"@id\":\"https:\\\/\\\/sarmiento24h.com\\\/?p=408949#primaryimage\"},\"thumbnailUrl\":\"https:\\\/\\\/sarmiento24h.com\\\/wp-content\\\/uploads\\\/2026\\\/09\\\/llego-a-apple-a-ordenar-bodegas-y-se-va-como-el-ceo-que-la-convirtio-en-la-empresa-de-los-5-billones.jpg\",\"datePublished\":\"2026-09-01T23:07:59+00:00\",\"breadcrumb\":{\"@id\":\"https:\\\/\\\/sarmiento24h.com\\\/?p=408949#breadcrumb\"},\"inLanguage\":\"es\",\"potentialAction\":[{\"@type\":\"ReadAction\",\"target\":[\"https:\\\/\\\/sarmiento24h.com\\\/?p=408949\"]}]},{\"@type\":\"ImageObject\",\"inLanguage\":\"es\",\"@id\":\"https:\\\/\\\/sarmiento24h.com\\\/?p=408949#primaryimage\",\"url\":\"https:\\\/\\\/sarmiento24h.com\\\/wp-content\\\/uploads\\\/2026\\\/09\\\/llego-a-apple-a-ordenar-bodegas-y-se-va-como-el-ceo-que-la-convirtio-en-la-empresa-de-los-5-billones.jpg\",\"contentUrl\":\"https:\\\/\\\/sarmiento24h.com\\\/wp-content\\\/uploads\\\/2026\\\/09\\\/llego-a-apple-a-ordenar-bodegas-y-se-va-como-el-ceo-que-la-convirtio-en-la-empresa-de-los-5-billones.jpg\",\"width\":1480,\"height\":833},{\"@type\":\"BreadcrumbList\",\"@id\":\"https:\\\/\\\/sarmiento24h.com\\\/?p=408949#breadcrumb\",\"itemListElement\":[{\"@type\":\"ListItem\",\"position\":1,\"name\":\"Home\",\"item\":\"https:\\\/\\\/sarmiento24h.com\\\/\"},{\"@type\":\"ListItem\",\"position\":2,\"name\":\"Lleg\u00f3 a Apple a ordenar bodegas y se va como el CEO que la convirti\u00f3 en la empresa de los 5 billones\"}]},{\"@type\":\"WebSite\",\"@id\":\"https:\\\/\\\/sarmiento24h.com\\\/#website\",\"url\":\"https:\\\/\\\/sarmiento24h.com\\\/\",\"name\":\"Sarmiento24h\",\"description\":\"\",\"publisher\":{\"@id\":\"https:\\\/\\\/sarmiento24h.com\\\/#organization\"},\"potentialAction\":[{\"@type\":\"SearchAction\",\"target\":{\"@type\":\"EntryPoint\",\"urlTemplate\":\"https:\\\/\\\/sarmiento24h.com\\\/?s={search_term_string}\"},\"query-input\":{\"@type\":\"PropertyValueSpecification\",\"valueRequired\":true,\"valueName\":\"search_term_string\"}}],\"inLanguage\":\"es\"},{\"@type\":\"Organization\",\"@id\":\"https:\\\/\\\/sarmiento24h.com\\\/#organization\",\"name\":\"Sarmiento24h\",\"url\":\"https:\\\/\\\/sarmiento24h.com\\\/\",\"logo\":{\"@type\":\"ImageObject\",\"inLanguage\":\"es\",\"@id\":\"https:\\\/\\\/sarmiento24h.com\\\/#\\\/schema\\\/logo\\\/image\\\/\",\"url\":\"https:\\\/\\\/sarmiento24h.com\\\/wp-content\\\/uploads\\\/2025\\\/12\\\/AddText_12-16-10.30.52.jpg\",\"contentUrl\":\"https:\\\/\\\/sarmiento24h.com\\\/wp-content\\\/uploads\\\/2025\\\/12\\\/AddText_12-16-10.30.52.jpg\",\"width\":1220,\"height\":324,\"caption\":\"Sarmiento24h\"},\"image\":{\"@id\":\"https:\\\/\\\/sarmiento24h.com\\\/#\\\/schema\\\/logo\\\/image\\\/\"},\"sameAs\":[\"https:\\\/\\\/facebook.com\\\/s24hnoticias\",\"https:\\\/\\\/x.com\\\/sarmiento24h\"]},{\"@type\":\"Person\",\"@id\":\"https:\\\/\\\/sarmiento24h.com\\\/#\\\/schema\\\/person\\\/d653a59725ad629a7e0429af7b939d4d\",\"name\":\"sarmiento24h@gmail.com\",\"image\":{\"@type\":\"ImageObject\",\"inLanguage\":\"es\",\"@id\":\"https:\\\/\\\/sarmiento24h.com\\\/wp-content\\\/litespeed\\\/avatar\\\/d02cbc4e23c747e6659cd45907173c8f.jpg?ver=1788047690\",\"url\":\"https:\\\/\\\/sarmiento24h.com\\\/wp-content\\\/litespeed\\\/avatar\\\/d02cbc4e23c747e6659cd45907173c8f.jpg?ver=1788047690\",\"contentUrl\":\"https:\\\/\\\/sarmiento24h.com\\\/wp-content\\\/litespeed\\\/avatar\\\/d02cbc4e23c747e6659cd45907173c8f.jpg?ver=1788047690\",\"caption\":\"sarmiento24h@gmail.com\"},\"sameAs\":[\"https:\\\/\\\/sarmiento24h.com\"],\"url\":\"https:\\\/\\\/sarmiento24h.com\\\/?author=1\"}]}<\/script>\n<!-- \/ Yoast SEO plugin. -->","yoast_head_json":{"title":"Lleg\u00f3 a Apple a ordenar bodegas y se va como el CEO que la convirti\u00f3 en la empresa de los 5 billones - Sarmiento24h","robots":{"index":"index","follow":"follow","max-snippet":"max-snippet:-1","max-image-preview":"max-image-preview:large","max-video-preview":"max-video-preview:-1"},"canonical":"https:\/\/sarmiento24h.com\/?p=408949","og_locale":"es_ES","og_type":"article","og_title":"Lleg\u00f3 a Apple a ordenar bodegas y se va como el CEO que la convirti\u00f3 en la empresa de los 5 billones - Sarmiento24h","og_description":"Tim Cook ya no es el CEO&#46;&#46;&#46;","og_url":"https:\/\/sarmiento24h.com\/?p=408949","og_site_name":"Sarmiento24h","article_publisher":"https:\/\/facebook.com\/s24hnoticias","article_published_time":"2026-09-01T23:07:59+00:00","og_image":[{"url":"https:\/\/qpasa.com\/wp-content\/uploads\/2026\/09\/tim-cook.jpg","type":"","width":"","height":""}],"author":"sarmiento24h@gmail.com","twitter_card":"summary_large_image","twitter_creator":"@sarmiento24h","twitter_site":"@sarmiento24h","twitter_misc":{"Escrito por":"sarmiento24h@gmail.com","Tiempo de lectura":"4 minutos"},"schema":{"@context":"https:\/\/schema.org","@graph":[{"@type":"Article","@id":"https:\/\/sarmiento24h.com\/?p=408949#article","isPartOf":{"@id":"https:\/\/sarmiento24h.com\/?p=408949"},"author":{"name":"sarmiento24h@gmail.com","@id":"https:\/\/sarmiento24h.com\/#\/schema\/person\/d653a59725ad629a7e0429af7b939d4d"},"headline":"Lleg\u00f3 a Apple a ordenar bodegas y se va como el CEO que la convirti\u00f3 en la empresa de los 5 billones","datePublished":"2026-09-01T23:07:59+00:00","mainEntityOfPage":{"@id":"https:\/\/sarmiento24h.com\/?p=408949"},"wordCount":811,"publisher":{"@id":"https:\/\/sarmiento24h.com\/#organization"},"image":{"@id":"https:\/\/sarmiento24h.com\/?p=408949#primaryimage"},"thumbnailUrl":"https:\/\/sarmiento24h.com\/wp-content\/uploads\/2026\/09\/llego-a-apple-a-ordenar-bodegas-y-se-va-como-el-ceo-que-la-convirtio-en-la-empresa-de-los-5-billones.jpg","articleSection":["Actualidad","Tecnologia"],"inLanguage":"es"},{"@type":"WebPage","@id":"https:\/\/sarmiento24h.com\/?p=408949","url":"https:\/\/sarmiento24h.com\/?p=408949","name":"Lleg\u00f3 a Apple a ordenar bodegas y se va como el CEO que la convirti\u00f3 en la empresa de los 5 billones - Sarmiento24h","isPartOf":{"@id":"https:\/\/sarmiento24h.com\/#website"},"primaryImageOfPage":{"@id":"https:\/\/sarmiento24h.com\/?p=408949#primaryimage"},"image":{"@id":"https:\/\/sarmiento24h.com\/?p=408949#primaryimage"},"thumbnailUrl":"https:\/\/sarmiento24h.com\/wp-content\/uploads\/2026\/09\/llego-a-apple-a-ordenar-bodegas-y-se-va-como-el-ceo-que-la-convirtio-en-la-empresa-de-los-5-billones.jpg","datePublished":"2026-09-01T23:07:59+00:00","breadcrumb":{"@id":"https:\/\/sarmiento24h.com\/?p=408949#breadcrumb"},"inLanguage":"es","potentialAction":[{"@type":"ReadAction","target":["https:\/\/sarmiento24h.com\/?p=408949"]}]},{"@type":"ImageObject","inLanguage":"es","@id":"https:\/\/sarmiento24h.com\/?p=408949#primaryimage","url":"https:\/\/sarmiento24h.com\/wp-content\/uploads\/2026\/09\/llego-a-apple-a-ordenar-bodegas-y-se-va-como-el-ceo-que-la-convirtio-en-la-empresa-de-los-5-billones.jpg","contentUrl":"https:\/\/sarmiento24h.com\/wp-content\/uploads\/2026\/09\/llego-a-apple-a-ordenar-bodegas-y-se-va-como-el-ceo-que-la-convirtio-en-la-empresa-de-los-5-billones.jpg","width":1480,"height":833},{"@type":"BreadcrumbList","@id":"https:\/\/sarmiento24h.com\/?p=408949#breadcrumb","itemListElement":[{"@type":"ListItem","position":1,"name":"Home","item":"https:\/\/sarmiento24h.com\/"},{"@type":"ListItem","position":2,"name":"Lleg\u00f3 a Apple a ordenar bodegas y se va como el CEO que la convirti\u00f3 en la empresa de los 5 billones"}]},{"@type":"WebSite","@id":"https:\/\/sarmiento24h.com\/#website","url":"https:\/\/sarmiento24h.com\/","name":"Sarmiento24h","description":"","publisher":{"@id":"https:\/\/sarmiento24h.com\/#organization"},"potentialAction":[{"@type":"SearchAction","target":{"@type":"EntryPoint","urlTemplate":"https:\/\/sarmiento24h.com\/?s={search_term_string}"},"query-input":{"@type":"PropertyValueSpecification","valueRequired":true,"valueName":"search_term_string"}}],"inLanguage":"es"},{"@type":"Organization","@id":"https:\/\/sarmiento24h.com\/#organization","name":"Sarmiento24h","url":"https:\/\/sarmiento24h.com\/","logo":{"@type":"ImageObject","inLanguage":"es","@id":"https:\/\/sarmiento24h.com\/#\/schema\/logo\/image\/","url":"https:\/\/sarmiento24h.com\/wp-content\/uploads\/2025\/12\/AddText_12-16-10.30.52.jpg","contentUrl":"https:\/\/sarmiento24h.com\/wp-content\/uploads\/2025\/12\/AddText_12-16-10.30.52.jpg","width":1220,"height":324,"caption":"Sarmiento24h"},"image":{"@id":"https:\/\/sarmiento24h.com\/#\/schema\/logo\/image\/"},"sameAs":["https:\/\/facebook.com\/s24hnoticias","https:\/\/x.com\/sarmiento24h"]},{"@type":"Person","@id":"https:\/\/sarmiento24h.com\/#\/schema\/person\/d653a59725ad629a7e0429af7b939d4d","name":"sarmiento24h@gmail.com","image":{"@type":"ImageObject","inLanguage":"es","@id":"https:\/\/sarmiento24h.com\/wp-content\/litespeed\/avatar\/d02cbc4e23c747e6659cd45907173c8f.jpg?ver=1788047690","url":"https:\/\/sarmiento24h.com\/wp-content\/litespeed\/avatar\/d02cbc4e23c747e6659cd45907173c8f.jpg?ver=1788047690","contentUrl":"https:\/\/sarmiento24h.com\/wp-content\/litespeed\/avatar\/d02cbc4e23c747e6659cd45907173c8f.jpg?ver=1788047690","caption":"sarmiento24h@gmail.com"},"sameAs":["https:\/\/sarmiento24h.com"],"url":"https:\/\/sarmiento24h.com\/?author=1"}]}},"jetpack_publicize_connections":[],"jetpack_featured_media_url":"https:\/\/sarmiento24h.com\/wp-content\/uploads\/2026\/09\/llego-a-apple-a-ordenar-bodegas-y-se-va-como-el-ceo-que-la-convirtio-en-la-empresa-de-los-5-billones.jpg","jetpack_sharing_enabled":true,"_links":{"self":[{"href":"https:\/\/sarmiento24h.com\/index.php?rest_route=\/wp\/v2\/posts\/408949","targetHints":{"allow":["GET"]}}],"collection":[{"href":"https:\/\/sarmiento24h.com\/index.php?rest_route=\/wp\/v2\/posts"}],"about":[{"href":"https:\/\/sarmiento24h.com\/index.php?rest_route=\/wp\/v2\/types\/post"}],"author":[{"embeddable":true,"href":"https:\/\/sarmiento24h.com\/index.php?rest_route=\/wp\/v2\/users\/1"}],"replies":[{"embeddable":true,"href":"https:\/\/sarmiento24h.com\/index.php?rest_route=%2Fwp%2Fv2%2Fcomments&post=408949"}],"version-history":[{"count":0,"href":"https:\/\/sarmiento24h.com\/index.php?rest_route=\/wp\/v2\/posts\/408949\/revisions"}],"wp:featuredmedia":[{"embeddable":true,"href":"https:\/\/sarmiento24h.com\/index.php?rest_route=\/wp\/v2\/media\/408950"}],"wp:attachment":[{"href":"https:\/\/sarmiento24h.com\/index.php?rest_route=%2Fwp%2Fv2%2Fmedia&parent=408949"}],"wp:term":[{"taxonomy":"category","embeddable":true,"href":"https:\/\/sarmiento24h.com\/index.php?rest_route=%2Fwp%2Fv2%2Fcategories&post=408949"},{"taxonomy":"post_tag","embeddable":true,"href":"https:\/\/sarmiento24h.com\/index.php?rest_route=%2Fwp%2Fv2%2Ftags&post=408949"}],"curies":[{"name":"wp","href":"https:\/\/api.w.org\/{rel}","templated":true}]}}