{"id":409107,"date":"2026-09-02T01:27:59","date_gmt":"2026-09-02T01:27:59","guid":{"rendered":"https:\/\/visitantes.do\/?p=44097"},"modified":"2026-09-02T01:27:59","modified_gmt":"2026-09-02T01:27:59","slug":"video-luisin-jimenez-vaticina-david-collado-sera-presidente-en-2028-y-omar-fernandez-en-2032","status":"publish","type":"post","link":"https:\/\/sarmiento24h.com\/?p=409107","title":{"rendered":"Video: Luisin Jim\u00e9nez vaticina David Collado ser\u00e1 presidente en 2028 y Omar Fern\u00e1ndez en 2032"},"content":{"rendered":"<div><img decoding=\"async\" src=\"https:\/\/visitantes.do\/wp-content\/uploads\/2026\/09\/De-izquierda-a-derecha-Melvinson-Almanzar-Luisin-Jimenez-y-Joel-Suero.jpg\" class=\"ff-og-image-inserted\"><\/div>\n<p class=\"wp-block-paragraph\">Santo Domingo, Rep\u00fablica Dominicana.\u2013 El analista pol\u00edtico Luisin Jim\u00e9nez vaticin\u00f3 que el ministro de Turismo, David Collado, ser\u00e1 presidente de la Rep\u00fablica Dominicana en 2028 y que el actual senador del Distrito Nacional, Omar Fern\u00e1ndez, ocupar\u00e1 posteriormente la Presidencia en 2032, al analizar el panorama pol\u00edtico y electoral que se proyecta para los pr\u00f3ximos a\u00f1os.<\/p>\n<p class=\"wp-block-paragraph\">Jim\u00e9nez plante\u00f3 que el escenario pol\u00edtico dominicano apunta hacia una renovaci\u00f3n generacional del liderazgo nacional y consider\u00f3 que Collado re\u00fane condiciones para imponerse en las elecciones internas del PRM y posteriormente en las presidenciales de 2028, mientras que visualiz\u00f3 a Omar Fern\u00e1ndez como una figura con posibilidades de alcanzar el Poder Ejecutivo cuatro a\u00f1os despu\u00e9s.<\/p>\n<p class=\"wp-block-paragraph\">Su pron\u00f3stico fue planteado al participar en el programa Juego Pol\u00edtico en el que adem\u00e1s, advirti\u00f3 sobre las dificultades que tendr\u00eda la oposici\u00f3n para desplazar del poder al Partido Revolucionario Moderno (PRM).<\/p>\n<figure class=\"wp-block-embed is-type-video is-provider-youtube wp-block-embed-youtube wp-embed-aspect-16-9 wp-has-aspect-ratio\">\n<div class=\"wp-block-embed__wrapper\">\n<iframe loading=\"lazy\" title=\"Luisin Jim\u00e9nez vaticina David Collado ser\u00e1 presidente en 2028 y Omar Fern\u00e1ndez en 2032\" width=\"1110\" height=\"624\" src=\"https:\/\/www.youtube.com\/embed\/2aUhlnLVuXw?feature=oembed\" frameborder=\"0\" allow=\"accelerometer; autoplay; clipboard-write; encrypted-media; gyroscope; picture-in-picture; web-share\" referrerpolicy=\"strict-origin-when-cross-origin\" allowfullscreen>[embedded content]<\/iframe>\n<\/div>\n<\/figure>\n<p class=\"wp-block-paragraph\">El destacado analista sostuvo que la oposici\u00f3n dominicana podr\u00eda enfrentar un complejo escenario electoral en 2028 si el PRM logra mantenerse unido alrededor de su proceso interno y presenta una candidatura competitiva.<\/p>\n<p class=\"wp-block-paragraph\">Durante sus declaraciones, Luisin Jim\u00e9nez se\u00f1al\u00f3 que entre los principales funcionarios del oficialismo figuran David Collado, Carolina Mej\u00eda, Yayo Sanz Lovat\u00f3n, Wellington Hern\u00e1ndez y Guido G\u00f3mez Mazara, a quienes describi\u00f3 como dirigentes que, independientemente de sus aspiraciones, mantienen niveles de aceptaci\u00f3n que dificultar\u00edan una estrategia opositora sustentada \u00fanicamente en el desgaste del Gobierno.<\/p>\n<p class=\"wp-block-paragraph\">\u201cLos cinco son candidatos y ah\u00ed est\u00e1 el problema: la oposici\u00f3n se tiene que fajar con cinco personas que no est\u00e1n descalificadas en la sociedad\u201d, afirm\u00f3.<\/p>\n<p class=\"wp-block-paragraph\">Jim\u00e9nez plante\u00f3 que una eventual unidad del PRM despu\u00e9s de su proceso interno ser\u00eda determinante para las posibilidades del partido de conservar el poder. En ese escenario, consider\u00f3 que, si los aspirantes aceptan los resultados y trabajan juntos, la organizaci\u00f3n oficialista tendr\u00eda dirigentes con capacidad para recorrer distintas regiones del pa\u00eds y conectar con sectores diversos del electorado.<\/p>\n<p class=\"wp-block-paragraph\">\u201c\u00bfUstedes creen que es f\u00e1cil desplazar a un partido del poder cuando los cinco precandidatos que van a salir a buscar votos ninguno est\u00e1 fajado?\u201d, cuestion\u00f3 Luisin, al destacar que figuras como Carolina Mej\u00eda, Yayo Sanz Lovat\u00f3n y David Collado podr\u00edan desarrollar campa\u00f1as nacionales sin enfrentar necesariamente un fuerte rechazo social.<\/p>\n<p class=\"wp-block-paragraph\">En ese mismo orden, se\u00f1al\u00f3 que el Gobierno cuenta con recursos, posicionamiento y una gesti\u00f3n que puede exhibir obras y programas ante el electorado, factores que, a su juicio, podr\u00edan favorecer al oficialismo si la oposici\u00f3n no consigue construir una propuesta com\u00fan y competitiva.<\/p>\n<p class=\"wp-block-paragraph\">Radiograf\u00eda del PLD y Fuerza del Pueblo<\/p>\n<p class=\"wp-block-paragraph\">Luisin Jim\u00e9nez puntualiz\u00f3 que, el escenario electoral presenta importantes inc\u00f3gnitas dentro de la oposici\u00f3n dominicana, particularmente en la Fuerza del Pueblo (FP), donde, a su juicio, no debe darse por definida la candidatura presidencial de Leonel Fern\u00e1ndez.<\/p>\n<p class=\"wp-block-paragraph\">\u201cPara salir del PRM, que elijan su candidato sin contratiempo, partiendo de ah\u00ed\u201d, plante\u00f3 el analista, al considerar que la unidad del oficialismo despu\u00e9s de su proceso interno ser\u00eda un elemento determinante para las posibilidades de la oposici\u00f3n.<\/p>\n<p class=\"wp-block-paragraph\">En el caso de la Fuerza del Pueblo, se\u00f1al\u00f3 que existe la percepci\u00f3n generalizada de que Leonel Fern\u00e1ndez ser\u00e1 nuevamente el candidato presidencial de esa organizaci\u00f3n, pero manifest\u00f3 sus reservas sobre esa posibilidad.<\/p>\n<p class=\"wp-block-paragraph\">\u201cTodos mis amigos me dicen que Leonel Fern\u00e1ndez es el seguro candidato, y yo le digo: un momentito, un momentito\u201d, expres\u00f3.<\/p>\n<p class=\"wp-block-paragraph\">El analista argument\u00f3 que Fern\u00e1ndez tendr\u00eda que enfrentar una campa\u00f1a electoral desde la oposici\u00f3n y competir contra un Gobierno en ejercicio, lo que, a su juicio, representa una diferencia importante en t\u00e9rminos de estructura y capacidad de movilizaci\u00f3n.<\/p>\n<p class=\"wp-block-paragraph\">\u201cNo estoy seguro de que el candidato sea Leonel Fern\u00e1ndez. No estoy seguro\u201d, afirm\u00f3, aunque manifest\u00f3 su deseo de que la organizaci\u00f3n eval\u00fae todas sus posibilidades cuando avance el proceso electoral.<\/p>\n<p class=\"wp-block-paragraph\">Sin embargo, en relaci\u00f3n al Partido de la Liberaci\u00f3n Dominicana (PLD) adelant\u00f3 que el candidato ser\u00e1 Gonzalo Castillo, mismo que represent\u00f3 a la organizaci\u00f3n morada en el a\u00f1o 2020.<\/p>\n<p class=\"wp-block-paragraph\">Abinader y su postura temprana de no relecci\u00f3n<\/p>\n<p class=\"wp-block-paragraph\">Al ser consultado por los periodistas Melvinson Alm\u00e1nzar y Joel Suero sobre su visi\u00f3n de la gesti\u00f3n de Abinader, Luisin Jim\u00e9nez record\u00f3 que el presidente Luis Abinader Corona decidi\u00f3 anunciar con antelaci\u00f3n que no buscar\u00eda una nueva candidatura presidencial, una decisi\u00f3n que, seg\u00fan explic\u00f3, contribuy\u00f3 a adelantar la din\u00e1mica de las aspiraciones dentro del PRM.<\/p>\n<p class=\"wp-block-paragraph\">\u201cLos presidentes lo que hacen es mortificar por el mundo creyendo que van a modificar; usted lo modific\u00f3 al rev\u00e9s y eso va a tener sus consecuencias\u201d, sostuvo Jim\u00e9nez, al referirse a la decisi\u00f3n de Abinader de apartarse de una eventual repostulaci\u00f3n.<\/p>\n<p class=\"wp-block-paragraph\">El analista consider\u00f3 que esa situaci\u00f3n propici\u00f3 la creaci\u00f3n anticipada de estructuras pol\u00edticas alrededor de los distintos aspirantes. \u201cVan a comenzar a crearse islas para el futuro, antes de tiempo, y eso es lo que ha pasado\u201d, expres\u00f3.<\/p>\n<p class=\"wp-block-paragraph\">Visi\u00f3n del contexto actual<\/p>\n<p class=\"wp-block-paragraph\">El planteamiento de Luisin Jim\u00e9nez coloca el debate electoral de 2028 en la capacidad de las distintas fuerzas pol\u00edticas para construir candidaturas competitivas y estructuras capaces de movilizar al electorado. En su lectura del panorama, la fortaleza de las figuras que se perfilan dentro del PRM, combinada con una eventual unidad despu\u00e9s de las primarias o del proceso interno, podr\u00eda representar un desaf\u00edo considerable para la oposici\u00f3n.<\/p>\n<p class=\"wp-block-paragraph\">Su pron\u00f3stico sobre David Collado y Omar Fern\u00e1ndez, sin embargo, corresponde a una valoraci\u00f3n prospectiva del escenario pol\u00edtico y no a resultados electorales definidos, en un contexto en el que todav\u00eda faltan varios a\u00f1os para ambos procesos presidenciales.<\/p>\n<p class=\"wp-block-paragraph\">Se recuerda que Juego Pol\u00edtico se transmite por las plataformas de Youtube y los canales para Santo Domingo canal 58 cable RTVISA; Santiago canal 145 cable XTHOM; Info24R y para Estados Unidos por canal Am\u00e9rica.<\/p>\n","protected":false},"excerpt":{"rendered":"<p>Santo Domingo, Rep\u00fablica Dominicana.\u2013 El analista pol\u00edtico&#46;&#46;&#46;<\/p>\n","protected":false},"author":1,"featured_media":409108,"comment_status":"closed","ping_status":"closed","sticky":false,"template":"","format":"standard","meta":{"_jetpack_newsletter_access":"","_jetpack_dont_email_post_to_subs":false,"_jetpack_newsletter_tier_id":0,"_jetpack_memberships_contains_paywalled_content":false,"_jetpack_feature_clip_id":0,"_jetpack_memberships_contains_paid_content":false,"footnotes":"","jetpack_publicize_message":"","jetpack_publicize_feature_enabled":true,"jetpack_social_post_already_shared":true,"jetpack_social_options":{"image_generator_settings":{"template":"highway","default_image_id":0,"font":"","enabled":false},"version":2},"jetpack_post_was_ever_published":false},"categories":[63,62],"tags":[],"class_list":["post-409107","post","type-post","status-publish","format-standard","has-post-thumbnail","hentry","category-opinion","category-turismo"],"yoast_head":"<!-- This site is optimized with the Yoast SEO plugin v28.1 - https:\/\/yoast.com\/product\/yoast-seo-wordpress\/ -->\n<title>Video: Luisin Jim\u00e9nez vaticina David Collado ser\u00e1 presidente en 2028 y Omar Fern\u00e1ndez en 2032 - Sarmiento24h<\/title>\n<meta name=\"robots\" content=\"index, follow, max-snippet:-1, max-image-preview:large, max-video-preview:-1\" \/>\n<link rel=\"canonical\" href=\"https:\/\/sarmiento24h.com\/?p=409107\" \/>\n<meta property=\"og:locale\" content=\"es_ES\" \/>\n<meta property=\"og:type\" content=\"article\" \/>\n<meta property=\"og:title\" content=\"Video: Luisin Jim\u00e9nez vaticina David Collado ser\u00e1 presidente en 2028 y Omar Fern\u00e1ndez en 2032 - Sarmiento24h\" \/>\n<meta property=\"og:description\" content=\"Santo Domingo, Rep\u00fablica Dominicana.\u2013 El analista pol\u00edtico&#046;&#046;&#046;\" \/>\n<meta property=\"og:url\" content=\"https:\/\/sarmiento24h.com\/?p=409107\" \/>\n<meta property=\"og:site_name\" content=\"Sarmiento24h\" \/>\n<meta property=\"article:publisher\" content=\"https:\/\/facebook.com\/s24hnoticias\" \/>\n<meta property=\"article:published_time\" content=\"2026-09-02T01:27:59+00:00\" \/>\n<meta property=\"og:image\" content=\"https:\/\/visitantes.do\/wp-content\/uploads\/2026\/09\/De-izquierda-a-derecha-Melvinson-Almanzar-Luisin-Jimenez-y-Joel-Suero.jpg\" \/>\n<meta name=\"author\" content=\"sarmiento24h@gmail.com\" \/>\n<meta name=\"twitter:card\" content=\"summary_large_image\" \/>\n<meta name=\"twitter:creator\" content=\"@sarmiento24h\" \/>\n<meta name=\"twitter:site\" content=\"@sarmiento24h\" \/>\n<meta name=\"twitter:label1\" content=\"Escrito por\" \/>\n\t<meta name=\"twitter:data1\" content=\"sarmiento24h@gmail.com\" \/>\n\t<meta name=\"twitter:label2\" content=\"Tiempo de lectura\" \/>\n\t<meta name=\"twitter:data2\" content=\"5 minutos\" \/>\n<script type=\"application\/ld+json\" class=\"yoast-schema-graph\">{\"@context\":\"https:\\\/\\\/schema.org\",\"@graph\":[{\"@type\":\"Article\",\"@id\":\"https:\\\/\\\/sarmiento24h.com\\\/?p=409107#article\",\"isPartOf\":{\"@id\":\"https:\\\/\\\/sarmiento24h.com\\\/?p=409107\"},\"author\":{\"name\":\"sarmiento24h@gmail.com\",\"@id\":\"https:\\\/\\\/sarmiento24h.com\\\/#\\\/schema\\\/person\\\/d653a59725ad629a7e0429af7b939d4d\"},\"headline\":\"Video: Luisin Jim\u00e9nez vaticina David Collado ser\u00e1 presidente en 2028 y Omar Fern\u00e1ndez en 2032\",\"datePublished\":\"2026-09-02T01:27:59+00:00\",\"mainEntityOfPage\":{\"@id\":\"https:\\\/\\\/sarmiento24h.com\\\/?p=409107\"},\"wordCount\":1043,\"publisher\":{\"@id\":\"https:\\\/\\\/sarmiento24h.com\\\/#organization\"},\"image\":{\"@id\":\"https:\\\/\\\/sarmiento24h.com\\\/?p=409107#primaryimage\"},\"thumbnailUrl\":\"https:\\\/\\\/sarmiento24h.com\\\/wp-content\\\/uploads\\\/2026\\\/09\\\/video-luisin-jimenez-vaticina-david-collado-sera-presidente-en-2028-y-omar-fernandez-en-2032.jpg\",\"articleSection\":[\"Opinion\",\"Turismo\"],\"inLanguage\":\"es\"},{\"@type\":\"WebPage\",\"@id\":\"https:\\\/\\\/sarmiento24h.com\\\/?p=409107\",\"url\":\"https:\\\/\\\/sarmiento24h.com\\\/?p=409107\",\"name\":\"Video: Luisin Jim\u00e9nez vaticina David Collado ser\u00e1 presidente en 2028 y Omar Fern\u00e1ndez en 2032 - Sarmiento24h\",\"isPartOf\":{\"@id\":\"https:\\\/\\\/sarmiento24h.com\\\/#website\"},\"primaryImageOfPage\":{\"@id\":\"https:\\\/\\\/sarmiento24h.com\\\/?p=409107#primaryimage\"},\"image\":{\"@id\":\"https:\\\/\\\/sarmiento24h.com\\\/?p=409107#primaryimage\"},\"thumbnailUrl\":\"https:\\\/\\\/sarmiento24h.com\\\/wp-content\\\/uploads\\\/2026\\\/09\\\/video-luisin-jimenez-vaticina-david-collado-sera-presidente-en-2028-y-omar-fernandez-en-2032.jpg\",\"datePublished\":\"2026-09-02T01:27:59+00:00\",\"breadcrumb\":{\"@id\":\"https:\\\/\\\/sarmiento24h.com\\\/?p=409107#breadcrumb\"},\"inLanguage\":\"es\",\"potentialAction\":[{\"@type\":\"ReadAction\",\"target\":[\"https:\\\/\\\/sarmiento24h.com\\\/?p=409107\"]}]},{\"@type\":\"ImageObject\",\"inLanguage\":\"es\",\"@id\":\"https:\\\/\\\/sarmiento24h.com\\\/?p=409107#primaryimage\",\"url\":\"https:\\\/\\\/sarmiento24h.com\\\/wp-content\\\/uploads\\\/2026\\\/09\\\/video-luisin-jimenez-vaticina-david-collado-sera-presidente-en-2028-y-omar-fernandez-en-2032.jpg\",\"contentUrl\":\"https:\\\/\\\/sarmiento24h.com\\\/wp-content\\\/uploads\\\/2026\\\/09\\\/video-luisin-jimenez-vaticina-david-collado-sera-presidente-en-2028-y-omar-fernandez-en-2032.jpg\",\"width\":960,\"height\":1099},{\"@type\":\"BreadcrumbList\",\"@id\":\"https:\\\/\\\/sarmiento24h.com\\\/?p=409107#breadcrumb\",\"itemListElement\":[{\"@type\":\"ListItem\",\"position\":1,\"name\":\"Home\",\"item\":\"https:\\\/\\\/sarmiento24h.com\\\/\"},{\"@type\":\"ListItem\",\"position\":2,\"name\":\"Video: Luisin Jim\u00e9nez vaticina David Collado ser\u00e1 presidente en 2028 y Omar Fern\u00e1ndez en 2032\"}]},{\"@type\":\"WebSite\",\"@id\":\"https:\\\/\\\/sarmiento24h.com\\\/#website\",\"url\":\"https:\\\/\\\/sarmiento24h.com\\\/\",\"name\":\"Sarmiento24h\",\"description\":\"\",\"publisher\":{\"@id\":\"https:\\\/\\\/sarmiento24h.com\\\/#organization\"},\"potentialAction\":[{\"@type\":\"SearchAction\",\"target\":{\"@type\":\"EntryPoint\",\"urlTemplate\":\"https:\\\/\\\/sarmiento24h.com\\\/?s={search_term_string}\"},\"query-input\":{\"@type\":\"PropertyValueSpecification\",\"valueRequired\":true,\"valueName\":\"search_term_string\"}}],\"inLanguage\":\"es\"},{\"@type\":\"Organization\",\"@id\":\"https:\\\/\\\/sarmiento24h.com\\\/#organization\",\"name\":\"Sarmiento24h\",\"url\":\"https:\\\/\\\/sarmiento24h.com\\\/\",\"logo\":{\"@type\":\"ImageObject\",\"inLanguage\":\"es\",\"@id\":\"https:\\\/\\\/sarmiento24h.com\\\/#\\\/schema\\\/logo\\\/image\\\/\",\"url\":\"https:\\\/\\\/sarmiento24h.com\\\/wp-content\\\/uploads\\\/2025\\\/12\\\/AddText_12-16-10.30.52.jpg\",\"contentUrl\":\"https:\\\/\\\/sarmiento24h.com\\\/wp-content\\\/uploads\\\/2025\\\/12\\\/AddText_12-16-10.30.52.jpg\",\"width\":1220,\"height\":324,\"caption\":\"Sarmiento24h\"},\"image\":{\"@id\":\"https:\\\/\\\/sarmiento24h.com\\\/#\\\/schema\\\/logo\\\/image\\\/\"},\"sameAs\":[\"https:\\\/\\\/facebook.com\\\/s24hnoticias\",\"https:\\\/\\\/x.com\\\/sarmiento24h\"]},{\"@type\":\"Person\",\"@id\":\"https:\\\/\\\/sarmiento24h.com\\\/#\\\/schema\\\/person\\\/d653a59725ad629a7e0429af7b939d4d\",\"name\":\"sarmiento24h@gmail.com\",\"image\":{\"@type\":\"ImageObject\",\"inLanguage\":\"es\",\"@id\":\"https:\\\/\\\/sarmiento24h.com\\\/wp-content\\\/litespeed\\\/avatar\\\/d02cbc4e23c747e6659cd45907173c8f.jpg?ver=1788047690\",\"url\":\"https:\\\/\\\/sarmiento24h.com\\\/wp-content\\\/litespeed\\\/avatar\\\/d02cbc4e23c747e6659cd45907173c8f.jpg?ver=1788047690\",\"contentUrl\":\"https:\\\/\\\/sarmiento24h.com\\\/wp-content\\\/litespeed\\\/avatar\\\/d02cbc4e23c747e6659cd45907173c8f.jpg?ver=1788047690\",\"caption\":\"sarmiento24h@gmail.com\"},\"sameAs\":[\"https:\\\/\\\/sarmiento24h.com\"],\"url\":\"https:\\\/\\\/sarmiento24h.com\\\/?author=1\"}]}<\/script>\n<!-- \/ Yoast SEO plugin. -->","yoast_head_json":{"title":"Video: Luisin Jim\u00e9nez vaticina David Collado ser\u00e1 presidente en 2028 y Omar Fern\u00e1ndez en 2032 - Sarmiento24h","robots":{"index":"index","follow":"follow","max-snippet":"max-snippet:-1","max-image-preview":"max-image-preview:large","max-video-preview":"max-video-preview:-1"},"canonical":"https:\/\/sarmiento24h.com\/?p=409107","og_locale":"es_ES","og_type":"article","og_title":"Video: Luisin Jim\u00e9nez vaticina David Collado ser\u00e1 presidente en 2028 y Omar Fern\u00e1ndez en 2032 - Sarmiento24h","og_description":"Santo Domingo, Rep\u00fablica Dominicana.\u2013 El analista pol\u00edtico&#46;&#46;&#46;","og_url":"https:\/\/sarmiento24h.com\/?p=409107","og_site_name":"Sarmiento24h","article_publisher":"https:\/\/facebook.com\/s24hnoticias","article_published_time":"2026-09-02T01:27:59+00:00","og_image":[{"url":"https:\/\/visitantes.do\/wp-content\/uploads\/2026\/09\/De-izquierda-a-derecha-Melvinson-Almanzar-Luisin-Jimenez-y-Joel-Suero.jpg","type":"","width":"","height":""}],"author":"sarmiento24h@gmail.com","twitter_card":"summary_large_image","twitter_creator":"@sarmiento24h","twitter_site":"@sarmiento24h","twitter_misc":{"Escrito por":"sarmiento24h@gmail.com","Tiempo de lectura":"5 minutos"},"schema":{"@context":"https:\/\/schema.org","@graph":[{"@type":"Article","@id":"https:\/\/sarmiento24h.com\/?p=409107#article","isPartOf":{"@id":"https:\/\/sarmiento24h.com\/?p=409107"},"author":{"name":"sarmiento24h@gmail.com","@id":"https:\/\/sarmiento24h.com\/#\/schema\/person\/d653a59725ad629a7e0429af7b939d4d"},"headline":"Video: Luisin Jim\u00e9nez vaticina David Collado ser\u00e1 presidente en 2028 y Omar Fern\u00e1ndez en 2032","datePublished":"2026-09-02T01:27:59+00:00","mainEntityOfPage":{"@id":"https:\/\/sarmiento24h.com\/?p=409107"},"wordCount":1043,"publisher":{"@id":"https:\/\/sarmiento24h.com\/#organization"},"image":{"@id":"https:\/\/sarmiento24h.com\/?p=409107#primaryimage"},"thumbnailUrl":"https:\/\/sarmiento24h.com\/wp-content\/uploads\/2026\/09\/video-luisin-jimenez-vaticina-david-collado-sera-presidente-en-2028-y-omar-fernandez-en-2032.jpg","articleSection":["Opinion","Turismo"],"inLanguage":"es"},{"@type":"WebPage","@id":"https:\/\/sarmiento24h.com\/?p=409107","url":"https:\/\/sarmiento24h.com\/?p=409107","name":"Video: Luisin Jim\u00e9nez vaticina David Collado ser\u00e1 presidente en 2028 y Omar Fern\u00e1ndez en 2032 - Sarmiento24h","isPartOf":{"@id":"https:\/\/sarmiento24h.com\/#website"},"primaryImageOfPage":{"@id":"https:\/\/sarmiento24h.com\/?p=409107#primaryimage"},"image":{"@id":"https:\/\/sarmiento24h.com\/?p=409107#primaryimage"},"thumbnailUrl":"https:\/\/sarmiento24h.com\/wp-content\/uploads\/2026\/09\/video-luisin-jimenez-vaticina-david-collado-sera-presidente-en-2028-y-omar-fernandez-en-2032.jpg","datePublished":"2026-09-02T01:27:59+00:00","breadcrumb":{"@id":"https:\/\/sarmiento24h.com\/?p=409107#breadcrumb"},"inLanguage":"es","potentialAction":[{"@type":"ReadAction","target":["https:\/\/sarmiento24h.com\/?p=409107"]}]},{"@type":"ImageObject","inLanguage":"es","@id":"https:\/\/sarmiento24h.com\/?p=409107#primaryimage","url":"https:\/\/sarmiento24h.com\/wp-content\/uploads\/2026\/09\/video-luisin-jimenez-vaticina-david-collado-sera-presidente-en-2028-y-omar-fernandez-en-2032.jpg","contentUrl":"https:\/\/sarmiento24h.com\/wp-content\/uploads\/2026\/09\/video-luisin-jimenez-vaticina-david-collado-sera-presidente-en-2028-y-omar-fernandez-en-2032.jpg","width":960,"height":1099},{"@type":"BreadcrumbList","@id":"https:\/\/sarmiento24h.com\/?p=409107#breadcrumb","itemListElement":[{"@type":"ListItem","position":1,"name":"Home","item":"https:\/\/sarmiento24h.com\/"},{"@type":"ListItem","position":2,"name":"Video: Luisin Jim\u00e9nez vaticina David Collado ser\u00e1 presidente en 2028 y Omar Fern\u00e1ndez en 2032"}]},{"@type":"WebSite","@id":"https:\/\/sarmiento24h.com\/#website","url":"https:\/\/sarmiento24h.com\/","name":"Sarmiento24h","description":"","publisher":{"@id":"https:\/\/sarmiento24h.com\/#organization"},"potentialAction":[{"@type":"SearchAction","target":{"@type":"EntryPoint","urlTemplate":"https:\/\/sarmiento24h.com\/?s={search_term_string}"},"query-input":{"@type":"PropertyValueSpecification","valueRequired":true,"valueName":"search_term_string"}}],"inLanguage":"es"},{"@type":"Organization","@id":"https:\/\/sarmiento24h.com\/#organization","name":"Sarmiento24h","url":"https:\/\/sarmiento24h.com\/","logo":{"@type":"ImageObject","inLanguage":"es","@id":"https:\/\/sarmiento24h.com\/#\/schema\/logo\/image\/","url":"https:\/\/sarmiento24h.com\/wp-content\/uploads\/2025\/12\/AddText_12-16-10.30.52.jpg","contentUrl":"https:\/\/sarmiento24h.com\/wp-content\/uploads\/2025\/12\/AddText_12-16-10.30.52.jpg","width":1220,"height":324,"caption":"Sarmiento24h"},"image":{"@id":"https:\/\/sarmiento24h.com\/#\/schema\/logo\/image\/"},"sameAs":["https:\/\/facebook.com\/s24hnoticias","https:\/\/x.com\/sarmiento24h"]},{"@type":"Person","@id":"https:\/\/sarmiento24h.com\/#\/schema\/person\/d653a59725ad629a7e0429af7b939d4d","name":"sarmiento24h@gmail.com","image":{"@type":"ImageObject","inLanguage":"es","@id":"https:\/\/sarmiento24h.com\/wp-content\/litespeed\/avatar\/d02cbc4e23c747e6659cd45907173c8f.jpg?ver=1788047690","url":"https:\/\/sarmiento24h.com\/wp-content\/litespeed\/avatar\/d02cbc4e23c747e6659cd45907173c8f.jpg?ver=1788047690","contentUrl":"https:\/\/sarmiento24h.com\/wp-content\/litespeed\/avatar\/d02cbc4e23c747e6659cd45907173c8f.jpg?ver=1788047690","caption":"sarmiento24h@gmail.com"},"sameAs":["https:\/\/sarmiento24h.com"],"url":"https:\/\/sarmiento24h.com\/?author=1"}]}},"jetpack_publicize_connections":[],"jetpack_featured_media_url":"https:\/\/sarmiento24h.com\/wp-content\/uploads\/2026\/09\/video-luisin-jimenez-vaticina-david-collado-sera-presidente-en-2028-y-omar-fernandez-en-2032.jpg","jetpack_sharing_enabled":true,"_links":{"self":[{"href":"https:\/\/sarmiento24h.com\/index.php?rest_route=\/wp\/v2\/posts\/409107","targetHints":{"allow":["GET"]}}],"collection":[{"href":"https:\/\/sarmiento24h.com\/index.php?rest_route=\/wp\/v2\/posts"}],"about":[{"href":"https:\/\/sarmiento24h.com\/index.php?rest_route=\/wp\/v2\/types\/post"}],"author":[{"embeddable":true,"href":"https:\/\/sarmiento24h.com\/index.php?rest_route=\/wp\/v2\/users\/1"}],"replies":[{"embeddable":true,"href":"https:\/\/sarmiento24h.com\/index.php?rest_route=%2Fwp%2Fv2%2Fcomments&post=409107"}],"version-history":[{"count":0,"href":"https:\/\/sarmiento24h.com\/index.php?rest_route=\/wp\/v2\/posts\/409107\/revisions"}],"wp:featuredmedia":[{"embeddable":true,"href":"https:\/\/sarmiento24h.com\/index.php?rest_route=\/wp\/v2\/media\/409108"}],"wp:attachment":[{"href":"https:\/\/sarmiento24h.com\/index.php?rest_route=%2Fwp%2Fv2%2Fmedia&parent=409107"}],"wp:term":[{"taxonomy":"category","embeddable":true,"href":"https:\/\/sarmiento24h.com\/index.php?rest_route=%2Fwp%2Fv2%2Fcategories&post=409107"},{"taxonomy":"post_tag","embeddable":true,"href":"https:\/\/sarmiento24h.com\/index.php?rest_route=%2Fwp%2Fv2%2Ftags&post=409107"}],"curies":[{"name":"wp","href":"https:\/\/api.w.org\/{rel}","templated":true}]}}