{"id":409143,"date":"2026-09-02T02:37:51","date_gmt":"2026-09-02T02:37:51","guid":{"rendered":"https:\/\/pinceldigital.do\/?p=75993"},"modified":"2026-09-02T02:37:51","modified_gmt":"2026-09-02T02:37:51","slug":"director-del-coe-y-el-departamento-aeroportuario-coordinan-uso-de-aeropuertos-aerodromos-y-helipuertos-para-emergencias-y-desastres","status":"publish","type":"post","link":"https:\/\/sarmiento24h.com\/?p=409143","title":{"rendered":"Director del COE y el Departamento Aeroportuario coordinan uso de aeropuertos, aer\u00f3dromos y helipuertos para emergencias y desastres"},"content":{"rendered":"<div><img decoding=\"async\" src=\"https:\/\/pinceldigital.do\/wp-content\/uploads\/2026\/09\/1001940365.jpeg\" class=\"ff-og-image-inserted\"><\/div>\n<div class=\"tdb-block-inner td-fix-index\">\n<p class=\"wp-block-paragraph\">SANTO DOMINGO. El director del Centro de Operaciones de Emergencias (COE), Erdwin Olivares, sostuvo un encuentro de trabajo con el director ejecutivo del Departamento Aeroportuario, M\u00e9rido Torres Espinal, con el objetivo de fortalecer los protocolos de respuesta y la coordinaci\u00f3n interinstitucional ante situaciones de contingencia y casos de desastres en el pa\u00eds.<\/p>\n<p class=\"wp-block-paragraph\">Durante la reuni\u00f3n realizada en la sede del Departamento Aeroportuario, ambos funcionarios analizaron de manera estrat\u00e9gica el apoyo operacional que brindar\u00e1n los helipuertos incluyendo los integrados a la red hospitalaria nacional, as\u00ed como la infraestructura de los aer\u00f3dromos y aeropuertos a nivel nacional.<\/p>\n<p class=\"wp-block-paragraph\">El plan contempla la habilitaci\u00f3n y uso prioritario de esta red aeroportuaria y de helipuertos para el despliegue de asistencia r\u00e1pida, log\u00edstica de rescate, traslado de afectados y atenci\u00f3n efectiva en casos de desastres, garantizando una respuesta oportuna y coordinada.<\/p>\n<p class=\"wp-block-paragraph\">Olivares destac\u00f3 la importancia de contar con una red aeroportuaria optimizada y disponible para log\u00edstica de rescate y traslado de afectados, mientras que Torres Espinal ratific\u00f3 el compromiso institucional de facilitar todas las facilidades operativas necesarias para garantizar una respuesta oportuna en favor de la ciudadan\u00eda.<\/p>\n<\/div>\n","protected":false},"excerpt":{"rendered":"<p>SANTO DOMINGO. El director del Centro de&#46;&#46;&#46;<\/p>\n","protected":false},"author":1,"featured_media":409144,"comment_status":"closed","ping_status":"closed","sticky":false,"template":"","format":"standard","meta":{"_jetpack_newsletter_access":"","_jetpack_dont_email_post_to_subs":false,"_jetpack_newsletter_tier_id":0,"_jetpack_memberships_contains_paywalled_content":false,"_jetpack_feature_clip_id":0,"_jetpack_memberships_contains_paid_content":false,"footnotes":"","jetpack_publicize_message":"","jetpack_publicize_feature_enabled":true,"jetpack_social_post_already_shared":true,"jetpack_social_options":{"image_generator_settings":{"template":"highway","default_image_id":0,"font":"","enabled":false},"version":2},"jetpack_post_was_ever_published":false},"categories":[42],"tags":[],"class_list":["post-409143","post","type-post","status-publish","format-standard","has-post-thumbnail","hentry","category-nacionales"],"yoast_head":"<!-- This site is optimized with the Yoast SEO plugin v28.1 - https:\/\/yoast.com\/product\/yoast-seo-wordpress\/ -->\n<title>Director del COE y el Departamento Aeroportuario coordinan uso de aeropuertos, aer\u00f3dromos y helipuertos para emergencias y desastres - Sarmiento24h<\/title>\n<meta name=\"robots\" content=\"index, follow, max-snippet:-1, max-image-preview:large, max-video-preview:-1\" \/>\n<link rel=\"canonical\" href=\"https:\/\/sarmiento24h.com\/?p=409143\" \/>\n<meta property=\"og:locale\" content=\"es_ES\" \/>\n<meta property=\"og:type\" content=\"article\" \/>\n<meta property=\"og:title\" content=\"Director del COE y el Departamento Aeroportuario coordinan uso de aeropuertos, aer\u00f3dromos y helipuertos para emergencias y desastres - Sarmiento24h\" \/>\n<meta property=\"og:description\" content=\"SANTO DOMINGO. El director del Centro de&#046;&#046;&#046;\" \/>\n<meta property=\"og:url\" content=\"https:\/\/sarmiento24h.com\/?p=409143\" \/>\n<meta property=\"og:site_name\" content=\"Sarmiento24h\" \/>\n<meta property=\"article:publisher\" content=\"https:\/\/facebook.com\/s24hnoticias\" \/>\n<meta property=\"article:published_time\" content=\"2026-09-02T02:37:51+00:00\" \/>\n<meta property=\"og:image\" content=\"https:\/\/pinceldigital.do\/wp-content\/uploads\/2026\/09\/1001940365.jpeg\" \/>\n<meta name=\"author\" content=\"sarmiento24h@gmail.com\" \/>\n<meta name=\"twitter:card\" content=\"summary_large_image\" \/>\n<meta name=\"twitter:creator\" content=\"@sarmiento24h\" \/>\n<meta name=\"twitter:site\" content=\"@sarmiento24h\" \/>\n<meta name=\"twitter:label1\" content=\"Escrito por\" \/>\n\t<meta name=\"twitter:data1\" content=\"sarmiento24h@gmail.com\" \/>\n\t<meta name=\"twitter:label2\" content=\"Tiempo de lectura\" \/>\n\t<meta name=\"twitter:data2\" content=\"1 minuto\" \/>\n<script type=\"application\/ld+json\" class=\"yoast-schema-graph\">{\"@context\":\"https:\\\/\\\/schema.org\",\"@graph\":[{\"@type\":\"Article\",\"@id\":\"https:\\\/\\\/sarmiento24h.com\\\/?p=409143#article\",\"isPartOf\":{\"@id\":\"https:\\\/\\\/sarmiento24h.com\\\/?p=409143\"},\"author\":{\"name\":\"sarmiento24h@gmail.com\",\"@id\":\"https:\\\/\\\/sarmiento24h.com\\\/#\\\/schema\\\/person\\\/d653a59725ad629a7e0429af7b939d4d\"},\"headline\":\"Director del COE y el Departamento Aeroportuario coordinan uso de aeropuertos, aer\u00f3dromos y helipuertos para emergencias y desastres\",\"datePublished\":\"2026-09-02T02:37:51+00:00\",\"mainEntityOfPage\":{\"@id\":\"https:\\\/\\\/sarmiento24h.com\\\/?p=409143\"},\"wordCount\":213,\"publisher\":{\"@id\":\"https:\\\/\\\/sarmiento24h.com\\\/#organization\"},\"image\":{\"@id\":\"https:\\\/\\\/sarmiento24h.com\\\/?p=409143#primaryimage\"},\"thumbnailUrl\":\"https:\\\/\\\/sarmiento24h.com\\\/wp-content\\\/uploads\\\/2026\\\/09\\\/director-del-coe-y-el-departamento-aeroportuario-coordinan-uso-de-aeropuertos-aerodromos-y-helipuertos-para-emergencias-y-desastres.jpg\",\"articleSection\":[\"Nacionales\"],\"inLanguage\":\"es\"},{\"@type\":\"WebPage\",\"@id\":\"https:\\\/\\\/sarmiento24h.com\\\/?p=409143\",\"url\":\"https:\\\/\\\/sarmiento24h.com\\\/?p=409143\",\"name\":\"Director del COE y el Departamento Aeroportuario coordinan uso de aeropuertos, aer\u00f3dromos y helipuertos para emergencias y desastres - Sarmiento24h\",\"isPartOf\":{\"@id\":\"https:\\\/\\\/sarmiento24h.com\\\/#website\"},\"primaryImageOfPage\":{\"@id\":\"https:\\\/\\\/sarmiento24h.com\\\/?p=409143#primaryimage\"},\"image\":{\"@id\":\"https:\\\/\\\/sarmiento24h.com\\\/?p=409143#primaryimage\"},\"thumbnailUrl\":\"https:\\\/\\\/sarmiento24h.com\\\/wp-content\\\/uploads\\\/2026\\\/09\\\/director-del-coe-y-el-departamento-aeroportuario-coordinan-uso-de-aeropuertos-aerodromos-y-helipuertos-para-emergencias-y-desastres.jpg\",\"datePublished\":\"2026-09-02T02:37:51+00:00\",\"breadcrumb\":{\"@id\":\"https:\\\/\\\/sarmiento24h.com\\\/?p=409143#breadcrumb\"},\"inLanguage\":\"es\",\"potentialAction\":[{\"@type\":\"ReadAction\",\"target\":[\"https:\\\/\\\/sarmiento24h.com\\\/?p=409143\"]}]},{\"@type\":\"ImageObject\",\"inLanguage\":\"es\",\"@id\":\"https:\\\/\\\/sarmiento24h.com\\\/?p=409143#primaryimage\",\"url\":\"https:\\\/\\\/sarmiento24h.com\\\/wp-content\\\/uploads\\\/2026\\\/09\\\/director-del-coe-y-el-departamento-aeroportuario-coordinan-uso-de-aeropuertos-aerodromos-y-helipuertos-para-emergencias-y-desastres.jpg\",\"contentUrl\":\"https:\\\/\\\/sarmiento24h.com\\\/wp-content\\\/uploads\\\/2026\\\/09\\\/director-del-coe-y-el-departamento-aeroportuario-coordinan-uso-de-aeropuertos-aerodromos-y-helipuertos-para-emergencias-y-desastres.jpg\",\"width\":696,\"height\":559},{\"@type\":\"BreadcrumbList\",\"@id\":\"https:\\\/\\\/sarmiento24h.com\\\/?p=409143#breadcrumb\",\"itemListElement\":[{\"@type\":\"ListItem\",\"position\":1,\"name\":\"Home\",\"item\":\"https:\\\/\\\/sarmiento24h.com\\\/\"},{\"@type\":\"ListItem\",\"position\":2,\"name\":\"Director del COE y el Departamento Aeroportuario coordinan uso de aeropuertos, aer\u00f3dromos y helipuertos para emergencias y desastres\"}]},{\"@type\":\"WebSite\",\"@id\":\"https:\\\/\\\/sarmiento24h.com\\\/#website\",\"url\":\"https:\\\/\\\/sarmiento24h.com\\\/\",\"name\":\"Sarmiento24h\",\"description\":\"\",\"publisher\":{\"@id\":\"https:\\\/\\\/sarmiento24h.com\\\/#organization\"},\"potentialAction\":[{\"@type\":\"SearchAction\",\"target\":{\"@type\":\"EntryPoint\",\"urlTemplate\":\"https:\\\/\\\/sarmiento24h.com\\\/?s={search_term_string}\"},\"query-input\":{\"@type\":\"PropertyValueSpecification\",\"valueRequired\":true,\"valueName\":\"search_term_string\"}}],\"inLanguage\":\"es\"},{\"@type\":\"Organization\",\"@id\":\"https:\\\/\\\/sarmiento24h.com\\\/#organization\",\"name\":\"Sarmiento24h\",\"url\":\"https:\\\/\\\/sarmiento24h.com\\\/\",\"logo\":{\"@type\":\"ImageObject\",\"inLanguage\":\"es\",\"@id\":\"https:\\\/\\\/sarmiento24h.com\\\/#\\\/schema\\\/logo\\\/image\\\/\",\"url\":\"https:\\\/\\\/sarmiento24h.com\\\/wp-content\\\/uploads\\\/2025\\\/12\\\/AddText_12-16-10.30.52.jpg\",\"contentUrl\":\"https:\\\/\\\/sarmiento24h.com\\\/wp-content\\\/uploads\\\/2025\\\/12\\\/AddText_12-16-10.30.52.jpg\",\"width\":1220,\"height\":324,\"caption\":\"Sarmiento24h\"},\"image\":{\"@id\":\"https:\\\/\\\/sarmiento24h.com\\\/#\\\/schema\\\/logo\\\/image\\\/\"},\"sameAs\":[\"https:\\\/\\\/facebook.com\\\/s24hnoticias\",\"https:\\\/\\\/x.com\\\/sarmiento24h\"]},{\"@type\":\"Person\",\"@id\":\"https:\\\/\\\/sarmiento24h.com\\\/#\\\/schema\\\/person\\\/d653a59725ad629a7e0429af7b939d4d\",\"name\":\"sarmiento24h@gmail.com\",\"image\":{\"@type\":\"ImageObject\",\"inLanguage\":\"es\",\"@id\":\"https:\\\/\\\/sarmiento24h.com\\\/wp-content\\\/litespeed\\\/avatar\\\/d02cbc4e23c747e6659cd45907173c8f.jpg?ver=1788047690\",\"url\":\"https:\\\/\\\/sarmiento24h.com\\\/wp-content\\\/litespeed\\\/avatar\\\/d02cbc4e23c747e6659cd45907173c8f.jpg?ver=1788047690\",\"contentUrl\":\"https:\\\/\\\/sarmiento24h.com\\\/wp-content\\\/litespeed\\\/avatar\\\/d02cbc4e23c747e6659cd45907173c8f.jpg?ver=1788047690\",\"caption\":\"sarmiento24h@gmail.com\"},\"sameAs\":[\"https:\\\/\\\/sarmiento24h.com\"],\"url\":\"https:\\\/\\\/sarmiento24h.com\\\/?author=1\"}]}<\/script>\n<!-- \/ Yoast SEO plugin. -->","yoast_head_json":{"title":"Director del COE y el Departamento Aeroportuario coordinan uso de aeropuertos, aer\u00f3dromos y helipuertos para emergencias y desastres - Sarmiento24h","robots":{"index":"index","follow":"follow","max-snippet":"max-snippet:-1","max-image-preview":"max-image-preview:large","max-video-preview":"max-video-preview:-1"},"canonical":"https:\/\/sarmiento24h.com\/?p=409143","og_locale":"es_ES","og_type":"article","og_title":"Director del COE y el Departamento Aeroportuario coordinan uso de aeropuertos, aer\u00f3dromos y helipuertos para emergencias y desastres - Sarmiento24h","og_description":"SANTO DOMINGO. El director del Centro de&#46;&#46;&#46;","og_url":"https:\/\/sarmiento24h.com\/?p=409143","og_site_name":"Sarmiento24h","article_publisher":"https:\/\/facebook.com\/s24hnoticias","article_published_time":"2026-09-02T02:37:51+00:00","og_image":[{"url":"https:\/\/pinceldigital.do\/wp-content\/uploads\/2026\/09\/1001940365.jpeg","type":"","width":"","height":""}],"author":"sarmiento24h@gmail.com","twitter_card":"summary_large_image","twitter_creator":"@sarmiento24h","twitter_site":"@sarmiento24h","twitter_misc":{"Escrito por":"sarmiento24h@gmail.com","Tiempo de lectura":"1 minuto"},"schema":{"@context":"https:\/\/schema.org","@graph":[{"@type":"Article","@id":"https:\/\/sarmiento24h.com\/?p=409143#article","isPartOf":{"@id":"https:\/\/sarmiento24h.com\/?p=409143"},"author":{"name":"sarmiento24h@gmail.com","@id":"https:\/\/sarmiento24h.com\/#\/schema\/person\/d653a59725ad629a7e0429af7b939d4d"},"headline":"Director del COE y el Departamento Aeroportuario coordinan uso de aeropuertos, aer\u00f3dromos y helipuertos para emergencias y desastres","datePublished":"2026-09-02T02:37:51+00:00","mainEntityOfPage":{"@id":"https:\/\/sarmiento24h.com\/?p=409143"},"wordCount":213,"publisher":{"@id":"https:\/\/sarmiento24h.com\/#organization"},"image":{"@id":"https:\/\/sarmiento24h.com\/?p=409143#primaryimage"},"thumbnailUrl":"https:\/\/sarmiento24h.com\/wp-content\/uploads\/2026\/09\/director-del-coe-y-el-departamento-aeroportuario-coordinan-uso-de-aeropuertos-aerodromos-y-helipuertos-para-emergencias-y-desastres.jpg","articleSection":["Nacionales"],"inLanguage":"es"},{"@type":"WebPage","@id":"https:\/\/sarmiento24h.com\/?p=409143","url":"https:\/\/sarmiento24h.com\/?p=409143","name":"Director del COE y el Departamento Aeroportuario coordinan uso de aeropuertos, aer\u00f3dromos y helipuertos para emergencias y desastres - Sarmiento24h","isPartOf":{"@id":"https:\/\/sarmiento24h.com\/#website"},"primaryImageOfPage":{"@id":"https:\/\/sarmiento24h.com\/?p=409143#primaryimage"},"image":{"@id":"https:\/\/sarmiento24h.com\/?p=409143#primaryimage"},"thumbnailUrl":"https:\/\/sarmiento24h.com\/wp-content\/uploads\/2026\/09\/director-del-coe-y-el-departamento-aeroportuario-coordinan-uso-de-aeropuertos-aerodromos-y-helipuertos-para-emergencias-y-desastres.jpg","datePublished":"2026-09-02T02:37:51+00:00","breadcrumb":{"@id":"https:\/\/sarmiento24h.com\/?p=409143#breadcrumb"},"inLanguage":"es","potentialAction":[{"@type":"ReadAction","target":["https:\/\/sarmiento24h.com\/?p=409143"]}]},{"@type":"ImageObject","inLanguage":"es","@id":"https:\/\/sarmiento24h.com\/?p=409143#primaryimage","url":"https:\/\/sarmiento24h.com\/wp-content\/uploads\/2026\/09\/director-del-coe-y-el-departamento-aeroportuario-coordinan-uso-de-aeropuertos-aerodromos-y-helipuertos-para-emergencias-y-desastres.jpg","contentUrl":"https:\/\/sarmiento24h.com\/wp-content\/uploads\/2026\/09\/director-del-coe-y-el-departamento-aeroportuario-coordinan-uso-de-aeropuertos-aerodromos-y-helipuertos-para-emergencias-y-desastres.jpg","width":696,"height":559},{"@type":"BreadcrumbList","@id":"https:\/\/sarmiento24h.com\/?p=409143#breadcrumb","itemListElement":[{"@type":"ListItem","position":1,"name":"Home","item":"https:\/\/sarmiento24h.com\/"},{"@type":"ListItem","position":2,"name":"Director del COE y el Departamento Aeroportuario coordinan uso de aeropuertos, aer\u00f3dromos y helipuertos para emergencias y desastres"}]},{"@type":"WebSite","@id":"https:\/\/sarmiento24h.com\/#website","url":"https:\/\/sarmiento24h.com\/","name":"Sarmiento24h","description":"","publisher":{"@id":"https:\/\/sarmiento24h.com\/#organization"},"potentialAction":[{"@type":"SearchAction","target":{"@type":"EntryPoint","urlTemplate":"https:\/\/sarmiento24h.com\/?s={search_term_string}"},"query-input":{"@type":"PropertyValueSpecification","valueRequired":true,"valueName":"search_term_string"}}],"inLanguage":"es"},{"@type":"Organization","@id":"https:\/\/sarmiento24h.com\/#organization","name":"Sarmiento24h","url":"https:\/\/sarmiento24h.com\/","logo":{"@type":"ImageObject","inLanguage":"es","@id":"https:\/\/sarmiento24h.com\/#\/schema\/logo\/image\/","url":"https:\/\/sarmiento24h.com\/wp-content\/uploads\/2025\/12\/AddText_12-16-10.30.52.jpg","contentUrl":"https:\/\/sarmiento24h.com\/wp-content\/uploads\/2025\/12\/AddText_12-16-10.30.52.jpg","width":1220,"height":324,"caption":"Sarmiento24h"},"image":{"@id":"https:\/\/sarmiento24h.com\/#\/schema\/logo\/image\/"},"sameAs":["https:\/\/facebook.com\/s24hnoticias","https:\/\/x.com\/sarmiento24h"]},{"@type":"Person","@id":"https:\/\/sarmiento24h.com\/#\/schema\/person\/d653a59725ad629a7e0429af7b939d4d","name":"sarmiento24h@gmail.com","image":{"@type":"ImageObject","inLanguage":"es","@id":"https:\/\/sarmiento24h.com\/wp-content\/litespeed\/avatar\/d02cbc4e23c747e6659cd45907173c8f.jpg?ver=1788047690","url":"https:\/\/sarmiento24h.com\/wp-content\/litespeed\/avatar\/d02cbc4e23c747e6659cd45907173c8f.jpg?ver=1788047690","contentUrl":"https:\/\/sarmiento24h.com\/wp-content\/litespeed\/avatar\/d02cbc4e23c747e6659cd45907173c8f.jpg?ver=1788047690","caption":"sarmiento24h@gmail.com"},"sameAs":["https:\/\/sarmiento24h.com"],"url":"https:\/\/sarmiento24h.com\/?author=1"}]}},"jetpack_publicize_connections":[],"jetpack_featured_media_url":"https:\/\/sarmiento24h.com\/wp-content\/uploads\/2026\/09\/director-del-coe-y-el-departamento-aeroportuario-coordinan-uso-de-aeropuertos-aerodromos-y-helipuertos-para-emergencias-y-desastres.jpg","jetpack_sharing_enabled":true,"_links":{"self":[{"href":"https:\/\/sarmiento24h.com\/index.php?rest_route=\/wp\/v2\/posts\/409143","targetHints":{"allow":["GET"]}}],"collection":[{"href":"https:\/\/sarmiento24h.com\/index.php?rest_route=\/wp\/v2\/posts"}],"about":[{"href":"https:\/\/sarmiento24h.com\/index.php?rest_route=\/wp\/v2\/types\/post"}],"author":[{"embeddable":true,"href":"https:\/\/sarmiento24h.com\/index.php?rest_route=\/wp\/v2\/users\/1"}],"replies":[{"embeddable":true,"href":"https:\/\/sarmiento24h.com\/index.php?rest_route=%2Fwp%2Fv2%2Fcomments&post=409143"}],"version-history":[{"count":0,"href":"https:\/\/sarmiento24h.com\/index.php?rest_route=\/wp\/v2\/posts\/409143\/revisions"}],"wp:featuredmedia":[{"embeddable":true,"href":"https:\/\/sarmiento24h.com\/index.php?rest_route=\/wp\/v2\/media\/409144"}],"wp:attachment":[{"href":"https:\/\/sarmiento24h.com\/index.php?rest_route=%2Fwp%2Fv2%2Fmedia&parent=409143"}],"wp:term":[{"taxonomy":"category","embeddable":true,"href":"https:\/\/sarmiento24h.com\/index.php?rest_route=%2Fwp%2Fv2%2Fcategories&post=409143"},{"taxonomy":"post_tag","embeddable":true,"href":"https:\/\/sarmiento24h.com\/index.php?rest_route=%2Fwp%2Fv2%2Ftags&post=409143"}],"curies":[{"name":"wp","href":"https:\/\/api.w.org\/{rel}","templated":true}]}}