{"id":409185,"date":"2026-09-02T02:38:22","date_gmt":"2026-09-02T02:38:22","guid":{"rendered":"https:\/\/diariodigitalrd.com\/?p=717262"},"modified":"2026-09-02T02:38:22","modified_gmt":"2026-09-02T02:38:22","slug":"periodistas-podran-postular-sus-trabajos-al-pel-2026-hasta-el-30-de-septiembre","status":"publish","type":"post","link":"https:\/\/sarmiento24h.com\/?p=409185","title":{"rendered":"Periodistas podr\u00e1n postular sus trabajos al PEL 2026 hasta el 30 de septiembre"},"content":{"rendered":"<div><img decoding=\"async\" src=\"https:\/\/diariodigitalrd.b-cdn.net\/2026\/09\/IMG_6060-1200x630.jpeg\" class=\"ff-og-image-inserted\"><\/div>\n<h2 class=\"wp-block-heading\"><strong>Adompretur invita a contar historias que muestran el impacto del turismo<\/strong><\/h2>\n<p class=\"wp-block-paragraph\"><strong>SANTO DOMINGO.<\/strong> Los periodistas y comunicadores interesados en participar en el Premio Nacional de Periodismo Tur\u00edstico Epifanio Lantigua (PEL 2026) tienen hasta el pr\u00f3ximo <strong>30 de septiembre<\/strong> para presentar sus trabajos en una convocatoria que busca reconocer las historias que revelan c\u00f3mo el turismo transforma comunidades, impulsa la econom\u00eda y contribuye al desarrollo de la Rep\u00fablica Dominicana.<\/p>\n<p class=\"wp-block-paragraph\">La premiaci\u00f3n, organizada por la <strong>Asociaci\u00f3n Dominicana de Prensa Tur\u00edstica (Adompretur)<\/strong>, llega a su vig\u00e9sima segunda edici\u00f3n bajo el lema <strong>\u201cContadores de historias: historias que conectan\u201d<\/strong>, una propuesta que pone el \u00e9nfasis en el valor del periodismo como herramienta para comprender los retos, oportunidades e impactos de uno de los sectores m\u00e1s relevantes del pa\u00eds.<\/p>\n<p class=\"wp-block-paragraph\">Seg\u00fan inform\u00f3 la entidad, los preparativos para la edici\u00f3n 2026 avanzan con el objetivo de destacar el trabajo de periodistas y comunicadores que, a trav\u00e9s de reportajes, investigaciones, entrevistas y cr\u00f3nicas, aportan una mirada profunda sobre la realidad tur\u00edstica nacional.<\/p>\n<p class=\"wp-block-paragraph\">La presidenta de Adompretur, <strong>Sarah Hern\u00e1ndez<\/strong>, afirm\u00f3 que este a\u00f1o el reconocimiento estar\u00e1 enfocado en quienes recorren el territorio, investigan y documentan las din\u00e1micas que rodean a la actividad tur\u00edstica, contribuyendo a una mejor comprensi\u00f3n de su influencia en la econom\u00eda y en la preservaci\u00f3n de la identidad cultural dominicana.<\/p>\n<p class=\"wp-block-paragraph\">\u201cEl periodismo tur\u00edstico no se limita a mostrar postales hermosas; revela el impacto econ\u00f3mico en las comunidades, fiscaliza la sostenibilidad, protege el patrimonio y muestra el rostro humano de nuestra principal industria. Por eso, afirmamos con convicci\u00f3n que el periodismo tur\u00edstico tambi\u00e9n construye pa\u00eds\u201d, expres\u00f3 Hern\u00e1ndez.<\/p>\n<p class=\"wp-block-paragraph\">La ceremonia de premiaci\u00f3n est\u00e1 prevista para el <strong>4 de noviembre<\/strong> en el <strong>Hotel Catalonia Santo Domingo<\/strong>, con el respaldo de instituciones y empresas vinculadas al sector, entre ellas el Ministerio de Turismo, Banco Popular Dominicano, Cap Cana, Lopesan, Infotep e Industrias Banilejas.<\/p>\n<p class=\"wp-block-paragraph\"><strong>Impulsar\u00e1n mayor visibilidad para los nominados<\/strong><\/p>\n<p class=\"wp-block-paragraph\">Como parte de las acciones de promoci\u00f3n de esta edici\u00f3n, Adompretur anunci\u00f3 el lanzamiento de <strong>\u201cRumbo al PEL\u201d<\/strong>, una serie audiovisual y digital que desarrollar\u00e1 junto al programa <strong>Rutas y Rincones<\/strong>.<\/p>\n<p class=\"wp-block-paragraph\">La iniciativa incluir\u00e1 contenidos especiales sobre la historia del premio, entrevistas con ganadores de a\u00f1os anteriores y espacios dedicados a mostrar el trabajo del jurado evaluador.<\/p>\n<p class=\"wp-block-paragraph\">La directora general del Premio y vicepresidenta de Adompretur, <strong>Millizen Uribe<\/strong>, explic\u00f3 que esta estrategia pretende acercar el galard\u00f3n a la ciudadan\u00eda y resaltar la importancia del periodismo especializado en turismo.<\/p>\n<p class=\"wp-block-paragraph\">Adem\u00e1s, adelant\u00f3 que la <strong>Gala de Nominados<\/strong> tendr\u00e1 una presencia destacada dentro de la programaci\u00f3n, con el prop\u00f3sito de reconocer p\u00fablicamente el m\u00e9rito de los finalistas antes de la entrega de los premios.<\/p>\n<p class=\"wp-block-paragraph\"><strong>Convocatoria abierta para todas las plataformas<\/strong><\/p>\n<p class=\"wp-block-paragraph\">Adompretur reiter\u00f3 la invitaci\u00f3n a profesionales de la prensa escrita, medios digitales, radio, televisi\u00f3n y nuevos formatos de comunicaci\u00f3n para que postulen sus trabajos dentro de las categor\u00edas establecidas en las bases del concurso.<\/p>\n<p class=\"wp-block-paragraph\">Las postulaciones podr\u00e1n incluir reportajes, entrevistas, investigaciones, cr\u00f3nicas y coberturas especiales relacionadas con el turismo dominicano.<\/p>\n<p class=\"wp-block-paragraph\">Instituido en honor al destacado periodista puertoplate\u00f1o <strong>Epifanio Lantigua<\/strong>, el PEL se ha consolidado como el principal reconocimiento al periodismo tur\u00edstico en el pa\u00eds, promoviendo una narrativa enfocada en la sostenibilidad, la responsabilidad social y el desarrollo de las comunidades vinculadas a esta industria.<\/p>\n","protected":false},"excerpt":{"rendered":"<p>Adompretur invita a contar historias que muestran&#46;&#46;&#46;<\/p>\n","protected":false},"author":1,"featured_media":409186,"comment_status":"closed","ping_status":"closed","sticky":false,"template":"","format":"standard","meta":{"_jetpack_newsletter_access":"","_jetpack_dont_email_post_to_subs":false,"_jetpack_newsletter_tier_id":0,"_jetpack_memberships_contains_paywalled_content":false,"_jetpack_feature_clip_id":0,"_jetpack_memberships_contains_paid_content":false,"footnotes":"","jetpack_publicize_message":"","jetpack_publicize_feature_enabled":true,"jetpack_social_post_already_shared":true,"jetpack_social_options":{"image_generator_settings":{"template":"highway","default_image_id":0,"font":"","enabled":false},"version":2},"jetpack_post_was_ever_published":false},"categories":[62],"tags":[],"class_list":["post-409185","post","type-post","status-publish","format-standard","has-post-thumbnail","hentry","category-turismo"],"yoast_head":"<!-- This site is optimized with the Yoast SEO plugin v28.1 - https:\/\/yoast.com\/product\/yoast-seo-wordpress\/ -->\n<title>Periodistas podr\u00e1n postular sus trabajos al PEL 2026 hasta el 30 de septiembre - Sarmiento24h<\/title>\n<meta name=\"robots\" content=\"index, follow, max-snippet:-1, max-image-preview:large, max-video-preview:-1\" \/>\n<link rel=\"canonical\" href=\"https:\/\/sarmiento24h.com\/?p=409185\" \/>\n<meta property=\"og:locale\" content=\"es_ES\" \/>\n<meta property=\"og:type\" content=\"article\" \/>\n<meta property=\"og:title\" content=\"Periodistas podr\u00e1n postular sus trabajos al PEL 2026 hasta el 30 de septiembre - Sarmiento24h\" \/>\n<meta property=\"og:description\" content=\"Adompretur invita a contar historias que muestran&#046;&#046;&#046;\" \/>\n<meta property=\"og:url\" content=\"https:\/\/sarmiento24h.com\/?p=409185\" \/>\n<meta property=\"og:site_name\" content=\"Sarmiento24h\" \/>\n<meta property=\"article:publisher\" content=\"https:\/\/facebook.com\/s24hnoticias\" \/>\n<meta property=\"article:published_time\" content=\"2026-09-02T02:38:22+00:00\" \/>\n<meta property=\"og:image\" content=\"https:\/\/diariodigitalrd.b-cdn.net\/2026\/09\/IMG_6060-1200x630.jpeg\" \/>\n<meta name=\"author\" content=\"sarmiento24h@gmail.com\" \/>\n<meta name=\"twitter:card\" content=\"summary_large_image\" \/>\n<meta name=\"twitter:creator\" content=\"@sarmiento24h\" \/>\n<meta name=\"twitter:site\" content=\"@sarmiento24h\" \/>\n<meta name=\"twitter:label1\" content=\"Escrito por\" \/>\n\t<meta name=\"twitter:data1\" content=\"sarmiento24h@gmail.com\" \/>\n\t<meta name=\"twitter:label2\" content=\"Tiempo de lectura\" \/>\n\t<meta name=\"twitter:data2\" content=\"3 minutos\" \/>\n<script type=\"application\/ld+json\" class=\"yoast-schema-graph\">{\"@context\":\"https:\\\/\\\/schema.org\",\"@graph\":[{\"@type\":\"Article\",\"@id\":\"https:\\\/\\\/sarmiento24h.com\\\/?p=409185#article\",\"isPartOf\":{\"@id\":\"https:\\\/\\\/sarmiento24h.com\\\/?p=409185\"},\"author\":{\"name\":\"sarmiento24h@gmail.com\",\"@id\":\"https:\\\/\\\/sarmiento24h.com\\\/#\\\/schema\\\/person\\\/d653a59725ad629a7e0429af7b939d4d\"},\"headline\":\"Periodistas podr\u00e1n postular sus trabajos al PEL 2026 hasta el 30 de septiembre\",\"datePublished\":\"2026-09-02T02:38:22+00:00\",\"mainEntityOfPage\":{\"@id\":\"https:\\\/\\\/sarmiento24h.com\\\/?p=409185\"},\"wordCount\":589,\"publisher\":{\"@id\":\"https:\\\/\\\/sarmiento24h.com\\\/#organization\"},\"image\":{\"@id\":\"https:\\\/\\\/sarmiento24h.com\\\/?p=409185#primaryimage\"},\"thumbnailUrl\":\"https:\\\/\\\/sarmiento24h.com\\\/wp-content\\\/uploads\\\/2026\\\/09\\\/periodistas-podran-postular-sus-trabajos-al-pel-2026-hasta-el-30-de-septiembre.jpg\",\"articleSection\":[\"Turismo\"],\"inLanguage\":\"es\"},{\"@type\":\"WebPage\",\"@id\":\"https:\\\/\\\/sarmiento24h.com\\\/?p=409185\",\"url\":\"https:\\\/\\\/sarmiento24h.com\\\/?p=409185\",\"name\":\"Periodistas podr\u00e1n postular sus trabajos al PEL 2026 hasta el 30 de septiembre - Sarmiento24h\",\"isPartOf\":{\"@id\":\"https:\\\/\\\/sarmiento24h.com\\\/#website\"},\"primaryImageOfPage\":{\"@id\":\"https:\\\/\\\/sarmiento24h.com\\\/?p=409185#primaryimage\"},\"image\":{\"@id\":\"https:\\\/\\\/sarmiento24h.com\\\/?p=409185#primaryimage\"},\"thumbnailUrl\":\"https:\\\/\\\/sarmiento24h.com\\\/wp-content\\\/uploads\\\/2026\\\/09\\\/periodistas-podran-postular-sus-trabajos-al-pel-2026-hasta-el-30-de-septiembre.jpg\",\"datePublished\":\"2026-09-02T02:38:22+00:00\",\"breadcrumb\":{\"@id\":\"https:\\\/\\\/sarmiento24h.com\\\/?p=409185#breadcrumb\"},\"inLanguage\":\"es\",\"potentialAction\":[{\"@type\":\"ReadAction\",\"target\":[\"https:\\\/\\\/sarmiento24h.com\\\/?p=409185\"]}]},{\"@type\":\"ImageObject\",\"inLanguage\":\"es\",\"@id\":\"https:\\\/\\\/sarmiento24h.com\\\/?p=409185#primaryimage\",\"url\":\"https:\\\/\\\/sarmiento24h.com\\\/wp-content\\\/uploads\\\/2026\\\/09\\\/periodistas-podran-postular-sus-trabajos-al-pel-2026-hasta-el-30-de-septiembre.jpg\",\"contentUrl\":\"https:\\\/\\\/sarmiento24h.com\\\/wp-content\\\/uploads\\\/2026\\\/09\\\/periodistas-podran-postular-sus-trabajos-al-pel-2026-hasta-el-30-de-septiembre.jpg\",\"width\":1200,\"height\":630},{\"@type\":\"BreadcrumbList\",\"@id\":\"https:\\\/\\\/sarmiento24h.com\\\/?p=409185#breadcrumb\",\"itemListElement\":[{\"@type\":\"ListItem\",\"position\":1,\"name\":\"Home\",\"item\":\"https:\\\/\\\/sarmiento24h.com\\\/\"},{\"@type\":\"ListItem\",\"position\":2,\"name\":\"Periodistas podr\u00e1n postular sus trabajos al PEL 2026 hasta el 30 de septiembre\"}]},{\"@type\":\"WebSite\",\"@id\":\"https:\\\/\\\/sarmiento24h.com\\\/#website\",\"url\":\"https:\\\/\\\/sarmiento24h.com\\\/\",\"name\":\"Sarmiento24h\",\"description\":\"\",\"publisher\":{\"@id\":\"https:\\\/\\\/sarmiento24h.com\\\/#organization\"},\"potentialAction\":[{\"@type\":\"SearchAction\",\"target\":{\"@type\":\"EntryPoint\",\"urlTemplate\":\"https:\\\/\\\/sarmiento24h.com\\\/?s={search_term_string}\"},\"query-input\":{\"@type\":\"PropertyValueSpecification\",\"valueRequired\":true,\"valueName\":\"search_term_string\"}}],\"inLanguage\":\"es\"},{\"@type\":\"Organization\",\"@id\":\"https:\\\/\\\/sarmiento24h.com\\\/#organization\",\"name\":\"Sarmiento24h\",\"url\":\"https:\\\/\\\/sarmiento24h.com\\\/\",\"logo\":{\"@type\":\"ImageObject\",\"inLanguage\":\"es\",\"@id\":\"https:\\\/\\\/sarmiento24h.com\\\/#\\\/schema\\\/logo\\\/image\\\/\",\"url\":\"https:\\\/\\\/sarmiento24h.com\\\/wp-content\\\/uploads\\\/2025\\\/12\\\/AddText_12-16-10.30.52.jpg\",\"contentUrl\":\"https:\\\/\\\/sarmiento24h.com\\\/wp-content\\\/uploads\\\/2025\\\/12\\\/AddText_12-16-10.30.52.jpg\",\"width\":1220,\"height\":324,\"caption\":\"Sarmiento24h\"},\"image\":{\"@id\":\"https:\\\/\\\/sarmiento24h.com\\\/#\\\/schema\\\/logo\\\/image\\\/\"},\"sameAs\":[\"https:\\\/\\\/facebook.com\\\/s24hnoticias\",\"https:\\\/\\\/x.com\\\/sarmiento24h\"]},{\"@type\":\"Person\",\"@id\":\"https:\\\/\\\/sarmiento24h.com\\\/#\\\/schema\\\/person\\\/d653a59725ad629a7e0429af7b939d4d\",\"name\":\"sarmiento24h@gmail.com\",\"image\":{\"@type\":\"ImageObject\",\"inLanguage\":\"es\",\"@id\":\"https:\\\/\\\/sarmiento24h.com\\\/wp-content\\\/litespeed\\\/avatar\\\/d02cbc4e23c747e6659cd45907173c8f.jpg?ver=1788047690\",\"url\":\"https:\\\/\\\/sarmiento24h.com\\\/wp-content\\\/litespeed\\\/avatar\\\/d02cbc4e23c747e6659cd45907173c8f.jpg?ver=1788047690\",\"contentUrl\":\"https:\\\/\\\/sarmiento24h.com\\\/wp-content\\\/litespeed\\\/avatar\\\/d02cbc4e23c747e6659cd45907173c8f.jpg?ver=1788047690\",\"caption\":\"sarmiento24h@gmail.com\"},\"sameAs\":[\"https:\\\/\\\/sarmiento24h.com\"],\"url\":\"https:\\\/\\\/sarmiento24h.com\\\/?author=1\"}]}<\/script>\n<!-- \/ Yoast SEO plugin. -->","yoast_head_json":{"title":"Periodistas podr\u00e1n postular sus trabajos al PEL 2026 hasta el 30 de septiembre - Sarmiento24h","robots":{"index":"index","follow":"follow","max-snippet":"max-snippet:-1","max-image-preview":"max-image-preview:large","max-video-preview":"max-video-preview:-1"},"canonical":"https:\/\/sarmiento24h.com\/?p=409185","og_locale":"es_ES","og_type":"article","og_title":"Periodistas podr\u00e1n postular sus trabajos al PEL 2026 hasta el 30 de septiembre - Sarmiento24h","og_description":"Adompretur invita a contar historias que muestran&#46;&#46;&#46;","og_url":"https:\/\/sarmiento24h.com\/?p=409185","og_site_name":"Sarmiento24h","article_publisher":"https:\/\/facebook.com\/s24hnoticias","article_published_time":"2026-09-02T02:38:22+00:00","og_image":[{"url":"https:\/\/diariodigitalrd.b-cdn.net\/2026\/09\/IMG_6060-1200x630.jpeg","type":"","width":"","height":""}],"author":"sarmiento24h@gmail.com","twitter_card":"summary_large_image","twitter_creator":"@sarmiento24h","twitter_site":"@sarmiento24h","twitter_misc":{"Escrito por":"sarmiento24h@gmail.com","Tiempo de lectura":"3 minutos"},"schema":{"@context":"https:\/\/schema.org","@graph":[{"@type":"Article","@id":"https:\/\/sarmiento24h.com\/?p=409185#article","isPartOf":{"@id":"https:\/\/sarmiento24h.com\/?p=409185"},"author":{"name":"sarmiento24h@gmail.com","@id":"https:\/\/sarmiento24h.com\/#\/schema\/person\/d653a59725ad629a7e0429af7b939d4d"},"headline":"Periodistas podr\u00e1n postular sus trabajos al PEL 2026 hasta el 30 de septiembre","datePublished":"2026-09-02T02:38:22+00:00","mainEntityOfPage":{"@id":"https:\/\/sarmiento24h.com\/?p=409185"},"wordCount":589,"publisher":{"@id":"https:\/\/sarmiento24h.com\/#organization"},"image":{"@id":"https:\/\/sarmiento24h.com\/?p=409185#primaryimage"},"thumbnailUrl":"https:\/\/sarmiento24h.com\/wp-content\/uploads\/2026\/09\/periodistas-podran-postular-sus-trabajos-al-pel-2026-hasta-el-30-de-septiembre.jpg","articleSection":["Turismo"],"inLanguage":"es"},{"@type":"WebPage","@id":"https:\/\/sarmiento24h.com\/?p=409185","url":"https:\/\/sarmiento24h.com\/?p=409185","name":"Periodistas podr\u00e1n postular sus trabajos al PEL 2026 hasta el 30 de septiembre - Sarmiento24h","isPartOf":{"@id":"https:\/\/sarmiento24h.com\/#website"},"primaryImageOfPage":{"@id":"https:\/\/sarmiento24h.com\/?p=409185#primaryimage"},"image":{"@id":"https:\/\/sarmiento24h.com\/?p=409185#primaryimage"},"thumbnailUrl":"https:\/\/sarmiento24h.com\/wp-content\/uploads\/2026\/09\/periodistas-podran-postular-sus-trabajos-al-pel-2026-hasta-el-30-de-septiembre.jpg","datePublished":"2026-09-02T02:38:22+00:00","breadcrumb":{"@id":"https:\/\/sarmiento24h.com\/?p=409185#breadcrumb"},"inLanguage":"es","potentialAction":[{"@type":"ReadAction","target":["https:\/\/sarmiento24h.com\/?p=409185"]}]},{"@type":"ImageObject","inLanguage":"es","@id":"https:\/\/sarmiento24h.com\/?p=409185#primaryimage","url":"https:\/\/sarmiento24h.com\/wp-content\/uploads\/2026\/09\/periodistas-podran-postular-sus-trabajos-al-pel-2026-hasta-el-30-de-septiembre.jpg","contentUrl":"https:\/\/sarmiento24h.com\/wp-content\/uploads\/2026\/09\/periodistas-podran-postular-sus-trabajos-al-pel-2026-hasta-el-30-de-septiembre.jpg","width":1200,"height":630},{"@type":"BreadcrumbList","@id":"https:\/\/sarmiento24h.com\/?p=409185#breadcrumb","itemListElement":[{"@type":"ListItem","position":1,"name":"Home","item":"https:\/\/sarmiento24h.com\/"},{"@type":"ListItem","position":2,"name":"Periodistas podr\u00e1n postular sus trabajos al PEL 2026 hasta el 30 de septiembre"}]},{"@type":"WebSite","@id":"https:\/\/sarmiento24h.com\/#website","url":"https:\/\/sarmiento24h.com\/","name":"Sarmiento24h","description":"","publisher":{"@id":"https:\/\/sarmiento24h.com\/#organization"},"potentialAction":[{"@type":"SearchAction","target":{"@type":"EntryPoint","urlTemplate":"https:\/\/sarmiento24h.com\/?s={search_term_string}"},"query-input":{"@type":"PropertyValueSpecification","valueRequired":true,"valueName":"search_term_string"}}],"inLanguage":"es"},{"@type":"Organization","@id":"https:\/\/sarmiento24h.com\/#organization","name":"Sarmiento24h","url":"https:\/\/sarmiento24h.com\/","logo":{"@type":"ImageObject","inLanguage":"es","@id":"https:\/\/sarmiento24h.com\/#\/schema\/logo\/image\/","url":"https:\/\/sarmiento24h.com\/wp-content\/uploads\/2025\/12\/AddText_12-16-10.30.52.jpg","contentUrl":"https:\/\/sarmiento24h.com\/wp-content\/uploads\/2025\/12\/AddText_12-16-10.30.52.jpg","width":1220,"height":324,"caption":"Sarmiento24h"},"image":{"@id":"https:\/\/sarmiento24h.com\/#\/schema\/logo\/image\/"},"sameAs":["https:\/\/facebook.com\/s24hnoticias","https:\/\/x.com\/sarmiento24h"]},{"@type":"Person","@id":"https:\/\/sarmiento24h.com\/#\/schema\/person\/d653a59725ad629a7e0429af7b939d4d","name":"sarmiento24h@gmail.com","image":{"@type":"ImageObject","inLanguage":"es","@id":"https:\/\/sarmiento24h.com\/wp-content\/litespeed\/avatar\/d02cbc4e23c747e6659cd45907173c8f.jpg?ver=1788047690","url":"https:\/\/sarmiento24h.com\/wp-content\/litespeed\/avatar\/d02cbc4e23c747e6659cd45907173c8f.jpg?ver=1788047690","contentUrl":"https:\/\/sarmiento24h.com\/wp-content\/litespeed\/avatar\/d02cbc4e23c747e6659cd45907173c8f.jpg?ver=1788047690","caption":"sarmiento24h@gmail.com"},"sameAs":["https:\/\/sarmiento24h.com"],"url":"https:\/\/sarmiento24h.com\/?author=1"}]}},"jetpack_publicize_connections":[],"jetpack_featured_media_url":"https:\/\/sarmiento24h.com\/wp-content\/uploads\/2026\/09\/periodistas-podran-postular-sus-trabajos-al-pel-2026-hasta-el-30-de-septiembre.jpg","jetpack_sharing_enabled":true,"_links":{"self":[{"href":"https:\/\/sarmiento24h.com\/index.php?rest_route=\/wp\/v2\/posts\/409185","targetHints":{"allow":["GET"]}}],"collection":[{"href":"https:\/\/sarmiento24h.com\/index.php?rest_route=\/wp\/v2\/posts"}],"about":[{"href":"https:\/\/sarmiento24h.com\/index.php?rest_route=\/wp\/v2\/types\/post"}],"author":[{"embeddable":true,"href":"https:\/\/sarmiento24h.com\/index.php?rest_route=\/wp\/v2\/users\/1"}],"replies":[{"embeddable":true,"href":"https:\/\/sarmiento24h.com\/index.php?rest_route=%2Fwp%2Fv2%2Fcomments&post=409185"}],"version-history":[{"count":0,"href":"https:\/\/sarmiento24h.com\/index.php?rest_route=\/wp\/v2\/posts\/409185\/revisions"}],"wp:featuredmedia":[{"embeddable":true,"href":"https:\/\/sarmiento24h.com\/index.php?rest_route=\/wp\/v2\/media\/409186"}],"wp:attachment":[{"href":"https:\/\/sarmiento24h.com\/index.php?rest_route=%2Fwp%2Fv2%2Fmedia&parent=409185"}],"wp:term":[{"taxonomy":"category","embeddable":true,"href":"https:\/\/sarmiento24h.com\/index.php?rest_route=%2Fwp%2Fv2%2Fcategories&post=409185"},{"taxonomy":"post_tag","embeddable":true,"href":"https:\/\/sarmiento24h.com\/index.php?rest_route=%2Fwp%2Fv2%2Ftags&post=409185"}],"curies":[{"name":"wp","href":"https:\/\/api.w.org\/{rel}","templated":true}]}}