{"id":409888,"date":"2026-09-02T13:55:06","date_gmt":"2026-09-02T13:55:06","guid":{"rendered":"https:\/\/diariodigitalrd.com\/?p=717281"},"modified":"2026-09-02T13:55:06","modified_gmt":"2026-09-02T13:55:06","slug":"crecimiento-economico-no-mejora-bienestar-de-dominicanos-afirma-montas","status":"publish","type":"post","link":"https:\/\/sarmiento24h.com\/?p=409888","title":{"rendered":"Crecimiento econ\u00f3mico no mejora bienestar de dominicanos, afirma Mont\u00e1s"},"content":{"rendered":"<div><img decoding=\"async\" src=\"https:\/\/diariodigitalrd.b-cdn.net\/2026\/09\/Temo-1-1111x630.jpeg\" class=\"ff-og-image-inserted\"><\/div>\n<p class=\"wp-block-paragraph\"><strong>Tem\u00edstocles Mont\u00e1s cuestiona el impacto del crecimiento en empleo, consumo y costo de vida<\/strong><\/p>\n<p class=\"has-drop-cap has-medium-font-size wp-block-paragraph\"><strong>SANTO DOMINGO.<\/strong>\u2014 El vicepresidente del Partido de la Liberaci\u00f3n Dominicana (PLD), Tem\u00edstocles Mont\u00e1s, afirm\u00f3 que el crecimiento econ\u00f3mico registrado por Rep\u00fablica Dominicana no se traduce en una mejor\u00eda de las condiciones de vida de la poblaci\u00f3n, debido al bajo dinamismo de sectores vinculados al <strong>empleo y el consumo<\/strong>.<\/p>\n<p class=\"wp-block-paragraph\">Durante una entrevista en el programa <em>Despierta RD<\/em>, Mont\u00e1s se\u00f1al\u00f3 que las cifras del Banco Central reflejan un crecimiento de aproximadamente <strong>4.5 % durante los primeros siete meses del a\u00f1o<\/strong>, pero consider\u00f3 necesario examinar cu\u00e1les actividades est\u00e1n impulsando ese comportamiento.<\/p>\n<p class=\"wp-block-paragraph\">Explic\u00f3 que la <strong>construcci\u00f3n privada<\/strong> figura entre los principales motores de la econom\u00eda, aunque sostuvo que su expansi\u00f3n tiene un impacto limitado en la generaci\u00f3n de empleos para trabajadores dominicanos.<\/p>\n<p class=\"wp-block-paragraph\">En contraste, indic\u00f3 que actividades estrechamente relacionadas con el consumo y el empleo presentan un crecimiento m\u00e1s moderado. Cit\u00f3 al <strong>comercio<\/strong>, con un aumento aproximado de <strong>2.4 %<\/strong>, mientras que la <strong>manufactura y las zonas francas<\/strong> registran alrededor de <strong>3.2 %<\/strong>.<\/p>\n<p class=\"wp-block-paragraph\">\u201cLos sectores que realmente inciden en la vida cotidiana de la gente no est\u00e1n creciendo\u201d, sostuvo Mont\u00e1s.<\/p>\n<p class=\"wp-block-paragraph\">El dirigente tambi\u00e9n se\u00f1al\u00f3 dificultades en la <strong>agricultura<\/strong>, atribuidas a la falta de apoyo a los productores, problemas de tecnificaci\u00f3n y la presencia de plagas y enfermedades que han afectado distintos cultivos.<\/p>\n<p class=\"wp-block-paragraph\">Sobre la <strong>miner\u00eda<\/strong>, indic\u00f3 que su aporte al crecimiento estuvo relacionado con el incremento del precio internacional del oro, aunque record\u00f3 que esta actividad genera una cantidad limitada de empleos.<\/p>\n<p class=\"wp-block-paragraph\">Para Mont\u00e1s, la combinaci\u00f3n de estos factores explica la diferencia entre los indicadores macroecon\u00f3micos y la percepci\u00f3n econ\u00f3mica de las familias. \u201cUna cosa es lo que se dice desde el punto de vista macro, que la econom\u00eda va bien, y otra cosa es lo que se ve abajo\u201d, expres\u00f3.<\/p>\n<h3 class=\"wp-block-heading\">Rechaza aumento de la tarifa el\u00e9ctrica<\/h3>\n<p class=\"wp-block-paragraph\">Mont\u00e1s tambi\u00e9n calific\u00f3 como un <strong>grave error<\/strong> un eventual aumento de la tarifa el\u00e9ctrica en las actuales circunstancias.<\/p>\n<p class=\"wp-block-paragraph\">\u201cOjal\u00e1 que no, porque realmente, en el contexto en que est\u00e1 la situaci\u00f3n del pa\u00eds, yo creo que ser\u00eda un grave error que el Gobierno trate de incrementar los precios de la electricidad\u201d, manifest\u00f3.<\/p>\n<p class=\"wp-block-paragraph\">Consider\u00f3 que los hogares ya enfrentan fuertes presiones econ\u00f3micas y que un incremento del servicio el\u00e9ctrico agravar\u00eda su situaci\u00f3n.<\/p>\n<h3 class=\"wp-block-heading\">Mont\u00e1s descarta crisis interna en el PLD<\/h3>\n<p class=\"wp-block-paragraph\">En el \u00e1mbito pol\u00edtico, neg\u00f3 que exista una crisis dentro del <strong>PLD<\/strong> por las aspiraciones presidenciales y sostuvo que las diferencias forman parte de un proceso democr\u00e1tico.<\/p>\n<p class=\"wp-block-paragraph\">Afirm\u00f3 adem\u00e1s que el presidente del partido, Danilo Medina, mantiene una posici\u00f3n neutral frente a los aspirantes: \u201cEl compa\u00f1ero Danilo no est\u00e1 promoviendo a nadie. El compa\u00f1ero Danilo est\u00e1 neutral\u201d.<\/p>\n<p class=\"wp-block-paragraph\">Mont\u00e1s plante\u00f3 que el proceso interno debe concluir y que quienes no resulten favorecidos deben reconocer los resultados.<\/p>\n<p class=\"wp-block-paragraph\">Asimismo, afirm\u00f3 que ninguna fuerza pol\u00edtica est\u00e1 actualmente en condiciones de ganar las elecciones presidenciales de <strong>2028 en primera vuelta<\/strong>.<\/p>\n<p class=\"wp-block-paragraph\">Reconoci\u00f3 una p\u00e9rdida de confianza ciudadana en los partidos pol\u00edticos y se\u00f1al\u00f3 que el PLD trabaja para recuperarla mediante su fortalecimiento y un mayor acercamiento con la sociedad.<\/p>\n","protected":false},"excerpt":{"rendered":"<p>Tem\u00edstocles Mont\u00e1s cuestiona el impacto del crecimiento&#46;&#46;&#46;<\/p>\n","protected":false},"author":1,"featured_media":409889,"comment_status":"closed","ping_status":"closed","sticky":false,"template":"","format":"standard","meta":{"_jetpack_newsletter_access":"","_jetpack_dont_email_post_to_subs":false,"_jetpack_newsletter_tier_id":0,"_jetpack_memberships_contains_paywalled_content":false,"_jetpack_feature_clip_id":0,"_jetpack_memberships_contains_paid_content":false,"footnotes":"","jetpack_publicize_message":"","jetpack_publicize_feature_enabled":true,"jetpack_social_post_already_shared":true,"jetpack_social_options":{"image_generator_settings":{"template":"highway","default_image_id":0,"font":"","enabled":false},"version":2},"jetpack_post_was_ever_published":false},"categories":[59,61],"tags":[],"class_list":["post-409888","post","type-post","status-publish","format-standard","has-post-thumbnail","hentry","category-actualidad","category-politica"],"yoast_head":"<!-- This site is optimized with the Yoast SEO plugin v28.1 - https:\/\/yoast.com\/product\/yoast-seo-wordpress\/ -->\n<title>Crecimiento econ\u00f3mico no mejora bienestar de dominicanos, afirma Mont\u00e1s - Sarmiento24h<\/title>\n<meta name=\"robots\" content=\"index, follow, max-snippet:-1, max-image-preview:large, max-video-preview:-1\" \/>\n<link rel=\"canonical\" href=\"https:\/\/sarmiento24h.com\/?p=409888\" \/>\n<meta property=\"og:locale\" content=\"es_ES\" \/>\n<meta property=\"og:type\" content=\"article\" \/>\n<meta property=\"og:title\" content=\"Crecimiento econ\u00f3mico no mejora bienestar de dominicanos, afirma Mont\u00e1s - Sarmiento24h\" \/>\n<meta property=\"og:description\" content=\"Tem\u00edstocles Mont\u00e1s cuestiona el impacto del crecimiento&#046;&#046;&#046;\" \/>\n<meta property=\"og:url\" content=\"https:\/\/sarmiento24h.com\/?p=409888\" \/>\n<meta property=\"og:site_name\" content=\"Sarmiento24h\" \/>\n<meta property=\"article:publisher\" content=\"https:\/\/facebook.com\/s24hnoticias\" \/>\n<meta property=\"article:published_time\" content=\"2026-09-02T13:55:06+00:00\" \/>\n<meta property=\"og:image\" content=\"https:\/\/diariodigitalrd.b-cdn.net\/2026\/09\/Temo-1-1111x630.jpeg\" \/>\n<meta name=\"author\" content=\"sarmiento24h@gmail.com\" \/>\n<meta name=\"twitter:card\" content=\"summary_large_image\" \/>\n<meta name=\"twitter:creator\" content=\"@sarmiento24h\" \/>\n<meta name=\"twitter:site\" content=\"@sarmiento24h\" \/>\n<meta name=\"twitter:label1\" content=\"Escrito por\" \/>\n\t<meta name=\"twitter:data1\" content=\"sarmiento24h@gmail.com\" \/>\n\t<meta name=\"twitter:label2\" content=\"Tiempo de lectura\" \/>\n\t<meta name=\"twitter:data2\" content=\"3 minutos\" \/>\n<script type=\"application\/ld+json\" class=\"yoast-schema-graph\">{\"@context\":\"https:\\\/\\\/schema.org\",\"@graph\":[{\"@type\":\"Article\",\"@id\":\"https:\\\/\\\/sarmiento24h.com\\\/?p=409888#article\",\"isPartOf\":{\"@id\":\"https:\\\/\\\/sarmiento24h.com\\\/?p=409888\"},\"author\":{\"name\":\"sarmiento24h@gmail.com\",\"@id\":\"https:\\\/\\\/sarmiento24h.com\\\/#\\\/schema\\\/person\\\/d653a59725ad629a7e0429af7b939d4d\"},\"headline\":\"Crecimiento econ\u00f3mico no mejora bienestar de dominicanos, afirma Mont\u00e1s\",\"datePublished\":\"2026-09-02T13:55:06+00:00\",\"mainEntityOfPage\":{\"@id\":\"https:\\\/\\\/sarmiento24h.com\\\/?p=409888\"},\"wordCount\":566,\"publisher\":{\"@id\":\"https:\\\/\\\/sarmiento24h.com\\\/#organization\"},\"image\":{\"@id\":\"https:\\\/\\\/sarmiento24h.com\\\/?p=409888#primaryimage\"},\"thumbnailUrl\":\"https:\\\/\\\/sarmiento24h.com\\\/wp-content\\\/uploads\\\/2026\\\/09\\\/crecimiento-economico-no-mejora-bienestar-de-dominicanos-afirma-montas.jpg\",\"articleSection\":[\"Actualidad\",\"Politica\"],\"inLanguage\":\"es\"},{\"@type\":\"WebPage\",\"@id\":\"https:\\\/\\\/sarmiento24h.com\\\/?p=409888\",\"url\":\"https:\\\/\\\/sarmiento24h.com\\\/?p=409888\",\"name\":\"Crecimiento econ\u00f3mico no mejora bienestar de dominicanos, afirma Mont\u00e1s - Sarmiento24h\",\"isPartOf\":{\"@id\":\"https:\\\/\\\/sarmiento24h.com\\\/#website\"},\"primaryImageOfPage\":{\"@id\":\"https:\\\/\\\/sarmiento24h.com\\\/?p=409888#primaryimage\"},\"image\":{\"@id\":\"https:\\\/\\\/sarmiento24h.com\\\/?p=409888#primaryimage\"},\"thumbnailUrl\":\"https:\\\/\\\/sarmiento24h.com\\\/wp-content\\\/uploads\\\/2026\\\/09\\\/crecimiento-economico-no-mejora-bienestar-de-dominicanos-afirma-montas.jpg\",\"datePublished\":\"2026-09-02T13:55:06+00:00\",\"breadcrumb\":{\"@id\":\"https:\\\/\\\/sarmiento24h.com\\\/?p=409888#breadcrumb\"},\"inLanguage\":\"es\",\"potentialAction\":[{\"@type\":\"ReadAction\",\"target\":[\"https:\\\/\\\/sarmiento24h.com\\\/?p=409888\"]}]},{\"@type\":\"ImageObject\",\"inLanguage\":\"es\",\"@id\":\"https:\\\/\\\/sarmiento24h.com\\\/?p=409888#primaryimage\",\"url\":\"https:\\\/\\\/sarmiento24h.com\\\/wp-content\\\/uploads\\\/2026\\\/09\\\/crecimiento-economico-no-mejora-bienestar-de-dominicanos-afirma-montas.jpg\",\"contentUrl\":\"https:\\\/\\\/sarmiento24h.com\\\/wp-content\\\/uploads\\\/2026\\\/09\\\/crecimiento-economico-no-mejora-bienestar-de-dominicanos-afirma-montas.jpg\",\"width\":1111,\"height\":630},{\"@type\":\"BreadcrumbList\",\"@id\":\"https:\\\/\\\/sarmiento24h.com\\\/?p=409888#breadcrumb\",\"itemListElement\":[{\"@type\":\"ListItem\",\"position\":1,\"name\":\"Home\",\"item\":\"https:\\\/\\\/sarmiento24h.com\\\/\"},{\"@type\":\"ListItem\",\"position\":2,\"name\":\"Crecimiento econ\u00f3mico no mejora bienestar de dominicanos, afirma Mont\u00e1s\"}]},{\"@type\":\"WebSite\",\"@id\":\"https:\\\/\\\/sarmiento24h.com\\\/#website\",\"url\":\"https:\\\/\\\/sarmiento24h.com\\\/\",\"name\":\"Sarmiento24h\",\"description\":\"\",\"publisher\":{\"@id\":\"https:\\\/\\\/sarmiento24h.com\\\/#organization\"},\"potentialAction\":[{\"@type\":\"SearchAction\",\"target\":{\"@type\":\"EntryPoint\",\"urlTemplate\":\"https:\\\/\\\/sarmiento24h.com\\\/?s={search_term_string}\"},\"query-input\":{\"@type\":\"PropertyValueSpecification\",\"valueRequired\":true,\"valueName\":\"search_term_string\"}}],\"inLanguage\":\"es\"},{\"@type\":\"Organization\",\"@id\":\"https:\\\/\\\/sarmiento24h.com\\\/#organization\",\"name\":\"Sarmiento24h\",\"url\":\"https:\\\/\\\/sarmiento24h.com\\\/\",\"logo\":{\"@type\":\"ImageObject\",\"inLanguage\":\"es\",\"@id\":\"https:\\\/\\\/sarmiento24h.com\\\/#\\\/schema\\\/logo\\\/image\\\/\",\"url\":\"https:\\\/\\\/sarmiento24h.com\\\/wp-content\\\/uploads\\\/2025\\\/12\\\/AddText_12-16-10.30.52.jpg\",\"contentUrl\":\"https:\\\/\\\/sarmiento24h.com\\\/wp-content\\\/uploads\\\/2025\\\/12\\\/AddText_12-16-10.30.52.jpg\",\"width\":1220,\"height\":324,\"caption\":\"Sarmiento24h\"},\"image\":{\"@id\":\"https:\\\/\\\/sarmiento24h.com\\\/#\\\/schema\\\/logo\\\/image\\\/\"},\"sameAs\":[\"https:\\\/\\\/facebook.com\\\/s24hnoticias\",\"https:\\\/\\\/x.com\\\/sarmiento24h\"]},{\"@type\":\"Person\",\"@id\":\"https:\\\/\\\/sarmiento24h.com\\\/#\\\/schema\\\/person\\\/d653a59725ad629a7e0429af7b939d4d\",\"name\":\"sarmiento24h@gmail.com\",\"image\":{\"@type\":\"ImageObject\",\"inLanguage\":\"es\",\"@id\":\"https:\\\/\\\/sarmiento24h.com\\\/wp-content\\\/litespeed\\\/avatar\\\/d02cbc4e23c747e6659cd45907173c8f.jpg?ver=1788047690\",\"url\":\"https:\\\/\\\/sarmiento24h.com\\\/wp-content\\\/litespeed\\\/avatar\\\/d02cbc4e23c747e6659cd45907173c8f.jpg?ver=1788047690\",\"contentUrl\":\"https:\\\/\\\/sarmiento24h.com\\\/wp-content\\\/litespeed\\\/avatar\\\/d02cbc4e23c747e6659cd45907173c8f.jpg?ver=1788047690\",\"caption\":\"sarmiento24h@gmail.com\"},\"sameAs\":[\"https:\\\/\\\/sarmiento24h.com\"],\"url\":\"https:\\\/\\\/sarmiento24h.com\\\/?author=1\"}]}<\/script>\n<!-- \/ Yoast SEO plugin. -->","yoast_head_json":{"title":"Crecimiento econ\u00f3mico no mejora bienestar de dominicanos, afirma Mont\u00e1s - Sarmiento24h","robots":{"index":"index","follow":"follow","max-snippet":"max-snippet:-1","max-image-preview":"max-image-preview:large","max-video-preview":"max-video-preview:-1"},"canonical":"https:\/\/sarmiento24h.com\/?p=409888","og_locale":"es_ES","og_type":"article","og_title":"Crecimiento econ\u00f3mico no mejora bienestar de dominicanos, afirma Mont\u00e1s - Sarmiento24h","og_description":"Tem\u00edstocles Mont\u00e1s cuestiona el impacto del crecimiento&#46;&#46;&#46;","og_url":"https:\/\/sarmiento24h.com\/?p=409888","og_site_name":"Sarmiento24h","article_publisher":"https:\/\/facebook.com\/s24hnoticias","article_published_time":"2026-09-02T13:55:06+00:00","og_image":[{"url":"https:\/\/diariodigitalrd.b-cdn.net\/2026\/09\/Temo-1-1111x630.jpeg","type":"","width":"","height":""}],"author":"sarmiento24h@gmail.com","twitter_card":"summary_large_image","twitter_creator":"@sarmiento24h","twitter_site":"@sarmiento24h","twitter_misc":{"Escrito por":"sarmiento24h@gmail.com","Tiempo de lectura":"3 minutos"},"schema":{"@context":"https:\/\/schema.org","@graph":[{"@type":"Article","@id":"https:\/\/sarmiento24h.com\/?p=409888#article","isPartOf":{"@id":"https:\/\/sarmiento24h.com\/?p=409888"},"author":{"name":"sarmiento24h@gmail.com","@id":"https:\/\/sarmiento24h.com\/#\/schema\/person\/d653a59725ad629a7e0429af7b939d4d"},"headline":"Crecimiento econ\u00f3mico no mejora bienestar de dominicanos, afirma Mont\u00e1s","datePublished":"2026-09-02T13:55:06+00:00","mainEntityOfPage":{"@id":"https:\/\/sarmiento24h.com\/?p=409888"},"wordCount":566,"publisher":{"@id":"https:\/\/sarmiento24h.com\/#organization"},"image":{"@id":"https:\/\/sarmiento24h.com\/?p=409888#primaryimage"},"thumbnailUrl":"https:\/\/sarmiento24h.com\/wp-content\/uploads\/2026\/09\/crecimiento-economico-no-mejora-bienestar-de-dominicanos-afirma-montas.jpg","articleSection":["Actualidad","Politica"],"inLanguage":"es"},{"@type":"WebPage","@id":"https:\/\/sarmiento24h.com\/?p=409888","url":"https:\/\/sarmiento24h.com\/?p=409888","name":"Crecimiento econ\u00f3mico no mejora bienestar de dominicanos, afirma Mont\u00e1s - Sarmiento24h","isPartOf":{"@id":"https:\/\/sarmiento24h.com\/#website"},"primaryImageOfPage":{"@id":"https:\/\/sarmiento24h.com\/?p=409888#primaryimage"},"image":{"@id":"https:\/\/sarmiento24h.com\/?p=409888#primaryimage"},"thumbnailUrl":"https:\/\/sarmiento24h.com\/wp-content\/uploads\/2026\/09\/crecimiento-economico-no-mejora-bienestar-de-dominicanos-afirma-montas.jpg","datePublished":"2026-09-02T13:55:06+00:00","breadcrumb":{"@id":"https:\/\/sarmiento24h.com\/?p=409888#breadcrumb"},"inLanguage":"es","potentialAction":[{"@type":"ReadAction","target":["https:\/\/sarmiento24h.com\/?p=409888"]}]},{"@type":"ImageObject","inLanguage":"es","@id":"https:\/\/sarmiento24h.com\/?p=409888#primaryimage","url":"https:\/\/sarmiento24h.com\/wp-content\/uploads\/2026\/09\/crecimiento-economico-no-mejora-bienestar-de-dominicanos-afirma-montas.jpg","contentUrl":"https:\/\/sarmiento24h.com\/wp-content\/uploads\/2026\/09\/crecimiento-economico-no-mejora-bienestar-de-dominicanos-afirma-montas.jpg","width":1111,"height":630},{"@type":"BreadcrumbList","@id":"https:\/\/sarmiento24h.com\/?p=409888#breadcrumb","itemListElement":[{"@type":"ListItem","position":1,"name":"Home","item":"https:\/\/sarmiento24h.com\/"},{"@type":"ListItem","position":2,"name":"Crecimiento econ\u00f3mico no mejora bienestar de dominicanos, afirma Mont\u00e1s"}]},{"@type":"WebSite","@id":"https:\/\/sarmiento24h.com\/#website","url":"https:\/\/sarmiento24h.com\/","name":"Sarmiento24h","description":"","publisher":{"@id":"https:\/\/sarmiento24h.com\/#organization"},"potentialAction":[{"@type":"SearchAction","target":{"@type":"EntryPoint","urlTemplate":"https:\/\/sarmiento24h.com\/?s={search_term_string}"},"query-input":{"@type":"PropertyValueSpecification","valueRequired":true,"valueName":"search_term_string"}}],"inLanguage":"es"},{"@type":"Organization","@id":"https:\/\/sarmiento24h.com\/#organization","name":"Sarmiento24h","url":"https:\/\/sarmiento24h.com\/","logo":{"@type":"ImageObject","inLanguage":"es","@id":"https:\/\/sarmiento24h.com\/#\/schema\/logo\/image\/","url":"https:\/\/sarmiento24h.com\/wp-content\/uploads\/2025\/12\/AddText_12-16-10.30.52.jpg","contentUrl":"https:\/\/sarmiento24h.com\/wp-content\/uploads\/2025\/12\/AddText_12-16-10.30.52.jpg","width":1220,"height":324,"caption":"Sarmiento24h"},"image":{"@id":"https:\/\/sarmiento24h.com\/#\/schema\/logo\/image\/"},"sameAs":["https:\/\/facebook.com\/s24hnoticias","https:\/\/x.com\/sarmiento24h"]},{"@type":"Person","@id":"https:\/\/sarmiento24h.com\/#\/schema\/person\/d653a59725ad629a7e0429af7b939d4d","name":"sarmiento24h@gmail.com","image":{"@type":"ImageObject","inLanguage":"es","@id":"https:\/\/sarmiento24h.com\/wp-content\/litespeed\/avatar\/d02cbc4e23c747e6659cd45907173c8f.jpg?ver=1788047690","url":"https:\/\/sarmiento24h.com\/wp-content\/litespeed\/avatar\/d02cbc4e23c747e6659cd45907173c8f.jpg?ver=1788047690","contentUrl":"https:\/\/sarmiento24h.com\/wp-content\/litespeed\/avatar\/d02cbc4e23c747e6659cd45907173c8f.jpg?ver=1788047690","caption":"sarmiento24h@gmail.com"},"sameAs":["https:\/\/sarmiento24h.com"],"url":"https:\/\/sarmiento24h.com\/?author=1"}]}},"jetpack_publicize_connections":[],"jetpack_featured_media_url":"https:\/\/sarmiento24h.com\/wp-content\/uploads\/2026\/09\/crecimiento-economico-no-mejora-bienestar-de-dominicanos-afirma-montas.jpg","jetpack_sharing_enabled":true,"_links":{"self":[{"href":"https:\/\/sarmiento24h.com\/index.php?rest_route=\/wp\/v2\/posts\/409888","targetHints":{"allow":["GET"]}}],"collection":[{"href":"https:\/\/sarmiento24h.com\/index.php?rest_route=\/wp\/v2\/posts"}],"about":[{"href":"https:\/\/sarmiento24h.com\/index.php?rest_route=\/wp\/v2\/types\/post"}],"author":[{"embeddable":true,"href":"https:\/\/sarmiento24h.com\/index.php?rest_route=\/wp\/v2\/users\/1"}],"replies":[{"embeddable":true,"href":"https:\/\/sarmiento24h.com\/index.php?rest_route=%2Fwp%2Fv2%2Fcomments&post=409888"}],"version-history":[{"count":0,"href":"https:\/\/sarmiento24h.com\/index.php?rest_route=\/wp\/v2\/posts\/409888\/revisions"}],"wp:featuredmedia":[{"embeddable":true,"href":"https:\/\/sarmiento24h.com\/index.php?rest_route=\/wp\/v2\/media\/409889"}],"wp:attachment":[{"href":"https:\/\/sarmiento24h.com\/index.php?rest_route=%2Fwp%2Fv2%2Fmedia&parent=409888"}],"wp:term":[{"taxonomy":"category","embeddable":true,"href":"https:\/\/sarmiento24h.com\/index.php?rest_route=%2Fwp%2Fv2%2Fcategories&post=409888"},{"taxonomy":"post_tag","embeddable":true,"href":"https:\/\/sarmiento24h.com\/index.php?rest_route=%2Fwp%2Fv2%2Ftags&post=409888"}],"curies":[{"name":"wp","href":"https:\/\/api.w.org\/{rel}","templated":true}]}}