{"id":409890,"date":"2026-09-02T13:55:07","date_gmt":"2026-09-02T13:55:07","guid":{"rendered":"https:\/\/diariodigitalrd.com\/?p=717287"},"modified":"2026-09-02T13:55:07","modified_gmt":"2026-09-02T13:55:07","slug":"mescyt-avanza-evaluacion-del-instituto-profesor-juan-bosch","status":"publish","type":"post","link":"https:\/\/sarmiento24h.com\/?p=409890","title":{"rendered":"MESCyT avanza evaluaci\u00f3n del Instituto Profesor Juan Bosch"},"content":{"rendered":"<div><img decoding=\"async\" src=\"https:\/\/diariodigitalrd.b-cdn.net\/2017\/08\/cropped-Diario-Digital-LOGO-512-2-300x300.png\" class=\"ff-og-image-inserted\"><\/div>\n<h3 class=\"wp-block-heading\">Ministro Rafael Santos Bad\u00eda afirma que plan acad\u00e9mico, estructura y reglamentos cumplen condiciones para su reconocimiento<\/h3>\n<p class=\"has-drop-cap has-medium-font-size wp-block-paragraph\">El <strong>Ministerio de Educaci\u00f3n Superior, Ciencia y Tecnolog\u00eda (MESCyT)<\/strong> inform\u00f3 avances en el proceso de evaluaci\u00f3n del Instituto de Formaci\u00f3n Pol\u00edtica Profesor Juan Bosch, iniciativa impulsada por el Partido de la Liberaci\u00f3n Dominicana (PLD) que busca obtener el reconocimiento como <strong>instituci\u00f3n de educaci\u00f3n superior<\/strong> en Rep\u00fablica Dominicana.<\/p>\n<p class=\"wp-block-paragraph\">El ministro del MESCyT, <strong>Rafael Santos Bad\u00eda<\/strong>, recibi\u00f3 una comisi\u00f3n del Consejo Acad\u00e9mico del instituto para conocer los resultados del proceso, que contempla la revisi\u00f3n de sus componentes acad\u00e9micos, organizativos y normativos.<\/p>\n<p class=\"wp-block-paragraph\">Santos Bad\u00eda destac\u00f3 que hasta el momento fueron evaluados elementos fundamentales de la propuesta, entre ellos el <strong>plan acad\u00e9mico, la estructura institucional y los reglamentos<\/strong>.<\/p>\n<p class=\"wp-block-paragraph\">\u201cMe da mucho gusto informar al pa\u00eds que todas las evaluaciones del plan acad\u00e9mico, la estructura y los reglamentos de este instituto re\u00fanen las condiciones para otorgarle el reconocimiento\u201d, afirm\u00f3 el funcionario.<\/p>\n<p class=\"wp-block-paragraph\">El ministro explic\u00f3 que la <strong>comisi\u00f3n t\u00e9cnica<\/strong> responsable de conocer el expediente se reunir\u00e1 el pr\u00f3ximo viernes, despu\u00e9s de haber realizado la visita de evaluaci\u00f3n al instituto, como parte del procedimiento establecido para este tipo de solicitudes.<\/p>\n<p class=\"wp-block-paragraph\">No obstante, Santos Bad\u00eda precis\u00f3 que la decisi\u00f3n deber\u00e1 producirse conforme a las instancias <strong>t\u00e9cnicas, normativas e institucionales<\/strong> correspondientes.<\/p>\n<p class=\"wp-block-paragraph\">Durante el encuentro tambi\u00e9n resalt\u00f3 la importancia de iniciativas orientadas a fortalecer la formaci\u00f3n acad\u00e9mica en \u00e1reas relacionadas con la <strong>ciudadan\u00eda, gesti\u00f3n p\u00fablica, pensamiento pol\u00edtico y transformaci\u00f3n tecnol\u00f3gica<\/strong>.<\/p>\n<p class=\"wp-block-paragraph\">Asimismo, destac\u00f3 que la propuesta acad\u00e9mica procura trascender el \u00e1mbito partidario y abrirse a ciudadanos interesados en una formaci\u00f3n especializada, adem\u00e1s de los militantes del PLD.<\/p>\n<h3 class=\"wp-block-heading\">Pujols destaca formaci\u00f3n pol\u00edtica y tecnolog\u00eda<\/h3>\n<p class=\"wp-block-paragraph\">El secretario general del PLD, <strong>Johnny Pujols<\/strong>, agradeci\u00f3 al ministro Santos Bad\u00eda y al equipo t\u00e9cnico del MESCyT por la atenci\u00f3n ofrecida al proceso de evaluaci\u00f3n.<\/p>\n<p class=\"wp-block-paragraph\">Pujols se\u00f1al\u00f3 que para la organizaci\u00f3n es relevante disponer de espacios formales de <strong>formaci\u00f3n pol\u00edtica y acad\u00e9mica<\/strong>, al tiempo que destac\u00f3 la necesidad de incorporar conocimientos tecnol\u00f3gicos ante los cambios que experimentan la sociedad y la actividad pol\u00edtica.<\/p>\n<p class=\"wp-block-paragraph\">\u201cPara nosotros es clave la formaci\u00f3n, la formaci\u00f3n pol\u00edtica, pero tambi\u00e9n la tecnolog\u00eda. Es un gran desaf\u00edo que tiene la pol\u00edtica y que tiene el pa\u00eds\u201d, expres\u00f3.<\/p>\n<h3 class=\"wp-block-heading\">Alejandrina Germ\u00e1n valora posible reconocimiento<\/h3>\n<p class=\"wp-block-paragraph\">La presidenta del Instituto de Formaci\u00f3n Pol\u00edtica Profesor Juan Bosch, <strong>Alejandrina Germ\u00e1n<\/strong>, calific\u00f3 de significativo el proceso de evaluaci\u00f3n y manifest\u00f3 su expectativa de que la entidad pueda alcanzar la categor\u00eda de instituci\u00f3n de educaci\u00f3n superior.<\/p>\n<p class=\"wp-block-paragraph\">Germ\u00e1n consider\u00f3 que obtener esa condici\u00f3n representar\u00eda un paso importante para el proyecto acad\u00e9mico que desarrolla el instituto.<\/p>\n<p class=\"wp-block-paragraph\">El proceso se encuentra bajo las competencias del <strong>MESCyT<\/strong>, que eval\u00faa el cumplimiento de los requisitos acad\u00e9micos, institucionales y normativos aplicables a las entidades que aspiran a ser reconocidas como instituciones de educaci\u00f3n superior.<\/p>\n<p class=\"wp-block-paragraph\">De concretarse el reconocimiento, el Instituto de Formaci\u00f3n Pol\u00edtica Profesor Juan Bosch podr\u00eda ampliar su propuesta acad\u00e9mica dentro del marco regulatorio de la educaci\u00f3n superior dominicana, conforme al alcance de la autorizaci\u00f3n correspondiente.<\/p>\n","protected":false},"excerpt":{"rendered":"<p>Ministro Rafael Santos Bad\u00eda afirma que plan&#46;&#46;&#46;<\/p>\n","protected":false},"author":1,"featured_media":409891,"comment_status":"closed","ping_status":"closed","sticky":false,"template":"","format":"standard","meta":{"_jetpack_newsletter_access":"","_jetpack_dont_email_post_to_subs":false,"_jetpack_newsletter_tier_id":0,"_jetpack_memberships_contains_paywalled_content":false,"_jetpack_feature_clip_id":0,"_jetpack_memberships_contains_paid_content":false,"footnotes":"","jetpack_publicize_message":"","jetpack_publicize_feature_enabled":true,"jetpack_social_post_already_shared":true,"jetpack_social_options":{"image_generator_settings":{"template":"highway","default_image_id":0,"font":"","enabled":false},"version":2},"jetpack_post_was_ever_published":false},"categories":[59,61],"tags":[],"class_list":["post-409890","post","type-post","status-publish","format-standard","has-post-thumbnail","hentry","category-actualidad","category-politica"],"yoast_head":"<!-- This site is optimized with the Yoast SEO plugin v28.1 - https:\/\/yoast.com\/product\/yoast-seo-wordpress\/ -->\n<title>MESCyT avanza evaluaci\u00f3n del Instituto Profesor Juan Bosch - Sarmiento24h<\/title>\n<meta name=\"robots\" content=\"index, follow, max-snippet:-1, max-image-preview:large, max-video-preview:-1\" \/>\n<link rel=\"canonical\" href=\"https:\/\/sarmiento24h.com\/?p=409890\" \/>\n<meta property=\"og:locale\" content=\"es_ES\" \/>\n<meta property=\"og:type\" content=\"article\" \/>\n<meta property=\"og:title\" content=\"MESCyT avanza evaluaci\u00f3n del Instituto Profesor Juan Bosch - Sarmiento24h\" \/>\n<meta property=\"og:description\" content=\"Ministro Rafael Santos Bad\u00eda afirma que plan&#046;&#046;&#046;\" \/>\n<meta property=\"og:url\" content=\"https:\/\/sarmiento24h.com\/?p=409890\" \/>\n<meta property=\"og:site_name\" content=\"Sarmiento24h\" \/>\n<meta property=\"article:publisher\" content=\"https:\/\/facebook.com\/s24hnoticias\" \/>\n<meta property=\"article:published_time\" content=\"2026-09-02T13:55:07+00:00\" \/>\n<meta property=\"og:image\" content=\"https:\/\/diariodigitalrd.b-cdn.net\/2017\/08\/cropped-Diario-Digital-LOGO-512-2-300x300.png\" \/>\n<meta name=\"author\" content=\"sarmiento24h@gmail.com\" \/>\n<meta name=\"twitter:card\" content=\"summary_large_image\" \/>\n<meta name=\"twitter:creator\" content=\"@sarmiento24h\" \/>\n<meta name=\"twitter:site\" content=\"@sarmiento24h\" \/>\n<meta name=\"twitter:label1\" content=\"Escrito por\" \/>\n\t<meta name=\"twitter:data1\" content=\"sarmiento24h@gmail.com\" \/>\n\t<meta name=\"twitter:label2\" content=\"Tiempo de lectura\" \/>\n\t<meta name=\"twitter:data2\" content=\"3 minutos\" \/>\n<script type=\"application\/ld+json\" class=\"yoast-schema-graph\">{\"@context\":\"https:\\\/\\\/schema.org\",\"@graph\":[{\"@type\":\"Article\",\"@id\":\"https:\\\/\\\/sarmiento24h.com\\\/?p=409890#article\",\"isPartOf\":{\"@id\":\"https:\\\/\\\/sarmiento24h.com\\\/?p=409890\"},\"author\":{\"name\":\"sarmiento24h@gmail.com\",\"@id\":\"https:\\\/\\\/sarmiento24h.com\\\/#\\\/schema\\\/person\\\/d653a59725ad629a7e0429af7b939d4d\"},\"headline\":\"MESCyT avanza evaluaci\u00f3n del Instituto Profesor Juan Bosch\",\"datePublished\":\"2026-09-02T13:55:07+00:00\",\"mainEntityOfPage\":{\"@id\":\"https:\\\/\\\/sarmiento24h.com\\\/?p=409890\"},\"wordCount\":578,\"publisher\":{\"@id\":\"https:\\\/\\\/sarmiento24h.com\\\/#organization\"},\"image\":{\"@id\":\"https:\\\/\\\/sarmiento24h.com\\\/?p=409890#primaryimage\"},\"thumbnailUrl\":\"https:\\\/\\\/sarmiento24h.com\\\/wp-content\\\/uploads\\\/2026\\\/09\\\/mescyt-avanza-evaluacion-del-instituto-profesor-juan-bosch.png\",\"articleSection\":[\"Actualidad\",\"Politica\"],\"inLanguage\":\"es\"},{\"@type\":\"WebPage\",\"@id\":\"https:\\\/\\\/sarmiento24h.com\\\/?p=409890\",\"url\":\"https:\\\/\\\/sarmiento24h.com\\\/?p=409890\",\"name\":\"MESCyT avanza evaluaci\u00f3n del Instituto Profesor Juan Bosch - Sarmiento24h\",\"isPartOf\":{\"@id\":\"https:\\\/\\\/sarmiento24h.com\\\/#website\"},\"primaryImageOfPage\":{\"@id\":\"https:\\\/\\\/sarmiento24h.com\\\/?p=409890#primaryimage\"},\"image\":{\"@id\":\"https:\\\/\\\/sarmiento24h.com\\\/?p=409890#primaryimage\"},\"thumbnailUrl\":\"https:\\\/\\\/sarmiento24h.com\\\/wp-content\\\/uploads\\\/2026\\\/09\\\/mescyt-avanza-evaluacion-del-instituto-profesor-juan-bosch.png\",\"datePublished\":\"2026-09-02T13:55:07+00:00\",\"breadcrumb\":{\"@id\":\"https:\\\/\\\/sarmiento24h.com\\\/?p=409890#breadcrumb\"},\"inLanguage\":\"es\",\"potentialAction\":[{\"@type\":\"ReadAction\",\"target\":[\"https:\\\/\\\/sarmiento24h.com\\\/?p=409890\"]}]},{\"@type\":\"ImageObject\",\"inLanguage\":\"es\",\"@id\":\"https:\\\/\\\/sarmiento24h.com\\\/?p=409890#primaryimage\",\"url\":\"https:\\\/\\\/sarmiento24h.com\\\/wp-content\\\/uploads\\\/2026\\\/09\\\/mescyt-avanza-evaluacion-del-instituto-profesor-juan-bosch.png\",\"contentUrl\":\"https:\\\/\\\/sarmiento24h.com\\\/wp-content\\\/uploads\\\/2026\\\/09\\\/mescyt-avanza-evaluacion-del-instituto-profesor-juan-bosch.png\",\"width\":300,\"height\":300},{\"@type\":\"BreadcrumbList\",\"@id\":\"https:\\\/\\\/sarmiento24h.com\\\/?p=409890#breadcrumb\",\"itemListElement\":[{\"@type\":\"ListItem\",\"position\":1,\"name\":\"Home\",\"item\":\"https:\\\/\\\/sarmiento24h.com\\\/\"},{\"@type\":\"ListItem\",\"position\":2,\"name\":\"MESCyT avanza evaluaci\u00f3n del Instituto Profesor Juan Bosch\"}]},{\"@type\":\"WebSite\",\"@id\":\"https:\\\/\\\/sarmiento24h.com\\\/#website\",\"url\":\"https:\\\/\\\/sarmiento24h.com\\\/\",\"name\":\"Sarmiento24h\",\"description\":\"\",\"publisher\":{\"@id\":\"https:\\\/\\\/sarmiento24h.com\\\/#organization\"},\"potentialAction\":[{\"@type\":\"SearchAction\",\"target\":{\"@type\":\"EntryPoint\",\"urlTemplate\":\"https:\\\/\\\/sarmiento24h.com\\\/?s={search_term_string}\"},\"query-input\":{\"@type\":\"PropertyValueSpecification\",\"valueRequired\":true,\"valueName\":\"search_term_string\"}}],\"inLanguage\":\"es\"},{\"@type\":\"Organization\",\"@id\":\"https:\\\/\\\/sarmiento24h.com\\\/#organization\",\"name\":\"Sarmiento24h\",\"url\":\"https:\\\/\\\/sarmiento24h.com\\\/\",\"logo\":{\"@type\":\"ImageObject\",\"inLanguage\":\"es\",\"@id\":\"https:\\\/\\\/sarmiento24h.com\\\/#\\\/schema\\\/logo\\\/image\\\/\",\"url\":\"https:\\\/\\\/sarmiento24h.com\\\/wp-content\\\/uploads\\\/2025\\\/12\\\/AddText_12-16-10.30.52.jpg\",\"contentUrl\":\"https:\\\/\\\/sarmiento24h.com\\\/wp-content\\\/uploads\\\/2025\\\/12\\\/AddText_12-16-10.30.52.jpg\",\"width\":1220,\"height\":324,\"caption\":\"Sarmiento24h\"},\"image\":{\"@id\":\"https:\\\/\\\/sarmiento24h.com\\\/#\\\/schema\\\/logo\\\/image\\\/\"},\"sameAs\":[\"https:\\\/\\\/facebook.com\\\/s24hnoticias\",\"https:\\\/\\\/x.com\\\/sarmiento24h\"]},{\"@type\":\"Person\",\"@id\":\"https:\\\/\\\/sarmiento24h.com\\\/#\\\/schema\\\/person\\\/d653a59725ad629a7e0429af7b939d4d\",\"name\":\"sarmiento24h@gmail.com\",\"image\":{\"@type\":\"ImageObject\",\"inLanguage\":\"es\",\"@id\":\"https:\\\/\\\/sarmiento24h.com\\\/wp-content\\\/litespeed\\\/avatar\\\/d02cbc4e23c747e6659cd45907173c8f.jpg?ver=1788047690\",\"url\":\"https:\\\/\\\/sarmiento24h.com\\\/wp-content\\\/litespeed\\\/avatar\\\/d02cbc4e23c747e6659cd45907173c8f.jpg?ver=1788047690\",\"contentUrl\":\"https:\\\/\\\/sarmiento24h.com\\\/wp-content\\\/litespeed\\\/avatar\\\/d02cbc4e23c747e6659cd45907173c8f.jpg?ver=1788047690\",\"caption\":\"sarmiento24h@gmail.com\"},\"sameAs\":[\"https:\\\/\\\/sarmiento24h.com\"],\"url\":\"https:\\\/\\\/sarmiento24h.com\\\/?author=1\"}]}<\/script>\n<!-- \/ Yoast SEO plugin. -->","yoast_head_json":{"title":"MESCyT avanza evaluaci\u00f3n del Instituto Profesor Juan Bosch - Sarmiento24h","robots":{"index":"index","follow":"follow","max-snippet":"max-snippet:-1","max-image-preview":"max-image-preview:large","max-video-preview":"max-video-preview:-1"},"canonical":"https:\/\/sarmiento24h.com\/?p=409890","og_locale":"es_ES","og_type":"article","og_title":"MESCyT avanza evaluaci\u00f3n del Instituto Profesor Juan Bosch - Sarmiento24h","og_description":"Ministro Rafael Santos Bad\u00eda afirma que plan&#46;&#46;&#46;","og_url":"https:\/\/sarmiento24h.com\/?p=409890","og_site_name":"Sarmiento24h","article_publisher":"https:\/\/facebook.com\/s24hnoticias","article_published_time":"2026-09-02T13:55:07+00:00","og_image":[{"url":"https:\/\/diariodigitalrd.b-cdn.net\/2017\/08\/cropped-Diario-Digital-LOGO-512-2-300x300.png","type":"","width":"","height":""}],"author":"sarmiento24h@gmail.com","twitter_card":"summary_large_image","twitter_creator":"@sarmiento24h","twitter_site":"@sarmiento24h","twitter_misc":{"Escrito por":"sarmiento24h@gmail.com","Tiempo de lectura":"3 minutos"},"schema":{"@context":"https:\/\/schema.org","@graph":[{"@type":"Article","@id":"https:\/\/sarmiento24h.com\/?p=409890#article","isPartOf":{"@id":"https:\/\/sarmiento24h.com\/?p=409890"},"author":{"name":"sarmiento24h@gmail.com","@id":"https:\/\/sarmiento24h.com\/#\/schema\/person\/d653a59725ad629a7e0429af7b939d4d"},"headline":"MESCyT avanza evaluaci\u00f3n del Instituto Profesor Juan Bosch","datePublished":"2026-09-02T13:55:07+00:00","mainEntityOfPage":{"@id":"https:\/\/sarmiento24h.com\/?p=409890"},"wordCount":578,"publisher":{"@id":"https:\/\/sarmiento24h.com\/#organization"},"image":{"@id":"https:\/\/sarmiento24h.com\/?p=409890#primaryimage"},"thumbnailUrl":"https:\/\/sarmiento24h.com\/wp-content\/uploads\/2026\/09\/mescyt-avanza-evaluacion-del-instituto-profesor-juan-bosch.png","articleSection":["Actualidad","Politica"],"inLanguage":"es"},{"@type":"WebPage","@id":"https:\/\/sarmiento24h.com\/?p=409890","url":"https:\/\/sarmiento24h.com\/?p=409890","name":"MESCyT avanza evaluaci\u00f3n del Instituto Profesor Juan Bosch - Sarmiento24h","isPartOf":{"@id":"https:\/\/sarmiento24h.com\/#website"},"primaryImageOfPage":{"@id":"https:\/\/sarmiento24h.com\/?p=409890#primaryimage"},"image":{"@id":"https:\/\/sarmiento24h.com\/?p=409890#primaryimage"},"thumbnailUrl":"https:\/\/sarmiento24h.com\/wp-content\/uploads\/2026\/09\/mescyt-avanza-evaluacion-del-instituto-profesor-juan-bosch.png","datePublished":"2026-09-02T13:55:07+00:00","breadcrumb":{"@id":"https:\/\/sarmiento24h.com\/?p=409890#breadcrumb"},"inLanguage":"es","potentialAction":[{"@type":"ReadAction","target":["https:\/\/sarmiento24h.com\/?p=409890"]}]},{"@type":"ImageObject","inLanguage":"es","@id":"https:\/\/sarmiento24h.com\/?p=409890#primaryimage","url":"https:\/\/sarmiento24h.com\/wp-content\/uploads\/2026\/09\/mescyt-avanza-evaluacion-del-instituto-profesor-juan-bosch.png","contentUrl":"https:\/\/sarmiento24h.com\/wp-content\/uploads\/2026\/09\/mescyt-avanza-evaluacion-del-instituto-profesor-juan-bosch.png","width":300,"height":300},{"@type":"BreadcrumbList","@id":"https:\/\/sarmiento24h.com\/?p=409890#breadcrumb","itemListElement":[{"@type":"ListItem","position":1,"name":"Home","item":"https:\/\/sarmiento24h.com\/"},{"@type":"ListItem","position":2,"name":"MESCyT avanza evaluaci\u00f3n del Instituto Profesor Juan Bosch"}]},{"@type":"WebSite","@id":"https:\/\/sarmiento24h.com\/#website","url":"https:\/\/sarmiento24h.com\/","name":"Sarmiento24h","description":"","publisher":{"@id":"https:\/\/sarmiento24h.com\/#organization"},"potentialAction":[{"@type":"SearchAction","target":{"@type":"EntryPoint","urlTemplate":"https:\/\/sarmiento24h.com\/?s={search_term_string}"},"query-input":{"@type":"PropertyValueSpecification","valueRequired":true,"valueName":"search_term_string"}}],"inLanguage":"es"},{"@type":"Organization","@id":"https:\/\/sarmiento24h.com\/#organization","name":"Sarmiento24h","url":"https:\/\/sarmiento24h.com\/","logo":{"@type":"ImageObject","inLanguage":"es","@id":"https:\/\/sarmiento24h.com\/#\/schema\/logo\/image\/","url":"https:\/\/sarmiento24h.com\/wp-content\/uploads\/2025\/12\/AddText_12-16-10.30.52.jpg","contentUrl":"https:\/\/sarmiento24h.com\/wp-content\/uploads\/2025\/12\/AddText_12-16-10.30.52.jpg","width":1220,"height":324,"caption":"Sarmiento24h"},"image":{"@id":"https:\/\/sarmiento24h.com\/#\/schema\/logo\/image\/"},"sameAs":["https:\/\/facebook.com\/s24hnoticias","https:\/\/x.com\/sarmiento24h"]},{"@type":"Person","@id":"https:\/\/sarmiento24h.com\/#\/schema\/person\/d653a59725ad629a7e0429af7b939d4d","name":"sarmiento24h@gmail.com","image":{"@type":"ImageObject","inLanguage":"es","@id":"https:\/\/sarmiento24h.com\/wp-content\/litespeed\/avatar\/d02cbc4e23c747e6659cd45907173c8f.jpg?ver=1788047690","url":"https:\/\/sarmiento24h.com\/wp-content\/litespeed\/avatar\/d02cbc4e23c747e6659cd45907173c8f.jpg?ver=1788047690","contentUrl":"https:\/\/sarmiento24h.com\/wp-content\/litespeed\/avatar\/d02cbc4e23c747e6659cd45907173c8f.jpg?ver=1788047690","caption":"sarmiento24h@gmail.com"},"sameAs":["https:\/\/sarmiento24h.com"],"url":"https:\/\/sarmiento24h.com\/?author=1"}]}},"jetpack_publicize_connections":[],"jetpack_featured_media_url":"https:\/\/sarmiento24h.com\/wp-content\/uploads\/2026\/09\/mescyt-avanza-evaluacion-del-instituto-profesor-juan-bosch.png","jetpack_sharing_enabled":true,"_links":{"self":[{"href":"https:\/\/sarmiento24h.com\/index.php?rest_route=\/wp\/v2\/posts\/409890","targetHints":{"allow":["GET"]}}],"collection":[{"href":"https:\/\/sarmiento24h.com\/index.php?rest_route=\/wp\/v2\/posts"}],"about":[{"href":"https:\/\/sarmiento24h.com\/index.php?rest_route=\/wp\/v2\/types\/post"}],"author":[{"embeddable":true,"href":"https:\/\/sarmiento24h.com\/index.php?rest_route=\/wp\/v2\/users\/1"}],"replies":[{"embeddable":true,"href":"https:\/\/sarmiento24h.com\/index.php?rest_route=%2Fwp%2Fv2%2Fcomments&post=409890"}],"version-history":[{"count":0,"href":"https:\/\/sarmiento24h.com\/index.php?rest_route=\/wp\/v2\/posts\/409890\/revisions"}],"wp:featuredmedia":[{"embeddable":true,"href":"https:\/\/sarmiento24h.com\/index.php?rest_route=\/wp\/v2\/media\/409891"}],"wp:attachment":[{"href":"https:\/\/sarmiento24h.com\/index.php?rest_route=%2Fwp%2Fv2%2Fmedia&parent=409890"}],"wp:term":[{"taxonomy":"category","embeddable":true,"href":"https:\/\/sarmiento24h.com\/index.php?rest_route=%2Fwp%2Fv2%2Fcategories&post=409890"},{"taxonomy":"post_tag","embeddable":true,"href":"https:\/\/sarmiento24h.com\/index.php?rest_route=%2Fwp%2Fv2%2Ftags&post=409890"}],"curies":[{"name":"wp","href":"https:\/\/api.w.org\/{rel}","templated":true}]}}