{"id":409920,"date":"2026-09-02T15:02:30","date_gmt":"2026-09-02T15:02:30","guid":{"rendered":"http:\/\/7046c31e-a5b0-11f1-9c08-933ab57e7974"},"modified":"2026-09-02T15:02:30","modified_gmt":"2026-09-02T15:02:30","slug":"el-fin-de-una-era-el-sonoro-adios-de-lionel-messi-a-la-seleccion-argentina","status":"publish","type":"post","link":"https:\/\/sarmiento24h.com\/?p=409920","title":{"rendered":"El fin de una era: el sonoro adi\u00f3s de Lionel Messi a la Selecci\u00f3n argentina"},"content":{"rendered":"<div class=\"o-video-player o-video-player--16x9 t-content__main-media \" data-media-video-19f00760-9a0b-437c-bd09-8d20d1b80425 data-show-hidden-video-player=\"19F00760-9A0B-437C-BD09-8D20D1B80425\" data-wrapper-video-player data-autoplay-video-link data-youtube-script>\n<div class=\"o-em-consent \" readability=\"7\">\n<div class=\"o-em-consent__content\" readability=\"9\">\n<p class=\"o-em-consent__content__text\">Para mostrar este contenido de YouTube, debe autorizar las cookies de medici\u00f3n de audiencia y publicidad.<\/p>\n<p> <button class=\"a-master-button a-master-button--dark\" data-action=\"accept\"> Aceptar <svg class=\"a-svg a-svg--icon-check\"> <use xlink:href=\"\/build\/images\/svg\/sprite.1af31c2f854b10d5fc5627a4f4fa61be.svg#icon-check\" href=\"\/build\/images\/svg\/sprite.1af31c2f854b10d5fc5627a4f4fa61be.svg#icon-check\" \/> <\/svg> <\/button> <button class=\"a-link\" data-action=\"manage\">Gestionar mis opciones <svg class=\"a-svg a-svg--icon-edit\"> <use xlink:href=\"\/build\/images\/svg\/sprite.1af31c2f854b10d5fc5627a4f4fa61be.svg#icon-edit\" href=\"\/build\/images\/svg\/sprite.1af31c2f854b10d5fc5627a4f4fa61be.svg#icon-edit\" \/> <\/svg><br \/>\n<\/button> <\/div>\n<\/div>\n<div class=\"o-em-adblock\" data-adblock-content readability=\"7\">\n<div class=\"o-em-adblock__content\" readability=\"9\">\n<p class=\"o-em-adblock__content__text\">Una extensi\u00f3n de tu navegador parece estar bloqueando la carga del reproductor de video. Para poder ver este contenido, debes desactivarla en este sitio.<\/p>\n<p> <button class=\"a-master-button a-master-button--dark\" data-action=\"reload\">Reintentar<\/button> <\/div>\n<\/div>\n<figure class=\"m-item-image m-item-image--16x9 m-item-image--has-caption\"> <picture class=\"a-picture a-picture--16x9\"><source type=\"image\/webp\" srcset=\"https:\/\/s.france24.com\/media\/display\/4347f082-a5af-11f1-af5c-005056a90284\/w:388\/p:16x9\/2026-08-31T172705Z-1008962722-RC2S9NAI7KHX-RTRMADP-3-SOCCER-ARGENTINA-MESSI.webp 388w, https:\/\/s.france24.com\/media\/display\/4347f082-a5af-11f1-af5c-005056a90284\/w:720\/p:16x9\/2026-08-31T172705Z-1008962722-RC2S9NAI7KHX-RTRMADP-3-SOCCER-ARGENTINA-MESSI.webp 720w, https:\/\/s.france24.com\/media\/display\/4347f082-a5af-11f1-af5c-005056a90284\/w:1024\/p:16x9\/2026-08-31T172705Z-1008962722-RC2S9NAI7KHX-RTRMADP-3-SOCCER-ARGENTINA-MESSI.webp 1024w\" sizes=\"(max-width: 1076px) 100vw, 1012px\"><img fetchpriority=\"high\" decoding=\"auto\" src=\"https:\/\/s.france24.com\/media\/display\/4347f082-a5af-11f1-af5c-005056a90284\/w:1024\/p:16x9\/2026-08-31T172705Z-1008962722-RC2S9NAI7KHX-RTRMADP-3-SOCCER-ARGENTINA-MESSI.jpg\" srcset=\"https:\/\/s.france24.com\/media\/display\/4347f082-a5af-11f1-af5c-005056a90284\/w:388\/p:16x9\/2026-08-31T172705Z-1008962722-RC2S9NAI7KHX-RTRMADP-3-SOCCER-ARGENTINA-MESSI.jpg 388w, https:\/\/s.france24.com\/media\/display\/4347f082-a5af-11f1-af5c-005056a90284\/w:720\/p:16x9\/2026-08-31T172705Z-1008962722-RC2S9NAI7KHX-RTRMADP-3-SOCCER-ARGENTINA-MESSI.jpg 720w, https:\/\/s.france24.com\/media\/display\/4347f082-a5af-11f1-af5c-005056a90284\/w:1024\/p:16x9\/2026-08-31T172705Z-1008962722-RC2S9NAI7KHX-RTRMADP-3-SOCCER-ARGENTINA-MESSI.jpg 1024w\" sizes=\"(max-width: 1076px) 100vw, 1012px\" width=\"1024\" height=\"576\" alt=\"Un mural en honor a Lionel Messi quien anunci\u00f3 su retiro de la selecci\u00f3n nacional el 31 de agosto de 2026.\" loading=\"eager\" class=\"a-img \">\n<\/picture><figcaption class=\"a-figcaption\"> Imagen de portada: Un mural en honor a Lionel Messi quien anunci\u00f3 su retiro de la selecci\u00f3n nacional el 31 de agosto de 2026. \u00a9 Agustin Marcarian <\/figcaption><\/figure>\n<\/p><\/div>\n<div class=\"t-content__metadata\" readability=\"6\">\n<div class=\"t-content__dates\" readability=\"7\">\n<p class=\"m-pub-dates\"><span class=\"m-pub-dates__date\">Primera modificaci\u00f3n: <time datetime=\"2026-09-02T14:53:08+00:00\" pubdate=\"pubdate\">02\/09\/2026 &#8211; 16:53<\/time><\/span><\/p>\n<\/p><\/div>\n<p> <svg class=\"a-svg a-svg--icon-replay\"> <use xlink:href=\"\/build\/images\/svg\/sprite.1af31c2f854b10d5fc5627a4f4fa61be.svg#icon-replay\" href=\"\/build\/images\/svg\/sprite.1af31c2f854b10d5fc5627a4f4fa61be.svg#icon-replay\" \/> <\/svg> 04:10 min <\/p>\n<\/p><\/div>\n<p> <a href=\"https:\/\/www.france24.com\/es\/programas\/deportes\/\" class=\"t-content__program m-program\"> <\/p>\n<p>Viene del show<\/p>\n<p> <svg class=\"a-svg a-svg--icon-caret-right a-svg--rotate-minus-90\"> <use xlink:href=\"\/build\/images\/svg\/sprite.1af31c2f854b10d5fc5627a4f4fa61be.svg#icon-caret-down\" href=\"\/build\/images\/svg\/sprite.1af31c2f854b10d5fc5627a4f4fa61be.svg#icon-caret-down\" \/> <\/svg> <picture class=\"a-picture a-picture--original\"> <img fetchpriority=\"low\" decoding=\"async\" src=\"https:\/\/s.france24.com\/media\/display\/20f62d64-100c-11ee-afae-005056bf30b7\/ES-deportes.svg\" srcset=\"https:\/\/s.france24.com\/media\/display\/20f62d64-100c-11ee-afae-005056bf30b7\/ES-deportes.svg\" alt=\"Deportes\" loading=\"eager\" class=\"a-img a-img--svg\">\n<\/picture> <\/a> <\/p>\n<p> <svg class=\"a-svg a-svg--icon-clock\"> <use xlink:href=\"\/build\/images\/svg\/sprite.1af31c2f854b10d5fc5627a4f4fa61be.svg#icon-clock\" href=\"\/build\/images\/svg\/sprite.1af31c2f854b10d5fc5627a4f4fa61be.svg#icon-clock\" \/> <\/svg> <span class=\"t-content__reading-time__label\">Tiempo de lectura<\/span> 1 min<\/p>\n<p class=\"t-content__chapo\"> En una carta, escrita dos d\u00edas despu\u00e9s de caer en la final ante Espa\u00f1a pero publicada en redes sociales el 31 de agosto, el astro argentino se despidi\u00f3 del combinado albiceleste, el cual defendi\u00f3 por 21 a\u00f1os. Messi se hab\u00eda convertido en un emblema para el once que dirige Lionel Scaloni, a quien ayud\u00f3 para ganar cuatro t\u00edtulos, entre ellos la Copa del Mundo de 2022. Tras su salida queda la expectativa sobre qui\u00e9n podr\u00e1 tomar su testigo en la absoluta argentina. <\/p>\n<div class=\"t-content__authors t-content__authors--multiple\">\n<div class=\"m-from-author\"> <span class=\"m-from-author__by-label\"> Por: <\/span> <\/p>\n<div class=\"m-author m-author--small m-author--has-image\">\n<div class=\"m-author__image\"> <picture class=\"a-picture a-picture--1x1\"><source type=\"image\/webp\" srcset=\"https:\/\/s.france24.com\/media\/display\/88de3c52-e78b-11ef-a2e9-005056bf30b7\/w:177\/p:1x1\/logo_france24_RVB-circlesafe.webp 177w, https:\/\/s.france24.com\/media\/display\/88de3c52-e78b-11ef-a2e9-005056bf30b7\/w:388\/p:1x1\/logo_france24_RVB-circlesafe.webp 388w\" sizes=\"(max-width: 639px) 100px, 170px\"><img fetchpriority=\"low\" decoding=\"async\" src=\"https:\/\/s.france24.com\/media\/display\/88de3c52-e78b-11ef-a2e9-005056bf30b7\/w:388\/p:1x1\/logo_france24_RVB-circlesafe.png\" srcset=\"https:\/\/s.france24.com\/media\/display\/88de3c52-e78b-11ef-a2e9-005056bf30b7\/w:177\/p:1x1\/logo_france24_RVB-circlesafe.png 177w, https:\/\/s.france24.com\/media\/display\/88de3c52-e78b-11ef-a2e9-005056bf30b7\/w:388\/p:1x1\/logo_france24_RVB-circlesafe.png 388w\" sizes=\"auto, (max-width: 639px) 100px, 170px\" width=\"388\" height=\"388\" alt=\"Logo de France 24\" loading=\"lazy\" class=\"a-img \">\n<\/picture> <\/div>\n<\/p><\/div>\n<\/p><\/div>\n<div class=\"m-from-author\"> <span class=\"m-from-author__by-label\"> V\u00eddeo por: <\/span> <\/p>\n<div class=\"m-author m-author--small m-author--has-image\">\n<div class=\"m-author__image\"> <picture class=\"a-picture a-picture--1x1\"><source type=\"image\/webp\" srcset=\"https:\/\/s.france24.com\/media\/display\/88de3c52-e78b-11ef-a2e9-005056bf30b7\/w:177\/p:1x1\/logo_france24_RVB-circlesafe.webp 177w, https:\/\/s.france24.com\/media\/display\/88de3c52-e78b-11ef-a2e9-005056bf30b7\/w:388\/p:1x1\/logo_france24_RVB-circlesafe.webp 388w\" sizes=\"(max-width: 639px) 100px, 170px\"><img fetchpriority=\"low\" decoding=\"async\" src=\"https:\/\/s.france24.com\/media\/display\/88de3c52-e78b-11ef-a2e9-005056bf30b7\/w:388\/p:1x1\/logo_france24_RVB-circlesafe.png\" srcset=\"https:\/\/s.france24.com\/media\/display\/88de3c52-e78b-11ef-a2e9-005056bf30b7\/w:177\/p:1x1\/logo_france24_RVB-circlesafe.png 177w, https:\/\/s.france24.com\/media\/display\/88de3c52-e78b-11ef-a2e9-005056bf30b7\/w:388\/p:1x1\/logo_france24_RVB-circlesafe.png 388w\" sizes=\"auto, (max-width: 639px) 100px, 170px\" width=\"388\" height=\"388\" alt=\"Logo de France 24\" loading=\"lazy\" class=\"a-img \">\n<\/picture> <\/div>\n<\/p><\/div>\n<\/p><\/div>\n<\/p><\/div>\n","protected":false},"excerpt":{"rendered":"<p>Para mostrar este contenido de YouTube, debe&#46;&#46;&#46;<\/p>\n","protected":false},"author":1,"featured_media":409921,"comment_status":"closed","ping_status":"closed","sticky":false,"template":"","format":"standard","meta":{"_jetpack_newsletter_access":"","_jetpack_dont_email_post_to_subs":false,"_jetpack_newsletter_tier_id":0,"_jetpack_memberships_contains_paywalled_content":false,"_jetpack_feature_clip_id":0,"_jetpack_memberships_contains_paid_content":false,"footnotes":"","jetpack_publicize_message":"","jetpack_publicize_feature_enabled":true,"jetpack_social_post_already_shared":true,"jetpack_social_options":{"image_generator_settings":{"template":"highway","default_image_id":0,"font":"","enabled":false},"version":2},"jetpack_post_was_ever_published":false},"categories":[48,43],"tags":[],"class_list":["post-409920","post","type-post","status-publish","format-standard","has-post-thumbnail","hentry","category-deportes","category-internacionales"],"yoast_head":"<!-- This site is optimized with the Yoast SEO plugin v28.1 - https:\/\/yoast.com\/product\/yoast-seo-wordpress\/ -->\n<title>El fin de una era: el sonoro adi\u00f3s de Lionel Messi a la Selecci\u00f3n argentina - Sarmiento24h<\/title>\n<meta name=\"robots\" content=\"index, follow, max-snippet:-1, max-image-preview:large, max-video-preview:-1\" \/>\n<link rel=\"canonical\" href=\"https:\/\/sarmiento24h.com\/?p=409920\" \/>\n<meta property=\"og:locale\" content=\"es_ES\" \/>\n<meta property=\"og:type\" content=\"article\" \/>\n<meta property=\"og:title\" content=\"El fin de una era: el sonoro adi\u00f3s de Lionel Messi a la Selecci\u00f3n argentina - Sarmiento24h\" \/>\n<meta property=\"og:description\" content=\"Para mostrar este contenido de YouTube, debe&#046;&#046;&#046;\" \/>\n<meta property=\"og:url\" content=\"https:\/\/sarmiento24h.com\/?p=409920\" \/>\n<meta property=\"og:site_name\" content=\"Sarmiento24h\" \/>\n<meta property=\"article:publisher\" content=\"https:\/\/facebook.com\/s24hnoticias\" \/>\n<meta property=\"article:published_time\" content=\"2026-09-02T15:02:30+00:00\" \/>\n<meta property=\"og:image\" content=\"https:\/\/s.france24.com\/media\/display\/4347f082-a5af-11f1-af5c-005056a90284\/w:1024\/p:16x9\/2026-08-31T172705Z-1008962722-RC2S9NAI7KHX-RTRMADP-3-SOCCER-ARGENTINA-MESSI.jpg\" \/>\n<meta name=\"author\" content=\"sarmiento24h@gmail.com\" \/>\n<meta name=\"twitter:card\" content=\"summary_large_image\" \/>\n<meta name=\"twitter:creator\" content=\"@sarmiento24h\" \/>\n<meta name=\"twitter:site\" content=\"@sarmiento24h\" \/>\n<meta name=\"twitter:label1\" content=\"Escrito por\" \/>\n\t<meta name=\"twitter:data1\" content=\"sarmiento24h@gmail.com\" \/>\n\t<meta name=\"twitter:label2\" content=\"Tiempo de lectura\" \/>\n\t<meta name=\"twitter:data2\" content=\"1 minuto\" \/>\n<script type=\"application\/ld+json\" class=\"yoast-schema-graph\">{\"@context\":\"https:\\\/\\\/schema.org\",\"@graph\":[{\"@type\":\"Article\",\"@id\":\"https:\\\/\\\/sarmiento24h.com\\\/?p=409920#article\",\"isPartOf\":{\"@id\":\"https:\\\/\\\/sarmiento24h.com\\\/?p=409920\"},\"author\":{\"name\":\"sarmiento24h@gmail.com\",\"@id\":\"https:\\\/\\\/sarmiento24h.com\\\/#\\\/schema\\\/person\\\/d653a59725ad629a7e0429af7b939d4d\"},\"headline\":\"El fin de una era: el sonoro adi\u00f3s de Lionel Messi a la Selecci\u00f3n argentina\",\"datePublished\":\"2026-09-02T15:02:30+00:00\",\"mainEntityOfPage\":{\"@id\":\"https:\\\/\\\/sarmiento24h.com\\\/?p=409920\"},\"wordCount\":191,\"publisher\":{\"@id\":\"https:\\\/\\\/sarmiento24h.com\\\/#organization\"},\"image\":{\"@id\":\"https:\\\/\\\/sarmiento24h.com\\\/?p=409920#primaryimage\"},\"thumbnailUrl\":\"https:\\\/\\\/sarmiento24h.com\\\/wp-content\\\/uploads\\\/2026\\\/09\\\/el-fin-de-una-era-el-sonoro-adios-de-lionel-messi-a-la-seleccion-argentina.jpg\",\"articleSection\":[\"Deportes\",\"Internacionales\"],\"inLanguage\":\"es\"},{\"@type\":\"WebPage\",\"@id\":\"https:\\\/\\\/sarmiento24h.com\\\/?p=409920\",\"url\":\"https:\\\/\\\/sarmiento24h.com\\\/?p=409920\",\"name\":\"El fin de una era: el sonoro adi\u00f3s de Lionel Messi a la Selecci\u00f3n argentina - Sarmiento24h\",\"isPartOf\":{\"@id\":\"https:\\\/\\\/sarmiento24h.com\\\/#website\"},\"primaryImageOfPage\":{\"@id\":\"https:\\\/\\\/sarmiento24h.com\\\/?p=409920#primaryimage\"},\"image\":{\"@id\":\"https:\\\/\\\/sarmiento24h.com\\\/?p=409920#primaryimage\"},\"thumbnailUrl\":\"https:\\\/\\\/sarmiento24h.com\\\/wp-content\\\/uploads\\\/2026\\\/09\\\/el-fin-de-una-era-el-sonoro-adios-de-lionel-messi-a-la-seleccion-argentina.jpg\",\"datePublished\":\"2026-09-02T15:02:30+00:00\",\"breadcrumb\":{\"@id\":\"https:\\\/\\\/sarmiento24h.com\\\/?p=409920#breadcrumb\"},\"inLanguage\":\"es\",\"potentialAction\":[{\"@type\":\"ReadAction\",\"target\":[\"https:\\\/\\\/sarmiento24h.com\\\/?p=409920\"]}]},{\"@type\":\"ImageObject\",\"inLanguage\":\"es\",\"@id\":\"https:\\\/\\\/sarmiento24h.com\\\/?p=409920#primaryimage\",\"url\":\"https:\\\/\\\/sarmiento24h.com\\\/wp-content\\\/uploads\\\/2026\\\/09\\\/el-fin-de-una-era-el-sonoro-adios-de-lionel-messi-a-la-seleccion-argentina.jpg\",\"contentUrl\":\"https:\\\/\\\/sarmiento24h.com\\\/wp-content\\\/uploads\\\/2026\\\/09\\\/el-fin-de-una-era-el-sonoro-adios-de-lionel-messi-a-la-seleccion-argentina.jpg\",\"width\":1024,\"height\":576},{\"@type\":\"BreadcrumbList\",\"@id\":\"https:\\\/\\\/sarmiento24h.com\\\/?p=409920#breadcrumb\",\"itemListElement\":[{\"@type\":\"ListItem\",\"position\":1,\"name\":\"Home\",\"item\":\"https:\\\/\\\/sarmiento24h.com\\\/\"},{\"@type\":\"ListItem\",\"position\":2,\"name\":\"El fin de una era: el sonoro adi\u00f3s de Lionel Messi a la Selecci\u00f3n argentina\"}]},{\"@type\":\"WebSite\",\"@id\":\"https:\\\/\\\/sarmiento24h.com\\\/#website\",\"url\":\"https:\\\/\\\/sarmiento24h.com\\\/\",\"name\":\"Sarmiento24h\",\"description\":\"\",\"publisher\":{\"@id\":\"https:\\\/\\\/sarmiento24h.com\\\/#organization\"},\"potentialAction\":[{\"@type\":\"SearchAction\",\"target\":{\"@type\":\"EntryPoint\",\"urlTemplate\":\"https:\\\/\\\/sarmiento24h.com\\\/?s={search_term_string}\"},\"query-input\":{\"@type\":\"PropertyValueSpecification\",\"valueRequired\":true,\"valueName\":\"search_term_string\"}}],\"inLanguage\":\"es\"},{\"@type\":\"Organization\",\"@id\":\"https:\\\/\\\/sarmiento24h.com\\\/#organization\",\"name\":\"Sarmiento24h\",\"url\":\"https:\\\/\\\/sarmiento24h.com\\\/\",\"logo\":{\"@type\":\"ImageObject\",\"inLanguage\":\"es\",\"@id\":\"https:\\\/\\\/sarmiento24h.com\\\/#\\\/schema\\\/logo\\\/image\\\/\",\"url\":\"https:\\\/\\\/sarmiento24h.com\\\/wp-content\\\/uploads\\\/2025\\\/12\\\/AddText_12-16-10.30.52.jpg\",\"contentUrl\":\"https:\\\/\\\/sarmiento24h.com\\\/wp-content\\\/uploads\\\/2025\\\/12\\\/AddText_12-16-10.30.52.jpg\",\"width\":1220,\"height\":324,\"caption\":\"Sarmiento24h\"},\"image\":{\"@id\":\"https:\\\/\\\/sarmiento24h.com\\\/#\\\/schema\\\/logo\\\/image\\\/\"},\"sameAs\":[\"https:\\\/\\\/facebook.com\\\/s24hnoticias\",\"https:\\\/\\\/x.com\\\/sarmiento24h\"]},{\"@type\":\"Person\",\"@id\":\"https:\\\/\\\/sarmiento24h.com\\\/#\\\/schema\\\/person\\\/d653a59725ad629a7e0429af7b939d4d\",\"name\":\"sarmiento24h@gmail.com\",\"image\":{\"@type\":\"ImageObject\",\"inLanguage\":\"es\",\"@id\":\"https:\\\/\\\/sarmiento24h.com\\\/wp-content\\\/litespeed\\\/avatar\\\/d02cbc4e23c747e6659cd45907173c8f.jpg?ver=1788047690\",\"url\":\"https:\\\/\\\/sarmiento24h.com\\\/wp-content\\\/litespeed\\\/avatar\\\/d02cbc4e23c747e6659cd45907173c8f.jpg?ver=1788047690\",\"contentUrl\":\"https:\\\/\\\/sarmiento24h.com\\\/wp-content\\\/litespeed\\\/avatar\\\/d02cbc4e23c747e6659cd45907173c8f.jpg?ver=1788047690\",\"caption\":\"sarmiento24h@gmail.com\"},\"sameAs\":[\"https:\\\/\\\/sarmiento24h.com\"],\"url\":\"https:\\\/\\\/sarmiento24h.com\\\/?author=1\"}]}<\/script>\n<!-- \/ Yoast SEO plugin. -->","yoast_head_json":{"title":"El fin de una era: el sonoro adi\u00f3s de Lionel Messi a la Selecci\u00f3n argentina - Sarmiento24h","robots":{"index":"index","follow":"follow","max-snippet":"max-snippet:-1","max-image-preview":"max-image-preview:large","max-video-preview":"max-video-preview:-1"},"canonical":"https:\/\/sarmiento24h.com\/?p=409920","og_locale":"es_ES","og_type":"article","og_title":"El fin de una era: el sonoro adi\u00f3s de Lionel Messi a la Selecci\u00f3n argentina - Sarmiento24h","og_description":"Para mostrar este contenido de YouTube, debe&#46;&#46;&#46;","og_url":"https:\/\/sarmiento24h.com\/?p=409920","og_site_name":"Sarmiento24h","article_publisher":"https:\/\/facebook.com\/s24hnoticias","article_published_time":"2026-09-02T15:02:30+00:00","og_image":[{"url":"https:\/\/s.france24.com\/media\/display\/4347f082-a5af-11f1-af5c-005056a90284\/w:1024\/p:16x9\/2026-08-31T172705Z-1008962722-RC2S9NAI7KHX-RTRMADP-3-SOCCER-ARGENTINA-MESSI.jpg","type":"","width":"","height":""}],"author":"sarmiento24h@gmail.com","twitter_card":"summary_large_image","twitter_creator":"@sarmiento24h","twitter_site":"@sarmiento24h","twitter_misc":{"Escrito por":"sarmiento24h@gmail.com","Tiempo de lectura":"1 minuto"},"schema":{"@context":"https:\/\/schema.org","@graph":[{"@type":"Article","@id":"https:\/\/sarmiento24h.com\/?p=409920#article","isPartOf":{"@id":"https:\/\/sarmiento24h.com\/?p=409920"},"author":{"name":"sarmiento24h@gmail.com","@id":"https:\/\/sarmiento24h.com\/#\/schema\/person\/d653a59725ad629a7e0429af7b939d4d"},"headline":"El fin de una era: el sonoro adi\u00f3s de Lionel Messi a la Selecci\u00f3n argentina","datePublished":"2026-09-02T15:02:30+00:00","mainEntityOfPage":{"@id":"https:\/\/sarmiento24h.com\/?p=409920"},"wordCount":191,"publisher":{"@id":"https:\/\/sarmiento24h.com\/#organization"},"image":{"@id":"https:\/\/sarmiento24h.com\/?p=409920#primaryimage"},"thumbnailUrl":"https:\/\/sarmiento24h.com\/wp-content\/uploads\/2026\/09\/el-fin-de-una-era-el-sonoro-adios-de-lionel-messi-a-la-seleccion-argentina.jpg","articleSection":["Deportes","Internacionales"],"inLanguage":"es"},{"@type":"WebPage","@id":"https:\/\/sarmiento24h.com\/?p=409920","url":"https:\/\/sarmiento24h.com\/?p=409920","name":"El fin de una era: el sonoro adi\u00f3s de Lionel Messi a la Selecci\u00f3n argentina - Sarmiento24h","isPartOf":{"@id":"https:\/\/sarmiento24h.com\/#website"},"primaryImageOfPage":{"@id":"https:\/\/sarmiento24h.com\/?p=409920#primaryimage"},"image":{"@id":"https:\/\/sarmiento24h.com\/?p=409920#primaryimage"},"thumbnailUrl":"https:\/\/sarmiento24h.com\/wp-content\/uploads\/2026\/09\/el-fin-de-una-era-el-sonoro-adios-de-lionel-messi-a-la-seleccion-argentina.jpg","datePublished":"2026-09-02T15:02:30+00:00","breadcrumb":{"@id":"https:\/\/sarmiento24h.com\/?p=409920#breadcrumb"},"inLanguage":"es","potentialAction":[{"@type":"ReadAction","target":["https:\/\/sarmiento24h.com\/?p=409920"]}]},{"@type":"ImageObject","inLanguage":"es","@id":"https:\/\/sarmiento24h.com\/?p=409920#primaryimage","url":"https:\/\/sarmiento24h.com\/wp-content\/uploads\/2026\/09\/el-fin-de-una-era-el-sonoro-adios-de-lionel-messi-a-la-seleccion-argentina.jpg","contentUrl":"https:\/\/sarmiento24h.com\/wp-content\/uploads\/2026\/09\/el-fin-de-una-era-el-sonoro-adios-de-lionel-messi-a-la-seleccion-argentina.jpg","width":1024,"height":576},{"@type":"BreadcrumbList","@id":"https:\/\/sarmiento24h.com\/?p=409920#breadcrumb","itemListElement":[{"@type":"ListItem","position":1,"name":"Home","item":"https:\/\/sarmiento24h.com\/"},{"@type":"ListItem","position":2,"name":"El fin de una era: el sonoro adi\u00f3s de Lionel Messi a la Selecci\u00f3n argentina"}]},{"@type":"WebSite","@id":"https:\/\/sarmiento24h.com\/#website","url":"https:\/\/sarmiento24h.com\/","name":"Sarmiento24h","description":"","publisher":{"@id":"https:\/\/sarmiento24h.com\/#organization"},"potentialAction":[{"@type":"SearchAction","target":{"@type":"EntryPoint","urlTemplate":"https:\/\/sarmiento24h.com\/?s={search_term_string}"},"query-input":{"@type":"PropertyValueSpecification","valueRequired":true,"valueName":"search_term_string"}}],"inLanguage":"es"},{"@type":"Organization","@id":"https:\/\/sarmiento24h.com\/#organization","name":"Sarmiento24h","url":"https:\/\/sarmiento24h.com\/","logo":{"@type":"ImageObject","inLanguage":"es","@id":"https:\/\/sarmiento24h.com\/#\/schema\/logo\/image\/","url":"https:\/\/sarmiento24h.com\/wp-content\/uploads\/2025\/12\/AddText_12-16-10.30.52.jpg","contentUrl":"https:\/\/sarmiento24h.com\/wp-content\/uploads\/2025\/12\/AddText_12-16-10.30.52.jpg","width":1220,"height":324,"caption":"Sarmiento24h"},"image":{"@id":"https:\/\/sarmiento24h.com\/#\/schema\/logo\/image\/"},"sameAs":["https:\/\/facebook.com\/s24hnoticias","https:\/\/x.com\/sarmiento24h"]},{"@type":"Person","@id":"https:\/\/sarmiento24h.com\/#\/schema\/person\/d653a59725ad629a7e0429af7b939d4d","name":"sarmiento24h@gmail.com","image":{"@type":"ImageObject","inLanguage":"es","@id":"https:\/\/sarmiento24h.com\/wp-content\/litespeed\/avatar\/d02cbc4e23c747e6659cd45907173c8f.jpg?ver=1788047690","url":"https:\/\/sarmiento24h.com\/wp-content\/litespeed\/avatar\/d02cbc4e23c747e6659cd45907173c8f.jpg?ver=1788047690","contentUrl":"https:\/\/sarmiento24h.com\/wp-content\/litespeed\/avatar\/d02cbc4e23c747e6659cd45907173c8f.jpg?ver=1788047690","caption":"sarmiento24h@gmail.com"},"sameAs":["https:\/\/sarmiento24h.com"],"url":"https:\/\/sarmiento24h.com\/?author=1"}]}},"jetpack_publicize_connections":[],"jetpack_featured_media_url":"https:\/\/sarmiento24h.com\/wp-content\/uploads\/2026\/09\/el-fin-de-una-era-el-sonoro-adios-de-lionel-messi-a-la-seleccion-argentina.jpg","jetpack_sharing_enabled":true,"_links":{"self":[{"href":"https:\/\/sarmiento24h.com\/index.php?rest_route=\/wp\/v2\/posts\/409920","targetHints":{"allow":["GET"]}}],"collection":[{"href":"https:\/\/sarmiento24h.com\/index.php?rest_route=\/wp\/v2\/posts"}],"about":[{"href":"https:\/\/sarmiento24h.com\/index.php?rest_route=\/wp\/v2\/types\/post"}],"author":[{"embeddable":true,"href":"https:\/\/sarmiento24h.com\/index.php?rest_route=\/wp\/v2\/users\/1"}],"replies":[{"embeddable":true,"href":"https:\/\/sarmiento24h.com\/index.php?rest_route=%2Fwp%2Fv2%2Fcomments&post=409920"}],"version-history":[{"count":0,"href":"https:\/\/sarmiento24h.com\/index.php?rest_route=\/wp\/v2\/posts\/409920\/revisions"}],"wp:featuredmedia":[{"embeddable":true,"href":"https:\/\/sarmiento24h.com\/index.php?rest_route=\/wp\/v2\/media\/409921"}],"wp:attachment":[{"href":"https:\/\/sarmiento24h.com\/index.php?rest_route=%2Fwp%2Fv2%2Fmedia&parent=409920"}],"wp:term":[{"taxonomy":"category","embeddable":true,"href":"https:\/\/sarmiento24h.com\/index.php?rest_route=%2Fwp%2Fv2%2Fcategories&post=409920"},{"taxonomy":"post_tag","embeddable":true,"href":"https:\/\/sarmiento24h.com\/index.php?rest_route=%2Fwp%2Fv2%2Ftags&post=409920"}],"curies":[{"name":"wp","href":"https:\/\/api.w.org\/{rel}","templated":true}]}}