{"id":409926,"date":"2026-09-02T15:02:35","date_gmt":"2026-09-02T15:02:35","guid":{"rendered":"https:\/\/pinceldigital.do\/?p=76006"},"modified":"2026-09-02T15:02:35","modified_gmt":"2026-09-02T15:02:35","slug":"foro-de-gestion-gubernamental-aborda-avances-y-desafios-en-educacion-deporte-cultura-salud-y-seguridad-social","status":"publish","type":"post","link":"https:\/\/sarmiento24h.com\/?p=409926","title":{"rendered":"Foro de Gesti\u00f3n Gubernamental aborda avances y desaf\u00edos en educaci\u00f3n, deporte, cultura, salud y seguridad social"},"content":{"rendered":"<p class=\"wp-block-paragraph\">GALA Media Group reuni\u00f3 a ministros y directores para presentar resultados, proyectos y desaf\u00edos en \u00e1reas clave de la gesti\u00f3n p\u00fablica.<\/p>\n<p class=\"wp-block-paragraph\">Santo Domingo, R.D. \u2013 Ministros y directores de instituciones p\u00fablicas participaron este martes en una nueva jornada de la IV edici\u00f3n del Foro de Gesti\u00f3n Gubernamental 2026, organizado por GALA Media Group, que en esta ocasi\u00f3n estuvo dedicado al tema \u201cCalidad y Accesibilidad de los Servicios P\u00fablicos\u201d.<\/p>\n<p class=\"wp-block-paragraph\">El encuentro reuni\u00f3 a autoridades de las \u00e1reas de educaci\u00f3n superior, deportes, cultura, juventud, salud y seguridad social, quienes presentaron avances de sus respectivas gestiones, proyectos en ejecuci\u00f3n y algunos de los principales desaf\u00edos que enfrentan estas \u00e1reas para mejorar los servicios que recibe la ciudadan\u00eda.<\/p>\n<p class=\"wp-block-paragraph\">La jornada inici\u00f3 con el panel \u201cEducaci\u00f3n Superior, Deportes, Cultura y Juventud\u201d, en el que se abordaron las pol\u00edticas p\u00fablicas orientadas a ampliar las oportunidades de formaci\u00f3n, desarrollo y participaci\u00f3n de las nuevas generaciones.<\/p>\n<p class=\"wp-block-paragraph\">El ministro de Educaci\u00f3n Superior, Rafael Santos Bad\u00eda, explic\u00f3 los avances del proceso de transformaci\u00f3n educativa impulsado a partir del Decreto n\u00fam. 309-26 y destac\u00f3 la realizaci\u00f3n de una consulta nacional como parte de la revisi\u00f3n del sistema.<\/p>\n<p class=\"wp-block-paragraph\">\u201cA trav\u00e9s del mandato del Decreto 309-26 avanzamos en una consulta nacional para un cambio total del sistema educativo\u201d, expres\u00f3 Santos Bad\u00eda, quien tambi\u00e9n anunci\u00f3 la entrega este mes de 10,000 becas nacionales para licenciaturas, maestr\u00edas y carreras t\u00e9cnicas vinculadas a la tecnolog\u00eda y la Cuarta Revoluci\u00f3n Industrial.<\/p>\n<p class=\"wp-block-paragraph\">De su lado, el ministro de Deportes, Kelvin Cruz, destac\u00f3 las inversiones realizadas en infraestructura deportiva y el respaldo a los atletas dominicanos. Se\u00f1al\u00f3 que actualmente se desarrollan 32 techados multiusos de manera simult\u00e1nea en el Gran Santo Domingo, adem\u00e1s de otras obras en diferentes puntos del pa\u00eds.<\/p>\n<p class=\"wp-block-paragraph\">Cruz resalt\u00f3 tambi\u00e9n los resultados obtenidos por la delegaci\u00f3n dominicana en los XXV Juegos Centroamericanos y del Caribe Santo Domingo 2026, donde, seg\u00fan explic\u00f3, se alcanz\u00f3 un r\u00e9cord de 150 medallas, tras un proceso de preparaci\u00f3n anticipada que implic\u00f3 una inversi\u00f3n superior a los mil millones de pesos.<\/p>\n<p class=\"wp-block-paragraph\">Durante el panel, el ministro de Cultura, Roberto \u00c1ngel Salcedo, expuso las iniciativas dirigidas a descentralizar el acceso a la cultura, entre ellas la apertura de nuevas escuelas de Bellas Artes en distintas provincias. Asimismo, destac\u00f3 un primer ciclo de RD$500 millones en pr\u00e9stamos blandos destinados a la industria art\u00edstica y las acciones para fortalecer la proyecci\u00f3n internacional de la literatura dominicana.<\/p>\n<p class=\"wp-block-paragraph\">El ministro de la Juventud, Carlos Valdez, abord\u00f3 los esfuerzos para vincular la formaci\u00f3n de los j\u00f3venes con las necesidades del mercado laboral. Entre las iniciativas mencion\u00f3 Mi Primera Oportunidad, el programa de transporte universitario TURNO y la ampliaci\u00f3n a RD$250 millones del fondo crediticio Campo Joven 2.0.<\/p>\n<p class=\"wp-block-paragraph\">Mientras, el director ejecutivo del Instituto Nacional de Educaci\u00f3n F\u00edsica (INEFI), Alberto Rodr\u00edguez, present\u00f3 avances en infraestructura y formaci\u00f3n deportiva escolar, destacando la creaci\u00f3n de espacios integrales para la pr\u00e1ctica deportiva, aulas de motricidad y programas de capacitaci\u00f3n dirigidos a docentes.<\/p>\n<p class=\"wp-block-paragraph\">Reconocimiento a Kelvin Cruz<br \/>En el marco de la jornada, el presidente ejecutivo de GALA Media Group, Ruddy de los Santos, entreg\u00f3 un reconocimiento especial al ministro Kelvin Cruz por su liderazgo, compromiso y destacada gesti\u00f3n en la celebraci\u00f3n de los XXV Juegos Centroamericanos y del Caribe Santo Domingo 2026, as\u00ed como por su contribuci\u00f3n al fortalecimiento y proyecci\u00f3n del deporte nacional.<\/p>\n<p class=\"wp-block-paragraph\">Salud y seguridad social: prevenci\u00f3n, cobertura y fortalecimiento de la red p\u00fablica<\/p>\n<p class=\"wp-block-paragraph\">El segundo panel, \u201cSalud y Seguridad Social\u201d, estuvo dedicado a los avances y desaf\u00edos relacionados con la prevenci\u00f3n, la atenci\u00f3n sanitaria, el aseguramiento, el fortalecimiento de la red p\u00fablica de salud y la protecci\u00f3n de los trabajadores.<\/p>\n<p class=\"wp-block-paragraph\">El ministro de Salud P\u00fablica, V\u00edctor Atallah, destac\u00f3 los resultados de la estrategia nacional \u201cGan\u00e9mosle al Dengue\u201d, impulsada como parte de las pol\u00edticas de prevenci\u00f3n y control de enfermedades transmitidas por vectores.<\/p>\n<p class=\"wp-block-paragraph\">\u201cDecidimos llevar el dengue al Consejo de Ministros y creamos una estrategia nacional\u201d, se\u00f1al\u00f3 Atallah afirm\u00f3 que las acciones implementadas permitieron reducir significativamente los casos y que en 2025 el pa\u00eds cerr\u00f3 con cero muertes por dengue.<\/p>\n<p class=\"wp-block-paragraph\">Por su parte, el director ejecutivo del Seguro Nacional de Salud (SeNaSa), Edward Guzm\u00e1n Padilla, present\u00f3 iniciativas dirigidas a mejorar la experiencia y ampliar los servicios disponibles para los afiliados. Entre ellas destac\u00f3 la implementaci\u00f3n de una plataforma propia de dispensaci\u00f3n de medicamentos, que, seg\u00fan explic\u00f3, ha permitido reducir significativamente los tiempos de espera en las farmacias.<\/p>\n<p class=\"wp-block-paragraph\">Guzm\u00e1n Padilla tambi\u00e9n inform\u00f3 sobre la entrada en vigencia de SeNaSa Ultra, un plan complementario que incorpora m\u00e1s de 800 nuevos servicios y coberturas, entre ellos procedimientos de cirug\u00eda rob\u00f3tica y bari\u00e1trica.\u201d<\/p>\n<p class=\"wp-block-paragraph\">El director ejecutivo del Servicio Nacional de Salud (SNS), Julio C\u00e9sar Landr\u00f3n, resalt\u00f3 el fortalecimiento de la red p\u00fablica y asegur\u00f3 que durante los primeros siete meses de 2026 se ofrecieron m\u00e1s de 29 millones de servicios de salud y se realizaron m\u00e1s de 327 mil procedimientos quir\u00fargicos.<\/p>\n<p class=\"wp-block-paragraph\">Landr\u00f3n indic\u00f3 adem\u00e1s que han sido remozados m\u00e1s de 1,100 centros de atenci\u00f3n primaria, como parte de las acciones orientadas a acercar los servicios y aumentar la capacidad de respuesta del sistema p\u00fablico de salud.<\/p>\n<p class=\"wp-block-paragraph\">De su lado, el director ejecutivo del Instituto Dominicano de Prevenci\u00f3n y Protecci\u00f3n de Riesgos Laborales (IDOPPRIL), Agust\u00edn Burgos, plante\u00f3 la necesidad de continuar transformando la instituci\u00f3n hacia un modelo cada vez m\u00e1s enfocado en la prevenci\u00f3n de accidentes y enfermedades laborales.<\/p>\n<p class=\"wp-block-paragraph\">Burgos se\u00f1al\u00f3 que, de los m\u00e1s de mil millones de pesos pagados en indemnizaciones de salud, el 43.7 % corresponde a accidentes de tr\u00e1nsito y que el 73.2 % de estos involucra motocicletas, datos que, a su juicio, evidencian la necesidad de fortalecer las alianzas con empleadores y trabajadores para desarrollar una mayor cultura de prevenci\u00f3n.<\/p>\n<p class=\"wp-block-paragraph\">Los dos paneles fueron moderados por la periodista y comunicadora Danylsa Vargas, mientras que Evelyn Soto tuvo a su cargo la conducci\u00f3n general del evento.<\/p>\n<p class=\"wp-block-paragraph\">Con esta nueva jornada, GALA Media Group reafirma el Foro de Gesti\u00f3n Gubernamental como una plataforma de di\u00e1logo sobre la gesti\u00f3n p\u00fablica, sus resultados y desaf\u00edos, reuniendo a autoridades, sectores productivos, acad\u00e9micos, comunicadores y representantes de la sociedad civil.<\/p>\n<figure class=\"wp-block-gallery has-nested-images columns-default is-cropped wp-block-gallery-1 is-layout-flex wp-block-gallery-is-layout-flex\">\n<figure class=\"wp-block-image size-large\"><img loading=\"lazy\" decoding=\"async\" data-recalc-dims=\"1\" width=\"464\" height=\"696\" data-id=\"76008\" src=\"https:\/\/i0.wp.com\/pinceldigital.do\/wp-content\/uploads\/2026\/09\/61515cdc-5791-4790-9ec8-e603f3392e29.jpeg?resize=464%2C696&amp;ssl=1\" alt class=\"wp-image-76008\" srcset=\"https:\/\/i0.wp.com\/pinceldigital.do\/wp-content\/uploads\/2026\/09\/61515cdc-5791-4790-9ec8-e603f3392e29.jpeg?w=464&amp;ssl=1 464w, https:\/\/i0.wp.com\/pinceldigital.do\/wp-content\/uploads\/2026\/09\/61515cdc-5791-4790-9ec8-e603f3392e29.jpeg?resize=200%2C300&amp;ssl=1 200w, https:\/\/i0.wp.com\/pinceldigital.do\/wp-content\/uploads\/2026\/09\/61515cdc-5791-4790-9ec8-e603f3392e29.jpeg?resize=280%2C420&amp;ssl=1 280w\" sizes=\"auto, (max-width: 464px) 100vw, 464px\"><\/figure>\n<figure class=\"wp-block-image size-large\"><img loading=\"lazy\" decoding=\"async\" data-recalc-dims=\"1\" width=\"696\" height=\"464\" data-id=\"76007\" src=\"https:\/\/i0.wp.com\/pinceldigital.do\/wp-content\/uploads\/2026\/09\/f29ebfa3-21d9-4077-81cd-7338b7cccd56.jpeg?resize=696%2C464&amp;ssl=1\" alt class=\"wp-image-76007\" srcset=\"https:\/\/i0.wp.com\/pinceldigital.do\/wp-content\/uploads\/2026\/09\/f29ebfa3-21d9-4077-81cd-7338b7cccd56.jpeg?w=696&amp;ssl=1 696w, https:\/\/i0.wp.com\/pinceldigital.do\/wp-content\/uploads\/2026\/09\/f29ebfa3-21d9-4077-81cd-7338b7cccd56.jpeg?resize=300%2C200&amp;ssl=1 300w, https:\/\/i0.wp.com\/pinceldigital.do\/wp-content\/uploads\/2026\/09\/f29ebfa3-21d9-4077-81cd-7338b7cccd56.jpeg?resize=630%2C420&amp;ssl=1 630w\" sizes=\"auto, (max-width: 696px) 100vw, 696px\"><\/figure>\n<\/figure>\n<figure class=\"wp-block-gallery has-nested-images columns-default is-cropped wp-block-gallery-2 is-layout-flex wp-block-gallery-is-layout-flex\">\n<figure class=\"wp-block-image size-large\"><img loading=\"lazy\" decoding=\"async\" data-recalc-dims=\"1\" width=\"696\" height=\"464\" data-id=\"76010\" src=\"https:\/\/i0.wp.com\/pinceldigital.do\/wp-content\/uploads\/2026\/09\/d111198c-2b5d-4a27-b533-e9fbff4cfa19.jpeg?resize=696%2C464&amp;ssl=1\" alt class=\"wp-image-76010\" srcset=\"https:\/\/i0.wp.com\/pinceldigital.do\/wp-content\/uploads\/2026\/09\/d111198c-2b5d-4a27-b533-e9fbff4cfa19.jpeg?w=696&amp;ssl=1 696w, https:\/\/i0.wp.com\/pinceldigital.do\/wp-content\/uploads\/2026\/09\/d111198c-2b5d-4a27-b533-e9fbff4cfa19.jpeg?resize=300%2C200&amp;ssl=1 300w, https:\/\/i0.wp.com\/pinceldigital.do\/wp-content\/uploads\/2026\/09\/d111198c-2b5d-4a27-b533-e9fbff4cfa19.jpeg?resize=630%2C420&amp;ssl=1 630w\" sizes=\"auto, (max-width: 696px) 100vw, 696px\"><\/figure>\n<figure class=\"wp-block-image size-large\"><img decoding=\"async\" data-recalc-dims=\"1\" loading=\"lazy\" width=\"522\" height=\"696\" data-id=\"76009\" src=\"https:\/\/i0.wp.com\/pinceldigital.do\/wp-content\/uploads\/2026\/09\/beb37292-5168-48f5-85ea-a70d32f36dc1.jpeg?resize=522%2C696&amp;ssl=1\" alt class=\"wp-image-76009\" srcset=\"https:\/\/i0.wp.com\/pinceldigital.do\/wp-content\/uploads\/2026\/09\/beb37292-5168-48f5-85ea-a70d32f36dc1.jpeg?w=522&amp;ssl=1 522w, https:\/\/i0.wp.com\/pinceldigital.do\/wp-content\/uploads\/2026\/09\/beb37292-5168-48f5-85ea-a70d32f36dc1.jpeg?resize=225%2C300&amp;ssl=1 225w, https:\/\/i0.wp.com\/pinceldigital.do\/wp-content\/uploads\/2026\/09\/beb37292-5168-48f5-85ea-a70d32f36dc1.jpeg?resize=315%2C420&amp;ssl=1 315w\" sizes=\"auto, (max-width: 522px) 100vw, 522px\"><\/figure>\n<\/figure>\n<figure class=\"wp-block-gallery has-nested-images columns-default is-cropped wp-block-gallery-3 is-layout-flex wp-block-gallery-is-layout-flex\">\n<figure class=\"wp-block-image size-large\"><img decoding=\"async\" data-recalc-dims=\"1\" loading=\"lazy\" width=\"696\" height=\"464\" data-id=\"76014\" src=\"https:\/\/i0.wp.com\/pinceldigital.do\/wp-content\/uploads\/2026\/09\/74340c87-1e00-4133-83a0-f030f4e24aa0.jpeg?resize=696%2C464&amp;ssl=1\" alt class=\"wp-image-76014\" srcset=\"https:\/\/i0.wp.com\/pinceldigital.do\/wp-content\/uploads\/2026\/09\/74340c87-1e00-4133-83a0-f030f4e24aa0.jpeg?w=696&amp;ssl=1 696w, https:\/\/i0.wp.com\/pinceldigital.do\/wp-content\/uploads\/2026\/09\/74340c87-1e00-4133-83a0-f030f4e24aa0.jpeg?resize=300%2C200&amp;ssl=1 300w, https:\/\/i0.wp.com\/pinceldigital.do\/wp-content\/uploads\/2026\/09\/74340c87-1e00-4133-83a0-f030f4e24aa0.jpeg?resize=630%2C420&amp;ssl=1 630w\" sizes=\"auto, (max-width: 696px) 100vw, 696px\"><\/figure>\n<figure class=\"wp-block-image size-large\"><img decoding=\"async\" data-recalc-dims=\"1\" loading=\"lazy\" width=\"522\" height=\"696\" data-id=\"76013\" src=\"https:\/\/i0.wp.com\/pinceldigital.do\/wp-content\/uploads\/2026\/09\/beb37292-5168-48f5-85ea-a70d32f36dc1-1.jpeg?resize=522%2C696&amp;ssl=1\" alt class=\"wp-image-76013\" srcset=\"https:\/\/i0.wp.com\/pinceldigital.do\/wp-content\/uploads\/2026\/09\/beb37292-5168-48f5-85ea-a70d32f36dc1-1.jpeg?w=522&amp;ssl=1 522w, https:\/\/i0.wp.com\/pinceldigital.do\/wp-content\/uploads\/2026\/09\/beb37292-5168-48f5-85ea-a70d32f36dc1-1.jpeg?resize=225%2C300&amp;ssl=1 225w, https:\/\/i0.wp.com\/pinceldigital.do\/wp-content\/uploads\/2026\/09\/beb37292-5168-48f5-85ea-a70d32f36dc1-1.jpeg?resize=315%2C420&amp;ssl=1 315w\" sizes=\"auto, (max-width: 522px) 100vw, 522px\"><\/figure>\n<figure class=\"wp-block-image size-large\"><img decoding=\"async\" data-recalc-dims=\"1\" loading=\"lazy\" width=\"464\" height=\"696\" data-id=\"76012\" src=\"https:\/\/i0.wp.com\/pinceldigital.do\/wp-content\/uploads\/2026\/09\/d991043a-4cbf-4a3a-b0aa-547421261f94.jpeg?resize=464%2C696&amp;ssl=1\" alt class=\"wp-image-76012\" srcset=\"https:\/\/i0.wp.com\/pinceldigital.do\/wp-content\/uploads\/2026\/09\/d991043a-4cbf-4a3a-b0aa-547421261f94.jpeg?w=464&amp;ssl=1 464w, https:\/\/i0.wp.com\/pinceldigital.do\/wp-content\/uploads\/2026\/09\/d991043a-4cbf-4a3a-b0aa-547421261f94.jpeg?resize=200%2C300&amp;ssl=1 200w, https:\/\/i0.wp.com\/pinceldigital.do\/wp-content\/uploads\/2026\/09\/d991043a-4cbf-4a3a-b0aa-547421261f94.jpeg?resize=280%2C420&amp;ssl=1 280w\" sizes=\"auto, (max-width: 464px) 100vw, 464px\"><\/figure>\n<\/figure>\n<figure class=\"wp-block-gallery has-nested-images columns-default is-cropped wp-block-gallery-4 is-layout-flex wp-block-gallery-is-layout-flex\">\n<figure class=\"wp-block-image size-large\"><img decoding=\"async\" data-recalc-dims=\"1\" loading=\"lazy\" width=\"464\" height=\"696\" data-id=\"76015\" src=\"https:\/\/i0.wp.com\/pinceldigital.do\/wp-content\/uploads\/2026\/09\/8577790c-81a2-4097-a26c-3e585a77ec22.jpeg?resize=464%2C696&amp;ssl=1\" alt class=\"wp-image-76015\" srcset=\"https:\/\/i0.wp.com\/pinceldigital.do\/wp-content\/uploads\/2026\/09\/8577790c-81a2-4097-a26c-3e585a77ec22.jpeg?w=464&amp;ssl=1 464w, https:\/\/i0.wp.com\/pinceldigital.do\/wp-content\/uploads\/2026\/09\/8577790c-81a2-4097-a26c-3e585a77ec22.jpeg?resize=200%2C300&amp;ssl=1 200w, https:\/\/i0.wp.com\/pinceldigital.do\/wp-content\/uploads\/2026\/09\/8577790c-81a2-4097-a26c-3e585a77ec22.jpeg?resize=280%2C420&amp;ssl=1 280w\" sizes=\"auto, (max-width: 464px) 100vw, 464px\"><\/figure>\n<figure class=\"wp-block-image size-large\"><img decoding=\"async\" data-recalc-dims=\"1\" loading=\"lazy\" width=\"464\" height=\"696\" data-id=\"76017\" src=\"https:\/\/i0.wp.com\/pinceldigital.do\/wp-content\/uploads\/2026\/09\/e495c032-bebe-43b7-a9b4-119f7325db92.jpeg?resize=464%2C696&amp;ssl=1\" alt class=\"wp-image-76017\" srcset=\"https:\/\/i0.wp.com\/pinceldigital.do\/wp-content\/uploads\/2026\/09\/e495c032-bebe-43b7-a9b4-119f7325db92.jpeg?w=464&amp;ssl=1 464w, https:\/\/i0.wp.com\/pinceldigital.do\/wp-content\/uploads\/2026\/09\/e495c032-bebe-43b7-a9b4-119f7325db92.jpeg?resize=200%2C300&amp;ssl=1 200w, https:\/\/i0.wp.com\/pinceldigital.do\/wp-content\/uploads\/2026\/09\/e495c032-bebe-43b7-a9b4-119f7325db92.jpeg?resize=280%2C420&amp;ssl=1 280w\" sizes=\"auto, (max-width: 464px) 100vw, 464px\"><\/figure>\n<figure class=\"wp-block-image size-large\"><img decoding=\"async\" data-recalc-dims=\"1\" loading=\"lazy\" width=\"464\" height=\"696\" data-id=\"76016\" src=\"https:\/\/i0.wp.com\/pinceldigital.do\/wp-content\/uploads\/2026\/09\/8ae7a715-6912-4efc-84e8-e30aea9cc198.jpeg?resize=464%2C696&amp;ssl=1\" alt class=\"wp-image-76016\" srcset=\"https:\/\/i0.wp.com\/pinceldigital.do\/wp-content\/uploads\/2026\/09\/8ae7a715-6912-4efc-84e8-e30aea9cc198.jpeg?w=464&amp;ssl=1 464w, https:\/\/i0.wp.com\/pinceldigital.do\/wp-content\/uploads\/2026\/09\/8ae7a715-6912-4efc-84e8-e30aea9cc198.jpeg?resize=200%2C300&amp;ssl=1 200w, https:\/\/i0.wp.com\/pinceldigital.do\/wp-content\/uploads\/2026\/09\/8ae7a715-6912-4efc-84e8-e30aea9cc198.jpeg?resize=280%2C420&amp;ssl=1 280w\" sizes=\"auto, (max-width: 464px) 100vw, 464px\"><\/figure>\n<\/figure>\n","protected":false},"excerpt":{"rendered":"<p>GALA Media Group reuni\u00f3 a ministros y&#46;&#46;&#46;<\/p>\n","protected":false},"author":1,"featured_media":409927,"comment_status":"closed","ping_status":"closed","sticky":false,"template":"","format":"standard","meta":{"_jetpack_newsletter_access":"","_jetpack_dont_email_post_to_subs":false,"_jetpack_newsletter_tier_id":0,"_jetpack_memberships_contains_paywalled_content":false,"_jetpack_feature_clip_id":0,"_jetpack_memberships_contains_paid_content":false,"footnotes":"","jetpack_publicize_message":"","jetpack_publicize_feature_enabled":true,"jetpack_social_post_already_shared":true,"jetpack_social_options":{"image_generator_settings":{"template":"highway","default_image_id":0,"font":"","enabled":false},"version":2},"jetpack_post_was_ever_published":false},"categories":[42],"tags":[],"class_list":["post-409926","post","type-post","status-publish","format-standard","has-post-thumbnail","hentry","category-nacionales"],"yoast_head":"<!-- This site is optimized with the Yoast SEO plugin v28.1 - https:\/\/yoast.com\/product\/yoast-seo-wordpress\/ -->\n<title>Foro de Gesti\u00f3n Gubernamental aborda avances y desaf\u00edos en educaci\u00f3n, deporte, cultura, salud y seguridad social - Sarmiento24h<\/title>\n<meta name=\"robots\" content=\"index, follow, max-snippet:-1, max-image-preview:large, max-video-preview:-1\" \/>\n<link rel=\"canonical\" href=\"https:\/\/sarmiento24h.com\/?p=409926\" \/>\n<meta property=\"og:locale\" content=\"es_ES\" \/>\n<meta property=\"og:type\" content=\"article\" \/>\n<meta property=\"og:title\" content=\"Foro de Gesti\u00f3n Gubernamental aborda avances y desaf\u00edos en educaci\u00f3n, deporte, cultura, salud y seguridad social - Sarmiento24h\" \/>\n<meta property=\"og:description\" content=\"GALA Media Group reuni\u00f3 a ministros y&#046;&#046;&#046;\" \/>\n<meta property=\"og:url\" content=\"https:\/\/sarmiento24h.com\/?p=409926\" \/>\n<meta property=\"og:site_name\" content=\"Sarmiento24h\" \/>\n<meta property=\"article:publisher\" content=\"https:\/\/facebook.com\/s24hnoticias\" \/>\n<meta property=\"article:published_time\" content=\"2026-09-02T15:02:35+00:00\" \/>\n<meta name=\"author\" content=\"sarmiento24h@gmail.com\" \/>\n<meta name=\"twitter:card\" content=\"summary_large_image\" \/>\n<meta name=\"twitter:creator\" content=\"@sarmiento24h\" \/>\n<meta name=\"twitter:site\" content=\"@sarmiento24h\" \/>\n<meta name=\"twitter:label1\" content=\"Escrito por\" \/>\n\t<meta name=\"twitter:data1\" content=\"sarmiento24h@gmail.com\" \/>\n\t<meta name=\"twitter:label2\" content=\"Tiempo de lectura\" \/>\n\t<meta name=\"twitter:data2\" content=\"5 minutos\" \/>\n<script type=\"application\/ld+json\" class=\"yoast-schema-graph\">{\"@context\":\"https:\\\/\\\/schema.org\",\"@graph\":[{\"@type\":\"Article\",\"@id\":\"https:\\\/\\\/sarmiento24h.com\\\/?p=409926#article\",\"isPartOf\":{\"@id\":\"https:\\\/\\\/sarmiento24h.com\\\/?p=409926\"},\"author\":{\"name\":\"sarmiento24h@gmail.com\",\"@id\":\"https:\\\/\\\/sarmiento24h.com\\\/#\\\/schema\\\/person\\\/d653a59725ad629a7e0429af7b939d4d\"},\"headline\":\"Foro de Gesti\u00f3n Gubernamental aborda avances y desaf\u00edos en educaci\u00f3n, deporte, cultura, salud y seguridad social\",\"datePublished\":\"2026-09-02T15:02:35+00:00\",\"mainEntityOfPage\":{\"@id\":\"https:\\\/\\\/sarmiento24h.com\\\/?p=409926\"},\"wordCount\":1105,\"publisher\":{\"@id\":\"https:\\\/\\\/sarmiento24h.com\\\/#organization\"},\"image\":{\"@id\":\"https:\\\/\\\/sarmiento24h.com\\\/?p=409926#primaryimage\"},\"thumbnailUrl\":\"https:\\\/\\\/sarmiento24h.com\\\/wp-content\\\/uploads\\\/2026\\\/09\\\/foro-de-gestion-gubernamental-aborda-avances-y-desafios-en-educacion-deporte-cultura-salud-y-seguridad-social.jpg\",\"articleSection\":[\"Nacionales\"],\"inLanguage\":\"es\"},{\"@type\":\"WebPage\",\"@id\":\"https:\\\/\\\/sarmiento24h.com\\\/?p=409926\",\"url\":\"https:\\\/\\\/sarmiento24h.com\\\/?p=409926\",\"name\":\"Foro de Gesti\u00f3n Gubernamental aborda avances y desaf\u00edos en educaci\u00f3n, deporte, cultura, salud y seguridad social - Sarmiento24h\",\"isPartOf\":{\"@id\":\"https:\\\/\\\/sarmiento24h.com\\\/#website\"},\"primaryImageOfPage\":{\"@id\":\"https:\\\/\\\/sarmiento24h.com\\\/?p=409926#primaryimage\"},\"image\":{\"@id\":\"https:\\\/\\\/sarmiento24h.com\\\/?p=409926#primaryimage\"},\"thumbnailUrl\":\"https:\\\/\\\/sarmiento24h.com\\\/wp-content\\\/uploads\\\/2026\\\/09\\\/foro-de-gestion-gubernamental-aborda-avances-y-desafios-en-educacion-deporte-cultura-salud-y-seguridad-social.jpg\",\"datePublished\":\"2026-09-02T15:02:35+00:00\",\"breadcrumb\":{\"@id\":\"https:\\\/\\\/sarmiento24h.com\\\/?p=409926#breadcrumb\"},\"inLanguage\":\"es\",\"potentialAction\":[{\"@type\":\"ReadAction\",\"target\":[\"https:\\\/\\\/sarmiento24h.com\\\/?p=409926\"]}]},{\"@type\":\"ImageObject\",\"inLanguage\":\"es\",\"@id\":\"https:\\\/\\\/sarmiento24h.com\\\/?p=409926#primaryimage\",\"url\":\"https:\\\/\\\/sarmiento24h.com\\\/wp-content\\\/uploads\\\/2026\\\/09\\\/foro-de-gestion-gubernamental-aborda-avances-y-desafios-en-educacion-deporte-cultura-salud-y-seguridad-social.jpg\",\"contentUrl\":\"https:\\\/\\\/sarmiento24h.com\\\/wp-content\\\/uploads\\\/2026\\\/09\\\/foro-de-gestion-gubernamental-aborda-avances-y-desafios-en-educacion-deporte-cultura-salud-y-seguridad-social.jpg\",\"width\":464,\"height\":696},{\"@type\":\"BreadcrumbList\",\"@id\":\"https:\\\/\\\/sarmiento24h.com\\\/?p=409926#breadcrumb\",\"itemListElement\":[{\"@type\":\"ListItem\",\"position\":1,\"name\":\"Home\",\"item\":\"https:\\\/\\\/sarmiento24h.com\\\/\"},{\"@type\":\"ListItem\",\"position\":2,\"name\":\"Foro de Gesti\u00f3n Gubernamental aborda avances y desaf\u00edos en educaci\u00f3n, deporte, cultura, salud y seguridad social\"}]},{\"@type\":\"WebSite\",\"@id\":\"https:\\\/\\\/sarmiento24h.com\\\/#website\",\"url\":\"https:\\\/\\\/sarmiento24h.com\\\/\",\"name\":\"Sarmiento24h\",\"description\":\"\",\"publisher\":{\"@id\":\"https:\\\/\\\/sarmiento24h.com\\\/#organization\"},\"potentialAction\":[{\"@type\":\"SearchAction\",\"target\":{\"@type\":\"EntryPoint\",\"urlTemplate\":\"https:\\\/\\\/sarmiento24h.com\\\/?s={search_term_string}\"},\"query-input\":{\"@type\":\"PropertyValueSpecification\",\"valueRequired\":true,\"valueName\":\"search_term_string\"}}],\"inLanguage\":\"es\"},{\"@type\":\"Organization\",\"@id\":\"https:\\\/\\\/sarmiento24h.com\\\/#organization\",\"name\":\"Sarmiento24h\",\"url\":\"https:\\\/\\\/sarmiento24h.com\\\/\",\"logo\":{\"@type\":\"ImageObject\",\"inLanguage\":\"es\",\"@id\":\"https:\\\/\\\/sarmiento24h.com\\\/#\\\/schema\\\/logo\\\/image\\\/\",\"url\":\"https:\\\/\\\/sarmiento24h.com\\\/wp-content\\\/uploads\\\/2025\\\/12\\\/AddText_12-16-10.30.52.jpg\",\"contentUrl\":\"https:\\\/\\\/sarmiento24h.com\\\/wp-content\\\/uploads\\\/2025\\\/12\\\/AddText_12-16-10.30.52.jpg\",\"width\":1220,\"height\":324,\"caption\":\"Sarmiento24h\"},\"image\":{\"@id\":\"https:\\\/\\\/sarmiento24h.com\\\/#\\\/schema\\\/logo\\\/image\\\/\"},\"sameAs\":[\"https:\\\/\\\/facebook.com\\\/s24hnoticias\",\"https:\\\/\\\/x.com\\\/sarmiento24h\"]},{\"@type\":\"Person\",\"@id\":\"https:\\\/\\\/sarmiento24h.com\\\/#\\\/schema\\\/person\\\/d653a59725ad629a7e0429af7b939d4d\",\"name\":\"sarmiento24h@gmail.com\",\"image\":{\"@type\":\"ImageObject\",\"inLanguage\":\"es\",\"@id\":\"https:\\\/\\\/sarmiento24h.com\\\/wp-content\\\/litespeed\\\/avatar\\\/d02cbc4e23c747e6659cd45907173c8f.jpg?ver=1788047690\",\"url\":\"https:\\\/\\\/sarmiento24h.com\\\/wp-content\\\/litespeed\\\/avatar\\\/d02cbc4e23c747e6659cd45907173c8f.jpg?ver=1788047690\",\"contentUrl\":\"https:\\\/\\\/sarmiento24h.com\\\/wp-content\\\/litespeed\\\/avatar\\\/d02cbc4e23c747e6659cd45907173c8f.jpg?ver=1788047690\",\"caption\":\"sarmiento24h@gmail.com\"},\"sameAs\":[\"https:\\\/\\\/sarmiento24h.com\"],\"url\":\"https:\\\/\\\/sarmiento24h.com\\\/?author=1\"}]}<\/script>\n<!-- \/ Yoast SEO plugin. -->","yoast_head_json":{"title":"Foro de Gesti\u00f3n Gubernamental aborda avances y desaf\u00edos en educaci\u00f3n, deporte, cultura, salud y seguridad social - Sarmiento24h","robots":{"index":"index","follow":"follow","max-snippet":"max-snippet:-1","max-image-preview":"max-image-preview:large","max-video-preview":"max-video-preview:-1"},"canonical":"https:\/\/sarmiento24h.com\/?p=409926","og_locale":"es_ES","og_type":"article","og_title":"Foro de Gesti\u00f3n Gubernamental aborda avances y desaf\u00edos en educaci\u00f3n, deporte, cultura, salud y seguridad social - Sarmiento24h","og_description":"GALA Media Group reuni\u00f3 a ministros y&#46;&#46;&#46;","og_url":"https:\/\/sarmiento24h.com\/?p=409926","og_site_name":"Sarmiento24h","article_publisher":"https:\/\/facebook.com\/s24hnoticias","article_published_time":"2026-09-02T15:02:35+00:00","author":"sarmiento24h@gmail.com","twitter_card":"summary_large_image","twitter_creator":"@sarmiento24h","twitter_site":"@sarmiento24h","twitter_misc":{"Escrito por":"sarmiento24h@gmail.com","Tiempo de lectura":"5 minutos"},"schema":{"@context":"https:\/\/schema.org","@graph":[{"@type":"Article","@id":"https:\/\/sarmiento24h.com\/?p=409926#article","isPartOf":{"@id":"https:\/\/sarmiento24h.com\/?p=409926"},"author":{"name":"sarmiento24h@gmail.com","@id":"https:\/\/sarmiento24h.com\/#\/schema\/person\/d653a59725ad629a7e0429af7b939d4d"},"headline":"Foro de Gesti\u00f3n Gubernamental aborda avances y desaf\u00edos en educaci\u00f3n, deporte, cultura, salud y seguridad social","datePublished":"2026-09-02T15:02:35+00:00","mainEntityOfPage":{"@id":"https:\/\/sarmiento24h.com\/?p=409926"},"wordCount":1105,"publisher":{"@id":"https:\/\/sarmiento24h.com\/#organization"},"image":{"@id":"https:\/\/sarmiento24h.com\/?p=409926#primaryimage"},"thumbnailUrl":"https:\/\/sarmiento24h.com\/wp-content\/uploads\/2026\/09\/foro-de-gestion-gubernamental-aborda-avances-y-desafios-en-educacion-deporte-cultura-salud-y-seguridad-social.jpg","articleSection":["Nacionales"],"inLanguage":"es"},{"@type":"WebPage","@id":"https:\/\/sarmiento24h.com\/?p=409926","url":"https:\/\/sarmiento24h.com\/?p=409926","name":"Foro de Gesti\u00f3n Gubernamental aborda avances y desaf\u00edos en educaci\u00f3n, deporte, cultura, salud y seguridad social - Sarmiento24h","isPartOf":{"@id":"https:\/\/sarmiento24h.com\/#website"},"primaryImageOfPage":{"@id":"https:\/\/sarmiento24h.com\/?p=409926#primaryimage"},"image":{"@id":"https:\/\/sarmiento24h.com\/?p=409926#primaryimage"},"thumbnailUrl":"https:\/\/sarmiento24h.com\/wp-content\/uploads\/2026\/09\/foro-de-gestion-gubernamental-aborda-avances-y-desafios-en-educacion-deporte-cultura-salud-y-seguridad-social.jpg","datePublished":"2026-09-02T15:02:35+00:00","breadcrumb":{"@id":"https:\/\/sarmiento24h.com\/?p=409926#breadcrumb"},"inLanguage":"es","potentialAction":[{"@type":"ReadAction","target":["https:\/\/sarmiento24h.com\/?p=409926"]}]},{"@type":"ImageObject","inLanguage":"es","@id":"https:\/\/sarmiento24h.com\/?p=409926#primaryimage","url":"https:\/\/sarmiento24h.com\/wp-content\/uploads\/2026\/09\/foro-de-gestion-gubernamental-aborda-avances-y-desafios-en-educacion-deporte-cultura-salud-y-seguridad-social.jpg","contentUrl":"https:\/\/sarmiento24h.com\/wp-content\/uploads\/2026\/09\/foro-de-gestion-gubernamental-aborda-avances-y-desafios-en-educacion-deporte-cultura-salud-y-seguridad-social.jpg","width":464,"height":696},{"@type":"BreadcrumbList","@id":"https:\/\/sarmiento24h.com\/?p=409926#breadcrumb","itemListElement":[{"@type":"ListItem","position":1,"name":"Home","item":"https:\/\/sarmiento24h.com\/"},{"@type":"ListItem","position":2,"name":"Foro de Gesti\u00f3n Gubernamental aborda avances y desaf\u00edos en educaci\u00f3n, deporte, cultura, salud y seguridad social"}]},{"@type":"WebSite","@id":"https:\/\/sarmiento24h.com\/#website","url":"https:\/\/sarmiento24h.com\/","name":"Sarmiento24h","description":"","publisher":{"@id":"https:\/\/sarmiento24h.com\/#organization"},"potentialAction":[{"@type":"SearchAction","target":{"@type":"EntryPoint","urlTemplate":"https:\/\/sarmiento24h.com\/?s={search_term_string}"},"query-input":{"@type":"PropertyValueSpecification","valueRequired":true,"valueName":"search_term_string"}}],"inLanguage":"es"},{"@type":"Organization","@id":"https:\/\/sarmiento24h.com\/#organization","name":"Sarmiento24h","url":"https:\/\/sarmiento24h.com\/","logo":{"@type":"ImageObject","inLanguage":"es","@id":"https:\/\/sarmiento24h.com\/#\/schema\/logo\/image\/","url":"https:\/\/sarmiento24h.com\/wp-content\/uploads\/2025\/12\/AddText_12-16-10.30.52.jpg","contentUrl":"https:\/\/sarmiento24h.com\/wp-content\/uploads\/2025\/12\/AddText_12-16-10.30.52.jpg","width":1220,"height":324,"caption":"Sarmiento24h"},"image":{"@id":"https:\/\/sarmiento24h.com\/#\/schema\/logo\/image\/"},"sameAs":["https:\/\/facebook.com\/s24hnoticias","https:\/\/x.com\/sarmiento24h"]},{"@type":"Person","@id":"https:\/\/sarmiento24h.com\/#\/schema\/person\/d653a59725ad629a7e0429af7b939d4d","name":"sarmiento24h@gmail.com","image":{"@type":"ImageObject","inLanguage":"es","@id":"https:\/\/sarmiento24h.com\/wp-content\/litespeed\/avatar\/d02cbc4e23c747e6659cd45907173c8f.jpg?ver=1788047690","url":"https:\/\/sarmiento24h.com\/wp-content\/litespeed\/avatar\/d02cbc4e23c747e6659cd45907173c8f.jpg?ver=1788047690","contentUrl":"https:\/\/sarmiento24h.com\/wp-content\/litespeed\/avatar\/d02cbc4e23c747e6659cd45907173c8f.jpg?ver=1788047690","caption":"sarmiento24h@gmail.com"},"sameAs":["https:\/\/sarmiento24h.com"],"url":"https:\/\/sarmiento24h.com\/?author=1"}]}},"jetpack_publicize_connections":[],"jetpack_featured_media_url":"https:\/\/sarmiento24h.com\/wp-content\/uploads\/2026\/09\/foro-de-gestion-gubernamental-aborda-avances-y-desafios-en-educacion-deporte-cultura-salud-y-seguridad-social.jpg","jetpack_sharing_enabled":true,"_links":{"self":[{"href":"https:\/\/sarmiento24h.com\/index.php?rest_route=\/wp\/v2\/posts\/409926","targetHints":{"allow":["GET"]}}],"collection":[{"href":"https:\/\/sarmiento24h.com\/index.php?rest_route=\/wp\/v2\/posts"}],"about":[{"href":"https:\/\/sarmiento24h.com\/index.php?rest_route=\/wp\/v2\/types\/post"}],"author":[{"embeddable":true,"href":"https:\/\/sarmiento24h.com\/index.php?rest_route=\/wp\/v2\/users\/1"}],"replies":[{"embeddable":true,"href":"https:\/\/sarmiento24h.com\/index.php?rest_route=%2Fwp%2Fv2%2Fcomments&post=409926"}],"version-history":[{"count":0,"href":"https:\/\/sarmiento24h.com\/index.php?rest_route=\/wp\/v2\/posts\/409926\/revisions"}],"wp:featuredmedia":[{"embeddable":true,"href":"https:\/\/sarmiento24h.com\/index.php?rest_route=\/wp\/v2\/media\/409927"}],"wp:attachment":[{"href":"https:\/\/sarmiento24h.com\/index.php?rest_route=%2Fwp%2Fv2%2Fmedia&parent=409926"}],"wp:term":[{"taxonomy":"category","embeddable":true,"href":"https:\/\/sarmiento24h.com\/index.php?rest_route=%2Fwp%2Fv2%2Fcategories&post=409926"},{"taxonomy":"post_tag","embeddable":true,"href":"https:\/\/sarmiento24h.com\/index.php?rest_route=%2Fwp%2Fv2%2Ftags&post=409926"}],"curies":[{"name":"wp","href":"https:\/\/api.w.org\/{rel}","templated":true}]}}