{"id":410142,"date":"2026-09-02T18:17:38","date_gmt":"2026-09-02T18:17:38","guid":{"rendered":"http:\/\/e1537f1a-a6e2-11f1-aee8-bbccc4313f26"},"modified":"2026-09-02T18:17:38","modified_gmt":"2026-09-02T18:17:38","slug":"al-menos-dos-muertos-por-ataques-rusos-en-ucrania-mientras-kiev-y-moscu-amenazan-con-recrudecer-la-guerra","status":"publish","type":"post","link":"https:\/\/sarmiento24h.com\/?p=410142","title":{"rendered":"Al menos dos muertos por ataques rusos en Ucrania, mientras Kiev y Mosc\u00fa amenazan con recrudecer la guerra"},"content":{"rendered":"<p>Pocos lugares en <a href=\"https:\/\/www.france24.com\/es\/tag\/ucrania\/\" target=\"_self\" class=\"gtm-add-suggested-tag\">Ucrania<\/a> parecen exentos de sufrir un golpe repentino de un dron o un misil enviado por el <a href=\"https:\/\/www.france24.com\/es\/tag\/kremlin\/\" target=\"_self\" class=\"gtm-add-suggested-tag\">Kremlin<\/a>.<\/p>\n<p>Al menos dos civiles perdieron la vida y seis m\u00e1s resultaron heridos este mi\u00e9rcoles 2 de septiembre en <a href=\"https:\/\/www.france24.com\/es\/tag\/dnipro\/\" target=\"_self\" class=\"gtm-add-suggested-tag\">Dnipro<\/a>, una ciudad del centro de Ucrania, seg\u00fan informaron funcionarios locales.<\/p>\n<p>El <a href=\"https:\/\/www.france24.com\/es\/tag\/ataque\/\" target=\"_self\" class=\"gtm-add-suggested-tag\">ataque<\/a> tuvo lugar en un almac\u00e9n de alimentos de una cadena minorista, seg\u00fan detall\u00f3 Oleksandr Hanzha, jefe de la administraci\u00f3n militar regional de <a href=\"https:\/\/www.france24.com\/es\/tag\/dnipropetrovsk\/\" target=\"_self\" class=\"gtm-add-suggested-tag\">Dnipropetrovsk<\/a>.<\/p>\n<p>El Ej\u00e9rcito ruso ha atacado recientemente otros dep\u00f3sitos de alimentos, lo que ha repercutido en estantes vac\u00edos en algunos supermercados, como parte de una campa\u00f1a militar contra instalaciones civiles, que funcionarios ucranianos describen como un intento de perturbar la vida cotidiana y minar la moral p\u00fablica.<\/p>\n<p>El presidente ucraniano, <a href=\"https:\/\/www.france24.com\/es\/tag\/volod\u00edmir-zelenski\/\" target=\"_self\" class=\"gtm-add-suggested-tag\">Volod\u00edmir Zelenski<\/a>, lament\u00f3 en redes sociales que&nbsp;\u00abla respuesta del mundo y de sus l\u00edderes m\u00e1s influyentes ante esta \u00faltima <a href=\"https:\/\/www.france24.com\/es\/tag\/escalada\/\" target=\"_self\" class=\"gtm-add-suggested-tag\">escalada<\/a> de ataques rusos ha sido demasiado escasa\u00bb e insisti\u00f3 en la necesidad de&nbsp;m\u00e1s recursos para la <a href=\"https:\/\/www.france24.com\/es\/tag\/defensa-a\u00e9rea\/\" target=\"_self\" class=\"gtm-add-suggested-tag\">defensa a\u00e9rea<\/a> del pa\u00eds, as\u00ed como en sanciones contra Rusia y un \u00abaumento significativo de la producci\u00f3n de armamento\u00bb.<\/p>\n<p><a href=\"https:\/\/www.france24.com\/es\/tag\/rusia\/\" target=\"_self\" class=\"gtm-add-suggested-tag\">Rusia<\/a> dispar\u00f3 durante la noche dos misiles bal\u00edsticos, dos misiles lanzados desde aviones y&nbsp;174 drones de ataque, seg\u00fan la fuerza a\u00e9rea ucraniana. Aproximadamente la mitad de los <a href=\"https:\/\/www.france24.com\/es\/europa\/20260831-drones-propulsados-a-reacci\u00f3n-la-nueva-amenaza-rusa-que-siembra-el-terror-en-ucrania\" target=\"_self\">drones eran propulsados por reacci\u00f3n<\/a>, m\u00e1s dif\u00edciles de interceptar, que est\u00e1n siendo usados por Mosc\u00fa cada vez con mayor frecuencia.<\/p>\n<div id=\"em-WBMZ417132-F24-ES-20260902\" class=\"m-em-flash\" data-xtwitter-script>\n<div class=\"o-em-consent \" readability=\"7\">\n<div class=\"o-em-consent__content\" readability=\"34\">\n<p class=\"o-em-consent__content__text\">Para mostrar este contenido de X (Twitter), debe autorizar las cookies de medici\u00f3n de audiencia y publicidad.<\/p>\n<p> <button class=\"a-master-button a-master-button--dark\" data-action=\"accept\"> Aceptar <svg class=\"a-svg a-svg--icon-check\"> <use xlink:href=\"\/build\/images\/svg\/sprite.1af31c2f854b10d5fc5627a4f4fa61be.svg#icon-check\" href=\"\/build\/images\/svg\/sprite.1af31c2f854b10d5fc5627a4f4fa61be.svg#icon-check\" \/> <\/svg> <\/button> <button class=\"a-link\" data-action=\"manage\">Gestionar mis opciones <svg class=\"a-svg a-svg--icon-edit\"> <use xlink:href=\"\/build\/images\/svg\/sprite.1af31c2f854b10d5fc5627a4f4fa61be.svg#icon-edit\" href=\"\/build\/images\/svg\/sprite.1af31c2f854b10d5fc5627a4f4fa61be.svg#icon-edit\" \/> <\/svg><br \/>\n<\/button> <\/div>\n<\/div>\n<\/div>\n<p>Las regiones de <a href=\"https:\/\/www.france24.com\/es\/tag\/kiev\/\" target=\"_self\" class=\"gtm-add-suggested-tag\">Kiev<\/a> y <a href=\"https:\/\/www.france24.com\/es\/tag\/odessa\/\" target=\"_self\" class=\"gtm-add-suggested-tag\">Odessa<\/a> fueron las m\u00e1s afectadas por los \u00faltimos ataques, perpetrados horas despu\u00e9s de que el presidente ruso,&nbsp;<a href=\"https:\/\/www.france24.com\/es\/tag\/vladimir-putin\/\" target=\"_self\" class=\"gtm-add-suggested-tag\">Vladimir Putin<\/a>, declarara a \u00faltima hora del martes&nbsp;que&nbsp;hab\u00eda ordenado a sus fuerzas que&nbsp;prepararan la nueva campa\u00f1a de&nbsp;ataques&nbsp;\u00abmasivos\u00bb.<\/p>\n<p>Las autoridades de la regi\u00f3n de Odessa, en el sur de Ucrania, informaron de da\u00f1os en un edificio residencial de 24 plantas por un ataque que destruy\u00f3 apartamentos en varios pisos e hiri\u00f3 a ocho personas, entre ellas un ni\u00f1o.<\/p>\n<p>El env\u00edo de drones y misiles contra instalaciones el\u00e9ctricas en la misma regi\u00f3n dej\u00f3 sin electricidad a m\u00e1s de 350.000 hogares, seg\u00fan las autoridades locales.<\/p>\n<p>En <a href=\"https:\/\/www.france24.com\/es\/tag\/j\u00e1rkiv\/\" target=\"_self\" class=\"gtm-add-suggested-tag\">J\u00e1rkiv<\/a>, miles de personas tambi\u00e9n se quedaron sin electricidad tras un asedio ruso que dej\u00f3 algunos heridos, mientras que, en <a href=\"https:\/\/www.france24.com\/es\/tag\/jers\u00f3n\/\" target=\"_self\" class=\"gtm-add-suggested-tag\">Jers\u00f3n<\/a>, un edificio utilizado por los servicios de emergencia y la polic\u00eda result\u00f3 da\u00f1ado, seg\u00fan el balance de Zelenski.<\/p>\n<p>Este mi\u00e9rcoles fue el s\u00e9ptimo d\u00eda consecutivo del asedio ruso contra Ucrania,&nbsp;aunque el \u00faltimo bombardeo no fue tan intenso como en d\u00edas anteriores.<\/p>\n<p>Del otro lado del conflicto, las defensas a\u00e9reas rusas destruyeron 130 drones ucranianos lanzados durante la noche sobre 11 regiones, as\u00ed como sobre la pen\u00ednsula ucraniana anexionada de <a href=\"https:\/\/www.france24.com\/es\/tag\/crimea\/\" target=\"_self\" class=\"gtm-add-suggested-tag\">Crimea<\/a> y el mar Negro, seg\u00fan inform\u00f3 el mi\u00e9rcoles el Ministerio de <a href=\"https:\/\/www.france24.com\/es\/tag\/defensa\/\" target=\"_self\" class=\"gtm-add-suggested-tag\">Defensa<\/a> de Rusia.&nbsp;<\/p>\n<p>La ofensiva caus\u00f3 la muerte de dos personas&nbsp;y dej\u00f3 16 heridos en la regi\u00f3n fronteriza rusa de <a href=\"https:\/\/www.france24.com\/es\/tag\/belgorod\/\" target=\"_self\" class=\"gtm-add-suggested-tag\">Belgorod<\/a>, detall\u00f3 el gobernador interino Alexander Shuvayev, quien a\u00f1adi\u00f3 que las fuerzas ucranianas atacaron la regi\u00f3n 140 veces en el transcurso de 24 horas.<\/p>\n<p class=\"a-read-more\"><span class=\"a-read-more__label\">Leer tambi\u00e9n<\/span><a href=\"https:\/\/www.france24.com\/es\/europa\/20260901-sexto-d\u00eda-consecutivo-de-ataques-rusos-contra-kiev-deja-nueve-muertos-y-decenas-de-heridos\" target=\"_self\" class=\"a-read-more__link\">Sexto d\u00eda consecutivo de ataques rusos contra Kiev deja al menos 12 muertos y decenas de heridos<\/a><\/p>\n<h2><strong>Los drones a reacci\u00f3n trastocan la cotidianidad en Kiev<\/strong><\/h2>\n<p>Unas 11 personas resultaron heridas este mi\u00e9rcoles en Kiev a causa de un enjambre de drones rusos que se estrellaron contra edificios residenciales y universitarios en el centro de la ciudad.<\/p>\n<p>La ofensiva a\u00e9rea golpe\u00f3 a una universidad mientras los estudiantes estaban en clase, lo que oblig\u00f3 a unos 160 alumnos a buscar refugio bajo tierra, seg\u00fan declar\u00f3 el presidente Volod\u00edmir Zelenski.<\/p>\n<p>Por las calles de Kiev a\u00fan se escuchaban fuertes explosiones durante la ma\u00f1ana mientras las defensas a\u00e9reas interceptaban los drones&nbsp;que se aproximaban.<\/p>\n<p>Aunque se han lanzado en peque\u00f1as cantidades, los&nbsp;drones&nbsp;han trastocado la cotidianidad en la capital, donde las alertas de ataques repercuten incluso en el funcionamiento del transporte p\u00fablico. Algunos tramos del metro de la ciudad quedan suspendidos durante el riesgo de <a href=\"https:\/\/www.france24.com\/es\/tag\/ataque\/\" target=\"_self\" class=\"gtm-add-suggested-tag\">ataque<\/a>, lo que obliga a algunos residentes&nbsp;a caminar hasta el trabajo, buscar taxis a toda prisa o usar patinetes el\u00e9ctricos.<\/p>\n<p>El alcalde&nbsp;de Kiev,&nbsp;Vitali Klitschko, declar\u00f3 a principios de esta semana que el consejo de defensa de la ciudad solicit\u00f3 al <a href=\"https:\/\/www.france24.com\/es\/tag\/gobierno\/\" target=\"_self\" class=\"gtm-add-suggested-tag\">Gobierno<\/a> central que suavizara el toque de queda impuesto en tiempos de guerra y algunas restricciones de tr\u00e1fico durante las alertas.<\/p>\n<p>Las alertas tambi\u00e9n interrumpieron el mi\u00e9rcoles dos veces la labor parlamentaria,&nbsp;lo que llev\u00f3 a los legisladores a implementar un nuevo sistema de votaci\u00f3n digital desde el subterr\u00e1neo del edificio, seg\u00fan el diputado de la oposici\u00f3n Yaroslav Zhelezniak, quien public\u00f3 im\u00e1genes de la plataforma.<\/p>\n<div class=\"m-em-image\">\n<figure class=\"m-item-image m-item-image--original m-item-image--has-caption\"> <picture class=\"a-picture a-picture--original\"><source type=\"image\/webp\" srcset=\"https:\/\/s.france24.com\/media\/display\/33f40dfc-a5f3-11f1-a5be-005056a97e36\/w:246\/2026-09-01T100315Z-704783314-RC2AANAPA26V-RTRMADP-3-UKRAINE-CRISIS-ATTACK-KYIV.webp 246w, https:\/\/s.france24.com\/media\/display\/33f40dfc-a5f3-11f1-a5be-005056a97e36\/w:388\/2026-09-01T100315Z-704783314-RC2AANAPA26V-RTRMADP-3-UKRAINE-CRISIS-ATTACK-KYIV.webp 388w, https:\/\/s.france24.com\/media\/display\/33f40dfc-a5f3-11f1-a5be-005056a97e36\/w:720\/2026-09-01T100315Z-704783314-RC2AANAPA26V-RTRMADP-3-UKRAINE-CRISIS-ATTACK-KYIV.webp 720w, https:\/\/s.france24.com\/media\/display\/33f40dfc-a5f3-11f1-a5be-005056a97e36\/w:980\/2026-09-01T100315Z-704783314-RC2AANAPA26V-RTRMADP-3-UKRAINE-CRISIS-ATTACK-KYIV.webp 980w\" sizes=\"(max-width: 1023px) calc(100vw - 32px), (min-width: 1024px) 850px\"><img fetchpriority=\"low\" decoding=\"async\" src=\"https:\/\/s.france24.com\/media\/display\/33f40dfc-a5f3-11f1-a5be-005056a97e36\/w:980\/2026-09-01T100315Z-704783314-RC2AANAPA26V-RTRMADP-3-UKRAINE-CRISIS-ATTACK-KYIV.jpg\" srcset=\"https:\/\/s.france24.com\/media\/display\/33f40dfc-a5f3-11f1-a5be-005056a97e36\/w:246\/2026-09-01T100315Z-704783314-RC2AANAPA26V-RTRMADP-3-UKRAINE-CRISIS-ATTACK-KYIV.jpg 246w, https:\/\/s.france24.com\/media\/display\/33f40dfc-a5f3-11f1-a5be-005056a97e36\/w:388\/2026-09-01T100315Z-704783314-RC2AANAPA26V-RTRMADP-3-UKRAINE-CRISIS-ATTACK-KYIV.jpg 388w, https:\/\/s.france24.com\/media\/display\/33f40dfc-a5f3-11f1-a5be-005056a97e36\/w:720\/2026-09-01T100315Z-704783314-RC2AANAPA26V-RTRMADP-3-UKRAINE-CRISIS-ATTACK-KYIV.jpg 720w, https:\/\/s.france24.com\/media\/display\/33f40dfc-a5f3-11f1-a5be-005056a97e36\/w:980\/2026-09-01T100315Z-704783314-RC2AANAPA26V-RTRMADP-3-UKRAINE-CRISIS-ATTACK-KYIV.jpg 980w\" sizes=\"(max-width: 1023px) calc(100vw - 32px), (min-width: 1024px) 850px\" alt=\"Bomberos trabajan en el lugar de un edificio de apartamentos da\u00f1ado por un ataque ruso con drones, en medio de la ofensiva de Rusia contra Ucrania, en Kiev, Ucrania, el 1 de septiembre de 2026.\" loading=\"lazy\" class=\"a-img \">\n<\/picture><figcaption class=\"a-figcaption\"> Bomberos trabajan en el lugar de un edificio de apartamentos da\u00f1ado por un ataque ruso con drones, en medio de la ofensiva de Rusia contra Ucrania, en Kiev, Ucrania, el 1 de septiembre de 2026. \u00a9 Gleb Garanich, Reuters <\/figcaption><\/figure>\n<\/p><\/div>\n<p>A medida que el conflicto se prolonga por quinto a\u00f1o consecutivo, el frente en el este y el sur de Ucrania permanece pr\u00e1cticamente estancado, y&nbsp;los esfuerzos mediados por Estados Unidos&nbsp;para negociar un alto el fuego a\u00fan no han terminado en alto el fuego.<\/p>\n<p>El presidente ruso, Vladimir Putin, y su hom\u00f3logo ucraniano, Volod\u00edmir Zelenski, intercambiaron amenazas a \u00faltima hora del martes sobre cu\u00e1les podr\u00edan ser sus pr\u00f3ximos pasos.<\/p>\n<p>El l\u00edder de Kiev <a href=\"https:\/\/www.france24.com\/es\/video\/20260902-zelenski-amenaza-el-espacio-a\u00e9reo-ruso-putin-responde-con-acusaciones-de-terrorismo-de-estado\" target=\"_self\">advirti\u00f3 a las aerol\u00edneas extranjeras que el cielo ruso no es seguro para los vuelos<\/a> debido a los ataques con drones ucranianos de largo alcance, por lo que habl\u00f3 de un cierre \u00abde facto\u00bb del espacio a\u00e9reo ruso. Estas medidas de presi\u00f3n buscan llevar al Kremlin a la mesa de negociaci\u00f3n, seg\u00fan sostuvo Zelenski.<\/p>\n<p>Sin embargo, el ministro de <a href=\"https:\/\/www.france24.com\/es\/tag\/transportes\/\" target=\"_self\" class=\"gtm-add-suggested-tag\">Transportes<\/a> ruso, Andrey Nikitin, desestim\u00f3 cualquier preocupaci\u00f3n sobre los vuelos al remarcar que las autoridades est\u00e1n reforzando constantemente la seguridad a\u00e9rea.<\/p>\n<p>\u00abNo permitiremos ninguna interrupci\u00f3n significativa en la aviaci\u00f3n civil\u00bb, declar\u00f3 a los periodistas, seg\u00fan la agencia de noticias rusa Interfax.<\/p>\n<p>Entretanto, Putin acus\u00f3 a Zelenski de \u00abterrorismo de Estado\u00bb, antes de descartar apurar las conversaciones de paz. \u00abNo negociamos con terroristas\u00bb, zanj\u00f3.<\/p>\n<p>Las palabras del l\u00edder del Kremlin fueron desestimadas por el Centro para la Lucha contra la <a href=\"https:\/\/www.france24.com\/es\/tag\/desinformaci\u00f3n\/\" target=\"_self\" class=\"gtm-add-suggested-tag\">Desinformaci\u00f3n<\/a> de Ucrania, un organismo gubernamental, que afirm\u00f3 que dichas declaraciones constitu\u00edan un intento flagrante de Putin de desviar la culpa de Mosc\u00fa.<\/p>\n<p>\u00abUn Estado que desat\u00f3 esta guerra, que diariamente aterroriza a la poblaci\u00f3n civil ucraniana y destruye ciudades, intenta una vez m\u00e1s presentarse como una &#8216;v\u00edctima'\u00bb, declar\u00f3 el organismo.<\/p>\n<p class=\"a-read-more\"><span class=\"a-read-more__label\">Leer tambi\u00e9n<\/span><a href=\"https:\/\/www.france24.com\/es\/europa\/20260831-drones-propulsados-a-reacci\u00f3n-la-nueva-amenaza-rusa-que-siembra-el-terror-en-ucrania\" target=\"_self\" class=\"a-read-more__link\">Drones propulsados a reacci\u00f3n: la nueva amenaza rusa que siembra el terror en Ucrania<\/a><\/p>\n<h2><strong>Ucrania&nbsp;ultima un&nbsp;acuerdo sobre drones con Alemania<\/strong><\/h2>\n<p>Tras una conversaci\u00f3n telef\u00f3nica con el canciller alem\u00e1n, <a href=\"https:\/\/www.france24.com\/es\/tag\/friedrich-merz\/\" target=\"_self\" class=\"gtm-add-suggested-tag\">Friedrich Merz<\/a>, el presidente ucraniano, Volod\u00edmir Zelenski, revel\u00f3 este mi\u00e9rcoles que es inminente el cierre de un acuerdo con <a href=\"https:\/\/www.france24.com\/es\/tag\/berl\u00edn\/\" target=\"_self\" class=\"gtm-add-suggested-tag\">Berl\u00edn<\/a> propuesto por&nbsp;su gobierno hace varios meses.<\/p>\n<p>\u00abNuestros equipos ya est\u00e1n&nbsp;ultimando&nbsp;el texto del&nbsp;acuerdo&nbsp;sobre drones. Esto, entre otras cosas, proporcionar\u00e1 sin duda a&nbsp;Alemania&nbsp;y&nbsp;a Ucrania&nbsp;capacidades de defensa adicionales\u00bb, declar\u00f3 Zelenski en la aplicaci\u00f3n <a href=\"https:\/\/www.france24.com\/es\/tag\/telegram\/\" target=\"_self\" class=\"gtm-add-suggested-tag\">Telegram<\/a>.<\/p>\n<p>Se espera que el pacto abra la puerta al desarrollo conjunto de diversos tipos de&nbsp;drones, misiles y software relacionado.<\/p>\n<div class=\"m-em-image\">\n<figure class=\"m-item-image m-item-image--original m-item-image--has-caption\"> <picture class=\"a-picture a-picture--original\"><source type=\"image\/webp\" srcset=\"https:\/\/s.france24.com\/media\/display\/44cf66b8-90ee-11f1-b10f-005056bfb2b6\/w:246\/2026-07-27T185221Z-2003724908-RC2LPJA3IUMZ-RTRMADP-3-USA-PENTAGON-DRONES-1.webp 246w, https:\/\/s.france24.com\/media\/display\/44cf66b8-90ee-11f1-b10f-005056bfb2b6\/w:388\/2026-07-27T185221Z-2003724908-RC2LPJA3IUMZ-RTRMADP-3-USA-PENTAGON-DRONES-1.webp 388w, https:\/\/s.france24.com\/media\/display\/44cf66b8-90ee-11f1-b10f-005056bfb2b6\/w:720\/2026-07-27T185221Z-2003724908-RC2LPJA3IUMZ-RTRMADP-3-USA-PENTAGON-DRONES-1.webp 720w, https:\/\/s.france24.com\/media\/display\/44cf66b8-90ee-11f1-b10f-005056bfb2b6\/w:980\/2026-07-27T185221Z-2003724908-RC2LPJA3IUMZ-RTRMADP-3-USA-PENTAGON-DRONES-1.webp 980w\" sizes=\"(max-width: 1023px) calc(100vw - 32px), (min-width: 1024px) 850px\"><img fetchpriority=\"low\" decoding=\"async\" src=\"https:\/\/s.france24.com\/media\/display\/44cf66b8-90ee-11f1-b10f-005056bfb2b6\/w:980\/2026-07-27T185221Z-2003724908-RC2LPJA3IUMZ-RTRMADP-3-USA-PENTAGON-DRONES-1.jpg\" srcset=\"https:\/\/s.france24.com\/media\/display\/44cf66b8-90ee-11f1-b10f-005056bfb2b6\/w:246\/2026-07-27T185221Z-2003724908-RC2LPJA3IUMZ-RTRMADP-3-USA-PENTAGON-DRONES-1.jpg 246w, https:\/\/s.france24.com\/media\/display\/44cf66b8-90ee-11f1-b10f-005056bfb2b6\/w:388\/2026-07-27T185221Z-2003724908-RC2LPJA3IUMZ-RTRMADP-3-USA-PENTAGON-DRONES-1.jpg 388w, https:\/\/s.france24.com\/media\/display\/44cf66b8-90ee-11f1-b10f-005056bfb2b6\/w:720\/2026-07-27T185221Z-2003724908-RC2LPJA3IUMZ-RTRMADP-3-USA-PENTAGON-DRONES-1.jpg 720w, https:\/\/s.france24.com\/media\/display\/44cf66b8-90ee-11f1-b10f-005056bfb2b6\/w:980\/2026-07-27T185221Z-2003724908-RC2LPJA3IUMZ-RTRMADP-3-USA-PENTAGON-DRONES-1.jpg 980w\" sizes=\"(max-width: 1023px) calc(100vw - 32px), (min-width: 1024px) 850px\" alt=\"Archivo: el dron interceptor FPV P1-Sun se exhibe en una exposici\u00f3n de fabricantes ucranianos de drones, en medio del ataque de Rusia contra Ucrania, en un lugar no revelado, Ucrania, 20 de febrero de 2026.\" loading=\"lazy\" class=\"a-img \">\n<\/picture><figcaption class=\"a-figcaption\"> Archivo: el dron interceptor FPV P1-Sun se exhibe en una exposici\u00f3n de fabricantes ucranianos de drones, en medio del ataque de Rusia contra Ucrania, en un lugar no revelado, Ucrania, 20 de febrero de 2026. \u00a9 Reuters\/Valentyn Ogirenko <\/figcaption><\/figure>\n<\/p><\/div>\n<p>El&nbsp;acuerdo&nbsp;se basar\u00e1 en la cooperaci\u00f3n existente entre <a href=\"https:\/\/www.france24.com\/es\/tag\/alemania\/\" target=\"_self\" class=\"gtm-add-suggested-tag\">Alemania<\/a> y Ucrania en materia de defensa, incluido un programa multimillonario para suministrar a Kiev unos 15.000&nbsp;drones interceptores Strila, dise\u00f1ados para contrarrestar&nbsp;los drones&nbsp;de ataque tipo <a href=\"https:\/\/www.france24.com\/es\/tag\/shahed\/\" target=\"_self\" class=\"gtm-add-suggested-tag\">Shahed<\/a> usados por el Kremlin.<\/p>\n<p>Ucrania se prepara para una nueva temporada de&nbsp;ataques&nbsp;rusos&nbsp;contra la infraestructura energ\u00e9tica, en medio de una grave escasez de interceptores de misiles Patriot de fabricaci\u00f3n estadounidense necesarios para derribar los proyectiles bal\u00edsticos de Mosc\u00fa.<\/p>\n<p>La empresa alemana de tecnolog\u00eda de defensa Quantum Systems y el fabricante ucraniano WIY&nbsp;Drones&nbsp;anunciaron en abril la creaci\u00f3n de Quantum WIY Industries, una empresa conjunta centrada en aumentar la producci\u00f3n de&nbsp;drones&nbsp;interceptores y tecnolog\u00edas de defensa a\u00e9rea relacionadas.<\/p>\n<p>Alemania&nbsp;tambi\u00e9n est\u00e1 financiando un pedido de 50.000&nbsp;drones&nbsp;de ataque Shrike fabricados por la empresa ucraniana SkyFall, una de las mayores compras de drones para Kiev realizadas por un gobierno occidental de las que se tiene constancia.<\/p>\n<p class=\"a-read-more\"><span class=\"a-read-more__label\">Leer tambi\u00e9n<\/span><a href=\"https:\/\/www.france24.com\/es\/europa\/20260901-alemania-culpa-a-mosc\u00fa-del-ataque-con-dron-en-el-aeropuerto-de-leipzig-y-ordena-el-cierre-del-consulado-ruso\" target=\"_self\" class=\"a-read-more__link\">Alemania culpa a Mosc\u00fa del ataque con dron en el aeropuerto de Leipzig y ordena el cierre del consulado ruso<\/a><\/p>\n<p>Con Reuters y AP<\/p>\n","protected":false},"excerpt":{"rendered":"<p>Pocos lugares en Ucrania parecen exentos de&#46;&#46;&#46;<\/p>\n","protected":false},"author":1,"featured_media":410143,"comment_status":"closed","ping_status":"closed","sticky":false,"template":"","format":"standard","meta":{"_jetpack_newsletter_access":"","_jetpack_dont_email_post_to_subs":false,"_jetpack_newsletter_tier_id":0,"_jetpack_memberships_contains_paywalled_content":false,"_jetpack_feature_clip_id":0,"_jetpack_memberships_contains_paid_content":false,"footnotes":"","jetpack_publicize_message":"","jetpack_publicize_feature_enabled":true,"jetpack_social_post_already_shared":true,"jetpack_social_options":{"image_generator_settings":{"template":"highway","default_image_id":0,"font":"","enabled":false},"version":2},"jetpack_post_was_ever_published":false},"categories":[43],"tags":[],"class_list":["post-410142","post","type-post","status-publish","format-standard","has-post-thumbnail","hentry","category-internacionales"],"yoast_head":"<!-- This site is optimized with the Yoast SEO plugin v28.1 - https:\/\/yoast.com\/product\/yoast-seo-wordpress\/ -->\n<title>Al menos dos muertos por ataques rusos en Ucrania, mientras Kiev y Mosc\u00fa amenazan con recrudecer la guerra - Sarmiento24h<\/title>\n<meta name=\"robots\" content=\"index, follow, max-snippet:-1, max-image-preview:large, max-video-preview:-1\" \/>\n<link rel=\"canonical\" href=\"https:\/\/sarmiento24h.com\/?p=410142\" \/>\n<meta property=\"og:locale\" content=\"es_ES\" \/>\n<meta property=\"og:type\" content=\"article\" \/>\n<meta property=\"og:title\" content=\"Al menos dos muertos por ataques rusos en Ucrania, mientras Kiev y Mosc\u00fa amenazan con recrudecer la guerra - Sarmiento24h\" \/>\n<meta property=\"og:description\" content=\"Pocos lugares en Ucrania parecen exentos de&#046;&#046;&#046;\" \/>\n<meta property=\"og:url\" content=\"https:\/\/sarmiento24h.com\/?p=410142\" \/>\n<meta property=\"og:site_name\" content=\"Sarmiento24h\" \/>\n<meta property=\"article:publisher\" content=\"https:\/\/facebook.com\/s24hnoticias\" \/>\n<meta property=\"article:published_time\" content=\"2026-09-02T18:17:38+00:00\" \/>\n<meta property=\"og:image\" content=\"https:\/\/s.france24.com\/media\/display\/33f40dfc-a5f3-11f1-a5be-005056a97e36\/w:980\/2026-09-01T100315Z-704783314-RC2AANAPA26V-RTRMADP-3-UKRAINE-CRISIS-ATTACK-KYIV.jpg\" \/>\n<meta name=\"author\" content=\"sarmiento24h@gmail.com\" \/>\n<meta name=\"twitter:card\" content=\"summary_large_image\" \/>\n<meta name=\"twitter:creator\" content=\"@sarmiento24h\" \/>\n<meta name=\"twitter:site\" content=\"@sarmiento24h\" \/>\n<meta name=\"twitter:label1\" content=\"Escrito por\" \/>\n\t<meta name=\"twitter:data1\" content=\"sarmiento24h@gmail.com\" \/>\n\t<meta name=\"twitter:label2\" content=\"Tiempo de lectura\" \/>\n\t<meta name=\"twitter:data2\" content=\"8 minutos\" \/>\n<script type=\"application\/ld+json\" class=\"yoast-schema-graph\">{\"@context\":\"https:\\\/\\\/schema.org\",\"@graph\":[{\"@type\":\"Article\",\"@id\":\"https:\\\/\\\/sarmiento24h.com\\\/?p=410142#article\",\"isPartOf\":{\"@id\":\"https:\\\/\\\/sarmiento24h.com\\\/?p=410142\"},\"author\":{\"name\":\"sarmiento24h@gmail.com\",\"@id\":\"https:\\\/\\\/sarmiento24h.com\\\/#\\\/schema\\\/person\\\/d653a59725ad629a7e0429af7b939d4d\"},\"headline\":\"Al menos dos muertos por ataques rusos en Ucrania, mientras Kiev y Mosc\u00fa amenazan con recrudecer la guerra\",\"datePublished\":\"2026-09-02T18:17:38+00:00\",\"mainEntityOfPage\":{\"@id\":\"https:\\\/\\\/sarmiento24h.com\\\/?p=410142\"},\"wordCount\":1580,\"publisher\":{\"@id\":\"https:\\\/\\\/sarmiento24h.com\\\/#organization\"},\"image\":{\"@id\":\"https:\\\/\\\/sarmiento24h.com\\\/?p=410142#primaryimage\"},\"thumbnailUrl\":\"https:\\\/\\\/sarmiento24h.com\\\/wp-content\\\/uploads\\\/2026\\\/09\\\/al-menos-dos-muertos-por-ataques-rusos-en-ucrania-mientras-kiev-y-moscu-amenazan-con-recrudecer-la-guerra.jpg\",\"articleSection\":[\"Internacionales\"],\"inLanguage\":\"es\"},{\"@type\":\"WebPage\",\"@id\":\"https:\\\/\\\/sarmiento24h.com\\\/?p=410142\",\"url\":\"https:\\\/\\\/sarmiento24h.com\\\/?p=410142\",\"name\":\"Al menos dos muertos por ataques rusos en Ucrania, mientras Kiev y Mosc\u00fa amenazan con recrudecer la guerra - Sarmiento24h\",\"isPartOf\":{\"@id\":\"https:\\\/\\\/sarmiento24h.com\\\/#website\"},\"primaryImageOfPage\":{\"@id\":\"https:\\\/\\\/sarmiento24h.com\\\/?p=410142#primaryimage\"},\"image\":{\"@id\":\"https:\\\/\\\/sarmiento24h.com\\\/?p=410142#primaryimage\"},\"thumbnailUrl\":\"https:\\\/\\\/sarmiento24h.com\\\/wp-content\\\/uploads\\\/2026\\\/09\\\/al-menos-dos-muertos-por-ataques-rusos-en-ucrania-mientras-kiev-y-moscu-amenazan-con-recrudecer-la-guerra.jpg\",\"datePublished\":\"2026-09-02T18:17:38+00:00\",\"breadcrumb\":{\"@id\":\"https:\\\/\\\/sarmiento24h.com\\\/?p=410142#breadcrumb\"},\"inLanguage\":\"es\",\"potentialAction\":[{\"@type\":\"ReadAction\",\"target\":[\"https:\\\/\\\/sarmiento24h.com\\\/?p=410142\"]}]},{\"@type\":\"ImageObject\",\"inLanguage\":\"es\",\"@id\":\"https:\\\/\\\/sarmiento24h.com\\\/?p=410142#primaryimage\",\"url\":\"https:\\\/\\\/sarmiento24h.com\\\/wp-content\\\/uploads\\\/2026\\\/09\\\/al-menos-dos-muertos-por-ataques-rusos-en-ucrania-mientras-kiev-y-moscu-amenazan-con-recrudecer-la-guerra.jpg\",\"contentUrl\":\"https:\\\/\\\/sarmiento24h.com\\\/wp-content\\\/uploads\\\/2026\\\/09\\\/al-menos-dos-muertos-por-ataques-rusos-en-ucrania-mientras-kiev-y-moscu-amenazan-con-recrudecer-la-guerra.jpg\",\"width\":980,\"height\":653},{\"@type\":\"BreadcrumbList\",\"@id\":\"https:\\\/\\\/sarmiento24h.com\\\/?p=410142#breadcrumb\",\"itemListElement\":[{\"@type\":\"ListItem\",\"position\":1,\"name\":\"Home\",\"item\":\"https:\\\/\\\/sarmiento24h.com\\\/\"},{\"@type\":\"ListItem\",\"position\":2,\"name\":\"Al menos dos muertos por ataques rusos en Ucrania, mientras Kiev y Mosc\u00fa amenazan con recrudecer la guerra\"}]},{\"@type\":\"WebSite\",\"@id\":\"https:\\\/\\\/sarmiento24h.com\\\/#website\",\"url\":\"https:\\\/\\\/sarmiento24h.com\\\/\",\"name\":\"Sarmiento24h\",\"description\":\"\",\"publisher\":{\"@id\":\"https:\\\/\\\/sarmiento24h.com\\\/#organization\"},\"potentialAction\":[{\"@type\":\"SearchAction\",\"target\":{\"@type\":\"EntryPoint\",\"urlTemplate\":\"https:\\\/\\\/sarmiento24h.com\\\/?s={search_term_string}\"},\"query-input\":{\"@type\":\"PropertyValueSpecification\",\"valueRequired\":true,\"valueName\":\"search_term_string\"}}],\"inLanguage\":\"es\"},{\"@type\":\"Organization\",\"@id\":\"https:\\\/\\\/sarmiento24h.com\\\/#organization\",\"name\":\"Sarmiento24h\",\"url\":\"https:\\\/\\\/sarmiento24h.com\\\/\",\"logo\":{\"@type\":\"ImageObject\",\"inLanguage\":\"es\",\"@id\":\"https:\\\/\\\/sarmiento24h.com\\\/#\\\/schema\\\/logo\\\/image\\\/\",\"url\":\"https:\\\/\\\/sarmiento24h.com\\\/wp-content\\\/uploads\\\/2025\\\/12\\\/AddText_12-16-10.30.52.jpg\",\"contentUrl\":\"https:\\\/\\\/sarmiento24h.com\\\/wp-content\\\/uploads\\\/2025\\\/12\\\/AddText_12-16-10.30.52.jpg\",\"width\":1220,\"height\":324,\"caption\":\"Sarmiento24h\"},\"image\":{\"@id\":\"https:\\\/\\\/sarmiento24h.com\\\/#\\\/schema\\\/logo\\\/image\\\/\"},\"sameAs\":[\"https:\\\/\\\/facebook.com\\\/s24hnoticias\",\"https:\\\/\\\/x.com\\\/sarmiento24h\"]},{\"@type\":\"Person\",\"@id\":\"https:\\\/\\\/sarmiento24h.com\\\/#\\\/schema\\\/person\\\/d653a59725ad629a7e0429af7b939d4d\",\"name\":\"sarmiento24h@gmail.com\",\"image\":{\"@type\":\"ImageObject\",\"inLanguage\":\"es\",\"@id\":\"https:\\\/\\\/sarmiento24h.com\\\/wp-content\\\/litespeed\\\/avatar\\\/d02cbc4e23c747e6659cd45907173c8f.jpg?ver=1788047690\",\"url\":\"https:\\\/\\\/sarmiento24h.com\\\/wp-content\\\/litespeed\\\/avatar\\\/d02cbc4e23c747e6659cd45907173c8f.jpg?ver=1788047690\",\"contentUrl\":\"https:\\\/\\\/sarmiento24h.com\\\/wp-content\\\/litespeed\\\/avatar\\\/d02cbc4e23c747e6659cd45907173c8f.jpg?ver=1788047690\",\"caption\":\"sarmiento24h@gmail.com\"},\"sameAs\":[\"https:\\\/\\\/sarmiento24h.com\"],\"url\":\"https:\\\/\\\/sarmiento24h.com\\\/?author=1\"}]}<\/script>\n<!-- \/ Yoast SEO plugin. -->","yoast_head_json":{"title":"Al menos dos muertos por ataques rusos en Ucrania, mientras Kiev y Mosc\u00fa amenazan con recrudecer la guerra - Sarmiento24h","robots":{"index":"index","follow":"follow","max-snippet":"max-snippet:-1","max-image-preview":"max-image-preview:large","max-video-preview":"max-video-preview:-1"},"canonical":"https:\/\/sarmiento24h.com\/?p=410142","og_locale":"es_ES","og_type":"article","og_title":"Al menos dos muertos por ataques rusos en Ucrania, mientras Kiev y Mosc\u00fa amenazan con recrudecer la guerra - Sarmiento24h","og_description":"Pocos lugares en Ucrania parecen exentos de&#46;&#46;&#46;","og_url":"https:\/\/sarmiento24h.com\/?p=410142","og_site_name":"Sarmiento24h","article_publisher":"https:\/\/facebook.com\/s24hnoticias","article_published_time":"2026-09-02T18:17:38+00:00","og_image":[{"url":"https:\/\/s.france24.com\/media\/display\/33f40dfc-a5f3-11f1-a5be-005056a97e36\/w:980\/2026-09-01T100315Z-704783314-RC2AANAPA26V-RTRMADP-3-UKRAINE-CRISIS-ATTACK-KYIV.jpg","type":"","width":"","height":""}],"author":"sarmiento24h@gmail.com","twitter_card":"summary_large_image","twitter_creator":"@sarmiento24h","twitter_site":"@sarmiento24h","twitter_misc":{"Escrito por":"sarmiento24h@gmail.com","Tiempo de lectura":"8 minutos"},"schema":{"@context":"https:\/\/schema.org","@graph":[{"@type":"Article","@id":"https:\/\/sarmiento24h.com\/?p=410142#article","isPartOf":{"@id":"https:\/\/sarmiento24h.com\/?p=410142"},"author":{"name":"sarmiento24h@gmail.com","@id":"https:\/\/sarmiento24h.com\/#\/schema\/person\/d653a59725ad629a7e0429af7b939d4d"},"headline":"Al menos dos muertos por ataques rusos en Ucrania, mientras Kiev y Mosc\u00fa amenazan con recrudecer la guerra","datePublished":"2026-09-02T18:17:38+00:00","mainEntityOfPage":{"@id":"https:\/\/sarmiento24h.com\/?p=410142"},"wordCount":1580,"publisher":{"@id":"https:\/\/sarmiento24h.com\/#organization"},"image":{"@id":"https:\/\/sarmiento24h.com\/?p=410142#primaryimage"},"thumbnailUrl":"https:\/\/sarmiento24h.com\/wp-content\/uploads\/2026\/09\/al-menos-dos-muertos-por-ataques-rusos-en-ucrania-mientras-kiev-y-moscu-amenazan-con-recrudecer-la-guerra.jpg","articleSection":["Internacionales"],"inLanguage":"es"},{"@type":"WebPage","@id":"https:\/\/sarmiento24h.com\/?p=410142","url":"https:\/\/sarmiento24h.com\/?p=410142","name":"Al menos dos muertos por ataques rusos en Ucrania, mientras Kiev y Mosc\u00fa amenazan con recrudecer la guerra - Sarmiento24h","isPartOf":{"@id":"https:\/\/sarmiento24h.com\/#website"},"primaryImageOfPage":{"@id":"https:\/\/sarmiento24h.com\/?p=410142#primaryimage"},"image":{"@id":"https:\/\/sarmiento24h.com\/?p=410142#primaryimage"},"thumbnailUrl":"https:\/\/sarmiento24h.com\/wp-content\/uploads\/2026\/09\/al-menos-dos-muertos-por-ataques-rusos-en-ucrania-mientras-kiev-y-moscu-amenazan-con-recrudecer-la-guerra.jpg","datePublished":"2026-09-02T18:17:38+00:00","breadcrumb":{"@id":"https:\/\/sarmiento24h.com\/?p=410142#breadcrumb"},"inLanguage":"es","potentialAction":[{"@type":"ReadAction","target":["https:\/\/sarmiento24h.com\/?p=410142"]}]},{"@type":"ImageObject","inLanguage":"es","@id":"https:\/\/sarmiento24h.com\/?p=410142#primaryimage","url":"https:\/\/sarmiento24h.com\/wp-content\/uploads\/2026\/09\/al-menos-dos-muertos-por-ataques-rusos-en-ucrania-mientras-kiev-y-moscu-amenazan-con-recrudecer-la-guerra.jpg","contentUrl":"https:\/\/sarmiento24h.com\/wp-content\/uploads\/2026\/09\/al-menos-dos-muertos-por-ataques-rusos-en-ucrania-mientras-kiev-y-moscu-amenazan-con-recrudecer-la-guerra.jpg","width":980,"height":653},{"@type":"BreadcrumbList","@id":"https:\/\/sarmiento24h.com\/?p=410142#breadcrumb","itemListElement":[{"@type":"ListItem","position":1,"name":"Home","item":"https:\/\/sarmiento24h.com\/"},{"@type":"ListItem","position":2,"name":"Al menos dos muertos por ataques rusos en Ucrania, mientras Kiev y Mosc\u00fa amenazan con recrudecer la guerra"}]},{"@type":"WebSite","@id":"https:\/\/sarmiento24h.com\/#website","url":"https:\/\/sarmiento24h.com\/","name":"Sarmiento24h","description":"","publisher":{"@id":"https:\/\/sarmiento24h.com\/#organization"},"potentialAction":[{"@type":"SearchAction","target":{"@type":"EntryPoint","urlTemplate":"https:\/\/sarmiento24h.com\/?s={search_term_string}"},"query-input":{"@type":"PropertyValueSpecification","valueRequired":true,"valueName":"search_term_string"}}],"inLanguage":"es"},{"@type":"Organization","@id":"https:\/\/sarmiento24h.com\/#organization","name":"Sarmiento24h","url":"https:\/\/sarmiento24h.com\/","logo":{"@type":"ImageObject","inLanguage":"es","@id":"https:\/\/sarmiento24h.com\/#\/schema\/logo\/image\/","url":"https:\/\/sarmiento24h.com\/wp-content\/uploads\/2025\/12\/AddText_12-16-10.30.52.jpg","contentUrl":"https:\/\/sarmiento24h.com\/wp-content\/uploads\/2025\/12\/AddText_12-16-10.30.52.jpg","width":1220,"height":324,"caption":"Sarmiento24h"},"image":{"@id":"https:\/\/sarmiento24h.com\/#\/schema\/logo\/image\/"},"sameAs":["https:\/\/facebook.com\/s24hnoticias","https:\/\/x.com\/sarmiento24h"]},{"@type":"Person","@id":"https:\/\/sarmiento24h.com\/#\/schema\/person\/d653a59725ad629a7e0429af7b939d4d","name":"sarmiento24h@gmail.com","image":{"@type":"ImageObject","inLanguage":"es","@id":"https:\/\/sarmiento24h.com\/wp-content\/litespeed\/avatar\/d02cbc4e23c747e6659cd45907173c8f.jpg?ver=1788047690","url":"https:\/\/sarmiento24h.com\/wp-content\/litespeed\/avatar\/d02cbc4e23c747e6659cd45907173c8f.jpg?ver=1788047690","contentUrl":"https:\/\/sarmiento24h.com\/wp-content\/litespeed\/avatar\/d02cbc4e23c747e6659cd45907173c8f.jpg?ver=1788047690","caption":"sarmiento24h@gmail.com"},"sameAs":["https:\/\/sarmiento24h.com"],"url":"https:\/\/sarmiento24h.com\/?author=1"}]}},"jetpack_publicize_connections":[],"jetpack_featured_media_url":"https:\/\/sarmiento24h.com\/wp-content\/uploads\/2026\/09\/al-menos-dos-muertos-por-ataques-rusos-en-ucrania-mientras-kiev-y-moscu-amenazan-con-recrudecer-la-guerra.jpg","jetpack_sharing_enabled":true,"_links":{"self":[{"href":"https:\/\/sarmiento24h.com\/index.php?rest_route=\/wp\/v2\/posts\/410142","targetHints":{"allow":["GET"]}}],"collection":[{"href":"https:\/\/sarmiento24h.com\/index.php?rest_route=\/wp\/v2\/posts"}],"about":[{"href":"https:\/\/sarmiento24h.com\/index.php?rest_route=\/wp\/v2\/types\/post"}],"author":[{"embeddable":true,"href":"https:\/\/sarmiento24h.com\/index.php?rest_route=\/wp\/v2\/users\/1"}],"replies":[{"embeddable":true,"href":"https:\/\/sarmiento24h.com\/index.php?rest_route=%2Fwp%2Fv2%2Fcomments&post=410142"}],"version-history":[{"count":0,"href":"https:\/\/sarmiento24h.com\/index.php?rest_route=\/wp\/v2\/posts\/410142\/revisions"}],"wp:featuredmedia":[{"embeddable":true,"href":"https:\/\/sarmiento24h.com\/index.php?rest_route=\/wp\/v2\/media\/410143"}],"wp:attachment":[{"href":"https:\/\/sarmiento24h.com\/index.php?rest_route=%2Fwp%2Fv2%2Fmedia&parent=410142"}],"wp:term":[{"taxonomy":"category","embeddable":true,"href":"https:\/\/sarmiento24h.com\/index.php?rest_route=%2Fwp%2Fv2%2Fcategories&post=410142"},{"taxonomy":"post_tag","embeddable":true,"href":"https:\/\/sarmiento24h.com\/index.php?rest_route=%2Fwp%2Fv2%2Ftags&post=410142"}],"curies":[{"name":"wp","href":"https:\/\/api.w.org\/{rel}","templated":true}]}}