{"id":410144,"date":"2026-09-02T18:17:40","date_gmt":"2026-09-02T18:17:40","guid":{"rendered":"http:\/\/1a57dad2-a6f6-11f1-8025-b57a562de5c0"},"modified":"2026-09-02T18:17:40","modified_gmt":"2026-09-02T18:17:40","slug":"informe-policial-situa-a-gendarmes-marroquies-detras-de-la-crisis-en-ceuta-y-eleva-la-presion-sobre-el-gobierno-espanol","status":"publish","type":"post","link":"https:\/\/sarmiento24h.com\/?p=410144","title":{"rendered":"Informe policial sit\u00faa a gendarmes marroqu\u00edes detr\u00e1s de la crisis en Ceuta y eleva la presi\u00f3n sobre el Gobierno espa\u00f1ol"},"content":{"rendered":"<p>Un informe que cambia el foco de la crisis. La crisis migratoria de Ceuta ha adquirido una nueva dimensi\u00f3n despu\u00e9s de conocerse el contenido de un informe elaborado por el Centro Nacional de Inmigraci\u00f3n y Fronteras (CENIF), unidad de inteligencia de la Comisar\u00eda General de Extranjer\u00eda y Fronteras de la Polic\u00eda Nacional, y entregado a la Audiencia Nacional en el marco de las diligencias abiertas para determinar qu\u00e9 ocurri\u00f3 durante la entrada masiva de finales de julio.<\/p>\n<p>Seg\u00fan el documento, al que han tenido acceso medios espa\u00f1oles, la llegada de decenas de miles de personas a Ceuta los d\u00edas 30 y 31 de julio no habr\u00eda sido un movimiento migratorio espont\u00e1neo, sino un proceso planificado con el objetivo de \u201ccolapsar el sistema\u201d de control fronterizo y reducir la capacidad de respuesta de Espa\u00f1a.<\/p>\n<p>El informe atribuye esa planificaci\u00f3n y ejecuci\u00f3n a las Fuerzas y Cuerpos de Seguridad de Marruecos y sostiene que la dimensi\u00f3n migratoria habr\u00eda servido como cobertura para una operaci\u00f3n de naturaleza distinta. Seg\u00fan sus conclusiones, agentes marroqu\u00edes, tanto uniformados como vestidos de paisano, habr\u00edan guiado a los grupos que se dirig\u00edan hacia territorio espa\u00f1ol.<\/p>\n<div id=\"em-WBMZ417165-F24-ES-20260902\" class=\"m-em-flash\" data-xtwitter-script>\n<div class=\"o-em-consent \" readability=\"7\">\n<div class=\"o-em-consent__content\" readability=\"34\">\n<p class=\"o-em-consent__content__text\">Para mostrar este contenido de X (Twitter), debe autorizar las cookies de medici\u00f3n de audiencia y publicidad.<\/p>\n<p> <button class=\"a-master-button a-master-button--dark\" data-action=\"accept\"> Aceptar <svg class=\"a-svg a-svg--icon-check\"> <use xlink:href=\"\/build\/images\/svg\/sprite.1af31c2f854b10d5fc5627a4f4fa61be.svg#icon-check\" href=\"\/build\/images\/svg\/sprite.1af31c2f854b10d5fc5627a4f4fa61be.svg#icon-check\" \/> <\/svg> <\/button> <button class=\"a-link\" data-action=\"manage\">Gestionar mis opciones <svg class=\"a-svg a-svg--icon-edit\"> <use xlink:href=\"\/build\/images\/svg\/sprite.1af31c2f854b10d5fc5627a4f4fa61be.svg#icon-edit\" href=\"\/build\/images\/svg\/sprite.1af31c2f854b10d5fc5627a4f4fa61be.svg#icon-edit\" \/> <\/svg><br \/>\n<\/button> <\/div>\n<\/div>\n<\/div>\n<p>La informaci\u00f3n est\u00e1 siendo examinada por la jueza de la Audiencia Nacional Mar\u00eda Tard\u00f3n, que investiga si los hechos pueden tener alguna relevancia penal y, en particular, si existen indicios de un eventual delito contra la integridad territorial del Estado.<\/p>\n<p>Las conclusiones del documento no constituyen todav\u00eda una determinaci\u00f3n judicial de responsabilidades.<\/p>\n<p>La nueva informaci\u00f3n eleva la presi\u00f3n de la oposici\u00f3n que, incluso, pide la renuncia del ministro del Interior, Fernando Grande-Marlaska.<\/p>\n<p class=\"a-read-more\"><span class=\"a-read-more__label\">Leer tambi\u00e9n<\/span><a href=\"https:\/\/www.france24.com\/es\/europa\/20260831-s\u00e1nchez-niega-implicaci\u00f3n-de-marruecos-en-la-crisis-migratoria-de-ceuta-y-apunta-a-rusia-e-israel\" target=\"_self\" class=\"a-read-more__link\">S\u00e1nchez niega implicaci\u00f3n de Marruecos en la crisis migratoria de Ceuta y apunta a Rusia e Israel<\/a><\/p>\n<h2><strong>Una alerta previa que vuelve a abrir el debate<\/strong><\/h2>\n<p>Uno de los elementos m\u00e1s sensibles del informe es la referencia a una alerta emitida por el propio CENIF el 29 de julio, un d\u00eda antes de que comenzara la entrada masiva.<\/p>\n<p>La nota informativa advert\u00eda de un riesgo \u201cextremo\u201d de accesos ilegales a Ceuta y Melilla, tanto mediante entradas a nado como mediante el salto de las vallas fronterizas, y se\u00f1alaba que estos movimientos podr\u00edan producirse de manera coordinada. El escenario estaba previsto para el 30 de julio.<\/p>\n<p>La existencia de esta alerta vuelve a poner bajo escrutinio la preparaci\u00f3n de las autoridades espa\u00f1olas ante una crisis que termin\u00f3 desbordando los dispositivos fronterizos.<\/p>\n<p>La cuesti\u00f3n tambi\u00e9n ha generado contradicciones entre miembros del Gobierno. La ministra de Defensa, Margarita Robles, hab\u00eda afirmado en el Congreso que el Centro Nacional de Inteligencia hab\u00eda advertido del riesgo un d\u00eda antes. El ministro del Interior, Fernando Grande-Marlaska, hab\u00eda sostenido, en cambio, que no exist\u00edan informes que anticiparan una entrada masiva.<\/p>\n<p>Ahora, el propio Marlaska ha exigido explicaciones al director general de la Polic\u00eda, <strong>Francisco Pardo,<\/strong> y le ha pedido que determine desde cu\u00e1ndo dispon\u00eda el cuerpo de esa informaci\u00f3n y, en caso de que las informaciones publicadas sean ciertas, por qu\u00e9 no fue comunicada al ministro ni a los \u00f3rganos correspondientes de seguridad nacional.<\/p>\n<p class=\"a-read-more\"><span class=\"a-read-more__label\">Leer tambi\u00e9n<\/span><a href=\"https:\/\/www.france24.com\/es\/europa\/20260825-espa\u00f1a-aprueba-dos-anteproyectos-para-reformar-sus-leyes-de-asilo-y-extranjer\u00eda-en-plena-crisis-migratoria-en-ceuta\" target=\"_self\" class=\"a-read-more__link\">Espa\u00f1a aprueba dos anteproyectos para reformar sus leyes de asilo y extranjer\u00eda en plena crisis migratoria en Ceuta<\/a><\/p>\n<h2><strong>La direcci\u00f3n de la Polic\u00eda niega que exista una atribuci\u00f3n a Marruecos<\/strong><\/h2>\n<p>La reacci\u00f3n de la c\u00fapula policial ha introducido un elemento de cautela en torno al contenido del informe.<\/p>\n<p>Pardo comunic\u00f3 a Marlaska que, despu\u00e9s de reunirse con los responsables de las unidades de Informaci\u00f3n y Extranjer\u00eda y Fronteras, <strong>no existe un informe policial que responsabilice a las fuerzas de seguridad marroqu\u00edes de la \u201cplanificaci\u00f3n o ejecuci\u00f3n\u201d de la entrada de unas 80.000 personas en Ceuta durante los dos \u00faltimos d\u00edas de julio.<\/strong><\/p>\n<p>El director general explic\u00f3 adem\u00e1s que la jueza hab\u00eda ordenado a los investigadores que elaboraron el documento que no informaran a sus superiores sobre su contenido. Seg\u00fan Pardo, solo despu\u00e9s de que la magistrada autorizara a los investigadores a comunicar la existencia del informe pudo conocer sus conclusiones.<\/p>\n<div id=\"em-WBMZ417162-F24-ES-20260902\" class=\"m-em-flash\" data-xtwitter-script>\n<div class=\"o-em-consent \" readability=\"7\">\n<div class=\"o-em-consent__content\" readability=\"34\">\n<p class=\"o-em-consent__content__text\">Para mostrar este contenido de X (Twitter), debe autorizar las cookies de medici\u00f3n de audiencia y publicidad.<\/p>\n<p> <button class=\"a-master-button a-master-button--dark\" data-action=\"accept\"> Aceptar <svg class=\"a-svg a-svg--icon-check\"> <use xlink:href=\"\/build\/images\/svg\/sprite.1af31c2f854b10d5fc5627a4f4fa61be.svg#icon-check\" href=\"\/build\/images\/svg\/sprite.1af31c2f854b10d5fc5627a4f4fa61be.svg#icon-check\" \/> <\/svg> <\/button> <button class=\"a-link\" data-action=\"manage\">Gestionar mis opciones <svg class=\"a-svg a-svg--icon-edit\"> <use xlink:href=\"\/build\/images\/svg\/sprite.1af31c2f854b10d5fc5627a4f4fa61be.svg#icon-edit\" href=\"\/build\/images\/svg\/sprite.1af31c2f854b10d5fc5627a4f4fa61be.svg#icon-edit\" \/> <\/svg><br \/>\n<\/button> <\/div>\n<\/div>\n<\/div>\n<p>La discrepancia es ahora uno de los puntos centrales de la crisis: mientras el documento elaborado por el CENIF apunta directamente a una participaci\u00f3n activa de fuerzas marroqu\u00edes, la direcci\u00f3n de la Polic\u00eda rechaza que pueda hablarse de un informe policial que atribuya formalmente a Marruecos la planificaci\u00f3n y ejecuci\u00f3n de la operaci\u00f3n.<\/p>\n<p>El Gobierno ha optado por la prudencia mientras intenta conocer el contenido completo del documento.<\/p>\n<p>\u201cEs el momento de la cautela\u201d, afirm\u00f3 el ministro de la Presidencia, F\u00e9lix Bola\u00f1os, al defender que primero debe conocerse el informe antes de extraer conclusiones.<\/p>\n<p class=\"a-read-more\"><span class=\"a-read-more__label\">Leer tambi\u00e9n<\/span><a href=\"https:\/\/www.france24.com\/es\/europa\/20260824-crisis-migratoria-en-ceuta-espa\u00f1a-anuncia-un-mando-\u00fanico-mientras-intenta-prevenir-potenciales-enfermedades\" target=\"_self\" class=\"a-read-more__link\">Crisis migratoria en Ceuta: Espa\u00f1a anuncia un mando \u00fanico, mientras intenta prevenir \u00abpotenciales enfermedades\u201d<\/a><\/p>\n<h2><strong>Varias oleadas para desbordar la frontera<\/strong><\/h2>\n<p>El an\u00e1lisis del CENIF sostiene que la operaci\u00f3n se desarroll\u00f3 en distintas fases y con perfiles diferenciados.<\/p>\n<p>La primera oleada comenz\u00f3 antes de las 11:00 del 30 de julio y estuvo protagonizada principalmente por hombres j\u00f3venes, de entre 15 y 25 a\u00f1os, muchos de ellos equipados con neoprenos, aletas y flotadores para atravesar el mar.<\/p>\n<p>Posteriormente, entre aproximadamente las 11:00 y las 22:00, el perfil cambi\u00f3. A las playas llegaron familias completas, mujeres y ni\u00f1os, junto a personas procedentes del \u00c1frica subsahariana.<\/p>\n<p>Seg\u00fan la interpretaci\u00f3n recogida en el informe, la combinaci\u00f3n de perfiles habr\u00eda tenido una finalidad t\u00e1ctica: una vez saturados los dispositivos fronterizos, la llegada de personas vulnerables dificultaba la posibilidad de impedir su entrada y obligaba a las autoridades espa\u00f1olas a activar mecanismos de atenci\u00f3n y protecci\u00f3n.<\/p>\n<div id=\"em-WBMZ417170-F24-ES-20260902\" class=\"m-em-flash\" data-xtwitter-script>\n<div class=\"o-em-consent \" readability=\"7\">\n<div class=\"o-em-consent__content\" readability=\"34\">\n<p class=\"o-em-consent__content__text\">Para mostrar este contenido de X (Twitter), debe autorizar las cookies de medici\u00f3n de audiencia y publicidad.<\/p>\n<p> <button class=\"a-master-button a-master-button--dark\" data-action=\"accept\"> Aceptar <svg class=\"a-svg a-svg--icon-check\"> <use xlink:href=\"\/build\/images\/svg\/sprite.1af31c2f854b10d5fc5627a4f4fa61be.svg#icon-check\" href=\"\/build\/images\/svg\/sprite.1af31c2f854b10d5fc5627a4f4fa61be.svg#icon-check\" \/> <\/svg> <\/button> <button class=\"a-link\" data-action=\"manage\">Gestionar mis opciones <svg class=\"a-svg a-svg--icon-edit\"> <use xlink:href=\"\/build\/images\/svg\/sprite.1af31c2f854b10d5fc5627a4f4fa61be.svg#icon-edit\" href=\"\/build\/images\/svg\/sprite.1af31c2f854b10d5fc5627a4f4fa61be.svg#icon-edit\" \/> <\/svg><br \/>\n<\/button> <\/div>\n<\/div>\n<\/div>\n<p>A partir de las 22:00 y durante el d\u00eda siguiente habr\u00eda regresado el predominio del primer perfil, con j\u00f3venes que intentaban acceder al territorio espa\u00f1ol.<\/p>\n<p>El informe incluye, seg\u00fan las informaciones difundidas por medios espa\u00f1oles, numerosas im\u00e1genes de los momentos previos y del desarrollo de la entrada masiva.<\/p>\n<p class=\"a-read-more\"><span class=\"a-read-more__label\">Leer tambi\u00e9n<\/span><a href=\"https:\/\/www.france24.com\/es\/europa\/20260730-crisis-migratoria-en-ceuta-qu\u00e9-est\u00e1-pasando-y-por-qu\u00e9-el-gobierno-espa\u00f1ol-rechaza-declarar-la-emergencia-nacional\" target=\"_self\" class=\"a-read-more__link\">Crisis migratoria en Ceuta: \u00bfqu\u00e9 est\u00e1 pasando y por qu\u00e9 el Gobierno espa\u00f1ol moviliza al Ej\u00e9rcito?<\/a><\/p>\n<h2><strong>M\u00e1s de 10.000 personas siguen atrapadas en Ceuta<\/strong><\/h2>\n<p>Cinco semanas despu\u00e9s de aquellos acontecimientos, las consecuencias siguen siendo visibles en la ciudad aut\u00f3noma.<\/p>\n<p>Las autoridades locales estiman que m\u00e1s de 10.000 migrantes contin\u00faan en Ceuta, incluidos menores no acompa\u00f1ados, muchos de ellos en campamentos improvisados o dispersos por calles y playas.<\/p>\n<p>La crisis ha provocado protestas pr\u00e1cticamente diarias de sectores de la poblaci\u00f3n local, que reclaman una respuesta m\u00e1s r\u00e1pida del Gobierno central, el traslado de migrantes a otras partes de Espa\u00f1a y el retorno de quienes no tienen derecho a permanecer en territorio espa\u00f1ol.<\/p>\n<p>Las autoridades han ampliado la capacidad de alojamiento temporal desde unas 500 plazas hasta m\u00e1s de 3.400 y han desplegado m\u00e1s de 1.600 agentes de polic\u00eda. Organizaciones locales consideran, sin embargo, que las medidas siguen siendo insuficientes.<\/p>\n<p>\u00abLa respuesta ha carecido de agilidad: eso est\u00e1 claro\u00bb, afirm\u00f3 Juan Miguel Morales, director de la organizaci\u00f3n ben\u00e9fica Sur Acoge.<\/p>\n<p>La presi\u00f3n tambi\u00e9n ha generado episodios de violencia. En los \u00faltimos d\u00edas se han registrado ataques contra un campamento improvisado en la playa de El Trampol\u00edn y enfrentamientos en los que ciudadanos marroqu\u00edes fueron detenidos tras lanzar piedras y botellas contra patrullas del Ej\u00e9rcito.<\/p>\n<p><strong>El deterioro de la situaci\u00f3n ha trasladado la crisis a la pol\u00edtica nacional e incluso de Europa.<\/strong> La Federaci\u00f3n Espa\u00f1ola de Municipios y Provincias (FEMP), dominada por el opositor Partido Popular, convoc\u00f3 manifestaciones en distintas ciudades espa\u00f1olas para expresar solidaridad con Ceuta y reclamar una mayor respuesta del Gobierno.<\/p>\n<div class=\"m-em-image\">\n<figure class=\"m-item-image m-item-image--original m-item-image--has-caption\"> <picture class=\"a-picture a-picture--original\"><source type=\"image\/webp\" srcset=\"https:\/\/s.france24.com\/media\/display\/39d36620-9ca5-11f1-bd90-005056bfb2b6\/w:246\/2026-08-20T125422Z-225694207-RC292NA81F0I-RTRMADP-3-MIGRATION-EUROPE-SPAIN-CEUTA.webp 246w, https:\/\/s.france24.com\/media\/display\/39d36620-9ca5-11f1-bd90-005056bfb2b6\/w:388\/2026-08-20T125422Z-225694207-RC292NA81F0I-RTRMADP-3-MIGRATION-EUROPE-SPAIN-CEUTA.webp 388w, https:\/\/s.france24.com\/media\/display\/39d36620-9ca5-11f1-bd90-005056bfb2b6\/w:720\/2026-08-20T125422Z-225694207-RC292NA81F0I-RTRMADP-3-MIGRATION-EUROPE-SPAIN-CEUTA.webp 720w, https:\/\/s.france24.com\/media\/display\/39d36620-9ca5-11f1-bd90-005056bfb2b6\/w:980\/2026-08-20T125422Z-225694207-RC292NA81F0I-RTRMADP-3-MIGRATION-EUROPE-SPAIN-CEUTA.webp 980w\" sizes=\"(max-width: 1023px) calc(100vw - 32px), (min-width: 1024px) 850px\"><img fetchpriority=\"low\" decoding=\"async\" src=\"https:\/\/s.france24.com\/media\/display\/39d36620-9ca5-11f1-bd90-005056bfb2b6\/w:980\/2026-08-20T125422Z-225694207-RC292NA81F0I-RTRMADP-3-MIGRATION-EUROPE-SPAIN-CEUTA.jpg\" srcset=\"https:\/\/s.france24.com\/media\/display\/39d36620-9ca5-11f1-bd90-005056bfb2b6\/w:246\/2026-08-20T125422Z-225694207-RC292NA81F0I-RTRMADP-3-MIGRATION-EUROPE-SPAIN-CEUTA.jpg 246w, https:\/\/s.france24.com\/media\/display\/39d36620-9ca5-11f1-bd90-005056bfb2b6\/w:388\/2026-08-20T125422Z-225694207-RC292NA81F0I-RTRMADP-3-MIGRATION-EUROPE-SPAIN-CEUTA.jpg 388w, https:\/\/s.france24.com\/media\/display\/39d36620-9ca5-11f1-bd90-005056bfb2b6\/w:720\/2026-08-20T125422Z-225694207-RC292NA81F0I-RTRMADP-3-MIGRATION-EUROPE-SPAIN-CEUTA.jpg 720w, https:\/\/s.france24.com\/media\/display\/39d36620-9ca5-11f1-bd90-005056bfb2b6\/w:980\/2026-08-20T125422Z-225694207-RC292NA81F0I-RTRMADP-3-MIGRATION-EUROPE-SPAIN-CEUTA.jpg 980w\" sizes=\"(max-width: 1023px) calc(100vw - 32px), (min-width: 1024px) 850px\" alt=\"Migrantes son escoltados desde un campamento improvisado en la playa hasta refugios oficiales en toda la ciudad despu\u00e9s de que las autoridades desalojaran el lugar, tras un cruce masivo desde Marruecos, en el enclave espa\u00f1ol de Ceuta, en el norte de \u00c1frica, el 20 de agosto de 2026.\" loading=\"lazy\" class=\"a-img \">\n<\/picture><figcaption class=\"a-figcaption\"> Migrantes son escoltados desde un campamento improvisado en la playa hasta refugios oficiales en toda la ciudad despu\u00e9s de que las autoridades desalojaran el lugar, tras un cruce masivo desde Marruecos, en el enclave espa\u00f1ol de Ceuta, en el norte de \u00c1frica, el 20 de agosto de 2026. \u00a9 Reuters\/Violeta Santos Moura <\/figcaption><\/figure>\n<\/p><\/div>\n<p>El Ejecutivo socialista de Pedro S\u00e1nchez ha acusado a la oposici\u00f3n de utilizar pol\u00edticamente una emergencia migratoria.<\/p>\n<p>\u201cEsto no se trata de defender a Ceuta y a sus habitantes, sino de atacar al Gobierno\u201d, afirm\u00f3 el ministro de Pol\u00edtica Territorial, \u00c1ngel V\u00edctor Torres.<\/p>\n<p>Al mismo tiempo, organizaciones y sindicatos de izquierda han convocado movilizaciones alternativas para denunciar los episodios de racismo e islamofobia registrados desde la llegada masiva de migrantes.<\/p>\n<p>En Ceuta, incluso quienes reclaman una respuesta m\u00e1s contundente han intentado marcar distancias con la extrema derecha. Francisco Garc\u00eda Segado, presidente de la Federaci\u00f3n Provincial de Asociaciones de Vecinos de Ceuta, ha defendido que las movilizaciones sean pac\u00edficas y ha advertido del riesgo de que grupos desplazados desde la pen\u00ednsula provoquen incidentes.<\/p>\n<p>Una iniciativa ciudadana denominada \u00abPor Ceuta\u00bb, que reclama simult\u00e1neamente el respeto de los derechos de residentes y migrantes, retornos ordenados y un refuerzo de la seguridad, ha reunido cerca de 65.000 firmas y asegura no tener vinculaci\u00f3n partidista.<\/p>\n<p class=\"a-read-more\"><span class=\"a-read-more__label\">Leer tambi\u00e9n<\/span><a href=\"https:\/\/www.france24.com\/es\/europa\/20260828-siempre-tienes-miedo-16-mujeres-migrantes-entre-ellas-ni\u00f1as-denuncian-agresiones-sexuales-en-ceuta\" target=\"_self\" class=\"a-read-more__link\">\u00abSiempre tienes miedo\u00bb: 16 migrantes, entre ellas ni\u00f1as, denuncian agresiones sexuales en Ceuta<\/a><\/p>\n<h2><strong>Marruecos, Rusia y la batalla por la narrativa<\/strong><\/h2>\n<p>El contenido del informe policial llega adem\u00e1s en un momento de creciente disputa sobre qui\u00e9n estuvo detr\u00e1s de la crisis.<\/p>\n<p>La hip\u00f3tesis de una intervenci\u00f3n marroqu\u00ed contradice las declaraciones recientes del Gobierno espa\u00f1ol, que ha rechazado que existan indicios de una participaci\u00f3n de Marruecos en la organizaci\u00f3n de la entrada masiva.<\/p>\n<p>La ministra de Inclusi\u00f3n, Seguridad Social y Migraciones, Elma Saiz, ha se\u00f1alado, en cambio, a Rusia, Israel y a una denominada \u00abinternacional ultra\u00bb por la difusi\u00f3n de campa\u00f1as de desinformaci\u00f3n destinadas, seg\u00fan el Ejecutivo, a polarizar a la sociedad espa\u00f1ola y debilitar la cohesi\u00f3n europea.<\/p>\n<p>El ministro de Exteriores, Jos\u00e9 Manuel Albares, tambi\u00e9n ha insistido en el papel de redes rusas en la amplificaci\u00f3n de la crisis en las plataformas digitales. <strong>Mosc\u00fa ha reclamado pruebas sobre esa supuesta implicaci\u00f3n y ha rechazado las acusaciones. Israel, por su parte, tambi\u00e9n ha negado cualquier participaci\u00f3n.<\/strong><\/p>\n<p>La publicaci\u00f3n del informe del CENIF puede obligar ahora al Gobierno a responder a una pregunta distinta: no solo qui\u00e9n amplific\u00f3 la crisis en internet, sino qu\u00e9 ocurri\u00f3 exactamente sobre el terreno en la frontera y qu\u00e9 informaci\u00f3n ten\u00eda Espa\u00f1a antes de que comenzara la entrada masiva.<\/p>\n<div id=\"em-WBMZ417171-F24-ES-20260902\" class=\"m-em-flash\" data-xtwitter-script>\n<div class=\"o-em-consent \" readability=\"7\">\n<div class=\"o-em-consent__content\" readability=\"34\">\n<p class=\"o-em-consent__content__text\">Para mostrar este contenido de X (Twitter), debe autorizar las cookies de medici\u00f3n de audiencia y publicidad.<\/p>\n<p> <button class=\"a-master-button a-master-button--dark\" data-action=\"accept\"> Aceptar <svg class=\"a-svg a-svg--icon-check\"> <use xlink:href=\"\/build\/images\/svg\/sprite.1af31c2f854b10d5fc5627a4f4fa61be.svg#icon-check\" href=\"\/build\/images\/svg\/sprite.1af31c2f854b10d5fc5627a4f4fa61be.svg#icon-check\" \/> <\/svg> <\/button> <button class=\"a-link\" data-action=\"manage\">Gestionar mis opciones <svg class=\"a-svg a-svg--icon-edit\"> <use xlink:href=\"\/build\/images\/svg\/sprite.1af31c2f854b10d5fc5627a4f4fa61be.svg#icon-edit\" href=\"\/build\/images\/svg\/sprite.1af31c2f854b10d5fc5627a4f4fa61be.svg#icon-edit\" \/> <\/svg><br \/>\n<\/button> <\/div>\n<\/div>\n<\/div>\n<p><strong>Es una crisis con implicaciones m\u00e1s all\u00e1 de la migraci\u00f3n. <\/strong>Ceuta ocupa una posici\u00f3n singular: es territorio espa\u00f1ol y, por tanto, frontera exterior de la Uni\u00f3n Europea, pero se encuentra en el norte de \u00c1frica y comparte frontera terrestre con Marruecos.<\/p>\n<p>Por ello, cualquier crisis en el enclave tiene simult\u00e1neamente una dimensi\u00f3n migratoria, de seguridad, diplom\u00e1tica y territorial.<\/p>\n<p>El informe del CENIF a\u00f1ade una quinta dimensi\u00f3n: la posibilidad de que la utilizaci\u00f3n de flujos migratorios haya formado parte de una estrategia deliberada para poner a prueba o desbordar los mecanismos de control de una frontera europea.<\/p>\n<p>El documento incluso vincula, seg\u00fan las informaciones publicadas, la operaci\u00f3n con la disputa territorial que mantiene Marruecos sobre Ceuta y Melilla, aunque esta hip\u00f3tesis tendr\u00e1 que ser acreditada por la investigaci\u00f3n judicial.<\/p>\n<p>Por ahora, las autoridades espa\u00f1olas se enfrentan a una doble tarea: gestionar a miles de personas que permanecen en un territorio de capacidad limitada y esclarecer por qu\u00e9 una entrada masiva de semejante magnitud pudo producirse pese a las alertas previas.<\/p>\n<p>La respuesta a ambas cuestiones determinar\u00e1 no solo el futuro inmediato de Ceuta, sino tambi\u00e9n la relaci\u00f3n de Espa\u00f1a con Marruecos y la pol\u00edtica europea de protecci\u00f3n de una de sus fronteras m\u00e1s sensibles.<\/p>\n<p class=\"a-read-more\"><span class=\"a-read-more__label\">Leer tambi\u00e9n<\/span><a href=\"https:\/\/www.france24.com\/es\/europa\/20260901-nuevo-frente-de-disputa-rusia-pide-a-espa\u00f1a-pruebas-de-su-presunta-implicaci\u00f3n-en-crisis-migratoria-de-ceuta\" target=\"_self\" class=\"a-read-more__link\">\u00bfNuevo frente de disputa?: Rusia pide a Espa\u00f1a pruebas de su presunta implicaci\u00f3n en crisis migratoria de Ceuta<\/a><\/p>\n<p>Con EFE y medios locales<\/p>\n","protected":false},"excerpt":{"rendered":"<p>Un informe que cambia el foco de&#46;&#46;&#46;<\/p>\n","protected":false},"author":1,"featured_media":410145,"comment_status":"closed","ping_status":"closed","sticky":false,"template":"","format":"standard","meta":{"_jetpack_newsletter_access":"","_jetpack_dont_email_post_to_subs":false,"_jetpack_newsletter_tier_id":0,"_jetpack_memberships_contains_paywalled_content":false,"_jetpack_feature_clip_id":0,"_jetpack_memberships_contains_paid_content":false,"footnotes":"","jetpack_publicize_message":"","jetpack_publicize_feature_enabled":true,"jetpack_social_post_already_shared":true,"jetpack_social_options":{"image_generator_settings":{"template":"highway","default_image_id":0,"font":"","enabled":false},"version":2},"jetpack_post_was_ever_published":false},"categories":[43],"tags":[],"class_list":["post-410144","post","type-post","status-publish","format-standard","has-post-thumbnail","hentry","category-internacionales"],"yoast_head":"<!-- This site is optimized with the Yoast SEO plugin v28.1 - https:\/\/yoast.com\/product\/yoast-seo-wordpress\/ -->\n<title>Informe policial sit\u00faa a gendarmes marroqu\u00edes detr\u00e1s de la crisis en Ceuta y eleva la presi\u00f3n sobre el Gobierno espa\u00f1ol - Sarmiento24h<\/title>\n<meta name=\"robots\" content=\"index, follow, max-snippet:-1, max-image-preview:large, max-video-preview:-1\" \/>\n<link rel=\"canonical\" href=\"https:\/\/sarmiento24h.com\/?p=410144\" \/>\n<meta property=\"og:locale\" content=\"es_ES\" \/>\n<meta property=\"og:type\" content=\"article\" \/>\n<meta property=\"og:title\" content=\"Informe policial sit\u00faa a gendarmes marroqu\u00edes detr\u00e1s de la crisis en Ceuta y eleva la presi\u00f3n sobre el Gobierno espa\u00f1ol - Sarmiento24h\" \/>\n<meta property=\"og:description\" content=\"Un informe que cambia el foco de&#046;&#046;&#046;\" \/>\n<meta property=\"og:url\" content=\"https:\/\/sarmiento24h.com\/?p=410144\" \/>\n<meta property=\"og:site_name\" content=\"Sarmiento24h\" \/>\n<meta property=\"article:publisher\" content=\"https:\/\/facebook.com\/s24hnoticias\" \/>\n<meta property=\"article:published_time\" content=\"2026-09-02T18:17:40+00:00\" \/>\n<meta property=\"og:image\" content=\"https:\/\/s.france24.com\/media\/display\/39d36620-9ca5-11f1-bd90-005056bfb2b6\/w:980\/2026-08-20T125422Z-225694207-RC292NA81F0I-RTRMADP-3-MIGRATION-EUROPE-SPAIN-CEUTA.jpg\" \/>\n<meta name=\"author\" content=\"sarmiento24h@gmail.com\" \/>\n<meta name=\"twitter:card\" content=\"summary_large_image\" \/>\n<meta name=\"twitter:creator\" content=\"@sarmiento24h\" \/>\n<meta name=\"twitter:site\" content=\"@sarmiento24h\" \/>\n<meta name=\"twitter:label1\" content=\"Escrito por\" \/>\n\t<meta name=\"twitter:data1\" content=\"sarmiento24h@gmail.com\" \/>\n\t<meta name=\"twitter:label2\" content=\"Tiempo de lectura\" \/>\n\t<meta name=\"twitter:data2\" content=\"11 minutos\" \/>\n<script type=\"application\/ld+json\" class=\"yoast-schema-graph\">{\"@context\":\"https:\\\/\\\/schema.org\",\"@graph\":[{\"@type\":\"Article\",\"@id\":\"https:\\\/\\\/sarmiento24h.com\\\/?p=410144#article\",\"isPartOf\":{\"@id\":\"https:\\\/\\\/sarmiento24h.com\\\/?p=410144\"},\"author\":{\"name\":\"sarmiento24h@gmail.com\",\"@id\":\"https:\\\/\\\/sarmiento24h.com\\\/#\\\/schema\\\/person\\\/d653a59725ad629a7e0429af7b939d4d\"},\"headline\":\"Informe policial sit\u00faa a gendarmes marroqu\u00edes detr\u00e1s de la crisis en Ceuta y eleva la presi\u00f3n sobre el Gobierno espa\u00f1ol\",\"datePublished\":\"2026-09-02T18:17:40+00:00\",\"mainEntityOfPage\":{\"@id\":\"https:\\\/\\\/sarmiento24h.com\\\/?p=410144\"},\"wordCount\":2151,\"publisher\":{\"@id\":\"https:\\\/\\\/sarmiento24h.com\\\/#organization\"},\"image\":{\"@id\":\"https:\\\/\\\/sarmiento24h.com\\\/?p=410144#primaryimage\"},\"thumbnailUrl\":\"https:\\\/\\\/sarmiento24h.com\\\/wp-content\\\/uploads\\\/2026\\\/09\\\/informe-policial-situa-a-gendarmes-marroquies-detras-de-la-crisis-en-ceuta-y-eleva-la-presion-sobre-el-gobierno-espanol.jpg\",\"articleSection\":[\"Internacionales\"],\"inLanguage\":\"es\"},{\"@type\":\"WebPage\",\"@id\":\"https:\\\/\\\/sarmiento24h.com\\\/?p=410144\",\"url\":\"https:\\\/\\\/sarmiento24h.com\\\/?p=410144\",\"name\":\"Informe policial sit\u00faa a gendarmes marroqu\u00edes detr\u00e1s de la crisis en Ceuta y eleva la presi\u00f3n sobre el Gobierno espa\u00f1ol - Sarmiento24h\",\"isPartOf\":{\"@id\":\"https:\\\/\\\/sarmiento24h.com\\\/#website\"},\"primaryImageOfPage\":{\"@id\":\"https:\\\/\\\/sarmiento24h.com\\\/?p=410144#primaryimage\"},\"image\":{\"@id\":\"https:\\\/\\\/sarmiento24h.com\\\/?p=410144#primaryimage\"},\"thumbnailUrl\":\"https:\\\/\\\/sarmiento24h.com\\\/wp-content\\\/uploads\\\/2026\\\/09\\\/informe-policial-situa-a-gendarmes-marroquies-detras-de-la-crisis-en-ceuta-y-eleva-la-presion-sobre-el-gobierno-espanol.jpg\",\"datePublished\":\"2026-09-02T18:17:40+00:00\",\"breadcrumb\":{\"@id\":\"https:\\\/\\\/sarmiento24h.com\\\/?p=410144#breadcrumb\"},\"inLanguage\":\"es\",\"potentialAction\":[{\"@type\":\"ReadAction\",\"target\":[\"https:\\\/\\\/sarmiento24h.com\\\/?p=410144\"]}]},{\"@type\":\"ImageObject\",\"inLanguage\":\"es\",\"@id\":\"https:\\\/\\\/sarmiento24h.com\\\/?p=410144#primaryimage\",\"url\":\"https:\\\/\\\/sarmiento24h.com\\\/wp-content\\\/uploads\\\/2026\\\/09\\\/informe-policial-situa-a-gendarmes-marroquies-detras-de-la-crisis-en-ceuta-y-eleva-la-presion-sobre-el-gobierno-espanol.jpg\",\"contentUrl\":\"https:\\\/\\\/sarmiento24h.com\\\/wp-content\\\/uploads\\\/2026\\\/09\\\/informe-policial-situa-a-gendarmes-marroquies-detras-de-la-crisis-en-ceuta-y-eleva-la-presion-sobre-el-gobierno-espanol.jpg\",\"width\":980,\"height\":654},{\"@type\":\"BreadcrumbList\",\"@id\":\"https:\\\/\\\/sarmiento24h.com\\\/?p=410144#breadcrumb\",\"itemListElement\":[{\"@type\":\"ListItem\",\"position\":1,\"name\":\"Home\",\"item\":\"https:\\\/\\\/sarmiento24h.com\\\/\"},{\"@type\":\"ListItem\",\"position\":2,\"name\":\"Informe policial sit\u00faa a gendarmes marroqu\u00edes detr\u00e1s de la crisis en Ceuta y eleva la presi\u00f3n sobre el Gobierno espa\u00f1ol\"}]},{\"@type\":\"WebSite\",\"@id\":\"https:\\\/\\\/sarmiento24h.com\\\/#website\",\"url\":\"https:\\\/\\\/sarmiento24h.com\\\/\",\"name\":\"Sarmiento24h\",\"description\":\"\",\"publisher\":{\"@id\":\"https:\\\/\\\/sarmiento24h.com\\\/#organization\"},\"potentialAction\":[{\"@type\":\"SearchAction\",\"target\":{\"@type\":\"EntryPoint\",\"urlTemplate\":\"https:\\\/\\\/sarmiento24h.com\\\/?s={search_term_string}\"},\"query-input\":{\"@type\":\"PropertyValueSpecification\",\"valueRequired\":true,\"valueName\":\"search_term_string\"}}],\"inLanguage\":\"es\"},{\"@type\":\"Organization\",\"@id\":\"https:\\\/\\\/sarmiento24h.com\\\/#organization\",\"name\":\"Sarmiento24h\",\"url\":\"https:\\\/\\\/sarmiento24h.com\\\/\",\"logo\":{\"@type\":\"ImageObject\",\"inLanguage\":\"es\",\"@id\":\"https:\\\/\\\/sarmiento24h.com\\\/#\\\/schema\\\/logo\\\/image\\\/\",\"url\":\"https:\\\/\\\/sarmiento24h.com\\\/wp-content\\\/uploads\\\/2025\\\/12\\\/AddText_12-16-10.30.52.jpg\",\"contentUrl\":\"https:\\\/\\\/sarmiento24h.com\\\/wp-content\\\/uploads\\\/2025\\\/12\\\/AddText_12-16-10.30.52.jpg\",\"width\":1220,\"height\":324,\"caption\":\"Sarmiento24h\"},\"image\":{\"@id\":\"https:\\\/\\\/sarmiento24h.com\\\/#\\\/schema\\\/logo\\\/image\\\/\"},\"sameAs\":[\"https:\\\/\\\/facebook.com\\\/s24hnoticias\",\"https:\\\/\\\/x.com\\\/sarmiento24h\"]},{\"@type\":\"Person\",\"@id\":\"https:\\\/\\\/sarmiento24h.com\\\/#\\\/schema\\\/person\\\/d653a59725ad629a7e0429af7b939d4d\",\"name\":\"sarmiento24h@gmail.com\",\"image\":{\"@type\":\"ImageObject\",\"inLanguage\":\"es\",\"@id\":\"https:\\\/\\\/sarmiento24h.com\\\/wp-content\\\/litespeed\\\/avatar\\\/d02cbc4e23c747e6659cd45907173c8f.jpg?ver=1788047690\",\"url\":\"https:\\\/\\\/sarmiento24h.com\\\/wp-content\\\/litespeed\\\/avatar\\\/d02cbc4e23c747e6659cd45907173c8f.jpg?ver=1788047690\",\"contentUrl\":\"https:\\\/\\\/sarmiento24h.com\\\/wp-content\\\/litespeed\\\/avatar\\\/d02cbc4e23c747e6659cd45907173c8f.jpg?ver=1788047690\",\"caption\":\"sarmiento24h@gmail.com\"},\"sameAs\":[\"https:\\\/\\\/sarmiento24h.com\"],\"url\":\"https:\\\/\\\/sarmiento24h.com\\\/?author=1\"}]}<\/script>\n<!-- \/ Yoast SEO plugin. -->","yoast_head_json":{"title":"Informe policial sit\u00faa a gendarmes marroqu\u00edes detr\u00e1s de la crisis en Ceuta y eleva la presi\u00f3n sobre el Gobierno espa\u00f1ol - Sarmiento24h","robots":{"index":"index","follow":"follow","max-snippet":"max-snippet:-1","max-image-preview":"max-image-preview:large","max-video-preview":"max-video-preview:-1"},"canonical":"https:\/\/sarmiento24h.com\/?p=410144","og_locale":"es_ES","og_type":"article","og_title":"Informe policial sit\u00faa a gendarmes marroqu\u00edes detr\u00e1s de la crisis en Ceuta y eleva la presi\u00f3n sobre el Gobierno espa\u00f1ol - Sarmiento24h","og_description":"Un informe que cambia el foco de&#46;&#46;&#46;","og_url":"https:\/\/sarmiento24h.com\/?p=410144","og_site_name":"Sarmiento24h","article_publisher":"https:\/\/facebook.com\/s24hnoticias","article_published_time":"2026-09-02T18:17:40+00:00","og_image":[{"url":"https:\/\/s.france24.com\/media\/display\/39d36620-9ca5-11f1-bd90-005056bfb2b6\/w:980\/2026-08-20T125422Z-225694207-RC292NA81F0I-RTRMADP-3-MIGRATION-EUROPE-SPAIN-CEUTA.jpg","type":"","width":"","height":""}],"author":"sarmiento24h@gmail.com","twitter_card":"summary_large_image","twitter_creator":"@sarmiento24h","twitter_site":"@sarmiento24h","twitter_misc":{"Escrito por":"sarmiento24h@gmail.com","Tiempo de lectura":"11 minutos"},"schema":{"@context":"https:\/\/schema.org","@graph":[{"@type":"Article","@id":"https:\/\/sarmiento24h.com\/?p=410144#article","isPartOf":{"@id":"https:\/\/sarmiento24h.com\/?p=410144"},"author":{"name":"sarmiento24h@gmail.com","@id":"https:\/\/sarmiento24h.com\/#\/schema\/person\/d653a59725ad629a7e0429af7b939d4d"},"headline":"Informe policial sit\u00faa a gendarmes marroqu\u00edes detr\u00e1s de la crisis en Ceuta y eleva la presi\u00f3n sobre el Gobierno espa\u00f1ol","datePublished":"2026-09-02T18:17:40+00:00","mainEntityOfPage":{"@id":"https:\/\/sarmiento24h.com\/?p=410144"},"wordCount":2151,"publisher":{"@id":"https:\/\/sarmiento24h.com\/#organization"},"image":{"@id":"https:\/\/sarmiento24h.com\/?p=410144#primaryimage"},"thumbnailUrl":"https:\/\/sarmiento24h.com\/wp-content\/uploads\/2026\/09\/informe-policial-situa-a-gendarmes-marroquies-detras-de-la-crisis-en-ceuta-y-eleva-la-presion-sobre-el-gobierno-espanol.jpg","articleSection":["Internacionales"],"inLanguage":"es"},{"@type":"WebPage","@id":"https:\/\/sarmiento24h.com\/?p=410144","url":"https:\/\/sarmiento24h.com\/?p=410144","name":"Informe policial sit\u00faa a gendarmes marroqu\u00edes detr\u00e1s de la crisis en Ceuta y eleva la presi\u00f3n sobre el Gobierno espa\u00f1ol - Sarmiento24h","isPartOf":{"@id":"https:\/\/sarmiento24h.com\/#website"},"primaryImageOfPage":{"@id":"https:\/\/sarmiento24h.com\/?p=410144#primaryimage"},"image":{"@id":"https:\/\/sarmiento24h.com\/?p=410144#primaryimage"},"thumbnailUrl":"https:\/\/sarmiento24h.com\/wp-content\/uploads\/2026\/09\/informe-policial-situa-a-gendarmes-marroquies-detras-de-la-crisis-en-ceuta-y-eleva-la-presion-sobre-el-gobierno-espanol.jpg","datePublished":"2026-09-02T18:17:40+00:00","breadcrumb":{"@id":"https:\/\/sarmiento24h.com\/?p=410144#breadcrumb"},"inLanguage":"es","potentialAction":[{"@type":"ReadAction","target":["https:\/\/sarmiento24h.com\/?p=410144"]}]},{"@type":"ImageObject","inLanguage":"es","@id":"https:\/\/sarmiento24h.com\/?p=410144#primaryimage","url":"https:\/\/sarmiento24h.com\/wp-content\/uploads\/2026\/09\/informe-policial-situa-a-gendarmes-marroquies-detras-de-la-crisis-en-ceuta-y-eleva-la-presion-sobre-el-gobierno-espanol.jpg","contentUrl":"https:\/\/sarmiento24h.com\/wp-content\/uploads\/2026\/09\/informe-policial-situa-a-gendarmes-marroquies-detras-de-la-crisis-en-ceuta-y-eleva-la-presion-sobre-el-gobierno-espanol.jpg","width":980,"height":654},{"@type":"BreadcrumbList","@id":"https:\/\/sarmiento24h.com\/?p=410144#breadcrumb","itemListElement":[{"@type":"ListItem","position":1,"name":"Home","item":"https:\/\/sarmiento24h.com\/"},{"@type":"ListItem","position":2,"name":"Informe policial sit\u00faa a gendarmes marroqu\u00edes detr\u00e1s de la crisis en Ceuta y eleva la presi\u00f3n sobre el Gobierno espa\u00f1ol"}]},{"@type":"WebSite","@id":"https:\/\/sarmiento24h.com\/#website","url":"https:\/\/sarmiento24h.com\/","name":"Sarmiento24h","description":"","publisher":{"@id":"https:\/\/sarmiento24h.com\/#organization"},"potentialAction":[{"@type":"SearchAction","target":{"@type":"EntryPoint","urlTemplate":"https:\/\/sarmiento24h.com\/?s={search_term_string}"},"query-input":{"@type":"PropertyValueSpecification","valueRequired":true,"valueName":"search_term_string"}}],"inLanguage":"es"},{"@type":"Organization","@id":"https:\/\/sarmiento24h.com\/#organization","name":"Sarmiento24h","url":"https:\/\/sarmiento24h.com\/","logo":{"@type":"ImageObject","inLanguage":"es","@id":"https:\/\/sarmiento24h.com\/#\/schema\/logo\/image\/","url":"https:\/\/sarmiento24h.com\/wp-content\/uploads\/2025\/12\/AddText_12-16-10.30.52.jpg","contentUrl":"https:\/\/sarmiento24h.com\/wp-content\/uploads\/2025\/12\/AddText_12-16-10.30.52.jpg","width":1220,"height":324,"caption":"Sarmiento24h"},"image":{"@id":"https:\/\/sarmiento24h.com\/#\/schema\/logo\/image\/"},"sameAs":["https:\/\/facebook.com\/s24hnoticias","https:\/\/x.com\/sarmiento24h"]},{"@type":"Person","@id":"https:\/\/sarmiento24h.com\/#\/schema\/person\/d653a59725ad629a7e0429af7b939d4d","name":"sarmiento24h@gmail.com","image":{"@type":"ImageObject","inLanguage":"es","@id":"https:\/\/sarmiento24h.com\/wp-content\/litespeed\/avatar\/d02cbc4e23c747e6659cd45907173c8f.jpg?ver=1788047690","url":"https:\/\/sarmiento24h.com\/wp-content\/litespeed\/avatar\/d02cbc4e23c747e6659cd45907173c8f.jpg?ver=1788047690","contentUrl":"https:\/\/sarmiento24h.com\/wp-content\/litespeed\/avatar\/d02cbc4e23c747e6659cd45907173c8f.jpg?ver=1788047690","caption":"sarmiento24h@gmail.com"},"sameAs":["https:\/\/sarmiento24h.com"],"url":"https:\/\/sarmiento24h.com\/?author=1"}]}},"jetpack_publicize_connections":[],"jetpack_featured_media_url":"https:\/\/sarmiento24h.com\/wp-content\/uploads\/2026\/09\/informe-policial-situa-a-gendarmes-marroquies-detras-de-la-crisis-en-ceuta-y-eleva-la-presion-sobre-el-gobierno-espanol.jpg","jetpack_sharing_enabled":true,"_links":{"self":[{"href":"https:\/\/sarmiento24h.com\/index.php?rest_route=\/wp\/v2\/posts\/410144","targetHints":{"allow":["GET"]}}],"collection":[{"href":"https:\/\/sarmiento24h.com\/index.php?rest_route=\/wp\/v2\/posts"}],"about":[{"href":"https:\/\/sarmiento24h.com\/index.php?rest_route=\/wp\/v2\/types\/post"}],"author":[{"embeddable":true,"href":"https:\/\/sarmiento24h.com\/index.php?rest_route=\/wp\/v2\/users\/1"}],"replies":[{"embeddable":true,"href":"https:\/\/sarmiento24h.com\/index.php?rest_route=%2Fwp%2Fv2%2Fcomments&post=410144"}],"version-history":[{"count":0,"href":"https:\/\/sarmiento24h.com\/index.php?rest_route=\/wp\/v2\/posts\/410144\/revisions"}],"wp:featuredmedia":[{"embeddable":true,"href":"https:\/\/sarmiento24h.com\/index.php?rest_route=\/wp\/v2\/media\/410145"}],"wp:attachment":[{"href":"https:\/\/sarmiento24h.com\/index.php?rest_route=%2Fwp%2Fv2%2Fmedia&parent=410144"}],"wp:term":[{"taxonomy":"category","embeddable":true,"href":"https:\/\/sarmiento24h.com\/index.php?rest_route=%2Fwp%2Fv2%2Fcategories&post=410144"},{"taxonomy":"post_tag","embeddable":true,"href":"https:\/\/sarmiento24h.com\/index.php?rest_route=%2Fwp%2Fv2%2Ftags&post=410144"}],"curies":[{"name":"wp","href":"https:\/\/api.w.org\/{rel}","templated":true}]}}