{"id":410214,"date":"2026-09-02T19:20:28","date_gmt":"2026-09-02T19:20:28","guid":{"rendered":"http:\/\/27791ff0-a700-11f1-8ef6-090552fc92ca"},"modified":"2026-09-02T19:20:28","modified_gmt":"2026-09-02T19:20:28","slug":"emmanuel-macron-y-el-rey-carlos-iii-visitan-juntos-la-historica-exposicion-del-tapiz-de-bayeux","status":"publish","type":"post","link":"https:\/\/sarmiento24h.com\/?p=410214","title":{"rendered":"Emmanuel Macron y el rey Carlos III visitan juntos la hist\u00f3rica exposici\u00f3n del tapiz de Bayeux"},"content":{"rendered":"\n<p>El presidente de Francia, Emmanuel Macron, se uni\u00f3 al rey Carlos III y al nuevo primer ministro brit\u00e1nico, Andy Burnham, este mi\u00e9rcoles 2 de septiembre para contemplar el tapiz de Bayeux, un s\u00edmbolo de casi 1.000 a\u00f1os de antig\u00fcedad de las relaciones anglo-francesas, en su ubicaci\u00f3n temporal en el Museo Brit\u00e1nico.<\/p>\n<p>Los tres l\u00edderes y sus c\u00f3nyuges disfrutaron de una visita privada a la obra de arte de 70 metros, que representa la conquista normanda de Inglaterra en 1066.<\/p>\n<p>La obra, que representa la conquista normanda de Inglaterra en 1066 \u2014y que permaneci\u00f3 en Francia desde su creaci\u00f3n hace casi 1.000 a\u00f1os\u2014, se exhibir\u00e1 al p\u00fablico en el museo desde la pr\u00f3xima semana hasta julio.<\/p>\n<blockquote class=\"quote\" readability=\"5\">\n<p>\u201cEl pr\u00e9stamo del tapiz es un gran ejemplo de cooperaci\u00f3n franco-brit\u00e1nica\u201d<\/p>\n<\/blockquote>\n<p>Esta audaz iniciativa de pr\u00e9stamo es la culminaci\u00f3n de a\u00f1os de diplomacia entre Francia y el Reino Unido, con un papel fundamental de Macron y se considera un paso m\u00e1s hacia la superaci\u00f3n de las tensiones surgidas durante los a\u00f1os del Brexit.<\/p>\n<p>\u201cEl pr\u00e9stamo del tapiz es un gran ejemplo de cooperaci\u00f3n franco-brit\u00e1nica\u201d, declar\u00f3 Burnham ante los parlamentarios el mi\u00e9rcoles, destacando que \u201cla misma cooperaci\u00f3n\u201d ha contribuido a reducir el n\u00famero de migrantes que cruzan el Canal de la Mancha hacia Gran Breta\u00f1a en peque\u00f1as embarcaciones a su nivel m\u00e1s bajo en siete a\u00f1os.<\/p>\n<div id=\"em-WBMZ417208-F24-ES-20260902\" class=\"m-em-flash\" data-xtwitter-script>\n<div class=\"o-em-consent \" readability=\"7\">\n<div class=\"o-em-consent__content\" readability=\"34\">\n<p class=\"o-em-consent__content__text\">Para mostrar este contenido de X (Twitter), debe autorizar las cookies de medici\u00f3n de audiencia y publicidad.<\/p>\n<p> <button class=\"a-master-button a-master-button--dark\" data-action=\"accept\"> Aceptar <svg class=\"a-svg a-svg--icon-check\"> <use xlink:href=\"\/build\/images\/svg\/sprite.1af31c2f854b10d5fc5627a4f4fa61be.svg#icon-check\" href=\"\/build\/images\/svg\/sprite.1af31c2f854b10d5fc5627a4f4fa61be.svg#icon-check\" \/> <\/svg> <\/button> <button class=\"a-link\" data-action=\"manage\">Gestionar mis opciones <svg class=\"a-svg a-svg--icon-edit\"> <use xlink:href=\"\/build\/images\/svg\/sprite.1af31c2f854b10d5fc5627a4f4fa61be.svg#icon-edit\" href=\"\/build\/images\/svg\/sprite.1af31c2f854b10d5fc5627a4f4fa61be.svg#icon-edit\" \/> <\/svg><br \/>\n<\/button> <\/div>\n<\/div>\n<\/div>\n<p>El primer ministro brit\u00e1nico, que reemplaz\u00f3 a Keir Starmer en julio, buscar\u00e1 otros resultados concretos cuando reciba a Macron en Downing Street el jueves 3 de septiembre para conversar.<\/p>\n<p>El mandatario franc\u00e9s ser\u00e1 el primer l\u00edder de la Uni\u00f3n Europea recibido all\u00ed por Burnham.<\/p>\n<p>El exalcalde de Manchester ha dejado claro su deseo de consolidar los esfuerzos de su predecesor para forjar una cooperaci\u00f3n m\u00e1s estrecha con el bloque tras el Brexit, con el objetivo de impulsar el lento crecimiento del Reino Unido.<\/p>\n<p>Desde que asumi\u00f3 el cargo, se ha centrado principalmente en la pol\u00edtica interna, pero ha mantenido el apoyo de Londres a Ucrania en su guerra con Rusia.<\/p>\n<p class=\"a-read-more\"><span class=\"a-read-more__label\">Leer tambi\u00e9n<\/span><a href=\"https:\/\/www.france24.com\/es\/cultura\/20260828-qu\u00e9-es-el-tapiz-de-bayeux-el-tesoro-franc\u00e9s-del-siglo-xi-que-ser\u00e1-expuesto-en-el-museo-brit\u00e1nico\" target=\"_self\" class=\"a-read-more__link\">\u00bfQu\u00e9 es el Tapiz de Bayeux, el tesoro franc\u00e9s del siglo XI que ser\u00e1 expuesto en el Museo Brit\u00e1nico?<\/a><\/p>\n<h2><strong>\u201cIgual de importante\u201d<\/strong><\/h2>\n<p>Anand Menon, profesor de pol\u00edtica europea y asuntos exteriores en el King&#8217;s College de Londres, advirti\u00f3 del peligro de que la visita fuera \u00abforma sin sustancia\u00bb, a pesar de que Reino Unido y Francia puedan parecer \u00abgrandes amigos\u00bb en asuntos extracomunitarios como Ucrania.<\/p>\n<p>\u201cPero en los asuntos de fondo, y en particular en aquellos que tendr\u00e1n alg\u00fan tipo de repercusi\u00f3n econ\u00f3mica para nosotros en t\u00e9rminos de crecimiento, sigue siendo muy, muy complicado\u201d, declar\u00f3 a la agencia de noticias AFP.<\/p>\n<p>Macron forj\u00f3 con Starmer la mejor relaci\u00f3n que hab\u00eda tenido con cualquiera de los cinco primeros ministros brit\u00e1nicos con los que hab\u00eda trabajado antes de Burnham durante casi una d\u00e9cada en el cargo.<\/p>\n<p>Ambos asumieron roles protag\u00f3nicos en la llamada Coalici\u00f3n de los Voluntarios, una coalici\u00f3n de naciones que apoyaban a Ucrania.<\/p>\n<div class=\"m-em-image\">\n<figure class=\"m-item-image m-item-image--original m-item-image--has-caption\"> <picture class=\"a-picture a-picture--original\"><source type=\"image\/webp\" srcset=\"https:\/\/s.france24.com\/media\/display\/6f32bd08-a66d-11f1-9713-005056a90284\/w:246\/2c603fb1d515bd67a7524ffed9de113d503e7907.webp 246w, https:\/\/s.france24.com\/media\/display\/6f32bd08-a66d-11f1-9713-005056a90284\/w:388\/2c603fb1d515bd67a7524ffed9de113d503e7907.webp 388w, https:\/\/s.france24.com\/media\/display\/6f32bd08-a66d-11f1-9713-005056a90284\/w:720\/2c603fb1d515bd67a7524ffed9de113d503e7907.webp 720w, https:\/\/s.france24.com\/media\/display\/6f32bd08-a66d-11f1-9713-005056a90284\/w:980\/2c603fb1d515bd67a7524ffed9de113d503e7907.webp 980w\" sizes=\"(max-width: 1023px) calc(100vw - 32px), (min-width: 1024px) 850px\"><img fetchpriority=\"low\" decoding=\"async\" src=\"https:\/\/s.france24.com\/media\/display\/6f32bd08-a66d-11f1-9713-005056a90284\/w:980\/2c603fb1d515bd67a7524ffed9de113d503e7907.jpg\" srcset=\"https:\/\/s.france24.com\/media\/display\/6f32bd08-a66d-11f1-9713-005056a90284\/w:246\/2c603fb1d515bd67a7524ffed9de113d503e7907.jpg 246w, https:\/\/s.france24.com\/media\/display\/6f32bd08-a66d-11f1-9713-005056a90284\/w:388\/2c603fb1d515bd67a7524ffed9de113d503e7907.jpg 388w, https:\/\/s.france24.com\/media\/display\/6f32bd08-a66d-11f1-9713-005056a90284\/w:720\/2c603fb1d515bd67a7524ffed9de113d503e7907.jpg 720w, https:\/\/s.france24.com\/media\/display\/6f32bd08-a66d-11f1-9713-005056a90284\/w:980\/2c603fb1d515bd67a7524ffed9de113d503e7907.jpg 980w\" sizes=\"(max-width: 1023px) calc(100vw - 32px), (min-width: 1024px) 850px\" alt=\"El primer ministro brit\u00e1nico, Andy Burnham, recibir\u00e1 la primera visita de un l\u00edder de la UE.\" loading=\"lazy\" class=\"a-img \">\n<\/picture><figcaption class=\"a-figcaption\"> El primer ministro brit\u00e1nico, Andy Burnham, recibir\u00e1 la primera visita de un l\u00edder de la UE. \u00a9 Carl Court \/Pool\/AFP <\/figcaption><\/figure>\n<\/p><\/div>\n<p>\u00abEl presidente hab\u00eda desarrollado con el primer ministro Starmer una relaci\u00f3n muy cordial y altamente efectiva, particularmente en lo referente a Ucrania y Medio Oriente\u00bb, declar\u00f3 un funcionario de la Presidencia francesa, que prefiri\u00f3 permanecer en el anonimato.<\/p>\n<p>Se esperaba que la coordinaci\u00f3n con Burnham fuera \u00abigual de importante y frecuente\u00bb, a\u00f1adi\u00f3 el funcionario.<\/p>\n<p>Para Macron, quien regresar\u00e1 de un viaje a los Pa\u00edses Bajos, la visita tambi\u00e9n es significativa, ya que se encuentra en el \u00faltimo semestre de su mandato.<\/p>\n<p><strong>El l\u00edder franc\u00e9s sigue decidido a impulsar su visi\u00f3n de una soberan\u00eda europea independiente de Estados Unidos, donde se considera que el Reino Unido tiene un papel crucial que desempe\u00f1ar incluso despu\u00e9s del Brexit.<\/strong><\/p>\n<h2><strong>\u00abNecesitamos progreso\u00bb<\/strong><\/h2>\n<p>Starmer tambi\u00e9n form\u00f3 parte de un estrecho grupo E3 junto con Macron y el canciller alem\u00e1n Friedrich Merz, un grupo que Burnham probablemente querr\u00e1 mantener.<\/p>\n<p>Sin embargo, es consciente de que un nuevo presidente franc\u00e9s se vislumbra en el horizonte en menos de un a\u00f1o, mientras que el l\u00edder alem\u00e1n se encuentra bajo una enorme presi\u00f3n interna debido al auge de la extrema derecha.<\/p>\n<p>Hasta el momento, Burnham solo ha recibido al presidente ucraniano Volod\u00edmir Zelenski en Downing Street desde que asumi\u00f3 el cargo de primer ministro y visit\u00f3 Kiev en su primer viaje al extranjero.<\/p>\n<p>En el tren a Ucrania, Burnham se reuni\u00f3 con el presidente del Consejo Europeo, Antonio Costa, a quien le asegur\u00f3 que \u00abel Reino Unido deb\u00eda ser m\u00e1s audaz en cuanto a su acercamiento al bloque\u00bb, seg\u00fan Downing Street.<\/p>\n<p>El Tapiz de Bayeux del siglo XI, famoso por representar la conquista de Inglaterra por Guillermo el Conquistador de Normand\u00eda, lleg\u00f3 a Londres en julio para la exitosa exposici\u00f3n, tras haber salido de Francia por primera vez en m\u00e1s de nueve siglos.<\/p>\n<p>Los expertos tem\u00edan que pudiera estar da\u00f1ado, pero el Ministerio de Cultura franc\u00e9s insisti\u00f3 en que hab\u00eda llegado en buen estado.<\/p>\n<div class=\"m-em-image\">\n<figure class=\"m-item-image m-item-image--original m-item-image--has-caption\"> <picture class=\"a-picture a-picture--original\"><source type=\"image\/webp\" srcset=\"https:\/\/s.france24.com\/media\/display\/7045fc98-a319-11f1-9e80-005056bfb2b6\/w:246\/FOTO-PORTADA-FRANCIA-TAPIZ-BAYEUX.webp 246w, https:\/\/s.france24.com\/media\/display\/7045fc98-a319-11f1-9e80-005056bfb2b6\/w:388\/FOTO-PORTADA-FRANCIA-TAPIZ-BAYEUX.webp 388w, https:\/\/s.france24.com\/media\/display\/7045fc98-a319-11f1-9e80-005056bfb2b6\/w:720\/FOTO-PORTADA-FRANCIA-TAPIZ-BAYEUX.webp 720w, https:\/\/s.france24.com\/media\/display\/7045fc98-a319-11f1-9e80-005056bfb2b6\/w:980\/FOTO-PORTADA-FRANCIA-TAPIZ-BAYEUX.webp 980w\" sizes=\"(max-width: 1023px) calc(100vw - 32px), (min-width: 1024px) 850px\"><img fetchpriority=\"low\" decoding=\"async\" src=\"https:\/\/s.france24.com\/media\/display\/7045fc98-a319-11f1-9e80-005056bfb2b6\/w:980\/FOTO-PORTADA-FRANCIA-TAPIZ-BAYEUX.jpg\" srcset=\"https:\/\/s.france24.com\/media\/display\/7045fc98-a319-11f1-9e80-005056bfb2b6\/w:246\/FOTO-PORTADA-FRANCIA-TAPIZ-BAYEUX.jpg 246w, https:\/\/s.france24.com\/media\/display\/7045fc98-a319-11f1-9e80-005056bfb2b6\/w:388\/FOTO-PORTADA-FRANCIA-TAPIZ-BAYEUX.jpg 388w, https:\/\/s.france24.com\/media\/display\/7045fc98-a319-11f1-9e80-005056bfb2b6\/w:720\/FOTO-PORTADA-FRANCIA-TAPIZ-BAYEUX.jpg 720w, https:\/\/s.france24.com\/media\/display\/7045fc98-a319-11f1-9e80-005056bfb2b6\/w:980\/FOTO-PORTADA-FRANCIA-TAPIZ-BAYEUX.jpg 980w\" sizes=\"(max-width: 1023px) calc(100vw - 32px), (min-width: 1024px) 850px\" alt=\"Esta foto muestra el Tapiz de Bayeux del siglo XI que narra la conquista normanda de Inglaterra, en Bayeux (Normand\u00eda), Francia, el 18 de septiembre de 2019.\" loading=\"lazy\" class=\"a-img \">\n<\/picture><figcaption class=\"a-figcaption\"> Esta foto muestra el Tapiz de Bayeux del siglo XI que narra la conquista normanda de Inglaterra, en Bayeux (Normand\u00eda), Francia, el 18 de septiembre de 2019. \u00a9 Kamil Zihnioglu \/ Foto de archivo, AP <\/figcaption><\/figure>\n<\/p><\/div>\n<p>Macron est\u00e1 \u00abmuy interesado\u00bb en ver el tapiz expuesto \u00aben condiciones \u00f3ptimas\u00bb, extendido sobre una mesa, seg\u00fan declar\u00f3 un funcionario de la Presidencia francesa. En su sede de Bayeux, en Normand\u00eda, la obra se exhibe en una pared.<\/p>\n<p>\u00abEl diablo estar\u00e1 en los detalles\u00bb, resumi\u00f3 Menon sobre las conversaciones con Burnham.<\/p>\n<p>\u00abSe puede tener toda la camarader\u00eda que se quiera, pero necesitamos avances en las negociaciones con la UE, y sospecho que no lograremos ning\u00fan progreso al respecto\u00bb.<\/p>\n<p>Este art\u00edculo fue adaptado de su <a href=\"https:\/\/www.france24.com\/en\/europe\/20260902-france-s-macron-in-britain-to-help-unveil-bayeux-tapestry\" target=\"_self\"><em>versi\u00f3n original en ingl\u00e9s<\/em><\/a><\/p>\n<p>Con AFP y AP<\/p>\n","protected":false},"excerpt":{"rendered":"<p>El presidente de Francia, Emmanuel Macron, se&#46;&#46;&#46;<\/p>\n","protected":false},"author":1,"featured_media":410215,"comment_status":"closed","ping_status":"closed","sticky":false,"template":"","format":"standard","meta":{"_jetpack_newsletter_access":"","_jetpack_dont_email_post_to_subs":false,"_jetpack_newsletter_tier_id":0,"_jetpack_memberships_contains_paywalled_content":false,"_jetpack_feature_clip_id":0,"_jetpack_memberships_contains_paid_content":false,"footnotes":"","jetpack_publicize_message":"","jetpack_publicize_feature_enabled":true,"jetpack_social_post_already_shared":true,"jetpack_social_options":{"image_generator_settings":{"template":"highway","default_image_id":0,"font":"","enabled":false},"version":2},"jetpack_post_was_ever_published":false},"categories":[43],"tags":[],"class_list":["post-410214","post","type-post","status-publish","format-standard","has-post-thumbnail","hentry","category-internacionales"],"yoast_head":"<!-- This site is optimized with the Yoast SEO plugin v28.1 - https:\/\/yoast.com\/product\/yoast-seo-wordpress\/ -->\n<title>Emmanuel Macron y el rey Carlos III visitan juntos la hist\u00f3rica exposici\u00f3n del tapiz de Bayeux - Sarmiento24h<\/title>\n<meta name=\"robots\" content=\"index, follow, max-snippet:-1, max-image-preview:large, max-video-preview:-1\" \/>\n<link rel=\"canonical\" href=\"https:\/\/sarmiento24h.com\/?p=410214\" \/>\n<meta property=\"og:locale\" content=\"es_ES\" \/>\n<meta property=\"og:type\" content=\"article\" \/>\n<meta property=\"og:title\" content=\"Emmanuel Macron y el rey Carlos III visitan juntos la hist\u00f3rica exposici\u00f3n del tapiz de Bayeux - Sarmiento24h\" \/>\n<meta property=\"og:description\" content=\"El presidente de Francia, Emmanuel Macron, se&#046;&#046;&#046;\" \/>\n<meta property=\"og:url\" content=\"https:\/\/sarmiento24h.com\/?p=410214\" \/>\n<meta property=\"og:site_name\" content=\"Sarmiento24h\" \/>\n<meta property=\"article:publisher\" content=\"https:\/\/facebook.com\/s24hnoticias\" \/>\n<meta property=\"article:published_time\" content=\"2026-09-02T19:20:28+00:00\" \/>\n<meta property=\"og:image\" content=\"https:\/\/s.france24.com\/media\/display\/6f32bd08-a66d-11f1-9713-005056a90284\/w:980\/2c603fb1d515bd67a7524ffed9de113d503e7907.jpg\" \/>\n<meta name=\"author\" content=\"sarmiento24h@gmail.com\" \/>\n<meta name=\"twitter:card\" content=\"summary_large_image\" \/>\n<meta name=\"twitter:creator\" content=\"@sarmiento24h\" \/>\n<meta name=\"twitter:site\" content=\"@sarmiento24h\" \/>\n<meta name=\"twitter:label1\" content=\"Escrito por\" \/>\n\t<meta name=\"twitter:data1\" content=\"sarmiento24h@gmail.com\" \/>\n\t<meta name=\"twitter:label2\" content=\"Tiempo de lectura\" \/>\n\t<meta name=\"twitter:data2\" content=\"5 minutos\" \/>\n<script type=\"application\/ld+json\" class=\"yoast-schema-graph\">{\"@context\":\"https:\\\/\\\/schema.org\",\"@graph\":[{\"@type\":\"Article\",\"@id\":\"https:\\\/\\\/sarmiento24h.com\\\/?p=410214#article\",\"isPartOf\":{\"@id\":\"https:\\\/\\\/sarmiento24h.com\\\/?p=410214\"},\"author\":{\"name\":\"sarmiento24h@gmail.com\",\"@id\":\"https:\\\/\\\/sarmiento24h.com\\\/#\\\/schema\\\/person\\\/d653a59725ad629a7e0429af7b939d4d\"},\"headline\":\"Emmanuel Macron y el rey Carlos III visitan juntos la hist\u00f3rica exposici\u00f3n del tapiz de Bayeux\",\"datePublished\":\"2026-09-02T19:20:28+00:00\",\"mainEntityOfPage\":{\"@id\":\"https:\\\/\\\/sarmiento24h.com\\\/?p=410214\"},\"wordCount\":1072,\"publisher\":{\"@id\":\"https:\\\/\\\/sarmiento24h.com\\\/#organization\"},\"image\":{\"@id\":\"https:\\\/\\\/sarmiento24h.com\\\/?p=410214#primaryimage\"},\"thumbnailUrl\":\"https:\\\/\\\/sarmiento24h.com\\\/wp-content\\\/uploads\\\/2026\\\/09\\\/emmanuel-macron-y-el-rey-carlos-iii-visitan-juntos-la-historica-exposicion-del-tapiz-de-bayeux.jpg\",\"articleSection\":[\"Internacionales\"],\"inLanguage\":\"es\"},{\"@type\":\"WebPage\",\"@id\":\"https:\\\/\\\/sarmiento24h.com\\\/?p=410214\",\"url\":\"https:\\\/\\\/sarmiento24h.com\\\/?p=410214\",\"name\":\"Emmanuel Macron y el rey Carlos III visitan juntos la hist\u00f3rica exposici\u00f3n del tapiz de Bayeux - Sarmiento24h\",\"isPartOf\":{\"@id\":\"https:\\\/\\\/sarmiento24h.com\\\/#website\"},\"primaryImageOfPage\":{\"@id\":\"https:\\\/\\\/sarmiento24h.com\\\/?p=410214#primaryimage\"},\"image\":{\"@id\":\"https:\\\/\\\/sarmiento24h.com\\\/?p=410214#primaryimage\"},\"thumbnailUrl\":\"https:\\\/\\\/sarmiento24h.com\\\/wp-content\\\/uploads\\\/2026\\\/09\\\/emmanuel-macron-y-el-rey-carlos-iii-visitan-juntos-la-historica-exposicion-del-tapiz-de-bayeux.jpg\",\"datePublished\":\"2026-09-02T19:20:28+00:00\",\"breadcrumb\":{\"@id\":\"https:\\\/\\\/sarmiento24h.com\\\/?p=410214#breadcrumb\"},\"inLanguage\":\"es\",\"potentialAction\":[{\"@type\":\"ReadAction\",\"target\":[\"https:\\\/\\\/sarmiento24h.com\\\/?p=410214\"]}]},{\"@type\":\"ImageObject\",\"inLanguage\":\"es\",\"@id\":\"https:\\\/\\\/sarmiento24h.com\\\/?p=410214#primaryimage\",\"url\":\"https:\\\/\\\/sarmiento24h.com\\\/wp-content\\\/uploads\\\/2026\\\/09\\\/emmanuel-macron-y-el-rey-carlos-iii-visitan-juntos-la-historica-exposicion-del-tapiz-de-bayeux.jpg\",\"contentUrl\":\"https:\\\/\\\/sarmiento24h.com\\\/wp-content\\\/uploads\\\/2026\\\/09\\\/emmanuel-macron-y-el-rey-carlos-iii-visitan-juntos-la-historica-exposicion-del-tapiz-de-bayeux.jpg\",\"width\":980,\"height\":653},{\"@type\":\"BreadcrumbList\",\"@id\":\"https:\\\/\\\/sarmiento24h.com\\\/?p=410214#breadcrumb\",\"itemListElement\":[{\"@type\":\"ListItem\",\"position\":1,\"name\":\"Home\",\"item\":\"https:\\\/\\\/sarmiento24h.com\\\/\"},{\"@type\":\"ListItem\",\"position\":2,\"name\":\"Emmanuel Macron y el rey Carlos III visitan juntos la hist\u00f3rica exposici\u00f3n del tapiz de Bayeux\"}]},{\"@type\":\"WebSite\",\"@id\":\"https:\\\/\\\/sarmiento24h.com\\\/#website\",\"url\":\"https:\\\/\\\/sarmiento24h.com\\\/\",\"name\":\"Sarmiento24h\",\"description\":\"\",\"publisher\":{\"@id\":\"https:\\\/\\\/sarmiento24h.com\\\/#organization\"},\"potentialAction\":[{\"@type\":\"SearchAction\",\"target\":{\"@type\":\"EntryPoint\",\"urlTemplate\":\"https:\\\/\\\/sarmiento24h.com\\\/?s={search_term_string}\"},\"query-input\":{\"@type\":\"PropertyValueSpecification\",\"valueRequired\":true,\"valueName\":\"search_term_string\"}}],\"inLanguage\":\"es\"},{\"@type\":\"Organization\",\"@id\":\"https:\\\/\\\/sarmiento24h.com\\\/#organization\",\"name\":\"Sarmiento24h\",\"url\":\"https:\\\/\\\/sarmiento24h.com\\\/\",\"logo\":{\"@type\":\"ImageObject\",\"inLanguage\":\"es\",\"@id\":\"https:\\\/\\\/sarmiento24h.com\\\/#\\\/schema\\\/logo\\\/image\\\/\",\"url\":\"https:\\\/\\\/sarmiento24h.com\\\/wp-content\\\/uploads\\\/2025\\\/12\\\/AddText_12-16-10.30.52.jpg\",\"contentUrl\":\"https:\\\/\\\/sarmiento24h.com\\\/wp-content\\\/uploads\\\/2025\\\/12\\\/AddText_12-16-10.30.52.jpg\",\"width\":1220,\"height\":324,\"caption\":\"Sarmiento24h\"},\"image\":{\"@id\":\"https:\\\/\\\/sarmiento24h.com\\\/#\\\/schema\\\/logo\\\/image\\\/\"},\"sameAs\":[\"https:\\\/\\\/facebook.com\\\/s24hnoticias\",\"https:\\\/\\\/x.com\\\/sarmiento24h\"]},{\"@type\":\"Person\",\"@id\":\"https:\\\/\\\/sarmiento24h.com\\\/#\\\/schema\\\/person\\\/d653a59725ad629a7e0429af7b939d4d\",\"name\":\"sarmiento24h@gmail.com\",\"image\":{\"@type\":\"ImageObject\",\"inLanguage\":\"es\",\"@id\":\"https:\\\/\\\/sarmiento24h.com\\\/wp-content\\\/litespeed\\\/avatar\\\/d02cbc4e23c747e6659cd45907173c8f.jpg?ver=1788047690\",\"url\":\"https:\\\/\\\/sarmiento24h.com\\\/wp-content\\\/litespeed\\\/avatar\\\/d02cbc4e23c747e6659cd45907173c8f.jpg?ver=1788047690\",\"contentUrl\":\"https:\\\/\\\/sarmiento24h.com\\\/wp-content\\\/litespeed\\\/avatar\\\/d02cbc4e23c747e6659cd45907173c8f.jpg?ver=1788047690\",\"caption\":\"sarmiento24h@gmail.com\"},\"sameAs\":[\"https:\\\/\\\/sarmiento24h.com\"],\"url\":\"https:\\\/\\\/sarmiento24h.com\\\/?author=1\"}]}<\/script>\n<!-- \/ Yoast SEO plugin. -->","yoast_head_json":{"title":"Emmanuel Macron y el rey Carlos III visitan juntos la hist\u00f3rica exposici\u00f3n del tapiz de Bayeux - Sarmiento24h","robots":{"index":"index","follow":"follow","max-snippet":"max-snippet:-1","max-image-preview":"max-image-preview:large","max-video-preview":"max-video-preview:-1"},"canonical":"https:\/\/sarmiento24h.com\/?p=410214","og_locale":"es_ES","og_type":"article","og_title":"Emmanuel Macron y el rey Carlos III visitan juntos la hist\u00f3rica exposici\u00f3n del tapiz de Bayeux - Sarmiento24h","og_description":"El presidente de Francia, Emmanuel Macron, se&#46;&#46;&#46;","og_url":"https:\/\/sarmiento24h.com\/?p=410214","og_site_name":"Sarmiento24h","article_publisher":"https:\/\/facebook.com\/s24hnoticias","article_published_time":"2026-09-02T19:20:28+00:00","og_image":[{"url":"https:\/\/s.france24.com\/media\/display\/6f32bd08-a66d-11f1-9713-005056a90284\/w:980\/2c603fb1d515bd67a7524ffed9de113d503e7907.jpg","type":"","width":"","height":""}],"author":"sarmiento24h@gmail.com","twitter_card":"summary_large_image","twitter_creator":"@sarmiento24h","twitter_site":"@sarmiento24h","twitter_misc":{"Escrito por":"sarmiento24h@gmail.com","Tiempo de lectura":"5 minutos"},"schema":{"@context":"https:\/\/schema.org","@graph":[{"@type":"Article","@id":"https:\/\/sarmiento24h.com\/?p=410214#article","isPartOf":{"@id":"https:\/\/sarmiento24h.com\/?p=410214"},"author":{"name":"sarmiento24h@gmail.com","@id":"https:\/\/sarmiento24h.com\/#\/schema\/person\/d653a59725ad629a7e0429af7b939d4d"},"headline":"Emmanuel Macron y el rey Carlos III visitan juntos la hist\u00f3rica exposici\u00f3n del tapiz de Bayeux","datePublished":"2026-09-02T19:20:28+00:00","mainEntityOfPage":{"@id":"https:\/\/sarmiento24h.com\/?p=410214"},"wordCount":1072,"publisher":{"@id":"https:\/\/sarmiento24h.com\/#organization"},"image":{"@id":"https:\/\/sarmiento24h.com\/?p=410214#primaryimage"},"thumbnailUrl":"https:\/\/sarmiento24h.com\/wp-content\/uploads\/2026\/09\/emmanuel-macron-y-el-rey-carlos-iii-visitan-juntos-la-historica-exposicion-del-tapiz-de-bayeux.jpg","articleSection":["Internacionales"],"inLanguage":"es"},{"@type":"WebPage","@id":"https:\/\/sarmiento24h.com\/?p=410214","url":"https:\/\/sarmiento24h.com\/?p=410214","name":"Emmanuel Macron y el rey Carlos III visitan juntos la hist\u00f3rica exposici\u00f3n del tapiz de Bayeux - Sarmiento24h","isPartOf":{"@id":"https:\/\/sarmiento24h.com\/#website"},"primaryImageOfPage":{"@id":"https:\/\/sarmiento24h.com\/?p=410214#primaryimage"},"image":{"@id":"https:\/\/sarmiento24h.com\/?p=410214#primaryimage"},"thumbnailUrl":"https:\/\/sarmiento24h.com\/wp-content\/uploads\/2026\/09\/emmanuel-macron-y-el-rey-carlos-iii-visitan-juntos-la-historica-exposicion-del-tapiz-de-bayeux.jpg","datePublished":"2026-09-02T19:20:28+00:00","breadcrumb":{"@id":"https:\/\/sarmiento24h.com\/?p=410214#breadcrumb"},"inLanguage":"es","potentialAction":[{"@type":"ReadAction","target":["https:\/\/sarmiento24h.com\/?p=410214"]}]},{"@type":"ImageObject","inLanguage":"es","@id":"https:\/\/sarmiento24h.com\/?p=410214#primaryimage","url":"https:\/\/sarmiento24h.com\/wp-content\/uploads\/2026\/09\/emmanuel-macron-y-el-rey-carlos-iii-visitan-juntos-la-historica-exposicion-del-tapiz-de-bayeux.jpg","contentUrl":"https:\/\/sarmiento24h.com\/wp-content\/uploads\/2026\/09\/emmanuel-macron-y-el-rey-carlos-iii-visitan-juntos-la-historica-exposicion-del-tapiz-de-bayeux.jpg","width":980,"height":653},{"@type":"BreadcrumbList","@id":"https:\/\/sarmiento24h.com\/?p=410214#breadcrumb","itemListElement":[{"@type":"ListItem","position":1,"name":"Home","item":"https:\/\/sarmiento24h.com\/"},{"@type":"ListItem","position":2,"name":"Emmanuel Macron y el rey Carlos III visitan juntos la hist\u00f3rica exposici\u00f3n del tapiz de Bayeux"}]},{"@type":"WebSite","@id":"https:\/\/sarmiento24h.com\/#website","url":"https:\/\/sarmiento24h.com\/","name":"Sarmiento24h","description":"","publisher":{"@id":"https:\/\/sarmiento24h.com\/#organization"},"potentialAction":[{"@type":"SearchAction","target":{"@type":"EntryPoint","urlTemplate":"https:\/\/sarmiento24h.com\/?s={search_term_string}"},"query-input":{"@type":"PropertyValueSpecification","valueRequired":true,"valueName":"search_term_string"}}],"inLanguage":"es"},{"@type":"Organization","@id":"https:\/\/sarmiento24h.com\/#organization","name":"Sarmiento24h","url":"https:\/\/sarmiento24h.com\/","logo":{"@type":"ImageObject","inLanguage":"es","@id":"https:\/\/sarmiento24h.com\/#\/schema\/logo\/image\/","url":"https:\/\/sarmiento24h.com\/wp-content\/uploads\/2025\/12\/AddText_12-16-10.30.52.jpg","contentUrl":"https:\/\/sarmiento24h.com\/wp-content\/uploads\/2025\/12\/AddText_12-16-10.30.52.jpg","width":1220,"height":324,"caption":"Sarmiento24h"},"image":{"@id":"https:\/\/sarmiento24h.com\/#\/schema\/logo\/image\/"},"sameAs":["https:\/\/facebook.com\/s24hnoticias","https:\/\/x.com\/sarmiento24h"]},{"@type":"Person","@id":"https:\/\/sarmiento24h.com\/#\/schema\/person\/d653a59725ad629a7e0429af7b939d4d","name":"sarmiento24h@gmail.com","image":{"@type":"ImageObject","inLanguage":"es","@id":"https:\/\/sarmiento24h.com\/wp-content\/litespeed\/avatar\/d02cbc4e23c747e6659cd45907173c8f.jpg?ver=1788047690","url":"https:\/\/sarmiento24h.com\/wp-content\/litespeed\/avatar\/d02cbc4e23c747e6659cd45907173c8f.jpg?ver=1788047690","contentUrl":"https:\/\/sarmiento24h.com\/wp-content\/litespeed\/avatar\/d02cbc4e23c747e6659cd45907173c8f.jpg?ver=1788047690","caption":"sarmiento24h@gmail.com"},"sameAs":["https:\/\/sarmiento24h.com"],"url":"https:\/\/sarmiento24h.com\/?author=1"}]}},"jetpack_publicize_connections":[],"jetpack_featured_media_url":"https:\/\/sarmiento24h.com\/wp-content\/uploads\/2026\/09\/emmanuel-macron-y-el-rey-carlos-iii-visitan-juntos-la-historica-exposicion-del-tapiz-de-bayeux.jpg","jetpack_sharing_enabled":true,"_links":{"self":[{"href":"https:\/\/sarmiento24h.com\/index.php?rest_route=\/wp\/v2\/posts\/410214","targetHints":{"allow":["GET"]}}],"collection":[{"href":"https:\/\/sarmiento24h.com\/index.php?rest_route=\/wp\/v2\/posts"}],"about":[{"href":"https:\/\/sarmiento24h.com\/index.php?rest_route=\/wp\/v2\/types\/post"}],"author":[{"embeddable":true,"href":"https:\/\/sarmiento24h.com\/index.php?rest_route=\/wp\/v2\/users\/1"}],"replies":[{"embeddable":true,"href":"https:\/\/sarmiento24h.com\/index.php?rest_route=%2Fwp%2Fv2%2Fcomments&post=410214"}],"version-history":[{"count":0,"href":"https:\/\/sarmiento24h.com\/index.php?rest_route=\/wp\/v2\/posts\/410214\/revisions"}],"wp:featuredmedia":[{"embeddable":true,"href":"https:\/\/sarmiento24h.com\/index.php?rest_route=\/wp\/v2\/media\/410215"}],"wp:attachment":[{"href":"https:\/\/sarmiento24h.com\/index.php?rest_route=%2Fwp%2Fv2%2Fmedia&parent=410214"}],"wp:term":[{"taxonomy":"category","embeddable":true,"href":"https:\/\/sarmiento24h.com\/index.php?rest_route=%2Fwp%2Fv2%2Fcategories&post=410214"},{"taxonomy":"post_tag","embeddable":true,"href":"https:\/\/sarmiento24h.com\/index.php?rest_route=%2Fwp%2Fv2%2Ftags&post=410214"}],"curies":[{"name":"wp","href":"https:\/\/api.w.org\/{rel}","templated":true}]}}