{"id":410216,"date":"2026-09-02T19:20:30","date_gmt":"2026-09-02T19:20:30","guid":{"rendered":"http:\/\/86968c88-a6fc-11f1-8917-2ff77675d9fc"},"modified":"2026-09-02T19:20:30","modified_gmt":"2026-09-02T19:20:30","slug":"netanyahu-contradice-el-plan-de-trump-promete-que-israel-no-se-retirara-del-60-que-ocupa-en-gaza","status":"publish","type":"post","link":"https:\/\/sarmiento24h.com\/?p=410216","title":{"rendered":"Netanyahu contradice el plan de Trump: promete que Israel no se retirar\u00e1 del 60% que ocupa en Gaza"},"content":{"rendered":"<p>En un mensaje con aires electoralistas, a menos de dos meses de los comicios generales, <a href=\"https:\/\/www.france24.com\/es\/tag\/benjamin-netanyahu\/\" target=\"_self\" class=\"gtm-add-suggested-tag\">Benjamin Netanyahu<\/a> insisti\u00f3 este 2 de septiembre en una postura que poco tiene que ver con el acuerdo de alto el fuego auspiciado por <a href=\"https:\/\/www.france24.com\/es\/tag\/estados-unidos\/\" target=\"_self\" class=\"gtm-add-suggested-tag\">Estados Unidos<\/a>: que <a href=\"https:\/\/www.france24.com\/es\/tag\/israel\/\" target=\"_self\" class=\"gtm-add-suggested-tag\">Israel<\/a> permanecer\u00e1 en <a href=\"https:\/\/www.france24.com\/es\/tag\/gaza\/\" target=\"_self\" class=\"gtm-add-suggested-tag\">Gaza<\/a>.<\/p>\n<p>No es la primera vez que el primer ministro israel\u00ed plantea esta idea, pero el escenario y el momento le dan un mayor impacto. Las declaraciones las realiz\u00f3 durante un recorrido en el enclave palestino, un d\u00eda despu\u00e9s de los intensos bombardeos que siguieron a una incursi\u00f3n en <a href=\"https:\/\/www.france24.com\/es\/tag\/ciudad-de-gaza\/\" target=\"_self\" class=\"gtm-add-suggested-tag\">Ciudad de Gaza<\/a>, y en medio de los intentos de la denominada &#8216;<a href=\"https:\/\/www.france24.com\/es\/tag\/junta-de-paz\/\" target=\"_self\" class=\"gtm-add-suggested-tag\">Junta de Paz<\/a>&#8216; de avanzar en el <a href=\"https:\/\/www.france24.com\/es\/tag\/desarme\/\" target=\"_self\" class=\"gtm-add-suggested-tag\">desarme<\/a> de <a href=\"https:\/\/www.france24.com\/es\/tag\/ham\u00e1s-1\/\" target=\"_self\" class=\"gtm-add-suggested-tag\">Ham\u00e1s<\/a>, una acci\u00f3n que deber\u00eda ser seguida del retiro israel\u00ed.<\/p>\n<p>Sonriente y delante de los escombros de las viviendas palestinas arrasadas por la invasi\u00f3n israel\u00ed, Netanyahu se jact\u00f3 de que \u00abcontrolamos el 60% de la Franja y a\u00fan nos queda mucho por hacer\u00bb. \u00abNo nos retiramos. Nos mantenemos en est\u00e1 linea\u00bb, subray\u00f3 el primer ministro israel\u00ed en su videocomunicado, refiri\u00e9ndose a la llamada &#8216;l\u00ednea amarilla&#8217;, la demarcaci\u00f3n ficticia para la zona ocupada por las tropas israel\u00edes, que la han ampliado sigilosamente desde el inicio de la aparente tregua.<\/p>\n<div id=\"em-WBMZ417194-F24-ES-20260902\" class=\"m-em-flash\" data-xtwitter-script>\n<div class=\"o-em-consent \" readability=\"7\">\n<div class=\"o-em-consent__content\" readability=\"34\">\n<p class=\"o-em-consent__content__text\">Para mostrar este contenido de X (Twitter), debe autorizar las cookies de medici\u00f3n de audiencia y publicidad.<\/p>\n<p> <button class=\"a-master-button a-master-button--dark\" data-action=\"accept\"> Aceptar <svg class=\"a-svg a-svg--icon-check\"> <use xlink:href=\"\/build\/images\/svg\/sprite.1af31c2f854b10d5fc5627a4f4fa61be.svg#icon-check\" href=\"\/build\/images\/svg\/sprite.1af31c2f854b10d5fc5627a4f4fa61be.svg#icon-check\" \/> <\/svg> <\/button> <button class=\"a-link\" data-action=\"manage\">Gestionar mis opciones <svg class=\"a-svg a-svg--icon-edit\"> <use xlink:href=\"\/build\/images\/svg\/sprite.1af31c2f854b10d5fc5627a4f4fa61be.svg#icon-edit\" href=\"\/build\/images\/svg\/sprite.1af31c2f854b10d5fc5627a4f4fa61be.svg#icon-edit\" \/> <\/svg><br \/>\n<\/button> <\/div>\n<\/div>\n<\/div>\n<p>Con las elecciones del pr\u00f3ximo 27 de octubre como una suerte de referendo sobre su gesti\u00f3n y su futuro pol\u00edtico, Netanyahu parece enfocar sus mensajes en retener el apoyo de sus bases de <a href=\"https:\/\/www.france24.com\/es\/tag\/extrema-derecha\/\" target=\"_self\" class=\"gtm-add-suggested-tag\">extrema derecha<\/a> y ultranacionalistas, que demandan una presencia permanente de Israel en Gaza y hasta la construcci\u00f3n de asentamientos, ilegales bajo el derecho internacional.<\/p>\n<p>Vestido con chaleco militar y rodeado de soldados, el premier israel\u00ed cuestion\u00f3 a su principal rival electoral y l\u00edder en las encuestas, <a href=\"https:\/\/www.france24.com\/es\/tag\/gadi-eisenkot\/\" target=\"_self\" class=\"gtm-add-suggested-tag\">Gadi Eisenkot<\/a>, quien, cuando integr\u00f3 el gobierno de unidad durante los primeros meses de la invasi\u00f3n israel\u00ed en Gaza, \u00abquer\u00eda que nos rindamos y salgamos de aqu\u00ed\u00bb, seg\u00fan Netanyahu. \u00abBien que no lo escuch\u00e9\u00bb, subray\u00f3.<\/p>\n<p>El jefe del Ejecutivo israel\u00ed tambi\u00e9n destac\u00f3 que ha alcanzado \u00aben gran medida\u00bb sus objetivos en Gaza, pero apunt\u00f3 que \u00abtodav\u00eda queda trabajo por completar, y lo completaremos\u00bb.<\/p>\n<p class=\"a-read-more\"><span class=\"a-read-more__label\">Leer tambi\u00e9n<\/span><a href=\"https:\/\/www.france24.com\/es\/medio-oriente\/20260823-pezeshkian-reconoce-numerosos-problemas-en-ir\u00e1n-en-medio-de-nuevas-sanciones-de-ee-uu\" target=\"_self\" class=\"a-read-more__link\">Ataques a\u00e9reos israel\u00edes en Gaza dejan al menos tres muertos, entre ellos un ni\u00f1o de cuatro a\u00f1os<\/a><\/p>\n<h2><strong>El Ej\u00e9rcito israel\u00ed mata a dos menores en Gaza<\/strong><\/h2>\n<p>Por otra parte, Netanyahu tambi\u00e9n celebr\u00f3 la infiltraci\u00f3n del martes en Ciudad de Gaza para capturar a un oficial del servicio de seguridad interna de Ham\u00e1s, acompa\u00f1ada de intensos bombardeos que causaron la muerte de al menos cuatro palestinos, entre ellos una mujer y dos ni\u00f1os de 3 y 13 a\u00f1os.<\/p>\n<p>Mientras Israel asegur\u00f3 que la operaci\u00f3n estuvo a cargo de \u00abfuerzas especiales\u00bb del Shin Bet&nbsp;(agencia de inteligencia interna israel\u00ed), medios \u00e1rabes y testigos afirmaron que en la incursi\u00f3n tambi\u00e9n participaron miembros de una milicia gazat\u00ed que colabora con Israel.<\/p>\n<p>Durante la recorrida junto al jefe del Estado Mayor israel\u00ed, Eyal Zamir, y otros altos cargos militares, Netanyahu subray\u00f3 que \u00abestamos haciendo todo lo posible para alcanzar nuestro objetivo: el desarme de Ham\u00e1s y la desmilitarizaci\u00f3n de Gaza\u00bb.<\/p>\n<p>En el marco de las negociaciones sobre el desarme de Ham\u00e1s y luego del rechazo israel\u00ed a los lineamientos iniciales del pacto, la &#8216;Junta de Paz&#8217;, el \u00f3rgano creado por la Administraci\u00f3n de <a href=\"https:\/\/www.france24.com\/es\/tag\/donald-trump\/\" target=\"_self\" class=\"gtm-add-suggested-tag\">Donald Trump<\/a> para supervisar el aparente <a href=\"https:\/\/www.france24.com\/es\/tag\/cese-al-fuego\/\" target=\"_self\" class=\"gtm-add-suggested-tag\">cese al fuego<\/a>, ha aceptado que Israel realice ataques en Gaza contra amenazas \u00abinmediatas\u00bb a las tropas israel\u00edes, una denominaci\u00f3n vaga que, adem\u00e1s, no establece represalias a los potenciales incumplimientos israel\u00edes.<\/p>\n<div class=\"m-em-video\">\n<div class=\"o-video-player o-video-player--16x9\" data-media-video-wbmz417197-f24-es-20260902 data-show-hidden-video-player=\"WBMZ417197-F24-ES-20260902\" data-wrapper-video-player data-youtube-script>\n<div class=\"o-em-consent \" readability=\"7\">\n<div class=\"o-em-consent__content\" readability=\"34\">\n<p class=\"o-em-consent__content__text\">Para mostrar este contenido de YouTube, debe autorizar las cookies de medici\u00f3n de audiencia y publicidad.<\/p>\n<p> <button class=\"a-master-button a-master-button--dark\" data-action=\"accept\"> Aceptar <svg class=\"a-svg a-svg--icon-check\"> <use xlink:href=\"\/build\/images\/svg\/sprite.1af31c2f854b10d5fc5627a4f4fa61be.svg#icon-check\" href=\"\/build\/images\/svg\/sprite.1af31c2f854b10d5fc5627a4f4fa61be.svg#icon-check\" \/> <\/svg> <\/button> <button class=\"a-link\" data-action=\"manage\">Gestionar mis opciones <svg class=\"a-svg a-svg--icon-edit\"> <use xlink:href=\"\/build\/images\/svg\/sprite.1af31c2f854b10d5fc5627a4f4fa61be.svg#icon-edit\" href=\"\/build\/images\/svg\/sprite.1af31c2f854b10d5fc5627a4f4fa61be.svg#icon-edit\" \/> <\/svg><br \/>\n<\/button> <\/div>\n<\/div>\n<div class=\"o-em-adblock\" data-adblock-content readability=\"7\">\n<div class=\"o-em-adblock__content\" readability=\"34\">\n<p class=\"o-em-adblock__content__text\">Una extensi\u00f3n de tu navegador parece estar bloqueando la carga del reproductor de video. Para poder ver este contenido, debes desactivarla en este sitio.<\/p>\n<p> <button class=\"a-master-button a-master-button--dark\" data-action=\"reload\">Reintentar<\/button> <\/div>\n<\/div>\n<figure class=\"m-item-image m-item-image--16x9 m-item-image--has-caption\"> <picture class=\"a-picture a-picture--16x9\"><source type=\"image\/webp\" srcset=\"https:\/\/s.france24.com\/media\/display\/ad780440-a62e-11f1-b405-005056bf30b7\/w:388\/p:16x9\/ES-20260901-120548-120720-CS.webp 388w, https:\/\/s.france24.com\/media\/display\/ad780440-a62e-11f1-b405-005056bf30b7\/w:720\/p:16x9\/ES-20260901-120548-120720-CS.webp 720w, https:\/\/s.france24.com\/media\/display\/ad780440-a62e-11f1-b405-005056bf30b7\/w:1024\/p:16x9\/ES-20260901-120548-120720-CS.webp 1024w\" sizes=\"(max-width: 639px) calc(100vw - 32px), (max-width: 1076px) calc(100vw - 44px), 850px\"><img fetchpriority=\"high\" decoding=\"auto\" src=\"https:\/\/s.france24.com\/media\/display\/ad780440-a62e-11f1-b405-005056bf30b7\/w:1024\/p:16x9\/ES-20260901-120548-120720-CS.jpg\" srcset=\"https:\/\/s.france24.com\/media\/display\/ad780440-a62e-11f1-b405-005056bf30b7\/w:388\/p:16x9\/ES-20260901-120548-120720-CS.jpg 388w, https:\/\/s.france24.com\/media\/display\/ad780440-a62e-11f1-b405-005056bf30b7\/w:720\/p:16x9\/ES-20260901-120548-120720-CS.jpg 720w, https:\/\/s.france24.com\/media\/display\/ad780440-a62e-11f1-b405-005056bf30b7\/w:1024\/p:16x9\/ES-20260901-120548-120720-CS.jpg 1024w\" sizes=\"(max-width: 639px) calc(100vw - 32px), (max-width: 1076px) calc(100vw - 44px), 850px\" width=\"1024\" height=\"576\" alt loading=\"eager\" class=\"a-img \">\n<\/picture><figcaption class=\"a-figcaption\"> Imagen de portada: \u00a9 France 24 <\/figcaption><\/figure>\n<\/p><\/div>\n<\/div>\n<p>De hecho, las fuerzas del Estado hebreo han retomado en las \u00faltimas semanas los ataques selectivos a infraestructuras, que alegan que pertenecen a Ham\u00e1s, o incursiones similares a la del martes.<\/p>\n<p>Del mismo modo, a lo largo de la supuesta tregua alcanzada en octubre de 2025, los ataques israel\u00edes se han mantenido casi a diario, causando m\u00e1s de 1.300 palestinos muertos, seg\u00fan el Ministerio de Salud del enclave palestino. Y este mi\u00e9rcoles no fue la excepci\u00f3n.<\/p>\n<p>En un tiroteo en el campo de refugiados de <a href=\"https:\/\/www.france24.com\/es\/tag\/jabalia\/\" target=\"_self\" class=\"gtm-add-suggested-tag\">Jabalia<\/a>, en el norte de la Franja, el <a href=\"https:\/\/www.france24.com\/es\/tag\/ej\u00e9rcito-israel\u00ed\/\" target=\"_self\" class=\"gtm-add-suggested-tag\">Ej\u00e9rcito israel\u00ed<\/a> mat\u00f3 a dos menores, identificados por las autoridades sanitarias de Gaza como&nbsp;Ibrahim Ismail Al Hersh (16 a\u00f1os) y Hazem Hatem Marshoud (17).<\/p>\n<p>Adem\u00e1s, un dron israel\u00ed atac\u00f3 una tienda de campa\u00f1a en la zona de Mawasi, en <a href=\"https:\/\/www.france24.com\/es\/tag\/khan-younis\/\" target=\"_self\" class=\"gtm-add-suggested-tag\">Khan Younis<\/a>, al suroeste de Gaza, matando a un joven e hiriendo a otras cuatro personas, dos de ellas de gravedad, seg\u00fan medios locales.<\/p>\n<p>En tanto, fuentes del hospital de los M\u00e1rtires de Al-Aqsa en Deir el-Balah (centro) indicaron que una mujer de 51 a\u00f1os, identificada como Amina al-Hissi, sucumbi\u00f3 a las graves heridas causadas por disparos de soldados israel\u00edes el d\u00eda anterior, de acuerdo a la agencia oficial de noticias palestina Wafa.<\/p>\n<h2><strong>Katz insiste en el plan de limpieza \u00e9tnica de Gaza<\/strong><\/h2>\n<p>En l\u00ednea con las declaraciones de Netanyahu, su ministro de Defensa, <a href=\"https:\/\/www.france24.com\/es\/tag\/israel-katz\/\" target=\"_self\" class=\"gtm-add-suggested-tag\">Israel Katz<\/a>, insisti\u00f3 en una idea que, al menos en el papel, la &#8216;Junta de Paz&#8217; de Trump parece haber descartado: la expulsi\u00f3n masiva de la poblaci\u00f3n palestina de Gaza, una irracional propuesta inicialmente planteada por el presidente estadounidense que organizaciones internacionales y expertos denunciaron como una posible limpieza \u00e9tnica de la Franja.<\/p>\n<p>En una conferencia organizada por el medio israel\u00ed Yedioth Ahronoth, Katz afirm\u00f3 que Israel \u00abest\u00e1 organizado y preparado\u00bb para trasladar forzosamente a la poblaci\u00f3n gazat\u00ed \u00abpor mar, por aire, por cualquier medio posible\u00bb, y que solo est\u00e1 a la espera de que Estados Unidos determine ad\u00f3nde llevarlos.<\/p>\n<div class=\"m-em-image\">\n<figure class=\"m-item-image m-item-image--original m-item-image--has-caption\"> <picture class=\"a-picture a-picture--original\"><source type=\"image\/webp\" srcset=\"https:\/\/s.france24.com\/media\/display\/a9a7ca04-9ca0-11f1-91f7-005056bf30b7\/w:246\/AP26229640996307.webp 246w, https:\/\/s.france24.com\/media\/display\/a9a7ca04-9ca0-11f1-91f7-005056bf30b7\/w:388\/AP26229640996307.webp 388w, https:\/\/s.france24.com\/media\/display\/a9a7ca04-9ca0-11f1-91f7-005056bf30b7\/w:720\/AP26229640996307.webp 720w, https:\/\/s.france24.com\/media\/display\/a9a7ca04-9ca0-11f1-91f7-005056bf30b7\/w:980\/AP26229640996307.webp 980w\" sizes=\"(max-width: 1023px) calc(100vw - 32px), (min-width: 1024px) 850px\"><img fetchpriority=\"low\" decoding=\"async\" src=\"https:\/\/s.france24.com\/media\/display\/a9a7ca04-9ca0-11f1-91f7-005056bf30b7\/w:980\/AP26229640996307.jpg\" srcset=\"https:\/\/s.france24.com\/media\/display\/a9a7ca04-9ca0-11f1-91f7-005056bf30b7\/w:246\/AP26229640996307.jpg 246w, https:\/\/s.france24.com\/media\/display\/a9a7ca04-9ca0-11f1-91f7-005056bf30b7\/w:388\/AP26229640996307.jpg 388w, https:\/\/s.france24.com\/media\/display\/a9a7ca04-9ca0-11f1-91f7-005056bf30b7\/w:720\/AP26229640996307.jpg 720w, https:\/\/s.france24.com\/media\/display\/a9a7ca04-9ca0-11f1-91f7-005056bf30b7\/w:980\/AP26229640996307.jpg 980w\" sizes=\"(max-width: 1023px) calc(100vw - 32px), (min-width: 1024px) 850px\" alt=\"Palestinos caminan entre las ruinas de edificios destruidos por los ataques a\u00e9reos israel\u00edes en Ciudad de Gaza, el 17 de agosto de 2026.\" loading=\"lazy\" class=\"a-img \">\n<\/picture><figcaption class=\"a-figcaption\"> Palestinos caminan entre las ruinas de edificios destruidos por los ataques a\u00e9reos israel\u00edes en Ciudad de Gaza, el 17 de agosto de 2026. \u00a9 Jehad Alshrafi \/ AP <\/figcaption><\/figure>\n<\/p><\/div>\n<p>Al inicio de su segundo mandato, Trump hab\u00eda planteado la expulsi\u00f3n de los dos millones de palestinos de Gaza para crear lo que denomin\u00f3 como una &#8216;Riviera&#8217; tur\u00edstica de lujo, una idea irrealizable que se encontr\u00f3 con un amplio rechazo internacional pero que envalenton\u00f3 al gobierno israel\u00ed, que durante a\u00f1os ha planteado esa posibilidad bajo la eufem\u00edstica figura de la \u00abemigraci\u00f3n voluntaria\u00bb.<\/p>\n<p>De a poco, el presidente estadounidense fue abandonando esa propuesta y el plan de 20 puntos que pretende implementar en el enclave palestino incluye, en cambio, la consigna de \u00abanimar a la gente a quedarse y ofrecerles la oportunidad de construir una Gaza mejor\u00bb.<\/p>\n<p>Sin embargo, seg\u00fan Katz, la propuesta de limpieza \u00e9tnica no est\u00e1 descartada sino que fue \u00abcongelada\u00bb por Trump, a la espera de que haya pa\u00edses que acepten recibir a los palestinos expulsados.<\/p>\n<p>\u00abEl plan no se ha cancelado; se est\u00e1 discutiendo constantemente, incluso ahora, y creo que no hay otra soluci\u00f3n para el bien de todos\u00bb, declar\u00f3 Katz, quien aleg\u00f3, sin pruebas, que el 80% de la poblaci\u00f3n de Gaza desea irse pero Ham\u00e1s no se lo permite.<\/p>\n<p>\u00abPero para que esto suceda, necesitamos a Estados Unidos. \u00bfCu\u00e1ndo obtendremos su aprobaci\u00f3n? Cuando quede claro que Ham\u00e1s no est\u00e1 cumpliendo con sus obligaciones en virtud del alto el fuego\u00bb, sentenci\u00f3.<\/p>\n<p class=\"a-read-more\"><span class=\"a-read-more__label\">Leer tambi\u00e9n<\/span><a href=\"https:\/\/www.france24.com\/es\/programas\/el-debate\/20250409-trump-insiste-en-expulsar-a-los-palestinos-y-controlar-gaza-qu\u00e9-hay-detr\u00e1s-de-este-empe\u00f1o\" target=\"_self\" class=\"a-read-more__link\">Trump insiste en expulsar a los palestinos y controlar Gaza: \u00bfqu\u00e9 hay detr\u00e1s de este empe\u00f1o?<\/a><\/p>\n<p>Cabe remarcar que el desplazamiento forzado de civiles en territorio ocupado se considera un crimen de guerra, seg\u00fan los Convenios de Ginebra, mientras que sobre Netanyahu y el predecesor de Katz, <a href=\"https:\/\/www.france24.com\/es\/tag\/yoav-gallant\/\" target=\"_self\" class=\"gtm-add-suggested-tag\">Yoav Gallant<\/a>, pesan \u00f3rdenes de arresto de la <a href=\"https:\/\/www.france24.com\/es\/tag\/corte-penal-internacional\/\" target=\"_self\" class=\"gtm-add-suggested-tag\">Corte Penal Internacional<\/a> por presuntos cr\u00edmenes de guerra cometidos por Israel en Gaza.<\/p>\n<p>Adem\u00e1s, para m\u00faltiples expertos legales y organizaciones internacionales, las brutales acciones de Israel en la Franja palestina constituyen un \u00ab<a href=\"https:\/\/www.france24.com\/es\/tag\/genocidio\/\" target=\"_self\" class=\"gtm-add-suggested-tag\">genocidio<\/a>\u00bb contra la poblaci\u00f3n palestina del enclave, una acusaci\u00f3n que tambi\u00e9n ha sido elevada por m\u00faltiples naciones en un proceso judicial en curso contra Israel en la <a href=\"https:\/\/www.france24.com\/es\/tag\/corte-internacional-de-justicia\/\" target=\"_self\" class=\"gtm-add-suggested-tag\">Corte Internacional de Justicia<\/a> (CIJ).<\/p>\n<p>Desde el inicio de la invasi\u00f3n israel\u00ed en Gaza (luego del ataque sin precedentes de Ham\u00e1s en el sur israel\u00ed que caus\u00f3 1.200 muertos el <a href=\"https:\/\/www.france24.com\/es\/tag\/7-de-octubre-de-2023\/\" target=\"_self\" class=\"gtm-add-suggested-tag\">7 de octubre de 2023<\/a>), Israel ha matado a m\u00e1s de 73.400 personas en la Franja palestina, seg\u00fan las cifras del Ministerio de Salud local, avaladas por la ONU.<\/p>\n<p>Con EFE, AFP y medios locales<\/p>\n","protected":false},"excerpt":{"rendered":"<p>En un mensaje con aires electoralistas, a&#46;&#46;&#46;<\/p>\n","protected":false},"author":1,"featured_media":410217,"comment_status":"closed","ping_status":"closed","sticky":false,"template":"","format":"standard","meta":{"_jetpack_newsletter_access":"","_jetpack_dont_email_post_to_subs":false,"_jetpack_newsletter_tier_id":0,"_jetpack_memberships_contains_paywalled_content":false,"_jetpack_feature_clip_id":0,"_jetpack_memberships_contains_paid_content":false,"footnotes":"","jetpack_publicize_message":"","jetpack_publicize_feature_enabled":true,"jetpack_social_post_already_shared":true,"jetpack_social_options":{"image_generator_settings":{"template":"highway","default_image_id":0,"font":"","enabled":false},"version":2},"jetpack_post_was_ever_published":false},"categories":[43],"tags":[],"class_list":["post-410216","post","type-post","status-publish","format-standard","has-post-thumbnail","hentry","category-internacionales"],"yoast_head":"<!-- This site is optimized with the Yoast SEO plugin v28.1 - https:\/\/yoast.com\/product\/yoast-seo-wordpress\/ -->\n<title>Netanyahu contradice el plan de Trump: promete que Israel no se retirar\u00e1 del 60% que ocupa en Gaza - Sarmiento24h<\/title>\n<meta name=\"robots\" content=\"index, follow, max-snippet:-1, max-image-preview:large, max-video-preview:-1\" \/>\n<link rel=\"canonical\" href=\"https:\/\/sarmiento24h.com\/?p=410216\" \/>\n<meta property=\"og:locale\" content=\"es_ES\" \/>\n<meta property=\"og:type\" content=\"article\" \/>\n<meta property=\"og:title\" content=\"Netanyahu contradice el plan de Trump: promete que Israel no se retirar\u00e1 del 60% que ocupa en Gaza - Sarmiento24h\" \/>\n<meta property=\"og:description\" content=\"En un mensaje con aires electoralistas, a&#046;&#046;&#046;\" \/>\n<meta property=\"og:url\" content=\"https:\/\/sarmiento24h.com\/?p=410216\" \/>\n<meta property=\"og:site_name\" content=\"Sarmiento24h\" \/>\n<meta property=\"article:publisher\" content=\"https:\/\/facebook.com\/s24hnoticias\" \/>\n<meta property=\"article:published_time\" content=\"2026-09-02T19:20:30+00:00\" \/>\n<meta property=\"og:image\" content=\"https:\/\/s.france24.com\/media\/display\/ad780440-a62e-11f1-b405-005056bf30b7\/w:1024\/p:16x9\/ES-20260901-120548-120720-CS.jpg\" \/>\n<meta name=\"author\" content=\"sarmiento24h@gmail.com\" \/>\n<meta name=\"twitter:card\" content=\"summary_large_image\" \/>\n<meta name=\"twitter:creator\" content=\"@sarmiento24h\" \/>\n<meta name=\"twitter:site\" content=\"@sarmiento24h\" \/>\n<meta name=\"twitter:label1\" content=\"Escrito por\" \/>\n\t<meta name=\"twitter:data1\" content=\"sarmiento24h@gmail.com\" \/>\n\t<meta name=\"twitter:label2\" content=\"Tiempo de lectura\" \/>\n\t<meta name=\"twitter:data2\" content=\"7 minutos\" \/>\n<script type=\"application\/ld+json\" class=\"yoast-schema-graph\">{\"@context\":\"https:\\\/\\\/schema.org\",\"@graph\":[{\"@type\":\"Article\",\"@id\":\"https:\\\/\\\/sarmiento24h.com\\\/?p=410216#article\",\"isPartOf\":{\"@id\":\"https:\\\/\\\/sarmiento24h.com\\\/?p=410216\"},\"author\":{\"name\":\"sarmiento24h@gmail.com\",\"@id\":\"https:\\\/\\\/sarmiento24h.com\\\/#\\\/schema\\\/person\\\/d653a59725ad629a7e0429af7b939d4d\"},\"headline\":\"Netanyahu contradice el plan de Trump: promete que Israel no se retirar\u00e1 del 60% que ocupa en Gaza\",\"datePublished\":\"2026-09-02T19:20:30+00:00\",\"mainEntityOfPage\":{\"@id\":\"https:\\\/\\\/sarmiento24h.com\\\/?p=410216\"},\"wordCount\":1491,\"publisher\":{\"@id\":\"https:\\\/\\\/sarmiento24h.com\\\/#organization\"},\"image\":{\"@id\":\"https:\\\/\\\/sarmiento24h.com\\\/?p=410216#primaryimage\"},\"thumbnailUrl\":\"https:\\\/\\\/sarmiento24h.com\\\/wp-content\\\/uploads\\\/2026\\\/09\\\/netanyahu-contradice-el-plan-de-trump-promete-que-israel-no-se-retirara-del-60-que-ocupa-en-gaza.jpg\",\"articleSection\":[\"Internacionales\"],\"inLanguage\":\"es\"},{\"@type\":\"WebPage\",\"@id\":\"https:\\\/\\\/sarmiento24h.com\\\/?p=410216\",\"url\":\"https:\\\/\\\/sarmiento24h.com\\\/?p=410216\",\"name\":\"Netanyahu contradice el plan de Trump: promete que Israel no se retirar\u00e1 del 60% que ocupa en Gaza - Sarmiento24h\",\"isPartOf\":{\"@id\":\"https:\\\/\\\/sarmiento24h.com\\\/#website\"},\"primaryImageOfPage\":{\"@id\":\"https:\\\/\\\/sarmiento24h.com\\\/?p=410216#primaryimage\"},\"image\":{\"@id\":\"https:\\\/\\\/sarmiento24h.com\\\/?p=410216#primaryimage\"},\"thumbnailUrl\":\"https:\\\/\\\/sarmiento24h.com\\\/wp-content\\\/uploads\\\/2026\\\/09\\\/netanyahu-contradice-el-plan-de-trump-promete-que-israel-no-se-retirara-del-60-que-ocupa-en-gaza.jpg\",\"datePublished\":\"2026-09-02T19:20:30+00:00\",\"breadcrumb\":{\"@id\":\"https:\\\/\\\/sarmiento24h.com\\\/?p=410216#breadcrumb\"},\"inLanguage\":\"es\",\"potentialAction\":[{\"@type\":\"ReadAction\",\"target\":[\"https:\\\/\\\/sarmiento24h.com\\\/?p=410216\"]}]},{\"@type\":\"ImageObject\",\"inLanguage\":\"es\",\"@id\":\"https:\\\/\\\/sarmiento24h.com\\\/?p=410216#primaryimage\",\"url\":\"https:\\\/\\\/sarmiento24h.com\\\/wp-content\\\/uploads\\\/2026\\\/09\\\/netanyahu-contradice-el-plan-de-trump-promete-que-israel-no-se-retirara-del-60-que-ocupa-en-gaza.jpg\",\"contentUrl\":\"https:\\\/\\\/sarmiento24h.com\\\/wp-content\\\/uploads\\\/2026\\\/09\\\/netanyahu-contradice-el-plan-de-trump-promete-que-israel-no-se-retirara-del-60-que-ocupa-en-gaza.jpg\",\"width\":1024,\"height\":576},{\"@type\":\"BreadcrumbList\",\"@id\":\"https:\\\/\\\/sarmiento24h.com\\\/?p=410216#breadcrumb\",\"itemListElement\":[{\"@type\":\"ListItem\",\"position\":1,\"name\":\"Home\",\"item\":\"https:\\\/\\\/sarmiento24h.com\\\/\"},{\"@type\":\"ListItem\",\"position\":2,\"name\":\"Netanyahu contradice el plan de Trump: promete que Israel no se retirar\u00e1 del 60% que ocupa en Gaza\"}]},{\"@type\":\"WebSite\",\"@id\":\"https:\\\/\\\/sarmiento24h.com\\\/#website\",\"url\":\"https:\\\/\\\/sarmiento24h.com\\\/\",\"name\":\"Sarmiento24h\",\"description\":\"\",\"publisher\":{\"@id\":\"https:\\\/\\\/sarmiento24h.com\\\/#organization\"},\"potentialAction\":[{\"@type\":\"SearchAction\",\"target\":{\"@type\":\"EntryPoint\",\"urlTemplate\":\"https:\\\/\\\/sarmiento24h.com\\\/?s={search_term_string}\"},\"query-input\":{\"@type\":\"PropertyValueSpecification\",\"valueRequired\":true,\"valueName\":\"search_term_string\"}}],\"inLanguage\":\"es\"},{\"@type\":\"Organization\",\"@id\":\"https:\\\/\\\/sarmiento24h.com\\\/#organization\",\"name\":\"Sarmiento24h\",\"url\":\"https:\\\/\\\/sarmiento24h.com\\\/\",\"logo\":{\"@type\":\"ImageObject\",\"inLanguage\":\"es\",\"@id\":\"https:\\\/\\\/sarmiento24h.com\\\/#\\\/schema\\\/logo\\\/image\\\/\",\"url\":\"https:\\\/\\\/sarmiento24h.com\\\/wp-content\\\/uploads\\\/2025\\\/12\\\/AddText_12-16-10.30.52.jpg\",\"contentUrl\":\"https:\\\/\\\/sarmiento24h.com\\\/wp-content\\\/uploads\\\/2025\\\/12\\\/AddText_12-16-10.30.52.jpg\",\"width\":1220,\"height\":324,\"caption\":\"Sarmiento24h\"},\"image\":{\"@id\":\"https:\\\/\\\/sarmiento24h.com\\\/#\\\/schema\\\/logo\\\/image\\\/\"},\"sameAs\":[\"https:\\\/\\\/facebook.com\\\/s24hnoticias\",\"https:\\\/\\\/x.com\\\/sarmiento24h\"]},{\"@type\":\"Person\",\"@id\":\"https:\\\/\\\/sarmiento24h.com\\\/#\\\/schema\\\/person\\\/d653a59725ad629a7e0429af7b939d4d\",\"name\":\"sarmiento24h@gmail.com\",\"image\":{\"@type\":\"ImageObject\",\"inLanguage\":\"es\",\"@id\":\"https:\\\/\\\/sarmiento24h.com\\\/wp-content\\\/litespeed\\\/avatar\\\/d02cbc4e23c747e6659cd45907173c8f.jpg?ver=1788047690\",\"url\":\"https:\\\/\\\/sarmiento24h.com\\\/wp-content\\\/litespeed\\\/avatar\\\/d02cbc4e23c747e6659cd45907173c8f.jpg?ver=1788047690\",\"contentUrl\":\"https:\\\/\\\/sarmiento24h.com\\\/wp-content\\\/litespeed\\\/avatar\\\/d02cbc4e23c747e6659cd45907173c8f.jpg?ver=1788047690\",\"caption\":\"sarmiento24h@gmail.com\"},\"sameAs\":[\"https:\\\/\\\/sarmiento24h.com\"],\"url\":\"https:\\\/\\\/sarmiento24h.com\\\/?author=1\"}]}<\/script>\n<!-- \/ Yoast SEO plugin. -->","yoast_head_json":{"title":"Netanyahu contradice el plan de Trump: promete que Israel no se retirar\u00e1 del 60% que ocupa en Gaza - Sarmiento24h","robots":{"index":"index","follow":"follow","max-snippet":"max-snippet:-1","max-image-preview":"max-image-preview:large","max-video-preview":"max-video-preview:-1"},"canonical":"https:\/\/sarmiento24h.com\/?p=410216","og_locale":"es_ES","og_type":"article","og_title":"Netanyahu contradice el plan de Trump: promete que Israel no se retirar\u00e1 del 60% que ocupa en Gaza - Sarmiento24h","og_description":"En un mensaje con aires electoralistas, a&#46;&#46;&#46;","og_url":"https:\/\/sarmiento24h.com\/?p=410216","og_site_name":"Sarmiento24h","article_publisher":"https:\/\/facebook.com\/s24hnoticias","article_published_time":"2026-09-02T19:20:30+00:00","og_image":[{"url":"https:\/\/s.france24.com\/media\/display\/ad780440-a62e-11f1-b405-005056bf30b7\/w:1024\/p:16x9\/ES-20260901-120548-120720-CS.jpg","type":"","width":"","height":""}],"author":"sarmiento24h@gmail.com","twitter_card":"summary_large_image","twitter_creator":"@sarmiento24h","twitter_site":"@sarmiento24h","twitter_misc":{"Escrito por":"sarmiento24h@gmail.com","Tiempo de lectura":"7 minutos"},"schema":{"@context":"https:\/\/schema.org","@graph":[{"@type":"Article","@id":"https:\/\/sarmiento24h.com\/?p=410216#article","isPartOf":{"@id":"https:\/\/sarmiento24h.com\/?p=410216"},"author":{"name":"sarmiento24h@gmail.com","@id":"https:\/\/sarmiento24h.com\/#\/schema\/person\/d653a59725ad629a7e0429af7b939d4d"},"headline":"Netanyahu contradice el plan de Trump: promete que Israel no se retirar\u00e1 del 60% que ocupa en Gaza","datePublished":"2026-09-02T19:20:30+00:00","mainEntityOfPage":{"@id":"https:\/\/sarmiento24h.com\/?p=410216"},"wordCount":1491,"publisher":{"@id":"https:\/\/sarmiento24h.com\/#organization"},"image":{"@id":"https:\/\/sarmiento24h.com\/?p=410216#primaryimage"},"thumbnailUrl":"https:\/\/sarmiento24h.com\/wp-content\/uploads\/2026\/09\/netanyahu-contradice-el-plan-de-trump-promete-que-israel-no-se-retirara-del-60-que-ocupa-en-gaza.jpg","articleSection":["Internacionales"],"inLanguage":"es"},{"@type":"WebPage","@id":"https:\/\/sarmiento24h.com\/?p=410216","url":"https:\/\/sarmiento24h.com\/?p=410216","name":"Netanyahu contradice el plan de Trump: promete que Israel no se retirar\u00e1 del 60% que ocupa en Gaza - Sarmiento24h","isPartOf":{"@id":"https:\/\/sarmiento24h.com\/#website"},"primaryImageOfPage":{"@id":"https:\/\/sarmiento24h.com\/?p=410216#primaryimage"},"image":{"@id":"https:\/\/sarmiento24h.com\/?p=410216#primaryimage"},"thumbnailUrl":"https:\/\/sarmiento24h.com\/wp-content\/uploads\/2026\/09\/netanyahu-contradice-el-plan-de-trump-promete-que-israel-no-se-retirara-del-60-que-ocupa-en-gaza.jpg","datePublished":"2026-09-02T19:20:30+00:00","breadcrumb":{"@id":"https:\/\/sarmiento24h.com\/?p=410216#breadcrumb"},"inLanguage":"es","potentialAction":[{"@type":"ReadAction","target":["https:\/\/sarmiento24h.com\/?p=410216"]}]},{"@type":"ImageObject","inLanguage":"es","@id":"https:\/\/sarmiento24h.com\/?p=410216#primaryimage","url":"https:\/\/sarmiento24h.com\/wp-content\/uploads\/2026\/09\/netanyahu-contradice-el-plan-de-trump-promete-que-israel-no-se-retirara-del-60-que-ocupa-en-gaza.jpg","contentUrl":"https:\/\/sarmiento24h.com\/wp-content\/uploads\/2026\/09\/netanyahu-contradice-el-plan-de-trump-promete-que-israel-no-se-retirara-del-60-que-ocupa-en-gaza.jpg","width":1024,"height":576},{"@type":"BreadcrumbList","@id":"https:\/\/sarmiento24h.com\/?p=410216#breadcrumb","itemListElement":[{"@type":"ListItem","position":1,"name":"Home","item":"https:\/\/sarmiento24h.com\/"},{"@type":"ListItem","position":2,"name":"Netanyahu contradice el plan de Trump: promete que Israel no se retirar\u00e1 del 60% que ocupa en Gaza"}]},{"@type":"WebSite","@id":"https:\/\/sarmiento24h.com\/#website","url":"https:\/\/sarmiento24h.com\/","name":"Sarmiento24h","description":"","publisher":{"@id":"https:\/\/sarmiento24h.com\/#organization"},"potentialAction":[{"@type":"SearchAction","target":{"@type":"EntryPoint","urlTemplate":"https:\/\/sarmiento24h.com\/?s={search_term_string}"},"query-input":{"@type":"PropertyValueSpecification","valueRequired":true,"valueName":"search_term_string"}}],"inLanguage":"es"},{"@type":"Organization","@id":"https:\/\/sarmiento24h.com\/#organization","name":"Sarmiento24h","url":"https:\/\/sarmiento24h.com\/","logo":{"@type":"ImageObject","inLanguage":"es","@id":"https:\/\/sarmiento24h.com\/#\/schema\/logo\/image\/","url":"https:\/\/sarmiento24h.com\/wp-content\/uploads\/2025\/12\/AddText_12-16-10.30.52.jpg","contentUrl":"https:\/\/sarmiento24h.com\/wp-content\/uploads\/2025\/12\/AddText_12-16-10.30.52.jpg","width":1220,"height":324,"caption":"Sarmiento24h"},"image":{"@id":"https:\/\/sarmiento24h.com\/#\/schema\/logo\/image\/"},"sameAs":["https:\/\/facebook.com\/s24hnoticias","https:\/\/x.com\/sarmiento24h"]},{"@type":"Person","@id":"https:\/\/sarmiento24h.com\/#\/schema\/person\/d653a59725ad629a7e0429af7b939d4d","name":"sarmiento24h@gmail.com","image":{"@type":"ImageObject","inLanguage":"es","@id":"https:\/\/sarmiento24h.com\/wp-content\/litespeed\/avatar\/d02cbc4e23c747e6659cd45907173c8f.jpg?ver=1788047690","url":"https:\/\/sarmiento24h.com\/wp-content\/litespeed\/avatar\/d02cbc4e23c747e6659cd45907173c8f.jpg?ver=1788047690","contentUrl":"https:\/\/sarmiento24h.com\/wp-content\/litespeed\/avatar\/d02cbc4e23c747e6659cd45907173c8f.jpg?ver=1788047690","caption":"sarmiento24h@gmail.com"},"sameAs":["https:\/\/sarmiento24h.com"],"url":"https:\/\/sarmiento24h.com\/?author=1"}]}},"jetpack_publicize_connections":[],"jetpack_featured_media_url":"https:\/\/sarmiento24h.com\/wp-content\/uploads\/2026\/09\/netanyahu-contradice-el-plan-de-trump-promete-que-israel-no-se-retirara-del-60-que-ocupa-en-gaza.jpg","jetpack_sharing_enabled":true,"_links":{"self":[{"href":"https:\/\/sarmiento24h.com\/index.php?rest_route=\/wp\/v2\/posts\/410216","targetHints":{"allow":["GET"]}}],"collection":[{"href":"https:\/\/sarmiento24h.com\/index.php?rest_route=\/wp\/v2\/posts"}],"about":[{"href":"https:\/\/sarmiento24h.com\/index.php?rest_route=\/wp\/v2\/types\/post"}],"author":[{"embeddable":true,"href":"https:\/\/sarmiento24h.com\/index.php?rest_route=\/wp\/v2\/users\/1"}],"replies":[{"embeddable":true,"href":"https:\/\/sarmiento24h.com\/index.php?rest_route=%2Fwp%2Fv2%2Fcomments&post=410216"}],"version-history":[{"count":0,"href":"https:\/\/sarmiento24h.com\/index.php?rest_route=\/wp\/v2\/posts\/410216\/revisions"}],"wp:featuredmedia":[{"embeddable":true,"href":"https:\/\/sarmiento24h.com\/index.php?rest_route=\/wp\/v2\/media\/410217"}],"wp:attachment":[{"href":"https:\/\/sarmiento24h.com\/index.php?rest_route=%2Fwp%2Fv2%2Fmedia&parent=410216"}],"wp:term":[{"taxonomy":"category","embeddable":true,"href":"https:\/\/sarmiento24h.com\/index.php?rest_route=%2Fwp%2Fv2%2Fcategories&post=410216"},{"taxonomy":"post_tag","embeddable":true,"href":"https:\/\/sarmiento24h.com\/index.php?rest_route=%2Fwp%2Fv2%2Ftags&post=410216"}],"curies":[{"name":"wp","href":"https:\/\/api.w.org\/{rel}","templated":true}]}}