{"id":410293,"date":"2026-09-02T20:27:08","date_gmt":"2026-09-02T20:27:08","guid":{"rendered":"http:\/\/b2ea9048-a5b4-11f1-85e1-5fbc575ccd0a"},"modified":"2026-09-02T20:27:08","modified_gmt":"2026-09-02T20:27:08","slug":"desde-el-terreno-haiti-entre-el-hambre-la-violencia-y-la-amenaza-de-la-sequia","status":"publish","type":"post","link":"https:\/\/sarmiento24h.com\/?p=410293","title":{"rendered":"Desde el terreno: Hait\u00ed, entre el hambre, la violencia y la amenaza de la sequ\u00eda"},"content":{"rendered":"<p>Tan solo con salir del Aeropuerto Hugo Ch\u00e1vez de&nbsp;Cabo Haitiano, la bienvenida que ofrece la segunda ciudad de <a href=\"https:\/\/www.france24.com\/es\/tag\/hait\u00ed\/\" target=\"_self\" class=\"gtm-add-suggested-tag\">Hait\u00ed<\/a>, en el norte del pa\u00eds,&nbsp;es un panorama chocante: kil\u00f3metros y kil\u00f3metros de&nbsp;costa&nbsp;colmados con raudales de basura. Entre el basurero se levantan columnas de humo&nbsp;de quienes le prenden el fuego a sus desechos y se distingue el&nbsp;movimiento&nbsp;err\u00e1tico&nbsp;de las ratas.&nbsp;&nbsp;<\/p>\n<p>Por&nbsp;esa misma playa&nbsp;que bordea el litoral&nbsp;en direcci\u00f3n hacia el centro de la ciudad, opera un ruidoso y ca\u00f3tico mercado local, donde la gente compra y vende alimentos en condiciones&nbsp;extremadamente&nbsp;insalubres, con&nbsp;toda clase de&nbsp;desperdicios&nbsp;que&nbsp;minan&nbsp;el suelo de tierra.&nbsp;<\/p>\n<div class=\"m-em-image\">\n<figure class=\"m-item-image m-item-image--original m-item-image--has-caption\"> <picture class=\"a-picture a-picture--original\"><source type=\"image\/webp\" srcset=\"https:\/\/s.france24.com\/media\/display\/6dddd292-a63d-11f1-9fd8-005056bf30b7\/w:246\/8022056942001w.webp 246w, https:\/\/s.france24.com\/media\/display\/6dddd292-a63d-11f1-9fd8-005056bf30b7\/w:388\/8022056942001w.webp 388w, https:\/\/s.france24.com\/media\/display\/6dddd292-a63d-11f1-9fd8-005056bf30b7\/w:720\/8022056942001w.webp 720w, https:\/\/s.france24.com\/media\/display\/6dddd292-a63d-11f1-9fd8-005056bf30b7\/w:980\/8022056942001w.webp 980w\" sizes=\"(max-width: 1023px) calc(100vw - 32px), (min-width: 1024px) 850px\"><img fetchpriority=\"low\" decoding=\"async\" src=\"https:\/\/s.france24.com\/media\/display\/6dddd292-a63d-11f1-9fd8-005056bf30b7\/w:980\/8022056942001w.jpg\" srcset=\"https:\/\/s.france24.com\/media\/display\/6dddd292-a63d-11f1-9fd8-005056bf30b7\/w:246\/8022056942001w.jpg 246w, https:\/\/s.france24.com\/media\/display\/6dddd292-a63d-11f1-9fd8-005056bf30b7\/w:388\/8022056942001w.jpg 388w, https:\/\/s.france24.com\/media\/display\/6dddd292-a63d-11f1-9fd8-005056bf30b7\/w:720\/8022056942001w.jpg 720w, https:\/\/s.france24.com\/media\/display\/6dddd292-a63d-11f1-9fd8-005056bf30b7\/w:980\/8022056942001w.jpg 980w\" sizes=\"(max-width: 1023px) calc(100vw - 32px), (min-width: 1024px) 850px\" alt=\"Archivo. Mujeres venden productos en un mercado este mi\u00e9rcoles, en Cabo Haitiano (Hait\u00ed).\" loading=\"lazy\" class=\"a-img \">\n<\/picture><figcaption class=\"a-figcaption\"> Archivo. Mujeres venden productos en un mercado este mi\u00e9rcoles, en Cabo Haitiano (Hait\u00ed). EFE &#8211; Orlando Barr\u00eda <\/figcaption><\/figure>\n<\/p><\/div>\n<p>A un costado del mercado, por la carretera que se conoce como el Boulevard de Cabo Haitiano, se ven pasar camionetas blancas con el logo azul de UN World Food Programme (WFP) -el Programa Mundial de Alimentos de la ONU-, una de las principales organizaciones internacionales en terreno que atiende la profunda crisis humanitaria que atraviesa la naci\u00f3n.<\/p>\n<p>De hecho, Hait\u00ed enfrenta una de las peores crisis de inseguridad alimentaria de <a href=\"https:\/\/www.france24.com\/es\/tag\/am\u00e9rica-latina\/\" target=\"_self\" class=\"gtm-add-suggested-tag\">Am\u00e9rica Latina<\/a> y el <a href=\"https:\/\/www.france24.com\/es\/tag\/caribe\/\" target=\"_self\" class=\"gtm-add-suggested-tag\">Caribe<\/a>:&nbsp;<a href=\"https:\/\/www.wfp.org\/news\/wfp-urges-support-protect-gains-fight-against-entrenched-food-insecurity-haiti?utm_source=chatgpt.com\" target=\"_blank\">5,8 millones de personas padecen inseguridad alimentaria aguda<\/a>, es decir, el 52 por ciento de la poblaci\u00f3n.&nbsp;Seg\u00fan la <a href=\"https:\/\/www.france24.com\/es\/tag\/onu\/\" target=\"_self\" class=\"gtm-add-suggested-tag\">ONU<\/a>, quienes m\u00e1s sufren de hambre son las mujeres, los ni\u00f1os y las familias desplazadas.&nbsp;&nbsp;<\/p>\n<div class=\"m-em-video\">\n<div class=\"o-video-player o-video-player--16x9\" data-media-video-wbmz393165-f24-es-20260522 data-show-hidden-video-player=\"WBMZ393165-F24-ES-20260522\" data-wrapper-video-player data-youtube-script>\n<div class=\"o-em-consent \" readability=\"7\">\n<div class=\"o-em-consent__content\" readability=\"34\">\n<p class=\"o-em-consent__content__text\">Para mostrar este contenido de YouTube, debe autorizar las cookies de medici\u00f3n de audiencia y publicidad.<\/p>\n<p> <button class=\"a-master-button a-master-button--dark\" data-action=\"accept\"> Aceptar <svg class=\"a-svg a-svg--icon-check\"> <use xlink:href=\"\/build\/images\/svg\/sprite.1af31c2f854b10d5fc5627a4f4fa61be.svg#icon-check\" href=\"\/build\/images\/svg\/sprite.1af31c2f854b10d5fc5627a4f4fa61be.svg#icon-check\" \/> <\/svg> <\/button> <button class=\"a-link\" data-action=\"manage\">Gestionar mis opciones <svg class=\"a-svg a-svg--icon-edit\"> <use xlink:href=\"\/build\/images\/svg\/sprite.1af31c2f854b10d5fc5627a4f4fa61be.svg#icon-edit\" href=\"\/build\/images\/svg\/sprite.1af31c2f854b10d5fc5627a4f4fa61be.svg#icon-edit\" \/> <\/svg><br \/>\n<\/button> <\/div>\n<\/div>\n<div class=\"o-em-adblock\" data-adblock-content readability=\"7\">\n<div class=\"o-em-adblock__content\" readability=\"34\">\n<p class=\"o-em-adblock__content__text\">Una extensi\u00f3n de tu navegador parece estar bloqueando la carga del reproductor de video. Para poder ver este contenido, debes desactivarla en este sitio.<\/p>\n<p> <button class=\"a-master-button a-master-button--dark\" data-action=\"reload\">Reintentar<\/button> <\/div>\n<\/div>\n<figure class=\"m-item-image m-item-image--16x9 m-item-image--has-caption\"> <picture class=\"a-picture a-picture--16x9\"><source type=\"image\/webp\" srcset=\"https:\/\/s.france24.com\/media\/display\/dbbfe1ea-0785-11f0-ab3d-005056a97e36\/w:388\/p:16x9\/AP24326533452109.webp 388w, https:\/\/s.france24.com\/media\/display\/dbbfe1ea-0785-11f0-ab3d-005056a97e36\/w:720\/p:16x9\/AP24326533452109.webp 720w, https:\/\/s.france24.com\/media\/display\/dbbfe1ea-0785-11f0-ab3d-005056a97e36\/w:1024\/p:16x9\/AP24326533452109.webp 1024w\" sizes=\"(max-width: 639px) calc(100vw - 32px), (max-width: 1076px) calc(100vw - 44px), 850px\"><img fetchpriority=\"high\" decoding=\"auto\" src=\"https:\/\/s.france24.com\/media\/display\/dbbfe1ea-0785-11f0-ab3d-005056a97e36\/w:1024\/p:16x9\/AP24326533452109.jpg\" srcset=\"https:\/\/s.france24.com\/media\/display\/dbbfe1ea-0785-11f0-ab3d-005056a97e36\/w:388\/p:16x9\/AP24326533452109.jpg 388w, https:\/\/s.france24.com\/media\/display\/dbbfe1ea-0785-11f0-ab3d-005056a97e36\/w:720\/p:16x9\/AP24326533452109.jpg 720w, https:\/\/s.france24.com\/media\/display\/dbbfe1ea-0785-11f0-ab3d-005056a97e36\/w:1024\/p:16x9\/AP24326533452109.jpg 1024w\" sizes=\"(max-width: 639px) calc(100vw - 32px), (max-width: 1076px) calc(100vw - 44px), 850px\" width=\"1024\" height=\"576\" alt=\"ARCHIVO - Los residentes pasan junto a un coche quemado que bloquea la calle mientras evacuan el barrio de Delmas 22 para escapar de la violencia de las bandas en Puerto Pr\u00edncipe, Hait\u00ed, el 2 de mayo de 2024.\" loading=\"eager\" class=\"a-img \">\n<\/picture><figcaption class=\"a-figcaption\"> Imagen de portada: ARCHIVO &#8211; Los residentes pasan junto a un coche quemado que bloquea la calle mientras evacuan el barrio de Delmas 22 para escapar de la violencia de las bandas en Puerto Pr\u00edncipe, Hait\u00ed, el 2 de mayo de 2024. AP &#8211; Ramon Espinosa <\/figcaption><\/figure>\n<\/p><\/div>\n<\/div>\n<p>En palabras de&nbsp;Wanja Kaaria,&nbsp;directora&nbsp;de&nbsp;WFP en Hait\u00ed, \u201clas necesidades siguen superando a los recursos\u201d, una situaci\u00f3n que&nbsp;ha empeorado en los \u00faltimos a\u00f1os&nbsp;por&nbsp;dos&nbsp;motivos principales: el&nbsp;<a href=\"https:\/\/www.iom.int\/es\/news\/la-crisis-de-desplazamiento-en-haiti-alcanza-un-record-de-15-millones-de-personas-en-medio-de-una-escalada-de-violencia\" target=\"_blank\">desplazamiento forzado de&nbsp;cerca&nbsp;de 1,5 millones<\/a>&nbsp;de personas, recientemente documentado por la <a href=\"https:\/\/www.france24.com\/es\/tag\/organizaci\u00f3n-internacional-para-las-migraciones\/\" target=\"_self\" class=\"gtm-add-suggested-tag\">Organizaci\u00f3n Internacional para las Migraciones<\/a> (OIM), atribuido&nbsp;a&nbsp;la violencia armada de las pandillas,&nbsp;y en otra medida,&nbsp;\u201ca&nbsp;la escasa producci\u00f3n agr\u00edcola\u201d, la cual,&nbsp;para este a\u00f1o,&nbsp;puede desplomarse debido a las intensas sequ\u00edas del <a href=\"https:\/\/www.france24.com\/es\/tag\/fen\u00f3meno-de-el-ni\u00f1o\/\" target=\"_self\" class=\"gtm-add-suggested-tag\">Fen\u00f3meno de El Ni\u00f1o<\/a>.&nbsp;&nbsp;<\/p>\n<p class=\"a-read-more\"><span class=\"a-read-more__label\">Leer tambi\u00e9n<\/span><a href=\"https:\/\/www.france24.com\/es\/programas\/el-debate\/20260423-hait\u00ed-al-borde-del-colapso-hambre-violencia-y-un-pa\u00eds-fuera-de-control\" target=\"_self\" class=\"a-read-more__link\">Hait\u00ed al borde del colapso: hambre, violencia y un pa\u00eds fuera de control<\/a><\/p>\n<h2><strong>Huir de la violencia, sobrevivir con la agricultura&nbsp;<\/strong><\/h2>\n<p>Traumatizadas por el diario vivir de&nbsp;los&nbsp;disparos,&nbsp;los&nbsp;homicidios y&nbsp;las&nbsp;extorsiones de las pandillas que controlan&nbsp;alrededor del&nbsp;<a href=\"https:\/\/www.hrw.org\/world-report\/2026\/country-chapters\/haiti?utm_source=chatgpt.com\" target=\"_blank\">90&nbsp;por ciento&nbsp;de Puerto Pr\u00edncipe&nbsp;y su \u00e1rea metropolitana<\/a>, cientos de miles de familias escogieron el noroeste de Hait\u00ed como un nuevo destino de vida para estar lo m\u00e1s&nbsp;alejadas&nbsp;posible de&nbsp;la <a href=\"https:\/\/www.france24.com\/es\/tag\/violencia\/\" target=\"_self\" class=\"gtm-add-suggested-tag\">violencia<\/a> capitalina.&nbsp;&nbsp;<\/p>\n<p>Una de las agricultoras que cambi\u00f3 de plaza de mercado fue Premise Desarmour. Cansada de las extorsiones en los retenes de los pandilleros, decidi\u00f3 trasladar su puesto de venta al poblado de Mare Rouge, a m\u00e1s de 250 kil\u00f3metros de distancia, donde actualmente vende su cosecha, eso s\u00ed, a precios casi cuatro veces menores a los que sol\u00eda vender en la capital: \u201cLo que nos obliga a vender aqu\u00ed en Mare-Rouge es el problema de la inseguridad en <a href=\"https:\/\/www.france24.com\/es\/tag\/puerto-pr\u00edncipe\/\" target=\"_self\" class=\"gtm-add-suggested-tag\">Puerto Pr\u00edncipe<\/a>. Desafortunadamente, en Puerto Pr\u00edncipe vend\u00edamos los productos a precios m\u00e1s altos y ac\u00e1 a precios m\u00e1s bajos, casi como si los estuvi\u00e9ramos regalando, porque el mercado est\u00e1 saturado\u201d.<\/p>\n<div class=\"m-em-image\">\n<figure class=\"m-item-image m-item-image--original m-item-image--has-caption\"> <picture class=\"a-picture a-picture--original\"><source type=\"image\/webp\" srcset=\"https:\/\/s.france24.com\/media\/display\/211e936a-a705-11f1-ba86-005056bf30b7\/w:246\/3-Premise-Desarmour.webp 246w, https:\/\/s.france24.com\/media\/display\/211e936a-a705-11f1-ba86-005056bf30b7\/w:388\/3-Premise-Desarmour.webp 388w, https:\/\/s.france24.com\/media\/display\/211e936a-a705-11f1-ba86-005056bf30b7\/w:720\/3-Premise-Desarmour.webp 720w, https:\/\/s.france24.com\/media\/display\/211e936a-a705-11f1-ba86-005056bf30b7\/w:980\/3-Premise-Desarmour.webp 980w\" sizes=\"(max-width: 1023px) calc(100vw - 32px), (min-width: 1024px) 850px\"><img fetchpriority=\"low\" decoding=\"async\" src=\"https:\/\/s.france24.com\/media\/display\/211e936a-a705-11f1-ba86-005056bf30b7\/w:980\/3-Premise-Desarmour.jpg\" srcset=\"https:\/\/s.france24.com\/media\/display\/211e936a-a705-11f1-ba86-005056bf30b7\/w:246\/3-Premise-Desarmour.jpg 246w, https:\/\/s.france24.com\/media\/display\/211e936a-a705-11f1-ba86-005056bf30b7\/w:388\/3-Premise-Desarmour.jpg 388w, https:\/\/s.france24.com\/media\/display\/211e936a-a705-11f1-ba86-005056bf30b7\/w:720\/3-Premise-Desarmour.jpg 720w, https:\/\/s.france24.com\/media\/display\/211e936a-a705-11f1-ba86-005056bf30b7\/w:980\/3-Premise-Desarmour.jpg 980w\" sizes=\"(max-width: 1023px) calc(100vw - 32px), (min-width: 1024px) 850px\" alt=\"Premise Desarmour, agricultora haitiana, en Mare-Rouge, Hait\u00ed, el 7 de julio de 2026,\" loading=\"lazy\" class=\"a-img \">\n<\/picture><figcaption class=\"a-figcaption\"> Premise Desarmour, agricultora haitiana, en Mare-Rouge, Hait\u00ed, el 7 de julio de 2026, \u00a9 Andr\u00e9s Su\u00e1rez Jaramillo <\/figcaption><\/figure>\n<\/p><\/div>\n<p>La baja rentabilidad de su cosecha desalienta a Premise.&nbsp;Un esfuerzo&nbsp;agr\u00edcola para&nbsp;salir de la <a href=\"https:\/\/www.france24.com\/es\/tag\/pobreza\/\" target=\"_self\" class=\"gtm-add-suggested-tag\">pobreza<\/a> que, adem\u00e1s de a ella, afecta&nbsp;tanto a su pa\u00eds. De acuerdo con el <a href=\"https:\/\/www.france24.com\/es\/tag\/banco-mundial\/\" target=\"_self\" class=\"gtm-add-suggested-tag\">Banco Mundial<\/a>, Hait\u00ed sigue siendo el pa\u00eds m\u00e1s empobrecido de la regi\u00f3n, en el que el 58,5&nbsp;por ciento&nbsp;de la poblaci\u00f3n vive bajo la l\u00ednea nacional de pobreza, con cerca de un tercio viviendo con menos de 2,15 d\u00f3lares al d\u00eda.&nbsp;&nbsp;<\/p>\n<p>Para batallar esta pobreza, el esposo de Premise prefiri\u00f3 migrar&nbsp;hace seis a\u00f1os&nbsp;de manera irregular a Estados Unidos,&nbsp;desde donde env\u00eda remesas&nbsp;cada que puede.&nbsp;Acostumbrada desde entonces a estar sola y sin red de internet en su casa,&nbsp;Premise nunca ha dejado de trabajar la tierra que a ambos les pertenece. Pero para equilibrar sus finanzas,&nbsp;adem\u00e1s de sembrar y cosechar&nbsp;alimentos, como&nbsp;el&nbsp;pl\u00e1tano verde,&nbsp;el&nbsp;coco y&nbsp;las&nbsp;hortalizas, decidi\u00f3 convertirse en t\u00e9cnica veterinaria.&nbsp;&nbsp;<\/p>\n<div class=\"m-em-image\">\n<figure class=\"m-item-image m-item-image--original m-item-image--has-caption\"> <picture class=\"a-picture a-picture--original\"><source type=\"image\/webp\" srcset=\"https:\/\/s.france24.com\/media\/display\/d85a6dd4-a704-11f1-ac4a-005056a97e36\/w:246\/1-Agricultor-Haitiano.webp 246w, https:\/\/s.france24.com\/media\/display\/d85a6dd4-a704-11f1-ac4a-005056a97e36\/w:388\/1-Agricultor-Haitiano.webp 388w, https:\/\/s.france24.com\/media\/display\/d85a6dd4-a704-11f1-ac4a-005056a97e36\/w:720\/1-Agricultor-Haitiano.webp 720w, https:\/\/s.france24.com\/media\/display\/d85a6dd4-a704-11f1-ac4a-005056a97e36\/w:980\/1-Agricultor-Haitiano.webp 980w\" sizes=\"(max-width: 1023px) calc(100vw - 32px), (min-width: 1024px) 850px\"><img fetchpriority=\"low\" decoding=\"async\" src=\"https:\/\/s.france24.com\/media\/display\/d85a6dd4-a704-11f1-ac4a-005056a97e36\/w:980\/1-Agricultor-Haitiano.jpg\" srcset=\"https:\/\/s.france24.com\/media\/display\/d85a6dd4-a704-11f1-ac4a-005056a97e36\/w:246\/1-Agricultor-Haitiano.jpg 246w, https:\/\/s.france24.com\/media\/display\/d85a6dd4-a704-11f1-ac4a-005056a97e36\/w:388\/1-Agricultor-Haitiano.jpg 388w, https:\/\/s.france24.com\/media\/display\/d85a6dd4-a704-11f1-ac4a-005056a97e36\/w:720\/1-Agricultor-Haitiano.jpg 720w, https:\/\/s.france24.com\/media\/display\/d85a6dd4-a704-11f1-ac4a-005056a97e36\/w:980\/1-Agricultor-Haitiano.jpg 980w\" sizes=\"(max-width: 1023px) calc(100vw - 32px), (min-width: 1024px) 850px\" alt=\"Agricultor haitiano en Baie-de-Henne, Hait\u00ed, el 6 de julio de 2026,\" loading=\"lazy\" class=\"a-img \">\n<\/picture><figcaption class=\"a-figcaption\"> Agricultor haitiano en Baie-de-Henne, Hait\u00ed, el 6 de julio de 2026, \u00a9 Andr\u00e9s Su\u00e1rez Jaramillo <\/figcaption><\/figure>\n<\/p><\/div>\n<p>Su&nbsp;objetivo fue el de aminorar&nbsp;la muerte prematura de las cabras, los animales&nbsp;que&nbsp;pululan en&nbsp;todos los poblados&nbsp;haitianos, tanto rurales como urbanos.&nbsp;Se trata de&nbsp;una de las principales&nbsp;prote\u00ednas&nbsp;en la dieta&nbsp;de la naci\u00f3n caribe\u00f1a.&nbsp;&nbsp;<\/p>\n<p>Sin embargo, Premise no ten\u00eda con qu\u00e9 pagar una formaci\u00f3n de este tipo, por lo que se uni\u00f3 a la capacitaci\u00f3n que en&nbsp;Cabo Haitiano ofreci\u00f3&nbsp;la ONG&nbsp;<a href=\"https:\/\/www-heifer-org.translate.goog\/about-us?_x_tr_sl=en&amp;_x_tr_tl=es&amp;_x_tr_hl=es&amp;_x_tr_pto=tc\" target=\"_blank\">Heifer&nbsp;International<\/a>,&nbsp;otra&nbsp;de las&nbsp;tantas&nbsp;organizaciones&nbsp;humanitarias&nbsp;que&nbsp;apoyan a las agricultoras para combatir el hambre.&nbsp;&nbsp;<\/p>\n<p>Actualmente, Premise visita a&nbsp;los&nbsp;propietarios de cabras&nbsp;en su comunidad&nbsp;que presentan problemas de salud.&nbsp;En una de sus consultas, una de sus vecinas le llev\u00f3 una cabra inapetente. Frente al animal, Premise se agach\u00f3 para&nbsp;inspeccionarle&nbsp;sus&nbsp;membranas mucosas,&nbsp;en donde&nbsp;determin\u00f3&nbsp;un posible&nbsp;cuadro de anemia.&nbsp;&nbsp;<\/p>\n<div class=\"m-em-video\">\n<div class=\"o-video-player o-video-player--16x9\" data-media-video-wbmz416143-f24-es-20260828 data-show-hidden-video-player=\"WBMZ416143-F24-ES-20260828\" data-wrapper-video-player data-youtube-script>\n<div class=\"o-em-consent \" readability=\"7\">\n<div class=\"o-em-consent__content\" readability=\"34\">\n<p class=\"o-em-consent__content__text\">Para mostrar este contenido de YouTube, debe autorizar las cookies de medici\u00f3n de audiencia y publicidad.<\/p>\n<p> <button class=\"a-master-button a-master-button--dark\" data-action=\"accept\"> Aceptar <svg class=\"a-svg a-svg--icon-check\"> <use xlink:href=\"\/build\/images\/svg\/sprite.1af31c2f854b10d5fc5627a4f4fa61be.svg#icon-check\" href=\"\/build\/images\/svg\/sprite.1af31c2f854b10d5fc5627a4f4fa61be.svg#icon-check\" \/> <\/svg> <\/button> <button class=\"a-link\" data-action=\"manage\">Gestionar mis opciones <svg class=\"a-svg a-svg--icon-edit\"> <use xlink:href=\"\/build\/images\/svg\/sprite.1af31c2f854b10d5fc5627a4f4fa61be.svg#icon-edit\" href=\"\/build\/images\/svg\/sprite.1af31c2f854b10d5fc5627a4f4fa61be.svg#icon-edit\" \/> <\/svg><br \/>\n<\/button> <\/div>\n<\/div>\n<div class=\"o-em-adblock\" data-adblock-content readability=\"7\">\n<div class=\"o-em-adblock__content\" readability=\"34\">\n<p class=\"o-em-adblock__content__text\">Una extensi\u00f3n de tu navegador parece estar bloqueando la carga del reproductor de video. Para poder ver este contenido, debes desactivarla en este sitio.<\/p>\n<p> <button class=\"a-master-button a-master-button--dark\" data-action=\"reload\">Reintentar<\/button> <\/div>\n<\/div>\n<figure class=\"m-item-image m-item-image--16x9 m-item-image--has-caption\"> <picture class=\"a-picture a-picture--16x9\"><source type=\"image\/webp\" srcset=\"https:\/\/s.france24.com\/media\/display\/ec16ee3e-8043-11f1-9120-005056bfb2b6\/w:388\/p:16x9\/capture-352286096a5774ef458269-78874600.webp 388w, https:\/\/s.france24.com\/media\/display\/ec16ee3e-8043-11f1-9120-005056bfb2b6\/w:720\/p:16x9\/capture-352286096a5774ef458269-78874600.webp 720w, https:\/\/s.france24.com\/media\/display\/ec16ee3e-8043-11f1-9120-005056bfb2b6\/w:1024\/p:16x9\/capture-352286096a5774ef458269-78874600.webp 1024w\" sizes=\"(max-width: 639px) calc(100vw - 32px), (max-width: 1076px) calc(100vw - 44px), 850px\"><img fetchpriority=\"high\" decoding=\"auto\" src=\"https:\/\/s.france24.com\/media\/display\/ec16ee3e-8043-11f1-9120-005056bfb2b6\/w:1024\/p:16x9\/capture-352286096a5774ef458269-78874600.jpg\" srcset=\"https:\/\/s.france24.com\/media\/display\/ec16ee3e-8043-11f1-9120-005056bfb2b6\/w:388\/p:16x9\/capture-352286096a5774ef458269-78874600.jpg 388w, https:\/\/s.france24.com\/media\/display\/ec16ee3e-8043-11f1-9120-005056bfb2b6\/w:720\/p:16x9\/capture-352286096a5774ef458269-78874600.jpg 720w, https:\/\/s.france24.com\/media\/display\/ec16ee3e-8043-11f1-9120-005056bfb2b6\/w:1024\/p:16x9\/capture-352286096a5774ef458269-78874600.jpg 1024w\" sizes=\"(max-width: 639px) calc(100vw - 32px), (max-width: 1076px) calc(100vw - 44px), 850px\" width=\"1024\" height=\"576\" alt=\"Focus en Ha\u00efti\" loading=\"eager\" class=\"a-img \">\n<\/picture><figcaption class=\"a-figcaption\"> Imagen de portada: Focus en Ha\u00efti \u00a9 France 24 <\/figcaption><\/figure>\n<\/p><\/div>\n<\/div>\n<p>Bajo el sol fulgurante de Baie-de-Henne, Premise sac\u00f3&nbsp;de su bolso una inyecci\u00f3n desechable y un frasco&nbsp;de&nbsp;complejo vitamina B,&nbsp;con el cual&nbsp;estimul\u00f3&nbsp;al animal. Le inyect\u00f3 el l\u00edquido&nbsp;naranja&nbsp;sobre su lomo: \u201cLe ped\u00ed a la se\u00f1ora que me traiga la cabra de vuelta en algunos d\u00edas para que pueda monitorear su progreso y evaluar qu\u00e9 tan bien&nbsp;est\u00e1 respondiendo al tratamiento\u201d.&nbsp;&nbsp;<\/p>\n<p>Premise asegura que&nbsp;actualmente \u201chay menos animales que mueren en esta zona. Y los animales que antes ten\u00edan dificultades para reproducirse, ahora est\u00e1n teniendo m\u00e1s cr\u00edas y hay mayor producci\u00f3n\u201d.&nbsp;&nbsp;<\/p>\n<p>Por cuenta de la consulta, Premise le cobr\u00f3 4 d\u00f3lares a su vecina, 2 para los medicamentos y 2 para ella.&nbsp;Una forma de compensar las bajas ventas de su cosecha de alimentos,&nbsp;en el marco del&nbsp;<a href=\"https:\/\/www.cpc.ncep.noaa.gov\/products\/international\/FEWS_REPORT\/Haiti\/Current.pdf?utm_source=chatgpt.com\" target=\"_blank\">Fen\u00f3meno de El Ni\u00f1o&nbsp;de 2026-2027.<\/a>&nbsp;&nbsp;<\/p>\n<p class=\"a-read-more\"><span class=\"a-read-more__label\">Leer tambi\u00e9n<\/span><a href=\"https:\/\/www.france24.com\/es\/programas\/econom\u00eda\/20250617-en-hait\u00ed-y-otras-12-zonas-el-hambre-extrema-se-est\u00e1-intensificando-onu\" target=\"_self\" class=\"a-read-more__link\">En Hait\u00ed y otras 12 zonas el hambre extrema se est\u00e1 intensificando: ONU<\/a><\/p>\n<h2><strong>La amenaza que llega con la sequ\u00eda&nbsp;de El Ni\u00f1o&nbsp;<\/strong><\/h2>\n<p>Entre los vecinos de Premise se cuentan Palmy Igles y&nbsp;Th\u00e9r\u00e8se Augustin, ambos por encima de los 60 a\u00f1os.&nbsp;En el caso de Palmy, sus cultivos de pl\u00e1tanos est\u00e1n requiriendo por estas fechas un riego constante de agua, al menos cada dos o tres d\u00edas: \u201cCuando&nbsp;llueve, no tenemos&nbsp;por&nbsp;qu\u00e9&nbsp;preocuparnos&nbsp;de&nbsp;regar los cultivos. Incluso si no llueve cada d\u00eda,&nbsp;el suelo permanece h\u00famedo y podemos esperar hasta dos semanas antes de irrigarlo nuevamente. Pero en la temporada seca, si no lo regamos, podemos perder toda la cosecha\u201d, afirma Palmy.&nbsp;&nbsp;<\/p>\n<p>Con el pron\u00f3stico de que El Ni\u00f1o podr\u00eda extender los per\u00edodos de sequ\u00edas en los pa\u00edses de Am\u00e9rica Latina y el Caribe&nbsp;hasta marzo de 2027, las naciones mayormente vulnerables a estos cambios clim\u00e1ticos son las m\u00e1s propensas a sufrir devastadoras consecuencias. En Hait\u00ed, el temor se acrecienta cuando&nbsp;en el noroeste del pa\u00eds se sufre de por s\u00ed de suelos des\u00e9rticos y erosionados.&nbsp;&nbsp;<\/p>\n<div class=\"m-em-video\">\n<div class=\"o-video-player o-video-player--16x9\" data-media-video-wbmz416893-f24-es-20260901 data-show-hidden-video-player=\"WBMZ416893-F24-ES-20260901\" data-wrapper-video-player data-youtube-script>\n<div class=\"o-em-consent \" readability=\"7\">\n<div class=\"o-em-consent__content\" readability=\"34\">\n<p class=\"o-em-consent__content__text\">Para mostrar este contenido de YouTube, debe autorizar las cookies de medici\u00f3n de audiencia y publicidad.<\/p>\n<p> <button class=\"a-master-button a-master-button--dark\" data-action=\"accept\"> Aceptar <svg class=\"a-svg a-svg--icon-check\"> <use xlink:href=\"\/build\/images\/svg\/sprite.1af31c2f854b10d5fc5627a4f4fa61be.svg#icon-check\" href=\"\/build\/images\/svg\/sprite.1af31c2f854b10d5fc5627a4f4fa61be.svg#icon-check\" \/> <\/svg> <\/button> <button class=\"a-link\" data-action=\"manage\">Gestionar mis opciones <svg class=\"a-svg a-svg--icon-edit\"> <use xlink:href=\"\/build\/images\/svg\/sprite.1af31c2f854b10d5fc5627a4f4fa61be.svg#icon-edit\" href=\"\/build\/images\/svg\/sprite.1af31c2f854b10d5fc5627a4f4fa61be.svg#icon-edit\" \/> <\/svg><br \/>\n<\/button> <\/div>\n<\/div>\n<div class=\"o-em-adblock\" data-adblock-content readability=\"7\">\n<div class=\"o-em-adblock__content\" readability=\"34\">\n<p class=\"o-em-adblock__content__text\">Una extensi\u00f3n de tu navegador parece estar bloqueando la carga del reproductor de video. Para poder ver este contenido, debes desactivarla en este sitio.<\/p>\n<p> <button class=\"a-master-button a-master-button--dark\" data-action=\"reload\">Reintentar<\/button> <\/div>\n<\/div>\n<figure class=\"m-item-image m-item-image--16x9 m-item-image--has-caption\"> <picture class=\"a-picture a-picture--16x9\"><source type=\"image\/webp\" srcset=\"https:\/\/s.france24.com\/media\/display\/eb8a67c4-8bb1-11f1-8246-005056a97e36\/w:388\/p:16x9\/ES-20260729-191527-191735-CS.webp 388w, https:\/\/s.france24.com\/media\/display\/eb8a67c4-8bb1-11f1-8246-005056a97e36\/w:720\/p:16x9\/ES-20260729-191527-191735-CS.webp 720w, https:\/\/s.france24.com\/media\/display\/eb8a67c4-8bb1-11f1-8246-005056a97e36\/w:1024\/p:16x9\/ES-20260729-191527-191735-CS.webp 1024w\" sizes=\"(max-width: 639px) calc(100vw - 32px), (max-width: 1076px) calc(100vw - 44px), 850px\"><img fetchpriority=\"high\" decoding=\"auto\" src=\"https:\/\/s.france24.com\/media\/display\/eb8a67c4-8bb1-11f1-8246-005056a97e36\/w:1024\/p:16x9\/ES-20260729-191527-191735-CS.jpg\" srcset=\"https:\/\/s.france24.com\/media\/display\/eb8a67c4-8bb1-11f1-8246-005056a97e36\/w:388\/p:16x9\/ES-20260729-191527-191735-CS.jpg 388w, https:\/\/s.france24.com\/media\/display\/eb8a67c4-8bb1-11f1-8246-005056a97e36\/w:720\/p:16x9\/ES-20260729-191527-191735-CS.jpg 720w, https:\/\/s.france24.com\/media\/display\/eb8a67c4-8bb1-11f1-8246-005056a97e36\/w:1024\/p:16x9\/ES-20260729-191527-191735-CS.jpg 1024w\" sizes=\"(max-width: 639px) calc(100vw - 32px), (max-width: 1076px) calc(100vw - 44px), 850px\" width=\"1024\" height=\"576\" alt loading=\"eager\" class=\"a-img \">\n<\/picture><figcaption class=\"a-figcaption\"> Imagen de portada: \u00a9 France 24 <\/figcaption><\/figure>\n<\/p><\/div>\n<\/div>\n<p>En el caso de&nbsp;Th\u00e9r\u00e8se Augustin, sus \u00e1rboles frutales estar\u00edan en serios problemas de no contar con el apoyo h\u00eddrico de un sistema de riego que fue financiado por la ONG&nbsp;Heifer, desde varios a\u00f1os atr\u00e1s.&nbsp;Se trata de una red de tuber\u00edas instalada con apoyo de Heifer que lleva agua para consumo, irrigaci\u00f3n y ganado a comunidades de Baie de Henne.&nbsp;La infraestructura beneficia a esas comunidades; el problema es que la necesidad de agua agr\u00edcola en Hait\u00ed es mucho mayor.&nbsp;<\/p>\n<p>Frente a un \u00e1rbol de papaya,&nbsp;Th\u00e9r\u00e8se&nbsp;enfila su machete para surcar un canal de tierra, mientras su ayudante conecta los tubos para que el agua recolectada en un dep\u00f3sito irrigue las ra\u00edces:&nbsp;\u201cEste sistema de agua ha sido una bendici\u00f3n para nosotros.&nbsp;Antes de que lo construyeran, ten\u00edamos que caminar much\u00edsimo para ir a buscar agua. Nos&nbsp;tocaba recoger agua de peque\u00f1os manantiales, ayud\u00e1ndonos de hojas para canalizar el lento goteo en nuestros baldes\u201d, dice Th\u00e9r\u00e8se.&nbsp;&nbsp;<\/p>\n<div class=\"m-em-image\">\n<figure class=\"m-item-image m-item-image--original m-item-image--has-caption\"> <picture class=\"a-picture a-picture--original\"><source type=\"image\/webp\" srcset=\"https:\/\/s.france24.com\/media\/display\/617f955c-a706-11f1-81a6-005056bf30b7\/w:246\/4-Palmy-Eglis.webp 246w, https:\/\/s.france24.com\/media\/display\/617f955c-a706-11f1-81a6-005056bf30b7\/w:388\/4-Palmy-Eglis.webp 388w, https:\/\/s.france24.com\/media\/display\/617f955c-a706-11f1-81a6-005056bf30b7\/w:720\/4-Palmy-Eglis.webp 720w, https:\/\/s.france24.com\/media\/display\/617f955c-a706-11f1-81a6-005056bf30b7\/w:980\/4-Palmy-Eglis.webp 980w\" sizes=\"(max-width: 1023px) calc(100vw - 32px), (min-width: 1024px) 850px\"><img fetchpriority=\"low\" decoding=\"async\" src=\"https:\/\/s.france24.com\/media\/display\/617f955c-a706-11f1-81a6-005056bf30b7\/w:980\/4-Palmy-Eglis.jpg\" srcset=\"https:\/\/s.france24.com\/media\/display\/617f955c-a706-11f1-81a6-005056bf30b7\/w:246\/4-Palmy-Eglis.jpg 246w, https:\/\/s.france24.com\/media\/display\/617f955c-a706-11f1-81a6-005056bf30b7\/w:388\/4-Palmy-Eglis.jpg 388w, https:\/\/s.france24.com\/media\/display\/617f955c-a706-11f1-81a6-005056bf30b7\/w:720\/4-Palmy-Eglis.jpg 720w, https:\/\/s.france24.com\/media\/display\/617f955c-a706-11f1-81a6-005056bf30b7\/w:980\/4-Palmy-Eglis.jpg 980w\" sizes=\"(max-width: 1023px) calc(100vw - 32px), (min-width: 1024px) 850px\" alt=\"Palmy Eglis, agricultor haitiano, Baie-de-Henne, Hait\u00ed, el 8 de julio de 2026,\" loading=\"lazy\" class=\"a-img \">\n<\/picture><figcaption class=\"a-figcaption\"> Palmy Eglis, agricultor haitiano, Baie-de-Henne, Hait\u00ed, el 8 de julio de 2026, \u00a9 Andr\u00e9s Su\u00e1rez Jaramillo <\/figcaption><\/figure>\n<\/p><\/div>\n<p>Ahora, con la reducci\u00f3n de las lluvias por El Ni\u00f1o, los agricultores del noroeste haitiano como Premise, Palmy y Th\u00e9r\u00e8se temen que sus cosechas se echen a perder en cuesti\u00f3n de meses y que la falta de alimentos y agua agrave tambi\u00e9n la situaci\u00f3n de sus animales.&nbsp;<\/p>\n<p>En un pa\u00eds donde millones de personas ya enfrentan inseguridad alimentaria, los agricultores haitianos no solo dependen de la ayuda que llega de Naciones Unidas y de las organizaciones humanitarias que apoyan al sector agr\u00edcola. Tambi\u00e9n esperan que el pr\u00f3ximo gobierno,&nbsp;cuyo proceso de elecci\u00f3n se espera que inicie en diciembre,&nbsp;tras m\u00e1s de una d\u00e9cada de inestabilidad pol\u00edtica, pueda recuperar la seguridad de las&nbsp;comunidades, contener la violencia de las <a href=\"https:\/\/www.france24.com\/es\/tag\/pandillas\/\" target=\"_self\" class=\"gtm-add-suggested-tag\">pandillas<\/a> y responder a las necesidades de una poblaci\u00f3n golpeada por el desplazamiento, el hambre y la pobreza.&nbsp;<\/p>\n<p class=\"a-read-more\"><span class=\"a-read-more__label\">Leer tambi\u00e9n<\/span><a href=\"https:\/\/www.france24.com\/es\/video\/20260730-fen\u00f3meno-de-el-ni\u00f1o-amenaza-cultivos-en-localidades-secas-de-hait\u00ed\" target=\"_self\" class=\"a-read-more__link\">Fen\u00f3meno de El Ni\u00f1o amenaza cultivos en localidades secas de Hait\u00ed<\/a><\/p>\n","protected":false},"excerpt":{"rendered":"<p>Tan solo con salir del Aeropuerto Hugo&#46;&#46;&#46;<\/p>\n","protected":false},"author":1,"featured_media":410294,"comment_status":"closed","ping_status":"closed","sticky":false,"template":"","format":"standard","meta":{"_jetpack_newsletter_access":"","_jetpack_dont_email_post_to_subs":false,"_jetpack_newsletter_tier_id":0,"_jetpack_memberships_contains_paywalled_content":false,"_jetpack_feature_clip_id":0,"_jetpack_memberships_contains_paid_content":false,"footnotes":"","jetpack_publicize_message":"","jetpack_publicize_feature_enabled":true,"jetpack_social_post_already_shared":true,"jetpack_social_options":{"image_generator_settings":{"template":"highway","default_image_id":0,"font":"","enabled":false},"version":2},"jetpack_post_was_ever_published":false},"categories":[43],"tags":[],"class_list":["post-410293","post","type-post","status-publish","format-standard","has-post-thumbnail","hentry","category-internacionales"],"yoast_head":"<!-- This site is optimized with the Yoast SEO plugin v28.1 - https:\/\/yoast.com\/product\/yoast-seo-wordpress\/ -->\n<title>Desde el terreno: Hait\u00ed, entre el hambre, la violencia y la amenaza de la sequ\u00eda - Sarmiento24h<\/title>\n<meta name=\"robots\" content=\"index, follow, max-snippet:-1, max-image-preview:large, max-video-preview:-1\" \/>\n<link rel=\"canonical\" href=\"https:\/\/sarmiento24h.com\/?p=410293\" \/>\n<meta property=\"og:locale\" content=\"es_ES\" \/>\n<meta property=\"og:type\" content=\"article\" \/>\n<meta property=\"og:title\" content=\"Desde el terreno: Hait\u00ed, entre el hambre, la violencia y la amenaza de la sequ\u00eda - Sarmiento24h\" \/>\n<meta property=\"og:description\" content=\"Tan solo con salir del Aeropuerto Hugo&#046;&#046;&#046;\" \/>\n<meta property=\"og:url\" content=\"https:\/\/sarmiento24h.com\/?p=410293\" \/>\n<meta property=\"og:site_name\" content=\"Sarmiento24h\" \/>\n<meta property=\"article:publisher\" content=\"https:\/\/facebook.com\/s24hnoticias\" \/>\n<meta property=\"article:published_time\" content=\"2026-09-02T20:27:08+00:00\" \/>\n<meta property=\"og:image\" content=\"https:\/\/s.france24.com\/media\/display\/6dddd292-a63d-11f1-9fd8-005056bf30b7\/w:980\/8022056942001w.jpg\" \/>\n<meta name=\"author\" content=\"sarmiento24h@gmail.com\" \/>\n<meta name=\"twitter:card\" content=\"summary_large_image\" \/>\n<meta name=\"twitter:creator\" content=\"@sarmiento24h\" \/>\n<meta name=\"twitter:site\" content=\"@sarmiento24h\" \/>\n<meta name=\"twitter:label1\" content=\"Escrito por\" \/>\n\t<meta name=\"twitter:data1\" content=\"sarmiento24h@gmail.com\" \/>\n\t<meta name=\"twitter:label2\" content=\"Tiempo de lectura\" \/>\n\t<meta name=\"twitter:data2\" content=\"10 minutos\" \/>\n<script type=\"application\/ld+json\" class=\"yoast-schema-graph\">{\"@context\":\"https:\\\/\\\/schema.org\",\"@graph\":[{\"@type\":\"Article\",\"@id\":\"https:\\\/\\\/sarmiento24h.com\\\/?p=410293#article\",\"isPartOf\":{\"@id\":\"https:\\\/\\\/sarmiento24h.com\\\/?p=410293\"},\"author\":{\"name\":\"sarmiento24h@gmail.com\",\"@id\":\"https:\\\/\\\/sarmiento24h.com\\\/#\\\/schema\\\/person\\\/d653a59725ad629a7e0429af7b939d4d\"},\"headline\":\"Desde el terreno: Hait\u00ed, entre el hambre, la violencia y la amenaza de la sequ\u00eda\",\"datePublished\":\"2026-09-02T20:27:08+00:00\",\"mainEntityOfPage\":{\"@id\":\"https:\\\/\\\/sarmiento24h.com\\\/?p=410293\"},\"wordCount\":1977,\"publisher\":{\"@id\":\"https:\\\/\\\/sarmiento24h.com\\\/#organization\"},\"image\":{\"@id\":\"https:\\\/\\\/sarmiento24h.com\\\/?p=410293#primaryimage\"},\"thumbnailUrl\":\"https:\\\/\\\/sarmiento24h.com\\\/wp-content\\\/uploads\\\/2026\\\/09\\\/desde-el-terreno-haiti-entre-el-hambre-la-violencia-y-la-amenaza-de-la-sequia.jpg\",\"articleSection\":[\"Internacionales\"],\"inLanguage\":\"es\"},{\"@type\":\"WebPage\",\"@id\":\"https:\\\/\\\/sarmiento24h.com\\\/?p=410293\",\"url\":\"https:\\\/\\\/sarmiento24h.com\\\/?p=410293\",\"name\":\"Desde el terreno: Hait\u00ed, entre el hambre, la violencia y la amenaza de la sequ\u00eda - Sarmiento24h\",\"isPartOf\":{\"@id\":\"https:\\\/\\\/sarmiento24h.com\\\/#website\"},\"primaryImageOfPage\":{\"@id\":\"https:\\\/\\\/sarmiento24h.com\\\/?p=410293#primaryimage\"},\"image\":{\"@id\":\"https:\\\/\\\/sarmiento24h.com\\\/?p=410293#primaryimage\"},\"thumbnailUrl\":\"https:\\\/\\\/sarmiento24h.com\\\/wp-content\\\/uploads\\\/2026\\\/09\\\/desde-el-terreno-haiti-entre-el-hambre-la-violencia-y-la-amenaza-de-la-sequia.jpg\",\"datePublished\":\"2026-09-02T20:27:08+00:00\",\"breadcrumb\":{\"@id\":\"https:\\\/\\\/sarmiento24h.com\\\/?p=410293#breadcrumb\"},\"inLanguage\":\"es\",\"potentialAction\":[{\"@type\":\"ReadAction\",\"target\":[\"https:\\\/\\\/sarmiento24h.com\\\/?p=410293\"]}]},{\"@type\":\"ImageObject\",\"inLanguage\":\"es\",\"@id\":\"https:\\\/\\\/sarmiento24h.com\\\/?p=410293#primaryimage\",\"url\":\"https:\\\/\\\/sarmiento24h.com\\\/wp-content\\\/uploads\\\/2026\\\/09\\\/desde-el-terreno-haiti-entre-el-hambre-la-violencia-y-la-amenaza-de-la-sequia.jpg\",\"contentUrl\":\"https:\\\/\\\/sarmiento24h.com\\\/wp-content\\\/uploads\\\/2026\\\/09\\\/desde-el-terreno-haiti-entre-el-hambre-la-violencia-y-la-amenaza-de-la-sequia.jpg\",\"width\":980,\"height\":653},{\"@type\":\"BreadcrumbList\",\"@id\":\"https:\\\/\\\/sarmiento24h.com\\\/?p=410293#breadcrumb\",\"itemListElement\":[{\"@type\":\"ListItem\",\"position\":1,\"name\":\"Home\",\"item\":\"https:\\\/\\\/sarmiento24h.com\\\/\"},{\"@type\":\"ListItem\",\"position\":2,\"name\":\"Desde el terreno: Hait\u00ed, entre el hambre, la violencia y la amenaza de la sequ\u00eda\"}]},{\"@type\":\"WebSite\",\"@id\":\"https:\\\/\\\/sarmiento24h.com\\\/#website\",\"url\":\"https:\\\/\\\/sarmiento24h.com\\\/\",\"name\":\"Sarmiento24h\",\"description\":\"\",\"publisher\":{\"@id\":\"https:\\\/\\\/sarmiento24h.com\\\/#organization\"},\"potentialAction\":[{\"@type\":\"SearchAction\",\"target\":{\"@type\":\"EntryPoint\",\"urlTemplate\":\"https:\\\/\\\/sarmiento24h.com\\\/?s={search_term_string}\"},\"query-input\":{\"@type\":\"PropertyValueSpecification\",\"valueRequired\":true,\"valueName\":\"search_term_string\"}}],\"inLanguage\":\"es\"},{\"@type\":\"Organization\",\"@id\":\"https:\\\/\\\/sarmiento24h.com\\\/#organization\",\"name\":\"Sarmiento24h\",\"url\":\"https:\\\/\\\/sarmiento24h.com\\\/\",\"logo\":{\"@type\":\"ImageObject\",\"inLanguage\":\"es\",\"@id\":\"https:\\\/\\\/sarmiento24h.com\\\/#\\\/schema\\\/logo\\\/image\\\/\",\"url\":\"https:\\\/\\\/sarmiento24h.com\\\/wp-content\\\/uploads\\\/2025\\\/12\\\/AddText_12-16-10.30.52.jpg\",\"contentUrl\":\"https:\\\/\\\/sarmiento24h.com\\\/wp-content\\\/uploads\\\/2025\\\/12\\\/AddText_12-16-10.30.52.jpg\",\"width\":1220,\"height\":324,\"caption\":\"Sarmiento24h\"},\"image\":{\"@id\":\"https:\\\/\\\/sarmiento24h.com\\\/#\\\/schema\\\/logo\\\/image\\\/\"},\"sameAs\":[\"https:\\\/\\\/facebook.com\\\/s24hnoticias\",\"https:\\\/\\\/x.com\\\/sarmiento24h\"]},{\"@type\":\"Person\",\"@id\":\"https:\\\/\\\/sarmiento24h.com\\\/#\\\/schema\\\/person\\\/d653a59725ad629a7e0429af7b939d4d\",\"name\":\"sarmiento24h@gmail.com\",\"image\":{\"@type\":\"ImageObject\",\"inLanguage\":\"es\",\"@id\":\"https:\\\/\\\/sarmiento24h.com\\\/wp-content\\\/litespeed\\\/avatar\\\/d02cbc4e23c747e6659cd45907173c8f.jpg?ver=1788047690\",\"url\":\"https:\\\/\\\/sarmiento24h.com\\\/wp-content\\\/litespeed\\\/avatar\\\/d02cbc4e23c747e6659cd45907173c8f.jpg?ver=1788047690\",\"contentUrl\":\"https:\\\/\\\/sarmiento24h.com\\\/wp-content\\\/litespeed\\\/avatar\\\/d02cbc4e23c747e6659cd45907173c8f.jpg?ver=1788047690\",\"caption\":\"sarmiento24h@gmail.com\"},\"sameAs\":[\"https:\\\/\\\/sarmiento24h.com\"],\"url\":\"https:\\\/\\\/sarmiento24h.com\\\/?author=1\"}]}<\/script>\n<!-- \/ Yoast SEO plugin. -->","yoast_head_json":{"title":"Desde el terreno: Hait\u00ed, entre el hambre, la violencia y la amenaza de la sequ\u00eda - Sarmiento24h","robots":{"index":"index","follow":"follow","max-snippet":"max-snippet:-1","max-image-preview":"max-image-preview:large","max-video-preview":"max-video-preview:-1"},"canonical":"https:\/\/sarmiento24h.com\/?p=410293","og_locale":"es_ES","og_type":"article","og_title":"Desde el terreno: Hait\u00ed, entre el hambre, la violencia y la amenaza de la sequ\u00eda - Sarmiento24h","og_description":"Tan solo con salir del Aeropuerto Hugo&#46;&#46;&#46;","og_url":"https:\/\/sarmiento24h.com\/?p=410293","og_site_name":"Sarmiento24h","article_publisher":"https:\/\/facebook.com\/s24hnoticias","article_published_time":"2026-09-02T20:27:08+00:00","og_image":[{"url":"https:\/\/s.france24.com\/media\/display\/6dddd292-a63d-11f1-9fd8-005056bf30b7\/w:980\/8022056942001w.jpg","type":"","width":"","height":""}],"author":"sarmiento24h@gmail.com","twitter_card":"summary_large_image","twitter_creator":"@sarmiento24h","twitter_site":"@sarmiento24h","twitter_misc":{"Escrito por":"sarmiento24h@gmail.com","Tiempo de lectura":"10 minutos"},"schema":{"@context":"https:\/\/schema.org","@graph":[{"@type":"Article","@id":"https:\/\/sarmiento24h.com\/?p=410293#article","isPartOf":{"@id":"https:\/\/sarmiento24h.com\/?p=410293"},"author":{"name":"sarmiento24h@gmail.com","@id":"https:\/\/sarmiento24h.com\/#\/schema\/person\/d653a59725ad629a7e0429af7b939d4d"},"headline":"Desde el terreno: Hait\u00ed, entre el hambre, la violencia y la amenaza de la sequ\u00eda","datePublished":"2026-09-02T20:27:08+00:00","mainEntityOfPage":{"@id":"https:\/\/sarmiento24h.com\/?p=410293"},"wordCount":1977,"publisher":{"@id":"https:\/\/sarmiento24h.com\/#organization"},"image":{"@id":"https:\/\/sarmiento24h.com\/?p=410293#primaryimage"},"thumbnailUrl":"https:\/\/sarmiento24h.com\/wp-content\/uploads\/2026\/09\/desde-el-terreno-haiti-entre-el-hambre-la-violencia-y-la-amenaza-de-la-sequia.jpg","articleSection":["Internacionales"],"inLanguage":"es"},{"@type":"WebPage","@id":"https:\/\/sarmiento24h.com\/?p=410293","url":"https:\/\/sarmiento24h.com\/?p=410293","name":"Desde el terreno: Hait\u00ed, entre el hambre, la violencia y la amenaza de la sequ\u00eda - Sarmiento24h","isPartOf":{"@id":"https:\/\/sarmiento24h.com\/#website"},"primaryImageOfPage":{"@id":"https:\/\/sarmiento24h.com\/?p=410293#primaryimage"},"image":{"@id":"https:\/\/sarmiento24h.com\/?p=410293#primaryimage"},"thumbnailUrl":"https:\/\/sarmiento24h.com\/wp-content\/uploads\/2026\/09\/desde-el-terreno-haiti-entre-el-hambre-la-violencia-y-la-amenaza-de-la-sequia.jpg","datePublished":"2026-09-02T20:27:08+00:00","breadcrumb":{"@id":"https:\/\/sarmiento24h.com\/?p=410293#breadcrumb"},"inLanguage":"es","potentialAction":[{"@type":"ReadAction","target":["https:\/\/sarmiento24h.com\/?p=410293"]}]},{"@type":"ImageObject","inLanguage":"es","@id":"https:\/\/sarmiento24h.com\/?p=410293#primaryimage","url":"https:\/\/sarmiento24h.com\/wp-content\/uploads\/2026\/09\/desde-el-terreno-haiti-entre-el-hambre-la-violencia-y-la-amenaza-de-la-sequia.jpg","contentUrl":"https:\/\/sarmiento24h.com\/wp-content\/uploads\/2026\/09\/desde-el-terreno-haiti-entre-el-hambre-la-violencia-y-la-amenaza-de-la-sequia.jpg","width":980,"height":653},{"@type":"BreadcrumbList","@id":"https:\/\/sarmiento24h.com\/?p=410293#breadcrumb","itemListElement":[{"@type":"ListItem","position":1,"name":"Home","item":"https:\/\/sarmiento24h.com\/"},{"@type":"ListItem","position":2,"name":"Desde el terreno: Hait\u00ed, entre el hambre, la violencia y la amenaza de la sequ\u00eda"}]},{"@type":"WebSite","@id":"https:\/\/sarmiento24h.com\/#website","url":"https:\/\/sarmiento24h.com\/","name":"Sarmiento24h","description":"","publisher":{"@id":"https:\/\/sarmiento24h.com\/#organization"},"potentialAction":[{"@type":"SearchAction","target":{"@type":"EntryPoint","urlTemplate":"https:\/\/sarmiento24h.com\/?s={search_term_string}"},"query-input":{"@type":"PropertyValueSpecification","valueRequired":true,"valueName":"search_term_string"}}],"inLanguage":"es"},{"@type":"Organization","@id":"https:\/\/sarmiento24h.com\/#organization","name":"Sarmiento24h","url":"https:\/\/sarmiento24h.com\/","logo":{"@type":"ImageObject","inLanguage":"es","@id":"https:\/\/sarmiento24h.com\/#\/schema\/logo\/image\/","url":"https:\/\/sarmiento24h.com\/wp-content\/uploads\/2025\/12\/AddText_12-16-10.30.52.jpg","contentUrl":"https:\/\/sarmiento24h.com\/wp-content\/uploads\/2025\/12\/AddText_12-16-10.30.52.jpg","width":1220,"height":324,"caption":"Sarmiento24h"},"image":{"@id":"https:\/\/sarmiento24h.com\/#\/schema\/logo\/image\/"},"sameAs":["https:\/\/facebook.com\/s24hnoticias","https:\/\/x.com\/sarmiento24h"]},{"@type":"Person","@id":"https:\/\/sarmiento24h.com\/#\/schema\/person\/d653a59725ad629a7e0429af7b939d4d","name":"sarmiento24h@gmail.com","image":{"@type":"ImageObject","inLanguage":"es","@id":"https:\/\/sarmiento24h.com\/wp-content\/litespeed\/avatar\/d02cbc4e23c747e6659cd45907173c8f.jpg?ver=1788047690","url":"https:\/\/sarmiento24h.com\/wp-content\/litespeed\/avatar\/d02cbc4e23c747e6659cd45907173c8f.jpg?ver=1788047690","contentUrl":"https:\/\/sarmiento24h.com\/wp-content\/litespeed\/avatar\/d02cbc4e23c747e6659cd45907173c8f.jpg?ver=1788047690","caption":"sarmiento24h@gmail.com"},"sameAs":["https:\/\/sarmiento24h.com"],"url":"https:\/\/sarmiento24h.com\/?author=1"}]}},"jetpack_publicize_connections":[],"jetpack_featured_media_url":"https:\/\/sarmiento24h.com\/wp-content\/uploads\/2026\/09\/desde-el-terreno-haiti-entre-el-hambre-la-violencia-y-la-amenaza-de-la-sequia.jpg","jetpack_sharing_enabled":true,"_links":{"self":[{"href":"https:\/\/sarmiento24h.com\/index.php?rest_route=\/wp\/v2\/posts\/410293","targetHints":{"allow":["GET"]}}],"collection":[{"href":"https:\/\/sarmiento24h.com\/index.php?rest_route=\/wp\/v2\/posts"}],"about":[{"href":"https:\/\/sarmiento24h.com\/index.php?rest_route=\/wp\/v2\/types\/post"}],"author":[{"embeddable":true,"href":"https:\/\/sarmiento24h.com\/index.php?rest_route=\/wp\/v2\/users\/1"}],"replies":[{"embeddable":true,"href":"https:\/\/sarmiento24h.com\/index.php?rest_route=%2Fwp%2Fv2%2Fcomments&post=410293"}],"version-history":[{"count":0,"href":"https:\/\/sarmiento24h.com\/index.php?rest_route=\/wp\/v2\/posts\/410293\/revisions"}],"wp:featuredmedia":[{"embeddable":true,"href":"https:\/\/sarmiento24h.com\/index.php?rest_route=\/wp\/v2\/media\/410294"}],"wp:attachment":[{"href":"https:\/\/sarmiento24h.com\/index.php?rest_route=%2Fwp%2Fv2%2Fmedia&parent=410293"}],"wp:term":[{"taxonomy":"category","embeddable":true,"href":"https:\/\/sarmiento24h.com\/index.php?rest_route=%2Fwp%2Fv2%2Fcategories&post=410293"},{"taxonomy":"post_tag","embeddable":true,"href":"https:\/\/sarmiento24h.com\/index.php?rest_route=%2Fwp%2Fv2%2Ftags&post=410293"}],"curies":[{"name":"wp","href":"https:\/\/api.w.org\/{rel}","templated":true}]}}