{"id":410411,"date":"2026-09-02T21:38:10","date_gmt":"2026-09-02T21:38:10","guid":{"rendered":"https:\/\/visitantes.do\/?p=44102"},"modified":"2026-09-02T21:38:10","modified_gmt":"2026-09-02T21:38:10","slug":"aventurate-rd-inaugura-en-puerto-plata-su-segunda-edicion-con-mas-de-300-compradores-nacionales-e-internacionales","status":"publish","type":"post","link":"https:\/\/sarmiento24h.com\/?p=410411","title":{"rendered":"Avent\u00farate RD inaugura en Puerto Plata su segunda edici\u00f3n con m\u00e1s de 300 compradores nacionales e internacionales"},"content":{"rendered":"<div><img decoding=\"async\" src=\"https:\/\/visitantes.do\/wp-content\/uploads\/2026\/09\/IMG-20260902-WA0168.jpg\" class=\"ff-og-image-inserted\"><\/div>\n<p class=\"wp-block-paragraph\"><em>La feria re\u00fane a unos 60 expositores y concentra su agenda en la promoci\u00f3n y comercializaci\u00f3n de experiencias de aventura, naturaleza y cultura de la Rep\u00fablica Dominicana<\/em><\/p>\n<p class=\"wp-block-paragraph\">Puerto Plata, Rep\u00fablica Dominicana. \u2013 La feria Avent\u00farate RD dej\u00f3 formalmente inaugurada este martes 1 de septiembre su segunda edici\u00f3n, durante un acto celebrado en el Holiday Inn Puerto Plata, con la participaci\u00f3n de autoridades, representantes del sector tur\u00edstico, empresarios, expositores, agentes de viajes y turoperadores.<\/p>\n<p class=\"wp-block-paragraph\">La feria re\u00fane a unos 60 expositores vinculados con la oferta tur\u00edstica dominicana y recibe a m\u00e1s de 300 compradores, entre agentes de viajes y turoperadores. De este grupo, el 20 % corresponde al mercado nacional y el 80 % procede de mercados internacionales.<\/p>\n<p class=\"wp-block-paragraph\">Durante sus palabras centrales, Jakaira Cid, CEO de Manureva y de Avent\u00farate RD, inform\u00f3 que esta edici\u00f3n congrega a agentes de viajes mayoristas y minoristas procedentes de m\u00e1s de 15 pa\u00edses, interesados en conocer las principales propuestas de turismo de aventura y alternativo que posee la Rep\u00fablica Dominicana. Explic\u00f3 que esta participaci\u00f3n responde a la evoluci\u00f3n de un viajero que ya no se conforma con visitar un lugar, sino que busca vivirlo a trav\u00e9s de su gente, su cultura y las historias que lleva consigo al regresar a casa.<\/p>\n<p class=\"wp-block-paragraph\">Cid sostuvo que la innovaci\u00f3n, la tecnolog\u00eda y la inteligencia artificial abren nuevas posibilidades para conectar mercados y personalizar la oferta, pero advirti\u00f3 que ese avance debe acompa\u00f1arse de la preservaci\u00f3n de la identidad de las comunidades. En ese sentido, defini\u00f3 Avent\u00farate RD como una plataforma para promover un turismo sostenible, capaz de generar oportunidades, proteger los recursos y mostrar al mundo \u00abesa otra Rep\u00fablica Dominicana\u00bb mediante experiencias vinculadas con la gastronom\u00eda, la cultura, la naturaleza y la historia.<\/p>\n<p class=\"wp-block-paragraph\">En representaci\u00f3n de Coral Hospitality Corp., empresa gestora del hotel sede, su vicepresidente Ricardo Felip afirm\u00f3 que la incorporaci\u00f3n del Holiday Inn Puerto Plata a su portafolio expresa la confianza de la compa\u00f1\u00eda en el destino, en el crecimiento del turismo dominicano y en la capacidad del pa\u00eds para ampliar una oferta hotelera diversa y competitiva. Explic\u00f3 que la propiedad fue concebida para atender tanto al viajero de negocios como al visitante de ocio, adem\u00e1s de grupos y eventos, bajo est\u00e1ndares internacionales y con una atenci\u00f3n vinculada a la hospitalidad dominicana.<\/p>\n<p class=\"wp-block-paragraph\">Felip agreg\u00f3 que la gesti\u00f3n hotelera debe trascender el alojamiento y contribuir con la econom\u00eda del entorno, la creaci\u00f3n de experiencias y el desarrollo del talento local. Destac\u00f3 que proyectos como el Holiday Inn Puerto Plata generan empleos, formaci\u00f3n y oportunidades de crecimiento profesional para colaboradores capaces de representar marcas internacionales sin perder la calidez que distingue al servicio del pa\u00eds.<\/p>\n<p class=\"wp-block-paragraph\">Carlos Rodol\u00ed, representante de AERODOM, ofreci\u00f3 una salutaci\u00f3n especial en la que resalt\u00f3 la importancia de la conectividad a\u00e9rea para acercar a Puerto Plata y a la diversidad de experiencias dominicanas con los mercados emisores.<\/p>\n<p class=\"wp-block-paragraph\">Anthony Gonz\u00e1lez, vicepresidente del Cl\u00faster Tur\u00edstico del Destino Puerto Plata, se\u00f1al\u00f3 que la evoluci\u00f3n del destino es resultado del trabajo conjunto de gremios, asociaciones, empresarios y emprendedores. Valor\u00f3 Avent\u00farate RD como un espacio que conecta a quienes crean y comercializan nuevas experiencias, favorece la diversificaci\u00f3n de la oferta y abre oportunidades para un turismo m\u00e1s inclusivo. Asimismo, reconoci\u00f3 a Manureva Tours por dar continuidad a una iniciativa que fortalece la cadena de valor tur\u00edstica de la provincia.<\/p>\n<p class=\"wp-block-paragraph\">El cierre de las intervenciones estuvo a cargo de Yira Vermenthon, directora de Iniciativas Provinciales del Ministerio de Turismo, quien reafirm\u00f3 el compromiso institucional de respaldar iniciativas que ampl\u00eden la oferta nacional mediante propuestas vinculadas con la aventura, la naturaleza, la cultura y la participaci\u00f3n comunitaria.<\/p>\n<p class=\"wp-block-paragraph\">Vermenthon se\u00f1al\u00f3 que el MITUR promueve un modelo tur\u00edstico inclusivo y sostenible, capaz de integrar a las comunidades y generar oportunidades que contribuyan a mejorar la calidad de vida en los territorios donde se desarrolla.<\/p>\n<p class=\"wp-block-paragraph\"><strong>Una plataforma para la comercializaci\u00f3n tur\u00edstica<\/strong><\/p>\n<p class=\"wp-block-paragraph\">La segunda edici\u00f3n de Avent\u00farate RD procura facilitar el contacto directo entre los proveedores de experiencias tur\u00edsticas y los profesionales responsables de su comercializaci\u00f3n. Su agenda contempla encuentros de negocios y espacios para presentar propuestas vinculadas con la aventura, la naturaleza, la cultura y otras modalidades de turismo que complementan la oferta tradicional del pa\u00eds.<\/p>\n<p class=\"wp-block-paragraph\">Antes del inicio de la feria, parte de los compradores invitados recorri\u00f3 Santo Domingo, Santiago y Moca, donde conoci\u00f3 experiencias relacionadas con la historia, la cultura, el tabaco, la gastronom\u00eda y la artesan\u00eda dominicana. La agenda continuar\u00e1 durante tres d\u00edas con encuentros de negocios entre compradores, expositores y profesionales del sector.<\/p>\n<p class=\"wp-block-paragraph\">La participaci\u00f3n mayoritaria de compradores internacionales ampl\u00eda las posibilidades de incorporar estas experiencias a los cat\u00e1logos de agencias de viajes y turoperadores de distintos mercados, al tiempo que favorece la creaci\u00f3n de alianzas comerciales para los expositores.<\/p>\n<p class=\"wp-block-paragraph\">Avent\u00farate RD se consolida como un espacio de promoci\u00f3n, negociaci\u00f3n y conexi\u00f3n entre los actores de la cadena de valor tur\u00edstica, con Puerto Plata como escenario para mostrar la diversidad de experiencias que ofrece la Rep\u00fablica Dominicana. Para m\u00e1s informaci\u00f3n, visite <a href=\"http:\/\/www.feriaaventuraterd.com\">www.feriaaventuraterd.com<\/a><\/p>\n","protected":false},"excerpt":{"rendered":"<p>La feria re\u00fane a unos 60 expositores&#46;&#46;&#46;<\/p>\n","protected":false},"author":1,"featured_media":410412,"comment_status":"closed","ping_status":"closed","sticky":false,"template":"","format":"standard","meta":{"_jetpack_newsletter_access":"","_jetpack_dont_email_post_to_subs":false,"_jetpack_newsletter_tier_id":0,"_jetpack_memberships_contains_paywalled_content":false,"_jetpack_feature_clip_id":0,"_jetpack_memberships_contains_paid_content":false,"footnotes":"","jetpack_publicize_message":"","jetpack_publicize_feature_enabled":true,"jetpack_social_post_already_shared":true,"jetpack_social_options":{"image_generator_settings":{"template":"highway","default_image_id":0,"font":"","enabled":false},"version":2},"jetpack_post_was_ever_published":false},"categories":[62],"tags":[],"class_list":["post-410411","post","type-post","status-publish","format-standard","has-post-thumbnail","hentry","category-turismo"],"yoast_head":"<!-- This site is optimized with the Yoast SEO plugin v28.1 - https:\/\/yoast.com\/product\/yoast-seo-wordpress\/ -->\n<title>Avent\u00farate RD inaugura en Puerto Plata su segunda edici\u00f3n con m\u00e1s de 300 compradores nacionales e internacionales - Sarmiento24h<\/title>\n<meta name=\"robots\" content=\"index, follow, max-snippet:-1, max-image-preview:large, max-video-preview:-1\" \/>\n<link rel=\"canonical\" href=\"https:\/\/sarmiento24h.com\/?p=410411\" \/>\n<meta property=\"og:locale\" content=\"es_ES\" \/>\n<meta property=\"og:type\" content=\"article\" \/>\n<meta property=\"og:title\" content=\"Avent\u00farate RD inaugura en Puerto Plata su segunda edici\u00f3n con m\u00e1s de 300 compradores nacionales e internacionales - Sarmiento24h\" \/>\n<meta property=\"og:description\" content=\"La feria re\u00fane a unos 60 expositores&#046;&#046;&#046;\" \/>\n<meta property=\"og:url\" content=\"https:\/\/sarmiento24h.com\/?p=410411\" \/>\n<meta property=\"og:site_name\" content=\"Sarmiento24h\" \/>\n<meta property=\"article:publisher\" content=\"https:\/\/facebook.com\/s24hnoticias\" \/>\n<meta property=\"article:published_time\" content=\"2026-09-02T21:38:10+00:00\" \/>\n<meta property=\"og:image\" content=\"https:\/\/visitantes.do\/wp-content\/uploads\/2026\/09\/IMG-20260902-WA0168.jpg\" \/>\n<meta name=\"author\" content=\"sarmiento24h@gmail.com\" \/>\n<meta name=\"twitter:card\" content=\"summary_large_image\" \/>\n<meta name=\"twitter:creator\" content=\"@sarmiento24h\" \/>\n<meta name=\"twitter:site\" content=\"@sarmiento24h\" \/>\n<meta name=\"twitter:label1\" content=\"Escrito por\" \/>\n\t<meta name=\"twitter:data1\" content=\"sarmiento24h@gmail.com\" \/>\n\t<meta name=\"twitter:label2\" content=\"Tiempo de lectura\" \/>\n\t<meta name=\"twitter:data2\" content=\"4 minutos\" \/>\n<script type=\"application\/ld+json\" class=\"yoast-schema-graph\">{\"@context\":\"https:\\\/\\\/schema.org\",\"@graph\":[{\"@type\":\"Article\",\"@id\":\"https:\\\/\\\/sarmiento24h.com\\\/?p=410411#article\",\"isPartOf\":{\"@id\":\"https:\\\/\\\/sarmiento24h.com\\\/?p=410411\"},\"author\":{\"name\":\"sarmiento24h@gmail.com\",\"@id\":\"https:\\\/\\\/sarmiento24h.com\\\/#\\\/schema\\\/person\\\/d653a59725ad629a7e0429af7b939d4d\"},\"headline\":\"Avent\u00farate RD inaugura en Puerto Plata su segunda edici\u00f3n con m\u00e1s de 300 compradores nacionales e internacionales\",\"datePublished\":\"2026-09-02T21:38:10+00:00\",\"mainEntityOfPage\":{\"@id\":\"https:\\\/\\\/sarmiento24h.com\\\/?p=410411\"},\"wordCount\":908,\"publisher\":{\"@id\":\"https:\\\/\\\/sarmiento24h.com\\\/#organization\"},\"image\":{\"@id\":\"https:\\\/\\\/sarmiento24h.com\\\/?p=410411#primaryimage\"},\"thumbnailUrl\":\"https:\\\/\\\/sarmiento24h.com\\\/wp-content\\\/uploads\\\/2026\\\/09\\\/aventurate-rd-inaugura-en-puerto-plata-su-segunda-edicion-con-mas-de-300-compradores-nacionales-e-internacionales.jpg\",\"articleSection\":[\"Turismo\"],\"inLanguage\":\"es\"},{\"@type\":\"WebPage\",\"@id\":\"https:\\\/\\\/sarmiento24h.com\\\/?p=410411\",\"url\":\"https:\\\/\\\/sarmiento24h.com\\\/?p=410411\",\"name\":\"Avent\u00farate RD inaugura en Puerto Plata su segunda edici\u00f3n con m\u00e1s de 300 compradores nacionales e internacionales - Sarmiento24h\",\"isPartOf\":{\"@id\":\"https:\\\/\\\/sarmiento24h.com\\\/#website\"},\"primaryImageOfPage\":{\"@id\":\"https:\\\/\\\/sarmiento24h.com\\\/?p=410411#primaryimage\"},\"image\":{\"@id\":\"https:\\\/\\\/sarmiento24h.com\\\/?p=410411#primaryimage\"},\"thumbnailUrl\":\"https:\\\/\\\/sarmiento24h.com\\\/wp-content\\\/uploads\\\/2026\\\/09\\\/aventurate-rd-inaugura-en-puerto-plata-su-segunda-edicion-con-mas-de-300-compradores-nacionales-e-internacionales.jpg\",\"datePublished\":\"2026-09-02T21:38:10+00:00\",\"breadcrumb\":{\"@id\":\"https:\\\/\\\/sarmiento24h.com\\\/?p=410411#breadcrumb\"},\"inLanguage\":\"es\",\"potentialAction\":[{\"@type\":\"ReadAction\",\"target\":[\"https:\\\/\\\/sarmiento24h.com\\\/?p=410411\"]}]},{\"@type\":\"ImageObject\",\"inLanguage\":\"es\",\"@id\":\"https:\\\/\\\/sarmiento24h.com\\\/?p=410411#primaryimage\",\"url\":\"https:\\\/\\\/sarmiento24h.com\\\/wp-content\\\/uploads\\\/2026\\\/09\\\/aventurate-rd-inaugura-en-puerto-plata-su-segunda-edicion-con-mas-de-300-compradores-nacionales-e-internacionales.jpg\",\"contentUrl\":\"https:\\\/\\\/sarmiento24h.com\\\/wp-content\\\/uploads\\\/2026\\\/09\\\/aventurate-rd-inaugura-en-puerto-plata-su-segunda-edicion-con-mas-de-300-compradores-nacionales-e-internacionales.jpg\",\"width\":1600,\"height\":1066},{\"@type\":\"BreadcrumbList\",\"@id\":\"https:\\\/\\\/sarmiento24h.com\\\/?p=410411#breadcrumb\",\"itemListElement\":[{\"@type\":\"ListItem\",\"position\":1,\"name\":\"Home\",\"item\":\"https:\\\/\\\/sarmiento24h.com\\\/\"},{\"@type\":\"ListItem\",\"position\":2,\"name\":\"Avent\u00farate RD inaugura en Puerto Plata su segunda edici\u00f3n con m\u00e1s de 300 compradores nacionales e internacionales\"}]},{\"@type\":\"WebSite\",\"@id\":\"https:\\\/\\\/sarmiento24h.com\\\/#website\",\"url\":\"https:\\\/\\\/sarmiento24h.com\\\/\",\"name\":\"Sarmiento24h\",\"description\":\"\",\"publisher\":{\"@id\":\"https:\\\/\\\/sarmiento24h.com\\\/#organization\"},\"potentialAction\":[{\"@type\":\"SearchAction\",\"target\":{\"@type\":\"EntryPoint\",\"urlTemplate\":\"https:\\\/\\\/sarmiento24h.com\\\/?s={search_term_string}\"},\"query-input\":{\"@type\":\"PropertyValueSpecification\",\"valueRequired\":true,\"valueName\":\"search_term_string\"}}],\"inLanguage\":\"es\"},{\"@type\":\"Organization\",\"@id\":\"https:\\\/\\\/sarmiento24h.com\\\/#organization\",\"name\":\"Sarmiento24h\",\"url\":\"https:\\\/\\\/sarmiento24h.com\\\/\",\"logo\":{\"@type\":\"ImageObject\",\"inLanguage\":\"es\",\"@id\":\"https:\\\/\\\/sarmiento24h.com\\\/#\\\/schema\\\/logo\\\/image\\\/\",\"url\":\"https:\\\/\\\/sarmiento24h.com\\\/wp-content\\\/uploads\\\/2025\\\/12\\\/AddText_12-16-10.30.52.jpg\",\"contentUrl\":\"https:\\\/\\\/sarmiento24h.com\\\/wp-content\\\/uploads\\\/2025\\\/12\\\/AddText_12-16-10.30.52.jpg\",\"width\":1220,\"height\":324,\"caption\":\"Sarmiento24h\"},\"image\":{\"@id\":\"https:\\\/\\\/sarmiento24h.com\\\/#\\\/schema\\\/logo\\\/image\\\/\"},\"sameAs\":[\"https:\\\/\\\/facebook.com\\\/s24hnoticias\",\"https:\\\/\\\/x.com\\\/sarmiento24h\"]},{\"@type\":\"Person\",\"@id\":\"https:\\\/\\\/sarmiento24h.com\\\/#\\\/schema\\\/person\\\/d653a59725ad629a7e0429af7b939d4d\",\"name\":\"sarmiento24h@gmail.com\",\"image\":{\"@type\":\"ImageObject\",\"inLanguage\":\"es\",\"@id\":\"https:\\\/\\\/sarmiento24h.com\\\/wp-content\\\/litespeed\\\/avatar\\\/d02cbc4e23c747e6659cd45907173c8f.jpg?ver=1788047690\",\"url\":\"https:\\\/\\\/sarmiento24h.com\\\/wp-content\\\/litespeed\\\/avatar\\\/d02cbc4e23c747e6659cd45907173c8f.jpg?ver=1788047690\",\"contentUrl\":\"https:\\\/\\\/sarmiento24h.com\\\/wp-content\\\/litespeed\\\/avatar\\\/d02cbc4e23c747e6659cd45907173c8f.jpg?ver=1788047690\",\"caption\":\"sarmiento24h@gmail.com\"},\"sameAs\":[\"https:\\\/\\\/sarmiento24h.com\"],\"url\":\"https:\\\/\\\/sarmiento24h.com\\\/?author=1\"}]}<\/script>\n<!-- \/ Yoast SEO plugin. -->","yoast_head_json":{"title":"Avent\u00farate RD inaugura en Puerto Plata su segunda edici\u00f3n con m\u00e1s de 300 compradores nacionales e internacionales - Sarmiento24h","robots":{"index":"index","follow":"follow","max-snippet":"max-snippet:-1","max-image-preview":"max-image-preview:large","max-video-preview":"max-video-preview:-1"},"canonical":"https:\/\/sarmiento24h.com\/?p=410411","og_locale":"es_ES","og_type":"article","og_title":"Avent\u00farate RD inaugura en Puerto Plata su segunda edici\u00f3n con m\u00e1s de 300 compradores nacionales e internacionales - Sarmiento24h","og_description":"La feria re\u00fane a unos 60 expositores&#46;&#46;&#46;","og_url":"https:\/\/sarmiento24h.com\/?p=410411","og_site_name":"Sarmiento24h","article_publisher":"https:\/\/facebook.com\/s24hnoticias","article_published_time":"2026-09-02T21:38:10+00:00","og_image":[{"url":"https:\/\/visitantes.do\/wp-content\/uploads\/2026\/09\/IMG-20260902-WA0168.jpg","type":"","width":"","height":""}],"author":"sarmiento24h@gmail.com","twitter_card":"summary_large_image","twitter_creator":"@sarmiento24h","twitter_site":"@sarmiento24h","twitter_misc":{"Escrito por":"sarmiento24h@gmail.com","Tiempo de lectura":"4 minutos"},"schema":{"@context":"https:\/\/schema.org","@graph":[{"@type":"Article","@id":"https:\/\/sarmiento24h.com\/?p=410411#article","isPartOf":{"@id":"https:\/\/sarmiento24h.com\/?p=410411"},"author":{"name":"sarmiento24h@gmail.com","@id":"https:\/\/sarmiento24h.com\/#\/schema\/person\/d653a59725ad629a7e0429af7b939d4d"},"headline":"Avent\u00farate RD inaugura en Puerto Plata su segunda edici\u00f3n con m\u00e1s de 300 compradores nacionales e internacionales","datePublished":"2026-09-02T21:38:10+00:00","mainEntityOfPage":{"@id":"https:\/\/sarmiento24h.com\/?p=410411"},"wordCount":908,"publisher":{"@id":"https:\/\/sarmiento24h.com\/#organization"},"image":{"@id":"https:\/\/sarmiento24h.com\/?p=410411#primaryimage"},"thumbnailUrl":"https:\/\/sarmiento24h.com\/wp-content\/uploads\/2026\/09\/aventurate-rd-inaugura-en-puerto-plata-su-segunda-edicion-con-mas-de-300-compradores-nacionales-e-internacionales.jpg","articleSection":["Turismo"],"inLanguage":"es"},{"@type":"WebPage","@id":"https:\/\/sarmiento24h.com\/?p=410411","url":"https:\/\/sarmiento24h.com\/?p=410411","name":"Avent\u00farate RD inaugura en Puerto Plata su segunda edici\u00f3n con m\u00e1s de 300 compradores nacionales e internacionales - Sarmiento24h","isPartOf":{"@id":"https:\/\/sarmiento24h.com\/#website"},"primaryImageOfPage":{"@id":"https:\/\/sarmiento24h.com\/?p=410411#primaryimage"},"image":{"@id":"https:\/\/sarmiento24h.com\/?p=410411#primaryimage"},"thumbnailUrl":"https:\/\/sarmiento24h.com\/wp-content\/uploads\/2026\/09\/aventurate-rd-inaugura-en-puerto-plata-su-segunda-edicion-con-mas-de-300-compradores-nacionales-e-internacionales.jpg","datePublished":"2026-09-02T21:38:10+00:00","breadcrumb":{"@id":"https:\/\/sarmiento24h.com\/?p=410411#breadcrumb"},"inLanguage":"es","potentialAction":[{"@type":"ReadAction","target":["https:\/\/sarmiento24h.com\/?p=410411"]}]},{"@type":"ImageObject","inLanguage":"es","@id":"https:\/\/sarmiento24h.com\/?p=410411#primaryimage","url":"https:\/\/sarmiento24h.com\/wp-content\/uploads\/2026\/09\/aventurate-rd-inaugura-en-puerto-plata-su-segunda-edicion-con-mas-de-300-compradores-nacionales-e-internacionales.jpg","contentUrl":"https:\/\/sarmiento24h.com\/wp-content\/uploads\/2026\/09\/aventurate-rd-inaugura-en-puerto-plata-su-segunda-edicion-con-mas-de-300-compradores-nacionales-e-internacionales.jpg","width":1600,"height":1066},{"@type":"BreadcrumbList","@id":"https:\/\/sarmiento24h.com\/?p=410411#breadcrumb","itemListElement":[{"@type":"ListItem","position":1,"name":"Home","item":"https:\/\/sarmiento24h.com\/"},{"@type":"ListItem","position":2,"name":"Avent\u00farate RD inaugura en Puerto Plata su segunda edici\u00f3n con m\u00e1s de 300 compradores nacionales e internacionales"}]},{"@type":"WebSite","@id":"https:\/\/sarmiento24h.com\/#website","url":"https:\/\/sarmiento24h.com\/","name":"Sarmiento24h","description":"","publisher":{"@id":"https:\/\/sarmiento24h.com\/#organization"},"potentialAction":[{"@type":"SearchAction","target":{"@type":"EntryPoint","urlTemplate":"https:\/\/sarmiento24h.com\/?s={search_term_string}"},"query-input":{"@type":"PropertyValueSpecification","valueRequired":true,"valueName":"search_term_string"}}],"inLanguage":"es"},{"@type":"Organization","@id":"https:\/\/sarmiento24h.com\/#organization","name":"Sarmiento24h","url":"https:\/\/sarmiento24h.com\/","logo":{"@type":"ImageObject","inLanguage":"es","@id":"https:\/\/sarmiento24h.com\/#\/schema\/logo\/image\/","url":"https:\/\/sarmiento24h.com\/wp-content\/uploads\/2025\/12\/AddText_12-16-10.30.52.jpg","contentUrl":"https:\/\/sarmiento24h.com\/wp-content\/uploads\/2025\/12\/AddText_12-16-10.30.52.jpg","width":1220,"height":324,"caption":"Sarmiento24h"},"image":{"@id":"https:\/\/sarmiento24h.com\/#\/schema\/logo\/image\/"},"sameAs":["https:\/\/facebook.com\/s24hnoticias","https:\/\/x.com\/sarmiento24h"]},{"@type":"Person","@id":"https:\/\/sarmiento24h.com\/#\/schema\/person\/d653a59725ad629a7e0429af7b939d4d","name":"sarmiento24h@gmail.com","image":{"@type":"ImageObject","inLanguage":"es","@id":"https:\/\/sarmiento24h.com\/wp-content\/litespeed\/avatar\/d02cbc4e23c747e6659cd45907173c8f.jpg?ver=1788047690","url":"https:\/\/sarmiento24h.com\/wp-content\/litespeed\/avatar\/d02cbc4e23c747e6659cd45907173c8f.jpg?ver=1788047690","contentUrl":"https:\/\/sarmiento24h.com\/wp-content\/litespeed\/avatar\/d02cbc4e23c747e6659cd45907173c8f.jpg?ver=1788047690","caption":"sarmiento24h@gmail.com"},"sameAs":["https:\/\/sarmiento24h.com"],"url":"https:\/\/sarmiento24h.com\/?author=1"}]}},"jetpack_publicize_connections":[],"jetpack_featured_media_url":"https:\/\/sarmiento24h.com\/wp-content\/uploads\/2026\/09\/aventurate-rd-inaugura-en-puerto-plata-su-segunda-edicion-con-mas-de-300-compradores-nacionales-e-internacionales.jpg","jetpack_sharing_enabled":true,"_links":{"self":[{"href":"https:\/\/sarmiento24h.com\/index.php?rest_route=\/wp\/v2\/posts\/410411","targetHints":{"allow":["GET"]}}],"collection":[{"href":"https:\/\/sarmiento24h.com\/index.php?rest_route=\/wp\/v2\/posts"}],"about":[{"href":"https:\/\/sarmiento24h.com\/index.php?rest_route=\/wp\/v2\/types\/post"}],"author":[{"embeddable":true,"href":"https:\/\/sarmiento24h.com\/index.php?rest_route=\/wp\/v2\/users\/1"}],"replies":[{"embeddable":true,"href":"https:\/\/sarmiento24h.com\/index.php?rest_route=%2Fwp%2Fv2%2Fcomments&post=410411"}],"version-history":[{"count":0,"href":"https:\/\/sarmiento24h.com\/index.php?rest_route=\/wp\/v2\/posts\/410411\/revisions"}],"wp:featuredmedia":[{"embeddable":true,"href":"https:\/\/sarmiento24h.com\/index.php?rest_route=\/wp\/v2\/media\/410412"}],"wp:attachment":[{"href":"https:\/\/sarmiento24h.com\/index.php?rest_route=%2Fwp%2Fv2%2Fmedia&parent=410411"}],"wp:term":[{"taxonomy":"category","embeddable":true,"href":"https:\/\/sarmiento24h.com\/index.php?rest_route=%2Fwp%2Fv2%2Fcategories&post=410411"},{"taxonomy":"post_tag","embeddable":true,"href":"https:\/\/sarmiento24h.com\/index.php?rest_route=%2Fwp%2Fv2%2Ftags&post=410411"}],"curies":[{"name":"wp","href":"https:\/\/api.w.org\/{rel}","templated":true}]}}