{"id":410525,"date":"2026-09-02T23:47:54","date_gmt":"2026-09-02T23:47:54","guid":{"rendered":"http:\/\/334a9808-a710-11f1-8c80-d1850c402931"},"modified":"2026-09-02T23:47:54","modified_gmt":"2026-09-02T23:47:54","slug":"el-dia-de-ceuta-miles-de-espanoles-se-movilizan-ante-la-crisis-migratoria-del-enclave-del-pais-en-africa","status":"publish","type":"post","link":"https:\/\/sarmiento24h.com\/?p=410525","title":{"rendered":"El D\u00eda de Ceuta: miles de espa\u00f1oles se movilizan ante la crisis migratoria del enclave del pa\u00eds en \u00c1frica"},"content":{"rendered":"<p>Los residentes del&nbsp;enclave&nbsp;espa\u00f1ol&nbsp;de&nbsp;<a href=\"https:\/\/www.france24.com\/es\/tag\/ceuta\/\" target=\"_self\" class=\"gtm-add-suggested-tag\">Ceuta<\/a>,&nbsp;en el norte de <a href=\"https:\/\/www.france24.com\/es\/tag\/\u00e1frica\/\" target=\"_self\" class=\"gtm-add-suggested-tag\">\u00c1frica<\/a>, salieron&nbsp;a las calles&nbsp;este mi\u00e9rcoles 2 de septiembre para&nbsp;protestar por la gesti\u00f3n del&nbsp; Gobierno de Pedro S\u00e1nchez de&nbsp;la <a href=\"https:\/\/www.france24.com\/es\/tag\/crisis-migratoria\/\" target=\"_self\" class=\"gtm-add-suggested-tag\">crisis migratoria<\/a> luego de que al&nbsp;menos 72.000 personas cruzaran desde <a href=\"https:\/\/www.france24.com\/es\/tag\/marruecos\/\" target=\"_self\" class=\"gtm-add-suggested-tag\">Marruecos<\/a> a finales de julio.<\/p>\n<p>Casi cinco semanas despu\u00e9s, al menos 5.000, incluidos menores no acompa\u00f1ados, permanecen varados en campamentos improvisados \u200b\u200bo dispersos por las calles y playas del enclave, seg\u00fan&nbsp;las autoridades de&nbsp;<a href=\"https:\/\/www.france24.com\/es\/tag\/ceuta\/\" target=\"_self\" class=\"gtm-add-suggested-tag\">Ceuta<\/a> .<\/p>\n<p>Miles de personas marcharon por las calles de la ciudad, de unos 80.000 habitantes, en una protesta que coincidi\u00f3 con el D\u00eda&nbsp;de Ceuta&nbsp;. Ondeando banderas espa\u00f1olas y haciendo sonar silbatos, coreaban: \u00abCeuta&nbsp;no est\u00e1 en venta,&nbsp;\u00a1Ceuta&nbsp;debe ser defendida!\u00bb.<\/p>\n<div class=\"m-em-video\">\n<div class=\"o-video-player o-video-player--16x9\" data-media-video-wbmz417256-f24-es-20260903 data-show-hidden-video-player=\"WBMZ417256-F24-ES-20260903\" data-wrapper-video-player data-youtube-script>\n<div class=\"o-em-consent \" readability=\"7\">\n<div class=\"o-em-consent__content\" readability=\"34\">\n<p class=\"o-em-consent__content__text\">Para mostrar este contenido de YouTube, debe autorizar las cookies de medici\u00f3n de audiencia y publicidad.<\/p>\n<p> <button class=\"a-master-button a-master-button--dark\" data-action=\"accept\"> Aceptar <svg class=\"a-svg a-svg--icon-check\"> <use xlink:href=\"\/build\/images\/svg\/sprite.1af31c2f854b10d5fc5627a4f4fa61be.svg#icon-check\" href=\"\/build\/images\/svg\/sprite.1af31c2f854b10d5fc5627a4f4fa61be.svg#icon-check\" \/> <\/svg> <\/button> <button class=\"a-link\" data-action=\"manage\">Gestionar mis opciones <svg class=\"a-svg a-svg--icon-edit\"> <use xlink:href=\"\/build\/images\/svg\/sprite.1af31c2f854b10d5fc5627a4f4fa61be.svg#icon-edit\" href=\"\/build\/images\/svg\/sprite.1af31c2f854b10d5fc5627a4f4fa61be.svg#icon-edit\" \/> <\/svg><br \/>\n<\/button> <\/div>\n<\/div>\n<div class=\"o-em-adblock\" data-adblock-content readability=\"7\">\n<div class=\"o-em-adblock__content\" readability=\"34\">\n<p class=\"o-em-adblock__content__text\">Una extensi\u00f3n de tu navegador parece estar bloqueando la carga del reproductor de video. Para poder ver este contenido, debes desactivarla en este sitio.<\/p>\n<p> <button class=\"a-master-button a-master-button--dark\" data-action=\"reload\">Reintentar<\/button> <\/div>\n<\/div>\n<figure class=\"m-item-image m-item-image--16x9 m-item-image--has-caption\"> <picture class=\"a-picture a-picture--16x9\"><source type=\"image\/webp\" srcset=\"https:\/\/s.france24.com\/media\/display\/b323feec-9bea-11f1-aa7e-005056bfb2b6\/w:388\/p:16x9\/Ceuta-1.webp 388w, https:\/\/s.france24.com\/media\/display\/b323feec-9bea-11f1-aa7e-005056bfb2b6\/w:720\/p:16x9\/Ceuta-1.webp 720w, https:\/\/s.france24.com\/media\/display\/b323feec-9bea-11f1-aa7e-005056bfb2b6\/w:1024\/p:16x9\/Ceuta-1.webp 1024w\" sizes=\"(max-width: 639px) calc(100vw - 32px), (max-width: 1076px) calc(100vw - 44px), 850px\"><img fetchpriority=\"high\" decoding=\"auto\" src=\"https:\/\/s.france24.com\/media\/display\/b323feec-9bea-11f1-aa7e-005056bfb2b6\/w:1024\/p:16x9\/Ceuta-1.jpg\" srcset=\"https:\/\/s.france24.com\/media\/display\/b323feec-9bea-11f1-aa7e-005056bfb2b6\/w:388\/p:16x9\/Ceuta-1.jpg 388w, https:\/\/s.france24.com\/media\/display\/b323feec-9bea-11f1-aa7e-005056bfb2b6\/w:720\/p:16x9\/Ceuta-1.jpg 720w, https:\/\/s.france24.com\/media\/display\/b323feec-9bea-11f1-aa7e-005056bfb2b6\/w:1024\/p:16x9\/Ceuta-1.jpg 1024w\" sizes=\"(max-width: 639px) calc(100vw - 32px), (max-width: 1076px) calc(100vw - 44px), 850px\" width=\"1024\" height=\"576\" alt=\"En Ceuta, migrantes arriesgaron sus vidas para \u201casegurar un futuro\u201d.\" loading=\"eager\" class=\"a-img \">\n<\/picture><figcaption class=\"a-figcaption\"> Imagen de portada: En Ceuta, migrantes arriesgaron sus vidas para \u201casegurar un futuro\u201d. \u00a9 AFP <\/figcaption><\/figure>\n<\/p><\/div>\n<\/div>\n<p>Los participantes, entre los que se encontraban vecinos de la ciudad y representantes de distintos colectivos, portaban numerosas banderas de Ceuta y de <a href=\"https:\/\/www.france24.com\/es\/tag\/espa\u00f1a\/\" target=\"_self\" class=\"gtm-add-suggested-tag\">Espa\u00f1a<\/a>, que llenaron las calles en una jornada en la que la ciudad reclama respaldo ante la situaci\u00f3n derivada de la llegada masiva de <a href=\"https:\/\/www.france24.com\/es\/tag\/migrantes\/\" target=\"_self\" class=\"gtm-add-suggested-tag\">migrantes<\/a>.<\/p>\n<p>La convocatoria de este mi\u00e9rcoles 2 de septiembre, la m\u00e1s multitudinaria de su historia reciente, buscaba enviar un mensaje en defensa de Ceuta, as\u00ed como reclamar una respuesta ante las circunstancias que atraviesa.<\/p>\n<p>Una pancarta dec\u00eda: \u00abSOS.&nbsp;Europa&nbsp;, s\u00e1lvanos de nuestro gobierno traidor\u00bb, mientras que algunos exig\u00edan que las autoridades \u00abexpulsaran a los invasores\u00bb y otros ped\u00edan la dimisi\u00f3n del presidente del Gobierno, <a href=\"https:\/\/www.france24.com\/es\/tag\/pedro-s\u00e1nchez\/\" target=\"_self\" class=\"gtm-add-suggested-tag\">Pedro S\u00e1nchez<\/a>. Tambi\u00e9n se produjeron manifestaciones en otras ciudades de Espa\u00f1a, como <a href=\"https:\/\/www.france24.com\/es\/tag\/madrid\/\" target=\"_self\" class=\"gtm-add-suggested-tag\">Madrid<\/a>, <a href=\"https:\/\/www.france24.com\/es\/tag\/barcelona\/\" target=\"_self\" class=\"gtm-add-suggested-tag\">Barcelona<\/a> y Bilbao.<\/p>\n<p>Ceuta vive una grave crisis de seguridad y socioecon\u00f3mica luego de que miles de personas cruzaran a ese territorio espa\u00f1ol. Aunque la mayor\u00eda regresaron a Marruecos, unas 5.000, entre inmigrantes magreb\u00edes y subsaharianos, permanecen a\u00fan en la localidad, seg\u00fan los datos del Gobierno espa\u00f1ol.<\/p>\n<div class=\"m-em-image\">\n<figure class=\"m-item-image m-item-image--original m-item-image--has-caption\"> <picture class=\"a-picture a-picture--original\"><source type=\"image\/webp\" srcset=\"https:\/\/s.france24.com\/media\/display\/c6e80794-a71f-11f1-bf6c-005056a97e36\/w:246\/393a6b003e8f865f0e589ff228e6be4bfb32f7caw.webp 246w, https:\/\/s.france24.com\/media\/display\/c6e80794-a71f-11f1-bf6c-005056a97e36\/w:388\/393a6b003e8f865f0e589ff228e6be4bfb32f7caw.webp 388w, https:\/\/s.france24.com\/media\/display\/c6e80794-a71f-11f1-bf6c-005056a97e36\/w:720\/393a6b003e8f865f0e589ff228e6be4bfb32f7caw.webp 720w, https:\/\/s.france24.com\/media\/display\/c6e80794-a71f-11f1-bf6c-005056a97e36\/w:980\/393a6b003e8f865f0e589ff228e6be4bfb32f7caw.webp 980w\" sizes=\"(max-width: 1023px) calc(100vw - 32px), (min-width: 1024px) 850px\"><img fetchpriority=\"low\" decoding=\"async\" src=\"https:\/\/s.france24.com\/media\/display\/c6e80794-a71f-11f1-bf6c-005056a97e36\/w:980\/393a6b003e8f865f0e589ff228e6be4bfb32f7caw.jpg\" srcset=\"https:\/\/s.france24.com\/media\/display\/c6e80794-a71f-11f1-bf6c-005056a97e36\/w:246\/393a6b003e8f865f0e589ff228e6be4bfb32f7caw.jpg 246w, https:\/\/s.france24.com\/media\/display\/c6e80794-a71f-11f1-bf6c-005056a97e36\/w:388\/393a6b003e8f865f0e589ff228e6be4bfb32f7caw.jpg 388w, https:\/\/s.france24.com\/media\/display\/c6e80794-a71f-11f1-bf6c-005056a97e36\/w:720\/393a6b003e8f865f0e589ff228e6be4bfb32f7caw.jpg 720w, https:\/\/s.france24.com\/media\/display\/c6e80794-a71f-11f1-bf6c-005056a97e36\/w:980\/393a6b003e8f865f0e589ff228e6be4bfb32f7caw.jpg 980w\" sizes=\"(max-width: 1023px) calc(100vw - 32px), (min-width: 1024px) 850px\" alt=\"Cientos de personas participan en una manifestaci\u00f3n con motivo del D\u00eda de Ceuta en Almer\u00eda, Espa\u00f1a, el 2 de septiembre de 2026.\" loading=\"lazy\" class=\"a-img \">\n<\/picture><figcaption class=\"a-figcaption\"> Cientos de personas participan en una manifestaci\u00f3n con motivo del D\u00eda de Ceuta en Almer\u00eda, Espa\u00f1a, el 2 de septiembre de 2026. EFE &#8211; Carlos Barba <\/figcaption><\/figure>\n<\/p><\/div>\n<p>Su presencia ha provocado <a href=\"https:\/\/www.france24.com\/es\/tag\/protestas\/\" target=\"_self\" class=\"gtm-add-suggested-tag\">protestas<\/a> casi diarias por parte de los residentes locales contra la&nbsp;gesti\u00f3n de&nbsp;la crisis por parte del gobierno espa\u00f1ol, y los manifestantes exigen que los migrantes sean devueltos a sus pa\u00edses de origen o redistribuidos por toda Espa\u00f1a.<\/p>\n<p>\u00abLa respuesta ha sido inadecuada, tard\u00eda y, para colmo, ha supuesto un total incumplimiento del deber por parte del gobierno. No podemos ser ciudadanos de segunda clase, y nuestra frontera no debe quedar relegada a un segundo plano\u00bb, declar\u00f3 David Hern\u00e1ndez, un profesor de 45 a\u00f1os.<\/p>\n<p>Previamente, el presidente de Ceuta, Juan Jes\u00fas Vivas, presidi\u00f3 en esta ciudad aut\u00f3noma el acto institucional por el D\u00eda de Ceuta, al que asistieron dos ministros de Gobierno.<\/p>\n<p>Vivas aleg\u00f3 que <a href=\"https:\/\/www.france24.com\/es\/tag\/ceuta\/\" target=\"_self\" class=\"gtm-add-suggested-tag\">Ceuta<\/a> \u00abest\u00e1 en peligro, pero sigue en pie\u00bb, tras lo cual pidi\u00f3 medidas para volver \u00abcuanto antes\u00bb a la normalidad con la expulsi\u00f3n de todos los que entraron ilegalmente en la ciudad y que a\u00fan permanecen all\u00ed.<\/p>\n<h2><strong>Voces de derecha encabezan la manifestaci\u00f3n&nbsp;<\/strong><\/h2>\n<p>Las protestas que tuvieron lugar el mi\u00e9rcoles en toda <a href=\"https:\/\/www.france24.com\/es\/tag\/espa\u00f1a\/\" target=\"_self\" class=\"gtm-add-suggested-tag\">Espa\u00f1a<\/a> fueron convocadas por la FEMP, la federaci\u00f3n de municipios dominada por el principal partido de la oposici\u00f3n, el <a href=\"https:\/\/www.france24.com\/es\/tag\/partido-popular\/\" target=\"_self\" class=\"gtm-add-suggested-tag\">Partido Popular<\/a> (PP), de tendencia conservadora.<\/p>\n<p>En Madrid, los l\u00edderes del principal partido de la oposici\u00f3n (el conservador PP) y los del ultraderechista VOX se sumaron a la movilizaci\u00f3n y los manifestantes reclamaron a gritos la renuncia de Pedro S\u00e1nchez.<\/p>\n<div class=\"m-em-image\">\n<figure class=\"m-item-image m-item-image--original m-item-image--has-caption\"> <picture class=\"a-picture a-picture--original\"><source type=\"image\/webp\" srcset=\"https:\/\/s.france24.com\/media\/display\/6840262c-a71f-11f1-839f-005056bfb2b6\/w:246\/181054d5f5857ee686f8221a80199774b99121bbw.webp 246w, https:\/\/s.france24.com\/media\/display\/6840262c-a71f-11f1-839f-005056bfb2b6\/w:388\/181054d5f5857ee686f8221a80199774b99121bbw.webp 388w, https:\/\/s.france24.com\/media\/display\/6840262c-a71f-11f1-839f-005056bfb2b6\/w:720\/181054d5f5857ee686f8221a80199774b99121bbw.webp 720w, https:\/\/s.france24.com\/media\/display\/6840262c-a71f-11f1-839f-005056bfb2b6\/w:980\/181054d5f5857ee686f8221a80199774b99121bbw.webp 980w\" sizes=\"(max-width: 1023px) calc(100vw - 32px), (min-width: 1024px) 850px\"><img fetchpriority=\"low\" decoding=\"async\" src=\"https:\/\/s.france24.com\/media\/display\/6840262c-a71f-11f1-839f-005056bfb2b6\/w:980\/181054d5f5857ee686f8221a80199774b99121bbw.jpg\" srcset=\"https:\/\/s.france24.com\/media\/display\/6840262c-a71f-11f1-839f-005056bfb2b6\/w:246\/181054d5f5857ee686f8221a80199774b99121bbw.jpg 246w, https:\/\/s.france24.com\/media\/display\/6840262c-a71f-11f1-839f-005056bfb2b6\/w:388\/181054d5f5857ee686f8221a80199774b99121bbw.jpg 388w, https:\/\/s.france24.com\/media\/display\/6840262c-a71f-11f1-839f-005056bfb2b6\/w:720\/181054d5f5857ee686f8221a80199774b99121bbw.jpg 720w, https:\/\/s.france24.com\/media\/display\/6840262c-a71f-11f1-839f-005056bfb2b6\/w:980\/181054d5f5857ee686f8221a80199774b99121bbw.jpg 980w\" sizes=\"(max-width: 1023px) calc(100vw - 32px), (min-width: 1024px) 850px\" alt=\"Unas 10.000 personas se han dado cita esta tarde de mi\u00e9rcoles 2 de septiembre en Badajoz en apoyo a la Ciudad de Ceuta.\" loading=\"lazy\" class=\"a-img \">\n<\/picture><figcaption class=\"a-figcaption\"> Unas 10.000 personas se han dado cita esta tarde de mi\u00e9rcoles 2 de septiembre en Badajoz en apoyo a la Ciudad de Ceuta. EFE &#8211; Jos\u00e9 Luis Real <\/figcaption><\/figure>\n<\/p><\/div>\n<p>De su lado, el alcalde de <a href=\"https:\/\/www.france24.com\/es\/tag\/madrid\/\" target=\"_self\" class=\"gtm-add-suggested-tag\">Madrid<\/a>, Jos\u00e9 Luis Mart\u00ednez-Almeida (PP), defendi\u00f3 la <a href=\"https:\/\/www.france24.com\/es\/tag\/soberan\u00eda\/\" target=\"_self\" class=\"gtm-add-suggested-tag\">soberan\u00eda<\/a> espa\u00f1ola de Ceuta y la integridad territorial de Espa\u00f1a.<\/p>\n<blockquote class=\"quote\" readability=\"7\">\n<p>\u00abCuando una frontera est\u00e1 en riesgo, toda Espa\u00f1a debe estar detr\u00e1s\u00bb, sostuvo.<\/p>\n<\/blockquote>\n<p>Entre una multitud de banderas de Espa\u00f1a, Almeida reclam\u00f3 una respuesta del Estado y de la <a href=\"https:\/\/www.france24.com\/es\/tag\/uni\u00f3n-europea\/\" target=\"_self\" class=\"gtm-add-suggested-tag\">Uni\u00f3n Europea<\/a> y pidi\u00f3 el regreso \u00abefectivo\u00bb de todos aquellos que entraron de manera irregular a Ceuta.<\/p>\n<p>\u00abCeuta somos todos\u00bb, ha clamado el alcalde madrile\u00f1o antes de concluir con un \u00abViva <a href=\"https:\/\/www.france24.com\/es\/tag\/ceuta\/\" target=\"_self\" class=\"gtm-add-suggested-tag\">Ceuta<\/a>, viva Espa\u00f1a\u00bb.<\/p>\n<p>En <a href=\"https:\/\/www.france24.com\/es\/tag\/barcelona\/\" target=\"_self\" class=\"gtm-add-suggested-tag\">Barcelona<\/a>, dos concentraciones de signo contrario se cruzaron en el centro de la ciudad, separadas por un amplio dispositivo policial.<\/p>\n<p>El gobierno de izquierdas espa\u00f1ol se distanci\u00f3 de la iniciativa, acusando a la derecha de explotar la crisis para obtener r\u00e9dito pol\u00edtico.<\/p>\n<div class=\"m-em-video\">\n<div class=\"o-video-player o-video-player--16x9\" data-media-video-wbmz417260-f24-es-20260903 data-show-hidden-video-player=\"WBMZ417260-F24-ES-20260903\" data-wrapper-video-player data-youtube-script>\n<div class=\"o-em-consent \" readability=\"7\">\n<div class=\"o-em-consent__content\" readability=\"34\">\n<p class=\"o-em-consent__content__text\">Para mostrar este contenido de YouTube, debe autorizar las cookies de medici\u00f3n de audiencia y publicidad.<\/p>\n<p> <button class=\"a-master-button a-master-button--dark\" data-action=\"accept\"> Aceptar <svg class=\"a-svg a-svg--icon-check\"> <use xlink:href=\"\/build\/images\/svg\/sprite.1af31c2f854b10d5fc5627a4f4fa61be.svg#icon-check\" href=\"\/build\/images\/svg\/sprite.1af31c2f854b10d5fc5627a4f4fa61be.svg#icon-check\" \/> <\/svg> <\/button> <button class=\"a-link\" data-action=\"manage\">Gestionar mis opciones <svg class=\"a-svg a-svg--icon-edit\"> <use xlink:href=\"\/build\/images\/svg\/sprite.1af31c2f854b10d5fc5627a4f4fa61be.svg#icon-edit\" href=\"\/build\/images\/svg\/sprite.1af31c2f854b10d5fc5627a4f4fa61be.svg#icon-edit\" \/> <\/svg><br \/>\n<\/button> <\/div>\n<\/div>\n<div class=\"o-em-adblock\" data-adblock-content readability=\"7\">\n<div class=\"o-em-adblock__content\" readability=\"34\">\n<p class=\"o-em-adblock__content__text\">Una extensi\u00f3n de tu navegador parece estar bloqueando la carga del reproductor de video. Para poder ver este contenido, debes desactivarla en este sitio.<\/p>\n<p> <button class=\"a-master-button a-master-button--dark\" data-action=\"reload\">Reintentar<\/button> <\/div>\n<\/div>\n<figure class=\"m-item-image m-item-image--16x9 m-item-image--has-caption\"> <picture class=\"a-picture a-picture--16x9\"><source type=\"image\/webp\" srcset=\"https:\/\/s.france24.com\/media\/display\/1ebe46c4-9b34-11f1-aa78-005056a97e36\/w:388\/p:16x9\/WEB-PORTADA-17AGO-MIG.webp 388w, https:\/\/s.france24.com\/media\/display\/1ebe46c4-9b34-11f1-aa78-005056a97e36\/w:720\/p:16x9\/WEB-PORTADA-17AGO-MIG.webp 720w, https:\/\/s.france24.com\/media\/display\/1ebe46c4-9b34-11f1-aa78-005056a97e36\/w:1024\/p:16x9\/WEB-PORTADA-17AGO-MIG.webp 1024w\" sizes=\"(max-width: 639px) calc(100vw - 32px), (max-width: 1076px) calc(100vw - 44px), 850px\"><img fetchpriority=\"high\" decoding=\"auto\" src=\"https:\/\/s.france24.com\/media\/display\/1ebe46c4-9b34-11f1-aa78-005056a97e36\/w:1024\/p:16x9\/WEB-PORTADA-17AGO-MIG.png\" srcset=\"https:\/\/s.france24.com\/media\/display\/1ebe46c4-9b34-11f1-aa78-005056a97e36\/w:388\/p:16x9\/WEB-PORTADA-17AGO-MIG.png 388w, https:\/\/s.france24.com\/media\/display\/1ebe46c4-9b34-11f1-aa78-005056a97e36\/w:720\/p:16x9\/WEB-PORTADA-17AGO-MIG.png 720w, https:\/\/s.france24.com\/media\/display\/1ebe46c4-9b34-11f1-aa78-005056a97e36\/w:1024\/p:16x9\/WEB-PORTADA-17AGO-MIG.png 1024w\" sizes=\"(max-width: 639px) calc(100vw - 32px), (max-width: 1076px) calc(100vw - 44px), 850px\" width=\"1024\" height=\"576\" alt=\"\nCientos de migrantes cruzaron de forma irregular desde Marruecos hacia Ceuta a finales de julio, en un episodio que desbord\u00f3 la capacidad de acogida del enclave espa\u00f1ol. Semanas despu\u00e9s, miles de personas siguen all\u00ed a la espera de una respuesta a sus solicitudes de asilo. Montaje realizado por France 24.\" loading=\"eager\" class=\"a-img \">\n<\/picture><figcaption class=\"a-figcaption\"> Imagen de portada: Cientos de migrantes cruzaron de forma irregular desde Marruecos hacia Ceuta a finales de julio, en un episodio que desbord\u00f3 la capacidad de acogida del enclave espa\u00f1ol. Semanas despu\u00e9s, miles de personas siguen all\u00ed a la espera de una respuesta a sus solicitudes de asilo. Montaje realizado por France 24. \u00a9 France 24 <\/figcaption><\/figure>\n<\/p><\/div>\n<\/div>\n<p>\u00abNo se trata de defender&nbsp;a Ceuta&nbsp;y a sus&nbsp;habitantes&nbsp;, sino de atacar al gobierno\u00bb, declar\u00f3 el ministro de Pol\u00edtica Territorial, \u00c1ngel V\u00edctor Torres, a la emisora \u200b\u200bde radio RNE.<\/p>\n<h2><strong>Pol\u00e9mica por informe policial<\/strong><\/h2>\n<p>El debate pol\u00edtico estuvo centrado en un informe aportado por la Polic\u00eda espa\u00f1ola a la jueza de la Audiencia Nacional que est\u00e1 al frente de las diligencias preliminares sobre la entrada masiva de inmigrantes en Ceuta.<\/p>\n<p>Este informe describe lo ocurrido en esta ciudad los d\u00edas 30 y 31 de julio como una entrada masiva de personas \u00abplanificada\u00bb, en ning\u00fan caso \u00abespont\u00e1nea\u00bb, y sit\u00faa entre sus organizadores y ejecutores a personas vinculadas a las fuerzas de seguridad de <a href=\"https:\/\/www.france24.com\/es\/tag\/marruecos\/\" target=\"_self\" class=\"gtm-add-suggested-tag\">Marruecos<\/a>.<\/p>\n<p>El documento deja claro que la finalidad de la entrada de decenas de miles de personas no era migratoria, como demuestra que solo el 10% haya intentado quedarse.<\/p>\n<div class=\"m-em-image\">\n<figure class=\"m-item-image m-item-image--original m-item-image--has-caption\"> <picture class=\"a-picture a-picture--original\"><source type=\"image\/webp\" srcset=\"https:\/\/s.france24.com\/media\/display\/a6179eee-8c62-11f1-b576-005056bf30b7\/w:246\/AP26211552156008.webp 246w, https:\/\/s.france24.com\/media\/display\/a6179eee-8c62-11f1-b576-005056bf30b7\/w:388\/AP26211552156008.webp 388w, https:\/\/s.france24.com\/media\/display\/a6179eee-8c62-11f1-b576-005056bf30b7\/w:720\/AP26211552156008.webp 720w, https:\/\/s.france24.com\/media\/display\/a6179eee-8c62-11f1-b576-005056bf30b7\/w:980\/AP26211552156008.webp 980w\" sizes=\"(max-width: 1023px) calc(100vw - 32px), (min-width: 1024px) 850px\"><img fetchpriority=\"low\" decoding=\"async\" src=\"https:\/\/s.france24.com\/media\/display\/a6179eee-8c62-11f1-b576-005056bf30b7\/w:980\/AP26211552156008.jpg\" srcset=\"https:\/\/s.france24.com\/media\/display\/a6179eee-8c62-11f1-b576-005056bf30b7\/w:246\/AP26211552156008.jpg 246w, https:\/\/s.france24.com\/media\/display\/a6179eee-8c62-11f1-b576-005056bf30b7\/w:388\/AP26211552156008.jpg 388w, https:\/\/s.france24.com\/media\/display\/a6179eee-8c62-11f1-b576-005056bf30b7\/w:720\/AP26211552156008.jpg 720w, https:\/\/s.france24.com\/media\/display\/a6179eee-8c62-11f1-b576-005056bf30b7\/w:980\/AP26211552156008.jpg 980w\" sizes=\"(max-width: 1023px) calc(100vw - 32px), (min-width: 1024px) 850px\" alt=\"Migrantes cruzan desde Marruecos hacia el enclave espa\u00f1ol de Ceuta, el jueves 30 de julio de 2026.\" loading=\"lazy\" class=\"a-img \">\n<\/picture><figcaption class=\"a-figcaption\"> Migrantes cruzan desde Marruecos hacia el enclave espa\u00f1ol de Ceuta, el jueves 30 de julio de 2026. \u00a9 AP Photo\/Antonio Sempere &#8211; Antonio Sempere <\/figcaption><\/figure>\n<\/p><\/div>\n<p>Por ello, la oposici\u00f3n y parte de la izquierda pidieron la dimisi\u00f3n del ministro del Interior, Fernando Grande-Marlaska, y el l\u00edder del <a href=\"https:\/\/www.france24.com\/es\/tag\/partido-popular\/\" target=\"_self\" class=\"gtm-add-suggested-tag\">Partido Popular<\/a> (PP), <a href=\"https:\/\/www.france24.com\/es\/tag\/alberto-n\u00fa\u00f1ez-feij\u00f3o\/\" target=\"_self\" class=\"gtm-add-suggested-tag\">Alberto N\u00fa\u00f1ez Feij\u00f3o<\/a>, pidi\u00f3 a Pedro S\u00e1nchez que convoque de inmediato a la embajadora de <a href=\"https:\/\/www.france24.com\/es\/tag\/marruecos\/\" target=\"_self\" class=\"gtm-add-suggested-tag\">Marruecos<\/a> en <a href=\"https:\/\/www.france24.com\/es\/tag\/espa\u00f1a\/\" target=\"_self\" class=\"gtm-add-suggested-tag\">Espa\u00f1a<\/a>, Karima Benyaich, para pedirle explicaciones; y que llame a consultas al espa\u00f1ol en el pa\u00eds vecino, Enrique Ojeda.&nbsp;<\/p>\n<p>Un manifiesto de la iniciativa ciudadana \u00abPor&nbsp;Ceuta\u00bb, que exige el respeto de los Derechos Humanos de residentes y migrantes, el retorno ordenado de quienes no tienen derecho a permanecer en&nbsp;el&nbsp;pa\u00eds y un mayor refuerzo de la seguridad, ha reunido cerca de 65.000 firmas. La iniciativa afirma no tener afiliaci\u00f3n pol\u00edtica.<\/p>\n<p>Colectivos y sindicatos de izquierda organizaron contramanifestaciones en varias ciudades, incluida Madrid, para condenar las \u00abpersecuciones y ataques racistas e islam\u00f3fobos\u00bb contra los migrantes en&nbsp;Ceuta&nbsp;desde la llegada masiva de inmigrantes.<\/p>\n<p>Las negociaciones entre los gobiernos locales y central sobre c\u00f3mo gestionar la crisis est\u00e1n estancadas, y el PP, que gobierna la mayor\u00eda de las regiones, algunas en coalici\u00f3n con el partido de extrema derecha Vox, pide la deportaci\u00f3n de todos los que permanecen en el pa\u00eds, incluidos los menores.<\/p>\n<p>Con EFE y Reuters<\/p>\n","protected":false},"excerpt":{"rendered":"<p>Los residentes del&nbsp;enclave&nbsp;espa\u00f1ol&nbsp;de&nbsp;Ceuta,&nbsp;en el norte de \u00c1frica,&#46;&#46;&#46;<\/p>\n","protected":false},"author":1,"featured_media":410526,"comment_status":"closed","ping_status":"closed","sticky":false,"template":"","format":"standard","meta":{"_jetpack_newsletter_access":"","_jetpack_dont_email_post_to_subs":false,"_jetpack_newsletter_tier_id":0,"_jetpack_memberships_contains_paywalled_content":false,"_jetpack_feature_clip_id":0,"_jetpack_memberships_contains_paid_content":false,"footnotes":"","jetpack_publicize_message":"","jetpack_publicize_feature_enabled":true,"jetpack_social_post_already_shared":true,"jetpack_social_options":{"image_generator_settings":{"template":"highway","default_image_id":0,"font":"","enabled":false},"version":2},"jetpack_post_was_ever_published":false},"categories":[43],"tags":[],"class_list":["post-410525","post","type-post","status-publish","format-standard","has-post-thumbnail","hentry","category-internacionales"],"yoast_head":"<!-- This site is optimized with the Yoast SEO plugin v28.1 - https:\/\/yoast.com\/product\/yoast-seo-wordpress\/ -->\n<title>El D\u00eda de Ceuta: miles de espa\u00f1oles se movilizan ante la crisis migratoria del enclave del pa\u00eds en \u00c1frica - Sarmiento24h<\/title>\n<meta name=\"robots\" content=\"index, follow, max-snippet:-1, max-image-preview:large, max-video-preview:-1\" \/>\n<link rel=\"canonical\" href=\"https:\/\/sarmiento24h.com\/?p=410525\" \/>\n<meta property=\"og:locale\" content=\"es_ES\" \/>\n<meta property=\"og:type\" content=\"article\" \/>\n<meta property=\"og:title\" content=\"El D\u00eda de Ceuta: miles de espa\u00f1oles se movilizan ante la crisis migratoria del enclave del pa\u00eds en \u00c1frica - Sarmiento24h\" \/>\n<meta property=\"og:description\" content=\"Los residentes del&nbsp;enclave&nbsp;espa\u00f1ol&nbsp;de&nbsp;Ceuta,&nbsp;en el norte de \u00c1frica,&#046;&#046;&#046;\" \/>\n<meta property=\"og:url\" content=\"https:\/\/sarmiento24h.com\/?p=410525\" \/>\n<meta property=\"og:site_name\" content=\"Sarmiento24h\" \/>\n<meta property=\"article:publisher\" content=\"https:\/\/facebook.com\/s24hnoticias\" \/>\n<meta property=\"article:published_time\" content=\"2026-09-02T23:47:54+00:00\" \/>\n<meta property=\"og:image\" content=\"https:\/\/s.france24.com\/media\/display\/b323feec-9bea-11f1-aa7e-005056bfb2b6\/w:1024\/p:16x9\/Ceuta-1.jpg\" \/>\n<meta name=\"author\" content=\"sarmiento24h@gmail.com\" \/>\n<meta name=\"twitter:card\" content=\"summary_large_image\" \/>\n<meta name=\"twitter:creator\" content=\"@sarmiento24h\" \/>\n<meta name=\"twitter:site\" content=\"@sarmiento24h\" \/>\n<meta name=\"twitter:label1\" content=\"Escrito por\" \/>\n\t<meta name=\"twitter:data1\" content=\"sarmiento24h@gmail.com\" \/>\n\t<meta name=\"twitter:label2\" content=\"Tiempo de lectura\" \/>\n\t<meta name=\"twitter:data2\" content=\"7 minutos\" \/>\n<script type=\"application\/ld+json\" class=\"yoast-schema-graph\">{\"@context\":\"https:\\\/\\\/schema.org\",\"@graph\":[{\"@type\":\"Article\",\"@id\":\"https:\\\/\\\/sarmiento24h.com\\\/?p=410525#article\",\"isPartOf\":{\"@id\":\"https:\\\/\\\/sarmiento24h.com\\\/?p=410525\"},\"author\":{\"name\":\"sarmiento24h@gmail.com\",\"@id\":\"https:\\\/\\\/sarmiento24h.com\\\/#\\\/schema\\\/person\\\/d653a59725ad629a7e0429af7b939d4d\"},\"headline\":\"El D\u00eda de Ceuta: miles de espa\u00f1oles se movilizan ante la crisis migratoria del enclave del pa\u00eds en \u00c1frica\",\"datePublished\":\"2026-09-02T23:47:54+00:00\",\"mainEntityOfPage\":{\"@id\":\"https:\\\/\\\/sarmiento24h.com\\\/?p=410525\"},\"wordCount\":1367,\"publisher\":{\"@id\":\"https:\\\/\\\/sarmiento24h.com\\\/#organization\"},\"image\":{\"@id\":\"https:\\\/\\\/sarmiento24h.com\\\/?p=410525#primaryimage\"},\"thumbnailUrl\":\"https:\\\/\\\/sarmiento24h.com\\\/wp-content\\\/uploads\\\/2026\\\/09\\\/el-dia-de-ceuta-miles-de-espanoles-se-movilizan-ante-la-crisis-migratoria-del-enclave-del-pais-en-africa.jpg\",\"articleSection\":[\"Internacionales\"],\"inLanguage\":\"es\"},{\"@type\":\"WebPage\",\"@id\":\"https:\\\/\\\/sarmiento24h.com\\\/?p=410525\",\"url\":\"https:\\\/\\\/sarmiento24h.com\\\/?p=410525\",\"name\":\"El D\u00eda de Ceuta: miles de espa\u00f1oles se movilizan ante la crisis migratoria del enclave del pa\u00eds en \u00c1frica - Sarmiento24h\",\"isPartOf\":{\"@id\":\"https:\\\/\\\/sarmiento24h.com\\\/#website\"},\"primaryImageOfPage\":{\"@id\":\"https:\\\/\\\/sarmiento24h.com\\\/?p=410525#primaryimage\"},\"image\":{\"@id\":\"https:\\\/\\\/sarmiento24h.com\\\/?p=410525#primaryimage\"},\"thumbnailUrl\":\"https:\\\/\\\/sarmiento24h.com\\\/wp-content\\\/uploads\\\/2026\\\/09\\\/el-dia-de-ceuta-miles-de-espanoles-se-movilizan-ante-la-crisis-migratoria-del-enclave-del-pais-en-africa.jpg\",\"datePublished\":\"2026-09-02T23:47:54+00:00\",\"breadcrumb\":{\"@id\":\"https:\\\/\\\/sarmiento24h.com\\\/?p=410525#breadcrumb\"},\"inLanguage\":\"es\",\"potentialAction\":[{\"@type\":\"ReadAction\",\"target\":[\"https:\\\/\\\/sarmiento24h.com\\\/?p=410525\"]}]},{\"@type\":\"ImageObject\",\"inLanguage\":\"es\",\"@id\":\"https:\\\/\\\/sarmiento24h.com\\\/?p=410525#primaryimage\",\"url\":\"https:\\\/\\\/sarmiento24h.com\\\/wp-content\\\/uploads\\\/2026\\\/09\\\/el-dia-de-ceuta-miles-de-espanoles-se-movilizan-ante-la-crisis-migratoria-del-enclave-del-pais-en-africa.jpg\",\"contentUrl\":\"https:\\\/\\\/sarmiento24h.com\\\/wp-content\\\/uploads\\\/2026\\\/09\\\/el-dia-de-ceuta-miles-de-espanoles-se-movilizan-ante-la-crisis-migratoria-del-enclave-del-pais-en-africa.jpg\",\"width\":1024,\"height\":576},{\"@type\":\"BreadcrumbList\",\"@id\":\"https:\\\/\\\/sarmiento24h.com\\\/?p=410525#breadcrumb\",\"itemListElement\":[{\"@type\":\"ListItem\",\"position\":1,\"name\":\"Home\",\"item\":\"https:\\\/\\\/sarmiento24h.com\\\/\"},{\"@type\":\"ListItem\",\"position\":2,\"name\":\"El D\u00eda de Ceuta: miles de espa\u00f1oles se movilizan ante la crisis migratoria del enclave del pa\u00eds en \u00c1frica\"}]},{\"@type\":\"WebSite\",\"@id\":\"https:\\\/\\\/sarmiento24h.com\\\/#website\",\"url\":\"https:\\\/\\\/sarmiento24h.com\\\/\",\"name\":\"Sarmiento24h\",\"description\":\"\",\"publisher\":{\"@id\":\"https:\\\/\\\/sarmiento24h.com\\\/#organization\"},\"potentialAction\":[{\"@type\":\"SearchAction\",\"target\":{\"@type\":\"EntryPoint\",\"urlTemplate\":\"https:\\\/\\\/sarmiento24h.com\\\/?s={search_term_string}\"},\"query-input\":{\"@type\":\"PropertyValueSpecification\",\"valueRequired\":true,\"valueName\":\"search_term_string\"}}],\"inLanguage\":\"es\"},{\"@type\":\"Organization\",\"@id\":\"https:\\\/\\\/sarmiento24h.com\\\/#organization\",\"name\":\"Sarmiento24h\",\"url\":\"https:\\\/\\\/sarmiento24h.com\\\/\",\"logo\":{\"@type\":\"ImageObject\",\"inLanguage\":\"es\",\"@id\":\"https:\\\/\\\/sarmiento24h.com\\\/#\\\/schema\\\/logo\\\/image\\\/\",\"url\":\"https:\\\/\\\/sarmiento24h.com\\\/wp-content\\\/uploads\\\/2025\\\/12\\\/AddText_12-16-10.30.52.jpg\",\"contentUrl\":\"https:\\\/\\\/sarmiento24h.com\\\/wp-content\\\/uploads\\\/2025\\\/12\\\/AddText_12-16-10.30.52.jpg\",\"width\":1220,\"height\":324,\"caption\":\"Sarmiento24h\"},\"image\":{\"@id\":\"https:\\\/\\\/sarmiento24h.com\\\/#\\\/schema\\\/logo\\\/image\\\/\"},\"sameAs\":[\"https:\\\/\\\/facebook.com\\\/s24hnoticias\",\"https:\\\/\\\/x.com\\\/sarmiento24h\"]},{\"@type\":\"Person\",\"@id\":\"https:\\\/\\\/sarmiento24h.com\\\/#\\\/schema\\\/person\\\/d653a59725ad629a7e0429af7b939d4d\",\"name\":\"sarmiento24h@gmail.com\",\"image\":{\"@type\":\"ImageObject\",\"inLanguage\":\"es\",\"@id\":\"https:\\\/\\\/sarmiento24h.com\\\/wp-content\\\/litespeed\\\/avatar\\\/d02cbc4e23c747e6659cd45907173c8f.jpg?ver=1788047690\",\"url\":\"https:\\\/\\\/sarmiento24h.com\\\/wp-content\\\/litespeed\\\/avatar\\\/d02cbc4e23c747e6659cd45907173c8f.jpg?ver=1788047690\",\"contentUrl\":\"https:\\\/\\\/sarmiento24h.com\\\/wp-content\\\/litespeed\\\/avatar\\\/d02cbc4e23c747e6659cd45907173c8f.jpg?ver=1788047690\",\"caption\":\"sarmiento24h@gmail.com\"},\"sameAs\":[\"https:\\\/\\\/sarmiento24h.com\"],\"url\":\"https:\\\/\\\/sarmiento24h.com\\\/?author=1\"}]}<\/script>\n<!-- \/ Yoast SEO plugin. -->","yoast_head_json":{"title":"El D\u00eda de Ceuta: miles de espa\u00f1oles se movilizan ante la crisis migratoria del enclave del pa\u00eds en \u00c1frica - Sarmiento24h","robots":{"index":"index","follow":"follow","max-snippet":"max-snippet:-1","max-image-preview":"max-image-preview:large","max-video-preview":"max-video-preview:-1"},"canonical":"https:\/\/sarmiento24h.com\/?p=410525","og_locale":"es_ES","og_type":"article","og_title":"El D\u00eda de Ceuta: miles de espa\u00f1oles se movilizan ante la crisis migratoria del enclave del pa\u00eds en \u00c1frica - Sarmiento24h","og_description":"Los residentes del&nbsp;enclave&nbsp;espa\u00f1ol&nbsp;de&nbsp;Ceuta,&nbsp;en el norte de \u00c1frica,&#46;&#46;&#46;","og_url":"https:\/\/sarmiento24h.com\/?p=410525","og_site_name":"Sarmiento24h","article_publisher":"https:\/\/facebook.com\/s24hnoticias","article_published_time":"2026-09-02T23:47:54+00:00","og_image":[{"url":"https:\/\/s.france24.com\/media\/display\/b323feec-9bea-11f1-aa7e-005056bfb2b6\/w:1024\/p:16x9\/Ceuta-1.jpg","type":"","width":"","height":""}],"author":"sarmiento24h@gmail.com","twitter_card":"summary_large_image","twitter_creator":"@sarmiento24h","twitter_site":"@sarmiento24h","twitter_misc":{"Escrito por":"sarmiento24h@gmail.com","Tiempo de lectura":"7 minutos"},"schema":{"@context":"https:\/\/schema.org","@graph":[{"@type":"Article","@id":"https:\/\/sarmiento24h.com\/?p=410525#article","isPartOf":{"@id":"https:\/\/sarmiento24h.com\/?p=410525"},"author":{"name":"sarmiento24h@gmail.com","@id":"https:\/\/sarmiento24h.com\/#\/schema\/person\/d653a59725ad629a7e0429af7b939d4d"},"headline":"El D\u00eda de Ceuta: miles de espa\u00f1oles se movilizan ante la crisis migratoria del enclave del pa\u00eds en \u00c1frica","datePublished":"2026-09-02T23:47:54+00:00","mainEntityOfPage":{"@id":"https:\/\/sarmiento24h.com\/?p=410525"},"wordCount":1367,"publisher":{"@id":"https:\/\/sarmiento24h.com\/#organization"},"image":{"@id":"https:\/\/sarmiento24h.com\/?p=410525#primaryimage"},"thumbnailUrl":"https:\/\/sarmiento24h.com\/wp-content\/uploads\/2026\/09\/el-dia-de-ceuta-miles-de-espanoles-se-movilizan-ante-la-crisis-migratoria-del-enclave-del-pais-en-africa.jpg","articleSection":["Internacionales"],"inLanguage":"es"},{"@type":"WebPage","@id":"https:\/\/sarmiento24h.com\/?p=410525","url":"https:\/\/sarmiento24h.com\/?p=410525","name":"El D\u00eda de Ceuta: miles de espa\u00f1oles se movilizan ante la crisis migratoria del enclave del pa\u00eds en \u00c1frica - Sarmiento24h","isPartOf":{"@id":"https:\/\/sarmiento24h.com\/#website"},"primaryImageOfPage":{"@id":"https:\/\/sarmiento24h.com\/?p=410525#primaryimage"},"image":{"@id":"https:\/\/sarmiento24h.com\/?p=410525#primaryimage"},"thumbnailUrl":"https:\/\/sarmiento24h.com\/wp-content\/uploads\/2026\/09\/el-dia-de-ceuta-miles-de-espanoles-se-movilizan-ante-la-crisis-migratoria-del-enclave-del-pais-en-africa.jpg","datePublished":"2026-09-02T23:47:54+00:00","breadcrumb":{"@id":"https:\/\/sarmiento24h.com\/?p=410525#breadcrumb"},"inLanguage":"es","potentialAction":[{"@type":"ReadAction","target":["https:\/\/sarmiento24h.com\/?p=410525"]}]},{"@type":"ImageObject","inLanguage":"es","@id":"https:\/\/sarmiento24h.com\/?p=410525#primaryimage","url":"https:\/\/sarmiento24h.com\/wp-content\/uploads\/2026\/09\/el-dia-de-ceuta-miles-de-espanoles-se-movilizan-ante-la-crisis-migratoria-del-enclave-del-pais-en-africa.jpg","contentUrl":"https:\/\/sarmiento24h.com\/wp-content\/uploads\/2026\/09\/el-dia-de-ceuta-miles-de-espanoles-se-movilizan-ante-la-crisis-migratoria-del-enclave-del-pais-en-africa.jpg","width":1024,"height":576},{"@type":"BreadcrumbList","@id":"https:\/\/sarmiento24h.com\/?p=410525#breadcrumb","itemListElement":[{"@type":"ListItem","position":1,"name":"Home","item":"https:\/\/sarmiento24h.com\/"},{"@type":"ListItem","position":2,"name":"El D\u00eda de Ceuta: miles de espa\u00f1oles se movilizan ante la crisis migratoria del enclave del pa\u00eds en \u00c1frica"}]},{"@type":"WebSite","@id":"https:\/\/sarmiento24h.com\/#website","url":"https:\/\/sarmiento24h.com\/","name":"Sarmiento24h","description":"","publisher":{"@id":"https:\/\/sarmiento24h.com\/#organization"},"potentialAction":[{"@type":"SearchAction","target":{"@type":"EntryPoint","urlTemplate":"https:\/\/sarmiento24h.com\/?s={search_term_string}"},"query-input":{"@type":"PropertyValueSpecification","valueRequired":true,"valueName":"search_term_string"}}],"inLanguage":"es"},{"@type":"Organization","@id":"https:\/\/sarmiento24h.com\/#organization","name":"Sarmiento24h","url":"https:\/\/sarmiento24h.com\/","logo":{"@type":"ImageObject","inLanguage":"es","@id":"https:\/\/sarmiento24h.com\/#\/schema\/logo\/image\/","url":"https:\/\/sarmiento24h.com\/wp-content\/uploads\/2025\/12\/AddText_12-16-10.30.52.jpg","contentUrl":"https:\/\/sarmiento24h.com\/wp-content\/uploads\/2025\/12\/AddText_12-16-10.30.52.jpg","width":1220,"height":324,"caption":"Sarmiento24h"},"image":{"@id":"https:\/\/sarmiento24h.com\/#\/schema\/logo\/image\/"},"sameAs":["https:\/\/facebook.com\/s24hnoticias","https:\/\/x.com\/sarmiento24h"]},{"@type":"Person","@id":"https:\/\/sarmiento24h.com\/#\/schema\/person\/d653a59725ad629a7e0429af7b939d4d","name":"sarmiento24h@gmail.com","image":{"@type":"ImageObject","inLanguage":"es","@id":"https:\/\/sarmiento24h.com\/wp-content\/litespeed\/avatar\/d02cbc4e23c747e6659cd45907173c8f.jpg?ver=1788047690","url":"https:\/\/sarmiento24h.com\/wp-content\/litespeed\/avatar\/d02cbc4e23c747e6659cd45907173c8f.jpg?ver=1788047690","contentUrl":"https:\/\/sarmiento24h.com\/wp-content\/litespeed\/avatar\/d02cbc4e23c747e6659cd45907173c8f.jpg?ver=1788047690","caption":"sarmiento24h@gmail.com"},"sameAs":["https:\/\/sarmiento24h.com"],"url":"https:\/\/sarmiento24h.com\/?author=1"}]}},"jetpack_publicize_connections":[],"jetpack_featured_media_url":"https:\/\/sarmiento24h.com\/wp-content\/uploads\/2026\/09\/el-dia-de-ceuta-miles-de-espanoles-se-movilizan-ante-la-crisis-migratoria-del-enclave-del-pais-en-africa.jpg","jetpack_sharing_enabled":true,"_links":{"self":[{"href":"https:\/\/sarmiento24h.com\/index.php?rest_route=\/wp\/v2\/posts\/410525","targetHints":{"allow":["GET"]}}],"collection":[{"href":"https:\/\/sarmiento24h.com\/index.php?rest_route=\/wp\/v2\/posts"}],"about":[{"href":"https:\/\/sarmiento24h.com\/index.php?rest_route=\/wp\/v2\/types\/post"}],"author":[{"embeddable":true,"href":"https:\/\/sarmiento24h.com\/index.php?rest_route=\/wp\/v2\/users\/1"}],"replies":[{"embeddable":true,"href":"https:\/\/sarmiento24h.com\/index.php?rest_route=%2Fwp%2Fv2%2Fcomments&post=410525"}],"version-history":[{"count":0,"href":"https:\/\/sarmiento24h.com\/index.php?rest_route=\/wp\/v2\/posts\/410525\/revisions"}],"wp:featuredmedia":[{"embeddable":true,"href":"https:\/\/sarmiento24h.com\/index.php?rest_route=\/wp\/v2\/media\/410526"}],"wp:attachment":[{"href":"https:\/\/sarmiento24h.com\/index.php?rest_route=%2Fwp%2Fv2%2Fmedia&parent=410525"}],"wp:term":[{"taxonomy":"category","embeddable":true,"href":"https:\/\/sarmiento24h.com\/index.php?rest_route=%2Fwp%2Fv2%2Fcategories&post=410525"},{"taxonomy":"post_tag","embeddable":true,"href":"https:\/\/sarmiento24h.com\/index.php?rest_route=%2Fwp%2Fv2%2Ftags&post=410525"}],"curies":[{"name":"wp","href":"https:\/\/api.w.org\/{rel}","templated":true}]}}