{"id":410601,"date":"2026-09-03T00:57:20","date_gmt":"2026-09-03T00:57:20","guid":{"rendered":"http:\/\/074d2aa2-a721-11f1-ab77-912d4d90076e"},"modified":"2026-09-03T00:57:20","modified_gmt":"2026-09-03T00:57:20","slug":"rd-congo-supera-las-3-000-muertes-por-el-brote-de-ebola-sin-que-los-contagios-se-ralenticen","status":"publish","type":"post","link":"https:\/\/sarmiento24h.com\/?p=410601","title":{"rendered":"RD Congo supera las 3.000 muertes por el brote de \u00e9bola, sin que los contagios se ralenticen"},"content":{"rendered":"<p>Este 2 de septiembre, el m\u00e1s reciente brote de \u00e9bola en la <a href=\"https:\/\/www.france24.com\/es\/tag\/rep\u00fablica-democr\u00e1tica-del-congo\/\" target=\"_self\" class=\"gtm-add-suggested-tag\">Rep\u00fablica Democr\u00e1tica del Congo<\/a> (RDC), que en poco m\u00e1s de tres meses ya se ha convertido en el m\u00e1s mortal de la historia del pa\u00eds, super\u00f3 el umbral de las 3.000 v\u00edctimas y no da se\u00f1ales de desacelerar.<\/p>\n<p>Seg\u00fan los datos del Ministerio de Salud local, la epidemia, causada por la rara variante&nbsp;<a href=\"https:\/\/www.france24.com\/es\/tag\/bundibugyo\/\" target=\"_self\" class=\"gtm-add-suggested-tag\">Bundibugyo<\/a> y que afecta a seis provincias congole\u00f1as, ha registrado 6.186 casos confirmados, incluyendo 3.007 muertes, desde que fue declarada el pasado 15 de mayo en el este del pa\u00eds africano.<\/p>\n<p>Y se teme que las cifras reales sean hasta tres veces mayor, seg\u00fan las estimaciones de los Centros para el Control y la Prevenci\u00f3n de Enfermedades de <a href=\"https:\/\/www.france24.com\/es\/tag\/\u00e1frica\/\" target=\"_self\" class=\"gtm-add-suggested-tag\">\u00c1frica<\/a> (CDC), que han sugerido que las deficiencias en la vigilancia y el rastreo de contactos pueden repercutir en una subidentificaci\u00f3n de casos.<\/p>\n<p>As\u00ed y todo, es ya el segundo brote de \u00e9bola m\u00e1s letal de la historia, solo detr\u00e1s del registrado entre 2014 y 2016 en \u00c1frica Occidental, que caus\u00f3 m\u00e1s de 11.000 fallecimientos y 28.600 casos en <a href=\"https:\/\/www.france24.com\/es\/tag\/guinea\/\" target=\"_self\" class=\"gtm-add-suggested-tag\">Guinea<\/a>, <a href=\"https:\/\/www.france24.com\/es\/tag\/liberia\/\" target=\"_self\" class=\"gtm-add-suggested-tag\">Liberia<\/a> y <a href=\"https:\/\/www.france24.com\/es\/tag\/sierra-leona\/\" target=\"_self\" class=\"gtm-add-suggested-tag\">Sierra Leona<\/a>. Aunque, en comparaci\u00f3n, la epidemia actual muestra un ritmo de contagios in\u00e9dito.<\/p>\n<div class=\"m-em-video\">\n<div class=\"o-video-player o-video-player--16x9\" data-media-video-wbmz417266-f24-es-20260903 data-show-hidden-video-player=\"WBMZ417266-F24-ES-20260903\" data-wrapper-video-player data-youtube-script>\n<div class=\"o-em-consent \" readability=\"7\">\n<div class=\"o-em-consent__content\" readability=\"34\">\n<p class=\"o-em-consent__content__text\">Para mostrar este contenido de YouTube, debe autorizar las cookies de medici\u00f3n de audiencia y publicidad.<\/p>\n<p> <button class=\"a-master-button a-master-button--dark\" data-action=\"accept\"> Aceptar <svg class=\"a-svg a-svg--icon-check\"> <use xlink:href=\"\/build\/images\/svg\/sprite.1af31c2f854b10d5fc5627a4f4fa61be.svg#icon-check\" href=\"\/build\/images\/svg\/sprite.1af31c2f854b10d5fc5627a4f4fa61be.svg#icon-check\" \/> <\/svg> <\/button> <button class=\"a-link\" data-action=\"manage\">Gestionar mis opciones <svg class=\"a-svg a-svg--icon-edit\"> <use xlink:href=\"\/build\/images\/svg\/sprite.1af31c2f854b10d5fc5627a4f4fa61be.svg#icon-edit\" href=\"\/build\/images\/svg\/sprite.1af31c2f854b10d5fc5627a4f4fa61be.svg#icon-edit\" \/> <\/svg><br \/>\n<\/button> <\/div>\n<\/div>\n<div class=\"o-em-adblock\" data-adblock-content readability=\"7\">\n<div class=\"o-em-adblock__content\" readability=\"34\">\n<p class=\"o-em-adblock__content__text\">Una extensi\u00f3n de tu navegador parece estar bloqueando la carga del reproductor de video. Para poder ver este contenido, debes desactivarla en este sitio.<\/p>\n<p> <button class=\"a-master-button a-master-button--dark\" data-action=\"reload\">Reintentar<\/button> <\/div>\n<\/div>\n<figure class=\"m-item-image m-item-image--16x9 m-item-image--has-caption\"> <picture class=\"a-picture a-picture--16x9\"><source type=\"image\/webp\" srcset=\"https:\/\/s.france24.com\/media\/display\/1b20ef54-a579-11f1-ac16-005056a97e36\/w:388\/p:16x9\/ES-20260831-131454-131627-CS.webp 388w, https:\/\/s.france24.com\/media\/display\/1b20ef54-a579-11f1-ac16-005056a97e36\/w:720\/p:16x9\/ES-20260831-131454-131627-CS.webp 720w, https:\/\/s.france24.com\/media\/display\/1b20ef54-a579-11f1-ac16-005056a97e36\/w:1024\/p:16x9\/ES-20260831-131454-131627-CS.webp 1024w\" sizes=\"(max-width: 639px) calc(100vw - 32px), (max-width: 1076px) calc(100vw - 44px), 850px\"><img fetchpriority=\"high\" decoding=\"auto\" src=\"https:\/\/s.france24.com\/media\/display\/1b20ef54-a579-11f1-ac16-005056a97e36\/w:1024\/p:16x9\/ES-20260831-131454-131627-CS.jpg\" srcset=\"https:\/\/s.france24.com\/media\/display\/1b20ef54-a579-11f1-ac16-005056a97e36\/w:388\/p:16x9\/ES-20260831-131454-131627-CS.jpg 388w, https:\/\/s.france24.com\/media\/display\/1b20ef54-a579-11f1-ac16-005056a97e36\/w:720\/p:16x9\/ES-20260831-131454-131627-CS.jpg 720w, https:\/\/s.france24.com\/media\/display\/1b20ef54-a579-11f1-ac16-005056a97e36\/w:1024\/p:16x9\/ES-20260831-131454-131627-CS.jpg 1024w\" sizes=\"(max-width: 639px) calc(100vw - 32px), (max-width: 1076px) calc(100vw - 44px), 850px\" width=\"1024\" height=\"576\" alt=\"2026-08-31 18:14 \u00c9bola en RD Congo: m\u00e1s de 6.000 contagios y casi 3.000 muertes\" loading=\"eager\" class=\"a-img \">\n<\/picture><figcaption class=\"a-figcaption\"> Imagen de portada: 2026-08-31 18:14 \u00c9bola en RD Congo: m\u00e1s de 6.000 contagios y casi 3.000 muertes \u00a9 France 24 <\/figcaption><\/figure>\n<\/p><\/div>\n<\/div>\n<p>En las \u00faltimas semanas, las autoridades han observado un aumento repentino de las infecciones, con dos nuevas zonas sanitarias afectadas la semana pasada en <a href=\"https:\/\/www.france24.com\/es\/tag\/kivu-del-norte\/\" target=\"_self\" class=\"gtm-add-suggested-tag\">Kivu del Norte<\/a>, regi\u00f3n en la que la tasa de mortalidad es mucho mayor que en el resto de las zonas castigadas.<\/p>\n<p>En la provincia de Ituri, epicentro de la ola actual, residentes aseguran que no se observa personal sanitario suficiente y que la rutina habitual se ve gravemente afectada.<\/p>\n<p>Papy Baraka, conductor de transporte p\u00fablico en Bunia, explic\u00f3 a la agencia AP que ha tenido que reducir el n\u00famero de pasajeros que lleva en su veh\u00edculo.&nbsp;\u00abLa enfermedad nos pone a todos en riesgo y la vida cotidiana se ha ralentizado enormemente. Tenemos miedo\u00bb, afirm\u00f3.<\/p>\n<p>Seg\u00fan los expertos, la enfermedad se ha propagado r\u00e1pidamente por diversas razones, entre ellas el conflicto en la regi\u00f3n oriental del pa\u00eds \u2013donde se concentra el brote\u2013, las malas condiciones laborales (que motivaron huelgas) y los ataques contra el personal sanitario, el constante desplazamiento de los mineros y la <a href=\"https:\/\/www.france24.com\/es\/tag\/infraestructura-sanitaria\/\" target=\"_self\" class=\"gtm-add-suggested-tag\">infraestructura sanitaria<\/a> deficiente.<\/p>\n<p class=\"a-read-more\"><span class=\"a-read-more__label\">Leer tambi\u00e9n<\/span><a href=\"https:\/\/www.france24.com\/es\/programas\/\u00e1frica-7-d\u00edas\/20260825-100-d\u00edas-de-\u00e9bola-en-rd-congo-radiograf\u00eda-del-brote-m\u00e1s-letal-de-su-historia\" target=\"_self\" class=\"a-read-more__link\">100 d\u00edas de \u00e9bola en RD Congo: radiograf\u00eda del brote m\u00e1s letal de su historia<\/a><\/p>\n<h2><strong>Dificultades para identificar las cadenas de contagio<\/strong><\/h2>\n<p>El martes, los Centros para el Control y la Prevenci\u00f3n de Enfermedades de EE. UU. (CDC) advirtieron que los esfuerzos para contener el virus \u00abse han mantenido por debajo de los objetivos de respuesta establecidos\u00bb, con muchas zonas a merced de una \u00abexpansi\u00f3n descontrolada\u00bb.<\/p>\n<p>Adem\u00e1s, alertaron que la mayor\u00eda de los casos \u00abse producen fuera de las cadenas de transmisi\u00f3n conocidas\u00bb, teniendo en cuenta que solo entre el 15 y el 20% de los casos identificados provienen de los contactos sabidos.<\/p>\n<p>Esas conclusiones fueron replicadas este mi\u00e9rcoles por el director general de la Organizaci\u00f3n Mundial de la Salud (OMS), <a href=\"https:\/\/www.france24.com\/es\/tag\/tedros-adhanom-ghebreyesus\/\" target=\"_self\" class=\"gtm-add-suggested-tag\">Tedros Adhanom Ghebreyesus<\/a>, quien subray\u00f3 que \u00abhasta que se encuentren y se rompan todas las cadenas, la epidemia continuar\u00e1 y seguir\u00e1 representando una amenaza para la RDC, sus pa\u00edses vecinos y la regi\u00f3n en su conjunto\u00bb.<\/p>\n<div id=\"em-WBMZ417263-F24-ES-20260903\" class=\"m-em-flash\" data-xtwitter-script>\n<div class=\"o-em-consent \" readability=\"7\">\n<div class=\"o-em-consent__content\" readability=\"34\">\n<p class=\"o-em-consent__content__text\">Para mostrar este contenido de X (Twitter), debe autorizar las cookies de medici\u00f3n de audiencia y publicidad.<\/p>\n<p> <button class=\"a-master-button a-master-button--dark\" data-action=\"accept\"> Aceptar <svg class=\"a-svg a-svg--icon-check\"> <use xlink:href=\"\/build\/images\/svg\/sprite.1af31c2f854b10d5fc5627a4f4fa61be.svg#icon-check\" href=\"\/build\/images\/svg\/sprite.1af31c2f854b10d5fc5627a4f4fa61be.svg#icon-check\" \/> <\/svg> <\/button> <button class=\"a-link\" data-action=\"manage\">Gestionar mis opciones <svg class=\"a-svg a-svg--icon-edit\"> <use xlink:href=\"\/build\/images\/svg\/sprite.1af31c2f854b10d5fc5627a4f4fa61be.svg#icon-edit\" href=\"\/build\/images\/svg\/sprite.1af31c2f854b10d5fc5627a4f4fa61be.svg#icon-edit\" \/> <\/svg><br \/>\n<\/button> <\/div>\n<\/div>\n<\/div>\n<p>En declaraciones a la prensa en Ginebra, el m\u00e9dico et\u00edope se\u00f1al\u00f3 que muchos fallecimientos ocurrieron entre personas que no figuraban en la lista de contactos conocidos, lo que \u00absignifica que existen cadenas de transmisi\u00f3n que desconocemos\u00bb.<\/p>\n<p>Asimismo, a\u00f1adi\u00f3 que muchas de las v\u00edctimas siguen siendo enterradas de forma insegura, lo que contribuye a la propagaci\u00f3n del virus.<\/p>\n<p>En este contexto, inst\u00f3 a la comunidad internacional a aumentar y acelerar la financiaci\u00f3n del plan de respuesta al \u00e9bola, para el que el gobierno congole\u00f1o solicita 1.300 millones de d\u00f3lares.<\/p>\n<p>\u00abSabemos que hacemos esta solicitud en un momento en que la financiaci\u00f3n para la asistencia humanitaria se ha reducido. Pero, como sabemos por brotes anteriores de \u00e9bola, podemos controlar esta epidemia si nos lo proponemos\u00bb, insisti\u00f3.<\/p>\n<p>En particular, Tedros expres\u00f3 que el caso de <a href=\"https:\/\/www.france24.com\/es\/tag\/uganda\/\" target=\"_self\" class=\"gtm-add-suggested-tag\">Uganda<\/a> \u2013donde el brote que se hab\u00eda propagado desde RDC fue declarado terminado el pasado 26 de agosto\u2013 \u00abda esperanzas\u00bb, aunque aclar\u00f3 que \u00abla pregunta es cu\u00e1n r\u00e1pido podemos hacer lo mismo en la RDC, cu\u00e1ntas vidas se perder\u00e1n antes de que lo hagamos\u00bb.<\/p>\n<p>Refiri\u00e9ndose a las necesidades, el&nbsp;jefe de la Oficina de la ONU para la Coordinaci\u00f3n de Asuntos Humanitarios (OCHA), Tom Fletcher, tambi\u00e9n demand\u00f3 que se intensifiquen \u00abcon urgencia\u00bb las medidas de contenci\u00f3n del virus porque, caso contrario, \u00abse perder\u00e1n m\u00e1s vidas y la amenaza aumentar\u00e1\u00bb.<\/p>\n<div id=\"em-WBMZ417264-F24-ES-20260903\" class=\"m-em-flash\" data-xtwitter-script>\n<div class=\"o-em-consent \" readability=\"7\">\n<div class=\"o-em-consent__content\" readability=\"34\">\n<p class=\"o-em-consent__content__text\">Para mostrar este contenido de X (Twitter), debe autorizar las cookies de medici\u00f3n de audiencia y publicidad.<\/p>\n<p> <button class=\"a-master-button a-master-button--dark\" data-action=\"accept\"> Aceptar <svg class=\"a-svg a-svg--icon-check\"> <use xlink:href=\"\/build\/images\/svg\/sprite.1af31c2f854b10d5fc5627a4f4fa61be.svg#icon-check\" href=\"\/build\/images\/svg\/sprite.1af31c2f854b10d5fc5627a4f4fa61be.svg#icon-check\" \/> <\/svg> <\/button> <button class=\"a-link\" data-action=\"manage\">Gestionar mis opciones <svg class=\"a-svg a-svg--icon-edit\"> <use xlink:href=\"\/build\/images\/svg\/sprite.1af31c2f854b10d5fc5627a4f4fa61be.svg#icon-edit\" href=\"\/build\/images\/svg\/sprite.1af31c2f854b10d5fc5627a4f4fa61be.svg#icon-edit\" \/> <\/svg><br \/>\n<\/button> <\/div>\n<\/div>\n<\/div>\n<p>El titular de la oficina humanitaria de Naciones Unidas reclam\u00f3 una \u00abmayor capacidad de tratamiento\u00bb y \u00abequipos de entierro m\u00e1s seguros y dignos\u00bb, as\u00ed como un \u00abmejor acceso para el personal humanitario y los suministros\u00bb.<\/p>\n<p>\u00abNo podemos combatir el \u00e9bola de forma aislada. La poblaci\u00f3n necesita servicios de salud que funcionen, agua potable, saneamiento, alimentos, protecci\u00f3n y medios de subsistencia. Sobre todo, necesitan confianza\u00bb, remarc\u00f3.<\/p>\n<p>Del mismo modo, lament\u00f3 lo que consider\u00f3 la \u00abindiferencia\u00bb mundial frente a la crisis, que&nbsp;\u00abdebe estar en la agenda internacional\u00bb ahora y no esperar a que \u00abel \u00e9bola cruce fronteras para actuar\u00bb.<\/p>\n<h2><strong>El regreso a clases despierta preocupaci\u00f3n<\/strong><\/h2>\n<p>En paralelo, las escuelas reabrieron esta semana en las zonas m\u00e1s afectadas por la epidemia en RD Congo, luego de que el Gobierno congole\u00f1o considerara que los alumnos se arriesgaban a sufrir retrasos en el aprendizaje con una modalidad a distancia.<\/p>\n<p>Seg\u00fan un documento al que pudo acceder la agencia Reuters, el Ministerio de Educaci\u00f3n congole\u00f1o ha clasificado a m\u00e1s de 1.000 escuelas como zona de alto riesgo o de transmisi\u00f3n activa y, en regulaciones publicadas el 19 de agosto, se establec\u00eda que esas instituciones deb\u00edan sustituir temporalmente las clases presenciales por \u00abaprendizaje a distancia\u00bb,&nbsp;que inclu\u00eda hojas de trabajo distribuidas cada dos semanas y programas emitidos por radio y televisi\u00f3n.<\/p>\n<div class=\"m-em-image\">\n<figure class=\"m-item-image m-item-image--original m-item-image--has-caption\"> <picture class=\"a-picture a-picture--original\"><source type=\"image\/webp\" srcset=\"https:\/\/s.france24.com\/media\/display\/be4e5556-a720-11f1-94fb-005056bfb2b6\/w:246\/FOTO-RDC-EBOLA-ESCUELAS.webp 246w, https:\/\/s.france24.com\/media\/display\/be4e5556-a720-11f1-94fb-005056bfb2b6\/w:388\/FOTO-RDC-EBOLA-ESCUELAS.webp 388w, https:\/\/s.france24.com\/media\/display\/be4e5556-a720-11f1-94fb-005056bfb2b6\/w:720\/FOTO-RDC-EBOLA-ESCUELAS.webp 720w, https:\/\/s.france24.com\/media\/display\/be4e5556-a720-11f1-94fb-005056bfb2b6\/w:980\/FOTO-RDC-EBOLA-ESCUELAS.webp 980w\" sizes=\"(max-width: 1023px) calc(100vw - 32px), (min-width: 1024px) 850px\"><img fetchpriority=\"low\" decoding=\"async\" src=\"https:\/\/s.france24.com\/media\/display\/be4e5556-a720-11f1-94fb-005056bfb2b6\/w:980\/FOTO-RDC-EBOLA-ESCUELAS.jpg\" srcset=\"https:\/\/s.france24.com\/media\/display\/be4e5556-a720-11f1-94fb-005056bfb2b6\/w:246\/FOTO-RDC-EBOLA-ESCUELAS.jpg 246w, https:\/\/s.france24.com\/media\/display\/be4e5556-a720-11f1-94fb-005056bfb2b6\/w:388\/FOTO-RDC-EBOLA-ESCUELAS.jpg 388w, https:\/\/s.france24.com\/media\/display\/be4e5556-a720-11f1-94fb-005056bfb2b6\/w:720\/FOTO-RDC-EBOLA-ESCUELAS.jpg 720w, https:\/\/s.france24.com\/media\/display\/be4e5556-a720-11f1-94fb-005056bfb2b6\/w:980\/FOTO-RDC-EBOLA-ESCUELAS.jpg 980w\" sizes=\"(max-width: 1023px) calc(100vw - 32px), (min-width: 1024px) 850px\" alt=\"Una funcionaria toma la temperatura de los estudiantes al entrar a la escuela, el primer d\u00eda del nuevo a\u00f1o escolar en medio del brote del virus del \u00e9bola, en Ituri, RD Congo, el 1 de septiembre de 2026.\" loading=\"lazy\" class=\"a-img \">\n<\/picture><figcaption class=\"a-figcaption\"> Una funcionaria toma la temperatura de los estudiantes al entrar a la escuela, el primer d\u00eda del nuevo a\u00f1o escolar en medio del brote del virus del \u00e9bola, en Ituri, RD Congo, el 1 de septiembre de 2026. \u00a9 Dieudonne Dirole \/ AP <\/figcaption><\/figure>\n<\/p><\/div>\n<p>Sin embargo, un funcionario de esa cartera explic\u00f3 a Reuters que el Ejecutivo congole\u00f1o \u00abrevis\u00f3 su decisi\u00f3n inicial a petici\u00f3n de las autoridades provinciales,&nbsp;que quer\u00edan garantizar que los estudiantes que viven incluso en zonas rojas no se quedaran rezagados en el curr\u00edculo escolar en comparaci\u00f3n con los dem\u00e1s\u00bb.<\/p>\n<p>Por eso, los colegios en Ituri abrieron con normalidad, aunque el oficial citado bajo anonimato por Reuters asever\u00f3 que \u00abante el primer indicio de un caso, cerraremos las escuelas e implementaremos la educaci\u00f3n a distancia\u00bb.<\/p>\n<p>Tambi\u00e9n reabrieron las escuelas en las provincias de Kivu del Norte y Kivu del Sur \u2013controladas por los rebeldes AFC\/M23, respaldados por Ruanda\u2013, bajo instrucciones como lavado de manos y distanciamiento social en las aulas.<\/p>\n<p>La Reine Vahwere, madre de tres hijos peque\u00f1os, explic\u00f3 a Reuters que les puso botellas de desinfectante antes de enviarlos a la escuela en la ciudad de Beni, en la provincia de Kivu del Norte.<\/p>\n<p>\u00abLes dije que evitaran tocarse entre s\u00ed, que no tocaran f\u00edsicamente a sus compa\u00f1eros. Adem\u00e1s, voy a pedir a las autoridades que apliquen el distanciamiento social dentro de las aulas\u00bb, relat\u00f3.<\/p>\n<p class=\"a-read-more\"><span class=\"a-read-more__label\">Leer tambi\u00e9n<\/span><a href=\"https:\/\/www.france24.com\/es\/\u00e1frica\/20260818-la-oms-conf\u00eda-en-que-es-posible-controlar-en-tres-meses-el-brote-de-\u00e9bola-con-los-recursos-necesarios\" target=\"_self\" class=\"a-read-more__link\">La OMS conf\u00eda en que es posible controlar en tres meses el brote de \u00e9bola \u201ccon los recursos necesarios\u201d<\/a><\/p>\n<p>Ese tipo de medidas de prevenci\u00f3n resultan clave para enfrentar al raro virus Bundibugyo, para el que no existe vacuna ni tratamiento aprobado, con algunas investigaciones en desarrollo.<\/p>\n<p>La semana pasada,&nbsp;el Ejecutivo congole\u00f1o comenz\u00f3 a distribuir entre el personal sanitario de primera l\u00ednea en Kisangani, en la regi\u00f3n nororiental de Tshopo, la vacuna Ervebo, que ha contribuido a combatir brotes anteriores de \u00e9bola y que, seg\u00fan la OMS, podr\u00eda ofrecer cierta protecci\u00f3n.<\/p>\n<p>Con Reuters, AP y EFE<\/p>\n","protected":false},"excerpt":{"rendered":"<p>Este 2 de septiembre, el m\u00e1s reciente&#46;&#46;&#46;<\/p>\n","protected":false},"author":1,"featured_media":410602,"comment_status":"closed","ping_status":"closed","sticky":false,"template":"","format":"standard","meta":{"_jetpack_newsletter_access":"","_jetpack_dont_email_post_to_subs":false,"_jetpack_newsletter_tier_id":0,"_jetpack_memberships_contains_paywalled_content":false,"_jetpack_feature_clip_id":0,"_jetpack_memberships_contains_paid_content":false,"footnotes":"","jetpack_publicize_message":"","jetpack_publicize_feature_enabled":true,"jetpack_social_post_already_shared":true,"jetpack_social_options":{"image_generator_settings":{"template":"highway","default_image_id":0,"font":"","enabled":false},"version":2},"jetpack_post_was_ever_published":false},"categories":[43],"tags":[],"class_list":["post-410601","post","type-post","status-publish","format-standard","has-post-thumbnail","hentry","category-internacionales"],"yoast_head":"<!-- This site is optimized with the Yoast SEO plugin v28.1 - https:\/\/yoast.com\/product\/yoast-seo-wordpress\/ -->\n<title>RD Congo supera las 3.000 muertes por el brote de \u00e9bola, sin que los contagios se ralenticen - Sarmiento24h<\/title>\n<meta name=\"robots\" content=\"index, follow, max-snippet:-1, max-image-preview:large, max-video-preview:-1\" \/>\n<link rel=\"canonical\" href=\"https:\/\/sarmiento24h.com\/?p=410601\" \/>\n<meta property=\"og:locale\" content=\"es_ES\" \/>\n<meta property=\"og:type\" content=\"article\" \/>\n<meta property=\"og:title\" content=\"RD Congo supera las 3.000 muertes por el brote de \u00e9bola, sin que los contagios se ralenticen - Sarmiento24h\" \/>\n<meta property=\"og:description\" content=\"Este 2 de septiembre, el m\u00e1s reciente&#046;&#046;&#046;\" \/>\n<meta property=\"og:url\" content=\"https:\/\/sarmiento24h.com\/?p=410601\" \/>\n<meta property=\"og:site_name\" content=\"Sarmiento24h\" \/>\n<meta property=\"article:publisher\" content=\"https:\/\/facebook.com\/s24hnoticias\" \/>\n<meta property=\"article:published_time\" content=\"2026-09-03T00:57:20+00:00\" \/>\n<meta property=\"og:image\" content=\"https:\/\/s.france24.com\/media\/display\/1b20ef54-a579-11f1-ac16-005056a97e36\/w:1024\/p:16x9\/ES-20260831-131454-131627-CS.jpg\" \/>\n<meta name=\"author\" content=\"sarmiento24h@gmail.com\" \/>\n<meta name=\"twitter:card\" content=\"summary_large_image\" \/>\n<meta name=\"twitter:creator\" content=\"@sarmiento24h\" \/>\n<meta name=\"twitter:site\" content=\"@sarmiento24h\" \/>\n<meta name=\"twitter:label1\" content=\"Escrito por\" \/>\n\t<meta name=\"twitter:data1\" content=\"sarmiento24h@gmail.com\" \/>\n\t<meta name=\"twitter:label2\" content=\"Tiempo de lectura\" \/>\n\t<meta name=\"twitter:data2\" content=\"7 minutos\" \/>\n<script type=\"application\/ld+json\" class=\"yoast-schema-graph\">{\"@context\":\"https:\\\/\\\/schema.org\",\"@graph\":[{\"@type\":\"Article\",\"@id\":\"https:\\\/\\\/sarmiento24h.com\\\/?p=410601#article\",\"isPartOf\":{\"@id\":\"https:\\\/\\\/sarmiento24h.com\\\/?p=410601\"},\"author\":{\"name\":\"sarmiento24h@gmail.com\",\"@id\":\"https:\\\/\\\/sarmiento24h.com\\\/#\\\/schema\\\/person\\\/d653a59725ad629a7e0429af7b939d4d\"},\"headline\":\"RD Congo supera las 3.000 muertes por el brote de \u00e9bola, sin que los contagios se ralenticen\",\"datePublished\":\"2026-09-03T00:57:20+00:00\",\"mainEntityOfPage\":{\"@id\":\"https:\\\/\\\/sarmiento24h.com\\\/?p=410601\"},\"wordCount\":1506,\"publisher\":{\"@id\":\"https:\\\/\\\/sarmiento24h.com\\\/#organization\"},\"image\":{\"@id\":\"https:\\\/\\\/sarmiento24h.com\\\/?p=410601#primaryimage\"},\"thumbnailUrl\":\"https:\\\/\\\/sarmiento24h.com\\\/wp-content\\\/uploads\\\/2026\\\/09\\\/rd-congo-supera-las-3-000-muertes-por-el-brote-de-ebola-sin-que-los-contagios-se-ralenticen.jpg\",\"articleSection\":[\"Internacionales\"],\"inLanguage\":\"es\"},{\"@type\":\"WebPage\",\"@id\":\"https:\\\/\\\/sarmiento24h.com\\\/?p=410601\",\"url\":\"https:\\\/\\\/sarmiento24h.com\\\/?p=410601\",\"name\":\"RD Congo supera las 3.000 muertes por el brote de \u00e9bola, sin que los contagios se ralenticen - Sarmiento24h\",\"isPartOf\":{\"@id\":\"https:\\\/\\\/sarmiento24h.com\\\/#website\"},\"primaryImageOfPage\":{\"@id\":\"https:\\\/\\\/sarmiento24h.com\\\/?p=410601#primaryimage\"},\"image\":{\"@id\":\"https:\\\/\\\/sarmiento24h.com\\\/?p=410601#primaryimage\"},\"thumbnailUrl\":\"https:\\\/\\\/sarmiento24h.com\\\/wp-content\\\/uploads\\\/2026\\\/09\\\/rd-congo-supera-las-3-000-muertes-por-el-brote-de-ebola-sin-que-los-contagios-se-ralenticen.jpg\",\"datePublished\":\"2026-09-03T00:57:20+00:00\",\"breadcrumb\":{\"@id\":\"https:\\\/\\\/sarmiento24h.com\\\/?p=410601#breadcrumb\"},\"inLanguage\":\"es\",\"potentialAction\":[{\"@type\":\"ReadAction\",\"target\":[\"https:\\\/\\\/sarmiento24h.com\\\/?p=410601\"]}]},{\"@type\":\"ImageObject\",\"inLanguage\":\"es\",\"@id\":\"https:\\\/\\\/sarmiento24h.com\\\/?p=410601#primaryimage\",\"url\":\"https:\\\/\\\/sarmiento24h.com\\\/wp-content\\\/uploads\\\/2026\\\/09\\\/rd-congo-supera-las-3-000-muertes-por-el-brote-de-ebola-sin-que-los-contagios-se-ralenticen.jpg\",\"contentUrl\":\"https:\\\/\\\/sarmiento24h.com\\\/wp-content\\\/uploads\\\/2026\\\/09\\\/rd-congo-supera-las-3-000-muertes-por-el-brote-de-ebola-sin-que-los-contagios-se-ralenticen.jpg\",\"width\":1024,\"height\":576},{\"@type\":\"BreadcrumbList\",\"@id\":\"https:\\\/\\\/sarmiento24h.com\\\/?p=410601#breadcrumb\",\"itemListElement\":[{\"@type\":\"ListItem\",\"position\":1,\"name\":\"Home\",\"item\":\"https:\\\/\\\/sarmiento24h.com\\\/\"},{\"@type\":\"ListItem\",\"position\":2,\"name\":\"RD Congo supera las 3.000 muertes por el brote de \u00e9bola, sin que los contagios se ralenticen\"}]},{\"@type\":\"WebSite\",\"@id\":\"https:\\\/\\\/sarmiento24h.com\\\/#website\",\"url\":\"https:\\\/\\\/sarmiento24h.com\\\/\",\"name\":\"Sarmiento24h\",\"description\":\"\",\"publisher\":{\"@id\":\"https:\\\/\\\/sarmiento24h.com\\\/#organization\"},\"potentialAction\":[{\"@type\":\"SearchAction\",\"target\":{\"@type\":\"EntryPoint\",\"urlTemplate\":\"https:\\\/\\\/sarmiento24h.com\\\/?s={search_term_string}\"},\"query-input\":{\"@type\":\"PropertyValueSpecification\",\"valueRequired\":true,\"valueName\":\"search_term_string\"}}],\"inLanguage\":\"es\"},{\"@type\":\"Organization\",\"@id\":\"https:\\\/\\\/sarmiento24h.com\\\/#organization\",\"name\":\"Sarmiento24h\",\"url\":\"https:\\\/\\\/sarmiento24h.com\\\/\",\"logo\":{\"@type\":\"ImageObject\",\"inLanguage\":\"es\",\"@id\":\"https:\\\/\\\/sarmiento24h.com\\\/#\\\/schema\\\/logo\\\/image\\\/\",\"url\":\"https:\\\/\\\/sarmiento24h.com\\\/wp-content\\\/uploads\\\/2025\\\/12\\\/AddText_12-16-10.30.52.jpg\",\"contentUrl\":\"https:\\\/\\\/sarmiento24h.com\\\/wp-content\\\/uploads\\\/2025\\\/12\\\/AddText_12-16-10.30.52.jpg\",\"width\":1220,\"height\":324,\"caption\":\"Sarmiento24h\"},\"image\":{\"@id\":\"https:\\\/\\\/sarmiento24h.com\\\/#\\\/schema\\\/logo\\\/image\\\/\"},\"sameAs\":[\"https:\\\/\\\/facebook.com\\\/s24hnoticias\",\"https:\\\/\\\/x.com\\\/sarmiento24h\"]},{\"@type\":\"Person\",\"@id\":\"https:\\\/\\\/sarmiento24h.com\\\/#\\\/schema\\\/person\\\/d653a59725ad629a7e0429af7b939d4d\",\"name\":\"sarmiento24h@gmail.com\",\"image\":{\"@type\":\"ImageObject\",\"inLanguage\":\"es\",\"@id\":\"https:\\\/\\\/sarmiento24h.com\\\/wp-content\\\/litespeed\\\/avatar\\\/d02cbc4e23c747e6659cd45907173c8f.jpg?ver=1788047690\",\"url\":\"https:\\\/\\\/sarmiento24h.com\\\/wp-content\\\/litespeed\\\/avatar\\\/d02cbc4e23c747e6659cd45907173c8f.jpg?ver=1788047690\",\"contentUrl\":\"https:\\\/\\\/sarmiento24h.com\\\/wp-content\\\/litespeed\\\/avatar\\\/d02cbc4e23c747e6659cd45907173c8f.jpg?ver=1788047690\",\"caption\":\"sarmiento24h@gmail.com\"},\"sameAs\":[\"https:\\\/\\\/sarmiento24h.com\"],\"url\":\"https:\\\/\\\/sarmiento24h.com\\\/?author=1\"}]}<\/script>\n<!-- \/ Yoast SEO plugin. -->","yoast_head_json":{"title":"RD Congo supera las 3.000 muertes por el brote de \u00e9bola, sin que los contagios se ralenticen - Sarmiento24h","robots":{"index":"index","follow":"follow","max-snippet":"max-snippet:-1","max-image-preview":"max-image-preview:large","max-video-preview":"max-video-preview:-1"},"canonical":"https:\/\/sarmiento24h.com\/?p=410601","og_locale":"es_ES","og_type":"article","og_title":"RD Congo supera las 3.000 muertes por el brote de \u00e9bola, sin que los contagios se ralenticen - Sarmiento24h","og_description":"Este 2 de septiembre, el m\u00e1s reciente&#46;&#46;&#46;","og_url":"https:\/\/sarmiento24h.com\/?p=410601","og_site_name":"Sarmiento24h","article_publisher":"https:\/\/facebook.com\/s24hnoticias","article_published_time":"2026-09-03T00:57:20+00:00","og_image":[{"url":"https:\/\/s.france24.com\/media\/display\/1b20ef54-a579-11f1-ac16-005056a97e36\/w:1024\/p:16x9\/ES-20260831-131454-131627-CS.jpg","type":"","width":"","height":""}],"author":"sarmiento24h@gmail.com","twitter_card":"summary_large_image","twitter_creator":"@sarmiento24h","twitter_site":"@sarmiento24h","twitter_misc":{"Escrito por":"sarmiento24h@gmail.com","Tiempo de lectura":"7 minutos"},"schema":{"@context":"https:\/\/schema.org","@graph":[{"@type":"Article","@id":"https:\/\/sarmiento24h.com\/?p=410601#article","isPartOf":{"@id":"https:\/\/sarmiento24h.com\/?p=410601"},"author":{"name":"sarmiento24h@gmail.com","@id":"https:\/\/sarmiento24h.com\/#\/schema\/person\/d653a59725ad629a7e0429af7b939d4d"},"headline":"RD Congo supera las 3.000 muertes por el brote de \u00e9bola, sin que los contagios se ralenticen","datePublished":"2026-09-03T00:57:20+00:00","mainEntityOfPage":{"@id":"https:\/\/sarmiento24h.com\/?p=410601"},"wordCount":1506,"publisher":{"@id":"https:\/\/sarmiento24h.com\/#organization"},"image":{"@id":"https:\/\/sarmiento24h.com\/?p=410601#primaryimage"},"thumbnailUrl":"https:\/\/sarmiento24h.com\/wp-content\/uploads\/2026\/09\/rd-congo-supera-las-3-000-muertes-por-el-brote-de-ebola-sin-que-los-contagios-se-ralenticen.jpg","articleSection":["Internacionales"],"inLanguage":"es"},{"@type":"WebPage","@id":"https:\/\/sarmiento24h.com\/?p=410601","url":"https:\/\/sarmiento24h.com\/?p=410601","name":"RD Congo supera las 3.000 muertes por el brote de \u00e9bola, sin que los contagios se ralenticen - Sarmiento24h","isPartOf":{"@id":"https:\/\/sarmiento24h.com\/#website"},"primaryImageOfPage":{"@id":"https:\/\/sarmiento24h.com\/?p=410601#primaryimage"},"image":{"@id":"https:\/\/sarmiento24h.com\/?p=410601#primaryimage"},"thumbnailUrl":"https:\/\/sarmiento24h.com\/wp-content\/uploads\/2026\/09\/rd-congo-supera-las-3-000-muertes-por-el-brote-de-ebola-sin-que-los-contagios-se-ralenticen.jpg","datePublished":"2026-09-03T00:57:20+00:00","breadcrumb":{"@id":"https:\/\/sarmiento24h.com\/?p=410601#breadcrumb"},"inLanguage":"es","potentialAction":[{"@type":"ReadAction","target":["https:\/\/sarmiento24h.com\/?p=410601"]}]},{"@type":"ImageObject","inLanguage":"es","@id":"https:\/\/sarmiento24h.com\/?p=410601#primaryimage","url":"https:\/\/sarmiento24h.com\/wp-content\/uploads\/2026\/09\/rd-congo-supera-las-3-000-muertes-por-el-brote-de-ebola-sin-que-los-contagios-se-ralenticen.jpg","contentUrl":"https:\/\/sarmiento24h.com\/wp-content\/uploads\/2026\/09\/rd-congo-supera-las-3-000-muertes-por-el-brote-de-ebola-sin-que-los-contagios-se-ralenticen.jpg","width":1024,"height":576},{"@type":"BreadcrumbList","@id":"https:\/\/sarmiento24h.com\/?p=410601#breadcrumb","itemListElement":[{"@type":"ListItem","position":1,"name":"Home","item":"https:\/\/sarmiento24h.com\/"},{"@type":"ListItem","position":2,"name":"RD Congo supera las 3.000 muertes por el brote de \u00e9bola, sin que los contagios se ralenticen"}]},{"@type":"WebSite","@id":"https:\/\/sarmiento24h.com\/#website","url":"https:\/\/sarmiento24h.com\/","name":"Sarmiento24h","description":"","publisher":{"@id":"https:\/\/sarmiento24h.com\/#organization"},"potentialAction":[{"@type":"SearchAction","target":{"@type":"EntryPoint","urlTemplate":"https:\/\/sarmiento24h.com\/?s={search_term_string}"},"query-input":{"@type":"PropertyValueSpecification","valueRequired":true,"valueName":"search_term_string"}}],"inLanguage":"es"},{"@type":"Organization","@id":"https:\/\/sarmiento24h.com\/#organization","name":"Sarmiento24h","url":"https:\/\/sarmiento24h.com\/","logo":{"@type":"ImageObject","inLanguage":"es","@id":"https:\/\/sarmiento24h.com\/#\/schema\/logo\/image\/","url":"https:\/\/sarmiento24h.com\/wp-content\/uploads\/2025\/12\/AddText_12-16-10.30.52.jpg","contentUrl":"https:\/\/sarmiento24h.com\/wp-content\/uploads\/2025\/12\/AddText_12-16-10.30.52.jpg","width":1220,"height":324,"caption":"Sarmiento24h"},"image":{"@id":"https:\/\/sarmiento24h.com\/#\/schema\/logo\/image\/"},"sameAs":["https:\/\/facebook.com\/s24hnoticias","https:\/\/x.com\/sarmiento24h"]},{"@type":"Person","@id":"https:\/\/sarmiento24h.com\/#\/schema\/person\/d653a59725ad629a7e0429af7b939d4d","name":"sarmiento24h@gmail.com","image":{"@type":"ImageObject","inLanguage":"es","@id":"https:\/\/sarmiento24h.com\/wp-content\/litespeed\/avatar\/d02cbc4e23c747e6659cd45907173c8f.jpg?ver=1788047690","url":"https:\/\/sarmiento24h.com\/wp-content\/litespeed\/avatar\/d02cbc4e23c747e6659cd45907173c8f.jpg?ver=1788047690","contentUrl":"https:\/\/sarmiento24h.com\/wp-content\/litespeed\/avatar\/d02cbc4e23c747e6659cd45907173c8f.jpg?ver=1788047690","caption":"sarmiento24h@gmail.com"},"sameAs":["https:\/\/sarmiento24h.com"],"url":"https:\/\/sarmiento24h.com\/?author=1"}]}},"jetpack_publicize_connections":[],"jetpack_featured_media_url":"https:\/\/sarmiento24h.com\/wp-content\/uploads\/2026\/09\/rd-congo-supera-las-3-000-muertes-por-el-brote-de-ebola-sin-que-los-contagios-se-ralenticen.jpg","jetpack_sharing_enabled":true,"_links":{"self":[{"href":"https:\/\/sarmiento24h.com\/index.php?rest_route=\/wp\/v2\/posts\/410601","targetHints":{"allow":["GET"]}}],"collection":[{"href":"https:\/\/sarmiento24h.com\/index.php?rest_route=\/wp\/v2\/posts"}],"about":[{"href":"https:\/\/sarmiento24h.com\/index.php?rest_route=\/wp\/v2\/types\/post"}],"author":[{"embeddable":true,"href":"https:\/\/sarmiento24h.com\/index.php?rest_route=\/wp\/v2\/users\/1"}],"replies":[{"embeddable":true,"href":"https:\/\/sarmiento24h.com\/index.php?rest_route=%2Fwp%2Fv2%2Fcomments&post=410601"}],"version-history":[{"count":0,"href":"https:\/\/sarmiento24h.com\/index.php?rest_route=\/wp\/v2\/posts\/410601\/revisions"}],"wp:featuredmedia":[{"embeddable":true,"href":"https:\/\/sarmiento24h.com\/index.php?rest_route=\/wp\/v2\/media\/410602"}],"wp:attachment":[{"href":"https:\/\/sarmiento24h.com\/index.php?rest_route=%2Fwp%2Fv2%2Fmedia&parent=410601"}],"wp:term":[{"taxonomy":"category","embeddable":true,"href":"https:\/\/sarmiento24h.com\/index.php?rest_route=%2Fwp%2Fv2%2Fcategories&post=410601"},{"taxonomy":"post_tag","embeddable":true,"href":"https:\/\/sarmiento24h.com\/index.php?rest_route=%2Fwp%2Fv2%2Ftags&post=410601"}],"curies":[{"name":"wp","href":"https:\/\/api.w.org\/{rel}","templated":true}]}}