{"id":410605,"date":"2026-09-03T00:57:30","date_gmt":"2026-09-03T00:57:30","guid":{"rendered":"https:\/\/pinceldigital.do\/?p=76044"},"modified":"2026-09-03T00:57:30","modified_gmt":"2026-09-03T00:57:30","slug":"republica-dominicana-se-adhiere-a-la-declaracion-de-consenso-de-ginebra-sobre-la-promocion-de-la-salud-de-la-mujer-y-el-fortalecimiento-de-la-familia","status":"publish","type":"post","link":"https:\/\/sarmiento24h.com\/?p=410605","title":{"rendered":"Rep\u00fablica Dominicana se adhiere a la Declaraci\u00f3n de Consenso de Ginebra sobre la promoci\u00f3n de la salud de la mujer y el fortalecimiento de la familia"},"content":{"rendered":"<p class=\"wp-block-paragraph\">\u25cf \u200b\u200b\u200bRep\u00fablica Dominicana se convierte en el pa\u00eds m\u00e1s reciente en adherirse a esta Declaraci\u00f3n, una iniciativa liderada por el presidente Donald Trump impulsada originalmente en 2020. El acuerdo fue suscrito por el ministro V\u00edctor \u2018Ito\u2019 Bison\u00f3 Haza y la embajadora Leah Francis Campos. \u200b\u200b\u200b\u200b \u200b\u200b<br \/>Santo Domingo de Guzm\u00e1n, Rep\u00fablica Dominicana. \u2013 El Gobierno de Rep\u00fablica Dominicana formaliz\u00f3 su adhesi\u00f3n a la Declaraci\u00f3n de Consenso de Ginebra sobre la Promoci\u00f3n de la Salud de la Mujer y el Fortalecimiento de la Familia, un instrumento que promueve las oportunidades de las mujeres, la protecci\u00f3n de la vida y la preservaci\u00f3n de la familia como eje central de una sociedad.<\/p>\n<p class=\"wp-block-paragraph\">El pa\u00eds se sum\u00f3 a la declaraci\u00f3n mediante un Acuerdo de Adhesi\u00f3n suscrito por el ministro de Relaciones Exteriores, V\u00edctor O. Bison\u00f3 Haza; la embajadora de los Estados Unidos en Santo Domingo, Leah Francis Campos; y la secretaria de la Declaraci\u00f3n de Consenso de Ginebra y directora de la Oficina de Asuntos Globales de Salud y Servicios Humanos de los Estados Unidos (HHS), Bethany Kozma.<\/p>\n<p class=\"wp-block-paragraph\">Durante el acto, el canciller Bison\u00f3 indic\u00f3 que la adhesi\u00f3n al Consenso de Ginebra, el pa\u00eds se incorpora a una creciente comunidad de naciones que reconoce el derecho soberano de cada Estado a definir sus propias pol\u00edticas de acuerdo con su marco constitucional, sus leyes y circunstancias nacionales.<\/p>\n<p class=\"wp-block-paragraph\">\u201cEsta firma constituye una expresi\u00f3n de los principios que forman parte de nuestra visi\u00f3n como naci\u00f3n y que est\u00e1n consagrados en nuestra Carta Magna. Creemos en la igualdad de la mujer ante la ley, en su derecho a desarrollar plenamente su potencial y acceder a las oportunidades que le permitan avanzar\u201d, sostuvo.<\/p>\n<p class=\"wp-block-paragraph\">La secretaria Kozma dio la bienvenida a Rep\u00fablica Dominicana al grupo de naciones dedicadas a proteger la vida, la soberan\u00eda nacional, la familia, la maternidad y la salud de las mujeres en todo el mundo.<\/p>\n<p class=\"wp-block-paragraph\">\u201cLa participaci\u00f3n de la Rep\u00fablica Dominicana fortalece esta coalici\u00f3n de manera significativa y otorga una voz a\u00fan m\u00e1s firme a estos principios en el escenario internacional.\u00bb, asegur\u00f3.<\/p>\n<p class=\"wp-block-paragraph\">\u200b\u200bAl sumarse a esta iniciativa, la Rep\u00fablica Dominicana reafirma que \u201ctodos son iguales ante la ley\u201d y que los derechos humanos de las mujeres y las ni\u00f1as son \u201cparte inalienable, integral e indivisible de todos los derechos humanos y libertades fundamentales\u200b\u200b\u201d\u200b\u200b. \u200b \u200b\u200b<\/p>\n<p class=\"wp-block-paragraph\">Asimismo, reconoce que la familia constituye el elemento natural y fundamental de la sociedad y que, como tal, tiene derecho a la protecci\u00f3n de la sociedad y del Estado; y que la cobertura sanitaria es fundamental.<\/p>\n<p class=\"wp-block-paragraph\">De igual forma, la Rep\u00fablica Dominicana se suma a las naciones soberanas que se comprometen a colaborar con miras a garantizar a las mujeres la igualdad de oportunidades en los \u00e1mbitos pol\u00edtico, econ\u00f3mico y p\u00fablico; mejorar el acceso de mujeres y ni\u00f1as a los avances en materia de salud y desarrollo; fortalecer los sistemas de salud y movilizar recursos para atender las necesidades de mujeres y ni\u00f1os en situaci\u00f3n\u200b\u200b de riesgo\u200b\u200b\u200b; as\u00ed como promover pol\u00edticas p\u00fablicas favorables a las mujeres, las ni\u00f1as y las familias.<\/p>\n<p class=\"wp-block-paragraph\">Mediante el instrumento, el pa\u00eds reafirma la importancia de la familia como base de la sociedad y como fuente de salud, apoyo y cuidado, al tiempo que reconoce la responsabilidad primordial de los gobiernos de determinar, conforme a sus contextos y prioridades nacionales, las pol\u00edticas y mecanismos para alcanzar la cobertura sanitaria.<\/p>\n<p class=\"wp-block-paragraph\">La Declaraci\u00f3n plantea, adem\u00e1s, que los pa\u00edses adherentes trabajen de manera coordinada en los espacios multilaterales y entablen un di\u00e1logo dentro del sistema de las Naciones Unidas para promover los valores y principios contenidos en el documento, bajo un enfoque de cooperaci\u00f3n entre los Estados.<\/p>\n<p class=\"wp-block-paragraph\">Impulsada originalmente en 2020 como una iniciativa liderada por el presidente de los Estados Unidos, Donald J. Trump, la Declaraci\u00f3n de Consenso de Ginebra sobre la Promoci\u00f3n de la Salud de la Mujer y el Fortalecimiento de la Familia\u200b \u200bre\u00fane a naciones para proteger la vida, fortalecer la familia y mejorar los resultados de salud de las mujeres y las ni\u00f1as.<\/p>\n<p class=\"wp-block-paragraph\">En el acto de firma, celebrado en el Sal\u00f3n Verde del Ministerio de Relaciones Exteriores, estuvieron presentes el ministro de Salud P\u00fablica, V\u00edctor Atallah; los viceministros, Rub\u00e9n Sili\u00e9, Francisco Caraballo, Hugo F. Rivera y Celin\u00e9s Toribio. Adem\u00e1s, directores y otros funcionarios del MIREX, as\u00ed como funcionarios de la Embajada de los Estados Unidos de Am\u00e9rica en Santo Domingo.<\/p>\n<figure class=\"wp-block-gallery has-nested-images columns-default is-cropped wp-block-gallery-1 is-layout-flex wp-block-gallery-is-layout-flex\">\n<figure class=\"wp-block-image size-large\"><img loading=\"lazy\" decoding=\"async\" data-recalc-dims=\"1\" width=\"696\" height=\"464\" data-id=\"76045\" src=\"https:\/\/i0.wp.com\/pinceldigital.do\/wp-content\/uploads\/2026\/09\/288c8196-3df8-4b84-be61-f3fe9c06667a.jpeg?resize=696%2C464&amp;ssl=1\" alt class=\"wp-image-76045\" srcset=\"https:\/\/i0.wp.com\/pinceldigital.do\/wp-content\/uploads\/2026\/09\/288c8196-3df8-4b84-be61-f3fe9c06667a.jpeg?w=696&amp;ssl=1 696w, https:\/\/i0.wp.com\/pinceldigital.do\/wp-content\/uploads\/2026\/09\/288c8196-3df8-4b84-be61-f3fe9c06667a.jpeg?resize=300%2C200&amp;ssl=1 300w, https:\/\/i0.wp.com\/pinceldigital.do\/wp-content\/uploads\/2026\/09\/288c8196-3df8-4b84-be61-f3fe9c06667a.jpeg?resize=630%2C420&amp;ssl=1 630w\" sizes=\"auto, (max-width: 696px) 100vw, 696px\"><\/figure>\n<\/figure>\n","protected":false},"excerpt":{"rendered":"<p>\u25cf \u200b\u200b\u200bRep\u00fablica Dominicana se convierte en el&#46;&#46;&#46;<\/p>\n","protected":false},"author":1,"featured_media":410606,"comment_status":"closed","ping_status":"closed","sticky":false,"template":"","format":"standard","meta":{"_jetpack_newsletter_access":"","_jetpack_dont_email_post_to_subs":false,"_jetpack_newsletter_tier_id":0,"_jetpack_memberships_contains_paywalled_content":false,"_jetpack_feature_clip_id":0,"_jetpack_memberships_contains_paid_content":false,"footnotes":"","jetpack_publicize_message":"","jetpack_publicize_feature_enabled":true,"jetpack_social_post_already_shared":true,"jetpack_social_options":{"image_generator_settings":{"template":"highway","default_image_id":0,"font":"","enabled":false},"version":2},"jetpack_post_was_ever_published":false},"categories":[42],"tags":[],"class_list":["post-410605","post","type-post","status-publish","format-standard","has-post-thumbnail","hentry","category-nacionales"],"yoast_head":"<!-- This site is optimized with the Yoast SEO plugin v28.1 - https:\/\/yoast.com\/product\/yoast-seo-wordpress\/ -->\n<title>Rep\u00fablica Dominicana se adhiere a la Declaraci\u00f3n de Consenso de Ginebra sobre la promoci\u00f3n de la salud de la mujer y el fortalecimiento de la familia - Sarmiento24h<\/title>\n<meta name=\"robots\" content=\"index, follow, max-snippet:-1, max-image-preview:large, max-video-preview:-1\" \/>\n<link rel=\"canonical\" href=\"https:\/\/sarmiento24h.com\/?p=410605\" \/>\n<meta property=\"og:locale\" content=\"es_ES\" \/>\n<meta property=\"og:type\" content=\"article\" \/>\n<meta property=\"og:title\" content=\"Rep\u00fablica Dominicana se adhiere a la Declaraci\u00f3n de Consenso de Ginebra sobre la promoci\u00f3n de la salud de la mujer y el fortalecimiento de la familia - Sarmiento24h\" \/>\n<meta property=\"og:description\" content=\"\u25cf \u200b\u200b\u200bRep\u00fablica Dominicana se convierte en el&#046;&#046;&#046;\" \/>\n<meta property=\"og:url\" content=\"https:\/\/sarmiento24h.com\/?p=410605\" \/>\n<meta property=\"og:site_name\" content=\"Sarmiento24h\" \/>\n<meta property=\"article:publisher\" content=\"https:\/\/facebook.com\/s24hnoticias\" \/>\n<meta property=\"article:published_time\" content=\"2026-09-03T00:57:30+00:00\" \/>\n<meta name=\"author\" content=\"sarmiento24h@gmail.com\" \/>\n<meta name=\"twitter:card\" content=\"summary_large_image\" \/>\n<meta name=\"twitter:creator\" content=\"@sarmiento24h\" \/>\n<meta name=\"twitter:site\" content=\"@sarmiento24h\" \/>\n<meta name=\"twitter:label1\" content=\"Escrito por\" \/>\n\t<meta name=\"twitter:data1\" content=\"sarmiento24h@gmail.com\" \/>\n\t<meta name=\"twitter:label2\" content=\"Tiempo de lectura\" \/>\n\t<meta name=\"twitter:data2\" content=\"4 minutos\" \/>\n<script type=\"application\/ld+json\" class=\"yoast-schema-graph\">{\"@context\":\"https:\\\/\\\/schema.org\",\"@graph\":[{\"@type\":\"Article\",\"@id\":\"https:\\\/\\\/sarmiento24h.com\\\/?p=410605#article\",\"isPartOf\":{\"@id\":\"https:\\\/\\\/sarmiento24h.com\\\/?p=410605\"},\"author\":{\"name\":\"sarmiento24h@gmail.com\",\"@id\":\"https:\\\/\\\/sarmiento24h.com\\\/#\\\/schema\\\/person\\\/d653a59725ad629a7e0429af7b939d4d\"},\"headline\":\"Rep\u00fablica Dominicana se adhiere a la Declaraci\u00f3n de Consenso de Ginebra sobre la promoci\u00f3n de la salud de la mujer y el fortalecimiento de la familia\",\"datePublished\":\"2026-09-03T00:57:30+00:00\",\"mainEntityOfPage\":{\"@id\":\"https:\\\/\\\/sarmiento24h.com\\\/?p=410605\"},\"wordCount\":800,\"publisher\":{\"@id\":\"https:\\\/\\\/sarmiento24h.com\\\/#organization\"},\"image\":{\"@id\":\"https:\\\/\\\/sarmiento24h.com\\\/?p=410605#primaryimage\"},\"thumbnailUrl\":\"https:\\\/\\\/sarmiento24h.com\\\/wp-content\\\/uploads\\\/2026\\\/09\\\/republica-dominicana-se-adhiere-a-la-declaracion-de-consenso-de-ginebra-sobre-la-promocion-de-la-salud-de-la-mujer-y-el-fortalecimiento-de-la-familia.jpg\",\"articleSection\":[\"Nacionales\"],\"inLanguage\":\"es\"},{\"@type\":\"WebPage\",\"@id\":\"https:\\\/\\\/sarmiento24h.com\\\/?p=410605\",\"url\":\"https:\\\/\\\/sarmiento24h.com\\\/?p=410605\",\"name\":\"Rep\u00fablica Dominicana se adhiere a la Declaraci\u00f3n de Consenso de Ginebra sobre la promoci\u00f3n de la salud de la mujer y el fortalecimiento de la familia - Sarmiento24h\",\"isPartOf\":{\"@id\":\"https:\\\/\\\/sarmiento24h.com\\\/#website\"},\"primaryImageOfPage\":{\"@id\":\"https:\\\/\\\/sarmiento24h.com\\\/?p=410605#primaryimage\"},\"image\":{\"@id\":\"https:\\\/\\\/sarmiento24h.com\\\/?p=410605#primaryimage\"},\"thumbnailUrl\":\"https:\\\/\\\/sarmiento24h.com\\\/wp-content\\\/uploads\\\/2026\\\/09\\\/republica-dominicana-se-adhiere-a-la-declaracion-de-consenso-de-ginebra-sobre-la-promocion-de-la-salud-de-la-mujer-y-el-fortalecimiento-de-la-familia.jpg\",\"datePublished\":\"2026-09-03T00:57:30+00:00\",\"breadcrumb\":{\"@id\":\"https:\\\/\\\/sarmiento24h.com\\\/?p=410605#breadcrumb\"},\"inLanguage\":\"es\",\"potentialAction\":[{\"@type\":\"ReadAction\",\"target\":[\"https:\\\/\\\/sarmiento24h.com\\\/?p=410605\"]}]},{\"@type\":\"ImageObject\",\"inLanguage\":\"es\",\"@id\":\"https:\\\/\\\/sarmiento24h.com\\\/?p=410605#primaryimage\",\"url\":\"https:\\\/\\\/sarmiento24h.com\\\/wp-content\\\/uploads\\\/2026\\\/09\\\/republica-dominicana-se-adhiere-a-la-declaracion-de-consenso-de-ginebra-sobre-la-promocion-de-la-salud-de-la-mujer-y-el-fortalecimiento-de-la-familia.jpg\",\"contentUrl\":\"https:\\\/\\\/sarmiento24h.com\\\/wp-content\\\/uploads\\\/2026\\\/09\\\/republica-dominicana-se-adhiere-a-la-declaracion-de-consenso-de-ginebra-sobre-la-promocion-de-la-salud-de-la-mujer-y-el-fortalecimiento-de-la-familia.jpg\",\"width\":696,\"height\":464},{\"@type\":\"BreadcrumbList\",\"@id\":\"https:\\\/\\\/sarmiento24h.com\\\/?p=410605#breadcrumb\",\"itemListElement\":[{\"@type\":\"ListItem\",\"position\":1,\"name\":\"Home\",\"item\":\"https:\\\/\\\/sarmiento24h.com\\\/\"},{\"@type\":\"ListItem\",\"position\":2,\"name\":\"Rep\u00fablica Dominicana se adhiere a la Declaraci\u00f3n de Consenso de Ginebra sobre la promoci\u00f3n de la salud de la mujer y el fortalecimiento de la familia\"}]},{\"@type\":\"WebSite\",\"@id\":\"https:\\\/\\\/sarmiento24h.com\\\/#website\",\"url\":\"https:\\\/\\\/sarmiento24h.com\\\/\",\"name\":\"Sarmiento24h\",\"description\":\"\",\"publisher\":{\"@id\":\"https:\\\/\\\/sarmiento24h.com\\\/#organization\"},\"potentialAction\":[{\"@type\":\"SearchAction\",\"target\":{\"@type\":\"EntryPoint\",\"urlTemplate\":\"https:\\\/\\\/sarmiento24h.com\\\/?s={search_term_string}\"},\"query-input\":{\"@type\":\"PropertyValueSpecification\",\"valueRequired\":true,\"valueName\":\"search_term_string\"}}],\"inLanguage\":\"es\"},{\"@type\":\"Organization\",\"@id\":\"https:\\\/\\\/sarmiento24h.com\\\/#organization\",\"name\":\"Sarmiento24h\",\"url\":\"https:\\\/\\\/sarmiento24h.com\\\/\",\"logo\":{\"@type\":\"ImageObject\",\"inLanguage\":\"es\",\"@id\":\"https:\\\/\\\/sarmiento24h.com\\\/#\\\/schema\\\/logo\\\/image\\\/\",\"url\":\"https:\\\/\\\/sarmiento24h.com\\\/wp-content\\\/uploads\\\/2025\\\/12\\\/AddText_12-16-10.30.52.jpg\",\"contentUrl\":\"https:\\\/\\\/sarmiento24h.com\\\/wp-content\\\/uploads\\\/2025\\\/12\\\/AddText_12-16-10.30.52.jpg\",\"width\":1220,\"height\":324,\"caption\":\"Sarmiento24h\"},\"image\":{\"@id\":\"https:\\\/\\\/sarmiento24h.com\\\/#\\\/schema\\\/logo\\\/image\\\/\"},\"sameAs\":[\"https:\\\/\\\/facebook.com\\\/s24hnoticias\",\"https:\\\/\\\/x.com\\\/sarmiento24h\"]},{\"@type\":\"Person\",\"@id\":\"https:\\\/\\\/sarmiento24h.com\\\/#\\\/schema\\\/person\\\/d653a59725ad629a7e0429af7b939d4d\",\"name\":\"sarmiento24h@gmail.com\",\"image\":{\"@type\":\"ImageObject\",\"inLanguage\":\"es\",\"@id\":\"https:\\\/\\\/sarmiento24h.com\\\/wp-content\\\/litespeed\\\/avatar\\\/d02cbc4e23c747e6659cd45907173c8f.jpg?ver=1788047690\",\"url\":\"https:\\\/\\\/sarmiento24h.com\\\/wp-content\\\/litespeed\\\/avatar\\\/d02cbc4e23c747e6659cd45907173c8f.jpg?ver=1788047690\",\"contentUrl\":\"https:\\\/\\\/sarmiento24h.com\\\/wp-content\\\/litespeed\\\/avatar\\\/d02cbc4e23c747e6659cd45907173c8f.jpg?ver=1788047690\",\"caption\":\"sarmiento24h@gmail.com\"},\"sameAs\":[\"https:\\\/\\\/sarmiento24h.com\"],\"url\":\"https:\\\/\\\/sarmiento24h.com\\\/?author=1\"}]}<\/script>\n<!-- \/ Yoast SEO plugin. -->","yoast_head_json":{"title":"Rep\u00fablica Dominicana se adhiere a la Declaraci\u00f3n de Consenso de Ginebra sobre la promoci\u00f3n de la salud de la mujer y el fortalecimiento de la familia - Sarmiento24h","robots":{"index":"index","follow":"follow","max-snippet":"max-snippet:-1","max-image-preview":"max-image-preview:large","max-video-preview":"max-video-preview:-1"},"canonical":"https:\/\/sarmiento24h.com\/?p=410605","og_locale":"es_ES","og_type":"article","og_title":"Rep\u00fablica Dominicana se adhiere a la Declaraci\u00f3n de Consenso de Ginebra sobre la promoci\u00f3n de la salud de la mujer y el fortalecimiento de la familia - Sarmiento24h","og_description":"\u25cf \u200b\u200b\u200bRep\u00fablica Dominicana se convierte en el&#46;&#46;&#46;","og_url":"https:\/\/sarmiento24h.com\/?p=410605","og_site_name":"Sarmiento24h","article_publisher":"https:\/\/facebook.com\/s24hnoticias","article_published_time":"2026-09-03T00:57:30+00:00","author":"sarmiento24h@gmail.com","twitter_card":"summary_large_image","twitter_creator":"@sarmiento24h","twitter_site":"@sarmiento24h","twitter_misc":{"Escrito por":"sarmiento24h@gmail.com","Tiempo de lectura":"4 minutos"},"schema":{"@context":"https:\/\/schema.org","@graph":[{"@type":"Article","@id":"https:\/\/sarmiento24h.com\/?p=410605#article","isPartOf":{"@id":"https:\/\/sarmiento24h.com\/?p=410605"},"author":{"name":"sarmiento24h@gmail.com","@id":"https:\/\/sarmiento24h.com\/#\/schema\/person\/d653a59725ad629a7e0429af7b939d4d"},"headline":"Rep\u00fablica Dominicana se adhiere a la Declaraci\u00f3n de Consenso de Ginebra sobre la promoci\u00f3n de la salud de la mujer y el fortalecimiento de la familia","datePublished":"2026-09-03T00:57:30+00:00","mainEntityOfPage":{"@id":"https:\/\/sarmiento24h.com\/?p=410605"},"wordCount":800,"publisher":{"@id":"https:\/\/sarmiento24h.com\/#organization"},"image":{"@id":"https:\/\/sarmiento24h.com\/?p=410605#primaryimage"},"thumbnailUrl":"https:\/\/sarmiento24h.com\/wp-content\/uploads\/2026\/09\/republica-dominicana-se-adhiere-a-la-declaracion-de-consenso-de-ginebra-sobre-la-promocion-de-la-salud-de-la-mujer-y-el-fortalecimiento-de-la-familia.jpg","articleSection":["Nacionales"],"inLanguage":"es"},{"@type":"WebPage","@id":"https:\/\/sarmiento24h.com\/?p=410605","url":"https:\/\/sarmiento24h.com\/?p=410605","name":"Rep\u00fablica Dominicana se adhiere a la Declaraci\u00f3n de Consenso de Ginebra sobre la promoci\u00f3n de la salud de la mujer y el fortalecimiento de la familia - Sarmiento24h","isPartOf":{"@id":"https:\/\/sarmiento24h.com\/#website"},"primaryImageOfPage":{"@id":"https:\/\/sarmiento24h.com\/?p=410605#primaryimage"},"image":{"@id":"https:\/\/sarmiento24h.com\/?p=410605#primaryimage"},"thumbnailUrl":"https:\/\/sarmiento24h.com\/wp-content\/uploads\/2026\/09\/republica-dominicana-se-adhiere-a-la-declaracion-de-consenso-de-ginebra-sobre-la-promocion-de-la-salud-de-la-mujer-y-el-fortalecimiento-de-la-familia.jpg","datePublished":"2026-09-03T00:57:30+00:00","breadcrumb":{"@id":"https:\/\/sarmiento24h.com\/?p=410605#breadcrumb"},"inLanguage":"es","potentialAction":[{"@type":"ReadAction","target":["https:\/\/sarmiento24h.com\/?p=410605"]}]},{"@type":"ImageObject","inLanguage":"es","@id":"https:\/\/sarmiento24h.com\/?p=410605#primaryimage","url":"https:\/\/sarmiento24h.com\/wp-content\/uploads\/2026\/09\/republica-dominicana-se-adhiere-a-la-declaracion-de-consenso-de-ginebra-sobre-la-promocion-de-la-salud-de-la-mujer-y-el-fortalecimiento-de-la-familia.jpg","contentUrl":"https:\/\/sarmiento24h.com\/wp-content\/uploads\/2026\/09\/republica-dominicana-se-adhiere-a-la-declaracion-de-consenso-de-ginebra-sobre-la-promocion-de-la-salud-de-la-mujer-y-el-fortalecimiento-de-la-familia.jpg","width":696,"height":464},{"@type":"BreadcrumbList","@id":"https:\/\/sarmiento24h.com\/?p=410605#breadcrumb","itemListElement":[{"@type":"ListItem","position":1,"name":"Home","item":"https:\/\/sarmiento24h.com\/"},{"@type":"ListItem","position":2,"name":"Rep\u00fablica Dominicana se adhiere a la Declaraci\u00f3n de Consenso de Ginebra sobre la promoci\u00f3n de la salud de la mujer y el fortalecimiento de la familia"}]},{"@type":"WebSite","@id":"https:\/\/sarmiento24h.com\/#website","url":"https:\/\/sarmiento24h.com\/","name":"Sarmiento24h","description":"","publisher":{"@id":"https:\/\/sarmiento24h.com\/#organization"},"potentialAction":[{"@type":"SearchAction","target":{"@type":"EntryPoint","urlTemplate":"https:\/\/sarmiento24h.com\/?s={search_term_string}"},"query-input":{"@type":"PropertyValueSpecification","valueRequired":true,"valueName":"search_term_string"}}],"inLanguage":"es"},{"@type":"Organization","@id":"https:\/\/sarmiento24h.com\/#organization","name":"Sarmiento24h","url":"https:\/\/sarmiento24h.com\/","logo":{"@type":"ImageObject","inLanguage":"es","@id":"https:\/\/sarmiento24h.com\/#\/schema\/logo\/image\/","url":"https:\/\/sarmiento24h.com\/wp-content\/uploads\/2025\/12\/AddText_12-16-10.30.52.jpg","contentUrl":"https:\/\/sarmiento24h.com\/wp-content\/uploads\/2025\/12\/AddText_12-16-10.30.52.jpg","width":1220,"height":324,"caption":"Sarmiento24h"},"image":{"@id":"https:\/\/sarmiento24h.com\/#\/schema\/logo\/image\/"},"sameAs":["https:\/\/facebook.com\/s24hnoticias","https:\/\/x.com\/sarmiento24h"]},{"@type":"Person","@id":"https:\/\/sarmiento24h.com\/#\/schema\/person\/d653a59725ad629a7e0429af7b939d4d","name":"sarmiento24h@gmail.com","image":{"@type":"ImageObject","inLanguage":"es","@id":"https:\/\/sarmiento24h.com\/wp-content\/litespeed\/avatar\/d02cbc4e23c747e6659cd45907173c8f.jpg?ver=1788047690","url":"https:\/\/sarmiento24h.com\/wp-content\/litespeed\/avatar\/d02cbc4e23c747e6659cd45907173c8f.jpg?ver=1788047690","contentUrl":"https:\/\/sarmiento24h.com\/wp-content\/litespeed\/avatar\/d02cbc4e23c747e6659cd45907173c8f.jpg?ver=1788047690","caption":"sarmiento24h@gmail.com"},"sameAs":["https:\/\/sarmiento24h.com"],"url":"https:\/\/sarmiento24h.com\/?author=1"}]}},"jetpack_publicize_connections":[],"jetpack_featured_media_url":"https:\/\/sarmiento24h.com\/wp-content\/uploads\/2026\/09\/republica-dominicana-se-adhiere-a-la-declaracion-de-consenso-de-ginebra-sobre-la-promocion-de-la-salud-de-la-mujer-y-el-fortalecimiento-de-la-familia.jpg","jetpack_sharing_enabled":true,"_links":{"self":[{"href":"https:\/\/sarmiento24h.com\/index.php?rest_route=\/wp\/v2\/posts\/410605","targetHints":{"allow":["GET"]}}],"collection":[{"href":"https:\/\/sarmiento24h.com\/index.php?rest_route=\/wp\/v2\/posts"}],"about":[{"href":"https:\/\/sarmiento24h.com\/index.php?rest_route=\/wp\/v2\/types\/post"}],"author":[{"embeddable":true,"href":"https:\/\/sarmiento24h.com\/index.php?rest_route=\/wp\/v2\/users\/1"}],"replies":[{"embeddable":true,"href":"https:\/\/sarmiento24h.com\/index.php?rest_route=%2Fwp%2Fv2%2Fcomments&post=410605"}],"version-history":[{"count":0,"href":"https:\/\/sarmiento24h.com\/index.php?rest_route=\/wp\/v2\/posts\/410605\/revisions"}],"wp:featuredmedia":[{"embeddable":true,"href":"https:\/\/sarmiento24h.com\/index.php?rest_route=\/wp\/v2\/media\/410606"}],"wp:attachment":[{"href":"https:\/\/sarmiento24h.com\/index.php?rest_route=%2Fwp%2Fv2%2Fmedia&parent=410605"}],"wp:term":[{"taxonomy":"category","embeddable":true,"href":"https:\/\/sarmiento24h.com\/index.php?rest_route=%2Fwp%2Fv2%2Fcategories&post=410605"},{"taxonomy":"post_tag","embeddable":true,"href":"https:\/\/sarmiento24h.com\/index.php?rest_route=%2Fwp%2Fv2%2Ftags&post=410605"}],"curies":[{"name":"wp","href":"https:\/\/api.w.org\/{rel}","templated":true}]}}