{"id":410748,"date":"2026-09-03T03:05:05","date_gmt":"2026-09-03T03:05:05","guid":{"rendered":"http:\/\/5eadd8a4-a740-11f1-9b62-011d68c80c6e"},"modified":"2026-09-03T03:05:05","modified_gmt":"2026-09-03T03:05:05","slug":"un-sentimiento-de-verguenza-y-humillacion-una-familia-haitiana-culpa-a-ice-por-el-suicidio-de-un-joven","status":"publish","type":"post","link":"https:\/\/sarmiento24h.com\/?p=410748","title":{"rendered":"\u201cUn sentimiento de verg\u00fcenza y humillaci\u00f3n\u201d: una familia haitiana culpa a ICE por el suicidio de un joven"},"content":{"rendered":"<div><img decoding=\"async\" src=\"https:\/\/s.france24.com\/media\/display\/18979eea-a740-11f1-ba18-005056bf30b7\/w:1280\/p:16x9\/AP26028748261632.jpg\" class=\"ff-og-image-inserted\"><\/div>\n<p>Un estudiante modelo reclutado por una universidad gracias a sus habilidades deportivas, Pierre Damas Bel recibi\u00f3 cartas de recomendaci\u00f3n de profesores y mentores dirigidas al juez que llevaba su caso de <a href=\"https:\/\/www.france24.com\/es\/tag\/inmigraci\u00f3n\/\" target=\"_self\" class=\"gtm-add-suggested-tag\">inmigraci\u00f3n<\/a>. Sin embargo, termin\u00f3 arrollado en un aparente suicidio en una carretera de Ohio, un desenlace por el que su familia responsabiliza al Servicio de Inmigraci\u00f3n y Control de Aduanas (<a href=\"https:\/\/www.france24.com\/es\/tag\/servicio-de-inmigraci\u00f3n-y-aduanas-ice\/\" target=\"_self\" class=\"gtm-add-suggested-tag\">ICE<\/a>).<\/p>\n<p>Bel lleg\u00f3 a <a href=\"https:\/\/www.france24.com\/es\/tag\/estados-unidos\/\" target=\"_self\" class=\"gtm-add-suggested-tag\">Estados Unidos<\/a> en 2024, luego de acogerse al programa CPB One, habilitado por el Gobierno de <a href=\"https:\/\/www.france24.com\/es\/tag\/joe-biden\/\" target=\"_self\" class=\"gtm-add-suggested-tag\">Joe Biden<\/a> y posteriormente eliminado por el de <a href=\"https:\/\/www.france24.com\/es\/tag\/donald-trump\/\" target=\"_self\" class=\"gtm-add-suggested-tag\">Donald Trump<\/a>, mediante el cual los <a href=\"https:\/\/www.france24.com\/es\/tag\/migrantes\/\" target=\"_self\" class=\"gtm-add-suggested-tag\">migrantes<\/a> pod\u00edan programar citas en la frontera para aplicar por un asilo.<\/p>\n<p>Su prop\u00f3sito era reunirse con su familia y continuar con sus estudios en Springfield, Ohio, una ciudad en la que la comunidad haitiana fue objeto de una feroz campa\u00f1a de estigmatizaci\u00f3n durante la campa\u00f1a presidencial de Trump, incluyendo se\u00f1alamientos de que los migrantes se com\u00edan a las mascotas de sus vecinos.<\/p>\n<p>Durante sus primeros a\u00f1os en la ciudad, ingres\u00f3 a la Sociedad de Honor Nacional (un club escolar reservado a los mejores estudiantes) y al programa JROCT, una versi\u00f3n del Cuerpo de Marines para la escuela secundaria. Adem\u00e1s, fue reclutado para el equipo de f\u00fatbol de su escuela y eso le vali\u00f3 un cupo para estudiar fisiolog\u00eda y neurociencias en la Universidad de Wright State.<\/p>\n<h2><strong>El derrumbe de los planes<\/strong><\/h2>\n<p>La agresiva pol\u00edtica antinmigraci\u00f3n de la Administraci\u00f3n Trump cambi\u00f3 todo para el joven de 20 a\u00f1os. Perdi\u00f3 la protecci\u00f3n que el TPS proporcionaba a los haitianos (unas 300.000 personas que ahora est\u00e1n expuestas a la deportaci\u00f3n) y el 29 de julio, el ICE le instal\u00f3 un monitor de tobillo que deb\u00eda llevar mientras avanzaba su proceso en las cortes de inmigraci\u00f3n.<\/p>\n<p class=\"a-read-more\"><span class=\"a-read-more__label\">Leer tambi\u00e9n<\/span><a href=\"https:\/\/www.france24.com\/es\/am\u00e9rica-latina\/20260829-de-vuelta-al-infierno-casi-200-000-deportados-a-un-hait\u00ed-asediado-por-la-violencia-de-las-pandillas\" target=\"_self\" class=\"a-read-more__link\">De vuelta al infierno: casi 200.000 deportados a un Hait\u00ed asediado por la violencia de las pandillas<\/a><\/p>\n<p>En dos oportunidades intent\u00f3 infructuosamente que la agencia le retirara el dispositivo, pues no le permit\u00eda usar ni el uniforme deportivo ni el militar.<\/p>\n<p>En publicaciones en redes sociales, habl\u00f3 sobre el acoso al que sus compa\u00f1eros de estudio lo somet\u00edan por llevar el grillete electr\u00f3nico.<\/p>\n<blockquote class=\"quote\" readability=\"12\">\n<p>\u00abYo vine a este pa\u00eds para conseguir una educaci\u00f3n. No vine aqu\u00ed para cometer un crimen o hacer da\u00f1o a nadie. Aun as\u00ed, ahora camino las calles de Estados Unidos con un monitor GPS en mi pierna, con un sentimiento de verg\u00fcenza y humillaci\u00f3n que nunca imagin\u00e9 que experimentar\u00eda\u00bb, escribi\u00f3 en Instagram, en una publicaci\u00f3n en la que muestra el voluminoso dispositivo.<\/p>\n<\/blockquote>\n<p>\u00abYo vine aqu\u00ed a estudiar, a construir mi futuro y vivir una mejor (vida), no a ser tratado como un criminal. As\u00ed que ahora, \u00bfC\u00f3mo se supone que vaya a jugar en los deportes universitarios con un monitor GPS en mi pierna?\u00bb, se pregunt\u00f3 en sus redes sociales.<\/p>\n<div id=\"em-WBMZ417315-F24-ES-20260903\" class=\"m-em-flash\" data-xtwitter-script>\n<div class=\"o-em-consent \" readability=\"7\">\n<div class=\"o-em-consent__content\" readability=\"34\">\n<p class=\"o-em-consent__content__text\">Para mostrar este contenido de X (Twitter), debe autorizar las cookies de medici\u00f3n de audiencia y publicidad.<\/p>\n<p> <button class=\"a-master-button a-master-button--dark\" data-action=\"accept\"> Aceptar <svg class=\"a-svg a-svg--icon-check\"> <use xlink:href=\"\/build\/images\/svg\/sprite.1af31c2f854b10d5fc5627a4f4fa61be.svg#icon-check\" href=\"\/build\/images\/svg\/sprite.1af31c2f854b10d5fc5627a4f4fa61be.svg#icon-check\" \/> <\/svg> <\/button> <button class=\"a-link\" data-action=\"manage\">Gestionar mis opciones <svg class=\"a-svg a-svg--icon-edit\"> <use xlink:href=\"\/build\/images\/svg\/sprite.1af31c2f854b10d5fc5627a4f4fa61be.svg#icon-edit\" href=\"\/build\/images\/svg\/sprite.1af31c2f854b10d5fc5627a4f4fa61be.svg#icon-edit\" \/> <\/svg><br \/>\n<\/button> <\/div>\n<\/div>\n<\/div>\n<p>El 31 de agosto, Bel estacion\u00f3 su auto en la interestatal 70 y camin\u00f3 hacia el tr\u00e1fico, despu\u00e9s de una angustiosa videollamada a su padre, en la que le confes\u00f3: \u201cNo me encuentro bien, no estoy pensando bien\u201d.<\/p>\n<p>Su familia cree que la tr\u00e1gica decisi\u00f3n fue instigada por la presi\u00f3n emocional de haber perdido sus protecciones migratorias, pero tambi\u00e9n por el monitor en su tobillo. \u00abDespu\u00e9s de que a mi hijo le pusieran un dispositivo en el tobillo, sinti\u00f3 que le trataban como un animal\u00bb, dijo su padre, Pierres Ronal Bel, en un comunicado. \u201cLo acosaban mucho\u201d.<\/p>\n<h2><strong>Un estudiante modelo<\/strong><\/h2>\n<p>El medio \u2018NBC4\u2019, que report\u00f3 la historia del joven haitiano, dijo que el ICE se hab\u00eda negado a comentar sobre las circunstancias de su muerte mientras el caso continuara bajo investigaci\u00f3n, pero un portavoz del Departamento de Seguridad Nacional (DHS), del que depende la agencia, asegur\u00f3 que la situaci\u00f3n de Bel fue producto de \u201cuna elecci\u00f3n\u201d.<\/p>\n<p>\u00abPermanecer en el pa\u00eds ilegalmente, mientras luchas contra la expulsi\u00f3n, es una<strong>&nbsp;<\/strong>elecci\u00f3n. Salir con un vuelo gratuito a casa y 2.600 d\u00f3lares tambi\u00e9n es una opci\u00f3n. ICE seguir\u00e1 utilizando la detenci\u00f3n o alternativas a la detenci\u00f3n seg\u00fan sea necesario para aquellos inmigrantes ilegales que permanezcan en violaci\u00f3n de la ley\u201d, se\u00f1al\u00f3 el vocero.<\/p>\n<p>Bel esperaba que su solicitud de asilo fuera considerada en una corte de inmigraci\u00f3n. Seis profesores, entrenadores y consejeros hab\u00edan escrito cartas de recomendaci\u00f3n para apoyar su caso.<\/p>\n<blockquote class=\"quote\" readability=\"9\">\n<p>\u201cNo hay nada ilegal ni criminal en Pierre Damas Bel, ni siquiera una multa de tr\u00e1fico\u201d, atestigu\u00f3 su amiga y mentora Yora Lamarre, quien pertenece a la Red Comunitaria Haitiana.<\/p>\n<\/blockquote>\n<p>\u00abEstaba dispuesto a traducir para m\u00ed para que pudiera comunicarme y apoyar mejor a otros estudiantes\u201d, relat\u00f3 un antiguo profesor entrevistado por \u2018NBC4\u2019.<\/p>\n<p>Su entrenador Dwight Burgess confirm\u00f3 que no hab\u00eda podido volver a jugar f\u00fatbol, dentro del programa por el que obtuvo su cupo universitario, debido al monitor en su tobillo.<\/p>\n<p>\u00abPierre muri\u00f3 como consecuencia de la pol\u00edtica. Y es nuestra pol\u00edtica migratoria la que le cost\u00f3 la vida\u00bb, dijo el pastor Carl Ruby de la Iglesia Cristiana Central de Springfield en una conferencia de prensa.<\/p>\n<p>El gobernador de Ohio, Mike DeWine, un republicano que ha criticado activamente la decisi\u00f3n de Trump de dar por terminado el TPS para los haitianos, calific\u00f3 la muerte de Bel como \u201cuna tragedia horrible\u201d.<\/p>\n<p>Con EFE y medios locales<\/p>\n","protected":false},"excerpt":{"rendered":"<p>Un estudiante modelo reclutado por una universidad&#46;&#46;&#46;<\/p>\n","protected":false},"author":1,"featured_media":410749,"comment_status":"closed","ping_status":"closed","sticky":false,"template":"","format":"standard","meta":{"_jetpack_newsletter_access":"","_jetpack_dont_email_post_to_subs":false,"_jetpack_newsletter_tier_id":0,"_jetpack_memberships_contains_paywalled_content":false,"_jetpack_feature_clip_id":0,"_jetpack_memberships_contains_paid_content":false,"footnotes":"","jetpack_publicize_message":"","jetpack_publicize_feature_enabled":true,"jetpack_social_post_already_shared":true,"jetpack_social_options":{"image_generator_settings":{"template":"highway","default_image_id":0,"font":"","enabled":false},"version":2},"jetpack_post_was_ever_published":false},"categories":[43],"tags":[],"class_list":["post-410748","post","type-post","status-publish","format-standard","has-post-thumbnail","hentry","category-internacionales"],"yoast_head":"<!-- This site is optimized with the Yoast SEO plugin v28.1 - https:\/\/yoast.com\/product\/yoast-seo-wordpress\/ -->\n<title>\u201cUn sentimiento de verg\u00fcenza y humillaci\u00f3n\u201d: una familia haitiana culpa a ICE por el suicidio de un joven - Sarmiento24h<\/title>\n<meta name=\"robots\" content=\"index, follow, max-snippet:-1, max-image-preview:large, max-video-preview:-1\" \/>\n<link rel=\"canonical\" href=\"https:\/\/sarmiento24h.com\/?p=410748\" \/>\n<meta property=\"og:locale\" content=\"es_ES\" \/>\n<meta property=\"og:type\" content=\"article\" \/>\n<meta property=\"og:title\" content=\"\u201cUn sentimiento de verg\u00fcenza y humillaci\u00f3n\u201d: una familia haitiana culpa a ICE por el suicidio de un joven - Sarmiento24h\" \/>\n<meta property=\"og:description\" content=\"Un estudiante modelo reclutado por una universidad&#046;&#046;&#046;\" \/>\n<meta property=\"og:url\" content=\"https:\/\/sarmiento24h.com\/?p=410748\" \/>\n<meta property=\"og:site_name\" content=\"Sarmiento24h\" \/>\n<meta property=\"article:publisher\" content=\"https:\/\/facebook.com\/s24hnoticias\" \/>\n<meta property=\"article:published_time\" content=\"2026-09-03T03:05:05+00:00\" \/>\n<meta property=\"og:image\" content=\"https:\/\/s.france24.com\/media\/display\/18979eea-a740-11f1-ba18-005056bf30b7\/w:1280\/p:16x9\/AP26028748261632.jpg\" \/>\n<meta name=\"author\" content=\"sarmiento24h@gmail.com\" \/>\n<meta name=\"twitter:card\" content=\"summary_large_image\" \/>\n<meta name=\"twitter:creator\" content=\"@sarmiento24h\" \/>\n<meta name=\"twitter:site\" content=\"@sarmiento24h\" \/>\n<meta name=\"twitter:label1\" content=\"Escrito por\" \/>\n\t<meta name=\"twitter:data1\" content=\"sarmiento24h@gmail.com\" \/>\n\t<meta name=\"twitter:label2\" content=\"Tiempo de lectura\" \/>\n\t<meta name=\"twitter:data2\" content=\"5 minutos\" \/>\n<script type=\"application\/ld+json\" class=\"yoast-schema-graph\">{\"@context\":\"https:\\\/\\\/schema.org\",\"@graph\":[{\"@type\":\"Article\",\"@id\":\"https:\\\/\\\/sarmiento24h.com\\\/?p=410748#article\",\"isPartOf\":{\"@id\":\"https:\\\/\\\/sarmiento24h.com\\\/?p=410748\"},\"author\":{\"name\":\"sarmiento24h@gmail.com\",\"@id\":\"https:\\\/\\\/sarmiento24h.com\\\/#\\\/schema\\\/person\\\/d653a59725ad629a7e0429af7b939d4d\"},\"headline\":\"\u201cUn sentimiento de verg\u00fcenza y humillaci\u00f3n\u201d: una familia haitiana culpa a ICE por el suicidio de un joven\",\"datePublished\":\"2026-09-03T03:05:05+00:00\",\"mainEntityOfPage\":{\"@id\":\"https:\\\/\\\/sarmiento24h.com\\\/?p=410748\"},\"wordCount\":960,\"publisher\":{\"@id\":\"https:\\\/\\\/sarmiento24h.com\\\/#organization\"},\"image\":{\"@id\":\"https:\\\/\\\/sarmiento24h.com\\\/?p=410748#primaryimage\"},\"thumbnailUrl\":\"https:\\\/\\\/sarmiento24h.com\\\/wp-content\\\/uploads\\\/2026\\\/09\\\/un-sentimiento-de-verguenza-y-humillacion-una-familia-haitiana-culpa-a-ice-por-el-suicidio-de-un-joven.jpg\",\"articleSection\":[\"Internacionales\"],\"inLanguage\":\"es\"},{\"@type\":\"WebPage\",\"@id\":\"https:\\\/\\\/sarmiento24h.com\\\/?p=410748\",\"url\":\"https:\\\/\\\/sarmiento24h.com\\\/?p=410748\",\"name\":\"\u201cUn sentimiento de verg\u00fcenza y humillaci\u00f3n\u201d: una familia haitiana culpa a ICE por el suicidio de un joven - Sarmiento24h\",\"isPartOf\":{\"@id\":\"https:\\\/\\\/sarmiento24h.com\\\/#website\"},\"primaryImageOfPage\":{\"@id\":\"https:\\\/\\\/sarmiento24h.com\\\/?p=410748#primaryimage\"},\"image\":{\"@id\":\"https:\\\/\\\/sarmiento24h.com\\\/?p=410748#primaryimage\"},\"thumbnailUrl\":\"https:\\\/\\\/sarmiento24h.com\\\/wp-content\\\/uploads\\\/2026\\\/09\\\/un-sentimiento-de-verguenza-y-humillacion-una-familia-haitiana-culpa-a-ice-por-el-suicidio-de-un-joven.jpg\",\"datePublished\":\"2026-09-03T03:05:05+00:00\",\"breadcrumb\":{\"@id\":\"https:\\\/\\\/sarmiento24h.com\\\/?p=410748#breadcrumb\"},\"inLanguage\":\"es\",\"potentialAction\":[{\"@type\":\"ReadAction\",\"target\":[\"https:\\\/\\\/sarmiento24h.com\\\/?p=410748\"]}]},{\"@type\":\"ImageObject\",\"inLanguage\":\"es\",\"@id\":\"https:\\\/\\\/sarmiento24h.com\\\/?p=410748#primaryimage\",\"url\":\"https:\\\/\\\/sarmiento24h.com\\\/wp-content\\\/uploads\\\/2026\\\/09\\\/un-sentimiento-de-verguenza-y-humillacion-una-familia-haitiana-culpa-a-ice-por-el-suicidio-de-un-joven.jpg\",\"contentUrl\":\"https:\\\/\\\/sarmiento24h.com\\\/wp-content\\\/uploads\\\/2026\\\/09\\\/un-sentimiento-de-verguenza-y-humillacion-una-familia-haitiana-culpa-a-ice-por-el-suicidio-de-un-joven.jpg\",\"width\":1280,\"height\":720},{\"@type\":\"BreadcrumbList\",\"@id\":\"https:\\\/\\\/sarmiento24h.com\\\/?p=410748#breadcrumb\",\"itemListElement\":[{\"@type\":\"ListItem\",\"position\":1,\"name\":\"Home\",\"item\":\"https:\\\/\\\/sarmiento24h.com\\\/\"},{\"@type\":\"ListItem\",\"position\":2,\"name\":\"\u201cUn sentimiento de verg\u00fcenza y humillaci\u00f3n\u201d: una familia haitiana culpa a ICE por el suicidio de un joven\"}]},{\"@type\":\"WebSite\",\"@id\":\"https:\\\/\\\/sarmiento24h.com\\\/#website\",\"url\":\"https:\\\/\\\/sarmiento24h.com\\\/\",\"name\":\"Sarmiento24h\",\"description\":\"\",\"publisher\":{\"@id\":\"https:\\\/\\\/sarmiento24h.com\\\/#organization\"},\"potentialAction\":[{\"@type\":\"SearchAction\",\"target\":{\"@type\":\"EntryPoint\",\"urlTemplate\":\"https:\\\/\\\/sarmiento24h.com\\\/?s={search_term_string}\"},\"query-input\":{\"@type\":\"PropertyValueSpecification\",\"valueRequired\":true,\"valueName\":\"search_term_string\"}}],\"inLanguage\":\"es\"},{\"@type\":\"Organization\",\"@id\":\"https:\\\/\\\/sarmiento24h.com\\\/#organization\",\"name\":\"Sarmiento24h\",\"url\":\"https:\\\/\\\/sarmiento24h.com\\\/\",\"logo\":{\"@type\":\"ImageObject\",\"inLanguage\":\"es\",\"@id\":\"https:\\\/\\\/sarmiento24h.com\\\/#\\\/schema\\\/logo\\\/image\\\/\",\"url\":\"https:\\\/\\\/sarmiento24h.com\\\/wp-content\\\/uploads\\\/2025\\\/12\\\/AddText_12-16-10.30.52.jpg\",\"contentUrl\":\"https:\\\/\\\/sarmiento24h.com\\\/wp-content\\\/uploads\\\/2025\\\/12\\\/AddText_12-16-10.30.52.jpg\",\"width\":1220,\"height\":324,\"caption\":\"Sarmiento24h\"},\"image\":{\"@id\":\"https:\\\/\\\/sarmiento24h.com\\\/#\\\/schema\\\/logo\\\/image\\\/\"},\"sameAs\":[\"https:\\\/\\\/facebook.com\\\/s24hnoticias\",\"https:\\\/\\\/x.com\\\/sarmiento24h\"]},{\"@type\":\"Person\",\"@id\":\"https:\\\/\\\/sarmiento24h.com\\\/#\\\/schema\\\/person\\\/d653a59725ad629a7e0429af7b939d4d\",\"name\":\"sarmiento24h@gmail.com\",\"image\":{\"@type\":\"ImageObject\",\"inLanguage\":\"es\",\"@id\":\"https:\\\/\\\/sarmiento24h.com\\\/wp-content\\\/litespeed\\\/avatar\\\/d02cbc4e23c747e6659cd45907173c8f.jpg?ver=1788047690\",\"url\":\"https:\\\/\\\/sarmiento24h.com\\\/wp-content\\\/litespeed\\\/avatar\\\/d02cbc4e23c747e6659cd45907173c8f.jpg?ver=1788047690\",\"contentUrl\":\"https:\\\/\\\/sarmiento24h.com\\\/wp-content\\\/litespeed\\\/avatar\\\/d02cbc4e23c747e6659cd45907173c8f.jpg?ver=1788047690\",\"caption\":\"sarmiento24h@gmail.com\"},\"sameAs\":[\"https:\\\/\\\/sarmiento24h.com\"],\"url\":\"https:\\\/\\\/sarmiento24h.com\\\/?author=1\"}]}<\/script>\n<!-- \/ Yoast SEO plugin. -->","yoast_head_json":{"title":"\u201cUn sentimiento de verg\u00fcenza y humillaci\u00f3n\u201d: una familia haitiana culpa a ICE por el suicidio de un joven - Sarmiento24h","robots":{"index":"index","follow":"follow","max-snippet":"max-snippet:-1","max-image-preview":"max-image-preview:large","max-video-preview":"max-video-preview:-1"},"canonical":"https:\/\/sarmiento24h.com\/?p=410748","og_locale":"es_ES","og_type":"article","og_title":"\u201cUn sentimiento de verg\u00fcenza y humillaci\u00f3n\u201d: una familia haitiana culpa a ICE por el suicidio de un joven - Sarmiento24h","og_description":"Un estudiante modelo reclutado por una universidad&#46;&#46;&#46;","og_url":"https:\/\/sarmiento24h.com\/?p=410748","og_site_name":"Sarmiento24h","article_publisher":"https:\/\/facebook.com\/s24hnoticias","article_published_time":"2026-09-03T03:05:05+00:00","og_image":[{"url":"https:\/\/s.france24.com\/media\/display\/18979eea-a740-11f1-ba18-005056bf30b7\/w:1280\/p:16x9\/AP26028748261632.jpg","type":"","width":"","height":""}],"author":"sarmiento24h@gmail.com","twitter_card":"summary_large_image","twitter_creator":"@sarmiento24h","twitter_site":"@sarmiento24h","twitter_misc":{"Escrito por":"sarmiento24h@gmail.com","Tiempo de lectura":"5 minutos"},"schema":{"@context":"https:\/\/schema.org","@graph":[{"@type":"Article","@id":"https:\/\/sarmiento24h.com\/?p=410748#article","isPartOf":{"@id":"https:\/\/sarmiento24h.com\/?p=410748"},"author":{"name":"sarmiento24h@gmail.com","@id":"https:\/\/sarmiento24h.com\/#\/schema\/person\/d653a59725ad629a7e0429af7b939d4d"},"headline":"\u201cUn sentimiento de verg\u00fcenza y humillaci\u00f3n\u201d: una familia haitiana culpa a ICE por el suicidio de un joven","datePublished":"2026-09-03T03:05:05+00:00","mainEntityOfPage":{"@id":"https:\/\/sarmiento24h.com\/?p=410748"},"wordCount":960,"publisher":{"@id":"https:\/\/sarmiento24h.com\/#organization"},"image":{"@id":"https:\/\/sarmiento24h.com\/?p=410748#primaryimage"},"thumbnailUrl":"https:\/\/sarmiento24h.com\/wp-content\/uploads\/2026\/09\/un-sentimiento-de-verguenza-y-humillacion-una-familia-haitiana-culpa-a-ice-por-el-suicidio-de-un-joven.jpg","articleSection":["Internacionales"],"inLanguage":"es"},{"@type":"WebPage","@id":"https:\/\/sarmiento24h.com\/?p=410748","url":"https:\/\/sarmiento24h.com\/?p=410748","name":"\u201cUn sentimiento de verg\u00fcenza y humillaci\u00f3n\u201d: una familia haitiana culpa a ICE por el suicidio de un joven - Sarmiento24h","isPartOf":{"@id":"https:\/\/sarmiento24h.com\/#website"},"primaryImageOfPage":{"@id":"https:\/\/sarmiento24h.com\/?p=410748#primaryimage"},"image":{"@id":"https:\/\/sarmiento24h.com\/?p=410748#primaryimage"},"thumbnailUrl":"https:\/\/sarmiento24h.com\/wp-content\/uploads\/2026\/09\/un-sentimiento-de-verguenza-y-humillacion-una-familia-haitiana-culpa-a-ice-por-el-suicidio-de-un-joven.jpg","datePublished":"2026-09-03T03:05:05+00:00","breadcrumb":{"@id":"https:\/\/sarmiento24h.com\/?p=410748#breadcrumb"},"inLanguage":"es","potentialAction":[{"@type":"ReadAction","target":["https:\/\/sarmiento24h.com\/?p=410748"]}]},{"@type":"ImageObject","inLanguage":"es","@id":"https:\/\/sarmiento24h.com\/?p=410748#primaryimage","url":"https:\/\/sarmiento24h.com\/wp-content\/uploads\/2026\/09\/un-sentimiento-de-verguenza-y-humillacion-una-familia-haitiana-culpa-a-ice-por-el-suicidio-de-un-joven.jpg","contentUrl":"https:\/\/sarmiento24h.com\/wp-content\/uploads\/2026\/09\/un-sentimiento-de-verguenza-y-humillacion-una-familia-haitiana-culpa-a-ice-por-el-suicidio-de-un-joven.jpg","width":1280,"height":720},{"@type":"BreadcrumbList","@id":"https:\/\/sarmiento24h.com\/?p=410748#breadcrumb","itemListElement":[{"@type":"ListItem","position":1,"name":"Home","item":"https:\/\/sarmiento24h.com\/"},{"@type":"ListItem","position":2,"name":"\u201cUn sentimiento de verg\u00fcenza y humillaci\u00f3n\u201d: una familia haitiana culpa a ICE por el suicidio de un joven"}]},{"@type":"WebSite","@id":"https:\/\/sarmiento24h.com\/#website","url":"https:\/\/sarmiento24h.com\/","name":"Sarmiento24h","description":"","publisher":{"@id":"https:\/\/sarmiento24h.com\/#organization"},"potentialAction":[{"@type":"SearchAction","target":{"@type":"EntryPoint","urlTemplate":"https:\/\/sarmiento24h.com\/?s={search_term_string}"},"query-input":{"@type":"PropertyValueSpecification","valueRequired":true,"valueName":"search_term_string"}}],"inLanguage":"es"},{"@type":"Organization","@id":"https:\/\/sarmiento24h.com\/#organization","name":"Sarmiento24h","url":"https:\/\/sarmiento24h.com\/","logo":{"@type":"ImageObject","inLanguage":"es","@id":"https:\/\/sarmiento24h.com\/#\/schema\/logo\/image\/","url":"https:\/\/sarmiento24h.com\/wp-content\/uploads\/2025\/12\/AddText_12-16-10.30.52.jpg","contentUrl":"https:\/\/sarmiento24h.com\/wp-content\/uploads\/2025\/12\/AddText_12-16-10.30.52.jpg","width":1220,"height":324,"caption":"Sarmiento24h"},"image":{"@id":"https:\/\/sarmiento24h.com\/#\/schema\/logo\/image\/"},"sameAs":["https:\/\/facebook.com\/s24hnoticias","https:\/\/x.com\/sarmiento24h"]},{"@type":"Person","@id":"https:\/\/sarmiento24h.com\/#\/schema\/person\/d653a59725ad629a7e0429af7b939d4d","name":"sarmiento24h@gmail.com","image":{"@type":"ImageObject","inLanguage":"es","@id":"https:\/\/sarmiento24h.com\/wp-content\/litespeed\/avatar\/d02cbc4e23c747e6659cd45907173c8f.jpg?ver=1788047690","url":"https:\/\/sarmiento24h.com\/wp-content\/litespeed\/avatar\/d02cbc4e23c747e6659cd45907173c8f.jpg?ver=1788047690","contentUrl":"https:\/\/sarmiento24h.com\/wp-content\/litespeed\/avatar\/d02cbc4e23c747e6659cd45907173c8f.jpg?ver=1788047690","caption":"sarmiento24h@gmail.com"},"sameAs":["https:\/\/sarmiento24h.com"],"url":"https:\/\/sarmiento24h.com\/?author=1"}]}},"jetpack_publicize_connections":[],"jetpack_featured_media_url":"https:\/\/sarmiento24h.com\/wp-content\/uploads\/2026\/09\/un-sentimiento-de-verguenza-y-humillacion-una-familia-haitiana-culpa-a-ice-por-el-suicidio-de-un-joven.jpg","jetpack_sharing_enabled":true,"_links":{"self":[{"href":"https:\/\/sarmiento24h.com\/index.php?rest_route=\/wp\/v2\/posts\/410748","targetHints":{"allow":["GET"]}}],"collection":[{"href":"https:\/\/sarmiento24h.com\/index.php?rest_route=\/wp\/v2\/posts"}],"about":[{"href":"https:\/\/sarmiento24h.com\/index.php?rest_route=\/wp\/v2\/types\/post"}],"author":[{"embeddable":true,"href":"https:\/\/sarmiento24h.com\/index.php?rest_route=\/wp\/v2\/users\/1"}],"replies":[{"embeddable":true,"href":"https:\/\/sarmiento24h.com\/index.php?rest_route=%2Fwp%2Fv2%2Fcomments&post=410748"}],"version-history":[{"count":0,"href":"https:\/\/sarmiento24h.com\/index.php?rest_route=\/wp\/v2\/posts\/410748\/revisions"}],"wp:featuredmedia":[{"embeddable":true,"href":"https:\/\/sarmiento24h.com\/index.php?rest_route=\/wp\/v2\/media\/410749"}],"wp:attachment":[{"href":"https:\/\/sarmiento24h.com\/index.php?rest_route=%2Fwp%2Fv2%2Fmedia&parent=410748"}],"wp:term":[{"taxonomy":"category","embeddable":true,"href":"https:\/\/sarmiento24h.com\/index.php?rest_route=%2Fwp%2Fv2%2Fcategories&post=410748"},{"taxonomy":"post_tag","embeddable":true,"href":"https:\/\/sarmiento24h.com\/index.php?rest_route=%2Fwp%2Fv2%2Ftags&post=410748"}],"curies":[{"name":"wp","href":"https:\/\/api.w.org\/{rel}","templated":true}]}}