{"id":4110,"date":"2025-12-16T11:36:02","date_gmt":"2025-12-16T11:36:02","guid":{"rendered":"http:\/\/almomento.net\/?p=1086150"},"modified":"2025-12-16T11:36:02","modified_gmt":"2025-12-16T11:36:02","slug":"director-ops-oms-se-reune-con-autoridades-salud-dominicanas","status":"publish","type":"post","link":"https:\/\/sarmiento24h.com\/?p=4110","title":{"rendered":"Director OPS-OMS se re\u00fane con autoridades salud dominicanas"},"content":{"rendered":"<p><!-- .entry-header --> <\/p>\n<div class=\"img_center\" readability=\"7\"> <a href=\"https:\/\/almomento.net\/wp-content\/uploads\/2025\/12\/Reunion-Director-OPS.jpg\" alt=\"Director OPS-OMS se re\u00fane con autoridades salud dominicanas\" title=\"Director OPS-OMS se re\u00fane con autoridades salud dominicanas\" data-toggle=\"lightbox\" class=\"thickbox\"><img decoding=\"async\" src=\"https:\/\/almomento.net\/wp-content\/uploads\/2025\/12\/Reunion-Director-OPS.jpg\" class=\"attachment-post-thumbnail size-post-thumbnail wp-post-image\" alt=\"imagen\" title=\"Director OPS-OMS se re\u00fane con autoridades salud dominicanas\" data-toggle data-title=\"Director OPS-OMS se re\u00fane con autoridades salud dominicanas\"><\/a><\/p>\n<p>El director de la Oficina Panamericana de la Salud reunido con autoridades sanitarias dominicanas<\/p>\n<\/p><\/div>\n<div dir=\"ltr\" readability=\"15.5\">\n<div class=\"gmail_quote\" readability=\"12\">\n<p>SANTO DOMINGO.- El director mundial de la Organizaci\u00f3n Panamericana de la Salud (OPS-OMS), doctor Jarbas Barbosa ,se reuni\u00f3 en esta capital con las principales autoridades de salud de la Rep\u00fablica Dominicana para conocer la situaci\u00f3n de este sector, confirmaron fuentes oficiales.<\/p>\n<\/p><\/div>\n<p>Durante el encuentro con los doctores V\u00edctor Atalah y Mario Lama,&nbsp; ministro de Salud P\u00fablica y director del&nbsp; Servicio Nacional de Salud, respectivamente, \u00e9stos presentaron al ejecutivo mundial \u00ablos resultados obtenidos\u00bb por el sistema sanitario a partir de agosto del a\u00f1o 2020.<\/p>\n<\/div>\n<div dir=\"ltr\" readability=\"18\">\n<div class=\"gmail_quote\" readability=\"31\">\n<p>\u201cLlegamos a esta instituci\u00f3n en un momento de mucha vulnerabilidad del sector salud\u201d, afirm\u00f3 el doctor Mario Lama, quien se\u00f1al\u00f3 que en ese contexto \u00abse evidenciaron importantes debilidades del sistema, lo que permiti\u00f3 implementar estrategias de fortalecimiento, tanto en Atenci\u00f3n Primaria como en la red hospitalaria\u00bb.<\/p>\n<p>El titular del SNS explic\u00f3 que, tras un diagn\u00f3stico nacional de la red, iniciaron intervenciones en centros de atenci\u00f3n primaria, centros diagn\u00f3sticos y hospitales. \u201cHoy tenemos unos 780 centros de primer nivel que han sido intervenidos, algunos nuevos, otros con remozamientos, ampliaciones e intervenciones\u201d, indic\u00f3.<\/p>\n<p>Signific\u00f3 que se ha avanzado en el desarrollo de hospitales traumatol\u00f3gicos regionales, &nbsp;ampliaci\u00f3n de la red pedi\u00e1trica y materno-infantil y la&nbsp; incorporaci\u00f3n de equipos diagn\u00f3sticos que no estaban disponibles previamente.<\/p>\n<\/div>\n<\/div>\n<p><strong>EXPONE LOGROS DE PROGRAMAS OFICIALES<\/strong><\/p>\n<div dir=\"ltr\" readability=\"14\">\n<div class=\"gmail_quote\" readability=\"23\">\n<p>Lama present\u00f3 datos sobre la expansi\u00f3n de los programas de detecci\u00f3n oportuna de c\u00e1ncer y de d\u00e9ficit auditivo, fortalecimiento de unidades de cuidados intensivos neonatal, servicios de fisioterapia y de&nbsp; atenci\u00f3n psicol\u00f3gica as\u00ed como avances en la reducci\u00f3n de la mortalidad neonatal e infantil, que -seg\u00fan dijo-&nbsp; alcanz\u00f3 en 2024 las cifras m\u00e1s bajas registradas en el pa\u00eds en los \u00faltimos quince a\u00f1os.<\/p>\n<p>De su lado, el ministro de Salud P\u00fablica, V\u00edctor Atallah, afirm\u00f3 que ha habido un manejo oportuno en la Red de Trauma y que los esfuerzos ha involucrado infraestructura y un modelo efectivo de referencia. \u201cEs una red diligente que est\u00e1 en todo el pa\u00eds, que est\u00e1 trabajando en la identificaci\u00f3n r\u00e1pida de los casos para llevarlos al sitio m\u00e1s adecuado\u201d, sostuvo.<\/p>\n<\/div>\n<\/div>\n<p><strong>RECONOCE AVANCES EN LA RD<\/strong><\/p>\n<div dir=\"ltr\" readability=\"13\">\n<div class=\"gmail_quote\" readability=\"21\">\n<p>El director de la OPS-OMS, Jarbas Barbosa, valor\u00f3 los progresos alcanzados por el pa\u00eds y reconoci\u00f3 avances significativos en atenci\u00f3n primaria, especialmente tras un acuerdo de alianza con los bancos Interamericano de Desarrollo (BID) y&nbsp; Mundial, la Oficina Panamericana de la Salud, el Servicio Nacional de Salud y el Ministerio de Salud P\u00fablica, dice una noa de prensa del SNS.<\/p>\n<p>\u201cLa Rep\u00fablica Dominicana ha tenido avances importantes y desde la Organizaci\u00f3n Panamericana de la Salud seguiremos brindando nuestra cooperaci\u00f3n estrecha para seguir trabajando juntos por la salud de toda la poblaci\u00f3n\u201d, expres\u00f3.<\/p>\n<p>sp-am<\/p>\n<\/div>\n<\/div>\n<div class=\"heateor_sss_sharing_container heateor_sss_horizontal_sharing\" data-heateor-sss-href=\"https:\/\/almomento.net\/director-ops-oms-se-reune-con-autoridades-salud-dominicanas\/\" readability=\"7\">\n<p>Comp\u00e1rtelo en tus redes:<\/p>\n<\/div>\n<p> <!-- 468x60 --><br \/>\n<ins class=\"adsbygoogle\" data-ad-client=\"ca-pub-3511341636159665\" data-ad-slot=\"3538255450\"><\/ins> <!-- .entry-content --> <\/p>\n","protected":false},"excerpt":{"rendered":"<p>El director de la Oficina Panamericana de&#46;&#46;&#46;<\/p>\n","protected":false},"author":1,"featured_media":4111,"comment_status":"closed","ping_status":"closed","sticky":false,"template":"","format":"standard","meta":{"_jetpack_memberships_contains_paid_content":false,"footnotes":"","jetpack_publicize_message":"","jetpack_publicize_feature_enabled":true,"jetpack_social_post_already_shared":false,"jetpack_social_options":{"image_generator_settings":{"template":"highway","default_image_id":0,"font":"","enabled":false},"version":2}},"categories":[69],"tags":[],"class_list":["post-4110","post","type-post","status-publish","format-standard","has-post-thumbnail","hentry","category-portada"],"yoast_head":"<!-- This site is optimized with the Yoast SEO plugin v27.3 - https:\/\/yoast.com\/product\/yoast-seo-wordpress\/ -->\n<title>Director OPS-OMS se re\u00fane con autoridades salud dominicanas - Sarmiento24h<\/title>\n<meta name=\"robots\" content=\"index, follow, max-snippet:-1, max-image-preview:large, max-video-preview:-1\" \/>\n<link rel=\"canonical\" href=\"https:\/\/sarmiento24h.com\/?p=4110\" \/>\n<meta property=\"og:locale\" content=\"es_ES\" \/>\n<meta property=\"og:type\" content=\"article\" \/>\n<meta property=\"og:title\" content=\"Director OPS-OMS se re\u00fane con autoridades salud dominicanas - Sarmiento24h\" \/>\n<meta property=\"og:description\" content=\"El director de la Oficina Panamericana de&#046;&#046;&#046;\" \/>\n<meta property=\"og:url\" content=\"https:\/\/sarmiento24h.com\/?p=4110\" \/>\n<meta property=\"og:site_name\" content=\"Sarmiento24h\" \/>\n<meta property=\"article:publisher\" content=\"https:\/\/facebook.com\/s24hnoticias\" \/>\n<meta property=\"article:published_time\" content=\"2025-12-16T11:36:02+00:00\" \/>\n<meta property=\"og:image\" content=\"https:\/\/sarmiento24h.com\/wp-content\/uploads\/2025\/12\/director-ops-oms-se-reune-con-autoridades-salud-dominicanas.jpg\" \/>\n\t<meta property=\"og:image:width\" content=\"1243\" \/>\n\t<meta property=\"og:image:height\" content=\"705\" \/>\n\t<meta property=\"og:image:type\" content=\"image\/jpeg\" \/>\n<meta name=\"author\" content=\"sarmiento24h@gmail.com\" \/>\n<meta name=\"twitter:card\" content=\"summary_large_image\" \/>\n<meta name=\"twitter:creator\" content=\"@sarmiento24h\" \/>\n<meta name=\"twitter:site\" content=\"@sarmiento24h\" \/>\n<meta name=\"twitter:label1\" content=\"Escrito por\" \/>\n\t<meta name=\"twitter:data1\" content=\"sarmiento24h@gmail.com\" \/>\n\t<meta name=\"twitter:label2\" content=\"Tiempo de lectura\" \/>\n\t<meta name=\"twitter:data2\" content=\"2 minutos\" \/>\n<script type=\"application\/ld+json\" class=\"yoast-schema-graph\">{\"@context\":\"https:\\\/\\\/schema.org\",\"@graph\":[{\"@type\":\"Article\",\"@id\":\"https:\\\/\\\/sarmiento24h.com\\\/?p=4110#article\",\"isPartOf\":{\"@id\":\"https:\\\/\\\/sarmiento24h.com\\\/?p=4110\"},\"author\":{\"name\":\"sarmiento24h@gmail.com\",\"@id\":\"https:\\\/\\\/sarmiento24h.com\\\/#\\\/schema\\\/person\\\/d653a59725ad629a7e0429af7b939d4d\"},\"headline\":\"Director OPS-OMS se re\u00fane con autoridades salud dominicanas\",\"datePublished\":\"2025-12-16T11:36:02+00:00\",\"mainEntityOfPage\":{\"@id\":\"https:\\\/\\\/sarmiento24h.com\\\/?p=4110\"},\"wordCount\":506,\"publisher\":{\"@id\":\"https:\\\/\\\/sarmiento24h.com\\\/#organization\"},\"image\":{\"@id\":\"https:\\\/\\\/sarmiento24h.com\\\/?p=4110#primaryimage\"},\"thumbnailUrl\":\"https:\\\/\\\/sarmiento24h.com\\\/wp-content\\\/uploads\\\/2025\\\/12\\\/director-ops-oms-se-reune-con-autoridades-salud-dominicanas.jpg\",\"articleSection\":[\"Portada\"],\"inLanguage\":\"es\"},{\"@type\":\"WebPage\",\"@id\":\"https:\\\/\\\/sarmiento24h.com\\\/?p=4110\",\"url\":\"https:\\\/\\\/sarmiento24h.com\\\/?p=4110\",\"name\":\"Director OPS-OMS se re\u00fane con autoridades salud dominicanas - Sarmiento24h\",\"isPartOf\":{\"@id\":\"https:\\\/\\\/sarmiento24h.com\\\/#website\"},\"primaryImageOfPage\":{\"@id\":\"https:\\\/\\\/sarmiento24h.com\\\/?p=4110#primaryimage\"},\"image\":{\"@id\":\"https:\\\/\\\/sarmiento24h.com\\\/?p=4110#primaryimage\"},\"thumbnailUrl\":\"https:\\\/\\\/sarmiento24h.com\\\/wp-content\\\/uploads\\\/2025\\\/12\\\/director-ops-oms-se-reune-con-autoridades-salud-dominicanas.jpg\",\"datePublished\":\"2025-12-16T11:36:02+00:00\",\"breadcrumb\":{\"@id\":\"https:\\\/\\\/sarmiento24h.com\\\/?p=4110#breadcrumb\"},\"inLanguage\":\"es\",\"potentialAction\":[{\"@type\":\"ReadAction\",\"target\":[\"https:\\\/\\\/sarmiento24h.com\\\/?p=4110\"]}]},{\"@type\":\"ImageObject\",\"inLanguage\":\"es\",\"@id\":\"https:\\\/\\\/sarmiento24h.com\\\/?p=4110#primaryimage\",\"url\":\"https:\\\/\\\/sarmiento24h.com\\\/wp-content\\\/uploads\\\/2025\\\/12\\\/director-ops-oms-se-reune-con-autoridades-salud-dominicanas.jpg\",\"contentUrl\":\"https:\\\/\\\/sarmiento24h.com\\\/wp-content\\\/uploads\\\/2025\\\/12\\\/director-ops-oms-se-reune-con-autoridades-salud-dominicanas.jpg\",\"width\":1243,\"height\":705},{\"@type\":\"BreadcrumbList\",\"@id\":\"https:\\\/\\\/sarmiento24h.com\\\/?p=4110#breadcrumb\",\"itemListElement\":[{\"@type\":\"ListItem\",\"position\":1,\"name\":\"Home\",\"item\":\"https:\\\/\\\/sarmiento24h.com\\\/\"},{\"@type\":\"ListItem\",\"position\":2,\"name\":\"Director OPS-OMS se re\u00fane con autoridades salud dominicanas\"}]},{\"@type\":\"WebSite\",\"@id\":\"https:\\\/\\\/sarmiento24h.com\\\/#website\",\"url\":\"https:\\\/\\\/sarmiento24h.com\\\/\",\"name\":\"Sarmiento24h\",\"description\":\"\",\"publisher\":{\"@id\":\"https:\\\/\\\/sarmiento24h.com\\\/#organization\"},\"potentialAction\":[{\"@type\":\"SearchAction\",\"target\":{\"@type\":\"EntryPoint\",\"urlTemplate\":\"https:\\\/\\\/sarmiento24h.com\\\/?s={search_term_string}\"},\"query-input\":{\"@type\":\"PropertyValueSpecification\",\"valueRequired\":true,\"valueName\":\"search_term_string\"}}],\"inLanguage\":\"es\"},{\"@type\":\"Organization\",\"@id\":\"https:\\\/\\\/sarmiento24h.com\\\/#organization\",\"name\":\"Sarmiento24h\",\"url\":\"https:\\\/\\\/sarmiento24h.com\\\/\",\"logo\":{\"@type\":\"ImageObject\",\"inLanguage\":\"es\",\"@id\":\"https:\\\/\\\/sarmiento24h.com\\\/#\\\/schema\\\/logo\\\/image\\\/\",\"url\":\"https:\\\/\\\/sarmiento24h.com\\\/wp-content\\\/uploads\\\/2025\\\/12\\\/AddText_12-16-10.30.52.jpg\",\"contentUrl\":\"https:\\\/\\\/sarmiento24h.com\\\/wp-content\\\/uploads\\\/2025\\\/12\\\/AddText_12-16-10.30.52.jpg\",\"width\":1220,\"height\":324,\"caption\":\"Sarmiento24h\"},\"image\":{\"@id\":\"https:\\\/\\\/sarmiento24h.com\\\/#\\\/schema\\\/logo\\\/image\\\/\"},\"sameAs\":[\"https:\\\/\\\/facebook.com\\\/s24hnoticias\",\"https:\\\/\\\/x.com\\\/sarmiento24h\"]},{\"@type\":\"Person\",\"@id\":\"https:\\\/\\\/sarmiento24h.com\\\/#\\\/schema\\\/person\\\/d653a59725ad629a7e0429af7b939d4d\",\"name\":\"sarmiento24h@gmail.com\",\"image\":{\"@type\":\"ImageObject\",\"inLanguage\":\"es\",\"@id\":\"https:\\\/\\\/sarmiento24h.com\\\/wp-content\\\/litespeed\\\/avatar\\\/d02cbc4e23c747e6659cd45907173c8f.jpg?ver=1777157796\",\"url\":\"https:\\\/\\\/sarmiento24h.com\\\/wp-content\\\/litespeed\\\/avatar\\\/d02cbc4e23c747e6659cd45907173c8f.jpg?ver=1777157796\",\"contentUrl\":\"https:\\\/\\\/sarmiento24h.com\\\/wp-content\\\/litespeed\\\/avatar\\\/d02cbc4e23c747e6659cd45907173c8f.jpg?ver=1777157796\",\"caption\":\"sarmiento24h@gmail.com\"},\"sameAs\":[\"https:\\\/\\\/sarmiento24h.com\"],\"url\":\"https:\\\/\\\/sarmiento24h.com\\\/?author=1\"}]}<\/script>\n<!-- \/ Yoast SEO plugin. -->","yoast_head_json":{"title":"Director OPS-OMS se re\u00fane con autoridades salud dominicanas - Sarmiento24h","robots":{"index":"index","follow":"follow","max-snippet":"max-snippet:-1","max-image-preview":"max-image-preview:large","max-video-preview":"max-video-preview:-1"},"canonical":"https:\/\/sarmiento24h.com\/?p=4110","og_locale":"es_ES","og_type":"article","og_title":"Director OPS-OMS se re\u00fane con autoridades salud dominicanas - Sarmiento24h","og_description":"El director de la Oficina Panamericana de&#46;&#46;&#46;","og_url":"https:\/\/sarmiento24h.com\/?p=4110","og_site_name":"Sarmiento24h","article_publisher":"https:\/\/facebook.com\/s24hnoticias","article_published_time":"2025-12-16T11:36:02+00:00","og_image":[{"width":1243,"height":705,"url":"https:\/\/sarmiento24h.com\/wp-content\/uploads\/2025\/12\/director-ops-oms-se-reune-con-autoridades-salud-dominicanas.jpg","type":"image\/jpeg"}],"author":"sarmiento24h@gmail.com","twitter_card":"summary_large_image","twitter_creator":"@sarmiento24h","twitter_site":"@sarmiento24h","twitter_misc":{"Escrito por":"sarmiento24h@gmail.com","Tiempo de lectura":"2 minutos"},"schema":{"@context":"https:\/\/schema.org","@graph":[{"@type":"Article","@id":"https:\/\/sarmiento24h.com\/?p=4110#article","isPartOf":{"@id":"https:\/\/sarmiento24h.com\/?p=4110"},"author":{"name":"sarmiento24h@gmail.com","@id":"https:\/\/sarmiento24h.com\/#\/schema\/person\/d653a59725ad629a7e0429af7b939d4d"},"headline":"Director OPS-OMS se re\u00fane con autoridades salud dominicanas","datePublished":"2025-12-16T11:36:02+00:00","mainEntityOfPage":{"@id":"https:\/\/sarmiento24h.com\/?p=4110"},"wordCount":506,"publisher":{"@id":"https:\/\/sarmiento24h.com\/#organization"},"image":{"@id":"https:\/\/sarmiento24h.com\/?p=4110#primaryimage"},"thumbnailUrl":"https:\/\/sarmiento24h.com\/wp-content\/uploads\/2025\/12\/director-ops-oms-se-reune-con-autoridades-salud-dominicanas.jpg","articleSection":["Portada"],"inLanguage":"es"},{"@type":"WebPage","@id":"https:\/\/sarmiento24h.com\/?p=4110","url":"https:\/\/sarmiento24h.com\/?p=4110","name":"Director OPS-OMS se re\u00fane con autoridades salud dominicanas - Sarmiento24h","isPartOf":{"@id":"https:\/\/sarmiento24h.com\/#website"},"primaryImageOfPage":{"@id":"https:\/\/sarmiento24h.com\/?p=4110#primaryimage"},"image":{"@id":"https:\/\/sarmiento24h.com\/?p=4110#primaryimage"},"thumbnailUrl":"https:\/\/sarmiento24h.com\/wp-content\/uploads\/2025\/12\/director-ops-oms-se-reune-con-autoridades-salud-dominicanas.jpg","datePublished":"2025-12-16T11:36:02+00:00","breadcrumb":{"@id":"https:\/\/sarmiento24h.com\/?p=4110#breadcrumb"},"inLanguage":"es","potentialAction":[{"@type":"ReadAction","target":["https:\/\/sarmiento24h.com\/?p=4110"]}]},{"@type":"ImageObject","inLanguage":"es","@id":"https:\/\/sarmiento24h.com\/?p=4110#primaryimage","url":"https:\/\/sarmiento24h.com\/wp-content\/uploads\/2025\/12\/director-ops-oms-se-reune-con-autoridades-salud-dominicanas.jpg","contentUrl":"https:\/\/sarmiento24h.com\/wp-content\/uploads\/2025\/12\/director-ops-oms-se-reune-con-autoridades-salud-dominicanas.jpg","width":1243,"height":705},{"@type":"BreadcrumbList","@id":"https:\/\/sarmiento24h.com\/?p=4110#breadcrumb","itemListElement":[{"@type":"ListItem","position":1,"name":"Home","item":"https:\/\/sarmiento24h.com\/"},{"@type":"ListItem","position":2,"name":"Director OPS-OMS se re\u00fane con autoridades salud dominicanas"}]},{"@type":"WebSite","@id":"https:\/\/sarmiento24h.com\/#website","url":"https:\/\/sarmiento24h.com\/","name":"Sarmiento24h","description":"","publisher":{"@id":"https:\/\/sarmiento24h.com\/#organization"},"potentialAction":[{"@type":"SearchAction","target":{"@type":"EntryPoint","urlTemplate":"https:\/\/sarmiento24h.com\/?s={search_term_string}"},"query-input":{"@type":"PropertyValueSpecification","valueRequired":true,"valueName":"search_term_string"}}],"inLanguage":"es"},{"@type":"Organization","@id":"https:\/\/sarmiento24h.com\/#organization","name":"Sarmiento24h","url":"https:\/\/sarmiento24h.com\/","logo":{"@type":"ImageObject","inLanguage":"es","@id":"https:\/\/sarmiento24h.com\/#\/schema\/logo\/image\/","url":"https:\/\/sarmiento24h.com\/wp-content\/uploads\/2025\/12\/AddText_12-16-10.30.52.jpg","contentUrl":"https:\/\/sarmiento24h.com\/wp-content\/uploads\/2025\/12\/AddText_12-16-10.30.52.jpg","width":1220,"height":324,"caption":"Sarmiento24h"},"image":{"@id":"https:\/\/sarmiento24h.com\/#\/schema\/logo\/image\/"},"sameAs":["https:\/\/facebook.com\/s24hnoticias","https:\/\/x.com\/sarmiento24h"]},{"@type":"Person","@id":"https:\/\/sarmiento24h.com\/#\/schema\/person\/d653a59725ad629a7e0429af7b939d4d","name":"sarmiento24h@gmail.com","image":{"@type":"ImageObject","inLanguage":"es","@id":"https:\/\/sarmiento24h.com\/wp-content\/litespeed\/avatar\/d02cbc4e23c747e6659cd45907173c8f.jpg?ver=1777157796","url":"https:\/\/sarmiento24h.com\/wp-content\/litespeed\/avatar\/d02cbc4e23c747e6659cd45907173c8f.jpg?ver=1777157796","contentUrl":"https:\/\/sarmiento24h.com\/wp-content\/litespeed\/avatar\/d02cbc4e23c747e6659cd45907173c8f.jpg?ver=1777157796","caption":"sarmiento24h@gmail.com"},"sameAs":["https:\/\/sarmiento24h.com"],"url":"https:\/\/sarmiento24h.com\/?author=1"}]}},"jetpack_publicize_connections":[],"jetpack_featured_media_url":"https:\/\/sarmiento24h.com\/wp-content\/uploads\/2025\/12\/director-ops-oms-se-reune-con-autoridades-salud-dominicanas.jpg","jetpack_sharing_enabled":true,"_links":{"self":[{"href":"https:\/\/sarmiento24h.com\/index.php?rest_route=\/wp\/v2\/posts\/4110","targetHints":{"allow":["GET"]}}],"collection":[{"href":"https:\/\/sarmiento24h.com\/index.php?rest_route=\/wp\/v2\/posts"}],"about":[{"href":"https:\/\/sarmiento24h.com\/index.php?rest_route=\/wp\/v2\/types\/post"}],"author":[{"embeddable":true,"href":"https:\/\/sarmiento24h.com\/index.php?rest_route=\/wp\/v2\/users\/1"}],"replies":[{"embeddable":true,"href":"https:\/\/sarmiento24h.com\/index.php?rest_route=%2Fwp%2Fv2%2Fcomments&post=4110"}],"version-history":[{"count":0,"href":"https:\/\/sarmiento24h.com\/index.php?rest_route=\/wp\/v2\/posts\/4110\/revisions"}],"wp:featuredmedia":[{"embeddable":true,"href":"https:\/\/sarmiento24h.com\/index.php?rest_route=\/wp\/v2\/media\/4111"}],"wp:attachment":[{"href":"https:\/\/sarmiento24h.com\/index.php?rest_route=%2Fwp%2Fv2%2Fmedia&parent=4110"}],"wp:term":[{"taxonomy":"category","embeddable":true,"href":"https:\/\/sarmiento24h.com\/index.php?rest_route=%2Fwp%2Fv2%2Fcategories&post=4110"},{"taxonomy":"post_tag","embeddable":true,"href":"https:\/\/sarmiento24h.com\/index.php?rest_route=%2Fwp%2Fv2%2Ftags&post=4110"}],"curies":[{"name":"wp","href":"https:\/\/api.w.org\/{rel}","templated":true}]}}