{"id":411102,"date":"2026-09-03T08:32:15","date_gmt":"2026-09-03T08:32:15","guid":{"rendered":"http:\/\/833129d0-a76b-11f1-b238-8596f8c2fc95"},"modified":"2026-09-03T08:32:15","modified_gmt":"2026-09-03T08:32:15","slug":"el-nino-de-2026-podria-ser-el-mas-fuerte-jamas-registrado-segun-la-autoridad-meteorologica-de-ee-uu","status":"publish","type":"post","link":"https:\/\/sarmiento24h.com\/?p=411102","title":{"rendered":"El Ni\u00f1o de 2026 podr\u00eda ser el m\u00e1s fuerte jam\u00e1s registrado, seg\u00fan la autoridad meteorol\u00f3gica de EE. UU."},"content":{"rendered":"<p>Las pautas de lluvias y temperaturas en todo el mundo se ver\u00e1n a\u00fan m\u00e1s alteradas por el fen\u00f3meno de El Ni\u00f1o.<\/p>\n<p>En 2026, El Ni\u00f1o tiene un <strong>69% de probabilidades de convertirse en el m\u00e1s fuerte jam\u00e1s registrado<\/strong>, seg\u00fan la Administraci\u00f3n Nacional Oce\u00e1nica y Atmosf\u00e9rica de <a href=\"https:\/\/www.france24.com\/es\/tag\/estados-unidos\/\" target=\"_self\" class=\"gtm-add-suggested-tag\">Estados Unidos<\/a>.<\/p>\n<p>La <a href=\"https:\/\/www.france24.com\/es\/tag\/organizaci\u00f3n-meteorol\u00f3gica-mundial\/\" target=\"_self\" class=\"gtm-add-suggested-tag\">Organizaci\u00f3n Meteorol\u00f3gica Mundial<\/a> se\u00f1al\u00f3 que El Ni\u00f1o alcanzar\u00e1 su punto m\u00e1ximo hacia finales de este a\u00f1o y que<strong> casi con certeza persistir\u00e1 hasta febrero de 2027,<\/strong> advirti\u00f3 este jueves la agencia meteorol\u00f3gica de Naciones Unidas.<\/p>\n<blockquote class=\"quote\" readability=\"8\">\n<p>\u00abEl episodio de El Ni\u00f1o se ha consolidado y en los pr\u00f3ximos meses se intensificar\u00e1 hasta convertirse en un evento de intensidad muy fuerte\u00bb, seg\u00fan coinciden los pron\u00f3sticos de expertos y organismos que estudian este fen\u00f3meno.<\/p>\n<\/blockquote>\n<p>Este calentamiento peri\u00f3dico de las aguas del oc\u00e9ano Pac\u00edfico ecuatorial ocurre cuando los vientos alisios se debilitan y el agua c\u00e1lida que normalmente se acumula cerca de Asia se desplaza hacia las costas de Sudam\u00e9rica.<\/p>\n<p>Esto altera los patrones clim\u00e1ticos globales: puede provocar lluvias e inundaciones en Per\u00fa y Ecuador, sequ\u00edas en Australia e Indonesia e influir en la intensidad de la temporada de huracanes, entre otros efectos.<\/p>\n<p>El Ni\u00f1o es la fase c\u00e1lida de un ciclo natural del Pac\u00edfico tropical conocido como El Ni\u00f1o-Oscilaci\u00f3n del Sur, que ocurre cada dos a siete a\u00f1os. Esta vez, los expertos advierten que el episodio podr\u00eda alcanzar una intensidad excepcional y agravar algunos de sus efectos habituales.<\/p>\n<blockquote class=\"quote\" readability=\"10.583606557377\">\n<p>\u00abLos cambios en las temperaturas y los patrones de lluvia aumentar\u00e1n los riesgos de inundaciones, sequ\u00edas y calor extremo\u00bb, reconoci\u00f3 en Ginebra la argentina Celeste Saulo, secretaria general de la <a href=\"https:\/\/www.france24.com\/es\/tag\/organizaci\u00f3n-meteorol\u00f3gica-mundial\/\" target=\"_self\" class=\"gtm-add-suggested-tag\">Organizaci\u00f3n Meteorol\u00f3gica Mundial<\/a>, uno de los principales organismos cient\u00edficos de Naciones Unidas.<\/p>\n<\/blockquote>\n<h2><strong>Los efectos ya se sienten en distintas regiones<\/strong><\/h2>\n<p>En Per\u00fa, el mayor productor mundial de anchoveta, el calentamiento del mar ha reducido dr\u00e1sticamente la producci\u00f3n, seg\u00fan representantes de la industria.<\/p>\n<p>Mientras tanto, en <a href=\"https:\/\/www.france24.com\/es\/tag\/sud\u00e1n\/\" target=\"_self\" class=\"gtm-add-suggested-tag\">Sud\u00e1n<\/a>, El Ni\u00f1o ha retrasado lluvias fundamentales, lo que ha provocado una ca\u00edda de los niveles de agua del r\u00edo Nilo.<\/p>\n<p>En <a href=\"https:\/\/www.france24.com\/es\/tag\/centroam\u00e9rica\/\" target=\"_self\" class=\"gtm-add-suggested-tag\">Centroam\u00e9rica<\/a>, la alteraci\u00f3n de las lluvias ha provocado una fuerte sequ\u00eda y escasez de agua, con graves consecuencias para los cultivos de ma\u00edz y las familias campesinas que dependen de ellos.<\/p>\n<div class=\"m-em-image\">\n<figure class=\"m-item-image m-item-image--original m-item-image--has-caption\"> <picture class=\"a-picture a-picture--original\"><source type=\"image\/webp\" srcset=\"https:\/\/s.france24.com\/media\/display\/10a2ccb8-a22d-11f1-9ab1-005056a97e36\/w:246\/Foto-El-Nino.webp 246w, https:\/\/s.france24.com\/media\/display\/10a2ccb8-a22d-11f1-9ab1-005056a97e36\/w:388\/Foto-El-Nino.webp 388w, https:\/\/s.france24.com\/media\/display\/10a2ccb8-a22d-11f1-9ab1-005056a97e36\/w:720\/Foto-El-Nino.webp 720w, https:\/\/s.france24.com\/media\/display\/10a2ccb8-a22d-11f1-9ab1-005056a97e36\/w:980\/Foto-El-Nino.webp 980w\" sizes=\"(max-width: 1023px) calc(100vw - 32px), (min-width: 1024px) 850px\"><img fetchpriority=\"low\" decoding=\"async\" src=\"https:\/\/s.france24.com\/media\/display\/10a2ccb8-a22d-11f1-9ab1-005056a97e36\/w:980\/Foto-El-Nino.jpg\" srcset=\"https:\/\/s.france24.com\/media\/display\/10a2ccb8-a22d-11f1-9ab1-005056a97e36\/w:246\/Foto-El-Nino.jpg 246w, https:\/\/s.france24.com\/media\/display\/10a2ccb8-a22d-11f1-9ab1-005056a97e36\/w:388\/Foto-El-Nino.jpg 388w, https:\/\/s.france24.com\/media\/display\/10a2ccb8-a22d-11f1-9ab1-005056a97e36\/w:720\/Foto-El-Nino.jpg 720w, https:\/\/s.france24.com\/media\/display\/10a2ccb8-a22d-11f1-9ab1-005056a97e36\/w:980\/Foto-El-Nino.jpg 980w\" sizes=\"(max-width: 1023px) calc(100vw - 32px), (min-width: 1024px) 850px\" alt=\"Los agricultores, en primera l\u00ednea frente a la sequ\u00eda causada por El Ni\u00f1o.\" loading=\"lazy\" class=\"a-img \">\n<\/picture><figcaption class=\"a-figcaption\"> Los agricultores, en primera l\u00ednea frente a la sequ\u00eda causada por El Ni\u00f1o. \u00a9 AFP <\/figcaption><\/figure>\n<\/p><\/div>\n<p>En <a href=\"https:\/\/www.france24.com\/es\/tag\/india\/\" target=\"_self\" class=\"gtm-add-suggested-tag\">India<\/a>, las lluvias del monz\u00f3n estuvieron por debajo de lo normal en agosto y se espera que estas condiciones se mantengan en septiembre, lo que tambi\u00e9n tendr\u00e1 efectos perjudiciales para la agricultura.<\/p>\n<p>incluso <a href=\"https:\/\/www.france24.com\/es\/tag\/australia\/\" target=\"_self\" class=\"gtm-add-suggested-tag\">Australia<\/a> se encuentran entre las regiones que pueden experimentar lluvias torrenciales, inundaciones y deslizamientos de tierra durante episodios de El Ni\u00f1o.<\/p>\n<h2><strong>El impacto sobre la producci\u00f3n de alimentos<\/strong><\/h2>\n<p>Desde una perspectiva social, uno de los efectos m\u00e1s graves es la disminuci\u00f3n de la producci\u00f3n agr\u00edcola, que puede reducir el acceso de las comunidades a los alimentos y aumentar los precios.<\/p>\n<p>Saulo sostuvo que \u201ceste episodio excepcional de El Ni\u00f1o exige medidas de preparaci\u00f3n y respuesta excepcionales\u201d y destac\u00f3 la movilizaci\u00f3n sin precedentes de los servicios meteorol\u00f3gicos e hidrol\u00f3gicos de los pa\u00edses.<\/p>\n<p>La <a href=\"https:\/\/www.france24.com\/es\/tag\/organizaci\u00f3n-meteorol\u00f3gica-mundial\/\" target=\"_self\" class=\"gtm-add-suggested-tag\">Organizaci\u00f3n Meteorol\u00f3gica Mundial<\/a> se\u00f1al\u00f3 que ahora los gobiernos y otras instancias de decisi\u00f3n deben valorar esta informaci\u00f3n y definir las medidas necesarias.<\/p>\n<h2><strong>Temperaturas excepcionales y tres ciclones que avanzan&nbsp;<\/strong><\/h2>\n<p>Uno de los datos que m\u00e1s preocupa a los cient\u00edficos es el fuerte aumento de la temperatura del oc\u00e9ano, tanto en la superficie como en capas m\u00e1s profundas.<\/p>\n<p>En la superficie, algunas zonas registran hasta 2,6 \u00b0C por encima de los valores normales, mientras que bajo el agua el calentamiento es a\u00fan m\u00e1s extremo: en determinados puntos, las temperaturas superan la media en m\u00e1s de 8 \u00b0C, una acumulaci\u00f3n de calor considerada excepcional.<\/p>\n<div class=\"m-em-video\" readability=\"7\">\n<p> \u00bfQu\u00e9 es fen\u00f3meno de El Ni\u00f1o y por qu\u00e9 preocupa a las autoridades meteorol\u00f3gicas?<\/p>\n<div class=\"o-video-player o-video-player--16x9\" data-media-video-wbmz417356-f24-es-20260903 data-show-hidden-video-player=\"WBMZ417356-F24-ES-20260903\" data-wrapper-video-player data-youtube-script>\n<div class=\"o-em-consent \" readability=\"7\">\n<div class=\"o-em-consent__content\" readability=\"34\">\n<p class=\"o-em-consent__content__text\">Para mostrar este contenido de YouTube, debe autorizar las cookies de medici\u00f3n de audiencia y publicidad.<\/p>\n<p> <button class=\"a-master-button a-master-button--dark\" data-action=\"accept\"> Aceptar <svg class=\"a-svg a-svg--icon-check\"> <use xlink:href=\"\/build\/images\/svg\/sprite.1af31c2f854b10d5fc5627a4f4fa61be.svg#icon-check\" href=\"\/build\/images\/svg\/sprite.1af31c2f854b10d5fc5627a4f4fa61be.svg#icon-check\" \/> <\/svg> <\/button> <button class=\"a-link\" data-action=\"manage\">Gestionar mis opciones <svg class=\"a-svg a-svg--icon-edit\"> <use xlink:href=\"\/build\/images\/svg\/sprite.1af31c2f854b10d5fc5627a4f4fa61be.svg#icon-edit\" href=\"\/build\/images\/svg\/sprite.1af31c2f854b10d5fc5627a4f4fa61be.svg#icon-edit\" \/> <\/svg><br \/>\n<\/button> <\/div>\n<\/div>\n<div class=\"o-em-adblock\" data-adblock-content readability=\"7\">\n<div class=\"o-em-adblock__content\" readability=\"34\">\n<p class=\"o-em-adblock__content__text\">Una extensi\u00f3n de tu navegador parece estar bloqueando la carga del reproductor de video. Para poder ver este contenido, debes desactivarla en este sitio.<\/p>\n<p> <button class=\"a-master-button a-master-button--dark\" data-action=\"reload\">Reintentar<\/button> <\/div>\n<\/div>\n<figure class=\"m-item-image m-item-image--16x9 m-item-image--has-caption\"> <picture class=\"a-picture a-picture--16x9\"><source type=\"image\/webp\" srcset=\"https:\/\/s.france24.com\/media\/display\/c137aab4-9da3-11f1-abf8-005056a90284\/w:388\/p:16x9\/ES-20260821-130743-130953-CS.webp 388w, https:\/\/s.france24.com\/media\/display\/c137aab4-9da3-11f1-abf8-005056a90284\/w:720\/p:16x9\/ES-20260821-130743-130953-CS.webp 720w, https:\/\/s.france24.com\/media\/display\/c137aab4-9da3-11f1-abf8-005056a90284\/w:1024\/p:16x9\/ES-20260821-130743-130953-CS.webp 1024w\" sizes=\"(max-width: 639px) calc(100vw - 32px), (max-width: 1076px) calc(100vw - 44px), 850px\"><img fetchpriority=\"high\" decoding=\"auto\" src=\"https:\/\/s.france24.com\/media\/display\/c137aab4-9da3-11f1-abf8-005056a90284\/w:1024\/p:16x9\/ES-20260821-130743-130953-CS.jpg\" srcset=\"https:\/\/s.france24.com\/media\/display\/c137aab4-9da3-11f1-abf8-005056a90284\/w:388\/p:16x9\/ES-20260821-130743-130953-CS.jpg 388w, https:\/\/s.france24.com\/media\/display\/c137aab4-9da3-11f1-abf8-005056a90284\/w:720\/p:16x9\/ES-20260821-130743-130953-CS.jpg 720w, https:\/\/s.france24.com\/media\/display\/c137aab4-9da3-11f1-abf8-005056a90284\/w:1024\/p:16x9\/ES-20260821-130743-130953-CS.jpg 1024w\" sizes=\"(max-width: 639px) calc(100vw - 32px), (max-width: 1076px) calc(100vw - 44px), 850px\" width=\"1024\" height=\"576\" alt=\" \u00bfQu\u00e9 es fen\u00f3meno de El Ni\u00f1o y por qu\u00e9 preocupa a las autoridades meteorol\u00f3gicas?\" loading=\"eager\" class=\"a-img \">\n<\/picture><figcaption class=\"a-figcaption\"> Imagen de portada: \u00a9 France 24 <\/figcaption><\/figure>\n<\/p><\/div>\n<\/div>\n<p>Producto de esto, dos poderosos huracanes y una tormenta tropical en proceso de fortalecimiento avanzaban este mi\u00e9rcoles por el oc\u00e9ano Pac\u00edfico.<\/p>\n<p>El hurac\u00e1n<strong> <\/strong>Lowell se intensific\u00f3 el mi\u00e9rcoles hasta convertirse en una tormenta de categor\u00eda 5 mientras avanzaba hacia el oeste, seguido por el hurac\u00e1n Karina, de categor\u00eda 4.<\/p>\n<p>Se prev\u00e9 que ambos sistemas pasen lejos de Haw\u00e1i: Lowell, considerablemente al sur, y Karina, al noreste del archipi\u00e9lago, seg\u00fan el Centro Nacional de Huracanes de <a href=\"https:\/\/www.france24.com\/es\/tag\/estados-unidos\/\" target=\"_self\" class=\"gtm-add-suggested-tag\">Estados Unidos<\/a>.<\/p>\n<blockquote class=\"quote\" readability=\"10\">\n<p>\u201cEl oleaje generado por Lowell se est\u00e1 extendiendo hacia el norte y afectar\u00e1 partes de las islas hawaianas durante los pr\u00f3ximos d\u00edas\u201d, adem\u00e1s de que \u201cprobablemente provocar\u00e1 condiciones de oleaje y corrientes de resaca potencialmente mortales\u201d, se\u00f1al\u00f3 el Centro Nacional de Huracanes.<\/p>\n<\/blockquote>\n<p>Al este de Lowell y Karina se encuentra la tormenta tropical Marie, actualmente a varios cientos de kil\u00f3metros al sur de Baja California y que \u201cse espera que se convierta en hurac\u00e1n m\u00e1s tarde hoy\u201d, indic\u00f3 el Centro Nacional de Huracanes.<\/p>\n<p>Una sucesi\u00f3n de tres ciclones \u201ces definitivamente algo poco com\u00fan de observar\u201d, dijo Julia Cole, cient\u00edfica clim\u00e1tica de la <a href=\"https:\/\/www.france24.com\/es\/tag\/universidad\/\" target=\"_self\" class=\"gtm-add-suggested-tag\">Universidad<\/a> de <a href=\"https:\/\/www.france24.com\/es\/tag\/michigan\/\" target=\"_self\" class=\"gtm-add-suggested-tag\">Michigan<\/a>.<\/p>\n<p>Cuatro ciclones simult\u00e1neos se presentaron tambi\u00e9n en 2015, otro a\u00f1o marcado por un intenso episodio de El Ni\u00f1o, cuando el tif\u00f3n Kilo, el hurac\u00e1n Ignacio, el hurac\u00e1n Jimena y la depresi\u00f3n tropical 14E atravesaron al mismo tiempo el Pac\u00edfico.<\/p>\n<p>&nbsp;\u201cEl sistema clim\u00e1tico se ha calentado significativamente durante los \u00faltimos 20 a\u00f1os aproximadamente\u201d, se\u00f1al\u00f3 Benjamin Kirtman, cient\u00edfico atmosf\u00e9rico de la <a href=\"https:\/\/www.france24.com\/es\/tag\/universidad\/\" target=\"_self\" class=\"gtm-add-suggested-tag\">Universidad<\/a> de <a href=\"https:\/\/www.france24.com\/es\/tag\/miami\/\" target=\"_self\" class=\"gtm-add-suggested-tag\">Miami<\/a>.<\/p>\n<p>Con EFE y AFP&nbsp;<\/p>\n","protected":false},"excerpt":{"rendered":"<p>Las pautas de lluvias y temperaturas en&#46;&#46;&#46;<\/p>\n","protected":false},"author":1,"featured_media":411103,"comment_status":"closed","ping_status":"closed","sticky":false,"template":"","format":"standard","meta":{"_jetpack_newsletter_access":"","_jetpack_dont_email_post_to_subs":false,"_jetpack_newsletter_tier_id":0,"_jetpack_memberships_contains_paywalled_content":false,"_jetpack_feature_clip_id":0,"_jetpack_memberships_contains_paid_content":false,"footnotes":"","jetpack_publicize_message":"","jetpack_publicize_feature_enabled":true,"jetpack_social_post_already_shared":true,"jetpack_social_options":{"image_generator_settings":{"template":"highway","default_image_id":0,"font":"","enabled":false},"version":2},"jetpack_post_was_ever_published":false},"categories":[43],"tags":[],"class_list":["post-411102","post","type-post","status-publish","format-standard","has-post-thumbnail","hentry","category-internacionales"],"yoast_head":"<!-- This site is optimized with the Yoast SEO plugin v28.1 - https:\/\/yoast.com\/product\/yoast-seo-wordpress\/ -->\n<title>El Ni\u00f1o de 2026 podr\u00eda ser el m\u00e1s fuerte jam\u00e1s registrado, seg\u00fan la autoridad meteorol\u00f3gica de EE. UU. - Sarmiento24h<\/title>\n<meta name=\"robots\" content=\"index, follow, max-snippet:-1, max-image-preview:large, max-video-preview:-1\" \/>\n<link rel=\"canonical\" href=\"https:\/\/sarmiento24h.com\/?p=411102\" \/>\n<meta property=\"og:locale\" content=\"es_ES\" \/>\n<meta property=\"og:type\" content=\"article\" \/>\n<meta property=\"og:title\" content=\"El Ni\u00f1o de 2026 podr\u00eda ser el m\u00e1s fuerte jam\u00e1s registrado, seg\u00fan la autoridad meteorol\u00f3gica de EE. UU. - Sarmiento24h\" \/>\n<meta property=\"og:description\" content=\"Las pautas de lluvias y temperaturas en&#046;&#046;&#046;\" \/>\n<meta property=\"og:url\" content=\"https:\/\/sarmiento24h.com\/?p=411102\" \/>\n<meta property=\"og:site_name\" content=\"Sarmiento24h\" \/>\n<meta property=\"article:publisher\" content=\"https:\/\/facebook.com\/s24hnoticias\" \/>\n<meta property=\"article:published_time\" content=\"2026-09-03T08:32:15+00:00\" \/>\n<meta property=\"og:image\" content=\"https:\/\/s.france24.com\/media\/display\/10a2ccb8-a22d-11f1-9ab1-005056a97e36\/w:980\/Foto-El-Nino.jpg\" \/>\n<meta name=\"author\" content=\"sarmiento24h@gmail.com\" \/>\n<meta name=\"twitter:card\" content=\"summary_large_image\" \/>\n<meta name=\"twitter:creator\" content=\"@sarmiento24h\" \/>\n<meta name=\"twitter:site\" content=\"@sarmiento24h\" \/>\n<meta name=\"twitter:label1\" content=\"Escrito por\" \/>\n\t<meta name=\"twitter:data1\" content=\"sarmiento24h@gmail.com\" \/>\n\t<meta name=\"twitter:label2\" content=\"Tiempo de lectura\" \/>\n\t<meta name=\"twitter:data2\" content=\"5 minutos\" \/>\n<script type=\"application\/ld+json\" class=\"yoast-schema-graph\">{\"@context\":\"https:\\\/\\\/schema.org\",\"@graph\":[{\"@type\":\"Article\",\"@id\":\"https:\\\/\\\/sarmiento24h.com\\\/?p=411102#article\",\"isPartOf\":{\"@id\":\"https:\\\/\\\/sarmiento24h.com\\\/?p=411102\"},\"author\":{\"name\":\"sarmiento24h@gmail.com\",\"@id\":\"https:\\\/\\\/sarmiento24h.com\\\/#\\\/schema\\\/person\\\/d653a59725ad629a7e0429af7b939d4d\"},\"headline\":\"El Ni\u00f1o de 2026 podr\u00eda ser el m\u00e1s fuerte jam\u00e1s registrado, seg\u00fan la autoridad meteorol\u00f3gica de EE. UU.\",\"datePublished\":\"2026-09-03T08:32:15+00:00\",\"mainEntityOfPage\":{\"@id\":\"https:\\\/\\\/sarmiento24h.com\\\/?p=411102\"},\"wordCount\":1057,\"publisher\":{\"@id\":\"https:\\\/\\\/sarmiento24h.com\\\/#organization\"},\"image\":{\"@id\":\"https:\\\/\\\/sarmiento24h.com\\\/?p=411102#primaryimage\"},\"thumbnailUrl\":\"https:\\\/\\\/sarmiento24h.com\\\/wp-content\\\/uploads\\\/2026\\\/09\\\/el-nino-de-2026-podria-ser-el-mas-fuerte-jamas-registrado-segun-la-autoridad-meteorologica-de-ee-uu.jpg\",\"articleSection\":[\"Internacionales\"],\"inLanguage\":\"es\"},{\"@type\":\"WebPage\",\"@id\":\"https:\\\/\\\/sarmiento24h.com\\\/?p=411102\",\"url\":\"https:\\\/\\\/sarmiento24h.com\\\/?p=411102\",\"name\":\"El Ni\u00f1o de 2026 podr\u00eda ser el m\u00e1s fuerte jam\u00e1s registrado, seg\u00fan la autoridad meteorol\u00f3gica de EE. UU. - Sarmiento24h\",\"isPartOf\":{\"@id\":\"https:\\\/\\\/sarmiento24h.com\\\/#website\"},\"primaryImageOfPage\":{\"@id\":\"https:\\\/\\\/sarmiento24h.com\\\/?p=411102#primaryimage\"},\"image\":{\"@id\":\"https:\\\/\\\/sarmiento24h.com\\\/?p=411102#primaryimage\"},\"thumbnailUrl\":\"https:\\\/\\\/sarmiento24h.com\\\/wp-content\\\/uploads\\\/2026\\\/09\\\/el-nino-de-2026-podria-ser-el-mas-fuerte-jamas-registrado-segun-la-autoridad-meteorologica-de-ee-uu.jpg\",\"datePublished\":\"2026-09-03T08:32:15+00:00\",\"breadcrumb\":{\"@id\":\"https:\\\/\\\/sarmiento24h.com\\\/?p=411102#breadcrumb\"},\"inLanguage\":\"es\",\"potentialAction\":[{\"@type\":\"ReadAction\",\"target\":[\"https:\\\/\\\/sarmiento24h.com\\\/?p=411102\"]}]},{\"@type\":\"ImageObject\",\"inLanguage\":\"es\",\"@id\":\"https:\\\/\\\/sarmiento24h.com\\\/?p=411102#primaryimage\",\"url\":\"https:\\\/\\\/sarmiento24h.com\\\/wp-content\\\/uploads\\\/2026\\\/09\\\/el-nino-de-2026-podria-ser-el-mas-fuerte-jamas-registrado-segun-la-autoridad-meteorologica-de-ee-uu.jpg\",\"contentUrl\":\"https:\\\/\\\/sarmiento24h.com\\\/wp-content\\\/uploads\\\/2026\\\/09\\\/el-nino-de-2026-podria-ser-el-mas-fuerte-jamas-registrado-segun-la-autoridad-meteorologica-de-ee-uu.jpg\",\"width\":980,\"height\":551},{\"@type\":\"BreadcrumbList\",\"@id\":\"https:\\\/\\\/sarmiento24h.com\\\/?p=411102#breadcrumb\",\"itemListElement\":[{\"@type\":\"ListItem\",\"position\":1,\"name\":\"Home\",\"item\":\"https:\\\/\\\/sarmiento24h.com\\\/\"},{\"@type\":\"ListItem\",\"position\":2,\"name\":\"El Ni\u00f1o de 2026 podr\u00eda ser el m\u00e1s fuerte jam\u00e1s registrado, seg\u00fan la autoridad meteorol\u00f3gica de EE. UU.\"}]},{\"@type\":\"WebSite\",\"@id\":\"https:\\\/\\\/sarmiento24h.com\\\/#website\",\"url\":\"https:\\\/\\\/sarmiento24h.com\\\/\",\"name\":\"Sarmiento24h\",\"description\":\"\",\"publisher\":{\"@id\":\"https:\\\/\\\/sarmiento24h.com\\\/#organization\"},\"potentialAction\":[{\"@type\":\"SearchAction\",\"target\":{\"@type\":\"EntryPoint\",\"urlTemplate\":\"https:\\\/\\\/sarmiento24h.com\\\/?s={search_term_string}\"},\"query-input\":{\"@type\":\"PropertyValueSpecification\",\"valueRequired\":true,\"valueName\":\"search_term_string\"}}],\"inLanguage\":\"es\"},{\"@type\":\"Organization\",\"@id\":\"https:\\\/\\\/sarmiento24h.com\\\/#organization\",\"name\":\"Sarmiento24h\",\"url\":\"https:\\\/\\\/sarmiento24h.com\\\/\",\"logo\":{\"@type\":\"ImageObject\",\"inLanguage\":\"es\",\"@id\":\"https:\\\/\\\/sarmiento24h.com\\\/#\\\/schema\\\/logo\\\/image\\\/\",\"url\":\"https:\\\/\\\/sarmiento24h.com\\\/wp-content\\\/uploads\\\/2025\\\/12\\\/AddText_12-16-10.30.52.jpg\",\"contentUrl\":\"https:\\\/\\\/sarmiento24h.com\\\/wp-content\\\/uploads\\\/2025\\\/12\\\/AddText_12-16-10.30.52.jpg\",\"width\":1220,\"height\":324,\"caption\":\"Sarmiento24h\"},\"image\":{\"@id\":\"https:\\\/\\\/sarmiento24h.com\\\/#\\\/schema\\\/logo\\\/image\\\/\"},\"sameAs\":[\"https:\\\/\\\/facebook.com\\\/s24hnoticias\",\"https:\\\/\\\/x.com\\\/sarmiento24h\"]},{\"@type\":\"Person\",\"@id\":\"https:\\\/\\\/sarmiento24h.com\\\/#\\\/schema\\\/person\\\/d653a59725ad629a7e0429af7b939d4d\",\"name\":\"sarmiento24h@gmail.com\",\"image\":{\"@type\":\"ImageObject\",\"inLanguage\":\"es\",\"@id\":\"https:\\\/\\\/sarmiento24h.com\\\/wp-content\\\/litespeed\\\/avatar\\\/d02cbc4e23c747e6659cd45907173c8f.jpg?ver=1788047690\",\"url\":\"https:\\\/\\\/sarmiento24h.com\\\/wp-content\\\/litespeed\\\/avatar\\\/d02cbc4e23c747e6659cd45907173c8f.jpg?ver=1788047690\",\"contentUrl\":\"https:\\\/\\\/sarmiento24h.com\\\/wp-content\\\/litespeed\\\/avatar\\\/d02cbc4e23c747e6659cd45907173c8f.jpg?ver=1788047690\",\"caption\":\"sarmiento24h@gmail.com\"},\"sameAs\":[\"https:\\\/\\\/sarmiento24h.com\"],\"url\":\"https:\\\/\\\/sarmiento24h.com\\\/?author=1\"}]}<\/script>\n<!-- \/ Yoast SEO plugin. -->","yoast_head_json":{"title":"El Ni\u00f1o de 2026 podr\u00eda ser el m\u00e1s fuerte jam\u00e1s registrado, seg\u00fan la autoridad meteorol\u00f3gica de EE. UU. - Sarmiento24h","robots":{"index":"index","follow":"follow","max-snippet":"max-snippet:-1","max-image-preview":"max-image-preview:large","max-video-preview":"max-video-preview:-1"},"canonical":"https:\/\/sarmiento24h.com\/?p=411102","og_locale":"es_ES","og_type":"article","og_title":"El Ni\u00f1o de 2026 podr\u00eda ser el m\u00e1s fuerte jam\u00e1s registrado, seg\u00fan la autoridad meteorol\u00f3gica de EE. UU. - Sarmiento24h","og_description":"Las pautas de lluvias y temperaturas en&#46;&#46;&#46;","og_url":"https:\/\/sarmiento24h.com\/?p=411102","og_site_name":"Sarmiento24h","article_publisher":"https:\/\/facebook.com\/s24hnoticias","article_published_time":"2026-09-03T08:32:15+00:00","og_image":[{"url":"https:\/\/s.france24.com\/media\/display\/10a2ccb8-a22d-11f1-9ab1-005056a97e36\/w:980\/Foto-El-Nino.jpg","type":"","width":"","height":""}],"author":"sarmiento24h@gmail.com","twitter_card":"summary_large_image","twitter_creator":"@sarmiento24h","twitter_site":"@sarmiento24h","twitter_misc":{"Escrito por":"sarmiento24h@gmail.com","Tiempo de lectura":"5 minutos"},"schema":{"@context":"https:\/\/schema.org","@graph":[{"@type":"Article","@id":"https:\/\/sarmiento24h.com\/?p=411102#article","isPartOf":{"@id":"https:\/\/sarmiento24h.com\/?p=411102"},"author":{"name":"sarmiento24h@gmail.com","@id":"https:\/\/sarmiento24h.com\/#\/schema\/person\/d653a59725ad629a7e0429af7b939d4d"},"headline":"El Ni\u00f1o de 2026 podr\u00eda ser el m\u00e1s fuerte jam\u00e1s registrado, seg\u00fan la autoridad meteorol\u00f3gica de EE. UU.","datePublished":"2026-09-03T08:32:15+00:00","mainEntityOfPage":{"@id":"https:\/\/sarmiento24h.com\/?p=411102"},"wordCount":1057,"publisher":{"@id":"https:\/\/sarmiento24h.com\/#organization"},"image":{"@id":"https:\/\/sarmiento24h.com\/?p=411102#primaryimage"},"thumbnailUrl":"https:\/\/sarmiento24h.com\/wp-content\/uploads\/2026\/09\/el-nino-de-2026-podria-ser-el-mas-fuerte-jamas-registrado-segun-la-autoridad-meteorologica-de-ee-uu.jpg","articleSection":["Internacionales"],"inLanguage":"es"},{"@type":"WebPage","@id":"https:\/\/sarmiento24h.com\/?p=411102","url":"https:\/\/sarmiento24h.com\/?p=411102","name":"El Ni\u00f1o de 2026 podr\u00eda ser el m\u00e1s fuerte jam\u00e1s registrado, seg\u00fan la autoridad meteorol\u00f3gica de EE. UU. - Sarmiento24h","isPartOf":{"@id":"https:\/\/sarmiento24h.com\/#website"},"primaryImageOfPage":{"@id":"https:\/\/sarmiento24h.com\/?p=411102#primaryimage"},"image":{"@id":"https:\/\/sarmiento24h.com\/?p=411102#primaryimage"},"thumbnailUrl":"https:\/\/sarmiento24h.com\/wp-content\/uploads\/2026\/09\/el-nino-de-2026-podria-ser-el-mas-fuerte-jamas-registrado-segun-la-autoridad-meteorologica-de-ee-uu.jpg","datePublished":"2026-09-03T08:32:15+00:00","breadcrumb":{"@id":"https:\/\/sarmiento24h.com\/?p=411102#breadcrumb"},"inLanguage":"es","potentialAction":[{"@type":"ReadAction","target":["https:\/\/sarmiento24h.com\/?p=411102"]}]},{"@type":"ImageObject","inLanguage":"es","@id":"https:\/\/sarmiento24h.com\/?p=411102#primaryimage","url":"https:\/\/sarmiento24h.com\/wp-content\/uploads\/2026\/09\/el-nino-de-2026-podria-ser-el-mas-fuerte-jamas-registrado-segun-la-autoridad-meteorologica-de-ee-uu.jpg","contentUrl":"https:\/\/sarmiento24h.com\/wp-content\/uploads\/2026\/09\/el-nino-de-2026-podria-ser-el-mas-fuerte-jamas-registrado-segun-la-autoridad-meteorologica-de-ee-uu.jpg","width":980,"height":551},{"@type":"BreadcrumbList","@id":"https:\/\/sarmiento24h.com\/?p=411102#breadcrumb","itemListElement":[{"@type":"ListItem","position":1,"name":"Home","item":"https:\/\/sarmiento24h.com\/"},{"@type":"ListItem","position":2,"name":"El Ni\u00f1o de 2026 podr\u00eda ser el m\u00e1s fuerte jam\u00e1s registrado, seg\u00fan la autoridad meteorol\u00f3gica de EE. UU."}]},{"@type":"WebSite","@id":"https:\/\/sarmiento24h.com\/#website","url":"https:\/\/sarmiento24h.com\/","name":"Sarmiento24h","description":"","publisher":{"@id":"https:\/\/sarmiento24h.com\/#organization"},"potentialAction":[{"@type":"SearchAction","target":{"@type":"EntryPoint","urlTemplate":"https:\/\/sarmiento24h.com\/?s={search_term_string}"},"query-input":{"@type":"PropertyValueSpecification","valueRequired":true,"valueName":"search_term_string"}}],"inLanguage":"es"},{"@type":"Organization","@id":"https:\/\/sarmiento24h.com\/#organization","name":"Sarmiento24h","url":"https:\/\/sarmiento24h.com\/","logo":{"@type":"ImageObject","inLanguage":"es","@id":"https:\/\/sarmiento24h.com\/#\/schema\/logo\/image\/","url":"https:\/\/sarmiento24h.com\/wp-content\/uploads\/2025\/12\/AddText_12-16-10.30.52.jpg","contentUrl":"https:\/\/sarmiento24h.com\/wp-content\/uploads\/2025\/12\/AddText_12-16-10.30.52.jpg","width":1220,"height":324,"caption":"Sarmiento24h"},"image":{"@id":"https:\/\/sarmiento24h.com\/#\/schema\/logo\/image\/"},"sameAs":["https:\/\/facebook.com\/s24hnoticias","https:\/\/x.com\/sarmiento24h"]},{"@type":"Person","@id":"https:\/\/sarmiento24h.com\/#\/schema\/person\/d653a59725ad629a7e0429af7b939d4d","name":"sarmiento24h@gmail.com","image":{"@type":"ImageObject","inLanguage":"es","@id":"https:\/\/sarmiento24h.com\/wp-content\/litespeed\/avatar\/d02cbc4e23c747e6659cd45907173c8f.jpg?ver=1788047690","url":"https:\/\/sarmiento24h.com\/wp-content\/litespeed\/avatar\/d02cbc4e23c747e6659cd45907173c8f.jpg?ver=1788047690","contentUrl":"https:\/\/sarmiento24h.com\/wp-content\/litespeed\/avatar\/d02cbc4e23c747e6659cd45907173c8f.jpg?ver=1788047690","caption":"sarmiento24h@gmail.com"},"sameAs":["https:\/\/sarmiento24h.com"],"url":"https:\/\/sarmiento24h.com\/?author=1"}]}},"jetpack_publicize_connections":[],"jetpack_featured_media_url":"https:\/\/sarmiento24h.com\/wp-content\/uploads\/2026\/09\/el-nino-de-2026-podria-ser-el-mas-fuerte-jamas-registrado-segun-la-autoridad-meteorologica-de-ee-uu.jpg","jetpack_sharing_enabled":true,"_links":{"self":[{"href":"https:\/\/sarmiento24h.com\/index.php?rest_route=\/wp\/v2\/posts\/411102","targetHints":{"allow":["GET"]}}],"collection":[{"href":"https:\/\/sarmiento24h.com\/index.php?rest_route=\/wp\/v2\/posts"}],"about":[{"href":"https:\/\/sarmiento24h.com\/index.php?rest_route=\/wp\/v2\/types\/post"}],"author":[{"embeddable":true,"href":"https:\/\/sarmiento24h.com\/index.php?rest_route=\/wp\/v2\/users\/1"}],"replies":[{"embeddable":true,"href":"https:\/\/sarmiento24h.com\/index.php?rest_route=%2Fwp%2Fv2%2Fcomments&post=411102"}],"version-history":[{"count":0,"href":"https:\/\/sarmiento24h.com\/index.php?rest_route=\/wp\/v2\/posts\/411102\/revisions"}],"wp:featuredmedia":[{"embeddable":true,"href":"https:\/\/sarmiento24h.com\/index.php?rest_route=\/wp\/v2\/media\/411103"}],"wp:attachment":[{"href":"https:\/\/sarmiento24h.com\/index.php?rest_route=%2Fwp%2Fv2%2Fmedia&parent=411102"}],"wp:term":[{"taxonomy":"category","embeddable":true,"href":"https:\/\/sarmiento24h.com\/index.php?rest_route=%2Fwp%2Fv2%2Fcategories&post=411102"},{"taxonomy":"post_tag","embeddable":true,"href":"https:\/\/sarmiento24h.com\/index.php?rest_route=%2Fwp%2Fv2%2Ftags&post=411102"}],"curies":[{"name":"wp","href":"https:\/\/api.w.org\/{rel}","templated":true}]}}