{"id":411171,"date":"2026-09-03T09:37:18","date_gmt":"2026-09-03T09:37:18","guid":{"rendered":"http:\/\/e166edec-a774-11f1-9672-4168adfd404e"},"modified":"2026-09-03T09:37:18","modified_gmt":"2026-09-03T09:37:18","slug":"sanchez-no-hay-pruebas-solidas-de-que-marruecos-planificara-la-llegada-masiva-de-migrantes-a-ceuta","status":"publish","type":"post","link":"https:\/\/sarmiento24h.com\/?p=411171","title":{"rendered":"S\u00e1nchez: no hay \u00abpruebas s\u00f3lidas\u00bb de que Marruecos planificara la llegada masiva de migrantes a Ceuta"},"content":{"rendered":"<div><img decoding=\"async\" src=\"https:\/\/s.france24.com\/media\/display\/ff8ec802-a76b-11f1-9b93-005056bfb2b6\/w:1280\/p:16x9\/2026-09-03T071929Z-2098391657-RC2JBNAFLHWL-RTRMADP-3-MIGRATION-EUROPE-SPAIN-CEUTA.jpg\" class=\"ff-og-image-inserted\"><\/div>\n<p><a href=\"https:\/\/www.france24.com\/es\/tag\/pedro-s\u00e1nchez\/\" target=\"_self\">Pedro S\u00e1nchez<\/a>, presidente del Gobierno de <a href=\"https:\/\/www.france24.com\/es\/tag\/espa\u00f1a\/\" target=\"_self\">Espa\u00f1a<\/a>, afirm\u00f3 ante los diputados este 3 de septiembre que no dispone de \u00abpruebas s\u00f3lidas de que <a href=\"https:\/\/www.france24.com\/es\/tag\/marruecos\/\" target=\"_self\">Marruecos<\/a> haya planificado u organizado\u00bb la llegada masiva de <a href=\"https:\/\/www.france24.com\/es\/tag\/migrantes\/\" target=\"_self\">migrantes<\/a> a Ceuta a finales de julio.<\/p>\n<p>El posible papel de Marruecos en esa llegada masiva ocupa desde hace un mes el centro del debate en Espa\u00f1a.<\/p>\n<p>La declaraci\u00f3n se produce despu\u00e9s de la publicaci\u00f3n de un informe de la Polic\u00eda espa\u00f1ola que menciona, entre otros elementos, un \u201cdespliegue sensiblemente menor de lo habitual\u201d y la \u201cpermisividad\u201d de los agentes marroqu\u00edes.<\/p>\n<p class=\"a-read-more\"><span class=\"a-read-more__label\">Leer tambi\u00e9n<\/span><a href=\"https:\/\/www.france24.com\/es\/europa\/20260902-informe-policial-sit\u00faa-a-gendarmes-marroqu\u00edes-detr\u00e1s-de-la-crisis-en-ceuta-y-eleva-la-presi\u00f3n-sobre-el-gobierno-espa\u00f1ol\" target=\"_self\" class=\"a-read-more__link\">Informe policial sit\u00faa a gendarmes marroqu\u00edes detr\u00e1s de la crisis en Ceuta y eleva la presi\u00f3n sobre el Gobierno espa\u00f1ol<\/a><\/p>\n<p>El presidente del <a href=\"https:\/\/www.france24.com\/es\/tag\/gobierno\/\" target=\"_self\">Gobierno<\/a> tambi\u00e9n critic\u00f3 las declaraciones de ministros marroqu\u00edes que reivindicaron los derechos de Marruecos sobre los dos territorios espa\u00f1oles situados en el norte de <a href=\"https:\/\/www.france24.com\/es\/tag\/\u00e1frica\/\" target=\"_self\">\u00c1frica<\/a>.<\/p>\n<blockquote readability=\"11.947040498442\">\n<p>\u201cHemos escuchado a dos ministros hacer declaraciones inaceptables sobre <a href=\"https:\/\/www.france24.com\/es\/tag\/ceuta\/\" target=\"_self\">Ceuta<\/a> y <a href=\"https:\/\/www.france24.com\/es\/tag\/melilla\/\" target=\"_self\">Melilla<\/a> (&#8230;) dos declaraciones, se\u00f1oras y se\u00f1ores diputados, que por supuesto hemos rechazado categ\u00f3ricamente y por las cuales, quiero informarles, convocamos a la embajadora marroqu\u00ed el pasado 21 de agosto\u201d, afirm\u00f3 <a href=\"https:\/\/www.france24.com\/es\/tag\/pedro-s\u00e1nchez\/\" target=\"_self\" class=\"gtm-add-suggested-tag\">Pedro S\u00e1nchez<\/a>.<\/p>\n<\/blockquote>\n<p>Durante su comparecencia en el Congreso por la <a href=\"https:\/\/www.france24.com\/es\/tag\/crisis-migratoria\/\" target=\"_self\" class=\"gtm-add-suggested-tag\">crisis migratoria<\/a> de <a href=\"https:\/\/www.france24.com\/es\/tag\/ceuta\/\" target=\"_self\" class=\"gtm-add-suggested-tag\">Ceuta<\/a>, <strong>tras la entrada masiva de m\u00e1s de 70.000 personas desde Marruecos los pasados 30 y 31 de julio<\/strong>, el presidente anunci\u00f3 que Espa\u00f1a pedir\u00e1 a la Agencia Europea de la Guardia de Fronteras y Costas, Frontex, que establezca una \u201cpresencia permanente\u201d en el puerto y el espig\u00f3n de la ciudad espa\u00f1ola de Ceuta, fronteriza con Marruecos, as\u00ed como una misi\u00f3n espec\u00edfica de Europol.<\/p>\n<p>La misi\u00f3n de Europol se encargar\u00eda de \u201cmonitorizar la <a href=\"https:\/\/www.france24.com\/es\/tag\/migraci\u00f3n\/\" target=\"_self\" class=\"gtm-add-suggested-tag\">migraci\u00f3n<\/a> irregular\u201d en Ceuta para conseguir, seg\u00fan explic\u00f3 a los diputados, que \u201cesta frontera europea cuente con el apoyo europeo que merece\u201d.<\/p>\n<p>S\u00e1nchez anunci\u00f3 tambi\u00e9n la revisi\u00f3n de los mecanismos de coordinaci\u00f3n y alerta con Marruecos, con \u201cgarant\u00edas adicionales\u201d, y asegur\u00f3 que <a href=\"https:\/\/www.france24.com\/es\/tag\/espa\u00f1a\/\" target=\"_self\" class=\"gtm-add-suggested-tag\">Espa\u00f1a<\/a> quiere mantener una relaci\u00f3n de \u201cbuena vecindad\u201d con el pa\u00eds vecino, aunque puntualiz\u00f3 que, tras los hechos de Ceuta, la cooperaci\u00f3n \u201ctiene que ser diferente\u201d.<\/p>\n<p>Adem\u00e1s, pidi\u00f3 al rey Felipe VI que visite <a href=\"https:\/\/www.france24.com\/es\/tag\/melilla\/\" target=\"_self\" class=\"gtm-add-suggested-tag\">Melilla<\/a> y Ceuta \u201cen las pr\u00f3ximas semanas\u201d para transmitirles \u201cel compromiso absoluto del Estado\u201d.<\/p>\n<p>Ceuta y Melilla, ambas fronterizas con Marruecos, constituyen las \u00fanicas fronteras terrestres de la <a href=\"https:\/\/www.france24.com\/es\/tag\/uni\u00f3n-europea\/\" target=\"_self\" class=\"gtm-add-suggested-tag\">Uni\u00f3n Europea<\/a> con \u00c1frica.<\/p>\n<p>La \u00faltima visita de un monarca espa\u00f1ol a estos dos territorios situados en el norte de <a href=\"https:\/\/www.france24.com\/es\/tag\/\u00e1frica\/\" target=\"_self\">\u00c1frica<\/a> se remonta a noviembre de 2007. En aquel momento, el viaje provoc\u00f3 una crisis diplom\u00e1tica con <a href=\"https:\/\/www.france24.com\/es\/tag\/marruecos\/\" target=\"_self\">Marruecos<\/a>, que reivindica la <a href=\"https:\/\/www.france24.com\/es\/tag\/soberan\u00eda\/\" target=\"_self\">soberan\u00eda<\/a> sobre ambos enclaves.<\/p>\n<p>Con AFP y EFE<\/p>\n","protected":false},"excerpt":{"rendered":"<p>Pedro S\u00e1nchez, presidente del Gobierno de Espa\u00f1a,&#46;&#46;&#46;<\/p>\n","protected":false},"author":1,"featured_media":411172,"comment_status":"closed","ping_status":"closed","sticky":false,"template":"","format":"standard","meta":{"_jetpack_newsletter_access":"","_jetpack_dont_email_post_to_subs":false,"_jetpack_newsletter_tier_id":0,"_jetpack_memberships_contains_paywalled_content":false,"_jetpack_feature_clip_id":0,"_jetpack_memberships_contains_paid_content":false,"footnotes":"","jetpack_publicize_message":"","jetpack_publicize_feature_enabled":true,"jetpack_social_post_already_shared":true,"jetpack_social_options":{"image_generator_settings":{"template":"highway","default_image_id":0,"font":"","enabled":false},"version":2},"jetpack_post_was_ever_published":false},"categories":[43],"tags":[],"class_list":["post-411171","post","type-post","status-publish","format-standard","has-post-thumbnail","hentry","category-internacionales"],"yoast_head":"<!-- This site is optimized with the Yoast SEO plugin v28.1 - https:\/\/yoast.com\/product\/yoast-seo-wordpress\/ -->\n<title>S\u00e1nchez: no hay &quot;pruebas s\u00f3lidas&quot; de que Marruecos planificara la llegada masiva de migrantes a Ceuta - Sarmiento24h<\/title>\n<meta name=\"robots\" content=\"index, follow, max-snippet:-1, max-image-preview:large, max-video-preview:-1\" \/>\n<link rel=\"canonical\" href=\"https:\/\/sarmiento24h.com\/?p=411171\" \/>\n<meta property=\"og:locale\" content=\"es_ES\" \/>\n<meta property=\"og:type\" content=\"article\" \/>\n<meta property=\"og:title\" content=\"S\u00e1nchez: no hay &quot;pruebas s\u00f3lidas&quot; de que Marruecos planificara la llegada masiva de migrantes a Ceuta - Sarmiento24h\" \/>\n<meta property=\"og:description\" content=\"Pedro S\u00e1nchez, presidente del Gobierno de Espa\u00f1a,&#046;&#046;&#046;\" \/>\n<meta property=\"og:url\" content=\"https:\/\/sarmiento24h.com\/?p=411171\" \/>\n<meta property=\"og:site_name\" content=\"Sarmiento24h\" \/>\n<meta property=\"article:publisher\" content=\"https:\/\/facebook.com\/s24hnoticias\" \/>\n<meta property=\"article:published_time\" content=\"2026-09-03T09:37:18+00:00\" \/>\n<meta property=\"og:image\" content=\"https:\/\/s.france24.com\/media\/display\/ff8ec802-a76b-11f1-9b93-005056bfb2b6\/w:1280\/p:16x9\/2026-09-03T071929Z-2098391657-RC2JBNAFLHWL-RTRMADP-3-MIGRATION-EUROPE-SPAIN-CEUTA.jpg\" \/>\n<meta name=\"author\" content=\"sarmiento24h@gmail.com\" \/>\n<meta name=\"twitter:card\" content=\"summary_large_image\" \/>\n<meta name=\"twitter:creator\" content=\"@sarmiento24h\" \/>\n<meta name=\"twitter:site\" content=\"@sarmiento24h\" \/>\n<meta name=\"twitter:label1\" content=\"Escrito por\" \/>\n\t<meta name=\"twitter:data1\" content=\"sarmiento24h@gmail.com\" \/>\n\t<meta name=\"twitter:label2\" content=\"Tiempo de lectura\" \/>\n\t<meta name=\"twitter:data2\" content=\"2 minutos\" \/>\n<script type=\"application\/ld+json\" class=\"yoast-schema-graph\">{\"@context\":\"https:\\\/\\\/schema.org\",\"@graph\":[{\"@type\":\"Article\",\"@id\":\"https:\\\/\\\/sarmiento24h.com\\\/?p=411171#article\",\"isPartOf\":{\"@id\":\"https:\\\/\\\/sarmiento24h.com\\\/?p=411171\"},\"author\":{\"name\":\"sarmiento24h@gmail.com\",\"@id\":\"https:\\\/\\\/sarmiento24h.com\\\/#\\\/schema\\\/person\\\/d653a59725ad629a7e0429af7b939d4d\"},\"headline\":\"S\u00e1nchez: no hay \u00abpruebas s\u00f3lidas\u00bb de que Marruecos planificara la llegada masiva de migrantes a Ceuta\",\"datePublished\":\"2026-09-03T09:37:18+00:00\",\"mainEntityOfPage\":{\"@id\":\"https:\\\/\\\/sarmiento24h.com\\\/?p=411171\"},\"wordCount\":483,\"publisher\":{\"@id\":\"https:\\\/\\\/sarmiento24h.com\\\/#organization\"},\"image\":{\"@id\":\"https:\\\/\\\/sarmiento24h.com\\\/?p=411171#primaryimage\"},\"thumbnailUrl\":\"https:\\\/\\\/sarmiento24h.com\\\/wp-content\\\/uploads\\\/2026\\\/09\\\/sanchez-no-hay-pruebas-solidas-de-que-marruecos-planificara-la-llegada-masiva-de-migrantes-a-ceuta.jpg\",\"articleSection\":[\"Internacionales\"],\"inLanguage\":\"es\"},{\"@type\":\"WebPage\",\"@id\":\"https:\\\/\\\/sarmiento24h.com\\\/?p=411171\",\"url\":\"https:\\\/\\\/sarmiento24h.com\\\/?p=411171\",\"name\":\"S\u00e1nchez: no hay \\\"pruebas s\u00f3lidas\\\" de que Marruecos planificara la llegada masiva de migrantes a Ceuta - Sarmiento24h\",\"isPartOf\":{\"@id\":\"https:\\\/\\\/sarmiento24h.com\\\/#website\"},\"primaryImageOfPage\":{\"@id\":\"https:\\\/\\\/sarmiento24h.com\\\/?p=411171#primaryimage\"},\"image\":{\"@id\":\"https:\\\/\\\/sarmiento24h.com\\\/?p=411171#primaryimage\"},\"thumbnailUrl\":\"https:\\\/\\\/sarmiento24h.com\\\/wp-content\\\/uploads\\\/2026\\\/09\\\/sanchez-no-hay-pruebas-solidas-de-que-marruecos-planificara-la-llegada-masiva-de-migrantes-a-ceuta.jpg\",\"datePublished\":\"2026-09-03T09:37:18+00:00\",\"breadcrumb\":{\"@id\":\"https:\\\/\\\/sarmiento24h.com\\\/?p=411171#breadcrumb\"},\"inLanguage\":\"es\",\"potentialAction\":[{\"@type\":\"ReadAction\",\"target\":[\"https:\\\/\\\/sarmiento24h.com\\\/?p=411171\"]}]},{\"@type\":\"ImageObject\",\"inLanguage\":\"es\",\"@id\":\"https:\\\/\\\/sarmiento24h.com\\\/?p=411171#primaryimage\",\"url\":\"https:\\\/\\\/sarmiento24h.com\\\/wp-content\\\/uploads\\\/2026\\\/09\\\/sanchez-no-hay-pruebas-solidas-de-que-marruecos-planificara-la-llegada-masiva-de-migrantes-a-ceuta.jpg\",\"contentUrl\":\"https:\\\/\\\/sarmiento24h.com\\\/wp-content\\\/uploads\\\/2026\\\/09\\\/sanchez-no-hay-pruebas-solidas-de-que-marruecos-planificara-la-llegada-masiva-de-migrantes-a-ceuta.jpg\",\"width\":1280,\"height\":720},{\"@type\":\"BreadcrumbList\",\"@id\":\"https:\\\/\\\/sarmiento24h.com\\\/?p=411171#breadcrumb\",\"itemListElement\":[{\"@type\":\"ListItem\",\"position\":1,\"name\":\"Home\",\"item\":\"https:\\\/\\\/sarmiento24h.com\\\/\"},{\"@type\":\"ListItem\",\"position\":2,\"name\":\"S\u00e1nchez: no hay \u00abpruebas s\u00f3lidas\u00bb de que Marruecos planificara la llegada masiva de migrantes a Ceuta\"}]},{\"@type\":\"WebSite\",\"@id\":\"https:\\\/\\\/sarmiento24h.com\\\/#website\",\"url\":\"https:\\\/\\\/sarmiento24h.com\\\/\",\"name\":\"Sarmiento24h\",\"description\":\"\",\"publisher\":{\"@id\":\"https:\\\/\\\/sarmiento24h.com\\\/#organization\"},\"potentialAction\":[{\"@type\":\"SearchAction\",\"target\":{\"@type\":\"EntryPoint\",\"urlTemplate\":\"https:\\\/\\\/sarmiento24h.com\\\/?s={search_term_string}\"},\"query-input\":{\"@type\":\"PropertyValueSpecification\",\"valueRequired\":true,\"valueName\":\"search_term_string\"}}],\"inLanguage\":\"es\"},{\"@type\":\"Organization\",\"@id\":\"https:\\\/\\\/sarmiento24h.com\\\/#organization\",\"name\":\"Sarmiento24h\",\"url\":\"https:\\\/\\\/sarmiento24h.com\\\/\",\"logo\":{\"@type\":\"ImageObject\",\"inLanguage\":\"es\",\"@id\":\"https:\\\/\\\/sarmiento24h.com\\\/#\\\/schema\\\/logo\\\/image\\\/\",\"url\":\"https:\\\/\\\/sarmiento24h.com\\\/wp-content\\\/uploads\\\/2025\\\/12\\\/AddText_12-16-10.30.52.jpg\",\"contentUrl\":\"https:\\\/\\\/sarmiento24h.com\\\/wp-content\\\/uploads\\\/2025\\\/12\\\/AddText_12-16-10.30.52.jpg\",\"width\":1220,\"height\":324,\"caption\":\"Sarmiento24h\"},\"image\":{\"@id\":\"https:\\\/\\\/sarmiento24h.com\\\/#\\\/schema\\\/logo\\\/image\\\/\"},\"sameAs\":[\"https:\\\/\\\/facebook.com\\\/s24hnoticias\",\"https:\\\/\\\/x.com\\\/sarmiento24h\"]},{\"@type\":\"Person\",\"@id\":\"https:\\\/\\\/sarmiento24h.com\\\/#\\\/schema\\\/person\\\/d653a59725ad629a7e0429af7b939d4d\",\"name\":\"sarmiento24h@gmail.com\",\"image\":{\"@type\":\"ImageObject\",\"inLanguage\":\"es\",\"@id\":\"https:\\\/\\\/sarmiento24h.com\\\/wp-content\\\/litespeed\\\/avatar\\\/d02cbc4e23c747e6659cd45907173c8f.jpg?ver=1788047690\",\"url\":\"https:\\\/\\\/sarmiento24h.com\\\/wp-content\\\/litespeed\\\/avatar\\\/d02cbc4e23c747e6659cd45907173c8f.jpg?ver=1788047690\",\"contentUrl\":\"https:\\\/\\\/sarmiento24h.com\\\/wp-content\\\/litespeed\\\/avatar\\\/d02cbc4e23c747e6659cd45907173c8f.jpg?ver=1788047690\",\"caption\":\"sarmiento24h@gmail.com\"},\"sameAs\":[\"https:\\\/\\\/sarmiento24h.com\"],\"url\":\"https:\\\/\\\/sarmiento24h.com\\\/?author=1\"}]}<\/script>\n<!-- \/ Yoast SEO plugin. -->","yoast_head_json":{"title":"S\u00e1nchez: no hay \"pruebas s\u00f3lidas\" de que Marruecos planificara la llegada masiva de migrantes a Ceuta - Sarmiento24h","robots":{"index":"index","follow":"follow","max-snippet":"max-snippet:-1","max-image-preview":"max-image-preview:large","max-video-preview":"max-video-preview:-1"},"canonical":"https:\/\/sarmiento24h.com\/?p=411171","og_locale":"es_ES","og_type":"article","og_title":"S\u00e1nchez: no hay \"pruebas s\u00f3lidas\" de que Marruecos planificara la llegada masiva de migrantes a Ceuta - Sarmiento24h","og_description":"Pedro S\u00e1nchez, presidente del Gobierno de Espa\u00f1a,&#46;&#46;&#46;","og_url":"https:\/\/sarmiento24h.com\/?p=411171","og_site_name":"Sarmiento24h","article_publisher":"https:\/\/facebook.com\/s24hnoticias","article_published_time":"2026-09-03T09:37:18+00:00","og_image":[{"url":"https:\/\/s.france24.com\/media\/display\/ff8ec802-a76b-11f1-9b93-005056bfb2b6\/w:1280\/p:16x9\/2026-09-03T071929Z-2098391657-RC2JBNAFLHWL-RTRMADP-3-MIGRATION-EUROPE-SPAIN-CEUTA.jpg","type":"","width":"","height":""}],"author":"sarmiento24h@gmail.com","twitter_card":"summary_large_image","twitter_creator":"@sarmiento24h","twitter_site":"@sarmiento24h","twitter_misc":{"Escrito por":"sarmiento24h@gmail.com","Tiempo de lectura":"2 minutos"},"schema":{"@context":"https:\/\/schema.org","@graph":[{"@type":"Article","@id":"https:\/\/sarmiento24h.com\/?p=411171#article","isPartOf":{"@id":"https:\/\/sarmiento24h.com\/?p=411171"},"author":{"name":"sarmiento24h@gmail.com","@id":"https:\/\/sarmiento24h.com\/#\/schema\/person\/d653a59725ad629a7e0429af7b939d4d"},"headline":"S\u00e1nchez: no hay \u00abpruebas s\u00f3lidas\u00bb de que Marruecos planificara la llegada masiva de migrantes a Ceuta","datePublished":"2026-09-03T09:37:18+00:00","mainEntityOfPage":{"@id":"https:\/\/sarmiento24h.com\/?p=411171"},"wordCount":483,"publisher":{"@id":"https:\/\/sarmiento24h.com\/#organization"},"image":{"@id":"https:\/\/sarmiento24h.com\/?p=411171#primaryimage"},"thumbnailUrl":"https:\/\/sarmiento24h.com\/wp-content\/uploads\/2026\/09\/sanchez-no-hay-pruebas-solidas-de-que-marruecos-planificara-la-llegada-masiva-de-migrantes-a-ceuta.jpg","articleSection":["Internacionales"],"inLanguage":"es"},{"@type":"WebPage","@id":"https:\/\/sarmiento24h.com\/?p=411171","url":"https:\/\/sarmiento24h.com\/?p=411171","name":"S\u00e1nchez: no hay \"pruebas s\u00f3lidas\" de que Marruecos planificara la llegada masiva de migrantes a Ceuta - Sarmiento24h","isPartOf":{"@id":"https:\/\/sarmiento24h.com\/#website"},"primaryImageOfPage":{"@id":"https:\/\/sarmiento24h.com\/?p=411171#primaryimage"},"image":{"@id":"https:\/\/sarmiento24h.com\/?p=411171#primaryimage"},"thumbnailUrl":"https:\/\/sarmiento24h.com\/wp-content\/uploads\/2026\/09\/sanchez-no-hay-pruebas-solidas-de-que-marruecos-planificara-la-llegada-masiva-de-migrantes-a-ceuta.jpg","datePublished":"2026-09-03T09:37:18+00:00","breadcrumb":{"@id":"https:\/\/sarmiento24h.com\/?p=411171#breadcrumb"},"inLanguage":"es","potentialAction":[{"@type":"ReadAction","target":["https:\/\/sarmiento24h.com\/?p=411171"]}]},{"@type":"ImageObject","inLanguage":"es","@id":"https:\/\/sarmiento24h.com\/?p=411171#primaryimage","url":"https:\/\/sarmiento24h.com\/wp-content\/uploads\/2026\/09\/sanchez-no-hay-pruebas-solidas-de-que-marruecos-planificara-la-llegada-masiva-de-migrantes-a-ceuta.jpg","contentUrl":"https:\/\/sarmiento24h.com\/wp-content\/uploads\/2026\/09\/sanchez-no-hay-pruebas-solidas-de-que-marruecos-planificara-la-llegada-masiva-de-migrantes-a-ceuta.jpg","width":1280,"height":720},{"@type":"BreadcrumbList","@id":"https:\/\/sarmiento24h.com\/?p=411171#breadcrumb","itemListElement":[{"@type":"ListItem","position":1,"name":"Home","item":"https:\/\/sarmiento24h.com\/"},{"@type":"ListItem","position":2,"name":"S\u00e1nchez: no hay \u00abpruebas s\u00f3lidas\u00bb de que Marruecos planificara la llegada masiva de migrantes a Ceuta"}]},{"@type":"WebSite","@id":"https:\/\/sarmiento24h.com\/#website","url":"https:\/\/sarmiento24h.com\/","name":"Sarmiento24h","description":"","publisher":{"@id":"https:\/\/sarmiento24h.com\/#organization"},"potentialAction":[{"@type":"SearchAction","target":{"@type":"EntryPoint","urlTemplate":"https:\/\/sarmiento24h.com\/?s={search_term_string}"},"query-input":{"@type":"PropertyValueSpecification","valueRequired":true,"valueName":"search_term_string"}}],"inLanguage":"es"},{"@type":"Organization","@id":"https:\/\/sarmiento24h.com\/#organization","name":"Sarmiento24h","url":"https:\/\/sarmiento24h.com\/","logo":{"@type":"ImageObject","inLanguage":"es","@id":"https:\/\/sarmiento24h.com\/#\/schema\/logo\/image\/","url":"https:\/\/sarmiento24h.com\/wp-content\/uploads\/2025\/12\/AddText_12-16-10.30.52.jpg","contentUrl":"https:\/\/sarmiento24h.com\/wp-content\/uploads\/2025\/12\/AddText_12-16-10.30.52.jpg","width":1220,"height":324,"caption":"Sarmiento24h"},"image":{"@id":"https:\/\/sarmiento24h.com\/#\/schema\/logo\/image\/"},"sameAs":["https:\/\/facebook.com\/s24hnoticias","https:\/\/x.com\/sarmiento24h"]},{"@type":"Person","@id":"https:\/\/sarmiento24h.com\/#\/schema\/person\/d653a59725ad629a7e0429af7b939d4d","name":"sarmiento24h@gmail.com","image":{"@type":"ImageObject","inLanguage":"es","@id":"https:\/\/sarmiento24h.com\/wp-content\/litespeed\/avatar\/d02cbc4e23c747e6659cd45907173c8f.jpg?ver=1788047690","url":"https:\/\/sarmiento24h.com\/wp-content\/litespeed\/avatar\/d02cbc4e23c747e6659cd45907173c8f.jpg?ver=1788047690","contentUrl":"https:\/\/sarmiento24h.com\/wp-content\/litespeed\/avatar\/d02cbc4e23c747e6659cd45907173c8f.jpg?ver=1788047690","caption":"sarmiento24h@gmail.com"},"sameAs":["https:\/\/sarmiento24h.com"],"url":"https:\/\/sarmiento24h.com\/?author=1"}]}},"jetpack_publicize_connections":[],"jetpack_featured_media_url":"https:\/\/sarmiento24h.com\/wp-content\/uploads\/2026\/09\/sanchez-no-hay-pruebas-solidas-de-que-marruecos-planificara-la-llegada-masiva-de-migrantes-a-ceuta.jpg","jetpack_sharing_enabled":true,"_links":{"self":[{"href":"https:\/\/sarmiento24h.com\/index.php?rest_route=\/wp\/v2\/posts\/411171","targetHints":{"allow":["GET"]}}],"collection":[{"href":"https:\/\/sarmiento24h.com\/index.php?rest_route=\/wp\/v2\/posts"}],"about":[{"href":"https:\/\/sarmiento24h.com\/index.php?rest_route=\/wp\/v2\/types\/post"}],"author":[{"embeddable":true,"href":"https:\/\/sarmiento24h.com\/index.php?rest_route=\/wp\/v2\/users\/1"}],"replies":[{"embeddable":true,"href":"https:\/\/sarmiento24h.com\/index.php?rest_route=%2Fwp%2Fv2%2Fcomments&post=411171"}],"version-history":[{"count":0,"href":"https:\/\/sarmiento24h.com\/index.php?rest_route=\/wp\/v2\/posts\/411171\/revisions"}],"wp:featuredmedia":[{"embeddable":true,"href":"https:\/\/sarmiento24h.com\/index.php?rest_route=\/wp\/v2\/media\/411172"}],"wp:attachment":[{"href":"https:\/\/sarmiento24h.com\/index.php?rest_route=%2Fwp%2Fv2%2Fmedia&parent=411171"}],"wp:term":[{"taxonomy":"category","embeddable":true,"href":"https:\/\/sarmiento24h.com\/index.php?rest_route=%2Fwp%2Fv2%2Fcategories&post=411171"},{"taxonomy":"post_tag","embeddable":true,"href":"https:\/\/sarmiento24h.com\/index.php?rest_route=%2Fwp%2Fv2%2Ftags&post=411171"}],"curies":[{"name":"wp","href":"https:\/\/api.w.org\/{rel}","templated":true}]}}