{"id":411241,"date":"2026-09-03T10:46:55","date_gmt":"2026-09-03T10:46:55","guid":{"rendered":"http:\/\/67e0164e-a772-11f1-aedf-4168adfd404e"},"modified":"2026-09-03T10:46:55","modified_gmt":"2026-09-03T10:46:55","slug":"macron-mantendra-sus-primeras-conversaciones-con-burnham-tras-visitar-el-tapiz-de-bayeux-en-londres","status":"publish","type":"post","link":"https:\/\/sarmiento24h.com\/?p=411241","title":{"rendered":"Macron mantendr\u00e1 sus primeras conversaciones con Burnham tras visitar el Tapiz de Bayeux en Londres"},"content":{"rendered":"<p>Macron es el primer l\u00edder de la <a href=\"https:\/\/www.france24.com\/es\/tag\/uni\u00f3n-europea\/\" target=\"_self\" class=\"gtm-add-suggested-tag\">Uni\u00f3n Europea<\/a> recibido en <a href=\"https:\/\/www.france24.com\/es\/tag\/downing-street\/\" target=\"_self\" class=\"gtm-add-suggested-tag\">Downing Street<\/a> por Burnham. La <a href=\"https:\/\/www.france24.com\/es\/tag\/migraci\u00f3n\/\" target=\"_self\" class=\"gtm-add-suggested-tag\">migraci\u00f3n<\/a> por el canal de la Mancha y <a href=\"https:\/\/www.france24.com\/es\/tag\/ucrania\/\" target=\"_self\" class=\"gtm-add-suggested-tag\">Ucrania<\/a> estar\u00e1n entre los principales temas de la agenda del presidente franc\u00e9s, <a href=\"https:\/\/www.france24.com\/es\/tag\/emmanuel-macron\/\" target=\"_self\" class=\"gtm-add-suggested-tag\">Emmanuel Macron<\/a>, y el primer ministro brit\u00e1nico, <a href=\"https:\/\/www.france24.com\/es\/tag\/andy-burnham\/\" target=\"_self\" class=\"gtm-add-suggested-tag\">Andy Burnham<\/a>, que este jueves mantendr\u00e1n sus primeras conversaciones.<\/p>\n<p>Un d\u00eda antes, ambos l\u00edderes contemplaron el c\u00e9lebre <a href=\"https:\/\/www.france24.com\/es\/tag\/tapiz-de-bayeux\/\" target=\"_self\" class=\"gtm-add-suggested-tag\">Tapiz de Bayeux<\/a>, prestado por Francia para una exposici\u00f3n en <a href=\"https:\/\/www.france24.com\/es\/tag\/londres\/\" target=\"_self\" class=\"gtm-add-suggested-tag\">Londres<\/a>.<\/p>\n<h2><strong>El Tapiz de Bayeux, s\u00edmbolo del acercamiento<\/strong><\/h2>\n<p>Los l\u00edderes se reunieron en el Museo Brit\u00e1nico el mi\u00e9rcoles por la noche junto al rey <a href=\"https:\/\/www.france24.com\/es\/tag\/carlos-iii\/\" target=\"_self\" class=\"gtm-add-suggested-tag\">Carlos III<\/a>, durante una presentaci\u00f3n previa de la exposici\u00f3n del tapiz, un bordado de casi 1.000 a\u00f1os de antig\u00fcedad que representa la conquista de <a href=\"https:\/\/www.france24.com\/es\/tag\/inglaterra\/\" target=\"_self\" class=\"gtm-add-suggested-tag\">Inglaterra<\/a> en 1066 por Guillermo I, antepasado del monarca brit\u00e1nico.<\/p>\n<p>En virtud de un acuerdo alcanzado con el <a href=\"https:\/\/www.france24.com\/es\/tag\/gobierno\/\" target=\"_self\" class=\"gtm-add-suggested-tag\">Gobierno<\/a> franc\u00e9s, el tapiz de 70 metros fue prestado al Museo Brit\u00e1nico desde su sede habitual en el norte de <a href=\"https:\/\/www.france24.com\/es\/tag\/francia\/\" target=\"_self\" class=\"gtm-add-suggested-tag\">Francia<\/a> y trasladado a territorio ingl\u00e9s por primera vez desde que fue confeccionado.<\/p>\n<blockquote class=\"quote\" readability=\"9\">\n<p>El dirigente franc\u00e9s afirm\u00f3 que esperaba que las futuras generaciones recordaran \u201cla historia de dos pa\u00edses que, despu\u00e9s de siglos de historia compartida, decidieron forjar un v\u00ednculo tan estrecho como los hilos de este bordado milenario\u201d.<\/p>\n<\/blockquote>\n<p>Macron, quien se acerca a los \u00faltimos meses de su mandato presidencial, que finalizar\u00e1 en mayo de 2027, desempe\u00f1\u00f3 un papel importante durante casi una d\u00e9cada para impulsar el pr\u00e9stamo del tapiz, considerado otro paso hacia la superaci\u00f3n de las tensiones generadas durante los a\u00f1os posteriores al <a href=\"https:\/\/www.france24.com\/es\/tag\/brexit\/\" target=\"_self\" class=\"gtm-add-suggested-tag\">Brexit<\/a>.<\/p>\n<div class=\"m-em-video\" readability=\"7\">\n<p>Informe desde Londres: Macron y rey Carlos III inauguran el tapiz de Bayeux<\/p>\n<div class=\"o-video-player o-video-player--16x9\" data-media-video-wbmz417375-f24-es-20260903 data-show-hidden-video-player=\"WBMZ417375-F24-ES-20260903\" data-wrapper-video-player data-youtube-script>\n<div class=\"o-em-consent \" readability=\"7\">\n<div class=\"o-em-consent__content\" readability=\"34\">\n<p class=\"o-em-consent__content__text\">Para mostrar este contenido de YouTube, debe autorizar las cookies de medici\u00f3n de audiencia y publicidad.<\/p>\n<p> <button class=\"a-master-button a-master-button--dark\" data-action=\"accept\"> Aceptar <svg class=\"a-svg a-svg--icon-check\"> <use xlink:href=\"\/build\/images\/svg\/sprite.68b43361c11f23b39049016b32e6ae31.svg#icon-check\" href=\"\/build\/images\/svg\/sprite.68b43361c11f23b39049016b32e6ae31.svg#icon-check\" \/> <\/svg> <\/button> <button class=\"a-link\" data-action=\"manage\">Gestionar mis opciones <svg class=\"a-svg a-svg--icon-edit\"> <use xlink:href=\"\/build\/images\/svg\/sprite.68b43361c11f23b39049016b32e6ae31.svg#icon-edit\" href=\"\/build\/images\/svg\/sprite.68b43361c11f23b39049016b32e6ae31.svg#icon-edit\" \/> <\/svg><br \/>\n<\/button> <\/div>\n<\/div>\n<div class=\"o-em-adblock\" data-adblock-content readability=\"7\">\n<div class=\"o-em-adblock__content\" readability=\"34\">\n<p class=\"o-em-adblock__content__text\">Una extensi\u00f3n de tu navegador parece estar bloqueando la carga del reproductor de video. Para poder ver este contenido, debes desactivarla en este sitio.<\/p>\n<p> <button class=\"a-master-button a-master-button--dark\" data-action=\"reload\">Reintentar<\/button> <\/div>\n<\/div>\n<figure class=\"m-item-image m-item-image--16x9 m-item-image--has-caption\"> <picture class=\"a-picture a-picture--16x9\"><source type=\"image\/webp\" srcset=\"https:\/\/s.france24.com\/media\/display\/b3730ba6-a71e-11f1-b5c5-005056a90284\/w:388\/p:16x9\/ES-20260902-143854-144233-CS.webp 388w, https:\/\/s.france24.com\/media\/display\/b3730ba6-a71e-11f1-b5c5-005056a90284\/w:720\/p:16x9\/ES-20260902-143854-144233-CS.webp 720w, https:\/\/s.france24.com\/media\/display\/b3730ba6-a71e-11f1-b5c5-005056a90284\/w:1024\/p:16x9\/ES-20260902-143854-144233-CS.webp 1024w\" sizes=\"(max-width: 639px) calc(100vw - 32px), (max-width: 1076px) calc(100vw - 44px), 850px\"><img fetchpriority=\"high\" decoding=\"auto\" src=\"https:\/\/s.france24.com\/media\/display\/b3730ba6-a71e-11f1-b5c5-005056a90284\/w:1024\/p:16x9\/ES-20260902-143854-144233-CS.jpg\" srcset=\"https:\/\/s.france24.com\/media\/display\/b3730ba6-a71e-11f1-b5c5-005056a90284\/w:388\/p:16x9\/ES-20260902-143854-144233-CS.jpg 388w, https:\/\/s.france24.com\/media\/display\/b3730ba6-a71e-11f1-b5c5-005056a90284\/w:720\/p:16x9\/ES-20260902-143854-144233-CS.jpg 720w, https:\/\/s.france24.com\/media\/display\/b3730ba6-a71e-11f1-b5c5-005056a90284\/w:1024\/p:16x9\/ES-20260902-143854-144233-CS.jpg 1024w\" sizes=\"(max-width: 639px) calc(100vw - 32px), (max-width: 1076px) calc(100vw - 44px), 850px\" width=\"1024\" height=\"576\" alt=\"Informe desde Londres: Macron y rey Carlos III inauguran el tapiz de Bayeux\" loading=\"eager\" class=\"a-img \">\n<\/picture><figcaption class=\"a-figcaption\"> Imagen de portada: \u00a9 France 24 <\/figcaption><\/figure>\n<\/p><\/div>\n<\/div>\n<p>Burnham afirm\u00f3 en su discurso que se trata de una oportunidad para construir un \u201cnuevo futuro (&#8230;) lleno de optimismo y esperanza\u201d.<\/p>\n<p>La obra del siglo XI lleg\u00f3 a <a href=\"https:\/\/www.france24.com\/es\/tag\/londres\/\" target=\"_self\" class=\"gtm-add-suggested-tag\">Londres<\/a> en julio para una exposici\u00f3n cuyas entradas se han agotado.<\/p>\n<h2><strong>Migraci\u00f3n por el canal de la Mancha<\/strong><\/h2>\n<p>Las conversaciones del jueves abordar\u00e1n los esfuerzos conjuntos para detener el cruce de peque\u00f1as embarcaciones por el canal de la Mancha, dijo Burnham el mi\u00e9rcoles a periodistas franceses.<\/p>\n<blockquote class=\"quote\" readability=\"6.0735294117647\">\n<p>\u201cHemos estado trabajando junto al <a href=\"https:\/\/www.france24.com\/es\/tag\/gobierno\/\" target=\"_self\" class=\"gtm-add-suggested-tag\">Gobierno<\/a> franc\u00e9s en materia de <a href=\"https:\/\/www.france24.com\/es\/tag\/migraci\u00f3n\/\" target=\"_self\" class=\"gtm-add-suggested-tag\">migraci\u00f3n<\/a> y podemos conseguir a\u00fan m\u00e1s juntos\u201d, afirm\u00f3 Burnham.<\/p>\n<\/blockquote>\n<p>Downing Street se\u00f1al\u00f3 que los l\u00edderes se centrar\u00e1n en combatir el \u201cuso emergente de megabotes inflables\u201d, embarcaciones m\u00e1s grandes y potentes.<\/p>\n<p>Un \u201cequipo de refuerzo\u201d compuesto por 45 agentes franceses ser\u00e1 desplegado en las pr\u00f3ximas semanas en las playas para impedir estas salidas, seg\u00fan <a href=\"https:\/\/www.france24.com\/es\/tag\/downing-street\/\" target=\"_self\" class=\"gtm-add-suggested-tag\">Downing Street<\/a>.<\/p>\n<p>Reino Unido registr\u00f3 este verano la cifra m\u00e1s baja de llegadas de migrantes en peque\u00f1as embarcaciones por el canal de la Mancha de los \u00faltimos a\u00f1os, inform\u00f3 el Gobierno brit\u00e1nico, que destac\u00f3 los resultados de su acuerdo de cooperaci\u00f3n con Francia.<\/p>\n<blockquote class=\"quote\" readability=\"7.588785046729\">\n<p>Sin embargo, Burnham advirti\u00f3 antes del encuentro que \u201cno podemos ser complacientes. Las redes de tr\u00e1fico de personas adaptan constantemente sus t\u00e1cticas y <a href=\"https:\/\/www.france24.com\/es\/tag\/reino-unido\/\" target=\"_self\" class=\"gtm-add-suggested-tag\">Reino Unido<\/a> y Francia deben responder con rapidez\u201d.<\/p>\n<\/blockquote>\n<h2><strong>La continuidad del apoyo a Ucrania<\/strong><\/h2>\n<p>Burnham ha mantenido el respaldo de Londres a <a href=\"https:\/\/www.france24.com\/es\/tag\/ucrania\/\" target=\"_self\" class=\"gtm-add-suggested-tag\">Ucrania<\/a> en su guerra contra Rusia y eligi\u00f3 Kiev como destino de su primer viaje al extranjero.<\/p>\n<blockquote class=\"quote\" readability=\"10\">\n<p>\u201cEso fue importante, del mismo modo que importa nuestra acci\u00f3n conjunta dentro de la Coalici\u00f3n de Voluntarios por Ucrania\u201d, dijo Macron durante su discurso en el Museo Brit\u00e1nico, dirigi\u00e9ndose a Burnham.<\/p>\n<\/blockquote>\n<p>Macron destac\u00f3 especialmente la decisi\u00f3n brit\u00e1nica de compartir con Ucrania informaci\u00f3n sobre componentes del misil de largo alcance SCALP, la versi\u00f3n francesa del <a href=\"https:\/\/www.france24.com\/es\/tag\/storm-shadow\/\" target=\"_self\" class=\"gtm-add-suggested-tag\">Storm Shadow<\/a> brit\u00e1nico.<\/p>\n<p>Macron y el ex primer ministro <a href=\"https:\/\/www.france24.com\/es\/tag\/keir-starmer\/\" target=\"_self\" class=\"gtm-add-suggested-tag\">Keir Starmer<\/a> mantuvieron buenas relaciones y asumieron papeles destacados en la coalici\u00f3n de pa\u00edses que respaldan a Ucrania.<\/p>\n<blockquote class=\"quote\" readability=\"8\">\n<p>\u201cPuede haber cambiado el primer ministro en Reino Unido, pero no ha cambiado nuestra direcci\u00f3n\u201d respecto a Ucrania, afirm\u00f3 Burnham ante periodistas franceses el mi\u00e9rcoles.<\/p>\n<\/blockquote>\n<p>Downing Street se\u00f1al\u00f3 que las conversaciones probablemente tambi\u00e9n abordar\u00e1n la estabilidad en Medio Oriente y la reapertura del <a href=\"https:\/\/www.france24.com\/es\/tag\/estrecho-de-ormuz\/\" target=\"_self\" class=\"gtm-add-suggested-tag\">estrecho de Ormuz<\/a>.<\/p>\n<h2><strong>Un nuevo acercamiento entre Reino Unido y la Uni\u00f3n Europea<\/strong><\/h2>\n<p>Macron contin\u00faa impulsando su visi\u00f3n de una soberan\u00eda europea menos dependiente de Estados Unidos, en la que Reino Unido tendr\u00eda un papel fundamental incluso despu\u00e9s de su salida de la Uni\u00f3n Europea.<\/p>\n<blockquote class=\"quote\" readability=\"9.7526501766784\">\n<p>Par\u00eds y <a href=\"https:\/\/www.france24.com\/es\/tag\/londres\/\" target=\"_self\" class=\"gtm-add-suggested-tag\">Londres<\/a> \u201cno siempre ven las cosas de la misma manera\u201d, pero \u201cnos respetamos mutuamente y seguimos abiertos a hablar de todo, incluso de avanzar en el restablecimiento de las relaciones entre Reino Unido y la Uni\u00f3n Europea\u201d, afirm\u00f3 el l\u00edder franc\u00e9s el mi\u00e9rcoles.<\/p>\n<\/blockquote>\n<p>Burnham busca continuar los esfuerzos de su predecesor, <a href=\"https:\/\/www.france24.com\/es\/tag\/keir-starmer\/\" target=\"_self\" class=\"gtm-add-suggested-tag\">Keir Starmer<\/a>, para estrechar la cooperaci\u00f3n con la <a href=\"https:\/\/www.france24.com\/es\/tag\/uni\u00f3n-europea\/\" target=\"_self\" class=\"gtm-add-suggested-tag\">Uni\u00f3n Europea<\/a> despu\u00e9s del Brexit, mientras intenta impulsar el d\u00e9bil crecimiento econ\u00f3mico brit\u00e1nico.<\/p>\n<p>\u201cCreo que es importante continuar lo logrado por mi predecesor, que tom\u00f3 medidas para volver a acercarnos\u201d, dijo Burnham a periodistas el mi\u00e9rcoles.<\/p>\n<blockquote class=\"quote\" readability=\"8.6860465116279\">\n<p>\u201cCreo que, diez a\u00f1os despu\u00e9s del <a href=\"https:\/\/www.france24.com\/es\/tag\/brexit\/\" target=\"_self\" class=\"gtm-add-suggested-tag\">Brexit<\/a>, la gente aqu\u00ed est\u00e1 cansada de la falta de visi\u00f3n y entiende que necesitamos trabajar m\u00e1s estrechamente juntos\u201d, a\u00f1adi\u00f3.<\/p>\n<\/blockquote>\n<p>Anand Menon, profesor de pol\u00edtica del King\u2019s College de Londres, advirti\u00f3, sin embargo, del riesgo de que las conversaciones tengan \u201cm\u00e1s forma que contenido\u201d.<\/p>\n<p>\u201cPueden tener toda la buena relaci\u00f3n personal que quieran, pero necesitamos avances en las negociaciones con la Uni\u00f3n Europea y sospecho que no veremos progresos\u201d, afirm\u00f3 a AFP.<\/p>\n<p>Este art\u00edculo es una adaptaci\u00f3n de<a href=\"https:\/\/www.france24.com\/en\/europe\/20260903-macron-to-hold-first-talks-with-uk-s-burnham-after-viewing-bayeux-tapestry-in-london\" target=\"_self\"> su original en ingl\u00e9s&nbsp;<\/a><\/p>\n","protected":false},"excerpt":{"rendered":"<p>Macron es el primer l\u00edder de la&#46;&#46;&#46;<\/p>\n","protected":false},"author":1,"featured_media":411242,"comment_status":"closed","ping_status":"closed","sticky":false,"template":"","format":"standard","meta":{"_jetpack_newsletter_access":"","_jetpack_dont_email_post_to_subs":false,"_jetpack_newsletter_tier_id":0,"_jetpack_memberships_contains_paywalled_content":false,"_jetpack_feature_clip_id":0,"_jetpack_memberships_contains_paid_content":false,"footnotes":"","jetpack_publicize_message":"","jetpack_publicize_feature_enabled":true,"jetpack_social_post_already_shared":true,"jetpack_social_options":{"image_generator_settings":{"template":"highway","default_image_id":0,"font":"","enabled":false},"version":2},"jetpack_post_was_ever_published":false},"categories":[43],"tags":[],"class_list":["post-411241","post","type-post","status-publish","format-standard","has-post-thumbnail","hentry","category-internacionales"],"yoast_head":"<!-- This site is optimized with the Yoast SEO plugin v28.1 - https:\/\/yoast.com\/product\/yoast-seo-wordpress\/ -->\n<title>Macron mantendr\u00e1 sus primeras conversaciones con Burnham tras visitar el Tapiz de Bayeux en Londres - Sarmiento24h<\/title>\n<meta name=\"robots\" content=\"index, follow, max-snippet:-1, max-image-preview:large, max-video-preview:-1\" \/>\n<link rel=\"canonical\" href=\"https:\/\/sarmiento24h.com\/?p=411241\" \/>\n<meta property=\"og:locale\" content=\"es_ES\" \/>\n<meta property=\"og:type\" content=\"article\" \/>\n<meta property=\"og:title\" content=\"Macron mantendr\u00e1 sus primeras conversaciones con Burnham tras visitar el Tapiz de Bayeux en Londres - Sarmiento24h\" \/>\n<meta property=\"og:description\" content=\"Macron es el primer l\u00edder de la&#046;&#046;&#046;\" \/>\n<meta property=\"og:url\" content=\"https:\/\/sarmiento24h.com\/?p=411241\" \/>\n<meta property=\"og:site_name\" content=\"Sarmiento24h\" \/>\n<meta property=\"article:publisher\" content=\"https:\/\/facebook.com\/s24hnoticias\" \/>\n<meta property=\"article:published_time\" content=\"2026-09-03T10:46:55+00:00\" \/>\n<meta property=\"og:image\" content=\"https:\/\/s.france24.com\/media\/display\/b3730ba6-a71e-11f1-b5c5-005056a90284\/w:1024\/p:16x9\/ES-20260902-143854-144233-CS.jpg\" \/>\n<meta name=\"author\" content=\"sarmiento24h@gmail.com\" \/>\n<meta name=\"twitter:card\" content=\"summary_large_image\" \/>\n<meta name=\"twitter:creator\" content=\"@sarmiento24h\" \/>\n<meta name=\"twitter:site\" content=\"@sarmiento24h\" \/>\n<meta name=\"twitter:label1\" content=\"Escrito por\" \/>\n\t<meta name=\"twitter:data1\" content=\"sarmiento24h@gmail.com\" \/>\n\t<meta name=\"twitter:label2\" content=\"Tiempo de lectura\" \/>\n\t<meta name=\"twitter:data2\" content=\"5 minutos\" \/>\n<script type=\"application\/ld+json\" class=\"yoast-schema-graph\">{\"@context\":\"https:\\\/\\\/schema.org\",\"@graph\":[{\"@type\":\"Article\",\"@id\":\"https:\\\/\\\/sarmiento24h.com\\\/?p=411241#article\",\"isPartOf\":{\"@id\":\"https:\\\/\\\/sarmiento24h.com\\\/?p=411241\"},\"author\":{\"name\":\"sarmiento24h@gmail.com\",\"@id\":\"https:\\\/\\\/sarmiento24h.com\\\/#\\\/schema\\\/person\\\/d653a59725ad629a7e0429af7b939d4d\"},\"headline\":\"Macron mantendr\u00e1 sus primeras conversaciones con Burnham tras visitar el Tapiz de Bayeux en Londres\",\"datePublished\":\"2026-09-03T10:46:55+00:00\",\"mainEntityOfPage\":{\"@id\":\"https:\\\/\\\/sarmiento24h.com\\\/?p=411241\"},\"wordCount\":1025,\"publisher\":{\"@id\":\"https:\\\/\\\/sarmiento24h.com\\\/#organization\"},\"image\":{\"@id\":\"https:\\\/\\\/sarmiento24h.com\\\/?p=411241#primaryimage\"},\"thumbnailUrl\":\"https:\\\/\\\/sarmiento24h.com\\\/wp-content\\\/uploads\\\/2026\\\/09\\\/macron-mantendra-sus-primeras-conversaciones-con-burnham-tras-visitar-el-tapiz-de-bayeux-en-londres.jpg\",\"articleSection\":[\"Internacionales\"],\"inLanguage\":\"es\"},{\"@type\":\"WebPage\",\"@id\":\"https:\\\/\\\/sarmiento24h.com\\\/?p=411241\",\"url\":\"https:\\\/\\\/sarmiento24h.com\\\/?p=411241\",\"name\":\"Macron mantendr\u00e1 sus primeras conversaciones con Burnham tras visitar el Tapiz de Bayeux en Londres - Sarmiento24h\",\"isPartOf\":{\"@id\":\"https:\\\/\\\/sarmiento24h.com\\\/#website\"},\"primaryImageOfPage\":{\"@id\":\"https:\\\/\\\/sarmiento24h.com\\\/?p=411241#primaryimage\"},\"image\":{\"@id\":\"https:\\\/\\\/sarmiento24h.com\\\/?p=411241#primaryimage\"},\"thumbnailUrl\":\"https:\\\/\\\/sarmiento24h.com\\\/wp-content\\\/uploads\\\/2026\\\/09\\\/macron-mantendra-sus-primeras-conversaciones-con-burnham-tras-visitar-el-tapiz-de-bayeux-en-londres.jpg\",\"datePublished\":\"2026-09-03T10:46:55+00:00\",\"breadcrumb\":{\"@id\":\"https:\\\/\\\/sarmiento24h.com\\\/?p=411241#breadcrumb\"},\"inLanguage\":\"es\",\"potentialAction\":[{\"@type\":\"ReadAction\",\"target\":[\"https:\\\/\\\/sarmiento24h.com\\\/?p=411241\"]}]},{\"@type\":\"ImageObject\",\"inLanguage\":\"es\",\"@id\":\"https:\\\/\\\/sarmiento24h.com\\\/?p=411241#primaryimage\",\"url\":\"https:\\\/\\\/sarmiento24h.com\\\/wp-content\\\/uploads\\\/2026\\\/09\\\/macron-mantendra-sus-primeras-conversaciones-con-burnham-tras-visitar-el-tapiz-de-bayeux-en-londres.jpg\",\"contentUrl\":\"https:\\\/\\\/sarmiento24h.com\\\/wp-content\\\/uploads\\\/2026\\\/09\\\/macron-mantendra-sus-primeras-conversaciones-con-burnham-tras-visitar-el-tapiz-de-bayeux-en-londres.jpg\",\"width\":1024,\"height\":576},{\"@type\":\"BreadcrumbList\",\"@id\":\"https:\\\/\\\/sarmiento24h.com\\\/?p=411241#breadcrumb\",\"itemListElement\":[{\"@type\":\"ListItem\",\"position\":1,\"name\":\"Home\",\"item\":\"https:\\\/\\\/sarmiento24h.com\\\/\"},{\"@type\":\"ListItem\",\"position\":2,\"name\":\"Macron mantendr\u00e1 sus primeras conversaciones con Burnham tras visitar el Tapiz de Bayeux en Londres\"}]},{\"@type\":\"WebSite\",\"@id\":\"https:\\\/\\\/sarmiento24h.com\\\/#website\",\"url\":\"https:\\\/\\\/sarmiento24h.com\\\/\",\"name\":\"Sarmiento24h\",\"description\":\"\",\"publisher\":{\"@id\":\"https:\\\/\\\/sarmiento24h.com\\\/#organization\"},\"potentialAction\":[{\"@type\":\"SearchAction\",\"target\":{\"@type\":\"EntryPoint\",\"urlTemplate\":\"https:\\\/\\\/sarmiento24h.com\\\/?s={search_term_string}\"},\"query-input\":{\"@type\":\"PropertyValueSpecification\",\"valueRequired\":true,\"valueName\":\"search_term_string\"}}],\"inLanguage\":\"es\"},{\"@type\":\"Organization\",\"@id\":\"https:\\\/\\\/sarmiento24h.com\\\/#organization\",\"name\":\"Sarmiento24h\",\"url\":\"https:\\\/\\\/sarmiento24h.com\\\/\",\"logo\":{\"@type\":\"ImageObject\",\"inLanguage\":\"es\",\"@id\":\"https:\\\/\\\/sarmiento24h.com\\\/#\\\/schema\\\/logo\\\/image\\\/\",\"url\":\"https:\\\/\\\/sarmiento24h.com\\\/wp-content\\\/uploads\\\/2025\\\/12\\\/AddText_12-16-10.30.52.jpg\",\"contentUrl\":\"https:\\\/\\\/sarmiento24h.com\\\/wp-content\\\/uploads\\\/2025\\\/12\\\/AddText_12-16-10.30.52.jpg\",\"width\":1220,\"height\":324,\"caption\":\"Sarmiento24h\"},\"image\":{\"@id\":\"https:\\\/\\\/sarmiento24h.com\\\/#\\\/schema\\\/logo\\\/image\\\/\"},\"sameAs\":[\"https:\\\/\\\/facebook.com\\\/s24hnoticias\",\"https:\\\/\\\/x.com\\\/sarmiento24h\"]},{\"@type\":\"Person\",\"@id\":\"https:\\\/\\\/sarmiento24h.com\\\/#\\\/schema\\\/person\\\/d653a59725ad629a7e0429af7b939d4d\",\"name\":\"sarmiento24h@gmail.com\",\"image\":{\"@type\":\"ImageObject\",\"inLanguage\":\"es\",\"@id\":\"https:\\\/\\\/sarmiento24h.com\\\/wp-content\\\/litespeed\\\/avatar\\\/d02cbc4e23c747e6659cd45907173c8f.jpg?ver=1788047690\",\"url\":\"https:\\\/\\\/sarmiento24h.com\\\/wp-content\\\/litespeed\\\/avatar\\\/d02cbc4e23c747e6659cd45907173c8f.jpg?ver=1788047690\",\"contentUrl\":\"https:\\\/\\\/sarmiento24h.com\\\/wp-content\\\/litespeed\\\/avatar\\\/d02cbc4e23c747e6659cd45907173c8f.jpg?ver=1788047690\",\"caption\":\"sarmiento24h@gmail.com\"},\"sameAs\":[\"https:\\\/\\\/sarmiento24h.com\"],\"url\":\"https:\\\/\\\/sarmiento24h.com\\\/?author=1\"}]}<\/script>\n<!-- \/ Yoast SEO plugin. -->","yoast_head_json":{"title":"Macron mantendr\u00e1 sus primeras conversaciones con Burnham tras visitar el Tapiz de Bayeux en Londres - Sarmiento24h","robots":{"index":"index","follow":"follow","max-snippet":"max-snippet:-1","max-image-preview":"max-image-preview:large","max-video-preview":"max-video-preview:-1"},"canonical":"https:\/\/sarmiento24h.com\/?p=411241","og_locale":"es_ES","og_type":"article","og_title":"Macron mantendr\u00e1 sus primeras conversaciones con Burnham tras visitar el Tapiz de Bayeux en Londres - Sarmiento24h","og_description":"Macron es el primer l\u00edder de la&#46;&#46;&#46;","og_url":"https:\/\/sarmiento24h.com\/?p=411241","og_site_name":"Sarmiento24h","article_publisher":"https:\/\/facebook.com\/s24hnoticias","article_published_time":"2026-09-03T10:46:55+00:00","og_image":[{"url":"https:\/\/s.france24.com\/media\/display\/b3730ba6-a71e-11f1-b5c5-005056a90284\/w:1024\/p:16x9\/ES-20260902-143854-144233-CS.jpg","type":"","width":"","height":""}],"author":"sarmiento24h@gmail.com","twitter_card":"summary_large_image","twitter_creator":"@sarmiento24h","twitter_site":"@sarmiento24h","twitter_misc":{"Escrito por":"sarmiento24h@gmail.com","Tiempo de lectura":"5 minutos"},"schema":{"@context":"https:\/\/schema.org","@graph":[{"@type":"Article","@id":"https:\/\/sarmiento24h.com\/?p=411241#article","isPartOf":{"@id":"https:\/\/sarmiento24h.com\/?p=411241"},"author":{"name":"sarmiento24h@gmail.com","@id":"https:\/\/sarmiento24h.com\/#\/schema\/person\/d653a59725ad629a7e0429af7b939d4d"},"headline":"Macron mantendr\u00e1 sus primeras conversaciones con Burnham tras visitar el Tapiz de Bayeux en Londres","datePublished":"2026-09-03T10:46:55+00:00","mainEntityOfPage":{"@id":"https:\/\/sarmiento24h.com\/?p=411241"},"wordCount":1025,"publisher":{"@id":"https:\/\/sarmiento24h.com\/#organization"},"image":{"@id":"https:\/\/sarmiento24h.com\/?p=411241#primaryimage"},"thumbnailUrl":"https:\/\/sarmiento24h.com\/wp-content\/uploads\/2026\/09\/macron-mantendra-sus-primeras-conversaciones-con-burnham-tras-visitar-el-tapiz-de-bayeux-en-londres.jpg","articleSection":["Internacionales"],"inLanguage":"es"},{"@type":"WebPage","@id":"https:\/\/sarmiento24h.com\/?p=411241","url":"https:\/\/sarmiento24h.com\/?p=411241","name":"Macron mantendr\u00e1 sus primeras conversaciones con Burnham tras visitar el Tapiz de Bayeux en Londres - Sarmiento24h","isPartOf":{"@id":"https:\/\/sarmiento24h.com\/#website"},"primaryImageOfPage":{"@id":"https:\/\/sarmiento24h.com\/?p=411241#primaryimage"},"image":{"@id":"https:\/\/sarmiento24h.com\/?p=411241#primaryimage"},"thumbnailUrl":"https:\/\/sarmiento24h.com\/wp-content\/uploads\/2026\/09\/macron-mantendra-sus-primeras-conversaciones-con-burnham-tras-visitar-el-tapiz-de-bayeux-en-londres.jpg","datePublished":"2026-09-03T10:46:55+00:00","breadcrumb":{"@id":"https:\/\/sarmiento24h.com\/?p=411241#breadcrumb"},"inLanguage":"es","potentialAction":[{"@type":"ReadAction","target":["https:\/\/sarmiento24h.com\/?p=411241"]}]},{"@type":"ImageObject","inLanguage":"es","@id":"https:\/\/sarmiento24h.com\/?p=411241#primaryimage","url":"https:\/\/sarmiento24h.com\/wp-content\/uploads\/2026\/09\/macron-mantendra-sus-primeras-conversaciones-con-burnham-tras-visitar-el-tapiz-de-bayeux-en-londres.jpg","contentUrl":"https:\/\/sarmiento24h.com\/wp-content\/uploads\/2026\/09\/macron-mantendra-sus-primeras-conversaciones-con-burnham-tras-visitar-el-tapiz-de-bayeux-en-londres.jpg","width":1024,"height":576},{"@type":"BreadcrumbList","@id":"https:\/\/sarmiento24h.com\/?p=411241#breadcrumb","itemListElement":[{"@type":"ListItem","position":1,"name":"Home","item":"https:\/\/sarmiento24h.com\/"},{"@type":"ListItem","position":2,"name":"Macron mantendr\u00e1 sus primeras conversaciones con Burnham tras visitar el Tapiz de Bayeux en Londres"}]},{"@type":"WebSite","@id":"https:\/\/sarmiento24h.com\/#website","url":"https:\/\/sarmiento24h.com\/","name":"Sarmiento24h","description":"","publisher":{"@id":"https:\/\/sarmiento24h.com\/#organization"},"potentialAction":[{"@type":"SearchAction","target":{"@type":"EntryPoint","urlTemplate":"https:\/\/sarmiento24h.com\/?s={search_term_string}"},"query-input":{"@type":"PropertyValueSpecification","valueRequired":true,"valueName":"search_term_string"}}],"inLanguage":"es"},{"@type":"Organization","@id":"https:\/\/sarmiento24h.com\/#organization","name":"Sarmiento24h","url":"https:\/\/sarmiento24h.com\/","logo":{"@type":"ImageObject","inLanguage":"es","@id":"https:\/\/sarmiento24h.com\/#\/schema\/logo\/image\/","url":"https:\/\/sarmiento24h.com\/wp-content\/uploads\/2025\/12\/AddText_12-16-10.30.52.jpg","contentUrl":"https:\/\/sarmiento24h.com\/wp-content\/uploads\/2025\/12\/AddText_12-16-10.30.52.jpg","width":1220,"height":324,"caption":"Sarmiento24h"},"image":{"@id":"https:\/\/sarmiento24h.com\/#\/schema\/logo\/image\/"},"sameAs":["https:\/\/facebook.com\/s24hnoticias","https:\/\/x.com\/sarmiento24h"]},{"@type":"Person","@id":"https:\/\/sarmiento24h.com\/#\/schema\/person\/d653a59725ad629a7e0429af7b939d4d","name":"sarmiento24h@gmail.com","image":{"@type":"ImageObject","inLanguage":"es","@id":"https:\/\/sarmiento24h.com\/wp-content\/litespeed\/avatar\/d02cbc4e23c747e6659cd45907173c8f.jpg?ver=1788047690","url":"https:\/\/sarmiento24h.com\/wp-content\/litespeed\/avatar\/d02cbc4e23c747e6659cd45907173c8f.jpg?ver=1788047690","contentUrl":"https:\/\/sarmiento24h.com\/wp-content\/litespeed\/avatar\/d02cbc4e23c747e6659cd45907173c8f.jpg?ver=1788047690","caption":"sarmiento24h@gmail.com"},"sameAs":["https:\/\/sarmiento24h.com"],"url":"https:\/\/sarmiento24h.com\/?author=1"}]}},"jetpack_publicize_connections":[],"jetpack_featured_media_url":"https:\/\/sarmiento24h.com\/wp-content\/uploads\/2026\/09\/macron-mantendra-sus-primeras-conversaciones-con-burnham-tras-visitar-el-tapiz-de-bayeux-en-londres.jpg","jetpack_sharing_enabled":true,"_links":{"self":[{"href":"https:\/\/sarmiento24h.com\/index.php?rest_route=\/wp\/v2\/posts\/411241","targetHints":{"allow":["GET"]}}],"collection":[{"href":"https:\/\/sarmiento24h.com\/index.php?rest_route=\/wp\/v2\/posts"}],"about":[{"href":"https:\/\/sarmiento24h.com\/index.php?rest_route=\/wp\/v2\/types\/post"}],"author":[{"embeddable":true,"href":"https:\/\/sarmiento24h.com\/index.php?rest_route=\/wp\/v2\/users\/1"}],"replies":[{"embeddable":true,"href":"https:\/\/sarmiento24h.com\/index.php?rest_route=%2Fwp%2Fv2%2Fcomments&post=411241"}],"version-history":[{"count":0,"href":"https:\/\/sarmiento24h.com\/index.php?rest_route=\/wp\/v2\/posts\/411241\/revisions"}],"wp:featuredmedia":[{"embeddable":true,"href":"https:\/\/sarmiento24h.com\/index.php?rest_route=\/wp\/v2\/media\/411242"}],"wp:attachment":[{"href":"https:\/\/sarmiento24h.com\/index.php?rest_route=%2Fwp%2Fv2%2Fmedia&parent=411241"}],"wp:term":[{"taxonomy":"category","embeddable":true,"href":"https:\/\/sarmiento24h.com\/index.php?rest_route=%2Fwp%2Fv2%2Fcategories&post=411241"},{"taxonomy":"post_tag","embeddable":true,"href":"https:\/\/sarmiento24h.com\/index.php?rest_route=%2Fwp%2Fv2%2Ftags&post=411241"}],"curies":[{"name":"wp","href":"https:\/\/api.w.org\/{rel}","templated":true}]}}