{"id":411317,"date":"2026-09-03T11:59:53","date_gmt":"2026-09-03T11:59:53","guid":{"rendered":"http:\/\/9d022062-a789-11f1-b62d-73b16c115430"},"modified":"2026-09-03T11:59:53","modified_gmt":"2026-09-03T11:59:53","slug":"muere-gloria-steinem-una-leyenda-del-feminismo","status":"publish","type":"post","link":"https:\/\/sarmiento24h.com\/?p=411317","title":{"rendered":"Muere Gloria Steinem, una leyenda del feminismo"},"content":{"rendered":"<p>La escritora y periodista estadounidense <a href=\"https:\/\/www.france24.com\/es\/tag\/gloria-steinem\/\" target=\"_self\" class=\"gtm-add-suggested-tag\">Gloria Steinem<\/a>, una de las figuras m\u00e1s destacadas del activismo feminista, falleci\u00f3 el 2 de septiembre en su casa de <a href=\"https:\/\/www.france24.com\/es\/tag\/nueva-york\/\" target=\"_self\" class=\"gtm-add-suggested-tag\">Nueva York<\/a> a los 92 a\u00f1os, seg\u00fan inform\u00f3 una publicaci\u00f3n en su perfil de <a href=\"https:\/\/www.france24.com\/es\/tag\/instagram\/\" target=\"_self\" class=\"gtm-add-suggested-tag\">Instagram<\/a>.<\/p>\n<blockquote class=\"quote\" readability=\"10.633333333333\">\n<p>\u201cGloria Steinem falleci\u00f3 pac\u00edficamente en su casa de <a href=\"https:\/\/www.france24.com\/es\/tag\/nueva-york\/\" target=\"_self\" class=\"gtm-add-suggested-tag\">Nueva York<\/a>, rodeada de algunas de las muchas personas que la amaban. Los casi 100 a\u00f1os de Gloria en este mundo fueron a\u00f1os bien vividos, y continu\u00f3 trabajando por la igualdad hasta el final\u201d, se\u00f1ala el mensaje publicado en la red social.<\/p>\n<\/blockquote>\n<p>\u00abEl mayor don de Gloria era su capacidad para escuchar a los dem\u00e1s, para hacer que se sintieran vistos y escuchados. Sus palabras, acciones y ejemplo daban a las personas la libertad de ser ellas mismas. Gloria vivi\u00f3 fiel a su esp\u00edritu independiente, siempre con curiosidad y un gran sentido del humor\u00bb, agrega.<\/p>\n<div id=\"em-WBMZ417386-F24-ES-20260903\" class=\"m-em-flash\" data-instagram-script>\n<div class=\"o-em-consent \" readability=\"7\">\n<div class=\"o-em-consent__content\" readability=\"34\">\n<p class=\"o-em-consent__content__text\">Para mostrar este contenido de Instagram, debe autorizar las cookies de medici\u00f3n de audiencia y publicidad.<\/p>\n<p> <button class=\"a-master-button a-master-button--dark\" data-action=\"accept\"> Aceptar <svg class=\"a-svg a-svg--icon-check\"> <use xlink:href=\"\/build\/images\/svg\/sprite.68b43361c11f23b39049016b32e6ae31.svg#icon-check\" href=\"\/build\/images\/svg\/sprite.68b43361c11f23b39049016b32e6ae31.svg#icon-check\" \/> <\/svg> <\/button> <button class=\"a-link\" data-action=\"manage\">Gestionar mis opciones <svg class=\"a-svg a-svg--icon-edit\"> <use xlink:href=\"\/build\/images\/svg\/sprite.68b43361c11f23b39049016b32e6ae31.svg#icon-edit\" href=\"\/build\/images\/svg\/sprite.68b43361c11f23b39049016b32e6ae31.svg#icon-edit\" \/> <\/svg><br \/>\n<\/button> <\/div>\n<\/div>\n<\/div>\n<p>Nacida el 25 de marzo de 1934, no acudi\u00f3 con regularidad al colegio hasta los 11 a\u00f1os, debido a los traslados de su familia a lo largo de <a href=\"https:\/\/www.france24.com\/es\/tag\/estados-unidos\/\" target=\"_self\" class=\"gtm-add-suggested-tag\">Estados Unidos<\/a>. Gran parte de su vida transcurri\u00f3 viajando, dando charlas en campus universitarios y centros comunitarios, y participando en concentraciones y marchas.<\/p>\n<p>Steinem, nacida en Toledo (<a href=\"https:\/\/www.france24.com\/es\/tag\/ohio\/\" target=\"_self\" class=\"gtm-add-suggested-tag\">Ohio<\/a>), fue una de las voces m\u00e1s influyentes del movimiento de mujeres en Estados Unidos y una firme defensora de las causas feministas.<\/p>\n<p>De hecho, pas\u00f3 por la experiencia de abortar de forma ilegal a los 22 a\u00f1os y sufri\u00f3 c\u00e1ncer de mama en la d\u00e9cada de los ochenta.<\/p>\n<h2><strong>Del periodismo al activismo feminista<\/strong><\/h2>\n<p>Colabor\u00f3 con la revista <em>Huntington Hartford&#8217;s Show<\/em> en los a\u00f1os sesenta. Incluso, se infiltr\u00f3 en el Playboy Club de <a href=\"https:\/\/www.france24.com\/es\/tag\/nueva-york\/\" target=\"_self\" class=\"gtm-add-suggested-tag\">Nueva York<\/a> como \u00abconejita\u00bb para destapar las condiciones en las que viv\u00edan esas mujeres.<\/p>\n<div class=\"m-em-image\">\n<figure class=\"m-item-image m-item-image--original m-item-image--has-caption\"> <picture class=\"a-picture a-picture--original\"><source type=\"image\/webp\" srcset=\"https:\/\/s.france24.com\/media\/display\/eb1ae9ba-a788-11f1-b1bb-005056a97e36\/w:246\/AP26246399880271.webp 246w, https:\/\/s.france24.com\/media\/display\/eb1ae9ba-a788-11f1-b1bb-005056a97e36\/w:388\/AP26246399880271.webp 388w, https:\/\/s.france24.com\/media\/display\/eb1ae9ba-a788-11f1-b1bb-005056a97e36\/w:720\/AP26246399880271.webp 720w, https:\/\/s.france24.com\/media\/display\/eb1ae9ba-a788-11f1-b1bb-005056a97e36\/w:980\/AP26246399880271.webp 980w\" sizes=\"(max-width: 1023px) calc(100vw - 32px), (min-width: 1024px) 850px\"><img fetchpriority=\"low\" decoding=\"async\" src=\"https:\/\/s.france24.com\/media\/display\/eb1ae9ba-a788-11f1-b1bb-005056a97e36\/w:980\/AP26246399880271.jpg\" srcset=\"https:\/\/s.france24.com\/media\/display\/eb1ae9ba-a788-11f1-b1bb-005056a97e36\/w:246\/AP26246399880271.jpg 246w, https:\/\/s.france24.com\/media\/display\/eb1ae9ba-a788-11f1-b1bb-005056a97e36\/w:388\/AP26246399880271.jpg 388w, https:\/\/s.france24.com\/media\/display\/eb1ae9ba-a788-11f1-b1bb-005056a97e36\/w:720\/AP26246399880271.jpg 720w, https:\/\/s.france24.com\/media\/display\/eb1ae9ba-a788-11f1-b1bb-005056a97e36\/w:980\/AP26246399880271.jpg 980w\" sizes=\"(max-width: 1023px) calc(100vw - 32px), (min-width: 1024px) 850px\" alt=\"Bella Abzug, left, and Patsy Mink of Women USA sit next to Gloria Steinem as she speaks in Washington on November 21, 1979\" loading=\"lazy\" class=\"a-img \">\n<\/picture><figcaption class=\"a-figcaption\"> Bella Abzug, a la izquierda, y Patsy Mink, de Women USA, est\u00e1n sentadas junto a Gloria Steinem mientras ella habla en Washington, el 21 de noviembre de 1979. \u00a9 Harvey Georges, AP <\/figcaption><\/figure>\n<\/p><\/div>\n<p>Fue miembro del equipo fundacional de <em>New York Magazine<\/em> en 1968 y, tras cubrir un acto sobre el aborto, <strong>desarroll\u00f3 el concepto de \u00ablibertad reproductiva\u00bb, es decir, la libertad de tener hijos o no tenerlos.<\/strong><\/p>\n<p>Cre\u00f3 junto a otras feministas, como Bella Abzug y Betty Friedan, el <em>Caucus Pol\u00edtico Nacional de <a href=\"https:\/\/www.france24.com\/es\/tag\/mujer\/\" target=\"_self\" class=\"gtm-add-suggested-tag\">Mujeres<\/a> <\/em>y fue fundadora en los a\u00f1os setenta, junto con Dorothy Pitman Hughes, de la revista feminista <em>Ms <\/em>(Se\u00f1ora).<\/p>\n<p>En <a href=\"https:\/\/www.france24.com\/es\/tag\/espa\u00f1a\/\" target=\"_self\" class=\"gtm-add-suggested-tag\">Espa\u00f1a<\/a>, en 2021, la escritora gan\u00f3 el Premio Princesa de Asturias de Comunicaci\u00f3n y Humanidades.<\/p>\n<p>Antes de involucrarse como freelance en temas que afectaban a las mujeres, escribiendo para la revista <em>Esquire<\/em>, hab\u00eda estudiado <a href=\"https:\/\/www.france24.com\/es\/tag\/gobierno\/\" target=\"_self\" class=\"gtm-add-suggested-tag\">Gobierno<\/a> en la universidad estadounidense Smith College y trabajado como directora de la \u00abIndependent Research Service\u00bb, una organizaci\u00f3n financiada por la <a href=\"https:\/\/www.france24.com\/es\/tag\/cia\/\" target=\"_self\" class=\"gtm-add-suggested-tag\">CIA<\/a>.<\/p>\n<h2><strong>Una casa dedicada al di\u00e1logo y la justicia social<\/strong><\/h2>\n<p>Durante sus \u00faltimos a\u00f1os recibi\u00f3 a cientos de invitados en la sala de su casa para los Talking Circles y, en su pr\u00f3ximo libro, An Unexpected Life, escribi\u00f3: \u201cHe vivido ya durante m\u00e1s de cincuenta a\u00f1os en esta casa de tipo brownstone, en habitaciones que han sido testigos de vidas anteriores a la m\u00eda y que conocer\u00e1n otras despu\u00e9s de que yo me haya ido\u201d.<\/p>\n<div class=\"m-em-image\">\n<figure class=\"m-item-image m-item-image--original m-item-image--has-caption\"> <picture class=\"a-picture a-picture--original\"><source type=\"image\/webp\" srcset=\"https:\/\/s.france24.com\/media\/display\/7619c1c8-a787-11f1-b65b-005056a90284\/w:246\/AP431130203043.webp 246w, https:\/\/s.france24.com\/media\/display\/7619c1c8-a787-11f1-b65b-005056a90284\/w:388\/AP431130203043.webp 388w, https:\/\/s.france24.com\/media\/display\/7619c1c8-a787-11f1-b65b-005056a90284\/w:720\/AP431130203043.webp 720w, https:\/\/s.france24.com\/media\/display\/7619c1c8-a787-11f1-b65b-005056a90284\/w:980\/AP431130203043.webp 980w\" sizes=\"(max-width: 1023px) calc(100vw - 32px), (min-width: 1024px) 850px\"><img fetchpriority=\"low\" decoding=\"async\" src=\"https:\/\/s.france24.com\/media\/display\/7619c1c8-a787-11f1-b65b-005056a90284\/w:980\/AP431130203043.jpg\" srcset=\"https:\/\/s.france24.com\/media\/display\/7619c1c8-a787-11f1-b65b-005056a90284\/w:246\/AP431130203043.jpg 246w, https:\/\/s.france24.com\/media\/display\/7619c1c8-a787-11f1-b65b-005056a90284\/w:388\/AP431130203043.jpg 388w, https:\/\/s.france24.com\/media\/display\/7619c1c8-a787-11f1-b65b-005056a90284\/w:720\/AP431130203043.jpg 720w, https:\/\/s.france24.com\/media\/display\/7619c1c8-a787-11f1-b65b-005056a90284\/w:980\/AP431130203043.jpg 980w\" sizes=\"(max-width: 1023px) calc(100vw - 32px), (min-width: 1024px) 850px\" alt=\"Women's rights activist Gloria Steinem gestures as President Barack Obama awards her with the Presidential Medal of Freedom, Wednesday, Nov. 20, 2013\" loading=\"lazy\" class=\"a-img \">\n<\/picture><figcaption class=\"a-figcaption\"> La activista por los derechos de las mujeres Gloria Steinem recibe la Medalla Presidencial de la Libertad en la Casa Blanca, en noviembre de 2013. \u00a9 Jacquelyn Martin, AP <\/figcaption><\/figure>\n<\/p><\/div>\n<p>Despu\u00e9s de su muerte queda su compromiso de que su casa se convierta en un centro para los movimientos de justicia social porque, como pensaba y dec\u00eda: \u201cEl aleteo de una mariposa puede cambiar el tiempo a cientos de kil\u00f3metros de distancia\u201d.<\/p>\n<p>Su voluntad es que quienes deseen honrarla, en lugar de enviar flores, hagan una donaci\u00f3n a la Fundaci\u00f3n Gloria.<\/p>\n<p>Con EFE y AFP&nbsp;<\/p>\n","protected":false},"excerpt":{"rendered":"<p>La escritora y periodista estadounidense Gloria Steinem,&#46;&#46;&#46;<\/p>\n","protected":false},"author":1,"featured_media":411318,"comment_status":"closed","ping_status":"closed","sticky":false,"template":"","format":"standard","meta":{"_jetpack_newsletter_access":"","_jetpack_dont_email_post_to_subs":false,"_jetpack_newsletter_tier_id":0,"_jetpack_memberships_contains_paywalled_content":false,"_jetpack_feature_clip_id":0,"_jetpack_memberships_contains_paid_content":false,"footnotes":"","jetpack_publicize_message":"","jetpack_publicize_feature_enabled":true,"jetpack_social_post_already_shared":true,"jetpack_social_options":{"image_generator_settings":{"template":"highway","default_image_id":0,"font":"","enabled":false},"version":2},"jetpack_post_was_ever_published":false},"categories":[43],"tags":[],"class_list":["post-411317","post","type-post","status-publish","format-standard","has-post-thumbnail","hentry","category-internacionales"],"yoast_head":"<!-- This site is optimized with the Yoast SEO plugin v28.1 - https:\/\/yoast.com\/product\/yoast-seo-wordpress\/ -->\n<title>Muere Gloria Steinem, una leyenda del feminismo - Sarmiento24h<\/title>\n<meta name=\"robots\" content=\"index, follow, max-snippet:-1, max-image-preview:large, max-video-preview:-1\" \/>\n<link rel=\"canonical\" href=\"https:\/\/sarmiento24h.com\/?p=411317\" \/>\n<meta property=\"og:locale\" content=\"es_ES\" \/>\n<meta property=\"og:type\" content=\"article\" \/>\n<meta property=\"og:title\" content=\"Muere Gloria Steinem, una leyenda del feminismo - Sarmiento24h\" \/>\n<meta property=\"og:description\" content=\"La escritora y periodista estadounidense Gloria Steinem,&#046;&#046;&#046;\" \/>\n<meta property=\"og:url\" content=\"https:\/\/sarmiento24h.com\/?p=411317\" \/>\n<meta property=\"og:site_name\" content=\"Sarmiento24h\" \/>\n<meta property=\"article:publisher\" content=\"https:\/\/facebook.com\/s24hnoticias\" \/>\n<meta property=\"article:published_time\" content=\"2026-09-03T11:59:53+00:00\" \/>\n<meta property=\"og:image\" content=\"https:\/\/s.france24.com\/media\/display\/eb1ae9ba-a788-11f1-b1bb-005056a97e36\/w:980\/AP26246399880271.jpg\" \/>\n<meta name=\"author\" content=\"sarmiento24h@gmail.com\" \/>\n<meta name=\"twitter:card\" content=\"summary_large_image\" \/>\n<meta name=\"twitter:creator\" content=\"@sarmiento24h\" \/>\n<meta name=\"twitter:site\" content=\"@sarmiento24h\" \/>\n<meta name=\"twitter:label1\" content=\"Escrito por\" \/>\n\t<meta name=\"twitter:data1\" content=\"sarmiento24h@gmail.com\" \/>\n\t<meta name=\"twitter:label2\" content=\"Tiempo de lectura\" \/>\n\t<meta name=\"twitter:data2\" content=\"3 minutos\" \/>\n<script type=\"application\/ld+json\" class=\"yoast-schema-graph\">{\"@context\":\"https:\\\/\\\/schema.org\",\"@graph\":[{\"@type\":\"Article\",\"@id\":\"https:\\\/\\\/sarmiento24h.com\\\/?p=411317#article\",\"isPartOf\":{\"@id\":\"https:\\\/\\\/sarmiento24h.com\\\/?p=411317\"},\"author\":{\"name\":\"sarmiento24h@gmail.com\",\"@id\":\"https:\\\/\\\/sarmiento24h.com\\\/#\\\/schema\\\/person\\\/d653a59725ad629a7e0429af7b939d4d\"},\"headline\":\"Muere Gloria Steinem, una leyenda del feminismo\",\"datePublished\":\"2026-09-03T11:59:53+00:00\",\"mainEntityOfPage\":{\"@id\":\"https:\\\/\\\/sarmiento24h.com\\\/?p=411317\"},\"wordCount\":666,\"publisher\":{\"@id\":\"https:\\\/\\\/sarmiento24h.com\\\/#organization\"},\"image\":{\"@id\":\"https:\\\/\\\/sarmiento24h.com\\\/?p=411317#primaryimage\"},\"thumbnailUrl\":\"https:\\\/\\\/sarmiento24h.com\\\/wp-content\\\/uploads\\\/2026\\\/09\\\/muere-gloria-steinem-una-leyenda-del-feminismo.jpg\",\"articleSection\":[\"Internacionales\"],\"inLanguage\":\"es\"},{\"@type\":\"WebPage\",\"@id\":\"https:\\\/\\\/sarmiento24h.com\\\/?p=411317\",\"url\":\"https:\\\/\\\/sarmiento24h.com\\\/?p=411317\",\"name\":\"Muere Gloria Steinem, una leyenda del feminismo - Sarmiento24h\",\"isPartOf\":{\"@id\":\"https:\\\/\\\/sarmiento24h.com\\\/#website\"},\"primaryImageOfPage\":{\"@id\":\"https:\\\/\\\/sarmiento24h.com\\\/?p=411317#primaryimage\"},\"image\":{\"@id\":\"https:\\\/\\\/sarmiento24h.com\\\/?p=411317#primaryimage\"},\"thumbnailUrl\":\"https:\\\/\\\/sarmiento24h.com\\\/wp-content\\\/uploads\\\/2026\\\/09\\\/muere-gloria-steinem-una-leyenda-del-feminismo.jpg\",\"datePublished\":\"2026-09-03T11:59:53+00:00\",\"breadcrumb\":{\"@id\":\"https:\\\/\\\/sarmiento24h.com\\\/?p=411317#breadcrumb\"},\"inLanguage\":\"es\",\"potentialAction\":[{\"@type\":\"ReadAction\",\"target\":[\"https:\\\/\\\/sarmiento24h.com\\\/?p=411317\"]}]},{\"@type\":\"ImageObject\",\"inLanguage\":\"es\",\"@id\":\"https:\\\/\\\/sarmiento24h.com\\\/?p=411317#primaryimage\",\"url\":\"https:\\\/\\\/sarmiento24h.com\\\/wp-content\\\/uploads\\\/2026\\\/09\\\/muere-gloria-steinem-una-leyenda-del-feminismo.jpg\",\"contentUrl\":\"https:\\\/\\\/sarmiento24h.com\\\/wp-content\\\/uploads\\\/2026\\\/09\\\/muere-gloria-steinem-una-leyenda-del-feminismo.jpg\",\"width\":980,\"height\":683},{\"@type\":\"BreadcrumbList\",\"@id\":\"https:\\\/\\\/sarmiento24h.com\\\/?p=411317#breadcrumb\",\"itemListElement\":[{\"@type\":\"ListItem\",\"position\":1,\"name\":\"Home\",\"item\":\"https:\\\/\\\/sarmiento24h.com\\\/\"},{\"@type\":\"ListItem\",\"position\":2,\"name\":\"Muere Gloria Steinem, una leyenda del feminismo\"}]},{\"@type\":\"WebSite\",\"@id\":\"https:\\\/\\\/sarmiento24h.com\\\/#website\",\"url\":\"https:\\\/\\\/sarmiento24h.com\\\/\",\"name\":\"Sarmiento24h\",\"description\":\"\",\"publisher\":{\"@id\":\"https:\\\/\\\/sarmiento24h.com\\\/#organization\"},\"potentialAction\":[{\"@type\":\"SearchAction\",\"target\":{\"@type\":\"EntryPoint\",\"urlTemplate\":\"https:\\\/\\\/sarmiento24h.com\\\/?s={search_term_string}\"},\"query-input\":{\"@type\":\"PropertyValueSpecification\",\"valueRequired\":true,\"valueName\":\"search_term_string\"}}],\"inLanguage\":\"es\"},{\"@type\":\"Organization\",\"@id\":\"https:\\\/\\\/sarmiento24h.com\\\/#organization\",\"name\":\"Sarmiento24h\",\"url\":\"https:\\\/\\\/sarmiento24h.com\\\/\",\"logo\":{\"@type\":\"ImageObject\",\"inLanguage\":\"es\",\"@id\":\"https:\\\/\\\/sarmiento24h.com\\\/#\\\/schema\\\/logo\\\/image\\\/\",\"url\":\"https:\\\/\\\/sarmiento24h.com\\\/wp-content\\\/uploads\\\/2025\\\/12\\\/AddText_12-16-10.30.52.jpg\",\"contentUrl\":\"https:\\\/\\\/sarmiento24h.com\\\/wp-content\\\/uploads\\\/2025\\\/12\\\/AddText_12-16-10.30.52.jpg\",\"width\":1220,\"height\":324,\"caption\":\"Sarmiento24h\"},\"image\":{\"@id\":\"https:\\\/\\\/sarmiento24h.com\\\/#\\\/schema\\\/logo\\\/image\\\/\"},\"sameAs\":[\"https:\\\/\\\/facebook.com\\\/s24hnoticias\",\"https:\\\/\\\/x.com\\\/sarmiento24h\"]},{\"@type\":\"Person\",\"@id\":\"https:\\\/\\\/sarmiento24h.com\\\/#\\\/schema\\\/person\\\/d653a59725ad629a7e0429af7b939d4d\",\"name\":\"sarmiento24h@gmail.com\",\"image\":{\"@type\":\"ImageObject\",\"inLanguage\":\"es\",\"@id\":\"https:\\\/\\\/sarmiento24h.com\\\/wp-content\\\/litespeed\\\/avatar\\\/d02cbc4e23c747e6659cd45907173c8f.jpg?ver=1788047690\",\"url\":\"https:\\\/\\\/sarmiento24h.com\\\/wp-content\\\/litespeed\\\/avatar\\\/d02cbc4e23c747e6659cd45907173c8f.jpg?ver=1788047690\",\"contentUrl\":\"https:\\\/\\\/sarmiento24h.com\\\/wp-content\\\/litespeed\\\/avatar\\\/d02cbc4e23c747e6659cd45907173c8f.jpg?ver=1788047690\",\"caption\":\"sarmiento24h@gmail.com\"},\"sameAs\":[\"https:\\\/\\\/sarmiento24h.com\"],\"url\":\"https:\\\/\\\/sarmiento24h.com\\\/?author=1\"}]}<\/script>\n<!-- \/ Yoast SEO plugin. -->","yoast_head_json":{"title":"Muere Gloria Steinem, una leyenda del feminismo - Sarmiento24h","robots":{"index":"index","follow":"follow","max-snippet":"max-snippet:-1","max-image-preview":"max-image-preview:large","max-video-preview":"max-video-preview:-1"},"canonical":"https:\/\/sarmiento24h.com\/?p=411317","og_locale":"es_ES","og_type":"article","og_title":"Muere Gloria Steinem, una leyenda del feminismo - Sarmiento24h","og_description":"La escritora y periodista estadounidense Gloria Steinem,&#46;&#46;&#46;","og_url":"https:\/\/sarmiento24h.com\/?p=411317","og_site_name":"Sarmiento24h","article_publisher":"https:\/\/facebook.com\/s24hnoticias","article_published_time":"2026-09-03T11:59:53+00:00","og_image":[{"url":"https:\/\/s.france24.com\/media\/display\/eb1ae9ba-a788-11f1-b1bb-005056a97e36\/w:980\/AP26246399880271.jpg","type":"","width":"","height":""}],"author":"sarmiento24h@gmail.com","twitter_card":"summary_large_image","twitter_creator":"@sarmiento24h","twitter_site":"@sarmiento24h","twitter_misc":{"Escrito por":"sarmiento24h@gmail.com","Tiempo de lectura":"3 minutos"},"schema":{"@context":"https:\/\/schema.org","@graph":[{"@type":"Article","@id":"https:\/\/sarmiento24h.com\/?p=411317#article","isPartOf":{"@id":"https:\/\/sarmiento24h.com\/?p=411317"},"author":{"name":"sarmiento24h@gmail.com","@id":"https:\/\/sarmiento24h.com\/#\/schema\/person\/d653a59725ad629a7e0429af7b939d4d"},"headline":"Muere Gloria Steinem, una leyenda del feminismo","datePublished":"2026-09-03T11:59:53+00:00","mainEntityOfPage":{"@id":"https:\/\/sarmiento24h.com\/?p=411317"},"wordCount":666,"publisher":{"@id":"https:\/\/sarmiento24h.com\/#organization"},"image":{"@id":"https:\/\/sarmiento24h.com\/?p=411317#primaryimage"},"thumbnailUrl":"https:\/\/sarmiento24h.com\/wp-content\/uploads\/2026\/09\/muere-gloria-steinem-una-leyenda-del-feminismo.jpg","articleSection":["Internacionales"],"inLanguage":"es"},{"@type":"WebPage","@id":"https:\/\/sarmiento24h.com\/?p=411317","url":"https:\/\/sarmiento24h.com\/?p=411317","name":"Muere Gloria Steinem, una leyenda del feminismo - Sarmiento24h","isPartOf":{"@id":"https:\/\/sarmiento24h.com\/#website"},"primaryImageOfPage":{"@id":"https:\/\/sarmiento24h.com\/?p=411317#primaryimage"},"image":{"@id":"https:\/\/sarmiento24h.com\/?p=411317#primaryimage"},"thumbnailUrl":"https:\/\/sarmiento24h.com\/wp-content\/uploads\/2026\/09\/muere-gloria-steinem-una-leyenda-del-feminismo.jpg","datePublished":"2026-09-03T11:59:53+00:00","breadcrumb":{"@id":"https:\/\/sarmiento24h.com\/?p=411317#breadcrumb"},"inLanguage":"es","potentialAction":[{"@type":"ReadAction","target":["https:\/\/sarmiento24h.com\/?p=411317"]}]},{"@type":"ImageObject","inLanguage":"es","@id":"https:\/\/sarmiento24h.com\/?p=411317#primaryimage","url":"https:\/\/sarmiento24h.com\/wp-content\/uploads\/2026\/09\/muere-gloria-steinem-una-leyenda-del-feminismo.jpg","contentUrl":"https:\/\/sarmiento24h.com\/wp-content\/uploads\/2026\/09\/muere-gloria-steinem-una-leyenda-del-feminismo.jpg","width":980,"height":683},{"@type":"BreadcrumbList","@id":"https:\/\/sarmiento24h.com\/?p=411317#breadcrumb","itemListElement":[{"@type":"ListItem","position":1,"name":"Home","item":"https:\/\/sarmiento24h.com\/"},{"@type":"ListItem","position":2,"name":"Muere Gloria Steinem, una leyenda del feminismo"}]},{"@type":"WebSite","@id":"https:\/\/sarmiento24h.com\/#website","url":"https:\/\/sarmiento24h.com\/","name":"Sarmiento24h","description":"","publisher":{"@id":"https:\/\/sarmiento24h.com\/#organization"},"potentialAction":[{"@type":"SearchAction","target":{"@type":"EntryPoint","urlTemplate":"https:\/\/sarmiento24h.com\/?s={search_term_string}"},"query-input":{"@type":"PropertyValueSpecification","valueRequired":true,"valueName":"search_term_string"}}],"inLanguage":"es"},{"@type":"Organization","@id":"https:\/\/sarmiento24h.com\/#organization","name":"Sarmiento24h","url":"https:\/\/sarmiento24h.com\/","logo":{"@type":"ImageObject","inLanguage":"es","@id":"https:\/\/sarmiento24h.com\/#\/schema\/logo\/image\/","url":"https:\/\/sarmiento24h.com\/wp-content\/uploads\/2025\/12\/AddText_12-16-10.30.52.jpg","contentUrl":"https:\/\/sarmiento24h.com\/wp-content\/uploads\/2025\/12\/AddText_12-16-10.30.52.jpg","width":1220,"height":324,"caption":"Sarmiento24h"},"image":{"@id":"https:\/\/sarmiento24h.com\/#\/schema\/logo\/image\/"},"sameAs":["https:\/\/facebook.com\/s24hnoticias","https:\/\/x.com\/sarmiento24h"]},{"@type":"Person","@id":"https:\/\/sarmiento24h.com\/#\/schema\/person\/d653a59725ad629a7e0429af7b939d4d","name":"sarmiento24h@gmail.com","image":{"@type":"ImageObject","inLanguage":"es","@id":"https:\/\/sarmiento24h.com\/wp-content\/litespeed\/avatar\/d02cbc4e23c747e6659cd45907173c8f.jpg?ver=1788047690","url":"https:\/\/sarmiento24h.com\/wp-content\/litespeed\/avatar\/d02cbc4e23c747e6659cd45907173c8f.jpg?ver=1788047690","contentUrl":"https:\/\/sarmiento24h.com\/wp-content\/litespeed\/avatar\/d02cbc4e23c747e6659cd45907173c8f.jpg?ver=1788047690","caption":"sarmiento24h@gmail.com"},"sameAs":["https:\/\/sarmiento24h.com"],"url":"https:\/\/sarmiento24h.com\/?author=1"}]}},"jetpack_publicize_connections":[],"jetpack_featured_media_url":"https:\/\/sarmiento24h.com\/wp-content\/uploads\/2026\/09\/muere-gloria-steinem-una-leyenda-del-feminismo.jpg","jetpack_sharing_enabled":true,"_links":{"self":[{"href":"https:\/\/sarmiento24h.com\/index.php?rest_route=\/wp\/v2\/posts\/411317","targetHints":{"allow":["GET"]}}],"collection":[{"href":"https:\/\/sarmiento24h.com\/index.php?rest_route=\/wp\/v2\/posts"}],"about":[{"href":"https:\/\/sarmiento24h.com\/index.php?rest_route=\/wp\/v2\/types\/post"}],"author":[{"embeddable":true,"href":"https:\/\/sarmiento24h.com\/index.php?rest_route=\/wp\/v2\/users\/1"}],"replies":[{"embeddable":true,"href":"https:\/\/sarmiento24h.com\/index.php?rest_route=%2Fwp%2Fv2%2Fcomments&post=411317"}],"version-history":[{"count":0,"href":"https:\/\/sarmiento24h.com\/index.php?rest_route=\/wp\/v2\/posts\/411317\/revisions"}],"wp:featuredmedia":[{"embeddable":true,"href":"https:\/\/sarmiento24h.com\/index.php?rest_route=\/wp\/v2\/media\/411318"}],"wp:attachment":[{"href":"https:\/\/sarmiento24h.com\/index.php?rest_route=%2Fwp%2Fv2%2Fmedia&parent=411317"}],"wp:term":[{"taxonomy":"category","embeddable":true,"href":"https:\/\/sarmiento24h.com\/index.php?rest_route=%2Fwp%2Fv2%2Fcategories&post=411317"},{"taxonomy":"post_tag","embeddable":true,"href":"https:\/\/sarmiento24h.com\/index.php?rest_route=%2Fwp%2Fv2%2Ftags&post=411317"}],"curies":[{"name":"wp","href":"https:\/\/api.w.org\/{rel}","templated":true}]}}