{"id":411486,"date":"2026-09-03T14:27:20","date_gmt":"2026-09-03T14:27:20","guid":{"rendered":"http:\/\/0a2777de-a7a1-11f1-8443-d733d481ee1c"},"modified":"2026-09-03T14:27:20","modified_gmt":"2026-09-03T14:27:20","slug":"sanchez-exculpa-a-marruecos-de-crisis-en-ceuta-informe-policial-apunta-a-fuerzas-de-rabat-quien-tiene-la-verdad","status":"publish","type":"post","link":"https:\/\/sarmiento24h.com\/?p=411486","title":{"rendered":"S\u00e1nchez exculpa a Marruecos de crisis en Ceuta; informe policial apunta a fuerzas de Rabat: \u00bfqui\u00e9n tiene la verdad?"},"content":{"rendered":"<p>La crisis de Ceuta ha entrado en una nueva fase. M\u00e1s de un mes despu\u00e9s de la entrada masiva de migrantes de los d\u00edas 30 y 31 de julio, la principal pregunta pol\u00edtica ya no es \u00fanicamente qu\u00e9 ocurri\u00f3 en la frontera, sino si existieron o no alertas previas para el Estado espa\u00f1ol sobre la magnitud de lo que se avecinaba y qu\u00e9 conclusiones pueden extraerse de la presunta actuaci\u00f3n de Marruecos en una crisis in\u00e9dita en su dimensi\u00f3n, con la que la oposici\u00f3n aprovecha para poner al Gobierno contra las cuerdas y exigir, una vez m\u00e1s, su dimisi\u00f3n.<\/p>\n<p>El debate se ha agudizado despu\u00e9s de que el mi\u00e9rcoles 2 de septiembre, un d\u00eda antes de la comparecencia del presidente del Gobierno Pedro S\u00e1nchez, trascendiera un informe elaborado por el Centro Nacional de Inmigraci\u00f3n y Fronteras (CENIF), unidad dependiente de la Comisar\u00eda General de Extranjer\u00eda y Fronteras de la Polic\u00eda Nacional, y remitido a la Audiencia Nacional. El documento, de alrededor de medio centenar de p\u00e1ginas \u2014otras informaciones sit\u00faan su extensi\u00f3n en 57 folios\u2014, analiza im\u00e1genes, v\u00eddeos, informaci\u00f3n de redes sociales y material de d\u00edas anteriores y posteriores a la crisis.<\/p>\n<p>Su conclusi\u00f3n central es que la entrada masiva no fue un fen\u00f3meno espont\u00e1neo o accidental, sino un proceso planificado. Pero el alcance de esa conclusi\u00f3n es objeto de una disputa pol\u00edtica y administrativa: mientras las informaciones sobre el contenido del informe se\u00f1alan una implicaci\u00f3n sobre el terreno de fuerzas marroqu\u00edes, el director general de la Polic\u00eda, Francisco Pardo, ha comunicado al ministro del Interior que el documento no atribuye a las fuerzas de seguridad marroqu\u00edes la planificaci\u00f3n o ejecuci\u00f3n de la operaci\u00f3n.<\/p>\n<p>Ah\u00ed se encuentra la aparente paradoja: el informe apunta hacia Marruecos en sus indicios y descripciones, pero no formula una atribuci\u00f3n institucional directa a Rabat.<\/p>\n<h2><strong>\u00bfQui\u00e9n encarg\u00f3 el informe policial y por qu\u00e9 se mantuvo en secreto?<\/strong><\/h2>\n<p>El documento no naci\u00f3 de una investigaci\u00f3n pol\u00edtica del Gobierno. Fue solicitado en el marco de unas diligencias judiciales abiertas por la magistrada de la Audiencia Nacional, <strong>Mar\u00eda Tard\u00f3n,<\/strong> titular del Juzgado Central de Instrucci\u00f3n n\u00famero 3.<\/p>\n<p>La jueza pidi\u00f3 a la Polic\u00eda que investigara si la llegada masiva de migrantes pod\u00eda responder a \u201cuna acci\u00f3n concertada o dirigida por alguna organizaci\u00f3n o grupo criminal\u201d. Es decir, el encargo inicial no consist\u00eda formalmente en investigar a Marruecos, sino en determinar si detr\u00e1s de los acontecimientos exist\u00eda una estructura organizada.<\/p>\n<p>Seg\u00fan la informaci\u00f3n publicada sobre el procedimiento, <strong>la magistrada reclam\u00f3 adem\u00e1s discreci\u00f3n a los investigadores durante la elaboraci\u00f3n del informe. Esa reserva habr\u00eda impedido que la informaci\u00f3n fuera trasladada a los superiores<\/strong> de los agentes encargados de la investigaci\u00f3n, incluido el propio director general de la Polic\u00eda, Francisco Pardo Piqueras.<\/p>\n<div class=\"m-em-image\">\n<figure class=\"m-item-image m-item-image--original m-item-image--has-caption\"> <picture class=\"a-picture a-picture--original\"><source type=\"image\/webp\" srcset=\"https:\/\/s.france24.com\/media\/display\/6dc0f8fc-a6f6-11f1-b813-005056bf30b7\/w:246\/2026-08-20T123614Z-354687783-RC282NAH912W-RTRMADP-3-MIGRATION-EUROPE-SPAIN-CEUTA.webp 246w, https:\/\/s.france24.com\/media\/display\/6dc0f8fc-a6f6-11f1-b813-005056bf30b7\/w:388\/2026-08-20T123614Z-354687783-RC282NAH912W-RTRMADP-3-MIGRATION-EUROPE-SPAIN-CEUTA.webp 388w, https:\/\/s.france24.com\/media\/display\/6dc0f8fc-a6f6-11f1-b813-005056bf30b7\/w:720\/2026-08-20T123614Z-354687783-RC282NAH912W-RTRMADP-3-MIGRATION-EUROPE-SPAIN-CEUTA.webp 720w, https:\/\/s.france24.com\/media\/display\/6dc0f8fc-a6f6-11f1-b813-005056bf30b7\/w:980\/2026-08-20T123614Z-354687783-RC282NAH912W-RTRMADP-3-MIGRATION-EUROPE-SPAIN-CEUTA.webp 980w\" sizes=\"(max-width: 1023px) calc(100vw - 32px), (min-width: 1024px) 850px\"><img fetchpriority=\"low\" decoding=\"async\" src=\"https:\/\/s.france24.com\/media\/display\/6dc0f8fc-a6f6-11f1-b813-005056bf30b7\/w:980\/2026-08-20T123614Z-354687783-RC282NAH912W-RTRMADP-3-MIGRATION-EUROPE-SPAIN-CEUTA.jpg\" srcset=\"https:\/\/s.france24.com\/media\/display\/6dc0f8fc-a6f6-11f1-b813-005056bf30b7\/w:246\/2026-08-20T123614Z-354687783-RC282NAH912W-RTRMADP-3-MIGRATION-EUROPE-SPAIN-CEUTA.jpg 246w, https:\/\/s.france24.com\/media\/display\/6dc0f8fc-a6f6-11f1-b813-005056bf30b7\/w:388\/2026-08-20T123614Z-354687783-RC282NAH912W-RTRMADP-3-MIGRATION-EUROPE-SPAIN-CEUTA.jpg 388w, https:\/\/s.france24.com\/media\/display\/6dc0f8fc-a6f6-11f1-b813-005056bf30b7\/w:720\/2026-08-20T123614Z-354687783-RC282NAH912W-RTRMADP-3-MIGRATION-EUROPE-SPAIN-CEUTA.jpg 720w, https:\/\/s.france24.com\/media\/display\/6dc0f8fc-a6f6-11f1-b813-005056bf30b7\/w:980\/2026-08-20T123614Z-354687783-RC282NAH912W-RTRMADP-3-MIGRATION-EUROPE-SPAIN-CEUTA.jpg 980w\" sizes=\"(max-width: 1023px) calc(100vw - 32px), (min-width: 1024px) 850px\" alt=\"Archivo: migrantes son escoltados desde un campamento improvisado en la playa hasta refugios oficiales en toda la ciudad despu\u00e9s de que las autoridades desalojaran el lugar, tras un cruce masivo desde Marruecos, en el enclave espa\u00f1ol de Ceuta, en el norte de \u00c1frica, el 20 de agosto de 2026.\" loading=\"lazy\" class=\"a-img \">\n<\/picture><figcaption class=\"a-figcaption\"> Archivo: migrantes son escoltados desde un campamento improvisado en la playa hasta refugios oficiales en toda la ciudad despu\u00e9s de que las autoridades desalojaran el lugar, tras un cruce masivo desde Marruecos, en el enclave espa\u00f1ol de Ceuta, en el norte de \u00c1frica, el 20 de agosto de 2026. \u00a9 Reuters\/Violeta Santos Moura <\/figcaption><\/figure>\n<\/p><\/div>\n<p>Esta circunstancia explica uno de los elementos m\u00e1s controvertidos de la crisis: el ministro del Interior Fernando Grande- Marlaska afirma que no conoc\u00eda previamente el contenido del informe y que tuvo conocimiento de su existencia a ra\u00edz de las informaciones period\u00edsticas.<\/p>\n<p>El ministro reaccion\u00f3 el 2 de septiembre enviando una carta a Pardo para pedirle que aclarara desde cu\u00e1ndo dispon\u00eda la Polic\u00eda de esa investigaci\u00f3n y si realmente exist\u00eda un documento que situara a Marruecos detr\u00e1s de la entrada masiva. El titular de la cartera de Interior consider\u00f3 especialmente <strong>relevante conocer el momento en que la Polic\u00eda tuvo acceso a esas conclusiones por las posibles implicaciones para la seguridad nacional.<\/strong><\/p>\n<p>La propia Polic\u00eda comunic\u00f3 despu\u00e9s que la jueza hab\u00eda autorizado a los investigadores a compartir el informe con sus superiores.<strong> Pardo sostuvo entonces que no exist\u00eda ning\u00fan informe policial que atribuyera a las fuerzas marroqu\u00edes la planificaci\u00f3n o ejecuci\u00f3n de los hechos.<\/strong><\/p>\n<h2><strong>\u00bfQu\u00e9 dice realmente el informe?<\/strong><\/h2>\n<p>El documento describe la entrada como<strong> un fen\u00f3meno planificado y organizado, y rechaza que se tratara simplemente de una movilizaci\u00f3n espont\u00e1nea de personas que decidieron cruzar la frontera.<\/strong><\/p>\n<p>Uno de los elementos utilizados por los investigadores es el comportamiento de las redes sociales. La prensa local destaca que la Polic\u00eda detect\u00f3 en los d\u00edas previos mensajes que anunciaban una posible entrada masiva. El CENIF emiti\u00f3 el 29 de julio una alerta sobre el riesgo de una \u201centrada masiva\u201d, despu\u00e9s de observar un aumento de las comunicaciones relacionadas con el cruce hacia Ceuta. El documento sostiene que los mensajes respond\u00edan a un patr\u00f3n de difusi\u00f3n que se intensific\u00f3 de manera extraordinaria el d\u00eda de la entrada.<\/p>\n<div id=\"em-WBMZ417434-F24-ES-20260903\" class=\"m-em-flash\" data-xtwitter-script>\n<div class=\"o-em-consent \" readability=\"7\">\n<div class=\"o-em-consent__content\" readability=\"34\">\n<p class=\"o-em-consent__content__text\">Para mostrar este contenido de X (Twitter), debe autorizar las cookies de medici\u00f3n de audiencia y publicidad.<\/p>\n<p> <button class=\"a-master-button a-master-button--dark\" data-action=\"accept\"> Aceptar <svg class=\"a-svg a-svg--icon-check\"> <use xlink:href=\"\/build\/images\/svg\/sprite.68b43361c11f23b39049016b32e6ae31.svg#icon-check\" href=\"\/build\/images\/svg\/sprite.68b43361c11f23b39049016b32e6ae31.svg#icon-check\" \/> <\/svg> <\/button> <button class=\"a-link\" data-action=\"manage\">Gestionar mis opciones <svg class=\"a-svg a-svg--icon-edit\"> <use xlink:href=\"\/build\/images\/svg\/sprite.68b43361c11f23b39049016b32e6ae31.svg#icon-edit\" href=\"\/build\/images\/svg\/sprite.68b43361c11f23b39049016b32e6ae31.svg#icon-edit\" \/> <\/svg><br \/>\n<\/button> <\/div>\n<\/div>\n<\/div>\n<p><strong>Entre los mensajes analizados aparece el aviso de que \u201chan abierto la puerta esta ma\u00f1ana\u201d, difundido simult\u00e1neamente en distintas aplicaciones, <\/strong>un elemento que los investigadores consideran incompatible con una movilizaci\u00f3n completamente espont\u00e1nea.<\/p>\n<p>El documento tambi\u00e9n divide el episodio en diferentes oleadas y analiza el perfil de quienes participaron. La primera estuvo protagonizada principalmente por j\u00f3venes marroqu\u00edes; posteriormente se produjo una llegada importante de familias, mujeres y ni\u00f1os, una composici\u00f3n que, seg\u00fan la interpretaci\u00f3n policial, pod\u00eda contribuir a saturar los mecanismos de contenci\u00f3n y limitar la posibilidad de utilizar determinados medios coercitivos.<\/p>\n<p>La tesis de los investigadores es, por tanto, que la operaci\u00f3n ten\u00eda una l\u00f3gica y una secuencia y que no responde a una simple acumulaci\u00f3n espont\u00e1nea de migrantes ante una oportunidad de entrada.<\/p>\n<h2><strong>El elemento m\u00e1s delicado: los agentes marroqu\u00edes<\/strong><\/h2>\n<p>Es aqu\u00ed donde el informe adquiere mayor trascendencia pol\u00edtica.<\/p>\n<p><strong>El documento incluye fotograf\u00edas y v\u00eddeos en los que aparecen gendarmes marroqu\u00edes uniformados dando indicaciones a los migrantes y gui\u00e1ndolos hacia la costa y hacia los puntos de cruce. <\/strong>Tambi\u00e9n aparecen personas vestidas de paisano que, seg\u00fan los investigadores, parecen ejercer funciones de direcci\u00f3n, monitorizaci\u00f3n o liderazgo sobre la multitud.<\/p>\n<p>La Polic\u00eda habla de una actuaci\u00f3n de las fuerzas marroqu\u00edes caracterizada, cuando menos, por una \u201ctotal permisividad\u201d durante las jornadas del 30 y 31 de julio. El informe sostiene que no observ\u00f3 una tentativa seria de dispersar o alejar a la masa del per\u00edmetro fronterizo.<\/p>\n<p><strong>Pero existe una diferencia esencial entre documentar la conducta de agentes marroqu\u00edes y demostrar que el Estado marroqu\u00ed orden\u00f3, planific\u00f3 o ejecut\u00f3 la operaci\u00f3n.<\/strong><\/p>\n<div id=\"em-WBMZ417436-F24-ES-20260903\" class=\"m-em-flash\" data-xtwitter-script>\n<div class=\"o-em-consent \" readability=\"7\">\n<div class=\"o-em-consent__content\" readability=\"34\">\n<p class=\"o-em-consent__content__text\">Para mostrar este contenido de X (Twitter), debe autorizar las cookies de medici\u00f3n de audiencia y publicidad.<\/p>\n<p> <button class=\"a-master-button a-master-button--dark\" data-action=\"accept\"> Aceptar <svg class=\"a-svg a-svg--icon-check\"> <use xlink:href=\"\/build\/images\/svg\/sprite.68b43361c11f23b39049016b32e6ae31.svg#icon-check\" href=\"\/build\/images\/svg\/sprite.68b43361c11f23b39049016b32e6ae31.svg#icon-check\" \/> <\/svg> <\/button> <button class=\"a-link\" data-action=\"manage\">Gestionar mis opciones <svg class=\"a-svg a-svg--icon-edit\"> <use xlink:href=\"\/build\/images\/svg\/sprite.68b43361c11f23b39049016b32e6ae31.svg#icon-edit\" href=\"\/build\/images\/svg\/sprite.68b43361c11f23b39049016b32e6ae31.svg#icon-edit\" \/> <\/svg><br \/>\n<\/button> <\/div>\n<\/div>\n<\/div>\n<p>La primera afirmaci\u00f3n aparece respaldada por el contenido que han conocido los medios. La segunda es precisamente la que el director general de la Polic\u00eda niega que figure como atribuci\u00f3n formal en el documento.<\/p>\n<p>Por eso, decir que \u201cel informe demuestra que Marruecos organiz\u00f3 la invasi\u00f3n\u201d va m\u00e1s all\u00e1 de lo que permiten afirmar, por ahora, las posiciones oficiales conocidas. Lo que s\u00ed puede decirse es que el informe describe una planificaci\u00f3n previa y una intervenci\u00f3n o permisividad significativa de fuerzas marroqu\u00edes durante la ejecuci\u00f3n, mientras <strong>deja abierta la cuesti\u00f3n de qui\u00e9n orden\u00f3 y coordin\u00f3 en \u00faltimo t\u00e9rmino la operaci\u00f3n.<\/strong><\/p>\n<h2><strong>La Polic\u00eda tampoco encuentra a las mafias que buscaba<\/strong><\/h2>\n<p>El informe contiene otro elemento que complica la explicaci\u00f3n gubernamental inicial.<\/p>\n<p>La investigaci\u00f3n policial descarta que las organizaciones criminales dedicadas al tr\u00e1fico de migrantes radicadas en Ceuta fueran las responsables de promover o ejecutar la entrada. Seg\u00fan el documento, esas estructuras no ten\u00edan capacidad para organizar un movimiento de semejante dimensi\u00f3n.<\/p>\n<p>\u2018LaSexta\u2019 se\u00f1ala que el documento tampoco descarta por completo la posible intervenci\u00f3n de otro tipo de organizaciones criminales, pero s\u00ed rechaza atribuir el episodio a las mafias locales de tr\u00e1fico de personas. Tampoco encuentra en el informe una referencia que permita responsabilizar a Israel.<\/p>\n<p>Eso deja un escenario especialmente inc\u00f3modo para el Gobierno: la investigaci\u00f3n judicial-policial cuestiona tanto una explicaci\u00f3n basada en la espontaneidad como otra basada exclusivamente en las mafias locales, pero tampoco establece de manera concluyente qui\u00e9n orden\u00f3 la operaci\u00f3n.<\/p>\n<h2><strong>\u00bfY qu\u00e9 sab\u00eda el Gobierno antes del 30 de julio?<\/strong><\/h2>\n<p>Esta es probablemente la cuesti\u00f3n con mayor recorrido pol\u00edtico.<\/p>\n<p>El Gobierno sostiene que ning\u00fan servicio de inteligencia anticip\u00f3 la magnitud de lo ocurrido. S\u00e1nchez lo volvi\u00f3 a defender este jueves 3 de septiembre en su comparecencia ante el Congreso: <strong>\u201cNadie ha aportado pruebas al Gobierno que permitan concluir que esta entrada masiva (&#8230;) fuera dise\u00f1ada o ejecutada por las autoridades marroqu\u00edes\u201d.<\/strong><\/p>\n<p>El l\u00edder del PSOE tambi\u00e9n asegur\u00f3 que ning\u00fan informe previo hab\u00eda anticipado ni la escala ni la probabilidad del episodio. Al mismo tiempo, reconoci\u00f3 que exist\u00edan informaciones sobre el aumento de los cruces a nado y que el CNI hab\u00eda elaborado dos informes de situaci\u00f3n en los que advert\u00eda del incremento de esos cruces, pero no en la magnitud en que ocurri\u00f3: seg\u00fan las cifras oficiales,entre 70.000 y 80.000 personas, la misma cantidad de habitantes de la ciudad, por lo que el n\u00famero de personas all\u00ed se duplic\u00f3 en cuesti\u00f3n de horas.<\/p>\n<p>Seg\u00fan S\u00e1nchez, el 29 de julio se produjo adem\u00e1s una comunicaci\u00f3n entre la Delegaci\u00f3n del Gobierno en Ceuta y la Guardia Civil sobre una convocatoria difundida en redes sociales para intentar cruzar a Ceuta al d\u00eda siguiente. Pero el presidente insiste en que eso no equivale a haber anticipado que decenas de miles de personas iban a protagonizar una entrada masiva.<\/p>\n<p>Aqu\u00ed aparece otra diferencia relevante entre las versiones. La Polic\u00eda se\u00f1ala que el CENIF detect\u00f3 y alert\u00f3 el 29 de julio sobre un riesgo de entrada masiva. El Gobierno sostiene que los avisos que llegaron a sus manos no permit\u00edan prever la dimensi\u00f3n del acontecimiento. El director de la Polic\u00eda, adem\u00e1s, ha calificado aquel aviso del 29 de julio como una alerta de riesgo rutinaria que no conten\u00eda una advertencia espec\u00edfica sobre una entrada masiva al d\u00eda siguiente.<\/p>\n<p>En su comparecencia este jueves, S\u00e1nchez ratific\u00f3 que su Administraci\u00f3n ha actuado con transparencia y como muestra de ello anunci\u00f3 la publicaci\u00f3n de un dosier con los informes en cuesti\u00f3n, una medida que puede ser decisiva para aclarar esta contradicci\u00f3n. Moncloa ha isnsitido en que pretende hacer p\u00fablicos los documentos, salvo aquellos que requieran un procedimiento de desclasificaci\u00f3n.<\/p>\n<h2><strong>S\u00e1nchez mantiene la defensa de Marruecos, aunque cambia el tono<\/strong><\/h2>\n<p>Ante el Congreso, el presidente ha mantenido este jueves la l\u00ednea que hab\u00eda defendido durante las \u00faltimas semanas: no hay, por ahora, \u201cpruebas s\u00f3lidas\u201d o \u201cevidencias concluyentes\u201d de que Marruecos dise\u00f1ara o ejecutara la entrada masiva.<\/p>\n<p><strong>S\u00e1nchez ha reconocido, no obstante, que queda por esclarecer qu\u00e9 ocurri\u00f3 con el control ejercido por las autoridades marroqu\u00edes y si existi\u00f3 \u201cincapacidad o inacci\u00f3n\u201d por su parte.<\/strong> Es decir, el Gobierno admite que la actuaci\u00f3n de Marruecos sigue siendo una inc\u00f3gnita, aunque se resiste a convertir esa inc\u00f3gnita en una acusaci\u00f3n de responsabilidad estatal.<\/p>\n<p>El presidente ha introducido adem\u00e1s un matiz significativo sobre el futuro de la relaci\u00f3n bilateral: \u201cdespu\u00e9s de lo ocurrido, esa cooperaci\u00f3n tiene que ser diferente\u201d. Al mismo tiempo, ha defendido la necesidad de mantener una relaci\u00f3n de buena vecindad con Rabat.<\/p>\n<div id=\"em-WBMZ417432-F24-ES-20260903\" class=\"m-em-flash\" data-xtwitter-script>\n<div class=\"o-em-consent \" readability=\"7\">\n<div class=\"o-em-consent__content\" readability=\"34\">\n<p class=\"o-em-consent__content__text\">Para mostrar este contenido de X (Twitter), debe autorizar las cookies de medici\u00f3n de audiencia y publicidad.<\/p>\n<p> <button class=\"a-master-button a-master-button--dark\" data-action=\"accept\"> Aceptar <svg class=\"a-svg a-svg--icon-check\"> <use xlink:href=\"\/build\/images\/svg\/sprite.68b43361c11f23b39049016b32e6ae31.svg#icon-check\" href=\"\/build\/images\/svg\/sprite.68b43361c11f23b39049016b32e6ae31.svg#icon-check\" \/> <\/svg> <\/button> <button class=\"a-link\" data-action=\"manage\">Gestionar mis opciones <svg class=\"a-svg a-svg--icon-edit\"> <use xlink:href=\"\/build\/images\/svg\/sprite.68b43361c11f23b39049016b32e6ae31.svg#icon-edit\" href=\"\/build\/images\/svg\/sprite.68b43361c11f23b39049016b32e6ae31.svg#icon-edit\" \/> <\/svg><br \/>\n<\/button> <\/div>\n<\/div>\n<\/div>\n<p>S\u00e1nchez tambi\u00e9n revel\u00f3 que Espa\u00f1a convoc\u00f3 el 21 de agosto a la embajadora de Marruecos, <strong>Karima Benyaich, <\/strong>despu\u00e9s de declaraciones de ministros marroqu\u00edes reivindicando Ceuta y Melilla como un supuesto \u201cderecho hist\u00f3rico y geogr\u00e1fico\u201d de Marruecos.<\/p>\n<p>La relaci\u00f3n bilateral, por tanto, parece haber entrado en una fase m\u00e1s tensa, aunque el Ejecutivo siga evitando acusar formalmente a Rabat de haber organizado la crisis.<\/p>\n<h2><strong>Entonces, \u00bfqui\u00e9n tiene la verdad?<\/strong><\/h2>\n<p>A d\u00eda de hoy, ninguna de las dos versiones ha cerrado completamente el caso.<\/p>\n<p>La versi\u00f3n del Gobierno es que no existen pruebas concluyentes que permitan afirmar que Marruecos, como Estado, planific\u00f3 o ejecut\u00f3 la entrada masiva. El Ejecutivo distingue entre la permisividad \u2014o incluso una eventual inacci\u00f3n\u2014 de determinados agentes marroqu\u00edes y una decisi\u00f3n institucional de Rabat de provocar la crisis.<\/p>\n<p>La versi\u00f3n que emerge del informe policial es m\u00e1s inc\u00f3moda: los investigadores consideran que la entrada no fue espont\u00e1nea; detectan una preparaci\u00f3n previa en redes; describen una respuesta marroqu\u00ed extraordinariamente permisiva y documentan a agentes uniformados guiando a migrantes, junto con personas de paisano que parecen ejercer funciones de direcci\u00f3n y control.<\/p>\n<p>Pero hay un l\u00edmite importante: esos indicios no equivalen todav\u00eda a una prueba p\u00fablica y definitiva de que el Gobierno marroqu\u00ed ordenara la operaci\u00f3n.<\/p>\n<p>La cuesti\u00f3n central queda as\u00ed desplazada. Ya no se trata simplemente de preguntar si \u201cMarruecos estuvo detr\u00e1s\u201d de la crisis en un sentido binario. Hay varias preguntas distintas que deben responderse:<\/p>\n<p>\u00bfQui\u00e9n planific\u00f3 la movilizaci\u00f3n? \u00bfQui\u00e9n difundi\u00f3 y coordin\u00f3 los mensajes? \u00bfQui\u00e9n permiti\u00f3 que decenas de miles de personas llegaran hasta la frontera? \u00bfPor qu\u00e9 algunos agentes marroqu\u00edes aparecen guiando a los migrantes? \u00bfQui\u00e9n dio esas instrucciones? \u00bfY por qu\u00e9 la investigaci\u00f3n policial que analiza esos hechos permaneci\u00f3 fuera de la cadena ordinaria de conocimiento del Ministerio del Interior?<\/p>\n<p>Son preguntas diferentes y requieren pruebas diferentes.<\/p>\n<h2><strong>La verdadera tormenta est\u00e1 ahora dentro del Estado espa\u00f1ol<\/strong><\/h2>\n<p>El esc\u00e1ndalo pol\u00edtico no deriva \u00fanicamente del contenido del informe. Tambi\u00e9n de c\u00f3mo circul\u00f3 la informaci\u00f3n dentro del propio Estado.<\/p>\n<p>Marlaska pidi\u00f3 explicaciones al director de la Polic\u00eda despu\u00e9s de conocer las informaciones period\u00edsticas. Pardo respondi\u00f3 que los investigadores hab\u00edan actuado bajo instrucciones de reserva de la jueza y que, por ello, la direcci\u00f3n policial no hab\u00eda conocido previamente el contenido del documento.<\/p>\n<p>S\u00e1nchez, por su parte, ha cuestionado abiertamente por qu\u00e9 el CENIF no traslad\u00f3 a sus superiores un informe que, en su opini\u00f3n, conten\u00eda potenciales implicaciones para la seguridad del Estado.<\/p>\n<p>Es una paradoja institucional: un informe solicitado por una jueza pod\u00eda permanecer reservado para proteger la investigaci\u00f3n judicial, pero sus conclusiones, de ser ciertas en los t\u00e9rminos difundidos, ten\u00edan una dimensi\u00f3n geopol\u00edtica que afectaba directamente a la relaci\u00f3n de Espa\u00f1a con Marruecos.<\/p>\n<p>De ah\u00ed que<strong> el episodio haya abierto un segundo debate, adem\u00e1s del relativo a la responsabilidad marroqu\u00ed: el de los canales de informaci\u00f3n entre la Polic\u00eda, la Justicia, el Ministerio del Interior, los servicios de inteligencia y el Gobierno.<\/strong><\/p>\n<p>Por ahora, la conclusi\u00f3n m\u00e1s prudente es tambi\u00e9n la m\u00e1s inc\u00f3moda: el informe policial no permite cerrar definitivamente la autor\u00eda de la crisis, pero s\u00ed hace mucho m\u00e1s dif\u00edcil sostener que lo ocurrido fue simplemente un episodio migratorio espont\u00e1neo y ajeno a la actuaci\u00f3n de las autoridades marroqu\u00edes.<\/p>\n<p>S\u00e1nchez pide pruebas antes de responsabilizar a Rabat. La investigaci\u00f3n policial aporta indicios que apuntan hacia una actuaci\u00f3n marroqu\u00ed sobre el terreno. La direcci\u00f3n de la Polic\u00eda niega que el documento atribuya institucionalmente a Marruecos la planificaci\u00f3n o ejecuci\u00f3n. Y la Justicia a\u00fan debe valorar qu\u00e9 alcance tienen esas conclusiones.<\/p>\n<p>La respuesta definitiva, por tanto, no est\u00e1 todav\u00eda en el debate parlamentario ni en las declaraciones de uno u otro Gobierno. Est\u00e1 en las pruebas: en las im\u00e1genes, las comunicaciones, la trazabilidad de las \u00f3rdenes y, sobre todo, en determinar qui\u00e9n decidi\u00f3 que la frontera permaneciera abierta mientras decenas de miles de personas avanzaban hacia Ceuta.<\/p>\n<p>Hasta que esa cadena de responsabilidades pueda demostrarse, Rabat no puede ser declarado autor de la crisis sobre la base de este informe, pero tampoco puede darse por cerrado el papel de Marruecos simplemente porque el documento no formule una atribuci\u00f3n institucional directa.<\/p>\n<p>Esa es, por ahora, la verdadera historia que emerge del choque entre la versi\u00f3n del Gobierno y la investigaci\u00f3n policial.<\/p>\n","protected":false},"excerpt":{"rendered":"<p>La crisis de Ceuta ha entrado en&#46;&#46;&#46;<\/p>\n","protected":false},"author":1,"featured_media":411487,"comment_status":"closed","ping_status":"closed","sticky":false,"template":"","format":"standard","meta":{"_jetpack_newsletter_access":"","_jetpack_dont_email_post_to_subs":false,"_jetpack_newsletter_tier_id":0,"_jetpack_memberships_contains_paywalled_content":false,"_jetpack_feature_clip_id":0,"_jetpack_memberships_contains_paid_content":false,"footnotes":"","jetpack_publicize_message":"","jetpack_publicize_feature_enabled":true,"jetpack_social_post_already_shared":true,"jetpack_social_options":{"image_generator_settings":{"template":"highway","default_image_id":0,"font":"","enabled":false},"version":2},"jetpack_post_was_ever_published":false},"categories":[43],"tags":[],"class_list":["post-411486","post","type-post","status-publish","format-standard","has-post-thumbnail","hentry","category-internacionales"],"yoast_head":"<!-- This site is optimized with the Yoast SEO plugin v28.1 - https:\/\/yoast.com\/product\/yoast-seo-wordpress\/ -->\n<title>S\u00e1nchez exculpa a Marruecos de crisis en Ceuta; informe policial apunta a fuerzas de Rabat: \u00bfqui\u00e9n tiene la verdad? - Sarmiento24h<\/title>\n<meta name=\"robots\" content=\"index, follow, max-snippet:-1, max-image-preview:large, max-video-preview:-1\" \/>\n<link rel=\"canonical\" href=\"https:\/\/sarmiento24h.com\/?p=411486\" \/>\n<meta property=\"og:locale\" content=\"es_ES\" \/>\n<meta property=\"og:type\" content=\"article\" \/>\n<meta property=\"og:title\" content=\"S\u00e1nchez exculpa a Marruecos de crisis en Ceuta; informe policial apunta a fuerzas de Rabat: \u00bfqui\u00e9n tiene la verdad? - Sarmiento24h\" \/>\n<meta property=\"og:description\" content=\"La crisis de Ceuta ha entrado en&#046;&#046;&#046;\" \/>\n<meta property=\"og:url\" content=\"https:\/\/sarmiento24h.com\/?p=411486\" \/>\n<meta property=\"og:site_name\" content=\"Sarmiento24h\" \/>\n<meta property=\"article:publisher\" content=\"https:\/\/facebook.com\/s24hnoticias\" \/>\n<meta property=\"article:published_time\" content=\"2026-09-03T14:27:20+00:00\" \/>\n<meta property=\"og:image\" content=\"https:\/\/s.france24.com\/media\/display\/6dc0f8fc-a6f6-11f1-b813-005056bf30b7\/w:980\/2026-08-20T123614Z-354687783-RC282NAH912W-RTRMADP-3-MIGRATION-EUROPE-SPAIN-CEUTA.jpg\" \/>\n<meta name=\"author\" content=\"sarmiento24h@gmail.com\" \/>\n<meta name=\"twitter:card\" content=\"summary_large_image\" \/>\n<meta name=\"twitter:creator\" content=\"@sarmiento24h\" \/>\n<meta name=\"twitter:site\" content=\"@sarmiento24h\" \/>\n<meta name=\"twitter:label1\" content=\"Escrito por\" \/>\n\t<meta name=\"twitter:data1\" content=\"sarmiento24h@gmail.com\" \/>\n\t<meta name=\"twitter:label2\" content=\"Tiempo de lectura\" \/>\n\t<meta name=\"twitter:data2\" content=\"14 minutos\" \/>\n<script type=\"application\/ld+json\" class=\"yoast-schema-graph\">{\"@context\":\"https:\\\/\\\/schema.org\",\"@graph\":[{\"@type\":\"Article\",\"@id\":\"https:\\\/\\\/sarmiento24h.com\\\/?p=411486#article\",\"isPartOf\":{\"@id\":\"https:\\\/\\\/sarmiento24h.com\\\/?p=411486\"},\"author\":{\"name\":\"sarmiento24h@gmail.com\",\"@id\":\"https:\\\/\\\/sarmiento24h.com\\\/#\\\/schema\\\/person\\\/d653a59725ad629a7e0429af7b939d4d\"},\"headline\":\"S\u00e1nchez exculpa a Marruecos de crisis en Ceuta; informe policial apunta a fuerzas de Rabat: \u00bfqui\u00e9n tiene la verdad?\",\"datePublished\":\"2026-09-03T14:27:20+00:00\",\"mainEntityOfPage\":{\"@id\":\"https:\\\/\\\/sarmiento24h.com\\\/?p=411486\"},\"wordCount\":2846,\"publisher\":{\"@id\":\"https:\\\/\\\/sarmiento24h.com\\\/#organization\"},\"image\":{\"@id\":\"https:\\\/\\\/sarmiento24h.com\\\/?p=411486#primaryimage\"},\"thumbnailUrl\":\"https:\\\/\\\/sarmiento24h.com\\\/wp-content\\\/uploads\\\/2026\\\/09\\\/sanchez-exculpa-a-marruecos-de-crisis-en-ceuta-informe-policial-apunta-a-fuerzas-de-rabat-quien-tiene-la-verdad.jpg\",\"articleSection\":[\"Internacionales\"],\"inLanguage\":\"es\"},{\"@type\":\"WebPage\",\"@id\":\"https:\\\/\\\/sarmiento24h.com\\\/?p=411486\",\"url\":\"https:\\\/\\\/sarmiento24h.com\\\/?p=411486\",\"name\":\"S\u00e1nchez exculpa a Marruecos de crisis en Ceuta; informe policial apunta a fuerzas de Rabat: \u00bfqui\u00e9n tiene la verdad? - Sarmiento24h\",\"isPartOf\":{\"@id\":\"https:\\\/\\\/sarmiento24h.com\\\/#website\"},\"primaryImageOfPage\":{\"@id\":\"https:\\\/\\\/sarmiento24h.com\\\/?p=411486#primaryimage\"},\"image\":{\"@id\":\"https:\\\/\\\/sarmiento24h.com\\\/?p=411486#primaryimage\"},\"thumbnailUrl\":\"https:\\\/\\\/sarmiento24h.com\\\/wp-content\\\/uploads\\\/2026\\\/09\\\/sanchez-exculpa-a-marruecos-de-crisis-en-ceuta-informe-policial-apunta-a-fuerzas-de-rabat-quien-tiene-la-verdad.jpg\",\"datePublished\":\"2026-09-03T14:27:20+00:00\",\"breadcrumb\":{\"@id\":\"https:\\\/\\\/sarmiento24h.com\\\/?p=411486#breadcrumb\"},\"inLanguage\":\"es\",\"potentialAction\":[{\"@type\":\"ReadAction\",\"target\":[\"https:\\\/\\\/sarmiento24h.com\\\/?p=411486\"]}]},{\"@type\":\"ImageObject\",\"inLanguage\":\"es\",\"@id\":\"https:\\\/\\\/sarmiento24h.com\\\/?p=411486#primaryimage\",\"url\":\"https:\\\/\\\/sarmiento24h.com\\\/wp-content\\\/uploads\\\/2026\\\/09\\\/sanchez-exculpa-a-marruecos-de-crisis-en-ceuta-informe-policial-apunta-a-fuerzas-de-rabat-quien-tiene-la-verdad.jpg\",\"contentUrl\":\"https:\\\/\\\/sarmiento24h.com\\\/wp-content\\\/uploads\\\/2026\\\/09\\\/sanchez-exculpa-a-marruecos-de-crisis-en-ceuta-informe-policial-apunta-a-fuerzas-de-rabat-quien-tiene-la-verdad.jpg\",\"width\":980,\"height\":654},{\"@type\":\"BreadcrumbList\",\"@id\":\"https:\\\/\\\/sarmiento24h.com\\\/?p=411486#breadcrumb\",\"itemListElement\":[{\"@type\":\"ListItem\",\"position\":1,\"name\":\"Home\",\"item\":\"https:\\\/\\\/sarmiento24h.com\\\/\"},{\"@type\":\"ListItem\",\"position\":2,\"name\":\"S\u00e1nchez exculpa a Marruecos de crisis en Ceuta; informe policial apunta a fuerzas de Rabat: \u00bfqui\u00e9n tiene la verdad?\"}]},{\"@type\":\"WebSite\",\"@id\":\"https:\\\/\\\/sarmiento24h.com\\\/#website\",\"url\":\"https:\\\/\\\/sarmiento24h.com\\\/\",\"name\":\"Sarmiento24h\",\"description\":\"\",\"publisher\":{\"@id\":\"https:\\\/\\\/sarmiento24h.com\\\/#organization\"},\"potentialAction\":[{\"@type\":\"SearchAction\",\"target\":{\"@type\":\"EntryPoint\",\"urlTemplate\":\"https:\\\/\\\/sarmiento24h.com\\\/?s={search_term_string}\"},\"query-input\":{\"@type\":\"PropertyValueSpecification\",\"valueRequired\":true,\"valueName\":\"search_term_string\"}}],\"inLanguage\":\"es\"},{\"@type\":\"Organization\",\"@id\":\"https:\\\/\\\/sarmiento24h.com\\\/#organization\",\"name\":\"Sarmiento24h\",\"url\":\"https:\\\/\\\/sarmiento24h.com\\\/\",\"logo\":{\"@type\":\"ImageObject\",\"inLanguage\":\"es\",\"@id\":\"https:\\\/\\\/sarmiento24h.com\\\/#\\\/schema\\\/logo\\\/image\\\/\",\"url\":\"https:\\\/\\\/sarmiento24h.com\\\/wp-content\\\/uploads\\\/2025\\\/12\\\/AddText_12-16-10.30.52.jpg\",\"contentUrl\":\"https:\\\/\\\/sarmiento24h.com\\\/wp-content\\\/uploads\\\/2025\\\/12\\\/AddText_12-16-10.30.52.jpg\",\"width\":1220,\"height\":324,\"caption\":\"Sarmiento24h\"},\"image\":{\"@id\":\"https:\\\/\\\/sarmiento24h.com\\\/#\\\/schema\\\/logo\\\/image\\\/\"},\"sameAs\":[\"https:\\\/\\\/facebook.com\\\/s24hnoticias\",\"https:\\\/\\\/x.com\\\/sarmiento24h\"]},{\"@type\":\"Person\",\"@id\":\"https:\\\/\\\/sarmiento24h.com\\\/#\\\/schema\\\/person\\\/d653a59725ad629a7e0429af7b939d4d\",\"name\":\"sarmiento24h@gmail.com\",\"image\":{\"@type\":\"ImageObject\",\"inLanguage\":\"es\",\"@id\":\"https:\\\/\\\/sarmiento24h.com\\\/wp-content\\\/litespeed\\\/avatar\\\/d02cbc4e23c747e6659cd45907173c8f.jpg?ver=1788047690\",\"url\":\"https:\\\/\\\/sarmiento24h.com\\\/wp-content\\\/litespeed\\\/avatar\\\/d02cbc4e23c747e6659cd45907173c8f.jpg?ver=1788047690\",\"contentUrl\":\"https:\\\/\\\/sarmiento24h.com\\\/wp-content\\\/litespeed\\\/avatar\\\/d02cbc4e23c747e6659cd45907173c8f.jpg?ver=1788047690\",\"caption\":\"sarmiento24h@gmail.com\"},\"sameAs\":[\"https:\\\/\\\/sarmiento24h.com\"],\"url\":\"https:\\\/\\\/sarmiento24h.com\\\/?author=1\"}]}<\/script>\n<!-- \/ Yoast SEO plugin. -->","yoast_head_json":{"title":"S\u00e1nchez exculpa a Marruecos de crisis en Ceuta; informe policial apunta a fuerzas de Rabat: \u00bfqui\u00e9n tiene la verdad? - Sarmiento24h","robots":{"index":"index","follow":"follow","max-snippet":"max-snippet:-1","max-image-preview":"max-image-preview:large","max-video-preview":"max-video-preview:-1"},"canonical":"https:\/\/sarmiento24h.com\/?p=411486","og_locale":"es_ES","og_type":"article","og_title":"S\u00e1nchez exculpa a Marruecos de crisis en Ceuta; informe policial apunta a fuerzas de Rabat: \u00bfqui\u00e9n tiene la verdad? - Sarmiento24h","og_description":"La crisis de Ceuta ha entrado en&#46;&#46;&#46;","og_url":"https:\/\/sarmiento24h.com\/?p=411486","og_site_name":"Sarmiento24h","article_publisher":"https:\/\/facebook.com\/s24hnoticias","article_published_time":"2026-09-03T14:27:20+00:00","og_image":[{"url":"https:\/\/s.france24.com\/media\/display\/6dc0f8fc-a6f6-11f1-b813-005056bf30b7\/w:980\/2026-08-20T123614Z-354687783-RC282NAH912W-RTRMADP-3-MIGRATION-EUROPE-SPAIN-CEUTA.jpg","type":"","width":"","height":""}],"author":"sarmiento24h@gmail.com","twitter_card":"summary_large_image","twitter_creator":"@sarmiento24h","twitter_site":"@sarmiento24h","twitter_misc":{"Escrito por":"sarmiento24h@gmail.com","Tiempo de lectura":"14 minutos"},"schema":{"@context":"https:\/\/schema.org","@graph":[{"@type":"Article","@id":"https:\/\/sarmiento24h.com\/?p=411486#article","isPartOf":{"@id":"https:\/\/sarmiento24h.com\/?p=411486"},"author":{"name":"sarmiento24h@gmail.com","@id":"https:\/\/sarmiento24h.com\/#\/schema\/person\/d653a59725ad629a7e0429af7b939d4d"},"headline":"S\u00e1nchez exculpa a Marruecos de crisis en Ceuta; informe policial apunta a fuerzas de Rabat: \u00bfqui\u00e9n tiene la verdad?","datePublished":"2026-09-03T14:27:20+00:00","mainEntityOfPage":{"@id":"https:\/\/sarmiento24h.com\/?p=411486"},"wordCount":2846,"publisher":{"@id":"https:\/\/sarmiento24h.com\/#organization"},"image":{"@id":"https:\/\/sarmiento24h.com\/?p=411486#primaryimage"},"thumbnailUrl":"https:\/\/sarmiento24h.com\/wp-content\/uploads\/2026\/09\/sanchez-exculpa-a-marruecos-de-crisis-en-ceuta-informe-policial-apunta-a-fuerzas-de-rabat-quien-tiene-la-verdad.jpg","articleSection":["Internacionales"],"inLanguage":"es"},{"@type":"WebPage","@id":"https:\/\/sarmiento24h.com\/?p=411486","url":"https:\/\/sarmiento24h.com\/?p=411486","name":"S\u00e1nchez exculpa a Marruecos de crisis en Ceuta; informe policial apunta a fuerzas de Rabat: \u00bfqui\u00e9n tiene la verdad? - Sarmiento24h","isPartOf":{"@id":"https:\/\/sarmiento24h.com\/#website"},"primaryImageOfPage":{"@id":"https:\/\/sarmiento24h.com\/?p=411486#primaryimage"},"image":{"@id":"https:\/\/sarmiento24h.com\/?p=411486#primaryimage"},"thumbnailUrl":"https:\/\/sarmiento24h.com\/wp-content\/uploads\/2026\/09\/sanchez-exculpa-a-marruecos-de-crisis-en-ceuta-informe-policial-apunta-a-fuerzas-de-rabat-quien-tiene-la-verdad.jpg","datePublished":"2026-09-03T14:27:20+00:00","breadcrumb":{"@id":"https:\/\/sarmiento24h.com\/?p=411486#breadcrumb"},"inLanguage":"es","potentialAction":[{"@type":"ReadAction","target":["https:\/\/sarmiento24h.com\/?p=411486"]}]},{"@type":"ImageObject","inLanguage":"es","@id":"https:\/\/sarmiento24h.com\/?p=411486#primaryimage","url":"https:\/\/sarmiento24h.com\/wp-content\/uploads\/2026\/09\/sanchez-exculpa-a-marruecos-de-crisis-en-ceuta-informe-policial-apunta-a-fuerzas-de-rabat-quien-tiene-la-verdad.jpg","contentUrl":"https:\/\/sarmiento24h.com\/wp-content\/uploads\/2026\/09\/sanchez-exculpa-a-marruecos-de-crisis-en-ceuta-informe-policial-apunta-a-fuerzas-de-rabat-quien-tiene-la-verdad.jpg","width":980,"height":654},{"@type":"BreadcrumbList","@id":"https:\/\/sarmiento24h.com\/?p=411486#breadcrumb","itemListElement":[{"@type":"ListItem","position":1,"name":"Home","item":"https:\/\/sarmiento24h.com\/"},{"@type":"ListItem","position":2,"name":"S\u00e1nchez exculpa a Marruecos de crisis en Ceuta; informe policial apunta a fuerzas de Rabat: \u00bfqui\u00e9n tiene la verdad?"}]},{"@type":"WebSite","@id":"https:\/\/sarmiento24h.com\/#website","url":"https:\/\/sarmiento24h.com\/","name":"Sarmiento24h","description":"","publisher":{"@id":"https:\/\/sarmiento24h.com\/#organization"},"potentialAction":[{"@type":"SearchAction","target":{"@type":"EntryPoint","urlTemplate":"https:\/\/sarmiento24h.com\/?s={search_term_string}"},"query-input":{"@type":"PropertyValueSpecification","valueRequired":true,"valueName":"search_term_string"}}],"inLanguage":"es"},{"@type":"Organization","@id":"https:\/\/sarmiento24h.com\/#organization","name":"Sarmiento24h","url":"https:\/\/sarmiento24h.com\/","logo":{"@type":"ImageObject","inLanguage":"es","@id":"https:\/\/sarmiento24h.com\/#\/schema\/logo\/image\/","url":"https:\/\/sarmiento24h.com\/wp-content\/uploads\/2025\/12\/AddText_12-16-10.30.52.jpg","contentUrl":"https:\/\/sarmiento24h.com\/wp-content\/uploads\/2025\/12\/AddText_12-16-10.30.52.jpg","width":1220,"height":324,"caption":"Sarmiento24h"},"image":{"@id":"https:\/\/sarmiento24h.com\/#\/schema\/logo\/image\/"},"sameAs":["https:\/\/facebook.com\/s24hnoticias","https:\/\/x.com\/sarmiento24h"]},{"@type":"Person","@id":"https:\/\/sarmiento24h.com\/#\/schema\/person\/d653a59725ad629a7e0429af7b939d4d","name":"sarmiento24h@gmail.com","image":{"@type":"ImageObject","inLanguage":"es","@id":"https:\/\/sarmiento24h.com\/wp-content\/litespeed\/avatar\/d02cbc4e23c747e6659cd45907173c8f.jpg?ver=1788047690","url":"https:\/\/sarmiento24h.com\/wp-content\/litespeed\/avatar\/d02cbc4e23c747e6659cd45907173c8f.jpg?ver=1788047690","contentUrl":"https:\/\/sarmiento24h.com\/wp-content\/litespeed\/avatar\/d02cbc4e23c747e6659cd45907173c8f.jpg?ver=1788047690","caption":"sarmiento24h@gmail.com"},"sameAs":["https:\/\/sarmiento24h.com"],"url":"https:\/\/sarmiento24h.com\/?author=1"}]}},"jetpack_publicize_connections":[],"jetpack_featured_media_url":"https:\/\/sarmiento24h.com\/wp-content\/uploads\/2026\/09\/sanchez-exculpa-a-marruecos-de-crisis-en-ceuta-informe-policial-apunta-a-fuerzas-de-rabat-quien-tiene-la-verdad.jpg","jetpack_sharing_enabled":true,"_links":{"self":[{"href":"https:\/\/sarmiento24h.com\/index.php?rest_route=\/wp\/v2\/posts\/411486","targetHints":{"allow":["GET"]}}],"collection":[{"href":"https:\/\/sarmiento24h.com\/index.php?rest_route=\/wp\/v2\/posts"}],"about":[{"href":"https:\/\/sarmiento24h.com\/index.php?rest_route=\/wp\/v2\/types\/post"}],"author":[{"embeddable":true,"href":"https:\/\/sarmiento24h.com\/index.php?rest_route=\/wp\/v2\/users\/1"}],"replies":[{"embeddable":true,"href":"https:\/\/sarmiento24h.com\/index.php?rest_route=%2Fwp%2Fv2%2Fcomments&post=411486"}],"version-history":[{"count":0,"href":"https:\/\/sarmiento24h.com\/index.php?rest_route=\/wp\/v2\/posts\/411486\/revisions"}],"wp:featuredmedia":[{"embeddable":true,"href":"https:\/\/sarmiento24h.com\/index.php?rest_route=\/wp\/v2\/media\/411487"}],"wp:attachment":[{"href":"https:\/\/sarmiento24h.com\/index.php?rest_route=%2Fwp%2Fv2%2Fmedia&parent=411486"}],"wp:term":[{"taxonomy":"category","embeddable":true,"href":"https:\/\/sarmiento24h.com\/index.php?rest_route=%2Fwp%2Fv2%2Fcategories&post=411486"},{"taxonomy":"post_tag","embeddable":true,"href":"https:\/\/sarmiento24h.com\/index.php?rest_route=%2Fwp%2Fv2%2Ftags&post=411486"}],"curies":[{"name":"wp","href":"https:\/\/api.w.org\/{rel}","templated":true}]}}