{"id":411563,"date":"2026-09-03T15:36:47","date_gmt":"2026-09-03T15:36:47","guid":{"rendered":"http:\/\/b4ec4dd6-a795-11f1-9737-4fae48bc564a"},"modified":"2026-09-03T15:36:47","modified_gmt":"2026-09-03T15:36:47","slug":"putin-habla-de-una-paz-posible-en-la-invasion-rusa-a-ucrania-pero-lo-condiciona-al-cese-de-amenazas-de-kiev","status":"publish","type":"post","link":"https:\/\/sarmiento24h.com\/?p=411563","title":{"rendered":"Putin habla de una paz \u201cposible\u201d en la invasi\u00f3n rusa a Ucrania, pero lo condiciona al cese de \u201camenazas\u201d de Kiev"},"content":{"rendered":"<p>Las medidas anunciadas por <a href=\"https:\/\/www.france24.com\/es\/tag\/ucrania\/\" target=\"_self\" class=\"gtm-add-suggested-tag\">Ucrania<\/a> para obligar a <a href=\"https:\/\/www.france24.com\/es\/tag\/rusia\/\" target=\"_self\" class=\"gtm-add-suggested-tag\">Rusia<\/a> a retomar las conversaciones de paz han logrado el efecto contrario, seg\u00fan las palabras del presidente ruso, <a href=\"https:\/\/www.france24.com\/es\/tag\/vladimir-putin\/\" target=\"_self\" class=\"gtm-add-suggested-tag\">Vladimir Putin<\/a>, quien asegur\u00f3 este jueves 3 de septiembre que las \u00abamenazas de ataques\u00bb contra la aviaci\u00f3n civil diluyen los acercamientos entre ambos bandos en conflicto.<\/p>\n<p><strong>\u00abA la vista de las declaraciones que hemos escuchado \u00faltimamente de los altos cargos ucranianos, me resulta complicado decir qu\u00e9 dispuestos est\u00e1n a un acuerdo de paz (&#8230;) esto obstaculiza, sin lugar a dudas, la posibilidad de celebrar unas negociaciones de paz a dos bandas\u00bb, <\/strong>se\u00f1al\u00f3 el mandatario este jueves durante el plenario del Foro Econ\u00f3mico Oriental en la ciudad de <a href=\"https:\/\/www.france24.com\/es\/tag\/vladivostok\/\" target=\"_self\" class=\"gtm-add-suggested-tag\">Vladivostok<\/a>, capital del Lejano Oriente ruso.<\/p>\n<p>Dos d\u00edas antes, el presidente ucraniano, <a href=\"https:\/\/www.france24.com\/es\/tag\/volod\u00edmir-zelenski\/\" target=\"_self\" class=\"gtm-add-suggested-tag\">Volod\u00edmir Zelenski<\/a>, pronostic\u00f3 un cierre \u00abde facto\u00bb del espacio a\u00e9reo ruso, que consider\u00f3 inseguro para los vuelos comerciales debido al constante lanzamiento de drones desde Ucrania. \u00abQueremos advertir a todas las aerol\u00edneas que usan el espacio a\u00e9reo ruso: se har\u00e1 completamente inseguro\u00bb, escribi\u00f3 el pasado martes 1 de septiembre en redes sociales.<\/p>\n<p>Algunas aerol\u00edneas internacionales cancelaron el mi\u00e9rcoles vuelos hacia territorio ruso, como la compa\u00f1\u00eda turca <a href=\"https:\/\/www.france24.com\/es\/tag\/pegasus\/\" target=\"_self\" class=\"gtm-add-suggested-tag\">Pegasus<\/a>. No obstante,&nbsp;el organismo regulador de la aviaci\u00f3n rusa, Rosaviatsiya, declar\u00f3 este jueves que no hab\u00eda recibido ninguna notificaci\u00f3n de retirada de ninguna aerol\u00ednea extranjera, seg\u00fan inform\u00f3 la agencia de noticias Interfax, citando al director del organismo, Dmitriy Yadrov.<\/p>\n<p>\u00abLas amenazas de ataques contra aviones civiles son, por supuesto, una manifestaci\u00f3n de terrorismo de Estado\u00bb, insisti\u00f3 Putin, que&nbsp;el martes asegur\u00f3 que \u00abcon los terroristas no se negocia\u00bb y advirti\u00f3 de represalias en caso de que se materialicen las provocaciones de <a href=\"https:\/\/www.france24.com\/es\/tag\/kiev\/\" target=\"_self\" class=\"gtm-add-suggested-tag\">Kiev<\/a>.<\/p>\n<h2><strong>\u00bfOportunidad de paz?<\/strong><\/h2>\n<p>Pese a la condena a las declaraciones recientes de Volod\u00edmir Zelenski, Putin se\u00f1al\u00f3 que a\u00fan existen opciones de negociaciones pac\u00edficas y constructivas y agradeci\u00f3 a los pa\u00edses que insisten en una salida pol\u00edtica al conflicto, como <a href=\"https:\/\/www.france24.com\/es\/tag\/estados-unidos\/\" target=\"_self\" class=\"gtm-add-suggested-tag\">Estados Unidos<\/a> y <a href=\"https:\/\/www.france24.com\/es\/tag\/china\/\" target=\"_self\" class=\"gtm-add-suggested-tag\">China<\/a>, aunque remarc\u00f3 que \u00abel problema deben solucionarlo, antes que nada, los pa\u00edses implicados en el conflicto\u00bb.<\/p>\n<p>\u00abAgradecemos&nbsp;a todos los que intentan contribuir a un acuerdo. \u00bfHay alguna posibilidad? En mi opini\u00f3n, s\u00ed, la hay\u00bb, zanj\u00f3 el l\u00edder del <a href=\"https:\/\/www.france24.com\/es\/tag\/kremlin\/\" target=\"_self\" class=\"gtm-add-suggested-tag\">Kremlin<\/a>, tras develar que los contactos con Kiev \u00abse mantienen de forma continua, principalmente a trav\u00e9s de canales de inteligencia\u00bb.<\/p>\n<div class=\"m-em-image\">\n<figure class=\"m-item-image m-item-image--original m-item-image--has-caption\"> <picture class=\"a-picture a-picture--original\"><source type=\"image\/webp\" srcset=\"https:\/\/s.france24.com\/media\/display\/79086f3e-a79f-11f1-b010-005056a97e36\/w:246\/2026-09-03T104659Z-938707492-RC2JBNANQY64-RTRMADP-3-RUSSIA-FORUM-PUTIN.webp 246w, https:\/\/s.france24.com\/media\/display\/79086f3e-a79f-11f1-b010-005056a97e36\/w:388\/2026-09-03T104659Z-938707492-RC2JBNANQY64-RTRMADP-3-RUSSIA-FORUM-PUTIN.webp 388w, https:\/\/s.france24.com\/media\/display\/79086f3e-a79f-11f1-b010-005056a97e36\/w:720\/2026-09-03T104659Z-938707492-RC2JBNANQY64-RTRMADP-3-RUSSIA-FORUM-PUTIN.webp 720w, https:\/\/s.france24.com\/media\/display\/79086f3e-a79f-11f1-b010-005056a97e36\/w:980\/2026-09-03T104659Z-938707492-RC2JBNANQY64-RTRMADP-3-RUSSIA-FORUM-PUTIN.webp 980w\" sizes=\"(max-width: 1023px) calc(100vw - 32px), (min-width: 1024px) 850px\"><img fetchpriority=\"low\" decoding=\"async\" src=\"https:\/\/s.france24.com\/media\/display\/79086f3e-a79f-11f1-b010-005056a97e36\/w:980\/2026-09-03T104659Z-938707492-RC2JBNANQY64-RTRMADP-3-RUSSIA-FORUM-PUTIN.jpg\" srcset=\"https:\/\/s.france24.com\/media\/display\/79086f3e-a79f-11f1-b010-005056a97e36\/w:246\/2026-09-03T104659Z-938707492-RC2JBNANQY64-RTRMADP-3-RUSSIA-FORUM-PUTIN.jpg 246w, https:\/\/s.france24.com\/media\/display\/79086f3e-a79f-11f1-b010-005056a97e36\/w:388\/2026-09-03T104659Z-938707492-RC2JBNANQY64-RTRMADP-3-RUSSIA-FORUM-PUTIN.jpg 388w, https:\/\/s.france24.com\/media\/display\/79086f3e-a79f-11f1-b010-005056a97e36\/w:720\/2026-09-03T104659Z-938707492-RC2JBNANQY64-RTRMADP-3-RUSSIA-FORUM-PUTIN.jpg 720w, https:\/\/s.france24.com\/media\/display\/79086f3e-a79f-11f1-b010-005056a97e36\/w:980\/2026-09-03T104659Z-938707492-RC2JBNANQY64-RTRMADP-3-RUSSIA-FORUM-PUTIN.jpg 980w\" sizes=\"(max-width: 1023px) calc(100vw - 32px), (min-width: 1024px) 850px\" alt=\"El presidente ruso, Vladimir Putin, asiste a una sesi\u00f3n plenaria del Foro Econ\u00f3mico Oriental en Vladivostok, Rusia, el 3 de septiembre de 2026.\" loading=\"lazy\" class=\"a-img \">\n<\/picture><figcaption class=\"a-figcaption\"> El presidente ruso, Vladimir Putin, asiste a una sesi\u00f3n plenaria del Foro Econ\u00f3mico Oriental en Vladivostok, Rusia, el 3 de septiembre de 2026. via REUTERS &#8211; Vyacheslav Viktorov <\/figcaption><\/figure>\n<\/p><\/div>\n<p>Desde <a href=\"https:\/\/www.france24.com\/es\/tag\/kiev\/\" target=\"_self\" class=\"gtm-add-suggested-tag\">Kiev<\/a>, el ministro de Asuntos Exteriores ucraniano, <strong>Andrii Sybiha,<\/strong> se mostr\u00f3 confiado ante la prensa de que ahora habr\u00e1 \u00abuna nueva din\u00e1mica en los esfuerzos de paz, con el regreso de esta fase activa de compromiso pol\u00edtico y diplom\u00e1tico en muchas capitales de todo el mundo\u00bb.<\/p>\n<p>Aunque no dio m\u00e1s detalles, desliz\u00f3 a los periodistas que \u00absiguieran las noticias\u00bb.<\/p>\n<p><strong>El \u00faltimo encuentro entre las delegaciones de Kiev y <a href=\"https:\/\/www.france24.com\/es\/tag\/mosc\u00fa\/\" target=\"_self\" class=\"gtm-add-suggested-tag\">Mosc\u00fa<\/a> se produjo en febrero de 2026<\/strong> con la <a href=\"https:\/\/www.france24.com\/es\/tag\/mediaci\u00f3n\/\" target=\"_self\" class=\"gtm-add-suggested-tag\">mediaci\u00f3n<\/a> de Estados Unidos. Desde entonces,&nbsp;ambos ej\u00e9rcitos han intensificado los ataques a\u00e9reos de largo alcance en territorio enemigo, mientras <strong>los esfuerzos de interlocuci\u00f3n de Washington han pasado a un segundo plano debido a la guerra laznada por EE. UU. e Israel contra&nbsp;<a href=\"https:\/\/www.france24.com\/es\/tag\/ir\u00e1n\/\" target=\"_self\" class=\"gtm-add-suggested-tag\">Ir\u00e1n<\/a>&nbsp;hace m\u00e1s de seis meses.<\/strong><\/p>\n<p>Las hostilidades en el mar se han recrudecido dr\u00e1sticamente con ataques de ambos bandos contra puertos y buques mercantes, lo que ha provocado un alza en los precios mundiales de los cereales.<\/p>\n<p>Durante la madrugada de este jueves,&nbsp;una persona muri\u00f3 y cuatro resultaron heridas en un <a href=\"https:\/\/www.france24.com\/es\/tag\/ataque\/\" target=\"_self\" class=\"gtm-add-suggested-tag\">ataque<\/a> con drones contra un autob\u00fas de pasajeros en la regi\u00f3n rusa de&nbsp;<a href=\"https:\/\/www.france24.com\/es\/tag\/belgorod\/\" target=\"_self\" class=\"gtm-add-suggested-tag\">Belgorod<\/a>, seg\u00fan informaron las autoridades locales.<\/p>\n<p>Entretanto, un ataque ruso en <a href=\"https:\/\/www.france24.com\/es\/tag\/odessa\/\" target=\"_self\" class=\"gtm-add-suggested-tag\">Odessa<\/a> caus\u00f3 al menos 17 heridos, entre ellos tres ni\u00f1os, denunci\u00f3 este jueves el jefe de la Administraci\u00f3n Militar de la ciudad, <strong>Sergu\u00ed Lisak. <\/strong>Adem\u00e1s,&nbsp;resultaron da\u00f1ados varios apartamentos situados entre las plantas 10 y 17 de un edificio residencial de 21 plantas, as\u00ed como varios veh\u00edculos.<\/p>\n<h2><strong>El Kremlin ordena el cierre del&nbsp;Instituto Goethe<\/strong><\/h2>\n<p>Rusia clausurar\u00e1 las sedes del Instituto Goethe en Mosc\u00fa, San Petersburgo y Ekaterimburgo, seg\u00fan&nbsp;revel\u00f3 este 3 de septiembre el ministro de Asuntos Exteriores, <strong><a href=\"https:\/\/www.france24.com\/es\/tag\/sergu\u00e9i-lavrov\/\" target=\"_self\" class=\"gtm-add-suggested-tag\">Sergu\u00e9i Lavrov<\/a><\/strong>, un d\u00eda despu\u00e9s de que <a href=\"https:\/\/www.france24.com\/es\/tag\/alemania\/\" target=\"_self\" class=\"gtm-add-suggested-tag\">Alemania<\/a> anunciara el cierre del consulado ruso en Bonn y del centro cultural Casa de Rusia en la capital alemana.<\/p>\n<p>Lavrov justific\u00f3 la medida al afirmar que Alemania \u00abno pod\u00eda dejar de comprender\u00bb que el cierre de la Casa de Rusia en su territorio \u00absignificar\u00eda el fin de su presencia cultural en Rusia\u00bb, mientras que el&nbsp;ministro alem\u00e1n de Exteriores, <strong>Johann Wadephul, <\/strong>lament\u00f3 la decisi\u00f3n del Kremlin.<\/p>\n<p>Los roces entre ambos pa\u00edses provocados por&nbsp;la invasi\u00f3n rusa en Ucrania escalaron <a href=\"https:\/\/www.france24.com\/es\/video\/20260901-alemania-acusa-a-rusia-de-ataque-h\u00edbrido-y-cierra-consulado-ruso-en-bonn\" target=\"_self\">el martes 1 de septiembre despu\u00e9s de que&nbsp;Berl\u00edn culpara a Mosc\u00fa<\/a> de un intento de atentado&nbsp;en el aeropuerto de Leipzig, donde el 4 de agosto fue hallado un dron con explosivos cerca de un <a href=\"https:\/\/www.france24.com\/es\/tag\/avi\u00f3n\/\" target=\"_self\" class=\"gtm-add-suggested-tag\">avi\u00f3n<\/a> ucraniano.<\/p>\n<p>Putin desestim\u00f3 las acusaciones y afirm\u00f3 que cualquier prueba que se presente \u00abha sido manipulada\u00bb.<\/p>\n<p class=\"a-read-more\"><span class=\"a-read-more__label\">Leer tambi\u00e9n<\/span><a href=\"https:\/\/www.france24.com\/es\/europa\/20260902-dron-ruso-en-leipzig-la-compleja-respuesta-de-alemania-y-europa\" target=\"_self\" class=\"a-read-more__link\">Dron ruso en Leipzig: la compleja respuesta de Alemania y Europa<\/a><\/p>\n<p>Alemania insisti\u00f3 en que \u00abno est\u00e1 en guerra\u00bb, pero se hab\u00eda convertido en un \u00abobjetivo diario\u00bb de la campa\u00f1a h\u00edbrida del Kremlin.<\/p>\n<p>En paralelo, <strong>el Ejecutivo alem\u00e1n anunci\u00f3 este jueves que destinar\u00e1 unos 250 millones de euros suplementarios al Fondo de Apoyo Energ\u00e9tico de Ucrania<\/strong> con el objetivo de contribuir a las reparaciones de la infraestructura el\u00e9ctrica golpeada por los bombardeos rusos.<\/p>\n<div class=\"m-em-image\">\n<figure class=\"m-item-image m-item-image--original m-item-image--has-caption\"> <picture class=\"a-picture a-picture--original\"><source type=\"image\/webp\" srcset=\"https:\/\/s.france24.com\/media\/display\/08ca652a-a776-11f1-9398-005056a97e36\/w:246\/a123e8792f61132f2c00285b609e91ae83528be6.webp 246w, https:\/\/s.france24.com\/media\/display\/08ca652a-a776-11f1-9398-005056a97e36\/w:388\/a123e8792f61132f2c00285b609e91ae83528be6.webp 388w, https:\/\/s.france24.com\/media\/display\/08ca652a-a776-11f1-9398-005056a97e36\/w:720\/a123e8792f61132f2c00285b609e91ae83528be6.webp 720w, https:\/\/s.france24.com\/media\/display\/08ca652a-a776-11f1-9398-005056a97e36\/w:980\/a123e8792f61132f2c00285b609e91ae83528be6.webp 980w\" sizes=\"(max-width: 1023px) calc(100vw - 32px), (min-width: 1024px) 850px\"><img fetchpriority=\"low\" decoding=\"async\" src=\"https:\/\/s.france24.com\/media\/display\/08ca652a-a776-11f1-9398-005056a97e36\/w:980\/a123e8792f61132f2c00285b609e91ae83528be6.jpg\" srcset=\"https:\/\/s.france24.com\/media\/display\/08ca652a-a776-11f1-9398-005056a97e36\/w:246\/a123e8792f61132f2c00285b609e91ae83528be6.jpg 246w, https:\/\/s.france24.com\/media\/display\/08ca652a-a776-11f1-9398-005056a97e36\/w:388\/a123e8792f61132f2c00285b609e91ae83528be6.jpg 388w, https:\/\/s.france24.com\/media\/display\/08ca652a-a776-11f1-9398-005056a97e36\/w:720\/a123e8792f61132f2c00285b609e91ae83528be6.jpg 720w, https:\/\/s.france24.com\/media\/display\/08ca652a-a776-11f1-9398-005056a97e36\/w:980\/a123e8792f61132f2c00285b609e91ae83528be6.jpg 980w\" sizes=\"(max-width: 1023px) calc(100vw - 32px), (min-width: 1024px) 850px\" alt=\"El Instituto Goethe es una organizaci\u00f3n cultural que promueve el estudio del idioma alem\u00e1n.\" loading=\"lazy\" class=\"a-img \">\n<\/picture><figcaption class=\"a-figcaption\"> El Instituto Goethe es una organizaci\u00f3n cultural que promueve el estudio del idioma alem\u00e1n. \u00a9 Igor Ivanko \/ AFP <\/figcaption><\/figure>\n<\/p><\/div>\n<p>Los ministros de la <a href=\"https:\/\/www.france24.com\/es\/tag\/uni\u00f3n-europea\/\" target=\"_self\" class=\"gtm-add-suggested-tag\">Uni\u00f3n Europea<\/a> evaluaron el mi\u00e9rcoles la mejor manera de responder al intento de agresi\u00f3n rusa en Leipzig. <a href=\"https:\/\/www.france24.com\/es\/tag\/bruselas\/\" target=\"_self\" class=\"gtm-add-suggested-tag\">Bruselas<\/a> ha impuesto m\u00e1s de una veintena de sanciones contra Mosc\u00fa, que han afectado&nbsp;a m\u00e1s de 3.000 funcionarios, oligarcas y entidades, incluidos bancos, empresas energ\u00e9ticas y fabricantes de drones.<\/p>\n<p>Tras la reuni\u00f3n, algunos gobiernos occidentales se unieron a Alemania en la condena a Rusia por el supuesto env\u00edo de los explosivos. El gobierno brit\u00e1nico convoc\u00f3 el jueves al m\u00e1ximo diplom\u00e1tico ruso en <a href=\"https:\/\/www.france24.com\/es\/tag\/londres\/\" target=\"_self\" class=\"gtm-add-suggested-tag\">Londres<\/a> para protestar por lo que calific\u00f3 de \u00abataque atroz e imprudente\u00bb del Kremlin, que enmarc\u00f3 dentro de \u00abuna serie de intentos por parte de Rusia\u00bb para socavar la seguridad europea.<\/p>\n<p>La embajada rusa en Londres declar\u00f3 que la citaci\u00f3n de Gran Breta\u00f1a formaba parte de una \u00abprovocaci\u00f3n coordinada\u00bb. \u00abEstas acusaciones infundadas y absurdas, formuladas con un estilo brit\u00e1nico sorprendentemente familiar\u00bb, se\u00f1al\u00f3 la embajada en <a href=\"https:\/\/www.france24.com\/es\/tag\/telegram\/\" target=\"_self\" class=\"gtm-add-suggested-tag\">Telegram<\/a>, donde advirti\u00f3 de una \u00abrespuesta adecuada y mesurada\u00bb.<\/p>\n<p>El Gobierno de Polonia tambi\u00e9n convoc\u00f3 el jueves al embajador ruso, seg\u00fan inform\u00f3 el portavoz del Ministerio de Relaciones Exteriores, Maciej Wewior, a la agencia de noticias PAP, un d\u00eda despu\u00e9s de que <a href=\"https:\/\/www.france24.com\/es\/tag\/varsovia\/\" target=\"_self\" class=\"gtm-add-suggested-tag\">Varsovia<\/a> emitiera un comunicado&nbsp;para expresar solidaridad con Alemania.<\/p>\n<p>Minutos despu\u00e9s de este anuncio, la Fuerza A\u00e9rea polaca intercept\u00f3 una aeronave de reconocimiento rusa Il-20 sobre el espacio a\u00e9reo internacional del mar B\u00e1ltico, en un episodio que Varsovia considera una provocaci\u00f3n del Kremlin para probar los sistemas de respuesta de los aliados occidentales.&nbsp;<\/p>\n<h2><strong>Noruega incauta un buque ruso en el \u00c1rtico<\/strong><\/h2>\n<p>Las autoridades noruegas incautaron el mi\u00e9rcoles el buque ruso Professor Molchanov en el archipi\u00e9lago \u00e1rtico de Svalbard a petici\u00f3n de la naviera ucraniana Naftogaz, como parte de un esfuerzo global para hacer cumplir un litigio de 4.220 millones de <a href=\"https:\/\/www.france24.com\/es\/tag\/d\u00f3lares\/\" target=\"_self\" class=\"gtm-add-suggested-tag\">d\u00f3lares<\/a>.<\/p>\n<p>El embajador de Rusia en <a href=\"https:\/\/www.france24.com\/es\/tag\/noruega\/\" target=\"_self\" class=\"gtm-add-suggested-tag\">Noruega<\/a>,&nbsp;Nikolai Korchunov, declar\u00f3 que Mosc\u00fa gestionar\u00eda la liberaci\u00f3n del buque por la v\u00eda legal, lo que implica interponer una apelaci\u00f3n a la decisi\u00f3n del tribunal noruego que autoriz\u00f3 la incautaci\u00f3n del <a href=\"https:\/\/www.france24.com\/es\/tag\/barco\/\" target=\"_self\" class=\"gtm-add-suggested-tag\">barco<\/a>. \u00abInsistimos en la liberaci\u00f3n inmediata de la embarcaci\u00f3n y en garantizar la seguridad de sus pasajeros y tripulaci\u00f3n\u00bb, a\u00f1adi\u00f3.<\/p>\n<p>La oficina del gobernador de Svalbard apunt\u00f3 que la administraci\u00f3n regional \u00abse har\u00e1 cargo de la tripulaci\u00f3n y los pasajeros a bordo del buque en colaboraci\u00f3n con Trust Arktikugol\u00bb,&nbsp;la empresa rusa que gestiona los activos de Mosc\u00fa en el archipi\u00e9lago.<\/p>\n<div class=\"m-em-image\">\n<figure class=\"m-item-image m-item-image--original m-item-image--has-caption\"> <picture class=\"a-picture a-picture--original\"><source type=\"image\/webp\" srcset=\"https:\/\/s.france24.com\/media\/display\/b1ee5b0e-a779-11f1-a62b-005056bf30b7\/w:246\/AP26246257525164.webp 246w, https:\/\/s.france24.com\/media\/display\/b1ee5b0e-a779-11f1-a62b-005056bf30b7\/w:388\/AP26246257525164.webp 388w, https:\/\/s.france24.com\/media\/display\/b1ee5b0e-a779-11f1-a62b-005056bf30b7\/w:720\/AP26246257525164.webp 720w, https:\/\/s.france24.com\/media\/display\/b1ee5b0e-a779-11f1-a62b-005056bf30b7\/w:980\/AP26246257525164.webp 980w\" sizes=\"(max-width: 1023px) calc(100vw - 32px), (min-width: 1024px) 850px\"><img fetchpriority=\"low\" decoding=\"async\" src=\"https:\/\/s.france24.com\/media\/display\/b1ee5b0e-a779-11f1-a62b-005056bf30b7\/w:980\/AP26246257525164.jpg\" srcset=\"https:\/\/s.france24.com\/media\/display\/b1ee5b0e-a779-11f1-a62b-005056bf30b7\/w:246\/AP26246257525164.jpg 246w, https:\/\/s.france24.com\/media\/display\/b1ee5b0e-a779-11f1-a62b-005056bf30b7\/w:388\/AP26246257525164.jpg 388w, https:\/\/s.france24.com\/media\/display\/b1ee5b0e-a779-11f1-a62b-005056bf30b7\/w:720\/AP26246257525164.jpg 720w, https:\/\/s.france24.com\/media\/display\/b1ee5b0e-a779-11f1-a62b-005056bf30b7\/w:980\/AP26246257525164.jpg 980w\" sizes=\"(max-width: 1023px) calc(100vw - 32px), (min-width: 1024px) 850px\" alt=\"Norway's and NATO's flags are seen during a military exercise on May 16, 2025\" loading=\"lazy\" class=\"a-img \">\n<\/picture><figcaption class=\"a-figcaption\"> Las banderas de Noruega y de la OTAN ondean durante un ejercicio militar el 16 de mayo de 2025. \u00a9 Mindaugas Kulbis \/ AP <\/figcaption><\/figure>\n<\/p><\/div>\n<p>El barco lleg\u00f3 el martes a Barentsburg, un asentamiento minero de carb\u00f3n operado por Rusia en Spitsbergen, la isla m\u00e1s grande del archipi\u00e9lago, donde desembarc\u00f3 un grupo de cient\u00edficos rusos a bordo, seg\u00fan un periodista que los acompa\u00f1aba.<\/p>\n<p>En abril de 2023, un tribunal de La Haya orden\u00f3 a Rusia pagar a Naftogaz 4.220 millones de d\u00f3lares, m\u00e1s intereses y costas judiciales, tras la incautaci\u00f3n de activos de esa empresa en la pen\u00ednsula de <a href=\"https:\/\/www.france24.com\/es\/tag\/crimea\/\" target=\"_self\" class=\"gtm-add-suggested-tag\">Crimea<\/a>, anexionada ilegalmente por Rusia en 2014.<\/p>\n<p>\u00abSeguiremos persiguiendo los activos rusos en todo el mundo hasta que se pague la indemnizaci\u00f3n otorgada a Naftogaz y a otras empresas del Grupo Naftogaz\u00bb, declar\u00f3 la empresa ucraniana.<\/p>\n<p>Noruega afirm\u00f3 que el asunto era entre Naftogaz y Rusia y que no involucraba al gobierno de <a href=\"https:\/\/www.france24.com\/es\/tag\/oslo\/\" target=\"_self\" class=\"gtm-add-suggested-tag\">Oslo<\/a>. La Guardia Costera y las fuerzas armadas de Noruega no participaron en la&nbsp;incautaci\u00f3n del nav\u00edo, aclar\u00f3&nbsp;un portavoz de la Guardia Costera, desmintiendo un informe anterior de los abogados involucrados en el caso.<\/p>\n<p>Svalbard, territorio noruego desde 1925, se encuentra a medio camino entre el <a href=\"https:\/\/www.france24.com\/es\/tag\/polo-norte\/\" target=\"_self\" class=\"gtm-add-suggested-tag\">Polo Norte<\/a> y la <a href=\"https:\/\/www.france24.com\/es\/tag\/europa\/\" target=\"_self\" class=\"gtm-add-suggested-tag\">Europa<\/a> continental y se rige por un tratado de 1920 que tambi\u00e9n permite a los ciudadanos de los estados signatarios, incluida Rusia, establecerse all\u00ed sin visado.<\/p>\n<p>Naftogaz ya hab\u00eda obtenido \u00f3rdenes judiciales para confiscar dos propiedades de Trust Arktikugol en Svalbard, incluida una casa de hu\u00e9spedes de alquiler, pero Rusia ha planteado recursos legales.<\/p>\n<p>Con Reuters, EFE y AP<\/p>\n","protected":false},"excerpt":{"rendered":"<p>Las medidas anunciadas por Ucrania para obligar&#46;&#46;&#46;<\/p>\n","protected":false},"author":1,"featured_media":411564,"comment_status":"closed","ping_status":"closed","sticky":false,"template":"","format":"standard","meta":{"_jetpack_newsletter_access":"","_jetpack_dont_email_post_to_subs":false,"_jetpack_newsletter_tier_id":0,"_jetpack_memberships_contains_paywalled_content":false,"_jetpack_feature_clip_id":0,"_jetpack_memberships_contains_paid_content":false,"footnotes":"","jetpack_publicize_message":"","jetpack_publicize_feature_enabled":true,"jetpack_social_post_already_shared":true,"jetpack_social_options":{"image_generator_settings":{"template":"highway","default_image_id":0,"font":"","enabled":false},"version":2},"jetpack_post_was_ever_published":false},"categories":[43],"tags":[],"class_list":["post-411563","post","type-post","status-publish","format-standard","has-post-thumbnail","hentry","category-internacionales"],"yoast_head":"<!-- This site is optimized with the Yoast SEO plugin v28.1 - https:\/\/yoast.com\/product\/yoast-seo-wordpress\/ -->\n<title>Putin habla de una paz \u201cposible\u201d en la invasi\u00f3n rusa a Ucrania, pero lo condiciona al cese de \u201camenazas\u201d de Kiev - Sarmiento24h<\/title>\n<meta name=\"robots\" content=\"index, follow, max-snippet:-1, max-image-preview:large, max-video-preview:-1\" \/>\n<link rel=\"canonical\" href=\"https:\/\/sarmiento24h.com\/?p=411563\" \/>\n<meta property=\"og:locale\" content=\"es_ES\" \/>\n<meta property=\"og:type\" content=\"article\" \/>\n<meta property=\"og:title\" content=\"Putin habla de una paz \u201cposible\u201d en la invasi\u00f3n rusa a Ucrania, pero lo condiciona al cese de \u201camenazas\u201d de Kiev - Sarmiento24h\" \/>\n<meta property=\"og:description\" content=\"Las medidas anunciadas por Ucrania para obligar&#046;&#046;&#046;\" \/>\n<meta property=\"og:url\" content=\"https:\/\/sarmiento24h.com\/?p=411563\" \/>\n<meta property=\"og:site_name\" content=\"Sarmiento24h\" \/>\n<meta property=\"article:publisher\" content=\"https:\/\/facebook.com\/s24hnoticias\" \/>\n<meta property=\"article:published_time\" content=\"2026-09-03T15:36:47+00:00\" \/>\n<meta property=\"og:image\" content=\"https:\/\/s.france24.com\/media\/display\/79086f3e-a79f-11f1-b010-005056a97e36\/w:980\/2026-09-03T104659Z-938707492-RC2JBNANQY64-RTRMADP-3-RUSSIA-FORUM-PUTIN.jpg\" \/>\n<meta name=\"author\" content=\"sarmiento24h@gmail.com\" \/>\n<meta name=\"twitter:card\" content=\"summary_large_image\" \/>\n<meta name=\"twitter:creator\" content=\"@sarmiento24h\" \/>\n<meta name=\"twitter:site\" content=\"@sarmiento24h\" \/>\n<meta name=\"twitter:label1\" content=\"Escrito por\" \/>\n\t<meta name=\"twitter:data1\" content=\"sarmiento24h@gmail.com\" \/>\n\t<meta name=\"twitter:label2\" content=\"Tiempo de lectura\" \/>\n\t<meta name=\"twitter:data2\" content=\"8 minutos\" \/>\n<script type=\"application\/ld+json\" class=\"yoast-schema-graph\">{\"@context\":\"https:\\\/\\\/schema.org\",\"@graph\":[{\"@type\":\"Article\",\"@id\":\"https:\\\/\\\/sarmiento24h.com\\\/?p=411563#article\",\"isPartOf\":{\"@id\":\"https:\\\/\\\/sarmiento24h.com\\\/?p=411563\"},\"author\":{\"name\":\"sarmiento24h@gmail.com\",\"@id\":\"https:\\\/\\\/sarmiento24h.com\\\/#\\\/schema\\\/person\\\/d653a59725ad629a7e0429af7b939d4d\"},\"headline\":\"Putin habla de una paz \u201cposible\u201d en la invasi\u00f3n rusa a Ucrania, pero lo condiciona al cese de \u201camenazas\u201d de Kiev\",\"datePublished\":\"2026-09-03T15:36:47+00:00\",\"mainEntityOfPage\":{\"@id\":\"https:\\\/\\\/sarmiento24h.com\\\/?p=411563\"},\"wordCount\":1714,\"publisher\":{\"@id\":\"https:\\\/\\\/sarmiento24h.com\\\/#organization\"},\"image\":{\"@id\":\"https:\\\/\\\/sarmiento24h.com\\\/?p=411563#primaryimage\"},\"thumbnailUrl\":\"https:\\\/\\\/sarmiento24h.com\\\/wp-content\\\/uploads\\\/2026\\\/09\\\/putin-habla-de-una-paz-posible-en-la-invasion-rusa-a-ucrania-pero-lo-condiciona-al-cese-de-amenazas-de-kiev.jpg\",\"articleSection\":[\"Internacionales\"],\"inLanguage\":\"es\"},{\"@type\":\"WebPage\",\"@id\":\"https:\\\/\\\/sarmiento24h.com\\\/?p=411563\",\"url\":\"https:\\\/\\\/sarmiento24h.com\\\/?p=411563\",\"name\":\"Putin habla de una paz \u201cposible\u201d en la invasi\u00f3n rusa a Ucrania, pero lo condiciona al cese de \u201camenazas\u201d de Kiev - Sarmiento24h\",\"isPartOf\":{\"@id\":\"https:\\\/\\\/sarmiento24h.com\\\/#website\"},\"primaryImageOfPage\":{\"@id\":\"https:\\\/\\\/sarmiento24h.com\\\/?p=411563#primaryimage\"},\"image\":{\"@id\":\"https:\\\/\\\/sarmiento24h.com\\\/?p=411563#primaryimage\"},\"thumbnailUrl\":\"https:\\\/\\\/sarmiento24h.com\\\/wp-content\\\/uploads\\\/2026\\\/09\\\/putin-habla-de-una-paz-posible-en-la-invasion-rusa-a-ucrania-pero-lo-condiciona-al-cese-de-amenazas-de-kiev.jpg\",\"datePublished\":\"2026-09-03T15:36:47+00:00\",\"breadcrumb\":{\"@id\":\"https:\\\/\\\/sarmiento24h.com\\\/?p=411563#breadcrumb\"},\"inLanguage\":\"es\",\"potentialAction\":[{\"@type\":\"ReadAction\",\"target\":[\"https:\\\/\\\/sarmiento24h.com\\\/?p=411563\"]}]},{\"@type\":\"ImageObject\",\"inLanguage\":\"es\",\"@id\":\"https:\\\/\\\/sarmiento24h.com\\\/?p=411563#primaryimage\",\"url\":\"https:\\\/\\\/sarmiento24h.com\\\/wp-content\\\/uploads\\\/2026\\\/09\\\/putin-habla-de-una-paz-posible-en-la-invasion-rusa-a-ucrania-pero-lo-condiciona-al-cese-de-amenazas-de-kiev.jpg\",\"contentUrl\":\"https:\\\/\\\/sarmiento24h.com\\\/wp-content\\\/uploads\\\/2026\\\/09\\\/putin-habla-de-una-paz-posible-en-la-invasion-rusa-a-ucrania-pero-lo-condiciona-al-cese-de-amenazas-de-kiev.jpg\",\"width\":980,\"height\":653},{\"@type\":\"BreadcrumbList\",\"@id\":\"https:\\\/\\\/sarmiento24h.com\\\/?p=411563#breadcrumb\",\"itemListElement\":[{\"@type\":\"ListItem\",\"position\":1,\"name\":\"Home\",\"item\":\"https:\\\/\\\/sarmiento24h.com\\\/\"},{\"@type\":\"ListItem\",\"position\":2,\"name\":\"Putin habla de una paz \u201cposible\u201d en la invasi\u00f3n rusa a Ucrania, pero lo condiciona al cese de \u201camenazas\u201d de Kiev\"}]},{\"@type\":\"WebSite\",\"@id\":\"https:\\\/\\\/sarmiento24h.com\\\/#website\",\"url\":\"https:\\\/\\\/sarmiento24h.com\\\/\",\"name\":\"Sarmiento24h\",\"description\":\"\",\"publisher\":{\"@id\":\"https:\\\/\\\/sarmiento24h.com\\\/#organization\"},\"potentialAction\":[{\"@type\":\"SearchAction\",\"target\":{\"@type\":\"EntryPoint\",\"urlTemplate\":\"https:\\\/\\\/sarmiento24h.com\\\/?s={search_term_string}\"},\"query-input\":{\"@type\":\"PropertyValueSpecification\",\"valueRequired\":true,\"valueName\":\"search_term_string\"}}],\"inLanguage\":\"es\"},{\"@type\":\"Organization\",\"@id\":\"https:\\\/\\\/sarmiento24h.com\\\/#organization\",\"name\":\"Sarmiento24h\",\"url\":\"https:\\\/\\\/sarmiento24h.com\\\/\",\"logo\":{\"@type\":\"ImageObject\",\"inLanguage\":\"es\",\"@id\":\"https:\\\/\\\/sarmiento24h.com\\\/#\\\/schema\\\/logo\\\/image\\\/\",\"url\":\"https:\\\/\\\/sarmiento24h.com\\\/wp-content\\\/uploads\\\/2025\\\/12\\\/AddText_12-16-10.30.52.jpg\",\"contentUrl\":\"https:\\\/\\\/sarmiento24h.com\\\/wp-content\\\/uploads\\\/2025\\\/12\\\/AddText_12-16-10.30.52.jpg\",\"width\":1220,\"height\":324,\"caption\":\"Sarmiento24h\"},\"image\":{\"@id\":\"https:\\\/\\\/sarmiento24h.com\\\/#\\\/schema\\\/logo\\\/image\\\/\"},\"sameAs\":[\"https:\\\/\\\/facebook.com\\\/s24hnoticias\",\"https:\\\/\\\/x.com\\\/sarmiento24h\"]},{\"@type\":\"Person\",\"@id\":\"https:\\\/\\\/sarmiento24h.com\\\/#\\\/schema\\\/person\\\/d653a59725ad629a7e0429af7b939d4d\",\"name\":\"sarmiento24h@gmail.com\",\"image\":{\"@type\":\"ImageObject\",\"inLanguage\":\"es\",\"@id\":\"https:\\\/\\\/sarmiento24h.com\\\/wp-content\\\/litespeed\\\/avatar\\\/d02cbc4e23c747e6659cd45907173c8f.jpg?ver=1788047690\",\"url\":\"https:\\\/\\\/sarmiento24h.com\\\/wp-content\\\/litespeed\\\/avatar\\\/d02cbc4e23c747e6659cd45907173c8f.jpg?ver=1788047690\",\"contentUrl\":\"https:\\\/\\\/sarmiento24h.com\\\/wp-content\\\/litespeed\\\/avatar\\\/d02cbc4e23c747e6659cd45907173c8f.jpg?ver=1788047690\",\"caption\":\"sarmiento24h@gmail.com\"},\"sameAs\":[\"https:\\\/\\\/sarmiento24h.com\"],\"url\":\"https:\\\/\\\/sarmiento24h.com\\\/?author=1\"}]}<\/script>\n<!-- \/ Yoast SEO plugin. -->","yoast_head_json":{"title":"Putin habla de una paz \u201cposible\u201d en la invasi\u00f3n rusa a Ucrania, pero lo condiciona al cese de \u201camenazas\u201d de Kiev - Sarmiento24h","robots":{"index":"index","follow":"follow","max-snippet":"max-snippet:-1","max-image-preview":"max-image-preview:large","max-video-preview":"max-video-preview:-1"},"canonical":"https:\/\/sarmiento24h.com\/?p=411563","og_locale":"es_ES","og_type":"article","og_title":"Putin habla de una paz \u201cposible\u201d en la invasi\u00f3n rusa a Ucrania, pero lo condiciona al cese de \u201camenazas\u201d de Kiev - Sarmiento24h","og_description":"Las medidas anunciadas por Ucrania para obligar&#46;&#46;&#46;","og_url":"https:\/\/sarmiento24h.com\/?p=411563","og_site_name":"Sarmiento24h","article_publisher":"https:\/\/facebook.com\/s24hnoticias","article_published_time":"2026-09-03T15:36:47+00:00","og_image":[{"url":"https:\/\/s.france24.com\/media\/display\/79086f3e-a79f-11f1-b010-005056a97e36\/w:980\/2026-09-03T104659Z-938707492-RC2JBNANQY64-RTRMADP-3-RUSSIA-FORUM-PUTIN.jpg","type":"","width":"","height":""}],"author":"sarmiento24h@gmail.com","twitter_card":"summary_large_image","twitter_creator":"@sarmiento24h","twitter_site":"@sarmiento24h","twitter_misc":{"Escrito por":"sarmiento24h@gmail.com","Tiempo de lectura":"8 minutos"},"schema":{"@context":"https:\/\/schema.org","@graph":[{"@type":"Article","@id":"https:\/\/sarmiento24h.com\/?p=411563#article","isPartOf":{"@id":"https:\/\/sarmiento24h.com\/?p=411563"},"author":{"name":"sarmiento24h@gmail.com","@id":"https:\/\/sarmiento24h.com\/#\/schema\/person\/d653a59725ad629a7e0429af7b939d4d"},"headline":"Putin habla de una paz \u201cposible\u201d en la invasi\u00f3n rusa a Ucrania, pero lo condiciona al cese de \u201camenazas\u201d de Kiev","datePublished":"2026-09-03T15:36:47+00:00","mainEntityOfPage":{"@id":"https:\/\/sarmiento24h.com\/?p=411563"},"wordCount":1714,"publisher":{"@id":"https:\/\/sarmiento24h.com\/#organization"},"image":{"@id":"https:\/\/sarmiento24h.com\/?p=411563#primaryimage"},"thumbnailUrl":"https:\/\/sarmiento24h.com\/wp-content\/uploads\/2026\/09\/putin-habla-de-una-paz-posible-en-la-invasion-rusa-a-ucrania-pero-lo-condiciona-al-cese-de-amenazas-de-kiev.jpg","articleSection":["Internacionales"],"inLanguage":"es"},{"@type":"WebPage","@id":"https:\/\/sarmiento24h.com\/?p=411563","url":"https:\/\/sarmiento24h.com\/?p=411563","name":"Putin habla de una paz \u201cposible\u201d en la invasi\u00f3n rusa a Ucrania, pero lo condiciona al cese de \u201camenazas\u201d de Kiev - Sarmiento24h","isPartOf":{"@id":"https:\/\/sarmiento24h.com\/#website"},"primaryImageOfPage":{"@id":"https:\/\/sarmiento24h.com\/?p=411563#primaryimage"},"image":{"@id":"https:\/\/sarmiento24h.com\/?p=411563#primaryimage"},"thumbnailUrl":"https:\/\/sarmiento24h.com\/wp-content\/uploads\/2026\/09\/putin-habla-de-una-paz-posible-en-la-invasion-rusa-a-ucrania-pero-lo-condiciona-al-cese-de-amenazas-de-kiev.jpg","datePublished":"2026-09-03T15:36:47+00:00","breadcrumb":{"@id":"https:\/\/sarmiento24h.com\/?p=411563#breadcrumb"},"inLanguage":"es","potentialAction":[{"@type":"ReadAction","target":["https:\/\/sarmiento24h.com\/?p=411563"]}]},{"@type":"ImageObject","inLanguage":"es","@id":"https:\/\/sarmiento24h.com\/?p=411563#primaryimage","url":"https:\/\/sarmiento24h.com\/wp-content\/uploads\/2026\/09\/putin-habla-de-una-paz-posible-en-la-invasion-rusa-a-ucrania-pero-lo-condiciona-al-cese-de-amenazas-de-kiev.jpg","contentUrl":"https:\/\/sarmiento24h.com\/wp-content\/uploads\/2026\/09\/putin-habla-de-una-paz-posible-en-la-invasion-rusa-a-ucrania-pero-lo-condiciona-al-cese-de-amenazas-de-kiev.jpg","width":980,"height":653},{"@type":"BreadcrumbList","@id":"https:\/\/sarmiento24h.com\/?p=411563#breadcrumb","itemListElement":[{"@type":"ListItem","position":1,"name":"Home","item":"https:\/\/sarmiento24h.com\/"},{"@type":"ListItem","position":2,"name":"Putin habla de una paz \u201cposible\u201d en la invasi\u00f3n rusa a Ucrania, pero lo condiciona al cese de \u201camenazas\u201d de Kiev"}]},{"@type":"WebSite","@id":"https:\/\/sarmiento24h.com\/#website","url":"https:\/\/sarmiento24h.com\/","name":"Sarmiento24h","description":"","publisher":{"@id":"https:\/\/sarmiento24h.com\/#organization"},"potentialAction":[{"@type":"SearchAction","target":{"@type":"EntryPoint","urlTemplate":"https:\/\/sarmiento24h.com\/?s={search_term_string}"},"query-input":{"@type":"PropertyValueSpecification","valueRequired":true,"valueName":"search_term_string"}}],"inLanguage":"es"},{"@type":"Organization","@id":"https:\/\/sarmiento24h.com\/#organization","name":"Sarmiento24h","url":"https:\/\/sarmiento24h.com\/","logo":{"@type":"ImageObject","inLanguage":"es","@id":"https:\/\/sarmiento24h.com\/#\/schema\/logo\/image\/","url":"https:\/\/sarmiento24h.com\/wp-content\/uploads\/2025\/12\/AddText_12-16-10.30.52.jpg","contentUrl":"https:\/\/sarmiento24h.com\/wp-content\/uploads\/2025\/12\/AddText_12-16-10.30.52.jpg","width":1220,"height":324,"caption":"Sarmiento24h"},"image":{"@id":"https:\/\/sarmiento24h.com\/#\/schema\/logo\/image\/"},"sameAs":["https:\/\/facebook.com\/s24hnoticias","https:\/\/x.com\/sarmiento24h"]},{"@type":"Person","@id":"https:\/\/sarmiento24h.com\/#\/schema\/person\/d653a59725ad629a7e0429af7b939d4d","name":"sarmiento24h@gmail.com","image":{"@type":"ImageObject","inLanguage":"es","@id":"https:\/\/sarmiento24h.com\/wp-content\/litespeed\/avatar\/d02cbc4e23c747e6659cd45907173c8f.jpg?ver=1788047690","url":"https:\/\/sarmiento24h.com\/wp-content\/litespeed\/avatar\/d02cbc4e23c747e6659cd45907173c8f.jpg?ver=1788047690","contentUrl":"https:\/\/sarmiento24h.com\/wp-content\/litespeed\/avatar\/d02cbc4e23c747e6659cd45907173c8f.jpg?ver=1788047690","caption":"sarmiento24h@gmail.com"},"sameAs":["https:\/\/sarmiento24h.com"],"url":"https:\/\/sarmiento24h.com\/?author=1"}]}},"jetpack_publicize_connections":[],"jetpack_featured_media_url":"https:\/\/sarmiento24h.com\/wp-content\/uploads\/2026\/09\/putin-habla-de-una-paz-posible-en-la-invasion-rusa-a-ucrania-pero-lo-condiciona-al-cese-de-amenazas-de-kiev.jpg","jetpack_sharing_enabled":true,"_links":{"self":[{"href":"https:\/\/sarmiento24h.com\/index.php?rest_route=\/wp\/v2\/posts\/411563","targetHints":{"allow":["GET"]}}],"collection":[{"href":"https:\/\/sarmiento24h.com\/index.php?rest_route=\/wp\/v2\/posts"}],"about":[{"href":"https:\/\/sarmiento24h.com\/index.php?rest_route=\/wp\/v2\/types\/post"}],"author":[{"embeddable":true,"href":"https:\/\/sarmiento24h.com\/index.php?rest_route=\/wp\/v2\/users\/1"}],"replies":[{"embeddable":true,"href":"https:\/\/sarmiento24h.com\/index.php?rest_route=%2Fwp%2Fv2%2Fcomments&post=411563"}],"version-history":[{"count":0,"href":"https:\/\/sarmiento24h.com\/index.php?rest_route=\/wp\/v2\/posts\/411563\/revisions"}],"wp:featuredmedia":[{"embeddable":true,"href":"https:\/\/sarmiento24h.com\/index.php?rest_route=\/wp\/v2\/media\/411564"}],"wp:attachment":[{"href":"https:\/\/sarmiento24h.com\/index.php?rest_route=%2Fwp%2Fv2%2Fmedia&parent=411563"}],"wp:term":[{"taxonomy":"category","embeddable":true,"href":"https:\/\/sarmiento24h.com\/index.php?rest_route=%2Fwp%2Fv2%2Fcategories&post=411563"},{"taxonomy":"post_tag","embeddable":true,"href":"https:\/\/sarmiento24h.com\/index.php?rest_route=%2Fwp%2Fv2%2Ftags&post=411563"}],"curies":[{"name":"wp","href":"https:\/\/api.w.org\/{rel}","templated":true}]}}