{"id":411608,"date":"2026-09-03T16:09:10","date_gmt":"2026-09-03T16:09:10","guid":{"rendered":"http:\/\/6a98b1dfeb502b1714cb46d5"},"modified":"2026-09-03T16:09:10","modified_gmt":"2026-09-03T16:09:10","slug":"y-si-las-pantallas-en-realidad-mejoran-la-salud-mental-juvenil-la-polemica-propuesta-de-un-psicologo-evolutivo","status":"publish","type":"post","link":"https:\/\/sarmiento24h.com\/?p=411608","title":{"rendered":"\u00bfY si las pantallas en realidad mejoran la salud mental juvenil? La pol\u00e9mica propuesta de un psic\u00f3logo evolutivo"},"content":{"rendered":"<p>Su interpretaci\u00f3n es que la autonom\u00eda necesita practicarse. Si un ni\u00f1o tiene pocas oportunidades para decidir y enfrentarse a las <a data-offer-url=\"https:\/\/petergray.substack.com\/p\/45-the-importance-of-critical-analyses\" class=\"external-link\" data-event-click=\"{&quot;element&quot;:&quot;ExternalLink&quot;,&quot;outgoingURL&quot;:&quot;https:\/\/petergray.substack.com\/p\/45-the-importance-of-critical-analyses&quot;}\" href=\"https:\/\/petergray.substack.com\/p\/45-the-importance-of-critical-analyses\" rel=\"nofollow noopener\" target=\"_blank\">consecuencias de sus decisiones<\/a>, tambi\u00e9n dispone de menos experiencias para comprobar que puede resolver problemas, tolerar frustraciones o modificar una situaci\u00f3n mediante sus propias acciones.<\/p>\n<p>Gray reconoce que la coincidencia entre el aumento de la ansiedad y la depresi\u00f3n y la disminuci\u00f3n de las oportunidades de juego e independencia no basta por s\u00ed sola para demostrar una relaci\u00f3n causal. Sin embargo, considera que existe evidencia suficiente para plantear que la p\u00e9rdida de control sobre la propia vida puede contribuir al deterioro de la salud mental juvenil.<\/p>\n<hr>\n<div class=\"ContentCardEmbedWrapper-hkvhYu kMYDit content-card-embed content-card-embed--stacked\" data-testid=\"ContentCardEmbedWrapper\" readability=\"21.967105263158\">\n<div class=\"ContentCardEmbedImage-bqahne fjmzkP content-card-embed__image\" data-testid=\"ContentCardEmbedImage\"><span class=\"SpanWrapper-kFnjvc eKnjjD responsive-asset\"><picture class=\"ResponsiveImagePicture-jKunQM gjCCFj responsive-image\"><img decoding=\"async\" alt=\"prohibir redes sociales menores\" loading=\"lazy\" class=\"ResponsiveImageContainer-dkeESL cQPiWi responsive-image__image\" srcset=\"https:\/\/media.es.wired.com\/photos\/6a4448ae44870d1cc8551a53\/master\/w_120,c_limit\/Nota-02.jpg 120w, https:\/\/media.es.wired.com\/photos\/6a4448ae44870d1cc8551a53\/master\/w_240,c_limit\/Nota-02.jpg 240w, https:\/\/media.es.wired.com\/photos\/6a4448ae44870d1cc8551a53\/master\/w_320,c_limit\/Nota-02.jpg 320w, https:\/\/media.es.wired.com\/photos\/6a4448ae44870d1cc8551a53\/master\/w_640,c_limit\/Nota-02.jpg 640w, https:\/\/media.es.wired.com\/photos\/6a4448ae44870d1cc8551a53\/master\/w_768,c_limit\/Nota-02.jpg 768w\" sizes=\"100vw\" src=\"https:\/\/media.es.wired.com\/photos\/6a4448ae44870d1cc8551a53\/master\/w_775%2Cc_limit\/Nota-02.jpg\"><\/picture><\/span><\/div>\n<div class=\"ContentCardEmbedInfo-buyHWH gWLOee\" readability=\"23.013157894737\">\n<div class=\"BaseText-fEwdHD ContentCardEmbedHed-kDKGDs iUENtL dlHXUJ content-card-embed__hed\" data-testid=\"ContentCardEmbedHed\"><a class=\"BaseLink-haTOKm ContentCardEmbedHedLink-iBZsco ILkR hhUFQU content-card-embed__hed-link link\" href=\"https:\/\/es.wired.com\/articulos\/prohibir-las-redes-sociales-a-menores-es-de-izquierda-o-de-derecha\" data-testid=\"ContentCardEmbedHedLink\">\u00bfProhibir las redes sociales a menores es de izquierda o de derecha?<\/a><\/div>\n<p>La discusi\u00f3n internacional sobre regular y restringir las aldeas digitales a infancias y adolescencias tiene pormenores ideol\u00f3gicos que necesitamos analizar.<\/p>\n<\/div>\n<\/div>\n<hr>\n<h2>La tecnolog\u00eda lleg\u00f3 despu\u00e9s<\/h2>\n<p>La cronolog\u00eda explica por qu\u00e9 Gray cuestiona una idea frecuente sobre las pantallas. Cuando las computadoras personales y los videojuegos comenzaron a extenderse, muchas de las libertades ya se hab\u00edan reducido, por lo que plantea la posibilidad de que parte del tiempo digital haya crecido en respuesta a una vida cotidiana con menos espacios para actuar sin supervisi\u00f3n.<\/p>\n<p>En <em>Free to Learn<\/em> recupera una encuesta en la que ni\u00f1as y ni\u00f1os consultados prefer\u00edan, en su mayor\u00eda, jugar afuera antes que ver televisi\u00f3n o utilizar una computadora. A partir de esos resultados sugiere que algunos pod\u00edan recurrir al juego digital, entre otras razones, porque la computadora era uno de los espacios donde todav\u00eda pod\u00edan jugar libremente, mientras que hacerlo afuera era m\u00e1s dif\u00edcil si ellos o sus amigos no ten\u00edan permiso para salir solos.<\/p>\n<p>Los videojuegos ocupan un lugar particular en su lectura. Gray describe algunos juegos en l\u00ednea como espacios donde los participantes pod\u00edan colaborar, organizar grupos, resolver problemas y desarrollar habilidades. Internet ampli\u00f3 despu\u00e9s esas posibilidades al facilitar que los j\u00f3venes hablaran directamente con sus amistades, encontraran comunidades relacionadas con sus intereses y aprendieran a usar herramientas que muchas veces conoc\u00edan mejor que sus propios padres.<\/p>\n<p>A partir de esa lectura plantea una <a data-offer-url=\"https:\/\/petergray.substack.com\/p\/63-more-on-moral-panics-and-thoughts\" class=\"external-link\" data-event-click=\"{&quot;element&quot;:&quot;ExternalLink&quot;,&quot;outgoingURL&quot;:&quot;https:\/\/petergray.substack.com\/p\/63-more-on-moral-panics-and-thoughts&quot;}\" href=\"https:\/\/petergray.substack.com\/p\/63-more-on-moral-panics-and-thoughts\" rel=\"nofollow noopener\" target=\"_blank\">hip\u00f3tesis m\u00e1s controversial<\/a> si se toman en cuenta las tendencias actuales. Gray considera posible que <strong>la expansi\u00f3n de las computadoras, los videojuegos e internet haya contribuido, al menos en parte, a <em>mejorar<\/em> la salud mental juvenil<\/strong>, al devolver a ni\u00f1as, ni\u00f1os y adolescentes espacios donde pod\u00edan actuar con mayor autonom\u00eda, desarrollar habilidades y relacionarse con otros j\u00f3venes.<\/p>\n<p>Como parte de su argumento, se\u00f1ala que algunos indicadores de salud mental en Estados Unidos mejoraron entre aproximadamente 1990 y 2010, despu\u00e9s de d\u00e9cadas de deterioro, mientras la tasa de suicidio adolescente cay\u00f3 alrededor de 40%. Gray reconoce que no se sabe con certeza qu\u00e9 produjo esa mejor\u00eda, por lo que presenta el posible papel de la tecnolog\u00eda como una hip\u00f3tesis. En su libro <em>Restoring Childhood<\/em>, pr\u00f3ximo a publicarse, desarrolla con mayor profundidad esta idea.<\/p>\n<p>Aqu\u00ed aparece su principal diferencia con Jonathan Haidt, autor de <em>La generaci\u00f3n ansiosa<\/em> (2024), un libro que ha tenido una fuerte influencia en el debate p\u00fablico sobre infancia y tecnolog\u00eda, y cuyas propuestas han llegado tambi\u00e9n <a href=\"https:\/\/es.wired.com\/articulos\/madres-y-padres-de-america-latina-se-organizan-para-quitarle-el-celular-a-sus-hijos\">al terreno de las pol\u00edticas p\u00fablicas<\/a>. El movimiento creado a partir del libro impuls\u00f3 medidas como escuelas sin tel\u00e9fonos y mayores restricciones al acceso de menores a redes sociales. Ambos expertos coinciden en que ni\u00f1as, ni\u00f1os y adolescentes han perdido independencia y juego libre, pero interpretan de manera distinta el papel de la tecnolog\u00eda.<\/p>\n<h2>\u00bfPor qu\u00e9 no cree que prohibir sea la soluci\u00f3n?<\/h2>\n<p>La cr\u00edtica de Gray a las prohibiciones tambi\u00e9n parte de c\u00f3mo han respondido hist\u00f3ricamente los adultos a los medios que atraen a los j\u00f3venes. En uno de sus <a data-offer-url=\"https:\/\/petergray.substack.com\/p\/62-a-brief-history-of-moral-panics\" class=\"external-link\" data-event-click=\"{&quot;element&quot;:&quot;ExternalLink&quot;,&quot;outgoingURL&quot;:&quot;https:\/\/petergray.substack.com\/p\/62-a-brief-history-of-moral-panics&quot;}\" href=\"https:\/\/petergray.substack.com\/p\/62-a-brief-history-of-moral-panics\" rel=\"nofollow noopener\" target=\"_blank\">ensayos publicados<\/a> en l\u00ednea, repasa las alarmas que en distintos momentos generaron las novelas populares, el cine, los c\u00f3mics, la televisi\u00f3n y los videojuegos antes de que <em>smartphones<\/em> y redes sociales ocuparan el centro de esa preocupaci\u00f3n.<\/p>\n<p>Gray usa el t\u00e9rmino \u201cp\u00e1nico moral\u201d para describir ese patr\u00f3n, aunque su comparaci\u00f3n no implica que todas las tecnolog\u00edas tengan los mismos riesgos. Lo que identifica como com\u00fan es una reacci\u00f3n en la que los posibles da\u00f1os empiezan a dominar la conversaci\u00f3n hasta que se presta poca atenci\u00f3n a los beneficios de una actividad, a las diferencias entre formas de uso o a las razones por las que los propios j\u00f3venes encuentran valor en ella.<\/p>\n","protected":false},"excerpt":{"rendered":"<p>Su interpretaci\u00f3n es que la autonom\u00eda necesita&#46;&#46;&#46;<\/p>\n","protected":false},"author":1,"featured_media":411609,"comment_status":"closed","ping_status":"closed","sticky":false,"template":"","format":"standard","meta":{"_jetpack_newsletter_access":"","_jetpack_dont_email_post_to_subs":false,"_jetpack_newsletter_tier_id":0,"_jetpack_memberships_contains_paywalled_content":false,"_jetpack_feature_clip_id":0,"_jetpack_memberships_contains_paid_content":false,"footnotes":"","jetpack_publicize_message":"","jetpack_publicize_feature_enabled":true,"jetpack_social_post_already_shared":true,"jetpack_social_options":{"image_generator_settings":{"template":"highway","default_image_id":0,"font":"","enabled":false},"version":2},"jetpack_post_was_ever_published":false},"categories":[46],"tags":[],"class_list":["post-411608","post","type-post","status-publish","format-standard","has-post-thumbnail","hentry","category-tecnologia"],"yoast_head":"<!-- This site is optimized with the Yoast SEO plugin v28.1 - https:\/\/yoast.com\/product\/yoast-seo-wordpress\/ -->\n<title>\u00bfY si las pantallas en realidad mejoran la salud mental juvenil? La pol\u00e9mica propuesta de un psic\u00f3logo evolutivo - Sarmiento24h<\/title>\n<meta name=\"robots\" content=\"index, follow, max-snippet:-1, max-image-preview:large, max-video-preview:-1\" \/>\n<link rel=\"canonical\" href=\"https:\/\/sarmiento24h.com\/?p=411608\" \/>\n<meta property=\"og:locale\" content=\"es_ES\" \/>\n<meta property=\"og:type\" content=\"article\" \/>\n<meta property=\"og:title\" content=\"\u00bfY si las pantallas en realidad mejoran la salud mental juvenil? La pol\u00e9mica propuesta de un psic\u00f3logo evolutivo - Sarmiento24h\" \/>\n<meta property=\"og:description\" content=\"Su interpretaci\u00f3n es que la autonom\u00eda necesita&#046;&#046;&#046;\" \/>\n<meta property=\"og:url\" content=\"https:\/\/sarmiento24h.com\/?p=411608\" \/>\n<meta property=\"og:site_name\" content=\"Sarmiento24h\" \/>\n<meta property=\"article:publisher\" content=\"https:\/\/facebook.com\/s24hnoticias\" \/>\n<meta property=\"article:published_time\" content=\"2026-09-03T16:09:10+00:00\" \/>\n<meta property=\"og:image\" content=\"https:\/\/media.es.wired.com\/photos\/6a4448ae44870d1cc8551a53\/master\/w_775%2Cc_limit\/Nota-02.jpg\" \/>\n<meta name=\"author\" content=\"sarmiento24h@gmail.com\" \/>\n<meta name=\"twitter:card\" content=\"summary_large_image\" \/>\n<meta name=\"twitter:creator\" content=\"@sarmiento24h\" \/>\n<meta name=\"twitter:site\" content=\"@sarmiento24h\" \/>\n<meta name=\"twitter:label1\" content=\"Escrito por\" \/>\n\t<meta name=\"twitter:data1\" content=\"sarmiento24h@gmail.com\" \/>\n\t<meta name=\"twitter:label2\" content=\"Tiempo de lectura\" \/>\n\t<meta name=\"twitter:data2\" content=\"4 minutos\" \/>\n<script type=\"application\/ld+json\" class=\"yoast-schema-graph\">{\"@context\":\"https:\\\/\\\/schema.org\",\"@graph\":[{\"@type\":\"Article\",\"@id\":\"https:\\\/\\\/sarmiento24h.com\\\/?p=411608#article\",\"isPartOf\":{\"@id\":\"https:\\\/\\\/sarmiento24h.com\\\/?p=411608\"},\"author\":{\"name\":\"sarmiento24h@gmail.com\",\"@id\":\"https:\\\/\\\/sarmiento24h.com\\\/#\\\/schema\\\/person\\\/d653a59725ad629a7e0429af7b939d4d\"},\"headline\":\"\u00bfY si las pantallas en realidad mejoran la salud mental juvenil? La pol\u00e9mica propuesta de un psic\u00f3logo evolutivo\",\"datePublished\":\"2026-09-03T16:09:10+00:00\",\"mainEntityOfPage\":{\"@id\":\"https:\\\/\\\/sarmiento24h.com\\\/?p=411608\"},\"wordCount\":811,\"publisher\":{\"@id\":\"https:\\\/\\\/sarmiento24h.com\\\/#organization\"},\"image\":{\"@id\":\"https:\\\/\\\/sarmiento24h.com\\\/?p=411608#primaryimage\"},\"thumbnailUrl\":\"https:\\\/\\\/sarmiento24h.com\\\/wp-content\\\/uploads\\\/2026\\\/09\\\/y-si-las-pantallas-en-realidad-mejoran-la-salud-mental-juvenil-la-polemica-propuesta-de-un-psicologo-evolutivo.jpg\",\"articleSection\":[\"Tecnologia\"],\"inLanguage\":\"es\"},{\"@type\":\"WebPage\",\"@id\":\"https:\\\/\\\/sarmiento24h.com\\\/?p=411608\",\"url\":\"https:\\\/\\\/sarmiento24h.com\\\/?p=411608\",\"name\":\"\u00bfY si las pantallas en realidad mejoran la salud mental juvenil? La pol\u00e9mica propuesta de un psic\u00f3logo evolutivo - Sarmiento24h\",\"isPartOf\":{\"@id\":\"https:\\\/\\\/sarmiento24h.com\\\/#website\"},\"primaryImageOfPage\":{\"@id\":\"https:\\\/\\\/sarmiento24h.com\\\/?p=411608#primaryimage\"},\"image\":{\"@id\":\"https:\\\/\\\/sarmiento24h.com\\\/?p=411608#primaryimage\"},\"thumbnailUrl\":\"https:\\\/\\\/sarmiento24h.com\\\/wp-content\\\/uploads\\\/2026\\\/09\\\/y-si-las-pantallas-en-realidad-mejoran-la-salud-mental-juvenil-la-polemica-propuesta-de-un-psicologo-evolutivo.jpg\",\"datePublished\":\"2026-09-03T16:09:10+00:00\",\"breadcrumb\":{\"@id\":\"https:\\\/\\\/sarmiento24h.com\\\/?p=411608#breadcrumb\"},\"inLanguage\":\"es\",\"potentialAction\":[{\"@type\":\"ReadAction\",\"target\":[\"https:\\\/\\\/sarmiento24h.com\\\/?p=411608\"]}]},{\"@type\":\"ImageObject\",\"inLanguage\":\"es\",\"@id\":\"https:\\\/\\\/sarmiento24h.com\\\/?p=411608#primaryimage\",\"url\":\"https:\\\/\\\/sarmiento24h.com\\\/wp-content\\\/uploads\\\/2026\\\/09\\\/y-si-las-pantallas-en-realidad-mejoran-la-salud-mental-juvenil-la-polemica-propuesta-de-un-psicologo-evolutivo.jpg\",\"contentUrl\":\"https:\\\/\\\/sarmiento24h.com\\\/wp-content\\\/uploads\\\/2026\\\/09\\\/y-si-las-pantallas-en-realidad-mejoran-la-salud-mental-juvenil-la-polemica-propuesta-de-un-psicologo-evolutivo.jpg\",\"width\":775,\"height\":517},{\"@type\":\"BreadcrumbList\",\"@id\":\"https:\\\/\\\/sarmiento24h.com\\\/?p=411608#breadcrumb\",\"itemListElement\":[{\"@type\":\"ListItem\",\"position\":1,\"name\":\"Home\",\"item\":\"https:\\\/\\\/sarmiento24h.com\\\/\"},{\"@type\":\"ListItem\",\"position\":2,\"name\":\"\u00bfY si las pantallas en realidad mejoran la salud mental juvenil? La pol\u00e9mica propuesta de un psic\u00f3logo evolutivo\"}]},{\"@type\":\"WebSite\",\"@id\":\"https:\\\/\\\/sarmiento24h.com\\\/#website\",\"url\":\"https:\\\/\\\/sarmiento24h.com\\\/\",\"name\":\"Sarmiento24h\",\"description\":\"\",\"publisher\":{\"@id\":\"https:\\\/\\\/sarmiento24h.com\\\/#organization\"},\"potentialAction\":[{\"@type\":\"SearchAction\",\"target\":{\"@type\":\"EntryPoint\",\"urlTemplate\":\"https:\\\/\\\/sarmiento24h.com\\\/?s={search_term_string}\"},\"query-input\":{\"@type\":\"PropertyValueSpecification\",\"valueRequired\":true,\"valueName\":\"search_term_string\"}}],\"inLanguage\":\"es\"},{\"@type\":\"Organization\",\"@id\":\"https:\\\/\\\/sarmiento24h.com\\\/#organization\",\"name\":\"Sarmiento24h\",\"url\":\"https:\\\/\\\/sarmiento24h.com\\\/\",\"logo\":{\"@type\":\"ImageObject\",\"inLanguage\":\"es\",\"@id\":\"https:\\\/\\\/sarmiento24h.com\\\/#\\\/schema\\\/logo\\\/image\\\/\",\"url\":\"https:\\\/\\\/sarmiento24h.com\\\/wp-content\\\/uploads\\\/2025\\\/12\\\/AddText_12-16-10.30.52.jpg\",\"contentUrl\":\"https:\\\/\\\/sarmiento24h.com\\\/wp-content\\\/uploads\\\/2025\\\/12\\\/AddText_12-16-10.30.52.jpg\",\"width\":1220,\"height\":324,\"caption\":\"Sarmiento24h\"},\"image\":{\"@id\":\"https:\\\/\\\/sarmiento24h.com\\\/#\\\/schema\\\/logo\\\/image\\\/\"},\"sameAs\":[\"https:\\\/\\\/facebook.com\\\/s24hnoticias\",\"https:\\\/\\\/x.com\\\/sarmiento24h\"]},{\"@type\":\"Person\",\"@id\":\"https:\\\/\\\/sarmiento24h.com\\\/#\\\/schema\\\/person\\\/d653a59725ad629a7e0429af7b939d4d\",\"name\":\"sarmiento24h@gmail.com\",\"image\":{\"@type\":\"ImageObject\",\"inLanguage\":\"es\",\"@id\":\"https:\\\/\\\/sarmiento24h.com\\\/wp-content\\\/litespeed\\\/avatar\\\/d02cbc4e23c747e6659cd45907173c8f.jpg?ver=1788047690\",\"url\":\"https:\\\/\\\/sarmiento24h.com\\\/wp-content\\\/litespeed\\\/avatar\\\/d02cbc4e23c747e6659cd45907173c8f.jpg?ver=1788047690\",\"contentUrl\":\"https:\\\/\\\/sarmiento24h.com\\\/wp-content\\\/litespeed\\\/avatar\\\/d02cbc4e23c747e6659cd45907173c8f.jpg?ver=1788047690\",\"caption\":\"sarmiento24h@gmail.com\"},\"sameAs\":[\"https:\\\/\\\/sarmiento24h.com\"],\"url\":\"https:\\\/\\\/sarmiento24h.com\\\/?author=1\"}]}<\/script>\n<!-- \/ Yoast SEO plugin. -->","yoast_head_json":{"title":"\u00bfY si las pantallas en realidad mejoran la salud mental juvenil? La pol\u00e9mica propuesta de un psic\u00f3logo evolutivo - Sarmiento24h","robots":{"index":"index","follow":"follow","max-snippet":"max-snippet:-1","max-image-preview":"max-image-preview:large","max-video-preview":"max-video-preview:-1"},"canonical":"https:\/\/sarmiento24h.com\/?p=411608","og_locale":"es_ES","og_type":"article","og_title":"\u00bfY si las pantallas en realidad mejoran la salud mental juvenil? La pol\u00e9mica propuesta de un psic\u00f3logo evolutivo - Sarmiento24h","og_description":"Su interpretaci\u00f3n es que la autonom\u00eda necesita&#46;&#46;&#46;","og_url":"https:\/\/sarmiento24h.com\/?p=411608","og_site_name":"Sarmiento24h","article_publisher":"https:\/\/facebook.com\/s24hnoticias","article_published_time":"2026-09-03T16:09:10+00:00","og_image":[{"url":"https:\/\/media.es.wired.com\/photos\/6a4448ae44870d1cc8551a53\/master\/w_775%2Cc_limit\/Nota-02.jpg","type":"","width":"","height":""}],"author":"sarmiento24h@gmail.com","twitter_card":"summary_large_image","twitter_creator":"@sarmiento24h","twitter_site":"@sarmiento24h","twitter_misc":{"Escrito por":"sarmiento24h@gmail.com","Tiempo de lectura":"4 minutos"},"schema":{"@context":"https:\/\/schema.org","@graph":[{"@type":"Article","@id":"https:\/\/sarmiento24h.com\/?p=411608#article","isPartOf":{"@id":"https:\/\/sarmiento24h.com\/?p=411608"},"author":{"name":"sarmiento24h@gmail.com","@id":"https:\/\/sarmiento24h.com\/#\/schema\/person\/d653a59725ad629a7e0429af7b939d4d"},"headline":"\u00bfY si las pantallas en realidad mejoran la salud mental juvenil? La pol\u00e9mica propuesta de un psic\u00f3logo evolutivo","datePublished":"2026-09-03T16:09:10+00:00","mainEntityOfPage":{"@id":"https:\/\/sarmiento24h.com\/?p=411608"},"wordCount":811,"publisher":{"@id":"https:\/\/sarmiento24h.com\/#organization"},"image":{"@id":"https:\/\/sarmiento24h.com\/?p=411608#primaryimage"},"thumbnailUrl":"https:\/\/sarmiento24h.com\/wp-content\/uploads\/2026\/09\/y-si-las-pantallas-en-realidad-mejoran-la-salud-mental-juvenil-la-polemica-propuesta-de-un-psicologo-evolutivo.jpg","articleSection":["Tecnologia"],"inLanguage":"es"},{"@type":"WebPage","@id":"https:\/\/sarmiento24h.com\/?p=411608","url":"https:\/\/sarmiento24h.com\/?p=411608","name":"\u00bfY si las pantallas en realidad mejoran la salud mental juvenil? La pol\u00e9mica propuesta de un psic\u00f3logo evolutivo - Sarmiento24h","isPartOf":{"@id":"https:\/\/sarmiento24h.com\/#website"},"primaryImageOfPage":{"@id":"https:\/\/sarmiento24h.com\/?p=411608#primaryimage"},"image":{"@id":"https:\/\/sarmiento24h.com\/?p=411608#primaryimage"},"thumbnailUrl":"https:\/\/sarmiento24h.com\/wp-content\/uploads\/2026\/09\/y-si-las-pantallas-en-realidad-mejoran-la-salud-mental-juvenil-la-polemica-propuesta-de-un-psicologo-evolutivo.jpg","datePublished":"2026-09-03T16:09:10+00:00","breadcrumb":{"@id":"https:\/\/sarmiento24h.com\/?p=411608#breadcrumb"},"inLanguage":"es","potentialAction":[{"@type":"ReadAction","target":["https:\/\/sarmiento24h.com\/?p=411608"]}]},{"@type":"ImageObject","inLanguage":"es","@id":"https:\/\/sarmiento24h.com\/?p=411608#primaryimage","url":"https:\/\/sarmiento24h.com\/wp-content\/uploads\/2026\/09\/y-si-las-pantallas-en-realidad-mejoran-la-salud-mental-juvenil-la-polemica-propuesta-de-un-psicologo-evolutivo.jpg","contentUrl":"https:\/\/sarmiento24h.com\/wp-content\/uploads\/2026\/09\/y-si-las-pantallas-en-realidad-mejoran-la-salud-mental-juvenil-la-polemica-propuesta-de-un-psicologo-evolutivo.jpg","width":775,"height":517},{"@type":"BreadcrumbList","@id":"https:\/\/sarmiento24h.com\/?p=411608#breadcrumb","itemListElement":[{"@type":"ListItem","position":1,"name":"Home","item":"https:\/\/sarmiento24h.com\/"},{"@type":"ListItem","position":2,"name":"\u00bfY si las pantallas en realidad mejoran la salud mental juvenil? La pol\u00e9mica propuesta de un psic\u00f3logo evolutivo"}]},{"@type":"WebSite","@id":"https:\/\/sarmiento24h.com\/#website","url":"https:\/\/sarmiento24h.com\/","name":"Sarmiento24h","description":"","publisher":{"@id":"https:\/\/sarmiento24h.com\/#organization"},"potentialAction":[{"@type":"SearchAction","target":{"@type":"EntryPoint","urlTemplate":"https:\/\/sarmiento24h.com\/?s={search_term_string}"},"query-input":{"@type":"PropertyValueSpecification","valueRequired":true,"valueName":"search_term_string"}}],"inLanguage":"es"},{"@type":"Organization","@id":"https:\/\/sarmiento24h.com\/#organization","name":"Sarmiento24h","url":"https:\/\/sarmiento24h.com\/","logo":{"@type":"ImageObject","inLanguage":"es","@id":"https:\/\/sarmiento24h.com\/#\/schema\/logo\/image\/","url":"https:\/\/sarmiento24h.com\/wp-content\/uploads\/2025\/12\/AddText_12-16-10.30.52.jpg","contentUrl":"https:\/\/sarmiento24h.com\/wp-content\/uploads\/2025\/12\/AddText_12-16-10.30.52.jpg","width":1220,"height":324,"caption":"Sarmiento24h"},"image":{"@id":"https:\/\/sarmiento24h.com\/#\/schema\/logo\/image\/"},"sameAs":["https:\/\/facebook.com\/s24hnoticias","https:\/\/x.com\/sarmiento24h"]},{"@type":"Person","@id":"https:\/\/sarmiento24h.com\/#\/schema\/person\/d653a59725ad629a7e0429af7b939d4d","name":"sarmiento24h@gmail.com","image":{"@type":"ImageObject","inLanguage":"es","@id":"https:\/\/sarmiento24h.com\/wp-content\/litespeed\/avatar\/d02cbc4e23c747e6659cd45907173c8f.jpg?ver=1788047690","url":"https:\/\/sarmiento24h.com\/wp-content\/litespeed\/avatar\/d02cbc4e23c747e6659cd45907173c8f.jpg?ver=1788047690","contentUrl":"https:\/\/sarmiento24h.com\/wp-content\/litespeed\/avatar\/d02cbc4e23c747e6659cd45907173c8f.jpg?ver=1788047690","caption":"sarmiento24h@gmail.com"},"sameAs":["https:\/\/sarmiento24h.com"],"url":"https:\/\/sarmiento24h.com\/?author=1"}]}},"jetpack_publicize_connections":[],"jetpack_featured_media_url":"https:\/\/sarmiento24h.com\/wp-content\/uploads\/2026\/09\/y-si-las-pantallas-en-realidad-mejoran-la-salud-mental-juvenil-la-polemica-propuesta-de-un-psicologo-evolutivo.jpg","jetpack_sharing_enabled":true,"_links":{"self":[{"href":"https:\/\/sarmiento24h.com\/index.php?rest_route=\/wp\/v2\/posts\/411608","targetHints":{"allow":["GET"]}}],"collection":[{"href":"https:\/\/sarmiento24h.com\/index.php?rest_route=\/wp\/v2\/posts"}],"about":[{"href":"https:\/\/sarmiento24h.com\/index.php?rest_route=\/wp\/v2\/types\/post"}],"author":[{"embeddable":true,"href":"https:\/\/sarmiento24h.com\/index.php?rest_route=\/wp\/v2\/users\/1"}],"replies":[{"embeddable":true,"href":"https:\/\/sarmiento24h.com\/index.php?rest_route=%2Fwp%2Fv2%2Fcomments&post=411608"}],"version-history":[{"count":0,"href":"https:\/\/sarmiento24h.com\/index.php?rest_route=\/wp\/v2\/posts\/411608\/revisions"}],"wp:featuredmedia":[{"embeddable":true,"href":"https:\/\/sarmiento24h.com\/index.php?rest_route=\/wp\/v2\/media\/411609"}],"wp:attachment":[{"href":"https:\/\/sarmiento24h.com\/index.php?rest_route=%2Fwp%2Fv2%2Fmedia&parent=411608"}],"wp:term":[{"taxonomy":"category","embeddable":true,"href":"https:\/\/sarmiento24h.com\/index.php?rest_route=%2Fwp%2Fv2%2Fcategories&post=411608"},{"taxonomy":"post_tag","embeddable":true,"href":"https:\/\/sarmiento24h.com\/index.php?rest_route=%2Fwp%2Fv2%2Ftags&post=411608"}],"curies":[{"name":"wp","href":"https:\/\/api.w.org\/{rel}","templated":true}]}}