{"id":411726,"date":"2026-09-03T17:56:59","date_gmt":"2026-09-03T17:56:59","guid":{"rendered":"http:\/\/5e2a1afe-a7b9-11f1-86c4-df5f1bac4863"},"modified":"2026-09-03T17:56:59","modified_gmt":"2026-09-03T17:56:59","slug":"ni-se-vende-ni-se-rinde-ortega-desafia-a-ee-uu-mientras-consolida-en-nicaragua-una-dinastia","status":"publish","type":"post","link":"https:\/\/sarmiento24h.com\/?p=411726","title":{"rendered":"\u201cNi se vende ni se rinde\u201d: Ortega desaf\u00eda a EE. UU. mientras consolida en Nicaragua una \u00abdinast\u00eda\u00bb"},"content":{"rendered":"\n<p>Ni las advertencias de Estados Unidos parecen disuadir a Daniel Ortega de su objetivo de atornillarse al poder.<\/p>\n<p>El presidente de Nicaragua respondi\u00f3 con un discurso desafiante a la presi\u00f3n de la Administraci\u00f3n de Donald Trump y defendi\u00f3 lo que llam\u00f3 la unidad de su Gobierno y de las Fuerzas Armadas frente a lo que calific\u00f3 de \u201camenazas externas\u201d.<\/p>\n<p>Durante el acto por el 47 aniversario del Ej\u00e9rcito de Nicaragua, Ortega asegur\u00f3 que tanto el Gobierno sandinista como los militares permanecen firmes ante las presiones internacionales. \u201cNi se vende ni se rinde, jam\u00e1s\u201d, afirm\u00f3, apelando tambi\u00e9n a una \u201cfortaleza que viene de Dios\u201d para hacer frente a las amenazas.<\/p>\n<p>El mensaje lleg\u00f3 despu\u00e9s de que la Asamblea Nacional, controlada por el oficialismo, aprobara en primera legislatura una reforma constitucional impulsada por Ortega y su esposa, Rosario Murillo, que ampl\u00eda de seis a siete a\u00f1os el mandato de los cargos electos y establece nuevas restricciones para quienes puedan presentarse a unas elecciones.<\/p>\n<p>Ortega no solo defendi\u00f3 la reforma. Tambi\u00e9n destac\u00f3 el respaldo expl\u00edcito del jefe del Ej\u00e9rcito, Julio C\u00e9sar Avil\u00e9s, a la decisi\u00f3n parlamentaria.<\/p>\n<div id=\"em-WBMZ417483-F24-ES-20260903\" class=\"m-em-flash\" data-xtwitter-script>\n<div class=\"o-em-consent \" readability=\"7\">\n<div class=\"o-em-consent__content\" readability=\"34\">\n<p class=\"o-em-consent__content__text\">Para mostrar este contenido de X (Twitter), debe autorizar las cookies de medici\u00f3n de audiencia y publicidad.<\/p>\n<p> <button class=\"a-master-button a-master-button--dark\" data-action=\"accept\"> Aceptar <svg class=\"a-svg a-svg--icon-check\"> <use xlink:href=\"\/build\/images\/svg\/sprite.68b43361c11f23b39049016b32e6ae31.svg#icon-check\" href=\"\/build\/images\/svg\/sprite.68b43361c11f23b39049016b32e6ae31.svg#icon-check\" \/> <\/svg> <\/button> <button class=\"a-link\" data-action=\"manage\">Gestionar mis opciones <svg class=\"a-svg a-svg--icon-edit\"> <use xlink:href=\"\/build\/images\/svg\/sprite.68b43361c11f23b39049016b32e6ae31.svg#icon-edit\" href=\"\/build\/images\/svg\/sprite.68b43361c11f23b39049016b32e6ae31.svg#icon-edit\" \/> <\/svg><br \/>\n<\/button> <\/div>\n<\/div>\n<\/div>\n<p>Avil\u00e9s, por su parte, calific\u00f3 de \u201ctraidores y vendepatrias\u201d a quienes cuestionan al Gobierno y asegur\u00f3 que los soldados permanecer\u00e1n \u201cleales\u201d y \u201ccohesionados\u201d.<\/p>\n<p>La escenificaci\u00f3n es pol\u00edticamente significativa: ante el incremento de la presi\u00f3n internacional, Ortega muestra al Ej\u00e9rcito como un pilar de la continuidad del r\u00e9gimen.<\/p>\n<p class=\"a-read-more\"><span class=\"a-read-more__label\">Leer tambi\u00e9n<\/span><a href=\"https:\/\/www.france24.com\/es\/programas\/el-debate\/20260903-nicaragua-sin-oposici\u00f3n-se-consolida-la-dinast\u00eda-ortega-murillo\" target=\"_self\" class=\"a-read-more__link\">Nicaragua sin oposici\u00f3n: \u00bfse consolida la dinast\u00eda Ortega-Murillo?<\/a><\/p>\n<h2><strong>\u00bfQu\u00e9 ha pedido Estados Unidos?<\/strong><\/h2>\n<p>La respuesta de Washington lleg\u00f3 de la mano del secretario de Estado, Marco Rubio, quien inst\u00f3 a los socios internacionales de su pa\u00eds a poner fin de inmediato a las relaciones comerciales habituales con la Administraci\u00f3n nicarag\u00fcense.<\/p>\n<p>Rubio formul\u00f3 la petici\u00f3n despu\u00e9s de la aprobaci\u00f3n de la reforma constitucional y acus\u00f3 al Gobierno de Ortega de avanzar hacia la eliminaci\u00f3n definitiva de las elecciones libres y de consolidar una \u201cdinast\u00eda ileg\u00edtima\u201d.<\/p>\n<p>Washington sostiene adem\u00e1s que mantiene su compromiso de abordar las violaciones de derechos humanos atribuidas al Gobierno nicarag\u00fcense.<\/p>\n<p>La petici\u00f3n estadounidense eleva el nivel de presi\u00f3n sobre Managua al no limitarse a una condena diplom\u00e1tica de la reforma. Y busca que otros pa\u00edses utilicen tambi\u00e9n sus relaciones econ\u00f3micas y comerciales como instrumento de presi\u00f3n.<\/p>\n<p>Rubio busca aumentar el coste internacional de la deriva pol\u00edtica nicarag\u00fcense. Estados Unidos no ha planteado \u00fanicamente una nueva condena diplom\u00e1tica. Al pedir a sus socios que detengan las relaciones comerciales habituales con Managua, intenta convertir el rechazo a la reforma en una presi\u00f3n coordinada.<\/p>\n<div id=\"em-WBMZ417484-F24-ES-20260903\" class=\"m-em-flash\" data-xtwitter-script>\n<div class=\"o-em-consent \" readability=\"7\">\n<div class=\"o-em-consent__content\" readability=\"34\">\n<p class=\"o-em-consent__content__text\">Para mostrar este contenido de X (Twitter), debe autorizar las cookies de medici\u00f3n de audiencia y publicidad.<\/p>\n<p> <button class=\"a-master-button a-master-button--dark\" data-action=\"accept\"> Aceptar <svg class=\"a-svg a-svg--icon-check\"> <use xlink:href=\"\/build\/images\/svg\/sprite.68b43361c11f23b39049016b32e6ae31.svg#icon-check\" href=\"\/build\/images\/svg\/sprite.68b43361c11f23b39049016b32e6ae31.svg#icon-check\" \/> <\/svg> <\/button> <button class=\"a-link\" data-action=\"manage\">Gestionar mis opciones <svg class=\"a-svg a-svg--icon-edit\"> <use xlink:href=\"\/build\/images\/svg\/sprite.68b43361c11f23b39049016b32e6ae31.svg#icon-edit\" href=\"\/build\/images\/svg\/sprite.68b43361c11f23b39049016b32e6ae31.svg#icon-edit\" \/> <\/svg><br \/>\n<\/button> <\/div>\n<\/div>\n<\/div>\n<p>El problema para Washington es que Nicaragua mantiene relaciones econ\u00f3micas con numerosos pa\u00edses y que una pol\u00edtica de aislamiento comercial requiere que otros Gobiernos est\u00e9n dispuestos a asumir los costes de enfrentarse al Ejecutivo de Ortega.<\/p>\n<p>La reacci\u00f3n de Managua indica que, al menos inicialmente, el Gobierno nicarag\u00fcense no pretende ceder ante esa presi\u00f3n.<\/p>\n<p>Ortega ha presentado hist\u00f3ricamente las sanciones y cr\u00edticas internacionales como parte de una estrategia de injerencia extranjera. Su discurso de este mi\u00e9rcoles volvi\u00f3 a colocar el conflicto en ese marco: un Gobierno que se presenta como defensor de la soberan\u00eda frente a una potencia que, seg\u00fan su relato, pretende imponer sus condiciones.<\/p>\n<p>La iniciativa se produce, adem\u00e1s, en un contexto en el que <strong>varios gobiernos latinoamericanos han expresado su preocupaci\u00f3n por el deterioro democr\u00e1tico de Nicaragua.<\/strong><\/p>\n<p>Per\u00fa ha pedido a la comunidad internacional activar mecanismos para impedir que se consolide una dictadura, mientras Costa Rica ha denunciado el \u201ccontinuo deterioro democr\u00e1tico\u201d y ha anunciado que apoyar\u00e1 una respuesta firme y coordinada dentro de la Organizaci\u00f3n de Estados Americanos.<\/p>\n<p class=\"a-read-more\"><span class=\"a-read-more__label\">Leer tambi\u00e9n<\/span><a href=\"https:\/\/www.france24.com\/es\/am\u00e9rica-latina\/20260729-per\u00edodos-ampliados-y-renovables-as\u00ed-busca-legitimar-ortega-una-nicaragua-sin-elecciones\" target=\"_self\" class=\"a-read-more__link\">Per\u00edodos ampliados y renovables: as\u00ed buscan legitimar Ortega y Murillo una Nicaragua sin elecciones<\/a><\/p>\n<h2><strong>\u00bfQu\u00e9 cambia la reforma constitucional de Ortega?<\/strong><\/h2>\n<p>El punto m\u00e1s controvertido de la reforma es el nuevo r\u00e9gimen de incompatibilidades para acceder a cargos p\u00fablicos.<\/p>\n<p>El texto aprobado establece que no podr\u00e1n ser candidatos a cargos de elecci\u00f3n popular ni ejercer funciones p\u00fablicas \u201clos traidores a la patria\u201d, como llama a los miembros de la oposici\u00f3n y a cualquiera que no se adhiera a sus intereses.<\/p>\n<p>La expresi\u00f3n no es meramente ret\u00f3rica. El Gobierno nicarag\u00fcense la ha utilizado para referirse a centenares de opositores y cr\u00edticos, incluidos ciudadanos a los que les retir\u00f3 la nacionalidad y expuls\u00f3 del pa\u00eds.<\/p>\n<p>La reforma extiende esa prohibici\u00f3n a quienes hayan ejercido direcci\u00f3n, liderazgo, financiaci\u00f3n, participaci\u00f3n o cualquier tipo de vinculaci\u00f3n con la planificaci\u00f3n o ejecuci\u00f3n de un supuesto intento de golpe de Estado.<\/p>\n<p>Tambi\u00e9n alcanza a quienes, seg\u00fan las autoridades, hayan realizado acciones que menoscaben la independencia, soberan\u00eda o autodeterminaci\u00f3n de Nicaragua, promuevan la \u201cinjerencia extranjera\u201d, soliciten una intervenci\u00f3n militar extranjera o respalden bloqueos, sanciones o medidas econ\u00f3micas contra el Estado nicarag\u00fcense.<\/p>\n<div id=\"em-WBMZ417485-F24-ES-20260903\" class=\"m-em-flash\" data-xtwitter-script>\n<div class=\"o-em-consent \" readability=\"7\">\n<div class=\"o-em-consent__content\" readability=\"34\">\n<p class=\"o-em-consent__content__text\">Para mostrar este contenido de X (Twitter), debe autorizar las cookies de medici\u00f3n de audiencia y publicidad.<\/p>\n<p> <button class=\"a-master-button a-master-button--dark\" data-action=\"accept\"> Aceptar <svg class=\"a-svg a-svg--icon-check\"> <use xlink:href=\"\/build\/images\/svg\/sprite.68b43361c11f23b39049016b32e6ae31.svg#icon-check\" href=\"\/build\/images\/svg\/sprite.68b43361c11f23b39049016b32e6ae31.svg#icon-check\" \/> <\/svg> <\/button> <button class=\"a-link\" data-action=\"manage\">Gestionar mis opciones <svg class=\"a-svg a-svg--icon-edit\"> <use xlink:href=\"\/build\/images\/svg\/sprite.68b43361c11f23b39049016b32e6ae31.svg#icon-edit\" href=\"\/build\/images\/svg\/sprite.68b43361c11f23b39049016b32e6ae31.svg#icon-edit\" \/> <\/svg><br \/>\n<\/button> <\/div>\n<\/div>\n<\/div>\n<p>En la pr\u00e1ctica, la definici\u00f3n es lo suficientemente amplia como para permitir al poder pol\u00edtico excluir de la competici\u00f3n electoral a sectores de la oposici\u00f3n que hayan denunciado al Gobierno ante organismos internacionales o hayan respaldado sanciones contra Managua.<\/p>\n<p>La prohibici\u00f3n no se limita adem\u00e1s a las candidaturas. Quienes entren en esas categor\u00edas tampoco podr\u00e1n formar parte de las juntas directivas de partidos u organizaciones pol\u00edticas.<\/p>\n<p class=\"a-read-more\"><span class=\"a-read-more__label\">Leer tambi\u00e9n<\/span><a href=\"https:\/\/www.france24.com\/es\/am\u00e9rica-latina\/20260724-nuestra-democracia-nuestras-elecciones-nicaragua-tras-cr\u00edticas-en-la-regi\u00f3n-a-su-anuncio-de-eliminar-comicios\" target=\"_self\" class=\"a-read-more__link\">\u201cNuestra democracia, nuestras elecciones\u201d: Nicaragua tras cr\u00edticas a su anuncio de eliminar comicios<\/a><\/p>\n<h2><strong>El choque de fondo: elecciones o continuidad del poder<\/strong><\/h2>\n<p>La otra gran modificaci\u00f3n consiste en a<strong>mpliar de seis a siete a\u00f1os los mandatos.<\/strong> La extensi\u00f3n afecta a los copresidentes, diputados, alcaldes y otros cargos electos, pero tambi\u00e9n a determinadas autoridades judiciales y electorales y a los jefes del Ej\u00e9rcito y de la Polic\u00eda.<\/p>\n<p>El cambio tiene una consecuencia inmediata: Nicaragua ten\u00eda previstas sus pr\u00f3ximas elecciones generales para noviembre de 2026, pero la ampliaci\u00f3n de los mandatos desplaza el calendario electoral hasta 2027.<\/p>\n<p>La reforma todav\u00eda no est\u00e1 en vigor. La Constituci\u00f3n nicarag\u00fcense exige que los cambios constitucionales sean aprobados por dos legislaturas distintas. La primera votaci\u00f3n ya se produjo; la segunda deber\u00e1 corresponder a la pr\u00f3xima legislatura, que comienza el 9 de enero de 2027.<\/p>\n<p><strong>Ortega ha situado el 18 de enero como fecha para esa segunda aprobaci\u00f3n.<\/strong>Si el proceso culmina como est\u00e1 previsto, la nueva Constituci\u00f3n consolidar\u00e1 jur\u00eddicamente un sistema en el que el Gobierno podr\u00e1 impedir la participaci\u00f3n electoral de determinados opositores mientras prolonga los mandatos de la c\u00fapula del poder.<\/p>\n<div class=\"m-em-image\">\n<figure class=\"m-item-image m-item-image--original m-item-image--has-caption\"> <picture class=\"a-picture a-picture--original\"><source type=\"image\/webp\" srcset=\"https:\/\/s.france24.com\/media\/display\/dd11aee0-8527-11f1-a846-005056bfb2b6\/w:246\/ORTEGA-OK.webp 246w, https:\/\/s.france24.com\/media\/display\/dd11aee0-8527-11f1-a846-005056bfb2b6\/w:388\/ORTEGA-OK.webp 388w, https:\/\/s.france24.com\/media\/display\/dd11aee0-8527-11f1-a846-005056bfb2b6\/w:720\/ORTEGA-OK.webp 720w, https:\/\/s.france24.com\/media\/display\/dd11aee0-8527-11f1-a846-005056bfb2b6\/w:980\/ORTEGA-OK.webp 980w\" sizes=\"(max-width: 1023px) calc(100vw - 32px), (min-width: 1024px) 850px\"><img fetchpriority=\"low\" decoding=\"async\" src=\"https:\/\/s.france24.com\/media\/display\/dd11aee0-8527-11f1-a846-005056bfb2b6\/w:980\/ORTEGA-OK.jpg\" srcset=\"https:\/\/s.france24.com\/media\/display\/dd11aee0-8527-11f1-a846-005056bfb2b6\/w:246\/ORTEGA-OK.jpg 246w, https:\/\/s.france24.com\/media\/display\/dd11aee0-8527-11f1-a846-005056bfb2b6\/w:388\/ORTEGA-OK.jpg 388w, https:\/\/s.france24.com\/media\/display\/dd11aee0-8527-11f1-a846-005056bfb2b6\/w:720\/ORTEGA-OK.jpg 720w, https:\/\/s.france24.com\/media\/display\/dd11aee0-8527-11f1-a846-005056bfb2b6\/w:980\/ORTEGA-OK.jpg 980w\" sizes=\"(max-width: 1023px) calc(100vw - 32px), (min-width: 1024px) 850px\" alt=\"Archivo: el presidente Daniel Ortega y su esposa, la vicepresidenta Rosario Murillo, encabezan un mitin en Managua, Nicaragua, el 5 de septiembre de 2018.\" loading=\"lazy\" class=\"a-img \">\n<\/picture><figcaption class=\"a-figcaption\"> Archivo: el presidente Daniel Ortega y su esposa, la vicepresidenta Rosario Murillo, encabezan un mitin en Managua, Nicaragua, el 5 de septiembre de 2018. \u00a9 AP\/Alfredo Zu\u00f1iga <\/figcaption><\/figure>\n<\/p><\/div>\n<p>La disputa va mucho m\u00e1s all\u00e1 de una modificaci\u00f3n constitucional. Para el Gobierno nicarag\u00fcense, se trata de reforzar la soberan\u00eda y proteger al Estado frente a quienes considera responsables de intentos de desestabilizaci\u00f3n y de injerencia extranjera.<\/p>\n<p>Para Estados Unidos y varios Gobiernos latinoamericanos, el problema es precisamente el contrario: la reforma utiliza la Constituci\u00f3n para convertir en legales mecanismos que reducen la competencia electoral y permiten prolongar el poder de Ortega y Murillo.<\/p>\n<p>El resultado es un nuevo choque entre dos concepciones incompatibles de legitimidad.<\/p>\n<p>Ortega reivindica el mandato del Estado y su derecho a definir qui\u00e9n puede participar en la vida pol\u00edtica. Sus cr\u00edticos sostienen que una democracia no puede considerarse competitiva si el poder que controla las instituciones tiene adem\u00e1s la capacidad de decidir qu\u00e9 opositores quedan excluidos de las elecciones.<\/p>\n<p>La segunda votaci\u00f3n prevista para enero ser\u00e1, por ello, mucho m\u00e1s que un tr\u00e1mite parlamentario.<\/p>\n<p>Ser\u00e1 el momento en el que Nicaragua avance otro paso hacia el modelo dise\u00f1ado por Ortega y Murillo: un sistema con instituciones electorales, pero con una oposici\u00f3n cada vez m\u00e1s limitada y con mandatos presidenciales m\u00e1s largos.<\/p>\n<p>Y mientras Washington intenta elevar el coste internacional de ese proceso, Ortega deja claro que su respuesta no ser\u00e1 negociar bajo presi\u00f3n, sino resistirla.<\/p>\n<p class=\"a-read-more\"><span class=\"a-read-more__label\">Leer tambi\u00e9n<\/span><a href=\"https:\/\/www.france24.com\/es\/am\u00e9rica-latina\/20260721-no-habr\u00e1-m\u00e1s-elecciones-est\u00e1-liquidada-la-democracia-en-nicaragua-o-a\u00fan-existe-una-salida-pol\u00edtica\" target=\"_self\" class=\"a-read-more__link\">\u201cNo habr\u00e1 m\u00e1s elecciones\u201d: \u00bfest\u00e1 liquidada la democracia en Nicaragua o a\u00fan existe una salida pol\u00edtica?<\/a><\/p>\n<h2><strong>Un proyecto que va m\u00e1s all\u00e1 de Ortega<\/strong><\/h2>\n<p>La reforma no afecta \u00fanicamente al futuro pol\u00edtico de Daniel Ortega. Tambi\u00e9n refuerza el modelo de poder construido junto a su esposa, Rosario Murillo.<\/p>\n<p>Desde 2025, ambos ejercen como copresidentes de Nicaragua, despu\u00e9s de otra modificaci\u00f3n constitucional que elev\u00f3 a Murillo desde la vicepresidencia a la copresidencia.<\/p>\n<p>El sistema supone una concentraci\u00f3n del poder pol\u00edtico en la pareja presidencial, que controla el aparato estatal y cuenta con una Asamblea Nacional dominada por el oficialismo.<\/p>\n<p>La nueva reforma ampl\u00eda ahora a siete a\u00f1os los mandatos de ambos.<\/p>\n<p>Por eso, las cr\u00edticas internacionales no describen el cambio \u00fanicamente como una modificaci\u00f3n t\u00e9cnica de los plazos electorales. Lo interpretan como otro paso en la institucionalizaci\u00f3n de un poder familiar que ha reducido progresivamente los espacios para la oposici\u00f3n y la competencia pol\u00edtica.<\/p>\n<p class=\"a-read-more\"><span class=\"a-read-more__label\">Leer tambi\u00e9n<\/span><a href=\"https:\/\/www.france24.com\/es\/video\/20260721-qu\u00e9-alternativas-tiene-la-oposici\u00f3n-en-nicaragua-tras-la-exclusi\u00f3n-de-ortega-de-las-elecciones\" target=\"_self\" class=\"a-read-more__link\">\u00bfQu\u00e9 alternativas tiene la oposici\u00f3n en Nicaragua tras la exclusi\u00f3n de Ortega de las elecciones?<\/a><\/p>\n<h2><strong>El precedente de 2018<\/strong><\/h2>\n<p>La actual confrontaci\u00f3n no puede entenderse sin la crisis que comenz\u00f3 en abril de 2018. Las protestas inicialmente surgieron contra unas reformas de la seguridad social, pero r\u00e1pidamente se transformaron en un movimiento m\u00e1s amplio contra Ortega y su Gobierno.<\/p>\n<p>La respuesta de las autoridades fue una fuerte represi\u00f3n que dej\u00f3 m\u00e1s de 300 muertos, miles de heridos y desencaden\u00f3 un \u00e9xodo masivo de nicarag\u00fcenses.<\/p>\n<p>Desde entonces, el Gobierno ha perseguido y encarcelado a opositores y ha desmantelado buena parte de las estructuras pol\u00edticas y sociales capaces de desafiarlo.<\/p>\n<p>Las elecciones de noviembre de 2021, en las que Ortega obtuvo un nuevo mandato, estuvieron marcadas por la detenci\u00f3n de dirigentes opositores y fueron cuestionadas internacionalmente.<\/p>\n<p>La siguiente reforma constitucional profundiza ahora en ese proceso. El nuevo cambio constitucional tambi\u00e9n debe leerse a la luz de una declaraci\u00f3n particularmente significativa del propio Ortega.<\/p>\n<div class=\"m-em-image\">\n<figure class=\"m-item-image m-item-image--original m-item-image--has-caption\"> <picture class=\"a-picture a-picture--original\"><source type=\"image\/webp\" srcset=\"https:\/\/s.france24.com\/media\/display\/59083756-bf36-11ec-9fba-005056a97e36\/w:246\/NICARAGUA%202-1.webp 246w, https:\/\/s.france24.com\/media\/display\/59083756-bf36-11ec-9fba-005056a97e36\/w:388\/NICARAGUA%202-1.webp 388w, https:\/\/s.france24.com\/media\/display\/59083756-bf36-11ec-9fba-005056a97e36\/w:720\/NICARAGUA%202-1.webp 720w, https:\/\/s.france24.com\/media\/display\/59083756-bf36-11ec-9fba-005056a97e36\/w:980\/NICARAGUA%202-1.webp 980w\" sizes=\"(max-width: 1023px) calc(100vw - 32px), (min-width: 1024px) 850px\"><img fetchpriority=\"low\" decoding=\"async\" src=\"https:\/\/s.france24.com\/media\/display\/59083756-bf36-11ec-9fba-005056a97e36\/w:980\/NICARAGUA%202-1.jpg\" srcset=\"https:\/\/s.france24.com\/media\/display\/59083756-bf36-11ec-9fba-005056a97e36\/w:246\/NICARAGUA%202-1.jpg 246w, https:\/\/s.france24.com\/media\/display\/59083756-bf36-11ec-9fba-005056a97e36\/w:388\/NICARAGUA%202-1.jpg 388w, https:\/\/s.france24.com\/media\/display\/59083756-bf36-11ec-9fba-005056a97e36\/w:720\/NICARAGUA%202-1.jpg 720w, https:\/\/s.france24.com\/media\/display\/59083756-bf36-11ec-9fba-005056a97e36\/w:980\/NICARAGUA%202-1.jpg 980w\" sizes=\"(max-width: 1023px) calc(100vw - 32px), (min-width: 1024px) 850px\" alt=\"Archivo-Un manifestante pasa durante las protestas a nivel nacional exigiendo justicia, democracia y la salida del presidente Daniel Ortega, en Masaya, Nicaragua el 12 de mayo de 2018.\" loading=\"lazy\" class=\"a-img \">\n<\/picture><figcaption class=\"a-figcaption\"> Archivo-Un manifestante pasa durante las protestas a nivel nacional exigiendo justicia, democracia y la salida del presidente Daniel Ortega, en Masaya, Nicaragua el 12 de mayo de 2018. \u00a9 AFP <\/figcaption><\/figure>\n<\/p><\/div>\n<p>El pasado 19 de julio, el mandatario afirm\u00f3 que \u201cno habr\u00e1 m\u00e1s elecciones\u201d en Nicaragua, argumentando que el sistema electoral hab\u00eda permitido a sus adversarios regresar al poder.<\/p>\n<p>La posterior aprobaci\u00f3n parlamentaria de la reforma convierte aquella declaraci\u00f3n pol\u00edtica en una posible hoja de ruta institucional.<\/p>\n<p>No significa que Nicaragua deje formalmente de celebrar cualquier proceso electoral. El cambio consiste en algo m\u00e1s complejo: mantener la arquitectura electoral mientras se restringe qui\u00e9n puede competir y se prolonga el mandato de quienes ya controlan el Estado.<\/p>\n<p>Es precisamente este mecanismo el que preocupa a Washington y a otros Gobiernos latinoamericanos.<\/p>\n<p class=\"a-read-more\"><span class=\"a-read-more__label\">Leer tambi\u00e9n<\/span><a href=\"https:\/\/www.france24.com\/es\/programas\/reporteros\/20260203-nicaragua-la-dictadura-olvidada\" target=\"_self\" class=\"a-read-more__link\">Nicaragua, la dictadura olvidada<\/a><\/p>\n<h2><strong>El papel del Ej\u00e9rcito: la se\u00f1al m\u00e1s importante del discurso de Ortega<\/strong><\/h2>\n<p>Que Ortega eligiera precisamente la celebraci\u00f3n del aniversario del Ej\u00e9rcito para responder a Estados Unidos tampoco es un detalle menor.<\/p>\n<p>El presidente insisti\u00f3 en que Nicaragua se enfrenta a un \u201cpoder militar mundial\u201d y pidi\u00f3 a las Fuerzas Armadas y a sus seguidores mantenerse alertas.<\/p>\n<p>El jefe del Ej\u00e9rcito, Julio C\u00e9sar Avil\u00e9s, respald\u00f3 p\u00fablicamente la reforma constitucional.<\/p>\n<p>La imagen que proyecta el poder nicarag\u00fcense es, por tanto, la de un bloque pol\u00edtico y militar cohesionado frente a las presiones externas.<\/p>\n<p>Esto resulta especialmente relevante en un pa\u00eds cuya historia reciente est\u00e1 marcada por conflictos armados, revoluciones y una profunda confrontaci\u00f3n entre las instituciones estatales y la oposici\u00f3n.<\/p>\n<p class=\"a-read-more\"><span class=\"a-read-more__label\">Leer tambi\u00e9n<\/span><a href=\"https:\/\/www.france24.com\/es\/am\u00e9rica-latina\/20260521-el-escritor-sergio-ram\u00edrez-insiste-sobre-nicaragua-el-pa\u00eds-olvidado-bajo-una-dictadura-que-envejece\" target=\"_self\" class=\"a-read-more__link\">Sergio Ram\u00edrez, nombrado en la RAE, insiste en Nicaragua: el \u00abpa\u00eds olvidado bajo una dictadura que envejece\u201d<\/a><\/p>\n<h2><strong>Una reforma todav\u00eda pendiente de la segunda votaci\u00f3n<\/strong><\/h2>\n<p>Aunque el oficialismo tiene el control de la Asamblea Nacional, la reforma a\u00fan debe completar el procedimiento constitucional.<\/p>\n<p>La primera aprobaci\u00f3n se produjo por unanimidad y a mano alzada. La segunda deber\u00e1 realizarse durante la pr\u00f3xima legislatura, que comenzar\u00e1 en enero de 2027.<\/p>\n<p>Mientras tanto, la presi\u00f3n internacional previsiblemente continuar\u00e1.<\/p>\n<p>Estados Unidos reclama aislamiento comercial; Costa Rica pide una respuesta coordinada en la OEA; Per\u00fa denuncia un intento de consolidar una dictadura; y otros Gobiernos de la regi\u00f3n han expresado preocupaci\u00f3n por la deriva institucional.<\/p>\n<p>Ortega, por su parte, responde que Nicaragua no se rendir\u00e1 ante las amenazas y presenta la reforma como una decisi\u00f3n soberana de la Asamblea Nacional.<\/p>\n<p class=\"a-read-more\"><span class=\"a-read-more__label\">Leer tambi\u00e9n<\/span><a href=\"https:\/\/www.france24.com\/es\/am\u00e9rica-latina\/20250517-nicaragua-aprueba-retirar-la-nacionalidad-a-los-nicarag\u00fcenses-que-adquieran-otra-ciudadan\u00eda\" target=\"_self\" class=\"a-read-more__link\">Nicaragua aprueba retirar la nacionalidad a los nicarag\u00fcenses que adquieran otra ciudadan\u00eda<\/a><\/p>\n<p>Con Reuters y EFE<\/p>\n","protected":false},"excerpt":{"rendered":"<p>Ni las advertencias de Estados Unidos parecen&#46;&#46;&#46;<\/p>\n","protected":false},"author":1,"featured_media":411727,"comment_status":"closed","ping_status":"closed","sticky":false,"template":"","format":"standard","meta":{"_jetpack_newsletter_access":"","_jetpack_dont_email_post_to_subs":false,"_jetpack_newsletter_tier_id":0,"_jetpack_memberships_contains_paywalled_content":false,"_jetpack_feature_clip_id":0,"_jetpack_memberships_contains_paid_content":false,"footnotes":"","jetpack_publicize_message":"","jetpack_publicize_feature_enabled":true,"jetpack_social_post_already_shared":true,"jetpack_social_options":{"image_generator_settings":{"template":"highway","default_image_id":0,"font":"","enabled":false},"version":2},"jetpack_post_was_ever_published":false},"categories":[43],"tags":[],"class_list":["post-411726","post","type-post","status-publish","format-standard","has-post-thumbnail","hentry","category-internacionales"],"yoast_head":"<!-- This site is optimized with the Yoast SEO plugin v28.1 - https:\/\/yoast.com\/product\/yoast-seo-wordpress\/ -->\n<title>\u201cNi se vende ni se rinde\u201d: Ortega desaf\u00eda a EE. UU. mientras consolida en Nicaragua una &quot;dinast\u00eda&quot; - Sarmiento24h<\/title>\n<meta name=\"robots\" content=\"index, follow, max-snippet:-1, max-image-preview:large, max-video-preview:-1\" \/>\n<link rel=\"canonical\" href=\"https:\/\/sarmiento24h.com\/?p=411726\" \/>\n<meta property=\"og:locale\" content=\"es_ES\" \/>\n<meta property=\"og:type\" content=\"article\" \/>\n<meta property=\"og:title\" content=\"\u201cNi se vende ni se rinde\u201d: Ortega desaf\u00eda a EE. UU. mientras consolida en Nicaragua una &quot;dinast\u00eda&quot; - Sarmiento24h\" \/>\n<meta property=\"og:description\" content=\"Ni las advertencias de Estados Unidos parecen&#046;&#046;&#046;\" \/>\n<meta property=\"og:url\" content=\"https:\/\/sarmiento24h.com\/?p=411726\" \/>\n<meta property=\"og:site_name\" content=\"Sarmiento24h\" \/>\n<meta property=\"article:publisher\" content=\"https:\/\/facebook.com\/s24hnoticias\" \/>\n<meta property=\"article:published_time\" content=\"2026-09-03T17:56:59+00:00\" \/>\n<meta property=\"og:image\" content=\"https:\/\/s.france24.com\/media\/display\/dd11aee0-8527-11f1-a846-005056bfb2b6\/w:980\/ORTEGA-OK.jpg\" \/>\n<meta name=\"author\" content=\"sarmiento24h@gmail.com\" \/>\n<meta name=\"twitter:card\" content=\"summary_large_image\" \/>\n<meta name=\"twitter:creator\" content=\"@sarmiento24h\" \/>\n<meta name=\"twitter:site\" content=\"@sarmiento24h\" \/>\n<meta name=\"twitter:label1\" content=\"Escrito por\" \/>\n\t<meta name=\"twitter:data1\" content=\"sarmiento24h@gmail.com\" \/>\n\t<meta name=\"twitter:label2\" content=\"Tiempo de lectura\" \/>\n\t<meta name=\"twitter:data2\" content=\"11 minutos\" \/>\n<script type=\"application\/ld+json\" class=\"yoast-schema-graph\">{\"@context\":\"https:\\\/\\\/schema.org\",\"@graph\":[{\"@type\":\"Article\",\"@id\":\"https:\\\/\\\/sarmiento24h.com\\\/?p=411726#article\",\"isPartOf\":{\"@id\":\"https:\\\/\\\/sarmiento24h.com\\\/?p=411726\"},\"author\":{\"name\":\"sarmiento24h@gmail.com\",\"@id\":\"https:\\\/\\\/sarmiento24h.com\\\/#\\\/schema\\\/person\\\/d653a59725ad629a7e0429af7b939d4d\"},\"headline\":\"\u201cNi se vende ni se rinde\u201d: Ortega desaf\u00eda a EE. UU. mientras consolida en Nicaragua una \u00abdinast\u00eda\u00bb\",\"datePublished\":\"2026-09-03T17:56:59+00:00\",\"mainEntityOfPage\":{\"@id\":\"https:\\\/\\\/sarmiento24h.com\\\/?p=411726\"},\"wordCount\":2268,\"publisher\":{\"@id\":\"https:\\\/\\\/sarmiento24h.com\\\/#organization\"},\"image\":{\"@id\":\"https:\\\/\\\/sarmiento24h.com\\\/?p=411726#primaryimage\"},\"thumbnailUrl\":\"https:\\\/\\\/sarmiento24h.com\\\/wp-content\\\/uploads\\\/2026\\\/09\\\/ni-se-vende-ni-se-rinde-ortega-desafia-a-ee-uu-mientras-consolida-en-nicaragua-una-dinastia.jpg\",\"articleSection\":[\"Internacionales\"],\"inLanguage\":\"es\"},{\"@type\":\"WebPage\",\"@id\":\"https:\\\/\\\/sarmiento24h.com\\\/?p=411726\",\"url\":\"https:\\\/\\\/sarmiento24h.com\\\/?p=411726\",\"name\":\"\u201cNi se vende ni se rinde\u201d: Ortega desaf\u00eda a EE. UU. mientras consolida en Nicaragua una \\\"dinast\u00eda\\\" - Sarmiento24h\",\"isPartOf\":{\"@id\":\"https:\\\/\\\/sarmiento24h.com\\\/#website\"},\"primaryImageOfPage\":{\"@id\":\"https:\\\/\\\/sarmiento24h.com\\\/?p=411726#primaryimage\"},\"image\":{\"@id\":\"https:\\\/\\\/sarmiento24h.com\\\/?p=411726#primaryimage\"},\"thumbnailUrl\":\"https:\\\/\\\/sarmiento24h.com\\\/wp-content\\\/uploads\\\/2026\\\/09\\\/ni-se-vende-ni-se-rinde-ortega-desafia-a-ee-uu-mientras-consolida-en-nicaragua-una-dinastia.jpg\",\"datePublished\":\"2026-09-03T17:56:59+00:00\",\"breadcrumb\":{\"@id\":\"https:\\\/\\\/sarmiento24h.com\\\/?p=411726#breadcrumb\"},\"inLanguage\":\"es\",\"potentialAction\":[{\"@type\":\"ReadAction\",\"target\":[\"https:\\\/\\\/sarmiento24h.com\\\/?p=411726\"]}]},{\"@type\":\"ImageObject\",\"inLanguage\":\"es\",\"@id\":\"https:\\\/\\\/sarmiento24h.com\\\/?p=411726#primaryimage\",\"url\":\"https:\\\/\\\/sarmiento24h.com\\\/wp-content\\\/uploads\\\/2026\\\/09\\\/ni-se-vende-ni-se-rinde-ortega-desafia-a-ee-uu-mientras-consolida-en-nicaragua-una-dinastia.jpg\",\"contentUrl\":\"https:\\\/\\\/sarmiento24h.com\\\/wp-content\\\/uploads\\\/2026\\\/09\\\/ni-se-vende-ni-se-rinde-ortega-desafia-a-ee-uu-mientras-consolida-en-nicaragua-una-dinastia.jpg\",\"width\":980,\"height\":551},{\"@type\":\"BreadcrumbList\",\"@id\":\"https:\\\/\\\/sarmiento24h.com\\\/?p=411726#breadcrumb\",\"itemListElement\":[{\"@type\":\"ListItem\",\"position\":1,\"name\":\"Home\",\"item\":\"https:\\\/\\\/sarmiento24h.com\\\/\"},{\"@type\":\"ListItem\",\"position\":2,\"name\":\"\u201cNi se vende ni se rinde\u201d: Ortega desaf\u00eda a EE. UU. mientras consolida en Nicaragua una \u00abdinast\u00eda\u00bb\"}]},{\"@type\":\"WebSite\",\"@id\":\"https:\\\/\\\/sarmiento24h.com\\\/#website\",\"url\":\"https:\\\/\\\/sarmiento24h.com\\\/\",\"name\":\"Sarmiento24h\",\"description\":\"\",\"publisher\":{\"@id\":\"https:\\\/\\\/sarmiento24h.com\\\/#organization\"},\"potentialAction\":[{\"@type\":\"SearchAction\",\"target\":{\"@type\":\"EntryPoint\",\"urlTemplate\":\"https:\\\/\\\/sarmiento24h.com\\\/?s={search_term_string}\"},\"query-input\":{\"@type\":\"PropertyValueSpecification\",\"valueRequired\":true,\"valueName\":\"search_term_string\"}}],\"inLanguage\":\"es\"},{\"@type\":\"Organization\",\"@id\":\"https:\\\/\\\/sarmiento24h.com\\\/#organization\",\"name\":\"Sarmiento24h\",\"url\":\"https:\\\/\\\/sarmiento24h.com\\\/\",\"logo\":{\"@type\":\"ImageObject\",\"inLanguage\":\"es\",\"@id\":\"https:\\\/\\\/sarmiento24h.com\\\/#\\\/schema\\\/logo\\\/image\\\/\",\"url\":\"https:\\\/\\\/sarmiento24h.com\\\/wp-content\\\/uploads\\\/2025\\\/12\\\/AddText_12-16-10.30.52.jpg\",\"contentUrl\":\"https:\\\/\\\/sarmiento24h.com\\\/wp-content\\\/uploads\\\/2025\\\/12\\\/AddText_12-16-10.30.52.jpg\",\"width\":1220,\"height\":324,\"caption\":\"Sarmiento24h\"},\"image\":{\"@id\":\"https:\\\/\\\/sarmiento24h.com\\\/#\\\/schema\\\/logo\\\/image\\\/\"},\"sameAs\":[\"https:\\\/\\\/facebook.com\\\/s24hnoticias\",\"https:\\\/\\\/x.com\\\/sarmiento24h\"]},{\"@type\":\"Person\",\"@id\":\"https:\\\/\\\/sarmiento24h.com\\\/#\\\/schema\\\/person\\\/d653a59725ad629a7e0429af7b939d4d\",\"name\":\"sarmiento24h@gmail.com\",\"image\":{\"@type\":\"ImageObject\",\"inLanguage\":\"es\",\"@id\":\"https:\\\/\\\/sarmiento24h.com\\\/wp-content\\\/litespeed\\\/avatar\\\/d02cbc4e23c747e6659cd45907173c8f.jpg?ver=1788047690\",\"url\":\"https:\\\/\\\/sarmiento24h.com\\\/wp-content\\\/litespeed\\\/avatar\\\/d02cbc4e23c747e6659cd45907173c8f.jpg?ver=1788047690\",\"contentUrl\":\"https:\\\/\\\/sarmiento24h.com\\\/wp-content\\\/litespeed\\\/avatar\\\/d02cbc4e23c747e6659cd45907173c8f.jpg?ver=1788047690\",\"caption\":\"sarmiento24h@gmail.com\"},\"sameAs\":[\"https:\\\/\\\/sarmiento24h.com\"],\"url\":\"https:\\\/\\\/sarmiento24h.com\\\/?author=1\"}]}<\/script>\n<!-- \/ Yoast SEO plugin. -->","yoast_head_json":{"title":"\u201cNi se vende ni se rinde\u201d: Ortega desaf\u00eda a EE. UU. mientras consolida en Nicaragua una \"dinast\u00eda\" - Sarmiento24h","robots":{"index":"index","follow":"follow","max-snippet":"max-snippet:-1","max-image-preview":"max-image-preview:large","max-video-preview":"max-video-preview:-1"},"canonical":"https:\/\/sarmiento24h.com\/?p=411726","og_locale":"es_ES","og_type":"article","og_title":"\u201cNi se vende ni se rinde\u201d: Ortega desaf\u00eda a EE. UU. mientras consolida en Nicaragua una \"dinast\u00eda\" - Sarmiento24h","og_description":"Ni las advertencias de Estados Unidos parecen&#46;&#46;&#46;","og_url":"https:\/\/sarmiento24h.com\/?p=411726","og_site_name":"Sarmiento24h","article_publisher":"https:\/\/facebook.com\/s24hnoticias","article_published_time":"2026-09-03T17:56:59+00:00","og_image":[{"url":"https:\/\/s.france24.com\/media\/display\/dd11aee0-8527-11f1-a846-005056bfb2b6\/w:980\/ORTEGA-OK.jpg","type":"","width":"","height":""}],"author":"sarmiento24h@gmail.com","twitter_card":"summary_large_image","twitter_creator":"@sarmiento24h","twitter_site":"@sarmiento24h","twitter_misc":{"Escrito por":"sarmiento24h@gmail.com","Tiempo de lectura":"11 minutos"},"schema":{"@context":"https:\/\/schema.org","@graph":[{"@type":"Article","@id":"https:\/\/sarmiento24h.com\/?p=411726#article","isPartOf":{"@id":"https:\/\/sarmiento24h.com\/?p=411726"},"author":{"name":"sarmiento24h@gmail.com","@id":"https:\/\/sarmiento24h.com\/#\/schema\/person\/d653a59725ad629a7e0429af7b939d4d"},"headline":"\u201cNi se vende ni se rinde\u201d: Ortega desaf\u00eda a EE. UU. mientras consolida en Nicaragua una \u00abdinast\u00eda\u00bb","datePublished":"2026-09-03T17:56:59+00:00","mainEntityOfPage":{"@id":"https:\/\/sarmiento24h.com\/?p=411726"},"wordCount":2268,"publisher":{"@id":"https:\/\/sarmiento24h.com\/#organization"},"image":{"@id":"https:\/\/sarmiento24h.com\/?p=411726#primaryimage"},"thumbnailUrl":"https:\/\/sarmiento24h.com\/wp-content\/uploads\/2026\/09\/ni-se-vende-ni-se-rinde-ortega-desafia-a-ee-uu-mientras-consolida-en-nicaragua-una-dinastia.jpg","articleSection":["Internacionales"],"inLanguage":"es"},{"@type":"WebPage","@id":"https:\/\/sarmiento24h.com\/?p=411726","url":"https:\/\/sarmiento24h.com\/?p=411726","name":"\u201cNi se vende ni se rinde\u201d: Ortega desaf\u00eda a EE. UU. mientras consolida en Nicaragua una \"dinast\u00eda\" - Sarmiento24h","isPartOf":{"@id":"https:\/\/sarmiento24h.com\/#website"},"primaryImageOfPage":{"@id":"https:\/\/sarmiento24h.com\/?p=411726#primaryimage"},"image":{"@id":"https:\/\/sarmiento24h.com\/?p=411726#primaryimage"},"thumbnailUrl":"https:\/\/sarmiento24h.com\/wp-content\/uploads\/2026\/09\/ni-se-vende-ni-se-rinde-ortega-desafia-a-ee-uu-mientras-consolida-en-nicaragua-una-dinastia.jpg","datePublished":"2026-09-03T17:56:59+00:00","breadcrumb":{"@id":"https:\/\/sarmiento24h.com\/?p=411726#breadcrumb"},"inLanguage":"es","potentialAction":[{"@type":"ReadAction","target":["https:\/\/sarmiento24h.com\/?p=411726"]}]},{"@type":"ImageObject","inLanguage":"es","@id":"https:\/\/sarmiento24h.com\/?p=411726#primaryimage","url":"https:\/\/sarmiento24h.com\/wp-content\/uploads\/2026\/09\/ni-se-vende-ni-se-rinde-ortega-desafia-a-ee-uu-mientras-consolida-en-nicaragua-una-dinastia.jpg","contentUrl":"https:\/\/sarmiento24h.com\/wp-content\/uploads\/2026\/09\/ni-se-vende-ni-se-rinde-ortega-desafia-a-ee-uu-mientras-consolida-en-nicaragua-una-dinastia.jpg","width":980,"height":551},{"@type":"BreadcrumbList","@id":"https:\/\/sarmiento24h.com\/?p=411726#breadcrumb","itemListElement":[{"@type":"ListItem","position":1,"name":"Home","item":"https:\/\/sarmiento24h.com\/"},{"@type":"ListItem","position":2,"name":"\u201cNi se vende ni se rinde\u201d: Ortega desaf\u00eda a EE. UU. mientras consolida en Nicaragua una \u00abdinast\u00eda\u00bb"}]},{"@type":"WebSite","@id":"https:\/\/sarmiento24h.com\/#website","url":"https:\/\/sarmiento24h.com\/","name":"Sarmiento24h","description":"","publisher":{"@id":"https:\/\/sarmiento24h.com\/#organization"},"potentialAction":[{"@type":"SearchAction","target":{"@type":"EntryPoint","urlTemplate":"https:\/\/sarmiento24h.com\/?s={search_term_string}"},"query-input":{"@type":"PropertyValueSpecification","valueRequired":true,"valueName":"search_term_string"}}],"inLanguage":"es"},{"@type":"Organization","@id":"https:\/\/sarmiento24h.com\/#organization","name":"Sarmiento24h","url":"https:\/\/sarmiento24h.com\/","logo":{"@type":"ImageObject","inLanguage":"es","@id":"https:\/\/sarmiento24h.com\/#\/schema\/logo\/image\/","url":"https:\/\/sarmiento24h.com\/wp-content\/uploads\/2025\/12\/AddText_12-16-10.30.52.jpg","contentUrl":"https:\/\/sarmiento24h.com\/wp-content\/uploads\/2025\/12\/AddText_12-16-10.30.52.jpg","width":1220,"height":324,"caption":"Sarmiento24h"},"image":{"@id":"https:\/\/sarmiento24h.com\/#\/schema\/logo\/image\/"},"sameAs":["https:\/\/facebook.com\/s24hnoticias","https:\/\/x.com\/sarmiento24h"]},{"@type":"Person","@id":"https:\/\/sarmiento24h.com\/#\/schema\/person\/d653a59725ad629a7e0429af7b939d4d","name":"sarmiento24h@gmail.com","image":{"@type":"ImageObject","inLanguage":"es","@id":"https:\/\/sarmiento24h.com\/wp-content\/litespeed\/avatar\/d02cbc4e23c747e6659cd45907173c8f.jpg?ver=1788047690","url":"https:\/\/sarmiento24h.com\/wp-content\/litespeed\/avatar\/d02cbc4e23c747e6659cd45907173c8f.jpg?ver=1788047690","contentUrl":"https:\/\/sarmiento24h.com\/wp-content\/litespeed\/avatar\/d02cbc4e23c747e6659cd45907173c8f.jpg?ver=1788047690","caption":"sarmiento24h@gmail.com"},"sameAs":["https:\/\/sarmiento24h.com"],"url":"https:\/\/sarmiento24h.com\/?author=1"}]}},"jetpack_publicize_connections":[],"jetpack_featured_media_url":"https:\/\/sarmiento24h.com\/wp-content\/uploads\/2026\/09\/ni-se-vende-ni-se-rinde-ortega-desafia-a-ee-uu-mientras-consolida-en-nicaragua-una-dinastia.jpg","jetpack_sharing_enabled":true,"_links":{"self":[{"href":"https:\/\/sarmiento24h.com\/index.php?rest_route=\/wp\/v2\/posts\/411726","targetHints":{"allow":["GET"]}}],"collection":[{"href":"https:\/\/sarmiento24h.com\/index.php?rest_route=\/wp\/v2\/posts"}],"about":[{"href":"https:\/\/sarmiento24h.com\/index.php?rest_route=\/wp\/v2\/types\/post"}],"author":[{"embeddable":true,"href":"https:\/\/sarmiento24h.com\/index.php?rest_route=\/wp\/v2\/users\/1"}],"replies":[{"embeddable":true,"href":"https:\/\/sarmiento24h.com\/index.php?rest_route=%2Fwp%2Fv2%2Fcomments&post=411726"}],"version-history":[{"count":0,"href":"https:\/\/sarmiento24h.com\/index.php?rest_route=\/wp\/v2\/posts\/411726\/revisions"}],"wp:featuredmedia":[{"embeddable":true,"href":"https:\/\/sarmiento24h.com\/index.php?rest_route=\/wp\/v2\/media\/411727"}],"wp:attachment":[{"href":"https:\/\/sarmiento24h.com\/index.php?rest_route=%2Fwp%2Fv2%2Fmedia&parent=411726"}],"wp:term":[{"taxonomy":"category","embeddable":true,"href":"https:\/\/sarmiento24h.com\/index.php?rest_route=%2Fwp%2Fv2%2Fcategories&post=411726"},{"taxonomy":"post_tag","embeddable":true,"href":"https:\/\/sarmiento24h.com\/index.php?rest_route=%2Fwp%2Fv2%2Ftags&post=411726"}],"curies":[{"name":"wp","href":"https:\/\/api.w.org\/{rel}","templated":true}]}}