{"id":411728,"date":"2026-09-03T17:57:00","date_gmt":"2026-09-03T17:57:00","guid":{"rendered":"https:\/\/pinceldigital.do\/?p=76099"},"modified":"2026-09-03T17:57:00","modified_gmt":"2026-09-03T17:57:00","slug":"juan-jose-rojas-no-descarta-aspirar-a-la-alcaldia-de-santo-domingo-este-para-2028","status":"publish","type":"post","link":"https:\/\/sarmiento24h.com\/?p=411728","title":{"rendered":"Juan Jos\u00e9 Rojas no descarta aspirar a la Alcald\u00eda de Santo Domingo Este para 2028"},"content":{"rendered":"<div><img decoding=\"async\" src=\"https:\/\/pinceldigital.do\/wp-content\/uploads\/2026\/09\/89735a87-6e16-4283-8291-e3a40ee4211f.jpeg\" class=\"ff-og-image-inserted\"><\/div>\n<div class=\"tdb-block-inner td-fix-index\">\n<p class=\"wp-block-paragraph\">SANTO DOMINGO.\u2013 El diputado del Partido Revolucionario Moderno (PRM) por la circunscripci\u00f3n n\u00famero 3 de la provincia Santo Domingo, Juan Jos\u00e9 Rojas, no descart\u00f3 la posibilidad de aspirar a la Alcald\u00eda de Santo Domingo Este en las elecciones de 2028, al tiempo que destac\u00f3 las inversiones que realiza el Gobierno en esa demarcaci\u00f3n.<\/p>\n<p class=\"wp-block-paragraph\">Durante una entrevista en el programa Matinal, del Grupo de Medios Telemicro, Rojas dej\u00f3 abierta la puerta a futuras aspiraciones pol\u00edticas y se\u00f1al\u00f3 que podr\u00eda optar por una posici\u00f3n electiva, entre ellas la Alcald\u00eda, una nueva candidatura a la C\u00e1mara de Diputados o eventualmente la Senadur\u00eda de la provincia Santo Domingo.<\/p>\n<p class=\"wp-block-paragraph\">El legislador tambi\u00e9n valor\u00f3 las obras que, seg\u00fan afirm\u00f3, est\u00e1n transformando Santo Domingo Este, entre ellas la avenida Ecol\u00f3gica, la autopista de San Isidro, la avenida Las Damas y otros proyectos relacionados con infraestructura y transporte.<\/p>\n<p class=\"wp-block-paragraph\">San Luis avanza hacia su municipalizaci\u00f3n<\/p>\n<p class=\"wp-block-paragraph\">Rojas inform\u00f3 adem\u00e1s que contin\u00faa avanzando en el Congreso Nacional el proyecto de ley que busca elevar el distrito municipal de San Luis a la categor\u00eda de municipio.<\/p>\n<p class=\"wp-block-paragraph\">Explic\u00f3 que la iniciativa fue reintroducida luego de perimir durante la legislatura anterior y que ya cuenta con un informe favorable de la Comisi\u00f3n de Asuntos Municipales de la C\u00e1mara de Diputados, por lo que espera que sea conocida pr\u00f3ximamente por el pleno.<\/p>\n<p class=\"wp-block-paragraph\">En el \u00e1mbito partidario, el diputado reiter\u00f3 su respaldo a Carolina Mej\u00eda como eventual candidata presidencial del PRM, destacando la prudencia que, a su juicio, ha mostrado en el ejercicio de sus responsabilidades p\u00fablicas.<\/p>\n<p class=\"wp-block-paragraph\">Rojas asegur\u00f3 que continuar\u00e1 trabajando desde el Congreso en iniciativas dirigidas a impulsar el desarrollo de Santo Domingo Este y mejorar las condiciones de vida de las comunidades que representa.<\/p>\n<\/div>\n","protected":false},"excerpt":{"rendered":"<p>SANTO DOMINGO.\u2013 El diputado del Partido Revolucionario&#46;&#46;&#46;<\/p>\n","protected":false},"author":1,"featured_media":411729,"comment_status":"closed","ping_status":"closed","sticky":false,"template":"","format":"standard","meta":{"_jetpack_newsletter_access":"","_jetpack_dont_email_post_to_subs":false,"_jetpack_newsletter_tier_id":0,"_jetpack_memberships_contains_paywalled_content":false,"_jetpack_feature_clip_id":0,"_jetpack_memberships_contains_paid_content":false,"footnotes":"","jetpack_publicize_message":"","jetpack_publicize_feature_enabled":true,"jetpack_social_post_already_shared":true,"jetpack_social_options":{"image_generator_settings":{"template":"highway","default_image_id":0,"font":"","enabled":false},"version":2},"jetpack_post_was_ever_published":false},"categories":[42],"tags":[],"class_list":["post-411728","post","type-post","status-publish","format-standard","has-post-thumbnail","hentry","category-nacionales"],"yoast_head":"<!-- This site is optimized with the Yoast SEO plugin v28.1 - https:\/\/yoast.com\/product\/yoast-seo-wordpress\/ -->\n<title>Juan Jos\u00e9 Rojas no descarta aspirar a la Alcald\u00eda de Santo Domingo Este para 2028 - Sarmiento24h<\/title>\n<meta name=\"robots\" content=\"index, follow, max-snippet:-1, max-image-preview:large, max-video-preview:-1\" \/>\n<link rel=\"canonical\" href=\"https:\/\/sarmiento24h.com\/?p=411728\" \/>\n<meta property=\"og:locale\" content=\"es_ES\" \/>\n<meta property=\"og:type\" content=\"article\" \/>\n<meta property=\"og:title\" content=\"Juan Jos\u00e9 Rojas no descarta aspirar a la Alcald\u00eda de Santo Domingo Este para 2028 - Sarmiento24h\" \/>\n<meta property=\"og:description\" content=\"SANTO DOMINGO.\u2013 El diputado del Partido Revolucionario&#046;&#046;&#046;\" \/>\n<meta property=\"og:url\" content=\"https:\/\/sarmiento24h.com\/?p=411728\" \/>\n<meta property=\"og:site_name\" content=\"Sarmiento24h\" \/>\n<meta property=\"article:publisher\" content=\"https:\/\/facebook.com\/s24hnoticias\" \/>\n<meta property=\"article:published_time\" content=\"2026-09-03T17:57:00+00:00\" \/>\n<meta property=\"og:image\" content=\"https:\/\/pinceldigital.do\/wp-content\/uploads\/2026\/09\/89735a87-6e16-4283-8291-e3a40ee4211f.jpeg\" \/>\n<meta name=\"author\" content=\"sarmiento24h@gmail.com\" \/>\n<meta name=\"twitter:card\" content=\"summary_large_image\" \/>\n<meta name=\"twitter:creator\" content=\"@sarmiento24h\" \/>\n<meta name=\"twitter:site\" content=\"@sarmiento24h\" \/>\n<meta name=\"twitter:label1\" content=\"Escrito por\" \/>\n\t<meta name=\"twitter:data1\" content=\"sarmiento24h@gmail.com\" \/>\n\t<meta name=\"twitter:label2\" content=\"Tiempo de lectura\" \/>\n\t<meta name=\"twitter:data2\" content=\"2 minutos\" \/>\n<script type=\"application\/ld+json\" class=\"yoast-schema-graph\">{\"@context\":\"https:\\\/\\\/schema.org\",\"@graph\":[{\"@type\":\"Article\",\"@id\":\"https:\\\/\\\/sarmiento24h.com\\\/?p=411728#article\",\"isPartOf\":{\"@id\":\"https:\\\/\\\/sarmiento24h.com\\\/?p=411728\"},\"author\":{\"name\":\"sarmiento24h@gmail.com\",\"@id\":\"https:\\\/\\\/sarmiento24h.com\\\/#\\\/schema\\\/person\\\/d653a59725ad629a7e0429af7b939d4d\"},\"headline\":\"Juan Jos\u00e9 Rojas no descarta aspirar a la Alcald\u00eda de Santo Domingo Este para 2028\",\"datePublished\":\"2026-09-03T17:57:00+00:00\",\"mainEntityOfPage\":{\"@id\":\"https:\\\/\\\/sarmiento24h.com\\\/?p=411728\"},\"wordCount\":318,\"publisher\":{\"@id\":\"https:\\\/\\\/sarmiento24h.com\\\/#organization\"},\"image\":{\"@id\":\"https:\\\/\\\/sarmiento24h.com\\\/?p=411728#primaryimage\"},\"thumbnailUrl\":\"https:\\\/\\\/sarmiento24h.com\\\/wp-content\\\/uploads\\\/2026\\\/09\\\/juan-jose-rojas-no-descarta-aspirar-a-la-alcaldia-de-santo-domingo-este-para-2028.jpg\",\"articleSection\":[\"Nacionales\"],\"inLanguage\":\"es\"},{\"@type\":\"WebPage\",\"@id\":\"https:\\\/\\\/sarmiento24h.com\\\/?p=411728\",\"url\":\"https:\\\/\\\/sarmiento24h.com\\\/?p=411728\",\"name\":\"Juan Jos\u00e9 Rojas no descarta aspirar a la Alcald\u00eda de Santo Domingo Este para 2028 - Sarmiento24h\",\"isPartOf\":{\"@id\":\"https:\\\/\\\/sarmiento24h.com\\\/#website\"},\"primaryImageOfPage\":{\"@id\":\"https:\\\/\\\/sarmiento24h.com\\\/?p=411728#primaryimage\"},\"image\":{\"@id\":\"https:\\\/\\\/sarmiento24h.com\\\/?p=411728#primaryimage\"},\"thumbnailUrl\":\"https:\\\/\\\/sarmiento24h.com\\\/wp-content\\\/uploads\\\/2026\\\/09\\\/juan-jose-rojas-no-descarta-aspirar-a-la-alcaldia-de-santo-domingo-este-para-2028.jpg\",\"datePublished\":\"2026-09-03T17:57:00+00:00\",\"breadcrumb\":{\"@id\":\"https:\\\/\\\/sarmiento24h.com\\\/?p=411728#breadcrumb\"},\"inLanguage\":\"es\",\"potentialAction\":[{\"@type\":\"ReadAction\",\"target\":[\"https:\\\/\\\/sarmiento24h.com\\\/?p=411728\"]}]},{\"@type\":\"ImageObject\",\"inLanguage\":\"es\",\"@id\":\"https:\\\/\\\/sarmiento24h.com\\\/?p=411728#primaryimage\",\"url\":\"https:\\\/\\\/sarmiento24h.com\\\/wp-content\\\/uploads\\\/2026\\\/09\\\/juan-jose-rojas-no-descarta-aspirar-a-la-alcaldia-de-santo-domingo-este-para-2028.jpg\",\"contentUrl\":\"https:\\\/\\\/sarmiento24h.com\\\/wp-content\\\/uploads\\\/2026\\\/09\\\/juan-jose-rojas-no-descarta-aspirar-a-la-alcaldia-de-santo-domingo-este-para-2028.jpg\",\"width\":696,\"height\":607},{\"@type\":\"BreadcrumbList\",\"@id\":\"https:\\\/\\\/sarmiento24h.com\\\/?p=411728#breadcrumb\",\"itemListElement\":[{\"@type\":\"ListItem\",\"position\":1,\"name\":\"Home\",\"item\":\"https:\\\/\\\/sarmiento24h.com\\\/\"},{\"@type\":\"ListItem\",\"position\":2,\"name\":\"Juan Jos\u00e9 Rojas no descarta aspirar a la Alcald\u00eda de Santo Domingo Este para 2028\"}]},{\"@type\":\"WebSite\",\"@id\":\"https:\\\/\\\/sarmiento24h.com\\\/#website\",\"url\":\"https:\\\/\\\/sarmiento24h.com\\\/\",\"name\":\"Sarmiento24h\",\"description\":\"\",\"publisher\":{\"@id\":\"https:\\\/\\\/sarmiento24h.com\\\/#organization\"},\"potentialAction\":[{\"@type\":\"SearchAction\",\"target\":{\"@type\":\"EntryPoint\",\"urlTemplate\":\"https:\\\/\\\/sarmiento24h.com\\\/?s={search_term_string}\"},\"query-input\":{\"@type\":\"PropertyValueSpecification\",\"valueRequired\":true,\"valueName\":\"search_term_string\"}}],\"inLanguage\":\"es\"},{\"@type\":\"Organization\",\"@id\":\"https:\\\/\\\/sarmiento24h.com\\\/#organization\",\"name\":\"Sarmiento24h\",\"url\":\"https:\\\/\\\/sarmiento24h.com\\\/\",\"logo\":{\"@type\":\"ImageObject\",\"inLanguage\":\"es\",\"@id\":\"https:\\\/\\\/sarmiento24h.com\\\/#\\\/schema\\\/logo\\\/image\\\/\",\"url\":\"https:\\\/\\\/sarmiento24h.com\\\/wp-content\\\/uploads\\\/2025\\\/12\\\/AddText_12-16-10.30.52.jpg\",\"contentUrl\":\"https:\\\/\\\/sarmiento24h.com\\\/wp-content\\\/uploads\\\/2025\\\/12\\\/AddText_12-16-10.30.52.jpg\",\"width\":1220,\"height\":324,\"caption\":\"Sarmiento24h\"},\"image\":{\"@id\":\"https:\\\/\\\/sarmiento24h.com\\\/#\\\/schema\\\/logo\\\/image\\\/\"},\"sameAs\":[\"https:\\\/\\\/facebook.com\\\/s24hnoticias\",\"https:\\\/\\\/x.com\\\/sarmiento24h\"]},{\"@type\":\"Person\",\"@id\":\"https:\\\/\\\/sarmiento24h.com\\\/#\\\/schema\\\/person\\\/d653a59725ad629a7e0429af7b939d4d\",\"name\":\"sarmiento24h@gmail.com\",\"image\":{\"@type\":\"ImageObject\",\"inLanguage\":\"es\",\"@id\":\"https:\\\/\\\/sarmiento24h.com\\\/wp-content\\\/litespeed\\\/avatar\\\/d02cbc4e23c747e6659cd45907173c8f.jpg?ver=1788047690\",\"url\":\"https:\\\/\\\/sarmiento24h.com\\\/wp-content\\\/litespeed\\\/avatar\\\/d02cbc4e23c747e6659cd45907173c8f.jpg?ver=1788047690\",\"contentUrl\":\"https:\\\/\\\/sarmiento24h.com\\\/wp-content\\\/litespeed\\\/avatar\\\/d02cbc4e23c747e6659cd45907173c8f.jpg?ver=1788047690\",\"caption\":\"sarmiento24h@gmail.com\"},\"sameAs\":[\"https:\\\/\\\/sarmiento24h.com\"],\"url\":\"https:\\\/\\\/sarmiento24h.com\\\/?author=1\"}]}<\/script>\n<!-- \/ Yoast SEO plugin. -->","yoast_head_json":{"title":"Juan Jos\u00e9 Rojas no descarta aspirar a la Alcald\u00eda de Santo Domingo Este para 2028 - Sarmiento24h","robots":{"index":"index","follow":"follow","max-snippet":"max-snippet:-1","max-image-preview":"max-image-preview:large","max-video-preview":"max-video-preview:-1"},"canonical":"https:\/\/sarmiento24h.com\/?p=411728","og_locale":"es_ES","og_type":"article","og_title":"Juan Jos\u00e9 Rojas no descarta aspirar a la Alcald\u00eda de Santo Domingo Este para 2028 - Sarmiento24h","og_description":"SANTO DOMINGO.\u2013 El diputado del Partido Revolucionario&#46;&#46;&#46;","og_url":"https:\/\/sarmiento24h.com\/?p=411728","og_site_name":"Sarmiento24h","article_publisher":"https:\/\/facebook.com\/s24hnoticias","article_published_time":"2026-09-03T17:57:00+00:00","og_image":[{"url":"https:\/\/pinceldigital.do\/wp-content\/uploads\/2026\/09\/89735a87-6e16-4283-8291-e3a40ee4211f.jpeg","type":"","width":"","height":""}],"author":"sarmiento24h@gmail.com","twitter_card":"summary_large_image","twitter_creator":"@sarmiento24h","twitter_site":"@sarmiento24h","twitter_misc":{"Escrito por":"sarmiento24h@gmail.com","Tiempo de lectura":"2 minutos"},"schema":{"@context":"https:\/\/schema.org","@graph":[{"@type":"Article","@id":"https:\/\/sarmiento24h.com\/?p=411728#article","isPartOf":{"@id":"https:\/\/sarmiento24h.com\/?p=411728"},"author":{"name":"sarmiento24h@gmail.com","@id":"https:\/\/sarmiento24h.com\/#\/schema\/person\/d653a59725ad629a7e0429af7b939d4d"},"headline":"Juan Jos\u00e9 Rojas no descarta aspirar a la Alcald\u00eda de Santo Domingo Este para 2028","datePublished":"2026-09-03T17:57:00+00:00","mainEntityOfPage":{"@id":"https:\/\/sarmiento24h.com\/?p=411728"},"wordCount":318,"publisher":{"@id":"https:\/\/sarmiento24h.com\/#organization"},"image":{"@id":"https:\/\/sarmiento24h.com\/?p=411728#primaryimage"},"thumbnailUrl":"https:\/\/sarmiento24h.com\/wp-content\/uploads\/2026\/09\/juan-jose-rojas-no-descarta-aspirar-a-la-alcaldia-de-santo-domingo-este-para-2028.jpg","articleSection":["Nacionales"],"inLanguage":"es"},{"@type":"WebPage","@id":"https:\/\/sarmiento24h.com\/?p=411728","url":"https:\/\/sarmiento24h.com\/?p=411728","name":"Juan Jos\u00e9 Rojas no descarta aspirar a la Alcald\u00eda de Santo Domingo Este para 2028 - Sarmiento24h","isPartOf":{"@id":"https:\/\/sarmiento24h.com\/#website"},"primaryImageOfPage":{"@id":"https:\/\/sarmiento24h.com\/?p=411728#primaryimage"},"image":{"@id":"https:\/\/sarmiento24h.com\/?p=411728#primaryimage"},"thumbnailUrl":"https:\/\/sarmiento24h.com\/wp-content\/uploads\/2026\/09\/juan-jose-rojas-no-descarta-aspirar-a-la-alcaldia-de-santo-domingo-este-para-2028.jpg","datePublished":"2026-09-03T17:57:00+00:00","breadcrumb":{"@id":"https:\/\/sarmiento24h.com\/?p=411728#breadcrumb"},"inLanguage":"es","potentialAction":[{"@type":"ReadAction","target":["https:\/\/sarmiento24h.com\/?p=411728"]}]},{"@type":"ImageObject","inLanguage":"es","@id":"https:\/\/sarmiento24h.com\/?p=411728#primaryimage","url":"https:\/\/sarmiento24h.com\/wp-content\/uploads\/2026\/09\/juan-jose-rojas-no-descarta-aspirar-a-la-alcaldia-de-santo-domingo-este-para-2028.jpg","contentUrl":"https:\/\/sarmiento24h.com\/wp-content\/uploads\/2026\/09\/juan-jose-rojas-no-descarta-aspirar-a-la-alcaldia-de-santo-domingo-este-para-2028.jpg","width":696,"height":607},{"@type":"BreadcrumbList","@id":"https:\/\/sarmiento24h.com\/?p=411728#breadcrumb","itemListElement":[{"@type":"ListItem","position":1,"name":"Home","item":"https:\/\/sarmiento24h.com\/"},{"@type":"ListItem","position":2,"name":"Juan Jos\u00e9 Rojas no descarta aspirar a la Alcald\u00eda de Santo Domingo Este para 2028"}]},{"@type":"WebSite","@id":"https:\/\/sarmiento24h.com\/#website","url":"https:\/\/sarmiento24h.com\/","name":"Sarmiento24h","description":"","publisher":{"@id":"https:\/\/sarmiento24h.com\/#organization"},"potentialAction":[{"@type":"SearchAction","target":{"@type":"EntryPoint","urlTemplate":"https:\/\/sarmiento24h.com\/?s={search_term_string}"},"query-input":{"@type":"PropertyValueSpecification","valueRequired":true,"valueName":"search_term_string"}}],"inLanguage":"es"},{"@type":"Organization","@id":"https:\/\/sarmiento24h.com\/#organization","name":"Sarmiento24h","url":"https:\/\/sarmiento24h.com\/","logo":{"@type":"ImageObject","inLanguage":"es","@id":"https:\/\/sarmiento24h.com\/#\/schema\/logo\/image\/","url":"https:\/\/sarmiento24h.com\/wp-content\/uploads\/2025\/12\/AddText_12-16-10.30.52.jpg","contentUrl":"https:\/\/sarmiento24h.com\/wp-content\/uploads\/2025\/12\/AddText_12-16-10.30.52.jpg","width":1220,"height":324,"caption":"Sarmiento24h"},"image":{"@id":"https:\/\/sarmiento24h.com\/#\/schema\/logo\/image\/"},"sameAs":["https:\/\/facebook.com\/s24hnoticias","https:\/\/x.com\/sarmiento24h"]},{"@type":"Person","@id":"https:\/\/sarmiento24h.com\/#\/schema\/person\/d653a59725ad629a7e0429af7b939d4d","name":"sarmiento24h@gmail.com","image":{"@type":"ImageObject","inLanguage":"es","@id":"https:\/\/sarmiento24h.com\/wp-content\/litespeed\/avatar\/d02cbc4e23c747e6659cd45907173c8f.jpg?ver=1788047690","url":"https:\/\/sarmiento24h.com\/wp-content\/litespeed\/avatar\/d02cbc4e23c747e6659cd45907173c8f.jpg?ver=1788047690","contentUrl":"https:\/\/sarmiento24h.com\/wp-content\/litespeed\/avatar\/d02cbc4e23c747e6659cd45907173c8f.jpg?ver=1788047690","caption":"sarmiento24h@gmail.com"},"sameAs":["https:\/\/sarmiento24h.com"],"url":"https:\/\/sarmiento24h.com\/?author=1"}]}},"jetpack_publicize_connections":[],"jetpack_featured_media_url":"https:\/\/sarmiento24h.com\/wp-content\/uploads\/2026\/09\/juan-jose-rojas-no-descarta-aspirar-a-la-alcaldia-de-santo-domingo-este-para-2028.jpg","jetpack_sharing_enabled":true,"_links":{"self":[{"href":"https:\/\/sarmiento24h.com\/index.php?rest_route=\/wp\/v2\/posts\/411728","targetHints":{"allow":["GET"]}}],"collection":[{"href":"https:\/\/sarmiento24h.com\/index.php?rest_route=\/wp\/v2\/posts"}],"about":[{"href":"https:\/\/sarmiento24h.com\/index.php?rest_route=\/wp\/v2\/types\/post"}],"author":[{"embeddable":true,"href":"https:\/\/sarmiento24h.com\/index.php?rest_route=\/wp\/v2\/users\/1"}],"replies":[{"embeddable":true,"href":"https:\/\/sarmiento24h.com\/index.php?rest_route=%2Fwp%2Fv2%2Fcomments&post=411728"}],"version-history":[{"count":0,"href":"https:\/\/sarmiento24h.com\/index.php?rest_route=\/wp\/v2\/posts\/411728\/revisions"}],"wp:featuredmedia":[{"embeddable":true,"href":"https:\/\/sarmiento24h.com\/index.php?rest_route=\/wp\/v2\/media\/411729"}],"wp:attachment":[{"href":"https:\/\/sarmiento24h.com\/index.php?rest_route=%2Fwp%2Fv2%2Fmedia&parent=411728"}],"wp:term":[{"taxonomy":"category","embeddable":true,"href":"https:\/\/sarmiento24h.com\/index.php?rest_route=%2Fwp%2Fv2%2Fcategories&post=411728"},{"taxonomy":"post_tag","embeddable":true,"href":"https:\/\/sarmiento24h.com\/index.php?rest_route=%2Fwp%2Fv2%2Ftags&post=411728"}],"curies":[{"name":"wp","href":"https:\/\/api.w.org\/{rel}","templated":true}]}}