{"id":411878,"date":"2026-09-03T20:06:57","date_gmt":"2026-09-03T20:06:57","guid":{"rendered":"https:\/\/pinceldigital.do\/?p=76119"},"modified":"2026-09-03T20:06:57","modified_gmt":"2026-09-03T20:06:57","slug":"presidente-abinader-destaca-reduccion-de-la-pobreza-y-avances-sociales-y-economicos-de-republica-dominicana","status":"publish","type":"post","link":"https:\/\/sarmiento24h.com\/?p=411878","title":{"rendered":"Presidente Abinader destaca reducci\u00f3n de la pobreza y avances sociales y econ\u00f3micos de Rep\u00fablica Dominicana"},"content":{"rendered":"<p class=\"wp-block-paragraph\">Alberto Caminero, director de Prensa de la Presidencia, resalta m\u00e1s de 2,000 obras ejecutadas y una inversi\u00f3n superior a RD$750,000 millones invertidos en obras<\/p>\n<p class=\"wp-block-paragraph\">Santo Domingo. El presidente Luis Abinader destac\u00f3 los avances alcanzados por la Rep\u00fablica Dominicana en materia social y econ\u00f3mica durante su gesti\u00f3n de Gobierno, entre ellos la reducci\u00f3n significativa de la pobreza y los avances hacia la meta de hambre cero, pese a los efectos de la pandemia de COVID-19 y las crisis econ\u00f3micas internacionales que han impactado al pa\u00eds en los \u00faltimos a\u00f1os.<\/p>\n<p class=\"wp-block-paragraph\">Durante la conferencia \u201cComunicando el Relanzamiento del Gobierno\u201d, celebrada en el auditorio del Ministerio de Vivienda, H\u00e1bitat y Edificaciones (MIVHED) y organizada por la Direcci\u00f3n de Prensa del Presidente, el mandatario resalt\u00f3 adem\u00e1s el amplio programa de obras ejecutado por su administraci\u00f3n en todo el territorio nacional, desde comunidades apartadas hasta las principales provincias del pa\u00eds.<\/p>\n<p class=\"wp-block-paragraph\">En materia de seguridad y defensa, el presidente Luis Abinader afirm\u00f3 que la Rep\u00fablica Dominicana ha experimentado una transformaci\u00f3n significativa, al pasar de una posici\u00f3n de \u201cretaguardia a una de vanguardia en materia militar\u201d.<\/p>\n<p class=\"wp-block-paragraph\">Destac\u00f3 que el pa\u00eds ya no solo adquiere equipos para sus cuerpos de seguridad, sino que tambi\u00e9n ha desarrollado capacidades para ensamblar y producir tecnolog\u00eda y equipamiento militar, lo que ha despertado el inter\u00e9s de otros pa\u00edses de la regi\u00f3n.<\/p>\n<p class=\"wp-block-paragraph\">En ese sentido, cit\u00f3 la reciente visita del presidente de Honduras, Nasry Asfura, quien conoci\u00f3 las capacidades de la Industria Militar Dominicana y manifest\u00f3 el inter\u00e9s de su Gobierno en adquirir aeronaves y veh\u00edculos blindados ensamblados en el pa\u00eds.<\/p>\n<p class=\"wp-block-paragraph\">Abinader tambi\u00e9n mencion\u00f3 el inter\u00e9s mostrado por el presidente de Guyana en las capacidades desarrolladas por Rep\u00fablica Dominicana.<\/p>\n<p class=\"wp-block-paragraph\">Reducci\u00f3n de la pobreza y avances hacia hambre cero<\/p>\n<p class=\"wp-block-paragraph\">Abinader se\u00f1al\u00f3 que la pobreza, que en 2019 se situaba cerca del 26 %, descendi\u00f3 hasta alrededor del 16 % durante el primer trimestre de este a\u00f1o, al tiempo que afirm\u00f3 que el pa\u00eds ha logrado avanzar hacia la meta de hambre cero.<\/p>\n<p class=\"wp-block-paragraph\">El mandatario sostuvo que el pr\u00f3ximo paso es mantener y profundizar estos avances, mediante pol\u00edticas p\u00fablicas orientadas a continuar mejorando las condiciones de vida de la poblaci\u00f3n.<\/p>\n<p class=\"wp-block-paragraph\">Asimismo, indic\u00f3 que la econom\u00eda dominicana registra un crecimiento acumulado de 4.5 %, acompa\u00f1ado de una mejor\u00eda de los salarios por encima de la inflaci\u00f3n.<\/p>\n<p class=\"wp-block-paragraph\">El jefe de Estado tambi\u00e9n resalt\u00f3 las inversiones realizadas en infraestructura y servicios p\u00fablicos, particularmente en el sector salud, donde cit\u00f3 la construcci\u00f3n y modernizaci\u00f3n de hospitales en distintas provincias.<\/p>\n<p class=\"wp-block-paragraph\">\u201cTenemos los n\u00fameros y los indicadores de nuestro lado\u201d, sostuvo Abinader, al destacar que las obras y pol\u00edticas ejecutadas por el Gobierno han contribuido a mejorar las condiciones de vida de la poblaci\u00f3n y a fortalecer los servicios que ofrece el Estado.<\/p>\n<p class=\"wp-block-paragraph\">Bautista llama a comunicar los resultados del Gobierno<\/p>\n<p class=\"wp-block-paragraph\">El ministro administrativo de la Presidencia, Andr\u00e9s Bautista, destac\u00f3 la importancia de que funcionarios y comunicadores asuman como una responsabilidad colectiva la tarea de informar a la ciudadan\u00eda sobre las obras, programas y acciones que impulsa el Gobierno.<\/p>\n<p class=\"wp-block-paragraph\">Bautista se\u00f1al\u00f3 que la poblaci\u00f3n debe conocer los resultados del trabajo que se realiza en las distintas provincias y llam\u00f3 a continuar fortaleciendo la comunicaci\u00f3n de las iniciativas que impactan positivamente a las comunidades.<\/p>\n<p class=\"wp-block-paragraph\">Caminero destaca m\u00e1s de 2,000 obras<\/p>\n<p class=\"wp-block-paragraph\">El director de Prensa de la Presidencia, Alberto Caminero, destac\u00f3 el compromiso de los comunicadores de mantener informada a la ciudadan\u00eda sobre las ejecutorias del Gobierno y resalt\u00f3 que durante la gesti\u00f3n se han construido m\u00e1s de 2,000 obras, con una inversi\u00f3n superior a los RD$750,000 millones.<\/p>\n<p class=\"wp-block-paragraph\">Caminero exhort\u00f3 a los corresponsales y equipos de comunicaci\u00f3n a fortalecer la difusi\u00f3n de estos resultados en sus respectivas comunidades y provincias, utilizando las redes sociales y las nuevas herramientas digitales para acercar a la poblaci\u00f3n las obras y programas que desarrolla el Gobierno en todo el territorio nacional.<\/p>\n<p class=\"wp-block-paragraph\">Uso de nuevas tecnolog\u00edas<\/p>\n<p class=\"wp-block-paragraph\">El director de Informaci\u00f3n y Prensa de la Presidencia, F\u00e9lix Reyna, destac\u00f3 la importancia de promover encuentros que permitan unificar esfuerzos, actualizar conocimientos y fortalecer la coordinaci\u00f3n entre los equipos de comunicaci\u00f3n del Gobierno.<\/p>\n<p class=\"wp-block-paragraph\">Reyna exhort\u00f3 a comunicadores y corresponsales a contribuir con la difusi\u00f3n de las acciones y resultados de las distintas instituciones p\u00fablicas, aprovechando las nuevas tecnolog\u00edas y las plataformas digitales para llevar a la ciudadan\u00eda.<\/p>\n<p class=\"wp-block-paragraph\">Mensajes y unidad<\/p>\n<p class=\"wp-block-paragraph\">Abel Guzm\u00e1n Then, subdirector de DIECOM, exhort\u00f3 a los corresponsales y voceros de comunicaci\u00f3n a mantenerse como un solo equipo unido para resaltar los logros y obras del<br \/>Gobierno en las provincias.<\/p>\n<p class=\"wp-block-paragraph\">Los desaf\u00edos de la comunicaci\u00f3n gubernamental<\/p>\n<p class=\"wp-block-paragraph\">Durante el conversatorio, el consultor en marketing pol\u00edtico Rafael Cerame resalt\u00f3 la importancia de comunicar de manera efectiva las pol\u00edticas, programas y obras ejecutadas por el Gobierno, al considerar que la comunicaci\u00f3n constituye un componente esencial de la gesti\u00f3n p\u00fablica.<\/p>\n<p class=\"wp-block-paragraph\">Cerame explic\u00f3 que cuando los resultados de una administraci\u00f3n no llegan de forma clara y comprensible a la ciudadan\u00eda, se genera una brecha entre las acciones realizadas y la percepci\u00f3n de la poblaci\u00f3n sobre ellas.<\/p>\n<p class=\"wp-block-paragraph\">ITLA destaca impacto de la tecnolog\u00eda y la inteligencia artificial<\/p>\n<p class=\"wp-block-paragraph\">En el marco de la actividad, el rector del Instituto Tecnol\u00f3gico de Las Am\u00e9ricas (ITLA), Jimmy Rosario, ofreci\u00f3 la conferencia \u201cComunicaci\u00f3n e Inteligencia Artificial\u201d, en la que abord\u00f3 el impacto de las nuevas tecnolog\u00edas en los procesos de comunicaci\u00f3n y las oportunidades que estas herramientas representan para los profesionales.<\/p>\n<p class=\"wp-block-paragraph\">Rosario destac\u00f3 que m\u00e1s del 93 % de los egresados del ITLA se integran al mercado laboral, muchos de ellos sin necesidad de trasladarse de sus provincias, gracias a las oportunidades que ofrece el desarrollo de competencias tecnol\u00f3gicas.<\/p>\n<p class=\"wp-block-paragraph\">El rector defini\u00f3 la inteligencia artificial como un \u201ccopiloto\u201d, al explicar que puede convertirse en una herramienta de apoyo para potenciar el trabajo humano y mejorar los procesos, siempre que sea utilizada de manera adecuada y responsable.<\/p>\n<p class=\"wp-block-paragraph\">La actividad cont\u00f3 con la participaci\u00f3n del ministro de Vivienda, H\u00e1bitat y Edificaciones, Jean Luis Rodr\u00edguez, Abel Jos\u00e9 Guzm\u00e1n Then; subdirector de DIECOM, as\u00ed como funcionarios, comunicadores, corresponsales y representantes de los equipos de comunicaci\u00f3n de distintas instituciones del Gobierno.<\/p>\n<figure class=\"wp-block-gallery has-nested-images columns-default is-cropped wp-block-gallery-1 is-layout-flex wp-block-gallery-is-layout-flex\">\n<figure class=\"wp-block-image size-large\"><img loading=\"lazy\" decoding=\"async\" data-recalc-dims=\"1\" width=\"696\" height=\"474\" data-id=\"76123\" src=\"https:\/\/i0.wp.com\/pinceldigital.do\/wp-content\/uploads\/2026\/09\/4c16c96c-5185-44d2-948b-349516b1885f.jpeg?resize=696%2C474&amp;ssl=1\" alt class=\"wp-image-76123\" srcset=\"https:\/\/i0.wp.com\/pinceldigital.do\/wp-content\/uploads\/2026\/09\/4c16c96c-5185-44d2-948b-349516b1885f.jpeg?w=696&amp;ssl=1 696w, https:\/\/i0.wp.com\/pinceldigital.do\/wp-content\/uploads\/2026\/09\/4c16c96c-5185-44d2-948b-349516b1885f.jpeg?resize=300%2C204&amp;ssl=1 300w, https:\/\/i0.wp.com\/pinceldigital.do\/wp-content\/uploads\/2026\/09\/4c16c96c-5185-44d2-948b-349516b1885f.jpeg?resize=617%2C420&amp;ssl=1 617w\" sizes=\"auto, (max-width: 696px) 100vw, 696px\"><\/figure>\n<figure class=\"wp-block-image size-large\"><img loading=\"lazy\" decoding=\"async\" data-recalc-dims=\"1\" width=\"696\" height=\"474\" data-id=\"76124\" src=\"https:\/\/i0.wp.com\/pinceldigital.do\/wp-content\/uploads\/2026\/09\/1238088d-7701-45a3-a307-ab55398fb89c.jpeg?resize=696%2C474&amp;ssl=1\" alt class=\"wp-image-76124\" srcset=\"https:\/\/i0.wp.com\/pinceldigital.do\/wp-content\/uploads\/2026\/09\/1238088d-7701-45a3-a307-ab55398fb89c.jpeg?w=696&amp;ssl=1 696w, https:\/\/i0.wp.com\/pinceldigital.do\/wp-content\/uploads\/2026\/09\/1238088d-7701-45a3-a307-ab55398fb89c.jpeg?resize=300%2C204&amp;ssl=1 300w, https:\/\/i0.wp.com\/pinceldigital.do\/wp-content\/uploads\/2026\/09\/1238088d-7701-45a3-a307-ab55398fb89c.jpeg?resize=617%2C420&amp;ssl=1 617w\" sizes=\"auto, (max-width: 696px) 100vw, 696px\"><\/figure>\n<figure class=\"wp-block-image size-large\"><img loading=\"lazy\" decoding=\"async\" data-recalc-dims=\"1\" width=\"696\" height=\"506\" data-id=\"76125\" src=\"https:\/\/i0.wp.com\/pinceldigital.do\/wp-content\/uploads\/2026\/09\/2989b1ee-9485-4caf-9739-2e25e376ef5d.jpeg?resize=696%2C506&amp;ssl=1\" alt class=\"wp-image-76125\" srcset=\"https:\/\/i0.wp.com\/pinceldigital.do\/wp-content\/uploads\/2026\/09\/2989b1ee-9485-4caf-9739-2e25e376ef5d.jpeg?w=696&amp;ssl=1 696w, https:\/\/i0.wp.com\/pinceldigital.do\/wp-content\/uploads\/2026\/09\/2989b1ee-9485-4caf-9739-2e25e376ef5d.jpeg?resize=300%2C218&amp;ssl=1 300w, https:\/\/i0.wp.com\/pinceldigital.do\/wp-content\/uploads\/2026\/09\/2989b1ee-9485-4caf-9739-2e25e376ef5d.jpeg?resize=578%2C420&amp;ssl=1 578w, https:\/\/i0.wp.com\/pinceldigital.do\/wp-content\/uploads\/2026\/09\/2989b1ee-9485-4caf-9739-2e25e376ef5d.jpeg?resize=324%2C235&amp;ssl=1 324w\" sizes=\"auto, (max-width: 696px) 100vw, 696px\"><\/figure>\n<figure class=\"wp-block-image size-large\"><img decoding=\"async\" data-recalc-dims=\"1\" loading=\"lazy\" width=\"696\" height=\"482\" data-id=\"76128\" src=\"https:\/\/i0.wp.com\/pinceldigital.do\/wp-content\/uploads\/2026\/09\/40dc7fbe-bf7a-4054-a404-4cf3ce575971.jpeg?resize=696%2C482&amp;ssl=1\" alt class=\"wp-image-76128\" srcset=\"https:\/\/i0.wp.com\/pinceldigital.do\/wp-content\/uploads\/2026\/09\/40dc7fbe-bf7a-4054-a404-4cf3ce575971.jpeg?w=696&amp;ssl=1 696w, https:\/\/i0.wp.com\/pinceldigital.do\/wp-content\/uploads\/2026\/09\/40dc7fbe-bf7a-4054-a404-4cf3ce575971.jpeg?resize=300%2C208&amp;ssl=1 300w, https:\/\/i0.wp.com\/pinceldigital.do\/wp-content\/uploads\/2026\/09\/40dc7fbe-bf7a-4054-a404-4cf3ce575971.jpeg?resize=606%2C420&amp;ssl=1 606w, https:\/\/i0.wp.com\/pinceldigital.do\/wp-content\/uploads\/2026\/09\/40dc7fbe-bf7a-4054-a404-4cf3ce575971.jpeg?resize=218%2C150&amp;ssl=1 218w, https:\/\/i0.wp.com\/pinceldigital.do\/wp-content\/uploads\/2026\/09\/40dc7fbe-bf7a-4054-a404-4cf3ce575971.jpeg?resize=100%2C70&amp;ssl=1 100w\" sizes=\"auto, (max-width: 696px) 100vw, 696px\"><\/figure>\n<figure class=\"wp-block-image size-large\"><img decoding=\"async\" data-recalc-dims=\"1\" loading=\"lazy\" width=\"696\" height=\"474\" data-id=\"76127\" src=\"https:\/\/i0.wp.com\/pinceldigital.do\/wp-content\/uploads\/2026\/09\/80e3ea75-51b8-4c52-b0f0-d4209ce342be.jpeg?resize=696%2C474&amp;ssl=1\" alt class=\"wp-image-76127\" srcset=\"https:\/\/i0.wp.com\/pinceldigital.do\/wp-content\/uploads\/2026\/09\/80e3ea75-51b8-4c52-b0f0-d4209ce342be.jpeg?w=696&amp;ssl=1 696w, https:\/\/i0.wp.com\/pinceldigital.do\/wp-content\/uploads\/2026\/09\/80e3ea75-51b8-4c52-b0f0-d4209ce342be.jpeg?resize=300%2C204&amp;ssl=1 300w, https:\/\/i0.wp.com\/pinceldigital.do\/wp-content\/uploads\/2026\/09\/80e3ea75-51b8-4c52-b0f0-d4209ce342be.jpeg?resize=617%2C420&amp;ssl=1 617w\" sizes=\"auto, (max-width: 696px) 100vw, 696px\"><\/figure>\n<figure class=\"wp-block-image size-large\"><img decoding=\"async\" data-recalc-dims=\"1\" loading=\"lazy\" width=\"696\" height=\"531\" data-id=\"76126\" src=\"https:\/\/i0.wp.com\/pinceldigital.do\/wp-content\/uploads\/2026\/09\/13eff9ec-8d25-4523-b537-b91373a5a046.jpeg?resize=696%2C531&amp;ssl=1\" alt class=\"wp-image-76126\" srcset=\"https:\/\/i0.wp.com\/pinceldigital.do\/wp-content\/uploads\/2026\/09\/13eff9ec-8d25-4523-b537-b91373a5a046.jpeg?w=696&amp;ssl=1 696w, https:\/\/i0.wp.com\/pinceldigital.do\/wp-content\/uploads\/2026\/09\/13eff9ec-8d25-4523-b537-b91373a5a046.jpeg?resize=300%2C229&amp;ssl=1 300w, https:\/\/i0.wp.com\/pinceldigital.do\/wp-content\/uploads\/2026\/09\/13eff9ec-8d25-4523-b537-b91373a5a046.jpeg?resize=551%2C420&amp;ssl=1 551w, https:\/\/i0.wp.com\/pinceldigital.do\/wp-content\/uploads\/2026\/09\/13eff9ec-8d25-4523-b537-b91373a5a046.jpeg?resize=80%2C60&amp;ssl=1 80w\" sizes=\"auto, (max-width: 696px) 100vw, 696px\"><\/figure>\n<figure class=\"wp-block-image size-large\"><img decoding=\"async\" data-recalc-dims=\"1\" loading=\"lazy\" width=\"696\" height=\"474\" data-id=\"76122\" src=\"https:\/\/i0.wp.com\/pinceldigital.do\/wp-content\/uploads\/2026\/09\/36b5c6c4-f640-426d-8f28-780285375f7e.jpeg?resize=696%2C474&amp;ssl=1\" alt class=\"wp-image-76122\" srcset=\"https:\/\/i0.wp.com\/pinceldigital.do\/wp-content\/uploads\/2026\/09\/36b5c6c4-f640-426d-8f28-780285375f7e.jpeg?w=696&amp;ssl=1 696w, https:\/\/i0.wp.com\/pinceldigital.do\/wp-content\/uploads\/2026\/09\/36b5c6c4-f640-426d-8f28-780285375f7e.jpeg?resize=300%2C204&amp;ssl=1 300w, https:\/\/i0.wp.com\/pinceldigital.do\/wp-content\/uploads\/2026\/09\/36b5c6c4-f640-426d-8f28-780285375f7e.jpeg?resize=617%2C420&amp;ssl=1 617w\" sizes=\"auto, (max-width: 696px) 100vw, 696px\"><\/figure>\n<figure class=\"wp-block-image size-large\"><img decoding=\"async\" data-recalc-dims=\"1\" loading=\"lazy\" width=\"696\" height=\"482\" data-id=\"76121\" src=\"https:\/\/i0.wp.com\/pinceldigital.do\/wp-content\/uploads\/2026\/09\/ecfe0b0b-a403-43a5-9252-6a3d2ff8fc7f.jpeg?resize=696%2C482&amp;ssl=1\" alt class=\"wp-image-76121\" srcset=\"https:\/\/i0.wp.com\/pinceldigital.do\/wp-content\/uploads\/2026\/09\/ecfe0b0b-a403-43a5-9252-6a3d2ff8fc7f.jpeg?w=696&amp;ssl=1 696w, https:\/\/i0.wp.com\/pinceldigital.do\/wp-content\/uploads\/2026\/09\/ecfe0b0b-a403-43a5-9252-6a3d2ff8fc7f.jpeg?resize=300%2C208&amp;ssl=1 300w, https:\/\/i0.wp.com\/pinceldigital.do\/wp-content\/uploads\/2026\/09\/ecfe0b0b-a403-43a5-9252-6a3d2ff8fc7f.jpeg?resize=606%2C420&amp;ssl=1 606w, https:\/\/i0.wp.com\/pinceldigital.do\/wp-content\/uploads\/2026\/09\/ecfe0b0b-a403-43a5-9252-6a3d2ff8fc7f.jpeg?resize=218%2C150&amp;ssl=1 218w, https:\/\/i0.wp.com\/pinceldigital.do\/wp-content\/uploads\/2026\/09\/ecfe0b0b-a403-43a5-9252-6a3d2ff8fc7f.jpeg?resize=100%2C70&amp;ssl=1 100w\" sizes=\"auto, (max-width: 696px) 100vw, 696px\"><\/figure>\n<\/figure>\n","protected":false},"excerpt":{"rendered":"<p>Alberto Caminero, director de Prensa de la&#46;&#46;&#46;<\/p>\n","protected":false},"author":1,"featured_media":411879,"comment_status":"closed","ping_status":"closed","sticky":false,"template":"","format":"standard","meta":{"_jetpack_newsletter_access":"","_jetpack_dont_email_post_to_subs":false,"_jetpack_newsletter_tier_id":0,"_jetpack_memberships_contains_paywalled_content":false,"_jetpack_feature_clip_id":0,"_jetpack_memberships_contains_paid_content":false,"footnotes":"","jetpack_publicize_message":"","jetpack_publicize_feature_enabled":true,"jetpack_social_post_already_shared":true,"jetpack_social_options":{"image_generator_settings":{"template":"highway","default_image_id":0,"font":"","enabled":false},"version":2},"jetpack_post_was_ever_published":false},"categories":[42],"tags":[],"class_list":["post-411878","post","type-post","status-publish","format-standard","has-post-thumbnail","hentry","category-nacionales"],"yoast_head":"<!-- This site is optimized with the Yoast SEO plugin v28.1 - https:\/\/yoast.com\/product\/yoast-seo-wordpress\/ -->\n<title>Presidente Abinader destaca reducci\u00f3n de la pobreza y avances sociales y econ\u00f3micos de Rep\u00fablica Dominicana - Sarmiento24h<\/title>\n<meta name=\"robots\" content=\"index, follow, max-snippet:-1, max-image-preview:large, max-video-preview:-1\" \/>\n<link rel=\"canonical\" href=\"https:\/\/sarmiento24h.com\/?p=411878\" \/>\n<meta property=\"og:locale\" content=\"es_ES\" \/>\n<meta property=\"og:type\" content=\"article\" \/>\n<meta property=\"og:title\" content=\"Presidente Abinader destaca reducci\u00f3n de la pobreza y avances sociales y econ\u00f3micos de Rep\u00fablica Dominicana - Sarmiento24h\" \/>\n<meta property=\"og:description\" content=\"Alberto Caminero, director de Prensa de la&#046;&#046;&#046;\" \/>\n<meta property=\"og:url\" content=\"https:\/\/sarmiento24h.com\/?p=411878\" \/>\n<meta property=\"og:site_name\" content=\"Sarmiento24h\" \/>\n<meta property=\"article:publisher\" content=\"https:\/\/facebook.com\/s24hnoticias\" \/>\n<meta property=\"article:published_time\" content=\"2026-09-03T20:06:57+00:00\" \/>\n<meta name=\"author\" content=\"sarmiento24h@gmail.com\" \/>\n<meta name=\"twitter:card\" content=\"summary_large_image\" \/>\n<meta name=\"twitter:creator\" content=\"@sarmiento24h\" \/>\n<meta name=\"twitter:site\" content=\"@sarmiento24h\" \/>\n<meta name=\"twitter:label1\" content=\"Escrito por\" \/>\n\t<meta name=\"twitter:data1\" content=\"sarmiento24h@gmail.com\" \/>\n\t<meta name=\"twitter:label2\" content=\"Tiempo de lectura\" \/>\n\t<meta name=\"twitter:data2\" content=\"5 minutos\" \/>\n<script type=\"application\/ld+json\" class=\"yoast-schema-graph\">{\"@context\":\"https:\\\/\\\/schema.org\",\"@graph\":[{\"@type\":\"Article\",\"@id\":\"https:\\\/\\\/sarmiento24h.com\\\/?p=411878#article\",\"isPartOf\":{\"@id\":\"https:\\\/\\\/sarmiento24h.com\\\/?p=411878\"},\"author\":{\"name\":\"sarmiento24h@gmail.com\",\"@id\":\"https:\\\/\\\/sarmiento24h.com\\\/#\\\/schema\\\/person\\\/d653a59725ad629a7e0429af7b939d4d\"},\"headline\":\"Presidente Abinader destaca reducci\u00f3n de la pobreza y avances sociales y econ\u00f3micos de Rep\u00fablica Dominicana\",\"datePublished\":\"2026-09-03T20:06:57+00:00\",\"mainEntityOfPage\":{\"@id\":\"https:\\\/\\\/sarmiento24h.com\\\/?p=411878\"},\"wordCount\":1096,\"publisher\":{\"@id\":\"https:\\\/\\\/sarmiento24h.com\\\/#organization\"},\"image\":{\"@id\":\"https:\\\/\\\/sarmiento24h.com\\\/?p=411878#primaryimage\"},\"thumbnailUrl\":\"https:\\\/\\\/sarmiento24h.com\\\/wp-content\\\/uploads\\\/2026\\\/09\\\/presidente-abinader-destaca-reduccion-de-la-pobreza-y-avances-sociales-y-economicos-de-republica-dominicana.jpg\",\"articleSection\":[\"Nacionales\"],\"inLanguage\":\"es\"},{\"@type\":\"WebPage\",\"@id\":\"https:\\\/\\\/sarmiento24h.com\\\/?p=411878\",\"url\":\"https:\\\/\\\/sarmiento24h.com\\\/?p=411878\",\"name\":\"Presidente Abinader destaca reducci\u00f3n de la pobreza y avances sociales y econ\u00f3micos de Rep\u00fablica Dominicana - Sarmiento24h\",\"isPartOf\":{\"@id\":\"https:\\\/\\\/sarmiento24h.com\\\/#website\"},\"primaryImageOfPage\":{\"@id\":\"https:\\\/\\\/sarmiento24h.com\\\/?p=411878#primaryimage\"},\"image\":{\"@id\":\"https:\\\/\\\/sarmiento24h.com\\\/?p=411878#primaryimage\"},\"thumbnailUrl\":\"https:\\\/\\\/sarmiento24h.com\\\/wp-content\\\/uploads\\\/2026\\\/09\\\/presidente-abinader-destaca-reduccion-de-la-pobreza-y-avances-sociales-y-economicos-de-republica-dominicana.jpg\",\"datePublished\":\"2026-09-03T20:06:57+00:00\",\"breadcrumb\":{\"@id\":\"https:\\\/\\\/sarmiento24h.com\\\/?p=411878#breadcrumb\"},\"inLanguage\":\"es\",\"potentialAction\":[{\"@type\":\"ReadAction\",\"target\":[\"https:\\\/\\\/sarmiento24h.com\\\/?p=411878\"]}]},{\"@type\":\"ImageObject\",\"inLanguage\":\"es\",\"@id\":\"https:\\\/\\\/sarmiento24h.com\\\/?p=411878#primaryimage\",\"url\":\"https:\\\/\\\/sarmiento24h.com\\\/wp-content\\\/uploads\\\/2026\\\/09\\\/presidente-abinader-destaca-reduccion-de-la-pobreza-y-avances-sociales-y-economicos-de-republica-dominicana.jpg\",\"contentUrl\":\"https:\\\/\\\/sarmiento24h.com\\\/wp-content\\\/uploads\\\/2026\\\/09\\\/presidente-abinader-destaca-reduccion-de-la-pobreza-y-avances-sociales-y-economicos-de-republica-dominicana.jpg\",\"width\":696,\"height\":474},{\"@type\":\"BreadcrumbList\",\"@id\":\"https:\\\/\\\/sarmiento24h.com\\\/?p=411878#breadcrumb\",\"itemListElement\":[{\"@type\":\"ListItem\",\"position\":1,\"name\":\"Home\",\"item\":\"https:\\\/\\\/sarmiento24h.com\\\/\"},{\"@type\":\"ListItem\",\"position\":2,\"name\":\"Presidente Abinader destaca reducci\u00f3n de la pobreza y avances sociales y econ\u00f3micos de Rep\u00fablica Dominicana\"}]},{\"@type\":\"WebSite\",\"@id\":\"https:\\\/\\\/sarmiento24h.com\\\/#website\",\"url\":\"https:\\\/\\\/sarmiento24h.com\\\/\",\"name\":\"Sarmiento24h\",\"description\":\"\",\"publisher\":{\"@id\":\"https:\\\/\\\/sarmiento24h.com\\\/#organization\"},\"potentialAction\":[{\"@type\":\"SearchAction\",\"target\":{\"@type\":\"EntryPoint\",\"urlTemplate\":\"https:\\\/\\\/sarmiento24h.com\\\/?s={search_term_string}\"},\"query-input\":{\"@type\":\"PropertyValueSpecification\",\"valueRequired\":true,\"valueName\":\"search_term_string\"}}],\"inLanguage\":\"es\"},{\"@type\":\"Organization\",\"@id\":\"https:\\\/\\\/sarmiento24h.com\\\/#organization\",\"name\":\"Sarmiento24h\",\"url\":\"https:\\\/\\\/sarmiento24h.com\\\/\",\"logo\":{\"@type\":\"ImageObject\",\"inLanguage\":\"es\",\"@id\":\"https:\\\/\\\/sarmiento24h.com\\\/#\\\/schema\\\/logo\\\/image\\\/\",\"url\":\"https:\\\/\\\/sarmiento24h.com\\\/wp-content\\\/uploads\\\/2025\\\/12\\\/AddText_12-16-10.30.52.jpg\",\"contentUrl\":\"https:\\\/\\\/sarmiento24h.com\\\/wp-content\\\/uploads\\\/2025\\\/12\\\/AddText_12-16-10.30.52.jpg\",\"width\":1220,\"height\":324,\"caption\":\"Sarmiento24h\"},\"image\":{\"@id\":\"https:\\\/\\\/sarmiento24h.com\\\/#\\\/schema\\\/logo\\\/image\\\/\"},\"sameAs\":[\"https:\\\/\\\/facebook.com\\\/s24hnoticias\",\"https:\\\/\\\/x.com\\\/sarmiento24h\"]},{\"@type\":\"Person\",\"@id\":\"https:\\\/\\\/sarmiento24h.com\\\/#\\\/schema\\\/person\\\/d653a59725ad629a7e0429af7b939d4d\",\"name\":\"sarmiento24h@gmail.com\",\"image\":{\"@type\":\"ImageObject\",\"inLanguage\":\"es\",\"@id\":\"https:\\\/\\\/sarmiento24h.com\\\/wp-content\\\/litespeed\\\/avatar\\\/d02cbc4e23c747e6659cd45907173c8f.jpg?ver=1788047690\",\"url\":\"https:\\\/\\\/sarmiento24h.com\\\/wp-content\\\/litespeed\\\/avatar\\\/d02cbc4e23c747e6659cd45907173c8f.jpg?ver=1788047690\",\"contentUrl\":\"https:\\\/\\\/sarmiento24h.com\\\/wp-content\\\/litespeed\\\/avatar\\\/d02cbc4e23c747e6659cd45907173c8f.jpg?ver=1788047690\",\"caption\":\"sarmiento24h@gmail.com\"},\"sameAs\":[\"https:\\\/\\\/sarmiento24h.com\"],\"url\":\"https:\\\/\\\/sarmiento24h.com\\\/?author=1\"}]}<\/script>\n<!-- \/ Yoast SEO plugin. -->","yoast_head_json":{"title":"Presidente Abinader destaca reducci\u00f3n de la pobreza y avances sociales y econ\u00f3micos de Rep\u00fablica Dominicana - Sarmiento24h","robots":{"index":"index","follow":"follow","max-snippet":"max-snippet:-1","max-image-preview":"max-image-preview:large","max-video-preview":"max-video-preview:-1"},"canonical":"https:\/\/sarmiento24h.com\/?p=411878","og_locale":"es_ES","og_type":"article","og_title":"Presidente Abinader destaca reducci\u00f3n de la pobreza y avances sociales y econ\u00f3micos de Rep\u00fablica Dominicana - Sarmiento24h","og_description":"Alberto Caminero, director de Prensa de la&#46;&#46;&#46;","og_url":"https:\/\/sarmiento24h.com\/?p=411878","og_site_name":"Sarmiento24h","article_publisher":"https:\/\/facebook.com\/s24hnoticias","article_published_time":"2026-09-03T20:06:57+00:00","author":"sarmiento24h@gmail.com","twitter_card":"summary_large_image","twitter_creator":"@sarmiento24h","twitter_site":"@sarmiento24h","twitter_misc":{"Escrito por":"sarmiento24h@gmail.com","Tiempo de lectura":"5 minutos"},"schema":{"@context":"https:\/\/schema.org","@graph":[{"@type":"Article","@id":"https:\/\/sarmiento24h.com\/?p=411878#article","isPartOf":{"@id":"https:\/\/sarmiento24h.com\/?p=411878"},"author":{"name":"sarmiento24h@gmail.com","@id":"https:\/\/sarmiento24h.com\/#\/schema\/person\/d653a59725ad629a7e0429af7b939d4d"},"headline":"Presidente Abinader destaca reducci\u00f3n de la pobreza y avances sociales y econ\u00f3micos de Rep\u00fablica Dominicana","datePublished":"2026-09-03T20:06:57+00:00","mainEntityOfPage":{"@id":"https:\/\/sarmiento24h.com\/?p=411878"},"wordCount":1096,"publisher":{"@id":"https:\/\/sarmiento24h.com\/#organization"},"image":{"@id":"https:\/\/sarmiento24h.com\/?p=411878#primaryimage"},"thumbnailUrl":"https:\/\/sarmiento24h.com\/wp-content\/uploads\/2026\/09\/presidente-abinader-destaca-reduccion-de-la-pobreza-y-avances-sociales-y-economicos-de-republica-dominicana.jpg","articleSection":["Nacionales"],"inLanguage":"es"},{"@type":"WebPage","@id":"https:\/\/sarmiento24h.com\/?p=411878","url":"https:\/\/sarmiento24h.com\/?p=411878","name":"Presidente Abinader destaca reducci\u00f3n de la pobreza y avances sociales y econ\u00f3micos de Rep\u00fablica Dominicana - Sarmiento24h","isPartOf":{"@id":"https:\/\/sarmiento24h.com\/#website"},"primaryImageOfPage":{"@id":"https:\/\/sarmiento24h.com\/?p=411878#primaryimage"},"image":{"@id":"https:\/\/sarmiento24h.com\/?p=411878#primaryimage"},"thumbnailUrl":"https:\/\/sarmiento24h.com\/wp-content\/uploads\/2026\/09\/presidente-abinader-destaca-reduccion-de-la-pobreza-y-avances-sociales-y-economicos-de-republica-dominicana.jpg","datePublished":"2026-09-03T20:06:57+00:00","breadcrumb":{"@id":"https:\/\/sarmiento24h.com\/?p=411878#breadcrumb"},"inLanguage":"es","potentialAction":[{"@type":"ReadAction","target":["https:\/\/sarmiento24h.com\/?p=411878"]}]},{"@type":"ImageObject","inLanguage":"es","@id":"https:\/\/sarmiento24h.com\/?p=411878#primaryimage","url":"https:\/\/sarmiento24h.com\/wp-content\/uploads\/2026\/09\/presidente-abinader-destaca-reduccion-de-la-pobreza-y-avances-sociales-y-economicos-de-republica-dominicana.jpg","contentUrl":"https:\/\/sarmiento24h.com\/wp-content\/uploads\/2026\/09\/presidente-abinader-destaca-reduccion-de-la-pobreza-y-avances-sociales-y-economicos-de-republica-dominicana.jpg","width":696,"height":474},{"@type":"BreadcrumbList","@id":"https:\/\/sarmiento24h.com\/?p=411878#breadcrumb","itemListElement":[{"@type":"ListItem","position":1,"name":"Home","item":"https:\/\/sarmiento24h.com\/"},{"@type":"ListItem","position":2,"name":"Presidente Abinader destaca reducci\u00f3n de la pobreza y avances sociales y econ\u00f3micos de Rep\u00fablica Dominicana"}]},{"@type":"WebSite","@id":"https:\/\/sarmiento24h.com\/#website","url":"https:\/\/sarmiento24h.com\/","name":"Sarmiento24h","description":"","publisher":{"@id":"https:\/\/sarmiento24h.com\/#organization"},"potentialAction":[{"@type":"SearchAction","target":{"@type":"EntryPoint","urlTemplate":"https:\/\/sarmiento24h.com\/?s={search_term_string}"},"query-input":{"@type":"PropertyValueSpecification","valueRequired":true,"valueName":"search_term_string"}}],"inLanguage":"es"},{"@type":"Organization","@id":"https:\/\/sarmiento24h.com\/#organization","name":"Sarmiento24h","url":"https:\/\/sarmiento24h.com\/","logo":{"@type":"ImageObject","inLanguage":"es","@id":"https:\/\/sarmiento24h.com\/#\/schema\/logo\/image\/","url":"https:\/\/sarmiento24h.com\/wp-content\/uploads\/2025\/12\/AddText_12-16-10.30.52.jpg","contentUrl":"https:\/\/sarmiento24h.com\/wp-content\/uploads\/2025\/12\/AddText_12-16-10.30.52.jpg","width":1220,"height":324,"caption":"Sarmiento24h"},"image":{"@id":"https:\/\/sarmiento24h.com\/#\/schema\/logo\/image\/"},"sameAs":["https:\/\/facebook.com\/s24hnoticias","https:\/\/x.com\/sarmiento24h"]},{"@type":"Person","@id":"https:\/\/sarmiento24h.com\/#\/schema\/person\/d653a59725ad629a7e0429af7b939d4d","name":"sarmiento24h@gmail.com","image":{"@type":"ImageObject","inLanguage":"es","@id":"https:\/\/sarmiento24h.com\/wp-content\/litespeed\/avatar\/d02cbc4e23c747e6659cd45907173c8f.jpg?ver=1788047690","url":"https:\/\/sarmiento24h.com\/wp-content\/litespeed\/avatar\/d02cbc4e23c747e6659cd45907173c8f.jpg?ver=1788047690","contentUrl":"https:\/\/sarmiento24h.com\/wp-content\/litespeed\/avatar\/d02cbc4e23c747e6659cd45907173c8f.jpg?ver=1788047690","caption":"sarmiento24h@gmail.com"},"sameAs":["https:\/\/sarmiento24h.com"],"url":"https:\/\/sarmiento24h.com\/?author=1"}]}},"jetpack_publicize_connections":[],"jetpack_featured_media_url":"https:\/\/sarmiento24h.com\/wp-content\/uploads\/2026\/09\/presidente-abinader-destaca-reduccion-de-la-pobreza-y-avances-sociales-y-economicos-de-republica-dominicana.jpg","jetpack_sharing_enabled":true,"_links":{"self":[{"href":"https:\/\/sarmiento24h.com\/index.php?rest_route=\/wp\/v2\/posts\/411878","targetHints":{"allow":["GET"]}}],"collection":[{"href":"https:\/\/sarmiento24h.com\/index.php?rest_route=\/wp\/v2\/posts"}],"about":[{"href":"https:\/\/sarmiento24h.com\/index.php?rest_route=\/wp\/v2\/types\/post"}],"author":[{"embeddable":true,"href":"https:\/\/sarmiento24h.com\/index.php?rest_route=\/wp\/v2\/users\/1"}],"replies":[{"embeddable":true,"href":"https:\/\/sarmiento24h.com\/index.php?rest_route=%2Fwp%2Fv2%2Fcomments&post=411878"}],"version-history":[{"count":0,"href":"https:\/\/sarmiento24h.com\/index.php?rest_route=\/wp\/v2\/posts\/411878\/revisions"}],"wp:featuredmedia":[{"embeddable":true,"href":"https:\/\/sarmiento24h.com\/index.php?rest_route=\/wp\/v2\/media\/411879"}],"wp:attachment":[{"href":"https:\/\/sarmiento24h.com\/index.php?rest_route=%2Fwp%2Fv2%2Fmedia&parent=411878"}],"wp:term":[{"taxonomy":"category","embeddable":true,"href":"https:\/\/sarmiento24h.com\/index.php?rest_route=%2Fwp%2Fv2%2Fcategories&post=411878"},{"taxonomy":"post_tag","embeddable":true,"href":"https:\/\/sarmiento24h.com\/index.php?rest_route=%2Fwp%2Fv2%2Ftags&post=411878"}],"curies":[{"name":"wp","href":"https:\/\/api.w.org\/{rel}","templated":true}]}}