{"id":411955,"date":"2026-09-03T21:16:52","date_gmt":"2026-09-03T21:16:52","guid":{"rendered":"http:\/\/45b317c0-a7d0-11f1-bdb3-0dac598904e5"},"modified":"2026-09-03T21:16:52","modified_gmt":"2026-09-03T21:16:52","slug":"la-extrana-guerra-entre-espias-ucranianos-en-kiev-en-pleno-conflicto-con-rusia","status":"publish","type":"post","link":"https:\/\/sarmiento24h.com\/?p=411955","title":{"rendered":"La extra\u00f1a guerra entre esp\u00edas ucranianos en Kiev en pleno conflicto con Rusia"},"content":{"rendered":"<p>\u00bfUna <a href=\"https:\/\/www.france24.com\/es\/tag\/guerra\/\" target=\"_self\">guerra<\/a> entre esp\u00edas ucranianos en las calles de <a href=\"https:\/\/www.france24.com\/es\/tag\/kiev\/\" target=\"_self\">Kiev<\/a>? Fuera de discusi\u00f3n para el presidente ucraniano, <a href=\"https:\/\/www.france24.com\/es\/tag\/volod\u00edmir-zelenski\/\" target=\"_self\">Volod\u00edmir Zelenski<\/a>, quien exigi\u00f3 el mi\u00e9rcoles 2 de septiembre a los dos principales servicios de inteligencia del pa\u00eds \u2014el SBU y el GUR\u2014 que <strong>depusieran las armas<\/strong> despu\u00e9s de que miembros de ambos organismos <strong>intercambiaran disparos<\/strong> horas antes.<\/p>\n<p>El mandatario ucraniano calific\u00f3 el incidente de <strong>\u00ababsolutamente vergonzoso\u00bb<\/strong> y advirti\u00f3 que no se tolerar\u00e1 ning\u00fan tiroteo, salvo para \u00abdisparar contra los ocupantes rusos para defender al pa\u00eds\u00bb.<\/p>\n<h2><strong>Intenso enfrentamiento entre esp\u00edas en Kiev<\/strong><\/h2>\n<p>El intercambio de disparos denunciado por Volod\u00edmir Zelenski habr\u00eda dejado <strong>varios heridos graves<\/strong> entre los miembros del GUR, el servicio de inteligencia militar, seg\u00fan las autoridades ucranianas.<\/p>\n<p>El tiroteo se produjo tras un tenso enfrentamiento de varias horas entre agentes enmascarados y vestidos con uniformes militares del servicio de inteligencia interior ucraniano, el SBU, y una unidad de las fuerzas especiales del GUR.<\/p>\n<div class=\"m-em-image\">\n<figure class=\"m-item-image m-item-image--original m-item-image--has-caption\"> <picture class=\"a-picture a-picture--original\"><source type=\"image\/webp\" srcset=\"https:\/\/s.france24.com\/media\/display\/cc9e7508-9bdd-11f1-8aff-005056bf30b7\/w:246\/AP26197425169835.webp 246w, https:\/\/s.france24.com\/media\/display\/cc9e7508-9bdd-11f1-8aff-005056bf30b7\/w:388\/AP26197425169835.webp 388w, https:\/\/s.france24.com\/media\/display\/cc9e7508-9bdd-11f1-8aff-005056bf30b7\/w:720\/AP26197425169835.webp 720w, https:\/\/s.france24.com\/media\/display\/cc9e7508-9bdd-11f1-8aff-005056bf30b7\/w:980\/AP26197425169835.webp 980w\" sizes=\"(max-width: 1023px) calc(100vw - 32px), (min-width: 1024px) 850px\"><img fetchpriority=\"low\" decoding=\"async\" src=\"https:\/\/s.france24.com\/media\/display\/cc9e7508-9bdd-11f1-8aff-005056bf30b7\/w:980\/AP26197425169835.jpg\" srcset=\"https:\/\/s.france24.com\/media\/display\/cc9e7508-9bdd-11f1-8aff-005056bf30b7\/w:246\/AP26197425169835.jpg 246w, https:\/\/s.france24.com\/media\/display\/cc9e7508-9bdd-11f1-8aff-005056bf30b7\/w:388\/AP26197425169835.jpg 388w, https:\/\/s.france24.com\/media\/display\/cc9e7508-9bdd-11f1-8aff-005056bf30b7\/w:720\/AP26197425169835.jpg 720w, https:\/\/s.france24.com\/media\/display\/cc9e7508-9bdd-11f1-8aff-005056bf30b7\/w:980\/AP26197425169835.jpg 980w\" sizes=\"(max-width: 1023px) calc(100vw - 32px), (min-width: 1024px) 850px\" alt=\"Foto de archivo que muestra a Volod\u00edmir Zelenski conversando con la prensa durante una conferencia conjunta al lado del exprimer ministro brit\u00e1nico Keir Starmer. Kiev, 16 de julio de 2026.\" loading=\"lazy\" class=\"a-img \">\n<\/picture><figcaption class=\"a-figcaption\"> Foto de archivo que muestra a Volod\u00edmir Zelenski conversando con la prensa durante una conferencia conjunta al lado del exprimer ministro brit\u00e1nico Keir Starmer. Kiev, 16 de julio de 2026. AP Photo\/Efrem Lukatsky &#8211; Efrem Lukatsky <\/figcaption><\/figure>\n<\/p><\/div>\n<p>Los agentes del SBU hab\u00edan acudido a registrar el domicilio del n\u00famero dos de esa unidad de fuerzas especiales, algo que no habr\u00eda sido bien recibido por los dem\u00e1s integrantes del grupo. Los disparos \u00abse habr\u00edan producido despu\u00e9s de que el <strong>SBU intentara detener a agentes (del GUR) que se opon\u00edan al registro<\/strong>\u00ab, se\u00f1ala Ryhor Nizhnikau, especialista en <a href=\"https:\/\/www.france24.com\/es\/tag\/ucrania\/\" target=\"_self\">Ucrania<\/a>&nbsp;del Instituto Finland\u00e9s de Asuntos Internacionales.<\/p>\n<p>Las versiones difieren sobre qui\u00e9n dispar\u00f3 primero. Seg\u00fan el fiscal general ucraniano, los agentes del SBU fueron atacados, algo que el GUR niega y sostiene que fueron sus miembros quienes recibieron los primeros disparos. La Presidencia ucraniana asegur\u00f3 que se abri\u00f3 una investigaci\u00f3n para determinar con precisi\u00f3n lo sucedido.<\/p>\n<p class=\"a-read-more\"><span class=\"a-read-more__label\">Leer tambi\u00e9n<\/span><a href=\"https:\/\/www.france24.com\/es\/programas\/invitad-del-d\u00eda\/20260903-alemania-acusa-a-rusia-de-intentar-ataque-h\u00edbrido-mosc\u00fa-est\u00e1-provocando-a-miembros-de-la-otan\" target=\"_self\" class=\"a-read-more__link\">Alemania acusa a Rusia de intentar \u00abataque h\u00edbrido\u00bb: \u00bfMosc\u00fa est\u00e1 provocando a miembros de la OTAN?<\/a><\/p>\n<p>Una cosa es segura: el SBU \u00abdespleg\u00f3 al grupo <strong>Alpha<\/strong>, es decir, una de sus unidades de \u00e9lite, encargada, entre otras cosas, de la <strong>lucha antiterrorista<\/strong>. Por lo tanto, se trata de una operaci\u00f3n importante a ojos del contraespionaje ucraniano\u00bb, subraya Huseyn Aliyev, especialista en la <a href=\"https:\/\/www.france24.com\/es\/tag\/guerra-en-ucrania\/\" target=\"_self\">guerra en Ucrania<\/a> de la Universidad de Glasgow.<\/p>\n<p>\u00bfPor qu\u00e9 semejante enfrentamiento? Esa es la gran inc\u00f3gnita, ya que las circunstancias que rodean el incidente que enfureci\u00f3 al presidente ucraniano siguen siendo confusas.<\/p>\n<p>El caso involucra a <strong>combatientes rusos proucranianos<\/strong> bajo las \u00f3rdenes del GUR, uno de cuyos responsables habr\u00eda sido secuestrado por el SBU; un supuesto intento de asesinato organizado por esp\u00edas rusos del FSB en Kiev; y posibles ramificaciones pol\u00edticas que llegar\u00edan hasta las m\u00e1s altas esferas del Estado ucraniano.<\/p>\n<div class=\"m-em-video\">\n<div class=\"o-video-player o-video-player--9x16\" data-media-video-wbmz417521-f24-es-20260903 data-show-hidden-video-player=\"WBMZ417521-F24-ES-20260903\" data-wrapper-video-player data-youtube-script>\n<div class=\"o-em-consent \" readability=\"7\">\n<div class=\"o-em-consent__content\" readability=\"34\">\n<p class=\"o-em-consent__content__text\">Para mostrar este contenido de YouTube, debe autorizar las cookies de medici\u00f3n de audiencia y publicidad.<\/p>\n<p> <button class=\"a-master-button a-master-button--dark\" data-action=\"accept\"> Aceptar <svg class=\"a-svg a-svg--icon-check\"> <use xlink:href=\"\/build\/images\/svg\/sprite.68b43361c11f23b39049016b32e6ae31.svg#icon-check\" href=\"\/build\/images\/svg\/sprite.68b43361c11f23b39049016b32e6ae31.svg#icon-check\" \/> <\/svg> <\/button> <button class=\"a-link\" data-action=\"manage\">Gestionar mis opciones <svg class=\"a-svg a-svg--icon-edit\"> <use xlink:href=\"\/build\/images\/svg\/sprite.68b43361c11f23b39049016b32e6ae31.svg#icon-edit\" href=\"\/build\/images\/svg\/sprite.68b43361c11f23b39049016b32e6ae31.svg#icon-edit\" \/> <\/svg><br \/>\n<\/button> <\/div>\n<\/div>\n<div class=\"o-em-adblock\" data-adblock-content readability=\"7\">\n<div class=\"o-em-adblock__content\" readability=\"34\">\n<p class=\"o-em-adblock__content__text\">Una extensi\u00f3n de tu navegador parece estar bloqueando la carga del reproductor de video. Para poder ver este contenido, debes desactivarla en este sitio.<\/p>\n<p> <button class=\"a-master-button a-master-button--dark\" data-action=\"reload\">Reintentar<\/button> <\/div>\n<\/div>\n<figure class=\"m-item-image m-item-image--9x16 m-item-image--has-caption\"> <picture class=\"a-picture a-picture--9x16\"><source type=\"image\/webp\" srcset=\"https:\/\/s.france24.com\/media\/display\/89e10b58-a642-11f1-9d70-005056a97e36\/w:388\/p:9x16\/Colegios-regresan-a-clases-en-medio-de-nuevos-ataques-rusos.webp 388w, https:\/\/s.france24.com\/media\/display\/89e10b58-a642-11f1-9d70-005056a97e36\/w:720\/p:9x16\/Colegios-regresan-a-clases-en-medio-de-nuevos-ataques-rusos.webp 720w, https:\/\/s.france24.com\/media\/display\/89e10b58-a642-11f1-9d70-005056a97e36\/w:1024\/p:9x16\/Colegios-regresan-a-clases-en-medio-de-nuevos-ataques-rusos.webp 1024w\" sizes=\"(max-width: 639px) calc(100vw - 32px), (max-width: 1076px) calc(100vw - 44px), 850px\"><img fetchpriority=\"high\" decoding=\"auto\" src=\"https:\/\/s.france24.com\/media\/display\/89e10b58-a642-11f1-9d70-005056a97e36\/w:1024\/p:9x16\/Colegios-regresan-a-clases-en-medio-de-nuevos-ataques-rusos.png\" srcset=\"https:\/\/s.france24.com\/media\/display\/89e10b58-a642-11f1-9d70-005056a97e36\/w:388\/p:9x16\/Colegios-regresan-a-clases-en-medio-de-nuevos-ataques-rusos.png 388w, https:\/\/s.france24.com\/media\/display\/89e10b58-a642-11f1-9d70-005056a97e36\/w:720\/p:9x16\/Colegios-regresan-a-clases-en-medio-de-nuevos-ataques-rusos.png 720w, https:\/\/s.france24.com\/media\/display\/89e10b58-a642-11f1-9d70-005056a97e36\/w:1024\/p:9x16\/Colegios-regresan-a-clases-en-medio-de-nuevos-ataques-rusos.png 1024w\" sizes=\"(max-width: 639px) calc(100vw - 32px), (max-width: 1076px) calc(100vw - 44px), 850px\" width=\"1024\" height=\"1820\" alt=\"Colegios regresan a clases en medio de nuevos ataques rusos\" loading=\"eager\" class=\"a-img \">\n<\/picture><figcaption class=\"a-figcaption\"> Imagen de portada: Colegios regresan a clases en medio de nuevos ataques rusos \u00a9 France 24 <\/figcaption><\/figure>\n<\/p><\/div>\n<\/div>\n<h2><strong>La hip\u00f3tesis de un complot del FSB<\/strong><\/h2>\n<p>El registro que encendi\u00f3 la mecha tuvo lugar en el domicilio de Stepan Kaplunov, subcomandante del Cuerpo de Voluntarios Rusos, un grupo paramilitar compuesto por rusos contrarios a <a href=\"https:\/\/www.france24.com\/es\/tag\/vladimir-putin\/\" target=\"_self\">Vladimir Putin<\/a> que se encuentra bajo las \u00f3rdenes del GUR.<\/p>\n<p>\u00abEs una peque\u00f1a unidad de fuerzas especiales que en 2022 qued\u00f3 bajo el mando de los servicios de inteligencia militar ucranianos y que es utilizada para <strong>operaciones especiales<\/strong>, principalmente en la frontera rusa o en territorio ruso\u00bb, explica Huseyn Aliyev.<\/p>\n<p>Oficialmente, el SBU investiga a<strong> Stepan Kaplunov<\/strong> en el marco de una pesquisa relacionada con un intento de asesinato preparado por el FSB, el servicio de inteligencia ruso, contra<strong> \u00abun importante opositor ruso\u00bb<\/strong> y que habr\u00eda sido frustrado en Kiev.<\/p>\n<p>Los esp\u00edas ucranianos ya hab\u00edan sacado por la fuerza a Stepan Kaplunov de su domicilio el 23 de agosto, antes de liberarlo varios d\u00edas despu\u00e9s. Ya entonces se hablaba de ese supuesto intento de asesinato del FSB.<\/p>\n<div class=\"m-em-image\">\n<figure class=\"m-item-image m-item-image--original m-item-image--has-caption\"> <picture class=\"a-picture a-picture--original\"><source type=\"image\/webp\" srcset=\"https:\/\/s.france24.com\/media\/display\/68ce3250-11dd-11f1-b856-005056bfb2b6\/w:246\/2026-02-24T140528Z-738058010-RC2DSJA6FEJH-RTRMADP-3-UKRAINE-CRISIS-RUSSIA-PUTIN-NUCLEAR.webp 246w, https:\/\/s.france24.com\/media\/display\/68ce3250-11dd-11f1-b856-005056bfb2b6\/w:388\/2026-02-24T140528Z-738058010-RC2DSJA6FEJH-RTRMADP-3-UKRAINE-CRISIS-RUSSIA-PUTIN-NUCLEAR.webp 388w, https:\/\/s.france24.com\/media\/display\/68ce3250-11dd-11f1-b856-005056bfb2b6\/w:720\/2026-02-24T140528Z-738058010-RC2DSJA6FEJH-RTRMADP-3-UKRAINE-CRISIS-RUSSIA-PUTIN-NUCLEAR.webp 720w, https:\/\/s.france24.com\/media\/display\/68ce3250-11dd-11f1-b856-005056bfb2b6\/w:980\/2026-02-24T140528Z-738058010-RC2DSJA6FEJH-RTRMADP-3-UKRAINE-CRISIS-RUSSIA-PUTIN-NUCLEAR.webp 980w\" sizes=\"(max-width: 1023px) calc(100vw - 32px), (min-width: 1024px) 850px\"><img fetchpriority=\"low\" decoding=\"async\" src=\"https:\/\/s.france24.com\/media\/display\/68ce3250-11dd-11f1-b856-005056bfb2b6\/w:980\/2026-02-24T140528Z-738058010-RC2DSJA6FEJH-RTRMADP-3-UKRAINE-CRISIS-RUSSIA-PUTIN-NUCLEAR.jpg\" srcset=\"https:\/\/s.france24.com\/media\/display\/68ce3250-11dd-11f1-b856-005056bfb2b6\/w:246\/2026-02-24T140528Z-738058010-RC2DSJA6FEJH-RTRMADP-3-UKRAINE-CRISIS-RUSSIA-PUTIN-NUCLEAR.jpg 246w, https:\/\/s.france24.com\/media\/display\/68ce3250-11dd-11f1-b856-005056bfb2b6\/w:388\/2026-02-24T140528Z-738058010-RC2DSJA6FEJH-RTRMADP-3-UKRAINE-CRISIS-RUSSIA-PUTIN-NUCLEAR.jpg 388w, https:\/\/s.france24.com\/media\/display\/68ce3250-11dd-11f1-b856-005056bfb2b6\/w:720\/2026-02-24T140528Z-738058010-RC2DSJA6FEJH-RTRMADP-3-UKRAINE-CRISIS-RUSSIA-PUTIN-NUCLEAR.jpg 720w, https:\/\/s.france24.com\/media\/display\/68ce3250-11dd-11f1-b856-005056bfb2b6\/w:980\/2026-02-24T140528Z-738058010-RC2DSJA6FEJH-RTRMADP-3-UKRAINE-CRISIS-RUSSIA-PUTIN-NUCLEAR.jpg 980w\" sizes=\"(max-width: 1023px) calc(100vw - 32px), (min-width: 1024px) 850px\" alt=\"El presidente de Rusia, Vladimir Putin, y el director del Servicio Federal de Seguridad (FSB), Alexander Bortnikov, asisten a una reuni\u00f3n de la junta directiva del servicio en Mosc\u00fa, Rusia, el 24 de febrero de 2026.\" loading=\"lazy\" class=\"a-img \">\n<\/picture><figcaption class=\"a-figcaption\"> El presidente de Rusia, Vladimir Putin, y el director del Servicio Federal de Seguridad (FSB), Alexander Bortnikov, asisten a una reuni\u00f3n de la junta directiva del servicio en Mosc\u00fa, Rusia, el 24 de febrero de 2026. \u00a9 Mikhail Metzel via Reuters <\/figcaption><\/figure>\n<\/p><\/div>\n<p>Desde entonces, los servicios de inteligencia ucranianos afirmaron que los asesinos rusos se preparaban para actuar el 24 de agosto, D\u00eda de la Independencia de Ucrania, contra un opositor ruso que hab\u00eda viajado a Kiev para participar en las celebraciones.<\/p>\n<p>\u00bfQui\u00e9n era ese opositor ruso que estaba en la mira del FSB? \u00bfPor qu\u00e9 era necesario detener al n\u00famero dos de una milicia de combatientes rusos bajo las \u00f3rdenes del GUR para frustrar el intento de asesinato? \u00bfFue acusado Stepan Kaplunov de trabajar con los esp\u00edas rusos o de poseer informaci\u00f3n que permitiera abortar el complot del FSB?<\/p>\n<p>En un comunicado de prensa publicado el jueves, el SBU afirm\u00f3 que Stepan Kaplunov reconoci\u00f3 haber colaborado con los servicios de inteligencia rusos.<\/p>\n<p>No es esa la versi\u00f3n que el n\u00famero dos del Cuerpo de Voluntarios Rusos dio al sitio &#8216;The New Voice of Ukraine&#8217;. En una entrevista, asegur\u00f3 que esa confesi\u00f3n fue <strong>obtenida bajo coacci\u00f3n<\/strong>.<\/p>\n<p class=\"a-read-more\"><span class=\"a-read-more__label\">Leer tambi\u00e9n<\/span><a href=\"https:\/\/www.france24.com\/es\/europa\/20260903-putin-habla-de-una-paz-posible-en-la-invasi\u00f3n-rusa-a-ucrania-pero-lo-condiciona-al-cese-de-amenazas-de-kiev\" target=\"_self\" class=\"a-read-more__link\">Putin habla de una paz \u201cposible\u201d en la invasi\u00f3n rusa a Ucrania, pero lo condiciona al cese de \u201camenazas\u201d de Kiev<\/a><\/p>\n<h2><strong>\u00bfUna historia de rivalidad pol\u00edtica?<\/strong><\/h2>\n<p>El incidente se inscribe en la relaci\u00f3n, a menudo dif\u00edcil y en ocasiones explosiva, entre los dos principales servicios de inteligencia.<\/p>\n<p>\u00abA menudo <strong>invaden mutuamente sus \u00e1reas de competencia<\/strong>\u00ab, afirma Huseyn Aliyev.<\/p>\n<div class=\"m-em-image\">\n<figure class=\"m-item-image m-item-image--original m-item-image--has-caption\"> <picture class=\"a-picture a-picture--original\"><source type=\"image\/webp\" srcset=\"https:\/\/s.france24.com\/media\/display\/29688864-3f14-11f0-ae93-005056bfb2b6\/w:246\/000_33BZ4A3.webp 246w, https:\/\/s.france24.com\/media\/display\/29688864-3f14-11f0-ae93-005056bfb2b6\/w:388\/000_33BZ4A3.webp 388w, https:\/\/s.france24.com\/media\/display\/29688864-3f14-11f0-ae93-005056bfb2b6\/w:720\/000_33BZ4A3.webp 720w, https:\/\/s.france24.com\/media\/display\/29688864-3f14-11f0-ae93-005056bfb2b6\/w:980\/000_33BZ4A3.webp 980w\" sizes=\"(max-width: 1023px) calc(100vw - 32px), (min-width: 1024px) 850px\"><img fetchpriority=\"low\" decoding=\"async\" src=\"https:\/\/s.france24.com\/media\/display\/29688864-3f14-11f0-ae93-005056bfb2b6\/w:980\/000_33BZ4A3.jpg\" srcset=\"https:\/\/s.france24.com\/media\/display\/29688864-3f14-11f0-ae93-005056bfb2b6\/w:246\/000_33BZ4A3.jpg 246w, https:\/\/s.france24.com\/media\/display\/29688864-3f14-11f0-ae93-005056bfb2b6\/w:388\/000_33BZ4A3.jpg 388w, https:\/\/s.france24.com\/media\/display\/29688864-3f14-11f0-ae93-005056bfb2b6\/w:720\/000_33BZ4A3.jpg 720w, https:\/\/s.france24.com\/media\/display\/29688864-3f14-11f0-ae93-005056bfb2b6\/w:980\/000_33BZ4A3.jpg 980w\" sizes=\"(max-width: 1023px) calc(100vw - 32px), (min-width: 1024px) 850px\" alt=\"El presidente ucraniano, Volodymyr Zelensky, y el jefe de seguridad del SBU, Vasyl Mayuk, el 24 de marzo de 2023 en Kiev.\" loading=\"lazy\" class=\"a-img \">\n<\/picture><figcaption class=\"a-figcaption\"> El presidente ucraniano, Volodymyr Zelensky, y el jefe de seguridad del SBU, Vasyl Mayuk, el 24 de marzo de 2023 en Kiev. \u00a9 SERVICIO DE PRENSA DE LA PRESIDENCIA UCRANIANA\/AFP <\/figcaption><\/figure>\n<\/p><\/div>\n<p>Tampoco es la primera vez que esta guerra soterrada entre esp\u00edas deriva en episodios de violencia. En 2022, el GUR acus\u00f3 al SBU de haber <strong>matado a uno de sus agentes<\/strong>, un banquero que hab\u00eda obtenido informaci\u00f3n sobre los planes rusos para invadir Ucrania.<\/p>\n<p>Los servicios ucranianos de contrainteligencia hab\u00edan sugerido previamente que el hombre era, en realidad, un agente doble al servicio de <a href=\"https:\/\/www.france24.com\/es\/tag\/mosc\u00fa\/\" target=\"_self\">Mosc\u00fa<\/a>.<\/p>\n<p>El caso Kaplunov y el tiroteo al amanecer en Kiev que desencaden\u00f3 tambi\u00e9n deben situarse en un contexto pol\u00edtico m\u00e1s amplio y conflictivo.<\/p>\n<p>\u00abEl GUR estuvo dirigido durante mucho tiempo por Kyrylo Budanov (entre 2020 y enero de 2026, NDLR), actualmente considerado un <strong>potencial rival pol\u00edtico de Volod\u00edmir Zelenski<\/strong>\u00ab, subraya Ryhor Nizhnikau.<\/p>\n<p>Por su parte, \u00abel SBU depende directamente de la Presidencia ucraniana y todos sus responsables son leales a Volod\u00edmir Zelenski\u00bb, precisa Huseyn Aliyev.<\/p>\n<div class=\"m-em-video\">\n<div class=\"o-video-player o-video-player--16x9\" data-media-video-wbmz415945-f24-es-20260827 data-show-hidden-video-player=\"WBMZ415945-F24-ES-20260827\" data-wrapper-video-player data-youtube-script>\n<div class=\"o-em-consent \" readability=\"7\">\n<div class=\"o-em-consent__content\" readability=\"34\">\n<p class=\"o-em-consent__content__text\">Para mostrar este contenido de YouTube, debe autorizar las cookies de medici\u00f3n de audiencia y publicidad.<\/p>\n<p> <button class=\"a-master-button a-master-button--dark\" data-action=\"accept\"> Aceptar <svg class=\"a-svg a-svg--icon-check\"> <use xlink:href=\"\/build\/images\/svg\/sprite.68b43361c11f23b39049016b32e6ae31.svg#icon-check\" href=\"\/build\/images\/svg\/sprite.68b43361c11f23b39049016b32e6ae31.svg#icon-check\" \/> <\/svg> <\/button> <button class=\"a-link\" data-action=\"manage\">Gestionar mis opciones <svg class=\"a-svg a-svg--icon-edit\"> <use xlink:href=\"\/build\/images\/svg\/sprite.68b43361c11f23b39049016b32e6ae31.svg#icon-edit\" href=\"\/build\/images\/svg\/sprite.68b43361c11f23b39049016b32e6ae31.svg#icon-edit\" \/> <\/svg><br \/>\n<\/button> <\/div>\n<\/div>\n<div class=\"o-em-adblock\" data-adblock-content readability=\"7\">\n<div class=\"o-em-adblock__content\" readability=\"34\">\n<p class=\"o-em-adblock__content__text\">Una extensi\u00f3n de tu navegador parece estar bloqueando la carga del reproductor de video. Para poder ver este contenido, debes desactivarla en este sitio.<\/p>\n<p> <button class=\"a-master-button a-master-button--dark\" data-action=\"reload\">Reintentar<\/button> <\/div>\n<\/div>\n<figure class=\"m-item-image m-item-image--16x9 m-item-image--has-caption\"> <picture class=\"a-picture a-picture--16x9\"><source type=\"image\/webp\" srcset=\"https:\/\/s.france24.com\/media\/display\/6293bbee-9fa9-11f1-83a7-005056a90284\/w:388\/p:16x9\/AP26236377020541.webp 388w, https:\/\/s.france24.com\/media\/display\/6293bbee-9fa9-11f1-83a7-005056a90284\/w:720\/p:16x9\/AP26236377020541.webp 720w, https:\/\/s.france24.com\/media\/display\/6293bbee-9fa9-11f1-83a7-005056a90284\/w:1024\/p:16x9\/AP26236377020541.webp 1024w\" sizes=\"(max-width: 639px) calc(100vw - 32px), (max-width: 1076px) calc(100vw - 44px), 850px\"><img fetchpriority=\"high\" decoding=\"auto\" src=\"https:\/\/s.france24.com\/media\/display\/6293bbee-9fa9-11f1-83a7-005056a90284\/w:1024\/p:16x9\/AP26236377020541.jpg\" srcset=\"https:\/\/s.france24.com\/media\/display\/6293bbee-9fa9-11f1-83a7-005056a90284\/w:388\/p:16x9\/AP26236377020541.jpg 388w, https:\/\/s.france24.com\/media\/display\/6293bbee-9fa9-11f1-83a7-005056a90284\/w:720\/p:16x9\/AP26236377020541.jpg 720w, https:\/\/s.france24.com\/media\/display\/6293bbee-9fa9-11f1-83a7-005056a90284\/w:1024\/p:16x9\/AP26236377020541.jpg 1024w\" sizes=\"(max-width: 639px) calc(100vw - 32px), (max-width: 1076px) calc(100vw - 44px), 850px\" width=\"1024\" height=\"576\" alt=\"El presidente ucraniano Volodymyr Zelenskyy y el primer ministro brit\u00e1nico Andy Burnham en una ceremonia conmemorativa en Kiev, Ucrania, el lunes 24 de agosto de 2026, con motivo del 35.\u00ba aniversario de la independencia de Ucrania.\" loading=\"eager\" class=\"a-img \">\n<\/picture><figcaption class=\"a-figcaption\"> Imagen de portada: El presidente ucraniano Volodymyr Zelenskyy y el primer ministro brit\u00e1nico Andy Burnham en una ceremonia conmemorativa en Kiev, Ucrania, el lunes 24 de agosto de 2026, con motivo del 35.\u00ba aniversario de la independencia de Ucrania. AP Photo\/Efrem Lukatsky &#8211; Efrem Lukatsky <\/figcaption><\/figure>\n<\/p><\/div>\n<\/div>\n<p>Kyrylo Budanov, muy popular en Ucrania, fue nombrado en enero jefe de la Administraci\u00f3n Presidencial y posteriormente reemplazado al frente del GUR por Oleh Ivashchenko, \u00abquien representa una <strong>amenaza menor<\/strong> como potencial rival pol\u00edtico para Volod\u00edmir Zelenski\u00bb, sostiene Ryhor Nizhnikau.<\/p>\n<p>Para este experto, detr\u00e1s de este caso podr\u00eda haber, por lo tanto, una<strong> lucha de influencia pol\u00edtica<\/strong> en las m\u00e1s altas esferas del Estado.<\/p>\n<p>Eso es tambi\u00e9n lo que afirm\u00f3 Stepan Kaplunov a &#8216;The New Voice of Ukraine&#8217;. Sostiene que \u00abel SBU quer\u00eda obtener de \u00e9l informaci\u00f3n que permitiera desacreditar al GUR y a su antiguo jefe, Kyrylo Budanov\u00bb.<\/p>\n<p>\u00abEl objetivo ser\u00eda, seg\u00fan esta hip\u00f3tesis, apartar a los leales al antiguo jefe del GUR y reducir la influencia del asesor presidencial sobre este servicio de inteligencia\u00bb, explica.<\/p>\n<p class=\"a-read-more\"><span class=\"a-read-more__label\">Leer tambi\u00e9n<\/span><a href=\"https:\/\/www.france24.com\/es\/europa\/20260901-en-directo-el-espacio-a\u00e9reo-ruso-se-har\u00e1-completamente-inseguro-advierte-zelenski-a-las-aerol\u00edneas\" target=\"_self\" class=\"a-read-more__link\">Zelenski advierte que \u00abel espacio a\u00e9reo ruso ser\u00e1 completamente inseguro\u00bb; Putin desestima su amenaza<\/a><\/p>\n<p>Huseyn Aliyev no est\u00e1 tan convencido de que alguien como Stepan Kaplunov \u2014simple n\u00famero dos de una peque\u00f1a unidad del GUR\u2014 sea lo suficientemente importante como para tener acceso a informaci\u00f3n realmente comprometedora.<\/p>\n<p>Pero, en cualquier caso, \u00abesta guerra entre los servicios de inteligencia <strong>beneficia sobre todo a Mosc\u00fa<\/strong>\u00ab, subraya Huseyn Aliyev. Una opini\u00f3n compartida por Ryhor Nizhnikau, quien se\u00f1ala que \u00abmientras unidades de \u00e9lite como el grupo Alpha tengan que resolver disputas entre los servicios en Kiev, no se ocupan de preparar operaciones contra <a href=\"https:\/\/www.france24.com\/es\/tag\/rusia\/\" target=\"_self\">Rusia<\/a>\u00ab.<\/p>\n<p>Eso deja mayor margen de maniobra a los agentes de Mosc\u00fa.<\/p>\n<p><em>Este art\u00edculo es una adaptaci\u00f3n de su <a href=\"https:\/\/www.france24.com\/fr\/europe\/20260903-kiev-\u00e9trange-guerre-espions-ukrainiens-plein-conflit-russie\" target=\"_self\">original en franc\u00e9s<\/a>.<\/em><\/p>\n","protected":false},"excerpt":{"rendered":"<p>\u00bfUna guerra entre esp\u00edas ucranianos en las&#46;&#46;&#46;<\/p>\n","protected":false},"author":1,"featured_media":411956,"comment_status":"closed","ping_status":"closed","sticky":false,"template":"","format":"standard","meta":{"_jetpack_newsletter_access":"","_jetpack_dont_email_post_to_subs":false,"_jetpack_newsletter_tier_id":0,"_jetpack_memberships_contains_paywalled_content":false,"_jetpack_feature_clip_id":0,"_jetpack_memberships_contains_paid_content":false,"footnotes":"","jetpack_publicize_message":"","jetpack_publicize_feature_enabled":true,"jetpack_social_post_already_shared":true,"jetpack_social_options":{"image_generator_settings":{"template":"highway","default_image_id":0,"font":"","enabled":false},"version":2},"jetpack_post_was_ever_published":false},"categories":[43],"tags":[],"class_list":["post-411955","post","type-post","status-publish","format-standard","has-post-thumbnail","hentry","category-internacionales"],"yoast_head":"<!-- This site is optimized with the Yoast SEO plugin v28.1 - https:\/\/yoast.com\/product\/yoast-seo-wordpress\/ -->\n<title>La extra\u00f1a guerra entre esp\u00edas ucranianos en Kiev en pleno conflicto con Rusia - Sarmiento24h<\/title>\n<meta name=\"robots\" content=\"index, follow, max-snippet:-1, max-image-preview:large, max-video-preview:-1\" \/>\n<link rel=\"canonical\" href=\"https:\/\/sarmiento24h.com\/?p=411955\" \/>\n<meta property=\"og:locale\" content=\"es_ES\" \/>\n<meta property=\"og:type\" content=\"article\" \/>\n<meta property=\"og:title\" content=\"La extra\u00f1a guerra entre esp\u00edas ucranianos en Kiev en pleno conflicto con Rusia - Sarmiento24h\" \/>\n<meta property=\"og:description\" content=\"\u00bfUna guerra entre esp\u00edas ucranianos en las&#046;&#046;&#046;\" \/>\n<meta property=\"og:url\" content=\"https:\/\/sarmiento24h.com\/?p=411955\" \/>\n<meta property=\"og:site_name\" content=\"Sarmiento24h\" \/>\n<meta property=\"article:publisher\" content=\"https:\/\/facebook.com\/s24hnoticias\" \/>\n<meta property=\"article:published_time\" content=\"2026-09-03T21:16:52+00:00\" \/>\n<meta property=\"og:image\" content=\"https:\/\/s.france24.com\/media\/display\/cc9e7508-9bdd-11f1-8aff-005056bf30b7\/w:980\/AP26197425169835.jpg\" \/>\n<meta name=\"author\" content=\"sarmiento24h@gmail.com\" \/>\n<meta name=\"twitter:card\" content=\"summary_large_image\" \/>\n<meta name=\"twitter:creator\" content=\"@sarmiento24h\" \/>\n<meta name=\"twitter:site\" content=\"@sarmiento24h\" \/>\n<meta name=\"twitter:label1\" content=\"Escrito por\" \/>\n\t<meta name=\"twitter:data1\" content=\"sarmiento24h@gmail.com\" \/>\n\t<meta name=\"twitter:label2\" content=\"Tiempo de lectura\" \/>\n\t<meta name=\"twitter:data2\" content=\"8 minutos\" \/>\n<script type=\"application\/ld+json\" class=\"yoast-schema-graph\">{\"@context\":\"https:\\\/\\\/schema.org\",\"@graph\":[{\"@type\":\"Article\",\"@id\":\"https:\\\/\\\/sarmiento24h.com\\\/?p=411955#article\",\"isPartOf\":{\"@id\":\"https:\\\/\\\/sarmiento24h.com\\\/?p=411955\"},\"author\":{\"name\":\"sarmiento24h@gmail.com\",\"@id\":\"https:\\\/\\\/sarmiento24h.com\\\/#\\\/schema\\\/person\\\/d653a59725ad629a7e0429af7b939d4d\"},\"headline\":\"La extra\u00f1a guerra entre esp\u00edas ucranianos en Kiev en pleno conflicto con Rusia\",\"datePublished\":\"2026-09-03T21:16:52+00:00\",\"mainEntityOfPage\":{\"@id\":\"https:\\\/\\\/sarmiento24h.com\\\/?p=411955\"},\"wordCount\":1532,\"publisher\":{\"@id\":\"https:\\\/\\\/sarmiento24h.com\\\/#organization\"},\"image\":{\"@id\":\"https:\\\/\\\/sarmiento24h.com\\\/?p=411955#primaryimage\"},\"thumbnailUrl\":\"https:\\\/\\\/sarmiento24h.com\\\/wp-content\\\/uploads\\\/2026\\\/09\\\/la-extrana-guerra-entre-espias-ucranianos-en-kiev-en-pleno-conflicto-con-rusia.jpg\",\"articleSection\":[\"Internacionales\"],\"inLanguage\":\"es\"},{\"@type\":\"WebPage\",\"@id\":\"https:\\\/\\\/sarmiento24h.com\\\/?p=411955\",\"url\":\"https:\\\/\\\/sarmiento24h.com\\\/?p=411955\",\"name\":\"La extra\u00f1a guerra entre esp\u00edas ucranianos en Kiev en pleno conflicto con Rusia - Sarmiento24h\",\"isPartOf\":{\"@id\":\"https:\\\/\\\/sarmiento24h.com\\\/#website\"},\"primaryImageOfPage\":{\"@id\":\"https:\\\/\\\/sarmiento24h.com\\\/?p=411955#primaryimage\"},\"image\":{\"@id\":\"https:\\\/\\\/sarmiento24h.com\\\/?p=411955#primaryimage\"},\"thumbnailUrl\":\"https:\\\/\\\/sarmiento24h.com\\\/wp-content\\\/uploads\\\/2026\\\/09\\\/la-extrana-guerra-entre-espias-ucranianos-en-kiev-en-pleno-conflicto-con-rusia.jpg\",\"datePublished\":\"2026-09-03T21:16:52+00:00\",\"breadcrumb\":{\"@id\":\"https:\\\/\\\/sarmiento24h.com\\\/?p=411955#breadcrumb\"},\"inLanguage\":\"es\",\"potentialAction\":[{\"@type\":\"ReadAction\",\"target\":[\"https:\\\/\\\/sarmiento24h.com\\\/?p=411955\"]}]},{\"@type\":\"ImageObject\",\"inLanguage\":\"es\",\"@id\":\"https:\\\/\\\/sarmiento24h.com\\\/?p=411955#primaryimage\",\"url\":\"https:\\\/\\\/sarmiento24h.com\\\/wp-content\\\/uploads\\\/2026\\\/09\\\/la-extrana-guerra-entre-espias-ucranianos-en-kiev-en-pleno-conflicto-con-rusia.jpg\",\"contentUrl\":\"https:\\\/\\\/sarmiento24h.com\\\/wp-content\\\/uploads\\\/2026\\\/09\\\/la-extrana-guerra-entre-espias-ucranianos-en-kiev-en-pleno-conflicto-con-rusia.jpg\",\"width\":980,\"height\":653},{\"@type\":\"BreadcrumbList\",\"@id\":\"https:\\\/\\\/sarmiento24h.com\\\/?p=411955#breadcrumb\",\"itemListElement\":[{\"@type\":\"ListItem\",\"position\":1,\"name\":\"Home\",\"item\":\"https:\\\/\\\/sarmiento24h.com\\\/\"},{\"@type\":\"ListItem\",\"position\":2,\"name\":\"La extra\u00f1a guerra entre esp\u00edas ucranianos en Kiev en pleno conflicto con Rusia\"}]},{\"@type\":\"WebSite\",\"@id\":\"https:\\\/\\\/sarmiento24h.com\\\/#website\",\"url\":\"https:\\\/\\\/sarmiento24h.com\\\/\",\"name\":\"Sarmiento24h\",\"description\":\"\",\"publisher\":{\"@id\":\"https:\\\/\\\/sarmiento24h.com\\\/#organization\"},\"potentialAction\":[{\"@type\":\"SearchAction\",\"target\":{\"@type\":\"EntryPoint\",\"urlTemplate\":\"https:\\\/\\\/sarmiento24h.com\\\/?s={search_term_string}\"},\"query-input\":{\"@type\":\"PropertyValueSpecification\",\"valueRequired\":true,\"valueName\":\"search_term_string\"}}],\"inLanguage\":\"es\"},{\"@type\":\"Organization\",\"@id\":\"https:\\\/\\\/sarmiento24h.com\\\/#organization\",\"name\":\"Sarmiento24h\",\"url\":\"https:\\\/\\\/sarmiento24h.com\\\/\",\"logo\":{\"@type\":\"ImageObject\",\"inLanguage\":\"es\",\"@id\":\"https:\\\/\\\/sarmiento24h.com\\\/#\\\/schema\\\/logo\\\/image\\\/\",\"url\":\"https:\\\/\\\/sarmiento24h.com\\\/wp-content\\\/uploads\\\/2025\\\/12\\\/AddText_12-16-10.30.52.jpg\",\"contentUrl\":\"https:\\\/\\\/sarmiento24h.com\\\/wp-content\\\/uploads\\\/2025\\\/12\\\/AddText_12-16-10.30.52.jpg\",\"width\":1220,\"height\":324,\"caption\":\"Sarmiento24h\"},\"image\":{\"@id\":\"https:\\\/\\\/sarmiento24h.com\\\/#\\\/schema\\\/logo\\\/image\\\/\"},\"sameAs\":[\"https:\\\/\\\/facebook.com\\\/s24hnoticias\",\"https:\\\/\\\/x.com\\\/sarmiento24h\"]},{\"@type\":\"Person\",\"@id\":\"https:\\\/\\\/sarmiento24h.com\\\/#\\\/schema\\\/person\\\/d653a59725ad629a7e0429af7b939d4d\",\"name\":\"sarmiento24h@gmail.com\",\"image\":{\"@type\":\"ImageObject\",\"inLanguage\":\"es\",\"@id\":\"https:\\\/\\\/sarmiento24h.com\\\/wp-content\\\/litespeed\\\/avatar\\\/d02cbc4e23c747e6659cd45907173c8f.jpg?ver=1788047690\",\"url\":\"https:\\\/\\\/sarmiento24h.com\\\/wp-content\\\/litespeed\\\/avatar\\\/d02cbc4e23c747e6659cd45907173c8f.jpg?ver=1788047690\",\"contentUrl\":\"https:\\\/\\\/sarmiento24h.com\\\/wp-content\\\/litespeed\\\/avatar\\\/d02cbc4e23c747e6659cd45907173c8f.jpg?ver=1788047690\",\"caption\":\"sarmiento24h@gmail.com\"},\"sameAs\":[\"https:\\\/\\\/sarmiento24h.com\"],\"url\":\"https:\\\/\\\/sarmiento24h.com\\\/?author=1\"}]}<\/script>\n<!-- \/ Yoast SEO plugin. -->","yoast_head_json":{"title":"La extra\u00f1a guerra entre esp\u00edas ucranianos en Kiev en pleno conflicto con Rusia - Sarmiento24h","robots":{"index":"index","follow":"follow","max-snippet":"max-snippet:-1","max-image-preview":"max-image-preview:large","max-video-preview":"max-video-preview:-1"},"canonical":"https:\/\/sarmiento24h.com\/?p=411955","og_locale":"es_ES","og_type":"article","og_title":"La extra\u00f1a guerra entre esp\u00edas ucranianos en Kiev en pleno conflicto con Rusia - Sarmiento24h","og_description":"\u00bfUna guerra entre esp\u00edas ucranianos en las&#46;&#46;&#46;","og_url":"https:\/\/sarmiento24h.com\/?p=411955","og_site_name":"Sarmiento24h","article_publisher":"https:\/\/facebook.com\/s24hnoticias","article_published_time":"2026-09-03T21:16:52+00:00","og_image":[{"url":"https:\/\/s.france24.com\/media\/display\/cc9e7508-9bdd-11f1-8aff-005056bf30b7\/w:980\/AP26197425169835.jpg","type":"","width":"","height":""}],"author":"sarmiento24h@gmail.com","twitter_card":"summary_large_image","twitter_creator":"@sarmiento24h","twitter_site":"@sarmiento24h","twitter_misc":{"Escrito por":"sarmiento24h@gmail.com","Tiempo de lectura":"8 minutos"},"schema":{"@context":"https:\/\/schema.org","@graph":[{"@type":"Article","@id":"https:\/\/sarmiento24h.com\/?p=411955#article","isPartOf":{"@id":"https:\/\/sarmiento24h.com\/?p=411955"},"author":{"name":"sarmiento24h@gmail.com","@id":"https:\/\/sarmiento24h.com\/#\/schema\/person\/d653a59725ad629a7e0429af7b939d4d"},"headline":"La extra\u00f1a guerra entre esp\u00edas ucranianos en Kiev en pleno conflicto con Rusia","datePublished":"2026-09-03T21:16:52+00:00","mainEntityOfPage":{"@id":"https:\/\/sarmiento24h.com\/?p=411955"},"wordCount":1532,"publisher":{"@id":"https:\/\/sarmiento24h.com\/#organization"},"image":{"@id":"https:\/\/sarmiento24h.com\/?p=411955#primaryimage"},"thumbnailUrl":"https:\/\/sarmiento24h.com\/wp-content\/uploads\/2026\/09\/la-extrana-guerra-entre-espias-ucranianos-en-kiev-en-pleno-conflicto-con-rusia.jpg","articleSection":["Internacionales"],"inLanguage":"es"},{"@type":"WebPage","@id":"https:\/\/sarmiento24h.com\/?p=411955","url":"https:\/\/sarmiento24h.com\/?p=411955","name":"La extra\u00f1a guerra entre esp\u00edas ucranianos en Kiev en pleno conflicto con Rusia - Sarmiento24h","isPartOf":{"@id":"https:\/\/sarmiento24h.com\/#website"},"primaryImageOfPage":{"@id":"https:\/\/sarmiento24h.com\/?p=411955#primaryimage"},"image":{"@id":"https:\/\/sarmiento24h.com\/?p=411955#primaryimage"},"thumbnailUrl":"https:\/\/sarmiento24h.com\/wp-content\/uploads\/2026\/09\/la-extrana-guerra-entre-espias-ucranianos-en-kiev-en-pleno-conflicto-con-rusia.jpg","datePublished":"2026-09-03T21:16:52+00:00","breadcrumb":{"@id":"https:\/\/sarmiento24h.com\/?p=411955#breadcrumb"},"inLanguage":"es","potentialAction":[{"@type":"ReadAction","target":["https:\/\/sarmiento24h.com\/?p=411955"]}]},{"@type":"ImageObject","inLanguage":"es","@id":"https:\/\/sarmiento24h.com\/?p=411955#primaryimage","url":"https:\/\/sarmiento24h.com\/wp-content\/uploads\/2026\/09\/la-extrana-guerra-entre-espias-ucranianos-en-kiev-en-pleno-conflicto-con-rusia.jpg","contentUrl":"https:\/\/sarmiento24h.com\/wp-content\/uploads\/2026\/09\/la-extrana-guerra-entre-espias-ucranianos-en-kiev-en-pleno-conflicto-con-rusia.jpg","width":980,"height":653},{"@type":"BreadcrumbList","@id":"https:\/\/sarmiento24h.com\/?p=411955#breadcrumb","itemListElement":[{"@type":"ListItem","position":1,"name":"Home","item":"https:\/\/sarmiento24h.com\/"},{"@type":"ListItem","position":2,"name":"La extra\u00f1a guerra entre esp\u00edas ucranianos en Kiev en pleno conflicto con Rusia"}]},{"@type":"WebSite","@id":"https:\/\/sarmiento24h.com\/#website","url":"https:\/\/sarmiento24h.com\/","name":"Sarmiento24h","description":"","publisher":{"@id":"https:\/\/sarmiento24h.com\/#organization"},"potentialAction":[{"@type":"SearchAction","target":{"@type":"EntryPoint","urlTemplate":"https:\/\/sarmiento24h.com\/?s={search_term_string}"},"query-input":{"@type":"PropertyValueSpecification","valueRequired":true,"valueName":"search_term_string"}}],"inLanguage":"es"},{"@type":"Organization","@id":"https:\/\/sarmiento24h.com\/#organization","name":"Sarmiento24h","url":"https:\/\/sarmiento24h.com\/","logo":{"@type":"ImageObject","inLanguage":"es","@id":"https:\/\/sarmiento24h.com\/#\/schema\/logo\/image\/","url":"https:\/\/sarmiento24h.com\/wp-content\/uploads\/2025\/12\/AddText_12-16-10.30.52.jpg","contentUrl":"https:\/\/sarmiento24h.com\/wp-content\/uploads\/2025\/12\/AddText_12-16-10.30.52.jpg","width":1220,"height":324,"caption":"Sarmiento24h"},"image":{"@id":"https:\/\/sarmiento24h.com\/#\/schema\/logo\/image\/"},"sameAs":["https:\/\/facebook.com\/s24hnoticias","https:\/\/x.com\/sarmiento24h"]},{"@type":"Person","@id":"https:\/\/sarmiento24h.com\/#\/schema\/person\/d653a59725ad629a7e0429af7b939d4d","name":"sarmiento24h@gmail.com","image":{"@type":"ImageObject","inLanguage":"es","@id":"https:\/\/sarmiento24h.com\/wp-content\/litespeed\/avatar\/d02cbc4e23c747e6659cd45907173c8f.jpg?ver=1788047690","url":"https:\/\/sarmiento24h.com\/wp-content\/litespeed\/avatar\/d02cbc4e23c747e6659cd45907173c8f.jpg?ver=1788047690","contentUrl":"https:\/\/sarmiento24h.com\/wp-content\/litespeed\/avatar\/d02cbc4e23c747e6659cd45907173c8f.jpg?ver=1788047690","caption":"sarmiento24h@gmail.com"},"sameAs":["https:\/\/sarmiento24h.com"],"url":"https:\/\/sarmiento24h.com\/?author=1"}]}},"jetpack_publicize_connections":[],"jetpack_featured_media_url":"https:\/\/sarmiento24h.com\/wp-content\/uploads\/2026\/09\/la-extrana-guerra-entre-espias-ucranianos-en-kiev-en-pleno-conflicto-con-rusia.jpg","jetpack_sharing_enabled":true,"_links":{"self":[{"href":"https:\/\/sarmiento24h.com\/index.php?rest_route=\/wp\/v2\/posts\/411955","targetHints":{"allow":["GET"]}}],"collection":[{"href":"https:\/\/sarmiento24h.com\/index.php?rest_route=\/wp\/v2\/posts"}],"about":[{"href":"https:\/\/sarmiento24h.com\/index.php?rest_route=\/wp\/v2\/types\/post"}],"author":[{"embeddable":true,"href":"https:\/\/sarmiento24h.com\/index.php?rest_route=\/wp\/v2\/users\/1"}],"replies":[{"embeddable":true,"href":"https:\/\/sarmiento24h.com\/index.php?rest_route=%2Fwp%2Fv2%2Fcomments&post=411955"}],"version-history":[{"count":0,"href":"https:\/\/sarmiento24h.com\/index.php?rest_route=\/wp\/v2\/posts\/411955\/revisions"}],"wp:featuredmedia":[{"embeddable":true,"href":"https:\/\/sarmiento24h.com\/index.php?rest_route=\/wp\/v2\/media\/411956"}],"wp:attachment":[{"href":"https:\/\/sarmiento24h.com\/index.php?rest_route=%2Fwp%2Fv2%2Fmedia&parent=411955"}],"wp:term":[{"taxonomy":"category","embeddable":true,"href":"https:\/\/sarmiento24h.com\/index.php?rest_route=%2Fwp%2Fv2%2Fcategories&post=411955"},{"taxonomy":"post_tag","embeddable":true,"href":"https:\/\/sarmiento24h.com\/index.php?rest_route=%2Fwp%2Fv2%2Ftags&post=411955"}],"curies":[{"name":"wp","href":"https:\/\/api.w.org\/{rel}","templated":true}]}}