{"id":412029,"date":"2026-09-03T22:27:44","date_gmt":"2026-09-03T22:27:44","guid":{"rendered":"http:\/\/2b9cea3e-a7d8-11f1-8cc5-fdf41a79cd1b"},"modified":"2026-09-03T22:27:44","modified_gmt":"2026-09-03T22:27:44","slug":"la-justicia-colombiana-ordena-a-de-la-espriella-no-bombardear-objetivos-donde-se-presuma-que-hay-menores","status":"publish","type":"post","link":"https:\/\/sarmiento24h.com\/?p=412029","title":{"rendered":"La Justicia colombiana ordena a De la Espriella no bombardear objetivos donde se presuma que hay menores"},"content":{"rendered":"<p>Un juzgado de <a href=\"https:\/\/www.france24.com\/es\/tag\/bogot\u00e1\/\" target=\"_self\">Bogot\u00e1<\/a> orden\u00f3 este jueves al presidente colombiano, <a href=\"https:\/\/www.france24.com\/es\/tag\/abelardo-de-la-espriella\/\" target=\"_self\">Abelardo de la Espriella<\/a>, y a las <a href=\"https:\/\/www.france24.com\/es\/tag\/fuerzas-armadas\/\" target=\"_self\">Fuerzas Armadas<\/a> <strong>abstenerse de bombardear objetivos de grupos armados<\/strong> cuando exista informaci\u00f3n sobre la <strong>posible presencia de menores de edad<\/strong>.<\/p>\n<p>La decisi\u00f3n se conoce una semana despu\u00e9s de que el Instituto Nacional de Medicina Legal informara que <strong>tres menores murieron en una operaci\u00f3n militar contra un grupo de las disidencias de las <a href=\"https:\/\/www.france24.com\/es\/tag\/farc\/\" target=\"_self\">FARC<\/a><\/strong> en una zona rural del municipio de El Retorno, en el departamento del Guaviare, en el centro del pa\u00eds.<\/p>\n<p>Llega menos de un mes despu\u00e9s de que se reportara otra v\u00edctima adolescente tras un bombardeo en el Catatumbo.<\/p>\n<p>La jueza 34 de Familia de Bogot\u00e1, Viviana Arciniegas, adopt\u00f3 la decisi\u00f3n como medida provisional dentro de una acci\u00f3n de tutela (recurso de amparo).&nbsp;<\/p>\n<p>La orden establece que las autoridades deber\u00e1n <strong>suspender las operaciones a\u00e9reas ofensivas<\/strong> mientras se adopta una decisi\u00f3n de fondo y hasta que se hayan implementado y verificado \u201clas medidas de precauci\u00f3n y protecci\u00f3n necesarias\u201d.<\/p>\n<div class=\"m-em-video\">\n<div class=\"o-video-player o-video-player--16x9\" data-media-video-wbmz417536-f24-es-20260903 data-show-hidden-video-player=\"WBMZ417536-F24-ES-20260903\" data-wrapper-video-player data-youtube-script>\n<div class=\"o-em-consent \" readability=\"7\">\n<div class=\"o-em-consent__content\" readability=\"34\">\n<p class=\"o-em-consent__content__text\">Para mostrar este contenido de YouTube, debe autorizar las cookies de medici\u00f3n de audiencia y publicidad.<\/p>\n<p> <button class=\"a-master-button a-master-button--dark\" data-action=\"accept\"> Aceptar <svg class=\"a-svg a-svg--icon-check\"> <use xlink:href=\"\/build\/images\/svg\/sprite.68b43361c11f23b39049016b32e6ae31.svg#icon-check\" href=\"\/build\/images\/svg\/sprite.68b43361c11f23b39049016b32e6ae31.svg#icon-check\" \/> <\/svg> <\/button> <button class=\"a-link\" data-action=\"manage\">Gestionar mis opciones <svg class=\"a-svg a-svg--icon-edit\"> <use xlink:href=\"\/build\/images\/svg\/sprite.68b43361c11f23b39049016b32e6ae31.svg#icon-edit\" href=\"\/build\/images\/svg\/sprite.68b43361c11f23b39049016b32e6ae31.svg#icon-edit\" \/> <\/svg><br \/>\n<\/button> <\/div>\n<\/div>\n<div class=\"o-em-adblock\" data-adblock-content readability=\"7\">\n<div class=\"o-em-adblock__content\" readability=\"34\">\n<p class=\"o-em-adblock__content__text\">Una extensi\u00f3n de tu navegador parece estar bloqueando la carga del reproductor de video. Para poder ver este contenido, debes desactivarla en este sitio.<\/p>\n<p> <button class=\"a-master-button a-master-button--dark\" data-action=\"reload\">Reintentar<\/button> <\/div>\n<\/div>\n<figure class=\"m-item-image m-item-image--16x9 m-item-image--has-caption\"> <picture class=\"a-picture a-picture--16x9\"><source type=\"image\/webp\" srcset=\"https:\/\/s.france24.com\/media\/display\/b298acf8-a61b-11f1-a095-005056a90284\/w:388\/p:16x9\/ES-20260901-094239-094426-CS.webp 388w, https:\/\/s.france24.com\/media\/display\/b298acf8-a61b-11f1-a095-005056a90284\/w:720\/p:16x9\/ES-20260901-094239-094426-CS.webp 720w, https:\/\/s.france24.com\/media\/display\/b298acf8-a61b-11f1-a095-005056a90284\/w:1024\/p:16x9\/ES-20260901-094239-094426-CS.webp 1024w\" sizes=\"(max-width: 639px) calc(100vw - 32px), (max-width: 1076px) calc(100vw - 44px), 850px\"><img fetchpriority=\"high\" decoding=\"auto\" src=\"https:\/\/s.france24.com\/media\/display\/b298acf8-a61b-11f1-a095-005056a90284\/w:1024\/p:16x9\/ES-20260901-094239-094426-CS.jpg\" srcset=\"https:\/\/s.france24.com\/media\/display\/b298acf8-a61b-11f1-a095-005056a90284\/w:388\/p:16x9\/ES-20260901-094239-094426-CS.jpg 388w, https:\/\/s.france24.com\/media\/display\/b298acf8-a61b-11f1-a095-005056a90284\/w:720\/p:16x9\/ES-20260901-094239-094426-CS.jpg 720w, https:\/\/s.france24.com\/media\/display\/b298acf8-a61b-11f1-a095-005056a90284\/w:1024\/p:16x9\/ES-20260901-094239-094426-CS.jpg 1024w\" sizes=\"(max-width: 639px) calc(100vw - 32px), (max-width: 1076px) calc(100vw - 44px), 850px\" width=\"1024\" height=\"576\" alt loading=\"eager\" class=\"a-img \">\n<\/picture><figcaption class=\"a-figcaption\"> Imagen de portada: \u00a9 France 24 <\/figcaption><\/figure>\n<\/p><\/div>\n<\/div>\n<p>El fallo responde a una tutela presentada por Ower Jimmy Borda Parra, quien actu\u00f3 como agente oficioso de los ni\u00f1os, ni\u00f1as y adolescentes reclutados o utilizados por grupos armados que puedan encontrarse en campamentos o zonas susceptibles de ser atacadas por la fuerza p\u00fablica.<\/p>\n<p>La jueza se\u00f1al\u00f3 que los despliegues solo podr\u00e1n realizarse cuando, de acuerdo con la informaci\u00f3n disponible y los protocolos operacionales aplicables, \u201cse determine que no existe una alternativa menos lesiva para alcanzar el objetivo militar leg\u00edtimo\u201d.<\/p>\n<p class=\"a-read-more\"><span class=\"a-read-more__label\">Leer tambi\u00e9n<\/span><a href=\"https:\/\/www.france24.com\/es\/programas\/ellas-hoy\/20260903-de-la-espriella-guerra-cultural-contra-los-derechos-sociales-en-colombia\" target=\"_self\" class=\"a-read-more__link\">De la Espriella: \u00bf\u201cguerra cultural\u201d contra los derechos sociales en Colombia?<\/a><\/p>\n<p>Arciniegas consider\u00f3 adem\u00e1s que las recientes operaciones en Guaviare y Catatumbo muestran, de manera preliminar, una amenaza de <strong>\u201cgravedad e inminencia\u201d<\/strong> para derechos fundamentales como la vida y la integridad de los menores. Advirti\u00f3 que esperar hasta una decisi\u00f3n definitiva podr\u00eda volver ineficaz cualquier protecci\u00f3n posterior ante el car\u00e1cter irreversible de los da\u00f1os.<\/p>\n<p>La magistrada aclar\u00f3 que no se trata de una prohibici\u00f3n general de los bombardeos, sino que busca aplicar el principio de precauci\u00f3n ante la posible presencia de menores, sin impedir las operaciones leg\u00edtimas de la fuerza p\u00fablica.<\/p>\n<div class=\"m-em-video\">\n<div class=\"o-video-player o-video-player--16x9\" data-media-video-wbmz416452-f24-es-20260831 data-show-hidden-video-player=\"WBMZ416452-F24-ES-20260831\" data-wrapper-video-player data-youtube-script>\n<div class=\"o-em-consent \" readability=\"7\">\n<div class=\"o-em-consent__content\" readability=\"34\">\n<p class=\"o-em-consent__content__text\">Para mostrar este contenido de YouTube, debe autorizar las cookies de medici\u00f3n de audiencia y publicidad.<\/p>\n<p> <button class=\"a-master-button a-master-button--dark\" data-action=\"accept\"> Aceptar <svg class=\"a-svg a-svg--icon-check\"> <use xlink:href=\"\/build\/images\/svg\/sprite.68b43361c11f23b39049016b32e6ae31.svg#icon-check\" href=\"\/build\/images\/svg\/sprite.68b43361c11f23b39049016b32e6ae31.svg#icon-check\" \/> <\/svg> <\/button> <button class=\"a-link\" data-action=\"manage\">Gestionar mis opciones <svg class=\"a-svg a-svg--icon-edit\"> <use xlink:href=\"\/build\/images\/svg\/sprite.68b43361c11f23b39049016b32e6ae31.svg#icon-edit\" href=\"\/build\/images\/svg\/sprite.68b43361c11f23b39049016b32e6ae31.svg#icon-edit\" \/> <\/svg><br \/>\n<\/button> <\/div>\n<\/div>\n<div class=\"o-em-adblock\" data-adblock-content readability=\"7\">\n<div class=\"o-em-adblock__content\" readability=\"34\">\n<p class=\"o-em-adblock__content__text\">Una extensi\u00f3n de tu navegador parece estar bloqueando la carga del reproductor de video. Para poder ver este contenido, debes desactivarla en este sitio.<\/p>\n<p> <button class=\"a-master-button a-master-button--dark\" data-action=\"reload\">Reintentar<\/button> <\/div>\n<\/div>\n<figure class=\"m-item-image m-item-image--16x9 m-item-image--has-caption\"> <picture class=\"a-picture a-picture--16x9\"><source type=\"image\/webp\" srcset=\"https:\/\/s.france24.com\/media\/display\/bf6b81ae-a4c6-11f1-a668-005056a90284\/w:388\/p:16x9\/ES-20260830-150956-151501-CS.webp 388w, https:\/\/s.france24.com\/media\/display\/bf6b81ae-a4c6-11f1-a668-005056a90284\/w:720\/p:16x9\/ES-20260830-150956-151501-CS.webp 720w, https:\/\/s.france24.com\/media\/display\/bf6b81ae-a4c6-11f1-a668-005056a90284\/w:1024\/p:16x9\/ES-20260830-150956-151501-CS.webp 1024w\" sizes=\"(max-width: 639px) calc(100vw - 32px), (max-width: 1076px) calc(100vw - 44px), 850px\"><img fetchpriority=\"high\" decoding=\"auto\" src=\"https:\/\/s.france24.com\/media\/display\/bf6b81ae-a4c6-11f1-a668-005056a90284\/w:1024\/p:16x9\/ES-20260830-150956-151501-CS.jpg\" srcset=\"https:\/\/s.france24.com\/media\/display\/bf6b81ae-a4c6-11f1-a668-005056a90284\/w:388\/p:16x9\/ES-20260830-150956-151501-CS.jpg 388w, https:\/\/s.france24.com\/media\/display\/bf6b81ae-a4c6-11f1-a668-005056a90284\/w:720\/p:16x9\/ES-20260830-150956-151501-CS.jpg 720w, https:\/\/s.france24.com\/media\/display\/bf6b81ae-a4c6-11f1-a668-005056a90284\/w:1024\/p:16x9\/ES-20260830-150956-151501-CS.jpg 1024w\" sizes=\"(max-width: 639px) calc(100vw - 32px), (max-width: 1076px) calc(100vw - 44px), 850px\" width=\"1024\" height=\"576\" alt loading=\"eager\" class=\"a-img \">\n<\/picture><figcaption class=\"a-figcaption\"> Imagen de portada: \u00a9 France 24 <\/figcaption><\/figure>\n<\/p><\/div>\n<\/div>\n<h2><strong>Tres menores muertos en Guaviare<\/strong><\/h2>\n<p>El pasado 27 de agosto, tres menores murieron en un bombardeo del <a href=\"https:\/\/www.france24.com\/es\/tag\/ej\u00e9rcito\/\" target=\"_self\">Ej\u00e9rcito<\/a> colombiano contra un grupo de las disidencias de las FARC en una zona rural de El Retorno.<\/p>\n<p>Medicina Legal confirm\u00f3 que tres de los diez cuerpos recuperados tras la operaci\u00f3n correspond\u00edan a menores de edad: dos ten\u00edan 15 a\u00f1os y el tercero, 16.<\/p>\n<p>El Gobierno defendi\u00f3 la <strong>legalidad de la operaci\u00f3n<\/strong> y se\u00f1al\u00f3 que los menores formaban parte del grupo armado, por lo que fueron considerados <strong>\u201cblanco leg\u00edtimo\u201d<\/strong>.<\/p>\n<p>El caso se sum\u00f3 a la muerte de otro menor en un bombardeo realizado el 10 de agosto contra el <a href=\"https:\/\/www.france24.com\/es\/tag\/ej\u00e9rcito-de-liberaci\u00f3n-nacional\/\" target=\"_self\">Ej\u00e9rcito de Liberaci\u00f3n Nacional<\/a> (ELN) en la regi\u00f3n del Catatumbo, en el noreste del pa\u00eds, y reabri\u00f3 el debate sobre el uso de operaciones a\u00e9reas contra grupos armados que reclutan ni\u00f1os y adolescentes.<\/p>\n<div class=\"m-em-image\">\n<figure class=\"m-item-image m-item-image--original m-item-image--has-caption\"> <picture class=\"a-picture a-picture--original\"><source type=\"image\/webp\" srcset=\"https:\/\/s.france24.com\/media\/display\/fbcc7e9c-576e-11f0-9927-005056bf30b7\/w:246\/DRONES3.webp 246w, https:\/\/s.france24.com\/media\/display\/fbcc7e9c-576e-11f0-9927-005056bf30b7\/w:388\/DRONES3.webp 388w, https:\/\/s.france24.com\/media\/display\/fbcc7e9c-576e-11f0-9927-005056bf30b7\/w:720\/DRONES3.webp 720w, https:\/\/s.france24.com\/media\/display\/fbcc7e9c-576e-11f0-9927-005056bf30b7\/w:980\/DRONES3.webp 980w\" sizes=\"(max-width: 1023px) calc(100vw - 32px), (min-width: 1024px) 850px\"><img fetchpriority=\"low\" decoding=\"async\" src=\"https:\/\/s.france24.com\/media\/display\/fbcc7e9c-576e-11f0-9927-005056bf30b7\/w:980\/DRONES3.png\" srcset=\"https:\/\/s.france24.com\/media\/display\/fbcc7e9c-576e-11f0-9927-005056bf30b7\/w:246\/DRONES3.png 246w, https:\/\/s.france24.com\/media\/display\/fbcc7e9c-576e-11f0-9927-005056bf30b7\/w:388\/DRONES3.png 388w, https:\/\/s.france24.com\/media\/display\/fbcc7e9c-576e-11f0-9927-005056bf30b7\/w:720\/DRONES3.png 720w, https:\/\/s.france24.com\/media\/display\/fbcc7e9c-576e-11f0-9927-005056bf30b7\/w:980\/DRONES3.png 980w\" sizes=\"(max-width: 1023px) calc(100vw - 32px), (min-width: 1024px) 850px\" alt=\"Izquierda: se\u00f1al que indica un campo minado del ELN en el Catatumbo, en enero de 2025. Derecha: minas antipersona incautadas por el ej\u00e9rcito en el departamento de Tolima, abril de 2025.\" loading=\"lazy\" class=\"a-img \">\n<\/picture><figcaption class=\"a-figcaption\"> Izquierda: se\u00f1al que indica un campo minado del ELN en el Catatumbo, en enero de 2025. Derecha: minas antipersona incautadas por el ej\u00e9rcito en el departamento de Tolima, abril de 2025. \u00a9 (Foto derecha) Ministerio de Defensa de Colombia \/ (foto izquierda) AFP <\/figcaption><\/figure>\n<\/p><\/div>\n<p>La decisi\u00f3n judicial ordena adem\u00e1s a la Presidencia, el Ministerio de <a href=\"https:\/\/www.france24.com\/es\/tag\/defensa\/\" target=\"_self\">Defensa<\/a>, el Comando General de las Fuerzas Militares, el Ej\u00e9rcito, la Fuerza Aeroespacial y la Armada adoptar \u201ctodas las medidas necesarias\u201d para garantizar su cumplimiento inmediato y observar el inter\u00e9s superior y la prevalencia de los derechos de los menores.<\/p>\n<p>La medida provisional estar\u00e1 vigente mientras el juzgado adopta una decisi\u00f3n de fondo sobre la tutela, por lo que no significa todav\u00eda un pronunciamiento definitivo sobre la legalidad de las operaciones militares. Sin embargo, al tratarse de una orden judicial de obligatorio cumplimiento, su desacato puede provocar sanciones para los funcionarios responsables.<\/p>\n<p class=\"a-read-more\"><span class=\"a-read-more__label\">Leer tambi\u00e9n<\/span><a href=\"https:\/\/www.france24.com\/es\/video\/20260903-directo-latam-y-el-cambio-de-la-ministra-de-educaci\u00f3n-de-colombia-y-el-fin-de-las-mesas-de-di\u00e1logo\" target=\"_self\" class=\"a-read-more__link\">Directo Latam y el cambio de la ministra de Educaci\u00f3n de Colombia y el fin de las mesas de di\u00e1logo<\/a><\/p>\n<h2><strong>Una ofensiva que \u201cno se detendr\u00e1\u201d<\/strong><\/h2>\n<p>La orden judicial representa un l\u00edmite a una de las principales apuestas de seguridad de la Administraci\u00f3n De la Espriella, que ha <strong>intensificado las operaciones contra los grupos armados<\/strong> desde su llegada al poder.<\/p>\n<p>En sus primeras tres semanas de Gobierno fueron realizados tres bombardeos: uno contra el ELN en el Catatumbo y otros dos contra disidencias de las FARC en el Guaviare. <strong>Al menos cuatro menores murieron<\/strong> en los dos primeros ataques.<\/p>\n<div id=\"em-WBMZ417537-F24-ES-20260903\" class=\"m-em-flash\" data-xtwitter-script>\n<div class=\"o-em-consent \" readability=\"7\">\n<div class=\"o-em-consent__content\" readability=\"34\">\n<p class=\"o-em-consent__content__text\">Para mostrar este contenido de X (Twitter), debe autorizar las cookies de medici\u00f3n de audiencia y publicidad.<\/p>\n<p> <button class=\"a-master-button a-master-button--dark\" data-action=\"accept\"> Aceptar <svg class=\"a-svg a-svg--icon-check\"> <use xlink:href=\"\/build\/images\/svg\/sprite.68b43361c11f23b39049016b32e6ae31.svg#icon-check\" href=\"\/build\/images\/svg\/sprite.68b43361c11f23b39049016b32e6ae31.svg#icon-check\" \/> <\/svg> <\/button> <button class=\"a-link\" data-action=\"manage\">Gestionar mis opciones <svg class=\"a-svg a-svg--icon-edit\"> <use xlink:href=\"\/build\/images\/svg\/sprite.68b43361c11f23b39049016b32e6ae31.svg#icon-edit\" href=\"\/build\/images\/svg\/sprite.68b43361c11f23b39049016b32e6ae31.svg#icon-edit\" \/> <\/svg><br \/>\n<\/button> <\/div>\n<\/div>\n<\/div>\n<p>Un d\u00eda antes de conocerse la decisi\u00f3n judicial, De la Espriella hab\u00eda defendido la intensificaci\u00f3n de las operaciones militares y asegurado que la ofensiva continuar\u00eda.<\/p>\n<blockquote class=\"quote\" readability=\"7\">\n<p>\u201cNo vine a negociar con asesinos, extorsionistas y reclutadores de menores. Vine a derrotarlos con toda la fuerza leg\u00edtima de las armas de la Rep\u00fablica y el Estado de derecho\u201d.<\/p>\n<\/blockquote>\n<p>De la Espriella asegur\u00f3 adem\u00e1s que la ofensiva \u201cno se detendr\u00e1 ma\u00f1ana ni la pr\u00f3xima semana\u201d.<\/p>\n<p>La muerte de los menores abri\u00f3 tambi\u00e9n un frente pol\u00edtico para el Gobierno. Diecinueve congresistas de la oposici\u00f3n presentaron una moci\u00f3n de censura contra el ministro de Defensa, Jorge Eduardo Mora, a quien le exigen explicar qu\u00e9 informaci\u00f3n ten\u00edan las autoridades sobre la presencia de menores antes del bombardeo del Guaviare y qu\u00e9 medidas se adoptaron para protegerlos.<\/p>\n<p>La controversia se produce en un pa\u00eds donde el reclutamiento de menores contin\u00faa como uno de los principales flagelos del conflicto armado. Seg\u00fan la Defensor\u00eda del Pueblo, entre 2024 y el 31 de julio de 2026 se tuvo conocimiento de <strong>1.173 casos de reclutamiento de ni\u00f1os, ni\u00f1as y adolescentes en <a href=\"https:\/\/www.france24.com\/es\/tag\/colombia\/\" target=\"_self\">Colombia<\/a><\/strong>.<\/p>\n<p>Con EFE y medios locales<\/p>\n","protected":false},"excerpt":{"rendered":"<p>Un juzgado de Bogot\u00e1 orden\u00f3 este jueves&#46;&#46;&#46;<\/p>\n","protected":false},"author":1,"featured_media":412030,"comment_status":"closed","ping_status":"closed","sticky":false,"template":"","format":"standard","meta":{"_jetpack_newsletter_access":"","_jetpack_dont_email_post_to_subs":false,"_jetpack_newsletter_tier_id":0,"_jetpack_memberships_contains_paywalled_content":false,"_jetpack_feature_clip_id":0,"_jetpack_memberships_contains_paid_content":false,"footnotes":"","jetpack_publicize_message":"","jetpack_publicize_feature_enabled":true,"jetpack_social_post_already_shared":true,"jetpack_social_options":{"image_generator_settings":{"template":"highway","default_image_id":0,"font":"","enabled":false},"version":2},"jetpack_post_was_ever_published":false},"categories":[43],"tags":[],"class_list":["post-412029","post","type-post","status-publish","format-standard","has-post-thumbnail","hentry","category-internacionales"],"yoast_head":"<!-- This site is optimized with the Yoast SEO plugin v28.1 - https:\/\/yoast.com\/product\/yoast-seo-wordpress\/ -->\n<title>La Justicia colombiana ordena a De la Espriella no bombardear objetivos donde se presuma que hay menores - Sarmiento24h<\/title>\n<meta name=\"robots\" content=\"index, follow, max-snippet:-1, max-image-preview:large, max-video-preview:-1\" \/>\n<link rel=\"canonical\" href=\"https:\/\/sarmiento24h.com\/?p=412029\" \/>\n<meta property=\"og:locale\" content=\"es_ES\" \/>\n<meta property=\"og:type\" content=\"article\" \/>\n<meta property=\"og:title\" content=\"La Justicia colombiana ordena a De la Espriella no bombardear objetivos donde se presuma que hay menores - Sarmiento24h\" \/>\n<meta property=\"og:description\" content=\"Un juzgado de Bogot\u00e1 orden\u00f3 este jueves&#046;&#046;&#046;\" \/>\n<meta property=\"og:url\" content=\"https:\/\/sarmiento24h.com\/?p=412029\" \/>\n<meta property=\"og:site_name\" content=\"Sarmiento24h\" \/>\n<meta property=\"article:publisher\" content=\"https:\/\/facebook.com\/s24hnoticias\" \/>\n<meta property=\"article:published_time\" content=\"2026-09-03T22:27:44+00:00\" \/>\n<meta property=\"og:image\" content=\"https:\/\/s.france24.com\/media\/display\/b298acf8-a61b-11f1-a095-005056a90284\/w:1024\/p:16x9\/ES-20260901-094239-094426-CS.jpg\" \/>\n<meta name=\"author\" content=\"sarmiento24h@gmail.com\" \/>\n<meta name=\"twitter:card\" content=\"summary_large_image\" \/>\n<meta name=\"twitter:creator\" content=\"@sarmiento24h\" \/>\n<meta name=\"twitter:site\" content=\"@sarmiento24h\" \/>\n<meta name=\"twitter:label1\" content=\"Escrito por\" \/>\n\t<meta name=\"twitter:data1\" content=\"sarmiento24h@gmail.com\" \/>\n\t<meta name=\"twitter:label2\" content=\"Tiempo de lectura\" \/>\n\t<meta name=\"twitter:data2\" content=\"6 minutos\" \/>\n<script type=\"application\/ld+json\" class=\"yoast-schema-graph\">{\"@context\":\"https:\\\/\\\/schema.org\",\"@graph\":[{\"@type\":\"Article\",\"@id\":\"https:\\\/\\\/sarmiento24h.com\\\/?p=412029#article\",\"isPartOf\":{\"@id\":\"https:\\\/\\\/sarmiento24h.com\\\/?p=412029\"},\"author\":{\"name\":\"sarmiento24h@gmail.com\",\"@id\":\"https:\\\/\\\/sarmiento24h.com\\\/#\\\/schema\\\/person\\\/d653a59725ad629a7e0429af7b939d4d\"},\"headline\":\"La Justicia colombiana ordena a De la Espriella no bombardear objetivos donde se presuma que hay menores\",\"datePublished\":\"2026-09-03T22:27:44+00:00\",\"mainEntityOfPage\":{\"@id\":\"https:\\\/\\\/sarmiento24h.com\\\/?p=412029\"},\"wordCount\":1130,\"publisher\":{\"@id\":\"https:\\\/\\\/sarmiento24h.com\\\/#organization\"},\"image\":{\"@id\":\"https:\\\/\\\/sarmiento24h.com\\\/?p=412029#primaryimage\"},\"thumbnailUrl\":\"https:\\\/\\\/sarmiento24h.com\\\/wp-content\\\/uploads\\\/2026\\\/09\\\/la-justicia-colombiana-ordena-a-de-la-espriella-no-bombardear-objetivos-donde-se-presuma-que-hay-menores.jpg\",\"articleSection\":[\"Internacionales\"],\"inLanguage\":\"es\"},{\"@type\":\"WebPage\",\"@id\":\"https:\\\/\\\/sarmiento24h.com\\\/?p=412029\",\"url\":\"https:\\\/\\\/sarmiento24h.com\\\/?p=412029\",\"name\":\"La Justicia colombiana ordena a De la Espriella no bombardear objetivos donde se presuma que hay menores - Sarmiento24h\",\"isPartOf\":{\"@id\":\"https:\\\/\\\/sarmiento24h.com\\\/#website\"},\"primaryImageOfPage\":{\"@id\":\"https:\\\/\\\/sarmiento24h.com\\\/?p=412029#primaryimage\"},\"image\":{\"@id\":\"https:\\\/\\\/sarmiento24h.com\\\/?p=412029#primaryimage\"},\"thumbnailUrl\":\"https:\\\/\\\/sarmiento24h.com\\\/wp-content\\\/uploads\\\/2026\\\/09\\\/la-justicia-colombiana-ordena-a-de-la-espriella-no-bombardear-objetivos-donde-se-presuma-que-hay-menores.jpg\",\"datePublished\":\"2026-09-03T22:27:44+00:00\",\"breadcrumb\":{\"@id\":\"https:\\\/\\\/sarmiento24h.com\\\/?p=412029#breadcrumb\"},\"inLanguage\":\"es\",\"potentialAction\":[{\"@type\":\"ReadAction\",\"target\":[\"https:\\\/\\\/sarmiento24h.com\\\/?p=412029\"]}]},{\"@type\":\"ImageObject\",\"inLanguage\":\"es\",\"@id\":\"https:\\\/\\\/sarmiento24h.com\\\/?p=412029#primaryimage\",\"url\":\"https:\\\/\\\/sarmiento24h.com\\\/wp-content\\\/uploads\\\/2026\\\/09\\\/la-justicia-colombiana-ordena-a-de-la-espriella-no-bombardear-objetivos-donde-se-presuma-que-hay-menores.jpg\",\"contentUrl\":\"https:\\\/\\\/sarmiento24h.com\\\/wp-content\\\/uploads\\\/2026\\\/09\\\/la-justicia-colombiana-ordena-a-de-la-espriella-no-bombardear-objetivos-donde-se-presuma-que-hay-menores.jpg\",\"width\":1024,\"height\":576},{\"@type\":\"BreadcrumbList\",\"@id\":\"https:\\\/\\\/sarmiento24h.com\\\/?p=412029#breadcrumb\",\"itemListElement\":[{\"@type\":\"ListItem\",\"position\":1,\"name\":\"Home\",\"item\":\"https:\\\/\\\/sarmiento24h.com\\\/\"},{\"@type\":\"ListItem\",\"position\":2,\"name\":\"La Justicia colombiana ordena a De la Espriella no bombardear objetivos donde se presuma que hay menores\"}]},{\"@type\":\"WebSite\",\"@id\":\"https:\\\/\\\/sarmiento24h.com\\\/#website\",\"url\":\"https:\\\/\\\/sarmiento24h.com\\\/\",\"name\":\"Sarmiento24h\",\"description\":\"\",\"publisher\":{\"@id\":\"https:\\\/\\\/sarmiento24h.com\\\/#organization\"},\"potentialAction\":[{\"@type\":\"SearchAction\",\"target\":{\"@type\":\"EntryPoint\",\"urlTemplate\":\"https:\\\/\\\/sarmiento24h.com\\\/?s={search_term_string}\"},\"query-input\":{\"@type\":\"PropertyValueSpecification\",\"valueRequired\":true,\"valueName\":\"search_term_string\"}}],\"inLanguage\":\"es\"},{\"@type\":\"Organization\",\"@id\":\"https:\\\/\\\/sarmiento24h.com\\\/#organization\",\"name\":\"Sarmiento24h\",\"url\":\"https:\\\/\\\/sarmiento24h.com\\\/\",\"logo\":{\"@type\":\"ImageObject\",\"inLanguage\":\"es\",\"@id\":\"https:\\\/\\\/sarmiento24h.com\\\/#\\\/schema\\\/logo\\\/image\\\/\",\"url\":\"https:\\\/\\\/sarmiento24h.com\\\/wp-content\\\/uploads\\\/2025\\\/12\\\/AddText_12-16-10.30.52.jpg\",\"contentUrl\":\"https:\\\/\\\/sarmiento24h.com\\\/wp-content\\\/uploads\\\/2025\\\/12\\\/AddText_12-16-10.30.52.jpg\",\"width\":1220,\"height\":324,\"caption\":\"Sarmiento24h\"},\"image\":{\"@id\":\"https:\\\/\\\/sarmiento24h.com\\\/#\\\/schema\\\/logo\\\/image\\\/\"},\"sameAs\":[\"https:\\\/\\\/facebook.com\\\/s24hnoticias\",\"https:\\\/\\\/x.com\\\/sarmiento24h\"]},{\"@type\":\"Person\",\"@id\":\"https:\\\/\\\/sarmiento24h.com\\\/#\\\/schema\\\/person\\\/d653a59725ad629a7e0429af7b939d4d\",\"name\":\"sarmiento24h@gmail.com\",\"image\":{\"@type\":\"ImageObject\",\"inLanguage\":\"es\",\"@id\":\"https:\\\/\\\/sarmiento24h.com\\\/wp-content\\\/litespeed\\\/avatar\\\/d02cbc4e23c747e6659cd45907173c8f.jpg?ver=1788047690\",\"url\":\"https:\\\/\\\/sarmiento24h.com\\\/wp-content\\\/litespeed\\\/avatar\\\/d02cbc4e23c747e6659cd45907173c8f.jpg?ver=1788047690\",\"contentUrl\":\"https:\\\/\\\/sarmiento24h.com\\\/wp-content\\\/litespeed\\\/avatar\\\/d02cbc4e23c747e6659cd45907173c8f.jpg?ver=1788047690\",\"caption\":\"sarmiento24h@gmail.com\"},\"sameAs\":[\"https:\\\/\\\/sarmiento24h.com\"],\"url\":\"https:\\\/\\\/sarmiento24h.com\\\/?author=1\"}]}<\/script>\n<!-- \/ Yoast SEO plugin. -->","yoast_head_json":{"title":"La Justicia colombiana ordena a De la Espriella no bombardear objetivos donde se presuma que hay menores - Sarmiento24h","robots":{"index":"index","follow":"follow","max-snippet":"max-snippet:-1","max-image-preview":"max-image-preview:large","max-video-preview":"max-video-preview:-1"},"canonical":"https:\/\/sarmiento24h.com\/?p=412029","og_locale":"es_ES","og_type":"article","og_title":"La Justicia colombiana ordena a De la Espriella no bombardear objetivos donde se presuma que hay menores - Sarmiento24h","og_description":"Un juzgado de Bogot\u00e1 orden\u00f3 este jueves&#46;&#46;&#46;","og_url":"https:\/\/sarmiento24h.com\/?p=412029","og_site_name":"Sarmiento24h","article_publisher":"https:\/\/facebook.com\/s24hnoticias","article_published_time":"2026-09-03T22:27:44+00:00","og_image":[{"url":"https:\/\/s.france24.com\/media\/display\/b298acf8-a61b-11f1-a095-005056a90284\/w:1024\/p:16x9\/ES-20260901-094239-094426-CS.jpg","type":"","width":"","height":""}],"author":"sarmiento24h@gmail.com","twitter_card":"summary_large_image","twitter_creator":"@sarmiento24h","twitter_site":"@sarmiento24h","twitter_misc":{"Escrito por":"sarmiento24h@gmail.com","Tiempo de lectura":"6 minutos"},"schema":{"@context":"https:\/\/schema.org","@graph":[{"@type":"Article","@id":"https:\/\/sarmiento24h.com\/?p=412029#article","isPartOf":{"@id":"https:\/\/sarmiento24h.com\/?p=412029"},"author":{"name":"sarmiento24h@gmail.com","@id":"https:\/\/sarmiento24h.com\/#\/schema\/person\/d653a59725ad629a7e0429af7b939d4d"},"headline":"La Justicia colombiana ordena a De la Espriella no bombardear objetivos donde se presuma que hay menores","datePublished":"2026-09-03T22:27:44+00:00","mainEntityOfPage":{"@id":"https:\/\/sarmiento24h.com\/?p=412029"},"wordCount":1130,"publisher":{"@id":"https:\/\/sarmiento24h.com\/#organization"},"image":{"@id":"https:\/\/sarmiento24h.com\/?p=412029#primaryimage"},"thumbnailUrl":"https:\/\/sarmiento24h.com\/wp-content\/uploads\/2026\/09\/la-justicia-colombiana-ordena-a-de-la-espriella-no-bombardear-objetivos-donde-se-presuma-que-hay-menores.jpg","articleSection":["Internacionales"],"inLanguage":"es"},{"@type":"WebPage","@id":"https:\/\/sarmiento24h.com\/?p=412029","url":"https:\/\/sarmiento24h.com\/?p=412029","name":"La Justicia colombiana ordena a De la Espriella no bombardear objetivos donde se presuma que hay menores - Sarmiento24h","isPartOf":{"@id":"https:\/\/sarmiento24h.com\/#website"},"primaryImageOfPage":{"@id":"https:\/\/sarmiento24h.com\/?p=412029#primaryimage"},"image":{"@id":"https:\/\/sarmiento24h.com\/?p=412029#primaryimage"},"thumbnailUrl":"https:\/\/sarmiento24h.com\/wp-content\/uploads\/2026\/09\/la-justicia-colombiana-ordena-a-de-la-espriella-no-bombardear-objetivos-donde-se-presuma-que-hay-menores.jpg","datePublished":"2026-09-03T22:27:44+00:00","breadcrumb":{"@id":"https:\/\/sarmiento24h.com\/?p=412029#breadcrumb"},"inLanguage":"es","potentialAction":[{"@type":"ReadAction","target":["https:\/\/sarmiento24h.com\/?p=412029"]}]},{"@type":"ImageObject","inLanguage":"es","@id":"https:\/\/sarmiento24h.com\/?p=412029#primaryimage","url":"https:\/\/sarmiento24h.com\/wp-content\/uploads\/2026\/09\/la-justicia-colombiana-ordena-a-de-la-espriella-no-bombardear-objetivos-donde-se-presuma-que-hay-menores.jpg","contentUrl":"https:\/\/sarmiento24h.com\/wp-content\/uploads\/2026\/09\/la-justicia-colombiana-ordena-a-de-la-espriella-no-bombardear-objetivos-donde-se-presuma-que-hay-menores.jpg","width":1024,"height":576},{"@type":"BreadcrumbList","@id":"https:\/\/sarmiento24h.com\/?p=412029#breadcrumb","itemListElement":[{"@type":"ListItem","position":1,"name":"Home","item":"https:\/\/sarmiento24h.com\/"},{"@type":"ListItem","position":2,"name":"La Justicia colombiana ordena a De la Espriella no bombardear objetivos donde se presuma que hay menores"}]},{"@type":"WebSite","@id":"https:\/\/sarmiento24h.com\/#website","url":"https:\/\/sarmiento24h.com\/","name":"Sarmiento24h","description":"","publisher":{"@id":"https:\/\/sarmiento24h.com\/#organization"},"potentialAction":[{"@type":"SearchAction","target":{"@type":"EntryPoint","urlTemplate":"https:\/\/sarmiento24h.com\/?s={search_term_string}"},"query-input":{"@type":"PropertyValueSpecification","valueRequired":true,"valueName":"search_term_string"}}],"inLanguage":"es"},{"@type":"Organization","@id":"https:\/\/sarmiento24h.com\/#organization","name":"Sarmiento24h","url":"https:\/\/sarmiento24h.com\/","logo":{"@type":"ImageObject","inLanguage":"es","@id":"https:\/\/sarmiento24h.com\/#\/schema\/logo\/image\/","url":"https:\/\/sarmiento24h.com\/wp-content\/uploads\/2025\/12\/AddText_12-16-10.30.52.jpg","contentUrl":"https:\/\/sarmiento24h.com\/wp-content\/uploads\/2025\/12\/AddText_12-16-10.30.52.jpg","width":1220,"height":324,"caption":"Sarmiento24h"},"image":{"@id":"https:\/\/sarmiento24h.com\/#\/schema\/logo\/image\/"},"sameAs":["https:\/\/facebook.com\/s24hnoticias","https:\/\/x.com\/sarmiento24h"]},{"@type":"Person","@id":"https:\/\/sarmiento24h.com\/#\/schema\/person\/d653a59725ad629a7e0429af7b939d4d","name":"sarmiento24h@gmail.com","image":{"@type":"ImageObject","inLanguage":"es","@id":"https:\/\/sarmiento24h.com\/wp-content\/litespeed\/avatar\/d02cbc4e23c747e6659cd45907173c8f.jpg?ver=1788047690","url":"https:\/\/sarmiento24h.com\/wp-content\/litespeed\/avatar\/d02cbc4e23c747e6659cd45907173c8f.jpg?ver=1788047690","contentUrl":"https:\/\/sarmiento24h.com\/wp-content\/litespeed\/avatar\/d02cbc4e23c747e6659cd45907173c8f.jpg?ver=1788047690","caption":"sarmiento24h@gmail.com"},"sameAs":["https:\/\/sarmiento24h.com"],"url":"https:\/\/sarmiento24h.com\/?author=1"}]}},"jetpack_publicize_connections":[],"jetpack_featured_media_url":"https:\/\/sarmiento24h.com\/wp-content\/uploads\/2026\/09\/la-justicia-colombiana-ordena-a-de-la-espriella-no-bombardear-objetivos-donde-se-presuma-que-hay-menores.jpg","jetpack_sharing_enabled":true,"_links":{"self":[{"href":"https:\/\/sarmiento24h.com\/index.php?rest_route=\/wp\/v2\/posts\/412029","targetHints":{"allow":["GET"]}}],"collection":[{"href":"https:\/\/sarmiento24h.com\/index.php?rest_route=\/wp\/v2\/posts"}],"about":[{"href":"https:\/\/sarmiento24h.com\/index.php?rest_route=\/wp\/v2\/types\/post"}],"author":[{"embeddable":true,"href":"https:\/\/sarmiento24h.com\/index.php?rest_route=\/wp\/v2\/users\/1"}],"replies":[{"embeddable":true,"href":"https:\/\/sarmiento24h.com\/index.php?rest_route=%2Fwp%2Fv2%2Fcomments&post=412029"}],"version-history":[{"count":0,"href":"https:\/\/sarmiento24h.com\/index.php?rest_route=\/wp\/v2\/posts\/412029\/revisions"}],"wp:featuredmedia":[{"embeddable":true,"href":"https:\/\/sarmiento24h.com\/index.php?rest_route=\/wp\/v2\/media\/412030"}],"wp:attachment":[{"href":"https:\/\/sarmiento24h.com\/index.php?rest_route=%2Fwp%2Fv2%2Fmedia&parent=412029"}],"wp:term":[{"taxonomy":"category","embeddable":true,"href":"https:\/\/sarmiento24h.com\/index.php?rest_route=%2Fwp%2Fv2%2Fcategories&post=412029"},{"taxonomy":"post_tag","embeddable":true,"href":"https:\/\/sarmiento24h.com\/index.php?rest_route=%2Fwp%2Fv2%2Ftags&post=412029"}],"curies":[{"name":"wp","href":"https:\/\/api.w.org\/{rel}","templated":true}]}}