{"id":412112,"date":"2026-09-03T23:40:07","date_gmt":"2026-09-03T23:40:07","guid":{"rendered":"http:\/\/0e58a8d6-a7e8-11f1-a249-3be9751d0c78"},"modified":"2026-09-03T23:40:07","modified_gmt":"2026-09-03T23:40:07","slug":"el-asesinato-de-un-musico-y-su-familia-expone-el-alcance-de-la-violencia-estructural-en-mexico","status":"publish","type":"post","link":"https:\/\/sarmiento24h.com\/?p=412112","title":{"rendered":"El asesinato de un m\u00fasico y su familia expone el alcance de la violencia estructural en M\u00e9xico"},"content":{"rendered":"<p>La tarde del martes 1 de septiembre, Diego Sebasti\u00e1n \u201cN\u201d (identificado as\u00ed por las autoridades con el apellido en resguardo de la presunci\u00f3n de inocencia) lleg\u00f3 al caer la tarde al complejo residencial de Atizap\u00e1n de Zaragoza, en el estado de M\u00e9xico, en un Kia gris, acompa\u00f1ado de su chofer Gerardo \u201cN\u201d.<\/p>\n<p>Dejaron una credencial en la caseta de ingreso. <strong>Nadie en el edificio escuch\u00f3 los disparos que acabaron con una familia casi completa.<\/strong><\/p>\n<p>Un amigo cercano de Jonathan Mel\u00e9ndez, tecladista de la banda de indie rock Camilo S\u00e9ptimo,&nbsp;alert\u00f3 al personal de seguridad del complejo residencial de que algo no andaba bien. Llevaba cuatro horas sin poder contactarlo y decidi\u00f3 presentarse en el inmueble.<\/p>\n<p>El m\u00fasico le hab\u00eda pedido que buscara a las autoridades si tardaba demasiado en la reuni\u00f3n planeada con Diego Sebasti\u00e1n. Al llamar a la puerta, una voz respondi\u00f3 desde adentro: <em>\u00abEstoy ocupado\u00bb<\/em>. El amigo de Jonathan supo que no era la voz del m\u00fasico y decidi\u00f3 acudir a la polic\u00eda municipal de Atizap\u00e1n de Zaragoza.<\/p>\n<p>Solo al regresar con los agentes, la escena qued\u00f3 al descubierto.<\/p>\n<p><strong>En el interior del departamento, los polic\u00edas encontraron a cuatro personas sin vida<\/strong>: Mel\u00e9ndez, de 38 a\u00f1os, conocido art\u00edsticamente como <em>Honas<\/em>; su esposa Ana Paula, de 35 a\u00f1os, embarazada de cuatro meses; su hija Sof\u00eda, de tres a\u00f1os; y Aleyda, la trabajadora del hogar de 21 a\u00f1os. La mayor\u00eda hab\u00edan recibido disparos en la cabeza. Un perro de la familia tambi\u00e9n yac\u00eda sin vida y amarrado.<\/p>\n<p>La Fiscal\u00eda General de Justicia del Estado de M\u00e9xico (FGJEM), en coordinaci\u00f3n con la Secretar\u00eda de Seguridad y Protecci\u00f3n Ciudadana (SSPC) y la polic\u00eda de la Ciudad de M\u00e9xico, ejecut\u00f3 el operativo de detenci\u00f3n en la capital.<\/p>\n<p>Diego Sebasti\u00e1n \u00abN\u00bb y Gerardo \u00abN\u00bb, el chofer que lo hab\u00eda llevado al edificio, fueron interceptados cuando ya se alejaban rumbo a Ciudad de M\u00e9xico en el mismo veh\u00edculo con el que hab\u00edan ingresado al inmueble, con placas cambiadas.<\/p>\n<p>Diego Sebasti\u00e1n, de 51 a\u00f1os, era socio comercial de la v\u00edctima e incluso, <strong>horas antes de los hechos, hab\u00eda jugado con \u00e9l al p\u00e1del<\/strong> y habr\u00eda entrado al edificio con la autorizaci\u00f3n de las v\u00edctimas.&nbsp;<\/p>\n<div class=\"m-em-image\">\n<figure class=\"m-item-image m-item-image--original m-item-image--has-caption\"> <picture class=\"a-picture a-picture--original\"><source type=\"image\/webp\" srcset=\"https:\/\/s.france24.com\/media\/display\/e2a3c50a-a7e6-11f1-ab7d-005056a97e36\/w:246\/8f7343b6c64edd409d8417abf4fb74cb05915cef.webp 246w, https:\/\/s.france24.com\/media\/display\/e2a3c50a-a7e6-11f1-ab7d-005056a97e36\/w:388\/8f7343b6c64edd409d8417abf4fb74cb05915cef.webp 388w, https:\/\/s.france24.com\/media\/display\/e2a3c50a-a7e6-11f1-ab7d-005056a97e36\/w:720\/8f7343b6c64edd409d8417abf4fb74cb05915cef.webp 720w, https:\/\/s.france24.com\/media\/display\/e2a3c50a-a7e6-11f1-ab7d-005056a97e36\/w:980\/8f7343b6c64edd409d8417abf4fb74cb05915cef.webp 980w\" sizes=\"(max-width: 1023px) calc(100vw - 32px), (min-width: 1024px) 850px\"><img fetchpriority=\"low\" decoding=\"async\" src=\"https:\/\/s.france24.com\/media\/display\/e2a3c50a-a7e6-11f1-ab7d-005056a97e36\/w:980\/8f7343b6c64edd409d8417abf4fb74cb05915cef.jpg\" srcset=\"https:\/\/s.france24.com\/media\/display\/e2a3c50a-a7e6-11f1-ab7d-005056a97e36\/w:246\/8f7343b6c64edd409d8417abf4fb74cb05915cef.jpg 246w, https:\/\/s.france24.com\/media\/display\/e2a3c50a-a7e6-11f1-ab7d-005056a97e36\/w:388\/8f7343b6c64edd409d8417abf4fb74cb05915cef.jpg 388w, https:\/\/s.france24.com\/media\/display\/e2a3c50a-a7e6-11f1-ab7d-005056a97e36\/w:720\/8f7343b6c64edd409d8417abf4fb74cb05915cef.jpg 720w, https:\/\/s.france24.com\/media\/display\/e2a3c50a-a7e6-11f1-ab7d-005056a97e36\/w:980\/8f7343b6c64edd409d8417abf4fb74cb05915cef.jpg 980w\" sizes=\"(max-width: 1023px) calc(100vw - 32px), (min-width: 1024px) 850px\" alt=\"Fotograf\u00eda que muestra una zona residencial donde se cometi\u00f3 un homicidio m\u00faltiple este mi\u00e9rcoles, en el municipio Atizapan de Zaragoza (M\u00e9xico).\" loading=\"lazy\" class=\"a-img \">\n<\/picture><figcaption class=\"a-figcaption\"> Fotograf\u00eda que muestra una zona residencial donde se cometi\u00f3 un homicidio m\u00faltiple este mi\u00e9rcoles, en el municipio Atizapan de Zaragoza (M\u00e9xico). EFE &#8211; Madla Hartz <\/figcaption><\/figure>\n<\/p><\/div>\n<p>Carlos Jim\u00e9nez, periodista con dos d\u00e9cadas cubriendo escenas del crimen, cont\u00f3 esta ma\u00f1ana a Grupo F\u00f3rmula que la escena ha sido <em>\u201cde las im\u00e1genes m\u00e1s dif\u00edciles que me ha tocado ver, <strong>la forma en que fueron asesinadas estas personas, sobre todo la sa\u00f1a que cometi\u00f3 este sujeto<\/strong>\u201d<\/em>.<\/p>\n<p>Narr\u00f3 parte de la reconstrucci\u00f3n que hicieron las autoridades al llegar a la escena: una pistola con silenciador, que explica que ning\u00fan vecino escuch\u00f3 detonaciones, v\u00edctimas atadas con cinta (excepto Sof\u00eda, la menor), y disparos en la cabeza.<\/p>\n<p>El recorrido era visible en la distribuci\u00f3n de los cuerpos: Aleyda, la trabajadora del hogar, fue hallada primero. Ana Paula y Sof\u00eda estaban en el interior de una regadera, la peque\u00f1a sobre su madre. Jonathan, en un sill\u00f3n junto a la ventana de la habitaci\u00f3n principal. Los cajones revisados y los muebles revueltos completaron el cuadro de una b\u00fasqueda incansable por parte del perpetrador.<\/p>\n<p><em>\u00abLa ni\u00f1a de tres a\u00f1os qued\u00f3 sin vida sobre su mam\u00e1 dentro de una regadera. Hay huellas de sangre de esta ni\u00f1a, que pis\u00f3 la sangre y corri\u00f3\u00bb<\/em>, sostuvo Jim\u00e9nez. La empleada, Aleyda, recibi\u00f3 el impacto por la espalda, a traici\u00f3n, afirm\u00f3.<\/p>\n<h2><strong>Un socio, dos versiones del m\u00f3vil<\/strong><\/h2>\n<p>La principal l\u00ednea de investigaci\u00f3n extraoficialmente apunta al robo como el prop\u00f3sito del crimen, facilitado por la relaci\u00f3n comercial que un\u00eda a Jonathan y Diego. Dentro de esa hip\u00f3tesis, sin embargo, conviven dos versiones sobre la naturaleza exacta de lo que el presunto agresor buscaba.<\/p>\n<p>El amigo de Mel\u00e9ndez que alert\u00f3 a las autoridades asegur\u00f3 que Diego Sebasti\u00e1n le exig\u00eda al m\u00fasico 300.000 pesos (unos 17.000 d\u00f3lares, a veces presentados como una deuda, a veces como un pr\u00e9stamo pendiente) vinculados a propiedades que ambos rentaban a trav\u00e9s de Airbnb en Valle de Bravo, un municipio tur\u00edstico del Estado de M\u00e9xico.<\/p>\n<div class=\"m-em-image\">\n<figure class=\"m-item-image m-item-image--original m-item-image--has-caption\"> <picture class=\"a-picture a-picture--original\"><source type=\"image\/webp\" srcset=\"https:\/\/s.france24.com\/media\/display\/cba65958-a7e6-11f1-b28f-005056bf30b7\/w:246\/8bb630b014dc106b70ddd46d3bbf7310436cd920.webp 246w, https:\/\/s.france24.com\/media\/display\/cba65958-a7e6-11f1-b28f-005056bf30b7\/w:388\/8bb630b014dc106b70ddd46d3bbf7310436cd920.webp 388w, https:\/\/s.france24.com\/media\/display\/cba65958-a7e6-11f1-b28f-005056bf30b7\/w:720\/8bb630b014dc106b70ddd46d3bbf7310436cd920.webp 720w, https:\/\/s.france24.com\/media\/display\/cba65958-a7e6-11f1-b28f-005056bf30b7\/w:980\/8bb630b014dc106b70ddd46d3bbf7310436cd920.webp 980w\" sizes=\"(max-width: 1023px) calc(100vw - 32px), (min-width: 1024px) 850px\"><img fetchpriority=\"low\" decoding=\"async\" src=\"https:\/\/s.france24.com\/media\/display\/cba65958-a7e6-11f1-b28f-005056bf30b7\/w:980\/8bb630b014dc106b70ddd46d3bbf7310436cd920.jpg\" srcset=\"https:\/\/s.france24.com\/media\/display\/cba65958-a7e6-11f1-b28f-005056bf30b7\/w:246\/8bb630b014dc106b70ddd46d3bbf7310436cd920.jpg 246w, https:\/\/s.france24.com\/media\/display\/cba65958-a7e6-11f1-b28f-005056bf30b7\/w:388\/8bb630b014dc106b70ddd46d3bbf7310436cd920.jpg 388w, https:\/\/s.france24.com\/media\/display\/cba65958-a7e6-11f1-b28f-005056bf30b7\/w:720\/8bb630b014dc106b70ddd46d3bbf7310436cd920.jpg 720w, https:\/\/s.france24.com\/media\/display\/cba65958-a7e6-11f1-b28f-005056bf30b7\/w:980\/8bb630b014dc106b70ddd46d3bbf7310436cd920.jpg 980w\" sizes=\"(max-width: 1023px) calc(100vw - 32px), (min-width: 1024px) 850px\" alt=\"Polic\u00edas custodian la zona donde se cometi\u00f3 un homicidio m\u00faltiple este mi\u00e9rcoles, en el municipio Atizapan de Zaragoza (M\u00e9xico).\" loading=\"lazy\" class=\"a-img \">\n<\/picture><figcaption class=\"a-figcaption\"> Polic\u00edas custodian la zona donde se cometi\u00f3 un homicidio m\u00faltiple este mi\u00e9rcoles, en el municipio Atizapan de Zaragoza (M\u00e9xico). EFE &#8211; Madla Hartz <\/figcaption><\/figure>\n<\/p><\/div>\n<p>Seg\u00fan narra el periodista, Diego Sebasti\u00e1n, tras ser detenido, afirm\u00f3 que fue al departamento a recuperar criptomonedas, y que Mel\u00e9ndez le deb\u00eda el equivalente a 30 millones de pesos en activos digitales. Las autoridades no han podido verificar a\u00fan cu\u00e1l de las dos versiones corresponde a lo que efectivamente buscaba.<\/p>\n<p>Gerardo \u00abN\u00bb, el chofer, declar\u00f3 que desconoc\u00eda el prop\u00f3sito real de la visita. Su credencial de identidad, entregada en la caseta del conjunto residencial como requisito de acceso, fue lo que permiti\u00f3 a los investigadores rastrear la ruta de escape.&nbsp;<\/p>\n<h2><strong>Un sobreviviente<\/strong><\/h2>\n<p>Cuando los agentes entraron al departamento, armados, comenzaron a revisar cuarto por cuarto porque cre\u00edan que el sospechoso segu\u00eda en el interior escondido. De debajo de una cama sali\u00f3 un ni\u00f1o de seis a\u00f1os: el hermano mayor de Sof\u00eda. Estaba ileso. Las autoridades no precisaron cu\u00e1nto tiempo llevaba en ese escondite ni qu\u00e9 hab\u00eda alcanzado a escuchar o ver.<\/p>\n<p>Jonathan Mel\u00e9ndez, <em>Honas<\/em> para fans y colegas, era el tecladista y productor de Camilo S\u00e9ptimo, banda mexicana que lleva m\u00e1s de dos d\u00e9cadas construyendo una de las trayectorias m\u00e1s reconocidas del indie rock en espa\u00f1ol. Ten\u00eda 38 a\u00f1os.<\/p>\n<div id=\"em-WBMZ417551-F24-ES-20260904\" class=\"m-em-flash\" data-xtwitter-script>\n<div class=\"o-em-consent \" readability=\"7\">\n<div class=\"o-em-consent__content\" readability=\"34\">\n<p class=\"o-em-consent__content__text\">Para mostrar este contenido de X (Twitter), debe autorizar las cookies de medici\u00f3n de audiencia y publicidad.<\/p>\n<p> <button class=\"a-master-button a-master-button--dark\" data-action=\"accept\"> Aceptar <svg class=\"a-svg a-svg--icon-check\"> <use xlink:href=\"\/build\/images\/svg\/sprite.68b43361c11f23b39049016b32e6ae31.svg#icon-check\" href=\"\/build\/images\/svg\/sprite.68b43361c11f23b39049016b32e6ae31.svg#icon-check\" \/> <\/svg> <\/button> <button class=\"a-link\" data-action=\"manage\">Gestionar mis opciones <svg class=\"a-svg a-svg--icon-edit\"> <use xlink:href=\"\/build\/images\/svg\/sprite.68b43361c11f23b39049016b32e6ae31.svg#icon-edit\" href=\"\/build\/images\/svg\/sprite.68b43361c11f23b39049016b32e6ae31.svg#icon-edit\" \/> <\/svg><br \/>\n<\/button> <\/div>\n<\/div>\n<\/div>\n<p>Los dos detenidos quedaron a disposici\u00f3n del Ministerio P\u00fablico para determinar su situaci\u00f3n jur\u00eddica, mientras la Fiscal\u00eda estatal continuaba procesando la escena e integrando la carpeta de investigaci\u00f3n por homicidio calificado.<\/p>\n<p><em>\u201cNos conmovi\u00f3 y nos conmocion\u00f3 a todos. La muerte de una ni\u00f1ita de tres a\u00f1os y de esa manera tan violenta pues obviamente conmueve y nos conmociona a todos, incluyendo a las personas que detuvieron a estas personas que no tienen ning\u00fan respeto por la vida humana\u201d<\/em>, afirm\u00f3 esta ma\u00f1ana en W Radio Omar Garc\u00eda Harfuch, el Secretario de Seguridad Ciudadana, quien agreg\u00f3 que la coordinaci\u00f3n entre instituciones permiti\u00f3 <em>\u201cubicar y detener a ambos sujetos en menos de 12 horas\u201d<\/em>.<\/p>\n<h2><strong>An\u00e1lisis: M\u00e9xico en cifras y la ilusi\u00f3n del descenso criminal<\/strong><\/h2>\n<p>Causa en Com\u00fan, organizaci\u00f3n de la sociedad civil enfocada en seguridad y justicia, dirigida por la activista Mar\u00eda Elena Morera, document\u00f3 <strong>2.529 eventos de extrema violencia en el primer semestre de 2026, un promedio de 14 casos diarios<\/strong>. Entre ellos, 123 asesinatos de menores de edad. El m\u00e9todo de registro: fuentes abiertas, sin depender de clasificaciones oficiales que, en opini\u00f3n de los propios investigadores del ramo, tienden a suavizar el panorama.<\/p>\n<p>Los n\u00fameros de la organizaci\u00f3n muestran cierta trayectoria descendente: en 2020 se contabilizaron 672 eventos de este tipo; en 2025, esa cifra cay\u00f3 a 386, una reducci\u00f3n del 42%. Pero entre enero y julio de 2026 ya se hab\u00edan registrado 186 masacres, un ritmo que amenaza con superar el a\u00f1o anterior.<\/p>\n<blockquote class=\"quote\" readability=\"7\">\n<p><em>\u00abQue algo disminuya no significa que deje de ser una emergencia\u00bb<\/em>, advirti\u00f3 Morera en Grupo F\u00f3rmula.<\/p>\n<\/blockquote>\n<p>El estado de M\u00e9xico, la entidad donde fue asesinado Mel\u00e9ndez, acumul\u00f3 147 masacres documentadas solo entre 2020 y 2025.<\/p>\n<p>V\u00edctor Manuel S\u00e1nchez, profesor-investigador de la Universidad Aut\u00f3noma de Coahuila, especializado en seguridad p\u00fablica, advierte que las propias fiscal\u00edas estatales contribuyen al problema al reclasificar homicidios dolosos, es decir, aquellos cometidos con intenci\u00f3n, y con ello, seg\u00fan \u00e9l, deprimen artificialmente los indicadores que el Secretariado Ejecutivo del Sistema Nacional de Seguridad P\u00fablica publica de forma regular. El gobierno federal ha presumido una reducci\u00f3n de hasta el 51% en homicidios respecto a a\u00f1os previos.&nbsp;<\/p>\n<p><em>\u201cLa encuesta de seguridad urbana pregunta por la percepci\u00f3n de seguridad y lo que tenemos es un comportamiento bastante estable. Bien o mal tenemos por un lado est\u00e1s diciendo que bajan los homicidios pero por otro las personas se siguen sintiendo inseguras, y eso nos habla de un problema de fondo: a veces los homicidios pueden reducirse, pero otros delitos pueden estar m\u00e1s presentes\u201d<\/em>, asegur\u00f3 S\u00e1nchez a France 24.<\/p>\n<div id=\"em-WBMZ417549-F24-ES-20260904\" class=\"m-em-flash\" data-xtwitter-script>\n<div class=\"o-em-consent \" readability=\"7\">\n<div class=\"o-em-consent__content\" readability=\"34\">\n<p class=\"o-em-consent__content__text\">Para mostrar este contenido de X (Twitter), debe autorizar las cookies de medici\u00f3n de audiencia y publicidad.<\/p>\n<p> <button class=\"a-master-button a-master-button--dark\" data-action=\"accept\"> Aceptar <svg class=\"a-svg a-svg--icon-check\"> <use xlink:href=\"\/build\/images\/svg\/sprite.68b43361c11f23b39049016b32e6ae31.svg#icon-check\" href=\"\/build\/images\/svg\/sprite.68b43361c11f23b39049016b32e6ae31.svg#icon-check\" \/> <\/svg> <\/button> <button class=\"a-link\" data-action=\"manage\">Gestionar mis opciones <svg class=\"a-svg a-svg--icon-edit\"> <use xlink:href=\"\/build\/images\/svg\/sprite.68b43361c11f23b39049016b32e6ae31.svg#icon-edit\" href=\"\/build\/images\/svg\/sprite.68b43361c11f23b39049016b32e6ae31.svg#icon-edit\" \/> <\/svg><br \/>\n<\/button> <\/div>\n<\/div>\n<\/div>\n<p>La raz\u00f3n, plantea S\u00e1nchez, es que la gente experimenta en su cotidianidad otras expresiones de violencia como extorsi\u00f3n, desapariciones o robos con violencia, y que los recuentos de homicidios sencillamente no registran. Reducir la inseguridad a una sola m\u00e9trica, se\u00f1ala el investigador, es un error de diagn\u00f3stico que impide entender a fondo el fen\u00f3meno.<\/p>\n<h2><strong>\u00abNos hemos mal acostumbrado como pa\u00eds\u00bb<\/strong><\/h2>\n<p>Seg\u00fan S\u00e1nchez, desde 2006 y 2007, cuando M\u00e9xico entr\u00f3 de lleno en la escalada de violencia asociada al tr\u00e1fico de drogas, el pa\u00eds proces\u00f3 im\u00e1genes que antes habr\u00edan sido impensables, como decapitaciones, cuerpos colgados en puentes, ejecuciones masivas, entre otros, y que durante casi dos d\u00e9cadas, lo fue erosionando. <em>\u00abNos hemos mal acostumbrado como pa\u00eds\u00bb<\/em>, sostiene el investigador.<\/p>\n<p><em>\u201cEs decir, ni las autoridades resuelven, ni las organizaciones criminales han cesado y la sociedad cada vez, sin estar conforme con la situaci\u00f3n, pierde esa capacidad de asombro, de enojo y de exigencia a las autoridades. Eso nos habla de una violencia que ya se incrust\u00f3 en la cotidianidad y se volvi\u00f3 parte de la estructura social\u201d<\/em>, afirm\u00f3 el especialista.<\/p>\n<div id=\"em-WBMZ417577-F24-ES-20260904\" class=\"m-em-flash\" data-xtwitter-script>\n<div class=\"o-em-consent \" readability=\"7\">\n<div class=\"o-em-consent__content\" readability=\"34\">\n<p class=\"o-em-consent__content__text\">Para mostrar este contenido de X (Twitter), debe autorizar las cookies de medici\u00f3n de audiencia y publicidad.<\/p>\n<p> <button class=\"a-master-button a-master-button--dark\" data-action=\"accept\"> Aceptar <svg class=\"a-svg a-svg--icon-check\"> <use xlink:href=\"\/build\/images\/svg\/sprite.68b43361c11f23b39049016b32e6ae31.svg#icon-check\" href=\"\/build\/images\/svg\/sprite.68b43361c11f23b39049016b32e6ae31.svg#icon-check\" \/> <\/svg> <\/button> <button class=\"a-link\" data-action=\"manage\">Gestionar mis opciones <svg class=\"a-svg a-svg--icon-edit\"> <use xlink:href=\"\/build\/images\/svg\/sprite.68b43361c11f23b39049016b32e6ae31.svg#icon-edit\" href=\"\/build\/images\/svg\/sprite.68b43361c11f23b39049016b32e6ae31.svg#icon-edit\" \/> <\/svg><br \/>\n<\/button> <\/div>\n<\/div>\n<\/div>\n<p>El caso del m\u00fasico ilustra, adem\u00e1s, algo que especialistas en seguridad mencionan: que la violencia extrema en M\u00e9xico no es un fen\u00f3meno acotado a la periferia ni al crimen organizado y puede alcanzar a cualquiera.<\/p>\n<p><em>\u00abLo que vemos en M\u00e9xico es una oleada de violencia que no distingue clases sociales, no distingue zonas\u00bb<\/em>, plantea S\u00e1nchez. <em>\u201cHa pasado con periodistas, con influencers, con empresarios, con otros m\u00fasicos. Que los casos de personas conocidas se mediaticen m\u00e1s no altera el diagn\u00f3stico de fondo\u201d<\/em>, agrega.<\/p>\n<p>En su lectura, que alguien considere leg\u00edtimo matar a cuatro personas, entre ellas una ni\u00f1a de tres a\u00f1os y una mujer embarazada, por una disputa de dinero es, para \u00e9l, <em>\u00abun s\u00edntoma de un proceso de descomposici\u00f3n social: una se\u00f1al de que la deshumanizaci\u00f3n ya opera no solo dentro del crimen organizado sino en las interacciones ordinarias de la vida civil\u201d<\/em>.<\/p>\n<p>Esta ma\u00f1ana, cuando el gobierno federal reaccion\u00f3 al caso, procur\u00f3 subrayar que el homicidio no parec\u00eda vinculado al crimen organizado.<\/p>\n<p><em>\u00abYa hay detenidos y ya se conocen tambi\u00e9n las causas de una disputa que ten\u00eda la familia con otra familia, incluso ya sale en los medios una publicaci\u00f3n\u00bb<\/em>, asegur\u00f3 la presidenta Claudia Sheinbaum. La mandataria afirm\u00f3 que <em>\u00abes en efecto una situaci\u00f3n muy triste, lamentable\u201d<\/em>.<\/p>\n<div id=\"em-WBMZ417578-F24-ES-20260904\" class=\"m-em-flash\" data-xtwitter-script>\n<div class=\"o-em-consent \" readability=\"7\">\n<div class=\"o-em-consent__content\" readability=\"34\">\n<p class=\"o-em-consent__content__text\">Para mostrar este contenido de X (Twitter), debe autorizar las cookies de medici\u00f3n de audiencia y publicidad.<\/p>\n<p> <button class=\"a-master-button a-master-button--dark\" data-action=\"accept\"> Aceptar <svg class=\"a-svg a-svg--icon-check\"> <use xlink:href=\"\/build\/images\/svg\/sprite.68b43361c11f23b39049016b32e6ae31.svg#icon-check\" href=\"\/build\/images\/svg\/sprite.68b43361c11f23b39049016b32e6ae31.svg#icon-check\" \/> <\/svg> <\/button> <button class=\"a-link\" data-action=\"manage\">Gestionar mis opciones <svg class=\"a-svg a-svg--icon-edit\"> <use xlink:href=\"\/build\/images\/svg\/sprite.68b43361c11f23b39049016b32e6ae31.svg#icon-edit\" href=\"\/build\/images\/svg\/sprite.68b43361c11f23b39049016b32e6ae31.svg#icon-edit\" \/> <\/svg><br \/>\n<\/button> <\/div>\n<\/div>\n<\/div>\n<p>Para S\u00e1nchez, esa respuesta lleg\u00f3 demasiado pronto y <em>\u201cno es v\u00e1lido que alguna autoridad minimice los hechos por tratar de decir que no est\u00e1 involucrado el crimen organizado\u00bb<\/em>, plantea el investigador.<\/p>\n<p>Mientras el pa\u00eds contin\u00faa conmocionado por el homicidio m\u00faltiple, diversos colectivos de fan\u00e1ticos comenzaron a organizar a trav\u00e9s de redes sociales un homenaje p\u00fablico en memoria de Jonathan. La convocatoria plantea una reuni\u00f3n centrada en compartir m\u00fasica, flores, fotograf\u00edas y mensajes, buscando recordar la trayectoria del artista y sobrellevar el dolor el d\u00eda domingo en el \u00c1ngel de la Independencia.&nbsp;<\/p>\n","protected":false},"excerpt":{"rendered":"<p>La tarde del martes 1 de septiembre,&#46;&#46;&#46;<\/p>\n","protected":false},"author":1,"featured_media":412113,"comment_status":"closed","ping_status":"closed","sticky":false,"template":"","format":"standard","meta":{"_jetpack_newsletter_access":"","_jetpack_dont_email_post_to_subs":false,"_jetpack_newsletter_tier_id":0,"_jetpack_memberships_contains_paywalled_content":false,"_jetpack_feature_clip_id":0,"_jetpack_memberships_contains_paid_content":false,"footnotes":"","jetpack_publicize_message":"","jetpack_publicize_feature_enabled":true,"jetpack_social_post_already_shared":true,"jetpack_social_options":{"image_generator_settings":{"template":"highway","default_image_id":0,"font":"","enabled":false},"version":2},"jetpack_post_was_ever_published":false},"categories":[43],"tags":[],"class_list":["post-412112","post","type-post","status-publish","format-standard","has-post-thumbnail","hentry","category-internacionales"],"yoast_head":"<!-- This site is optimized with the Yoast SEO plugin v28.1 - https:\/\/yoast.com\/product\/yoast-seo-wordpress\/ -->\n<title>El asesinato de un m\u00fasico y su familia expone el alcance de la violencia estructural en M\u00e9xico - Sarmiento24h<\/title>\n<meta name=\"robots\" content=\"index, follow, max-snippet:-1, max-image-preview:large, max-video-preview:-1\" \/>\n<link rel=\"canonical\" href=\"https:\/\/sarmiento24h.com\/?p=412112\" \/>\n<meta property=\"og:locale\" content=\"es_ES\" \/>\n<meta property=\"og:type\" content=\"article\" \/>\n<meta property=\"og:title\" content=\"El asesinato de un m\u00fasico y su familia expone el alcance de la violencia estructural en M\u00e9xico - Sarmiento24h\" \/>\n<meta property=\"og:description\" content=\"La tarde del martes 1 de septiembre,&#046;&#046;&#046;\" \/>\n<meta property=\"og:url\" content=\"https:\/\/sarmiento24h.com\/?p=412112\" \/>\n<meta property=\"og:site_name\" content=\"Sarmiento24h\" \/>\n<meta property=\"article:publisher\" content=\"https:\/\/facebook.com\/s24hnoticias\" \/>\n<meta property=\"article:published_time\" content=\"2026-09-03T23:40:07+00:00\" \/>\n<meta property=\"og:image\" content=\"https:\/\/s.france24.com\/media\/display\/e2a3c50a-a7e6-11f1-ab7d-005056a97e36\/w:980\/8f7343b6c64edd409d8417abf4fb74cb05915cef.jpg\" \/>\n<meta name=\"author\" content=\"sarmiento24h@gmail.com\" \/>\n<meta name=\"twitter:card\" content=\"summary_large_image\" \/>\n<meta name=\"twitter:creator\" content=\"@sarmiento24h\" \/>\n<meta name=\"twitter:site\" content=\"@sarmiento24h\" \/>\n<meta name=\"twitter:label1\" content=\"Escrito por\" \/>\n\t<meta name=\"twitter:data1\" content=\"sarmiento24h@gmail.com\" \/>\n\t<meta name=\"twitter:label2\" content=\"Tiempo de lectura\" \/>\n\t<meta name=\"twitter:data2\" content=\"10 minutos\" \/>\n<script type=\"application\/ld+json\" class=\"yoast-schema-graph\">{\"@context\":\"https:\\\/\\\/schema.org\",\"@graph\":[{\"@type\":\"Article\",\"@id\":\"https:\\\/\\\/sarmiento24h.com\\\/?p=412112#article\",\"isPartOf\":{\"@id\":\"https:\\\/\\\/sarmiento24h.com\\\/?p=412112\"},\"author\":{\"name\":\"sarmiento24h@gmail.com\",\"@id\":\"https:\\\/\\\/sarmiento24h.com\\\/#\\\/schema\\\/person\\\/d653a59725ad629a7e0429af7b939d4d\"},\"headline\":\"El asesinato de un m\u00fasico y su familia expone el alcance de la violencia estructural en M\u00e9xico\",\"datePublished\":\"2026-09-03T23:40:07+00:00\",\"mainEntityOfPage\":{\"@id\":\"https:\\\/\\\/sarmiento24h.com\\\/?p=412112\"},\"wordCount\":2084,\"publisher\":{\"@id\":\"https:\\\/\\\/sarmiento24h.com\\\/#organization\"},\"image\":{\"@id\":\"https:\\\/\\\/sarmiento24h.com\\\/?p=412112#primaryimage\"},\"thumbnailUrl\":\"https:\\\/\\\/sarmiento24h.com\\\/wp-content\\\/uploads\\\/2026\\\/09\\\/el-asesinato-de-un-musico-y-su-familia-expone-el-alcance-de-la-violencia-estructural-en-mexico.jpg\",\"articleSection\":[\"Internacionales\"],\"inLanguage\":\"es\"},{\"@type\":\"WebPage\",\"@id\":\"https:\\\/\\\/sarmiento24h.com\\\/?p=412112\",\"url\":\"https:\\\/\\\/sarmiento24h.com\\\/?p=412112\",\"name\":\"El asesinato de un m\u00fasico y su familia expone el alcance de la violencia estructural en M\u00e9xico - Sarmiento24h\",\"isPartOf\":{\"@id\":\"https:\\\/\\\/sarmiento24h.com\\\/#website\"},\"primaryImageOfPage\":{\"@id\":\"https:\\\/\\\/sarmiento24h.com\\\/?p=412112#primaryimage\"},\"image\":{\"@id\":\"https:\\\/\\\/sarmiento24h.com\\\/?p=412112#primaryimage\"},\"thumbnailUrl\":\"https:\\\/\\\/sarmiento24h.com\\\/wp-content\\\/uploads\\\/2026\\\/09\\\/el-asesinato-de-un-musico-y-su-familia-expone-el-alcance-de-la-violencia-estructural-en-mexico.jpg\",\"datePublished\":\"2026-09-03T23:40:07+00:00\",\"breadcrumb\":{\"@id\":\"https:\\\/\\\/sarmiento24h.com\\\/?p=412112#breadcrumb\"},\"inLanguage\":\"es\",\"potentialAction\":[{\"@type\":\"ReadAction\",\"target\":[\"https:\\\/\\\/sarmiento24h.com\\\/?p=412112\"]}]},{\"@type\":\"ImageObject\",\"inLanguage\":\"es\",\"@id\":\"https:\\\/\\\/sarmiento24h.com\\\/?p=412112#primaryimage\",\"url\":\"https:\\\/\\\/sarmiento24h.com\\\/wp-content\\\/uploads\\\/2026\\\/09\\\/el-asesinato-de-un-musico-y-su-familia-expone-el-alcance-de-la-violencia-estructural-en-mexico.jpg\",\"contentUrl\":\"https:\\\/\\\/sarmiento24h.com\\\/wp-content\\\/uploads\\\/2026\\\/09\\\/el-asesinato-de-un-musico-y-su-familia-expone-el-alcance-de-la-violencia-estructural-en-mexico.jpg\",\"width\":980,\"height\":653},{\"@type\":\"BreadcrumbList\",\"@id\":\"https:\\\/\\\/sarmiento24h.com\\\/?p=412112#breadcrumb\",\"itemListElement\":[{\"@type\":\"ListItem\",\"position\":1,\"name\":\"Home\",\"item\":\"https:\\\/\\\/sarmiento24h.com\\\/\"},{\"@type\":\"ListItem\",\"position\":2,\"name\":\"El asesinato de un m\u00fasico y su familia expone el alcance de la violencia estructural en M\u00e9xico\"}]},{\"@type\":\"WebSite\",\"@id\":\"https:\\\/\\\/sarmiento24h.com\\\/#website\",\"url\":\"https:\\\/\\\/sarmiento24h.com\\\/\",\"name\":\"Sarmiento24h\",\"description\":\"\",\"publisher\":{\"@id\":\"https:\\\/\\\/sarmiento24h.com\\\/#organization\"},\"potentialAction\":[{\"@type\":\"SearchAction\",\"target\":{\"@type\":\"EntryPoint\",\"urlTemplate\":\"https:\\\/\\\/sarmiento24h.com\\\/?s={search_term_string}\"},\"query-input\":{\"@type\":\"PropertyValueSpecification\",\"valueRequired\":true,\"valueName\":\"search_term_string\"}}],\"inLanguage\":\"es\"},{\"@type\":\"Organization\",\"@id\":\"https:\\\/\\\/sarmiento24h.com\\\/#organization\",\"name\":\"Sarmiento24h\",\"url\":\"https:\\\/\\\/sarmiento24h.com\\\/\",\"logo\":{\"@type\":\"ImageObject\",\"inLanguage\":\"es\",\"@id\":\"https:\\\/\\\/sarmiento24h.com\\\/#\\\/schema\\\/logo\\\/image\\\/\",\"url\":\"https:\\\/\\\/sarmiento24h.com\\\/wp-content\\\/uploads\\\/2025\\\/12\\\/AddText_12-16-10.30.52.jpg\",\"contentUrl\":\"https:\\\/\\\/sarmiento24h.com\\\/wp-content\\\/uploads\\\/2025\\\/12\\\/AddText_12-16-10.30.52.jpg\",\"width\":1220,\"height\":324,\"caption\":\"Sarmiento24h\"},\"image\":{\"@id\":\"https:\\\/\\\/sarmiento24h.com\\\/#\\\/schema\\\/logo\\\/image\\\/\"},\"sameAs\":[\"https:\\\/\\\/facebook.com\\\/s24hnoticias\",\"https:\\\/\\\/x.com\\\/sarmiento24h\"]},{\"@type\":\"Person\",\"@id\":\"https:\\\/\\\/sarmiento24h.com\\\/#\\\/schema\\\/person\\\/d653a59725ad629a7e0429af7b939d4d\",\"name\":\"sarmiento24h@gmail.com\",\"image\":{\"@type\":\"ImageObject\",\"inLanguage\":\"es\",\"@id\":\"https:\\\/\\\/sarmiento24h.com\\\/wp-content\\\/litespeed\\\/avatar\\\/d02cbc4e23c747e6659cd45907173c8f.jpg?ver=1788047690\",\"url\":\"https:\\\/\\\/sarmiento24h.com\\\/wp-content\\\/litespeed\\\/avatar\\\/d02cbc4e23c747e6659cd45907173c8f.jpg?ver=1788047690\",\"contentUrl\":\"https:\\\/\\\/sarmiento24h.com\\\/wp-content\\\/litespeed\\\/avatar\\\/d02cbc4e23c747e6659cd45907173c8f.jpg?ver=1788047690\",\"caption\":\"sarmiento24h@gmail.com\"},\"sameAs\":[\"https:\\\/\\\/sarmiento24h.com\"],\"url\":\"https:\\\/\\\/sarmiento24h.com\\\/?author=1\"}]}<\/script>\n<!-- \/ Yoast SEO plugin. -->","yoast_head_json":{"title":"El asesinato de un m\u00fasico y su familia expone el alcance de la violencia estructural en M\u00e9xico - Sarmiento24h","robots":{"index":"index","follow":"follow","max-snippet":"max-snippet:-1","max-image-preview":"max-image-preview:large","max-video-preview":"max-video-preview:-1"},"canonical":"https:\/\/sarmiento24h.com\/?p=412112","og_locale":"es_ES","og_type":"article","og_title":"El asesinato de un m\u00fasico y su familia expone el alcance de la violencia estructural en M\u00e9xico - Sarmiento24h","og_description":"La tarde del martes 1 de septiembre,&#46;&#46;&#46;","og_url":"https:\/\/sarmiento24h.com\/?p=412112","og_site_name":"Sarmiento24h","article_publisher":"https:\/\/facebook.com\/s24hnoticias","article_published_time":"2026-09-03T23:40:07+00:00","og_image":[{"url":"https:\/\/s.france24.com\/media\/display\/e2a3c50a-a7e6-11f1-ab7d-005056a97e36\/w:980\/8f7343b6c64edd409d8417abf4fb74cb05915cef.jpg","type":"","width":"","height":""}],"author":"sarmiento24h@gmail.com","twitter_card":"summary_large_image","twitter_creator":"@sarmiento24h","twitter_site":"@sarmiento24h","twitter_misc":{"Escrito por":"sarmiento24h@gmail.com","Tiempo de lectura":"10 minutos"},"schema":{"@context":"https:\/\/schema.org","@graph":[{"@type":"Article","@id":"https:\/\/sarmiento24h.com\/?p=412112#article","isPartOf":{"@id":"https:\/\/sarmiento24h.com\/?p=412112"},"author":{"name":"sarmiento24h@gmail.com","@id":"https:\/\/sarmiento24h.com\/#\/schema\/person\/d653a59725ad629a7e0429af7b939d4d"},"headline":"El asesinato de un m\u00fasico y su familia expone el alcance de la violencia estructural en M\u00e9xico","datePublished":"2026-09-03T23:40:07+00:00","mainEntityOfPage":{"@id":"https:\/\/sarmiento24h.com\/?p=412112"},"wordCount":2084,"publisher":{"@id":"https:\/\/sarmiento24h.com\/#organization"},"image":{"@id":"https:\/\/sarmiento24h.com\/?p=412112#primaryimage"},"thumbnailUrl":"https:\/\/sarmiento24h.com\/wp-content\/uploads\/2026\/09\/el-asesinato-de-un-musico-y-su-familia-expone-el-alcance-de-la-violencia-estructural-en-mexico.jpg","articleSection":["Internacionales"],"inLanguage":"es"},{"@type":"WebPage","@id":"https:\/\/sarmiento24h.com\/?p=412112","url":"https:\/\/sarmiento24h.com\/?p=412112","name":"El asesinato de un m\u00fasico y su familia expone el alcance de la violencia estructural en M\u00e9xico - Sarmiento24h","isPartOf":{"@id":"https:\/\/sarmiento24h.com\/#website"},"primaryImageOfPage":{"@id":"https:\/\/sarmiento24h.com\/?p=412112#primaryimage"},"image":{"@id":"https:\/\/sarmiento24h.com\/?p=412112#primaryimage"},"thumbnailUrl":"https:\/\/sarmiento24h.com\/wp-content\/uploads\/2026\/09\/el-asesinato-de-un-musico-y-su-familia-expone-el-alcance-de-la-violencia-estructural-en-mexico.jpg","datePublished":"2026-09-03T23:40:07+00:00","breadcrumb":{"@id":"https:\/\/sarmiento24h.com\/?p=412112#breadcrumb"},"inLanguage":"es","potentialAction":[{"@type":"ReadAction","target":["https:\/\/sarmiento24h.com\/?p=412112"]}]},{"@type":"ImageObject","inLanguage":"es","@id":"https:\/\/sarmiento24h.com\/?p=412112#primaryimage","url":"https:\/\/sarmiento24h.com\/wp-content\/uploads\/2026\/09\/el-asesinato-de-un-musico-y-su-familia-expone-el-alcance-de-la-violencia-estructural-en-mexico.jpg","contentUrl":"https:\/\/sarmiento24h.com\/wp-content\/uploads\/2026\/09\/el-asesinato-de-un-musico-y-su-familia-expone-el-alcance-de-la-violencia-estructural-en-mexico.jpg","width":980,"height":653},{"@type":"BreadcrumbList","@id":"https:\/\/sarmiento24h.com\/?p=412112#breadcrumb","itemListElement":[{"@type":"ListItem","position":1,"name":"Home","item":"https:\/\/sarmiento24h.com\/"},{"@type":"ListItem","position":2,"name":"El asesinato de un m\u00fasico y su familia expone el alcance de la violencia estructural en M\u00e9xico"}]},{"@type":"WebSite","@id":"https:\/\/sarmiento24h.com\/#website","url":"https:\/\/sarmiento24h.com\/","name":"Sarmiento24h","description":"","publisher":{"@id":"https:\/\/sarmiento24h.com\/#organization"},"potentialAction":[{"@type":"SearchAction","target":{"@type":"EntryPoint","urlTemplate":"https:\/\/sarmiento24h.com\/?s={search_term_string}"},"query-input":{"@type":"PropertyValueSpecification","valueRequired":true,"valueName":"search_term_string"}}],"inLanguage":"es"},{"@type":"Organization","@id":"https:\/\/sarmiento24h.com\/#organization","name":"Sarmiento24h","url":"https:\/\/sarmiento24h.com\/","logo":{"@type":"ImageObject","inLanguage":"es","@id":"https:\/\/sarmiento24h.com\/#\/schema\/logo\/image\/","url":"https:\/\/sarmiento24h.com\/wp-content\/uploads\/2025\/12\/AddText_12-16-10.30.52.jpg","contentUrl":"https:\/\/sarmiento24h.com\/wp-content\/uploads\/2025\/12\/AddText_12-16-10.30.52.jpg","width":1220,"height":324,"caption":"Sarmiento24h"},"image":{"@id":"https:\/\/sarmiento24h.com\/#\/schema\/logo\/image\/"},"sameAs":["https:\/\/facebook.com\/s24hnoticias","https:\/\/x.com\/sarmiento24h"]},{"@type":"Person","@id":"https:\/\/sarmiento24h.com\/#\/schema\/person\/d653a59725ad629a7e0429af7b939d4d","name":"sarmiento24h@gmail.com","image":{"@type":"ImageObject","inLanguage":"es","@id":"https:\/\/sarmiento24h.com\/wp-content\/litespeed\/avatar\/d02cbc4e23c747e6659cd45907173c8f.jpg?ver=1788047690","url":"https:\/\/sarmiento24h.com\/wp-content\/litespeed\/avatar\/d02cbc4e23c747e6659cd45907173c8f.jpg?ver=1788047690","contentUrl":"https:\/\/sarmiento24h.com\/wp-content\/litespeed\/avatar\/d02cbc4e23c747e6659cd45907173c8f.jpg?ver=1788047690","caption":"sarmiento24h@gmail.com"},"sameAs":["https:\/\/sarmiento24h.com"],"url":"https:\/\/sarmiento24h.com\/?author=1"}]}},"jetpack_publicize_connections":[],"jetpack_featured_media_url":"https:\/\/sarmiento24h.com\/wp-content\/uploads\/2026\/09\/el-asesinato-de-un-musico-y-su-familia-expone-el-alcance-de-la-violencia-estructural-en-mexico.jpg","jetpack_sharing_enabled":true,"_links":{"self":[{"href":"https:\/\/sarmiento24h.com\/index.php?rest_route=\/wp\/v2\/posts\/412112","targetHints":{"allow":["GET"]}}],"collection":[{"href":"https:\/\/sarmiento24h.com\/index.php?rest_route=\/wp\/v2\/posts"}],"about":[{"href":"https:\/\/sarmiento24h.com\/index.php?rest_route=\/wp\/v2\/types\/post"}],"author":[{"embeddable":true,"href":"https:\/\/sarmiento24h.com\/index.php?rest_route=\/wp\/v2\/users\/1"}],"replies":[{"embeddable":true,"href":"https:\/\/sarmiento24h.com\/index.php?rest_route=%2Fwp%2Fv2%2Fcomments&post=412112"}],"version-history":[{"count":0,"href":"https:\/\/sarmiento24h.com\/index.php?rest_route=\/wp\/v2\/posts\/412112\/revisions"}],"wp:featuredmedia":[{"embeddable":true,"href":"https:\/\/sarmiento24h.com\/index.php?rest_route=\/wp\/v2\/media\/412113"}],"wp:attachment":[{"href":"https:\/\/sarmiento24h.com\/index.php?rest_route=%2Fwp%2Fv2%2Fmedia&parent=412112"}],"wp:term":[{"taxonomy":"category","embeddable":true,"href":"https:\/\/sarmiento24h.com\/index.php?rest_route=%2Fwp%2Fv2%2Fcategories&post=412112"},{"taxonomy":"post_tag","embeddable":true,"href":"https:\/\/sarmiento24h.com\/index.php?rest_route=%2Fwp%2Fv2%2Ftags&post=412112"}],"curies":[{"name":"wp","href":"https:\/\/api.w.org\/{rel}","templated":true}]}}