{"id":412114,"date":"2026-09-03T23:40:09","date_gmt":"2026-09-03T23:40:09","guid":{"rendered":"http:\/\/000d60e8-a7eb-11f1-8488-e9d21aa374ac"},"modified":"2026-09-03T23:40:09","modified_gmt":"2026-09-03T23:40:09","slug":"el-increible-ascenso-de-augusto-cury-el-psiquiatra-que-promete-curar-la-politica-de-brasil","status":"publish","type":"post","link":"https:\/\/sarmiento24h.com\/?p=412114","title":{"rendered":"El incre\u00edble ascenso de Augusto Cury, el psiquiatra que promete curar la pol\u00edtica de Brasil"},"content":{"rendered":"<p>Hay algo parad\u00f3jico en el ascenso de Augusto Cury, de 67 a\u00f1os, en la carrera presidencial brasile\u00f1a. Este candidato, que se presenta como el hombre capaz de pacificar un pa\u00eds pol\u00edticamente enfermo, se ha convertido en cuesti\u00f3n de d\u00edas en uno de los fen\u00f3menos m\u00e1s controvertidos de las elecciones en <a href=\"https:\/\/www.france24.com\/es\/tag\/brasil\/\" target=\"_self\" class=\"gtm-add-suggested-tag\">Brasil<\/a> de 2026.<\/p>\n<p>Psiquiatra, escritor de libros de desarrollo personal, conferencista y empresario, Cury nunca hab\u00eda ocupado un cargo electivo. Hasta hace pocas semanas era pr\u00e1cticamente un desconocido para el gran p\u00fablico. Ahora aparece tercero en algunos sondeos, detr\u00e1s del presidente Lula y de <a href=\"https:\/\/www.france24.com\/es\/tag\/fl\u00e1vio-bolsonaro\/\" target=\"_self\" class=\"gtm-add-suggested-tag\">Fl\u00e1vio Bolsonaro<\/a>, hijo del expresidente condenado <a href=\"https:\/\/www.france24.com\/es\/tag\/jair-bolsonaro\/\" target=\"_self\" class=\"gtm-add-suggested-tag\">Jair Bolsonaro<\/a>.<\/p>\n<div class=\"m-em-image\">\n<figure class=\"m-item-image m-item-image--original m-item-image--has-caption\"> <picture class=\"a-picture a-picture--original\"><source type=\"image\/webp\" srcset=\"https:\/\/s.france24.com\/media\/display\/15ba9852-a7b9-11f1-9d8d-005056a97e36\/w:246\/8023712903001.webp 246w, https:\/\/s.france24.com\/media\/display\/15ba9852-a7b9-11f1-9d8d-005056a97e36\/w:388\/8023712903001.webp 388w, https:\/\/s.france24.com\/media\/display\/15ba9852-a7b9-11f1-9d8d-005056a97e36\/w:720\/8023712903001.webp 720w, https:\/\/s.france24.com\/media\/display\/15ba9852-a7b9-11f1-9d8d-005056a97e36\/w:980\/8023712903001.webp 980w\" sizes=\"(max-width: 1023px) calc(100vw - 32px), (min-width: 1024px) 850px\"><img fetchpriority=\"low\" decoding=\"async\" src=\"https:\/\/s.france24.com\/media\/display\/15ba9852-a7b9-11f1-9d8d-005056a97e36\/w:980\/8023712903001.jpg\" srcset=\"https:\/\/s.france24.com\/media\/display\/15ba9852-a7b9-11f1-9d8d-005056a97e36\/w:246\/8023712903001.jpg 246w, https:\/\/s.france24.com\/media\/display\/15ba9852-a7b9-11f1-9d8d-005056a97e36\/w:388\/8023712903001.jpg 388w, https:\/\/s.france24.com\/media\/display\/15ba9852-a7b9-11f1-9d8d-005056a97e36\/w:720\/8023712903001.jpg 720w, https:\/\/s.france24.com\/media\/display\/15ba9852-a7b9-11f1-9d8d-005056a97e36\/w:980\/8023712903001.jpg 980w\" sizes=\"(max-width: 1023px) calc(100vw - 32px), (min-width: 1024px) 850px\" alt=\"Archivo. El candidato a la Presidencia de Brasil Augusto Cury habla en un evento de la Uni\u00f3n Nacional de Entidades del Comercio y Servicios (UNECS).\" loading=\"lazy\" class=\"a-img \">\n<\/picture><figcaption class=\"a-figcaption\"> Archivo. El candidato a la Presidencia de Brasil Augusto Cury habla en un evento de la Uni\u00f3n Nacional de Entidades del Comercio y Servicios (UNECS). (EPA) EFE &#8211; Andre Borges <\/figcaption><\/figure>\n<\/p><\/div>\n<p>Su proyecci\u00f3n ha sido vertiginosa. En la encuesta de BTG\/Nexus, divulgada el 31 de agosto, Cury pas\u00f3 del 2% al 11% en las intenciones de voto en apenas una semana. En el sondeo AtlasIntel\/Bloomberg tambi\u00e9n avanz\u00f3 con fuerza: del 1,6% al 7,8%.<\/p>\n<p>Este psiquiatra intenta posicionarse como la tercera v\u00eda brasile\u00f1a. La pregunta que se hacen ahora analistas y periodistas es <a href=\"https:\/\/veja.abril.com.br\/politica\/o-crescimento-de-augusto-cury-em-nova-pesquisa-apos-entrevista-na-tv-e-inicio-do-horario-eleitoral\/&nbsp;&nbsp;\" target=\"_blank\">c\u00f3mo alguien sin trayectoria pol\u00edtica pudo crecer tan r\u00e1pidamente.<\/a><\/p>\n<p class=\"a-read-more\"><span class=\"a-read-more__label\">Leer tambi\u00e9n<\/span><a href=\"https:\/\/www.france24.com\/es\/programas\/aqu\u00ed-am\u00e9rica\/20260824-brasil-se-prepara-para-las-urnas-c\u00f3mo-va-la-campa\u00f1a\" target=\"_self\" class=\"a-read-more__link\">Brasil se prepara para las urnas: \u00bfc\u00f3mo se mueve la campa\u00f1a?<\/a><\/p>\n<h2><strong>\u00bfQui\u00e9n es Augusto Cury?<\/strong><\/h2>\n<p>La respuesta comienza mucho antes de que Cury entrara en pol\u00edtica. Su nombre ya era conocido por millones de personas por su trayectoria como psiquiatra, consolidada durante d\u00e9cadas alrededor de libros, conferencias y cursos sobre emociones, <a href=\"https:\/\/www.france24.com\/es\/tag\/ansiedad\/\" target=\"_self\" class=\"gtm-add-suggested-tag\">ansiedad<\/a>, relaciones humanas y desarrollo personal.<\/p>\n<p>Cury dice haber publicado m\u00e1s de 70 t\u00edtulos, como &#8216;El vendedor de sue\u00f1os&#8217; y &#8216;Ansiedad: c\u00f3mo enfrentar el mal del siglo&#8217;.<a target=\"_blank\"> El candidato afirma tambi\u00e9n que ha vendido unos 42 millones de vol\u00famenes <\/a>en cerca de 70 pa\u00edses, una cifra que la agencia Reuters no pudo verificar.<\/p>\n<div class=\"m-em-image\">\n<figure class=\"m-item-image m-item-image--original m-item-image--has-caption\"> <picture class=\"a-picture a-picture--original\"><source type=\"image\/webp\" srcset=\"https:\/\/s.france24.com\/media\/display\/a89310fa-a7e6-11f1-9fc3-005056bfb2b6\/w:246\/2026-09-01T175425Z-372425215-RC2EANAU8OMO-RTRMADP-3-BRAZIL-ELECTION-CURY.webp 246w, https:\/\/s.france24.com\/media\/display\/a89310fa-a7e6-11f1-9fc3-005056bfb2b6\/w:388\/2026-09-01T175425Z-372425215-RC2EANAU8OMO-RTRMADP-3-BRAZIL-ELECTION-CURY.webp 388w, https:\/\/s.france24.com\/media\/display\/a89310fa-a7e6-11f1-9fc3-005056bfb2b6\/w:720\/2026-09-01T175425Z-372425215-RC2EANAU8OMO-RTRMADP-3-BRAZIL-ELECTION-CURY.webp 720w, https:\/\/s.france24.com\/media\/display\/a89310fa-a7e6-11f1-9fc3-005056bfb2b6\/w:980\/2026-09-01T175425Z-372425215-RC2EANAU8OMO-RTRMADP-3-BRAZIL-ELECTION-CURY.webp 980w\" sizes=\"(max-width: 1023px) calc(100vw - 32px), (min-width: 1024px) 850px\"><img fetchpriority=\"low\" decoding=\"async\" src=\"https:\/\/s.france24.com\/media\/display\/a89310fa-a7e6-11f1-9fc3-005056bfb2b6\/w:980\/2026-09-01T175425Z-372425215-RC2EANAU8OMO-RTRMADP-3-BRAZIL-ELECTION-CURY.jpg\" srcset=\"https:\/\/s.france24.com\/media\/display\/a89310fa-a7e6-11f1-9fc3-005056bfb2b6\/w:246\/2026-09-01T175425Z-372425215-RC2EANAU8OMO-RTRMADP-3-BRAZIL-ELECTION-CURY.jpg 246w, https:\/\/s.france24.com\/media\/display\/a89310fa-a7e6-11f1-9fc3-005056bfb2b6\/w:388\/2026-09-01T175425Z-372425215-RC2EANAU8OMO-RTRMADP-3-BRAZIL-ELECTION-CURY.jpg 388w, https:\/\/s.france24.com\/media\/display\/a89310fa-a7e6-11f1-9fc3-005056bfb2b6\/w:720\/2026-09-01T175425Z-372425215-RC2EANAU8OMO-RTRMADP-3-BRAZIL-ELECTION-CURY.jpg 720w, https:\/\/s.france24.com\/media\/display\/a89310fa-a7e6-11f1-9fc3-005056bfb2b6\/w:980\/2026-09-01T175425Z-372425215-RC2EANAU8OMO-RTRMADP-3-BRAZIL-ELECTION-CURY.jpg 980w\" sizes=\"(max-width: 1023px) calc(100vw - 32px), (min-width: 1024px) 850px\" alt=\"El candidato presidencial brasile\u00f1o Augusto Cury, del partido Avante, asiste a un acto de campa\u00f1a electoral en una feria agroindustrial en Esteio, Brasil, el 1 de septiembre de 2026.\" loading=\"lazy\" class=\"a-img \">\n<\/picture><figcaption class=\"a-figcaption\"> El candidato presidencial brasile\u00f1o Augusto Cury, del partido Avante, asiste a un acto de campa\u00f1a electoral en una feria agroindustrial en Esteio, Brasil, el 1 de septiembre de 2026. \u00a9 Reuters &#8211; Diego Vara <\/figcaption><\/figure>\n<\/p><\/div>\n<p>Una de las particularidades de esta candidatura es que<strong> Cury no necesita construir desde cero un reconocimiento nacional.<\/strong> Durante m\u00e1s de 20 a\u00f1os, ha sido una figura conocida en programas de televisi\u00f3n y eventos empresariales. Antes de pedir votos, Cury ya hab\u00eda creado una audiencia y hab\u00eda construido una considerable fortuna.<\/p>\n<p>El ahora aspirante presidencial declar\u00f3 ante la Justicia Electoral el mayor patrimonio entre los candidatos: <a href=\"https:\/\/exame.com\/brasil\/eleicoes-quem-e-augusto-cury-escritor-que-disputa-a-presidencia-da-republica-em-2026\/?utm_source=chatgpt.com&nbsp;&nbsp;\" target=\"_blank\">242,3 millones de reales (unos 44 millones de d\u00f3lares)<\/a>. Cury atribuye su riqueza a su actividad empresarial, editorial, inversiones y negocios relacionados con la educaci\u00f3n.&nbsp;<\/p>\n<h2><strong>Del debate en la TV al fen\u00f3meno digital<\/strong><\/h2>\n<p>Su salto a la fama se dio tras<a href=\"https:\/\/www.youtube.com\/watch?v=a_Vwpnmn4F8\" target=\"_blank\"> el primer debate presidencial<\/a> televisado de la campa\u00f1a, celebrado en la &#8216;TV Band&#8217; el 23 de agosto.<\/p>\n<p>Solo acudieron tres de los seis candidatos invitados. Los dos favoritos, Lula y <a href=\"https:\/\/www.france24.com\/es\/tag\/fl\u00e1vio-bolsonaro\/\" target=\"_self\" class=\"gtm-add-suggested-tag\">Fl\u00e1vio Bolsonaro<\/a>, y Romeu Zema, exgobernador del estado de Minas Gerais, resolvieron no confrontarse. Cury aprovech\u00f3 esta coyuntura at\u00edpica para desempe\u00f1ar un papel que repetir\u00eda en entrevistas y en las redes sociales: el del candidato sereno que intenta situarse por encima de la pelea entre derecha e izquierda.<\/p>\n<p>El contraste fue particularmente evidente frente a <a href=\"https:\/\/www.france24.com\/es\/am\u00e9rica-latina\/20260820-arrestar-o-matar-renan-santos-el-candidato-antisistema-que-confronta-a-lula-y-a-fl\u00e1vio-bolsonaro&nbsp;\" target=\"_self\">Renan Santos, candidato antisistema que utiliza un lenguaje m\u00e1s agresivo <\/a>contra Lula y contra la pol\u00edtica tradicional. En uno de los momentos m\u00e1s comentados del debate, Cury le reproch\u00f3 su tono: <a href=\"https:\/\/oglobo.globo.com\/politica\/video\/voce-tem-um-nivel-de-agressividade-que-me-assombra-diz-augusto-cury-para-renan-santos-14894784.ghtml&nbsp;\" target=\"_blank\">\u201cTienes un nivel de agresividad que me asombra\u201d.<\/a> Esta frase se convirti\u00f3 en su tarjeta de presentaci\u00f3n. Cury escogi\u00f3 no ser el candidato que iba a gritar m\u00e1s fuerte, sino el que intentaba devolver equilibrio a una discusi\u00f3n dominada por los enfrentamientos entre lulismo y bolsonarismo.<\/p>\n<div id=\"em-WBMZ417548-F24-ES-20260904\" class=\"m-em-flash\"> <iframe loading=\"lazy\" width=\"873\" height=\"491\" src=\"https:\/\/www.youtube.com\/embed\/a_Vwpnmn4F8\" data-hj-allow-iframe title=\"Debate na Band: Acompanhe a \u00edntegra do primeiro debate \u00e0 Presid\u00eancia de 2026\" frameborder=\"0\" allow=\"accelerometer; autoplay; clipboard-write; encrypted-media; gyroscope; picture-in-picture; web-share\" referrerpolicy=\"strict-origin-when-cross-origin\" allowfullscreen>[embedded content]<\/iframe> <\/p>\n<div class=\"o-em-consent \" readability=\"6.5\">\n<div class=\"o-em-consent__content\" readability=\"33\">\n<p class=\"o-em-consent__content__text\">Para mostrar este contenido de , debe autorizar las cookies de medici\u00f3n de audiencia y publicidad.<\/p>\n<p> <button class=\"a-master-button a-master-button--dark\" data-action=\"accept\"> Aceptar <svg class=\"a-svg a-svg--icon-check\"> <use xlink:href=\"\/build\/images\/svg\/sprite.68b43361c11f23b39049016b32e6ae31.svg#icon-check\" href=\"\/build\/images\/svg\/sprite.68b43361c11f23b39049016b32e6ae31.svg#icon-check\" \/> <\/svg> <\/button> <button class=\"a-link\" data-action=\"manage\">Gestionar mis opciones <svg class=\"a-svg a-svg--icon-edit\"> <use xlink:href=\"\/build\/images\/svg\/sprite.68b43361c11f23b39049016b32e6ae31.svg#icon-edit\" href=\"\/build\/images\/svg\/sprite.68b43361c11f23b39049016b32e6ae31.svg#icon-edit\" \/> <\/svg><br \/>\n<\/button> <\/div>\n<\/div>\n<\/div>\n<p>Pero el debate tuvo otra consecuencia. Las b\u00fasquedas sobre Cury comenzaron a dispararse en Google y, despu\u00e9s, sus redes sociales explotaron. Entre el 16 y el 29 de agosto gan\u00f3 casi 2,5 millones de seguidores en Instagram, seg\u00fan el Instituto Democracia em Xeque. En un \u00fanico d\u00eda lleg\u00f3 a sumar 1,2 millones. La comparaci\u00f3n con sus rivales es llamativa: durante ese mismo per\u00edodo, <a href=\"https:\/\/www.france24.com\/es\/tag\/fl\u00e1vio-bolsonaro\/\" target=\"_self\" class=\"gtm-add-suggested-tag\">Fl\u00e1vio Bolsonaro<\/a> sum\u00f3 alrededor de 280.000 seguidores, Renan Santos unos 158.000 y Lula cerca de 100.000. Cury super\u00f3 los 10 millones de seguidores en Instagram, acerc\u00e1ndose a las cifras de Fl\u00e1vio Bolsonaro y convirti\u00e9ndose en uno de los pol\u00edticos brasile\u00f1os con mayor audiencia digital.<\/p>\n<p class=\"a-read-more\"><span class=\"a-read-more__label\">Leer tambi\u00e9n<\/span><a href=\"https:\/\/www.france24.com\/es\/am\u00e9rica-latina\/20260820-arrestar-o-matar-renan-santos-el-candidato-antisistema-que-confronta-a-lula-y-a-fl\u00e1vio-bolsonaro\" target=\"_self\" class=\"a-read-more__link\">\u00abArrestar&nbsp;o matar\u201d: Renan Santos, el&nbsp;candidato&nbsp;antisistema&nbsp;que&nbsp;confronta a Lula y a Fl\u00e1vio Bolsonaro<\/a><\/p>\n<h2><strong>\u00bfUn&nbsp;fen\u00f3meno&nbsp;espont\u00e1neo?&nbsp;<\/strong><\/h2>\n<p>Su espectacular crecimiento en las redes sociales ha despertado sospechas entre sus adversarios y analistas de redes sociales. Un estudio divulgado por la revista &#8216;Veja&#8217; encontr\u00f3 una serie de anomal\u00edas. Cury lleg\u00f3 a sumar 1,6 millones de seguidores en 24 horas y 2,4 millones en 72 horas. <a href=\"https:\/\/veja.abril.com.br\/politica\/avanco-de-cury-nas-redes-sociais-tem-uma-serie-de-contradicoes-e-anomalias-aponta-estudo\/&nbsp;&nbsp;\" target=\"_blank\">Seg\u00fan el informe, la curva es compatible con posibles irregularidades en la adquisici\u00f3n de seguidores<\/a> y se\u00f1ala patrones at\u00edpicos en los comentarios. Sin embargo, esos indicios no constituyen por s\u00ed solos una prueba de compra de seguidores o utilizaci\u00f3n de &#8216;bots&#8217;.<\/p>\n<div id=\"em-WBMZ417550-F24-ES-20260904\" class=\"m-em-flash\" data-instagram-script>\n<div class=\"o-em-consent \" readability=\"7\">\n<div class=\"o-em-consent__content\" readability=\"34\">\n<p class=\"o-em-consent__content__text\">Para mostrar este contenido de Instagram, debe autorizar las cookies de medici\u00f3n de audiencia y publicidad.<\/p>\n<p> <button class=\"a-master-button a-master-button--dark\" data-action=\"accept\"> Aceptar <svg class=\"a-svg a-svg--icon-check\"> <use xlink:href=\"\/build\/images\/svg\/sprite.68b43361c11f23b39049016b32e6ae31.svg#icon-check\" href=\"\/build\/images\/svg\/sprite.68b43361c11f23b39049016b32e6ae31.svg#icon-check\" \/> <\/svg> <\/button> <button class=\"a-link\" data-action=\"manage\">Gestionar mis opciones <svg class=\"a-svg a-svg--icon-edit\"> <use xlink:href=\"\/build\/images\/svg\/sprite.68b43361c11f23b39049016b32e6ae31.svg#icon-edit\" href=\"\/build\/images\/svg\/sprite.68b43361c11f23b39049016b32e6ae31.svg#icon-edit\" \/> <\/svg><br \/>\n<\/button> <\/div>\n<\/div>\n<\/div>\n<p>La campa\u00f1a de Cury niega que haya cometido irregularidades. Su explicaci\u00f3n es mucho m\u00e1s sencilla: millones de brasile\u00f1os, cansados de la polarizaci\u00f3n, habr\u00edan encontrado de repente una alternativa.<\/p>\n<blockquote class=\"quote\" readability=\"6\">\n<p>\u201cHa sido revoluci\u00f3n totalmente silenciosa\u201d, afirma Cury para explicar el fen\u00f3meno.<\/p>\n<\/blockquote>\n<p>La investigaci\u00f3n de &#8216;Veja&#8217; plantea, sin embargo, que tambi\u00e9n existen indicios de actuaci\u00f3n coordinada de <a href=\"https:\/\/www.france24.com\/es\/tag\/influenciadores\/\" target=\"_self\" class=\"gtm-add-suggested-tag\">influenciadores<\/a>. La legislaci\u00f3n electoral brasile\u00f1a proh\u00edbe pagar a personas o empresas para hacer propaganda electoral en internet, aunque s\u00ed permite manifestaciones espont\u00e1neas de apoyo.<\/p>\n<h2><strong>El factor Pablo Mar\u00e7al&nbsp;<\/strong><\/h2>\n<p>En el centro de esta explosi\u00f3n digital aparece otro personaje conocido de las elecciones brasile\u00f1as: Pablo Mar\u00e7al. Empresario, influencer y excoach, Mar\u00e7al fue uno de los grandes fen\u00f3menos de las redes en las elecciones municipales de 2024. Su figura est\u00e1 asociada a un incidente durante un debate electoral, cuando otro candidato le agredi\u00f3 con una silla por considerar que estaba siendo acusado injustamente de acoso sexual.<\/p>\n<div id=\"em-WBMZ417488-F24-ES-20260903\" class=\"m-em-flash\"> <iframe loading=\"lazy\" width=\"873\" height=\"491\" src=\"https:\/\/www.youtube.com\/embed\/2ZlFPxjE2HE\" data-hj-allow-iframe title=\"TV Cultura divulga imagens in\u00e9ditas da cadeirada de Datena em Mar\u00e7al no debate\" frameborder=\"0\" allow=\"accelerometer; autoplay; clipboard-write; encrypted-media; gyroscope; picture-in-picture; web-share\" referrerpolicy=\"strict-origin-when-cross-origin\" allowfullscreen>[embedded content]<\/iframe> <\/p>\n<div class=\"o-em-consent \" readability=\"6.5\">\n<div class=\"o-em-consent__content\" readability=\"33\">\n<p class=\"o-em-consent__content__text\">Para mostrar este contenido de , debe autorizar las cookies de medici\u00f3n de audiencia y publicidad.<\/p>\n<p> <button class=\"a-master-button a-master-button--dark\" data-action=\"accept\"> Aceptar <svg class=\"a-svg a-svg--icon-check\"> <use xlink:href=\"\/build\/images\/svg\/sprite.68b43361c11f23b39049016b32e6ae31.svg#icon-check\" href=\"\/build\/images\/svg\/sprite.68b43361c11f23b39049016b32e6ae31.svg#icon-check\" \/> <\/svg> <\/button> <button class=\"a-link\" data-action=\"manage\">Gestionar mis opciones <svg class=\"a-svg a-svg--icon-edit\"> <use xlink:href=\"\/build\/images\/svg\/sprite.68b43361c11f23b39049016b32e6ae31.svg#icon-edit\" href=\"\/build\/images\/svg\/sprite.68b43361c11f23b39049016b32e6ae31.svg#icon-edit\" \/> <\/svg><br \/>\n<\/button> <\/div>\n<\/div>\n<\/div>\n<p>Posteriormente, Mar\u00e7al se postul\u00f3 como precandidato presidencial, pero fue inhabilitado pol\u00edticamente tras una condena por uso indebido de los medios de comunicaci\u00f3n y abuso de poder pol\u00edtico y econ\u00f3mico durante su campa\u00f1a a la alcald\u00eda de <a href=\"https:\/\/www.france24.com\/es\/tag\/s\u00e3o-paulo\/\" target=\"_self\" class=\"gtm-add-suggested-tag\">S\u00e3o Paulo<\/a> en 2024. La <a href=\"https:\/\/www.france24.com\/es\/tag\/justicia\/\" target=\"_self\" class=\"gtm-add-suggested-tag\">Justicia<\/a> Electoral consider\u00f3 ilegal su estrategia de incentivar a colaboradores y seguidores a difundir fragmentos de sus videos en las redes sociales a cambio de remuneraci\u00f3n econ\u00f3mica, premios y sorteos.<\/p>\n<p>Sin embargo, su influencia entre los j\u00f3venes y los usuarios de redes sociales sigue siendo considerable. Fiel a su estilo provocador, este a\u00f1o Mar\u00e7al registr\u00f3 su candidatura a la Presidencia ante el Tribunal Superior Electoral y ahora intenta mantener un cierto protagonismo a pesar de que la Justicia no haya reconocido su candidatura.<\/p>\n<div class=\"m-em-image\">\n<figure class=\"m-item-image m-item-image--original m-item-image--has-caption\"> <picture class=\"a-picture a-picture--original\"><source type=\"image\/webp\" srcset=\"https:\/\/s.france24.com\/media\/display\/676a4f84-a7e7-11f1-b558-005056a97e36\/w:246\/8022329205001w.webp 246w, https:\/\/s.france24.com\/media\/display\/676a4f84-a7e7-11f1-b558-005056a97e36\/w:388\/8022329205001w.webp 388w, https:\/\/s.france24.com\/media\/display\/676a4f84-a7e7-11f1-b558-005056a97e36\/w:720\/8022329205001w.webp 720w, https:\/\/s.france24.com\/media\/display\/676a4f84-a7e7-11f1-b558-005056a97e36\/w:980\/8022329205001w.webp 980w\" sizes=\"(max-width: 1023px) calc(100vw - 32px), (min-width: 1024px) 850px\"><img fetchpriority=\"low\" decoding=\"async\" src=\"https:\/\/s.france24.com\/media\/display\/676a4f84-a7e7-11f1-b558-005056a97e36\/w:980\/8022329205001w.jpg\" srcset=\"https:\/\/s.france24.com\/media\/display\/676a4f84-a7e7-11f1-b558-005056a97e36\/w:246\/8022329205001w.jpg 246w, https:\/\/s.france24.com\/media\/display\/676a4f84-a7e7-11f1-b558-005056a97e36\/w:388\/8022329205001w.jpg 388w, https:\/\/s.france24.com\/media\/display\/676a4f84-a7e7-11f1-b558-005056a97e36\/w:720\/8022329205001w.jpg 720w, https:\/\/s.france24.com\/media\/display\/676a4f84-a7e7-11f1-b558-005056a97e36\/w:980\/8022329205001w.jpg 980w\" sizes=\"(max-width: 1023px) calc(100vw - 32px), (min-width: 1024px) 850px\" alt=\"El entonces candidato a la alcald\u00eda de S\u00e3o Paulo, Pablo Mar\u00e7al saluda a seguidores durante la votaci\u00f3n para las elecciones municipales el 6 de octubre de 2024, en el Centro Educacional Brand\u00e3o en S\u00e3o Paulo (Brasil).\" loading=\"lazy\" class=\"a-img \">\n<\/picture><figcaption class=\"a-figcaption\"> El entonces candidato a la alcald\u00eda de S\u00e3o Paulo, Pablo Mar\u00e7al saluda a seguidores durante la votaci\u00f3n para las elecciones municipales el 6 de octubre de 2024, en el Centro Educacional Brand\u00e3o en S\u00e3o Paulo (Brasil). EFE &#8211; Isaac Fontana <\/figcaption><\/figure>\n<\/p><\/div>\n<p>Mar\u00e7al apoy\u00f3 a Cury en una transmisi\u00f3n en directo poco antes del debate de la Band. Seg\u00fan varios analistas, ayud\u00f3 a conectar al escritor con una audiencia digital m\u00e1s amplia.<\/p>\n<h2><strong>\u00bfCentro&nbsp;o tercera v\u00eda (de derecha)?&nbsp;<\/strong><\/h2>\n<p>Cury se define como un candidato de centro. <a href=\"https:\/\/www.terra.com.br\/noticias\/eleicoes\/augusto-cury-e-de-direita-ou-de-esquerda-entenda-o-posicionamento-politico-do-candidato,639e026429f3cd5169ca5857168f460a3usiz832.html&nbsp;\" target=\"_blank\">Resume su estrategia<\/a> como \u201cmente capitalista y un coraz\u00f3n que cuida a los desvalidos\u201d. Su discurso mezcla elementos contradictorios. Quiere reducir el tama\u00f1o del Estado, pero propone nuevas estructuras gubernamentales, como un ministerio dedicado a la inteligencia artificial. Critica la polarizaci\u00f3n de la derecha, pero algunas de sus propuestas sobre seguridad p\u00fablica y econom\u00eda encuentran eco entre electores conservadores.<\/p>\n<p>El polit\u00f3logo Jorge Chaloub, de la Universidad Federal de R\u00edo de Janeiro, describe a Cury como una figura ubicada en el campo de la derecha, pero capaz de mantener una cierta ambig\u00fcedad ideol\u00f3gica. Su discurso de pacificaci\u00f3n y su estilo de autoayuda le permiten ocupar un espacio que otros candidatos de centro no consiguieron alcanzar.<\/p>\n<h2><strong>Cristiano y amante&nbsp;de la&nbsp;tecnolog\u00eda&nbsp;<\/strong><\/h2>\n<p><a href=\"https:\/\/g1.globo.com\/jornal-nacional\/noticia\/2026\/08\/29\/augusto-cury-avante-e-entrevistado-na-globo-veja-integra.ghtml&nbsp;\" target=\"_blank\">Cury empez\u00f3 su entrevista con el &#8216;Jornal Nacional&#8217; del 29 de agosto <\/a>de una manera poco habitual. Dedic\u00f3 sus primeras palabras a Jesucristo, a quien describi\u00f3 como alguien que hab\u00eda influido en Tolst\u00f3i, Gandhi y Martin Luther King.<\/p>\n<p>\u201cAgradezco mucho el hecho de que \u00e9l tambi\u00e9n me haya inspirado\u201d, afirm\u00f3. El psiquiatra, que fue ateo<strong>, se convirti\u00f3 en un \u201ccristiano sin fronteras\u201d tras estudiar la personalidad de Jes\u00fas desde la psicolog\u00eda.<\/strong> Esa historia le conecta con el potente electorado cristiano de Brasil.<\/p>\n<div class=\"m-em-image\">\n<figure class=\"m-item-image m-item-image--original m-item-image--has-caption\"> <picture class=\"a-picture a-picture--original\"><source type=\"image\/webp\" srcset=\"https:\/\/s.france24.com\/media\/display\/2f925f92-a7e8-11f1-8f65-005056bfb2b6\/w:246\/8023444510001w.webp 246w, https:\/\/s.france24.com\/media\/display\/2f925f92-a7e8-11f1-8f65-005056bfb2b6\/w:388\/8023444510001w.webp 388w, https:\/\/s.france24.com\/media\/display\/2f925f92-a7e8-11f1-8f65-005056bfb2b6\/w:720\/8023444510001w.webp 720w, https:\/\/s.france24.com\/media\/display\/2f925f92-a7e8-11f1-8f65-005056bfb2b6\/w:980\/8023444510001w.webp 980w\" sizes=\"(max-width: 1023px) calc(100vw - 32px), (min-width: 1024px) 850px\"><img fetchpriority=\"low\" decoding=\"async\" src=\"https:\/\/s.france24.com\/media\/display\/2f925f92-a7e8-11f1-8f65-005056bfb2b6\/w:980\/8023444510001w.jpg\" srcset=\"https:\/\/s.france24.com\/media\/display\/2f925f92-a7e8-11f1-8f65-005056bfb2b6\/w:246\/8023444510001w.jpg 246w, https:\/\/s.france24.com\/media\/display\/2f925f92-a7e8-11f1-8f65-005056bfb2b6\/w:388\/8023444510001w.jpg 388w, https:\/\/s.france24.com\/media\/display\/2f925f92-a7e8-11f1-8f65-005056bfb2b6\/w:720\/8023444510001w.jpg 720w, https:\/\/s.france24.com\/media\/display\/2f925f92-a7e8-11f1-8f65-005056bfb2b6\/w:980\/8023444510001w.jpg 980w\" sizes=\"(max-width: 1023px) calc(100vw - 32px), (min-width: 1024px) 850px\" alt=\"El candidato Augusto Cury, que fue ateo, se convirti\u00f3 en un \u201ccristiano sin fronteras\u201d tras estudiar la personalidad de Jes\u00fas desde la psicolog\u00eda. Esa historia le conecta con el potente electorado cristiano de Brasil. En la imagen, una persona carga una cruz durante la peregrinaci\u00f3n hacia el Santuario del Bom Jesus este viernes, en Pirapora de Bom Jesus (Brasil).\" loading=\"lazy\" class=\"a-img \">\n<\/picture><figcaption class=\"a-figcaption\"> El candidato Augusto Cury, que fue ateo, se convirti\u00f3 en un \u201ccristiano sin fronteras\u201d tras estudiar la personalidad de Jes\u00fas desde la psicolog\u00eda. Esa historia le conecta con el potente electorado cristiano de Brasil. En la imagen, una persona carga una cruz durante la peregrinaci\u00f3n hacia el Santuario del Bom Jesus este viernes, en Pirapora de Bom Jesus (Brasil). (EPA) EFE &#8211; Isaac Fontana <\/figcaption><\/figure>\n<\/p><\/div>\n<p>De otro lado, defiende el uso de la tecnolog\u00eda para solucionar problemas hist\u00f3ricos de la sociedad brasile\u00f1a, como el acceso a la sanidad. Propuso que el 80% de las consultas del SUS, el sistema p\u00fablico brasile\u00f1o, sean realizadas con telemedicina. Cuestionado acerca de la viabilidad de implementar este cambio, no supo responder c\u00f3mo lo llevar\u00eda a cabo. Tambi\u00e9n sugiri\u00f3 combatir <a href=\"http:\/\/www.metropoles.com\/brasil\/no-jn-augusto-cury-defende-ministerio-da-ia-e-drones-contra-feminicidio?utm_source=chatgpt.com&nbsp;&nbsp;\" target=\"_blank\">la violencia dom\u00e9stica mediante una aplicaci\u00f3n para tel\u00e9fonos m\u00f3viles conectada a drones <\/a>capaces de acudir hacia una mujer que active una se\u00f1al de emergencia. La idea fue ridiculizada en redes sociales.<\/p>\n<p><a href=\"https:\/\/g1.globo.com\/podcast\/o-assunto\/noticia\/2026\/09\/01\/augusto-cury-a-candidatura-que-entrou-no-radar-das-redes-sociais-o-assunto-1795.ghtml&nbsp;&nbsp;\" target=\"_blank\">Cury tambi\u00e9n figura por demostrar desconocimiento sobre la deuda p\u00fablica<\/a>. Afirm\u00f3 que cada ni\u00f1o brasile\u00f1o nace debiendo al menos 50.000 reales (9.700 d\u00f3lares), pero m\u00e1s de un experto cuestion\u00f3 este el c\u00e1lculo de dividir el monto total de la deuda por el n\u00famero de habitantes de Brasil, algo considerado una lectura superficial de la din\u00e1mica macroecon\u00f3mica. Tambi\u00e9n gener\u00f3 perplejidad su propuesta de reducir los cargos de libre nombramiento y de ministerios para intentar equilibrar las cuentas p\u00fablicas.<\/p>\n<p class=\"a-read-more\"><span class=\"a-read-more__label\">Leer tambi\u00e9n<\/span><a href=\"https:\/\/www.france24.com\/es\/programas\/enlace\/20260814-el-bot\u00edn-electoral-de-brasil-c\u00f3mo-se-disputa-el-voto-evang\u00e9lico-rumbo-a-las-elecciones\" target=\"_self\" class=\"a-read-more__link\">El bot\u00edn electoral de Brasil: \u00bfc\u00f3mo se disputa el voto evang\u00e9lico rumbo a las elecciones?<\/a><\/p>\n<h2><strong>La tentaci\u00f3n de ser &#8216;outsider&#8217;&nbsp;&nbsp;<\/strong><\/h2>\n<p>Augusto Cury es un novato pol\u00edtico, pero un experto en la construcci\u00f3n de una audiencia. Gracias a su actividad de escritor y conferencista, ya ten\u00eda algo que muchos candidatos necesitan a\u00f1os para construir: una marca personal. La exposici\u00f3n televisiva y en las redes sociales ha hecho el resto. Ahora su campa\u00f1a intenta ocupar un espacio muy espec\u00edfico: el del elector que rechaza tanto a Lula como a Fl\u00e1vio Bolsonaro, que est\u00e1 cansado de los insultos y enfrentamientos pol\u00edticos y que, al mismo tiempo, no necesariamente quiere un candidato tradicional de centro.<\/p>\n<div class=\"m-em-image\">\n<figure class=\"m-item-image m-item-image--original m-item-image--has-caption\"> <picture class=\"a-picture a-picture--original\"><source type=\"image\/webp\" srcset=\"https:\/\/s.france24.com\/media\/display\/58d15430-a7e8-11f1-9095-005056a90284\/w:246\/2026-09-01T175448Z-1423917126-RC2EANAAMHXV-RTRMADP-3-BRAZIL-ELECTION-CURY-1.webp 246w, https:\/\/s.france24.com\/media\/display\/58d15430-a7e8-11f1-9095-005056a90284\/w:388\/2026-09-01T175448Z-1423917126-RC2EANAAMHXV-RTRMADP-3-BRAZIL-ELECTION-CURY-1.webp 388w, https:\/\/s.france24.com\/media\/display\/58d15430-a7e8-11f1-9095-005056a90284\/w:720\/2026-09-01T175448Z-1423917126-RC2EANAAMHXV-RTRMADP-3-BRAZIL-ELECTION-CURY-1.webp 720w, https:\/\/s.france24.com\/media\/display\/58d15430-a7e8-11f1-9095-005056a90284\/w:980\/2026-09-01T175448Z-1423917126-RC2EANAAMHXV-RTRMADP-3-BRAZIL-ELECTION-CURY-1.webp 980w\" sizes=\"(max-width: 1023px) calc(100vw - 32px), (min-width: 1024px) 850px\"><img fetchpriority=\"low\" decoding=\"async\" src=\"https:\/\/s.france24.com\/media\/display\/58d15430-a7e8-11f1-9095-005056a90284\/w:980\/2026-09-01T175448Z-1423917126-RC2EANAAMHXV-RTRMADP-3-BRAZIL-ELECTION-CURY-1.jpg\" srcset=\"https:\/\/s.france24.com\/media\/display\/58d15430-a7e8-11f1-9095-005056a90284\/w:246\/2026-09-01T175448Z-1423917126-RC2EANAAMHXV-RTRMADP-3-BRAZIL-ELECTION-CURY-1.jpg 246w, https:\/\/s.france24.com\/media\/display\/58d15430-a7e8-11f1-9095-005056a90284\/w:388\/2026-09-01T175448Z-1423917126-RC2EANAAMHXV-RTRMADP-3-BRAZIL-ELECTION-CURY-1.jpg 388w, https:\/\/s.france24.com\/media\/display\/58d15430-a7e8-11f1-9095-005056a90284\/w:720\/2026-09-01T175448Z-1423917126-RC2EANAAMHXV-RTRMADP-3-BRAZIL-ELECTION-CURY-1.jpg 720w, https:\/\/s.france24.com\/media\/display\/58d15430-a7e8-11f1-9095-005056a90284\/w:980\/2026-09-01T175448Z-1423917126-RC2EANAAMHXV-RTRMADP-3-BRAZIL-ELECTION-CURY-1.jpg 980w\" sizes=\"(max-width: 1023px) calc(100vw - 32px), (min-width: 1024px) 850px\" alt=\"El candidato presidencial brasile\u00f1o Augusto Cury, del partido Avante, asiste a un acto de campa\u00f1a electoral en una feria agroindustrial en Esteio, Brasil, el 1 de septiembre de 2026.\" loading=\"lazy\" class=\"a-img \">\n<\/picture><figcaption class=\"a-figcaption\"> El candidato presidencial brasile\u00f1o Augusto Cury, del partido Avante, asiste a un acto de campa\u00f1a electoral en una feria agroindustrial en Esteio, Brasil, el 1 de septiembre de 2026. \u00a9 Reuters &#8211; Diego Vara <\/figcaption><\/figure>\n<\/p><\/div>\n<p>En esa f\u00f3rmula caben la espiritualidad, la autoayuda, el emprendimiento, la tecnolog\u00eda, el discurso empresarial y la promesa de una pol\u00edtica menos agresiva. La gran inc\u00f3gnita es si ese c\u00f3ctel puede transformarse en una candidatura presidencial competitiva o si se trata de una burbuja digital. Por lo pronto, este psiquiatra ha llegado a la pol\u00edtica diciendo que Brasil necesita cuidar sus emociones y ya ha conseguido algo que parec\u00eda improbable hace apenas unas semanas: convertirse en una de las principales novedades de una elecci\u00f3n dominada por Lula y Bolsonaro.<\/p>\n<p class=\"a-read-more\"><span class=\"a-read-more__label\">Leer tambi\u00e9n<\/span><a href=\"https:\/\/www.france24.com\/es\/am\u00e9rica-latina\/20260405-la-rivalidad-entre-ee-uu-y-china-planea-sobre-la-precampa\u00f1a-electoral-de-brasil\" target=\"_self\" class=\"a-read-more__link\">La rivalidad entre EE. UU. y China planea sobre la precampa\u00f1a electoral de Brasil<\/a><\/p>\n","protected":false},"excerpt":{"rendered":"<p>Hay algo parad\u00f3jico en el ascenso de&#46;&#46;&#46;<\/p>\n","protected":false},"author":1,"featured_media":412115,"comment_status":"closed","ping_status":"closed","sticky":false,"template":"","format":"standard","meta":{"_jetpack_newsletter_access":"","_jetpack_dont_email_post_to_subs":false,"_jetpack_newsletter_tier_id":0,"_jetpack_memberships_contains_paywalled_content":false,"_jetpack_feature_clip_id":0,"_jetpack_memberships_contains_paid_content":false,"footnotes":"","jetpack_publicize_message":"","jetpack_publicize_feature_enabled":true,"jetpack_social_post_already_shared":true,"jetpack_social_options":{"image_generator_settings":{"template":"highway","default_image_id":0,"font":"","enabled":false},"version":2},"jetpack_post_was_ever_published":false},"categories":[43],"tags":[],"class_list":["post-412114","post","type-post","status-publish","format-standard","has-post-thumbnail","hentry","category-internacionales"],"yoast_head":"<!-- This site is optimized with the Yoast SEO plugin v28.1 - https:\/\/yoast.com\/product\/yoast-seo-wordpress\/ -->\n<title>El incre\u00edble ascenso de Augusto Cury, el psiquiatra que promete curar la pol\u00edtica de Brasil - Sarmiento24h<\/title>\n<meta name=\"robots\" content=\"index, follow, max-snippet:-1, max-image-preview:large, max-video-preview:-1\" \/>\n<link rel=\"canonical\" href=\"https:\/\/sarmiento24h.com\/?p=412114\" \/>\n<meta property=\"og:locale\" content=\"es_ES\" \/>\n<meta property=\"og:type\" content=\"article\" \/>\n<meta property=\"og:title\" content=\"El incre\u00edble ascenso de Augusto Cury, el psiquiatra que promete curar la pol\u00edtica de Brasil - Sarmiento24h\" \/>\n<meta property=\"og:description\" content=\"Hay algo parad\u00f3jico en el ascenso de&#046;&#046;&#046;\" \/>\n<meta property=\"og:url\" content=\"https:\/\/sarmiento24h.com\/?p=412114\" \/>\n<meta property=\"og:site_name\" content=\"Sarmiento24h\" \/>\n<meta property=\"article:publisher\" content=\"https:\/\/facebook.com\/s24hnoticias\" \/>\n<meta property=\"article:published_time\" content=\"2026-09-03T23:40:09+00:00\" \/>\n<meta property=\"og:image\" content=\"https:\/\/s.france24.com\/media\/display\/15ba9852-a7b9-11f1-9d8d-005056a97e36\/w:980\/8023712903001.jpg\" \/>\n<meta name=\"author\" content=\"sarmiento24h@gmail.com\" \/>\n<meta name=\"twitter:card\" content=\"summary_large_image\" \/>\n<meta name=\"twitter:creator\" content=\"@sarmiento24h\" \/>\n<meta name=\"twitter:site\" content=\"@sarmiento24h\" \/>\n<meta name=\"twitter:label1\" content=\"Escrito por\" \/>\n\t<meta name=\"twitter:data1\" content=\"sarmiento24h@gmail.com\" \/>\n\t<meta name=\"twitter:label2\" content=\"Tiempo de lectura\" \/>\n\t<meta name=\"twitter:data2\" content=\"11 minutos\" \/>\n<script type=\"application\/ld+json\" class=\"yoast-schema-graph\">{\"@context\":\"https:\\\/\\\/schema.org\",\"@graph\":[{\"@type\":\"Article\",\"@id\":\"https:\\\/\\\/sarmiento24h.com\\\/?p=412114#article\",\"isPartOf\":{\"@id\":\"https:\\\/\\\/sarmiento24h.com\\\/?p=412114\"},\"author\":{\"name\":\"sarmiento24h@gmail.com\",\"@id\":\"https:\\\/\\\/sarmiento24h.com\\\/#\\\/schema\\\/person\\\/d653a59725ad629a7e0429af7b939d4d\"},\"headline\":\"El incre\u00edble ascenso de Augusto Cury, el psiquiatra que promete curar la pol\u00edtica de Brasil\",\"datePublished\":\"2026-09-03T23:40:09+00:00\",\"mainEntityOfPage\":{\"@id\":\"https:\\\/\\\/sarmiento24h.com\\\/?p=412114\"},\"wordCount\":2123,\"publisher\":{\"@id\":\"https:\\\/\\\/sarmiento24h.com\\\/#organization\"},\"image\":{\"@id\":\"https:\\\/\\\/sarmiento24h.com\\\/?p=412114#primaryimage\"},\"thumbnailUrl\":\"https:\\\/\\\/sarmiento24h.com\\\/wp-content\\\/uploads\\\/2026\\\/09\\\/el-increible-ascenso-de-augusto-cury-el-psiquiatra-que-promete-curar-la-politica-de-brasil.jpg\",\"articleSection\":[\"Internacionales\"],\"inLanguage\":\"es\"},{\"@type\":\"WebPage\",\"@id\":\"https:\\\/\\\/sarmiento24h.com\\\/?p=412114\",\"url\":\"https:\\\/\\\/sarmiento24h.com\\\/?p=412114\",\"name\":\"El incre\u00edble ascenso de Augusto Cury, el psiquiatra que promete curar la pol\u00edtica de Brasil - Sarmiento24h\",\"isPartOf\":{\"@id\":\"https:\\\/\\\/sarmiento24h.com\\\/#website\"},\"primaryImageOfPage\":{\"@id\":\"https:\\\/\\\/sarmiento24h.com\\\/?p=412114#primaryimage\"},\"image\":{\"@id\":\"https:\\\/\\\/sarmiento24h.com\\\/?p=412114#primaryimage\"},\"thumbnailUrl\":\"https:\\\/\\\/sarmiento24h.com\\\/wp-content\\\/uploads\\\/2026\\\/09\\\/el-increible-ascenso-de-augusto-cury-el-psiquiatra-que-promete-curar-la-politica-de-brasil.jpg\",\"datePublished\":\"2026-09-03T23:40:09+00:00\",\"breadcrumb\":{\"@id\":\"https:\\\/\\\/sarmiento24h.com\\\/?p=412114#breadcrumb\"},\"inLanguage\":\"es\",\"potentialAction\":[{\"@type\":\"ReadAction\",\"target\":[\"https:\\\/\\\/sarmiento24h.com\\\/?p=412114\"]}]},{\"@type\":\"ImageObject\",\"inLanguage\":\"es\",\"@id\":\"https:\\\/\\\/sarmiento24h.com\\\/?p=412114#primaryimage\",\"url\":\"https:\\\/\\\/sarmiento24h.com\\\/wp-content\\\/uploads\\\/2026\\\/09\\\/el-increible-ascenso-de-augusto-cury-el-psiquiatra-que-promete-curar-la-politica-de-brasil.jpg\",\"contentUrl\":\"https:\\\/\\\/sarmiento24h.com\\\/wp-content\\\/uploads\\\/2026\\\/09\\\/el-increible-ascenso-de-augusto-cury-el-psiquiatra-que-promete-curar-la-politica-de-brasil.jpg\",\"width\":980,\"height\":653},{\"@type\":\"BreadcrumbList\",\"@id\":\"https:\\\/\\\/sarmiento24h.com\\\/?p=412114#breadcrumb\",\"itemListElement\":[{\"@type\":\"ListItem\",\"position\":1,\"name\":\"Home\",\"item\":\"https:\\\/\\\/sarmiento24h.com\\\/\"},{\"@type\":\"ListItem\",\"position\":2,\"name\":\"El incre\u00edble ascenso de Augusto Cury, el psiquiatra que promete curar la pol\u00edtica de Brasil\"}]},{\"@type\":\"WebSite\",\"@id\":\"https:\\\/\\\/sarmiento24h.com\\\/#website\",\"url\":\"https:\\\/\\\/sarmiento24h.com\\\/\",\"name\":\"Sarmiento24h\",\"description\":\"\",\"publisher\":{\"@id\":\"https:\\\/\\\/sarmiento24h.com\\\/#organization\"},\"potentialAction\":[{\"@type\":\"SearchAction\",\"target\":{\"@type\":\"EntryPoint\",\"urlTemplate\":\"https:\\\/\\\/sarmiento24h.com\\\/?s={search_term_string}\"},\"query-input\":{\"@type\":\"PropertyValueSpecification\",\"valueRequired\":true,\"valueName\":\"search_term_string\"}}],\"inLanguage\":\"es\"},{\"@type\":\"Organization\",\"@id\":\"https:\\\/\\\/sarmiento24h.com\\\/#organization\",\"name\":\"Sarmiento24h\",\"url\":\"https:\\\/\\\/sarmiento24h.com\\\/\",\"logo\":{\"@type\":\"ImageObject\",\"inLanguage\":\"es\",\"@id\":\"https:\\\/\\\/sarmiento24h.com\\\/#\\\/schema\\\/logo\\\/image\\\/\",\"url\":\"https:\\\/\\\/sarmiento24h.com\\\/wp-content\\\/uploads\\\/2025\\\/12\\\/AddText_12-16-10.30.52.jpg\",\"contentUrl\":\"https:\\\/\\\/sarmiento24h.com\\\/wp-content\\\/uploads\\\/2025\\\/12\\\/AddText_12-16-10.30.52.jpg\",\"width\":1220,\"height\":324,\"caption\":\"Sarmiento24h\"},\"image\":{\"@id\":\"https:\\\/\\\/sarmiento24h.com\\\/#\\\/schema\\\/logo\\\/image\\\/\"},\"sameAs\":[\"https:\\\/\\\/facebook.com\\\/s24hnoticias\",\"https:\\\/\\\/x.com\\\/sarmiento24h\"]},{\"@type\":\"Person\",\"@id\":\"https:\\\/\\\/sarmiento24h.com\\\/#\\\/schema\\\/person\\\/d653a59725ad629a7e0429af7b939d4d\",\"name\":\"sarmiento24h@gmail.com\",\"image\":{\"@type\":\"ImageObject\",\"inLanguage\":\"es\",\"@id\":\"https:\\\/\\\/sarmiento24h.com\\\/wp-content\\\/litespeed\\\/avatar\\\/d02cbc4e23c747e6659cd45907173c8f.jpg?ver=1788047690\",\"url\":\"https:\\\/\\\/sarmiento24h.com\\\/wp-content\\\/litespeed\\\/avatar\\\/d02cbc4e23c747e6659cd45907173c8f.jpg?ver=1788047690\",\"contentUrl\":\"https:\\\/\\\/sarmiento24h.com\\\/wp-content\\\/litespeed\\\/avatar\\\/d02cbc4e23c747e6659cd45907173c8f.jpg?ver=1788047690\",\"caption\":\"sarmiento24h@gmail.com\"},\"sameAs\":[\"https:\\\/\\\/sarmiento24h.com\"],\"url\":\"https:\\\/\\\/sarmiento24h.com\\\/?author=1\"}]}<\/script>\n<!-- \/ Yoast SEO plugin. -->","yoast_head_json":{"title":"El incre\u00edble ascenso de Augusto Cury, el psiquiatra que promete curar la pol\u00edtica de Brasil - Sarmiento24h","robots":{"index":"index","follow":"follow","max-snippet":"max-snippet:-1","max-image-preview":"max-image-preview:large","max-video-preview":"max-video-preview:-1"},"canonical":"https:\/\/sarmiento24h.com\/?p=412114","og_locale":"es_ES","og_type":"article","og_title":"El incre\u00edble ascenso de Augusto Cury, el psiquiatra que promete curar la pol\u00edtica de Brasil - Sarmiento24h","og_description":"Hay algo parad\u00f3jico en el ascenso de&#46;&#46;&#46;","og_url":"https:\/\/sarmiento24h.com\/?p=412114","og_site_name":"Sarmiento24h","article_publisher":"https:\/\/facebook.com\/s24hnoticias","article_published_time":"2026-09-03T23:40:09+00:00","og_image":[{"url":"https:\/\/s.france24.com\/media\/display\/15ba9852-a7b9-11f1-9d8d-005056a97e36\/w:980\/8023712903001.jpg","type":"","width":"","height":""}],"author":"sarmiento24h@gmail.com","twitter_card":"summary_large_image","twitter_creator":"@sarmiento24h","twitter_site":"@sarmiento24h","twitter_misc":{"Escrito por":"sarmiento24h@gmail.com","Tiempo de lectura":"11 minutos"},"schema":{"@context":"https:\/\/schema.org","@graph":[{"@type":"Article","@id":"https:\/\/sarmiento24h.com\/?p=412114#article","isPartOf":{"@id":"https:\/\/sarmiento24h.com\/?p=412114"},"author":{"name":"sarmiento24h@gmail.com","@id":"https:\/\/sarmiento24h.com\/#\/schema\/person\/d653a59725ad629a7e0429af7b939d4d"},"headline":"El incre\u00edble ascenso de Augusto Cury, el psiquiatra que promete curar la pol\u00edtica de Brasil","datePublished":"2026-09-03T23:40:09+00:00","mainEntityOfPage":{"@id":"https:\/\/sarmiento24h.com\/?p=412114"},"wordCount":2123,"publisher":{"@id":"https:\/\/sarmiento24h.com\/#organization"},"image":{"@id":"https:\/\/sarmiento24h.com\/?p=412114#primaryimage"},"thumbnailUrl":"https:\/\/sarmiento24h.com\/wp-content\/uploads\/2026\/09\/el-increible-ascenso-de-augusto-cury-el-psiquiatra-que-promete-curar-la-politica-de-brasil.jpg","articleSection":["Internacionales"],"inLanguage":"es"},{"@type":"WebPage","@id":"https:\/\/sarmiento24h.com\/?p=412114","url":"https:\/\/sarmiento24h.com\/?p=412114","name":"El incre\u00edble ascenso de Augusto Cury, el psiquiatra que promete curar la pol\u00edtica de Brasil - Sarmiento24h","isPartOf":{"@id":"https:\/\/sarmiento24h.com\/#website"},"primaryImageOfPage":{"@id":"https:\/\/sarmiento24h.com\/?p=412114#primaryimage"},"image":{"@id":"https:\/\/sarmiento24h.com\/?p=412114#primaryimage"},"thumbnailUrl":"https:\/\/sarmiento24h.com\/wp-content\/uploads\/2026\/09\/el-increible-ascenso-de-augusto-cury-el-psiquiatra-que-promete-curar-la-politica-de-brasil.jpg","datePublished":"2026-09-03T23:40:09+00:00","breadcrumb":{"@id":"https:\/\/sarmiento24h.com\/?p=412114#breadcrumb"},"inLanguage":"es","potentialAction":[{"@type":"ReadAction","target":["https:\/\/sarmiento24h.com\/?p=412114"]}]},{"@type":"ImageObject","inLanguage":"es","@id":"https:\/\/sarmiento24h.com\/?p=412114#primaryimage","url":"https:\/\/sarmiento24h.com\/wp-content\/uploads\/2026\/09\/el-increible-ascenso-de-augusto-cury-el-psiquiatra-que-promete-curar-la-politica-de-brasil.jpg","contentUrl":"https:\/\/sarmiento24h.com\/wp-content\/uploads\/2026\/09\/el-increible-ascenso-de-augusto-cury-el-psiquiatra-que-promete-curar-la-politica-de-brasil.jpg","width":980,"height":653},{"@type":"BreadcrumbList","@id":"https:\/\/sarmiento24h.com\/?p=412114#breadcrumb","itemListElement":[{"@type":"ListItem","position":1,"name":"Home","item":"https:\/\/sarmiento24h.com\/"},{"@type":"ListItem","position":2,"name":"El incre\u00edble ascenso de Augusto Cury, el psiquiatra que promete curar la pol\u00edtica de Brasil"}]},{"@type":"WebSite","@id":"https:\/\/sarmiento24h.com\/#website","url":"https:\/\/sarmiento24h.com\/","name":"Sarmiento24h","description":"","publisher":{"@id":"https:\/\/sarmiento24h.com\/#organization"},"potentialAction":[{"@type":"SearchAction","target":{"@type":"EntryPoint","urlTemplate":"https:\/\/sarmiento24h.com\/?s={search_term_string}"},"query-input":{"@type":"PropertyValueSpecification","valueRequired":true,"valueName":"search_term_string"}}],"inLanguage":"es"},{"@type":"Organization","@id":"https:\/\/sarmiento24h.com\/#organization","name":"Sarmiento24h","url":"https:\/\/sarmiento24h.com\/","logo":{"@type":"ImageObject","inLanguage":"es","@id":"https:\/\/sarmiento24h.com\/#\/schema\/logo\/image\/","url":"https:\/\/sarmiento24h.com\/wp-content\/uploads\/2025\/12\/AddText_12-16-10.30.52.jpg","contentUrl":"https:\/\/sarmiento24h.com\/wp-content\/uploads\/2025\/12\/AddText_12-16-10.30.52.jpg","width":1220,"height":324,"caption":"Sarmiento24h"},"image":{"@id":"https:\/\/sarmiento24h.com\/#\/schema\/logo\/image\/"},"sameAs":["https:\/\/facebook.com\/s24hnoticias","https:\/\/x.com\/sarmiento24h"]},{"@type":"Person","@id":"https:\/\/sarmiento24h.com\/#\/schema\/person\/d653a59725ad629a7e0429af7b939d4d","name":"sarmiento24h@gmail.com","image":{"@type":"ImageObject","inLanguage":"es","@id":"https:\/\/sarmiento24h.com\/wp-content\/litespeed\/avatar\/d02cbc4e23c747e6659cd45907173c8f.jpg?ver=1788047690","url":"https:\/\/sarmiento24h.com\/wp-content\/litespeed\/avatar\/d02cbc4e23c747e6659cd45907173c8f.jpg?ver=1788047690","contentUrl":"https:\/\/sarmiento24h.com\/wp-content\/litespeed\/avatar\/d02cbc4e23c747e6659cd45907173c8f.jpg?ver=1788047690","caption":"sarmiento24h@gmail.com"},"sameAs":["https:\/\/sarmiento24h.com"],"url":"https:\/\/sarmiento24h.com\/?author=1"}]}},"jetpack_publicize_connections":[],"jetpack_featured_media_url":"https:\/\/sarmiento24h.com\/wp-content\/uploads\/2026\/09\/el-increible-ascenso-de-augusto-cury-el-psiquiatra-que-promete-curar-la-politica-de-brasil.jpg","jetpack_sharing_enabled":true,"_links":{"self":[{"href":"https:\/\/sarmiento24h.com\/index.php?rest_route=\/wp\/v2\/posts\/412114","targetHints":{"allow":["GET"]}}],"collection":[{"href":"https:\/\/sarmiento24h.com\/index.php?rest_route=\/wp\/v2\/posts"}],"about":[{"href":"https:\/\/sarmiento24h.com\/index.php?rest_route=\/wp\/v2\/types\/post"}],"author":[{"embeddable":true,"href":"https:\/\/sarmiento24h.com\/index.php?rest_route=\/wp\/v2\/users\/1"}],"replies":[{"embeddable":true,"href":"https:\/\/sarmiento24h.com\/index.php?rest_route=%2Fwp%2Fv2%2Fcomments&post=412114"}],"version-history":[{"count":0,"href":"https:\/\/sarmiento24h.com\/index.php?rest_route=\/wp\/v2\/posts\/412114\/revisions"}],"wp:featuredmedia":[{"embeddable":true,"href":"https:\/\/sarmiento24h.com\/index.php?rest_route=\/wp\/v2\/media\/412115"}],"wp:attachment":[{"href":"https:\/\/sarmiento24h.com\/index.php?rest_route=%2Fwp%2Fv2%2Fmedia&parent=412114"}],"wp:term":[{"taxonomy":"category","embeddable":true,"href":"https:\/\/sarmiento24h.com\/index.php?rest_route=%2Fwp%2Fv2%2Fcategories&post=412114"},{"taxonomy":"post_tag","embeddable":true,"href":"https:\/\/sarmiento24h.com\/index.php?rest_route=%2Fwp%2Fv2%2Ftags&post=412114"}],"curies":[{"name":"wp","href":"https:\/\/api.w.org\/{rel}","templated":true}]}}