{"id":412235,"date":"2026-09-04T00:47:40","date_gmt":"2026-09-04T00:47:40","guid":{"rendered":"http:\/\/almomento.net\/?p=1147741"},"modified":"2026-09-04T00:47:40","modified_gmt":"2026-09-04T00:47:40","slug":"gonzalo-castillo-en-2028-el-poder-tiene-que-servir-al-pueblo","status":"publish","type":"post","link":"https:\/\/sarmiento24h.com\/?p=412235","title":{"rendered":"Gonzalo Castillo en 2028: el poder tiene que servir al pueblo"},"content":{"rendered":"<div class=\"gs-tts-pro gs-tts-theme-light\" data-gs-tts-player readability=\"7\">\n<p> <strong>Escuchar art\u00edculo<\/strong> <br \/><button type=\"button\" class=\"gs-tts-btn gs-tts-start\" data-gs-tts-start>Reproducir<\/button> <button type=\"button\" class=\"gs-tts-btn gs-tts-pause\" data-gs-tts-pause>Pausar<\/button> <button type=\"button\" class=\"gs-tts-btn gs-tts-stop\" data-gs-tts-stop>Detener<\/button> <\/p>\n<\/p><\/div>\n<p dir=\"auto\"><strong>POR RAFAEL PASIAN<\/strong><\/p>\n<p dir=\"auto\">La primera pregunta que debemos hacernos ante unas elecciones no es qui\u00e9n quiere ser presidente. Aspirantes siempre habr\u00e1. La pregunta verdaderamente importante es para qu\u00e9 quiere llegar al poder y al servicio de qui\u00e9n piensa ejercerlo.<\/p>\n<p dir=\"auto\">Una presidencia puede servir para administrar privilegios o para ampliar derechos. Puede convertir el Estado en refugio de intereses particulares o ponerlo a trabajar por quienes madrugan, producen, estudian y sostienen la naci\u00f3n sin recibir siempre una parte justa de su riqueza.<\/p>\n<p dir=\"auto\">Desde esa convicci\u00f3n humanista y progresista, considero que Gonzalo Castillo debe ser presidente de la Rep\u00fablica Dominicana en 2028. Mi respaldo se sostiene en cuatro razones principales: su experiencia concreta de gesti\u00f3n al frente del Ministerio de Obras P\u00fablicas; su capacidad para impulsar servicios p\u00fablicos cercanos a las necesidades cotidianas; la posibilidad de convertir esa capacidad de ejecuci\u00f3n en un proyecto de justicia social; y la oportunidad de recuperar una pol\u00edtica basada en la educaci\u00f3n ciudadana, la transparencia y la rendici\u00f3n de cuentas.<\/p>\n<p dir=\"auto\">Defender esta aspiraci\u00f3n exige algo m\u00e1s serio que repetir un nombre. Exige examinar su trayectoria, establecer compromisos claros y recordar que el poder solo tiene sentido cuando se ejerce para mejorar la vida del pueblo.<\/p>\n<p dir=\"auto\">La primera raz\u00f3n es su experiencia de gesti\u00f3n.<\/p>\n<p dir=\"auto\">Gonzalo dirigi\u00f3 el Ministerio de Obras P\u00fablicas entre 2012 y 2019. Esa responsabilidad constituye una experiencia concreta en la administraci\u00f3n del Estado y ofrece una trayectoria que la ciudadan\u00eda puede examinar, comparar y exigir que sea explicada. El D\u00eda<\/p>\n<p dir=\"auto\">Durante ese per\u00edodo, el ministerio report\u00f3 avances en la construcci\u00f3n, rehabilitaci\u00f3n y mantenimiento de carreteras, puentes y caminos vecinales. En su memoria institucional de 2018, el MOPC inform\u00f3 la intervenci\u00f3n de m\u00e1s de 2,000 kil\u00f3metros de v\u00edas mediante trabajos de pavimentaci\u00f3n, reconstrucci\u00f3n y mantenimiento, adem\u00e1s de la ejecuci\u00f3n de proyectos de infraestructura vial en distintas provincias. Estas cifras deben leerse junto con los documentos presupuestarios y las memorias oficiales, porque una obra p\u00fablica no se eval\u00faa \u00fanicamente por el anuncio de su inicio, sino por su terminaci\u00f3n, costo, calidad y utilidad social. MOPC, Memoria Institucional 2018<\/p>\n<p dir=\"auto\">Tambi\u00e9n durante su gesti\u00f3n se impulsaron trabajos de mantenimiento vial y atenci\u00f3n de emergencias en carreteras, especialmente en per\u00edodos de lluvias y temporadas de mayor circulaci\u00f3n. El propio MOPC present\u00f3 esos programas como parte de una pol\u00edtica de conservaci\u00f3n de la infraestructura existente, no solo de construcci\u00f3n de nuevas obras. MOPC, Memorias Institucionales<\/p>\n<figure id=\"attachment_1143378\" aria-describedby=\"caption-attachment-1143378\" class=\"wp-caption alignleft\"><img loading=\"lazy\" decoding=\"async\" class=\" wp-image-1143378\" src=\"https:\/\/almomento.net\/wp-content\/uploads\/2026\/08\/Parrafo-1.-Gonzalo-Castillo-iniciara-periplo-por-EE.-UU-300x288.jpg\" alt width=\"415\" height=\"398\" srcset=\"https:\/\/almomento.net\/wp-content\/uploads\/2026\/08\/Parrafo-1.-Gonzalo-Castillo-iniciara-periplo-por-EE.-UU-300x288.jpg 300w, https:\/\/almomento.net\/wp-content\/uploads\/2026\/08\/Parrafo-1.-Gonzalo-Castillo-iniciara-periplo-por-EE.-UU-99x95.jpg 99w, https:\/\/almomento.net\/wp-content\/uploads\/2026\/08\/Parrafo-1.-Gonzalo-Castillo-iniciara-periplo-por-EE.-UU-260x250.jpg 260w, https:\/\/almomento.net\/wp-content\/uploads\/2026\/08\/Parrafo-1.-Gonzalo-Castillo-iniciara-periplo-por-EE.-UU-229x220.jpg 229w, https:\/\/almomento.net\/wp-content\/uploads\/2026\/08\/Parrafo-1.-Gonzalo-Castillo-iniciara-periplo-por-EE.-UU.jpg 447w\" sizes=\"auto, (max-width: 415px) 100vw, 415px\"><figcaption id=\"caption-attachment-1143378\" class=\"wp-caption-text\">Gonzalo Castillo<\/figcaption><\/figure>\n<p dir=\"auto\">Para m\u00ed, esa experiencia es un argumento a su favor. Un pa\u00eds necesita gobernantes capaces de organizar equipos, establecer prioridades y convertir decisiones en servicios. La buena intenci\u00f3n pierde valor cuando no encuentra capacidad para ejecutarse.<\/p>\n<p dir=\"auto\">Ahora bien, dirigir un ministerio no equivale a dirigir toda una naci\u00f3n. Por eso, esa experiencia debe acompa\u00f1arse de un proyecto integral, de personas competentes y de la disposici\u00f3n a escuchar incluso a quienes piensan distinto.<\/p>\n<p dir=\"auto\">La presidencia no puede ser un ejercicio de voluntad individual. Tiene que ser una responsabilidad colectiva con direcci\u00f3n clara.<\/p>\n<p dir=\"auto\">La segunda raz\u00f3n es el valor de una gesti\u00f3n cercana a las necesidades cotidianas.<\/p>\n<p dir=\"auto\">Durante su per\u00edodo en Obras P\u00fablicas funcion\u00f3 y se ampli\u00f3 el Programa de Asistencia Vial, dedicado a auxiliar a conductores y familias en las carreteras. En 2018, el MOPC inform\u00f3 que el programa hab\u00eda ofrecido decenas de miles de asistencias desde su creaci\u00f3n, incluyendo cambios de neum\u00e1ticos, suministro de combustible, remolques y apoyo mec\u00e1nico b\u00e1sico. Las cifras publicadas variaron seg\u00fan el per\u00edodo y el tipo de servicio contabilizado, por lo que deben citarse junto con la fecha del reporte correspondiente. Almomento.net<\/p>\n<p dir=\"auto\">En una presentaci\u00f3n institucional de 2019, el ministerio se\u00f1al\u00f3 que la asistencia se ofrec\u00eda mediante unidades distribuidas en corredores estrat\u00e9gicos y que el servicio operaba durante las 24 horas en las principales v\u00edas del pa\u00eds. El programa tambi\u00e9n fue reforzado en Semana Santa y otros per\u00edodos de alta movilidad, cuando aumentaba la demanda de auxilio en carretera. MOPC, Programa de Asistencia Vial<\/p>\n<p dir=\"auto\">Es importante distinguir entre los datos comunicados por el ministerio y una auditor\u00eda independiente de resultados. Las cifras oficiales sirven para conocer el alcance reportado del programa, pero la evaluaci\u00f3n completa debe incluir costos, tiempos de respuesta, cobertura territorial, n\u00famero de unidades disponibles y satisfacci\u00f3n de los usuarios. Esa es la diferencia entre propaganda y rendici\u00f3n de cuentas.<\/p>\n<p dir=\"auto\">Esa labor permite discutir el servicio p\u00fablico desde situaciones concretas: una aver\u00eda, una emergencia, una persona que necesita ayuda. Almomento.net<\/p>\n<p dir=\"auto\">Ah\u00ed encuentro una idea que merece extenderse a todo el Estado: la autoridad p\u00fablica debe estar presente cuando el ciudadano la necesita.<\/p>\n<p dir=\"auto\">Presente en el hospital donde una familia busca atenci\u00f3n. Presente en la escuela donde un maestro necesita condiciones para ense\u00f1ar. Presente en el campo donde el productor requiere caminos, agua y acceso a mercados.<\/p>\n<p dir=\"auto\">Una carretera adquiere su verdadero significado social cuando acerca una comunidad a un hospital, facilita que un agricultor venda su cosecha o permite que un estudiante llegue a clases.<\/p>\n<p dir=\"auto\">El cemento es un medio. La dignidad humana debe ser el prop\u00f3sito.<\/p>\n<p dir=\"auto\">La tercera raz\u00f3n es la posibilidad de convertir la capacidad de ejecuci\u00f3n en un proyecto de justicia social.<\/p>\n<p dir=\"auto\">Ese es el desaf\u00edo que, a mi juicio, Gonzalo debe asumir.<\/p>\n<p dir=\"auto\">No bastar\u00eda construir m\u00e1s si las oportunidades contin\u00faan concentradas. No bastar\u00eda anunciar crecimiento si una familia trabajadora no puede vivir con tranquilidad de lo que gana.<\/p>\n<p dir=\"auto\">Un gobierno progresista debe preguntarse qui\u00e9n recibe los beneficios del desarrollo y qui\u00e9n contin\u00faa pagando sus costos.<\/p>\n<p dir=\"auto\">Por eso, el respaldo que propongo est\u00e1 ligado a compromisos claros: educaci\u00f3n p\u00fablica que forme ciudadanos cr\u00edticos; salud accesible y digna; empleo productivo con derechos; apoyo al peque\u00f1o empresario y al productor agr\u00edcola; oportunidades para la juventud; protecci\u00f3n efectiva para las mujeres y respeto por las personas mayores.<\/p>\n<p dir=\"auto\">Estas son exigencias que debemos colocar ante su aspiraci\u00f3n. El apoyo ciudadano debe ayudar a elevar la calidad de una candidatura, no a dispensarla de responsabilidades.<\/p>\n<p dir=\"auto\">La cuarta raz\u00f3n es la oportunidad de recuperar una pol\u00edtica que eduque y rinda cuentas.<\/p>\n<p dir=\"auto\">Invocar a Juan Bosch obliga a tomar en serio la formaci\u00f3n de conciencia. Su nombre no debe utilizarse como un adorno electoral mientras se abandona la discusi\u00f3n de las desigualdades, los privilegios y la responsabilidad de quienes gobiernan.<\/p>\n<p dir=\"auto\">Una candidatura que aspire a representar esa tradici\u00f3n debe explicar de d\u00f3nde saldr\u00e1n los recursos, cu\u00e1les ser\u00e1n sus prioridades y c\u00f3mo podr\u00e1 la poblaci\u00f3n evaluar los resultados.<\/p>\n<p dir=\"auto\">La cercan\u00eda de un dirigente puede despertar simpat\u00eda. La confianza p\u00fablica necesita, adem\u00e1s, transparencia.<\/p>\n<p dir=\"auto\">Por eso, defender a Gonzalo no significa colocarlo por encima del escrutinio. Significa exigirle contratos p\u00fablicos transparentes, funcionarios que respondan por sus actos y respeto a las instituciones.<\/p>\n<p dir=\"auto\">El dinero del Estado tiene due\u00f1o: el pueblo dominicano.<\/p>\n<p dir=\"auto\">Ninguna amistad, ninguna bandera y ninguna victoria electoral autorizan a olvidar esa verdad.<\/p>\n<p dir=\"auto\">Quienes lo respaldamos debemos ser los primeros en exigir coherencia. El apoyo m\u00e1s \u00fatil es el que conserva la capacidad de se\u00f1alar errores y reclamar correcciones.<\/p>\n<p dir=\"auto\">\u00bfPor qu\u00e9 Gonzalo en 2028?<\/p>\n<p dir=\"auto\">Porque veo en su experiencia administrativa una base para gobernar; porque valoro una concepci\u00f3n del servicio p\u00fablico que responda a problemas concretos; y porque considero que esas capacidades pueden ponerse al servicio de una transformaci\u00f3n social m\u00e1s amplia.<\/p>\n<p dir=\"auto\">No afirmo que un hombre, por s\u00ed solo, pueda resolver los problemas hist\u00f3ricos de la Rep\u00fablica Dominicana. Ning\u00fan presidente puede sustituir a un pueblo organizado, a instituciones responsables y a una ciudadan\u00eda vigilante.<\/p>\n<p dir=\"auto\">Lo que defiendo es una oportunidad pol\u00edtica que debe ganarse con propuestas, sostenerse con conducta y justificarse con resultados.<\/p>\n<p dir=\"auto\">No propongo un cheque en blanco. Propongo un compromiso p\u00fablico.<\/p>\n<p dir=\"auto\">Que Gonzalo aspire a la presidencia para que el trabajador pueda vivir de su trabajo; para que la juventud encuentre futuro; para que el campesino produzca con dignidad; para que la educaci\u00f3n abra caminos y la enfermedad no condene a una familia a la pobreza.<\/p>\n<p dir=\"auto\">Y que tenga la firmeza de enfrentar los privilegios que impidan alcanzar esos objetivos, incluso cuando esos privilegios est\u00e9n cerca del poder.<\/p>\n<p dir=\"auto\">Esa es la combatividad que necesitamos: firmeza frente al abuso, respeto frente a la diferencia y responsabilidad frente al pueblo.<\/p>\n<p dir=\"auto\">Por eso respaldo a Gonzalo Castillo para 2028: con la esperanza de que su experiencia se convierta en bienestar colectivo y con la firmeza de exigir que cada compromiso encuentre cumplimiento en la vida del pueblo.<\/p>\n<p dir=\"auto\">Gonzalo: la responsabilidad m\u00e1s grande de un presidente comienza cuando terminan los aplausos. Comienza frente al ni\u00f1o cuyo porvenir depende de una escuela p\u00fablica; frente a la madre que espera atenci\u00f3n en un hospital; frente al trabajador que ha entregado su vida al progreso y todav\u00eda aguarda que ese progreso llegue a su casa.<\/p>\n<p dir=\"auto\">A ellos habr\u00e1 que responderles. En sus vidas se medir\u00e1 la grandeza de un gobierno.<\/p>\n<p dir=\"auto\">Que el poder tenga el valor de enfrentar los privilegios, aunque sus beneficiarios se sienten a su mesa. Que escuche la cr\u00edtica, aunque incomode. Que defienda los derechos, aunque hacerlo tenga un costo pol\u00edtico. Porque quien recibe la confianza de un pueblo adquiere una deuda moral que ninguna ceremonia puede saldar: tiene que cumplir.<\/p>\n<p dir=\"auto\">Esa es la presidencia que espero de Gonzalo Castillo. Esa es la causa por la que considero que vale la pena luchar en 2028.<\/p>\n<p dir=\"auto\">Y cuando los a\u00f1os pasen, cuando se apaguen las consignas y se retiren los retratos oficiales, que el testimonio m\u00e1s importante permanezca en la voz de la gente: \u00abDurante su gobierno pudimos vivir con m\u00e1s dignidad y nuestros hijos pudieron llegar m\u00e1s lejos\u00bb.<\/p>\n<p dir=\"auto\">Porque los cargos terminan. Las generaciones contin\u00faan.<\/p>\n<p dir=\"auto\">Que Gonzalo llegue a la Presidencia para que el pueblo llegue m\u00e1s lejos. Y que su mayor legado sea un pa\u00eds donde la dignidad de nadie dependa del favor de nadie.<\/p>\n<p dir=\"auto\">of-am<\/p>\n<div class=\"heateor_sss_sharing_container heateor_sss_horizontal_sharing\" data-heateor-sss-href=\"https:\/\/almomento.net\/gonzalo-castillo-en-2028-el-poder-tiene-que-servir-al-pueblo\/\" readability=\"7\">\n<p>Comp\u00e1rtelo en tus redes:<\/p>\n<\/div>\n<p> <!-- 468x60 --><br \/>\n<ins class=\"adsbygoogle\" data-ad-client=\"ca-pub-3511341636159665\" data-ad-slot=\"3538255450\"><\/ins> <!-- .entry-content --> <\/p>\n","protected":false},"excerpt":{"rendered":"<p>Escuchar art\u00edculo Reproducir Pausar Detener POR RAFAEL&#46;&#46;&#46;<\/p>\n","protected":false},"author":1,"featured_media":412236,"comment_status":"closed","ping_status":"closed","sticky":false,"template":"","format":"standard","meta":{"_jetpack_newsletter_access":"","_jetpack_dont_email_post_to_subs":false,"_jetpack_newsletter_tier_id":0,"_jetpack_memberships_contains_paywalled_content":false,"_jetpack_feature_clip_id":0,"_jetpack_memberships_contains_paid_content":false,"footnotes":"","jetpack_publicize_message":"","jetpack_publicize_feature_enabled":true,"jetpack_social_post_already_shared":true,"jetpack_social_options":{"image_generator_settings":{"template":"highway","default_image_id":0,"font":"","enabled":false},"version":2},"jetpack_post_was_ever_published":false},"categories":[61],"tags":[],"class_list":["post-412235","post","type-post","status-publish","format-standard","has-post-thumbnail","hentry","category-politica"],"yoast_head":"<!-- This site is optimized with the Yoast SEO plugin v28.1 - https:\/\/yoast.com\/product\/yoast-seo-wordpress\/ -->\n<title>Gonzalo Castillo en 2028: el poder tiene que servir al pueblo - Sarmiento24h<\/title>\n<meta name=\"robots\" content=\"index, follow, max-snippet:-1, max-image-preview:large, max-video-preview:-1\" \/>\n<link rel=\"canonical\" href=\"https:\/\/sarmiento24h.com\/?p=412235\" \/>\n<meta property=\"og:locale\" content=\"es_ES\" \/>\n<meta property=\"og:type\" content=\"article\" \/>\n<meta property=\"og:title\" content=\"Gonzalo Castillo en 2028: el poder tiene que servir al pueblo - Sarmiento24h\" \/>\n<meta property=\"og:description\" content=\"Escuchar art\u00edculo Reproducir Pausar Detener POR RAFAEL&#046;&#046;&#046;\" \/>\n<meta property=\"og:url\" content=\"https:\/\/sarmiento24h.com\/?p=412235\" \/>\n<meta property=\"og:site_name\" content=\"Sarmiento24h\" \/>\n<meta property=\"article:publisher\" content=\"https:\/\/facebook.com\/s24hnoticias\" \/>\n<meta property=\"article:published_time\" content=\"2026-09-04T00:47:40+00:00\" \/>\n<meta name=\"author\" content=\"sarmiento24h@gmail.com\" \/>\n<meta name=\"twitter:card\" content=\"summary_large_image\" \/>\n<meta name=\"twitter:creator\" content=\"@sarmiento24h\" \/>\n<meta name=\"twitter:site\" content=\"@sarmiento24h\" \/>\n<meta name=\"twitter:label1\" content=\"Escrito por\" \/>\n\t<meta name=\"twitter:data1\" content=\"sarmiento24h@gmail.com\" \/>\n\t<meta name=\"twitter:label2\" content=\"Tiempo de lectura\" \/>\n\t<meta name=\"twitter:data2\" content=\"9 minutos\" \/>\n<script type=\"application\/ld+json\" class=\"yoast-schema-graph\">{\"@context\":\"https:\\\/\\\/schema.org\",\"@graph\":[{\"@type\":\"Article\",\"@id\":\"https:\\\/\\\/sarmiento24h.com\\\/?p=412235#article\",\"isPartOf\":{\"@id\":\"https:\\\/\\\/sarmiento24h.com\\\/?p=412235\"},\"author\":{\"name\":\"sarmiento24h@gmail.com\",\"@id\":\"https:\\\/\\\/sarmiento24h.com\\\/#\\\/schema\\\/person\\\/d653a59725ad629a7e0429af7b939d4d\"},\"headline\":\"Gonzalo Castillo en 2028: el poder tiene que servir al pueblo\",\"datePublished\":\"2026-09-04T00:47:40+00:00\",\"mainEntityOfPage\":{\"@id\":\"https:\\\/\\\/sarmiento24h.com\\\/?p=412235\"},\"wordCount\":1744,\"publisher\":{\"@id\":\"https:\\\/\\\/sarmiento24h.com\\\/#organization\"},\"image\":{\"@id\":\"https:\\\/\\\/sarmiento24h.com\\\/?p=412235#primaryimage\"},\"thumbnailUrl\":\"https:\\\/\\\/sarmiento24h.com\\\/wp-content\\\/uploads\\\/2026\\\/09\\\/gonzalo-castillo-en-2028-el-poder-tiene-que-servir-al-pueblo.jpg\",\"articleSection\":[\"Politica\"],\"inLanguage\":\"es\"},{\"@type\":\"WebPage\",\"@id\":\"https:\\\/\\\/sarmiento24h.com\\\/?p=412235\",\"url\":\"https:\\\/\\\/sarmiento24h.com\\\/?p=412235\",\"name\":\"Gonzalo Castillo en 2028: el poder tiene que servir al pueblo - Sarmiento24h\",\"isPartOf\":{\"@id\":\"https:\\\/\\\/sarmiento24h.com\\\/#website\"},\"primaryImageOfPage\":{\"@id\":\"https:\\\/\\\/sarmiento24h.com\\\/?p=412235#primaryimage\"},\"image\":{\"@id\":\"https:\\\/\\\/sarmiento24h.com\\\/?p=412235#primaryimage\"},\"thumbnailUrl\":\"https:\\\/\\\/sarmiento24h.com\\\/wp-content\\\/uploads\\\/2026\\\/09\\\/gonzalo-castillo-en-2028-el-poder-tiene-que-servir-al-pueblo.jpg\",\"datePublished\":\"2026-09-04T00:47:40+00:00\",\"breadcrumb\":{\"@id\":\"https:\\\/\\\/sarmiento24h.com\\\/?p=412235#breadcrumb\"},\"inLanguage\":\"es\",\"potentialAction\":[{\"@type\":\"ReadAction\",\"target\":[\"https:\\\/\\\/sarmiento24h.com\\\/?p=412235\"]}]},{\"@type\":\"ImageObject\",\"inLanguage\":\"es\",\"@id\":\"https:\\\/\\\/sarmiento24h.com\\\/?p=412235#primaryimage\",\"url\":\"https:\\\/\\\/sarmiento24h.com\\\/wp-content\\\/uploads\\\/2026\\\/09\\\/gonzalo-castillo-en-2028-el-poder-tiene-que-servir-al-pueblo.jpg\",\"contentUrl\":\"https:\\\/\\\/sarmiento24h.com\\\/wp-content\\\/uploads\\\/2026\\\/09\\\/gonzalo-castillo-en-2028-el-poder-tiene-que-servir-al-pueblo.jpg\",\"width\":300,\"height\":288},{\"@type\":\"BreadcrumbList\",\"@id\":\"https:\\\/\\\/sarmiento24h.com\\\/?p=412235#breadcrumb\",\"itemListElement\":[{\"@type\":\"ListItem\",\"position\":1,\"name\":\"Home\",\"item\":\"https:\\\/\\\/sarmiento24h.com\\\/\"},{\"@type\":\"ListItem\",\"position\":2,\"name\":\"Gonzalo Castillo en 2028: el poder tiene que servir al pueblo\"}]},{\"@type\":\"WebSite\",\"@id\":\"https:\\\/\\\/sarmiento24h.com\\\/#website\",\"url\":\"https:\\\/\\\/sarmiento24h.com\\\/\",\"name\":\"Sarmiento24h\",\"description\":\"\",\"publisher\":{\"@id\":\"https:\\\/\\\/sarmiento24h.com\\\/#organization\"},\"potentialAction\":[{\"@type\":\"SearchAction\",\"target\":{\"@type\":\"EntryPoint\",\"urlTemplate\":\"https:\\\/\\\/sarmiento24h.com\\\/?s={search_term_string}\"},\"query-input\":{\"@type\":\"PropertyValueSpecification\",\"valueRequired\":true,\"valueName\":\"search_term_string\"}}],\"inLanguage\":\"es\"},{\"@type\":\"Organization\",\"@id\":\"https:\\\/\\\/sarmiento24h.com\\\/#organization\",\"name\":\"Sarmiento24h\",\"url\":\"https:\\\/\\\/sarmiento24h.com\\\/\",\"logo\":{\"@type\":\"ImageObject\",\"inLanguage\":\"es\",\"@id\":\"https:\\\/\\\/sarmiento24h.com\\\/#\\\/schema\\\/logo\\\/image\\\/\",\"url\":\"https:\\\/\\\/sarmiento24h.com\\\/wp-content\\\/uploads\\\/2025\\\/12\\\/AddText_12-16-10.30.52.jpg\",\"contentUrl\":\"https:\\\/\\\/sarmiento24h.com\\\/wp-content\\\/uploads\\\/2025\\\/12\\\/AddText_12-16-10.30.52.jpg\",\"width\":1220,\"height\":324,\"caption\":\"Sarmiento24h\"},\"image\":{\"@id\":\"https:\\\/\\\/sarmiento24h.com\\\/#\\\/schema\\\/logo\\\/image\\\/\"},\"sameAs\":[\"https:\\\/\\\/facebook.com\\\/s24hnoticias\",\"https:\\\/\\\/x.com\\\/sarmiento24h\"]},{\"@type\":\"Person\",\"@id\":\"https:\\\/\\\/sarmiento24h.com\\\/#\\\/schema\\\/person\\\/d653a59725ad629a7e0429af7b939d4d\",\"name\":\"sarmiento24h@gmail.com\",\"image\":{\"@type\":\"ImageObject\",\"inLanguage\":\"es\",\"@id\":\"https:\\\/\\\/sarmiento24h.com\\\/wp-content\\\/litespeed\\\/avatar\\\/d02cbc4e23c747e6659cd45907173c8f.jpg?ver=1788047690\",\"url\":\"https:\\\/\\\/sarmiento24h.com\\\/wp-content\\\/litespeed\\\/avatar\\\/d02cbc4e23c747e6659cd45907173c8f.jpg?ver=1788047690\",\"contentUrl\":\"https:\\\/\\\/sarmiento24h.com\\\/wp-content\\\/litespeed\\\/avatar\\\/d02cbc4e23c747e6659cd45907173c8f.jpg?ver=1788047690\",\"caption\":\"sarmiento24h@gmail.com\"},\"sameAs\":[\"https:\\\/\\\/sarmiento24h.com\"],\"url\":\"https:\\\/\\\/sarmiento24h.com\\\/?author=1\"}]}<\/script>\n<!-- \/ Yoast SEO plugin. -->","yoast_head_json":{"title":"Gonzalo Castillo en 2028: el poder tiene que servir al pueblo - Sarmiento24h","robots":{"index":"index","follow":"follow","max-snippet":"max-snippet:-1","max-image-preview":"max-image-preview:large","max-video-preview":"max-video-preview:-1"},"canonical":"https:\/\/sarmiento24h.com\/?p=412235","og_locale":"es_ES","og_type":"article","og_title":"Gonzalo Castillo en 2028: el poder tiene que servir al pueblo - Sarmiento24h","og_description":"Escuchar art\u00edculo Reproducir Pausar Detener POR RAFAEL&#46;&#46;&#46;","og_url":"https:\/\/sarmiento24h.com\/?p=412235","og_site_name":"Sarmiento24h","article_publisher":"https:\/\/facebook.com\/s24hnoticias","article_published_time":"2026-09-04T00:47:40+00:00","author":"sarmiento24h@gmail.com","twitter_card":"summary_large_image","twitter_creator":"@sarmiento24h","twitter_site":"@sarmiento24h","twitter_misc":{"Escrito por":"sarmiento24h@gmail.com","Tiempo de lectura":"9 minutos"},"schema":{"@context":"https:\/\/schema.org","@graph":[{"@type":"Article","@id":"https:\/\/sarmiento24h.com\/?p=412235#article","isPartOf":{"@id":"https:\/\/sarmiento24h.com\/?p=412235"},"author":{"name":"sarmiento24h@gmail.com","@id":"https:\/\/sarmiento24h.com\/#\/schema\/person\/d653a59725ad629a7e0429af7b939d4d"},"headline":"Gonzalo Castillo en 2028: el poder tiene que servir al pueblo","datePublished":"2026-09-04T00:47:40+00:00","mainEntityOfPage":{"@id":"https:\/\/sarmiento24h.com\/?p=412235"},"wordCount":1744,"publisher":{"@id":"https:\/\/sarmiento24h.com\/#organization"},"image":{"@id":"https:\/\/sarmiento24h.com\/?p=412235#primaryimage"},"thumbnailUrl":"https:\/\/sarmiento24h.com\/wp-content\/uploads\/2026\/09\/gonzalo-castillo-en-2028-el-poder-tiene-que-servir-al-pueblo.jpg","articleSection":["Politica"],"inLanguage":"es"},{"@type":"WebPage","@id":"https:\/\/sarmiento24h.com\/?p=412235","url":"https:\/\/sarmiento24h.com\/?p=412235","name":"Gonzalo Castillo en 2028: el poder tiene que servir al pueblo - Sarmiento24h","isPartOf":{"@id":"https:\/\/sarmiento24h.com\/#website"},"primaryImageOfPage":{"@id":"https:\/\/sarmiento24h.com\/?p=412235#primaryimage"},"image":{"@id":"https:\/\/sarmiento24h.com\/?p=412235#primaryimage"},"thumbnailUrl":"https:\/\/sarmiento24h.com\/wp-content\/uploads\/2026\/09\/gonzalo-castillo-en-2028-el-poder-tiene-que-servir-al-pueblo.jpg","datePublished":"2026-09-04T00:47:40+00:00","breadcrumb":{"@id":"https:\/\/sarmiento24h.com\/?p=412235#breadcrumb"},"inLanguage":"es","potentialAction":[{"@type":"ReadAction","target":["https:\/\/sarmiento24h.com\/?p=412235"]}]},{"@type":"ImageObject","inLanguage":"es","@id":"https:\/\/sarmiento24h.com\/?p=412235#primaryimage","url":"https:\/\/sarmiento24h.com\/wp-content\/uploads\/2026\/09\/gonzalo-castillo-en-2028-el-poder-tiene-que-servir-al-pueblo.jpg","contentUrl":"https:\/\/sarmiento24h.com\/wp-content\/uploads\/2026\/09\/gonzalo-castillo-en-2028-el-poder-tiene-que-servir-al-pueblo.jpg","width":300,"height":288},{"@type":"BreadcrumbList","@id":"https:\/\/sarmiento24h.com\/?p=412235#breadcrumb","itemListElement":[{"@type":"ListItem","position":1,"name":"Home","item":"https:\/\/sarmiento24h.com\/"},{"@type":"ListItem","position":2,"name":"Gonzalo Castillo en 2028: el poder tiene que servir al pueblo"}]},{"@type":"WebSite","@id":"https:\/\/sarmiento24h.com\/#website","url":"https:\/\/sarmiento24h.com\/","name":"Sarmiento24h","description":"","publisher":{"@id":"https:\/\/sarmiento24h.com\/#organization"},"potentialAction":[{"@type":"SearchAction","target":{"@type":"EntryPoint","urlTemplate":"https:\/\/sarmiento24h.com\/?s={search_term_string}"},"query-input":{"@type":"PropertyValueSpecification","valueRequired":true,"valueName":"search_term_string"}}],"inLanguage":"es"},{"@type":"Organization","@id":"https:\/\/sarmiento24h.com\/#organization","name":"Sarmiento24h","url":"https:\/\/sarmiento24h.com\/","logo":{"@type":"ImageObject","inLanguage":"es","@id":"https:\/\/sarmiento24h.com\/#\/schema\/logo\/image\/","url":"https:\/\/sarmiento24h.com\/wp-content\/uploads\/2025\/12\/AddText_12-16-10.30.52.jpg","contentUrl":"https:\/\/sarmiento24h.com\/wp-content\/uploads\/2025\/12\/AddText_12-16-10.30.52.jpg","width":1220,"height":324,"caption":"Sarmiento24h"},"image":{"@id":"https:\/\/sarmiento24h.com\/#\/schema\/logo\/image\/"},"sameAs":["https:\/\/facebook.com\/s24hnoticias","https:\/\/x.com\/sarmiento24h"]},{"@type":"Person","@id":"https:\/\/sarmiento24h.com\/#\/schema\/person\/d653a59725ad629a7e0429af7b939d4d","name":"sarmiento24h@gmail.com","image":{"@type":"ImageObject","inLanguage":"es","@id":"https:\/\/sarmiento24h.com\/wp-content\/litespeed\/avatar\/d02cbc4e23c747e6659cd45907173c8f.jpg?ver=1788047690","url":"https:\/\/sarmiento24h.com\/wp-content\/litespeed\/avatar\/d02cbc4e23c747e6659cd45907173c8f.jpg?ver=1788047690","contentUrl":"https:\/\/sarmiento24h.com\/wp-content\/litespeed\/avatar\/d02cbc4e23c747e6659cd45907173c8f.jpg?ver=1788047690","caption":"sarmiento24h@gmail.com"},"sameAs":["https:\/\/sarmiento24h.com"],"url":"https:\/\/sarmiento24h.com\/?author=1"}]}},"jetpack_publicize_connections":[],"jetpack_featured_media_url":"https:\/\/sarmiento24h.com\/wp-content\/uploads\/2026\/09\/gonzalo-castillo-en-2028-el-poder-tiene-que-servir-al-pueblo.jpg","jetpack_sharing_enabled":true,"_links":{"self":[{"href":"https:\/\/sarmiento24h.com\/index.php?rest_route=\/wp\/v2\/posts\/412235","targetHints":{"allow":["GET"]}}],"collection":[{"href":"https:\/\/sarmiento24h.com\/index.php?rest_route=\/wp\/v2\/posts"}],"about":[{"href":"https:\/\/sarmiento24h.com\/index.php?rest_route=\/wp\/v2\/types\/post"}],"author":[{"embeddable":true,"href":"https:\/\/sarmiento24h.com\/index.php?rest_route=\/wp\/v2\/users\/1"}],"replies":[{"embeddable":true,"href":"https:\/\/sarmiento24h.com\/index.php?rest_route=%2Fwp%2Fv2%2Fcomments&post=412235"}],"version-history":[{"count":0,"href":"https:\/\/sarmiento24h.com\/index.php?rest_route=\/wp\/v2\/posts\/412235\/revisions"}],"wp:featuredmedia":[{"embeddable":true,"href":"https:\/\/sarmiento24h.com\/index.php?rest_route=\/wp\/v2\/media\/412236"}],"wp:attachment":[{"href":"https:\/\/sarmiento24h.com\/index.php?rest_route=%2Fwp%2Fv2%2Fmedia&parent=412235"}],"wp:term":[{"taxonomy":"category","embeddable":true,"href":"https:\/\/sarmiento24h.com\/index.php?rest_route=%2Fwp%2Fv2%2Fcategories&post=412235"},{"taxonomy":"post_tag","embeddable":true,"href":"https:\/\/sarmiento24h.com\/index.php?rest_route=%2Fwp%2Fv2%2Ftags&post=412235"}],"curies":[{"name":"wp","href":"https:\/\/api.w.org\/{rel}","templated":true}]}}