{"id":412345,"date":"2026-09-04T02:37:07","date_gmt":"2026-09-04T02:37:07","guid":{"rendered":"https:\/\/sarmiento24h.com\/?p=412345"},"modified":"2026-09-04T02:37:07","modified_gmt":"2026-09-04T02:37:07","slug":"carlos-de-jesus-reune-sobrados-meritos-para-ocupar-curul-dejada-por-jorge-frias","status":"publish","type":"post","link":"https:\/\/sarmiento24h.com\/?p=412345","title":{"rendered":"Carlos de Jes\u00fas re\u00fane sobrados m\u00e9ritos para ocupar curul dejada por Jorge Fr\u00edas"},"content":{"rendered":"\n<figure class=\"wp-block-image size-large\"><img loading=\"lazy\" decoding=\"async\" width=\"1024\" height=\"685\" src=\"https:\/\/sarmiento24h.com\/wp-content\/uploads\/2026\/09\/image_editor_output_image340943333-17884894158314872120496324147678-1024x685.jpg\" alt=\"\" class=\"wp-image-412344\" srcset=\"https:\/\/sarmiento24h.com\/wp-content\/uploads\/2026\/09\/image_editor_output_image340943333-17884894158314872120496324147678-1024x685.jpg 1024w, https:\/\/sarmiento24h.com\/wp-content\/uploads\/2026\/09\/image_editor_output_image340943333-17884894158314872120496324147678-300x201.jpg 300w, https:\/\/sarmiento24h.com\/wp-content\/uploads\/2026\/09\/image_editor_output_image340943333-17884894158314872120496324147678-768x514.jpg 768w, https:\/\/sarmiento24h.com\/wp-content\/uploads\/2026\/09\/image_editor_output_image340943333-17884894158314872120496324147678.jpg 1280w\" sizes=\"auto, (max-width: 1024px) 100vw, 1024px\" \/><\/figure>\n\n\n\n<p class=\"wp-block-paragraph\"><\/p>\n\n\n\n<p class=\"wp-block-paragraph\">El dirigente del Partido Revolucionario Moderno (PRM) y exdiputado Carlos de Jes\u00fas figura entre los dirigentes con mayores credenciales\u00a0 pol\u00edticas y legislativas para ser tomado en cuenta en la escogencia del sustituto del fallecido diputado Jorge Fr\u00edas, representante de la circunscripci\u00f3n n\u00famero 2 de Santo Domingo Este.Organiza Tu Agenda<br><br>De Jes\u00fas cuenta con experiencia en el Congreso Nacional, tras representar precisamente a la circunscripci\u00f3n # 2 de Santo Domingo Este durante el per\u00edodo 2020-2024, adem\u00e1s de mantener una trayectoria\u00a0 pol\u00edtica y partidaria vinculada durante a\u00f1os a las comunidades que conforman esa demarcaci\u00f3n.<br><br><br>De cara a las elecciones de 2024, el escenario interno del PRM produjo importantes cambios en la conformaci\u00f3n de la boleta congresual de la Circunscripci\u00f3n 2.Descarga Gu\u00edas Viaje<br><br>Carlos de Jes\u00fas qued\u00f3 fuera de la candidatura, mientras fueron seleccionados Jorge Fr\u00edas, Bol\u00edvar Valera y otros dirigentes para competir por las diputaciones de la demarcaci\u00f3n.<br><br>Sin embargo, dirigentes y simpatizantes que promueven a Carlos de Jes\u00fas sostienen que su trayectoria, experiencia legislativa, trabajo pol\u00edtico territorial y permanencia dentro de las estructuras del partido lo convierten en una figura con sobrados m\u00e9ritos para ser considerado en la terna que deber\u00e1 presentar el PRM.<\/p>\n\n\n\n<p class=\"wp-block-paragraph\">Uno de los principales argumentos a favor de De Jes\u00fas es precisamente que, pese a quedar fuera de la boleta electoral de 2024, permaneci\u00f3 en su organizaci\u00f3n pol\u00edtica y respet\u00f3 las decisiones adoptadas por la direcci\u00f3n del partido, manteniendo su trabajo pol\u00edtico en Santo Domingo Este.Consulta Tr\u00e1mites Legales<br><br>Durante su paso por la C\u00e1mara de Diputados, Carlos de Jes\u00fas impuls\u00f3 y respald\u00f3 iniciativas relacionadas con las necesidades de las comunidades de la Circunscripci\u00f3n 2, acumulando una experiencia legislativa que sus seguidores consideran determinante para completar el per\u00edodo dejado vacante por Jorge Fr\u00edas.<\/p>\n\n\n\n<p class=\"wp-block-paragraph\">Tras el fallecimiento del legislador, qued\u00f3 abierta la discusi\u00f3n sobre qui\u00e9n deber\u00e1 ocupar la curul durante el tiempo restante del per\u00edodo constitucional 2024-2028.Sigue Debates Pol\u00edticos<br><br>De acuerdo con la Constituci\u00f3n dominicana, corresponde al organismo superior del partido que postul\u00f3 al legislador presentar una terna ante la C\u00e1mara de Diputados, cuyos miembros deber\u00e1n escoger a la persona que ocupar\u00e1 la vacante.<br><br>En ese contexto, el nombre de Carlos de Jes\u00fas cobra fuerza entre dirigentes y sectores de la circunscripci\u00f3n 2 que entienden que su experiencia como diputado, conocimiento del territorio, trayectoria dentro del PRM y disciplina partidaria deben ser ponderados al momento de conformar la terna.<br><br>La decisi\u00f3n estar\u00e1 ahora en manos de las estructuras correspondientes del Partido Revolucionario Moderno, antes de que la C\u00e1mara de Diputados proceda con la elecci\u00f3n definitiva del sustituto de Jorge Fr\u00edas.<\/p>\n","protected":false},"excerpt":{"rendered":"<p>El dirigente del Partido Revolucionario Moderno (PRM)&#46;&#46;&#46;<\/p>\n","protected":false},"author":1,"featured_media":412344,"comment_status":"open","ping_status":"open","sticky":false,"template":"","format":"standard","meta":{"_jetpack_newsletter_access":"","_jetpack_dont_email_post_to_subs":false,"_jetpack_newsletter_tier_id":0,"_jetpack_memberships_contains_paywalled_content":false,"_jetpack_feature_clip_id":0,"_jetpack_memberships_contains_paid_content":false,"footnotes":"","jetpack_publicize_message":"","jetpack_publicize_feature_enabled":true,"jetpack_social_post_already_shared":true,"jetpack_social_options":{"image_generator_settings":{"template":"highway","default_image_id":0,"font":"","enabled":false},"version":2},"jetpack_post_was_ever_published":false},"categories":[61],"tags":[],"class_list":["post-412345","post","type-post","status-publish","format-standard","has-post-thumbnail","hentry","category-politica"],"yoast_head":"<!-- This site is optimized with the Yoast SEO plugin v28.1 - https:\/\/yoast.com\/product\/yoast-seo-wordpress\/ -->\n<title>Carlos de Jes\u00fas re\u00fane sobrados m\u00e9ritos para ocupar curul dejada por Jorge Fr\u00edas - Sarmiento24h<\/title>\n<meta name=\"robots\" content=\"index, follow, max-snippet:-1, max-image-preview:large, max-video-preview:-1\" \/>\n<link rel=\"canonical\" href=\"https:\/\/sarmiento24h.com\/?p=412345\" \/>\n<meta property=\"og:locale\" content=\"es_ES\" \/>\n<meta property=\"og:type\" content=\"article\" \/>\n<meta property=\"og:title\" content=\"Carlos de Jes\u00fas re\u00fane sobrados m\u00e9ritos para ocupar curul dejada por Jorge Fr\u00edas - Sarmiento24h\" \/>\n<meta property=\"og:description\" content=\"El dirigente del Partido Revolucionario Moderno (PRM)&#046;&#046;&#046;\" \/>\n<meta property=\"og:url\" content=\"https:\/\/sarmiento24h.com\/?p=412345\" \/>\n<meta property=\"og:site_name\" content=\"Sarmiento24h\" \/>\n<meta property=\"article:publisher\" content=\"https:\/\/facebook.com\/s24hnoticias\" \/>\n<meta property=\"article:published_time\" content=\"2026-09-04T02:37:07+00:00\" \/>\n<meta property=\"og:image\" content=\"https:\/\/sarmiento24h.com\/wp-content\/uploads\/2026\/09\/image_editor_output_image340943333-17884894158314872120496324147678.jpg\" \/>\n\t<meta property=\"og:image:width\" content=\"1280\" \/>\n\t<meta property=\"og:image:height\" content=\"856\" \/>\n\t<meta property=\"og:image:type\" content=\"image\/jpeg\" \/>\n<meta name=\"author\" content=\"sarmiento24h@gmail.com\" \/>\n<meta name=\"twitter:card\" content=\"summary_large_image\" \/>\n<meta name=\"twitter:creator\" content=\"@sarmiento24h\" \/>\n<meta name=\"twitter:site\" content=\"@sarmiento24h\" \/>\n<meta name=\"twitter:label1\" content=\"Escrito por\" \/>\n\t<meta name=\"twitter:data1\" content=\"sarmiento24h@gmail.com\" \/>\n\t<meta name=\"twitter:label2\" content=\"Tiempo de lectura\" \/>\n\t<meta name=\"twitter:data2\" content=\"2 minutos\" \/>\n<script type=\"application\/ld+json\" class=\"yoast-schema-graph\">{\"@context\":\"https:\\\/\\\/schema.org\",\"@graph\":[{\"@type\":\"Article\",\"@id\":\"https:\\\/\\\/sarmiento24h.com\\\/?p=412345#article\",\"isPartOf\":{\"@id\":\"https:\\\/\\\/sarmiento24h.com\\\/?p=412345\"},\"author\":{\"name\":\"sarmiento24h@gmail.com\",\"@id\":\"https:\\\/\\\/sarmiento24h.com\\\/#\\\/schema\\\/person\\\/d653a59725ad629a7e0429af7b939d4d\"},\"headline\":\"Carlos de Jes\u00fas re\u00fane sobrados m\u00e9ritos para ocupar curul dejada por Jorge Fr\u00edas\",\"datePublished\":\"2026-09-04T02:37:07+00:00\",\"mainEntityOfPage\":{\"@id\":\"https:\\\/\\\/sarmiento24h.com\\\/?p=412345\"},\"wordCount\":480,\"commentCount\":0,\"publisher\":{\"@id\":\"https:\\\/\\\/sarmiento24h.com\\\/#organization\"},\"image\":{\"@id\":\"https:\\\/\\\/sarmiento24h.com\\\/?p=412345#primaryimage\"},\"thumbnailUrl\":\"https:\\\/\\\/sarmiento24h.com\\\/wp-content\\\/uploads\\\/2026\\\/09\\\/image_editor_output_image340943333-17884894158314872120496324147678.jpg\",\"articleSection\":[\"Politica\"],\"inLanguage\":\"es\",\"potentialAction\":[{\"@type\":\"CommentAction\",\"name\":\"Comment\",\"target\":[\"https:\\\/\\\/sarmiento24h.com\\\/?p=412345#respond\"]}]},{\"@type\":\"WebPage\",\"@id\":\"https:\\\/\\\/sarmiento24h.com\\\/?p=412345\",\"url\":\"https:\\\/\\\/sarmiento24h.com\\\/?p=412345\",\"name\":\"Carlos de Jes\u00fas re\u00fane sobrados m\u00e9ritos para ocupar curul dejada por Jorge Fr\u00edas - Sarmiento24h\",\"isPartOf\":{\"@id\":\"https:\\\/\\\/sarmiento24h.com\\\/#website\"},\"primaryImageOfPage\":{\"@id\":\"https:\\\/\\\/sarmiento24h.com\\\/?p=412345#primaryimage\"},\"image\":{\"@id\":\"https:\\\/\\\/sarmiento24h.com\\\/?p=412345#primaryimage\"},\"thumbnailUrl\":\"https:\\\/\\\/sarmiento24h.com\\\/wp-content\\\/uploads\\\/2026\\\/09\\\/image_editor_output_image340943333-17884894158314872120496324147678.jpg\",\"datePublished\":\"2026-09-04T02:37:07+00:00\",\"breadcrumb\":{\"@id\":\"https:\\\/\\\/sarmiento24h.com\\\/?p=412345#breadcrumb\"},\"inLanguage\":\"es\",\"potentialAction\":[{\"@type\":\"ReadAction\",\"target\":[\"https:\\\/\\\/sarmiento24h.com\\\/?p=412345\"]}]},{\"@type\":\"ImageObject\",\"inLanguage\":\"es\",\"@id\":\"https:\\\/\\\/sarmiento24h.com\\\/?p=412345#primaryimage\",\"url\":\"https:\\\/\\\/sarmiento24h.com\\\/wp-content\\\/uploads\\\/2026\\\/09\\\/image_editor_output_image340943333-17884894158314872120496324147678.jpg\",\"contentUrl\":\"https:\\\/\\\/sarmiento24h.com\\\/wp-content\\\/uploads\\\/2026\\\/09\\\/image_editor_output_image340943333-17884894158314872120496324147678.jpg\",\"width\":1280,\"height\":856},{\"@type\":\"BreadcrumbList\",\"@id\":\"https:\\\/\\\/sarmiento24h.com\\\/?p=412345#breadcrumb\",\"itemListElement\":[{\"@type\":\"ListItem\",\"position\":1,\"name\":\"Home\",\"item\":\"https:\\\/\\\/sarmiento24h.com\\\/\"},{\"@type\":\"ListItem\",\"position\":2,\"name\":\"Carlos de Jes\u00fas re\u00fane sobrados m\u00e9ritos para ocupar curul dejada por Jorge Fr\u00edas\"}]},{\"@type\":\"WebSite\",\"@id\":\"https:\\\/\\\/sarmiento24h.com\\\/#website\",\"url\":\"https:\\\/\\\/sarmiento24h.com\\\/\",\"name\":\"Sarmiento24h\",\"description\":\"\",\"publisher\":{\"@id\":\"https:\\\/\\\/sarmiento24h.com\\\/#organization\"},\"potentialAction\":[{\"@type\":\"SearchAction\",\"target\":{\"@type\":\"EntryPoint\",\"urlTemplate\":\"https:\\\/\\\/sarmiento24h.com\\\/?s={search_term_string}\"},\"query-input\":{\"@type\":\"PropertyValueSpecification\",\"valueRequired\":true,\"valueName\":\"search_term_string\"}}],\"inLanguage\":\"es\"},{\"@type\":\"Organization\",\"@id\":\"https:\\\/\\\/sarmiento24h.com\\\/#organization\",\"name\":\"Sarmiento24h\",\"url\":\"https:\\\/\\\/sarmiento24h.com\\\/\",\"logo\":{\"@type\":\"ImageObject\",\"inLanguage\":\"es\",\"@id\":\"https:\\\/\\\/sarmiento24h.com\\\/#\\\/schema\\\/logo\\\/image\\\/\",\"url\":\"https:\\\/\\\/sarmiento24h.com\\\/wp-content\\\/uploads\\\/2025\\\/12\\\/AddText_12-16-10.30.52.jpg\",\"contentUrl\":\"https:\\\/\\\/sarmiento24h.com\\\/wp-content\\\/uploads\\\/2025\\\/12\\\/AddText_12-16-10.30.52.jpg\",\"width\":1220,\"height\":324,\"caption\":\"Sarmiento24h\"},\"image\":{\"@id\":\"https:\\\/\\\/sarmiento24h.com\\\/#\\\/schema\\\/logo\\\/image\\\/\"},\"sameAs\":[\"https:\\\/\\\/facebook.com\\\/s24hnoticias\",\"https:\\\/\\\/x.com\\\/sarmiento24h\"]},{\"@type\":\"Person\",\"@id\":\"https:\\\/\\\/sarmiento24h.com\\\/#\\\/schema\\\/person\\\/d653a59725ad629a7e0429af7b939d4d\",\"name\":\"sarmiento24h@gmail.com\",\"image\":{\"@type\":\"ImageObject\",\"inLanguage\":\"es\",\"@id\":\"https:\\\/\\\/sarmiento24h.com\\\/wp-content\\\/litespeed\\\/avatar\\\/d02cbc4e23c747e6659cd45907173c8f.jpg?ver=1788047690\",\"url\":\"https:\\\/\\\/sarmiento24h.com\\\/wp-content\\\/litespeed\\\/avatar\\\/d02cbc4e23c747e6659cd45907173c8f.jpg?ver=1788047690\",\"contentUrl\":\"https:\\\/\\\/sarmiento24h.com\\\/wp-content\\\/litespeed\\\/avatar\\\/d02cbc4e23c747e6659cd45907173c8f.jpg?ver=1788047690\",\"caption\":\"sarmiento24h@gmail.com\"},\"sameAs\":[\"https:\\\/\\\/sarmiento24h.com\"],\"url\":\"https:\\\/\\\/sarmiento24h.com\\\/?author=1\"}]}<\/script>\n<!-- \/ Yoast SEO plugin. -->","yoast_head_json":{"title":"Carlos de Jes\u00fas re\u00fane sobrados m\u00e9ritos para ocupar curul dejada por Jorge Fr\u00edas - Sarmiento24h","robots":{"index":"index","follow":"follow","max-snippet":"max-snippet:-1","max-image-preview":"max-image-preview:large","max-video-preview":"max-video-preview:-1"},"canonical":"https:\/\/sarmiento24h.com\/?p=412345","og_locale":"es_ES","og_type":"article","og_title":"Carlos de Jes\u00fas re\u00fane sobrados m\u00e9ritos para ocupar curul dejada por Jorge Fr\u00edas - Sarmiento24h","og_description":"El dirigente del Partido Revolucionario Moderno (PRM)&#46;&#46;&#46;","og_url":"https:\/\/sarmiento24h.com\/?p=412345","og_site_name":"Sarmiento24h","article_publisher":"https:\/\/facebook.com\/s24hnoticias","article_published_time":"2026-09-04T02:37:07+00:00","og_image":[{"width":1280,"height":856,"url":"https:\/\/sarmiento24h.com\/wp-content\/uploads\/2026\/09\/image_editor_output_image340943333-17884894158314872120496324147678.jpg","type":"image\/jpeg"}],"author":"sarmiento24h@gmail.com","twitter_card":"summary_large_image","twitter_creator":"@sarmiento24h","twitter_site":"@sarmiento24h","twitter_misc":{"Escrito por":"sarmiento24h@gmail.com","Tiempo de lectura":"2 minutos"},"schema":{"@context":"https:\/\/schema.org","@graph":[{"@type":"Article","@id":"https:\/\/sarmiento24h.com\/?p=412345#article","isPartOf":{"@id":"https:\/\/sarmiento24h.com\/?p=412345"},"author":{"name":"sarmiento24h@gmail.com","@id":"https:\/\/sarmiento24h.com\/#\/schema\/person\/d653a59725ad629a7e0429af7b939d4d"},"headline":"Carlos de Jes\u00fas re\u00fane sobrados m\u00e9ritos para ocupar curul dejada por Jorge Fr\u00edas","datePublished":"2026-09-04T02:37:07+00:00","mainEntityOfPage":{"@id":"https:\/\/sarmiento24h.com\/?p=412345"},"wordCount":480,"commentCount":0,"publisher":{"@id":"https:\/\/sarmiento24h.com\/#organization"},"image":{"@id":"https:\/\/sarmiento24h.com\/?p=412345#primaryimage"},"thumbnailUrl":"https:\/\/sarmiento24h.com\/wp-content\/uploads\/2026\/09\/image_editor_output_image340943333-17884894158314872120496324147678.jpg","articleSection":["Politica"],"inLanguage":"es","potentialAction":[{"@type":"CommentAction","name":"Comment","target":["https:\/\/sarmiento24h.com\/?p=412345#respond"]}]},{"@type":"WebPage","@id":"https:\/\/sarmiento24h.com\/?p=412345","url":"https:\/\/sarmiento24h.com\/?p=412345","name":"Carlos de Jes\u00fas re\u00fane sobrados m\u00e9ritos para ocupar curul dejada por Jorge Fr\u00edas - Sarmiento24h","isPartOf":{"@id":"https:\/\/sarmiento24h.com\/#website"},"primaryImageOfPage":{"@id":"https:\/\/sarmiento24h.com\/?p=412345#primaryimage"},"image":{"@id":"https:\/\/sarmiento24h.com\/?p=412345#primaryimage"},"thumbnailUrl":"https:\/\/sarmiento24h.com\/wp-content\/uploads\/2026\/09\/image_editor_output_image340943333-17884894158314872120496324147678.jpg","datePublished":"2026-09-04T02:37:07+00:00","breadcrumb":{"@id":"https:\/\/sarmiento24h.com\/?p=412345#breadcrumb"},"inLanguage":"es","potentialAction":[{"@type":"ReadAction","target":["https:\/\/sarmiento24h.com\/?p=412345"]}]},{"@type":"ImageObject","inLanguage":"es","@id":"https:\/\/sarmiento24h.com\/?p=412345#primaryimage","url":"https:\/\/sarmiento24h.com\/wp-content\/uploads\/2026\/09\/image_editor_output_image340943333-17884894158314872120496324147678.jpg","contentUrl":"https:\/\/sarmiento24h.com\/wp-content\/uploads\/2026\/09\/image_editor_output_image340943333-17884894158314872120496324147678.jpg","width":1280,"height":856},{"@type":"BreadcrumbList","@id":"https:\/\/sarmiento24h.com\/?p=412345#breadcrumb","itemListElement":[{"@type":"ListItem","position":1,"name":"Home","item":"https:\/\/sarmiento24h.com\/"},{"@type":"ListItem","position":2,"name":"Carlos de Jes\u00fas re\u00fane sobrados m\u00e9ritos para ocupar curul dejada por Jorge Fr\u00edas"}]},{"@type":"WebSite","@id":"https:\/\/sarmiento24h.com\/#website","url":"https:\/\/sarmiento24h.com\/","name":"Sarmiento24h","description":"","publisher":{"@id":"https:\/\/sarmiento24h.com\/#organization"},"potentialAction":[{"@type":"SearchAction","target":{"@type":"EntryPoint","urlTemplate":"https:\/\/sarmiento24h.com\/?s={search_term_string}"},"query-input":{"@type":"PropertyValueSpecification","valueRequired":true,"valueName":"search_term_string"}}],"inLanguage":"es"},{"@type":"Organization","@id":"https:\/\/sarmiento24h.com\/#organization","name":"Sarmiento24h","url":"https:\/\/sarmiento24h.com\/","logo":{"@type":"ImageObject","inLanguage":"es","@id":"https:\/\/sarmiento24h.com\/#\/schema\/logo\/image\/","url":"https:\/\/sarmiento24h.com\/wp-content\/uploads\/2025\/12\/AddText_12-16-10.30.52.jpg","contentUrl":"https:\/\/sarmiento24h.com\/wp-content\/uploads\/2025\/12\/AddText_12-16-10.30.52.jpg","width":1220,"height":324,"caption":"Sarmiento24h"},"image":{"@id":"https:\/\/sarmiento24h.com\/#\/schema\/logo\/image\/"},"sameAs":["https:\/\/facebook.com\/s24hnoticias","https:\/\/x.com\/sarmiento24h"]},{"@type":"Person","@id":"https:\/\/sarmiento24h.com\/#\/schema\/person\/d653a59725ad629a7e0429af7b939d4d","name":"sarmiento24h@gmail.com","image":{"@type":"ImageObject","inLanguage":"es","@id":"https:\/\/sarmiento24h.com\/wp-content\/litespeed\/avatar\/d02cbc4e23c747e6659cd45907173c8f.jpg?ver=1788047690","url":"https:\/\/sarmiento24h.com\/wp-content\/litespeed\/avatar\/d02cbc4e23c747e6659cd45907173c8f.jpg?ver=1788047690","contentUrl":"https:\/\/sarmiento24h.com\/wp-content\/litespeed\/avatar\/d02cbc4e23c747e6659cd45907173c8f.jpg?ver=1788047690","caption":"sarmiento24h@gmail.com"},"sameAs":["https:\/\/sarmiento24h.com"],"url":"https:\/\/sarmiento24h.com\/?author=1"}]}},"jetpack_publicize_connections":[],"jetpack_featured_media_url":"https:\/\/sarmiento24h.com\/wp-content\/uploads\/2026\/09\/image_editor_output_image340943333-17884894158314872120496324147678.jpg","jetpack_sharing_enabled":true,"_links":{"self":[{"href":"https:\/\/sarmiento24h.com\/index.php?rest_route=\/wp\/v2\/posts\/412345","targetHints":{"allow":["GET"]}}],"collection":[{"href":"https:\/\/sarmiento24h.com\/index.php?rest_route=\/wp\/v2\/posts"}],"about":[{"href":"https:\/\/sarmiento24h.com\/index.php?rest_route=\/wp\/v2\/types\/post"}],"author":[{"embeddable":true,"href":"https:\/\/sarmiento24h.com\/index.php?rest_route=\/wp\/v2\/users\/1"}],"replies":[{"embeddable":true,"href":"https:\/\/sarmiento24h.com\/index.php?rest_route=%2Fwp%2Fv2%2Fcomments&post=412345"}],"version-history":[{"count":0,"href":"https:\/\/sarmiento24h.com\/index.php?rest_route=\/wp\/v2\/posts\/412345\/revisions"}],"wp:featuredmedia":[{"embeddable":true,"href":"https:\/\/sarmiento24h.com\/index.php?rest_route=\/wp\/v2\/media\/412344"}],"wp:attachment":[{"href":"https:\/\/sarmiento24h.com\/index.php?rest_route=%2Fwp%2Fv2%2Fmedia&parent=412345"}],"wp:term":[{"taxonomy":"category","embeddable":true,"href":"https:\/\/sarmiento24h.com\/index.php?rest_route=%2Fwp%2Fv2%2Fcategories&post=412345"},{"taxonomy":"post_tag","embeddable":true,"href":"https:\/\/sarmiento24h.com\/index.php?rest_route=%2Fwp%2Fv2%2Ftags&post=412345"}],"curies":[{"name":"wp","href":"https:\/\/api.w.org\/{rel}","templated":true}]}}