{"id":412346,"date":"2026-09-04T03:06:59","date_gmt":"2026-09-04T03:06:59","guid":{"rendered":"http:\/\/9489b2d8-a806-11f1-9ad2-ed44ca1a885a"},"modified":"2026-09-04T03:06:59","modified_gmt":"2026-09-04T03:06:59","slug":"brasil-contempla-medidas-reciprocas-ante-suspension-de-importaciones-de-la-union-europea","status":"publish","type":"post","link":"https:\/\/sarmiento24h.com\/?p=412346","title":{"rendered":"Brasil contempla medidas rec\u00edprocas ante suspensi\u00f3n de importaciones de la Uni\u00f3n Europea"},"content":{"rendered":"<p>El Gobierno de <a href=\"https:\/\/www.france24.com\/es\/tag\/brasil\/\" target=\"_self\" class=\"gtm-add-suggested-tag\">Brasil<\/a> y los exportadores nacionales de carne, aves, huevos, miel y otros productos de origen animal se vieron en apuros este 3 de septiembre, luego de que se venciera el plazo fijado por la <a href=\"https:\/\/www.france24.com\/es\/tag\/uni\u00f3n-europea\/\" target=\"_self\" class=\"gtm-add-suggested-tag\">Uni\u00f3n Europea<\/a> antes de la entrada en vigencia de la suspensi\u00f3n de importaciones por parte del bloque,&nbsp;debido a las preocupaciones sobre el uso de antibi\u00f3ticos y medicamentos antimicrobianos en el ganado.<\/p>\n<p>El Ministerio de <a href=\"https:\/\/www.france24.com\/es\/tag\/agricultura\/\" target=\"_self\" class=\"gtm-add-suggested-tag\">Agricultura<\/a> del presidente <a href=\"https:\/\/www.france24.com\/es\/tag\/luiz-inacio-lula-da-silva\/\" target=\"_self\" class=\"gtm-add-suggested-tag\">Luiz In\u00e1cio Lula da Silva<\/a> afirm\u00f3 el jueves que considerar\u00eda medidas rec\u00edprocas si no se alcanzaba una soluci\u00f3n satisfactoria.<\/p>\n<blockquote class=\"quote\" readability=\"9\">\n<p>\u00abLas autoridades brasile\u00f1as expresaron su indignaci\u00f3n por la falta de di\u00e1logo antes de que se adoptara la medida\u00bb, se\u00f1al\u00f3 el ministerio en un comunicado, a\u00f1adiendo que la suspensi\u00f3n \u00abno se ajusta a la profundidad de la asociaci\u00f3n estrat\u00e9gica entre Brasil y la UE\u00bb.<\/p>\n<\/blockquote>\n<p>La UE anunci\u00f3 la suspensi\u00f3n el martes, y la medida entr\u00f3 en vigor dos d\u00edas despu\u00e9s. Brasil, el mayor exportador mundial de carne de vacuno, comerci\u00f3 unas 108.000 toneladas de carne de vacuno por un valor aproximado de 1.000 millones de d\u00f3lares a la UE en 2025, seg\u00fan cifras del Gobierno.<\/p>\n<p>El bloque anunci\u00f3 en mayo que Brasil ser\u00eda excluido de su lista de pa\u00edses autorizados a exportar determinados productos animales, alegando que el pa\u00eds no hab\u00eda aportado garant\u00edas suficientes de que su producci\u00f3n ganadera cumpliera las normas de la UE relativas a los promotores del crecimiento a base de antibi\u00f3ticos y otros medicamentos restringidos.<\/p>\n<p>La Asociaci\u00f3n Brasile\u00f1a de Industrias Exportadoras de Carne (ABIEC), que presta apoyo t\u00e9cnico al Gobierno en las negociaciones con la UE, afirm\u00f3 que esta medida resultaba preocupante para los productores locales y no reconoc\u00eda lo que describi\u00f3 como la calidad de las exportaciones brasile\u00f1as de carne de vacuno a 170 pa\u00edses.<\/p>\n<p>\u00abLa carne de vacuno brasile\u00f1a seguir\u00e1 vendi\u00e9ndose en los mercados para los que est\u00e1 autorizada, pero no existe un sustituto autom\u00e1tico del mercado europeo, ya que los distintos destinos requieren productos y cortes diferentes\u00bb, se\u00f1al\u00f3 la ABIEC en un comunicado.<\/p>\n<h2><strong>Alarma entre los productores<\/strong><\/h2>\n<p>La Confederaci\u00f3n de Agricultura y Ganader\u00eda de Brasil envi\u00f3 el 2 de septiembre por la noche un documento firmado por su presidente al Ministerio de Asuntos Exteriores de Brasil, en el que afirmaba que la suspensi\u00f3n de la UE \u00absupone la clara anulaci\u00f3n y el menoscabo de los beneficios comerciales que Brasil esperaba leg\u00edtimamente\u00bb.<\/p>\n<p>La confederaci\u00f3n a\u00f1adi\u00f3 que la UE no hab\u00eda tenido en cuenta el rigor del sistema de inspecci\u00f3n sanitaria de Brasil y que deb\u00eda subsanar ese desequilibrio comercial.<\/p>\n<div class=\"m-em-video\">\n<div class=\"o-video-player o-video-player--16x9\" data-media-video-wbmz417619-f24-es-20260904 data-show-hidden-video-player=\"WBMZ417619-F24-ES-20260904\" data-wrapper-video-player data-youtube-script>\n<div class=\"o-em-consent \" readability=\"7\">\n<div class=\"o-em-consent__content\" readability=\"34\">\n<p class=\"o-em-consent__content__text\">Para mostrar este contenido de YouTube, debe autorizar las cookies de medici\u00f3n de audiencia y publicidad.<\/p>\n<p> <button class=\"a-master-button a-master-button--dark\" data-action=\"accept\"> Aceptar <svg class=\"a-svg a-svg--icon-check\"> <use xlink:href=\"\/build\/images\/svg\/sprite.68b43361c11f23b39049016b32e6ae31.svg#icon-check\" href=\"\/build\/images\/svg\/sprite.68b43361c11f23b39049016b32e6ae31.svg#icon-check\" \/> <\/svg> <\/button> <button class=\"a-link\" data-action=\"manage\">Gestionar mis opciones <svg class=\"a-svg a-svg--icon-edit\"> <use xlink:href=\"\/build\/images\/svg\/sprite.68b43361c11f23b39049016b32e6ae31.svg#icon-edit\" href=\"\/build\/images\/svg\/sprite.68b43361c11f23b39049016b32e6ae31.svg#icon-edit\" \/> <\/svg><br \/>\n<\/button> <\/div>\n<\/div>\n<div class=\"o-em-adblock\" data-adblock-content readability=\"7\">\n<div class=\"o-em-adblock__content\" readability=\"34\">\n<p class=\"o-em-adblock__content__text\">Una extensi\u00f3n de tu navegador parece estar bloqueando la carga del reproductor de video. Para poder ver este contenido, debes desactivarla en este sitio.<\/p>\n<p> <button class=\"a-master-button a-master-button--dark\" data-action=\"reload\">Reintentar<\/button> <\/div>\n<\/div>\n<figure class=\"m-item-image m-item-image--16x9 m-item-image--has-caption\"> <picture class=\"a-picture a-picture--16x9\"><source type=\"image\/webp\" srcset=\"https:\/\/s.france24.com\/media\/display\/0af9edd2-a5a2-11f1-883c-005056a90284\/w:388\/p:16x9\/AP25216715689540.webp 388w, https:\/\/s.france24.com\/media\/display\/0af9edd2-a5a2-11f1-883c-005056a90284\/w:720\/p:16x9\/AP25216715689540.webp 720w, https:\/\/s.france24.com\/media\/display\/0af9edd2-a5a2-11f1-883c-005056a90284\/w:1024\/p:16x9\/AP25216715689540.webp 1024w\" sizes=\"(max-width: 639px) calc(100vw - 32px), (max-width: 1076px) calc(100vw - 44px), 850px\"><img fetchpriority=\"high\" decoding=\"auto\" src=\"https:\/\/s.france24.com\/media\/display\/0af9edd2-a5a2-11f1-883c-005056a90284\/w:1024\/p:16x9\/AP25216715689540.jpg\" srcset=\"https:\/\/s.france24.com\/media\/display\/0af9edd2-a5a2-11f1-883c-005056a90284\/w:388\/p:16x9\/AP25216715689540.jpg 388w, https:\/\/s.france24.com\/media\/display\/0af9edd2-a5a2-11f1-883c-005056a90284\/w:720\/p:16x9\/AP25216715689540.jpg 720w, https:\/\/s.france24.com\/media\/display\/0af9edd2-a5a2-11f1-883c-005056a90284\/w:1024\/p:16x9\/AP25216715689540.jpg 1024w\" sizes=\"(max-width: 639px) calc(100vw - 32px), (max-width: 1076px) calc(100vw - 44px), 850px\" width=\"1024\" height=\"576\" alt=\"Un empleado prepara cortes de carne detr\u00e1s del escaparate de una carnicer\u00eda, en Brasilia, Brasil, lunes 4 de agosto de 2025.\" loading=\"eager\" class=\"a-img \">\n<\/picture><figcaption class=\"a-figcaption\"> Imagen de portada: Un empleado prepara cortes de carne detr\u00e1s del escaparate de una carnicer\u00eda, en Brasilia, Brasil, lunes 4 de agosto de 2025. AP &#8211; Eraldo Peres <\/figcaption><\/figure>\n<\/p><\/div>\n<\/div>\n<p>En su comunicado del jueves, el Ministerio de Agricultura afirm\u00f3 que Brasil \u00abse reserva el derecho a recurrir a los instrumentos adecuados para garantizar unas condiciones comerciales equilibradas, incluidas las medidas de reciprocidad previstas en el marco jur\u00eddico nacional, as\u00ed como los mecanismos pertinentes establecidos en el acuerdo entre el Mercosur y la Uni\u00f3n Europea y en el sistema comercial multilateral\u00bb.<\/p>\n<p>La portavoz de la <a href=\"https:\/\/www.france24.com\/es\/tag\/comisi\u00f3n-europea\/\" target=\"_self\" class=\"gtm-add-suggested-tag\">Comisi\u00f3n Europea<\/a>, Eva Hrncirova, afirm\u00f3 el martes que el 3 de septiembre entrar\u00eda en vigor una nueva lista de pa\u00edses que cumplen con la normativa de la UE sobre antimicrobianos, lo que desencaden\u00f3 el procedimiento contra Brasil.<\/p>\n<h2><strong>Los coletazos del acuerdo UE-Mercosur<\/strong><\/h2>\n<p>Las importaciones de carne han sido uno de los principales motivos de la oposici\u00f3n europea al acuerdo de libre comercio firmado en enero entre la UE y el Mercosur, un bloque comercial formado por Brasil, Argentina, Paraguay y Uruguay. Brasil es el \u00fanico miembro del Mercosur afectado por la suspensi\u00f3n de la UE.<\/p>\n<p>Robson Goncalves, economista y profesor de la Fundaci\u00f3n Getulio Vargas, afirm\u00f3 que espera que la UE aplique medidas adicionales contra Brasil hasta que el acuerdo UE-Mercosur entre plenamente en vigor.<\/p>\n<div class=\"m-em-video\">\n<div class=\"o-video-player o-video-player--16x9\" data-media-video-wbmz403447-f24-es-20260701 data-show-hidden-video-player=\"WBMZ403447-F24-ES-20260701\" data-wrapper-video-player data-youtube-script>\n<div class=\"o-em-consent \" readability=\"7\">\n<div class=\"o-em-consent__content\" readability=\"34\">\n<p class=\"o-em-consent__content__text\">Para mostrar este contenido de YouTube, debe autorizar las cookies de medici\u00f3n de audiencia y publicidad.<\/p>\n<p> <button class=\"a-master-button a-master-button--dark\" data-action=\"accept\"> Aceptar <svg class=\"a-svg a-svg--icon-check\"> <use xlink:href=\"\/build\/images\/svg\/sprite.68b43361c11f23b39049016b32e6ae31.svg#icon-check\" href=\"\/build\/images\/svg\/sprite.68b43361c11f23b39049016b32e6ae31.svg#icon-check\" \/> <\/svg> <\/button> <button class=\"a-link\" data-action=\"manage\">Gestionar mis opciones <svg class=\"a-svg a-svg--icon-edit\"> <use xlink:href=\"\/build\/images\/svg\/sprite.68b43361c11f23b39049016b32e6ae31.svg#icon-edit\" href=\"\/build\/images\/svg\/sprite.68b43361c11f23b39049016b32e6ae31.svg#icon-edit\" \/> <\/svg><br \/>\n<\/button> <\/div>\n<\/div>\n<div class=\"o-em-adblock\" data-adblock-content readability=\"7\">\n<div class=\"o-em-adblock__content\" readability=\"34\">\n<p class=\"o-em-adblock__content__text\">Una extensi\u00f3n de tu navegador parece estar bloqueando la carga del reproductor de video. Para poder ver este contenido, debes desactivarla en este sitio.<\/p>\n<p> <button class=\"a-master-button a-master-button--dark\" data-action=\"reload\">Reintentar<\/button> <\/div>\n<\/div>\n<figure class=\"m-item-image m-item-image--16x9 m-item-image--has-caption\"> <picture class=\"a-picture a-picture--16x9\"><source type=\"image\/webp\" srcset=\"https:\/\/s.france24.com\/media\/display\/e5ec2096-74dc-11f1-8e3a-005056bfb2b6\/w:388\/p:16x9\/ES-20260630-180941-181121-CS.webp 388w, https:\/\/s.france24.com\/media\/display\/e5ec2096-74dc-11f1-8e3a-005056bfb2b6\/w:720\/p:16x9\/ES-20260630-180941-181121-CS.webp 720w, https:\/\/s.france24.com\/media\/display\/e5ec2096-74dc-11f1-8e3a-005056bfb2b6\/w:1024\/p:16x9\/ES-20260630-180941-181121-CS.webp 1024w\" sizes=\"(max-width: 639px) calc(100vw - 32px), (max-width: 1076px) calc(100vw - 44px), 850px\"><img fetchpriority=\"high\" decoding=\"auto\" src=\"https:\/\/s.france24.com\/media\/display\/e5ec2096-74dc-11f1-8e3a-005056bfb2b6\/w:1024\/p:16x9\/ES-20260630-180941-181121-CS.jpg\" srcset=\"https:\/\/s.france24.com\/media\/display\/e5ec2096-74dc-11f1-8e3a-005056bfb2b6\/w:388\/p:16x9\/ES-20260630-180941-181121-CS.jpg 388w, https:\/\/s.france24.com\/media\/display\/e5ec2096-74dc-11f1-8e3a-005056bfb2b6\/w:720\/p:16x9\/ES-20260630-180941-181121-CS.jpg 720w, https:\/\/s.france24.com\/media\/display\/e5ec2096-74dc-11f1-8e3a-005056bfb2b6\/w:1024\/p:16x9\/ES-20260630-180941-181121-CS.jpg 1024w\" sizes=\"(max-width: 639px) calc(100vw - 32px), (max-width: 1076px) calc(100vw - 44px), 850px\" width=\"1024\" height=\"576\" alt loading=\"eager\" class=\"a-img \">\n<\/picture><figcaption class=\"a-figcaption\"> Imagen de portada: \u00a9 France 24 <\/figcaption><\/figure>\n<\/p><\/div>\n<\/div>\n<p>El tratado es provisional, a la espera de una decisi\u00f3n del Tribunal de Justicia de la Uni\u00f3n Europea.<\/p>\n<p>\u00abSe trata de los \u00faltimos intentos de proteger al sector agroindustrial europeo de la competencia con el del <a href=\"https:\/\/www.france24.com\/es\/tag\/mercosur\/\" target=\"_self\" class=\"gtm-add-suggested-tag\">Mercosur<\/a>\u00ab, afirm\u00f3 Goncalves, quien describi\u00f3 el mecanismo utilizado para detener las exportaciones brasile\u00f1as como \u00abuna medida pol\u00edtica\u00bb de la UE, dado que su acuerdo comercial con el Mercosur a\u00fan no se ha aplicado plenamente.<\/p>\n<p>\u00abEn los pr\u00f3ximos a\u00f1os se producir\u00e1n otras medidas similares\u00bb, a\u00f1adi\u00f3.<\/p>\n","protected":false},"excerpt":{"rendered":"<p>El Gobierno de Brasil y los exportadores&#46;&#46;&#46;<\/p>\n","protected":false},"author":1,"featured_media":412347,"comment_status":"closed","ping_status":"closed","sticky":false,"template":"","format":"standard","meta":{"_jetpack_newsletter_access":"","_jetpack_dont_email_post_to_subs":false,"_jetpack_newsletter_tier_id":0,"_jetpack_memberships_contains_paywalled_content":false,"_jetpack_feature_clip_id":0,"_jetpack_memberships_contains_paid_content":false,"footnotes":"","jetpack_publicize_message":"","jetpack_publicize_feature_enabled":true,"jetpack_social_post_already_shared":true,"jetpack_social_options":{"image_generator_settings":{"template":"highway","default_image_id":0,"font":"","enabled":false},"version":2},"jetpack_post_was_ever_published":false},"categories":[43],"tags":[],"class_list":["post-412346","post","type-post","status-publish","format-standard","has-post-thumbnail","hentry","category-internacionales"],"yoast_head":"<!-- This site is optimized with the Yoast SEO plugin v28.1 - https:\/\/yoast.com\/product\/yoast-seo-wordpress\/ -->\n<title>Brasil contempla medidas rec\u00edprocas ante suspensi\u00f3n de importaciones de la Uni\u00f3n Europea - Sarmiento24h<\/title>\n<meta name=\"robots\" content=\"index, follow, max-snippet:-1, max-image-preview:large, max-video-preview:-1\" \/>\n<link rel=\"canonical\" href=\"https:\/\/sarmiento24h.com\/?p=412346\" \/>\n<meta property=\"og:locale\" content=\"es_ES\" \/>\n<meta property=\"og:type\" content=\"article\" \/>\n<meta property=\"og:title\" content=\"Brasil contempla medidas rec\u00edprocas ante suspensi\u00f3n de importaciones de la Uni\u00f3n Europea - Sarmiento24h\" \/>\n<meta property=\"og:description\" content=\"El Gobierno de Brasil y los exportadores&#046;&#046;&#046;\" \/>\n<meta property=\"og:url\" content=\"https:\/\/sarmiento24h.com\/?p=412346\" \/>\n<meta property=\"og:site_name\" content=\"Sarmiento24h\" \/>\n<meta property=\"article:publisher\" content=\"https:\/\/facebook.com\/s24hnoticias\" \/>\n<meta property=\"article:published_time\" content=\"2026-09-04T03:06:59+00:00\" \/>\n<meta property=\"og:image\" content=\"https:\/\/s.france24.com\/media\/display\/0af9edd2-a5a2-11f1-883c-005056a90284\/w:1024\/p:16x9\/AP25216715689540.jpg\" \/>\n<meta name=\"author\" content=\"sarmiento24h@gmail.com\" \/>\n<meta name=\"twitter:card\" content=\"summary_large_image\" \/>\n<meta name=\"twitter:creator\" content=\"@sarmiento24h\" \/>\n<meta name=\"twitter:site\" content=\"@sarmiento24h\" \/>\n<meta name=\"twitter:label1\" content=\"Escrito por\" \/>\n\t<meta name=\"twitter:data1\" content=\"sarmiento24h@gmail.com\" \/>\n\t<meta name=\"twitter:label2\" content=\"Tiempo de lectura\" \/>\n\t<meta name=\"twitter:data2\" content=\"4 minutos\" \/>\n<script type=\"application\/ld+json\" class=\"yoast-schema-graph\">{\"@context\":\"https:\\\/\\\/schema.org\",\"@graph\":[{\"@type\":\"Article\",\"@id\":\"https:\\\/\\\/sarmiento24h.com\\\/?p=412346#article\",\"isPartOf\":{\"@id\":\"https:\\\/\\\/sarmiento24h.com\\\/?p=412346\"},\"author\":{\"name\":\"sarmiento24h@gmail.com\",\"@id\":\"https:\\\/\\\/sarmiento24h.com\\\/#\\\/schema\\\/person\\\/d653a59725ad629a7e0429af7b939d4d\"},\"headline\":\"Brasil contempla medidas rec\u00edprocas ante suspensi\u00f3n de importaciones de la Uni\u00f3n Europea\",\"datePublished\":\"2026-09-04T03:06:59+00:00\",\"mainEntityOfPage\":{\"@id\":\"https:\\\/\\\/sarmiento24h.com\\\/?p=412346\"},\"wordCount\":887,\"publisher\":{\"@id\":\"https:\\\/\\\/sarmiento24h.com\\\/#organization\"},\"image\":{\"@id\":\"https:\\\/\\\/sarmiento24h.com\\\/?p=412346#primaryimage\"},\"thumbnailUrl\":\"https:\\\/\\\/sarmiento24h.com\\\/wp-content\\\/uploads\\\/2026\\\/09\\\/brasil-contempla-medidas-reciprocas-ante-suspension-de-importaciones-de-la-union-europea.jpg\",\"articleSection\":[\"Internacionales\"],\"inLanguage\":\"es\"},{\"@type\":\"WebPage\",\"@id\":\"https:\\\/\\\/sarmiento24h.com\\\/?p=412346\",\"url\":\"https:\\\/\\\/sarmiento24h.com\\\/?p=412346\",\"name\":\"Brasil contempla medidas rec\u00edprocas ante suspensi\u00f3n de importaciones de la Uni\u00f3n Europea - Sarmiento24h\",\"isPartOf\":{\"@id\":\"https:\\\/\\\/sarmiento24h.com\\\/#website\"},\"primaryImageOfPage\":{\"@id\":\"https:\\\/\\\/sarmiento24h.com\\\/?p=412346#primaryimage\"},\"image\":{\"@id\":\"https:\\\/\\\/sarmiento24h.com\\\/?p=412346#primaryimage\"},\"thumbnailUrl\":\"https:\\\/\\\/sarmiento24h.com\\\/wp-content\\\/uploads\\\/2026\\\/09\\\/brasil-contempla-medidas-reciprocas-ante-suspension-de-importaciones-de-la-union-europea.jpg\",\"datePublished\":\"2026-09-04T03:06:59+00:00\",\"breadcrumb\":{\"@id\":\"https:\\\/\\\/sarmiento24h.com\\\/?p=412346#breadcrumb\"},\"inLanguage\":\"es\",\"potentialAction\":[{\"@type\":\"ReadAction\",\"target\":[\"https:\\\/\\\/sarmiento24h.com\\\/?p=412346\"]}]},{\"@type\":\"ImageObject\",\"inLanguage\":\"es\",\"@id\":\"https:\\\/\\\/sarmiento24h.com\\\/?p=412346#primaryimage\",\"url\":\"https:\\\/\\\/sarmiento24h.com\\\/wp-content\\\/uploads\\\/2026\\\/09\\\/brasil-contempla-medidas-reciprocas-ante-suspension-de-importaciones-de-la-union-europea.jpg\",\"contentUrl\":\"https:\\\/\\\/sarmiento24h.com\\\/wp-content\\\/uploads\\\/2026\\\/09\\\/brasil-contempla-medidas-reciprocas-ante-suspension-de-importaciones-de-la-union-europea.jpg\",\"width\":1024,\"height\":576},{\"@type\":\"BreadcrumbList\",\"@id\":\"https:\\\/\\\/sarmiento24h.com\\\/?p=412346#breadcrumb\",\"itemListElement\":[{\"@type\":\"ListItem\",\"position\":1,\"name\":\"Home\",\"item\":\"https:\\\/\\\/sarmiento24h.com\\\/\"},{\"@type\":\"ListItem\",\"position\":2,\"name\":\"Brasil contempla medidas rec\u00edprocas ante suspensi\u00f3n de importaciones de la Uni\u00f3n Europea\"}]},{\"@type\":\"WebSite\",\"@id\":\"https:\\\/\\\/sarmiento24h.com\\\/#website\",\"url\":\"https:\\\/\\\/sarmiento24h.com\\\/\",\"name\":\"Sarmiento24h\",\"description\":\"\",\"publisher\":{\"@id\":\"https:\\\/\\\/sarmiento24h.com\\\/#organization\"},\"potentialAction\":[{\"@type\":\"SearchAction\",\"target\":{\"@type\":\"EntryPoint\",\"urlTemplate\":\"https:\\\/\\\/sarmiento24h.com\\\/?s={search_term_string}\"},\"query-input\":{\"@type\":\"PropertyValueSpecification\",\"valueRequired\":true,\"valueName\":\"search_term_string\"}}],\"inLanguage\":\"es\"},{\"@type\":\"Organization\",\"@id\":\"https:\\\/\\\/sarmiento24h.com\\\/#organization\",\"name\":\"Sarmiento24h\",\"url\":\"https:\\\/\\\/sarmiento24h.com\\\/\",\"logo\":{\"@type\":\"ImageObject\",\"inLanguage\":\"es\",\"@id\":\"https:\\\/\\\/sarmiento24h.com\\\/#\\\/schema\\\/logo\\\/image\\\/\",\"url\":\"https:\\\/\\\/sarmiento24h.com\\\/wp-content\\\/uploads\\\/2025\\\/12\\\/AddText_12-16-10.30.52.jpg\",\"contentUrl\":\"https:\\\/\\\/sarmiento24h.com\\\/wp-content\\\/uploads\\\/2025\\\/12\\\/AddText_12-16-10.30.52.jpg\",\"width\":1220,\"height\":324,\"caption\":\"Sarmiento24h\"},\"image\":{\"@id\":\"https:\\\/\\\/sarmiento24h.com\\\/#\\\/schema\\\/logo\\\/image\\\/\"},\"sameAs\":[\"https:\\\/\\\/facebook.com\\\/s24hnoticias\",\"https:\\\/\\\/x.com\\\/sarmiento24h\"]},{\"@type\":\"Person\",\"@id\":\"https:\\\/\\\/sarmiento24h.com\\\/#\\\/schema\\\/person\\\/d653a59725ad629a7e0429af7b939d4d\",\"name\":\"sarmiento24h@gmail.com\",\"image\":{\"@type\":\"ImageObject\",\"inLanguage\":\"es\",\"@id\":\"https:\\\/\\\/sarmiento24h.com\\\/wp-content\\\/litespeed\\\/avatar\\\/d02cbc4e23c747e6659cd45907173c8f.jpg?ver=1788047690\",\"url\":\"https:\\\/\\\/sarmiento24h.com\\\/wp-content\\\/litespeed\\\/avatar\\\/d02cbc4e23c747e6659cd45907173c8f.jpg?ver=1788047690\",\"contentUrl\":\"https:\\\/\\\/sarmiento24h.com\\\/wp-content\\\/litespeed\\\/avatar\\\/d02cbc4e23c747e6659cd45907173c8f.jpg?ver=1788047690\",\"caption\":\"sarmiento24h@gmail.com\"},\"sameAs\":[\"https:\\\/\\\/sarmiento24h.com\"],\"url\":\"https:\\\/\\\/sarmiento24h.com\\\/?author=1\"}]}<\/script>\n<!-- \/ Yoast SEO plugin. -->","yoast_head_json":{"title":"Brasil contempla medidas rec\u00edprocas ante suspensi\u00f3n de importaciones de la Uni\u00f3n Europea - Sarmiento24h","robots":{"index":"index","follow":"follow","max-snippet":"max-snippet:-1","max-image-preview":"max-image-preview:large","max-video-preview":"max-video-preview:-1"},"canonical":"https:\/\/sarmiento24h.com\/?p=412346","og_locale":"es_ES","og_type":"article","og_title":"Brasil contempla medidas rec\u00edprocas ante suspensi\u00f3n de importaciones de la Uni\u00f3n Europea - Sarmiento24h","og_description":"El Gobierno de Brasil y los exportadores&#46;&#46;&#46;","og_url":"https:\/\/sarmiento24h.com\/?p=412346","og_site_name":"Sarmiento24h","article_publisher":"https:\/\/facebook.com\/s24hnoticias","article_published_time":"2026-09-04T03:06:59+00:00","og_image":[{"url":"https:\/\/s.france24.com\/media\/display\/0af9edd2-a5a2-11f1-883c-005056a90284\/w:1024\/p:16x9\/AP25216715689540.jpg","type":"","width":"","height":""}],"author":"sarmiento24h@gmail.com","twitter_card":"summary_large_image","twitter_creator":"@sarmiento24h","twitter_site":"@sarmiento24h","twitter_misc":{"Escrito por":"sarmiento24h@gmail.com","Tiempo de lectura":"4 minutos"},"schema":{"@context":"https:\/\/schema.org","@graph":[{"@type":"Article","@id":"https:\/\/sarmiento24h.com\/?p=412346#article","isPartOf":{"@id":"https:\/\/sarmiento24h.com\/?p=412346"},"author":{"name":"sarmiento24h@gmail.com","@id":"https:\/\/sarmiento24h.com\/#\/schema\/person\/d653a59725ad629a7e0429af7b939d4d"},"headline":"Brasil contempla medidas rec\u00edprocas ante suspensi\u00f3n de importaciones de la Uni\u00f3n Europea","datePublished":"2026-09-04T03:06:59+00:00","mainEntityOfPage":{"@id":"https:\/\/sarmiento24h.com\/?p=412346"},"wordCount":887,"publisher":{"@id":"https:\/\/sarmiento24h.com\/#organization"},"image":{"@id":"https:\/\/sarmiento24h.com\/?p=412346#primaryimage"},"thumbnailUrl":"https:\/\/sarmiento24h.com\/wp-content\/uploads\/2026\/09\/brasil-contempla-medidas-reciprocas-ante-suspension-de-importaciones-de-la-union-europea.jpg","articleSection":["Internacionales"],"inLanguage":"es"},{"@type":"WebPage","@id":"https:\/\/sarmiento24h.com\/?p=412346","url":"https:\/\/sarmiento24h.com\/?p=412346","name":"Brasil contempla medidas rec\u00edprocas ante suspensi\u00f3n de importaciones de la Uni\u00f3n Europea - Sarmiento24h","isPartOf":{"@id":"https:\/\/sarmiento24h.com\/#website"},"primaryImageOfPage":{"@id":"https:\/\/sarmiento24h.com\/?p=412346#primaryimage"},"image":{"@id":"https:\/\/sarmiento24h.com\/?p=412346#primaryimage"},"thumbnailUrl":"https:\/\/sarmiento24h.com\/wp-content\/uploads\/2026\/09\/brasil-contempla-medidas-reciprocas-ante-suspension-de-importaciones-de-la-union-europea.jpg","datePublished":"2026-09-04T03:06:59+00:00","breadcrumb":{"@id":"https:\/\/sarmiento24h.com\/?p=412346#breadcrumb"},"inLanguage":"es","potentialAction":[{"@type":"ReadAction","target":["https:\/\/sarmiento24h.com\/?p=412346"]}]},{"@type":"ImageObject","inLanguage":"es","@id":"https:\/\/sarmiento24h.com\/?p=412346#primaryimage","url":"https:\/\/sarmiento24h.com\/wp-content\/uploads\/2026\/09\/brasil-contempla-medidas-reciprocas-ante-suspension-de-importaciones-de-la-union-europea.jpg","contentUrl":"https:\/\/sarmiento24h.com\/wp-content\/uploads\/2026\/09\/brasil-contempla-medidas-reciprocas-ante-suspension-de-importaciones-de-la-union-europea.jpg","width":1024,"height":576},{"@type":"BreadcrumbList","@id":"https:\/\/sarmiento24h.com\/?p=412346#breadcrumb","itemListElement":[{"@type":"ListItem","position":1,"name":"Home","item":"https:\/\/sarmiento24h.com\/"},{"@type":"ListItem","position":2,"name":"Brasil contempla medidas rec\u00edprocas ante suspensi\u00f3n de importaciones de la Uni\u00f3n Europea"}]},{"@type":"WebSite","@id":"https:\/\/sarmiento24h.com\/#website","url":"https:\/\/sarmiento24h.com\/","name":"Sarmiento24h","description":"","publisher":{"@id":"https:\/\/sarmiento24h.com\/#organization"},"potentialAction":[{"@type":"SearchAction","target":{"@type":"EntryPoint","urlTemplate":"https:\/\/sarmiento24h.com\/?s={search_term_string}"},"query-input":{"@type":"PropertyValueSpecification","valueRequired":true,"valueName":"search_term_string"}}],"inLanguage":"es"},{"@type":"Organization","@id":"https:\/\/sarmiento24h.com\/#organization","name":"Sarmiento24h","url":"https:\/\/sarmiento24h.com\/","logo":{"@type":"ImageObject","inLanguage":"es","@id":"https:\/\/sarmiento24h.com\/#\/schema\/logo\/image\/","url":"https:\/\/sarmiento24h.com\/wp-content\/uploads\/2025\/12\/AddText_12-16-10.30.52.jpg","contentUrl":"https:\/\/sarmiento24h.com\/wp-content\/uploads\/2025\/12\/AddText_12-16-10.30.52.jpg","width":1220,"height":324,"caption":"Sarmiento24h"},"image":{"@id":"https:\/\/sarmiento24h.com\/#\/schema\/logo\/image\/"},"sameAs":["https:\/\/facebook.com\/s24hnoticias","https:\/\/x.com\/sarmiento24h"]},{"@type":"Person","@id":"https:\/\/sarmiento24h.com\/#\/schema\/person\/d653a59725ad629a7e0429af7b939d4d","name":"sarmiento24h@gmail.com","image":{"@type":"ImageObject","inLanguage":"es","@id":"https:\/\/sarmiento24h.com\/wp-content\/litespeed\/avatar\/d02cbc4e23c747e6659cd45907173c8f.jpg?ver=1788047690","url":"https:\/\/sarmiento24h.com\/wp-content\/litespeed\/avatar\/d02cbc4e23c747e6659cd45907173c8f.jpg?ver=1788047690","contentUrl":"https:\/\/sarmiento24h.com\/wp-content\/litespeed\/avatar\/d02cbc4e23c747e6659cd45907173c8f.jpg?ver=1788047690","caption":"sarmiento24h@gmail.com"},"sameAs":["https:\/\/sarmiento24h.com"],"url":"https:\/\/sarmiento24h.com\/?author=1"}]}},"jetpack_publicize_connections":[],"jetpack_featured_media_url":"https:\/\/sarmiento24h.com\/wp-content\/uploads\/2026\/09\/brasil-contempla-medidas-reciprocas-ante-suspension-de-importaciones-de-la-union-europea.jpg","jetpack_sharing_enabled":true,"_links":{"self":[{"href":"https:\/\/sarmiento24h.com\/index.php?rest_route=\/wp\/v2\/posts\/412346","targetHints":{"allow":["GET"]}}],"collection":[{"href":"https:\/\/sarmiento24h.com\/index.php?rest_route=\/wp\/v2\/posts"}],"about":[{"href":"https:\/\/sarmiento24h.com\/index.php?rest_route=\/wp\/v2\/types\/post"}],"author":[{"embeddable":true,"href":"https:\/\/sarmiento24h.com\/index.php?rest_route=\/wp\/v2\/users\/1"}],"replies":[{"embeddable":true,"href":"https:\/\/sarmiento24h.com\/index.php?rest_route=%2Fwp%2Fv2%2Fcomments&post=412346"}],"version-history":[{"count":0,"href":"https:\/\/sarmiento24h.com\/index.php?rest_route=\/wp\/v2\/posts\/412346\/revisions"}],"wp:featuredmedia":[{"embeddable":true,"href":"https:\/\/sarmiento24h.com\/index.php?rest_route=\/wp\/v2\/media\/412347"}],"wp:attachment":[{"href":"https:\/\/sarmiento24h.com\/index.php?rest_route=%2Fwp%2Fv2%2Fmedia&parent=412346"}],"wp:term":[{"taxonomy":"category","embeddable":true,"href":"https:\/\/sarmiento24h.com\/index.php?rest_route=%2Fwp%2Fv2%2Fcategories&post=412346"},{"taxonomy":"post_tag","embeddable":true,"href":"https:\/\/sarmiento24h.com\/index.php?rest_route=%2Fwp%2Fv2%2Ftags&post=412346"}],"curies":[{"name":"wp","href":"https:\/\/api.w.org\/{rel}","templated":true}]}}