{"id":412348,"date":"2026-09-04T03:07:01","date_gmt":"2026-09-04T03:07:01","guid":{"rendered":"http:\/\/52092bf2-a7fa-11f1-ae1b-17e5de757266"},"modified":"2026-09-04T03:07:01","modified_gmt":"2026-09-04T03:07:01","slug":"las-malvinas-son-argentinas-milei-activara-mecanismos-para-ejercer-soberania-en-las-islas","status":"publish","type":"post","link":"https:\/\/sarmiento24h.com\/?p=412348","title":{"rendered":"\u00abLas Malvinas son argentinas\u00bb: Milei activar\u00e1 mecanismos para ejercer soberan\u00eda en las islas"},"content":{"rendered":"<p>El presidente argentino, <a href=\"https:\/\/www.france24.com\/es\/tag\/javier-milei\/\" target=\"_self\">Javier Milei<\/a>, reaviv\u00f3 la <strong>cuesti\u00f3n de las islas <a href=\"https:\/\/www.france24.com\/es\/tag\/malvinas\/\" target=\"_self\">Malvinas<\/a><\/strong>, en un mensaje a la naci\u00f3n en el que celebr\u00f3 los \u201cavances diplom\u00e1ticos que lleva adelante la Canciller\u00eda en defensa de la <a href=\"https:\/\/www.france24.com\/es\/tag\/soberan\u00eda\/\" target=\"_self\">soberan\u00eda<\/a>\u00bb sobre el archipi\u00e9lago, pero advirti\u00f3 sobre las \u00abnuevas amenazas\u00bb que enfrenta esta posici\u00f3n, entre las que cit\u00f3 el proyecto petrolero &#8216;Sea Lion&#8217;.<\/p>\n<p>Mediante una cadena nacional,&nbsp;Milei anunci\u00f3 que su Gobierno activar\u00e1 todos los recursos diplom\u00e1ticos, econ\u00f3micos, judiciales y de otro tipo para impedir la \u00abexplotaci\u00f3n de recursos en territorio argentino\u00bb, en referencia a la extracci\u00f3n de hidrocarburos prevista para iniciarse pr\u00f3ximamente.<\/p>\n<p>En ese sentido, el presidente dijo que <strong>sancionar\u00e1 a aquellas empresas que exploten <a href=\"https:\/\/www.france24.com\/es\/tag\/recursos-naturales\/\" target=\"_self\">recursos naturales<\/a><\/strong> en las islas.<\/p>\n<div id=\"em-WBMZ417598-F24-ES-20260904\" class=\"m-em-flash\" data-xtwitter-script>\n<div class=\"o-em-consent \" readability=\"7\">\n<div class=\"o-em-consent__content\" readability=\"34\">\n<p class=\"o-em-consent__content__text\">Para mostrar este contenido de X (Twitter), debe autorizar las cookies de medici\u00f3n de audiencia y publicidad.<\/p>\n<p> <button class=\"a-master-button a-master-button--dark\" data-action=\"accept\"> Aceptar <svg class=\"a-svg a-svg--icon-check\"> <use xlink:href=\"\/build\/images\/svg\/sprite.68b43361c11f23b39049016b32e6ae31.svg#icon-check\" href=\"\/build\/images\/svg\/sprite.68b43361c11f23b39049016b32e6ae31.svg#icon-check\" \/> <\/svg> <\/button> <button class=\"a-link\" data-action=\"manage\">Gestionar mis opciones <svg class=\"a-svg a-svg--icon-edit\"> <use xlink:href=\"\/build\/images\/svg\/sprite.68b43361c11f23b39049016b32e6ae31.svg#icon-edit\" href=\"\/build\/images\/svg\/sprite.68b43361c11f23b39049016b32e6ae31.svg#icon-edit\" \/> <\/svg><br \/>\n<\/button> <\/div>\n<\/div>\n<\/div>\n<p>\u00abProcederemos a inhabilitar de operar en territorio argentino a las empresas involucradas, directa o indirectamente, en proyectos en las islas Malvinas sin autorizaci\u00f3n argentina\u00bb, dijo Milei en un mensaje transmitido por cadena nacional.<\/p>\n<p>Proclamando que <strong>\u00ablas Malvinas son argentinas\u00bb<\/strong> y aclarando que su Gobierno llevar\u00e1 el reclamo por v\u00edas pac\u00edficas, el presidente tambi\u00e9n anunci\u00f3 la firma de un decreto para ampliar los recursos del Ministerio de <a href=\"https:\/\/www.france24.com\/es\/tag\/defensa\/\" target=\"_self\">Defensa<\/a> con el \u00abfin prioritario\u00bb de construir una <strong>base naval<\/strong> integrada en la provincia de Tierra del Fuego, dentro de cuyo territorio <a href=\"https:\/\/www.france24.com\/es\/tag\/argentina\/\" target=\"_self\">Argentina<\/a> considera que est\u00e1n las Malvinas.<\/p>\n<p>\u00abEsta base nos convertir\u00e1 en el <strong>polo log\u00edstico m\u00e1s importante del Atl\u00e1ntico sur<\/strong> y ser\u00e1 fundamental para la proyecci\u00f3n geopol\u00edtica de la Argentina\u00bb, afirm\u00f3.<\/p>\n<p>Asimismo, el mandatario adelant\u00f3 que enviar\u00e1 al Congreso un <strong>proyecto de ley para endurecer las penas <\/strong>contra las compa\u00f1\u00edas que exploten recursos naturales en las islas, las cuales no podr\u00e1n operar en territorio continental argentino y podr\u00edan ser sometidas a juicios en ausencia.<\/p>\n<div class=\"m-em-video\">\n<div class=\"o-video-player o-video-player--16x9\" data-media-video-wbmz417616-f24-es-20260904 data-show-hidden-video-player=\"WBMZ417616-F24-ES-20260904\" data-wrapper-video-player data-youtube-script>\n<div class=\"o-em-consent \" readability=\"7\">\n<div class=\"o-em-consent__content\" readability=\"34\">\n<p class=\"o-em-consent__content__text\">Para mostrar este contenido de YouTube, debe autorizar las cookies de medici\u00f3n de audiencia y publicidad.<\/p>\n<p> <button class=\"a-master-button a-master-button--dark\" data-action=\"accept\"> Aceptar <svg class=\"a-svg a-svg--icon-check\"> <use xlink:href=\"\/build\/images\/svg\/sprite.68b43361c11f23b39049016b32e6ae31.svg#icon-check\" href=\"\/build\/images\/svg\/sprite.68b43361c11f23b39049016b32e6ae31.svg#icon-check\" \/> <\/svg> <\/button> <button class=\"a-link\" data-action=\"manage\">Gestionar mis opciones <svg class=\"a-svg a-svg--icon-edit\"> <use xlink:href=\"\/build\/images\/svg\/sprite.68b43361c11f23b39049016b32e6ae31.svg#icon-edit\" href=\"\/build\/images\/svg\/sprite.68b43361c11f23b39049016b32e6ae31.svg#icon-edit\" \/> <\/svg><br \/>\n<\/button> <\/div>\n<\/div>\n<div class=\"o-em-adblock\" data-adblock-content readability=\"7\">\n<div class=\"o-em-adblock__content\" readability=\"34\">\n<p class=\"o-em-adblock__content__text\">Una extensi\u00f3n de tu navegador parece estar bloqueando la carga del reproductor de video. Para poder ver este contenido, debes desactivarla en este sitio.<\/p>\n<p> <button class=\"a-master-button a-master-button--dark\" data-action=\"reload\">Reintentar<\/button> <\/div>\n<\/div>\n<figure class=\"m-item-image m-item-image--16x9 m-item-image--has-caption\"> <picture class=\"a-picture a-picture--16x9\"><source type=\"image\/webp\" srcset=\"https:\/\/s.france24.com\/media\/display\/3bdea24e-a7ff-11f1-bcb8-005056a97e36\/w:388\/p:16x9\/ES-20260903-200246-200858-CS.webp 388w, https:\/\/s.france24.com\/media\/display\/3bdea24e-a7ff-11f1-bcb8-005056a97e36\/w:720\/p:16x9\/ES-20260903-200246-200858-CS.webp 720w, https:\/\/s.france24.com\/media\/display\/3bdea24e-a7ff-11f1-bcb8-005056a97e36\/w:1024\/p:16x9\/ES-20260903-200246-200858-CS.webp 1024w\" sizes=\"(max-width: 639px) calc(100vw - 32px), (max-width: 1076px) calc(100vw - 44px), 850px\"><img fetchpriority=\"high\" decoding=\"auto\" src=\"https:\/\/s.france24.com\/media\/display\/3bdea24e-a7ff-11f1-bcb8-005056a97e36\/w:1024\/p:16x9\/ES-20260903-200246-200858-CS.jpg\" srcset=\"https:\/\/s.france24.com\/media\/display\/3bdea24e-a7ff-11f1-bcb8-005056a97e36\/w:388\/p:16x9\/ES-20260903-200246-200858-CS.jpg 388w, https:\/\/s.france24.com\/media\/display\/3bdea24e-a7ff-11f1-bcb8-005056a97e36\/w:720\/p:16x9\/ES-20260903-200246-200858-CS.jpg 720w, https:\/\/s.france24.com\/media\/display\/3bdea24e-a7ff-11f1-bcb8-005056a97e36\/w:1024\/p:16x9\/ES-20260903-200246-200858-CS.jpg 1024w\" sizes=\"(max-width: 639px) calc(100vw - 32px), (max-width: 1076px) calc(100vw - 44px), 850px\" width=\"1024\" height=\"576\" alt loading=\"eager\" class=\"a-img \">\n<\/picture><figcaption class=\"a-figcaption\"> Imagen de portada: \u00a9 France 24 <\/figcaption><\/figure>\n<\/p><\/div>\n<\/div>\n<p>Milei se refiri\u00f3 en particular al proyecto de extracci\u00f3n de <a href=\"https:\/\/www.france24.com\/es\/tag\/petr\u00f3leo\/\" target=\"_self\">crudo<\/a> en las islas de la <strong>israel\u00ed Navitas y la brit\u00e1nica Rockhopper<\/strong>, que podr\u00eda marcar el inicio de la explotaci\u00f3n petrolera en el archipi\u00e9lago ocupado por el <a href=\"https:\/\/www.france24.com\/es\/tag\/reino-unido\/\" target=\"_self\">Reino Unido<\/a> desde 1833.<\/p>\n<blockquote class=\"quote\" readability=\"8\">\n<p>\u00abSi hoy no actuamos con firmeza y celeridad en pocos meses tendr\u00e1n la capacidad material de apropiarse de las reservas de petr\u00f3leo que yacen bajo nuestro mar, algo que no hab\u00eda ocurrido nunca antes hasta ahora\u00bb.<\/p>\n<\/blockquote>\n<p>Argentina ya sancion\u00f3 a Rockhopper en 2013 y a Navitas en 2022. En las islas tambi\u00e9n tienen licencias exploratorias la petrolera brit\u00e1nica Borders &amp; Southern y la canadiense JHI.<\/p>\n<p>Milei invit\u00f3 \u00aba toda la dirigencia econ\u00f3mica, pol\u00edtica y social\u00bb a formar \u00abun frente com\u00fan\u00bb para ejercer la soberan\u00eda sobre el archipi\u00e9lago, y concluy\u00f3 su mensaje exhortando a que <strong>\u00abhagamos a Argentina grande otra vez\u00bb<\/strong>, parafraseando el lema del Gobierno de su aliado <a href=\"https:\/\/www.france24.com\/es\/tag\/donald-trump\/\" target=\"_self\">Donald Trump<\/a>.<\/p>\n<p class=\"a-read-more\"><span class=\"a-read-more__label\">Leer tambi\u00e9n<\/span><a href=\"https:\/\/www.france24.com\/es\/ciencia-y-tecnolog\u00edas\/20260830-peter-thiel-el-magnate-que-impulsa-una-sociedad-secreta-de-poderosos-y-al-que-rechazan-en-argentina\" target=\"_self\" class=\"a-read-more__link\">Peter Thiel, el magnate que impulsa una \u201csociedad secreta\u201d de poderosos y al que rechazan en Argentina<\/a><\/p>\n<h2><strong>Consejo de Seguridad Nacional<\/strong><\/h2>\n<p>Seg\u00fan anticip\u00f3 el presidente, el proyecto de ley que impulsar\u00e1 tambi\u00e9n crear\u00e1 el Consejo de Seguridad Nacional, que \u00abestablecer\u00e1 un marco para la protecci\u00f3n de la infraestructura cr\u00edtica y para la protecci\u00f3n aeroespacial y mar\u00edtima\u00bb de Argentina.<\/p>\n<p>\u00abUn pa\u00eds pobre y sin <a href=\"https:\/\/www.france24.com\/es\/tag\/fuerzas-armadas\/\" target=\"_self\">Fuerzas Armadas<\/a>, dif\u00edcilmente puede avanzar de forma efectiva en sus reclamos soberanos\u00bb, afirm\u00f3 Milei, quien a\u00f1adi\u00f3 que \u00abproteger el Atl\u00e1ntico sur tambi\u00e9n es una cuesti\u00f3n de seguridad nacional\u00bb.<\/p>\n<p>Plante\u00f3, adem\u00e1s, que las grandes naciones competir\u00e1n por los recursos necesarios \u00abpara alimentar el crecimiento que traer\u00e1 la era de la <a href=\"https:\/\/www.france24.com\/es\/tag\/inteligencia-artificial\/\" target=\"_self\">inteligencia artificial<\/a>\u00bb y que, \u00aben esa disputa, la <a href=\"https:\/\/www.france24.com\/es\/tag\/ant\u00e1rtida\/\" target=\"_self\">Ant\u00e1rtida<\/a> ser\u00e1 uno de los principales focos de inter\u00e9s y competencia\u00bb.<\/p>\n<h2><strong>Trump y el \u00abdeclive\u00bb del Reino Unido<\/strong><\/h2>\n<p>Milei asegur\u00f3 que en el \u00abmundo corren vientos de cambio favorables\u00bb al reclamo argentino de soberan\u00eda y se refiri\u00f3 a las recientes declaraciones del presidente de <a href=\"https:\/\/www.france24.com\/es\/tag\/estados-unidos\/\" target=\"_self\">Estados Unidos<\/a>, Donald Trump, quien dijo estar dispuesto a <strong>\u00abrevisar\u00bb la posici\u00f3n de neutralidad <\/strong>en la disputa entre Argentina y el Reino Unido.<\/p>\n<div class=\"m-em-video\">\n<div class=\"o-video-player o-video-player--16x9\" data-media-video-wbmz417570-f24-es-20260904 data-show-hidden-video-player=\"WBMZ417570-F24-ES-20260904\" data-wrapper-video-player data-youtube-script>\n<div class=\"o-em-consent \" readability=\"7\">\n<div class=\"o-em-consent__content\" readability=\"34\">\n<p class=\"o-em-consent__content__text\">Para mostrar este contenido de YouTube, debe autorizar las cookies de medici\u00f3n de audiencia y publicidad.<\/p>\n<p> <button class=\"a-master-button a-master-button--dark\" data-action=\"accept\"> Aceptar <svg class=\"a-svg a-svg--icon-check\"> <use xlink:href=\"\/build\/images\/svg\/sprite.68b43361c11f23b39049016b32e6ae31.svg#icon-check\" href=\"\/build\/images\/svg\/sprite.68b43361c11f23b39049016b32e6ae31.svg#icon-check\" \/> <\/svg> <\/button> <button class=\"a-link\" data-action=\"manage\">Gestionar mis opciones <svg class=\"a-svg a-svg--icon-edit\"> <use xlink:href=\"\/build\/images\/svg\/sprite.68b43361c11f23b39049016b32e6ae31.svg#icon-edit\" href=\"\/build\/images\/svg\/sprite.68b43361c11f23b39049016b32e6ae31.svg#icon-edit\" \/> <\/svg><br \/>\n<\/button> <\/div>\n<\/div>\n<div class=\"o-em-adblock\" data-adblock-content readability=\"7\">\n<div class=\"o-em-adblock__content\" readability=\"34\">\n<p class=\"o-em-adblock__content__text\">Una extensi\u00f3n de tu navegador parece estar bloqueando la carga del reproductor de video. Para poder ver este contenido, debes desactivarla en este sitio.<\/p>\n<p> <button class=\"a-master-button a-master-button--dark\" data-action=\"reload\">Reintentar<\/button> <\/div>\n<\/div>\n<figure class=\"m-item-image m-item-image--16x9 m-item-image--has-caption\"> <picture class=\"a-picture a-picture--16x9\"><source type=\"image\/webp\" srcset=\"https:\/\/s.france24.com\/media\/display\/9b4dbf3e-a5a8-11f1-b91b-005056a90284\/w:388\/p:16x9\/ES-20260831-200653-200950-CS.webp 388w, https:\/\/s.france24.com\/media\/display\/9b4dbf3e-a5a8-11f1-b91b-005056a90284\/w:720\/p:16x9\/ES-20260831-200653-200950-CS.webp 720w, https:\/\/s.france24.com\/media\/display\/9b4dbf3e-a5a8-11f1-b91b-005056a90284\/w:1024\/p:16x9\/ES-20260831-200653-200950-CS.webp 1024w\" sizes=\"(max-width: 639px) calc(100vw - 32px), (max-width: 1076px) calc(100vw - 44px), 850px\"><img fetchpriority=\"high\" decoding=\"auto\" src=\"https:\/\/s.france24.com\/media\/display\/9b4dbf3e-a5a8-11f1-b91b-005056a90284\/w:1024\/p:16x9\/ES-20260831-200653-200950-CS.jpg\" srcset=\"https:\/\/s.france24.com\/media\/display\/9b4dbf3e-a5a8-11f1-b91b-005056a90284\/w:388\/p:16x9\/ES-20260831-200653-200950-CS.jpg 388w, https:\/\/s.france24.com\/media\/display\/9b4dbf3e-a5a8-11f1-b91b-005056a90284\/w:720\/p:16x9\/ES-20260831-200653-200950-CS.jpg 720w, https:\/\/s.france24.com\/media\/display\/9b4dbf3e-a5a8-11f1-b91b-005056a90284\/w:1024\/p:16x9\/ES-20260831-200653-200950-CS.jpg 1024w\" sizes=\"(max-width: 639px) calc(100vw - 32px), (max-width: 1076px) calc(100vw - 44px), 850px\" width=\"1024\" height=\"576\" alt loading=\"eager\" class=\"a-img \">\n<\/picture><figcaption class=\"a-figcaption\"> Imagen de portada: \u00a9 France 24 <\/figcaption><\/figure>\n<\/p><\/div>\n<\/div>\n<blockquote class=\"quote\" readability=\"6\">\n<p>\u00abTrump declar\u00f3 que los Estados Unidos est\u00e1n revaluando su posici\u00f3n hist\u00f3rica con relaci\u00f3n a Malvinas\u00bb<\/p>\n<\/blockquote>\n<p>\u00abEsta amenaza no es inocua. Los Estados Unidos eval\u00faan ese cambio de posici\u00f3n porque saben que en la Argentina tienen un socio confiable, alineado con los valores occidentales, en una posici\u00f3n de relevancia estrat\u00e9gica, que puede ser un aliado valioso en las d\u00e9cadas por venir\u00bb, afirm\u00f3.<\/p>\n<p>Asever\u00f3 que el Reino Unido enfrenta \u00abm\u00faltiples crisis de car\u00e1cter migratorio, demogr\u00e1fico y econ\u00f3mico, que dif\u00edcilmente tengan soluci\u00f3n\u00bb y que est\u00e1 \u00abclaro que ellos recorren un camino de declive\u00bb.<\/p>\n<p>Por el contrario, a su juicio, \u00abel futuro de Argentina es floreciente y va a prevalecer\u00bb.<\/p>\n<p>Con EFE y medios locales<\/p>\n","protected":false},"excerpt":{"rendered":"<p>El presidente argentino, Javier Milei, reaviv\u00f3 la&#46;&#46;&#46;<\/p>\n","protected":false},"author":1,"featured_media":412349,"comment_status":"closed","ping_status":"closed","sticky":false,"template":"","format":"standard","meta":{"_jetpack_newsletter_access":"","_jetpack_dont_email_post_to_subs":false,"_jetpack_newsletter_tier_id":0,"_jetpack_memberships_contains_paywalled_content":false,"_jetpack_feature_clip_id":0,"_jetpack_memberships_contains_paid_content":false,"footnotes":"","jetpack_publicize_message":"","jetpack_publicize_feature_enabled":true,"jetpack_social_post_already_shared":true,"jetpack_social_options":{"image_generator_settings":{"template":"highway","default_image_id":0,"font":"","enabled":false},"version":2},"jetpack_post_was_ever_published":false},"categories":[43],"tags":[],"class_list":["post-412348","post","type-post","status-publish","format-standard","has-post-thumbnail","hentry","category-internacionales"],"yoast_head":"<!-- This site is optimized with the Yoast SEO plugin v28.1 - https:\/\/yoast.com\/product\/yoast-seo-wordpress\/ -->\n<title>&quot;Las Malvinas son argentinas&quot;: Milei activar\u00e1 mecanismos para ejercer soberan\u00eda en las islas - Sarmiento24h<\/title>\n<meta name=\"robots\" content=\"index, follow, max-snippet:-1, max-image-preview:large, max-video-preview:-1\" \/>\n<link rel=\"canonical\" href=\"https:\/\/sarmiento24h.com\/?p=412348\" \/>\n<meta property=\"og:locale\" content=\"es_ES\" \/>\n<meta property=\"og:type\" content=\"article\" \/>\n<meta property=\"og:title\" content=\"&quot;Las Malvinas son argentinas&quot;: Milei activar\u00e1 mecanismos para ejercer soberan\u00eda en las islas - Sarmiento24h\" \/>\n<meta property=\"og:description\" content=\"El presidente argentino, Javier Milei, reaviv\u00f3 la&#046;&#046;&#046;\" \/>\n<meta property=\"og:url\" content=\"https:\/\/sarmiento24h.com\/?p=412348\" \/>\n<meta property=\"og:site_name\" content=\"Sarmiento24h\" \/>\n<meta property=\"article:publisher\" content=\"https:\/\/facebook.com\/s24hnoticias\" \/>\n<meta property=\"article:published_time\" content=\"2026-09-04T03:07:01+00:00\" \/>\n<meta property=\"og:image\" content=\"https:\/\/s.france24.com\/media\/display\/3bdea24e-a7ff-11f1-bcb8-005056a97e36\/w:1024\/p:16x9\/ES-20260903-200246-200858-CS.jpg\" \/>\n<meta name=\"author\" content=\"sarmiento24h@gmail.com\" \/>\n<meta name=\"twitter:card\" content=\"summary_large_image\" \/>\n<meta name=\"twitter:creator\" content=\"@sarmiento24h\" \/>\n<meta name=\"twitter:site\" content=\"@sarmiento24h\" \/>\n<meta name=\"twitter:label1\" content=\"Escrito por\" \/>\n\t<meta name=\"twitter:data1\" content=\"sarmiento24h@gmail.com\" \/>\n\t<meta name=\"twitter:label2\" content=\"Tiempo de lectura\" \/>\n\t<meta name=\"twitter:data2\" content=\"5 minutos\" \/>\n<script type=\"application\/ld+json\" class=\"yoast-schema-graph\">{\"@context\":\"https:\\\/\\\/schema.org\",\"@graph\":[{\"@type\":\"Article\",\"@id\":\"https:\\\/\\\/sarmiento24h.com\\\/?p=412348#article\",\"isPartOf\":{\"@id\":\"https:\\\/\\\/sarmiento24h.com\\\/?p=412348\"},\"author\":{\"name\":\"sarmiento24h@gmail.com\",\"@id\":\"https:\\\/\\\/sarmiento24h.com\\\/#\\\/schema\\\/person\\\/d653a59725ad629a7e0429af7b939d4d\"},\"headline\":\"\u00abLas Malvinas son argentinas\u00bb: Milei activar\u00e1 mecanismos para ejercer soberan\u00eda en las islas\",\"datePublished\":\"2026-09-04T03:07:01+00:00\",\"mainEntityOfPage\":{\"@id\":\"https:\\\/\\\/sarmiento24h.com\\\/?p=412348\"},\"wordCount\":937,\"publisher\":{\"@id\":\"https:\\\/\\\/sarmiento24h.com\\\/#organization\"},\"image\":{\"@id\":\"https:\\\/\\\/sarmiento24h.com\\\/?p=412348#primaryimage\"},\"thumbnailUrl\":\"https:\\\/\\\/sarmiento24h.com\\\/wp-content\\\/uploads\\\/2026\\\/09\\\/las-malvinas-son-argentinas-milei-activara-mecanismos-para-ejercer-soberania-en-las-islas.jpg\",\"articleSection\":[\"Internacionales\"],\"inLanguage\":\"es\"},{\"@type\":\"WebPage\",\"@id\":\"https:\\\/\\\/sarmiento24h.com\\\/?p=412348\",\"url\":\"https:\\\/\\\/sarmiento24h.com\\\/?p=412348\",\"name\":\"\\\"Las Malvinas son argentinas\\\": Milei activar\u00e1 mecanismos para ejercer soberan\u00eda en las islas - Sarmiento24h\",\"isPartOf\":{\"@id\":\"https:\\\/\\\/sarmiento24h.com\\\/#website\"},\"primaryImageOfPage\":{\"@id\":\"https:\\\/\\\/sarmiento24h.com\\\/?p=412348#primaryimage\"},\"image\":{\"@id\":\"https:\\\/\\\/sarmiento24h.com\\\/?p=412348#primaryimage\"},\"thumbnailUrl\":\"https:\\\/\\\/sarmiento24h.com\\\/wp-content\\\/uploads\\\/2026\\\/09\\\/las-malvinas-son-argentinas-milei-activara-mecanismos-para-ejercer-soberania-en-las-islas.jpg\",\"datePublished\":\"2026-09-04T03:07:01+00:00\",\"breadcrumb\":{\"@id\":\"https:\\\/\\\/sarmiento24h.com\\\/?p=412348#breadcrumb\"},\"inLanguage\":\"es\",\"potentialAction\":[{\"@type\":\"ReadAction\",\"target\":[\"https:\\\/\\\/sarmiento24h.com\\\/?p=412348\"]}]},{\"@type\":\"ImageObject\",\"inLanguage\":\"es\",\"@id\":\"https:\\\/\\\/sarmiento24h.com\\\/?p=412348#primaryimage\",\"url\":\"https:\\\/\\\/sarmiento24h.com\\\/wp-content\\\/uploads\\\/2026\\\/09\\\/las-malvinas-son-argentinas-milei-activara-mecanismos-para-ejercer-soberania-en-las-islas.jpg\",\"contentUrl\":\"https:\\\/\\\/sarmiento24h.com\\\/wp-content\\\/uploads\\\/2026\\\/09\\\/las-malvinas-son-argentinas-milei-activara-mecanismos-para-ejercer-soberania-en-las-islas.jpg\",\"width\":1024,\"height\":576},{\"@type\":\"BreadcrumbList\",\"@id\":\"https:\\\/\\\/sarmiento24h.com\\\/?p=412348#breadcrumb\",\"itemListElement\":[{\"@type\":\"ListItem\",\"position\":1,\"name\":\"Home\",\"item\":\"https:\\\/\\\/sarmiento24h.com\\\/\"},{\"@type\":\"ListItem\",\"position\":2,\"name\":\"\u00abLas Malvinas son argentinas\u00bb: Milei activar\u00e1 mecanismos para ejercer soberan\u00eda en las islas\"}]},{\"@type\":\"WebSite\",\"@id\":\"https:\\\/\\\/sarmiento24h.com\\\/#website\",\"url\":\"https:\\\/\\\/sarmiento24h.com\\\/\",\"name\":\"Sarmiento24h\",\"description\":\"\",\"publisher\":{\"@id\":\"https:\\\/\\\/sarmiento24h.com\\\/#organization\"},\"potentialAction\":[{\"@type\":\"SearchAction\",\"target\":{\"@type\":\"EntryPoint\",\"urlTemplate\":\"https:\\\/\\\/sarmiento24h.com\\\/?s={search_term_string}\"},\"query-input\":{\"@type\":\"PropertyValueSpecification\",\"valueRequired\":true,\"valueName\":\"search_term_string\"}}],\"inLanguage\":\"es\"},{\"@type\":\"Organization\",\"@id\":\"https:\\\/\\\/sarmiento24h.com\\\/#organization\",\"name\":\"Sarmiento24h\",\"url\":\"https:\\\/\\\/sarmiento24h.com\\\/\",\"logo\":{\"@type\":\"ImageObject\",\"inLanguage\":\"es\",\"@id\":\"https:\\\/\\\/sarmiento24h.com\\\/#\\\/schema\\\/logo\\\/image\\\/\",\"url\":\"https:\\\/\\\/sarmiento24h.com\\\/wp-content\\\/uploads\\\/2025\\\/12\\\/AddText_12-16-10.30.52.jpg\",\"contentUrl\":\"https:\\\/\\\/sarmiento24h.com\\\/wp-content\\\/uploads\\\/2025\\\/12\\\/AddText_12-16-10.30.52.jpg\",\"width\":1220,\"height\":324,\"caption\":\"Sarmiento24h\"},\"image\":{\"@id\":\"https:\\\/\\\/sarmiento24h.com\\\/#\\\/schema\\\/logo\\\/image\\\/\"},\"sameAs\":[\"https:\\\/\\\/facebook.com\\\/s24hnoticias\",\"https:\\\/\\\/x.com\\\/sarmiento24h\"]},{\"@type\":\"Person\",\"@id\":\"https:\\\/\\\/sarmiento24h.com\\\/#\\\/schema\\\/person\\\/d653a59725ad629a7e0429af7b939d4d\",\"name\":\"sarmiento24h@gmail.com\",\"image\":{\"@type\":\"ImageObject\",\"inLanguage\":\"es\",\"@id\":\"https:\\\/\\\/sarmiento24h.com\\\/wp-content\\\/litespeed\\\/avatar\\\/d02cbc4e23c747e6659cd45907173c8f.jpg?ver=1788047690\",\"url\":\"https:\\\/\\\/sarmiento24h.com\\\/wp-content\\\/litespeed\\\/avatar\\\/d02cbc4e23c747e6659cd45907173c8f.jpg?ver=1788047690\",\"contentUrl\":\"https:\\\/\\\/sarmiento24h.com\\\/wp-content\\\/litespeed\\\/avatar\\\/d02cbc4e23c747e6659cd45907173c8f.jpg?ver=1788047690\",\"caption\":\"sarmiento24h@gmail.com\"},\"sameAs\":[\"https:\\\/\\\/sarmiento24h.com\"],\"url\":\"https:\\\/\\\/sarmiento24h.com\\\/?author=1\"}]}<\/script>\n<!-- \/ Yoast SEO plugin. -->","yoast_head_json":{"title":"\"Las Malvinas son argentinas\": Milei activar\u00e1 mecanismos para ejercer soberan\u00eda en las islas - Sarmiento24h","robots":{"index":"index","follow":"follow","max-snippet":"max-snippet:-1","max-image-preview":"max-image-preview:large","max-video-preview":"max-video-preview:-1"},"canonical":"https:\/\/sarmiento24h.com\/?p=412348","og_locale":"es_ES","og_type":"article","og_title":"\"Las Malvinas son argentinas\": Milei activar\u00e1 mecanismos para ejercer soberan\u00eda en las islas - Sarmiento24h","og_description":"El presidente argentino, Javier Milei, reaviv\u00f3 la&#46;&#46;&#46;","og_url":"https:\/\/sarmiento24h.com\/?p=412348","og_site_name":"Sarmiento24h","article_publisher":"https:\/\/facebook.com\/s24hnoticias","article_published_time":"2026-09-04T03:07:01+00:00","og_image":[{"url":"https:\/\/s.france24.com\/media\/display\/3bdea24e-a7ff-11f1-bcb8-005056a97e36\/w:1024\/p:16x9\/ES-20260903-200246-200858-CS.jpg","type":"","width":"","height":""}],"author":"sarmiento24h@gmail.com","twitter_card":"summary_large_image","twitter_creator":"@sarmiento24h","twitter_site":"@sarmiento24h","twitter_misc":{"Escrito por":"sarmiento24h@gmail.com","Tiempo de lectura":"5 minutos"},"schema":{"@context":"https:\/\/schema.org","@graph":[{"@type":"Article","@id":"https:\/\/sarmiento24h.com\/?p=412348#article","isPartOf":{"@id":"https:\/\/sarmiento24h.com\/?p=412348"},"author":{"name":"sarmiento24h@gmail.com","@id":"https:\/\/sarmiento24h.com\/#\/schema\/person\/d653a59725ad629a7e0429af7b939d4d"},"headline":"\u00abLas Malvinas son argentinas\u00bb: Milei activar\u00e1 mecanismos para ejercer soberan\u00eda en las islas","datePublished":"2026-09-04T03:07:01+00:00","mainEntityOfPage":{"@id":"https:\/\/sarmiento24h.com\/?p=412348"},"wordCount":937,"publisher":{"@id":"https:\/\/sarmiento24h.com\/#organization"},"image":{"@id":"https:\/\/sarmiento24h.com\/?p=412348#primaryimage"},"thumbnailUrl":"https:\/\/sarmiento24h.com\/wp-content\/uploads\/2026\/09\/las-malvinas-son-argentinas-milei-activara-mecanismos-para-ejercer-soberania-en-las-islas.jpg","articleSection":["Internacionales"],"inLanguage":"es"},{"@type":"WebPage","@id":"https:\/\/sarmiento24h.com\/?p=412348","url":"https:\/\/sarmiento24h.com\/?p=412348","name":"\"Las Malvinas son argentinas\": Milei activar\u00e1 mecanismos para ejercer soberan\u00eda en las islas - Sarmiento24h","isPartOf":{"@id":"https:\/\/sarmiento24h.com\/#website"},"primaryImageOfPage":{"@id":"https:\/\/sarmiento24h.com\/?p=412348#primaryimage"},"image":{"@id":"https:\/\/sarmiento24h.com\/?p=412348#primaryimage"},"thumbnailUrl":"https:\/\/sarmiento24h.com\/wp-content\/uploads\/2026\/09\/las-malvinas-son-argentinas-milei-activara-mecanismos-para-ejercer-soberania-en-las-islas.jpg","datePublished":"2026-09-04T03:07:01+00:00","breadcrumb":{"@id":"https:\/\/sarmiento24h.com\/?p=412348#breadcrumb"},"inLanguage":"es","potentialAction":[{"@type":"ReadAction","target":["https:\/\/sarmiento24h.com\/?p=412348"]}]},{"@type":"ImageObject","inLanguage":"es","@id":"https:\/\/sarmiento24h.com\/?p=412348#primaryimage","url":"https:\/\/sarmiento24h.com\/wp-content\/uploads\/2026\/09\/las-malvinas-son-argentinas-milei-activara-mecanismos-para-ejercer-soberania-en-las-islas.jpg","contentUrl":"https:\/\/sarmiento24h.com\/wp-content\/uploads\/2026\/09\/las-malvinas-son-argentinas-milei-activara-mecanismos-para-ejercer-soberania-en-las-islas.jpg","width":1024,"height":576},{"@type":"BreadcrumbList","@id":"https:\/\/sarmiento24h.com\/?p=412348#breadcrumb","itemListElement":[{"@type":"ListItem","position":1,"name":"Home","item":"https:\/\/sarmiento24h.com\/"},{"@type":"ListItem","position":2,"name":"\u00abLas Malvinas son argentinas\u00bb: Milei activar\u00e1 mecanismos para ejercer soberan\u00eda en las islas"}]},{"@type":"WebSite","@id":"https:\/\/sarmiento24h.com\/#website","url":"https:\/\/sarmiento24h.com\/","name":"Sarmiento24h","description":"","publisher":{"@id":"https:\/\/sarmiento24h.com\/#organization"},"potentialAction":[{"@type":"SearchAction","target":{"@type":"EntryPoint","urlTemplate":"https:\/\/sarmiento24h.com\/?s={search_term_string}"},"query-input":{"@type":"PropertyValueSpecification","valueRequired":true,"valueName":"search_term_string"}}],"inLanguage":"es"},{"@type":"Organization","@id":"https:\/\/sarmiento24h.com\/#organization","name":"Sarmiento24h","url":"https:\/\/sarmiento24h.com\/","logo":{"@type":"ImageObject","inLanguage":"es","@id":"https:\/\/sarmiento24h.com\/#\/schema\/logo\/image\/","url":"https:\/\/sarmiento24h.com\/wp-content\/uploads\/2025\/12\/AddText_12-16-10.30.52.jpg","contentUrl":"https:\/\/sarmiento24h.com\/wp-content\/uploads\/2025\/12\/AddText_12-16-10.30.52.jpg","width":1220,"height":324,"caption":"Sarmiento24h"},"image":{"@id":"https:\/\/sarmiento24h.com\/#\/schema\/logo\/image\/"},"sameAs":["https:\/\/facebook.com\/s24hnoticias","https:\/\/x.com\/sarmiento24h"]},{"@type":"Person","@id":"https:\/\/sarmiento24h.com\/#\/schema\/person\/d653a59725ad629a7e0429af7b939d4d","name":"sarmiento24h@gmail.com","image":{"@type":"ImageObject","inLanguage":"es","@id":"https:\/\/sarmiento24h.com\/wp-content\/litespeed\/avatar\/d02cbc4e23c747e6659cd45907173c8f.jpg?ver=1788047690","url":"https:\/\/sarmiento24h.com\/wp-content\/litespeed\/avatar\/d02cbc4e23c747e6659cd45907173c8f.jpg?ver=1788047690","contentUrl":"https:\/\/sarmiento24h.com\/wp-content\/litespeed\/avatar\/d02cbc4e23c747e6659cd45907173c8f.jpg?ver=1788047690","caption":"sarmiento24h@gmail.com"},"sameAs":["https:\/\/sarmiento24h.com"],"url":"https:\/\/sarmiento24h.com\/?author=1"}]}},"jetpack_publicize_connections":[],"jetpack_featured_media_url":"https:\/\/sarmiento24h.com\/wp-content\/uploads\/2026\/09\/las-malvinas-son-argentinas-milei-activara-mecanismos-para-ejercer-soberania-en-las-islas.jpg","jetpack_sharing_enabled":true,"_links":{"self":[{"href":"https:\/\/sarmiento24h.com\/index.php?rest_route=\/wp\/v2\/posts\/412348","targetHints":{"allow":["GET"]}}],"collection":[{"href":"https:\/\/sarmiento24h.com\/index.php?rest_route=\/wp\/v2\/posts"}],"about":[{"href":"https:\/\/sarmiento24h.com\/index.php?rest_route=\/wp\/v2\/types\/post"}],"author":[{"embeddable":true,"href":"https:\/\/sarmiento24h.com\/index.php?rest_route=\/wp\/v2\/users\/1"}],"replies":[{"embeddable":true,"href":"https:\/\/sarmiento24h.com\/index.php?rest_route=%2Fwp%2Fv2%2Fcomments&post=412348"}],"version-history":[{"count":0,"href":"https:\/\/sarmiento24h.com\/index.php?rest_route=\/wp\/v2\/posts\/412348\/revisions"}],"wp:featuredmedia":[{"embeddable":true,"href":"https:\/\/sarmiento24h.com\/index.php?rest_route=\/wp\/v2\/media\/412349"}],"wp:attachment":[{"href":"https:\/\/sarmiento24h.com\/index.php?rest_route=%2Fwp%2Fv2%2Fmedia&parent=412348"}],"wp:term":[{"taxonomy":"category","embeddable":true,"href":"https:\/\/sarmiento24h.com\/index.php?rest_route=%2Fwp%2Fv2%2Fcategories&post=412348"},{"taxonomy":"post_tag","embeddable":true,"href":"https:\/\/sarmiento24h.com\/index.php?rest_route=%2Fwp%2Fv2%2Ftags&post=412348"}],"curies":[{"name":"wp","href":"https:\/\/api.w.org\/{rel}","templated":true}]}}