{"id":412983,"date":"2026-09-04T12:58:14","date_gmt":"2026-09-04T12:58:14","guid":{"rendered":"http:\/\/6fd08b0c-a85a-11f1-b0af-6be82c255321"},"modified":"2026-09-04T12:58:14","modified_gmt":"2026-09-04T12:58:14","slug":"en-directo-israel-afirma-que-desalojo-a-combatientes-de-hezbola-de-tuneles-bajo-estrategica-cordillera-libanesa","status":"publish","type":"post","link":"https:\/\/sarmiento24h.com\/?p=412983","title":{"rendered":"En directo: Israel afirma que desaloj\u00f3 a combatientes de Hezbol\u00e1 de t\u00faneles bajo estrat\u00e9gica cordillera libanesa"},"content":{"rendered":"<nav class=\"m-breadcrumb\">\n<ol class=\"m-breadcrumb__list\">\n<li class=\"m-breadcrumb__list__item\"><a href=\"https:\/\/www.france24.com\/es\/\" class=\"m-breadcrumb__list__item__link\"> Portada <\/a><\/li>\n<li class=\"m-breadcrumb__list__item\"> <svg class=\"a-svg a-svg--icon-caret-right a-svg--rotate-minus-90\"> <use xlink:href=\"\/build\/images\/svg\/sprite.68b43361c11f23b39049016b32e6ae31.svg#icon-caret-down\" href=\"\/build\/images\/svg\/sprite.68b43361c11f23b39049016b32e6ae31.svg#icon-caret-down\" \/> <\/svg><br \/>\n<a href=\"https:\/\/www.france24.com\/es\/medio-oriente\/\" class=\"m-breadcrumb__list__item__link\"> Medio Oriente <\/a><\/li>\n<\/ol>\n<\/nav>\n<div class=\"t-content__above-main\">\n<p>En Directo<\/p>\n<div class=\"m-master-tag\">\n<p> <span class=\"a-section-color\"><\/span> Medio Oriente <\/p>\n<\/p><\/div>\n<div class=\"t-content__metadata\" readability=\"5.4953271028037\">\n<div class=\"t-content__dates\" readability=\"32\">\n<p class=\"m-pub-dates\"><span class=\"m-pub-dates__date\">Primera modificaci\u00f3n: <time datetime=\"2026-09-04T12:31:27+00:00\" pubdate=\"pubdate\">04\/09\/2026 &#8211; 14:31<\/time><\/span><span class=\"m-pub-dates__date\">\u00daltima modificaci\u00f3n: <time datetime=\"2026-09-04T12:44:50+00:00\">04\/09\/2026 &#8211; 14:44<\/time><\/span><\/p>\n<\/p><\/div>\n<\/p><\/div>\n<div class=\"t-content__main-media\">\n<figure class=\"m-item-image m-item-image--16x9 m-item-image--has-caption\"> <picture class=\"a-picture a-picture--16x9\"><source type=\"image\/webp\" srcset=\"https:\/\/s.france24.com\/media\/display\/e33854ca-a85b-11f1-93d1-005056a90284\/w:388\/p:16x9\/2026-08-21T130746Z-855523697-RC2Y2NAYG15A-RTRMADP-3-IRAN-CRISIS-LEBANON-ISRAEL.webp 388w, https:\/\/s.france24.com\/media\/display\/e33854ca-a85b-11f1-93d1-005056a90284\/w:720\/p:16x9\/2026-08-21T130746Z-855523697-RC2Y2NAYG15A-RTRMADP-3-IRAN-CRISIS-LEBANON-ISRAEL.webp 720w, https:\/\/s.france24.com\/media\/display\/e33854ca-a85b-11f1-93d1-005056a90284\/w:1024\/p:16x9\/2026-08-21T130746Z-855523697-RC2Y2NAYG15A-RTRMADP-3-IRAN-CRISIS-LEBANON-ISRAEL.webp 1024w\" sizes=\"(max-width: 1076px) 100vw, 1012px\"><img fetchpriority=\"high\" decoding=\"auto\" src=\"https:\/\/s.france24.com\/media\/display\/e33854ca-a85b-11f1-93d1-005056a90284\/w:1024\/p:16x9\/2026-08-21T130746Z-855523697-RC2Y2NAYG15A-RTRMADP-3-IRAN-CRISIS-LEBANON-ISRAEL.jpg\" srcset=\"https:\/\/s.france24.com\/media\/display\/e33854ca-a85b-11f1-93d1-005056a90284\/w:388\/p:16x9\/2026-08-21T130746Z-855523697-RC2Y2NAYG15A-RTRMADP-3-IRAN-CRISIS-LEBANON-ISRAEL.jpg 388w, https:\/\/s.france24.com\/media\/display\/e33854ca-a85b-11f1-93d1-005056a90284\/w:720\/p:16x9\/2026-08-21T130746Z-855523697-RC2Y2NAYG15A-RTRMADP-3-IRAN-CRISIS-LEBANON-ISRAEL.jpg 720w, https:\/\/s.france24.com\/media\/display\/e33854ca-a85b-11f1-93d1-005056a90284\/w:1024\/p:16x9\/2026-08-21T130746Z-855523697-RC2Y2NAYG15A-RTRMADP-3-IRAN-CRISIS-LEBANON-ISRAEL.jpg 1024w\" sizes=\"(max-width: 1076px) 100vw, 1012px\" width=\"1024\" height=\"576\" alt=\"Archivo: se observa humo en el lado liban\u00e9s, cerca de la frontera entre Israel y L\u00edbano, tras una explosi\u00f3n, vista desde el lado israel\u00ed, 21 de agosto de 2026. Fotograf\u00eda tomada con un tel\u00e9fono m\u00f3vil.\" loading=\"eager\" class=\"a-img \">\n<\/picture><figcaption class=\"a-figcaption\"> Archivo: se observa humo en el lado liban\u00e9s, cerca de la frontera entre Israel y L\u00edbano, tras una explosi\u00f3n, vista desde el lado israel\u00ed, 21 de agosto de 2026. Fotograf\u00eda tomada con un tel\u00e9fono m\u00f3vil. \u00a9 Reuters\/Avi Ohayon <\/figcaption><\/figure>\n<\/div><\/div>\n<div class=\"t-content__main\" data-article-content readability=\"43.5\">\n<p class=\"t-content__chapo\"> El ministro de Defensa del Estado de mayor\u00eda jud\u00eda, Israel Katz, asegur\u00f3 este viernes 4 de septiembre que el Ej\u00e9rcito israel\u00ed desaloj\u00f3 a combatientes de Hezbol\u00e1 atrincherados en t\u00faneles bajo la estrat\u00e9gica cordillera Ali al-Taher, en el sur del L\u00edbano. El grupo chiita, respaldado por Ir\u00e1n, a\u00fan no se ha pronunciado al respecto. Por otra parte, Israel liber\u00f3 a cinco ciudadanos libaneses detenidos en el sur de su propio pa\u00eds, en el marco de las conversaciones entre Beirut y la Administraci\u00f3n de Benjamin Netanyahu. <\/p>\n<div class=\"t-content__body u-clearfix\" readability=\"33\">\n<h2><strong>Lo esencial:&nbsp;<\/strong><\/h2>\n<ul readability=\"-0.5\">\n<li readability=\"2\">\n<p>El Ej\u00e9rcito israel\u00ed desaloj\u00f3 a combatientes de Hezbol\u00e1 atrincherados en t\u00faneles bajo la estrat\u00e9gica cordillera Ali al-Taher, en el sur del L\u00edbano, seg\u00fan el ministro de Defensa Israel Katz.<\/p>\n<\/li>\n<li>Israel liber\u00f3 a cinco ciudadanos libaneses que manten\u00eda detenidos en el sur de su propio pa\u00eds. La entrega llega en el marco de las conversaciones entre Beirut y el Estado de mayor\u00eda jud\u00eda.<\/li>\n<li>Una investigaci\u00f3n de la agencia de noticias Reuters revel\u00f3 que las fuerzas estadounidenses en Medio Oriente desactivaron hace dos meses los rastreadores de sus m\u00f3viles y computadores ante un posible ataque.<\/li>\n<\/ul>\n<p>A continuaci\u00f3n, las principales noticias de Medio Oriente este viernes 4 de septiembre:&nbsp;<\/p>\n<div id=\"em-WBMZ417680-F24-ES-20260904\" class=\"m-em-liveblog\" data-liveblog readability=\"31.5\">\n<div readability=\"34.5\">\n<div readability=\"15\"> <time datetime=\"2026-09-04T12:35:36+00:00\">04\/09\/2026 &#8211; 14:35<\/time><\/p>\n<h2 aria-level=\"3\">El Comit\u00e9 Internacional de la Cruz Roja confirma la liberaci\u00f3n de cinco libaneses que estaban detenidos por Israel<\/h2>\n<p><strong>\u00abA petici\u00f3n de las partes implicadas, hemos facilitado el traslado al L\u00edbano de cinco personas que hab\u00edan sido puestas en libertad tras su detenci\u00f3n en Israel. Una de ellas fue trasladada el jueves y las otras cuatro el viernes, respetando plenamente la seguridad y la dignidad de las personas implicadas. Muchas familias en el L\u00edbano siguen esperando respuestas sobre la suerte que han corrido sus seres queridos, que podr\u00edan estar detenidos, fallecidos o en situaci\u00f3n de desaparecidos\u00bb, <\/strong>se\u00f1al\u00f3 el CICR en un mensaje difundido en sus redes sociales.<\/p>\n<\/p><\/div>\n<div readability=\"23\"> <time datetime=\"2026-09-04T12:32:28+00:00\">04\/09\/2026 &#8211; 14:32<\/time><\/p>\n<h2 aria-level=\"3\">Ej\u00e9rcito de EE. UU. desactiv\u00f3 rastreadores prublicitarios de sus dispositivos ante posible ataque en Medio Oriente<\/h2>\n<p>Funcionarios militares estadounidenses afirman que desactivaron los rastreadores publicitarios en diversos tel\u00e9fonos y computadoras, seg\u00fan cartas publicadas este viernes 4 de septiembre por el senador estadounidense Ron Wyden y fuentes citadas en un informe exclusivo de la agencia de noticias Reuters. Este hecho se produce tras informes que indican que se utilizaron datos de ubicaci\u00f3n disponibles comercialmente para atacar a las fuerzas estadounidenses en Oriente Medio.<\/p>\n<p>La Fuerza A\u00e9rea inform\u00f3 a Wyden que desactiv\u00f3 los identificadores publicitarios en computadoras y tel\u00e9fonos m\u00f3viles hace dos meses. El Comando de Operaciones Especiales de EE. UU. indic\u00f3 en una carta aparte que los hab\u00eda desactivado \u00abrecientemente\u00bb en sus dispositivos Windows. El Ej\u00e9rcito inform\u00f3 a Reuters que los identificadores de publicidad vinculados a dispositivos m\u00f3viles se desactivaron a principios de este a\u00f1o. Wyden, dem\u00f3crata de Oreg\u00f3n, ha presionado al Pent\u00e1gono sobre este tema durante meses.<\/p>\n<p>Estas revelaciones ponen de manifiesto una creciente preocupaci\u00f3n por la seguridad nacional: que los datos de ubicaci\u00f3n recopilados por la industria publicitaria y vendidos por intermediarios de datos \u2014empresas que recopilan y revenden datos personales\u2014 puedan utilizarse para rastrear y localizar al pe<\/p>\n<\/p><\/div>\n<div readability=\"13\"> <time datetime=\"2026-09-04T12:31:04+00:00\">04\/09\/2026 &#8211; 14:31<\/time><\/p>\n<h2 aria-level=\"3\">Israel afirma que desaloj\u00f3 a combatientes de Hezbol\u00e1 de una estrat\u00e9gica cordillera en el sur del L\u00edbano<\/h2>\n<p>Tropas israel\u00edes expulsaron a combatientes de Hezbol\u00e1 de los t\u00faneles bajo la estrat\u00e9gica cresta de Ali al-Taher, en el sur del L\u00edbano, seg\u00fan denunci\u00f3 el viernes el ministro de Defensa israel\u00ed, Israel Katz. Las fuerzas armadas israel\u00edes han ocupado amplias zonas del sur del L\u00edbano desde que lanzaron una nueva campa\u00f1a contra el grupo chi\u00ed en marzo. Siga nuestro blog en directo para estar al d\u00eda de las \u00faltimas novedades.<\/p>\n<\/p><\/div>\n<div readability=\"19\"> <time datetime=\"2026-09-04T12:28:51+00:00\">04\/09\/2026 &#8211; 14:28<\/time><\/p>\n<h2 aria-level=\"3\">Israel liberar\u00e1 a cinco detenidos libaneses en medio de conversaciones con Beirut<\/h2>\n<p>El Estado de mayor\u00eda jud\u00eda anunci\u00f3 la liberaci\u00f3n de cinco ciudadanos libaneses detenidos en el sur de su propio pa\u00eds, tras comprobar que no ten\u00edan v\u00ednculos con grupos militantes, inform\u00f3 la oficina del primer ministro Benjamin Netanyahu.<\/p>\n<p>La decisi\u00f3n se tom\u00f3 en el marco de las negociaciones con L\u00edbano para recuperar los restos de l\u00edderes de la comunidad jud\u00eda secuestrados y asesinados all\u00ed a mediados de la d\u00e9cada de 1980.<\/p>\n<p>Israel y L\u00edbano han realizado varios esfuerzos en los \u00faltimos meses para localizar los restos, incluyendo operaciones sobre el terreno, indic\u00f3 la oficina de Netanyahu.<\/p>\n<\/p><\/div>\n<p> <time datetime=\"2026-09-04T12:28:13+00:00\">04\/09\/2026 &#8211; 14:28<\/time><\/p>\n<h2 aria-level=\"3\">En directo: Israel afirma que desaloj\u00f3 a combatientes de Hezbol\u00e1 de t\u00faneles bajo estrat\u00e9gica cordillera libanesa<\/h2>\n<\/p>\n<div readability=\"8\"> <time datetime=\"2026-09-04T12:28:02+00:00\">04\/09\/2026 &#8211; 14:28<\/time> <\/p>\n<p><em>Bienvenidos a este minuto a minuto con las principales noticias de Medio Oriente este viernes 4 de septiembre.<\/em><\/p>\n<\/p><\/div>\n<\/p><\/div>\n<\/p><\/div>\n<\/p><\/div>\n<\/p><\/div>\n","protected":false},"excerpt":{"rendered":"<p>Portada Medio Oriente En Directo Medio Oriente&#46;&#46;&#46;<\/p>\n","protected":false},"author":1,"featured_media":412984,"comment_status":"closed","ping_status":"closed","sticky":false,"template":"","format":"standard","meta":{"_jetpack_newsletter_access":"","_jetpack_dont_email_post_to_subs":false,"_jetpack_newsletter_tier_id":0,"_jetpack_memberships_contains_paywalled_content":false,"_jetpack_feature_clip_id":0,"_jetpack_memberships_contains_paid_content":false,"footnotes":"","jetpack_publicize_message":"","jetpack_publicize_feature_enabled":true,"jetpack_social_post_already_shared":true,"jetpack_social_options":{"image_generator_settings":{"template":"highway","default_image_id":0,"font":"","enabled":false},"version":2},"jetpack_post_was_ever_published":false},"categories":[43],"tags":[],"class_list":["post-412983","post","type-post","status-publish","format-standard","has-post-thumbnail","hentry","category-internacionales"],"yoast_head":"<!-- This site is optimized with the Yoast SEO plugin v28.1 - https:\/\/yoast.com\/product\/yoast-seo-wordpress\/ -->\n<title>En directo: Israel afirma que desaloj\u00f3 a combatientes de Hezbol\u00e1 de t\u00faneles bajo estrat\u00e9gica cordillera libanesa - Sarmiento24h<\/title>\n<meta name=\"robots\" content=\"index, follow, max-snippet:-1, max-image-preview:large, max-video-preview:-1\" \/>\n<link rel=\"canonical\" href=\"https:\/\/sarmiento24h.com\/?p=412983\" \/>\n<meta property=\"og:locale\" content=\"es_ES\" \/>\n<meta property=\"og:type\" content=\"article\" \/>\n<meta property=\"og:title\" content=\"En directo: Israel afirma que desaloj\u00f3 a combatientes de Hezbol\u00e1 de t\u00faneles bajo estrat\u00e9gica cordillera libanesa - Sarmiento24h\" \/>\n<meta property=\"og:description\" content=\"Portada Medio Oriente En Directo Medio Oriente&#046;&#046;&#046;\" \/>\n<meta property=\"og:url\" content=\"https:\/\/sarmiento24h.com\/?p=412983\" \/>\n<meta property=\"og:site_name\" content=\"Sarmiento24h\" \/>\n<meta property=\"article:publisher\" content=\"https:\/\/facebook.com\/s24hnoticias\" \/>\n<meta property=\"article:published_time\" content=\"2026-09-04T12:58:14+00:00\" \/>\n<meta property=\"og:image\" content=\"https:\/\/s.france24.com\/media\/display\/e33854ca-a85b-11f1-93d1-005056a90284\/w:1024\/p:16x9\/2026-08-21T130746Z-855523697-RC2Y2NAYG15A-RTRMADP-3-IRAN-CRISIS-LEBANON-ISRAEL.jpg\" \/>\n<meta name=\"author\" content=\"sarmiento24h@gmail.com\" \/>\n<meta name=\"twitter:card\" content=\"summary_large_image\" \/>\n<meta name=\"twitter:creator\" content=\"@sarmiento24h\" \/>\n<meta name=\"twitter:site\" content=\"@sarmiento24h\" \/>\n<meta name=\"twitter:label1\" content=\"Escrito por\" \/>\n\t<meta name=\"twitter:data1\" content=\"sarmiento24h@gmail.com\" \/>\n\t<meta name=\"twitter:label2\" content=\"Tiempo de lectura\" \/>\n\t<meta name=\"twitter:data2\" content=\"4 minutos\" \/>\n<script type=\"application\/ld+json\" class=\"yoast-schema-graph\">{\"@context\":\"https:\\\/\\\/schema.org\",\"@graph\":[{\"@type\":\"Article\",\"@id\":\"https:\\\/\\\/sarmiento24h.com\\\/?p=412983#article\",\"isPartOf\":{\"@id\":\"https:\\\/\\\/sarmiento24h.com\\\/?p=412983\"},\"author\":{\"name\":\"sarmiento24h@gmail.com\",\"@id\":\"https:\\\/\\\/sarmiento24h.com\\\/#\\\/schema\\\/person\\\/d653a59725ad629a7e0429af7b939d4d\"},\"headline\":\"En directo: Israel afirma que desaloj\u00f3 a combatientes de Hezbol\u00e1 de t\u00faneles bajo estrat\u00e9gica cordillera libanesa\",\"datePublished\":\"2026-09-04T12:58:14+00:00\",\"mainEntityOfPage\":{\"@id\":\"https:\\\/\\\/sarmiento24h.com\\\/?p=412983\"},\"wordCount\":876,\"publisher\":{\"@id\":\"https:\\\/\\\/sarmiento24h.com\\\/#organization\"},\"image\":{\"@id\":\"https:\\\/\\\/sarmiento24h.com\\\/?p=412983#primaryimage\"},\"thumbnailUrl\":\"https:\\\/\\\/sarmiento24h.com\\\/wp-content\\\/uploads\\\/2026\\\/09\\\/en-directo-israel-afirma-que-desalojo-a-combatientes-de-hezbola-de-tuneles-bajo-estrategica-cordillera-libanesa.jpg\",\"articleSection\":[\"Internacionales\"],\"inLanguage\":\"es\"},{\"@type\":\"WebPage\",\"@id\":\"https:\\\/\\\/sarmiento24h.com\\\/?p=412983\",\"url\":\"https:\\\/\\\/sarmiento24h.com\\\/?p=412983\",\"name\":\"En directo: Israel afirma que desaloj\u00f3 a combatientes de Hezbol\u00e1 de t\u00faneles bajo estrat\u00e9gica cordillera libanesa - Sarmiento24h\",\"isPartOf\":{\"@id\":\"https:\\\/\\\/sarmiento24h.com\\\/#website\"},\"primaryImageOfPage\":{\"@id\":\"https:\\\/\\\/sarmiento24h.com\\\/?p=412983#primaryimage\"},\"image\":{\"@id\":\"https:\\\/\\\/sarmiento24h.com\\\/?p=412983#primaryimage\"},\"thumbnailUrl\":\"https:\\\/\\\/sarmiento24h.com\\\/wp-content\\\/uploads\\\/2026\\\/09\\\/en-directo-israel-afirma-que-desalojo-a-combatientes-de-hezbola-de-tuneles-bajo-estrategica-cordillera-libanesa.jpg\",\"datePublished\":\"2026-09-04T12:58:14+00:00\",\"breadcrumb\":{\"@id\":\"https:\\\/\\\/sarmiento24h.com\\\/?p=412983#breadcrumb\"},\"inLanguage\":\"es\",\"potentialAction\":[{\"@type\":\"ReadAction\",\"target\":[\"https:\\\/\\\/sarmiento24h.com\\\/?p=412983\"]}]},{\"@type\":\"ImageObject\",\"inLanguage\":\"es\",\"@id\":\"https:\\\/\\\/sarmiento24h.com\\\/?p=412983#primaryimage\",\"url\":\"https:\\\/\\\/sarmiento24h.com\\\/wp-content\\\/uploads\\\/2026\\\/09\\\/en-directo-israel-afirma-que-desalojo-a-combatientes-de-hezbola-de-tuneles-bajo-estrategica-cordillera-libanesa.jpg\",\"contentUrl\":\"https:\\\/\\\/sarmiento24h.com\\\/wp-content\\\/uploads\\\/2026\\\/09\\\/en-directo-israel-afirma-que-desalojo-a-combatientes-de-hezbola-de-tuneles-bajo-estrategica-cordillera-libanesa.jpg\",\"width\":1024,\"height\":576},{\"@type\":\"BreadcrumbList\",\"@id\":\"https:\\\/\\\/sarmiento24h.com\\\/?p=412983#breadcrumb\",\"itemListElement\":[{\"@type\":\"ListItem\",\"position\":1,\"name\":\"Home\",\"item\":\"https:\\\/\\\/sarmiento24h.com\\\/\"},{\"@type\":\"ListItem\",\"position\":2,\"name\":\"En directo: Israel afirma que desaloj\u00f3 a combatientes de Hezbol\u00e1 de t\u00faneles bajo estrat\u00e9gica cordillera libanesa\"}]},{\"@type\":\"WebSite\",\"@id\":\"https:\\\/\\\/sarmiento24h.com\\\/#website\",\"url\":\"https:\\\/\\\/sarmiento24h.com\\\/\",\"name\":\"Sarmiento24h\",\"description\":\"\",\"publisher\":{\"@id\":\"https:\\\/\\\/sarmiento24h.com\\\/#organization\"},\"potentialAction\":[{\"@type\":\"SearchAction\",\"target\":{\"@type\":\"EntryPoint\",\"urlTemplate\":\"https:\\\/\\\/sarmiento24h.com\\\/?s={search_term_string}\"},\"query-input\":{\"@type\":\"PropertyValueSpecification\",\"valueRequired\":true,\"valueName\":\"search_term_string\"}}],\"inLanguage\":\"es\"},{\"@type\":\"Organization\",\"@id\":\"https:\\\/\\\/sarmiento24h.com\\\/#organization\",\"name\":\"Sarmiento24h\",\"url\":\"https:\\\/\\\/sarmiento24h.com\\\/\",\"logo\":{\"@type\":\"ImageObject\",\"inLanguage\":\"es\",\"@id\":\"https:\\\/\\\/sarmiento24h.com\\\/#\\\/schema\\\/logo\\\/image\\\/\",\"url\":\"https:\\\/\\\/sarmiento24h.com\\\/wp-content\\\/uploads\\\/2025\\\/12\\\/AddText_12-16-10.30.52.jpg\",\"contentUrl\":\"https:\\\/\\\/sarmiento24h.com\\\/wp-content\\\/uploads\\\/2025\\\/12\\\/AddText_12-16-10.30.52.jpg\",\"width\":1220,\"height\":324,\"caption\":\"Sarmiento24h\"},\"image\":{\"@id\":\"https:\\\/\\\/sarmiento24h.com\\\/#\\\/schema\\\/logo\\\/image\\\/\"},\"sameAs\":[\"https:\\\/\\\/facebook.com\\\/s24hnoticias\",\"https:\\\/\\\/x.com\\\/sarmiento24h\"]},{\"@type\":\"Person\",\"@id\":\"https:\\\/\\\/sarmiento24h.com\\\/#\\\/schema\\\/person\\\/d653a59725ad629a7e0429af7b939d4d\",\"name\":\"sarmiento24h@gmail.com\",\"image\":{\"@type\":\"ImageObject\",\"inLanguage\":\"es\",\"@id\":\"https:\\\/\\\/sarmiento24h.com\\\/wp-content\\\/litespeed\\\/avatar\\\/d02cbc4e23c747e6659cd45907173c8f.jpg?ver=1788047690\",\"url\":\"https:\\\/\\\/sarmiento24h.com\\\/wp-content\\\/litespeed\\\/avatar\\\/d02cbc4e23c747e6659cd45907173c8f.jpg?ver=1788047690\",\"contentUrl\":\"https:\\\/\\\/sarmiento24h.com\\\/wp-content\\\/litespeed\\\/avatar\\\/d02cbc4e23c747e6659cd45907173c8f.jpg?ver=1788047690\",\"caption\":\"sarmiento24h@gmail.com\"},\"sameAs\":[\"https:\\\/\\\/sarmiento24h.com\"],\"url\":\"https:\\\/\\\/sarmiento24h.com\\\/?author=1\"}]}<\/script>\n<!-- \/ Yoast SEO plugin. -->","yoast_head_json":{"title":"En directo: Israel afirma que desaloj\u00f3 a combatientes de Hezbol\u00e1 de t\u00faneles bajo estrat\u00e9gica cordillera libanesa - Sarmiento24h","robots":{"index":"index","follow":"follow","max-snippet":"max-snippet:-1","max-image-preview":"max-image-preview:large","max-video-preview":"max-video-preview:-1"},"canonical":"https:\/\/sarmiento24h.com\/?p=412983","og_locale":"es_ES","og_type":"article","og_title":"En directo: Israel afirma que desaloj\u00f3 a combatientes de Hezbol\u00e1 de t\u00faneles bajo estrat\u00e9gica cordillera libanesa - Sarmiento24h","og_description":"Portada Medio Oriente En Directo Medio Oriente&#46;&#46;&#46;","og_url":"https:\/\/sarmiento24h.com\/?p=412983","og_site_name":"Sarmiento24h","article_publisher":"https:\/\/facebook.com\/s24hnoticias","article_published_time":"2026-09-04T12:58:14+00:00","og_image":[{"url":"https:\/\/s.france24.com\/media\/display\/e33854ca-a85b-11f1-93d1-005056a90284\/w:1024\/p:16x9\/2026-08-21T130746Z-855523697-RC2Y2NAYG15A-RTRMADP-3-IRAN-CRISIS-LEBANON-ISRAEL.jpg","type":"","width":"","height":""}],"author":"sarmiento24h@gmail.com","twitter_card":"summary_large_image","twitter_creator":"@sarmiento24h","twitter_site":"@sarmiento24h","twitter_misc":{"Escrito por":"sarmiento24h@gmail.com","Tiempo de lectura":"4 minutos"},"schema":{"@context":"https:\/\/schema.org","@graph":[{"@type":"Article","@id":"https:\/\/sarmiento24h.com\/?p=412983#article","isPartOf":{"@id":"https:\/\/sarmiento24h.com\/?p=412983"},"author":{"name":"sarmiento24h@gmail.com","@id":"https:\/\/sarmiento24h.com\/#\/schema\/person\/d653a59725ad629a7e0429af7b939d4d"},"headline":"En directo: Israel afirma que desaloj\u00f3 a combatientes de Hezbol\u00e1 de t\u00faneles bajo estrat\u00e9gica cordillera libanesa","datePublished":"2026-09-04T12:58:14+00:00","mainEntityOfPage":{"@id":"https:\/\/sarmiento24h.com\/?p=412983"},"wordCount":876,"publisher":{"@id":"https:\/\/sarmiento24h.com\/#organization"},"image":{"@id":"https:\/\/sarmiento24h.com\/?p=412983#primaryimage"},"thumbnailUrl":"https:\/\/sarmiento24h.com\/wp-content\/uploads\/2026\/09\/en-directo-israel-afirma-que-desalojo-a-combatientes-de-hezbola-de-tuneles-bajo-estrategica-cordillera-libanesa.jpg","articleSection":["Internacionales"],"inLanguage":"es"},{"@type":"WebPage","@id":"https:\/\/sarmiento24h.com\/?p=412983","url":"https:\/\/sarmiento24h.com\/?p=412983","name":"En directo: Israel afirma que desaloj\u00f3 a combatientes de Hezbol\u00e1 de t\u00faneles bajo estrat\u00e9gica cordillera libanesa - Sarmiento24h","isPartOf":{"@id":"https:\/\/sarmiento24h.com\/#website"},"primaryImageOfPage":{"@id":"https:\/\/sarmiento24h.com\/?p=412983#primaryimage"},"image":{"@id":"https:\/\/sarmiento24h.com\/?p=412983#primaryimage"},"thumbnailUrl":"https:\/\/sarmiento24h.com\/wp-content\/uploads\/2026\/09\/en-directo-israel-afirma-que-desalojo-a-combatientes-de-hezbola-de-tuneles-bajo-estrategica-cordillera-libanesa.jpg","datePublished":"2026-09-04T12:58:14+00:00","breadcrumb":{"@id":"https:\/\/sarmiento24h.com\/?p=412983#breadcrumb"},"inLanguage":"es","potentialAction":[{"@type":"ReadAction","target":["https:\/\/sarmiento24h.com\/?p=412983"]}]},{"@type":"ImageObject","inLanguage":"es","@id":"https:\/\/sarmiento24h.com\/?p=412983#primaryimage","url":"https:\/\/sarmiento24h.com\/wp-content\/uploads\/2026\/09\/en-directo-israel-afirma-que-desalojo-a-combatientes-de-hezbola-de-tuneles-bajo-estrategica-cordillera-libanesa.jpg","contentUrl":"https:\/\/sarmiento24h.com\/wp-content\/uploads\/2026\/09\/en-directo-israel-afirma-que-desalojo-a-combatientes-de-hezbola-de-tuneles-bajo-estrategica-cordillera-libanesa.jpg","width":1024,"height":576},{"@type":"BreadcrumbList","@id":"https:\/\/sarmiento24h.com\/?p=412983#breadcrumb","itemListElement":[{"@type":"ListItem","position":1,"name":"Home","item":"https:\/\/sarmiento24h.com\/"},{"@type":"ListItem","position":2,"name":"En directo: Israel afirma que desaloj\u00f3 a combatientes de Hezbol\u00e1 de t\u00faneles bajo estrat\u00e9gica cordillera libanesa"}]},{"@type":"WebSite","@id":"https:\/\/sarmiento24h.com\/#website","url":"https:\/\/sarmiento24h.com\/","name":"Sarmiento24h","description":"","publisher":{"@id":"https:\/\/sarmiento24h.com\/#organization"},"potentialAction":[{"@type":"SearchAction","target":{"@type":"EntryPoint","urlTemplate":"https:\/\/sarmiento24h.com\/?s={search_term_string}"},"query-input":{"@type":"PropertyValueSpecification","valueRequired":true,"valueName":"search_term_string"}}],"inLanguage":"es"},{"@type":"Organization","@id":"https:\/\/sarmiento24h.com\/#organization","name":"Sarmiento24h","url":"https:\/\/sarmiento24h.com\/","logo":{"@type":"ImageObject","inLanguage":"es","@id":"https:\/\/sarmiento24h.com\/#\/schema\/logo\/image\/","url":"https:\/\/sarmiento24h.com\/wp-content\/uploads\/2025\/12\/AddText_12-16-10.30.52.jpg","contentUrl":"https:\/\/sarmiento24h.com\/wp-content\/uploads\/2025\/12\/AddText_12-16-10.30.52.jpg","width":1220,"height":324,"caption":"Sarmiento24h"},"image":{"@id":"https:\/\/sarmiento24h.com\/#\/schema\/logo\/image\/"},"sameAs":["https:\/\/facebook.com\/s24hnoticias","https:\/\/x.com\/sarmiento24h"]},{"@type":"Person","@id":"https:\/\/sarmiento24h.com\/#\/schema\/person\/d653a59725ad629a7e0429af7b939d4d","name":"sarmiento24h@gmail.com","image":{"@type":"ImageObject","inLanguage":"es","@id":"https:\/\/sarmiento24h.com\/wp-content\/litespeed\/avatar\/d02cbc4e23c747e6659cd45907173c8f.jpg?ver=1788047690","url":"https:\/\/sarmiento24h.com\/wp-content\/litespeed\/avatar\/d02cbc4e23c747e6659cd45907173c8f.jpg?ver=1788047690","contentUrl":"https:\/\/sarmiento24h.com\/wp-content\/litespeed\/avatar\/d02cbc4e23c747e6659cd45907173c8f.jpg?ver=1788047690","caption":"sarmiento24h@gmail.com"},"sameAs":["https:\/\/sarmiento24h.com"],"url":"https:\/\/sarmiento24h.com\/?author=1"}]}},"jetpack_publicize_connections":[],"jetpack_featured_media_url":"https:\/\/sarmiento24h.com\/wp-content\/uploads\/2026\/09\/en-directo-israel-afirma-que-desalojo-a-combatientes-de-hezbola-de-tuneles-bajo-estrategica-cordillera-libanesa.jpg","jetpack_sharing_enabled":true,"_links":{"self":[{"href":"https:\/\/sarmiento24h.com\/index.php?rest_route=\/wp\/v2\/posts\/412983","targetHints":{"allow":["GET"]}}],"collection":[{"href":"https:\/\/sarmiento24h.com\/index.php?rest_route=\/wp\/v2\/posts"}],"about":[{"href":"https:\/\/sarmiento24h.com\/index.php?rest_route=\/wp\/v2\/types\/post"}],"author":[{"embeddable":true,"href":"https:\/\/sarmiento24h.com\/index.php?rest_route=\/wp\/v2\/users\/1"}],"replies":[{"embeddable":true,"href":"https:\/\/sarmiento24h.com\/index.php?rest_route=%2Fwp%2Fv2%2Fcomments&post=412983"}],"version-history":[{"count":0,"href":"https:\/\/sarmiento24h.com\/index.php?rest_route=\/wp\/v2\/posts\/412983\/revisions"}],"wp:featuredmedia":[{"embeddable":true,"href":"https:\/\/sarmiento24h.com\/index.php?rest_route=\/wp\/v2\/media\/412984"}],"wp:attachment":[{"href":"https:\/\/sarmiento24h.com\/index.php?rest_route=%2Fwp%2Fv2%2Fmedia&parent=412983"}],"wp:term":[{"taxonomy":"category","embeddable":true,"href":"https:\/\/sarmiento24h.com\/index.php?rest_route=%2Fwp%2Fv2%2Fcategories&post=412983"},{"taxonomy":"post_tag","embeddable":true,"href":"https:\/\/sarmiento24h.com\/index.php?rest_route=%2Fwp%2Fv2%2Ftags&post=412983"}],"curies":[{"name":"wp","href":"https:\/\/api.w.org\/{rel}","templated":true}]}}